{"id":204764,"date":"2020-06-26T10:00:00","date_gmt":"2020-06-26T13:00:00","guid":{"rendered":"https:\/\/www.estrategiaconcursos.com.br\/blog\/?p=204764"},"modified":"2020-12-08T10:51:53","modified_gmt":"2020-12-08T13:51:53","slug":"concurso-colegio-naval","status":"publish","type":"post","link":"https:\/\/www.estrategiaconcursos.com.br\/blog\/concurso-colegio-naval\/","title":{"rendered":"Concurso Col\u00e9gio Naval:  edital sofre retifica\u00e7\u00e3o importante! Confira aqui!"},"content":{"rendered":"\n<p>Foi publicado no Di\u00e1rio Oficial recentemente, uma retifica\u00e7\u00e3o do edital do concurso para admiss\u00e3o ao Col\u00e9gio Naval Marinha.<\/p>\n\n\n\n<p>A mudan\u00e7a \u00e9 referente ao quantitativo de vagas ofertadas no certame. Agora, ser\u00e3o&nbsp;<strong>129 vagas, sendo 26 reservadas<\/strong>&nbsp;<strong>aos candidatos negros.<\/strong><\/p>\n\n\n\n<h2 class=\"wp-block-heading\">Principais datas do concurso Col\u00e9gio Naval<\/h2>\n\n\n\n<p>O n\u00famero de vagas do<strong> <a href=\"https:\/\/blog.estrategiamilitares.com.br\/guias\/marinha\/concurso-colegio-naval\/\" target=\"_blank\" rel=\"noreferrer noopener\">concurso Col\u00e9gio Naval<\/a><\/strong> foi alterado por\u00a0retifica\u00e7\u00e3o publicada no Di\u00e1rio Oficial da Uni\u00e3o. Antes seriam ofertadas 143 vagas. Agora, ap\u00f3s altera\u00e7\u00e3o no edital, s\u00e3o\u00a0<strong>129 vagas<\/strong>, <strong>sendo 26 reservadas<\/strong>\u00a0<strong>aos candidatos negros.<\/strong><\/p>\n\n\n\n<h2 class=\"wp-block-heading\">Cargos, vagas e remunera\u00e7\u00e3o concurso Col\u00e9gio Naval<\/h2>\n\n\n\n<p>O concurso oferta vagas para o curso do Col\u00e9gio Naval. Ser\u00e3o&nbsp;<strong>129 vagas<\/strong>&nbsp;para preparar o aluno para ingresso na Escola Naval. Os aprovados ser\u00e3o lotados em Angra dos Reis, no Rio de Janeiro.<\/p>\n\n\n\n<p>Os alunos do Col\u00e9gio Naval ter\u00e3o remunera\u00e7\u00e3o inicial de&nbsp;<strong>R$1.398,30<\/strong>, que s\u00e3o divididos da seguinte forma:<\/p>\n\n\n\n<ul class=\"wp-block-list\"><li><em>R$1.185,00 de soldo militar<\/em><\/li><li><em>R$154,05 de adicional militar<\/em><\/li><li><em>R$59,25 de adicional de compensa\u00e7\u00e3o por disponibilidade militar<\/em><\/li><\/ul>\n\n\n\n<p>Al\u00e9m do vencimento b\u00e1sico, os candidatos tamb\u00e9m far\u00e3o jus a benef\u00edcios como alimenta\u00e7\u00e3o, uniforme, assist\u00eancia m\u00e9dio-odontol\u00f3gica, psicol\u00f3gica social e religiosa.<\/p>\n\n\n\n<h2 class=\"wp-block-heading\">Etapas do concurso<\/h2>\n\n\n\n<p>O Concurso \u00e9 constitu\u00eddo das seguintes etapas:<\/p>\n\n\n\n<ol class=\"wp-block-list\"><li>Prova Escrita Objetiva de Matem\u00e1tica e Ingl\u00eas;<\/li><li>Prova Escrita Objetiva de Estudos Sociais, Ci\u00eancias e Portugu\u00eas;<\/li><li>Reda\u00e7\u00e3o; <\/li><li>Teste de Aptid\u00e3o F\u00edsica<\/li><\/ol>\n\n\n\n<p>As&nbsp;<strong>provas escritas objetivas<\/strong>&nbsp;e a reda\u00e7\u00e3o ter\u00e3o car\u00e1ter eliminat\u00f3rio e classificat\u00f3rio, os Eventos Complementares ter\u00e3o car\u00e1ter eliminat\u00f3rio.<\/p>\n\n\n\n<p>As provas ser\u00e3o realizadas em dois dias subsequentes. No primeiro dia ser\u00e1 aplicada uma prova objetiva das disciplinas de Matem\u00e1tica e Ingl\u00eas, que ter\u00e1 dura\u00e7\u00e3o de 5 horas e ser\u00e1 constitu\u00edda de 40 quest\u00f5es, sendo:<\/p>\n\n\n\n<ul class=\"wp-block-list\"><li>Matem\u00e1tica (20)<\/li><li>Ingl\u00eas (20)<\/li><\/ul>\n\n\n\n<p>No segundo dia ser\u00e3o aplicadas uma prova objetiva das disciplinas de Portugu\u00eas, Estudos Sociais e Ci\u00eancias e uma Reda\u00e7\u00e3o, com dura\u00e7\u00e3o total de 4 horas. A prova objetiva ser\u00e1 constitu\u00edda de 50 quest\u00f5es, sendo:<\/p>\n\n\n\n<ul class=\"wp-block-list\"><li>Portugu\u00eas (20)<\/li><li>Estudos Sociais (12)<\/li><li>Ci\u00eancias (18)<\/li><\/ul>\n\n\n\n<h2 class=\"wp-block-heading\">Sobre o Col\u00e9gio Naval<\/h2>\n\n\n\n<p>O Col\u00e9gio Naval trata-se de um curso de ensino m\u00e9dio que almeja preparar o aluno para o Curso de Gradua\u00e7\u00e3o da Escola Naval, ministrado no Col\u00e9gio Naval sediado em Angra dos Reis, no Estado do Rio de Janeiro.<\/p>\n\n\n\n<p>O curso \u00e9 totalmente gratuito al\u00e9m de ser proporcionado ao aluno alimenta\u00e7\u00e3o, uniforme, vencimentos e assist\u00eancia m\u00e9dico-odontol\u00f3gica\/m\u00e9dico-hospitalar, psicol\u00f3gica, social e religiosa.<\/p>\n\n\n\n<p>O curr\u00edculo das disciplinas desse ensino s\u00e3o: Matem\u00e1tica, L\u00edngua Portuguesa, L\u00edngua Inglesa, L\u00edngua Espanhola, F\u00edsica, Hist\u00f3ria, Geografia, Qu\u00edmica, Biologia, Filosofia, Sociologia, Inform\u00e1tica e Ensino Militar-Naval (Instru\u00e7\u00e3o Militar-Naval e Educa\u00e7\u00e3o F\u00edsica).<\/p>\n\n\n\n<h2 class=\"wp-block-heading\">Quem pode concorrer?<\/h2>\n\n\n\n<p>Para concorrer ao curso o candidato deve ter 15 anos completos e menos de 18 anos de idade, no primeiro dia do m\u00eas de janeiro de 2020, al\u00e9m de ter conclu\u00eddo o nono ano do ensino fundamental at\u00e9 a convoca\u00e7\u00e3o.<\/p>\n\n\n\n<p>Dentre outras coisas:<\/p>\n\n\n\n<ul class=\"wp-block-list\"><li>Ter altura m\u00ednima \u00e9 de 1,54m e m\u00e1xima de 1,95m;<\/li><li>Ter o \u00cdndice de Massa Corporal (IMC) compreendido entre 18 e 30;<\/li><li>Ter autoriza\u00e7\u00e3o do respons\u00e1vel legal para incorpora\u00e7\u00e3o \u00e0 Marinha;<\/li><li>Possuir CPF.<\/li><\/ul>\n\n\n\n<p><strong>Inspe\u00e7\u00e3o de Sa\u00fade<\/strong>:&nbsp;nessa etapa o candidato dever\u00e1 comparecer ao local previsto para a sele\u00e7\u00e3o psicof\u00edsica, portando o comprovante de inscri\u00e7\u00e3o, documento de identidade com fotografia na qual possa ser reconhecido, assinatura e no prazo de validade e os exames requeridos no edital.<\/p>\n\n\n\n<p><strong>Teste de aptid\u00e3o F\u00edsica (TAF)<\/strong>:<\/p>\n\n\n\n<ul class=\"wp-block-list\"><li>Nata\u00e7\u00e3o (25 metros no tempo m\u00e1ximo de 50 segundos);<\/li><li>Corrida (2.400 metros no tempo m\u00e1ximo de 16 minutos).<\/li><\/ul>\n\n\n\n<p>Avalia\u00e7\u00e3o Psicol\u00f3gica:&nbsp;ir\u00e1 avaliar os aspectos de intelectivo e personal\u00f3gico.<\/p>\n\n\n\n<h2 class=\"wp-block-heading\">Locais de realiza\u00e7\u00e3o das provas<\/h2>\n\n\n\n<p>Rio de Janeiro \/ RJ,&nbsp;S\u00e3o Pedro da Aldeia \/ RJ,&nbsp;Angra dos Reis \/ RJ,&nbsp;Vila Velha \/ ES,&nbsp;Salvador \/ BA, Natal \/ RN,&nbsp;Olinda \/ PE,&nbsp;Fortaleza \/ CE,&nbsp;Bel\u00e9m \/ PA,&nbsp;Amap\u00e1\/AP,&nbsp;Piau\u00ed \/ PI,&nbsp;Santar\u00e9m \/ PA,&nbsp;S\u00e3o Lu\u00eds \/ MA,&nbsp;Rio Grande \/ RS,&nbsp;Santa Maria \/RS,&nbsp;Curitiba \/ PR,&nbsp;Porto Alegre \/ RS,&nbsp;Florian\u00f3polis \/ SC,&nbsp;Lad\u00e1rio \/ MS,&nbsp;Cuiab\u00e1 \/ MT,&nbsp;Bras\u00edlia \/ DF,&nbsp;S\u00e3o Paulo \/ SP,&nbsp;Manaus \/ AM.<br \/><\/p>\n\n\n\n<p class=\"has-text-align-center has-very-light-gray-background-color has-background\" style=\"font-size:clamp(16.293px, 1.018rem + ((1vw - 3.2px) * 0.854), 25px);px\"><a href=\"https:\/\/www.estrategiaconcursos.com.br\/cursosPorConcurso\/colegio-naval\/\">CURSOS COL\u00c9GIO NAVAL<\/a><\/p>\n\n\n\n<p class=\"has-text-align-center has-medium-font-size\"><em><strong>Assinatura Anual Ilimitada*<\/strong><\/em><\/p>\n\n\n\n<p class=\"has-text-align-center\"><em>Prepare-se com o melhor material e com quem mais aprova em Concursos P\u00fablicos em todo o pa\u00eds. Assine agora a nossa Assinatura Anual e tenha acesso ilimitado* a todos os nossos cursos.<\/em><\/p>\n\n\n\n<p class=\"has-text-align-center has-light-green-cyan-background-color has-background\" style=\"font-size:clamp(14.642px, 0.915rem + ((1vw - 3.2px) * 0.721), 22px);px\"><strong>ASSINE AGORA&nbsp;\u2013&nbsp;<a rel=\"noreferrer noopener\" href=\"https:\/\/www.estrategiaconcursos.com.br\/assinaturas\" target=\"_blank\">Assinatura Ilimitada<\/a><\/strong><\/p>\n\n\n\n<p class=\"has-text-align-center has-medium-font-size\"><strong><em><strong>Sistema de Quest\u00f5es<\/strong><\/em><\/strong><\/p>\n\n\n\n<p class=\"has-text-align-center\"><em>Estrat\u00e9gia Quest\u00f5es nasceu maior do que todos os concorrentes, com mais quest\u00f5es cadastradas e mais solu\u00e7\u00f5es por professores. Clique no link e aproveite os descontos e b\u00f4nus imperd\u00edveis!<\/em><\/p>\n\n\n\n<p class=\"has-text-align-center has-vivid-green-cyan-background-color has-background\" style=\"font-size:clamp(14.642px, 0.915rem + ((1vw - 3.2px) * 0.721), 22px);px\"><strong>ASSINE AGORA \u2013&nbsp;<a href=\"https:\/\/questoes.estrategiaconcursos.com.br\/\" target=\"_blank\" rel=\"noreferrer noopener\">Sistema de Quest\u00f5es<\/a><\/strong><\/p>\n\n\n\n<p class=\"has-text-align-center has-medium-font-size\"><strong><em>Fique por dentro de todos os concursos<\/em><\/strong><\/p>\n\n\n\n<div class=\"wp-block-image\"><figure class=\"aligncenter size-large is-resized\"><img loading=\"lazy\" decoding=\"async\" src=\"https:\/\/dhg1h5j42swfq.cloudfront.net\/2019\/08\/22174339\/Coruja-ESCLARECIMENTO.png\" alt=\"Concursos Previstos Minas Gerais\" class=\"wp-image-412284\" width=\"88\" height=\"62\" srcset=\"https:\/\/dhg1h5j42swfq.cloudfront.net\/2019\/08\/22174339\/Coruja-ESCLARECIMENTO.png 3508w, https:\/\/dhg1h5j42swfq.cloudfront.net\/2019\/08\/22174339\/Coruja-ESCLARECIMENTO.png 300w, https:\/\/dhg1h5j42swfq.cloudfront.net\/2019\/08\/22174339\/Coruja-ESCLARECIMENTO.png 768w, https:\/\/dhg1h5j42swfq.cloudfront.net\/2019\/08\/22174339\/Coruja-ESCLARECIMENTO.png 1024w, https:\/\/dhg1h5j42swfq.cloudfront.net\/2019\/08\/22174339\/Coruja-ESCLARECIMENTO.png 610w\" sizes=\"auto, (max-width: 88px) 100vw, 88px\" \/><\/figure><\/div>\n\n\n\n<p class=\"has-text-align-center has-pale-cyan-blue-background-color has-background\" style=\"font-size:clamp(14.642px, 0.915rem + ((1vw - 3.2px) * 0.721), 22px);px\"><a rel=\"noreferrer noopener\" href=\"https:\/\/www.estrategiaconcursos.com.br\/blog\/concursos-abertos\/\" target=\"_blank\"><strong>CONCURSOS ABERTOS<\/strong><\/a><\/p>\n\n\n\n<p class=\"has-text-align-center has-pale-cyan-blue-background-color has-background\" style=\"font-size:clamp(14.642px, 0.915rem + ((1vw - 3.2px) * 0.721), 22px);px\"><a rel=\"noreferrer noopener\" href=\"https:\/\/www.estrategiaconcursos.com.br\/blog\/concursos-2020\/\" target=\"_blank\"><strong>CONCURSOS&nbsp;2020<\/strong><\/a><\/p>\n\n\n\n<p class=\"has-text-align-center has-pale-cyan-blue-background-color has-background\" style=\"font-size:clamp(14.642px, 0.915rem + ((1vw - 3.2px) * 0.721), 22px);px\"><a rel=\"noreferrer noopener\" href=\"https:\/\/www.estrategiaconcursos.com.br\/blog\/concursos-2021\/\" target=\"_blank\"><strong>CONCURSOS 2021<\/strong><\/a><\/p>\n\n\n\n<figure class=\"wp-block-image\"><img loading=\"lazy\" decoding=\"async\" width=\"300\" height=\"102\" src=\"https:\/\/dhg1h5j42swfq.cloudfront.net\/2017\/03\/28152500\/coruja-ficha-tecnica-300x102.png\" alt=\"Ficha T\u00e9cnica Edital Col\u00e9gio Naval\" class=\"wp-image-68542\"\/><\/figure>\n\n\n\n<p><strong>\u25baInforma\u00e7\u00f5es sobre o Concurso Col\u00e9gio Naval<\/strong><\/p>\n\n\n\n<p>\u25ba<strong>Data prevista da prova<\/strong>: SUSPENSA<br \/>\u25ba<strong>Vagas<\/strong>: 129<br \/>\u25ba<strong>Banca<\/strong>: Servi\u00e7o de Sele\u00e7\u00e3o de Pessoal da Marinha (SSPM) <br \/>\u25ba<strong>Escolaridade<\/strong>: N\u00edvel fundamental<\/p>\n\n\n\n<p><br \/><em>Ascom Estrat\u00e9gia<\/em><br \/>ascomestrategia@gmail.com<\/p>\n","protected":false},"excerpt":{"rendered":"<p>Foi publicado no Di\u00e1rio Oficial recentemente, uma retifica\u00e7\u00e3o do edital do concurso para admiss\u00e3o ao Col\u00e9gio Naval Marinha. A mudan\u00e7a \u00e9 referente ao quantitativo de vagas ofertadas no certame. Agora, ser\u00e3o&nbsp;129 vagas, sendo 26 reservadas&nbsp;aos candidatos negros. Principais datas do concurso Col\u00e9gio Naval O n\u00famero de vagas do concurso Col\u00e9gio Naval foi alterado por\u00a0retifica\u00e7\u00e3o publicada [&hellip;]<\/p>\n","protected":false},"author":1,"featured_media":122542,"comment_status":"open","ping_status":"closed","sticky":false,"template":"","format":"standard","meta":{"post_tipo":"news","footnotes":""},"categories":[1,6741],"tags":[],"tax_estado":[],"class_list":["post-204764","post","type-post","status-publish","format-standard","has-post-thumbnail","hentry","category-cursos-e-concursos","category-forcas-armadas-oficiais"],"acf":[],"yoast_head":"<!-- This site is optimized with the Yoast SEO Premium plugin v27.2 (Yoast SEO v27.2) - https:\/\/yoast.com\/product\/yoast-seo-premium-wordpress\/ -->\n<title>Concurso Col\u00e9gio Naval: edital sofre retifica\u00e7\u00e3o importante! Confira aqui!<\/title>\n<meta name=\"description\" content=\"Concurso Col\u00e9gio Naval : Foi publicado no Di\u00e1rio Oficial recentemente, uma retifica\u00e7\u00e3o do edital do concurso para admiss\u00e3o ao Col\u00e9gio Naval Marinha.\" \/>\n<meta name=\"robots\" content=\"index, follow, max-snippet:-1, max-image-preview:large, max-video-preview:-1\" \/>\n<link rel=\"canonical\" href=\"https:\/\/www.estrategiaconcursos.com.br\/blog\/concurso-colegio-naval\/\" \/>\n<meta property=\"og:locale\" content=\"pt_BR\" \/>\n<meta property=\"og:type\" content=\"article\" \/>\n<meta property=\"og:title\" content=\"Concurso Col\u00e9gio Naval: edital sofre retifica\u00e7\u00e3o importante! Confira aqui!\" \/>\n<meta property=\"og:description\" content=\"Concurso Col\u00e9gio Naval : Foi publicado no Di\u00e1rio Oficial recentemente, uma retifica\u00e7\u00e3o do edital do concurso para admiss\u00e3o ao Col\u00e9gio Naval Marinha.\" \/>\n<meta property=\"og:url\" content=\"https:\/\/www.estrategiaconcursos.com.br\/blog\/concurso-colegio-naval\/\" \/>\n<meta property=\"og:site_name\" content=\"Estrat\u00e9gia Concursos\" \/>\n<meta property=\"article:author\" content=\"https:\/\/www.facebook.com\/EstrategiaConcursos\" \/>\n<meta property=\"article:published_time\" content=\"2020-06-26T13:00:00+00:00\" \/>\n<meta property=\"article:modified_time\" content=\"2020-12-08T13:51:53+00:00\" \/>\n<meta property=\"og:image\" content=\"https:\/\/dhg1h5j42swfq.cloudfront.net\/2018\/04\/24094548\/colegio-naval.jpg\" \/>\n\t<meta property=\"og:image:width\" content=\"1200\" \/>\n\t<meta property=\"og:image:height\" content=\"628\" \/>\n\t<meta property=\"og:image:type\" content=\"image\/jpeg\" \/>\n<meta name=\"author\" content=\"Coordena\u00e7\u00e3o\" \/>\n<meta name=\"twitter:card\" content=\"summary_large_image\" \/>\n<meta name=\"twitter:creator\" content=\"@EstratConcursos\" \/>\n<meta name=\"twitter:site\" content=\"@EstratConcursos\" \/>\n<meta name=\"twitter:label1\" content=\"Escrito por\" \/>\n\t<meta name=\"twitter:data1\" content=\"Coordena\u00e7\u00e3o\" \/>\n\t<meta name=\"twitter:label2\" content=\"Est. tempo de leitura\" \/>\n\t<meta name=\"twitter:data2\" content=\"4 minutos\" \/>\n<script type=\"application\/ld+json\" class=\"yoast-schema-graph\">{\"@context\":\"https:\/\/schema.org\",\"@graph\":[{\"@type\":\"NewsArticle\",\"@id\":\"https:\/\/www.estrategiaconcursos.com.br\/blog\/concurso-colegio-naval\/#article\",\"isPartOf\":{\"@id\":\"https:\/\/www.estrategiaconcursos.com.br\/blog\/concurso-colegio-naval\/\"},\"author\":{\"name\":\"Coordena\u00e7\u00e3o\",\"@id\":\"https:\/\/www.estrategiaconcursos.com.br\/blog\/#\/schema\/person\/b4a388c97673c5f483d72185668afa1f\"},\"headline\":\"Concurso Col\u00e9gio Naval: edital sofre retifica\u00e7\u00e3o importante! Confira aqui!\",\"datePublished\":\"2020-06-26T13:00:00+00:00\",\"dateModified\":\"2020-12-08T13:51:53+00:00\",\"mainEntityOfPage\":{\"@id\":\"https:\/\/www.estrategiaconcursos.com.br\/blog\/concurso-colegio-naval\/\"},\"wordCount\":893,\"commentCount\":10,\"publisher\":{\"@id\":\"https:\/\/www.estrategiaconcursos.com.br\/blog\/#organization\"},\"image\":{\"@id\":\"https:\/\/www.estrategiaconcursos.com.br\/blog\/concurso-colegio-naval\/#primaryimage\"},\"thumbnailUrl\":\"https:\/\/dhg1h5j42swfq.cloudfront.net\/2018\/04\/24094548\/colegio-naval.jpg\",\"articleSection\":[\"Concursos P\u00fablicos\",\"For\u00e7as Armadas (Oficiais)\"],\"inLanguage\":\"pt-BR\",\"potentialAction\":[{\"@type\":\"CommentAction\",\"name\":\"Comment\",\"target\":[\"https:\/\/www.estrategiaconcursos.com.br\/blog\/concurso-colegio-naval\/#respond\"]}],\"copyrightYear\":\"2020\",\"copyrightHolder\":{\"@id\":\"https:\/\/www.estrategiaconcursos.com.br\/blog\/#organization\"}},{\"@type\":\"WebPage\",\"@id\":\"https:\/\/www.estrategiaconcursos.com.br\/blog\/concurso-colegio-naval\/\",\"url\":\"https:\/\/www.estrategiaconcursos.com.br\/blog\/concurso-colegio-naval\/\",\"name\":\"Concurso Col\u00e9gio Naval: edital sofre retifica\u00e7\u00e3o importante! Confira aqui!\",\"isPartOf\":{\"@id\":\"https:\/\/www.estrategiaconcursos.com.br\/blog\/#website\"},\"primaryImageOfPage\":{\"@id\":\"https:\/\/www.estrategiaconcursos.com.br\/blog\/concurso-colegio-naval\/#primaryimage\"},\"image\":{\"@id\":\"https:\/\/www.estrategiaconcursos.com.br\/blog\/concurso-colegio-naval\/#primaryimage\"},\"thumbnailUrl\":\"https:\/\/dhg1h5j42swfq.cloudfront.net\/2018\/04\/24094548\/colegio-naval.jpg\",\"datePublished\":\"2020-06-26T13:00:00+00:00\",\"dateModified\":\"2020-12-08T13:51:53+00:00\",\"description\":\"Concurso Col\u00e9gio Naval : Foi publicado no Di\u00e1rio Oficial recentemente, uma retifica\u00e7\u00e3o do edital do concurso para admiss\u00e3o ao Col\u00e9gio Naval Marinha.\",\"breadcrumb\":{\"@id\":\"https:\/\/www.estrategiaconcursos.com.br\/blog\/concurso-colegio-naval\/#breadcrumb\"},\"inLanguage\":\"pt-BR\",\"potentialAction\":[{\"@type\":\"ReadAction\",\"target\":[\"https:\/\/www.estrategiaconcursos.com.br\/blog\/concurso-colegio-naval\/\"]}]},{\"@type\":\"ImageObject\",\"inLanguage\":\"pt-BR\",\"@id\":\"https:\/\/www.estrategiaconcursos.com.br\/blog\/concurso-colegio-naval\/#primaryimage\",\"url\":\"https:\/\/dhg1h5j42swfq.cloudfront.net\/2018\/04\/24094548\/colegio-naval.jpg\",\"contentUrl\":\"https:\/\/dhg1h5j42swfq.cloudfront.net\/2018\/04\/24094548\/colegio-naval.jpg\",\"width\":1200,\"height\":628,\"caption\":\"concurso col\u00e9gio naval\"},{\"@type\":\"BreadcrumbList\",\"@id\":\"https:\/\/www.estrategiaconcursos.com.br\/blog\/concurso-colegio-naval\/#breadcrumb\",\"itemListElement\":[{\"@type\":\"ListItem\",\"position\":1,\"name\":\"In\u00edcio\",\"item\":\"https:\/\/www.estrategiaconcursos.com.br\/blog\/\"},{\"@type\":\"ListItem\",\"position\":2,\"name\":\"Concurso Col\u00e9gio Naval: edital sofre retifica\u00e7\u00e3o importante! Confira aqui!\"}]},{\"@type\":\"WebSite\",\"@id\":\"https:\/\/www.estrategiaconcursos.com.br\/blog\/#website\",\"url\":\"https:\/\/www.estrategiaconcursos.com.br\/blog\/\",\"name\":\"Estrat\u00e9gia Concursos\",\"description\":\"O blog da Estrat\u00e9gia Concursos traz not\u00edcias sobre concursos e artigos de professores oferecendo cursos para concursos (pdf + videaulas) no site.\",\"publisher\":{\"@id\":\"https:\/\/www.estrategiaconcursos.com.br\/blog\/#organization\"},\"potentialAction\":[{\"@type\":\"SearchAction\",\"target\":{\"@type\":\"EntryPoint\",\"urlTemplate\":\"https:\/\/www.estrategiaconcursos.com.br\/blog\/?s={search_term_string}\"},\"query-input\":{\"@type\":\"PropertyValueSpecification\",\"valueRequired\":true,\"valueName\":\"search_term_string\"}}],\"inLanguage\":\"pt-BR\"},{\"@type\":\"Organization\",\"@id\":\"https:\/\/www.estrategiaconcursos.com.br\/blog\/#organization\",\"name\":\"Estrat\u00e9gia Concursos\",\"url\":\"https:\/\/www.estrategiaconcursos.com.br\/blog\/\",\"logo\":{\"@type\":\"ImageObject\",\"inLanguage\":\"pt-BR\",\"@id\":\"https:\/\/www.estrategiaconcursos.com.br\/blog\/#\/schema\/logo\/image\/\",\"url\":\"https:\/\/dhg1h5j42swfq.cloudfront.net\/2025\/06\/03203428\/logo_concursos-1.jpg\",\"contentUrl\":\"https:\/\/dhg1h5j42swfq.cloudfront.net\/2025\/06\/03203428\/logo_concursos-1.jpg\",\"width\":230,\"height\":60,\"caption\":\"Estrat\u00e9gia Concursos\"},\"image\":{\"@id\":\"https:\/\/www.estrategiaconcursos.com.br\/blog\/#\/schema\/logo\/image\/\"},\"sameAs\":[\"https:\/\/x.com\/EstratConcursos\"]},{\"@type\":\"Person\",\"@id\":\"https:\/\/www.estrategiaconcursos.com.br\/blog\/#\/schema\/person\/b4a388c97673c5f483d72185668afa1f\",\"name\":\"Coordena\u00e7\u00e3o\",\"image\":{\"@type\":\"ImageObject\",\"inLanguage\":\"pt-BR\",\"@id\":\"https:\/\/secure.gravatar.com\/avatar\/b720319e4c9a967eb58678d110f4fe35452fc5d5f97b202bac7b8acceb18c6ad?s=96&d=mm&r=g\",\"url\":\"https:\/\/secure.gravatar.com\/avatar\/b720319e4c9a967eb58678d110f4fe35452fc5d5f97b202bac7b8acceb18c6ad?s=96&d=mm&r=g\",\"contentUrl\":\"https:\/\/secure.gravatar.com\/avatar\/b720319e4c9a967eb58678d110f4fe35452fc5d5f97b202bac7b8acceb18c6ad?s=96&d=mm&r=g\",\"caption\":\"Coordena\u00e7\u00e3o\"},\"sameAs\":[\"https:\/\/www.facebook.com\/EstrategiaConcursos\",\"https:\/\/x.com\/EstratConcursos\"],\"url\":\"https:\/\/www.estrategiaconcursos.com.br\/blog\/author\/estrategia2013\/\"}]}<\/script>\n<!-- \/ Yoast SEO Premium plugin. -->","yoast_head_json":{"title":"Concurso Col\u00e9gio Naval: edital sofre retifica\u00e7\u00e3o importante! Confira aqui!","description":"Concurso Col\u00e9gio Naval : Foi publicado no Di\u00e1rio Oficial recentemente, uma retifica\u00e7\u00e3o do edital do concurso para admiss\u00e3o ao Col\u00e9gio Naval Marinha.","robots":{"index":"index","follow":"follow","max-snippet":"max-snippet:-1","max-image-preview":"max-image-preview:large","max-video-preview":"max-video-preview:-1"},"canonical":"https:\/\/www.estrategiaconcursos.com.br\/blog\/concurso-colegio-naval\/","og_locale":"pt_BR","og_type":"article","og_title":"Concurso Col\u00e9gio Naval: edital sofre retifica\u00e7\u00e3o importante! Confira aqui!","og_description":"Concurso Col\u00e9gio Naval : Foi publicado no Di\u00e1rio Oficial recentemente, uma retifica\u00e7\u00e3o do edital do concurso para admiss\u00e3o ao Col\u00e9gio Naval Marinha.","og_url":"https:\/\/www.estrategiaconcursos.com.br\/blog\/concurso-colegio-naval\/","og_site_name":"Estrat\u00e9gia Concursos","article_author":"https:\/\/www.facebook.com\/EstrategiaConcursos","article_published_time":"2020-06-26T13:00:00+00:00","article_modified_time":"2020-12-08T13:51:53+00:00","og_image":[{"width":1200,"height":628,"url":"https:\/\/dhg1h5j42swfq.cloudfront.net\/2018\/04\/24094548\/colegio-naval.jpg","type":"image\/jpeg"}],"author":"Coordena\u00e7\u00e3o","twitter_card":"summary_large_image","twitter_creator":"@EstratConcursos","twitter_site":"@EstratConcursos","twitter_misc":{"Escrito por":"Coordena\u00e7\u00e3o","Est. tempo de leitura":"4 minutos"},"schema":{"@context":"https:\/\/schema.org","@graph":[{"@type":"NewsArticle","@id":"https:\/\/www.estrategiaconcursos.com.br\/blog\/concurso-colegio-naval\/#article","isPartOf":{"@id":"https:\/\/www.estrategiaconcursos.com.br\/blog\/concurso-colegio-naval\/"},"author":{"name":"Coordena\u00e7\u00e3o","@id":"https:\/\/www.estrategiaconcursos.com.br\/blog\/#\/schema\/person\/b4a388c97673c5f483d72185668afa1f"},"headline":"Concurso Col\u00e9gio Naval: edital sofre retifica\u00e7\u00e3o importante! Confira aqui!","datePublished":"2020-06-26T13:00:00+00:00","dateModified":"2020-12-08T13:51:53+00:00","mainEntityOfPage":{"@id":"https:\/\/www.estrategiaconcursos.com.br\/blog\/concurso-colegio-naval\/"},"wordCount":893,"commentCount":10,"publisher":{"@id":"https:\/\/www.estrategiaconcursos.com.br\/blog\/#organization"},"image":{"@id":"https:\/\/www.estrategiaconcursos.com.br\/blog\/concurso-colegio-naval\/#primaryimage"},"thumbnailUrl":"https:\/\/dhg1h5j42swfq.cloudfront.net\/2018\/04\/24094548\/colegio-naval.jpg","articleSection":["Concursos P\u00fablicos","For\u00e7as Armadas (Oficiais)"],"inLanguage":"pt-BR","potentialAction":[{"@type":"CommentAction","name":"Comment","target":["https:\/\/www.estrategiaconcursos.com.br\/blog\/concurso-colegio-naval\/#respond"]}],"copyrightYear":"2020","copyrightHolder":{"@id":"https:\/\/www.estrategiaconcursos.com.br\/blog\/#organization"}},{"@type":"WebPage","@id":"https:\/\/www.estrategiaconcursos.com.br\/blog\/concurso-colegio-naval\/","url":"https:\/\/www.estrategiaconcursos.com.br\/blog\/concurso-colegio-naval\/","name":"Concurso Col\u00e9gio Naval: edital sofre retifica\u00e7\u00e3o importante! Confira aqui!","isPartOf":{"@id":"https:\/\/www.estrategiaconcursos.com.br\/blog\/#website"},"primaryImageOfPage":{"@id":"https:\/\/www.estrategiaconcursos.com.br\/blog\/concurso-colegio-naval\/#primaryimage"},"image":{"@id":"https:\/\/www.estrategiaconcursos.com.br\/blog\/concurso-colegio-naval\/#primaryimage"},"thumbnailUrl":"https:\/\/dhg1h5j42swfq.cloudfront.net\/2018\/04\/24094548\/colegio-naval.jpg","datePublished":"2020-06-26T13:00:00+00:00","dateModified":"2020-12-08T13:51:53+00:00","description":"Concurso Col\u00e9gio Naval : Foi publicado no Di\u00e1rio Oficial recentemente, uma retifica\u00e7\u00e3o do edital do concurso para admiss\u00e3o ao Col\u00e9gio Naval Marinha.","breadcrumb":{"@id":"https:\/\/www.estrategiaconcursos.com.br\/blog\/concurso-colegio-naval\/#breadcrumb"},"inLanguage":"pt-BR","potentialAction":[{"@type":"ReadAction","target":["https:\/\/www.estrategiaconcursos.com.br\/blog\/concurso-colegio-naval\/"]}]},{"@type":"ImageObject","inLanguage":"pt-BR","@id":"https:\/\/www.estrategiaconcursos.com.br\/blog\/concurso-colegio-naval\/#primaryimage","url":"https:\/\/dhg1h5j42swfq.cloudfront.net\/2018\/04\/24094548\/colegio-naval.jpg","contentUrl":"https:\/\/dhg1h5j42swfq.cloudfront.net\/2018\/04\/24094548\/colegio-naval.jpg","width":1200,"height":628,"caption":"concurso col\u00e9gio naval"},{"@type":"BreadcrumbList","@id":"https:\/\/www.estrategiaconcursos.com.br\/blog\/concurso-colegio-naval\/#breadcrumb","itemListElement":[{"@type":"ListItem","position":1,"name":"In\u00edcio","item":"https:\/\/www.estrategiaconcursos.com.br\/blog\/"},{"@type":"ListItem","position":2,"name":"Concurso Col\u00e9gio Naval: edital sofre retifica\u00e7\u00e3o importante! Confira aqui!"}]},{"@type":"WebSite","@id":"https:\/\/www.estrategiaconcursos.com.br\/blog\/#website","url":"https:\/\/www.estrategiaconcursos.com.br\/blog\/","name":"Estrat\u00e9gia Concursos","description":"O blog da Estrat\u00e9gia Concursos traz not\u00edcias sobre concursos e artigos de professores oferecendo cursos para concursos (pdf + videaulas) no site.","publisher":{"@id":"https:\/\/www.estrategiaconcursos.com.br\/blog\/#organization"},"potentialAction":[{"@type":"SearchAction","target":{"@type":"EntryPoint","urlTemplate":"https:\/\/www.estrategiaconcursos.com.br\/blog\/?s={search_term_string}"},"query-input":{"@type":"PropertyValueSpecification","valueRequired":true,"valueName":"search_term_string"}}],"inLanguage":"pt-BR"},{"@type":"Organization","@id":"https:\/\/www.estrategiaconcursos.com.br\/blog\/#organization","name":"Estrat\u00e9gia Concursos","url":"https:\/\/www.estrategiaconcursos.com.br\/blog\/","logo":{"@type":"ImageObject","inLanguage":"pt-BR","@id":"https:\/\/www.estrategiaconcursos.com.br\/blog\/#\/schema\/logo\/image\/","url":"https:\/\/dhg1h5j42swfq.cloudfront.net\/2025\/06\/03203428\/logo_concursos-1.jpg","contentUrl":"https:\/\/dhg1h5j42swfq.cloudfront.net\/2025\/06\/03203428\/logo_concursos-1.jpg","width":230,"height":60,"caption":"Estrat\u00e9gia Concursos"},"image":{"@id":"https:\/\/www.estrategiaconcursos.com.br\/blog\/#\/schema\/logo\/image\/"},"sameAs":["https:\/\/x.com\/EstratConcursos"]},{"@type":"Person","@id":"https:\/\/www.estrategiaconcursos.com.br\/blog\/#\/schema\/person\/b4a388c97673c5f483d72185668afa1f","name":"Coordena\u00e7\u00e3o","image":{"@type":"ImageObject","inLanguage":"pt-BR","@id":"https:\/\/secure.gravatar.com\/avatar\/b720319e4c9a967eb58678d110f4fe35452fc5d5f97b202bac7b8acceb18c6ad?s=96&d=mm&r=g","url":"https:\/\/secure.gravatar.com\/avatar\/b720319e4c9a967eb58678d110f4fe35452fc5d5f97b202bac7b8acceb18c6ad?s=96&d=mm&r=g","contentUrl":"https:\/\/secure.gravatar.com\/avatar\/b720319e4c9a967eb58678d110f4fe35452fc5d5f97b202bac7b8acceb18c6ad?s=96&d=mm&r=g","caption":"Coordena\u00e7\u00e3o"},"sameAs":["https:\/\/www.facebook.com\/EstrategiaConcursos","https:\/\/x.com\/EstratConcursos"],"url":"https:\/\/www.estrategiaconcursos.com.br\/blog\/author\/estrategia2013\/"}]}},"_links":{"self":[{"href":"https:\/\/www.estrategiaconcursos.com.br\/blog\/wp-json\/wp\/v2\/posts\/204764","targetHints":{"allow":["GET"]}}],"collection":[{"href":"https:\/\/www.estrategiaconcursos.com.br\/blog\/wp-json\/wp\/v2\/posts"}],"about":[{"href":"https:\/\/www.estrategiaconcursos.com.br\/blog\/wp-json\/wp\/v2\/types\/post"}],"author":[{"embeddable":true,"href":"https:\/\/www.estrategiaconcursos.com.br\/blog\/wp-json\/wp\/v2\/users\/1"}],"replies":[{"embeddable":true,"href":"https:\/\/www.estrategiaconcursos.com.br\/blog\/wp-json\/wp\/v2\/comments?post=204764"}],"version-history":[{"count":14,"href":"https:\/\/www.estrategiaconcursos.com.br\/blog\/wp-json\/wp\/v2\/posts\/204764\/revisions"}],"predecessor-version":[{"id":624962,"href":"https:\/\/www.estrategiaconcursos.com.br\/blog\/wp-json\/wp\/v2\/posts\/204764\/revisions\/624962"}],"wp:featuredmedia":[{"embeddable":true,"href":"https:\/\/www.estrategiaconcursos.com.br\/blog\/wp-json\/wp\/v2\/media\/122542"}],"wp:attachment":[{"href":"https:\/\/www.estrategiaconcursos.com.br\/blog\/wp-json\/wp\/v2\/media?parent=204764"}],"wp:term":[{"taxonomy":"category","embeddable":true,"href":"https:\/\/www.estrategiaconcursos.com.br\/blog\/wp-json\/wp\/v2\/categories?post=204764"},{"taxonomy":"post_tag","embeddable":true,"href":"https:\/\/www.estrategiaconcursos.com.br\/blog\/wp-json\/wp\/v2\/tags?post=204764"},{"taxonomy":"tax_estado","embeddable":true,"href":"https:\/\/www.estrategiaconcursos.com.br\/blog\/wp-json\/wp\/v2\/tax_estado?post=204764"}],"curies":[{"name":"wp","href":"https:\/\/api.w.org\/{rel}","templated":true}]}}