{"id":20294,"date":"2015-01-05T18:58:05","date_gmt":"2015-01-05T21:58:05","guid":{"rendered":"http:\/\/www.estrategiaconcursos.com.br\/blog\/?p=20294"},"modified":"2015-01-12T12:41:17","modified_gmt":"2015-01-12T15:41:17","slug":"direito-previdenciario-auxilio-reclusao-para-refletir","status":"publish","type":"post","link":"https:\/\/www.estrategiaconcursos.com.br\/blog\/direito-previdenciario-auxilio-reclusao-para-refletir\/","title":{"rendered":"Direito Previdenci\u00e1rio \u2013 Aux\u00edlio Reclus\u00e3o \u2013 Para refletir."},"content":{"rendered":"<p style=\"text-align: justify\">Ol\u00e1! =)<\/p>\n<p style=\"text-align: justify\">At\u00e9 a publica\u00e7\u00e3o da Medida Provis\u00f3ria n.\u00ba 664\/2014, o Aux\u00edlio Reclus\u00e3o era um benef\u00edcio que independia de car\u00eancia. Depois da publica\u00e7\u00e3o do referido ato normativo, o dispositivo que afastava o per\u00edodo de car\u00eancia foi alterado, excluindo o Aux\u00edlio Reclus\u00e3o.<\/p>\n<p style=\"text-align: justify\">Entretanto, a Medida Provis\u00f3ria (MP) n\u00e3o trouxe nenhum outro novo dispositivo regrando qual seria o per\u00edodo de car\u00eancia a ser adotado para o benef\u00edcio previdenci\u00e1rio supracitado.<\/p>\n<p style=\"text-align: justify\">Afinal, qual o per\u00edodo de car\u00eancia do Aux\u00edlio Reclus\u00e3o?<\/p>\n<p style=\"text-align: justify\">Diante do limbo jur\u00eddico criado pela MP, vou me apoiar no Art. 80 da Lei n.\u00ba 8.213\/1991 para defender a tese de que o per\u00edodo de car\u00eancia do Aux\u00edlio Reclus\u00e3o \u00e9 de 24 meses, como acontece com a Pens\u00e3o por Morte, uma vez que a legisla\u00e7\u00e3o previdenci\u00e1ria prev\u00ea essa paridade de condi\u00e7\u00f5es entre os dois benef\u00edcios, como podemos extrair do referido artigo:<\/p>\n<p style=\"text-align: justify;padding-left: 90px\"><span style=\"color: #0000ff\"><em>Art. 80. O Aux\u00edlio Reclus\u00e3o ser\u00e1 devido, NAS MESMAS CONDI\u00c7\u00d5ES da Pens\u00e3o por Morte, aos dependentes do segurado recolhido \u00e0 pris\u00e3o, que n\u00e3o receber remunera\u00e7\u00e3o da empresa nem estiver em gozo de Aux\u00edlio Doen\u00e7a ou de aposentadoria.<\/em><\/span><\/p>\n<p style=\"text-align: justify\">Grande Abra\u00e7o!<\/p>\n<p style=\"text-align: justify\">Ali Mohamad Jaha<\/p>\n","protected":false},"excerpt":{"rendered":"<p>Ol\u00e1! =) At\u00e9 a publica\u00e7\u00e3o da Medida Provis\u00f3ria n.\u00ba 664\/2014, o Aux\u00edlio Reclus\u00e3o era um benef\u00edcio que independia de car\u00eancia. Depois da publica\u00e7\u00e3o do referido ato normativo, o dispositivo que afastava o per\u00edodo de car\u00eancia foi alterado, excluindo o Aux\u00edlio Reclus\u00e3o. Entretanto, a Medida Provis\u00f3ria (MP) n\u00e3o trouxe nenhum outro novo dispositivo regrando qual seria [&hellip;]<\/p>\n","protected":false},"author":45,"featured_media":0,"comment_status":"open","ping_status":"open","sticky":false,"template":"","format":"standard","meta":{"post_tipo":"article","footnotes":""},"categories":[1],"tags":[21],"tax_estado":[],"class_list":["post-20294","post","type-post","status-publish","format-standard","hentry","category-cursos-e-concursos","tag-direito-previdenciario"],"acf":[],"yoast_head":"<!-- This site is optimized with the Yoast SEO Premium plugin v27.2 (Yoast SEO v27.2) - https:\/\/yoast.com\/product\/yoast-seo-premium-wordpress\/ -->\n<title>Direito Previdenci\u00e1rio \u2013 Aux\u00edlio Reclus\u00e3o \u2013 Para refletir.<\/title>\n<meta name=\"robots\" content=\"index, follow, max-snippet:-1, max-image-preview:large, max-video-preview:-1\" \/>\n<link rel=\"canonical\" href=\"https:\/\/www.estrategiaconcursos.com.br\/blog\/direito-previdenciario-auxilio-reclusao-para-refletir\/\" \/>\n<meta property=\"og:locale\" content=\"pt_BR\" \/>\n<meta property=\"og:type\" content=\"article\" \/>\n<meta property=\"og:title\" content=\"Direito Previdenci\u00e1rio \u2013 Aux\u00edlio Reclus\u00e3o \u2013 Para refletir.\" \/>\n<meta property=\"og:description\" content=\"Ol\u00e1! =) At\u00e9 a publica\u00e7\u00e3o da Medida Provis\u00f3ria n.\u00ba 664\/2014, o Aux\u00edlio Reclus\u00e3o era um benef\u00edcio que independia de car\u00eancia. Depois da publica\u00e7\u00e3o do referido ato normativo, o dispositivo que afastava o per\u00edodo de car\u00eancia foi alterado, excluindo o Aux\u00edlio Reclus\u00e3o. Entretanto, a Medida Provis\u00f3ria (MP) n\u00e3o trouxe nenhum outro novo dispositivo regrando qual seria [&hellip;]\" \/>\n<meta property=\"og:url\" content=\"https:\/\/www.estrategiaconcursos.com.br\/blog\/direito-previdenciario-auxilio-reclusao-para-refletir\/\" \/>\n<meta property=\"og:site_name\" content=\"Estrat\u00e9gia Concursos\" \/>\n<meta property=\"article:author\" content=\"http:\/\/www.facebook.com\/amjaha\" \/>\n<meta property=\"article:published_time\" content=\"2015-01-05T21:58:05+00:00\" \/>\n<meta property=\"article:modified_time\" content=\"2015-01-12T15:41:17+00:00\" \/>\n<meta name=\"author\" content=\"Ali Mohamad Jaha\" \/>\n<meta name=\"twitter:card\" content=\"summary_large_image\" \/>\n<meta name=\"twitter:creator\" content=\"@EstratConcursos\" \/>\n<meta name=\"twitter:site\" content=\"@EstratConcursos\" \/>\n<meta name=\"twitter:label1\" content=\"Escrito por\" \/>\n\t<meta name=\"twitter:data1\" content=\"Ali Mohamad Jaha\" \/>\n\t<meta name=\"twitter:label2\" content=\"Est. tempo de leitura\" \/>\n\t<meta name=\"twitter:data2\" content=\"1 minuto\" \/>\n<script type=\"application\/ld+json\" class=\"yoast-schema-graph\">{\"@context\":\"https:\/\/schema.org\",\"@graph\":[{\"@type\":\"NewsArticle\",\"@id\":\"https:\/\/www.estrategiaconcursos.com.br\/blog\/direito-previdenciario-auxilio-reclusao-para-refletir\/#article\",\"isPartOf\":{\"@id\":\"https:\/\/www.estrategiaconcursos.com.br\/blog\/direito-previdenciario-auxilio-reclusao-para-refletir\/\"},\"author\":{\"name\":\"Ali Mohamad Jaha\",\"@id\":\"https:\/\/www.estrategiaconcursos.com.br\/blog\/#\/schema\/person\/5caef5684d9fe56108eff29afc128dca\"},\"headline\":\"Direito Previdenci\u00e1rio \u2013 Aux\u00edlio Reclus\u00e3o \u2013 Para refletir.\",\"datePublished\":\"2015-01-05T21:58:05+00:00\",\"dateModified\":\"2015-01-12T15:41:17+00:00\",\"mainEntityOfPage\":{\"@id\":\"https:\/\/www.estrategiaconcursos.com.br\/blog\/direito-previdenciario-auxilio-reclusao-para-refletir\/\"},\"wordCount\":222,\"commentCount\":0,\"publisher\":{\"@id\":\"https:\/\/www.estrategiaconcursos.com.br\/blog\/#organization\"},\"keywords\":[\"Direito Previdenci\u00e1rio\"],\"articleSection\":[\"Concursos P\u00fablicos\"],\"inLanguage\":\"pt-BR\",\"potentialAction\":[{\"@type\":\"CommentAction\",\"name\":\"Comment\",\"target\":[\"https:\/\/www.estrategiaconcursos.com.br\/blog\/direito-previdenciario-auxilio-reclusao-para-refletir\/#respond\"]}],\"copyrightYear\":\"2015\",\"copyrightHolder\":{\"@id\":\"https:\/\/www.estrategiaconcursos.com.br\/blog\/#organization\"}},{\"@type\":\"WebPage\",\"@id\":\"https:\/\/www.estrategiaconcursos.com.br\/blog\/direito-previdenciario-auxilio-reclusao-para-refletir\/\",\"url\":\"https:\/\/www.estrategiaconcursos.com.br\/blog\/direito-previdenciario-auxilio-reclusao-para-refletir\/\",\"name\":\"Direito Previdenci\u00e1rio \u2013 Aux\u00edlio Reclus\u00e3o \u2013 Para refletir.\",\"isPartOf\":{\"@id\":\"https:\/\/www.estrategiaconcursos.com.br\/blog\/#website\"},\"datePublished\":\"2015-01-05T21:58:05+00:00\",\"dateModified\":\"2015-01-12T15:41:17+00:00\",\"breadcrumb\":{\"@id\":\"https:\/\/www.estrategiaconcursos.com.br\/blog\/direito-previdenciario-auxilio-reclusao-para-refletir\/#breadcrumb\"},\"inLanguage\":\"pt-BR\",\"potentialAction\":[{\"@type\":\"ReadAction\",\"target\":[\"https:\/\/www.estrategiaconcursos.com.br\/blog\/direito-previdenciario-auxilio-reclusao-para-refletir\/\"]}]},{\"@type\":\"BreadcrumbList\",\"@id\":\"https:\/\/www.estrategiaconcursos.com.br\/blog\/direito-previdenciario-auxilio-reclusao-para-refletir\/#breadcrumb\",\"itemListElement\":[{\"@type\":\"ListItem\",\"position\":1,\"name\":\"In\u00edcio\",\"item\":\"https:\/\/www.estrategiaconcursos.com.br\/blog\/\"},{\"@type\":\"ListItem\",\"position\":2,\"name\":\"Direito Previdenci\u00e1rio \u2013 Aux\u00edlio Reclus\u00e3o \u2013 Para refletir.\"}]},{\"@type\":\"WebSite\",\"@id\":\"https:\/\/www.estrategiaconcursos.com.br\/blog\/#website\",\"url\":\"https:\/\/www.estrategiaconcursos.com.br\/blog\/\",\"name\":\"Estrat\u00e9gia Concursos\",\"description\":\"O blog da Estrat\u00e9gia Concursos traz not\u00edcias sobre concursos e artigos de professores oferecendo cursos para concursos (pdf + videaulas) no site.\",\"publisher\":{\"@id\":\"https:\/\/www.estrategiaconcursos.com.br\/blog\/#organization\"},\"potentialAction\":[{\"@type\":\"SearchAction\",\"target\":{\"@type\":\"EntryPoint\",\"urlTemplate\":\"https:\/\/www.estrategiaconcursos.com.br\/blog\/?s={search_term_string}\"},\"query-input\":{\"@type\":\"PropertyValueSpecification\",\"valueRequired\":true,\"valueName\":\"search_term_string\"}}],\"inLanguage\":\"pt-BR\"},{\"@type\":\"Organization\",\"@id\":\"https:\/\/www.estrategiaconcursos.com.br\/blog\/#organization\",\"name\":\"Estrat\u00e9gia Concursos\",\"url\":\"https:\/\/www.estrategiaconcursos.com.br\/blog\/\",\"logo\":{\"@type\":\"ImageObject\",\"inLanguage\":\"pt-BR\",\"@id\":\"https:\/\/www.estrategiaconcursos.com.br\/blog\/#\/schema\/logo\/image\/\",\"url\":\"https:\/\/dhg1h5j42swfq.cloudfront.net\/2025\/06\/03203428\/logo_concursos-1.jpg\",\"contentUrl\":\"https:\/\/dhg1h5j42swfq.cloudfront.net\/2025\/06\/03203428\/logo_concursos-1.jpg\",\"width\":230,\"height\":60,\"caption\":\"Estrat\u00e9gia Concursos\"},\"image\":{\"@id\":\"https:\/\/www.estrategiaconcursos.com.br\/blog\/#\/schema\/logo\/image\/\"},\"sameAs\":[\"https:\/\/x.com\/EstratConcursos\"]},{\"@type\":\"Person\",\"@id\":\"https:\/\/www.estrategiaconcursos.com.br\/blog\/#\/schema\/person\/5caef5684d9fe56108eff29afc128dca\",\"name\":\"Ali Mohamad Jaha\",\"image\":{\"@type\":\"ImageObject\",\"inLanguage\":\"pt-BR\",\"@id\":\"https:\/\/secure.gravatar.com\/avatar\/d2d32b2c5ba0b3d1fcbc7c351539c7f9052f5e52461adc4d346787a9c2579056?s=96&d=mm&r=g\",\"url\":\"https:\/\/secure.gravatar.com\/avatar\/d2d32b2c5ba0b3d1fcbc7c351539c7f9052f5e52461adc4d346787a9c2579056?s=96&d=mm&r=g\",\"contentUrl\":\"https:\/\/secure.gravatar.com\/avatar\/d2d32b2c5ba0b3d1fcbc7c351539c7f9052f5e52461adc4d346787a9c2579056?s=96&d=mm&r=g\",\"caption\":\"Ali Mohamad Jaha\"},\"description\":\"Professor de Direito Previdenci\u00e1rio, Legisla\u00e7\u00e3o Previdenci\u00e1ria, Legisla\u00e7\u00e3o da Sa\u00fade, Legisla\u00e7\u00e3o Espec\u00edfica e Discursivas. Auditor-Fiscal da Receita Federal do Brasil \u2013 DRF-Cascavel\/PR. Especialista em Administra\u00e7\u00e3o Tribut\u00e1ria pela Universidade Castelo Branco\/RJ. Especialista em Gest\u00e3o de Pol\u00edticas P\u00fablicas pela Universidade do Iva\u00ed\/PR. Bacharel em Engenharia Civil pela Universidade Estadual de Maring\u00e1\/PR.\",\"sameAs\":[\"http:\/\/www.facebook.com\/amjaha\"],\"url\":\"https:\/\/www.estrategiaconcursos.com.br\/blog\/author\/alijahaestrategiaconcursos-com-br\/\"}]}<\/script>\n<!-- \/ Yoast SEO Premium plugin. -->","yoast_head_json":{"title":"Direito Previdenci\u00e1rio \u2013 Aux\u00edlio Reclus\u00e3o \u2013 Para refletir.","robots":{"index":"index","follow":"follow","max-snippet":"max-snippet:-1","max-image-preview":"max-image-preview:large","max-video-preview":"max-video-preview:-1"},"canonical":"https:\/\/www.estrategiaconcursos.com.br\/blog\/direito-previdenciario-auxilio-reclusao-para-refletir\/","og_locale":"pt_BR","og_type":"article","og_title":"Direito Previdenci\u00e1rio \u2013 Aux\u00edlio Reclus\u00e3o \u2013 Para refletir.","og_description":"Ol\u00e1! =) At\u00e9 a publica\u00e7\u00e3o da Medida Provis\u00f3ria n.\u00ba 664\/2014, o Aux\u00edlio Reclus\u00e3o era um benef\u00edcio que independia de car\u00eancia. Depois da publica\u00e7\u00e3o do referido ato normativo, o dispositivo que afastava o per\u00edodo de car\u00eancia foi alterado, excluindo o Aux\u00edlio Reclus\u00e3o. Entretanto, a Medida Provis\u00f3ria (MP) n\u00e3o trouxe nenhum outro novo dispositivo regrando qual seria [&hellip;]","og_url":"https:\/\/www.estrategiaconcursos.com.br\/blog\/direito-previdenciario-auxilio-reclusao-para-refletir\/","og_site_name":"Estrat\u00e9gia Concursos","article_author":"http:\/\/www.facebook.com\/amjaha","article_published_time":"2015-01-05T21:58:05+00:00","article_modified_time":"2015-01-12T15:41:17+00:00","author":"Ali Mohamad Jaha","twitter_card":"summary_large_image","twitter_creator":"@EstratConcursos","twitter_site":"@EstratConcursos","twitter_misc":{"Escrito por":"Ali Mohamad Jaha","Est. tempo de leitura":"1 minuto"},"schema":{"@context":"https:\/\/schema.org","@graph":[{"@type":"NewsArticle","@id":"https:\/\/www.estrategiaconcursos.com.br\/blog\/direito-previdenciario-auxilio-reclusao-para-refletir\/#article","isPartOf":{"@id":"https:\/\/www.estrategiaconcursos.com.br\/blog\/direito-previdenciario-auxilio-reclusao-para-refletir\/"},"author":{"name":"Ali Mohamad Jaha","@id":"https:\/\/www.estrategiaconcursos.com.br\/blog\/#\/schema\/person\/5caef5684d9fe56108eff29afc128dca"},"headline":"Direito Previdenci\u00e1rio \u2013 Aux\u00edlio Reclus\u00e3o \u2013 Para refletir.","datePublished":"2015-01-05T21:58:05+00:00","dateModified":"2015-01-12T15:41:17+00:00","mainEntityOfPage":{"@id":"https:\/\/www.estrategiaconcursos.com.br\/blog\/direito-previdenciario-auxilio-reclusao-para-refletir\/"},"wordCount":222,"commentCount":0,"publisher":{"@id":"https:\/\/www.estrategiaconcursos.com.br\/blog\/#organization"},"keywords":["Direito Previdenci\u00e1rio"],"articleSection":["Concursos P\u00fablicos"],"inLanguage":"pt-BR","potentialAction":[{"@type":"CommentAction","name":"Comment","target":["https:\/\/www.estrategiaconcursos.com.br\/blog\/direito-previdenciario-auxilio-reclusao-para-refletir\/#respond"]}],"copyrightYear":"2015","copyrightHolder":{"@id":"https:\/\/www.estrategiaconcursos.com.br\/blog\/#organization"}},{"@type":"WebPage","@id":"https:\/\/www.estrategiaconcursos.com.br\/blog\/direito-previdenciario-auxilio-reclusao-para-refletir\/","url":"https:\/\/www.estrategiaconcursos.com.br\/blog\/direito-previdenciario-auxilio-reclusao-para-refletir\/","name":"Direito Previdenci\u00e1rio \u2013 Aux\u00edlio Reclus\u00e3o \u2013 Para refletir.","isPartOf":{"@id":"https:\/\/www.estrategiaconcursos.com.br\/blog\/#website"},"datePublished":"2015-01-05T21:58:05+00:00","dateModified":"2015-01-12T15:41:17+00:00","breadcrumb":{"@id":"https:\/\/www.estrategiaconcursos.com.br\/blog\/direito-previdenciario-auxilio-reclusao-para-refletir\/#breadcrumb"},"inLanguage":"pt-BR","potentialAction":[{"@type":"ReadAction","target":["https:\/\/www.estrategiaconcursos.com.br\/blog\/direito-previdenciario-auxilio-reclusao-para-refletir\/"]}]},{"@type":"BreadcrumbList","@id":"https:\/\/www.estrategiaconcursos.com.br\/blog\/direito-previdenciario-auxilio-reclusao-para-refletir\/#breadcrumb","itemListElement":[{"@type":"ListItem","position":1,"name":"In\u00edcio","item":"https:\/\/www.estrategiaconcursos.com.br\/blog\/"},{"@type":"ListItem","position":2,"name":"Direito Previdenci\u00e1rio \u2013 Aux\u00edlio Reclus\u00e3o \u2013 Para refletir."}]},{"@type":"WebSite","@id":"https:\/\/www.estrategiaconcursos.com.br\/blog\/#website","url":"https:\/\/www.estrategiaconcursos.com.br\/blog\/","name":"Estrat\u00e9gia Concursos","description":"O blog da Estrat\u00e9gia Concursos traz not\u00edcias sobre concursos e artigos de professores oferecendo cursos para concursos (pdf + videaulas) no site.","publisher":{"@id":"https:\/\/www.estrategiaconcursos.com.br\/blog\/#organization"},"potentialAction":[{"@type":"SearchAction","target":{"@type":"EntryPoint","urlTemplate":"https:\/\/www.estrategiaconcursos.com.br\/blog\/?s={search_term_string}"},"query-input":{"@type":"PropertyValueSpecification","valueRequired":true,"valueName":"search_term_string"}}],"inLanguage":"pt-BR"},{"@type":"Organization","@id":"https:\/\/www.estrategiaconcursos.com.br\/blog\/#organization","name":"Estrat\u00e9gia Concursos","url":"https:\/\/www.estrategiaconcursos.com.br\/blog\/","logo":{"@type":"ImageObject","inLanguage":"pt-BR","@id":"https:\/\/www.estrategiaconcursos.com.br\/blog\/#\/schema\/logo\/image\/","url":"https:\/\/dhg1h5j42swfq.cloudfront.net\/2025\/06\/03203428\/logo_concursos-1.jpg","contentUrl":"https:\/\/dhg1h5j42swfq.cloudfront.net\/2025\/06\/03203428\/logo_concursos-1.jpg","width":230,"height":60,"caption":"Estrat\u00e9gia Concursos"},"image":{"@id":"https:\/\/www.estrategiaconcursos.com.br\/blog\/#\/schema\/logo\/image\/"},"sameAs":["https:\/\/x.com\/EstratConcursos"]},{"@type":"Person","@id":"https:\/\/www.estrategiaconcursos.com.br\/blog\/#\/schema\/person\/5caef5684d9fe56108eff29afc128dca","name":"Ali Mohamad Jaha","image":{"@type":"ImageObject","inLanguage":"pt-BR","@id":"https:\/\/secure.gravatar.com\/avatar\/d2d32b2c5ba0b3d1fcbc7c351539c7f9052f5e52461adc4d346787a9c2579056?s=96&d=mm&r=g","url":"https:\/\/secure.gravatar.com\/avatar\/d2d32b2c5ba0b3d1fcbc7c351539c7f9052f5e52461adc4d346787a9c2579056?s=96&d=mm&r=g","contentUrl":"https:\/\/secure.gravatar.com\/avatar\/d2d32b2c5ba0b3d1fcbc7c351539c7f9052f5e52461adc4d346787a9c2579056?s=96&d=mm&r=g","caption":"Ali Mohamad Jaha"},"description":"Professor de Direito Previdenci\u00e1rio, Legisla\u00e7\u00e3o Previdenci\u00e1ria, Legisla\u00e7\u00e3o da Sa\u00fade, Legisla\u00e7\u00e3o Espec\u00edfica e Discursivas. Auditor-Fiscal da Receita Federal do Brasil \u2013 DRF-Cascavel\/PR. Especialista em Administra\u00e7\u00e3o Tribut\u00e1ria pela Universidade Castelo Branco\/RJ. Especialista em Gest\u00e3o de Pol\u00edticas P\u00fablicas pela Universidade do Iva\u00ed\/PR. Bacharel em Engenharia Civil pela Universidade Estadual de Maring\u00e1\/PR.","sameAs":["http:\/\/www.facebook.com\/amjaha"],"url":"https:\/\/www.estrategiaconcursos.com.br\/blog\/author\/alijahaestrategiaconcursos-com-br\/"}]}},"_links":{"self":[{"href":"https:\/\/www.estrategiaconcursos.com.br\/blog\/wp-json\/wp\/v2\/posts\/20294","targetHints":{"allow":["GET"]}}],"collection":[{"href":"https:\/\/www.estrategiaconcursos.com.br\/blog\/wp-json\/wp\/v2\/posts"}],"about":[{"href":"https:\/\/www.estrategiaconcursos.com.br\/blog\/wp-json\/wp\/v2\/types\/post"}],"author":[{"embeddable":true,"href":"https:\/\/www.estrategiaconcursos.com.br\/blog\/wp-json\/wp\/v2\/users\/45"}],"replies":[{"embeddable":true,"href":"https:\/\/www.estrategiaconcursos.com.br\/blog\/wp-json\/wp\/v2\/comments?post=20294"}],"version-history":[{"count":2,"href":"https:\/\/www.estrategiaconcursos.com.br\/blog\/wp-json\/wp\/v2\/posts\/20294\/revisions"}],"predecessor-version":[{"id":20296,"href":"https:\/\/www.estrategiaconcursos.com.br\/blog\/wp-json\/wp\/v2\/posts\/20294\/revisions\/20296"}],"wp:attachment":[{"href":"https:\/\/www.estrategiaconcursos.com.br\/blog\/wp-json\/wp\/v2\/media?parent=20294"}],"wp:term":[{"taxonomy":"category","embeddable":true,"href":"https:\/\/www.estrategiaconcursos.com.br\/blog\/wp-json\/wp\/v2\/categories?post=20294"},{"taxonomy":"post_tag","embeddable":true,"href":"https:\/\/www.estrategiaconcursos.com.br\/blog\/wp-json\/wp\/v2\/tags?post=20294"},{"taxonomy":"tax_estado","embeddable":true,"href":"https:\/\/www.estrategiaconcursos.com.br\/blog\/wp-json\/wp\/v2\/tax_estado?post=20294"}],"curies":[{"name":"wp","href":"https:\/\/api.w.org\/{rel}","templated":true}]}}