{"id":20236,"date":"2015-01-03T17:25:18","date_gmt":"2015-01-03T20:25:18","guid":{"rendered":"https:\/\/www.estrategiaconcursos.com.br\/blog\/?p=20236"},"modified":"2015-01-12T14:28:19","modified_gmt":"2015-01-12T17:28:19","slug":"aulas-de-direito-ja-atualizadas-pela-mini-reforma-da-previdencia","status":"publish","type":"post","link":"https:\/\/www.estrategiaconcursos.com.br\/blog\/aulas-de-direito-ja-atualizadas-pela-mini-reforma-da-previdencia\/","title":{"rendered":"Aulas de Direito j\u00e1 Atualizadas pela Minirreforma da Previd\u00eancia"},"content":{"rendered":"<p>Caros amigos,<\/p>\n<p>Como voc\u00eas devem saber, no dia 30 de dezembro de 2014 foi publicada a Medida Provis\u00f3ria 664, que altera diversas regras dos benef\u00edcios previdenci\u00e1rios. Pela import\u00e2ncia e abrang\u00eancia deste ato normativo, ele vem sendo chamado de mine reforma da previd\u00eancia.<\/p>\n<p>Foram alterados, principalmente, os benef\u00edcios de aux\u00edlio-doen\u00e7a e pens\u00e3o por morte, refletindo no aux\u00edlio-reclus\u00e3o, al\u00e9m de outras altera\u00e7\u00f5es pontuais.<\/p>\n<p>Para que os alunos que adquiriram o curso em 2014 n\u00e3o sejam prejudicados, atualizei, rapidamente, todas as aulas de Direito Previdenci\u00e1rio, conforme as altera\u00e7\u00f5es trazidas pela MP 664\/2014. Vou acompanhar a tramita\u00e7\u00e3o desta medida provis\u00f3ria e manterei voc\u00eas atualizados de qualquer futura altera\u00e7\u00e3o.<\/p>\n<p>Atualizarei as aulas ap\u00f3s a publica\u00e7\u00e3o da portaria que altera os valores dos benef\u00edcios e as bases da contribui\u00e7\u00e3o previdenci\u00e1ria, prevista para meados de janeiro.<\/p>\n<p>Esta \u00e9 a maior vantagem do nosso modelo de curso: atualiza\u00e7\u00e3o imediata a medida que houver altera\u00e7\u00e3o legislativa.<\/p>\n<p>Abra\u00e7os,<\/p>\n<p>Ivan Kertzman<\/p>\n","protected":false},"excerpt":{"rendered":"<p>Caros amigos, Como voc\u00eas devem saber, no dia 30 de dezembro de 2014 foi publicada a Medida Provis\u00f3ria 664, que altera diversas regras dos benef\u00edcios previdenci\u00e1rios. Pela import\u00e2ncia e abrang\u00eancia deste ato normativo, ele vem sendo chamado de mine reforma da previd\u00eancia. Foram alterados, principalmente, os benef\u00edcios de aux\u00edlio-doen\u00e7a e pens\u00e3o por morte, refletindo no [&hellip;]<\/p>\n","protected":false},"author":36,"featured_media":0,"comment_status":"open","ping_status":"open","sticky":false,"template":"","format":"standard","meta":{"post_tipo":"article","footnotes":""},"categories":[1],"tags":[21,18],"tax_estado":[],"class_list":["post-20236","post","type-post","status-publish","format-standard","hentry","category-cursos-e-concursos","tag-direito-previdenciario","tag-inss"],"acf":[],"yoast_head":"<!-- This site is optimized with the Yoast SEO Premium plugin v27.2 (Yoast SEO v27.2) - https:\/\/yoast.com\/product\/yoast-seo-premium-wordpress\/ -->\n<title>Aulas de Direito j\u00e1 Atualizadas pela Minirreforma da Previd\u00eancia<\/title>\n<meta name=\"robots\" content=\"index, follow, max-snippet:-1, max-image-preview:large, max-video-preview:-1\" \/>\n<link rel=\"canonical\" href=\"https:\/\/www.estrategiaconcursos.com.br\/blog\/aulas-de-direito-ja-atualizadas-pela-mini-reforma-da-previdencia\/\" \/>\n<meta property=\"og:locale\" content=\"pt_BR\" \/>\n<meta property=\"og:type\" content=\"article\" \/>\n<meta property=\"og:title\" content=\"Aulas de Direito j\u00e1 Atualizadas pela Minirreforma da Previd\u00eancia\" \/>\n<meta property=\"og:description\" content=\"Caros amigos, Como voc\u00eas devem saber, no dia 30 de dezembro de 2014 foi publicada a Medida Provis\u00f3ria 664, que altera diversas regras dos benef\u00edcios previdenci\u00e1rios. Pela import\u00e2ncia e abrang\u00eancia deste ato normativo, ele vem sendo chamado de mine reforma da previd\u00eancia. Foram alterados, principalmente, os benef\u00edcios de aux\u00edlio-doen\u00e7a e pens\u00e3o por morte, refletindo no [&hellip;]\" \/>\n<meta property=\"og:url\" content=\"https:\/\/www.estrategiaconcursos.com.br\/blog\/aulas-de-direito-ja-atualizadas-pela-mini-reforma-da-previdencia\/\" \/>\n<meta property=\"og:site_name\" content=\"Estrat\u00e9gia Concursos\" \/>\n<meta property=\"article:published_time\" content=\"2015-01-03T20:25:18+00:00\" \/>\n<meta property=\"article:modified_time\" content=\"2015-01-12T17:28:19+00:00\" \/>\n<meta name=\"author\" content=\"Ivan Kertzman\" \/>\n<meta name=\"twitter:card\" content=\"summary_large_image\" \/>\n<meta name=\"twitter:creator\" content=\"@EstratConcursos\" \/>\n<meta name=\"twitter:site\" content=\"@EstratConcursos\" \/>\n<meta name=\"twitter:label1\" content=\"Escrito por\" \/>\n\t<meta name=\"twitter:data1\" content=\"Ivan Kertzman\" \/>\n\t<meta name=\"twitter:label2\" content=\"Est. tempo de leitura\" \/>\n\t<meta name=\"twitter:data2\" content=\"1 minuto\" \/>\n<script type=\"application\/ld+json\" class=\"yoast-schema-graph\">{\"@context\":\"https:\/\/schema.org\",\"@graph\":[{\"@type\":\"NewsArticle\",\"@id\":\"https:\/\/www.estrategiaconcursos.com.br\/blog\/aulas-de-direito-ja-atualizadas-pela-mini-reforma-da-previdencia\/#article\",\"isPartOf\":{\"@id\":\"https:\/\/www.estrategiaconcursos.com.br\/blog\/aulas-de-direito-ja-atualizadas-pela-mini-reforma-da-previdencia\/\"},\"author\":{\"name\":\"Ivan Kertzman\",\"@id\":\"https:\/\/www.estrategiaconcursos.com.br\/blog\/#\/schema\/person\/f311675c785e9e94dffea0b66374f72e\"},\"headline\":\"Aulas de Direito j\u00e1 Atualizadas pela Minirreforma da Previd\u00eancia\",\"datePublished\":\"2015-01-03T20:25:18+00:00\",\"dateModified\":\"2015-01-12T17:28:19+00:00\",\"mainEntityOfPage\":{\"@id\":\"https:\/\/www.estrategiaconcursos.com.br\/blog\/aulas-de-direito-ja-atualizadas-pela-mini-reforma-da-previdencia\/\"},\"wordCount\":184,\"commentCount\":5,\"publisher\":{\"@id\":\"https:\/\/www.estrategiaconcursos.com.br\/blog\/#organization\"},\"keywords\":[\"Direito Previdenci\u00e1rio\",\"INSS\"],\"articleSection\":[\"Concursos P\u00fablicos\"],\"inLanguage\":\"pt-BR\",\"potentialAction\":[{\"@type\":\"CommentAction\",\"name\":\"Comment\",\"target\":[\"https:\/\/www.estrategiaconcursos.com.br\/blog\/aulas-de-direito-ja-atualizadas-pela-mini-reforma-da-previdencia\/#respond\"]}],\"copyrightYear\":\"2015\",\"copyrightHolder\":{\"@id\":\"https:\/\/www.estrategiaconcursos.com.br\/blog\/#organization\"}},{\"@type\":\"WebPage\",\"@id\":\"https:\/\/www.estrategiaconcursos.com.br\/blog\/aulas-de-direito-ja-atualizadas-pela-mini-reforma-da-previdencia\/\",\"url\":\"https:\/\/www.estrategiaconcursos.com.br\/blog\/aulas-de-direito-ja-atualizadas-pela-mini-reforma-da-previdencia\/\",\"name\":\"Aulas de Direito j\u00e1 Atualizadas pela Minirreforma da Previd\u00eancia\",\"isPartOf\":{\"@id\":\"https:\/\/www.estrategiaconcursos.com.br\/blog\/#website\"},\"datePublished\":\"2015-01-03T20:25:18+00:00\",\"dateModified\":\"2015-01-12T17:28:19+00:00\",\"breadcrumb\":{\"@id\":\"https:\/\/www.estrategiaconcursos.com.br\/blog\/aulas-de-direito-ja-atualizadas-pela-mini-reforma-da-previdencia\/#breadcrumb\"},\"inLanguage\":\"pt-BR\",\"potentialAction\":[{\"@type\":\"ReadAction\",\"target\":[\"https:\/\/www.estrategiaconcursos.com.br\/blog\/aulas-de-direito-ja-atualizadas-pela-mini-reforma-da-previdencia\/\"]}]},{\"@type\":\"BreadcrumbList\",\"@id\":\"https:\/\/www.estrategiaconcursos.com.br\/blog\/aulas-de-direito-ja-atualizadas-pela-mini-reforma-da-previdencia\/#breadcrumb\",\"itemListElement\":[{\"@type\":\"ListItem\",\"position\":1,\"name\":\"In\u00edcio\",\"item\":\"https:\/\/www.estrategiaconcursos.com.br\/blog\/\"},{\"@type\":\"ListItem\",\"position\":2,\"name\":\"Aulas de Direito j\u00e1 Atualizadas pela Minirreforma da Previd\u00eancia\"}]},{\"@type\":\"WebSite\",\"@id\":\"https:\/\/www.estrategiaconcursos.com.br\/blog\/#website\",\"url\":\"https:\/\/www.estrategiaconcursos.com.br\/blog\/\",\"name\":\"Estrat\u00e9gia Concursos\",\"description\":\"O blog da Estrat\u00e9gia Concursos traz not\u00edcias sobre concursos e artigos de professores oferecendo cursos para concursos (pdf + videaulas) no site.\",\"publisher\":{\"@id\":\"https:\/\/www.estrategiaconcursos.com.br\/blog\/#organization\"},\"potentialAction\":[{\"@type\":\"SearchAction\",\"target\":{\"@type\":\"EntryPoint\",\"urlTemplate\":\"https:\/\/www.estrategiaconcursos.com.br\/blog\/?s={search_term_string}\"},\"query-input\":{\"@type\":\"PropertyValueSpecification\",\"valueRequired\":true,\"valueName\":\"search_term_string\"}}],\"inLanguage\":\"pt-BR\"},{\"@type\":\"Organization\",\"@id\":\"https:\/\/www.estrategiaconcursos.com.br\/blog\/#organization\",\"name\":\"Estrat\u00e9gia Concursos\",\"url\":\"https:\/\/www.estrategiaconcursos.com.br\/blog\/\",\"logo\":{\"@type\":\"ImageObject\",\"inLanguage\":\"pt-BR\",\"@id\":\"https:\/\/www.estrategiaconcursos.com.br\/blog\/#\/schema\/logo\/image\/\",\"url\":\"https:\/\/dhg1h5j42swfq.cloudfront.net\/2025\/06\/03203428\/logo_concursos-1.jpg\",\"contentUrl\":\"https:\/\/dhg1h5j42swfq.cloudfront.net\/2025\/06\/03203428\/logo_concursos-1.jpg\",\"width\":230,\"height\":60,\"caption\":\"Estrat\u00e9gia Concursos\"},\"image\":{\"@id\":\"https:\/\/www.estrategiaconcursos.com.br\/blog\/#\/schema\/logo\/image\/\"},\"sameAs\":[\"https:\/\/x.com\/EstratConcursos\"]},{\"@type\":\"Person\",\"@id\":\"https:\/\/www.estrategiaconcursos.com.br\/blog\/#\/schema\/person\/f311675c785e9e94dffea0b66374f72e\",\"name\":\"Ivan Kertzman\",\"image\":{\"@type\":\"ImageObject\",\"inLanguage\":\"pt-BR\",\"@id\":\"https:\/\/secure.gravatar.com\/avatar\/a8b9d07a66052e9cb8de1b7c3331036f4a819abaa2af6784513e37a4acde39e7?s=96&d=mm&r=g\",\"url\":\"https:\/\/secure.gravatar.com\/avatar\/a8b9d07a66052e9cb8de1b7c3331036f4a819abaa2af6784513e37a4acde39e7?s=96&d=mm&r=g\",\"contentUrl\":\"https:\/\/secure.gravatar.com\/avatar\/a8b9d07a66052e9cb8de1b7c3331036f4a819abaa2af6784513e37a4acde39e7?s=96&d=mm&r=g\",\"caption\":\"Ivan Kertzman\"},\"url\":\"https:\/\/www.estrategiaconcursos.com.br\/blog\/author\/ivankertzmanestrategiaconcursos-com-br\/\"}]}<\/script>\n<!-- \/ Yoast SEO Premium plugin. -->","yoast_head_json":{"title":"Aulas de Direito j\u00e1 Atualizadas pela Minirreforma da Previd\u00eancia","robots":{"index":"index","follow":"follow","max-snippet":"max-snippet:-1","max-image-preview":"max-image-preview:large","max-video-preview":"max-video-preview:-1"},"canonical":"https:\/\/www.estrategiaconcursos.com.br\/blog\/aulas-de-direito-ja-atualizadas-pela-mini-reforma-da-previdencia\/","og_locale":"pt_BR","og_type":"article","og_title":"Aulas de Direito j\u00e1 Atualizadas pela Minirreforma da Previd\u00eancia","og_description":"Caros amigos, Como voc\u00eas devem saber, no dia 30 de dezembro de 2014 foi publicada a Medida Provis\u00f3ria 664, que altera diversas regras dos benef\u00edcios previdenci\u00e1rios. Pela import\u00e2ncia e abrang\u00eancia deste ato normativo, ele vem sendo chamado de mine reforma da previd\u00eancia. Foram alterados, principalmente, os benef\u00edcios de aux\u00edlio-doen\u00e7a e pens\u00e3o por morte, refletindo no [&hellip;]","og_url":"https:\/\/www.estrategiaconcursos.com.br\/blog\/aulas-de-direito-ja-atualizadas-pela-mini-reforma-da-previdencia\/","og_site_name":"Estrat\u00e9gia Concursos","article_published_time":"2015-01-03T20:25:18+00:00","article_modified_time":"2015-01-12T17:28:19+00:00","author":"Ivan Kertzman","twitter_card":"summary_large_image","twitter_creator":"@EstratConcursos","twitter_site":"@EstratConcursos","twitter_misc":{"Escrito por":"Ivan Kertzman","Est. tempo de leitura":"1 minuto"},"schema":{"@context":"https:\/\/schema.org","@graph":[{"@type":"NewsArticle","@id":"https:\/\/www.estrategiaconcursos.com.br\/blog\/aulas-de-direito-ja-atualizadas-pela-mini-reforma-da-previdencia\/#article","isPartOf":{"@id":"https:\/\/www.estrategiaconcursos.com.br\/blog\/aulas-de-direito-ja-atualizadas-pela-mini-reforma-da-previdencia\/"},"author":{"name":"Ivan Kertzman","@id":"https:\/\/www.estrategiaconcursos.com.br\/blog\/#\/schema\/person\/f311675c785e9e94dffea0b66374f72e"},"headline":"Aulas de Direito j\u00e1 Atualizadas pela Minirreforma da Previd\u00eancia","datePublished":"2015-01-03T20:25:18+00:00","dateModified":"2015-01-12T17:28:19+00:00","mainEntityOfPage":{"@id":"https:\/\/www.estrategiaconcursos.com.br\/blog\/aulas-de-direito-ja-atualizadas-pela-mini-reforma-da-previdencia\/"},"wordCount":184,"commentCount":5,"publisher":{"@id":"https:\/\/www.estrategiaconcursos.com.br\/blog\/#organization"},"keywords":["Direito Previdenci\u00e1rio","INSS"],"articleSection":["Concursos P\u00fablicos"],"inLanguage":"pt-BR","potentialAction":[{"@type":"CommentAction","name":"Comment","target":["https:\/\/www.estrategiaconcursos.com.br\/blog\/aulas-de-direito-ja-atualizadas-pela-mini-reforma-da-previdencia\/#respond"]}],"copyrightYear":"2015","copyrightHolder":{"@id":"https:\/\/www.estrategiaconcursos.com.br\/blog\/#organization"}},{"@type":"WebPage","@id":"https:\/\/www.estrategiaconcursos.com.br\/blog\/aulas-de-direito-ja-atualizadas-pela-mini-reforma-da-previdencia\/","url":"https:\/\/www.estrategiaconcursos.com.br\/blog\/aulas-de-direito-ja-atualizadas-pela-mini-reforma-da-previdencia\/","name":"Aulas de Direito j\u00e1 Atualizadas pela Minirreforma da Previd\u00eancia","isPartOf":{"@id":"https:\/\/www.estrategiaconcursos.com.br\/blog\/#website"},"datePublished":"2015-01-03T20:25:18+00:00","dateModified":"2015-01-12T17:28:19+00:00","breadcrumb":{"@id":"https:\/\/www.estrategiaconcursos.com.br\/blog\/aulas-de-direito-ja-atualizadas-pela-mini-reforma-da-previdencia\/#breadcrumb"},"inLanguage":"pt-BR","potentialAction":[{"@type":"ReadAction","target":["https:\/\/www.estrategiaconcursos.com.br\/blog\/aulas-de-direito-ja-atualizadas-pela-mini-reforma-da-previdencia\/"]}]},{"@type":"BreadcrumbList","@id":"https:\/\/www.estrategiaconcursos.com.br\/blog\/aulas-de-direito-ja-atualizadas-pela-mini-reforma-da-previdencia\/#breadcrumb","itemListElement":[{"@type":"ListItem","position":1,"name":"In\u00edcio","item":"https:\/\/www.estrategiaconcursos.com.br\/blog\/"},{"@type":"ListItem","position":2,"name":"Aulas de Direito j\u00e1 Atualizadas pela Minirreforma da Previd\u00eancia"}]},{"@type":"WebSite","@id":"https:\/\/www.estrategiaconcursos.com.br\/blog\/#website","url":"https:\/\/www.estrategiaconcursos.com.br\/blog\/","name":"Estrat\u00e9gia Concursos","description":"O blog da Estrat\u00e9gia Concursos traz not\u00edcias sobre concursos e artigos de professores oferecendo cursos para concursos (pdf + videaulas) no site.","publisher":{"@id":"https:\/\/www.estrategiaconcursos.com.br\/blog\/#organization"},"potentialAction":[{"@type":"SearchAction","target":{"@type":"EntryPoint","urlTemplate":"https:\/\/www.estrategiaconcursos.com.br\/blog\/?s={search_term_string}"},"query-input":{"@type":"PropertyValueSpecification","valueRequired":true,"valueName":"search_term_string"}}],"inLanguage":"pt-BR"},{"@type":"Organization","@id":"https:\/\/www.estrategiaconcursos.com.br\/blog\/#organization","name":"Estrat\u00e9gia Concursos","url":"https:\/\/www.estrategiaconcursos.com.br\/blog\/","logo":{"@type":"ImageObject","inLanguage":"pt-BR","@id":"https:\/\/www.estrategiaconcursos.com.br\/blog\/#\/schema\/logo\/image\/","url":"https:\/\/dhg1h5j42swfq.cloudfront.net\/2025\/06\/03203428\/logo_concursos-1.jpg","contentUrl":"https:\/\/dhg1h5j42swfq.cloudfront.net\/2025\/06\/03203428\/logo_concursos-1.jpg","width":230,"height":60,"caption":"Estrat\u00e9gia Concursos"},"image":{"@id":"https:\/\/www.estrategiaconcursos.com.br\/blog\/#\/schema\/logo\/image\/"},"sameAs":["https:\/\/x.com\/EstratConcursos"]},{"@type":"Person","@id":"https:\/\/www.estrategiaconcursos.com.br\/blog\/#\/schema\/person\/f311675c785e9e94dffea0b66374f72e","name":"Ivan Kertzman","image":{"@type":"ImageObject","inLanguage":"pt-BR","@id":"https:\/\/secure.gravatar.com\/avatar\/a8b9d07a66052e9cb8de1b7c3331036f4a819abaa2af6784513e37a4acde39e7?s=96&d=mm&r=g","url":"https:\/\/secure.gravatar.com\/avatar\/a8b9d07a66052e9cb8de1b7c3331036f4a819abaa2af6784513e37a4acde39e7?s=96&d=mm&r=g","contentUrl":"https:\/\/secure.gravatar.com\/avatar\/a8b9d07a66052e9cb8de1b7c3331036f4a819abaa2af6784513e37a4acde39e7?s=96&d=mm&r=g","caption":"Ivan Kertzman"},"url":"https:\/\/www.estrategiaconcursos.com.br\/blog\/author\/ivankertzmanestrategiaconcursos-com-br\/"}]}},"_links":{"self":[{"href":"https:\/\/www.estrategiaconcursos.com.br\/blog\/wp-json\/wp\/v2\/posts\/20236","targetHints":{"allow":["GET"]}}],"collection":[{"href":"https:\/\/www.estrategiaconcursos.com.br\/blog\/wp-json\/wp\/v2\/posts"}],"about":[{"href":"https:\/\/www.estrategiaconcursos.com.br\/blog\/wp-json\/wp\/v2\/types\/post"}],"author":[{"embeddable":true,"href":"https:\/\/www.estrategiaconcursos.com.br\/blog\/wp-json\/wp\/v2\/users\/36"}],"replies":[{"embeddable":true,"href":"https:\/\/www.estrategiaconcursos.com.br\/blog\/wp-json\/wp\/v2\/comments?post=20236"}],"version-history":[{"count":2,"href":"https:\/\/www.estrategiaconcursos.com.br\/blog\/wp-json\/wp\/v2\/posts\/20236\/revisions"}],"predecessor-version":[{"id":20385,"href":"https:\/\/www.estrategiaconcursos.com.br\/blog\/wp-json\/wp\/v2\/posts\/20236\/revisions\/20385"}],"wp:attachment":[{"href":"https:\/\/www.estrategiaconcursos.com.br\/blog\/wp-json\/wp\/v2\/media?parent=20236"}],"wp:term":[{"taxonomy":"category","embeddable":true,"href":"https:\/\/www.estrategiaconcursos.com.br\/blog\/wp-json\/wp\/v2\/categories?post=20236"},{"taxonomy":"post_tag","embeddable":true,"href":"https:\/\/www.estrategiaconcursos.com.br\/blog\/wp-json\/wp\/v2\/tags?post=20236"},{"taxonomy":"tax_estado","embeddable":true,"href":"https:\/\/www.estrategiaconcursos.com.br\/blog\/wp-json\/wp\/v2\/tax_estado?post=20236"}],"curies":[{"name":"wp","href":"https:\/\/api.w.org\/{rel}","templated":true}]}}