{"id":20176,"date":"2014-12-29T05:30:02","date_gmt":"2014-12-29T08:30:02","guid":{"rendered":"https:\/\/www.estrategiaconcursos.com.br\/blog\/?p=20176"},"modified":"2015-01-12T14:30:19","modified_gmt":"2015-01-12T17:30:19","slug":"servico-publico-ou-iniciativa-privada-em-2015","status":"publish","type":"post","link":"https:\/\/www.estrategiaconcursos.com.br\/blog\/servico-publico-ou-iniciativa-privada-em-2015\/","title":{"rendered":"Servi\u00e7o p\u00fablico ou iniciativa privada em 2015?"},"content":{"rendered":"<p dir=\"ltr\" style=\"text-align: justify\">Caros alunos,<\/p>\n<p dir=\"ltr\" style=\"text-align: justify\">Escrevo para desejar um feliz ano de 2015 para todos voc\u00eas. Esta \u00e9 uma \u00e9poca onde muitos devem estar fazendo uma reflex\u00e3o a respeito de como foi 2014 e do que pretendem realizar no ano que se aproxima. Para contribuir com esta reflex\u00e3o, gostaria de falar um pouco a respeito de como vejo as diferen\u00e7as entre trabalhar no servi\u00e7o p\u00fablico ou na iniciativa privada. Preparei este texto com base na minha experi\u00eancia na iniciativa privada (5 anos em duas grandes multinacionais), no servi\u00e7o p\u00fablico (quase 5 anos como Auditor-Fiscal da Receita Federal do Brasil), bem como na viv\u00eancia da minha esposa (servidora do poder judici\u00e1rio, no Tribunal Superior do Trabalho) e no que j\u00e1 pude observar conversando com diversos colegas de servi\u00e7o p\u00fablico &#8211; especialmente aqueles que j\u00e1 passaram pelos &#8220;dois mundos&#8221; tamb\u00e9m.<\/p>\n<p dir=\"ltr\" style=\"text-align: justify\">Naturalmente, nem tudo o que vou falar aqui se aplica integralmente a qualquer cargo p\u00fablico, ou a qualquer oportunidade na iniciativa privada. Vamos aos principais pontos que levantei? Vamos come\u00e7ar com alguns &#8220;clich\u00eas&#8221;, para em seguida abordar aspectos menos tratados usualmente.<\/p>\n<p dir=\"ltr\" style=\"text-align: justify\"><span style=\"text-decoration: underline\"><strong>&#8211; ESTABILIDADE:<\/strong><\/span> esta \u00e9 sem d\u00favida a caracter\u00edstica mais lembrada quando se fala em servi\u00e7o p\u00fablico. De fato ela gera excelente conforto, especialmente em \u00e9pocas de crise como a que vivenciamos agora. Em 2009 a empresa onde eu trabalhava demitiu cerca de 4000 pessoas em um s\u00f3 dia por conta da crise, e embora eu n\u00e3o tenha sido uma das v\u00edtimas, certamente este foi um grande est\u00edmulo para eu considerar a mudan\u00e7a\u00a0de carreira, pois vi muita gente competente sendo demitida ap\u00f3s anos de dedica\u00e7\u00e3o \u00e0 empresa. Entretanto, \u00e9 importante ter em mente que a estabilidade gera algumas distor\u00e7\u00f5es.\u00a0Da mesma forma que ela dificulta bastante a perda de emprego do bom servidor, ela tamb\u00e9m favorece aqueles menos dedicados&#8230;<\/p>\n<p dir=\"ltr\" style=\"text-align: justify\"><span style=\"text-decoration: underline\"><strong>&#8211; SAL\u00c1RIOS:<\/strong><\/span>\u00a0este \u00e9 outro atrativo bem conhecido do servi\u00e7o p\u00fablico. Comparando atividades com n\u00edvel de complexidade e de responsabilidades similares, no servi\u00e7o p\u00fablico e na iniciativa privada, entendo que em regra o servi\u00e7o p\u00fablico come\u00e7a pagando mais, e devido aos planos de carreira e fun\u00e7\u00f5es gratificadas \u00e9 poss\u00edvel ter uma boa eleva\u00e7\u00e3o na remunera\u00e7\u00e3o ao longo do tempo. \u00c9 verdade que, em algumas situa\u00e7\u00f5es na iniciativa privada \u00e9 poss\u00edvel progredir mais na carreira, e atingir n\u00edveis de remunera\u00e7\u00e3o significativamente mais elevados. Isso costuma ter o seu pre\u00e7o, isto \u00e9, estas fun\u00e7\u00f5es com maior remunera\u00e7\u00e3o tamb\u00e9m exigem uma dedica\u00e7\u00e3o bem superior \u00e0quela exigida no servi\u00e7o p\u00fablico.<\/p>\n<p dir=\"ltr\" style=\"text-align: justify\"><span style=\"text-decoration: underline\"><strong>&#8211; MOBILIDADE:<\/strong><\/span>\u00a0um ponto interessante de trabalhar em um \u00f3rg\u00e3o que atua em \u00e2mbito nacional, como \u00e9 o caso da Receita Federal, \u00e9 a possibilidade de trabalhar em praticamente qualquer cidade grande ou m\u00e9dia do pa\u00eds. Dependendo da localidade, pode demorar mais ou menos para conseguir este objetivo, mas certamente em algum momento ser\u00e1 poss\u00edvel voltar para sua cidade natal ou mudar para aquele lugar que voc\u00ea tenha interesse. Em menos de 5 anos de Receita, j\u00e1 tive a oportunidade de trabalhar em Manaus, Bras\u00edlia e S\u00e3o Paulo. No meu antigo emprego na iniciativa privada, estava &#8220;preso&#8221; no interior de S\u00e3o Paulo, onde se localizavam as plantas das empresas. Ainda que voc\u00ea n\u00e3o entre em um \u00f3rg\u00e3o federal, como concurseiro experiente voc\u00ea sempre poder\u00e1 prestar outros concursos para cargos similares em localidades que sejam do seu interesse.<\/p>\n<p dir=\"ltr\" style=\"text-align: justify\"><span style=\"text-decoration: underline\"><strong>&#8211; FLEXIBILIDADE DE HOR\u00c1RIO:<\/strong><\/span>\u00a0como voc\u00ea deve saber, n\u00f3s servidores p\u00fablicos devemos trabalhar, em regra, 40 horas semanais. Dependendo da natureza do servi\u00e7o exercido, \u00e9 poss\u00edvel ter alguma flexibilidade, chegando mais cedo um dia, mais tarde outro dia, de acordo com as suas necessidades pessoais, desde que combinado com a chefia. Esta n\u00e3o \u00e9 propriamente uma vantagem do servi\u00e7o p\u00fablico, visto que v\u00e1rias empresas privadas tamb\u00e9m permitem esta flexibilidade. De qualquer forma, \u00e9 uma caracter\u00edstica muito presente em diversos \u00f3rg\u00e3os p\u00fablicos, permitindo, entre outras coisas, &#8220;fugir&#8221; dos hor\u00e1rios de pico de tr\u00e2nsito!<\/p>\n<p dir=\"ltr\" style=\"text-align: justify\"><span style=\"text-decoration: underline\"><strong>&#8211; TRABALHO REMOTO E TELETRABALHO<\/strong><\/span>: em diversas institui\u00e7\u00f5es, como \u00e9 o caso da pr\u00f3pria Receita Federal, j\u00e1 existem algumas possibilidades de trabalho remoto (em outra unidade do mesmo \u00f3rg\u00e3o), e de teletrabalho (que voc\u00ea pode fazer inclusive em casa). Acredito que a tend\u00eancia \u00e9 essas modalidades de trabalho \u00e0\u00a0dist\u00e2ncia\u00a0se expandirem para outras \u00e1reas. Atualmente, como quase tudo \u00e9 feito via internet e com a utiliza\u00e7\u00e3o de processos digitais, mais e mais atividades vem se enquadrando neste perfil. O mesmo acontece no Judici\u00e1rio, onde o processo digital tamb\u00e9m \u00e9 uma realidade.<\/p>\n<p dir=\"ltr\" style=\"text-align: justify\"><span style=\"text-decoration: underline\"><strong>&#8211; AUTONOMIA E INDEPEND\u00caNCIA:<\/strong><\/span> em diversos cargos p\u00fablicos, especialmente naqueles com remunera\u00e7\u00e3o (e responsabilidade) mais elevada, \u00e9 poss\u00edvel realizar o seu trabalho com bastante autonomia, tomando as decis\u00f5es necess\u00e1rias, com base na legisla\u00e7\u00e3o pertinente, independentemente de interesses e subjetividades. Sempre se pode contar com a ajuda e a opini\u00e3o de outros colegas, mas \u00e0 medida que voc\u00ea ganha experi\u00eancia \u00e9 poss\u00edvel trabalhar de maneira bastante independente.<\/p>\n<p dir=\"ltr\" style=\"text-align: justify\"><span style=\"text-decoration: underline\"><strong>&#8211; APROVEITAR MELHOR O TEMPO LIVRE:<\/strong><\/span> na maioria dos cargos p\u00fablicos voc\u00ea raramente vai precisar trabalhar al\u00e9m do hor\u00e1rio determinado. Isto permite que voc\u00ea realize com relativa facilidade outras atividades do seu interesse, como dedicar-se \u00e0 sua fam\u00edlia, praticar um hobby, e mesmo exercer outra atividade econ\u00f4mica que n\u00e3o seja conflitante (como lecionar rs&#8230;). A minha experi\u00eancia na iniciativa privada foi bem diferente, pois era comum precisar passar do hor\u00e1rio &#8220;padr\u00e3o&#8221; e estar dispon\u00edvel para viagens a qualquer momento, o\u00a0que entrava em conflito com a\u00a0rotina que eu gostaria de ter.<\/p>\n<p dir=\"ltr\" style=\"text-align: justify\"><span style=\"text-decoration: underline\"><strong>&#8211; MARKETING PESSOAL:<\/strong><\/span> na iniciativa privada eu costumava ouvir a frase &#8220;n\u00e3o basta voc\u00ea fazer o seu trabalho, \u00e9 preciso mostrar que foi voc\u00ea quem fez&#8221;. De fato isto \u00e9 muito importante em um ambiente mais competitivo, onde muitos est\u00e3o brigando para uma poss\u00edvel progress\u00e3o na carreira ou remunera\u00e7\u00f5es vari\u00e1veis mais agressivas (como b\u00f4nus anuais, sal\u00e1rios extras etc). \u00c9 preciso ter uma preocupa\u00e7\u00e3o relativamente grande com esta &#8220;propaganda&#8221; do seu trabalho, bem como com a forma\u00e7\u00e3o de uma rede de relacionamentos que facilite a sua indica\u00e7\u00e3o para oportunidades que vierem a surgir. No servi\u00e7o p\u00fablico \u00e9 poss\u00edvel se preocupar menos com esses aspectos. O mais importante mesmo \u00e9 realizar bem o seu trabalho, com qualidade e cumprindo as metas estabelecidas. \u00c9 claro que sempre \u00e9 interessante ter um bom relacionamento com os colegas de trabalho, mas voc\u00ea pode fazer isso de maneira mais natural e conforme as as verdadeiras afinidades.<\/p>\n<p dir=\"ltr\" style=\"text-align: justify\"><span style=\"text-decoration: underline\"><strong>&#8211; TRABALHAR COM O QUE VOC\u00ca GOSTA:<\/strong><\/span> existe uma infinidade de carreiras no servi\u00e7o p\u00fablico, desde que voc\u00ea pesquise criteriosamente (n\u00e3o use como crit\u00e9rio apenas a remunera\u00e7\u00e3o do cargo, como muitos fazem), \u00e9 poss\u00edvel encontrar um cargo que tenha tudo a ver com as suas aptid\u00f5es, interesses e mesmo estilo de vida. A verdade \u00e9 que boa parte das pessoas conhece apenas aquelas carreiras mais &#8220;famosas&#8221;, e desconhece a exist\u00eancia de atividades adequadas para os mais diversos perfis. Pesquise bastante a respeito de diversas carreiras federais, estaduais e municipais nos diferentes \u00f3rg\u00e3os existentes antes de tomar a sua decis\u00e3o!<\/p>\n<p dir=\"ltr\" style=\"text-align: justify\"><span style=\"text-decoration: underline\"><strong>&#8211; TRABALHAR DIRETAMENTE EM PROL DO SEU PA\u00cdS:<\/strong><\/span> \u00e9 verdade que todo trabalho, mesmo na iniciativa privada, contribui direta ou indiretamente para o desenvolvimento do pa\u00eds.\u00a0 No servi\u00e7o p\u00fablico, entendo que temos a oportunidade de trabalhar \u00fanica e exclusivamente com foco em gerar melhores servi\u00e7os para toda a comunidade, e contribuir para o desenvolvimento do pa\u00eds como um todo.<\/p>\n<p dir=\"ltr\" style=\"text-align: justify\">Esses foram os principais pontos que me vieram \u00e0 mente neste momento. S\u00f3 \u00e9 preciso deixar claro (se n\u00e3o tiver ficado at\u00e9 agora) que servi\u00e7o p\u00fablico n\u00e3o \u00e9 &#8220;col\u00f4nia de f\u00e9rias&#8221;. Atualmente \u00e9 bem comum a exist\u00eancia de metas de produtividade, e h\u00e1 maior preocupa\u00e7\u00e3o com o real cumprimento da miss\u00e3o de cada \u00f3rg\u00e3o.<\/p>\n<p dir=\"ltr\" style=\"text-align: justify\">Como j\u00e1 disse, eu e minha esposa somos servidores p\u00fablicos federais, gostamos bastante das atividades que exercemos (eu na Receita Federal e ela no Tribunal Superior do Trabalho) e da qualidade de vida proporcionada por nossos trabalhos. Espero que voc\u00ea tamb\u00e9m consiga encontrar aquela carreira p\u00fablica que mais te agrada, consiga ser aprovado em 2015 com a nossa ajuda aqui no <span style=\"text-decoration: underline\"><strong>Estrat\u00e9gia Concursos,<\/strong><\/span> e seja um excelente servidor p\u00fablico!<\/p>\n<p>Continuo \u00e0 disposi\u00e7\u00e3o para conversarmos, ok? Se quiser conhecer meus cursos, basta clicar no link abaixo:<\/p>\n<p dir=\"ltr\" style=\"text-align: center\"><span style=\"color: #ff0000\"><a style=\"color: #ff0000\" href=\"https:\/\/www.estrategiaconcursos.com.br\/cursosPorProfessor\/arthur-lima-3215\/\" target=\"_blank\"><span style=\"text-decoration: underline\"><strong>CURSOS\u00a0EM ANDAMENTO<\/strong><\/span><\/a><\/span><\/p>\n<p dir=\"ltr\" style=\"text-align: justify\">Um grande abra\u00e7o e um excelente ano novo!<\/p>\n<p dir=\"ltr\" style=\"text-align: justify\">Prof. Arthur\u00a0Lima<\/p>\n","protected":false},"excerpt":{"rendered":"<p>Caros alunos, Escrevo para desejar um feliz ano de 2015 para todos voc\u00eas. Esta \u00e9 uma \u00e9poca onde muitos devem estar fazendo uma reflex\u00e3o a respeito de como foi 2014 e do que pretendem realizar no ano que se aproxima. Para contribuir com esta reflex\u00e3o, gostaria de falar um pouco a respeito de como vejo [&hellip;]<\/p>\n","protected":false},"author":48,"featured_media":0,"comment_status":"open","ping_status":"open","sticky":false,"template":"","format":"standard","meta":{"post_tipo":"article","footnotes":""},"categories":[],"tags":[],"tax_estado":[],"class_list":["post-20176","post","type-post","status-publish","format-standard","hentry"],"acf":[],"yoast_head":"<!-- This site is optimized with the Yoast SEO Premium plugin v27.2 (Yoast SEO v27.2) - https:\/\/yoast.com\/product\/yoast-seo-premium-wordpress\/ -->\n<title>Servi\u00e7o p\u00fablico ou iniciativa privada em 2015?<\/title>\n<meta name=\"robots\" content=\"index, follow, max-snippet:-1, max-image-preview:large, max-video-preview:-1\" \/>\n<link rel=\"canonical\" href=\"https:\/\/www.estrategiaconcursos.com.br\/blog\/servico-publico-ou-iniciativa-privada-em-2015\/\" \/>\n<meta property=\"og:locale\" content=\"pt_BR\" \/>\n<meta property=\"og:type\" content=\"article\" \/>\n<meta property=\"og:title\" content=\"Servi\u00e7o p\u00fablico ou iniciativa privada em 2015?\" \/>\n<meta property=\"og:description\" content=\"Caros alunos, Escrevo para desejar um feliz ano de 2015 para todos voc\u00eas. Esta \u00e9 uma \u00e9poca onde muitos devem estar fazendo uma reflex\u00e3o a respeito de como foi 2014 e do que pretendem realizar no ano que se aproxima. Para contribuir com esta reflex\u00e3o, gostaria de falar um pouco a respeito de como vejo [&hellip;]\" \/>\n<meta property=\"og:url\" content=\"https:\/\/www.estrategiaconcursos.com.br\/blog\/servico-publico-ou-iniciativa-privada-em-2015\/\" \/>\n<meta property=\"og:site_name\" content=\"Estrat\u00e9gia Concursos\" \/>\n<meta property=\"article:published_time\" content=\"2014-12-29T08:30:02+00:00\" \/>\n<meta property=\"article:modified_time\" content=\"2015-01-12T17:30:19+00:00\" \/>\n<meta name=\"author\" content=\"Coordena\u00e7\u00e3o\" \/>\n<meta name=\"twitter:card\" content=\"summary_large_image\" \/>\n<meta name=\"twitter:creator\" content=\"@EstratConcursos\" \/>\n<meta name=\"twitter:site\" content=\"@EstratConcursos\" \/>\n<meta name=\"twitter:label1\" content=\"Escrito por\" \/>\n\t<meta name=\"twitter:data1\" content=\"Coordena\u00e7\u00e3o\" \/>\n\t<meta name=\"twitter:label2\" content=\"Est. tempo de leitura\" \/>\n\t<meta name=\"twitter:data2\" content=\"7 minutos\" \/>\n<script type=\"application\/ld+json\" class=\"yoast-schema-graph\">{\"@context\":\"https:\/\/schema.org\",\"@graph\":[{\"@type\":\"NewsArticle\",\"@id\":\"https:\/\/www.estrategiaconcursos.com.br\/blog\/servico-publico-ou-iniciativa-privada-em-2015\/#article\",\"isPartOf\":{\"@id\":\"https:\/\/www.estrategiaconcursos.com.br\/blog\/servico-publico-ou-iniciativa-privada-em-2015\/\"},\"author\":{\"name\":\"Coordena\u00e7\u00e3o\",\"@id\":\"https:\/\/www.estrategiaconcursos.com.br\/blog\/#\/schema\/person\/cdad40b5818eb228a838461fcd656da7\"},\"headline\":\"Servi\u00e7o p\u00fablico ou iniciativa privada em 2015?\",\"datePublished\":\"2014-12-29T08:30:02+00:00\",\"dateModified\":\"2015-01-12T17:30:19+00:00\",\"mainEntityOfPage\":{\"@id\":\"https:\/\/www.estrategiaconcursos.com.br\/blog\/servico-publico-ou-iniciativa-privada-em-2015\/\"},\"wordCount\":1454,\"commentCount\":4,\"publisher\":{\"@id\":\"https:\/\/www.estrategiaconcursos.com.br\/blog\/#organization\"},\"inLanguage\":\"pt-BR\",\"potentialAction\":[{\"@type\":\"CommentAction\",\"name\":\"Comment\",\"target\":[\"https:\/\/www.estrategiaconcursos.com.br\/blog\/servico-publico-ou-iniciativa-privada-em-2015\/#respond\"]}],\"copyrightYear\":\"2014\",\"copyrightHolder\":{\"@id\":\"https:\/\/www.estrategiaconcursos.com.br\/blog\/#organization\"}},{\"@type\":\"WebPage\",\"@id\":\"https:\/\/www.estrategiaconcursos.com.br\/blog\/servico-publico-ou-iniciativa-privada-em-2015\/\",\"url\":\"https:\/\/www.estrategiaconcursos.com.br\/blog\/servico-publico-ou-iniciativa-privada-em-2015\/\",\"name\":\"Servi\u00e7o p\u00fablico ou iniciativa privada em 2015?\",\"isPartOf\":{\"@id\":\"https:\/\/www.estrategiaconcursos.com.br\/blog\/#website\"},\"datePublished\":\"2014-12-29T08:30:02+00:00\",\"dateModified\":\"2015-01-12T17:30:19+00:00\",\"breadcrumb\":{\"@id\":\"https:\/\/www.estrategiaconcursos.com.br\/blog\/servico-publico-ou-iniciativa-privada-em-2015\/#breadcrumb\"},\"inLanguage\":\"pt-BR\",\"potentialAction\":[{\"@type\":\"ReadAction\",\"target\":[\"https:\/\/www.estrategiaconcursos.com.br\/blog\/servico-publico-ou-iniciativa-privada-em-2015\/\"]}]},{\"@type\":\"BreadcrumbList\",\"@id\":\"https:\/\/www.estrategiaconcursos.com.br\/blog\/servico-publico-ou-iniciativa-privada-em-2015\/#breadcrumb\",\"itemListElement\":[{\"@type\":\"ListItem\",\"position\":1,\"name\":\"In\u00edcio\",\"item\":\"https:\/\/www.estrategiaconcursos.com.br\/blog\/\"},{\"@type\":\"ListItem\",\"position\":2,\"name\":\"Servi\u00e7o p\u00fablico ou iniciativa privada em 2015?\"}]},{\"@type\":\"WebSite\",\"@id\":\"https:\/\/www.estrategiaconcursos.com.br\/blog\/#website\",\"url\":\"https:\/\/www.estrategiaconcursos.com.br\/blog\/\",\"name\":\"Estrat\u00e9gia Concursos\",\"description\":\"O blog da Estrat\u00e9gia Concursos traz not\u00edcias sobre concursos e artigos de professores oferecendo cursos para concursos (pdf + videaulas) no site.\",\"publisher\":{\"@id\":\"https:\/\/www.estrategiaconcursos.com.br\/blog\/#organization\"},\"potentialAction\":[{\"@type\":\"SearchAction\",\"target\":{\"@type\":\"EntryPoint\",\"urlTemplate\":\"https:\/\/www.estrategiaconcursos.com.br\/blog\/?s={search_term_string}\"},\"query-input\":{\"@type\":\"PropertyValueSpecification\",\"valueRequired\":true,\"valueName\":\"search_term_string\"}}],\"inLanguage\":\"pt-BR\"},{\"@type\":\"Organization\",\"@id\":\"https:\/\/www.estrategiaconcursos.com.br\/blog\/#organization\",\"name\":\"Estrat\u00e9gia Concursos\",\"url\":\"https:\/\/www.estrategiaconcursos.com.br\/blog\/\",\"logo\":{\"@type\":\"ImageObject\",\"inLanguage\":\"pt-BR\",\"@id\":\"https:\/\/www.estrategiaconcursos.com.br\/blog\/#\/schema\/logo\/image\/\",\"url\":\"https:\/\/dhg1h5j42swfq.cloudfront.net\/2025\/06\/03203428\/logo_concursos-1.jpg\",\"contentUrl\":\"https:\/\/dhg1h5j42swfq.cloudfront.net\/2025\/06\/03203428\/logo_concursos-1.jpg\",\"width\":230,\"height\":60,\"caption\":\"Estrat\u00e9gia Concursos\"},\"image\":{\"@id\":\"https:\/\/www.estrategiaconcursos.com.br\/blog\/#\/schema\/logo\/image\/\"},\"sameAs\":[\"https:\/\/x.com\/EstratConcursos\"]},{\"@type\":\"Person\",\"@id\":\"https:\/\/www.estrategiaconcursos.com.br\/blog\/#\/schema\/person\/cdad40b5818eb228a838461fcd656da7\",\"name\":\"Coordena\u00e7\u00e3o\",\"image\":{\"@type\":\"ImageObject\",\"inLanguage\":\"pt-BR\",\"@id\":\"https:\/\/secure.gravatar.com\/avatar\/a413b22da0f5009c634f6c4586a2dbe5207074fd5becd88db5183b8069ef25e4?s=96&d=mm&r=g\",\"url\":\"https:\/\/secure.gravatar.com\/avatar\/a413b22da0f5009c634f6c4586a2dbe5207074fd5becd88db5183b8069ef25e4?s=96&d=mm&r=g\",\"contentUrl\":\"https:\/\/secure.gravatar.com\/avatar\/a413b22da0f5009c634f6c4586a2dbe5207074fd5becd88db5183b8069ef25e4?s=96&d=mm&r=g\",\"caption\":\"Coordena\u00e7\u00e3o\"},\"url\":\"https:\/\/www.estrategiaconcursos.com.br\/blog\/author\/contatoestrategiaconcursos-com-br\/\"}]}<\/script>\n<!-- \/ Yoast SEO Premium plugin. -->","yoast_head_json":{"title":"Servi\u00e7o p\u00fablico ou iniciativa privada em 2015?","robots":{"index":"index","follow":"follow","max-snippet":"max-snippet:-1","max-image-preview":"max-image-preview:large","max-video-preview":"max-video-preview:-1"},"canonical":"https:\/\/www.estrategiaconcursos.com.br\/blog\/servico-publico-ou-iniciativa-privada-em-2015\/","og_locale":"pt_BR","og_type":"article","og_title":"Servi\u00e7o p\u00fablico ou iniciativa privada em 2015?","og_description":"Caros alunos, Escrevo para desejar um feliz ano de 2015 para todos voc\u00eas. Esta \u00e9 uma \u00e9poca onde muitos devem estar fazendo uma reflex\u00e3o a respeito de como foi 2014 e do que pretendem realizar no ano que se aproxima. Para contribuir com esta reflex\u00e3o, gostaria de falar um pouco a respeito de como vejo [&hellip;]","og_url":"https:\/\/www.estrategiaconcursos.com.br\/blog\/servico-publico-ou-iniciativa-privada-em-2015\/","og_site_name":"Estrat\u00e9gia Concursos","article_published_time":"2014-12-29T08:30:02+00:00","article_modified_time":"2015-01-12T17:30:19+00:00","author":"Coordena\u00e7\u00e3o","twitter_card":"summary_large_image","twitter_creator":"@EstratConcursos","twitter_site":"@EstratConcursos","twitter_misc":{"Escrito por":"Coordena\u00e7\u00e3o","Est. tempo de leitura":"7 minutos"},"schema":{"@context":"https:\/\/schema.org","@graph":[{"@type":"NewsArticle","@id":"https:\/\/www.estrategiaconcursos.com.br\/blog\/servico-publico-ou-iniciativa-privada-em-2015\/#article","isPartOf":{"@id":"https:\/\/www.estrategiaconcursos.com.br\/blog\/servico-publico-ou-iniciativa-privada-em-2015\/"},"author":{"name":"Coordena\u00e7\u00e3o","@id":"https:\/\/www.estrategiaconcursos.com.br\/blog\/#\/schema\/person\/cdad40b5818eb228a838461fcd656da7"},"headline":"Servi\u00e7o p\u00fablico ou iniciativa privada em 2015?","datePublished":"2014-12-29T08:30:02+00:00","dateModified":"2015-01-12T17:30:19+00:00","mainEntityOfPage":{"@id":"https:\/\/www.estrategiaconcursos.com.br\/blog\/servico-publico-ou-iniciativa-privada-em-2015\/"},"wordCount":1454,"commentCount":4,"publisher":{"@id":"https:\/\/www.estrategiaconcursos.com.br\/blog\/#organization"},"inLanguage":"pt-BR","potentialAction":[{"@type":"CommentAction","name":"Comment","target":["https:\/\/www.estrategiaconcursos.com.br\/blog\/servico-publico-ou-iniciativa-privada-em-2015\/#respond"]}],"copyrightYear":"2014","copyrightHolder":{"@id":"https:\/\/www.estrategiaconcursos.com.br\/blog\/#organization"}},{"@type":"WebPage","@id":"https:\/\/www.estrategiaconcursos.com.br\/blog\/servico-publico-ou-iniciativa-privada-em-2015\/","url":"https:\/\/www.estrategiaconcursos.com.br\/blog\/servico-publico-ou-iniciativa-privada-em-2015\/","name":"Servi\u00e7o p\u00fablico ou iniciativa privada em 2015?","isPartOf":{"@id":"https:\/\/www.estrategiaconcursos.com.br\/blog\/#website"},"datePublished":"2014-12-29T08:30:02+00:00","dateModified":"2015-01-12T17:30:19+00:00","breadcrumb":{"@id":"https:\/\/www.estrategiaconcursos.com.br\/blog\/servico-publico-ou-iniciativa-privada-em-2015\/#breadcrumb"},"inLanguage":"pt-BR","potentialAction":[{"@type":"ReadAction","target":["https:\/\/www.estrategiaconcursos.com.br\/blog\/servico-publico-ou-iniciativa-privada-em-2015\/"]}]},{"@type":"BreadcrumbList","@id":"https:\/\/www.estrategiaconcursos.com.br\/blog\/servico-publico-ou-iniciativa-privada-em-2015\/#breadcrumb","itemListElement":[{"@type":"ListItem","position":1,"name":"In\u00edcio","item":"https:\/\/www.estrategiaconcursos.com.br\/blog\/"},{"@type":"ListItem","position":2,"name":"Servi\u00e7o p\u00fablico ou iniciativa privada em 2015?"}]},{"@type":"WebSite","@id":"https:\/\/www.estrategiaconcursos.com.br\/blog\/#website","url":"https:\/\/www.estrategiaconcursos.com.br\/blog\/","name":"Estrat\u00e9gia Concursos","description":"O blog da Estrat\u00e9gia Concursos traz not\u00edcias sobre concursos e artigos de professores oferecendo cursos para concursos (pdf + videaulas) no site.","publisher":{"@id":"https:\/\/www.estrategiaconcursos.com.br\/blog\/#organization"},"potentialAction":[{"@type":"SearchAction","target":{"@type":"EntryPoint","urlTemplate":"https:\/\/www.estrategiaconcursos.com.br\/blog\/?s={search_term_string}"},"query-input":{"@type":"PropertyValueSpecification","valueRequired":true,"valueName":"search_term_string"}}],"inLanguage":"pt-BR"},{"@type":"Organization","@id":"https:\/\/www.estrategiaconcursos.com.br\/blog\/#organization","name":"Estrat\u00e9gia Concursos","url":"https:\/\/www.estrategiaconcursos.com.br\/blog\/","logo":{"@type":"ImageObject","inLanguage":"pt-BR","@id":"https:\/\/www.estrategiaconcursos.com.br\/blog\/#\/schema\/logo\/image\/","url":"https:\/\/dhg1h5j42swfq.cloudfront.net\/2025\/06\/03203428\/logo_concursos-1.jpg","contentUrl":"https:\/\/dhg1h5j42swfq.cloudfront.net\/2025\/06\/03203428\/logo_concursos-1.jpg","width":230,"height":60,"caption":"Estrat\u00e9gia Concursos"},"image":{"@id":"https:\/\/www.estrategiaconcursos.com.br\/blog\/#\/schema\/logo\/image\/"},"sameAs":["https:\/\/x.com\/EstratConcursos"]},{"@type":"Person","@id":"https:\/\/www.estrategiaconcursos.com.br\/blog\/#\/schema\/person\/cdad40b5818eb228a838461fcd656da7","name":"Coordena\u00e7\u00e3o","image":{"@type":"ImageObject","inLanguage":"pt-BR","@id":"https:\/\/secure.gravatar.com\/avatar\/a413b22da0f5009c634f6c4586a2dbe5207074fd5becd88db5183b8069ef25e4?s=96&d=mm&r=g","url":"https:\/\/secure.gravatar.com\/avatar\/a413b22da0f5009c634f6c4586a2dbe5207074fd5becd88db5183b8069ef25e4?s=96&d=mm&r=g","contentUrl":"https:\/\/secure.gravatar.com\/avatar\/a413b22da0f5009c634f6c4586a2dbe5207074fd5becd88db5183b8069ef25e4?s=96&d=mm&r=g","caption":"Coordena\u00e7\u00e3o"},"url":"https:\/\/www.estrategiaconcursos.com.br\/blog\/author\/contatoestrategiaconcursos-com-br\/"}]}},"_links":{"self":[{"href":"https:\/\/www.estrategiaconcursos.com.br\/blog\/wp-json\/wp\/v2\/posts\/20176","targetHints":{"allow":["GET"]}}],"collection":[{"href":"https:\/\/www.estrategiaconcursos.com.br\/blog\/wp-json\/wp\/v2\/posts"}],"about":[{"href":"https:\/\/www.estrategiaconcursos.com.br\/blog\/wp-json\/wp\/v2\/types\/post"}],"author":[{"embeddable":true,"href":"https:\/\/www.estrategiaconcursos.com.br\/blog\/wp-json\/wp\/v2\/users\/48"}],"replies":[{"embeddable":true,"href":"https:\/\/www.estrategiaconcursos.com.br\/blog\/wp-json\/wp\/v2\/comments?post=20176"}],"version-history":[{"count":7,"href":"https:\/\/www.estrategiaconcursos.com.br\/blog\/wp-json\/wp\/v2\/posts\/20176\/revisions"}],"predecessor-version":[{"id":20184,"href":"https:\/\/www.estrategiaconcursos.com.br\/blog\/wp-json\/wp\/v2\/posts\/20176\/revisions\/20184"}],"wp:attachment":[{"href":"https:\/\/www.estrategiaconcursos.com.br\/blog\/wp-json\/wp\/v2\/media?parent=20176"}],"wp:term":[{"taxonomy":"category","embeddable":true,"href":"https:\/\/www.estrategiaconcursos.com.br\/blog\/wp-json\/wp\/v2\/categories?post=20176"},{"taxonomy":"post_tag","embeddable":true,"href":"https:\/\/www.estrategiaconcursos.com.br\/blog\/wp-json\/wp\/v2\/tags?post=20176"},{"taxonomy":"tax_estado","embeddable":true,"href":"https:\/\/www.estrategiaconcursos.com.br\/blog\/wp-json\/wp\/v2\/tax_estado?post=20176"}],"curies":[{"name":"wp","href":"https:\/\/api.w.org\/{rel}","templated":true}]}}