{"id":20128,"date":"2014-12-24T12:21:36","date_gmt":"2014-12-24T15:21:36","guid":{"rendered":"https:\/\/www.estrategiaconcursos.com.br\/blog\/?p=20128"},"modified":"2015-01-05T09:40:50","modified_gmt":"2015-01-05T12:40:50","slug":"iss-sao-jose-rio-preto-comentarios-das-questoes-de-direito-administrativo","status":"publish","type":"post","link":"https:\/\/www.estrategiaconcursos.com.br\/blog\/iss-sao-jose-rio-preto-comentarios-das-questoes-de-direito-administrativo\/","title":{"rendered":"ISS &#8211; S\u00e3o Jos\u00e9 do Rio Preto &#8211; Coment\u00e1rios das quest\u00f5es de Direito Administrativo"},"content":{"rendered":"<p style=\"text-align: justify\">Ol\u00e1 pessoal, tudo bem?<\/p>\n<p style=\"text-align: justify\">Estou passando para comentar as quest\u00f5es de Direito Administrativo da prova de\u00a0Auditor Fiscal Tribut\u00e1rio Municipal para\u00a0o ISS\/S\u00e3o Jos\u00e9 do Rio Preto.<\/p>\n<p style=\"text-align: justify\">Foram apenas quatro quest\u00f5es, de n\u00edvel intermedi\u00e1rio. Assim, quem fez o nosso curso, n\u00e3o teve nenhum trabalho em resolv\u00ea-las. Al\u00e9m disso, n\u00e3o vejo possibilidade de recursos em nenhuma delas.<\/p>\n<p style=\"text-align: justify\">Seguem os coment\u00e1rios.<\/p>\n<p style=\"text-align: justify\">49. Assinale a alternativa que corretamente exemplifica uma situa\u00e7\u00e3o em que se encontre demonstrado o instituto do abuso de poder.<\/p>\n<p style=\"text-align: justify\">(A) O Prefeito Municipal que n\u00e3o permite que todos os mun\u00edcipes sejam atendidos no hospital municipal de urg\u00eancias, alegando restri\u00e7\u00f5es or\u00e7ament\u00e1rias e aplica\u00e7\u00e3o da teoria da reserva do poss\u00edvel, n\u00e3o incorre em abuso de poder.<\/p>\n<p style=\"text-align: justify\">(B) O Auditor Fiscal Tribut\u00e1rio Municipal que aplica multa por infra\u00e7\u00e3o de tr\u00e2nsito a quem estaciona em local proibido incorre em abuso de poder por atuar fora dos limites de sua compet\u00eancia.<\/p>\n<p style=\"text-align: justify\">(C) O Prefeito Municipal que desapropria bem im\u00f3vel pertencente a desafeto pol\u00edtico, por interesse pessoal, mas que nele instala unidade b\u00e1sica de sa\u00fade, n\u00e3o pratica abuso de poder por desvio de finalidade.<\/p>\n<p style=\"text-align: justify\">(D) O Guarda Municipal que n\u00e3o permite a entrada de pessoa estranha \u00e0 Administra\u00e7\u00e3o em pr\u00e9dio p\u00fablico municipal n\u00e3o destinado a atendimento ao p\u00fablico pratica ato caracteriz\u00e1vel como abuso de poder.<\/p>\n<p style=\"text-align: justify\">(E) O Auditor Fiscal Tribut\u00e1rio Municipal que decide n\u00e3o autuar empresa de pequeno porte que deixou de recolher quantia \u00ednfima de tributo municipal, mas que emprega v\u00e1rios funcion\u00e1rios, n\u00e3o pratica abuso de poder.<\/p>\n<p style=\"text-align: justify\"><span style=\"text-decoration: underline\"><strong>Coment\u00e1rio<\/strong><\/span>: o abuso de poder, de forma gen\u00e9rica, \u00e9 o exerc\u00edcio ileg\u00edtimo das prerrogativas previstas no ordenamento jur\u00eddico \u00e0 Administra\u00e7\u00e3o P\u00fablica. Ele se divide em:<\/p>\n<p style=\"text-align: justify\">a) <strong>excesso de poder<\/strong>: quando o agente p\u00fablico atua fora dos limites de sua esfera de compet\u00eancia. O ato at\u00e9 pode estar dentro das compet\u00eancias, mas o agente excedeu os seus limites;<\/p>\n<p style=\"text-align: justify\">b) <strong>desvio de poder (desvio de finalidade)<\/strong>: quando o agente atua dentro de sua esfera de compet\u00eancia, por\u00e9m de forma contr\u00e1ria \u00e0 finalidade expl\u00edcita ou impl\u00edcita na lei que determinou ou autorizou o ato. Nesse caso, ser\u00e1 desvio de poder tanto a conduta contr\u00e1ria \u00e0 finalidade geral (interesse p\u00fablico, finalidade mediata) quanto \u00e0 finalidade espec\u00edfica (imediata).<\/p>\n<p style=\"text-align: justify\">Nessa linha, o Auditor Fiscal Tribut\u00e1rio Municipal n\u00e3o possui compet\u00eancia para aplicar multa por infra\u00e7\u00e3o de tr\u00e2nsito, uma vez que tal atribui\u00e7\u00e3o \u00e9 das autoridades de tr\u00e2nsito. Portanto, se o Auditor aplicar uma multa de tr\u00e2nsito, estar\u00e1 atuando com abuso de poder, na modalidade de excesso de poder. Portanto, est\u00e1 correta a alternativa B.<\/p>\n<p style=\"text-align: justify\">Na letra A, ocorre abuso de poder, pois o Prefeito Municipal n\u00e3o pode privar a sociedade do atendimento de emerg\u00eancia (excesso de poder). Por esse motivo a quest\u00e3o est\u00e1 errada.<\/p>\n<p style=\"text-align: justify\">A letra C tamb\u00e9m est\u00e1 errada, pois a desapropria\u00e7\u00e3o de im\u00f3vel com finalidade diversa da que consta em lei caracteriza abuso de poder, na forma de desvio de poder ou de finalidade.<\/p>\n<p style=\"text-align: justify\">Na alternativa D, n\u00e3o h\u00e1 nenhuma irregularidade (logo, o item est\u00e1 errado). Quando o guarda n\u00e3o permite a entrada de pessoa n\u00e3o autorizada, em pr\u00e9dio n\u00e3o destinado ao atendimento ao p\u00fablico, ele s\u00f3 estar\u00e1 cumprindo o seu dever legal.<\/p>\n<p style=\"text-align: justify\">Por fim, a op\u00e7\u00e3o E tamb\u00e9m est\u00e1 errada. O abuso de poder tamb\u00e9m ocorre quando o agente p\u00fablico deixa de praticar ato de sua compet\u00eancia. N\u00e3o cabe ao Auditor fazer o ju\u00edzo se a quantia \u00e9 \u00ednfima ou se a empresa emprega v\u00e1rias pessoas. Cabe a ele cumprir o dever legal, que \u00e9 autuar as empresas que n\u00e3o recolherem os tributos devidos.<\/p>\n<p style=\"text-align: justify\"><span style=\"color: #000080\"><strong>Gabarito preliminar: B.<\/strong><\/span><\/p>\n<p style=\"text-align: justify\">50. Assinale a alternativa que corretamente trata dos poderes administrativos.<\/p>\n<p style=\"text-align: justify\">(A) Inexiste qualquer veda\u00e7\u00e3o constitucional para que pessoas administrativas de direito privado possam exercer o poder de pol\u00edcia em sua modalidade fiscalizat\u00f3ria.<\/p>\n<p style=\"text-align: justify\">(B) Poder vinculado \u00e9 a prerrogativa concedida aos agentes administrativos de elegerem, entre v\u00e1rias condutas poss\u00edveis, a que traduz maior conveni\u00eancia e oportunidade para o interesse p\u00fablico.<\/p>\n<p style=\"text-align: justify\">(C) O poder regulamentar \u00e9 subjacente \u00e0 lei e pressup\u00f5e a exist\u00eancia desta, sendo, portanto, atos formalizadores aptos a criar direitos e obriga\u00e7\u00f5es prim\u00e1rias ou secund\u00e1rias.<\/p>\n<p style=\"text-align: justify\">(D) Poder disciplinar \u00e9 o que cabe \u00e0 Administra\u00e7\u00e3o P\u00fablica para apurar infra\u00e7\u00f5es e aplicar penalidades aos servidores p\u00fablicos, que abrange as san\u00e7\u00f5es impostas a particulares, mesmo que n\u00e3o sujeitos \u00e0 disciplina interna da Administra\u00e7\u00e3o.<\/p>\n<p style=\"text-align: justify\">(E) Nos Poderes Judici\u00e1rio e Executivo n\u00e3o existe hierarquia no sentido de rela\u00e7\u00e3o de coordena\u00e7\u00e3o e subordina\u00e7\u00e3o, no que diz respeito \u00e0s suas fun\u00e7\u00f5es institucionais.<\/p>\n<p style=\"text-align: justify\"><span style=\"text-decoration: underline\"><strong>Coment\u00e1rio<\/strong><\/span>: conforme vimos em nosso curso, o STJ divide o poder de pol\u00edcia em quatro grupos (REsp 817.534\/MG): <strong>(i) legisla\u00e7\u00e3o, (ii) consentimento, (iii) fiscaliza\u00e7\u00e3o e (iv) san\u00e7\u00e3o. <\/strong>Entendeu o Superior Tribunal de Justi\u00e7a, naquela ocasi\u00e3o, que os atos relativos ao consentimento e a fiscaliza\u00e7\u00e3o s\u00e3o deleg\u00e1veis, enquanto as atividades legislativa e sancionat\u00f3ria s\u00e3o indeleg\u00e1veis.<\/p>\n<p style=\"text-align: justify\">Assim, as atividades de fiscaliza\u00e7\u00e3o e consentimento s\u00e3o pass\u00edveis de presta\u00e7\u00e3o por delega\u00e7\u00e3o ou por entidades administrativas de direito privado. Logo, est\u00e1 correta a op\u00e7\u00e3o A. Acrescento ainda que este tema ser\u00e1 discutido em repercuss\u00e3o geral no ARE 662186 RG\/MG, ainda pendente de julgamento.<\/p>\n<p style=\"text-align: justify\">A op\u00e7\u00e3o B tratou do poder discricion\u00e1rio.<\/p>\n<p style=\"text-align: justify\">O erro na alternativa C \u00e9 que o poder regulamentar n\u00e3o \u00e9 apto a criar direitos e obriga\u00e7\u00f5es.<\/p>\n<p style=\"text-align: justify\">A aplica\u00e7\u00e3o do poder disciplinar permite que a Administra\u00e7\u00e3o: (a) puna internamente os seus servidores pelo cometimento de infra\u00e7\u00f5es; (b) puna os particulares que cometam infra\u00e7\u00f5es no \u00e2mbito de algum <strong>v\u00ednculo jur\u00eddico espec\u00edfico com a Administra\u00e7\u00e3o <\/strong>(empresas contratadas pela Administra\u00e7\u00e3o P\u00fablica). Inexistindo o v\u00ednculo espec\u00edfico, ou seja, quando o particular n\u00e3o est\u00e1 sujeito \u00e0 disciplina interna da Administra\u00e7\u00e3o, n\u00e3o se aplica o poder disciplinar, mas sim o poder de pol\u00edcia. Logo, a alternativa D tamb\u00e9m est\u00e1 errada.<\/p>\n<p style=\"text-align: justify\">Por fim, o erro na op\u00e7\u00e3o E \u00e9 que s\u00e3o os Poderes Judici\u00e1rio e Legislativo que n\u00e3o possuem rela\u00e7\u00e3o hier\u00e1rquica em suas fun\u00e7\u00f5es t\u00edpicas. No exerc\u00edcio da fun\u00e7\u00e3o at\u00edpica de administrar, todos os Poderes possuem hierarquia.<\/p>\n<p style=\"text-align: justify\"><strong><span style=\"color: #000080\">Gabarito preliminar: A.<\/span><\/strong><\/p>\n<p style=\"text-align: justify\">51. Agente p\u00fablico municipal verifica uma irregularidade em um processo licitat\u00f3rio promovido por \u00f3rg\u00e3o da Administra\u00e7\u00e3o P\u00fablica Municipal, que causa a nulidade do certame. Em raz\u00e3o disso, deve ele<\/p>\n<p style=\"text-align: justify\">(A) revogar o certame, pois deve prevalecer o interesse p\u00fablico de que seja realizado um certame licitat\u00f3rio sem quaisquer v\u00edcios de legalidade.<\/p>\n<p style=\"text-align: justify\">(B) representar \u00e0 autoridade que lhe \u00e9 hierarquicamente superior, para que esta solicite a anula\u00e7\u00e3o do ato ao Poder Judici\u00e1rio, j\u00e1 que somente este pode invalidar tais atos.<\/p>\n<p style=\"text-align: justify\">(C) comunicar o fato aos licitantes, que s\u00e3o os \u00fanicos legitimados a provocar a Administra\u00e7\u00e3o, que poder\u00e1, ent\u00e3o, declarar a nulidade.<\/p>\n<p style=\"text-align: justify\">(D) instar a autoridade competente a promover a anula\u00e7\u00e3o do certame, j\u00e1 que a Administra\u00e7\u00e3o possui a prerrogativa de autotutela, que lhe permite rever os atos <em>ex officio<\/em>.<\/p>\n<p style=\"text-align: justify\">(E) instar a autoridade competente a promover a revoga\u00e7\u00e3o do certame, pois a prerrogativa da autotutela permite a revoga\u00e7\u00e3o, e n\u00e3o a anula\u00e7\u00e3o, dos atos administrativos.<\/p>\n<p style=\"text-align: justify\"><span style=\"text-decoration: underline\"><strong>Coment\u00e1rio<\/strong><\/span>: inicialmente, vamos dar uma olhada no conte\u00fado da S\u00famula 473 do STF, que fundamento o princ\u00edpio da autotutela da Administra\u00e7\u00e3o:<\/p>\n<p style=\"text-align: justify\">A Administra\u00e7\u00e3o pode <strong>anular<\/strong> seus pr\u00f3prios atos, quando eivados de v\u00edcios que os <strong>tornam ilegais<\/strong>, porque deles n\u00e3o se originam direitos; ou <strong>revog\u00e1-los<\/strong>, por motivo de conveni\u00eancia ou oportunidade, respeitados os direitos adquiridos, e ressalvada, em todos os casos, a aprecia\u00e7\u00e3o judicial.<\/p>\n<p style=\"text-align: justify\">O pr\u00f3prio enunciado descreveu que se trata de <strong>irregularidade que causa nulidade do certame.<\/strong> Assim, a medida adequada para a Administra\u00e7\u00e3o P\u00fablica \u00e9 promover a anula\u00e7\u00e3o da licita\u00e7\u00e3o. Com isso, j\u00e1 podemos descartar as op\u00e7\u00f5es A e E.<\/p>\n<p style=\"text-align: justify\">Tamb\u00e9m podemos descartar a alternativa B, uma vez que o poder de autotutela permite tanto a <strong>anula\u00e7\u00e3o<\/strong> quanto a <strong>revoga\u00e7\u00e3o<\/strong>.<\/p>\n<p style=\"text-align: justify\">Al\u00e9m disso, a alternativa C tamb\u00e9m est\u00e1 errada, uma vez que n\u00e3o s\u00e3o apenas os licitantes que possuem a prerrogativa de provocar a Administra\u00e7\u00e3o para promover a anula\u00e7\u00e3o da licita\u00e7\u00e3o. Por exemplo, o art. 41, \u00a71\u00ba, da Lei 8.666\/1993 disp\u00f5e que qualquer cidad\u00e3o \u00e9 parte leg\u00edtima para impugnar edital de licita\u00e7\u00e3o por irregularidade.<\/p>\n<p style=\"text-align: justify\">Ademais, todo agente p\u00fablico possui o poder-dever de representar \u00e0 autoridade competente sobre irregularidade constatada no exerc\u00edcio de suas fun\u00e7\u00f5es. Assim, o nosso gabarito \u00e9 a op\u00e7\u00e3o D, uma vez que o agente p\u00fablico dever\u00e1 provocar a autoridade competente a promover a anula\u00e7\u00e3o do certame, uma vez que a Administra\u00e7\u00e3o possui o poder de autotutela, podendo rever os seus pr\u00f3prios atos de of\u00edcio.<\/p>\n<p style=\"text-align: justify\"><span style=\"color: #000080\"><strong>Gabarito preliminar: D.<\/strong><\/span><\/p>\n<p style=\"text-align: justify\">52. O Tribunal de Contas do Estado de S\u00e3o Paulo verifica que, em determinada unidade da Prefeitura Municipal de S\u00e3o Jos\u00e9 do Rio Preto, foi realizada uma despesa ilegal. Neste caso, considerando os limites do controle externo previstos na Constitui\u00e7\u00e3o Federal, pode o Tribunal de Contas<\/p>\n<p style=\"text-align: justify\">(A) assinar prazo para que o \u00f3rg\u00e3o adote as provid\u00eancias de invalida\u00e7\u00e3o do ato ilegal.<\/p>\n<p style=\"text-align: justify\">(B) ressalvar a despesa ilegal na presta\u00e7\u00e3o de contas anual do Prefeito.<\/p>\n<p style=\"text-align: justify\">(C) representar ao Poder Executivo Municipal, para que anule a despesa.<\/p>\n<p style=\"text-align: justify\">(D) comunicar o fato \u00e0 C\u00e2mara Municipal, que poder\u00e1 invalidar a despesa.<\/p>\n<p style=\"text-align: justify\">(E) aplicar ao respons\u00e1vel multa proporcional ao dano causado ao er\u00e1rio.<\/p>\n<p style=\"text-align: justify\"><span style=\"text-decoration: underline\"><strong>Coment\u00e1rio:<\/strong><\/span> as compet\u00eancias do Tribunal de Contas da Uni\u00e3o constam no art. 71 da CF, nos seguintes termos:<\/p>\n<blockquote>\n<p style=\"text-align: justify\">Art. 71. O controle externo, a cargo do Congresso Nacional, ser\u00e1 exercido com o aux\u00edlio do Tribunal de Contas da Uni\u00e3o, ao qual compete:<\/p>\n<p style=\"text-align: justify\">I &#8211; apreciar as contas prestadas anualmente pelo Presidente da Rep\u00fablica, mediante parecer pr\u00e9vio que dever\u00e1 ser elaborado em sessenta dias a contar de seu recebimento;<\/p>\n<p style=\"text-align: justify\">II &#8211; julgar as contas dos administradores e demais respons\u00e1veis por dinheiros, bens e valores p\u00fablicos da administra\u00e7\u00e3o direta e indireta, inclu\u00eddas as funda\u00e7\u00f5es e sociedades institu\u00eddas e mantidas pelo Poder P\u00fablico federal, e as contas daqueles que derem causa a perda, extravio ou outra irregularidade de que resulte preju\u00edzo ao er\u00e1rio p\u00fablico;<\/p>\n<p style=\"text-align: justify\">III &#8211; apreciar, para fins de registro, a legalidade dos atos de admiss\u00e3o de pessoal, a qualquer t\u00edtulo, na administra\u00e7\u00e3o direta e indireta, inclu\u00eddas as funda\u00e7\u00f5es institu\u00eddas e mantidas pelo Poder P\u00fablico, excetuadas as nomea\u00e7\u00f5es para cargo de provimento em comiss\u00e3o, bem como a das concess\u00f5es de aposentadorias, reformas e pens\u00f5es, ressalvadas as melhorias posteriores que n\u00e3o alterem o fundamento legal do ato concess\u00f3rio;<\/p>\n<p style=\"text-align: justify\">IV &#8211; realizar, por iniciativa pr\u00f3pria, da C\u00e2mara dos Deputados, do Senado Federal, de Comiss\u00e3o t\u00e9cnica ou de inqu\u00e9rito, inspe\u00e7\u00f5es e auditorias de natureza cont\u00e1bil, financeira, or\u00e7ament\u00e1ria, operacional e patrimonial, nas unidades administrativas dos Poderes Legislativo, Executivo e Judici\u00e1rio, e demais entidades referidas no inciso II;<\/p>\n<p style=\"text-align: justify\">V &#8211; fiscalizar as contas nacionais das empresas supranacionais de cujo capital social a Uni\u00e3o participe, de forma direta ou indireta, nos termos do tratado constitutivo;<\/p>\n<p style=\"text-align: justify\">VI &#8211; fiscalizar a aplica\u00e7\u00e3o de quaisquer recursos repassados pela Uni\u00e3o mediante conv\u00eanio, acordo, ajuste ou outros instrumentos cong\u00eaneres, a Estado, ao Distrito Federal ou a Munic\u00edpio;<\/p>\n<p style=\"text-align: justify\">VII &#8211; prestar as informa\u00e7\u00f5es solicitadas pelo Congresso Nacional, por qualquer de suas Casas, ou por qualquer das respectivas Comiss\u00f5es, sobre a fiscaliza\u00e7\u00e3o cont\u00e1bil, financeira, or\u00e7ament\u00e1ria, operacional e patrimonial e sobre resultados de auditorias e inspe\u00e7\u00f5es realizadas;<\/p>\n<p style=\"text-align: justify\">VIII &#8211; <strong>aplicar aos respons\u00e1veis, em caso de ilegalidade de despesa<\/strong> ou irregularidade de contas, as san\u00e7\u00f5es previstas em lei, que estabelecer\u00e1, entre outras comina\u00e7\u00f5es, <strong>multa proporcional ao dano causado ao er\u00e1rio<\/strong>;<\/p>\n<p style=\"text-align: justify\">IX &#8211; assinar prazo para que o \u00f3rg\u00e3o ou entidade adote as provid\u00eancias necess\u00e1rias ao exato cumprimento da lei, se verificada ilegalidade;<\/p>\n<p style=\"text-align: justify\">X &#8211; sustar, se n\u00e3o atendido, a execu\u00e7\u00e3o do ato impugnado, comunicando a decis\u00e3o \u00e0 C\u00e2mara dos Deputados e ao Senado Federal;<\/p>\n<p style=\"text-align: justify\">XI &#8211; representar ao Poder competente sobre irregularidades ou abusos apurados.<\/p>\n<\/blockquote>\n<p style=\"text-align: justify\">&#8212;&#8211;<\/p>\n<p style=\"text-align: justify\">Tais compet\u00eancias aplicam-se por simetria aos demais tribunais de contas, inclusive o Tribunal de Contas do Estado de S\u00e3o Paulo, por for\u00e7a do art. 75 da Constitui\u00e7\u00e3o Federal.<\/p>\n<p style=\"text-align: justify\">Assim, em caso de ilegalidade de despesa, o Tribunal de Contas do Estado de S\u00e3o Paulo dever\u00e1 aplicar ao respons\u00e1vel multa proporcional ao dano, nos termos do art. 71, VIII, da CF.<\/p>\n<p style=\"text-align: justify\">Logo, o gabarito est\u00e1 correto.<\/p>\n<p style=\"text-align: justify\"><strong><span style=\"color: #000080\">Gabarito preliminar: E.<\/span><\/strong><\/p>\n<p style=\"text-align: justify\">&#8212;&#8211;<\/p>\n<p style=\"text-align: justify\">\u00c9 isso! Desde j\u00e1, desejo-lhes muito sucesso com o resultado final do concurso.<\/p>\n<p style=\"text-align: justify\">Abra\u00e7os!<\/p>\n<p style=\"text-align: justify\">Herbert Almeida<\/p>\n<p style=\"text-align: justify\">Para aqueles que\u00a0continuam na batalha, seguem os nossos cursos:<\/p>\n<p style=\"text-align: justify\">https:\/\/www.estrategiaconcursos.com.br\/cursosPorProfessor\/herbert-almeida-3314\/<\/p>\n","protected":false},"excerpt":{"rendered":"<p>Ol\u00e1 pessoal, tudo bem? Estou passando para comentar as quest\u00f5es de Direito Administrativo da prova de\u00a0Auditor Fiscal Tribut\u00e1rio Municipal para\u00a0o ISS\/S\u00e3o Jos\u00e9 do Rio Preto. Foram apenas quatro quest\u00f5es, de n\u00edvel intermedi\u00e1rio. Assim, quem fez o nosso curso, n\u00e3o teve nenhum trabalho em resolv\u00ea-las. Al\u00e9m disso, n\u00e3o vejo possibilidade de recursos em nenhuma delas. Seguem [&hellip;]<\/p>\n","protected":false},"author":129,"featured_media":0,"comment_status":"open","ping_status":"open","sticky":false,"template":"","format":"standard","meta":{"post_tipo":"article","footnotes":""},"categories":[],"tags":[502],"tax_estado":[],"class_list":["post-20128","post","type-post","status-publish","format-standard","hentry","tag-iss-sao-jose-do-rio-preto"],"acf":[],"yoast_head":"<!-- This site is optimized with the Yoast SEO Premium plugin v27.2 (Yoast SEO v27.2) - https:\/\/yoast.com\/product\/yoast-seo-premium-wordpress\/ -->\n<title>ISS - S\u00e3o Jos\u00e9 do Rio Preto - Coment\u00e1rios das quest\u00f5es de Direito Administrativo<\/title>\n<meta name=\"robots\" content=\"index, follow, max-snippet:-1, max-image-preview:large, max-video-preview:-1\" \/>\n<link rel=\"canonical\" href=\"https:\/\/www.estrategiaconcursos.com.br\/blog\/iss-sao-jose-rio-preto-comentarios-das-questoes-de-direito-administrativo\/\" \/>\n<meta property=\"og:locale\" content=\"pt_BR\" \/>\n<meta property=\"og:type\" content=\"article\" \/>\n<meta property=\"og:title\" content=\"ISS - S\u00e3o Jos\u00e9 do Rio Preto - Coment\u00e1rios das quest\u00f5es de Direito Administrativo\" \/>\n<meta property=\"og:description\" content=\"Ol\u00e1 pessoal, tudo bem? Estou passando para comentar as quest\u00f5es de Direito Administrativo da prova de\u00a0Auditor Fiscal Tribut\u00e1rio Municipal para\u00a0o ISS\/S\u00e3o Jos\u00e9 do Rio Preto. Foram apenas quatro quest\u00f5es, de n\u00edvel intermedi\u00e1rio. Assim, quem fez o nosso curso, n\u00e3o teve nenhum trabalho em resolv\u00ea-las. Al\u00e9m disso, n\u00e3o vejo possibilidade de recursos em nenhuma delas. Seguem [&hellip;]\" \/>\n<meta property=\"og:url\" content=\"https:\/\/www.estrategiaconcursos.com.br\/blog\/iss-sao-jose-rio-preto-comentarios-das-questoes-de-direito-administrativo\/\" \/>\n<meta property=\"og:site_name\" content=\"Estrat\u00e9gia Concursos\" \/>\n<meta property=\"article:published_time\" content=\"2014-12-24T15:21:36+00:00\" \/>\n<meta property=\"article:modified_time\" content=\"2015-01-05T12:40:50+00:00\" \/>\n<meta name=\"author\" content=\"Herbert Almeida\" \/>\n<meta name=\"twitter:card\" content=\"summary_large_image\" \/>\n<meta name=\"twitter:creator\" content=\"@EstratConcursos\" \/>\n<meta name=\"twitter:site\" content=\"@EstratConcursos\" \/>\n<meta name=\"twitter:label1\" content=\"Escrito por\" \/>\n\t<meta name=\"twitter:data1\" content=\"Herbert Almeida\" \/>\n\t<meta name=\"twitter:label2\" content=\"Est. tempo de leitura\" \/>\n\t<meta name=\"twitter:data2\" content=\"11 minutos\" \/>\n<script type=\"application\/ld+json\" class=\"yoast-schema-graph\">{\"@context\":\"https:\/\/schema.org\",\"@graph\":[{\"@type\":\"NewsArticle\",\"@id\":\"https:\/\/www.estrategiaconcursos.com.br\/blog\/iss-sao-jose-rio-preto-comentarios-das-questoes-de-direito-administrativo\/#article\",\"isPartOf\":{\"@id\":\"https:\/\/www.estrategiaconcursos.com.br\/blog\/iss-sao-jose-rio-preto-comentarios-das-questoes-de-direito-administrativo\/\"},\"author\":{\"name\":\"Herbert Almeida\",\"@id\":\"https:\/\/www.estrategiaconcursos.com.br\/blog\/#\/schema\/person\/59717c75350fa01aa0fd68a52a8d02e0\"},\"headline\":\"ISS &#8211; S\u00e3o Jos\u00e9 do Rio Preto &#8211; Coment\u00e1rios das quest\u00f5es de Direito Administrativo\",\"datePublished\":\"2014-12-24T15:21:36+00:00\",\"dateModified\":\"2015-01-05T12:40:50+00:00\",\"mainEntityOfPage\":{\"@id\":\"https:\/\/www.estrategiaconcursos.com.br\/blog\/iss-sao-jose-rio-preto-comentarios-das-questoes-de-direito-administrativo\/\"},\"wordCount\":2257,\"commentCount\":0,\"publisher\":{\"@id\":\"https:\/\/www.estrategiaconcursos.com.br\/blog\/#organization\"},\"keywords\":[\"ISS S\u00e3o Jos\u00e9 do Rio Preto\"],\"inLanguage\":\"pt-BR\",\"potentialAction\":[{\"@type\":\"CommentAction\",\"name\":\"Comment\",\"target\":[\"https:\/\/www.estrategiaconcursos.com.br\/blog\/iss-sao-jose-rio-preto-comentarios-das-questoes-de-direito-administrativo\/#respond\"]}],\"copyrightYear\":\"2014\",\"copyrightHolder\":{\"@id\":\"https:\/\/www.estrategiaconcursos.com.br\/blog\/#organization\"}},{\"@type\":\"WebPage\",\"@id\":\"https:\/\/www.estrategiaconcursos.com.br\/blog\/iss-sao-jose-rio-preto-comentarios-das-questoes-de-direito-administrativo\/\",\"url\":\"https:\/\/www.estrategiaconcursos.com.br\/blog\/iss-sao-jose-rio-preto-comentarios-das-questoes-de-direito-administrativo\/\",\"name\":\"ISS - S\u00e3o Jos\u00e9 do Rio Preto - Coment\u00e1rios das quest\u00f5es de Direito Administrativo\",\"isPartOf\":{\"@id\":\"https:\/\/www.estrategiaconcursos.com.br\/blog\/#website\"},\"datePublished\":\"2014-12-24T15:21:36+00:00\",\"dateModified\":\"2015-01-05T12:40:50+00:00\",\"breadcrumb\":{\"@id\":\"https:\/\/www.estrategiaconcursos.com.br\/blog\/iss-sao-jose-rio-preto-comentarios-das-questoes-de-direito-administrativo\/#breadcrumb\"},\"inLanguage\":\"pt-BR\",\"potentialAction\":[{\"@type\":\"ReadAction\",\"target\":[\"https:\/\/www.estrategiaconcursos.com.br\/blog\/iss-sao-jose-rio-preto-comentarios-das-questoes-de-direito-administrativo\/\"]}]},{\"@type\":\"BreadcrumbList\",\"@id\":\"https:\/\/www.estrategiaconcursos.com.br\/blog\/iss-sao-jose-rio-preto-comentarios-das-questoes-de-direito-administrativo\/#breadcrumb\",\"itemListElement\":[{\"@type\":\"ListItem\",\"position\":1,\"name\":\"In\u00edcio\",\"item\":\"https:\/\/www.estrategiaconcursos.com.br\/blog\/\"},{\"@type\":\"ListItem\",\"position\":2,\"name\":\"ISS &#8211; S\u00e3o Jos\u00e9 do Rio Preto &#8211; Coment\u00e1rios das quest\u00f5es de Direito Administrativo\"}]},{\"@type\":\"WebSite\",\"@id\":\"https:\/\/www.estrategiaconcursos.com.br\/blog\/#website\",\"url\":\"https:\/\/www.estrategiaconcursos.com.br\/blog\/\",\"name\":\"Estrat\u00e9gia Concursos\",\"description\":\"O blog da Estrat\u00e9gia Concursos traz not\u00edcias sobre concursos e artigos de professores oferecendo cursos para concursos (pdf + videaulas) no site.\",\"publisher\":{\"@id\":\"https:\/\/www.estrategiaconcursos.com.br\/blog\/#organization\"},\"potentialAction\":[{\"@type\":\"SearchAction\",\"target\":{\"@type\":\"EntryPoint\",\"urlTemplate\":\"https:\/\/www.estrategiaconcursos.com.br\/blog\/?s={search_term_string}\"},\"query-input\":{\"@type\":\"PropertyValueSpecification\",\"valueRequired\":true,\"valueName\":\"search_term_string\"}}],\"inLanguage\":\"pt-BR\"},{\"@type\":\"Organization\",\"@id\":\"https:\/\/www.estrategiaconcursos.com.br\/blog\/#organization\",\"name\":\"Estrat\u00e9gia Concursos\",\"url\":\"https:\/\/www.estrategiaconcursos.com.br\/blog\/\",\"logo\":{\"@type\":\"ImageObject\",\"inLanguage\":\"pt-BR\",\"@id\":\"https:\/\/www.estrategiaconcursos.com.br\/blog\/#\/schema\/logo\/image\/\",\"url\":\"https:\/\/dhg1h5j42swfq.cloudfront.net\/2025\/06\/03203428\/logo_concursos-1.jpg\",\"contentUrl\":\"https:\/\/dhg1h5j42swfq.cloudfront.net\/2025\/06\/03203428\/logo_concursos-1.jpg\",\"width\":230,\"height\":60,\"caption\":\"Estrat\u00e9gia Concursos\"},\"image\":{\"@id\":\"https:\/\/www.estrategiaconcursos.com.br\/blog\/#\/schema\/logo\/image\/\"},\"sameAs\":[\"https:\/\/x.com\/EstratConcursos\"]},{\"@type\":\"Person\",\"@id\":\"https:\/\/www.estrategiaconcursos.com.br\/blog\/#\/schema\/person\/59717c75350fa01aa0fd68a52a8d02e0\",\"name\":\"Herbert Almeida\",\"image\":{\"@type\":\"ImageObject\",\"inLanguage\":\"pt-BR\",\"@id\":\"https:\/\/secure.gravatar.com\/avatar\/b6461a43893c24d5fc91efc433971ffec025c84c0341129f4578034d77f9a536?s=96&d=mm&r=g\",\"url\":\"https:\/\/secure.gravatar.com\/avatar\/b6461a43893c24d5fc91efc433971ffec025c84c0341129f4578034d77f9a536?s=96&d=mm&r=g\",\"contentUrl\":\"https:\/\/secure.gravatar.com\/avatar\/b6461a43893c24d5fc91efc433971ffec025c84c0341129f4578034d77f9a536?s=96&d=mm&r=g\",\"caption\":\"Herbert Almeida\"},\"url\":\"https:\/\/www.estrategiaconcursos.com.br\/blog\/author\/herbertestrategiaconcursos-com-br\/\"}]}<\/script>\n<!-- \/ Yoast SEO Premium plugin. -->","yoast_head_json":{"title":"ISS - S\u00e3o Jos\u00e9 do Rio Preto - Coment\u00e1rios das quest\u00f5es de Direito Administrativo","robots":{"index":"index","follow":"follow","max-snippet":"max-snippet:-1","max-image-preview":"max-image-preview:large","max-video-preview":"max-video-preview:-1"},"canonical":"https:\/\/www.estrategiaconcursos.com.br\/blog\/iss-sao-jose-rio-preto-comentarios-das-questoes-de-direito-administrativo\/","og_locale":"pt_BR","og_type":"article","og_title":"ISS - S\u00e3o Jos\u00e9 do Rio Preto - Coment\u00e1rios das quest\u00f5es de Direito Administrativo","og_description":"Ol\u00e1 pessoal, tudo bem? Estou passando para comentar as quest\u00f5es de Direito Administrativo da prova de\u00a0Auditor Fiscal Tribut\u00e1rio Municipal para\u00a0o ISS\/S\u00e3o Jos\u00e9 do Rio Preto. Foram apenas quatro quest\u00f5es, de n\u00edvel intermedi\u00e1rio. Assim, quem fez o nosso curso, n\u00e3o teve nenhum trabalho em resolv\u00ea-las. Al\u00e9m disso, n\u00e3o vejo possibilidade de recursos em nenhuma delas. Seguem [&hellip;]","og_url":"https:\/\/www.estrategiaconcursos.com.br\/blog\/iss-sao-jose-rio-preto-comentarios-das-questoes-de-direito-administrativo\/","og_site_name":"Estrat\u00e9gia Concursos","article_published_time":"2014-12-24T15:21:36+00:00","article_modified_time":"2015-01-05T12:40:50+00:00","author":"Herbert Almeida","twitter_card":"summary_large_image","twitter_creator":"@EstratConcursos","twitter_site":"@EstratConcursos","twitter_misc":{"Escrito por":"Herbert Almeida","Est. tempo de leitura":"11 minutos"},"schema":{"@context":"https:\/\/schema.org","@graph":[{"@type":"NewsArticle","@id":"https:\/\/www.estrategiaconcursos.com.br\/blog\/iss-sao-jose-rio-preto-comentarios-das-questoes-de-direito-administrativo\/#article","isPartOf":{"@id":"https:\/\/www.estrategiaconcursos.com.br\/blog\/iss-sao-jose-rio-preto-comentarios-das-questoes-de-direito-administrativo\/"},"author":{"name":"Herbert Almeida","@id":"https:\/\/www.estrategiaconcursos.com.br\/blog\/#\/schema\/person\/59717c75350fa01aa0fd68a52a8d02e0"},"headline":"ISS &#8211; S\u00e3o Jos\u00e9 do Rio Preto &#8211; Coment\u00e1rios das quest\u00f5es de Direito Administrativo","datePublished":"2014-12-24T15:21:36+00:00","dateModified":"2015-01-05T12:40:50+00:00","mainEntityOfPage":{"@id":"https:\/\/www.estrategiaconcursos.com.br\/blog\/iss-sao-jose-rio-preto-comentarios-das-questoes-de-direito-administrativo\/"},"wordCount":2257,"commentCount":0,"publisher":{"@id":"https:\/\/www.estrategiaconcursos.com.br\/blog\/#organization"},"keywords":["ISS S\u00e3o Jos\u00e9 do Rio Preto"],"inLanguage":"pt-BR","potentialAction":[{"@type":"CommentAction","name":"Comment","target":["https:\/\/www.estrategiaconcursos.com.br\/blog\/iss-sao-jose-rio-preto-comentarios-das-questoes-de-direito-administrativo\/#respond"]}],"copyrightYear":"2014","copyrightHolder":{"@id":"https:\/\/www.estrategiaconcursos.com.br\/blog\/#organization"}},{"@type":"WebPage","@id":"https:\/\/www.estrategiaconcursos.com.br\/blog\/iss-sao-jose-rio-preto-comentarios-das-questoes-de-direito-administrativo\/","url":"https:\/\/www.estrategiaconcursos.com.br\/blog\/iss-sao-jose-rio-preto-comentarios-das-questoes-de-direito-administrativo\/","name":"ISS - S\u00e3o Jos\u00e9 do Rio Preto - Coment\u00e1rios das quest\u00f5es de Direito Administrativo","isPartOf":{"@id":"https:\/\/www.estrategiaconcursos.com.br\/blog\/#website"},"datePublished":"2014-12-24T15:21:36+00:00","dateModified":"2015-01-05T12:40:50+00:00","breadcrumb":{"@id":"https:\/\/www.estrategiaconcursos.com.br\/blog\/iss-sao-jose-rio-preto-comentarios-das-questoes-de-direito-administrativo\/#breadcrumb"},"inLanguage":"pt-BR","potentialAction":[{"@type":"ReadAction","target":["https:\/\/www.estrategiaconcursos.com.br\/blog\/iss-sao-jose-rio-preto-comentarios-das-questoes-de-direito-administrativo\/"]}]},{"@type":"BreadcrumbList","@id":"https:\/\/www.estrategiaconcursos.com.br\/blog\/iss-sao-jose-rio-preto-comentarios-das-questoes-de-direito-administrativo\/#breadcrumb","itemListElement":[{"@type":"ListItem","position":1,"name":"In\u00edcio","item":"https:\/\/www.estrategiaconcursos.com.br\/blog\/"},{"@type":"ListItem","position":2,"name":"ISS &#8211; S\u00e3o Jos\u00e9 do Rio Preto &#8211; Coment\u00e1rios das quest\u00f5es de Direito Administrativo"}]},{"@type":"WebSite","@id":"https:\/\/www.estrategiaconcursos.com.br\/blog\/#website","url":"https:\/\/www.estrategiaconcursos.com.br\/blog\/","name":"Estrat\u00e9gia Concursos","description":"O blog da Estrat\u00e9gia Concursos traz not\u00edcias sobre concursos e artigos de professores oferecendo cursos para concursos (pdf + videaulas) no site.","publisher":{"@id":"https:\/\/www.estrategiaconcursos.com.br\/blog\/#organization"},"potentialAction":[{"@type":"SearchAction","target":{"@type":"EntryPoint","urlTemplate":"https:\/\/www.estrategiaconcursos.com.br\/blog\/?s={search_term_string}"},"query-input":{"@type":"PropertyValueSpecification","valueRequired":true,"valueName":"search_term_string"}}],"inLanguage":"pt-BR"},{"@type":"Organization","@id":"https:\/\/www.estrategiaconcursos.com.br\/blog\/#organization","name":"Estrat\u00e9gia Concursos","url":"https:\/\/www.estrategiaconcursos.com.br\/blog\/","logo":{"@type":"ImageObject","inLanguage":"pt-BR","@id":"https:\/\/www.estrategiaconcursos.com.br\/blog\/#\/schema\/logo\/image\/","url":"https:\/\/dhg1h5j42swfq.cloudfront.net\/2025\/06\/03203428\/logo_concursos-1.jpg","contentUrl":"https:\/\/dhg1h5j42swfq.cloudfront.net\/2025\/06\/03203428\/logo_concursos-1.jpg","width":230,"height":60,"caption":"Estrat\u00e9gia Concursos"},"image":{"@id":"https:\/\/www.estrategiaconcursos.com.br\/blog\/#\/schema\/logo\/image\/"},"sameAs":["https:\/\/x.com\/EstratConcursos"]},{"@type":"Person","@id":"https:\/\/www.estrategiaconcursos.com.br\/blog\/#\/schema\/person\/59717c75350fa01aa0fd68a52a8d02e0","name":"Herbert Almeida","image":{"@type":"ImageObject","inLanguage":"pt-BR","@id":"https:\/\/secure.gravatar.com\/avatar\/b6461a43893c24d5fc91efc433971ffec025c84c0341129f4578034d77f9a536?s=96&d=mm&r=g","url":"https:\/\/secure.gravatar.com\/avatar\/b6461a43893c24d5fc91efc433971ffec025c84c0341129f4578034d77f9a536?s=96&d=mm&r=g","contentUrl":"https:\/\/secure.gravatar.com\/avatar\/b6461a43893c24d5fc91efc433971ffec025c84c0341129f4578034d77f9a536?s=96&d=mm&r=g","caption":"Herbert Almeida"},"url":"https:\/\/www.estrategiaconcursos.com.br\/blog\/author\/herbertestrategiaconcursos-com-br\/"}]}},"_links":{"self":[{"href":"https:\/\/www.estrategiaconcursos.com.br\/blog\/wp-json\/wp\/v2\/posts\/20128","targetHints":{"allow":["GET"]}}],"collection":[{"href":"https:\/\/www.estrategiaconcursos.com.br\/blog\/wp-json\/wp\/v2\/posts"}],"about":[{"href":"https:\/\/www.estrategiaconcursos.com.br\/blog\/wp-json\/wp\/v2\/types\/post"}],"author":[{"embeddable":true,"href":"https:\/\/www.estrategiaconcursos.com.br\/blog\/wp-json\/wp\/v2\/users\/129"}],"replies":[{"embeddable":true,"href":"https:\/\/www.estrategiaconcursos.com.br\/blog\/wp-json\/wp\/v2\/comments?post=20128"}],"version-history":[{"count":2,"href":"https:\/\/www.estrategiaconcursos.com.br\/blog\/wp-json\/wp\/v2\/posts\/20128\/revisions"}],"predecessor-version":[{"id":20130,"href":"https:\/\/www.estrategiaconcursos.com.br\/blog\/wp-json\/wp\/v2\/posts\/20128\/revisions\/20130"}],"wp:attachment":[{"href":"https:\/\/www.estrategiaconcursos.com.br\/blog\/wp-json\/wp\/v2\/media?parent=20128"}],"wp:term":[{"taxonomy":"category","embeddable":true,"href":"https:\/\/www.estrategiaconcursos.com.br\/blog\/wp-json\/wp\/v2\/categories?post=20128"},{"taxonomy":"post_tag","embeddable":true,"href":"https:\/\/www.estrategiaconcursos.com.br\/blog\/wp-json\/wp\/v2\/tags?post=20128"},{"taxonomy":"tax_estado","embeddable":true,"href":"https:\/\/www.estrategiaconcursos.com.br\/blog\/wp-json\/wp\/v2\/tax_estado?post=20128"}],"curies":[{"name":"wp","href":"https:\/\/api.w.org\/{rel}","templated":true}]}}