{"id":20126,"date":"2014-12-24T11:41:53","date_gmt":"2014-12-24T14:41:53","guid":{"rendered":"https:\/\/www.estrategiaconcursos.com.br\/blog\/?p=20126"},"modified":"2016-07-22T18:14:15","modified_gmt":"2016-07-22T21:14:15","slug":"prova-comentada-direito-constitucional-policia-federal-2014","status":"publish","type":"post","link":"https:\/\/www.estrategiaconcursos.com.br\/blog\/prova-comentada-direito-constitucional-policia-federal-2014\/","title":{"rendered":"Prova Comentada &#8211; Direito Constitucional &#8211; Pol\u00edcia Federal 2014"},"content":{"rendered":"<p>Ol\u00e1, pessoal! Tudo bem?<\/p>\n<p>Segue, abaixo, a prova comentada de Direito Constitucional, do concurso de Agente da Pol\u00edcia Federal &#8211; 2014. Infelizmente, n\u00e3o vejo possibilidades de recurso em Direito Constitucional!<\/p>\n<p><strong>Um agente da Pol\u00edcia Federal foi escalado para atuar em opera\u00e7\u00e3o para cumprimento de mandado judicial de pris\u00e3o e de busca e apreens\u00e3o, durante o dia, de documentos no escrit\u00f3rio profissional do investigado.<\/strong><\/p>\n<p><strong>A respeito da atua\u00e7\u00e3o do agente na situa\u00e7\u00e3o descrita acima, julgue os itens a seguir<\/strong>.<\/p>\n<p><strong>113 O agente poder\u00e1 acessar o conte\u00fado de correspond\u00eancias encontradas no escrit\u00f3rio profissional do investigado, uma vez que est\u00e1 prevista na CF, de forma expressa, a possibilidade de viola\u00e7\u00e3o do sigilo das correspond\u00eancias quando houver ordem judicial em processo penal<\/strong>.<\/p>\n<p><strong>Coment\u00e1rios<\/strong>:<\/p>\n<p>A CF\/88 apenas prev\u00ea, <strong><em>expressamente<\/em><\/strong>, a viola\u00e7\u00e3o do sigilo das comunica\u00e7\u00f5es telef\u00f4nicas mediante ordem judicial. O sigilo das correspond\u00eancias n\u00e3o \u00e9 absoluto e pode ser violado por ordem judicial. Por\u00e9m, isso n\u00e3o est\u00e1 expresso na CF\/88. Quest\u00e3o errada.<\/p>\n<p><strong>114 Mesmo que o investigado ofere\u00e7a resist\u00eancia \u00e0 ordem de pris\u00e3o, n\u00e3o ser\u00e1 poss\u00edvel o uso de algemas para conduzi-lo, uma vez que a CF garante que nenhum cidad\u00e3o ser\u00e1 submetido a tratamento desumano ou degradante<\/strong>.<\/p>\n<p><strong>Coment\u00e1rios<\/strong>:<\/p>\n<p>A resposta a essa quest\u00e3o exigia o conhecimento da S\u00famula Vinculante n\u00ba 11, que disp\u00f5e o seguinte:<\/p>\n<p><strong>S\u00famula Vinculante n\u00ba 11:<\/strong> <em>\u201cS\u00f3 \u00e9 l\u00edcito o uso de algemas em caso de resist\u00eancia e de fundado receio de fuga ou de perigo \u00e0 integridade f\u00edsica pr\u00f3pria ou alheia, por parte do preso ou de terceiros, justificada a excepcionalidade por escrito, sob pena de responsabilidade disciplinar civil e penal do agente ou da autoridade e de nulidade da pris\u00e3o ou do ato processual a que se refere, sem preju\u00edzo da responsabilidade civil do Estado\u201d<\/em><\/p>\n<p>Pela leitura dessa S\u00famula Vinculante, \u00e9 poss\u00edvel perceber que, em caso de resist\u00eancia \u00e0 ordem de pris\u00e3o, \u00e9 poss\u00edvel o uso de algemas. Quest\u00e3o errada.<\/p>\n<p><strong>115 Mesmo sem o consentimento do propriet\u00e1rio, \u00e9 permitido ao agente entrar no escrit\u00f3rio profissional onde se encontrem os objetos de busca e apreens\u00e3o<\/strong>.<\/p>\n<p><strong>Coment\u00e1rios<\/strong>:<\/p>\n<p>\u00c9 isso mesmo. O agente da Pol\u00edcia Federal, <strong><em>por possuir uma ordem judicial,<\/em><\/strong> <strong><em>n\u00e3o precisa do consentimento<\/em><\/strong> do propriet\u00e1rio para entrar em seu escrit\u00f3rio profissional. \u00c9 o que se pode entender a partir da leitura do art. 5\u00ba, XI, CF\/88.<\/p>\n<p><strong>XI &#8211;<\/strong> a casa \u00e9 asilo inviol\u00e1vel do indiv\u00edduo, ningu\u00e9m nela podendo penetrar sem consentimento do morador, salvo em caso de flagrante delito ou desastre, ou para prestar socorro, ou, durante o dia, por determina\u00e7\u00e3o judicial;<\/p>\n<p>Quest\u00e3o correta.<\/p>\n<p><strong>A respeito dos direitos sociais e das institui\u00e7\u00f5es democr\u00e1ticas, julgue o item abaixo.<\/strong><\/p>\n<p><strong>116 \u00c9 livre a associa\u00e7\u00e3o sindical das categoriais profissionais, sendo vedado ao poder p\u00fablico exigir, para a funda\u00e7\u00e3o de um sindicato, que haja seu registro pr\u00e9vio em \u00f3rg\u00e3o competente<\/strong>.<\/p>\n<p><strong>Coment\u00e1rios<\/strong>:<\/p>\n<p>Segundo o art. 8\u00ba, I, CF\/88, a lei <strong><em>n\u00e3o poder\u00e1 exigir autoriza\u00e7\u00e3o<\/em><\/strong> do Estado para a funda\u00e7\u00e3o de sindicato, <strong><em>ressalvado o registro no \u00f3rg\u00e3o competente<\/em><\/strong>, vedadas ao Poder P\u00fablico a interfer\u00eancia e a interven\u00e7\u00e3o na organiza\u00e7\u00e3o sindical. Assim, ao contr\u00e1rio do que diz o enunciado, \u00e9 poss\u00edvel que seja exigido o registro pr\u00e9vio em \u00f3rg\u00e3o competente para a funda\u00e7\u00e3o do sindicato. Quest\u00e3o errada.<\/p>\n<p>&#8230;<\/p>\n<p>Abra\u00e7os,<\/p>\n<p>N\u00e1dia Carolina<\/p>\n","protected":false},"excerpt":{"rendered":"<p>Ol\u00e1, pessoal! Tudo bem? Segue, abaixo, a prova comentada de Direito Constitucional, do concurso de Agente da Pol\u00edcia Federal &#8211; 2014. Infelizmente, n\u00e3o vejo possibilidades de recurso em Direito Constitucional! Um agente da Pol\u00edcia Federal foi escalado para atuar em opera\u00e7\u00e3o para cumprimento de mandado judicial de pris\u00e3o e de busca e apreens\u00e3o, durante o [&hellip;]<\/p>\n","protected":false},"author":58,"featured_media":0,"comment_status":"open","ping_status":"open","sticky":false,"template":"","format":"standard","meta":{"post_tipo":"article","footnotes":""},"categories":[1988],"tags":[500],"tax_estado":[],"class_list":["post-20126","post","type-post","status-publish","format-standard","hentry","category-policia","tag-policia-federal"],"acf":[],"yoast_head":"<!-- This site is optimized with the Yoast SEO Premium plugin v27.2 (Yoast SEO v27.2) - https:\/\/yoast.com\/product\/yoast-seo-premium-wordpress\/ -->\n<title>Prova Comentada - Direito Constitucional - Pol\u00edcia Federal 2014<\/title>\n<meta name=\"description\" content=\"Nesse artigo, a Prof\u00aa N\u00e1dia Carolina comenta a prova de Direito Constitucional, do concurso da Pol\u00edcia Federal 2014.\" \/>\n<meta name=\"robots\" content=\"index, follow, max-snippet:-1, max-image-preview:large, max-video-preview:-1\" \/>\n<link rel=\"canonical\" href=\"https:\/\/www.estrategiaconcursos.com.br\/blog\/prova-comentada-direito-constitucional-policia-federal-2014\/\" \/>\n<meta property=\"og:locale\" content=\"pt_BR\" \/>\n<meta property=\"og:type\" content=\"article\" \/>\n<meta property=\"og:title\" content=\"Prova Comentada - Direito Constitucional - Pol\u00edcia Federal 2014\" \/>\n<meta property=\"og:description\" content=\"Nesse artigo, a Prof\u00aa N\u00e1dia Carolina comenta a prova de Direito Constitucional, do concurso da Pol\u00edcia Federal 2014.\" \/>\n<meta property=\"og:url\" content=\"https:\/\/www.estrategiaconcursos.com.br\/blog\/prova-comentada-direito-constitucional-policia-federal-2014\/\" \/>\n<meta property=\"og:site_name\" content=\"Estrat\u00e9gia Concursos\" \/>\n<meta property=\"article:author\" content=\"https:\/\/www.facebook.com\/nadia.c.santos.16\" \/>\n<meta property=\"article:published_time\" content=\"2014-12-24T14:41:53+00:00\" \/>\n<meta property=\"article:modified_time\" content=\"2016-07-22T21:14:15+00:00\" \/>\n<meta name=\"author\" content=\"N\u00e1dia Carolina\" \/>\n<meta name=\"twitter:card\" content=\"summary_large_image\" \/>\n<meta name=\"twitter:creator\" content=\"@EstratConcursos\" \/>\n<meta name=\"twitter:site\" content=\"@EstratConcursos\" \/>\n<meta name=\"twitter:label1\" content=\"Escrito por\" \/>\n\t<meta name=\"twitter:data1\" content=\"N\u00e1dia Carolina\" \/>\n\t<meta name=\"twitter:label2\" content=\"Est. tempo de leitura\" \/>\n\t<meta name=\"twitter:data2\" content=\"3 minutos\" \/>\n<script type=\"application\/ld+json\" class=\"yoast-schema-graph\">{\"@context\":\"https:\/\/schema.org\",\"@graph\":[{\"@type\":\"NewsArticle\",\"@id\":\"https:\/\/www.estrategiaconcursos.com.br\/blog\/prova-comentada-direito-constitucional-policia-federal-2014\/#article\",\"isPartOf\":{\"@id\":\"https:\/\/www.estrategiaconcursos.com.br\/blog\/prova-comentada-direito-constitucional-policia-federal-2014\/\"},\"author\":{\"name\":\"N\u00e1dia Carolina\",\"@id\":\"https:\/\/www.estrategiaconcursos.com.br\/blog\/#\/schema\/person\/bf1b1d1865628ae32d608d5bad5442c6\"},\"headline\":\"Prova Comentada &#8211; Direito Constitucional &#8211; Pol\u00edcia Federal 2014\",\"datePublished\":\"2014-12-24T14:41:53+00:00\",\"dateModified\":\"2016-07-22T21:14:15+00:00\",\"mainEntityOfPage\":{\"@id\":\"https:\/\/www.estrategiaconcursos.com.br\/blog\/prova-comentada-direito-constitucional-policia-federal-2014\/\"},\"wordCount\":593,\"commentCount\":3,\"publisher\":{\"@id\":\"https:\/\/www.estrategiaconcursos.com.br\/blog\/#organization\"},\"keywords\":[\"Policia Federal\"],\"articleSection\":[\"Policial (Agente, Escriv\u00e3o e Investigador)\"],\"inLanguage\":\"pt-BR\",\"potentialAction\":[{\"@type\":\"CommentAction\",\"name\":\"Comment\",\"target\":[\"https:\/\/www.estrategiaconcursos.com.br\/blog\/prova-comentada-direito-constitucional-policia-federal-2014\/#respond\"]}],\"copyrightYear\":\"2014\",\"copyrightHolder\":{\"@id\":\"https:\/\/www.estrategiaconcursos.com.br\/blog\/#organization\"}},{\"@type\":\"WebPage\",\"@id\":\"https:\/\/www.estrategiaconcursos.com.br\/blog\/prova-comentada-direito-constitucional-policia-federal-2014\/\",\"url\":\"https:\/\/www.estrategiaconcursos.com.br\/blog\/prova-comentada-direito-constitucional-policia-federal-2014\/\",\"name\":\"Prova Comentada - Direito Constitucional - Pol\u00edcia Federal 2014\",\"isPartOf\":{\"@id\":\"https:\/\/www.estrategiaconcursos.com.br\/blog\/#website\"},\"datePublished\":\"2014-12-24T14:41:53+00:00\",\"dateModified\":\"2016-07-22T21:14:15+00:00\",\"description\":\"Nesse artigo, a Prof\u00aa N\u00e1dia Carolina comenta a prova de Direito Constitucional, do concurso da Pol\u00edcia Federal 2014.\",\"breadcrumb\":{\"@id\":\"https:\/\/www.estrategiaconcursos.com.br\/blog\/prova-comentada-direito-constitucional-policia-federal-2014\/#breadcrumb\"},\"inLanguage\":\"pt-BR\",\"potentialAction\":[{\"@type\":\"ReadAction\",\"target\":[\"https:\/\/www.estrategiaconcursos.com.br\/blog\/prova-comentada-direito-constitucional-policia-federal-2014\/\"]}]},{\"@type\":\"BreadcrumbList\",\"@id\":\"https:\/\/www.estrategiaconcursos.com.br\/blog\/prova-comentada-direito-constitucional-policia-federal-2014\/#breadcrumb\",\"itemListElement\":[{\"@type\":\"ListItem\",\"position\":1,\"name\":\"In\u00edcio\",\"item\":\"https:\/\/www.estrategiaconcursos.com.br\/blog\/\"},{\"@type\":\"ListItem\",\"position\":2,\"name\":\"Prova Comentada &#8211; Direito Constitucional &#8211; Pol\u00edcia Federal 2014\"}]},{\"@type\":\"WebSite\",\"@id\":\"https:\/\/www.estrategiaconcursos.com.br\/blog\/#website\",\"url\":\"https:\/\/www.estrategiaconcursos.com.br\/blog\/\",\"name\":\"Estrat\u00e9gia Concursos\",\"description\":\"O blog da Estrat\u00e9gia Concursos traz not\u00edcias sobre concursos e artigos de professores oferecendo cursos para concursos (pdf + videaulas) no site.\",\"publisher\":{\"@id\":\"https:\/\/www.estrategiaconcursos.com.br\/blog\/#organization\"},\"potentialAction\":[{\"@type\":\"SearchAction\",\"target\":{\"@type\":\"EntryPoint\",\"urlTemplate\":\"https:\/\/www.estrategiaconcursos.com.br\/blog\/?s={search_term_string}\"},\"query-input\":{\"@type\":\"PropertyValueSpecification\",\"valueRequired\":true,\"valueName\":\"search_term_string\"}}],\"inLanguage\":\"pt-BR\"},{\"@type\":\"Organization\",\"@id\":\"https:\/\/www.estrategiaconcursos.com.br\/blog\/#organization\",\"name\":\"Estrat\u00e9gia Concursos\",\"url\":\"https:\/\/www.estrategiaconcursos.com.br\/blog\/\",\"logo\":{\"@type\":\"ImageObject\",\"inLanguage\":\"pt-BR\",\"@id\":\"https:\/\/www.estrategiaconcursos.com.br\/blog\/#\/schema\/logo\/image\/\",\"url\":\"https:\/\/dhg1h5j42swfq.cloudfront.net\/2025\/06\/03203428\/logo_concursos-1.jpg\",\"contentUrl\":\"https:\/\/dhg1h5j42swfq.cloudfront.net\/2025\/06\/03203428\/logo_concursos-1.jpg\",\"width\":230,\"height\":60,\"caption\":\"Estrat\u00e9gia Concursos\"},\"image\":{\"@id\":\"https:\/\/www.estrategiaconcursos.com.br\/blog\/#\/schema\/logo\/image\/\"},\"sameAs\":[\"https:\/\/x.com\/EstratConcursos\"]},{\"@type\":\"Person\",\"@id\":\"https:\/\/www.estrategiaconcursos.com.br\/blog\/#\/schema\/person\/bf1b1d1865628ae32d608d5bad5442c6\",\"name\":\"N\u00e1dia Carolina\",\"image\":{\"@type\":\"ImageObject\",\"inLanguage\":\"pt-BR\",\"@id\":\"https:\/\/secure.gravatar.com\/avatar\/0ec0c484339a071f22ea5ced30956ccdaab0f83125b2dc1857c3b038404136a7?s=96&d=mm&r=g\",\"url\":\"https:\/\/secure.gravatar.com\/avatar\/0ec0c484339a071f22ea5ced30956ccdaab0f83125b2dc1857c3b038404136a7?s=96&d=mm&r=g\",\"contentUrl\":\"https:\/\/secure.gravatar.com\/avatar\/0ec0c484339a071f22ea5ced30956ccdaab0f83125b2dc1857c3b038404136a7?s=96&d=mm&r=g\",\"caption\":\"N\u00e1dia Carolina\"},\"sameAs\":[\"https:\/\/www.facebook.com\/nadia.c.santos.16\"],\"url\":\"https:\/\/www.estrategiaconcursos.com.br\/blog\/author\/nadiaestrategiaconcursos-com-br\/\"}]}<\/script>\n<!-- \/ Yoast SEO Premium plugin. -->","yoast_head_json":{"title":"Prova Comentada - Direito Constitucional - Pol\u00edcia Federal 2014","description":"Nesse artigo, a Prof\u00aa N\u00e1dia Carolina comenta a prova de Direito Constitucional, do concurso da Pol\u00edcia Federal 2014.","robots":{"index":"index","follow":"follow","max-snippet":"max-snippet:-1","max-image-preview":"max-image-preview:large","max-video-preview":"max-video-preview:-1"},"canonical":"https:\/\/www.estrategiaconcursos.com.br\/blog\/prova-comentada-direito-constitucional-policia-federal-2014\/","og_locale":"pt_BR","og_type":"article","og_title":"Prova Comentada - Direito Constitucional - Pol\u00edcia Federal 2014","og_description":"Nesse artigo, a Prof\u00aa N\u00e1dia Carolina comenta a prova de Direito Constitucional, do concurso da Pol\u00edcia Federal 2014.","og_url":"https:\/\/www.estrategiaconcursos.com.br\/blog\/prova-comentada-direito-constitucional-policia-federal-2014\/","og_site_name":"Estrat\u00e9gia Concursos","article_author":"https:\/\/www.facebook.com\/nadia.c.santos.16","article_published_time":"2014-12-24T14:41:53+00:00","article_modified_time":"2016-07-22T21:14:15+00:00","author":"N\u00e1dia Carolina","twitter_card":"summary_large_image","twitter_creator":"@EstratConcursos","twitter_site":"@EstratConcursos","twitter_misc":{"Escrito por":"N\u00e1dia Carolina","Est. tempo de leitura":"3 minutos"},"schema":{"@context":"https:\/\/schema.org","@graph":[{"@type":"NewsArticle","@id":"https:\/\/www.estrategiaconcursos.com.br\/blog\/prova-comentada-direito-constitucional-policia-federal-2014\/#article","isPartOf":{"@id":"https:\/\/www.estrategiaconcursos.com.br\/blog\/prova-comentada-direito-constitucional-policia-federal-2014\/"},"author":{"name":"N\u00e1dia Carolina","@id":"https:\/\/www.estrategiaconcursos.com.br\/blog\/#\/schema\/person\/bf1b1d1865628ae32d608d5bad5442c6"},"headline":"Prova Comentada &#8211; Direito Constitucional &#8211; Pol\u00edcia Federal 2014","datePublished":"2014-12-24T14:41:53+00:00","dateModified":"2016-07-22T21:14:15+00:00","mainEntityOfPage":{"@id":"https:\/\/www.estrategiaconcursos.com.br\/blog\/prova-comentada-direito-constitucional-policia-federal-2014\/"},"wordCount":593,"commentCount":3,"publisher":{"@id":"https:\/\/www.estrategiaconcursos.com.br\/blog\/#organization"},"keywords":["Policia Federal"],"articleSection":["Policial (Agente, Escriv\u00e3o e Investigador)"],"inLanguage":"pt-BR","potentialAction":[{"@type":"CommentAction","name":"Comment","target":["https:\/\/www.estrategiaconcursos.com.br\/blog\/prova-comentada-direito-constitucional-policia-federal-2014\/#respond"]}],"copyrightYear":"2014","copyrightHolder":{"@id":"https:\/\/www.estrategiaconcursos.com.br\/blog\/#organization"}},{"@type":"WebPage","@id":"https:\/\/www.estrategiaconcursos.com.br\/blog\/prova-comentada-direito-constitucional-policia-federal-2014\/","url":"https:\/\/www.estrategiaconcursos.com.br\/blog\/prova-comentada-direito-constitucional-policia-federal-2014\/","name":"Prova Comentada - Direito Constitucional - Pol\u00edcia Federal 2014","isPartOf":{"@id":"https:\/\/www.estrategiaconcursos.com.br\/blog\/#website"},"datePublished":"2014-12-24T14:41:53+00:00","dateModified":"2016-07-22T21:14:15+00:00","description":"Nesse artigo, a Prof\u00aa N\u00e1dia Carolina comenta a prova de Direito Constitucional, do concurso da Pol\u00edcia Federal 2014.","breadcrumb":{"@id":"https:\/\/www.estrategiaconcursos.com.br\/blog\/prova-comentada-direito-constitucional-policia-federal-2014\/#breadcrumb"},"inLanguage":"pt-BR","potentialAction":[{"@type":"ReadAction","target":["https:\/\/www.estrategiaconcursos.com.br\/blog\/prova-comentada-direito-constitucional-policia-federal-2014\/"]}]},{"@type":"BreadcrumbList","@id":"https:\/\/www.estrategiaconcursos.com.br\/blog\/prova-comentada-direito-constitucional-policia-federal-2014\/#breadcrumb","itemListElement":[{"@type":"ListItem","position":1,"name":"In\u00edcio","item":"https:\/\/www.estrategiaconcursos.com.br\/blog\/"},{"@type":"ListItem","position":2,"name":"Prova Comentada &#8211; Direito Constitucional &#8211; Pol\u00edcia Federal 2014"}]},{"@type":"WebSite","@id":"https:\/\/www.estrategiaconcursos.com.br\/blog\/#website","url":"https:\/\/www.estrategiaconcursos.com.br\/blog\/","name":"Estrat\u00e9gia Concursos","description":"O blog da Estrat\u00e9gia Concursos traz not\u00edcias sobre concursos e artigos de professores oferecendo cursos para concursos (pdf + videaulas) no site.","publisher":{"@id":"https:\/\/www.estrategiaconcursos.com.br\/blog\/#organization"},"potentialAction":[{"@type":"SearchAction","target":{"@type":"EntryPoint","urlTemplate":"https:\/\/www.estrategiaconcursos.com.br\/blog\/?s={search_term_string}"},"query-input":{"@type":"PropertyValueSpecification","valueRequired":true,"valueName":"search_term_string"}}],"inLanguage":"pt-BR"},{"@type":"Organization","@id":"https:\/\/www.estrategiaconcursos.com.br\/blog\/#organization","name":"Estrat\u00e9gia Concursos","url":"https:\/\/www.estrategiaconcursos.com.br\/blog\/","logo":{"@type":"ImageObject","inLanguage":"pt-BR","@id":"https:\/\/www.estrategiaconcursos.com.br\/blog\/#\/schema\/logo\/image\/","url":"https:\/\/dhg1h5j42swfq.cloudfront.net\/2025\/06\/03203428\/logo_concursos-1.jpg","contentUrl":"https:\/\/dhg1h5j42swfq.cloudfront.net\/2025\/06\/03203428\/logo_concursos-1.jpg","width":230,"height":60,"caption":"Estrat\u00e9gia Concursos"},"image":{"@id":"https:\/\/www.estrategiaconcursos.com.br\/blog\/#\/schema\/logo\/image\/"},"sameAs":["https:\/\/x.com\/EstratConcursos"]},{"@type":"Person","@id":"https:\/\/www.estrategiaconcursos.com.br\/blog\/#\/schema\/person\/bf1b1d1865628ae32d608d5bad5442c6","name":"N\u00e1dia Carolina","image":{"@type":"ImageObject","inLanguage":"pt-BR","@id":"https:\/\/secure.gravatar.com\/avatar\/0ec0c484339a071f22ea5ced30956ccdaab0f83125b2dc1857c3b038404136a7?s=96&d=mm&r=g","url":"https:\/\/secure.gravatar.com\/avatar\/0ec0c484339a071f22ea5ced30956ccdaab0f83125b2dc1857c3b038404136a7?s=96&d=mm&r=g","contentUrl":"https:\/\/secure.gravatar.com\/avatar\/0ec0c484339a071f22ea5ced30956ccdaab0f83125b2dc1857c3b038404136a7?s=96&d=mm&r=g","caption":"N\u00e1dia Carolina"},"sameAs":["https:\/\/www.facebook.com\/nadia.c.santos.16"],"url":"https:\/\/www.estrategiaconcursos.com.br\/blog\/author\/nadiaestrategiaconcursos-com-br\/"}]}},"_links":{"self":[{"href":"https:\/\/www.estrategiaconcursos.com.br\/blog\/wp-json\/wp\/v2\/posts\/20126","targetHints":{"allow":["GET"]}}],"collection":[{"href":"https:\/\/www.estrategiaconcursos.com.br\/blog\/wp-json\/wp\/v2\/posts"}],"about":[{"href":"https:\/\/www.estrategiaconcursos.com.br\/blog\/wp-json\/wp\/v2\/types\/post"}],"author":[{"embeddable":true,"href":"https:\/\/www.estrategiaconcursos.com.br\/blog\/wp-json\/wp\/v2\/users\/58"}],"replies":[{"embeddable":true,"href":"https:\/\/www.estrategiaconcursos.com.br\/blog\/wp-json\/wp\/v2\/comments?post=20126"}],"version-history":[{"count":1,"href":"https:\/\/www.estrategiaconcursos.com.br\/blog\/wp-json\/wp\/v2\/posts\/20126\/revisions"}],"predecessor-version":[{"id":20127,"href":"https:\/\/www.estrategiaconcursos.com.br\/blog\/wp-json\/wp\/v2\/posts\/20126\/revisions\/20127"}],"wp:attachment":[{"href":"https:\/\/www.estrategiaconcursos.com.br\/blog\/wp-json\/wp\/v2\/media?parent=20126"}],"wp:term":[{"taxonomy":"category","embeddable":true,"href":"https:\/\/www.estrategiaconcursos.com.br\/blog\/wp-json\/wp\/v2\/categories?post=20126"},{"taxonomy":"post_tag","embeddable":true,"href":"https:\/\/www.estrategiaconcursos.com.br\/blog\/wp-json\/wp\/v2\/tags?post=20126"},{"taxonomy":"tax_estado","embeddable":true,"href":"https:\/\/www.estrategiaconcursos.com.br\/blog\/wp-json\/wp\/v2\/tax_estado?post=20126"}],"curies":[{"name":"wp","href":"https:\/\/api.w.org\/{rel}","templated":true}]}}