{"id":20069,"date":"2014-12-23T13:08:35","date_gmt":"2014-12-23T16:08:35","guid":{"rendered":"https:\/\/www.estrategiaconcursos.com.br\/blog\/?p=20069"},"modified":"2015-01-05T09:46:30","modified_gmt":"2015-01-05T12:46:30","slug":"isss-j-rio-preto-muitos-recursos","status":"publish","type":"post","link":"https:\/\/www.estrategiaconcursos.com.br\/blog\/isss-j-rio-preto-muitos-recursos\/","title":{"rendered":"ISS\/S.J. Rio Preto &#8211; resolu\u00e7\u00e3o e muitos recursos!!!!"},"content":{"rendered":"<p style=\"text-align: justify\">Caros alunos,<\/p>\n<p style=\"text-align: justify\">Apresento a resolu\u00e7\u00e3o RESUMIDA das quest\u00f5es de Racioc\u00ednio L\u00f3gico e Matem\u00e1tica Financeira da prova de Auditor de S\u00e3o Jos\u00e9 do Rio Preto. Vislumbrei possibilidade de recurso na quest\u00e3o 23, como voc\u00eas ver\u00e3o. Vale ainda mencionar o caso das quest\u00f5es 11, 13, 14, 18, 19 e 20. Estas quest\u00f5es tratam do tema L\u00d3GICA FORMAL, L\u00d3GICA DE PROPOSI\u00c7\u00d5ES, ou L\u00d3GICA DE ARGUMENTA\u00c7\u00c3O, que <b>n\u00e3o foi cobrado em seu edital<\/b>. Repito o edital de Racioc\u00ednio L\u00f3gico abaixo:<\/p>\n<ol style=\"text-align: justify\">\n<li><em>Estrutura l\u00f3gica de rela\u00e7\u00f5es arbitr\u00e1rias entre pessoas, lugares, objetos ou eventos fict\u00edcios; deduzir novas informa\u00e7\u00f5es das rela\u00e7\u00f5es fornecidas e avaliar as condi\u00e7\u00f5es usadas para estabelecer a estrutura daquelas rela\u00e7\u00f5es. 2. Compreens\u00e3o e elabora\u00e7\u00e3o da l\u00f3gica das situa\u00e7\u00f5es por meio de: racioc\u00ednio verbal; racioc\u00ednio matem\u00e1tico; racioc\u00ednio sequencial; orienta\u00e7\u00e3o espacial e temporal; forma\u00e7\u00e3o de conceitos; discrimina\u00e7\u00e3o de elementos.<\/em><\/li>\n<\/ol>\n<p style=\"text-align: justify\"><strong>\u00a0<\/strong><\/p>\n<p style=\"text-align: justify\">Para aqueles que n\u00e3o sabem, este MESMO texto de edital \u00e9 muito utilizado por v\u00e1rias bancas. Veja alguns exemplos:<\/p>\n<p style=\"text-align: justify\"><strong>\u00a0<\/strong><\/p>\n<p style=\"text-align: justify\"><b>Auditor do ISS\/Salvador 2014 (banca FUNCAB):<\/b><\/p>\n<p style=\"text-align: justify\"><em>Estrutura l\u00f3gica de rela\u00e7\u00f5es arbitr\u00e1rias entre pessoas, lugares, objetos ou eventos fict\u00edcios; deduzir novas informa\u00e7\u00f5es das rela\u00e7\u00f5es fornecidas e avaliar as condi\u00e7\u00f5es usadas para estabelecer a estrutura daquelas rela\u00e7\u00f5es. Compreens\u00e3o e elabora\u00e7\u00e3o da l\u00f3gica das situa\u00e7\u00f5es por meio de: racioc\u00ednio verbal; racioc\u00ednio matem\u00e1tico; racioc\u00ednio sequencial; orienta\u00e7\u00e3o espacial e temporal; forma\u00e7\u00e3o de conceitos; discrimina\u00e7\u00e3o de elementos.<\/em><\/p>\n<p style=\"text-align: justify\"><strong>\u00a0<\/strong><\/p>\n<p style=\"text-align: justify\"><b>C\u00e2mara Municipal de S\u00e3o Paulo 2014 (banca FCC):<\/b><\/p>\n<p style=\"text-align: justify\"><em>Estrutura l\u00f3gica de rela\u00e7\u00f5es arbitr\u00e1rias entre pessoas, lugares, objetos ou eventos fict\u00edcios, dedu\u00e7\u00e3o de novas informa\u00e7\u00f5es das rela\u00e7\u00f5es fornecidas e avalia\u00e7\u00e3o das condi\u00e7\u00f5es usadas para estabelecer a estrutura daquelas rela\u00e7\u00f5es; Compreens\u00e3o e an\u00e1lise da l\u00f3gica de uma situa\u00e7\u00e3o, utilizando as fun\u00e7\u00f5es intelectuais: racioc\u00ednio verbal, racioc\u00ednio matem\u00e1tico, racioc\u00ednio sequencial, orienta\u00e7\u00e3o espacial e temporal, forma\u00e7\u00e3o de conceitos, discrimina\u00e7\u00e3o de elementos.<\/em><\/p>\n<p style=\"text-align: justify\"><em><strong>\u00a0<\/strong><\/em><\/p>\n<p style=\"text-align: justify\">Ocorre que, quando essas bancas querem cobrar tamb\u00e9m a l\u00f3gica de proposi\u00e7\u00f5es (e n\u00e3o somente \u201cracioc\u00ednio l\u00f3gico\u201d), elas incluem a frase \u201c<span style=\"text-decoration: underline\">Compreens\u00e3o do processo l\u00f3gico que, a partir de um conjunto de hip\u00f3teses, conduz, de forma v\u00e1lida, a conclus\u00f5es determinadas\u201d<\/span>. Veja isso nos editais abaixo, cujas provas efetivamente cobraram l\u00f3gica de proposi\u00e7\u00f5es:<\/p>\n<p style=\"text-align: justify\"><strong>\u00a0<\/strong><\/p>\n<p style=\"text-align: justify\"><b>Minist\u00e9rio P\u00fablico de Santa Catarina 2014 (banca FEPESE):<\/b><\/p>\n<p style=\"text-align: justify\"><em>Estrutura l\u00f3gica de rela\u00e7\u00f5es arbitr\u00e1rias entre pessoas, lugares, objetos ou eventos fict\u00edcios; deduzir novas informa\u00e7\u00f5es das rela\u00e7\u00f5es fornecidas e avaliar as condi\u00e7\u00f5es usadas para estabelecer a estrutura daquelas rela\u00e7\u00f5es. Compreens\u00e3o e elabora\u00e7\u00e3o da l\u00f3gica das situa\u00e7\u00f5es por meio de: racioc\u00ednio verbal; racioc\u00ednio matem\u00e1tico (que envolvam, dentre outros, conjuntos num\u00e9ricos racionais e reais &#8211; opera\u00e7\u00f5es, propriedades, problemas envolvendo as quatro opera\u00e7\u00f5es nas formas fracion\u00e1ria e decimal; conjuntos num\u00e9ricos complexos; n\u00fameros e grandezas proporcionais; raz\u00e3o e propor\u00e7\u00e3o; divis\u00e3o proporcional; regra de tr\u00eas simples e composta; porcentagem); racioc\u00ednio sequencial; orienta\u00e7\u00e3o espacial e temporal; forma\u00e7\u00e3o de conceitos; discrimina\u00e7\u00e3o de elementos. <span style=\"text-decoration: underline\"><b>Compreens\u00e3o do processo l\u00f3gico que, a partir de um conjunto de hip\u00f3teses, conduz, de forma v\u00e1lida, a conclus\u00f5es determinadas.<\/b><\/span><\/em><\/p>\n<p style=\"text-align: justify\"><strong>\u00a0<\/strong><\/p>\n<p style=\"text-align: justify\"><b>TRT\/16\u00aa Regi\u00e3o 2014 (banca FCC): <\/b><\/p>\n<p style=\"text-align: justify\"><em>Estrutura l\u00f3gica de rela\u00e7\u00f5es arbitr\u00e1rias entre pessoas, lugares, objetos ou eventos fict\u00edcios; deduzir novas informa\u00e7\u00f5es das rela\u00e7\u00f5es fornecidas e avaliar as condi\u00e7\u00f5es usadas para estabelecer a estrutura daquelas rela\u00e7\u00f5es. 10 Compreens\u00e3o e elabora\u00e7\u00e3o da l\u00f3gica das situa\u00e7\u00f5es por meio de: racioc\u00ednio verbal, racioc\u00ednio matem\u00e1tico, racioc\u00ednio sequencial, orienta\u00e7\u00e3o espacial e temporal, forma\u00e7\u00e3o de conceitos, discrimina\u00e7\u00e3o de elementos. 11 <span style=\"text-decoration: underline\"><b>Compreens\u00e3o do processo l\u00f3gico que, a partir de um conjunto de hip\u00f3teses, conduz, de forma v\u00e1lida, a conclus\u00f5es determinadas.<\/b><\/span><\/em><\/p>\n<p>&nbsp;<\/p>\n<p style=\"text-align: justify\">A pr\u00f3pria VUNESP, quando cobrou l\u00f3gica de proposi\u00e7\u00f5es em outros concursos, incluiu tamb\u00e9m este texto. Veja abaixo:<\/p>\n<p style=\"text-align: justify\"><strong>\u00a0<\/strong><\/p>\n<p style=\"text-align: justify\"><b>TCE\/SP 2014-2015 (banca VUNESP):<\/b><\/p>\n<p style=\"text-align: justify\"><em>Estrutura l\u00f3gica de rela\u00e7\u00f5es arbitr\u00e1rias entre pessoas, lugares, objetos ou eventos fict\u00edcios; deduzir novas informa\u00e7\u00f5es das rela\u00e7\u00f5es fornecidas e avaliar as condi\u00e7\u00f5es usadas para estabelecer a estrutura daquelas rela\u00e7\u00f5es. Compreens\u00e3o e elabora\u00e7\u00e3o da l\u00f3gica das situa\u00e7\u00f5es por meio de: racioc\u00ednio verbal, racioc\u00ednio matem\u00e1tico, racioc\u00ednio sequencial, orienta\u00e7\u00e3o espacial e temporal, forma\u00e7\u00e3o de conceitos, discrimina\u00e7\u00e3o de elementos. <span style=\"text-decoration: underline\"><b>Compreens\u00e3o do processo l\u00f3gico que, a partir de um conjunto de hip\u00f3teses, conduz, de forma v\u00e1lida, a conclus\u00f5es determinadas.<\/b><\/span><\/em><\/p>\n<p style=\"text-align: justify\"><strong>\u00a0<\/strong><\/p>\n<p style=\"text-align: justify\">Na prova do <b>TJ\/SP 2014, da VUNESP<\/b>, ela incluiu ainda mais explicitamente o conte\u00fado \u201cl\u00f3gica de argumenta\u00e7\u00e3o\u201d:<\/p>\n<p style=\"text-align: justify\"><em>As quest\u00f5es desta prova poder\u00e3o tratar das seguintes \u00e1reas: estruturas \u00a0l\u00f3gicas,<span style=\"text-decoration: underline\"> <b>l\u00f3gicas de argumenta\u00e7\u00e3o<\/b>,<\/span><b><span style=\"text-decoration: underline\"> diagramas l\u00f3gicos<\/span>,<\/b> sequ\u00eancias.<\/em><\/p>\n<p style=\"text-align: justify\"><strong>\u00a0<\/strong><\/p>\n<p style=\"text-align: justify\">O mesmo ocorreu na prova do <b>TJ\/PA 2014, da VUNESP<\/b>:<\/p>\n<p style=\"text-align: justify\"><em>Racioc\u00ednio l\u00f3gico. Estruturas l\u00f3gicas, <span style=\"text-decoration: underline\"><b>l\u00f3gicas de argumenta\u00e7\u00e3o<\/b>, <b>diagramas l\u00f3gicos,<\/b> <\/span>sequ\u00eancias. Resolu\u00e7\u00e3o de situa\u00e7\u00f5es-problema.<\/em><\/p>\n<p style=\"text-align: justify\"><strong>\u00a0<\/strong><\/p>\n<p style=\"text-align: justify\">Portanto, entendo que a VUNESP deveria anular as citadas quest\u00f5es, por terem extrapolado o conte\u00fado previsto no edital. \u00c9 verdade que o t\u00f3pico \u201cracioc\u00ednio verbal\u201d, presente no edital, \u00e9 bastante vago (e permitiria, em uma interpreta\u00e7\u00e3o bem extensiva, incluir l\u00f3gica de proposi\u00e7\u00f5es). Mas n\u00e3o tem sido este o posicionamento da VUNESP e nem de outras bancas, o que prejudica o aluno que se prepara de acordo com o edital.<\/p>\n<p style=\"text-align: justify\"><strong>\u00a0<\/strong><\/p>\n<p style=\"text-align: justify\">Segue abaixo a resolu\u00e7\u00e3o das quest\u00f5es. Permane\u00e7o \u00e0 disposi\u00e7\u00e3o para discutir as demais quest\u00f5es com voc\u00eas.<\/p>\n<p style=\"text-align: justify\">Abra\u00e7o,<\/p>\n<p style=\"text-align: justify\">Prof. Arthur Lima<\/p>\n<p style=\"text-align: justify\"><strong><br \/>\n<\/strong><b>QUEST\u00c3O 11 &#8211; RESOLU\u00c7\u00c3O:<\/b><strong><br \/>\n<\/strong><\/p>\n<p style=\"text-align: justify\">L\u00f3gica de proposi\u00e7\u00f5es.<\/p>\n<p style=\"text-align: justify\">Bastava lembrar que <b>p \u2192 q<\/b> \u00e9 equivalente a <b>~p ou q<\/b>. Temos esta op\u00e7\u00e3o na alternativa B.<\/p>\n<p style=\"text-align: justify\">Entretanto, este assunto N\u00c3O FOI COBRADO NO SEU EDITAL, como expliquei acima, de modo que esta quest\u00e3o deveria ser anulada.<\/p>\n<p style=\"text-align: justify\"><b>Resposta: B (gabarito preliminar OK, mas assunto fora do edital)<\/b><\/p>\n<p style=\"text-align: justify\"><strong>\u00a0<\/strong><\/p>\n<p style=\"text-align: justify\"><b>QUEST\u00c3O 12 &#8211; RESOLU\u00c7\u00c3O: <\/b><\/p>\n<p style=\"text-align: justify\">No diagrama, temos X = 2 + 3 = 5, e Y = 10 + 7 + 1 + 5 = 23, de modo que<\/p>\n<p style=\"text-align: center\">Y &#8211; X = 23 &#8211; 5 = 18<\/p>\n<p style=\"text-align: justify\"><b>Resposta: D (gabarito preliminar OK)<\/b><\/p>\n<p style=\"text-align: justify\"><strong>\u00a0<\/strong><\/p>\n<p style=\"text-align: justify\"><b>QUEST\u00c3O 13 &#8211; RESOLU\u00c7\u00c3O: <\/b><\/p>\n<p style=\"text-align: justify\">L\u00f3gica de proposi\u00e7\u00f5es.<\/p>\n<p style=\"text-align: justify\">Come\u00e7ando pela proposi\u00e7\u00e3o I, que \u00e9 uma proposi\u00e7\u00e3o simples, temos que Elias N\u00c3O \u00e9 policial. Para a proposi\u00e7\u00e3o V ser verdadeira, \u00e9 preciso que Durval seja advogado de defesa. Com isso, na proposi\u00e7\u00e3o IV vemos que Carlos \u00e9 oficial de justi\u00e7a. Na proposi\u00e7\u00e3o III vemos que Bruno \u00e9 promotor. Na proposi\u00e7\u00e3o II, como Bruno \u00e9 promotor, Alves pode ser ou n\u00e3o ser juiz e a proposi\u00e7\u00e3o ainda assim ser\u00e1 verdadeira.<\/p>\n<p style=\"text-align: justify\">Com isso, podemos concluir que:<\/p>\n<ul style=\"text-align: justify\">\n<li>elias n\u00e3o \u00e9 policial<\/li>\n<li>durval \u00e9 advogado<\/li>\n<li>carlos \u00e9 oficial de justi\u00e7a<\/li>\n<li>bruno \u00e9 promotor<\/li>\n<\/ul>\n<p style=\"text-align: justify\"><b>Resposta: D (gabarito preliminar OK, mas assunto fora do edital)<\/b><\/p>\n<p style=\"text-align: justify\"><strong>\u00a0<\/strong><\/p>\n<p style=\"text-align: justify\"><b>QUEST\u00c3O 14 &#8211; RESOLU\u00c7\u00c3O: <\/b><\/p>\n<p style=\"text-align: justify\">L\u00f3gica de proposi\u00e7\u00f5es.<\/p>\n<p style=\"text-align: justify\">A proposi\u00e7\u00e3o simples \u201cLucas caiu da escada\u201d aparece apenas em conjun\u00e7\u00f5es (conectivo \u201ce\u201d), de modo que ela pode ser verdadeira, desde que a outra parte das proposi\u00e7\u00f5es seja falsa, o que torna as conjun\u00e7\u00f5es falsas. As demais proposi\u00e7\u00f5es simples aparecem em disjun\u00e7\u00f5es (conectivo \u201cou\u201d), de modo que se elas forem verdadeiras as respectivas frases ser\u00e3o automaticamente verdadeiras, contrariando o enunciado.<\/p>\n<p style=\"text-align: justify\">Logo, apenas \u201cLucas caiu da escada\u201d pode ser V e, ainda assim, as proposi\u00e7\u00f5es serem falsas.<\/p>\n<p style=\"text-align: justify\"><b>Resposta: A (gabarito preliminar OK, mas assunto fora do edital)<\/b><\/p>\n<p style=\"text-align: justify\"><strong>\u00a0<\/strong><\/p>\n<p style=\"text-align: justify\"><b>QUEST\u00c3O 15 &#8211; RESOLU\u00c7\u00c3O: <\/b><\/p>\n<p style=\"text-align: justify\">Com a primeira mudan\u00e7a de ordem, temos:<\/p>\n<p style=\"text-align: center\">B C D A E F G H<\/p>\n<p style=\"text-align: justify\">Com a segunda mudan\u00e7a,<\/p>\n<p style=\"text-align: center\">B C A E F D G H<\/p>\n<p style=\"text-align: justify\">Com a terceira:<\/p>\n<p style=\"text-align: center\">B C A F D G H E<\/p>\n<p style=\"text-align: justify\"><b>Resposta: C (gabarito preliminar OK)<\/b><\/p>\n<p style=\"text-align: justify\"><strong>\u00a0<\/strong><\/p>\n<p style=\"text-align: justify\"><b>QUEST\u00c3O 16 &#8211; RESOLU\u00c7\u00c3O: <\/b><\/p>\n<p style=\"text-align: justify\">Veja que temos uma sequ\u00eancia onde, de um termo para o pr\u00f3ximo, basta diminuir 18 unidades. Assim, o 9\u00ba termo \u00e9 257 e o 19\u00ba \u00e9 77, de modo que a diferen\u00e7a entre eles \u00e9 180. O termo mais pr\u00f3ximo de 180 \u00e9 o 13\u00ba, cujo valor \u00e9 185.<\/p>\n<p style=\"text-align: justify\"><b>Resposta: D (gabarito preliminar OK)<\/b><\/p>\n<p style=\"text-align: justify\"><strong>\u00a0<\/strong><\/p>\n<p style=\"text-align: justify\"><b>QUEST\u00c3O 17 &#8211; RESOLU\u00c7\u00c3O: <\/b><\/p>\n<p style=\"text-align: justify\">Note que o raio movimenta no sentido hor\u00e1rio, mudando 1 posi\u00e7\u00e3o, depois 2, depois 1, depois 2, e assim por diante.<\/p>\n<p style=\"text-align: justify\">O sol movimenta no sentido anti-hor\u00e1rio, mudando 1 posi\u00e7\u00e3o por vez.<\/p>\n<p style=\"text-align: justify\">Seguindo esta l\u00f3gica, voc\u00ea ver\u00e1 que a pr\u00f3xima figura onde eles estar\u00e3o juntos \u00e9 aquela da alternativa C.<\/p>\n<p style=\"text-align: justify\"><b>Resposta: C (gabarito preliminar OK)<\/b><\/p>\n<p style=\"text-align: justify\"><strong>\u00a0<\/strong><\/p>\n<p style=\"text-align: justify\"><b>QUEST\u00c3O 18 &#8211; RESOLU\u00c7\u00c3O: <\/b><\/p>\n<p style=\"text-align: justify\">Mais uma de l\u00f3gica de proposi\u00e7\u00f5es.<\/p>\n<p style=\"text-align: justify\">A premissa II nos diz que Juca tem 2 profiss\u00f5es (policial e mec\u00e2nico). Na premissa I \u00e9 preciso que Marcos n\u00e3o seja pedreiro para mant\u00ea-la verdadeira. Na premissa V, como Marcos n\u00e3o \u00e9 pedreiro, precisamos que Cl\u00f3vis tenha apenas 1 profiss\u00e3o (seja oficial). Na frase IV vemos que Marta tem s\u00f3 1 profiss\u00e3o (costureira ou escriv\u00e3). Portanto, temos 2 + 1 + 1 = 4 profiss\u00f5es expl\u00edcitas (duas de Juca, uma de Cl\u00f3vis e uma de Marta).<\/p>\n<p style=\"text-align: justify\"><b>Resposta: D (gabarito preliminar OK, mas assunto fora do edital)<\/b><\/p>\n<p style=\"text-align: justify\"><strong>\u00a0<\/strong><\/p>\n<p style=\"text-align: justify\"><b>QUEST\u00c3O 19 &#8211; RESOLU\u00c7\u00c3O: <\/b><\/p>\n<p style=\"text-align: justify\">Sabemos que todos os programadores s\u00e3o digitadores, e parte desses programadores s\u00e3o analistas. Esses analistas que s\u00e3o programadores s\u00e3o, obviamente, digitadores. Deste modo, podemos afirmar que existem analistas que s\u00e3o digitadores.<\/p>\n<p style=\"text-align: justify\"><b>Resposta: E (gabarito preliminar OK)<\/b><\/p>\n<p style=\"text-align: justify\"><strong>\u00a0<\/strong><\/p>\n<p style=\"text-align: justify\"><b>QUEST\u00c3O 20 &#8211; RESOLU\u00c7\u00c3O: <\/b><\/p>\n<p style=\"text-align: justify\">L\u00f3gica de proposi\u00e7\u00f5es.<\/p>\n<p style=\"text-align: justify\">Estamos diante da disjun\u00e7\u00e3o:<\/p>\n<p style=\"text-align: center\">(estudei e passei) OU (pregui\u00e7a foi maior)<\/p>\n<p style=\"text-align: justify\"><strong>\u00a0<\/strong><\/p>\n<p style=\"text-align: justify\">A sua nega\u00e7\u00e3o \u00e9:<\/p>\n<p style=\"text-align: center\">(n\u00e3o estudei ou n\u00e3o passei) E (pregui\u00e7a n\u00e3o foi maior)<\/p>\n<p style=\"text-align: justify\">Temos isso na alternativa A.<\/p>\n<p style=\"text-align: justify\"><b>Resposta: A (gabarito preliminar OK, mas assunto fora do edital)<\/b><\/p>\n<p style=\"text-align: justify\"><strong>\u00a0<\/strong><\/p>\n<p style=\"text-align: justify\"><b>QUEST\u00c3O 21 &#8211; RESOLU\u00c7\u00c3O: <\/b><\/p>\n<p style=\"text-align: justify\">Temos:<\/p>\n<p style=\"text-align: center\">M = C x (1 + j x t)<\/p>\n<p style=\"text-align: center\">M = C x (1 + 9% x 2)<\/p>\n<p style=\"text-align: center\">M = 1,18C<\/p>\n<p style=\"text-align: justify\"><strong>\u00a0<\/strong><\/p>\n<p style=\"text-align: justify\">No regime composto, ter\u00edamos:<\/p>\n<p style=\"text-align: center\">M = C x (1 + j)^t<\/p>\n<p style=\"text-align: center\">1,18C = C x (1 + j)^2<\/p>\n<p style=\"text-align: center\">1,18 = (1 + j)^2<\/p>\n<p style=\"text-align: center\">1,086 = 1 + j<\/p>\n<p style=\"text-align: center\">0,086 = j<\/p>\n<p style=\"text-align: center\">8,6% ao semestre = j<\/p>\n<p style=\"text-align: justify\"><b>Resposta: A (gabarito preliminar OK)<\/b><\/p>\n<p style=\"text-align: justify\"><strong>\u00a0<\/strong><\/p>\n<p style=\"text-align: justify\"><b>QUEST\u00c3O 22 &#8211; RESOLU\u00c7\u00c3O:<\/b><\/p>\n<p style=\"text-align: justify\">Lembrando que a taxa nominal de 18%aa com capitaliza\u00e7\u00e3o mensal corresponde \u00e0 taxa efetiva de 18% \/ 12 = 1,5% ao m\u00eas, temos:<\/p>\n<p style=\"text-align: center\">(1 + 1,5%)^12 = 1,015^12 = (1,0156)^2 = 1,093^2 = 1,1946<\/p>\n<p style=\"text-align: justify\">Logo, temos 19,46% ao ano.<\/p>\n<p style=\"text-align: justify\"><b>Resposta: B (gabarito preliminar OK)<\/b><\/p>\n<p style=\"text-align: justify\"><strong>\u00a0<\/strong><\/p>\n<p style=\"text-align: justify\"><b>QUEST\u00c3O 23 &#8211; RESOLU\u00c7\u00c3O: <\/b><\/p>\n<p style=\"text-align: justify\">No desconto por dentro, temos:<\/p>\n<p style=\"text-align: center\">N = A x (1 + j x t)<\/p>\n<p style=\"text-align: center\">2000 = 1000 x (1 + j x 4)<\/p>\n<p style=\"text-align: center\">j = 25% ao m\u00eas<\/p>\n<p style=\"text-align: justify\"><strong>\u00a0<\/strong><\/p>\n<p style=\"text-align: justify\">No desconto por fora:<\/p>\n<p style=\"text-align: center\">A = N x (1 &#8211; j x t)<\/p>\n<p style=\"text-align: center\">1000 = 2000 x (1 &#8211; j x 4)<\/p>\n<p style=\"text-align: center\">j = 12,5% ao m\u00eas<\/p>\n<p style=\"text-align: justify\"><strong>\u00a0<\/strong><\/p>\n<p style=\"text-align: justify\">Veja que chegamos nos percentuais da alternativa C. Ocorre que o enunciado N\u00c3O \u00a0especificou a unidade temporal da taxa de desconto, e n\u00e3o \u00e9 razo\u00e1vel exigir que o candidato \u201cadivinhe\u201d que era responder a taxa mensal. Por este motivo, esta quest\u00e3o deve ser anulada.<\/p>\n<p style=\"text-align: justify\"><b>Resposta: C (deve ser anulada!!!)<\/b><\/p>\n<p style=\"text-align: justify\"><strong>\u00a0<\/strong><\/p>\n<p style=\"text-align: justify\"><b>QUEST\u00c3O 24 &#8211; RESOLU\u00c7\u00c3O: <\/b><\/p>\n<p style=\"text-align: justify\">A amotiza\u00e7\u00e3o mensal \u00e9 A = 120.000 \/ 6 = 20.000. Portanto, a cada per\u00edodo o saldo devedor cai 20.000 reais, ou seja, vai de 120.000 para 100.000, 80.000, 60.000, 40.000, 20.000 e 0. Como os juros devem ser calculados sobre o saldo devedor de cada per\u00edodo, o total de juros pagos foi de:<\/p>\n<p style=\"text-align: center\">Total de juros = 1%x120.000 + 1%x100.000 + 1%x80.000 + 1%x60.000 + 1%x40.000 + 1%x20.000<\/p>\n<p style=\"text-align: justify\"><strong>\u00a0<\/strong><\/p>\n<p style=\"text-align: center\">Total de juros = 1.200 + 1.000 + 800 + 600 + 400 + 200 = 4.200 reais<\/p>\n<p style=\"text-align: justify\"><b>Resposta: E (gabarito preliminar OK)<\/b><\/p>\n<p style=\"text-align: justify\"><strong>\u00a0<\/strong><\/p>\n<p style=\"text-align: justify\"><b>QUEST\u00c3O 25 &#8211; RESOLU\u00c7\u00c3O: <\/b><\/p>\n<p style=\"text-align: justify\">Chamando de P o valor do primeiro m\u00eas, temos:<\/p>\n<p style=\"text-align: center\">VPL = P\/(1,1)^1 \u00a0+ 1.210\/(1,1)^2\u00a0+ 1.331\/(1,1)^3 &#8211; 2.300<\/p>\n<p style=\"text-align: center\">VPL = P\/1,1 + 1.210\/1,21 + 1.331\/1,331 &#8211; 2.300<\/p>\n<p style=\"text-align: justify\"><strong>\u00a0<\/strong><\/p>\n<p style=\"text-align: justify\">Como estamos usando a taxa interna de retorno, ent\u00e3o VPL = 0:<\/p>\n<p style=\"text-align: center\">0 = P\/1,1 \u00a0+ 1.210\/1,21 + 1.331\/1,331 &#8211; 2.300<\/p>\n<p style=\"text-align: center\">0 = P\/1,1 \u00a0+ 1.000 + 1.000 &#8211; 2.300<\/p>\n<p style=\"text-align: center\">300 = P\/1,1<\/p>\n<p style=\"text-align: center\">300 x 1,1 = P<\/p>\n<p style=\"text-align: center\">330 = P<\/p>\n<p style=\"text-align: justify\"><b>Resposta: D (gabarito preliminar OK)<\/b><\/p>\n","protected":false},"excerpt":{"rendered":"<p>Caros alunos, Apresento a resolu\u00e7\u00e3o RESUMIDA das quest\u00f5es de Racioc\u00ednio L\u00f3gico e Matem\u00e1tica Financeira da prova de Auditor de S\u00e3o Jos\u00e9 do Rio Preto. Vislumbrei possibilidade de recurso na quest\u00e3o 23, como voc\u00eas ver\u00e3o. Vale ainda mencionar o caso das quest\u00f5es 11, 13, 14, 18, 19 e 20. Estas quest\u00f5es tratam do tema L\u00d3GICA FORMAL, [&hellip;]<\/p>\n","protected":false},"author":48,"featured_media":0,"comment_status":"open","ping_status":"open","sticky":false,"template":"","format":"standard","meta":{"post_tipo":"article","footnotes":""},"categories":[1],"tags":[502,8],"tax_estado":[],"class_list":["post-20069","post","type-post","status-publish","format-standard","hentry","category-cursos-e-concursos","tag-iss-sao-jose-do-rio-preto","tag-recurso"],"acf":[],"yoast_head":"<!-- This site is optimized with the Yoast SEO Premium plugin v27.2 (Yoast SEO v27.2) - https:\/\/yoast.com\/product\/yoast-seo-premium-wordpress\/ -->\n<title>ISS\/S.J. Rio Preto - resolu\u00e7\u00e3o e muitos recursos!!!!<\/title>\n<meta name=\"robots\" content=\"index, follow, max-snippet:-1, max-image-preview:large, max-video-preview:-1\" \/>\n<link rel=\"canonical\" href=\"https:\/\/www.estrategiaconcursos.com.br\/blog\/isss-j-rio-preto-muitos-recursos\/\" \/>\n<meta property=\"og:locale\" content=\"pt_BR\" \/>\n<meta property=\"og:type\" content=\"article\" \/>\n<meta property=\"og:title\" content=\"ISS\/S.J. Rio Preto - resolu\u00e7\u00e3o e muitos recursos!!!!\" \/>\n<meta property=\"og:description\" content=\"Caros alunos, Apresento a resolu\u00e7\u00e3o RESUMIDA das quest\u00f5es de Racioc\u00ednio L\u00f3gico e Matem\u00e1tica Financeira da prova de Auditor de S\u00e3o Jos\u00e9 do Rio Preto. Vislumbrei possibilidade de recurso na quest\u00e3o 23, como voc\u00eas ver\u00e3o. Vale ainda mencionar o caso das quest\u00f5es 11, 13, 14, 18, 19 e 20. Estas quest\u00f5es tratam do tema L\u00d3GICA FORMAL, [&hellip;]\" \/>\n<meta property=\"og:url\" content=\"https:\/\/www.estrategiaconcursos.com.br\/blog\/isss-j-rio-preto-muitos-recursos\/\" \/>\n<meta property=\"og:site_name\" content=\"Estrat\u00e9gia Concursos\" \/>\n<meta property=\"article:published_time\" content=\"2014-12-23T16:08:35+00:00\" \/>\n<meta property=\"article:modified_time\" content=\"2015-01-05T12:46:30+00:00\" \/>\n<meta name=\"author\" content=\"Coordena\u00e7\u00e3o\" \/>\n<meta name=\"twitter:card\" content=\"summary_large_image\" \/>\n<meta name=\"twitter:creator\" content=\"@EstratConcursos\" \/>\n<meta name=\"twitter:site\" content=\"@EstratConcursos\" \/>\n<meta name=\"twitter:label1\" content=\"Escrito por\" \/>\n\t<meta name=\"twitter:data1\" content=\"Coordena\u00e7\u00e3o\" \/>\n\t<meta name=\"twitter:label2\" content=\"Est. tempo de leitura\" \/>\n\t<meta name=\"twitter:data2\" content=\"10 minutos\" \/>\n<script type=\"application\/ld+json\" class=\"yoast-schema-graph\">{\"@context\":\"https:\/\/schema.org\",\"@graph\":[{\"@type\":\"NewsArticle\",\"@id\":\"https:\/\/www.estrategiaconcursos.com.br\/blog\/isss-j-rio-preto-muitos-recursos\/#article\",\"isPartOf\":{\"@id\":\"https:\/\/www.estrategiaconcursos.com.br\/blog\/isss-j-rio-preto-muitos-recursos\/\"},\"author\":{\"name\":\"Coordena\u00e7\u00e3o\",\"@id\":\"https:\/\/www.estrategiaconcursos.com.br\/blog\/#\/schema\/person\/cdad40b5818eb228a838461fcd656da7\"},\"headline\":\"ISS\/S.J. Rio Preto &#8211; resolu\u00e7\u00e3o e muitos recursos!!!!\",\"datePublished\":\"2014-12-23T16:08:35+00:00\",\"dateModified\":\"2015-01-05T12:46:30+00:00\",\"mainEntityOfPage\":{\"@id\":\"https:\/\/www.estrategiaconcursos.com.br\/blog\/isss-j-rio-preto-muitos-recursos\/\"},\"wordCount\":1930,\"commentCount\":0,\"publisher\":{\"@id\":\"https:\/\/www.estrategiaconcursos.com.br\/blog\/#organization\"},\"keywords\":[\"ISS S\u00e3o Jos\u00e9 do Rio Preto\",\"Recurso\"],\"articleSection\":[\"Concursos P\u00fablicos\"],\"inLanguage\":\"pt-BR\",\"potentialAction\":[{\"@type\":\"CommentAction\",\"name\":\"Comment\",\"target\":[\"https:\/\/www.estrategiaconcursos.com.br\/blog\/isss-j-rio-preto-muitos-recursos\/#respond\"]}],\"copyrightYear\":\"2014\",\"copyrightHolder\":{\"@id\":\"https:\/\/www.estrategiaconcursos.com.br\/blog\/#organization\"}},{\"@type\":\"WebPage\",\"@id\":\"https:\/\/www.estrategiaconcursos.com.br\/blog\/isss-j-rio-preto-muitos-recursos\/\",\"url\":\"https:\/\/www.estrategiaconcursos.com.br\/blog\/isss-j-rio-preto-muitos-recursos\/\",\"name\":\"ISS\/S.J. Rio Preto - resolu\u00e7\u00e3o e muitos recursos!!!!\",\"isPartOf\":{\"@id\":\"https:\/\/www.estrategiaconcursos.com.br\/blog\/#website\"},\"datePublished\":\"2014-12-23T16:08:35+00:00\",\"dateModified\":\"2015-01-05T12:46:30+00:00\",\"breadcrumb\":{\"@id\":\"https:\/\/www.estrategiaconcursos.com.br\/blog\/isss-j-rio-preto-muitos-recursos\/#breadcrumb\"},\"inLanguage\":\"pt-BR\",\"potentialAction\":[{\"@type\":\"ReadAction\",\"target\":[\"https:\/\/www.estrategiaconcursos.com.br\/blog\/isss-j-rio-preto-muitos-recursos\/\"]}]},{\"@type\":\"BreadcrumbList\",\"@id\":\"https:\/\/www.estrategiaconcursos.com.br\/blog\/isss-j-rio-preto-muitos-recursos\/#breadcrumb\",\"itemListElement\":[{\"@type\":\"ListItem\",\"position\":1,\"name\":\"In\u00edcio\",\"item\":\"https:\/\/www.estrategiaconcursos.com.br\/blog\/\"},{\"@type\":\"ListItem\",\"position\":2,\"name\":\"ISS\/S.J. Rio Preto &#8211; resolu\u00e7\u00e3o e muitos recursos!!!!\"}]},{\"@type\":\"WebSite\",\"@id\":\"https:\/\/www.estrategiaconcursos.com.br\/blog\/#website\",\"url\":\"https:\/\/www.estrategiaconcursos.com.br\/blog\/\",\"name\":\"Estrat\u00e9gia Concursos\",\"description\":\"O blog da Estrat\u00e9gia Concursos traz not\u00edcias sobre concursos e artigos de professores oferecendo cursos para concursos (pdf + videaulas) no site.\",\"publisher\":{\"@id\":\"https:\/\/www.estrategiaconcursos.com.br\/blog\/#organization\"},\"potentialAction\":[{\"@type\":\"SearchAction\",\"target\":{\"@type\":\"EntryPoint\",\"urlTemplate\":\"https:\/\/www.estrategiaconcursos.com.br\/blog\/?s={search_term_string}\"},\"query-input\":{\"@type\":\"PropertyValueSpecification\",\"valueRequired\":true,\"valueName\":\"search_term_string\"}}],\"inLanguage\":\"pt-BR\"},{\"@type\":\"Organization\",\"@id\":\"https:\/\/www.estrategiaconcursos.com.br\/blog\/#organization\",\"name\":\"Estrat\u00e9gia Concursos\",\"url\":\"https:\/\/www.estrategiaconcursos.com.br\/blog\/\",\"logo\":{\"@type\":\"ImageObject\",\"inLanguage\":\"pt-BR\",\"@id\":\"https:\/\/www.estrategiaconcursos.com.br\/blog\/#\/schema\/logo\/image\/\",\"url\":\"https:\/\/dhg1h5j42swfq.cloudfront.net\/2025\/06\/03203428\/logo_concursos-1.jpg\",\"contentUrl\":\"https:\/\/dhg1h5j42swfq.cloudfront.net\/2025\/06\/03203428\/logo_concursos-1.jpg\",\"width\":230,\"height\":60,\"caption\":\"Estrat\u00e9gia Concursos\"},\"image\":{\"@id\":\"https:\/\/www.estrategiaconcursos.com.br\/blog\/#\/schema\/logo\/image\/\"},\"sameAs\":[\"https:\/\/x.com\/EstratConcursos\"]},{\"@type\":\"Person\",\"@id\":\"https:\/\/www.estrategiaconcursos.com.br\/blog\/#\/schema\/person\/cdad40b5818eb228a838461fcd656da7\",\"name\":\"Coordena\u00e7\u00e3o\",\"image\":{\"@type\":\"ImageObject\",\"inLanguage\":\"pt-BR\",\"@id\":\"https:\/\/secure.gravatar.com\/avatar\/a413b22da0f5009c634f6c4586a2dbe5207074fd5becd88db5183b8069ef25e4?s=96&d=mm&r=g\",\"url\":\"https:\/\/secure.gravatar.com\/avatar\/a413b22da0f5009c634f6c4586a2dbe5207074fd5becd88db5183b8069ef25e4?s=96&d=mm&r=g\",\"contentUrl\":\"https:\/\/secure.gravatar.com\/avatar\/a413b22da0f5009c634f6c4586a2dbe5207074fd5becd88db5183b8069ef25e4?s=96&d=mm&r=g\",\"caption\":\"Coordena\u00e7\u00e3o\"},\"url\":\"https:\/\/www.estrategiaconcursos.com.br\/blog\/author\/contatoestrategiaconcursos-com-br\/\"}]}<\/script>\n<!-- \/ Yoast SEO Premium plugin. -->","yoast_head_json":{"title":"ISS\/S.J. Rio Preto - resolu\u00e7\u00e3o e muitos recursos!!!!","robots":{"index":"index","follow":"follow","max-snippet":"max-snippet:-1","max-image-preview":"max-image-preview:large","max-video-preview":"max-video-preview:-1"},"canonical":"https:\/\/www.estrategiaconcursos.com.br\/blog\/isss-j-rio-preto-muitos-recursos\/","og_locale":"pt_BR","og_type":"article","og_title":"ISS\/S.J. Rio Preto - resolu\u00e7\u00e3o e muitos recursos!!!!","og_description":"Caros alunos, Apresento a resolu\u00e7\u00e3o RESUMIDA das quest\u00f5es de Racioc\u00ednio L\u00f3gico e Matem\u00e1tica Financeira da prova de Auditor de S\u00e3o Jos\u00e9 do Rio Preto. Vislumbrei possibilidade de recurso na quest\u00e3o 23, como voc\u00eas ver\u00e3o. Vale ainda mencionar o caso das quest\u00f5es 11, 13, 14, 18, 19 e 20. Estas quest\u00f5es tratam do tema L\u00d3GICA FORMAL, [&hellip;]","og_url":"https:\/\/www.estrategiaconcursos.com.br\/blog\/isss-j-rio-preto-muitos-recursos\/","og_site_name":"Estrat\u00e9gia Concursos","article_published_time":"2014-12-23T16:08:35+00:00","article_modified_time":"2015-01-05T12:46:30+00:00","author":"Coordena\u00e7\u00e3o","twitter_card":"summary_large_image","twitter_creator":"@EstratConcursos","twitter_site":"@EstratConcursos","twitter_misc":{"Escrito por":"Coordena\u00e7\u00e3o","Est. tempo de leitura":"10 minutos"},"schema":{"@context":"https:\/\/schema.org","@graph":[{"@type":"NewsArticle","@id":"https:\/\/www.estrategiaconcursos.com.br\/blog\/isss-j-rio-preto-muitos-recursos\/#article","isPartOf":{"@id":"https:\/\/www.estrategiaconcursos.com.br\/blog\/isss-j-rio-preto-muitos-recursos\/"},"author":{"name":"Coordena\u00e7\u00e3o","@id":"https:\/\/www.estrategiaconcursos.com.br\/blog\/#\/schema\/person\/cdad40b5818eb228a838461fcd656da7"},"headline":"ISS\/S.J. Rio Preto &#8211; resolu\u00e7\u00e3o e muitos recursos!!!!","datePublished":"2014-12-23T16:08:35+00:00","dateModified":"2015-01-05T12:46:30+00:00","mainEntityOfPage":{"@id":"https:\/\/www.estrategiaconcursos.com.br\/blog\/isss-j-rio-preto-muitos-recursos\/"},"wordCount":1930,"commentCount":0,"publisher":{"@id":"https:\/\/www.estrategiaconcursos.com.br\/blog\/#organization"},"keywords":["ISS S\u00e3o Jos\u00e9 do Rio Preto","Recurso"],"articleSection":["Concursos P\u00fablicos"],"inLanguage":"pt-BR","potentialAction":[{"@type":"CommentAction","name":"Comment","target":["https:\/\/www.estrategiaconcursos.com.br\/blog\/isss-j-rio-preto-muitos-recursos\/#respond"]}],"copyrightYear":"2014","copyrightHolder":{"@id":"https:\/\/www.estrategiaconcursos.com.br\/blog\/#organization"}},{"@type":"WebPage","@id":"https:\/\/www.estrategiaconcursos.com.br\/blog\/isss-j-rio-preto-muitos-recursos\/","url":"https:\/\/www.estrategiaconcursos.com.br\/blog\/isss-j-rio-preto-muitos-recursos\/","name":"ISS\/S.J. Rio Preto - resolu\u00e7\u00e3o e muitos recursos!!!!","isPartOf":{"@id":"https:\/\/www.estrategiaconcursos.com.br\/blog\/#website"},"datePublished":"2014-12-23T16:08:35+00:00","dateModified":"2015-01-05T12:46:30+00:00","breadcrumb":{"@id":"https:\/\/www.estrategiaconcursos.com.br\/blog\/isss-j-rio-preto-muitos-recursos\/#breadcrumb"},"inLanguage":"pt-BR","potentialAction":[{"@type":"ReadAction","target":["https:\/\/www.estrategiaconcursos.com.br\/blog\/isss-j-rio-preto-muitos-recursos\/"]}]},{"@type":"BreadcrumbList","@id":"https:\/\/www.estrategiaconcursos.com.br\/blog\/isss-j-rio-preto-muitos-recursos\/#breadcrumb","itemListElement":[{"@type":"ListItem","position":1,"name":"In\u00edcio","item":"https:\/\/www.estrategiaconcursos.com.br\/blog\/"},{"@type":"ListItem","position":2,"name":"ISS\/S.J. Rio Preto &#8211; resolu\u00e7\u00e3o e muitos recursos!!!!"}]},{"@type":"WebSite","@id":"https:\/\/www.estrategiaconcursos.com.br\/blog\/#website","url":"https:\/\/www.estrategiaconcursos.com.br\/blog\/","name":"Estrat\u00e9gia Concursos","description":"O blog da Estrat\u00e9gia Concursos traz not\u00edcias sobre concursos e artigos de professores oferecendo cursos para concursos (pdf + videaulas) no site.","publisher":{"@id":"https:\/\/www.estrategiaconcursos.com.br\/blog\/#organization"},"potentialAction":[{"@type":"SearchAction","target":{"@type":"EntryPoint","urlTemplate":"https:\/\/www.estrategiaconcursos.com.br\/blog\/?s={search_term_string}"},"query-input":{"@type":"PropertyValueSpecification","valueRequired":true,"valueName":"search_term_string"}}],"inLanguage":"pt-BR"},{"@type":"Organization","@id":"https:\/\/www.estrategiaconcursos.com.br\/blog\/#organization","name":"Estrat\u00e9gia Concursos","url":"https:\/\/www.estrategiaconcursos.com.br\/blog\/","logo":{"@type":"ImageObject","inLanguage":"pt-BR","@id":"https:\/\/www.estrategiaconcursos.com.br\/blog\/#\/schema\/logo\/image\/","url":"https:\/\/dhg1h5j42swfq.cloudfront.net\/2025\/06\/03203428\/logo_concursos-1.jpg","contentUrl":"https:\/\/dhg1h5j42swfq.cloudfront.net\/2025\/06\/03203428\/logo_concursos-1.jpg","width":230,"height":60,"caption":"Estrat\u00e9gia Concursos"},"image":{"@id":"https:\/\/www.estrategiaconcursos.com.br\/blog\/#\/schema\/logo\/image\/"},"sameAs":["https:\/\/x.com\/EstratConcursos"]},{"@type":"Person","@id":"https:\/\/www.estrategiaconcursos.com.br\/blog\/#\/schema\/person\/cdad40b5818eb228a838461fcd656da7","name":"Coordena\u00e7\u00e3o","image":{"@type":"ImageObject","inLanguage":"pt-BR","@id":"https:\/\/secure.gravatar.com\/avatar\/a413b22da0f5009c634f6c4586a2dbe5207074fd5becd88db5183b8069ef25e4?s=96&d=mm&r=g","url":"https:\/\/secure.gravatar.com\/avatar\/a413b22da0f5009c634f6c4586a2dbe5207074fd5becd88db5183b8069ef25e4?s=96&d=mm&r=g","contentUrl":"https:\/\/secure.gravatar.com\/avatar\/a413b22da0f5009c634f6c4586a2dbe5207074fd5becd88db5183b8069ef25e4?s=96&d=mm&r=g","caption":"Coordena\u00e7\u00e3o"},"url":"https:\/\/www.estrategiaconcursos.com.br\/blog\/author\/contatoestrategiaconcursos-com-br\/"}]}},"_links":{"self":[{"href":"https:\/\/www.estrategiaconcursos.com.br\/blog\/wp-json\/wp\/v2\/posts\/20069","targetHints":{"allow":["GET"]}}],"collection":[{"href":"https:\/\/www.estrategiaconcursos.com.br\/blog\/wp-json\/wp\/v2\/posts"}],"about":[{"href":"https:\/\/www.estrategiaconcursos.com.br\/blog\/wp-json\/wp\/v2\/types\/post"}],"author":[{"embeddable":true,"href":"https:\/\/www.estrategiaconcursos.com.br\/blog\/wp-json\/wp\/v2\/users\/48"}],"replies":[{"embeddable":true,"href":"https:\/\/www.estrategiaconcursos.com.br\/blog\/wp-json\/wp\/v2\/comments?post=20069"}],"version-history":[{"count":3,"href":"https:\/\/www.estrategiaconcursos.com.br\/blog\/wp-json\/wp\/v2\/posts\/20069\/revisions"}],"predecessor-version":[{"id":20072,"href":"https:\/\/www.estrategiaconcursos.com.br\/blog\/wp-json\/wp\/v2\/posts\/20069\/revisions\/20072"}],"wp:attachment":[{"href":"https:\/\/www.estrategiaconcursos.com.br\/blog\/wp-json\/wp\/v2\/media?parent=20069"}],"wp:term":[{"taxonomy":"category","embeddable":true,"href":"https:\/\/www.estrategiaconcursos.com.br\/blog\/wp-json\/wp\/v2\/categories?post=20069"},{"taxonomy":"post_tag","embeddable":true,"href":"https:\/\/www.estrategiaconcursos.com.br\/blog\/wp-json\/wp\/v2\/tags?post=20069"},{"taxonomy":"tax_estado","embeddable":true,"href":"https:\/\/www.estrategiaconcursos.com.br\/blog\/wp-json\/wp\/v2\/tax_estado?post=20069"}],"curies":[{"name":"wp","href":"https:\/\/api.w.org\/{rel}","templated":true}]}}