{"id":20052,"date":"2014-12-23T09:48:35","date_gmt":"2014-12-23T12:48:35","guid":{"rendered":"https:\/\/www.estrategiaconcursos.com.br\/blog\/?p=20052"},"modified":"2015-01-05T09:48:58","modified_gmt":"2015-01-05T12:48:58","slug":"prova-de-financas-publicas-iss-sao-jose-rio-preto","status":"publish","type":"post","link":"https:\/\/www.estrategiaconcursos.com.br\/blog\/prova-de-financas-publicas-iss-sao-jose-rio-preto\/","title":{"rendered":"Prova de Finan\u00e7as P\u00fablicas &#8211; ISS S\u00e3o Jos\u00e9 do Rio Preto"},"content":{"rendered":"<p>Ol\u00e1 caros(as) amigos(as),<\/p>\n<p>Neste Domingo, dia 21\/12, tivemos a aplica\u00e7\u00e3o da prova para o concurso de Auditor Fiscal de S\u00e3o Jos\u00e9 do Rio Preto, banca VUNESP. Vou comentar abaixo as quest\u00f5es de Finan\u00e7as P\u00fablicas (exceto a quest\u00e3o 27, que se trata de Direito Tribut\u00e1rio):<\/p>\n<p>&nbsp;<\/p>\n<p><strong>26. Nos \u00faltimos anos, a Uni\u00e3o tem recebido dividendos<\/strong><br \/>\n<strong>das empresas que controla para tentar atingir a meta<\/strong><br \/>\n<strong>de super\u00e1vit prim\u00e1rio. Esses dividendos s\u00e3o receitas<\/strong><br \/>\n<strong>(A) extraor\u00e7ament\u00e1rias.<\/strong><br \/>\n<strong>(B) derivadas.<\/strong><br \/>\n<strong>(C) de capital.<\/strong><br \/>\n<strong>(D) vinculadas.<\/strong><br \/>\n<strong>(E) origin\u00e1rias.<\/strong><\/p>\n<p>Coment\u00e1rios:<\/p>\n<p>Dividendos recebidos de empresas de que o governo tem participa\u00e7\u00e3o no capital s\u00e3o receitas origin\u00e1rias, pois se originam do pr\u00f3prio patrim\u00f4nio do governo.<\/p>\n<p>Segue a defini\u00e7\u00e3o retirada de nossa aula 01, p\u00e1gina 55 (eu copiei direto do Manual T\u00e9cnico do Or\u00e7amento &#8211; MTO):<\/p>\n<p>&#8220;Assim, quando o Estado aluga um im\u00f3vel a terceiros ou quando recebe dividendos de empresas em que tem participa\u00e7\u00e3o acion\u00e1ria, tais recursos s\u00e3o receitas origin\u00e1rias.&#8221;<\/p>\n<p>Gabarito: E<\/p>\n<p><strong>28. Um imposto \u00e9 progressivo quando<\/strong><br \/>\n<strong>(A) onera de forma uniforme todos os contribuintes,<\/strong><br \/>\n<strong>independentemente de seu n\u00edvel de renda.<\/strong><br \/>\n<strong>(B) estabelece al\u00edquotas fixas sobre o consumo de bens<\/strong><br \/>\n<strong>e servi\u00e7os.<\/strong><br \/>\n<strong>(C) incide com mais intensidade sobre os contribuintes<\/strong><br \/>\n<strong>de renda mais baixa.<\/strong><br \/>\n<strong>(D) os contribuintes de rendas mais elevadas pagam<\/strong><br \/>\n<strong>imposto numa propor\u00e7\u00e3o maior de sua renda que<\/strong><br \/>\n<strong>aqueles de rendas mais baixas.<\/strong><br \/>\n<strong>(E) sua arrecada\u00e7\u00e3o aumenta na mesma propor\u00e7\u00e3o que<\/strong><br \/>\n<strong>a renda dos contribuintes.<\/strong><\/p>\n<p>Coment\u00e1rios:<\/p>\n<p>Essa era a quest\u00e3o mais f\u00e1cil da prova ;-)<\/p>\n<p>Imposto progressivo \u00e9 aquele cujos contribuintes com maiores rendas pagam maiores percentuais de impostos<\/p>\n<p>Gabarito: D<\/p>\n<p><strong>29. Em rela\u00e7\u00e3o aos impostos indiretos sobre vendas nos<\/strong><br \/>\n<strong>mercados em concorr\u00eancia perfeita, \u00e9 correto afirmar que<\/strong><br \/>\n<strong>(A) o produtor sempre consegue repassar o \u00f4nus do<\/strong><br \/>\n<strong>aumento da al\u00edquota do tributo integralmente ao<\/strong><br \/>\n<strong>consumidor.<\/strong><br \/>\n<strong>(B) se, em m\u00f3dulo, a elasticidade-pre\u00e7o da oferta ao<\/strong><br \/>\n<strong>pre\u00e7o vigente no mercado for menor que a da demanda,<\/strong><br \/>\n<strong>o \u00f4nus decorrente de um aumento na al\u00ed-<\/strong><br \/>\n<strong>quota do imposto recair\u00e1 mais sobre os produtores<\/strong><br \/>\n<strong>do que sobre os consumidores.<\/strong><br \/>\n<strong>(C) se a curva de demanda for infinitamente el\u00e1stica,<\/strong><br \/>\n<strong>o \u00f4nus da institui\u00e7\u00e3o de um imposto sobre vendas<\/strong><br \/>\n<strong>recair\u00e1 integralmente sobre os consumidores.<\/strong><br \/>\n<strong>(D) a institui\u00e7\u00e3o do imposto n\u00e3o afetar\u00e1 o pre\u00e7o e a<\/strong><br \/>\n<strong>quantidade produzida nesse mercado se a curva de<\/strong><br \/>\n<strong>oferta for infinitamente el\u00e1stica.<\/strong><br \/>\n<strong>(E) a quantidade transacionada no mercado ap\u00f3s a institui\u00e7\u00e3o<\/strong><br \/>\n<strong>do imposto ser\u00e1 tanto menor quanto menos<\/strong><br \/>\n<strong>el\u00e1stica for a curva de demanda dos consumidores.<\/strong><\/p>\n<p>Coment\u00e1rios:<\/p>\n<p>Quest\u00e3o tamb\u00e9m tranquila, sobre a quest\u00e3o da reparti\u00e7\u00e3o de \u00f4nus tribut\u00e1rio.<\/p>\n<p>(A) Incorreta. O produtor s\u00f3 consegue repassar <strong>integralmente<\/strong> o \u00f4nus tribut\u00e1rio ao contribuinte se a oferta for perfeitamente el\u00e1stica ou se a demanda for perfeitamente inel\u00e1stica.<\/p>\n<p><strong>(B) Correta<\/strong>. Se a oferta for mais inel\u00e1stica que a demanda, realmente, o \u00f4nus tribut\u00e1rio do produtor ser\u00e1 mais maior que o \u00f4nus do consumidor.<\/p>\n<p>(C) Incorreta. Se a curva de demanda for infinitamente el\u00e1stica, o \u00f4nus recai integralmente sobre o produtor.<\/p>\n<p>(D) Incorreta. Se a oferta \u00e9 infinitamente el\u00e1stica, o \u00f4nus tribut\u00e1rio recai integralmente sobre os consumidores. Isto quer dizer que o pre\u00e7o do produto aumenta exatamente no valor do imposto. A quantidade produzida tamb\u00e9m \u00e9 reduzida ap\u00f3s a cobran\u00e7a do imposto. Ou seja, o imposto faz o pre\u00e7o aumentar e a quantidade ser reduzida.<\/p>\n<p>(E) Incorreta. A quantidade transacionada no mercado ser\u00e1 tanto menor quanto mais el\u00e1stica for a curva de demanda. Isto \u00e9, quanto mais os consumidores reagirem ao aumento de pre\u00e7o, maior ser\u00e1 a queda no consumo e nas vendas.<\/p>\n<p>Gabarito: B<\/p>\n<p><strong>30. A diferen\u00e7a entre os conceitos de d\u00e9ficit p\u00fablico nominal<\/strong><br \/>\n<strong>e operacional \u00e9 que o primeiro<\/strong><br \/>\n<strong>(A) \u00e9 obtido incluindo-se os gastos com os juros nominais<\/strong><br \/>\n<strong>cobrados sobre as d\u00edvidas interna e externa, enquanto<\/strong><br \/>\n<strong>no segundo somente s\u00e3o inclu\u00eddos os juros reais.<\/strong><br \/>\n<strong>(B) representa a diferen\u00e7a entre as receitas e despesas<\/strong><br \/>\n<strong>correntes de todas as esferas de Governo, enquanto no<\/strong><br \/>\n<strong>segundo \u00e9 representada a diferen\u00e7a entre as receitas e<\/strong><br \/>\n<strong>despesas de capital.<\/strong><br \/>\n<strong>(C) representa a diferen\u00e7a entre as receitas e despesas<\/strong><br \/>\n<strong>financeiras dos entes p\u00fablicos, enquanto o segundo<\/strong><br \/>\n<strong>representa a diferen\u00e7a entre as receitas e despesas<\/strong><br \/>\n<strong>n\u00e3o financeiras.<\/strong><br \/>\n<strong>(D) corresponde ao aumento da d\u00edvida bruta do setor p\u00fa-<\/strong><br \/>\n<strong>blico, enquanto o segundo corresponde ao aumento<\/strong><br \/>\n<strong>da d\u00edvida l\u00edquida.<\/strong><br \/>\n<strong>(E) n\u00e3o inclui os investimentos realizados pelos entes<\/strong><br \/>\n<strong>p\u00fablicos, enquanto o segundo inclui.<\/strong><\/p>\n<p>Coment\u00e1rios:<\/p>\n<p>A diferen\u00e7a entre os conceitos nominal e operacional reside no fato de que o primeiro inclui juros reais e a infla\u00e7\u00e3o (corre\u00e7\u00e3o monet\u00e1ria), enquanto o segundo inclui somente os juros reais.<\/p>\n<p>Ao mesmo tempo, sabemos que juros reais mais a infla\u00e7\u00e3o nos conduzem ao conceito de juros nominais (juros nominais = juros reais + infla\u00e7\u00e3o)<\/p>\n<p>Assim:<\/p>\n<p>D\u00e9ficit nominal = d\u00e9ficit prim\u00e1rio + juros nominais<\/p>\n<p>D\u00e9ficit operacional = d\u00e9ficit prim\u00e1rio + juros reais<\/p>\n<p>Portanto, a \u00fanica alternativa que apresenta de modo correto a diferen\u00e7a entre o d\u00e9ficit nominal e o d\u00e9ficit operacional \u00e9 a <strong>letra A<\/strong>.<\/p>\n<p>Nota: tamb\u00e9m estaria correta alguma alternativa que dissesse que a diferen\u00e7a entre os dois conceitos fosse a inclus\u00e3o da infla\u00e7\u00e3o (corre\u00e7\u00e3o monet\u00e1ria) no conceito nominal.<\/p>\n<p>Gabarito: A<\/p>\n<p>&nbsp;<\/p>\n<p>Abra\u00e7os a todos!<\/p>\n<p>Heber Carvalho<\/p>\n","protected":false},"excerpt":{"rendered":"<p>Ol\u00e1 caros(as) amigos(as), Neste Domingo, dia 21\/12, tivemos a aplica\u00e7\u00e3o da prova para o concurso de Auditor Fiscal de S\u00e3o Jos\u00e9 do Rio Preto, banca VUNESP. Vou comentar abaixo as quest\u00f5es de Finan\u00e7as P\u00fablicas (exceto a quest\u00e3o 27, que se trata de Direito Tribut\u00e1rio): &nbsp; 26. Nos \u00faltimos anos, a Uni\u00e3o tem recebido dividendos das [&hellip;]<\/p>\n","protected":false},"author":13,"featured_media":0,"comment_status":"open","ping_status":"open","sticky":false,"template":"","format":"standard","meta":{"post_tipo":"article","footnotes":""},"categories":[],"tags":[505,502],"tax_estado":[],"class_list":["post-20052","post","type-post","status-publish","format-standard","hentry","tag-financas-publicas","tag-iss-sao-jose-do-rio-preto"],"acf":[],"yoast_head":"<!-- This site is optimized with the Yoast SEO Premium plugin v27.2 (Yoast SEO v27.2) - https:\/\/yoast.com\/product\/yoast-seo-premium-wordpress\/ -->\n<title>Prova de Finan\u00e7as P\u00fablicas - ISS S\u00e3o Jos\u00e9 do Rio Preto<\/title>\n<meta name=\"description\" content=\"Prova de Finan\u00e7as P\u00fablicas - ISS S\u00e3o Jos\u00e9 do Rio Preto\" \/>\n<meta name=\"robots\" content=\"index, follow, max-snippet:-1, max-image-preview:large, max-video-preview:-1\" \/>\n<link rel=\"canonical\" href=\"https:\/\/www.estrategiaconcursos.com.br\/blog\/prova-de-financas-publicas-iss-sao-jose-rio-preto\/\" \/>\n<meta property=\"og:locale\" content=\"pt_BR\" \/>\n<meta property=\"og:type\" content=\"article\" \/>\n<meta property=\"og:title\" content=\"Prova de Finan\u00e7as P\u00fablicas - ISS S\u00e3o Jos\u00e9 do Rio Preto\" \/>\n<meta property=\"og:description\" content=\"Prova de Finan\u00e7as P\u00fablicas - ISS S\u00e3o Jos\u00e9 do Rio Preto\" \/>\n<meta property=\"og:url\" content=\"https:\/\/www.estrategiaconcursos.com.br\/blog\/prova-de-financas-publicas-iss-sao-jose-rio-preto\/\" \/>\n<meta property=\"og:site_name\" content=\"Estrat\u00e9gia Concursos\" \/>\n<meta property=\"article:author\" content=\"https:\/\/www.facebook.com\/heber.economia\" \/>\n<meta property=\"article:published_time\" content=\"2014-12-23T12:48:35+00:00\" \/>\n<meta property=\"article:modified_time\" content=\"2015-01-05T12:48:58+00:00\" \/>\n<meta name=\"author\" content=\"Heber Carvalho\" \/>\n<meta name=\"twitter:card\" content=\"summary_large_image\" \/>\n<meta name=\"twitter:creator\" content=\"@https:\/\/twitter.com\/EstratConcursos\" \/>\n<meta name=\"twitter:site\" content=\"@EstratConcursos\" \/>\n<meta name=\"twitter:label1\" content=\"Escrito por\" \/>\n\t<meta name=\"twitter:data1\" content=\"Heber Carvalho\" \/>\n\t<meta name=\"twitter:label2\" content=\"Est. tempo de leitura\" \/>\n\t<meta name=\"twitter:data2\" content=\"5 minutos\" \/>\n<script type=\"application\/ld+json\" class=\"yoast-schema-graph\">{\"@context\":\"https:\/\/schema.org\",\"@graph\":[{\"@type\":\"NewsArticle\",\"@id\":\"https:\/\/www.estrategiaconcursos.com.br\/blog\/prova-de-financas-publicas-iss-sao-jose-rio-preto\/#article\",\"isPartOf\":{\"@id\":\"https:\/\/www.estrategiaconcursos.com.br\/blog\/prova-de-financas-publicas-iss-sao-jose-rio-preto\/\"},\"author\":{\"name\":\"Heber Carvalho\",\"@id\":\"https:\/\/www.estrategiaconcursos.com.br\/blog\/#\/schema\/person\/555176e5fb81029706226eaf88b58f77\"},\"headline\":\"Prova de Finan\u00e7as P\u00fablicas &#8211; ISS S\u00e3o Jos\u00e9 do Rio Preto\",\"datePublished\":\"2014-12-23T12:48:35+00:00\",\"dateModified\":\"2015-01-05T12:48:58+00:00\",\"mainEntityOfPage\":{\"@id\":\"https:\/\/www.estrategiaconcursos.com.br\/blog\/prova-de-financas-publicas-iss-sao-jose-rio-preto\/\"},\"wordCount\":940,\"commentCount\":0,\"publisher\":{\"@id\":\"https:\/\/www.estrategiaconcursos.com.br\/blog\/#organization\"},\"keywords\":[\"Finan\u00e7as Publicas\",\"ISS S\u00e3o Jos\u00e9 do Rio Preto\"],\"inLanguage\":\"pt-BR\",\"potentialAction\":[{\"@type\":\"CommentAction\",\"name\":\"Comment\",\"target\":[\"https:\/\/www.estrategiaconcursos.com.br\/blog\/prova-de-financas-publicas-iss-sao-jose-rio-preto\/#respond\"]}],\"copyrightYear\":\"2014\",\"copyrightHolder\":{\"@id\":\"https:\/\/www.estrategiaconcursos.com.br\/blog\/#organization\"}},{\"@type\":\"WebPage\",\"@id\":\"https:\/\/www.estrategiaconcursos.com.br\/blog\/prova-de-financas-publicas-iss-sao-jose-rio-preto\/\",\"url\":\"https:\/\/www.estrategiaconcursos.com.br\/blog\/prova-de-financas-publicas-iss-sao-jose-rio-preto\/\",\"name\":\"Prova de Finan\u00e7as P\u00fablicas - ISS S\u00e3o Jos\u00e9 do Rio Preto\",\"isPartOf\":{\"@id\":\"https:\/\/www.estrategiaconcursos.com.br\/blog\/#website\"},\"datePublished\":\"2014-12-23T12:48:35+00:00\",\"dateModified\":\"2015-01-05T12:48:58+00:00\",\"description\":\"Prova de Finan\u00e7as P\u00fablicas - ISS S\u00e3o Jos\u00e9 do Rio Preto\",\"breadcrumb\":{\"@id\":\"https:\/\/www.estrategiaconcursos.com.br\/blog\/prova-de-financas-publicas-iss-sao-jose-rio-preto\/#breadcrumb\"},\"inLanguage\":\"pt-BR\",\"potentialAction\":[{\"@type\":\"ReadAction\",\"target\":[\"https:\/\/www.estrategiaconcursos.com.br\/blog\/prova-de-financas-publicas-iss-sao-jose-rio-preto\/\"]}]},{\"@type\":\"BreadcrumbList\",\"@id\":\"https:\/\/www.estrategiaconcursos.com.br\/blog\/prova-de-financas-publicas-iss-sao-jose-rio-preto\/#breadcrumb\",\"itemListElement\":[{\"@type\":\"ListItem\",\"position\":1,\"name\":\"In\u00edcio\",\"item\":\"https:\/\/www.estrategiaconcursos.com.br\/blog\/\"},{\"@type\":\"ListItem\",\"position\":2,\"name\":\"Prova de Finan\u00e7as P\u00fablicas &#8211; ISS S\u00e3o Jos\u00e9 do Rio Preto\"}]},{\"@type\":\"WebSite\",\"@id\":\"https:\/\/www.estrategiaconcursos.com.br\/blog\/#website\",\"url\":\"https:\/\/www.estrategiaconcursos.com.br\/blog\/\",\"name\":\"Estrat\u00e9gia Concursos\",\"description\":\"O blog da Estrat\u00e9gia Concursos traz not\u00edcias sobre concursos e artigos de professores oferecendo cursos para concursos (pdf + videaulas) no site.\",\"publisher\":{\"@id\":\"https:\/\/www.estrategiaconcursos.com.br\/blog\/#organization\"},\"potentialAction\":[{\"@type\":\"SearchAction\",\"target\":{\"@type\":\"EntryPoint\",\"urlTemplate\":\"https:\/\/www.estrategiaconcursos.com.br\/blog\/?s={search_term_string}\"},\"query-input\":{\"@type\":\"PropertyValueSpecification\",\"valueRequired\":true,\"valueName\":\"search_term_string\"}}],\"inLanguage\":\"pt-BR\"},{\"@type\":\"Organization\",\"@id\":\"https:\/\/www.estrategiaconcursos.com.br\/blog\/#organization\",\"name\":\"Estrat\u00e9gia Concursos\",\"url\":\"https:\/\/www.estrategiaconcursos.com.br\/blog\/\",\"logo\":{\"@type\":\"ImageObject\",\"inLanguage\":\"pt-BR\",\"@id\":\"https:\/\/www.estrategiaconcursos.com.br\/blog\/#\/schema\/logo\/image\/\",\"url\":\"https:\/\/dhg1h5j42swfq.cloudfront.net\/2025\/06\/03203428\/logo_concursos-1.jpg\",\"contentUrl\":\"https:\/\/dhg1h5j42swfq.cloudfront.net\/2025\/06\/03203428\/logo_concursos-1.jpg\",\"width\":230,\"height\":60,\"caption\":\"Estrat\u00e9gia Concursos\"},\"image\":{\"@id\":\"https:\/\/www.estrategiaconcursos.com.br\/blog\/#\/schema\/logo\/image\/\"},\"sameAs\":[\"https:\/\/x.com\/EstratConcursos\"]},{\"@type\":\"Person\",\"@id\":\"https:\/\/www.estrategiaconcursos.com.br\/blog\/#\/schema\/person\/555176e5fb81029706226eaf88b58f77\",\"name\":\"Heber Carvalho\",\"image\":{\"@type\":\"ImageObject\",\"inLanguage\":\"pt-BR\",\"@id\":\"https:\/\/secure.gravatar.com\/avatar\/7fb00f951b5b5ef6352d915a4dd32e75828f1e329e22967291a52e461270e40a?s=96&d=mm&r=g\",\"url\":\"https:\/\/secure.gravatar.com\/avatar\/7fb00f951b5b5ef6352d915a4dd32e75828f1e329e22967291a52e461270e40a?s=96&d=mm&r=g\",\"contentUrl\":\"https:\/\/secure.gravatar.com\/avatar\/7fb00f951b5b5ef6352d915a4dd32e75828f1e329e22967291a52e461270e40a?s=96&d=mm&r=g\",\"caption\":\"Heber Carvalho\"},\"sameAs\":[\"https:\/\/www.facebook.com\/heber.economia\",\"https:\/\/x.com\/https:\/\/twitter.com\/EstratConcursos\"],\"url\":\"https:\/\/www.estrategiaconcursos.com.br\/blog\/author\/hebercarvalhoestrategiaconcursos-com-br\/\"}]}<\/script>\n<!-- \/ Yoast SEO Premium plugin. -->","yoast_head_json":{"title":"Prova de Finan\u00e7as P\u00fablicas - ISS S\u00e3o Jos\u00e9 do Rio Preto","description":"Prova de Finan\u00e7as P\u00fablicas - ISS S\u00e3o Jos\u00e9 do Rio Preto","robots":{"index":"index","follow":"follow","max-snippet":"max-snippet:-1","max-image-preview":"max-image-preview:large","max-video-preview":"max-video-preview:-1"},"canonical":"https:\/\/www.estrategiaconcursos.com.br\/blog\/prova-de-financas-publicas-iss-sao-jose-rio-preto\/","og_locale":"pt_BR","og_type":"article","og_title":"Prova de Finan\u00e7as P\u00fablicas - ISS S\u00e3o Jos\u00e9 do Rio Preto","og_description":"Prova de Finan\u00e7as P\u00fablicas - ISS S\u00e3o Jos\u00e9 do Rio Preto","og_url":"https:\/\/www.estrategiaconcursos.com.br\/blog\/prova-de-financas-publicas-iss-sao-jose-rio-preto\/","og_site_name":"Estrat\u00e9gia Concursos","article_author":"https:\/\/www.facebook.com\/heber.economia","article_published_time":"2014-12-23T12:48:35+00:00","article_modified_time":"2015-01-05T12:48:58+00:00","author":"Heber Carvalho","twitter_card":"summary_large_image","twitter_creator":"@https:\/\/twitter.com\/EstratConcursos","twitter_site":"@EstratConcursos","twitter_misc":{"Escrito por":"Heber Carvalho","Est. tempo de leitura":"5 minutos"},"schema":{"@context":"https:\/\/schema.org","@graph":[{"@type":"NewsArticle","@id":"https:\/\/www.estrategiaconcursos.com.br\/blog\/prova-de-financas-publicas-iss-sao-jose-rio-preto\/#article","isPartOf":{"@id":"https:\/\/www.estrategiaconcursos.com.br\/blog\/prova-de-financas-publicas-iss-sao-jose-rio-preto\/"},"author":{"name":"Heber Carvalho","@id":"https:\/\/www.estrategiaconcursos.com.br\/blog\/#\/schema\/person\/555176e5fb81029706226eaf88b58f77"},"headline":"Prova de Finan\u00e7as P\u00fablicas &#8211; ISS S\u00e3o Jos\u00e9 do Rio Preto","datePublished":"2014-12-23T12:48:35+00:00","dateModified":"2015-01-05T12:48:58+00:00","mainEntityOfPage":{"@id":"https:\/\/www.estrategiaconcursos.com.br\/blog\/prova-de-financas-publicas-iss-sao-jose-rio-preto\/"},"wordCount":940,"commentCount":0,"publisher":{"@id":"https:\/\/www.estrategiaconcursos.com.br\/blog\/#organization"},"keywords":["Finan\u00e7as Publicas","ISS S\u00e3o Jos\u00e9 do Rio Preto"],"inLanguage":"pt-BR","potentialAction":[{"@type":"CommentAction","name":"Comment","target":["https:\/\/www.estrategiaconcursos.com.br\/blog\/prova-de-financas-publicas-iss-sao-jose-rio-preto\/#respond"]}],"copyrightYear":"2014","copyrightHolder":{"@id":"https:\/\/www.estrategiaconcursos.com.br\/blog\/#organization"}},{"@type":"WebPage","@id":"https:\/\/www.estrategiaconcursos.com.br\/blog\/prova-de-financas-publicas-iss-sao-jose-rio-preto\/","url":"https:\/\/www.estrategiaconcursos.com.br\/blog\/prova-de-financas-publicas-iss-sao-jose-rio-preto\/","name":"Prova de Finan\u00e7as P\u00fablicas - ISS S\u00e3o Jos\u00e9 do Rio Preto","isPartOf":{"@id":"https:\/\/www.estrategiaconcursos.com.br\/blog\/#website"},"datePublished":"2014-12-23T12:48:35+00:00","dateModified":"2015-01-05T12:48:58+00:00","description":"Prova de Finan\u00e7as P\u00fablicas - ISS S\u00e3o Jos\u00e9 do Rio Preto","breadcrumb":{"@id":"https:\/\/www.estrategiaconcursos.com.br\/blog\/prova-de-financas-publicas-iss-sao-jose-rio-preto\/#breadcrumb"},"inLanguage":"pt-BR","potentialAction":[{"@type":"ReadAction","target":["https:\/\/www.estrategiaconcursos.com.br\/blog\/prova-de-financas-publicas-iss-sao-jose-rio-preto\/"]}]},{"@type":"BreadcrumbList","@id":"https:\/\/www.estrategiaconcursos.com.br\/blog\/prova-de-financas-publicas-iss-sao-jose-rio-preto\/#breadcrumb","itemListElement":[{"@type":"ListItem","position":1,"name":"In\u00edcio","item":"https:\/\/www.estrategiaconcursos.com.br\/blog\/"},{"@type":"ListItem","position":2,"name":"Prova de Finan\u00e7as P\u00fablicas &#8211; ISS S\u00e3o Jos\u00e9 do Rio Preto"}]},{"@type":"WebSite","@id":"https:\/\/www.estrategiaconcursos.com.br\/blog\/#website","url":"https:\/\/www.estrategiaconcursos.com.br\/blog\/","name":"Estrat\u00e9gia Concursos","description":"O blog da Estrat\u00e9gia Concursos traz not\u00edcias sobre concursos e artigos de professores oferecendo cursos para concursos (pdf + videaulas) no site.","publisher":{"@id":"https:\/\/www.estrategiaconcursos.com.br\/blog\/#organization"},"potentialAction":[{"@type":"SearchAction","target":{"@type":"EntryPoint","urlTemplate":"https:\/\/www.estrategiaconcursos.com.br\/blog\/?s={search_term_string}"},"query-input":{"@type":"PropertyValueSpecification","valueRequired":true,"valueName":"search_term_string"}}],"inLanguage":"pt-BR"},{"@type":"Organization","@id":"https:\/\/www.estrategiaconcursos.com.br\/blog\/#organization","name":"Estrat\u00e9gia Concursos","url":"https:\/\/www.estrategiaconcursos.com.br\/blog\/","logo":{"@type":"ImageObject","inLanguage":"pt-BR","@id":"https:\/\/www.estrategiaconcursos.com.br\/blog\/#\/schema\/logo\/image\/","url":"https:\/\/dhg1h5j42swfq.cloudfront.net\/2025\/06\/03203428\/logo_concursos-1.jpg","contentUrl":"https:\/\/dhg1h5j42swfq.cloudfront.net\/2025\/06\/03203428\/logo_concursos-1.jpg","width":230,"height":60,"caption":"Estrat\u00e9gia Concursos"},"image":{"@id":"https:\/\/www.estrategiaconcursos.com.br\/blog\/#\/schema\/logo\/image\/"},"sameAs":["https:\/\/x.com\/EstratConcursos"]},{"@type":"Person","@id":"https:\/\/www.estrategiaconcursos.com.br\/blog\/#\/schema\/person\/555176e5fb81029706226eaf88b58f77","name":"Heber Carvalho","image":{"@type":"ImageObject","inLanguage":"pt-BR","@id":"https:\/\/secure.gravatar.com\/avatar\/7fb00f951b5b5ef6352d915a4dd32e75828f1e329e22967291a52e461270e40a?s=96&d=mm&r=g","url":"https:\/\/secure.gravatar.com\/avatar\/7fb00f951b5b5ef6352d915a4dd32e75828f1e329e22967291a52e461270e40a?s=96&d=mm&r=g","contentUrl":"https:\/\/secure.gravatar.com\/avatar\/7fb00f951b5b5ef6352d915a4dd32e75828f1e329e22967291a52e461270e40a?s=96&d=mm&r=g","caption":"Heber Carvalho"},"sameAs":["https:\/\/www.facebook.com\/heber.economia","https:\/\/x.com\/https:\/\/twitter.com\/EstratConcursos"],"url":"https:\/\/www.estrategiaconcursos.com.br\/blog\/author\/hebercarvalhoestrategiaconcursos-com-br\/"}]}},"_links":{"self":[{"href":"https:\/\/www.estrategiaconcursos.com.br\/blog\/wp-json\/wp\/v2\/posts\/20052","targetHints":{"allow":["GET"]}}],"collection":[{"href":"https:\/\/www.estrategiaconcursos.com.br\/blog\/wp-json\/wp\/v2\/posts"}],"about":[{"href":"https:\/\/www.estrategiaconcursos.com.br\/blog\/wp-json\/wp\/v2\/types\/post"}],"author":[{"embeddable":true,"href":"https:\/\/www.estrategiaconcursos.com.br\/blog\/wp-json\/wp\/v2\/users\/13"}],"replies":[{"embeddable":true,"href":"https:\/\/www.estrategiaconcursos.com.br\/blog\/wp-json\/wp\/v2\/comments?post=20052"}],"version-history":[{"count":2,"href":"https:\/\/www.estrategiaconcursos.com.br\/blog\/wp-json\/wp\/v2\/posts\/20052\/revisions"}],"predecessor-version":[{"id":20055,"href":"https:\/\/www.estrategiaconcursos.com.br\/blog\/wp-json\/wp\/v2\/posts\/20052\/revisions\/20055"}],"wp:attachment":[{"href":"https:\/\/www.estrategiaconcursos.com.br\/blog\/wp-json\/wp\/v2\/media?parent=20052"}],"wp:term":[{"taxonomy":"category","embeddable":true,"href":"https:\/\/www.estrategiaconcursos.com.br\/blog\/wp-json\/wp\/v2\/categories?post=20052"},{"taxonomy":"post_tag","embeddable":true,"href":"https:\/\/www.estrategiaconcursos.com.br\/blog\/wp-json\/wp\/v2\/tags?post=20052"},{"taxonomy":"tax_estado","embeddable":true,"href":"https:\/\/www.estrategiaconcursos.com.br\/blog\/wp-json\/wp\/v2\/tax_estado?post=20052"}],"curies":[{"name":"wp","href":"https:\/\/api.w.org\/{rel}","templated":true}]}}