{"id":20045,"date":"2014-12-23T09:17:55","date_gmt":"2014-12-23T12:17:55","guid":{"rendered":"https:\/\/www.estrategiaconcursos.com.br\/blog\/?p=20045"},"modified":"2015-01-05T09:49:36","modified_gmt":"2015-01-05T12:49:36","slug":"comentarios-prova-de-direito-constitucional-iss-sao-jose-rio-preto-2014","status":"publish","type":"post","link":"https:\/\/www.estrategiaconcursos.com.br\/blog\/comentarios-prova-de-direito-constitucional-iss-sao-jose-rio-preto-2014\/","title":{"rendered":"Prova de Direito Constitucional &#8211; ISS S\u00e3o Jos\u00e9 do Rio Preto 2014"},"content":{"rendered":"<p>Ol\u00e1, pessoal! Tudo bem?<\/p>\n<p>Hoje passo por aqui pra comentar a prova de Direito Constitucional do concurso do ISS S\u00e3o Jos\u00e9 do Rio Preto. A prova foi composta de 4 quest\u00f5es e estava relativamente tranquila. Dava pra gabaritar sem maiores problemas tendo estudado pelo nosso curso aqui do Estrat\u00e9gia.<\/p>\n<p>Seguem os coment\u00e1rios:<\/p>\n<p><strong>45 &#8211; (VUNESP \/ ISS S\u00e3o Jos\u00e9 do Rio Preto \u2013 2014) A omiss\u00e3o inconstitucional normativa pode ser objeto de controle por meio:\u00a0<\/strong><\/p>\n<p>a) da argui\u00e7\u00e3o de descumprimento de preceito fundamental.<\/p>\n<p>b) da reclama\u00e7\u00e3o constitucional indicando a omiss\u00e3o legislativa.<\/p>\n<p>c) do mandado de injun\u00e7\u00e3o.<\/p>\n<p>d) da a\u00e7\u00e3o declarat\u00f3ria de constitucionalidade.<\/p>\n<p>e) da representa\u00e7\u00e3o de inconstitucionalidade em rela\u00e7\u00e3o a atos normativos anteriores \u00e0 Constitui\u00e7\u00e3o.<\/p>\n<p><strong>Coment\u00e1rios<\/strong>:<\/p>\n<p>A omiss\u00e3o inconstitucional pode ser objeto de controle por meio da mandado de injun\u00e7\u00e3o ou de A\u00e7\u00e3o Direta de Inconstitucionalidade por Omiss\u00e3o. A resposta \u00e9 a letra C.<\/p>\n<p><strong>46- (VUNESP \/ ISS S\u00e3o Jos\u00e9 do Rio Preto \u2013 2014) Compete aos Munic\u00edpios instituir impostos sobre<\/strong><\/p>\n<p>a) servi\u00e7os de transporte intermunicipal e de comunica\u00e7\u00e3o.<\/p>\n<p>b) propriedade territorial rural.<\/p>\n<p>c) transmiss\u00e3o causa mortis e doa\u00e7\u00e3o, de quaisquer bens ou direitos.<\/p>\n<p>d) transmiss\u00e3o inter vivos, a qualquer t\u00edtulo, por ato oneroso, de bens im\u00f3veis.<\/p>\n<p>e) propriedade de ve\u00edculos automotores, observando as al\u00edquotas estabelecidas pelos Estados.<\/p>\n<p><strong>Coment\u00e1rios<\/strong>:<\/p>\n<p>O ITBI, o IPTU e o ISS s\u00e3o tributos municipais. A resposta \u00e9 a letra D.<\/p>\n<p><strong>47-(VUNESP \/ ISS S\u00e3o Jos\u00e9 do Rio Preto \u2013 2014) No que se refere \u00e0 reparti\u00e7\u00e3o das compet\u00eancias prevista no texto constitucional, \u00e9 correto afirmar que<\/strong><\/p>\n<p>a) a compet\u00eancia da Uni\u00e3o para legislar sobre normas gerais exclui a compet\u00eancia suplementar dos Estados.<\/p>\n<p>b) inexistindo lei federal sobre normas gerais, os Estados exercer\u00e3o a compet\u00eancia legislativa plena, para atender a suas peculiaridades.<\/p>\n<p>c) \u00e9 reservada aos Munic\u00edpios a compet\u00eancia para legislar sobre desapropria\u00e7\u00e3o.<\/p>\n<p>d) a superveni\u00eancia de lei federal sobre normas gerais n\u00e3o suspende a efic\u00e1cia da lei estadual, ainda no que lhe for contr\u00e1rio.<\/p>\n<p>e) inexistindo lei federal sobre normas gerais, compete exclusivamente aos Estados o ingresso de mandado de injun\u00e7\u00e3o.<\/p>\n<p><strong>Coment\u00e1rios: <\/strong><\/p>\n<p>Letra A: errada. No \u00e2mbito da compet\u00eancia concorrente, cabe \u00e0 Uni\u00e3o editar normas gerais, o que <strong><em>n\u00e3o exclui<\/em><\/strong> a compet\u00eancia suplementar dos Estados.<\/p>\n<p>Letra B: correta. Caso n\u00e3o exista lei federal de normas gerais, os Estados exercer\u00e3o a compet\u00eancia legislativa plena.<\/p>\n<p>Letra C: errada. \u00cb compet\u00eancia privativa da Uni\u00e3o legislar sobre desapropria\u00e7\u00e3o.<\/p>\n<p>Letra D: errada. A superveni\u00eancia de lei federal sobre normas gerais <strong><em>suspende a efic\u00e1cia<\/em><\/strong> de lei estadual, no que lhe for contr\u00e1ria.<\/p>\n<p>Letra E: errada. Essa assertiva foi \u201csem p\u00e9 nem cabe\u00e7a\u201d. O objetivo era apenas confundir o candidato.<\/p>\n<p>O gabarito \u00e9 a letra B.<\/p>\n<p><strong>48- (VUNESP \/ ISS S\u00e3o Jos\u00e9 do Rio Preto \u2013 2014) No que tange \u00e0 fiscaliza\u00e7\u00e3o e controle dos Munic\u00edpios, nos termos da Constitui\u00e7\u00e3o Federal, \u00e9 correto afirmar que o parecer pr\u00e9vio, emitido pelo \u00f3rg\u00e3o competente sobre as contas que o Prefeito deve anualmente prestar,<\/strong><\/p>\n<p>a) s\u00f3 deixar\u00e1 de prevalecer por decis\u00e3o da maioria absoluta dos membros da C\u00e2mara Municipal.<\/p>\n<p>b) s\u00f3 deixar\u00e1 de prevalecer por decis\u00e3o judicial referente \u00e0 nulidade procedimental.<\/p>\n<p>c) s\u00f3 deixar\u00e1 de prevalecer por decis\u00e3o da maioria relativa dos membros da C\u00e2mara Municipal.<\/p>\n<p>d) s\u00f3 deixar\u00e1 de prevalecer por decis\u00e3o de dois ter\u00e7os dos membros da C\u00e2mara Municipal.<\/p>\n<p>e) s\u00f3 deixar\u00e1 de prevalecer se n\u00e3o ficarem \u00e0 disposi\u00e7\u00e3o do contribuinte pelo prazo de 90 (noventa dias) para exame e aprecia\u00e7\u00e3o, o qual poder\u00e1 questionar a legitimidade mediante pedido de revis\u00e3o das contas.<\/p>\n<p><strong>Coment\u00e1rios<\/strong>:<\/p>\n<p>Segundo o art. 31, \u00a7 2\u00ba, o parecer pr\u00e9vio, emitido pelo \u00f3rg\u00e3o competente sobre as contas que o Prefeito deve anualmente prestar, s\u00f3 <strong><em>deixar\u00e1 de prevalecer por decis\u00e3o de dois ter\u00e7os dos membros da C\u00e2mara Municipal<\/em><\/strong>. A resposta \u00e9 a letra D.<\/p>\n<p>&#8230;<\/p>\n<p>\u00c9 isso, pessoal! A prova de Direito Constitucional do ISS S\u00e3o Jos\u00e9 do Rio Preto n\u00e3o estava dif\u00edcil. Se voc\u00ea errou alguma quest\u00e3o, \u00e9 porque n\u00e3o estava atento a alguns detalhes&#8230;<\/p>\n<p>Abra\u00e7os,<\/p>\n<p>N\u00e1dia<\/p>\n","protected":false},"excerpt":{"rendered":"<p>Ol\u00e1, pessoal! Tudo bem? Hoje passo por aqui pra comentar a prova de Direito Constitucional do concurso do ISS S\u00e3o Jos\u00e9 do Rio Preto. A prova foi composta de 4 quest\u00f5es e estava relativamente tranquila. Dava pra gabaritar sem maiores problemas tendo estudado pelo nosso curso aqui do Estrat\u00e9gia. Seguem os coment\u00e1rios: 45 &#8211; (VUNESP [&hellip;]<\/p>\n","protected":false},"author":58,"featured_media":0,"comment_status":"open","ping_status":"open","sticky":false,"template":"","format":"standard","meta":{"post_tipo":"article","footnotes":""},"categories":[],"tags":[506,502],"tax_estado":[],"class_list":["post-20045","post","type-post","status-publish","format-standard","hentry","tag-direito-constitucional","tag-iss-sao-jose-do-rio-preto"],"acf":[],"yoast_head":"<!-- This site is optimized with the Yoast SEO Premium plugin v27.2 (Yoast SEO v27.2) - https:\/\/yoast.com\/product\/yoast-seo-premium-wordpress\/ -->\n<title>Prova de Direito Constitucional - ISS S\u00e3o Jos\u00e9 do Rio Preto 2014<\/title>\n<meta name=\"description\" content=\"Nesse artigo, a Prof. N\u00e1dia Carolina comenta prova de Direito Constitucional do concurso do ISS S\u00e3o Jos\u00e9 do Rio Preto - 2014, feita pela VUNESP.\" \/>\n<meta name=\"robots\" content=\"index, follow, max-snippet:-1, max-image-preview:large, max-video-preview:-1\" \/>\n<link rel=\"canonical\" href=\"https:\/\/www.estrategiaconcursos.com.br\/blog\/comentarios-prova-de-direito-constitucional-iss-sao-jose-rio-preto-2014\/\" \/>\n<meta property=\"og:locale\" content=\"pt_BR\" \/>\n<meta property=\"og:type\" content=\"article\" \/>\n<meta property=\"og:title\" content=\"Prova de Direito Constitucional - ISS S\u00e3o Jos\u00e9 do Rio Preto 2014\" \/>\n<meta property=\"og:description\" content=\"Nesse artigo, a Prof. N\u00e1dia Carolina comenta prova de Direito Constitucional do concurso do ISS S\u00e3o Jos\u00e9 do Rio Preto - 2014, feita pela VUNESP.\" \/>\n<meta property=\"og:url\" content=\"https:\/\/www.estrategiaconcursos.com.br\/blog\/comentarios-prova-de-direito-constitucional-iss-sao-jose-rio-preto-2014\/\" \/>\n<meta property=\"og:site_name\" content=\"Estrat\u00e9gia Concursos\" \/>\n<meta property=\"article:author\" content=\"https:\/\/www.facebook.com\/nadia.c.santos.16\" \/>\n<meta property=\"article:published_time\" content=\"2014-12-23T12:17:55+00:00\" \/>\n<meta property=\"article:modified_time\" content=\"2015-01-05T12:49:36+00:00\" \/>\n<meta name=\"author\" content=\"N\u00e1dia Carolina\" \/>\n<meta name=\"twitter:card\" content=\"summary_large_image\" \/>\n<meta name=\"twitter:creator\" content=\"@EstratConcursos\" \/>\n<meta name=\"twitter:site\" content=\"@EstratConcursos\" \/>\n<meta name=\"twitter:label1\" content=\"Escrito por\" \/>\n\t<meta name=\"twitter:data1\" content=\"N\u00e1dia Carolina\" \/>\n\t<meta name=\"twitter:label2\" content=\"Est. tempo de leitura\" \/>\n\t<meta name=\"twitter:data2\" content=\"4 minutos\" \/>\n<script type=\"application\/ld+json\" class=\"yoast-schema-graph\">{\"@context\":\"https:\/\/schema.org\",\"@graph\":[{\"@type\":\"NewsArticle\",\"@id\":\"https:\/\/www.estrategiaconcursos.com.br\/blog\/comentarios-prova-de-direito-constitucional-iss-sao-jose-rio-preto-2014\/#article\",\"isPartOf\":{\"@id\":\"https:\/\/www.estrategiaconcursos.com.br\/blog\/comentarios-prova-de-direito-constitucional-iss-sao-jose-rio-preto-2014\/\"},\"author\":{\"name\":\"N\u00e1dia Carolina\",\"@id\":\"https:\/\/www.estrategiaconcursos.com.br\/blog\/#\/schema\/person\/bf1b1d1865628ae32d608d5bad5442c6\"},\"headline\":\"Prova de Direito Constitucional &#8211; ISS S\u00e3o Jos\u00e9 do Rio Preto 2014\",\"datePublished\":\"2014-12-23T12:17:55+00:00\",\"dateModified\":\"2015-01-05T12:49:36+00:00\",\"mainEntityOfPage\":{\"@id\":\"https:\/\/www.estrategiaconcursos.com.br\/blog\/comentarios-prova-de-direito-constitucional-iss-sao-jose-rio-preto-2014\/\"},\"wordCount\":720,\"commentCount\":0,\"publisher\":{\"@id\":\"https:\/\/www.estrategiaconcursos.com.br\/blog\/#organization\"},\"keywords\":[\"Direito Constitucional\",\"ISS S\u00e3o Jos\u00e9 do Rio Preto\"],\"inLanguage\":\"pt-BR\",\"potentialAction\":[{\"@type\":\"CommentAction\",\"name\":\"Comment\",\"target\":[\"https:\/\/www.estrategiaconcursos.com.br\/blog\/comentarios-prova-de-direito-constitucional-iss-sao-jose-rio-preto-2014\/#respond\"]}],\"copyrightYear\":\"2014\",\"copyrightHolder\":{\"@id\":\"https:\/\/www.estrategiaconcursos.com.br\/blog\/#organization\"}},{\"@type\":\"WebPage\",\"@id\":\"https:\/\/www.estrategiaconcursos.com.br\/blog\/comentarios-prova-de-direito-constitucional-iss-sao-jose-rio-preto-2014\/\",\"url\":\"https:\/\/www.estrategiaconcursos.com.br\/blog\/comentarios-prova-de-direito-constitucional-iss-sao-jose-rio-preto-2014\/\",\"name\":\"Prova de Direito Constitucional - ISS S\u00e3o Jos\u00e9 do Rio Preto 2014\",\"isPartOf\":{\"@id\":\"https:\/\/www.estrategiaconcursos.com.br\/blog\/#website\"},\"datePublished\":\"2014-12-23T12:17:55+00:00\",\"dateModified\":\"2015-01-05T12:49:36+00:00\",\"description\":\"Nesse artigo, a Prof. N\u00e1dia Carolina comenta prova de Direito Constitucional do concurso do ISS S\u00e3o Jos\u00e9 do Rio Preto - 2014, feita pela VUNESP.\",\"breadcrumb\":{\"@id\":\"https:\/\/www.estrategiaconcursos.com.br\/blog\/comentarios-prova-de-direito-constitucional-iss-sao-jose-rio-preto-2014\/#breadcrumb\"},\"inLanguage\":\"pt-BR\",\"potentialAction\":[{\"@type\":\"ReadAction\",\"target\":[\"https:\/\/www.estrategiaconcursos.com.br\/blog\/comentarios-prova-de-direito-constitucional-iss-sao-jose-rio-preto-2014\/\"]}]},{\"@type\":\"BreadcrumbList\",\"@id\":\"https:\/\/www.estrategiaconcursos.com.br\/blog\/comentarios-prova-de-direito-constitucional-iss-sao-jose-rio-preto-2014\/#breadcrumb\",\"itemListElement\":[{\"@type\":\"ListItem\",\"position\":1,\"name\":\"In\u00edcio\",\"item\":\"https:\/\/www.estrategiaconcursos.com.br\/blog\/\"},{\"@type\":\"ListItem\",\"position\":2,\"name\":\"Prova de Direito Constitucional &#8211; ISS S\u00e3o Jos\u00e9 do Rio Preto 2014\"}]},{\"@type\":\"WebSite\",\"@id\":\"https:\/\/www.estrategiaconcursos.com.br\/blog\/#website\",\"url\":\"https:\/\/www.estrategiaconcursos.com.br\/blog\/\",\"name\":\"Estrat\u00e9gia Concursos\",\"description\":\"O blog da Estrat\u00e9gia Concursos traz not\u00edcias sobre concursos e artigos de professores oferecendo cursos para concursos (pdf + videaulas) no site.\",\"publisher\":{\"@id\":\"https:\/\/www.estrategiaconcursos.com.br\/blog\/#organization\"},\"potentialAction\":[{\"@type\":\"SearchAction\",\"target\":{\"@type\":\"EntryPoint\",\"urlTemplate\":\"https:\/\/www.estrategiaconcursos.com.br\/blog\/?s={search_term_string}\"},\"query-input\":{\"@type\":\"PropertyValueSpecification\",\"valueRequired\":true,\"valueName\":\"search_term_string\"}}],\"inLanguage\":\"pt-BR\"},{\"@type\":\"Organization\",\"@id\":\"https:\/\/www.estrategiaconcursos.com.br\/blog\/#organization\",\"name\":\"Estrat\u00e9gia Concursos\",\"url\":\"https:\/\/www.estrategiaconcursos.com.br\/blog\/\",\"logo\":{\"@type\":\"ImageObject\",\"inLanguage\":\"pt-BR\",\"@id\":\"https:\/\/www.estrategiaconcursos.com.br\/blog\/#\/schema\/logo\/image\/\",\"url\":\"https:\/\/dhg1h5j42swfq.cloudfront.net\/2025\/06\/03203428\/logo_concursos-1.jpg\",\"contentUrl\":\"https:\/\/dhg1h5j42swfq.cloudfront.net\/2025\/06\/03203428\/logo_concursos-1.jpg\",\"width\":230,\"height\":60,\"caption\":\"Estrat\u00e9gia Concursos\"},\"image\":{\"@id\":\"https:\/\/www.estrategiaconcursos.com.br\/blog\/#\/schema\/logo\/image\/\"},\"sameAs\":[\"https:\/\/x.com\/EstratConcursos\"]},{\"@type\":\"Person\",\"@id\":\"https:\/\/www.estrategiaconcursos.com.br\/blog\/#\/schema\/person\/bf1b1d1865628ae32d608d5bad5442c6\",\"name\":\"N\u00e1dia Carolina\",\"image\":{\"@type\":\"ImageObject\",\"inLanguage\":\"pt-BR\",\"@id\":\"https:\/\/secure.gravatar.com\/avatar\/0ec0c484339a071f22ea5ced30956ccdaab0f83125b2dc1857c3b038404136a7?s=96&d=mm&r=g\",\"url\":\"https:\/\/secure.gravatar.com\/avatar\/0ec0c484339a071f22ea5ced30956ccdaab0f83125b2dc1857c3b038404136a7?s=96&d=mm&r=g\",\"contentUrl\":\"https:\/\/secure.gravatar.com\/avatar\/0ec0c484339a071f22ea5ced30956ccdaab0f83125b2dc1857c3b038404136a7?s=96&d=mm&r=g\",\"caption\":\"N\u00e1dia Carolina\"},\"sameAs\":[\"https:\/\/www.facebook.com\/nadia.c.santos.16\"],\"url\":\"https:\/\/www.estrategiaconcursos.com.br\/blog\/author\/nadiaestrategiaconcursos-com-br\/\"}]}<\/script>\n<!-- \/ Yoast SEO Premium plugin. -->","yoast_head_json":{"title":"Prova de Direito Constitucional - ISS S\u00e3o Jos\u00e9 do Rio Preto 2014","description":"Nesse artigo, a Prof. N\u00e1dia Carolina comenta prova de Direito Constitucional do concurso do ISS S\u00e3o Jos\u00e9 do Rio Preto - 2014, feita pela VUNESP.","robots":{"index":"index","follow":"follow","max-snippet":"max-snippet:-1","max-image-preview":"max-image-preview:large","max-video-preview":"max-video-preview:-1"},"canonical":"https:\/\/www.estrategiaconcursos.com.br\/blog\/comentarios-prova-de-direito-constitucional-iss-sao-jose-rio-preto-2014\/","og_locale":"pt_BR","og_type":"article","og_title":"Prova de Direito Constitucional - ISS S\u00e3o Jos\u00e9 do Rio Preto 2014","og_description":"Nesse artigo, a Prof. N\u00e1dia Carolina comenta prova de Direito Constitucional do concurso do ISS S\u00e3o Jos\u00e9 do Rio Preto - 2014, feita pela VUNESP.","og_url":"https:\/\/www.estrategiaconcursos.com.br\/blog\/comentarios-prova-de-direito-constitucional-iss-sao-jose-rio-preto-2014\/","og_site_name":"Estrat\u00e9gia Concursos","article_author":"https:\/\/www.facebook.com\/nadia.c.santos.16","article_published_time":"2014-12-23T12:17:55+00:00","article_modified_time":"2015-01-05T12:49:36+00:00","author":"N\u00e1dia Carolina","twitter_card":"summary_large_image","twitter_creator":"@EstratConcursos","twitter_site":"@EstratConcursos","twitter_misc":{"Escrito por":"N\u00e1dia Carolina","Est. tempo de leitura":"4 minutos"},"schema":{"@context":"https:\/\/schema.org","@graph":[{"@type":"NewsArticle","@id":"https:\/\/www.estrategiaconcursos.com.br\/blog\/comentarios-prova-de-direito-constitucional-iss-sao-jose-rio-preto-2014\/#article","isPartOf":{"@id":"https:\/\/www.estrategiaconcursos.com.br\/blog\/comentarios-prova-de-direito-constitucional-iss-sao-jose-rio-preto-2014\/"},"author":{"name":"N\u00e1dia Carolina","@id":"https:\/\/www.estrategiaconcursos.com.br\/blog\/#\/schema\/person\/bf1b1d1865628ae32d608d5bad5442c6"},"headline":"Prova de Direito Constitucional &#8211; ISS S\u00e3o Jos\u00e9 do Rio Preto 2014","datePublished":"2014-12-23T12:17:55+00:00","dateModified":"2015-01-05T12:49:36+00:00","mainEntityOfPage":{"@id":"https:\/\/www.estrategiaconcursos.com.br\/blog\/comentarios-prova-de-direito-constitucional-iss-sao-jose-rio-preto-2014\/"},"wordCount":720,"commentCount":0,"publisher":{"@id":"https:\/\/www.estrategiaconcursos.com.br\/blog\/#organization"},"keywords":["Direito Constitucional","ISS S\u00e3o Jos\u00e9 do Rio Preto"],"inLanguage":"pt-BR","potentialAction":[{"@type":"CommentAction","name":"Comment","target":["https:\/\/www.estrategiaconcursos.com.br\/blog\/comentarios-prova-de-direito-constitucional-iss-sao-jose-rio-preto-2014\/#respond"]}],"copyrightYear":"2014","copyrightHolder":{"@id":"https:\/\/www.estrategiaconcursos.com.br\/blog\/#organization"}},{"@type":"WebPage","@id":"https:\/\/www.estrategiaconcursos.com.br\/blog\/comentarios-prova-de-direito-constitucional-iss-sao-jose-rio-preto-2014\/","url":"https:\/\/www.estrategiaconcursos.com.br\/blog\/comentarios-prova-de-direito-constitucional-iss-sao-jose-rio-preto-2014\/","name":"Prova de Direito Constitucional - ISS S\u00e3o Jos\u00e9 do Rio Preto 2014","isPartOf":{"@id":"https:\/\/www.estrategiaconcursos.com.br\/blog\/#website"},"datePublished":"2014-12-23T12:17:55+00:00","dateModified":"2015-01-05T12:49:36+00:00","description":"Nesse artigo, a Prof. N\u00e1dia Carolina comenta prova de Direito Constitucional do concurso do ISS S\u00e3o Jos\u00e9 do Rio Preto - 2014, feita pela VUNESP.","breadcrumb":{"@id":"https:\/\/www.estrategiaconcursos.com.br\/blog\/comentarios-prova-de-direito-constitucional-iss-sao-jose-rio-preto-2014\/#breadcrumb"},"inLanguage":"pt-BR","potentialAction":[{"@type":"ReadAction","target":["https:\/\/www.estrategiaconcursos.com.br\/blog\/comentarios-prova-de-direito-constitucional-iss-sao-jose-rio-preto-2014\/"]}]},{"@type":"BreadcrumbList","@id":"https:\/\/www.estrategiaconcursos.com.br\/blog\/comentarios-prova-de-direito-constitucional-iss-sao-jose-rio-preto-2014\/#breadcrumb","itemListElement":[{"@type":"ListItem","position":1,"name":"In\u00edcio","item":"https:\/\/www.estrategiaconcursos.com.br\/blog\/"},{"@type":"ListItem","position":2,"name":"Prova de Direito Constitucional &#8211; ISS S\u00e3o Jos\u00e9 do Rio Preto 2014"}]},{"@type":"WebSite","@id":"https:\/\/www.estrategiaconcursos.com.br\/blog\/#website","url":"https:\/\/www.estrategiaconcursos.com.br\/blog\/","name":"Estrat\u00e9gia Concursos","description":"O blog da Estrat\u00e9gia Concursos traz not\u00edcias sobre concursos e artigos de professores oferecendo cursos para concursos (pdf + videaulas) no site.","publisher":{"@id":"https:\/\/www.estrategiaconcursos.com.br\/blog\/#organization"},"potentialAction":[{"@type":"SearchAction","target":{"@type":"EntryPoint","urlTemplate":"https:\/\/www.estrategiaconcursos.com.br\/blog\/?s={search_term_string}"},"query-input":{"@type":"PropertyValueSpecification","valueRequired":true,"valueName":"search_term_string"}}],"inLanguage":"pt-BR"},{"@type":"Organization","@id":"https:\/\/www.estrategiaconcursos.com.br\/blog\/#organization","name":"Estrat\u00e9gia Concursos","url":"https:\/\/www.estrategiaconcursos.com.br\/blog\/","logo":{"@type":"ImageObject","inLanguage":"pt-BR","@id":"https:\/\/www.estrategiaconcursos.com.br\/blog\/#\/schema\/logo\/image\/","url":"https:\/\/dhg1h5j42swfq.cloudfront.net\/2025\/06\/03203428\/logo_concursos-1.jpg","contentUrl":"https:\/\/dhg1h5j42swfq.cloudfront.net\/2025\/06\/03203428\/logo_concursos-1.jpg","width":230,"height":60,"caption":"Estrat\u00e9gia Concursos"},"image":{"@id":"https:\/\/www.estrategiaconcursos.com.br\/blog\/#\/schema\/logo\/image\/"},"sameAs":["https:\/\/x.com\/EstratConcursos"]},{"@type":"Person","@id":"https:\/\/www.estrategiaconcursos.com.br\/blog\/#\/schema\/person\/bf1b1d1865628ae32d608d5bad5442c6","name":"N\u00e1dia Carolina","image":{"@type":"ImageObject","inLanguage":"pt-BR","@id":"https:\/\/secure.gravatar.com\/avatar\/0ec0c484339a071f22ea5ced30956ccdaab0f83125b2dc1857c3b038404136a7?s=96&d=mm&r=g","url":"https:\/\/secure.gravatar.com\/avatar\/0ec0c484339a071f22ea5ced30956ccdaab0f83125b2dc1857c3b038404136a7?s=96&d=mm&r=g","contentUrl":"https:\/\/secure.gravatar.com\/avatar\/0ec0c484339a071f22ea5ced30956ccdaab0f83125b2dc1857c3b038404136a7?s=96&d=mm&r=g","caption":"N\u00e1dia Carolina"},"sameAs":["https:\/\/www.facebook.com\/nadia.c.santos.16"],"url":"https:\/\/www.estrategiaconcursos.com.br\/blog\/author\/nadiaestrategiaconcursos-com-br\/"}]}},"_links":{"self":[{"href":"https:\/\/www.estrategiaconcursos.com.br\/blog\/wp-json\/wp\/v2\/posts\/20045","targetHints":{"allow":["GET"]}}],"collection":[{"href":"https:\/\/www.estrategiaconcursos.com.br\/blog\/wp-json\/wp\/v2\/posts"}],"about":[{"href":"https:\/\/www.estrategiaconcursos.com.br\/blog\/wp-json\/wp\/v2\/types\/post"}],"author":[{"embeddable":true,"href":"https:\/\/www.estrategiaconcursos.com.br\/blog\/wp-json\/wp\/v2\/users\/58"}],"replies":[{"embeddable":true,"href":"https:\/\/www.estrategiaconcursos.com.br\/blog\/wp-json\/wp\/v2\/comments?post=20045"}],"version-history":[{"count":3,"href":"https:\/\/www.estrategiaconcursos.com.br\/blog\/wp-json\/wp\/v2\/posts\/20045\/revisions"}],"predecessor-version":[{"id":20049,"href":"https:\/\/www.estrategiaconcursos.com.br\/blog\/wp-json\/wp\/v2\/posts\/20045\/revisions\/20049"}],"wp:attachment":[{"href":"https:\/\/www.estrategiaconcursos.com.br\/blog\/wp-json\/wp\/v2\/media?parent=20045"}],"wp:term":[{"taxonomy":"category","embeddable":true,"href":"https:\/\/www.estrategiaconcursos.com.br\/blog\/wp-json\/wp\/v2\/categories?post=20045"},{"taxonomy":"post_tag","embeddable":true,"href":"https:\/\/www.estrategiaconcursos.com.br\/blog\/wp-json\/wp\/v2\/tags?post=20045"},{"taxonomy":"tax_estado","embeddable":true,"href":"https:\/\/www.estrategiaconcursos.com.br\/blog\/wp-json\/wp\/v2\/tax_estado?post=20045"}],"curies":[{"name":"wp","href":"https:\/\/api.w.org\/{rel}","templated":true}]}}