{"id":20009,"date":"2014-12-22T10:32:53","date_gmt":"2014-12-22T13:32:53","guid":{"rendered":"https:\/\/www.estrategiaconcursos.com.br\/blog\/?post_type=noticia&#038;p=20009"},"modified":"2015-01-12T14:32:25","modified_gmt":"2015-01-12T17:32:25","slug":"concurso-tre-rr-prazo-para-inscricoes-termina-nesta-segunda-feira","status":"publish","type":"post","link":"https:\/\/www.estrategiaconcursos.com.br\/blog\/concurso-tre-rr-prazo-para-inscricoes-termina-nesta-segunda-feira\/","title":{"rendered":"Concurso TRE-RR: Inscri\u00e7\u00f5es prorrogadas. Prazo se entende at\u00e9 o pr\u00f3ximo dia 26."},"content":{"rendered":"<p style=\"text-align: justify;\"><span style=\"color: #000000;\"><a href=\"https:\/\/dhg1h5j42swfq.cloudfront.net\/2014\/12\/TRE-RR.-Foto-Roraima-Hoje.gif\"><img loading=\"lazy\" decoding=\"async\" class=\"alignleft wp-image-19575 size-thumbnail\" src=\"https:\/\/dhg1h5j42swfq.cloudfront.net\/2014\/12\/TRE-RR.-Foto-Roraima-Hoje-150x150.gif\" alt=\"concurso TRE-RR\" width=\"150\" height=\"150\" \/><\/a>O prazo para inscri\u00e7\u00f5es no concurso do\u00a0Tribunal Regional Eleitoral de Roraima (concurso TRE-RR), com oito vagas mais forma\u00e7\u00e3o de cadastro de reserva para os cargos de\u00a0Analista e T\u00e9cnico Judici\u00e1rio (n\u00edveis m\u00e9dio e superior) que se encerraria nesta segunda-feira, 22, foi prorrogado. Os interessados devem acessar o site da\u00a0<span style=\"color: #0000ff;\"><a style=\"color: #0000ff;\" href=\"http:\/\/www.concursosfcc.com.br\/concursos\/trerr114\/\">Funda\u00e7\u00e3o Carlos Chagas<\/a><\/span>\u00a0at\u00e9 \u00e0s 14h do pr\u00f3ximo dia 26. A taxa de inscri\u00e7\u00e3o \u00e9 de 70,00 para T\u00e9cnico e de R$ 90,00 para Analista Judici\u00e1rio.<\/span><\/p>\n<p style=\"text-align: justify;\"><span style=\"color: #000000;\">As vagas para o cargo de Analista est\u00e3o dividas nas \u00e1reas Judici\u00e1ria (1+ CR), Administrativa (1+ CR), Apoio Especializado- Especialidade Estat\u00edstica (1), Engenharia Civil (1), Medicina (CR), Odontologia (CR), Psicologia (CR), An\u00e1lise de Sistemas (CR) e Biblioteconomia (CR). A\u00a0remunera\u00e7\u00e3o inicial \u00e9 de R$ 8.863,48, com gratifica\u00e7\u00e3o de atividade judici\u00e1ria, mais vantagem pecuni\u00e1ria.<\/span><\/p>\n<p style=\"text-align: justify;\"><span style=\"color: #000000;\">Para o cargo de T\u00e9cnico Judici\u00e1rio as vagas s\u00e3o para a \u00c1rea Administrativa (4 + CR) e Especialidade Opera\u00e7\u00e3o de Computadores (CR). Para este a remunera\u00e7\u00e3o \u00e9\u00a0de R$ 5.425,79.<\/span><\/p>\n<p style=\"text-align: justify;\"><span style=\"color: #000000;\">A distribui\u00e7\u00e3o das vagas ocorrer\u00e1 de acordo com a necessidade do TRE de Roraima.<\/span><\/p>\n<p style=\"text-align: justify;\"><span style=\"color: #000000;\">O concurso TRE-RR ser\u00e1 composto por\u00a0provas objetivas, de conhecimentos gerais e espec\u00edficos, aplicadas a todos os candidatos, al\u00e9m de prova discursiva\/reda\u00e7\u00e3o para concorrentes ao cargo de Analista Judici\u00e1rio.\u00a0A aplica\u00e7\u00e3o das provas est\u00e1 prevista para o dia 08 de mar\u00e7o de 2015, na Cidade de Boa Vista\/RR.<\/span><\/p>\n<p style=\"text-align: justify;\"><span style=\"color: #000000;\">O concurso TRE-RR\u00a0ter\u00e1 validade de dois anos, a contar da data da publica\u00e7\u00e3o da homologa\u00e7\u00e3o do resultado final, podendo ser prorrogado por igual per\u00edodo, a crit\u00e9rio do Tribunal Regional Eleitoral de Roraima.<\/span><\/p>\n<p style=\"text-align: justify;\"><span style=\"color: #0000ff;\"><a style=\"color: #0000ff;\" href=\"https:\/\/dhg1h5j42swfq.cloudfront.net\/2014\/12\/trerr114_edital_publicado.pdf\">Confira o edital em clicando AQUI<\/a><\/span><\/p>\n<p style=\"text-align: justify;\"><span style=\"color: #000000;\"><strong>O Estrat\u00e9gia Concursos j\u00e1 lan\u00e7ou cursos para o concurso TRE-RR. Confira em:<\/strong><\/span><\/p>\n<p style=\"text-align: justify;\"><span style=\"color: #0000ff;\"><a style=\"color: #0000ff;\" href=\"https:\/\/www.estrategiaconcursos.com.br\/cursosPorConcurso\/tre-rr-tribunal-regional-eleitoral-de-roraima-347\/\">https:\/\/www.estrategiaconcursos.com.br\/cursosPorConcurso\/tre-rr-tribunal-regional-eleitoral-de-roraima-347\/<\/a><\/span><\/p>\n<p style=\"text-align: justify;\"><span style=\"color: #000000;\">Assessoria de Comunica\u00e7\u00e3o<\/span><\/p>\n<p style=\"text-align: justify;\"><span style=\"color: #000000;\">comunicacao@etsrategiaconcursos.com.br<\/span><\/p>\n","protected":false},"excerpt":{"rendered":"<p>O prazo para inscri\u00e7\u00f5es no concurso do\u00a0Tribunal Regional Eleitoral de Roraima (concurso TRE-RR), com oito vagas mais forma\u00e7\u00e3o de cadastro de reserva para os cargos de\u00a0Analista e T\u00e9cnico Judici\u00e1rio (n\u00edveis m\u00e9dio e superior) que se encerraria nesta segunda-feira, 22, foi prorrogado. Os interessados devem acessar o site da\u00a0Funda\u00e7\u00e3o Carlos Chagas\u00a0at\u00e9 \u00e0s 14h do pr\u00f3ximo dia [&hellip;]<\/p>\n","protected":false},"author":1,"featured_media":0,"comment_status":"closed","ping_status":"closed","sticky":false,"template":"","format":"standard","meta":{"post_tipo":"news","footnotes":""},"categories":[1],"tags":[527],"tax_estado":[],"class_list":["post-20009","post","type-post","status-publish","format-standard","hentry","category-cursos-e-concursos","tag-tre-rr"],"acf":[],"yoast_head":"<!-- This site is optimized with the Yoast SEO Premium plugin v27.2 (Yoast SEO v27.2) - https:\/\/yoast.com\/product\/yoast-seo-premium-wordpress\/ -->\n<title>Concurso TRE-RR: Inscri\u00e7\u00f5es prorrogadas. Prazo se entende at\u00e9 o pr\u00f3ximo dia 26.<\/title>\n<meta name=\"description\" content=\"Termina nesta segunda-feira, 22, o prazo para inscri\u00e7\u00f5es no concurso TRE-RR. Saiba mais!\" \/>\n<meta name=\"robots\" content=\"index, follow, max-snippet:-1, max-image-preview:large, max-video-preview:-1\" \/>\n<link rel=\"canonical\" href=\"https:\/\/www.estrategiaconcursos.com.br\/blog\/concurso-tre-rr-prazo-para-inscricoes-termina-nesta-segunda-feira\/\" \/>\n<meta property=\"og:locale\" content=\"pt_BR\" \/>\n<meta property=\"og:type\" content=\"article\" \/>\n<meta property=\"og:title\" content=\"Concurso TRE-RR: Inscri\u00e7\u00f5es prorrogadas. Prazo se entende at\u00e9 o pr\u00f3ximo dia 26.\" \/>\n<meta property=\"og:description\" content=\"Termina nesta segunda-feira, 22, o prazo para inscri\u00e7\u00f5es no concurso TRE-RR. Saiba mais!\" \/>\n<meta property=\"og:url\" content=\"https:\/\/www.estrategiaconcursos.com.br\/blog\/concurso-tre-rr-prazo-para-inscricoes-termina-nesta-segunda-feira\/\" \/>\n<meta property=\"og:site_name\" content=\"Estrat\u00e9gia Concursos\" \/>\n<meta property=\"article:author\" content=\"https:\/\/www.facebook.com\/EstrategiaConcursos\" \/>\n<meta property=\"article:published_time\" content=\"2014-12-22T13:32:53+00:00\" \/>\n<meta property=\"article:modified_time\" content=\"2015-01-12T17:32:25+00:00\" \/>\n<meta property=\"og:image\" content=\"https:\/\/dhg1h5j42swfq.cloudfront.net\/2014\/12\/TRE-RR.-Foto-Roraima-Hoje-150x150.gif\" \/>\n<meta name=\"author\" content=\"Coordena\u00e7\u00e3o\" \/>\n<meta name=\"twitter:card\" content=\"summary_large_image\" \/>\n<meta name=\"twitter:creator\" content=\"@EstratConcursos\" \/>\n<meta name=\"twitter:site\" content=\"@EstratConcursos\" \/>\n<meta name=\"twitter:label1\" content=\"Escrito por\" \/>\n\t<meta name=\"twitter:data1\" content=\"Coordena\u00e7\u00e3o\" \/>\n\t<meta name=\"twitter:label2\" content=\"Est. tempo de leitura\" \/>\n\t<meta name=\"twitter:data2\" content=\"2 minutos\" \/>\n<script type=\"application\/ld+json\" class=\"yoast-schema-graph\">{\"@context\":\"https:\/\/schema.org\",\"@graph\":[{\"@type\":\"NewsArticle\",\"@id\":\"https:\/\/www.estrategiaconcursos.com.br\/blog\/concurso-tre-rr-prazo-para-inscricoes-termina-nesta-segunda-feira\/#article\",\"isPartOf\":{\"@id\":\"https:\/\/www.estrategiaconcursos.com.br\/blog\/concurso-tre-rr-prazo-para-inscricoes-termina-nesta-segunda-feira\/\"},\"author\":{\"name\":\"Coordena\u00e7\u00e3o\",\"@id\":\"https:\/\/www.estrategiaconcursos.com.br\/blog\/#\/schema\/person\/b4a388c97673c5f483d72185668afa1f\"},\"headline\":\"Concurso TRE-RR: Inscri\u00e7\u00f5es prorrogadas. Prazo se entende at\u00e9 o pr\u00f3ximo dia 26.\",\"datePublished\":\"2014-12-22T13:32:53+00:00\",\"dateModified\":\"2015-01-12T17:32:25+00:00\",\"mainEntityOfPage\":{\"@id\":\"https:\/\/www.estrategiaconcursos.com.br\/blog\/concurso-tre-rr-prazo-para-inscricoes-termina-nesta-segunda-feira\/\"},\"wordCount\":322,\"publisher\":{\"@id\":\"https:\/\/www.estrategiaconcursos.com.br\/blog\/#organization\"},\"image\":{\"@id\":\"https:\/\/www.estrategiaconcursos.com.br\/blog\/concurso-tre-rr-prazo-para-inscricoes-termina-nesta-segunda-feira\/#primaryimage\"},\"thumbnailUrl\":\"https:\/\/dhg1h5j42swfq.cloudfront.net\/2014\/12\/TRE-RR.-Foto-Roraima-Hoje-150x150.gif\",\"keywords\":[\"TRE-RR\"],\"articleSection\":[\"Concursos P\u00fablicos\"],\"inLanguage\":\"pt-BR\",\"copyrightYear\":\"2014\",\"copyrightHolder\":{\"@id\":\"https:\/\/www.estrategiaconcursos.com.br\/blog\/#organization\"}},{\"@type\":\"WebPage\",\"@id\":\"https:\/\/www.estrategiaconcursos.com.br\/blog\/concurso-tre-rr-prazo-para-inscricoes-termina-nesta-segunda-feira\/\",\"url\":\"https:\/\/www.estrategiaconcursos.com.br\/blog\/concurso-tre-rr-prazo-para-inscricoes-termina-nesta-segunda-feira\/\",\"name\":\"Concurso TRE-RR: Inscri\u00e7\u00f5es prorrogadas. Prazo se entende at\u00e9 o pr\u00f3ximo dia 26.\",\"isPartOf\":{\"@id\":\"https:\/\/www.estrategiaconcursos.com.br\/blog\/#website\"},\"primaryImageOfPage\":{\"@id\":\"https:\/\/www.estrategiaconcursos.com.br\/blog\/concurso-tre-rr-prazo-para-inscricoes-termina-nesta-segunda-feira\/#primaryimage\"},\"image\":{\"@id\":\"https:\/\/www.estrategiaconcursos.com.br\/blog\/concurso-tre-rr-prazo-para-inscricoes-termina-nesta-segunda-feira\/#primaryimage\"},\"thumbnailUrl\":\"https:\/\/dhg1h5j42swfq.cloudfront.net\/2014\/12\/TRE-RR.-Foto-Roraima-Hoje-150x150.gif\",\"datePublished\":\"2014-12-22T13:32:53+00:00\",\"dateModified\":\"2015-01-12T17:32:25+00:00\",\"description\":\"Termina nesta segunda-feira, 22, o prazo para inscri\u00e7\u00f5es no concurso TRE-RR. Saiba mais!\",\"breadcrumb\":{\"@id\":\"https:\/\/www.estrategiaconcursos.com.br\/blog\/concurso-tre-rr-prazo-para-inscricoes-termina-nesta-segunda-feira\/#breadcrumb\"},\"inLanguage\":\"pt-BR\",\"potentialAction\":[{\"@type\":\"ReadAction\",\"target\":[\"https:\/\/www.estrategiaconcursos.com.br\/blog\/concurso-tre-rr-prazo-para-inscricoes-termina-nesta-segunda-feira\/\"]}]},{\"@type\":\"ImageObject\",\"inLanguage\":\"pt-BR\",\"@id\":\"https:\/\/www.estrategiaconcursos.com.br\/blog\/concurso-tre-rr-prazo-para-inscricoes-termina-nesta-segunda-feira\/#primaryimage\",\"url\":\"https:\/\/dhg1h5j42swfq.cloudfront.net\/2014\/12\/TRE-RR.-Foto-Roraima-Hoje-150x150.gif\",\"contentUrl\":\"https:\/\/dhg1h5j42swfq.cloudfront.net\/2014\/12\/TRE-RR.-Foto-Roraima-Hoje-150x150.gif\"},{\"@type\":\"BreadcrumbList\",\"@id\":\"https:\/\/www.estrategiaconcursos.com.br\/blog\/concurso-tre-rr-prazo-para-inscricoes-termina-nesta-segunda-feira\/#breadcrumb\",\"itemListElement\":[{\"@type\":\"ListItem\",\"position\":1,\"name\":\"In\u00edcio\",\"item\":\"https:\/\/www.estrategiaconcursos.com.br\/blog\/\"},{\"@type\":\"ListItem\",\"position\":2,\"name\":\"Concurso TRE-RR: Inscri\u00e7\u00f5es prorrogadas. Prazo se entende at\u00e9 o pr\u00f3ximo dia 26.\"}]},{\"@type\":\"WebSite\",\"@id\":\"https:\/\/www.estrategiaconcursos.com.br\/blog\/#website\",\"url\":\"https:\/\/www.estrategiaconcursos.com.br\/blog\/\",\"name\":\"Estrat\u00e9gia Concursos\",\"description\":\"O blog da Estrat\u00e9gia Concursos traz not\u00edcias sobre concursos e artigos de professores oferecendo cursos para concursos (pdf + videaulas) no site.\",\"publisher\":{\"@id\":\"https:\/\/www.estrategiaconcursos.com.br\/blog\/#organization\"},\"potentialAction\":[{\"@type\":\"SearchAction\",\"target\":{\"@type\":\"EntryPoint\",\"urlTemplate\":\"https:\/\/www.estrategiaconcursos.com.br\/blog\/?s={search_term_string}\"},\"query-input\":{\"@type\":\"PropertyValueSpecification\",\"valueRequired\":true,\"valueName\":\"search_term_string\"}}],\"inLanguage\":\"pt-BR\"},{\"@type\":\"Organization\",\"@id\":\"https:\/\/www.estrategiaconcursos.com.br\/blog\/#organization\",\"name\":\"Estrat\u00e9gia Concursos\",\"url\":\"https:\/\/www.estrategiaconcursos.com.br\/blog\/\",\"logo\":{\"@type\":\"ImageObject\",\"inLanguage\":\"pt-BR\",\"@id\":\"https:\/\/www.estrategiaconcursos.com.br\/blog\/#\/schema\/logo\/image\/\",\"url\":\"https:\/\/dhg1h5j42swfq.cloudfront.net\/2025\/06\/03203428\/logo_concursos-1.jpg\",\"contentUrl\":\"https:\/\/dhg1h5j42swfq.cloudfront.net\/2025\/06\/03203428\/logo_concursos-1.jpg\",\"width\":230,\"height\":60,\"caption\":\"Estrat\u00e9gia Concursos\"},\"image\":{\"@id\":\"https:\/\/www.estrategiaconcursos.com.br\/blog\/#\/schema\/logo\/image\/\"},\"sameAs\":[\"https:\/\/x.com\/EstratConcursos\"]},{\"@type\":\"Person\",\"@id\":\"https:\/\/www.estrategiaconcursos.com.br\/blog\/#\/schema\/person\/b4a388c97673c5f483d72185668afa1f\",\"name\":\"Coordena\u00e7\u00e3o\",\"image\":{\"@type\":\"ImageObject\",\"inLanguage\":\"pt-BR\",\"@id\":\"https:\/\/secure.gravatar.com\/avatar\/b720319e4c9a967eb58678d110f4fe35452fc5d5f97b202bac7b8acceb18c6ad?s=96&d=mm&r=g\",\"url\":\"https:\/\/secure.gravatar.com\/avatar\/b720319e4c9a967eb58678d110f4fe35452fc5d5f97b202bac7b8acceb18c6ad?s=96&d=mm&r=g\",\"contentUrl\":\"https:\/\/secure.gravatar.com\/avatar\/b720319e4c9a967eb58678d110f4fe35452fc5d5f97b202bac7b8acceb18c6ad?s=96&d=mm&r=g\",\"caption\":\"Coordena\u00e7\u00e3o\"},\"sameAs\":[\"https:\/\/www.facebook.com\/EstrategiaConcursos\",\"https:\/\/x.com\/EstratConcursos\"],\"url\":\"https:\/\/www.estrategiaconcursos.com.br\/blog\/author\/estrategia2013\/\"}]}<\/script>\n<!-- \/ Yoast SEO Premium plugin. -->","yoast_head_json":{"title":"Concurso TRE-RR: Inscri\u00e7\u00f5es prorrogadas. Prazo se entende at\u00e9 o pr\u00f3ximo dia 26.","description":"Termina nesta segunda-feira, 22, o prazo para inscri\u00e7\u00f5es no concurso TRE-RR. Saiba mais!","robots":{"index":"index","follow":"follow","max-snippet":"max-snippet:-1","max-image-preview":"max-image-preview:large","max-video-preview":"max-video-preview:-1"},"canonical":"https:\/\/www.estrategiaconcursos.com.br\/blog\/concurso-tre-rr-prazo-para-inscricoes-termina-nesta-segunda-feira\/","og_locale":"pt_BR","og_type":"article","og_title":"Concurso TRE-RR: Inscri\u00e7\u00f5es prorrogadas. Prazo se entende at\u00e9 o pr\u00f3ximo dia 26.","og_description":"Termina nesta segunda-feira, 22, o prazo para inscri\u00e7\u00f5es no concurso TRE-RR. Saiba mais!","og_url":"https:\/\/www.estrategiaconcursos.com.br\/blog\/concurso-tre-rr-prazo-para-inscricoes-termina-nesta-segunda-feira\/","og_site_name":"Estrat\u00e9gia Concursos","article_author":"https:\/\/www.facebook.com\/EstrategiaConcursos","article_published_time":"2014-12-22T13:32:53+00:00","article_modified_time":"2015-01-12T17:32:25+00:00","og_image":[{"url":"https:\/\/dhg1h5j42swfq.cloudfront.net\/2014\/12\/TRE-RR.-Foto-Roraima-Hoje-150x150.gif","type":"","width":"","height":""}],"author":"Coordena\u00e7\u00e3o","twitter_card":"summary_large_image","twitter_creator":"@EstratConcursos","twitter_site":"@EstratConcursos","twitter_misc":{"Escrito por":"Coordena\u00e7\u00e3o","Est. tempo de leitura":"2 minutos"},"schema":{"@context":"https:\/\/schema.org","@graph":[{"@type":"NewsArticle","@id":"https:\/\/www.estrategiaconcursos.com.br\/blog\/concurso-tre-rr-prazo-para-inscricoes-termina-nesta-segunda-feira\/#article","isPartOf":{"@id":"https:\/\/www.estrategiaconcursos.com.br\/blog\/concurso-tre-rr-prazo-para-inscricoes-termina-nesta-segunda-feira\/"},"author":{"name":"Coordena\u00e7\u00e3o","@id":"https:\/\/www.estrategiaconcursos.com.br\/blog\/#\/schema\/person\/b4a388c97673c5f483d72185668afa1f"},"headline":"Concurso TRE-RR: Inscri\u00e7\u00f5es prorrogadas. Prazo se entende at\u00e9 o pr\u00f3ximo dia 26.","datePublished":"2014-12-22T13:32:53+00:00","dateModified":"2015-01-12T17:32:25+00:00","mainEntityOfPage":{"@id":"https:\/\/www.estrategiaconcursos.com.br\/blog\/concurso-tre-rr-prazo-para-inscricoes-termina-nesta-segunda-feira\/"},"wordCount":322,"publisher":{"@id":"https:\/\/www.estrategiaconcursos.com.br\/blog\/#organization"},"image":{"@id":"https:\/\/www.estrategiaconcursos.com.br\/blog\/concurso-tre-rr-prazo-para-inscricoes-termina-nesta-segunda-feira\/#primaryimage"},"thumbnailUrl":"https:\/\/dhg1h5j42swfq.cloudfront.net\/2014\/12\/TRE-RR.-Foto-Roraima-Hoje-150x150.gif","keywords":["TRE-RR"],"articleSection":["Concursos P\u00fablicos"],"inLanguage":"pt-BR","copyrightYear":"2014","copyrightHolder":{"@id":"https:\/\/www.estrategiaconcursos.com.br\/blog\/#organization"}},{"@type":"WebPage","@id":"https:\/\/www.estrategiaconcursos.com.br\/blog\/concurso-tre-rr-prazo-para-inscricoes-termina-nesta-segunda-feira\/","url":"https:\/\/www.estrategiaconcursos.com.br\/blog\/concurso-tre-rr-prazo-para-inscricoes-termina-nesta-segunda-feira\/","name":"Concurso TRE-RR: Inscri\u00e7\u00f5es prorrogadas. Prazo se entende at\u00e9 o pr\u00f3ximo dia 26.","isPartOf":{"@id":"https:\/\/www.estrategiaconcursos.com.br\/blog\/#website"},"primaryImageOfPage":{"@id":"https:\/\/www.estrategiaconcursos.com.br\/blog\/concurso-tre-rr-prazo-para-inscricoes-termina-nesta-segunda-feira\/#primaryimage"},"image":{"@id":"https:\/\/www.estrategiaconcursos.com.br\/blog\/concurso-tre-rr-prazo-para-inscricoes-termina-nesta-segunda-feira\/#primaryimage"},"thumbnailUrl":"https:\/\/dhg1h5j42swfq.cloudfront.net\/2014\/12\/TRE-RR.-Foto-Roraima-Hoje-150x150.gif","datePublished":"2014-12-22T13:32:53+00:00","dateModified":"2015-01-12T17:32:25+00:00","description":"Termina nesta segunda-feira, 22, o prazo para inscri\u00e7\u00f5es no concurso TRE-RR. Saiba mais!","breadcrumb":{"@id":"https:\/\/www.estrategiaconcursos.com.br\/blog\/concurso-tre-rr-prazo-para-inscricoes-termina-nesta-segunda-feira\/#breadcrumb"},"inLanguage":"pt-BR","potentialAction":[{"@type":"ReadAction","target":["https:\/\/www.estrategiaconcursos.com.br\/blog\/concurso-tre-rr-prazo-para-inscricoes-termina-nesta-segunda-feira\/"]}]},{"@type":"ImageObject","inLanguage":"pt-BR","@id":"https:\/\/www.estrategiaconcursos.com.br\/blog\/concurso-tre-rr-prazo-para-inscricoes-termina-nesta-segunda-feira\/#primaryimage","url":"https:\/\/dhg1h5j42swfq.cloudfront.net\/2014\/12\/TRE-RR.-Foto-Roraima-Hoje-150x150.gif","contentUrl":"https:\/\/dhg1h5j42swfq.cloudfront.net\/2014\/12\/TRE-RR.-Foto-Roraima-Hoje-150x150.gif"},{"@type":"BreadcrumbList","@id":"https:\/\/www.estrategiaconcursos.com.br\/blog\/concurso-tre-rr-prazo-para-inscricoes-termina-nesta-segunda-feira\/#breadcrumb","itemListElement":[{"@type":"ListItem","position":1,"name":"In\u00edcio","item":"https:\/\/www.estrategiaconcursos.com.br\/blog\/"},{"@type":"ListItem","position":2,"name":"Concurso TRE-RR: Inscri\u00e7\u00f5es prorrogadas. Prazo se entende at\u00e9 o pr\u00f3ximo dia 26."}]},{"@type":"WebSite","@id":"https:\/\/www.estrategiaconcursos.com.br\/blog\/#website","url":"https:\/\/www.estrategiaconcursos.com.br\/blog\/","name":"Estrat\u00e9gia Concursos","description":"O blog da Estrat\u00e9gia Concursos traz not\u00edcias sobre concursos e artigos de professores oferecendo cursos para concursos (pdf + videaulas) no site.","publisher":{"@id":"https:\/\/www.estrategiaconcursos.com.br\/blog\/#organization"},"potentialAction":[{"@type":"SearchAction","target":{"@type":"EntryPoint","urlTemplate":"https:\/\/www.estrategiaconcursos.com.br\/blog\/?s={search_term_string}"},"query-input":{"@type":"PropertyValueSpecification","valueRequired":true,"valueName":"search_term_string"}}],"inLanguage":"pt-BR"},{"@type":"Organization","@id":"https:\/\/www.estrategiaconcursos.com.br\/blog\/#organization","name":"Estrat\u00e9gia Concursos","url":"https:\/\/www.estrategiaconcursos.com.br\/blog\/","logo":{"@type":"ImageObject","inLanguage":"pt-BR","@id":"https:\/\/www.estrategiaconcursos.com.br\/blog\/#\/schema\/logo\/image\/","url":"https:\/\/dhg1h5j42swfq.cloudfront.net\/2025\/06\/03203428\/logo_concursos-1.jpg","contentUrl":"https:\/\/dhg1h5j42swfq.cloudfront.net\/2025\/06\/03203428\/logo_concursos-1.jpg","width":230,"height":60,"caption":"Estrat\u00e9gia Concursos"},"image":{"@id":"https:\/\/www.estrategiaconcursos.com.br\/blog\/#\/schema\/logo\/image\/"},"sameAs":["https:\/\/x.com\/EstratConcursos"]},{"@type":"Person","@id":"https:\/\/www.estrategiaconcursos.com.br\/blog\/#\/schema\/person\/b4a388c97673c5f483d72185668afa1f","name":"Coordena\u00e7\u00e3o","image":{"@type":"ImageObject","inLanguage":"pt-BR","@id":"https:\/\/secure.gravatar.com\/avatar\/b720319e4c9a967eb58678d110f4fe35452fc5d5f97b202bac7b8acceb18c6ad?s=96&d=mm&r=g","url":"https:\/\/secure.gravatar.com\/avatar\/b720319e4c9a967eb58678d110f4fe35452fc5d5f97b202bac7b8acceb18c6ad?s=96&d=mm&r=g","contentUrl":"https:\/\/secure.gravatar.com\/avatar\/b720319e4c9a967eb58678d110f4fe35452fc5d5f97b202bac7b8acceb18c6ad?s=96&d=mm&r=g","caption":"Coordena\u00e7\u00e3o"},"sameAs":["https:\/\/www.facebook.com\/EstrategiaConcursos","https:\/\/x.com\/EstratConcursos"],"url":"https:\/\/www.estrategiaconcursos.com.br\/blog\/author\/estrategia2013\/"}]}},"_links":{"self":[{"href":"https:\/\/www.estrategiaconcursos.com.br\/blog\/wp-json\/wp\/v2\/posts\/20009","targetHints":{"allow":["GET"]}}],"collection":[{"href":"https:\/\/www.estrategiaconcursos.com.br\/blog\/wp-json\/wp\/v2\/posts"}],"about":[{"href":"https:\/\/www.estrategiaconcursos.com.br\/blog\/wp-json\/wp\/v2\/types\/post"}],"author":[{"embeddable":true,"href":"https:\/\/www.estrategiaconcursos.com.br\/blog\/wp-json\/wp\/v2\/users\/1"}],"replies":[{"embeddable":true,"href":"https:\/\/www.estrategiaconcursos.com.br\/blog\/wp-json\/wp\/v2\/comments?post=20009"}],"version-history":[{"count":1,"href":"https:\/\/www.estrategiaconcursos.com.br\/blog\/wp-json\/wp\/v2\/posts\/20009\/revisions"}],"predecessor-version":[{"id":20433,"href":"https:\/\/www.estrategiaconcursos.com.br\/blog\/wp-json\/wp\/v2\/posts\/20009\/revisions\/20433"}],"wp:attachment":[{"href":"https:\/\/www.estrategiaconcursos.com.br\/blog\/wp-json\/wp\/v2\/media?parent=20009"}],"wp:term":[{"taxonomy":"category","embeddable":true,"href":"https:\/\/www.estrategiaconcursos.com.br\/blog\/wp-json\/wp\/v2\/categories?post=20009"},{"taxonomy":"post_tag","embeddable":true,"href":"https:\/\/www.estrategiaconcursos.com.br\/blog\/wp-json\/wp\/v2\/tags?post=20009"},{"taxonomy":"tax_estado","embeddable":true,"href":"https:\/\/www.estrategiaconcursos.com.br\/blog\/wp-json\/wp\/v2\/tax_estado?post=20009"}],"curies":[{"name":"wp","href":"https:\/\/api.w.org\/{rel}","templated":true}]}}