{"id":20007,"date":"2014-12-22T07:17:27","date_gmt":"2014-12-22T10:17:27","guid":{"rendered":"https:\/\/www.estrategiaconcursos.com.br\/blog\/?post_type=noticia&#038;p=20007"},"modified":"2018-10-27T14:49:13","modified_gmt":"2018-10-27T17:49:13","slug":"concurso-inmetro-prazo-para-inscricoes-termina-nesta-segunda-feira","status":"publish","type":"post","link":"https:\/\/www.estrategiaconcursos.com.br\/blog\/concurso-inmetro-prazo-para-inscricoes-termina-nesta-segunda-feira\/","title":{"rendered":"Concurso INMETRO: Prazo para inscri\u00e7\u00f5es termina nesta segunda-feira"},"content":{"rendered":"<p style=\"text-align: justify;\"><span style=\"color: #000000;\"><a href=\"https:\/\/dhg1h5j42swfq.cloudfront.net\/2014\/06\/Concurso-INMETRO-1.jpg\"><img loading=\"lazy\" decoding=\"async\" class=\"alignleft wp-image-16066 size-thumbnail\" src=\"https:\/\/dhg1h5j42swfq.cloudfront.net\/2014\/06\/Concurso-INMETRO-1.jpg\" alt=\"Concurso INMETRO\" width=\"150\" height=\"150\" \/><\/a>Termina nesta segunda-feira, 22,o prazo para inscri\u00e7\u00f5es no concurso do Instituto Nacional de Metrologia, Qualidade e Tecnologia (Inmetro). Os interessados devem acessar o site\u00a0da organizadora, o <span style=\"color: #0000ff;\"><a style=\"color: #0000ff;\" href=\"http:\/\/www.idecan.org.br\/concursos.aspx\">Idecan<\/a><\/span>, at\u00e9 as 23h59.\u00a0As taxas s\u00e3o de\u00a0R$65 (m\u00e9dio e m\u00e9dio\/t\u00e9cnico), R$130 (analistas e pesquisadores) e R$150 (especialistas).<\/span><\/p>\n<p style=\"text-align: justify;\"><span style=\"color: #000000;\">Ao todo, s\u00e3o oferecidas 80 vagas sendo\u00a019 para o cargo de assistente executivo, de n\u00edvel m\u00e9dio; e nove para t\u00e9cnico, de n\u00edvel m\u00e9dio\/t\u00e9cnico. No n\u00edvel superior ser\u00e3o 52 vagas, sendo 39 para para analista, 11 para pesquisador-tecnologista e duas para especialista. Para a \u00faltima carreira ser\u00e1 preciso, al\u00e9m do curso superior, conclus\u00e3o de doutorado h\u00e1 pelo menos dez anos.<\/span><\/p>\n<p><a href=\"https:\/\/dhg1h5j42swfq.cloudfront.net\/2014\/11\/concurso-INMETRO.jpg\"><img loading=\"lazy\" decoding=\"async\" class=\"aligncenter wp-image-19255 size-large\" src=\"https:\/\/dhg1h5j42swfq.cloudfront.net\/2014\/11\/concurso-INMETRO.jpg\" alt=\"concurso INMETRO\" width=\"584\" height=\"274\" srcset=\"https:\/\/dhg1h5j42swfq.cloudfront.net\/2014\/11\/concurso-INMETRO.jpg 3912w, https:\/\/dhg1h5j42swfq.cloudfront.net\/2014\/11\/concurso-INMETRO.jpg 300w, https:\/\/dhg1h5j42swfq.cloudfront.net\/2014\/11\/concurso-INMETRO.jpg 1024w, https:\/\/dhg1h5j42swfq.cloudfront.net\/2014\/11\/concurso-INMETRO.jpg 500w\" sizes=\"auto, (max-width: 584px) 100vw, 584px\" \/><\/a><\/p>\n<p style=\"text-align: justify;\"><span style=\"color: #000000;\">Os cargos de assistente e t\u00e9cnico recebem remunera\u00e7\u00e3o de R$3.340,64, incluindo R$373 de aux\u00edlio-alimenta\u00e7\u00e3o. No entanto, com a inclus\u00e3o da gratifica\u00e7\u00e3o por qualifica\u00e7\u00e3o (R$1.075,45), que ser\u00e1 paga ainda no primeiro ano, o valor chega a R$4.416,09. Com o tempo de servi\u00e7o, essa gratifica\u00e7\u00e3o pode aumentar, chegando a R$6.018,53.<\/span><\/p>\n<p style=\"text-align: justify;\"><span style=\"color: #000000;\">Os analistas e pesquisadores recebem R$7.573,99, incluindo R$373 de aux\u00edlio-alimenta\u00e7\u00e3o. Entretanto, com a gratifica\u00e7\u00e3o de qualifica\u00e7\u00e3o, os valores chegam a R$7.824,24 (especializa\u00e7\u00e3o), R$8.133,44 (mestrado) e R$9.259,35 (doutorado). Tamb\u00e9m com o tempo de servi\u00e7o, essa gratifica\u00e7\u00e3o ser\u00e1 reajustada. J\u00e1 os especialistas ganham\u00a0 R$16.885,95, incluindo gratifica\u00e7\u00e3o, retribui\u00e7\u00e3o por titula\u00e7\u00e3o e\u00a0 aux\u00edlio-alimenta\u00e7\u00e3o<\/span><\/p>\n<p style=\"text-align: justify;\"><span style=\"color: #000000;\">A lota\u00e7\u00e3o ocorrer\u00e1 no Rio de Janeiro (56 vagas), na capital e em Xer\u00e9m, Duque de Caxias, Rio Grande do Sul (12) e Goi\u00e1s (12).<\/span><\/p>\n<p style=\"text-align: justify;\"><span style=\"color: #000000;\">As provas objetiva e discursiva do concurso INMETRO est\u00e3o marcadas para o dia 1\u00ba de fevereiro. Os candidatos a especialistas passar\u00e3o por avalia\u00e7\u00f5es de t\u00edtulos e de produ\u00e7\u00e3o cient\u00edfica e tecnol\u00f3gica, al\u00e9m de defesa p\u00fablica de memorial e exames did\u00e1ticos. Para este cargo ainda n\u00e3o foram divulgadas as datas em que ocorrer\u00e3o essas avalia\u00e7\u00f5es.<\/span><\/p>\n<p style=\"text-align: justify;\"><span style=\"color: #000000;\">O prazo de validade do <span style=\"color: #666699;\"><a style=\"color: #666699;\" title=\"Concurso INMETRO\" href=\"https:\/\/www.estrategiaconcursos.com.br\/cursosPorConcurso\/inmetro-337\/\">Concurso INMETRO<\/a><\/span>\u00a0ser\u00e1 de um ano e seis meses, exceto para o cargo de especialista, que ser\u00e1 de um ano.<\/span><\/p>\n<p style=\"text-align: justify;\"><span style=\"color: #000000;\">Confira os editais em:<\/span><\/p>\n<p><span style=\"color: #0000ff;\"><a style=\"color: #0000ff;\" href=\"https:\/\/dhg1h5j42swfq.cloudfront.net\/2014\/11\/Edital-1-INMETRO-Especialista-Senior.pdf\">Edital 1 INMETRO \u2013 Especialista Senior<\/a><\/span><\/p>\n<p><span style=\"color: #0000ff;\"><a style=\"color: #0000ff;\" href=\"https:\/\/dhg1h5j42swfq.cloudfront.net\/2014\/11\/Edital-2-INMETRO-Pesquisador-e-Tecnico.pdf\">Edital 2 INMETRO \u2013 Pesquisador e Tecnico<\/a><\/span><\/p>\n<p><span style=\"color: #0000ff;\"><a style=\"color: #0000ff;\" href=\"https:\/\/dhg1h5j42swfq.cloudfront.net\/2014\/11\/Edital-3-INMETRO-Analista-e-Assistente.pdf\">Edital 3 INMETRO \u2013 Analista e Assistente<\/a><\/span><\/p>\n<p><span style=\"color: #000000;\"><strong>O Estrat\u00e9gia Concursos j\u00e1 lan\u00e7ou cursos para o concurso INMETRO. Confira em:<\/strong><\/span><\/p>\n<p><span style=\"color: #0000ff;\"><a style=\"color: #0000ff;\" href=\"https:\/\/www.estrategiaconcursos.com.br\/cursosPorConcurso\/inmetro-337\/\">https:\/\/www.estrategiaconcursos.com.br\/cursosPorConcurso\/inmetro-337\/<\/a><\/span><\/p>\n<p><span style=\"color: #000000;\">Assessoria de Comunica\u00e7\u00e3o<\/span><\/p>\n<p><span style=\"color: #000000;\">comunicacao@estrategiaconcursos.com.br<\/span><\/p>\n","protected":false},"excerpt":{"rendered":"<p>Termina nesta segunda-feira, 22,o prazo para inscri\u00e7\u00f5es no concurso do Instituto Nacional de Metrologia, Qualidade e Tecnologia (Inmetro). Os interessados devem acessar o site\u00a0da organizadora, o Idecan, at\u00e9 as 23h59.\u00a0As taxas s\u00e3o de\u00a0R$65 (m\u00e9dio e m\u00e9dio\/t\u00e9cnico), R$130 (analistas e pesquisadores) e R$150 (especialistas). Ao todo, s\u00e3o oferecidas 80 vagas sendo\u00a019 para o cargo de assistente [&hellip;]<\/p>\n","protected":false},"author":1,"featured_media":0,"comment_status":"closed","ping_status":"closed","sticky":false,"template":"","format":"standard","meta":{"post_tipo":"news","footnotes":""},"categories":[1],"tags":[530],"tax_estado":[],"class_list":["post-20007","post","type-post","status-publish","format-standard","hentry","category-cursos-e-concursos","tag-inmetro"],"acf":[],"yoast_head":"<!-- This site is optimized with the Yoast SEO Premium plugin v27.2 (Yoast SEO v27.2) - https:\/\/yoast.com\/product\/yoast-seo-premium-wordpress\/ -->\n<title>Concurso INMETRO: Prazo para inscri\u00e7\u00f5es termina nesta segunda-feira<\/title>\n<meta name=\"description\" content=\"Termina nesta segunda-feira, 22,o prazo para inscri\u00e7\u00f5es no concurso do INMETRO. Saiba mais!\" \/>\n<meta name=\"robots\" content=\"index, follow, max-snippet:-1, max-image-preview:large, max-video-preview:-1\" \/>\n<link rel=\"canonical\" href=\"https:\/\/www.estrategiaconcursos.com.br\/blog\/concurso-inmetro-prazo-para-inscricoes-termina-nesta-segunda-feira\/\" \/>\n<meta property=\"og:locale\" content=\"pt_BR\" \/>\n<meta property=\"og:type\" content=\"article\" \/>\n<meta property=\"og:title\" content=\"Concurso INMETRO: Prazo para inscri\u00e7\u00f5es termina nesta segunda-feira\" \/>\n<meta property=\"og:description\" content=\"Termina nesta segunda-feira, 22,o prazo para inscri\u00e7\u00f5es no concurso do INMETRO. Saiba mais!\" \/>\n<meta property=\"og:url\" content=\"https:\/\/www.estrategiaconcursos.com.br\/blog\/concurso-inmetro-prazo-para-inscricoes-termina-nesta-segunda-feira\/\" \/>\n<meta property=\"og:site_name\" content=\"Estrat\u00e9gia Concursos\" \/>\n<meta property=\"article:author\" content=\"https:\/\/www.facebook.com\/EstrategiaConcursos\" \/>\n<meta property=\"article:published_time\" content=\"2014-12-22T10:17:27+00:00\" \/>\n<meta property=\"article:modified_time\" content=\"2018-10-27T17:49:13+00:00\" \/>\n<meta property=\"og:image\" content=\"https:\/\/www.estrategiaconcursos.com.br\/blog\/wp-content\/uploads\/2014\/06\/Concurso-INMETRO-1-150x150.jpg\" \/>\n<meta name=\"author\" content=\"Coordena\u00e7\u00e3o\" \/>\n<meta name=\"twitter:card\" content=\"summary_large_image\" \/>\n<meta name=\"twitter:creator\" content=\"@EstratConcursos\" \/>\n<meta name=\"twitter:site\" content=\"@EstratConcursos\" \/>\n<meta name=\"twitter:label1\" content=\"Escrito por\" \/>\n\t<meta name=\"twitter:data1\" content=\"Coordena\u00e7\u00e3o\" \/>\n\t<meta name=\"twitter:label2\" content=\"Est. tempo de leitura\" \/>\n\t<meta name=\"twitter:data2\" content=\"2 minutos\" \/>\n<script type=\"application\/ld+json\" class=\"yoast-schema-graph\">{\"@context\":\"https:\/\/schema.org\",\"@graph\":[{\"@type\":\"NewsArticle\",\"@id\":\"https:\/\/www.estrategiaconcursos.com.br\/blog\/concurso-inmetro-prazo-para-inscricoes-termina-nesta-segunda-feira\/#article\",\"isPartOf\":{\"@id\":\"https:\/\/www.estrategiaconcursos.com.br\/blog\/concurso-inmetro-prazo-para-inscricoes-termina-nesta-segunda-feira\/\"},\"author\":{\"name\":\"Coordena\u00e7\u00e3o\",\"@id\":\"https:\/\/www.estrategiaconcursos.com.br\/blog\/#\/schema\/person\/b4a388c97673c5f483d72185668afa1f\"},\"headline\":\"Concurso INMETRO: Prazo para inscri\u00e7\u00f5es termina nesta segunda-feira\",\"datePublished\":\"2014-12-22T10:17:27+00:00\",\"dateModified\":\"2018-10-27T17:49:13+00:00\",\"mainEntityOfPage\":{\"@id\":\"https:\/\/www.estrategiaconcursos.com.br\/blog\/concurso-inmetro-prazo-para-inscricoes-termina-nesta-segunda-feira\/\"},\"wordCount\":410,\"publisher\":{\"@id\":\"https:\/\/www.estrategiaconcursos.com.br\/blog\/#organization\"},\"image\":{\"@id\":\"https:\/\/www.estrategiaconcursos.com.br\/blog\/concurso-inmetro-prazo-para-inscricoes-termina-nesta-segunda-feira\/#primaryimage\"},\"thumbnailUrl\":\"https:\/\/www.estrategiaconcursos.com.br\/blog\/wp-content\/uploads\/2014\/06\/Concurso-INMETRO-1-150x150.jpg\",\"keywords\":[\"INMETRO\"],\"articleSection\":[\"Concursos P\u00fablicos\"],\"inLanguage\":\"pt-BR\",\"copyrightYear\":\"2014\",\"copyrightHolder\":{\"@id\":\"https:\/\/www.estrategiaconcursos.com.br\/blog\/#organization\"}},{\"@type\":\"WebPage\",\"@id\":\"https:\/\/www.estrategiaconcursos.com.br\/blog\/concurso-inmetro-prazo-para-inscricoes-termina-nesta-segunda-feira\/\",\"url\":\"https:\/\/www.estrategiaconcursos.com.br\/blog\/concurso-inmetro-prazo-para-inscricoes-termina-nesta-segunda-feira\/\",\"name\":\"Concurso INMETRO: Prazo para inscri\u00e7\u00f5es termina nesta segunda-feira\",\"isPartOf\":{\"@id\":\"https:\/\/www.estrategiaconcursos.com.br\/blog\/#website\"},\"primaryImageOfPage\":{\"@id\":\"https:\/\/www.estrategiaconcursos.com.br\/blog\/concurso-inmetro-prazo-para-inscricoes-termina-nesta-segunda-feira\/#primaryimage\"},\"image\":{\"@id\":\"https:\/\/www.estrategiaconcursos.com.br\/blog\/concurso-inmetro-prazo-para-inscricoes-termina-nesta-segunda-feira\/#primaryimage\"},\"thumbnailUrl\":\"https:\/\/www.estrategiaconcursos.com.br\/blog\/wp-content\/uploads\/2014\/06\/Concurso-INMETRO-1-150x150.jpg\",\"datePublished\":\"2014-12-22T10:17:27+00:00\",\"dateModified\":\"2018-10-27T17:49:13+00:00\",\"description\":\"Termina nesta segunda-feira, 22,o prazo para inscri\u00e7\u00f5es no concurso do INMETRO. Saiba mais!\",\"breadcrumb\":{\"@id\":\"https:\/\/www.estrategiaconcursos.com.br\/blog\/concurso-inmetro-prazo-para-inscricoes-termina-nesta-segunda-feira\/#breadcrumb\"},\"inLanguage\":\"pt-BR\",\"potentialAction\":[{\"@type\":\"ReadAction\",\"target\":[\"https:\/\/www.estrategiaconcursos.com.br\/blog\/concurso-inmetro-prazo-para-inscricoes-termina-nesta-segunda-feira\/\"]}]},{\"@type\":\"ImageObject\",\"inLanguage\":\"pt-BR\",\"@id\":\"https:\/\/www.estrategiaconcursos.com.br\/blog\/concurso-inmetro-prazo-para-inscricoes-termina-nesta-segunda-feira\/#primaryimage\",\"url\":\"https:\/\/dhg1h5j42swfq.cloudfront.net\/2014\/06\/Concurso-INMETRO-1.jpg\",\"contentUrl\":\"https:\/\/dhg1h5j42swfq.cloudfront.net\/2014\/06\/Concurso-INMETRO-1.jpg\",\"width\":1496,\"height\":1200},{\"@type\":\"BreadcrumbList\",\"@id\":\"https:\/\/www.estrategiaconcursos.com.br\/blog\/concurso-inmetro-prazo-para-inscricoes-termina-nesta-segunda-feira\/#breadcrumb\",\"itemListElement\":[{\"@type\":\"ListItem\",\"position\":1,\"name\":\"In\u00edcio\",\"item\":\"https:\/\/www.estrategiaconcursos.com.br\/blog\/\"},{\"@type\":\"ListItem\",\"position\":2,\"name\":\"Concurso INMETRO: Prazo para inscri\u00e7\u00f5es termina nesta segunda-feira\"}]},{\"@type\":\"WebSite\",\"@id\":\"https:\/\/www.estrategiaconcursos.com.br\/blog\/#website\",\"url\":\"https:\/\/www.estrategiaconcursos.com.br\/blog\/\",\"name\":\"Estrat\u00e9gia Concursos\",\"description\":\"O blog da Estrat\u00e9gia Concursos traz not\u00edcias sobre concursos e artigos de professores oferecendo cursos para concursos (pdf + videaulas) no site.\",\"publisher\":{\"@id\":\"https:\/\/www.estrategiaconcursos.com.br\/blog\/#organization\"},\"potentialAction\":[{\"@type\":\"SearchAction\",\"target\":{\"@type\":\"EntryPoint\",\"urlTemplate\":\"https:\/\/www.estrategiaconcursos.com.br\/blog\/?s={search_term_string}\"},\"query-input\":{\"@type\":\"PropertyValueSpecification\",\"valueRequired\":true,\"valueName\":\"search_term_string\"}}],\"inLanguage\":\"pt-BR\"},{\"@type\":\"Organization\",\"@id\":\"https:\/\/www.estrategiaconcursos.com.br\/blog\/#organization\",\"name\":\"Estrat\u00e9gia Concursos\",\"url\":\"https:\/\/www.estrategiaconcursos.com.br\/blog\/\",\"logo\":{\"@type\":\"ImageObject\",\"inLanguage\":\"pt-BR\",\"@id\":\"https:\/\/www.estrategiaconcursos.com.br\/blog\/#\/schema\/logo\/image\/\",\"url\":\"https:\/\/dhg1h5j42swfq.cloudfront.net\/2025\/06\/03203428\/logo_concursos-1.jpg\",\"contentUrl\":\"https:\/\/dhg1h5j42swfq.cloudfront.net\/2025\/06\/03203428\/logo_concursos-1.jpg\",\"width\":230,\"height\":60,\"caption\":\"Estrat\u00e9gia Concursos\"},\"image\":{\"@id\":\"https:\/\/www.estrategiaconcursos.com.br\/blog\/#\/schema\/logo\/image\/\"},\"sameAs\":[\"https:\/\/x.com\/EstratConcursos\"]},{\"@type\":\"Person\",\"@id\":\"https:\/\/www.estrategiaconcursos.com.br\/blog\/#\/schema\/person\/b4a388c97673c5f483d72185668afa1f\",\"name\":\"Coordena\u00e7\u00e3o\",\"image\":{\"@type\":\"ImageObject\",\"inLanguage\":\"pt-BR\",\"@id\":\"https:\/\/secure.gravatar.com\/avatar\/b720319e4c9a967eb58678d110f4fe35452fc5d5f97b202bac7b8acceb18c6ad?s=96&d=mm&r=g\",\"url\":\"https:\/\/secure.gravatar.com\/avatar\/b720319e4c9a967eb58678d110f4fe35452fc5d5f97b202bac7b8acceb18c6ad?s=96&d=mm&r=g\",\"contentUrl\":\"https:\/\/secure.gravatar.com\/avatar\/b720319e4c9a967eb58678d110f4fe35452fc5d5f97b202bac7b8acceb18c6ad?s=96&d=mm&r=g\",\"caption\":\"Coordena\u00e7\u00e3o\"},\"sameAs\":[\"https:\/\/www.facebook.com\/EstrategiaConcursos\",\"https:\/\/x.com\/EstratConcursos\"],\"url\":\"https:\/\/www.estrategiaconcursos.com.br\/blog\/author\/estrategia2013\/\"}]}<\/script>\n<!-- \/ Yoast SEO Premium plugin. -->","yoast_head_json":{"title":"Concurso INMETRO: Prazo para inscri\u00e7\u00f5es termina nesta segunda-feira","description":"Termina nesta segunda-feira, 22,o prazo para inscri\u00e7\u00f5es no concurso do INMETRO. Saiba mais!","robots":{"index":"index","follow":"follow","max-snippet":"max-snippet:-1","max-image-preview":"max-image-preview:large","max-video-preview":"max-video-preview:-1"},"canonical":"https:\/\/www.estrategiaconcursos.com.br\/blog\/concurso-inmetro-prazo-para-inscricoes-termina-nesta-segunda-feira\/","og_locale":"pt_BR","og_type":"article","og_title":"Concurso INMETRO: Prazo para inscri\u00e7\u00f5es termina nesta segunda-feira","og_description":"Termina nesta segunda-feira, 22,o prazo para inscri\u00e7\u00f5es no concurso do INMETRO. Saiba mais!","og_url":"https:\/\/www.estrategiaconcursos.com.br\/blog\/concurso-inmetro-prazo-para-inscricoes-termina-nesta-segunda-feira\/","og_site_name":"Estrat\u00e9gia Concursos","article_author":"https:\/\/www.facebook.com\/EstrategiaConcursos","article_published_time":"2014-12-22T10:17:27+00:00","article_modified_time":"2018-10-27T17:49:13+00:00","og_image":[{"url":"https:\/\/www.estrategiaconcursos.com.br\/blog\/wp-content\/uploads\/2014\/06\/Concurso-INMETRO-1-150x150.jpg","type":"","width":"","height":""}],"author":"Coordena\u00e7\u00e3o","twitter_card":"summary_large_image","twitter_creator":"@EstratConcursos","twitter_site":"@EstratConcursos","twitter_misc":{"Escrito por":"Coordena\u00e7\u00e3o","Est. tempo de leitura":"2 minutos"},"schema":{"@context":"https:\/\/schema.org","@graph":[{"@type":"NewsArticle","@id":"https:\/\/www.estrategiaconcursos.com.br\/blog\/concurso-inmetro-prazo-para-inscricoes-termina-nesta-segunda-feira\/#article","isPartOf":{"@id":"https:\/\/www.estrategiaconcursos.com.br\/blog\/concurso-inmetro-prazo-para-inscricoes-termina-nesta-segunda-feira\/"},"author":{"name":"Coordena\u00e7\u00e3o","@id":"https:\/\/www.estrategiaconcursos.com.br\/blog\/#\/schema\/person\/b4a388c97673c5f483d72185668afa1f"},"headline":"Concurso INMETRO: Prazo para inscri\u00e7\u00f5es termina nesta segunda-feira","datePublished":"2014-12-22T10:17:27+00:00","dateModified":"2018-10-27T17:49:13+00:00","mainEntityOfPage":{"@id":"https:\/\/www.estrategiaconcursos.com.br\/blog\/concurso-inmetro-prazo-para-inscricoes-termina-nesta-segunda-feira\/"},"wordCount":410,"publisher":{"@id":"https:\/\/www.estrategiaconcursos.com.br\/blog\/#organization"},"image":{"@id":"https:\/\/www.estrategiaconcursos.com.br\/blog\/concurso-inmetro-prazo-para-inscricoes-termina-nesta-segunda-feira\/#primaryimage"},"thumbnailUrl":"https:\/\/www.estrategiaconcursos.com.br\/blog\/wp-content\/uploads\/2014\/06\/Concurso-INMETRO-1-150x150.jpg","keywords":["INMETRO"],"articleSection":["Concursos P\u00fablicos"],"inLanguage":"pt-BR","copyrightYear":"2014","copyrightHolder":{"@id":"https:\/\/www.estrategiaconcursos.com.br\/blog\/#organization"}},{"@type":"WebPage","@id":"https:\/\/www.estrategiaconcursos.com.br\/blog\/concurso-inmetro-prazo-para-inscricoes-termina-nesta-segunda-feira\/","url":"https:\/\/www.estrategiaconcursos.com.br\/blog\/concurso-inmetro-prazo-para-inscricoes-termina-nesta-segunda-feira\/","name":"Concurso INMETRO: Prazo para inscri\u00e7\u00f5es termina nesta segunda-feira","isPartOf":{"@id":"https:\/\/www.estrategiaconcursos.com.br\/blog\/#website"},"primaryImageOfPage":{"@id":"https:\/\/www.estrategiaconcursos.com.br\/blog\/concurso-inmetro-prazo-para-inscricoes-termina-nesta-segunda-feira\/#primaryimage"},"image":{"@id":"https:\/\/www.estrategiaconcursos.com.br\/blog\/concurso-inmetro-prazo-para-inscricoes-termina-nesta-segunda-feira\/#primaryimage"},"thumbnailUrl":"https:\/\/www.estrategiaconcursos.com.br\/blog\/wp-content\/uploads\/2014\/06\/Concurso-INMETRO-1-150x150.jpg","datePublished":"2014-12-22T10:17:27+00:00","dateModified":"2018-10-27T17:49:13+00:00","description":"Termina nesta segunda-feira, 22,o prazo para inscri\u00e7\u00f5es no concurso do INMETRO. Saiba mais!","breadcrumb":{"@id":"https:\/\/www.estrategiaconcursos.com.br\/blog\/concurso-inmetro-prazo-para-inscricoes-termina-nesta-segunda-feira\/#breadcrumb"},"inLanguage":"pt-BR","potentialAction":[{"@type":"ReadAction","target":["https:\/\/www.estrategiaconcursos.com.br\/blog\/concurso-inmetro-prazo-para-inscricoes-termina-nesta-segunda-feira\/"]}]},{"@type":"ImageObject","inLanguage":"pt-BR","@id":"https:\/\/www.estrategiaconcursos.com.br\/blog\/concurso-inmetro-prazo-para-inscricoes-termina-nesta-segunda-feira\/#primaryimage","url":"https:\/\/dhg1h5j42swfq.cloudfront.net\/2014\/06\/Concurso-INMETRO-1.jpg","contentUrl":"https:\/\/dhg1h5j42swfq.cloudfront.net\/2014\/06\/Concurso-INMETRO-1.jpg","width":1496,"height":1200},{"@type":"BreadcrumbList","@id":"https:\/\/www.estrategiaconcursos.com.br\/blog\/concurso-inmetro-prazo-para-inscricoes-termina-nesta-segunda-feira\/#breadcrumb","itemListElement":[{"@type":"ListItem","position":1,"name":"In\u00edcio","item":"https:\/\/www.estrategiaconcursos.com.br\/blog\/"},{"@type":"ListItem","position":2,"name":"Concurso INMETRO: Prazo para inscri\u00e7\u00f5es termina nesta segunda-feira"}]},{"@type":"WebSite","@id":"https:\/\/www.estrategiaconcursos.com.br\/blog\/#website","url":"https:\/\/www.estrategiaconcursos.com.br\/blog\/","name":"Estrat\u00e9gia Concursos","description":"O blog da Estrat\u00e9gia Concursos traz not\u00edcias sobre concursos e artigos de professores oferecendo cursos para concursos (pdf + videaulas) no site.","publisher":{"@id":"https:\/\/www.estrategiaconcursos.com.br\/blog\/#organization"},"potentialAction":[{"@type":"SearchAction","target":{"@type":"EntryPoint","urlTemplate":"https:\/\/www.estrategiaconcursos.com.br\/blog\/?s={search_term_string}"},"query-input":{"@type":"PropertyValueSpecification","valueRequired":true,"valueName":"search_term_string"}}],"inLanguage":"pt-BR"},{"@type":"Organization","@id":"https:\/\/www.estrategiaconcursos.com.br\/blog\/#organization","name":"Estrat\u00e9gia Concursos","url":"https:\/\/www.estrategiaconcursos.com.br\/blog\/","logo":{"@type":"ImageObject","inLanguage":"pt-BR","@id":"https:\/\/www.estrategiaconcursos.com.br\/blog\/#\/schema\/logo\/image\/","url":"https:\/\/dhg1h5j42swfq.cloudfront.net\/2025\/06\/03203428\/logo_concursos-1.jpg","contentUrl":"https:\/\/dhg1h5j42swfq.cloudfront.net\/2025\/06\/03203428\/logo_concursos-1.jpg","width":230,"height":60,"caption":"Estrat\u00e9gia Concursos"},"image":{"@id":"https:\/\/www.estrategiaconcursos.com.br\/blog\/#\/schema\/logo\/image\/"},"sameAs":["https:\/\/x.com\/EstratConcursos"]},{"@type":"Person","@id":"https:\/\/www.estrategiaconcursos.com.br\/blog\/#\/schema\/person\/b4a388c97673c5f483d72185668afa1f","name":"Coordena\u00e7\u00e3o","image":{"@type":"ImageObject","inLanguage":"pt-BR","@id":"https:\/\/secure.gravatar.com\/avatar\/b720319e4c9a967eb58678d110f4fe35452fc5d5f97b202bac7b8acceb18c6ad?s=96&d=mm&r=g","url":"https:\/\/secure.gravatar.com\/avatar\/b720319e4c9a967eb58678d110f4fe35452fc5d5f97b202bac7b8acceb18c6ad?s=96&d=mm&r=g","contentUrl":"https:\/\/secure.gravatar.com\/avatar\/b720319e4c9a967eb58678d110f4fe35452fc5d5f97b202bac7b8acceb18c6ad?s=96&d=mm&r=g","caption":"Coordena\u00e7\u00e3o"},"sameAs":["https:\/\/www.facebook.com\/EstrategiaConcursos","https:\/\/x.com\/EstratConcursos"],"url":"https:\/\/www.estrategiaconcursos.com.br\/blog\/author\/estrategia2013\/"}]}},"_links":{"self":[{"href":"https:\/\/www.estrategiaconcursos.com.br\/blog\/wp-json\/wp\/v2\/posts\/20007","targetHints":{"allow":["GET"]}}],"collection":[{"href":"https:\/\/www.estrategiaconcursos.com.br\/blog\/wp-json\/wp\/v2\/posts"}],"about":[{"href":"https:\/\/www.estrategiaconcursos.com.br\/blog\/wp-json\/wp\/v2\/types\/post"}],"author":[{"embeddable":true,"href":"https:\/\/www.estrategiaconcursos.com.br\/blog\/wp-json\/wp\/v2\/users\/1"}],"replies":[{"embeddable":true,"href":"https:\/\/www.estrategiaconcursos.com.br\/blog\/wp-json\/wp\/v2\/comments?post=20007"}],"version-history":[{"count":2,"href":"https:\/\/www.estrategiaconcursos.com.br\/blog\/wp-json\/wp\/v2\/posts\/20007\/revisions"}],"predecessor-version":[{"id":149197,"href":"https:\/\/www.estrategiaconcursos.com.br\/blog\/wp-json\/wp\/v2\/posts\/20007\/revisions\/149197"}],"wp:attachment":[{"href":"https:\/\/www.estrategiaconcursos.com.br\/blog\/wp-json\/wp\/v2\/media?parent=20007"}],"wp:term":[{"taxonomy":"category","embeddable":true,"href":"https:\/\/www.estrategiaconcursos.com.br\/blog\/wp-json\/wp\/v2\/categories?post=20007"},{"taxonomy":"post_tag","embeddable":true,"href":"https:\/\/www.estrategiaconcursos.com.br\/blog\/wp-json\/wp\/v2\/tags?post=20007"},{"taxonomy":"tax_estado","embeddable":true,"href":"https:\/\/www.estrategiaconcursos.com.br\/blog\/wp-json\/wp\/v2\/tax_estado?post=20007"}],"curies":[{"name":"wp","href":"https:\/\/api.w.org\/{rel}","templated":true}]}}