{"id":19954,"date":"2014-12-18T08:37:32","date_gmt":"2014-12-18T11:37:32","guid":{"rendered":"https:\/\/www.estrategiaconcursos.com.br\/blog\/?post_type=noticia&#038;p=19954"},"modified":"2015-01-12T14:34:06","modified_gmt":"2015-01-12T17:34:06","slug":"termina-nesta-quinta-feira-o-prazo-para-inscricoes-concurso-tre-go","status":"publish","type":"post","link":"https:\/\/www.estrategiaconcursos.com.br\/blog\/termina-nesta-quinta-feira-o-prazo-para-inscricoes-concurso-tre-go\/","title":{"rendered":"Termina nesta quinta-feira o prazo para as inscri\u00e7\u00f5es no concurso TRE-GO"},"content":{"rendered":"<p style=\"text-align: justify;\"><span style=\"color: #000000;\">Termina nesta quinta-feira, 18, o prazo para as inscri\u00e7\u00f5es no <span style=\"color: #666699;\"><a style=\"color: #666699;\" title=\"Concurso TRE-GO\" href=\"https:\/\/www.estrategiaconcursos.com.br\/cursosPorConcurso\/tre-go-tribunal-regional-eleitoral-de-goias-298\/\">concurso do\u00a0Tribunal Regional Eleitoral de Goi\u00e1s<\/a><\/span> (concurso TRE-GO)\u00a0com 14 vagas em cargos de n\u00edvel m\u00e9dio\/ t\u00e9cnico e superior, al\u00e9m de forma\u00e7\u00e3o de cadastro de reserva. Os interessados devem acessar o site da organizadora, o <span style=\"color: #0000ff;\"><a style=\"color: #0000ff;\" href=\"http:\/\/www.cespe.unb.br\/concursos\/tre_go_14\/\">Cespe<\/a><\/span>, at\u00e9 as 23h59.\u00a0As taxas variam de R$ 70 a R$ 90.<\/span><\/p>\n<p style=\"text-align: justify;\"><span style=\"color: #000000;\">Os cargos de n\u00edvel superior s\u00e3o para analista judici\u00e1rio, nas \u00e1reas administrativa e judici\u00e1ria. J\u00e1 os cargos de n\u00edvel m\u00e9dio\/ t\u00e9cnico s\u00e3o para t\u00e9cnico judici\u00e1rio, nas \u00e1reas administrativas e de apoio especializado.<\/span><\/p>\n<p><a href=\"https:\/\/dhg1h5j42swfq.cloudfront.net\/2014\/11\/concurso-TRE-GO-1.jpg\"><img loading=\"lazy\" decoding=\"async\" class=\"aligncenter wp-image-19421 size-large\" src=\"https:\/\/dhg1h5j42swfq.cloudfront.net\/2014\/11\/concurso-TRE-GO-1-1024x374.jpg\" alt=\"concurso TRE-GO\" width=\"584\" height=\"213\" srcset=\"https:\/\/dhg1h5j42swfq.cloudfront.net\/2014\/11\/concurso-TRE-GO-1.jpg 1024w, https:\/\/dhg1h5j42swfq.cloudfront.net\/2014\/11\/concurso-TRE-GO-1.jpg 300w, https:\/\/dhg1h5j42swfq.cloudfront.net\/2014\/11\/concurso-TRE-GO-1.jpg 500w\" sizes=\"auto, (max-width: 584px) 100vw, 584px\" \/><\/a><\/p>\n<p style=\"text-align: justify;\"><span style=\"color: #000000;\">A remunera\u00e7\u00e3o inicial \u00e9 de R$ 5.007,82, incluindo sal\u00e1rio de R$ 2.824,17, gratifica\u00e7\u00e3o de atividade judici\u00e1ria\u00a0 de R$ 2.123,78 e vantagem pecuni\u00e1ria individual de R$ 59,87, \u00a0para t\u00e9cnico e R$ 8.178,06 para analista todos \u00a0com jornada de trabalho de 40 horas semanais.<\/span><\/p>\n<p style=\"text-align: justify;\"><span style=\"color: #000000;\">As provas objetivas e discursiva para os cargos de n\u00edvel superior ter\u00e3o a dura\u00e7\u00e3o de\u00a04 horas e 30 minutos e ser\u00e3o aplicadas no turno da manh\u00e3; j\u00e1 as provas objetivas para os cargos de n\u00edvel m\u00e9dio ter\u00e3o a dura\u00e7\u00e3o de 3 horas e 30 minutos e ocorrem \u00e0 tarde. Ambas est\u00e3o agendadas para o dia 1\u00ba de mar\u00e7o de 2015.<\/span><\/p>\n<p style=\"text-align: justify;\"><span style=\"color: #000000;\">O concurso TRE-GO ter\u00e1 validade de 2 anos e poder\u00e1 ser prorrogado pelo mesmo per\u00edodo.<\/span><\/p>\n<p style=\"text-align: justify;\"><span style=\"color: #000000;\">&gt;Confira o edital clicando em:<\/span><\/p>\n<p style=\"text-align: justify;\"><span style=\"color: #0000ff;\"><a style=\"color: #0000ff;\" href=\"https:\/\/dhg1h5j42swfq.cloudfront.net\/2014\/11\/Edital-TRE-GO.pdf\">Edital concurso TRE-GO<\/a><\/span><\/p>\n<p style=\"text-align: justify;\"><span style=\"color: #000000;\"><strong>O Estrat\u00e9gia Concursos j\u00e1 lan\u00e7ou cursos para o\u00a0concurso TRE GO. Confira em:<\/strong><\/span><\/p>\n<p style=\"text-align: justify;\"><span style=\"color: #0000ff;\"><a style=\"color: #0000ff;\" href=\"https:\/\/www.estrategiaconcursos.com.br\/cursosPorConcurso\/tre-go-tribunal-regional-eleitoral-de-goias-298\/\">https:\/\/www.estrategiaconcursos.com.br\/cursosPorConcurso\/tre-go-tribunal-regional-eleitoral-de-goias-298\/<\/a><\/span><\/p>\n<p style=\"text-align: justify;\"><span style=\"color: #000000;\">Assessoria de Comunica\u00e7\u00e3o<\/span><\/p>\n<p style=\"text-align: justify;\"><span style=\"color: #000000;\">comunicacao@estrategiaconcursos.com.br<\/span><\/p>\n","protected":false},"excerpt":{"rendered":"<p>Termina nesta quinta-feira, 18, o prazo para as inscri\u00e7\u00f5es no concurso do\u00a0Tribunal Regional Eleitoral de Goi\u00e1s (concurso TRE-GO)\u00a0com 14 vagas em cargos de n\u00edvel m\u00e9dio\/ t\u00e9cnico e superior, al\u00e9m de forma\u00e7\u00e3o de cadastro de reserva. Os interessados devem acessar o site da organizadora, o Cespe, at\u00e9 as 23h59.\u00a0As taxas variam de R$ 70 a R$ [&hellip;]<\/p>\n","protected":false},"author":1,"featured_media":0,"comment_status":"closed","ping_status":"closed","sticky":false,"template":"","format":"standard","meta":{"post_tipo":"news","footnotes":""},"categories":[1],"tags":[524],"tax_estado":[],"class_list":["post-19954","post","type-post","status-publish","format-standard","hentry","category-cursos-e-concursos","tag-tre-go"],"acf":[],"yoast_head":"<!-- This site is optimized with the Yoast SEO Premium plugin v27.2 (Yoast SEO v27.2) - https:\/\/yoast.com\/product\/yoast-seo-premium-wordpress\/ -->\n<title>Termina nesta quinta-feira o prazo para as inscri\u00e7\u00f5es no concurso TRE-GO<\/title>\n<meta name=\"description\" content=\"Termina nesta quinta-feira, 18, o prazo para as inscri\u00e7\u00f5es no concurso TRE-GO. Saiba mais!\" \/>\n<meta name=\"robots\" content=\"index, follow, max-snippet:-1, max-image-preview:large, max-video-preview:-1\" \/>\n<link rel=\"canonical\" href=\"https:\/\/www.estrategiaconcursos.com.br\/blog\/termina-nesta-quinta-feira-o-prazo-para-inscricoes-concurso-tre-go\/\" \/>\n<meta property=\"og:locale\" content=\"pt_BR\" \/>\n<meta property=\"og:type\" content=\"article\" \/>\n<meta property=\"og:title\" content=\"Termina nesta quinta-feira o prazo para as inscri\u00e7\u00f5es no concurso TRE-GO\" \/>\n<meta property=\"og:description\" content=\"Termina nesta quinta-feira, 18, o prazo para as inscri\u00e7\u00f5es no concurso TRE-GO. Saiba mais!\" \/>\n<meta property=\"og:url\" content=\"https:\/\/www.estrategiaconcursos.com.br\/blog\/termina-nesta-quinta-feira-o-prazo-para-inscricoes-concurso-tre-go\/\" \/>\n<meta property=\"og:site_name\" content=\"Estrat\u00e9gia Concursos\" \/>\n<meta property=\"article:author\" content=\"https:\/\/www.facebook.com\/EstrategiaConcursos\" \/>\n<meta property=\"article:published_time\" content=\"2014-12-18T11:37:32+00:00\" \/>\n<meta property=\"article:modified_time\" content=\"2015-01-12T17:34:06+00:00\" \/>\n<meta property=\"og:image\" content=\"https:\/\/dhg1h5j42swfq.cloudfront.net\/2014\/11\/concurso-TRE-GO-1-1024x374.jpg\" \/>\n<meta name=\"author\" content=\"Coordena\u00e7\u00e3o\" \/>\n<meta name=\"twitter:card\" content=\"summary_large_image\" \/>\n<meta name=\"twitter:creator\" content=\"@EstratConcursos\" \/>\n<meta name=\"twitter:site\" content=\"@EstratConcursos\" \/>\n<meta name=\"twitter:label1\" content=\"Escrito por\" \/>\n\t<meta name=\"twitter:data1\" content=\"Coordena\u00e7\u00e3o\" \/>\n\t<meta name=\"twitter:label2\" content=\"Est. tempo de leitura\" \/>\n\t<meta name=\"twitter:data2\" content=\"1 minuto\" \/>\n<script type=\"application\/ld+json\" class=\"yoast-schema-graph\">{\"@context\":\"https:\/\/schema.org\",\"@graph\":[{\"@type\":\"NewsArticle\",\"@id\":\"https:\/\/www.estrategiaconcursos.com.br\/blog\/termina-nesta-quinta-feira-o-prazo-para-inscricoes-concurso-tre-go\/#article\",\"isPartOf\":{\"@id\":\"https:\/\/www.estrategiaconcursos.com.br\/blog\/termina-nesta-quinta-feira-o-prazo-para-inscricoes-concurso-tre-go\/\"},\"author\":{\"name\":\"Coordena\u00e7\u00e3o\",\"@id\":\"https:\/\/www.estrategiaconcursos.com.br\/blog\/#\/schema\/person\/b4a388c97673c5f483d72185668afa1f\"},\"headline\":\"Termina nesta quinta-feira o prazo para as inscri\u00e7\u00f5es no concurso TRE-GO\",\"datePublished\":\"2014-12-18T11:37:32+00:00\",\"dateModified\":\"2015-01-12T17:34:06+00:00\",\"mainEntityOfPage\":{\"@id\":\"https:\/\/www.estrategiaconcursos.com.br\/blog\/termina-nesta-quinta-feira-o-prazo-para-inscricoes-concurso-tre-go\/\"},\"wordCount\":275,\"publisher\":{\"@id\":\"https:\/\/www.estrategiaconcursos.com.br\/blog\/#organization\"},\"image\":{\"@id\":\"https:\/\/www.estrategiaconcursos.com.br\/blog\/termina-nesta-quinta-feira-o-prazo-para-inscricoes-concurso-tre-go\/#primaryimage\"},\"thumbnailUrl\":\"https:\/\/dhg1h5j42swfq.cloudfront.net\/2014\/11\/concurso-TRE-GO-1-1024x374.jpg\",\"keywords\":[\"TRE-GO\"],\"articleSection\":[\"Concursos P\u00fablicos\"],\"inLanguage\":\"pt-BR\",\"copyrightYear\":\"2014\",\"copyrightHolder\":{\"@id\":\"https:\/\/www.estrategiaconcursos.com.br\/blog\/#organization\"}},{\"@type\":\"WebPage\",\"@id\":\"https:\/\/www.estrategiaconcursos.com.br\/blog\/termina-nesta-quinta-feira-o-prazo-para-inscricoes-concurso-tre-go\/\",\"url\":\"https:\/\/www.estrategiaconcursos.com.br\/blog\/termina-nesta-quinta-feira-o-prazo-para-inscricoes-concurso-tre-go\/\",\"name\":\"Termina nesta quinta-feira o prazo para as inscri\u00e7\u00f5es no concurso TRE-GO\",\"isPartOf\":{\"@id\":\"https:\/\/www.estrategiaconcursos.com.br\/blog\/#website\"},\"primaryImageOfPage\":{\"@id\":\"https:\/\/www.estrategiaconcursos.com.br\/blog\/termina-nesta-quinta-feira-o-prazo-para-inscricoes-concurso-tre-go\/#primaryimage\"},\"image\":{\"@id\":\"https:\/\/www.estrategiaconcursos.com.br\/blog\/termina-nesta-quinta-feira-o-prazo-para-inscricoes-concurso-tre-go\/#primaryimage\"},\"thumbnailUrl\":\"https:\/\/dhg1h5j42swfq.cloudfront.net\/2014\/11\/concurso-TRE-GO-1-1024x374.jpg\",\"datePublished\":\"2014-12-18T11:37:32+00:00\",\"dateModified\":\"2015-01-12T17:34:06+00:00\",\"description\":\"Termina nesta quinta-feira, 18, o prazo para as inscri\u00e7\u00f5es no concurso TRE-GO. Saiba mais!\",\"breadcrumb\":{\"@id\":\"https:\/\/www.estrategiaconcursos.com.br\/blog\/termina-nesta-quinta-feira-o-prazo-para-inscricoes-concurso-tre-go\/#breadcrumb\"},\"inLanguage\":\"pt-BR\",\"potentialAction\":[{\"@type\":\"ReadAction\",\"target\":[\"https:\/\/www.estrategiaconcursos.com.br\/blog\/termina-nesta-quinta-feira-o-prazo-para-inscricoes-concurso-tre-go\/\"]}]},{\"@type\":\"ImageObject\",\"inLanguage\":\"pt-BR\",\"@id\":\"https:\/\/www.estrategiaconcursos.com.br\/blog\/termina-nesta-quinta-feira-o-prazo-para-inscricoes-concurso-tre-go\/#primaryimage\",\"url\":\"https:\/\/dhg1h5j42swfq.cloudfront.net\/2014\/11\/concurso-TRE-GO-1-1024x374.jpg\",\"contentUrl\":\"https:\/\/dhg1h5j42swfq.cloudfront.net\/2014\/11\/concurso-TRE-GO-1-1024x374.jpg\"},{\"@type\":\"BreadcrumbList\",\"@id\":\"https:\/\/www.estrategiaconcursos.com.br\/blog\/termina-nesta-quinta-feira-o-prazo-para-inscricoes-concurso-tre-go\/#breadcrumb\",\"itemListElement\":[{\"@type\":\"ListItem\",\"position\":1,\"name\":\"In\u00edcio\",\"item\":\"https:\/\/www.estrategiaconcursos.com.br\/blog\/\"},{\"@type\":\"ListItem\",\"position\":2,\"name\":\"Termina nesta quinta-feira o prazo para as inscri\u00e7\u00f5es no concurso TRE-GO\"}]},{\"@type\":\"WebSite\",\"@id\":\"https:\/\/www.estrategiaconcursos.com.br\/blog\/#website\",\"url\":\"https:\/\/www.estrategiaconcursos.com.br\/blog\/\",\"name\":\"Estrat\u00e9gia Concursos\",\"description\":\"O blog da Estrat\u00e9gia Concursos traz not\u00edcias sobre concursos e artigos de professores oferecendo cursos para concursos (pdf + videaulas) no site.\",\"publisher\":{\"@id\":\"https:\/\/www.estrategiaconcursos.com.br\/blog\/#organization\"},\"potentialAction\":[{\"@type\":\"SearchAction\",\"target\":{\"@type\":\"EntryPoint\",\"urlTemplate\":\"https:\/\/www.estrategiaconcursos.com.br\/blog\/?s={search_term_string}\"},\"query-input\":{\"@type\":\"PropertyValueSpecification\",\"valueRequired\":true,\"valueName\":\"search_term_string\"}}],\"inLanguage\":\"pt-BR\"},{\"@type\":\"Organization\",\"@id\":\"https:\/\/www.estrategiaconcursos.com.br\/blog\/#organization\",\"name\":\"Estrat\u00e9gia Concursos\",\"url\":\"https:\/\/www.estrategiaconcursos.com.br\/blog\/\",\"logo\":{\"@type\":\"ImageObject\",\"inLanguage\":\"pt-BR\",\"@id\":\"https:\/\/www.estrategiaconcursos.com.br\/blog\/#\/schema\/logo\/image\/\",\"url\":\"https:\/\/dhg1h5j42swfq.cloudfront.net\/2025\/06\/03203428\/logo_concursos-1.jpg\",\"contentUrl\":\"https:\/\/dhg1h5j42swfq.cloudfront.net\/2025\/06\/03203428\/logo_concursos-1.jpg\",\"width\":230,\"height\":60,\"caption\":\"Estrat\u00e9gia Concursos\"},\"image\":{\"@id\":\"https:\/\/www.estrategiaconcursos.com.br\/blog\/#\/schema\/logo\/image\/\"},\"sameAs\":[\"https:\/\/x.com\/EstratConcursos\"]},{\"@type\":\"Person\",\"@id\":\"https:\/\/www.estrategiaconcursos.com.br\/blog\/#\/schema\/person\/b4a388c97673c5f483d72185668afa1f\",\"name\":\"Coordena\u00e7\u00e3o\",\"image\":{\"@type\":\"ImageObject\",\"inLanguage\":\"pt-BR\",\"@id\":\"https:\/\/secure.gravatar.com\/avatar\/b720319e4c9a967eb58678d110f4fe35452fc5d5f97b202bac7b8acceb18c6ad?s=96&d=mm&r=g\",\"url\":\"https:\/\/secure.gravatar.com\/avatar\/b720319e4c9a967eb58678d110f4fe35452fc5d5f97b202bac7b8acceb18c6ad?s=96&d=mm&r=g\",\"contentUrl\":\"https:\/\/secure.gravatar.com\/avatar\/b720319e4c9a967eb58678d110f4fe35452fc5d5f97b202bac7b8acceb18c6ad?s=96&d=mm&r=g\",\"caption\":\"Coordena\u00e7\u00e3o\"},\"sameAs\":[\"https:\/\/www.facebook.com\/EstrategiaConcursos\",\"https:\/\/x.com\/EstratConcursos\"],\"url\":\"https:\/\/www.estrategiaconcursos.com.br\/blog\/author\/estrategia2013\/\"}]}<\/script>\n<!-- \/ Yoast SEO Premium plugin. -->","yoast_head_json":{"title":"Termina nesta quinta-feira o prazo para as inscri\u00e7\u00f5es no concurso TRE-GO","description":"Termina nesta quinta-feira, 18, o prazo para as inscri\u00e7\u00f5es no concurso TRE-GO. Saiba mais!","robots":{"index":"index","follow":"follow","max-snippet":"max-snippet:-1","max-image-preview":"max-image-preview:large","max-video-preview":"max-video-preview:-1"},"canonical":"https:\/\/www.estrategiaconcursos.com.br\/blog\/termina-nesta-quinta-feira-o-prazo-para-inscricoes-concurso-tre-go\/","og_locale":"pt_BR","og_type":"article","og_title":"Termina nesta quinta-feira o prazo para as inscri\u00e7\u00f5es no concurso TRE-GO","og_description":"Termina nesta quinta-feira, 18, o prazo para as inscri\u00e7\u00f5es no concurso TRE-GO. Saiba mais!","og_url":"https:\/\/www.estrategiaconcursos.com.br\/blog\/termina-nesta-quinta-feira-o-prazo-para-inscricoes-concurso-tre-go\/","og_site_name":"Estrat\u00e9gia Concursos","article_author":"https:\/\/www.facebook.com\/EstrategiaConcursos","article_published_time":"2014-12-18T11:37:32+00:00","article_modified_time":"2015-01-12T17:34:06+00:00","og_image":[{"url":"https:\/\/dhg1h5j42swfq.cloudfront.net\/2014\/11\/concurso-TRE-GO-1-1024x374.jpg","type":"","width":"","height":""}],"author":"Coordena\u00e7\u00e3o","twitter_card":"summary_large_image","twitter_creator":"@EstratConcursos","twitter_site":"@EstratConcursos","twitter_misc":{"Escrito por":"Coordena\u00e7\u00e3o","Est. tempo de leitura":"1 minuto"},"schema":{"@context":"https:\/\/schema.org","@graph":[{"@type":"NewsArticle","@id":"https:\/\/www.estrategiaconcursos.com.br\/blog\/termina-nesta-quinta-feira-o-prazo-para-inscricoes-concurso-tre-go\/#article","isPartOf":{"@id":"https:\/\/www.estrategiaconcursos.com.br\/blog\/termina-nesta-quinta-feira-o-prazo-para-inscricoes-concurso-tre-go\/"},"author":{"name":"Coordena\u00e7\u00e3o","@id":"https:\/\/www.estrategiaconcursos.com.br\/blog\/#\/schema\/person\/b4a388c97673c5f483d72185668afa1f"},"headline":"Termina nesta quinta-feira o prazo para as inscri\u00e7\u00f5es no concurso TRE-GO","datePublished":"2014-12-18T11:37:32+00:00","dateModified":"2015-01-12T17:34:06+00:00","mainEntityOfPage":{"@id":"https:\/\/www.estrategiaconcursos.com.br\/blog\/termina-nesta-quinta-feira-o-prazo-para-inscricoes-concurso-tre-go\/"},"wordCount":275,"publisher":{"@id":"https:\/\/www.estrategiaconcursos.com.br\/blog\/#organization"},"image":{"@id":"https:\/\/www.estrategiaconcursos.com.br\/blog\/termina-nesta-quinta-feira-o-prazo-para-inscricoes-concurso-tre-go\/#primaryimage"},"thumbnailUrl":"https:\/\/dhg1h5j42swfq.cloudfront.net\/2014\/11\/concurso-TRE-GO-1-1024x374.jpg","keywords":["TRE-GO"],"articleSection":["Concursos P\u00fablicos"],"inLanguage":"pt-BR","copyrightYear":"2014","copyrightHolder":{"@id":"https:\/\/www.estrategiaconcursos.com.br\/blog\/#organization"}},{"@type":"WebPage","@id":"https:\/\/www.estrategiaconcursos.com.br\/blog\/termina-nesta-quinta-feira-o-prazo-para-inscricoes-concurso-tre-go\/","url":"https:\/\/www.estrategiaconcursos.com.br\/blog\/termina-nesta-quinta-feira-o-prazo-para-inscricoes-concurso-tre-go\/","name":"Termina nesta quinta-feira o prazo para as inscri\u00e7\u00f5es no concurso TRE-GO","isPartOf":{"@id":"https:\/\/www.estrategiaconcursos.com.br\/blog\/#website"},"primaryImageOfPage":{"@id":"https:\/\/www.estrategiaconcursos.com.br\/blog\/termina-nesta-quinta-feira-o-prazo-para-inscricoes-concurso-tre-go\/#primaryimage"},"image":{"@id":"https:\/\/www.estrategiaconcursos.com.br\/blog\/termina-nesta-quinta-feira-o-prazo-para-inscricoes-concurso-tre-go\/#primaryimage"},"thumbnailUrl":"https:\/\/dhg1h5j42swfq.cloudfront.net\/2014\/11\/concurso-TRE-GO-1-1024x374.jpg","datePublished":"2014-12-18T11:37:32+00:00","dateModified":"2015-01-12T17:34:06+00:00","description":"Termina nesta quinta-feira, 18, o prazo para as inscri\u00e7\u00f5es no concurso TRE-GO. Saiba mais!","breadcrumb":{"@id":"https:\/\/www.estrategiaconcursos.com.br\/blog\/termina-nesta-quinta-feira-o-prazo-para-inscricoes-concurso-tre-go\/#breadcrumb"},"inLanguage":"pt-BR","potentialAction":[{"@type":"ReadAction","target":["https:\/\/www.estrategiaconcursos.com.br\/blog\/termina-nesta-quinta-feira-o-prazo-para-inscricoes-concurso-tre-go\/"]}]},{"@type":"ImageObject","inLanguage":"pt-BR","@id":"https:\/\/www.estrategiaconcursos.com.br\/blog\/termina-nesta-quinta-feira-o-prazo-para-inscricoes-concurso-tre-go\/#primaryimage","url":"https:\/\/dhg1h5j42swfq.cloudfront.net\/2014\/11\/concurso-TRE-GO-1-1024x374.jpg","contentUrl":"https:\/\/dhg1h5j42swfq.cloudfront.net\/2014\/11\/concurso-TRE-GO-1-1024x374.jpg"},{"@type":"BreadcrumbList","@id":"https:\/\/www.estrategiaconcursos.com.br\/blog\/termina-nesta-quinta-feira-o-prazo-para-inscricoes-concurso-tre-go\/#breadcrumb","itemListElement":[{"@type":"ListItem","position":1,"name":"In\u00edcio","item":"https:\/\/www.estrategiaconcursos.com.br\/blog\/"},{"@type":"ListItem","position":2,"name":"Termina nesta quinta-feira o prazo para as inscri\u00e7\u00f5es no concurso TRE-GO"}]},{"@type":"WebSite","@id":"https:\/\/www.estrategiaconcursos.com.br\/blog\/#website","url":"https:\/\/www.estrategiaconcursos.com.br\/blog\/","name":"Estrat\u00e9gia Concursos","description":"O blog da Estrat\u00e9gia Concursos traz not\u00edcias sobre concursos e artigos de professores oferecendo cursos para concursos (pdf + videaulas) no site.","publisher":{"@id":"https:\/\/www.estrategiaconcursos.com.br\/blog\/#organization"},"potentialAction":[{"@type":"SearchAction","target":{"@type":"EntryPoint","urlTemplate":"https:\/\/www.estrategiaconcursos.com.br\/blog\/?s={search_term_string}"},"query-input":{"@type":"PropertyValueSpecification","valueRequired":true,"valueName":"search_term_string"}}],"inLanguage":"pt-BR"},{"@type":"Organization","@id":"https:\/\/www.estrategiaconcursos.com.br\/blog\/#organization","name":"Estrat\u00e9gia Concursos","url":"https:\/\/www.estrategiaconcursos.com.br\/blog\/","logo":{"@type":"ImageObject","inLanguage":"pt-BR","@id":"https:\/\/www.estrategiaconcursos.com.br\/blog\/#\/schema\/logo\/image\/","url":"https:\/\/dhg1h5j42swfq.cloudfront.net\/2025\/06\/03203428\/logo_concursos-1.jpg","contentUrl":"https:\/\/dhg1h5j42swfq.cloudfront.net\/2025\/06\/03203428\/logo_concursos-1.jpg","width":230,"height":60,"caption":"Estrat\u00e9gia Concursos"},"image":{"@id":"https:\/\/www.estrategiaconcursos.com.br\/blog\/#\/schema\/logo\/image\/"},"sameAs":["https:\/\/x.com\/EstratConcursos"]},{"@type":"Person","@id":"https:\/\/www.estrategiaconcursos.com.br\/blog\/#\/schema\/person\/b4a388c97673c5f483d72185668afa1f","name":"Coordena\u00e7\u00e3o","image":{"@type":"ImageObject","inLanguage":"pt-BR","@id":"https:\/\/secure.gravatar.com\/avatar\/b720319e4c9a967eb58678d110f4fe35452fc5d5f97b202bac7b8acceb18c6ad?s=96&d=mm&r=g","url":"https:\/\/secure.gravatar.com\/avatar\/b720319e4c9a967eb58678d110f4fe35452fc5d5f97b202bac7b8acceb18c6ad?s=96&d=mm&r=g","contentUrl":"https:\/\/secure.gravatar.com\/avatar\/b720319e4c9a967eb58678d110f4fe35452fc5d5f97b202bac7b8acceb18c6ad?s=96&d=mm&r=g","caption":"Coordena\u00e7\u00e3o"},"sameAs":["https:\/\/www.facebook.com\/EstrategiaConcursos","https:\/\/x.com\/EstratConcursos"],"url":"https:\/\/www.estrategiaconcursos.com.br\/blog\/author\/estrategia2013\/"}]}},"_links":{"self":[{"href":"https:\/\/www.estrategiaconcursos.com.br\/blog\/wp-json\/wp\/v2\/posts\/19954","targetHints":{"allow":["GET"]}}],"collection":[{"href":"https:\/\/www.estrategiaconcursos.com.br\/blog\/wp-json\/wp\/v2\/posts"}],"about":[{"href":"https:\/\/www.estrategiaconcursos.com.br\/blog\/wp-json\/wp\/v2\/types\/post"}],"author":[{"embeddable":true,"href":"https:\/\/www.estrategiaconcursos.com.br\/blog\/wp-json\/wp\/v2\/users\/1"}],"replies":[{"embeddable":true,"href":"https:\/\/www.estrategiaconcursos.com.br\/blog\/wp-json\/wp\/v2\/comments?post=19954"}],"version-history":[{"count":1,"href":"https:\/\/www.estrategiaconcursos.com.br\/blog\/wp-json\/wp\/v2\/posts\/19954\/revisions"}],"predecessor-version":[{"id":20438,"href":"https:\/\/www.estrategiaconcursos.com.br\/blog\/wp-json\/wp\/v2\/posts\/19954\/revisions\/20438"}],"wp:attachment":[{"href":"https:\/\/www.estrategiaconcursos.com.br\/blog\/wp-json\/wp\/v2\/media?parent=19954"}],"wp:term":[{"taxonomy":"category","embeddable":true,"href":"https:\/\/www.estrategiaconcursos.com.br\/blog\/wp-json\/wp\/v2\/categories?post=19954"},{"taxonomy":"post_tag","embeddable":true,"href":"https:\/\/www.estrategiaconcursos.com.br\/blog\/wp-json\/wp\/v2\/tags?post=19954"},{"taxonomy":"tax_estado","embeddable":true,"href":"https:\/\/www.estrategiaconcursos.com.br\/blog\/wp-json\/wp\/v2\/tax_estado?post=19954"}],"curies":[{"name":"wp","href":"https:\/\/api.w.org\/{rel}","templated":true}]}}