{"id":19873,"date":"2014-12-17T04:46:13","date_gmt":"2014-12-17T07:46:13","guid":{"rendered":"https:\/\/www.estrategiaconcursos.com.br\/blog\/?p=19873"},"modified":"2016-07-22T18:14:15","modified_gmt":"2016-07-22T21:14:15","slug":"aulao-de-economia-ao-vivo-de-reta-final-para-policia-federal-nesta-quarta-feira-1500hs","status":"publish","type":"post","link":"https:\/\/www.estrategiaconcursos.com.br\/blog\/aulao-de-economia-ao-vivo-de-reta-final-para-policia-federal-nesta-quarta-feira-1500hs\/","title":{"rendered":"Aul\u00e3o de Economia ao vivo de Reta Final para a Pol\u00edcia Federal &#8211; Nesta quarta-feira, \u00e0s 16:00hs"},"content":{"rendered":"<div class=\"lyte-wrapper\" style=\"width:853px;max-width:100%;margin:5px;\"><div class=\"lyMe\" id=\"WYL_R0GQD5G0GYU\"><div id=\"lyte_R0GQD5G0GYU\" data-src=\"\/\/i.ytimg.com\/vi\/R0GQD5G0GYU\/hqdefault.jpg\" class=\"pL\"><div class=\"tC\"><div class=\"tT\"><\/div><\/div><div class=\"play\"><\/div><div class=\"ctrl\"><div class=\"Lctrl\"><\/div><div class=\"Rctrl\"><\/div><\/div><\/div><noscript><a href=\"https:\/\/youtu.be\/R0GQD5G0GYU\" rel=\"nofollow\"><img loading=\"lazy\" decoding=\"async\" src=\"https:\/\/i.ytimg.com\/vi\/R0GQD5G0GYU\/0.jpg\" alt=\"YouTube video thumbnail\" width=\"853\" height=\"460\" \/><br \/>Assista a este v\u00eddeo no YouTube<\/a><\/noscript><\/div><\/div><div class=\"lL\" style=\"max-width:100%;width:853px;margin:5px;\"><\/div><\/p>\n<div class=\"lyte-wrapper\" style=\"width:853px;max-width:100%;margin:5px;\"><div class=\"lyMe\" id=\"WYL_vJeagqxiLp8\"><div id=\"lyte_vJeagqxiLp8\" data-src=\"\/\/i.ytimg.com\/vi\/vJeagqxiLp8\/hqdefault.jpg\" class=\"pL\"><div class=\"tC\"><div class=\"tT\"><\/div><\/div><div class=\"play\"><\/div><div class=\"ctrl\"><div class=\"Lctrl\"><\/div><div class=\"Rctrl\"><\/div><\/div><\/div><noscript><a href=\"https:\/\/youtu.be\/vJeagqxiLp8\" rel=\"nofollow\"><img loading=\"lazy\" decoding=\"async\" src=\"https:\/\/i.ytimg.com\/vi\/vJeagqxiLp8\/0.jpg\" alt=\"YouTube video thumbnail\" width=\"853\" height=\"460\" \/><br \/>Assista a este v\u00eddeo no YouTube<\/a><\/noscript><\/div><\/div><div class=\"lL\" style=\"max-width:100%;width:853px;margin:5px;\"><\/div><\/p>\n<h2 class=\"null\"><strong><span style=\"font-size: small;\">Ol\u00e1 caros(as) amigos(as),<br \/>\n<\/span><\/strong><\/h2>\n<p>&nbsp;<\/p>\n<p><strong>UPDATE<\/strong>: a aula foi transferida para as 16:00hs. O aeroporto de Bras\u00edlia estava fechado hoje de manh\u00e3 (e eu estou indo de S\u00e3o Paulo para Bras\u00edlia ministrar a aula nos est\u00fadios do Estrat\u00e9gia) e isso ocasionou atrasos e cancelamentos em v\u00e1rios voos. Meu voo de 06:50 teve que voltar para S\u00e3o Paulo no meio do caminho e, agora, meu novo voo vai sair de S\u00e3o Paulo somente \u00e0s 12:30.<\/p>\n<div><span style=\"color: #000000;\"><span style=\"color: #000000;\">Estamos chegando perto da prova de Agente da Pol\u00edcia Federal\u00a0e \u00e9 hora de revisar a mat\u00e9ria.<\/span><\/span>Nesta <strong>quarta-feira, \u00e0s 16:00hs<\/strong>, vou ministrar um <strong>Aul\u00e3o Online<\/strong> para os alunos matriculados aqui no curso de Economia da Pol\u00edcia Federal.Neste aul\u00e3o, revisarei os seguintes temas:<strong>&#8211; Custos<br \/>\n&#8211; Estruturas de Mercado<\/strong>Os assuntos s\u00e3o exatamente aqueles das <strong>aulas 04, 05 e 06 do nosso curso em PDF<\/strong>. Ou seja, s\u00e3o justamente os assuntos para os quais n\u00e3o disponibilizamos videoaulas complementares.Eu pretendo revisar os assuntos destas aulas em cerca de 3 horas e meia; e vou tamb\u00e9m resolver quest\u00f5es do CESPE sobre os assuntos. Assim, se voc\u00ea ficou com alguma d\u00favida ou n\u00e3o entendeu direito os assuntos da parte final da mat\u00e9ria do nosso curso em PDF (aulas 04, 05 e 06), n\u00e3o perca este aul\u00e3o. \u00a0Prometo que n\u00e3o vou decepcion\u00e1-los ;-)<\/div>\n<div><\/div>\n<div><span style=\"color: #000000;\"><span style=\"color: #000000;\"><strong>E SE EU N\u00c3O PUDER ASSISTIR AO VIVO?<\/strong><\/span><\/span><\/div>\n<div><\/div>\n<div><\/div>\n<div>Se voc\u00ea n\u00e3o puder assistir ao aul\u00e3o ao vivo, n\u00e3o h\u00e1 problema, pois o conte\u00fado ficar\u00e1 gravado para voc\u00ea assistir quantas vezes quiser em outro hor\u00e1rio. Ao longo do aul\u00e3o, voc\u00ea pode enviar suas d\u00favidas para hebercarvalho@estrategiaconcursos.com.br (eu selecionarei algumas d\u00favidas na hora do intervalo e as responderei ao vivo).<\/div>\n<div><\/div>\n<div><\/div>\n<div><strong>ONDE SER\u00c1 O AUL\u00c3O?<\/strong><\/div>\n<div><\/div>\n<div><\/div>\n<div>Aqui mesmo, nesta p\u00e1gina, neste link ;-)<\/div>\n<div><\/div>\n<div>A partir das 15:50hs, n\u00f3s vamos adicionar uma janela de v\u00eddeo aqui embaixo (ser\u00e1 uma tela do Hangout do Google).<\/div>\n<div><\/div>\n<div><\/div>\n<div><strong>PRECISO TER ESTUDADO AS AULAS EM PDF ?<\/strong><\/div>\n<div><\/div>\n<div><\/div>\n<div>Sim, \u00e9 recomend\u00e1vel que tenha estudado as aulas escritas. Se n\u00e3o tiver assistido, haver\u00e1 uma dificuldade maior para acompanhar, mas n\u00e3o ser\u00e1 nada imposs\u00edvel. Afinal, eu vou revisar a parte te\u00f3rica dos assuntos (s\u00f3 que ser\u00e1 num ritmo um pouco mais acelerado).<\/div>\n<div><\/div>\n<div><\/div>\n<div><strong>SER\u00c3O COMENTADOS EXERC\u00cdCIOS NESTE AUL\u00c3O?<\/strong><\/div>\n<div><\/div>\n<div><\/div>\n<div>Sim, comentaremos diversos exerc\u00edcios do CESPE\/Unb. Para adiantar o lado de voc\u00eas, j\u00e1 deixo aqui os exerc\u00edcios que ser\u00e3o comentados (recomendo que imprimam, para um melhor acompanhamento da aula).<\/div>\n<div><\/div>\n<div>Seguem abaixo (n\u00e3o s\u00e3o necessariamente os exerc\u00edcios mais dif\u00edceis, nem os mais f\u00e1ceis, mas os que considero melhores para uma revis\u00e3o dos assuntos mais importantes desta parte da mat\u00e9ria):<\/div>\n<div><\/div>\n<div><\/div>\n<div><\/div>\n<div><strong>LISTA DE EXERC\u00cdCIOS<\/strong><\/div>\n<div><\/div>\n<div><\/div>\n<div>O Minist\u00e9rio da Justi\u00e7a (MJ) tem um montante fixo para gastar na aquisi\u00e7\u00e3o de dois bens: mesas e computadores. Ainda, o MJ planeja ocupar um pr\u00e9dio de sua propriedade, atualmente alugado para profissionais liberais.<\/div>\n<div><\/div>\n<div><\/div>\n<div>01. (CESPE\/Unb \u2013 Economista \u2013 Minist\u00e9rio da Justi\u00e7a \u2013 2013) &#8211; O aluguel representa um custo de oportunidade da ocupa\u00e7\u00e3o do pr\u00e9dio<\/div>\n<div><\/div>\n<div><\/div>\n<div>02. (CESPE\/Unb &#8211; Analista Administrativo \u2013 ANAC \u2013 2012) &#8211; Suponha que um profissional rec\u00e9m-formado em economia pretenda pedir demiss\u00e3o da firma em que trabalha para atuar como aut\u00f4nomo em um escrit\u00f3rio de consultoria, e, para isso, calcule os custos que envolver\u00e3o o funcionamento do escrit\u00f3rio e os custos de deixar de receber o sal\u00e1rio do emprego atual. Nessa situa\u00e7\u00e3o, as despesas efetuadas com sua forma\u00e7\u00e3o, como livros e mensalidade escolar, devem ser ponderadas, pois representam custos de oportunidade.<\/div>\n<div><\/div>\n<div><\/div>\n<div>03. (CESPE\/Unb &#8211; Economista \u2013 TJ\/AL \u2013 2012) &#8211; Se cada hora di\u00e1ria de estudo aumenta em tr\u00eas pontos a nota de um indiv\u00edduo em uma prova de matem\u00e1tica, ent\u00e3o o custo de oportunidade de n\u00e3o estudar e jogar videogame por uma hora di\u00e1ria \u00e9 igual a 0,3 ponto a mais na prova de matem\u00e1tica.04. (CESPE\/Unb \u2013 Analista de Controle Externo \u2013 TCE\/AC \u2013 2009) &#8211; O custo de oportunidade da decis\u00e3o de tirar f\u00e9rias \u00e9 mais elevado para funcion\u00e1rios p\u00fablicos do que para profissionais liberais bem sucedidos\u00a0 como alguns m\u00e9dicos e advogados.05. (CESPE\/Unb \u2013 Ci\u00eancias Econ\u00f4micas \u2013 UEPA \u2013 2008) &#8211; 27 &#8211; O custo de oportunidade de im\u00f3veis utilizados pelos seus donos para\u00a0 sediar empresas de sua propriedade \u00e9 nulo visto que, nesses casos, n\u00e3o h\u00e1 pagamentos de alugu\u00e9is que onerem os custos cont\u00e1beis dessas empresas.06. (CESPE\/Unb \u2013 Economista \u2013 Minist\u00e9rio das Comunica\u00e7\u00f5es \u2013 2013) &#8211; Se o custo marginal for igual ao custo m\u00e9dio, ent\u00e3o o custo m\u00e9dio ser\u00e1 m\u00ednimo.<\/p>\n<p>07. (CESPE\/Unb &#8211; Economista \u2013 TJ\/AL \u2013 2012) &#8211; Na curva de custo m\u00e9dio, o trecho inicial ser\u00e1 decrescente se os custos fixos forem crescentes.<\/p>\n<p>08. (CESPE\/Unb &#8211; Economista \u2013 TJ\/AL \u2013 2012) &#8211; Se o custo marginal for crescente, ser\u00e3o crescentes os custos m\u00e9dios e os custos vari\u00e1veis m\u00e9dios.<\/p>\n<p>09. (CESPE\/Unb \u2013 Banco da Amaz\u00f4nia \u2013 2010) &#8211; A curva de custo marginal passa pelos pontos de m\u00ednimo das curvas de custo vari\u00e1vel e de custo m\u00e9dio.<\/p>\n<p>COMENT\u00c1RIOS:<\/p>\n<p>\u00c9 exatamente o que podemos verificar por meio da figura 08 da aula e comentado exaustivamente no item 1.6.3.<\/p>\n<p>10. (CESPE\/Unb \u2013 Banco da Amaz\u00f4nia \u2013 2010) &#8211; A curva de custo m\u00e9dio alcan\u00e7ar\u00e1 seu ponto de m\u00ednimo quando o custo m\u00e9dio se igualar ao custo marginal.<\/p>\n<p>11. (CESPE\/Unb \u2013 Analista do MPU \u2013 2010) &#8211;\u00a0 A dist\u00e2ncia vertical entre as curvas de custo total e de custo vari\u00e1vel \u00e9 igual ao custo fixo.<\/p>\n<p>12. (CESPE\/Unb \u2013 Analista dos Correios \u2013 ECT \u2013 2011) &#8211; Define-se custo marginal como o acr\u00e9scimo no custo vari\u00e1vel necess\u00e1rio para produzir uma unidade a mais de produto.<\/p>\n<p>13. (CESPE\/Unb \u2013 T\u00e9cnico de Planejamento e Pesquisa \u2013 IPEA \u2013 2008) &#8211; O custo marginal \u00e9 o aumento de custo vari\u00e1vel em que a empresa incorre pela diminui\u00e7\u00e3o de uma unidade extra de produto.<\/p>\n<p>14. (CESPE\/Unb \u2013 T\u00e9cnico de Planejamento e Pesquisa \u2013 IPEA \u2013 2008) &#8211; O custo total m\u00e9dio da produ\u00e7\u00e3o \u00e9 a soma, para cada n\u00edvel de produ\u00e7\u00e3o, dos custos fixos e vari\u00e1veis.<\/p>\n<p>15. (CESPE\/Unb \u2013 Analista Jud. \u2013 Economia \u2013 TJ\/SE &#8211; 2014) No curto prazo, a lei dos retornos marginais decrescentes come\u00e7a a vigorar a partir do ponto em que o custo marginal seja igual ao custo vari\u00e1vel m\u00e9dio.<\/p>\n<p>16. (CESPE\/Unb \u2013 Auditor \u2013 Economia \u2013 TCE\/RO \u2013 2013) &#8211; Empresas com rendimentos marginais decrescentes ter\u00e3o os custos marginais aumentados \u00e0 medida que o produto aumenta.<\/p>\n<p>17. (CESPE\/Unb \u2013 Analista Jud. \u2013 Economia \u2013 TJ\/SE &#8211; 2014) Nas economias ou deseconomias de escala, a curva de custo m\u00e9dio de longo prazo \u00e9 formada pelos pontos de m\u00ednimo das curvas de custo m\u00e9dio de curto prazo.<\/p>\n<p>18. (CESPE\/Unb \u2013 Banco da Amaz\u00f4nia \u2013 2010) &#8211; Em uma escolha de produ\u00e7\u00e3o \u00f3tima, os custos marginais de curto prazo se igualam aos custos de produ\u00e7\u00e3o de longo prazo.<\/p>\n<p>19. (CESPE\/Unb \u2013 Analista de Controle Externo \u2013 TCE\/AC \u2013 2009) &#8211; Em presen\u00e7a de economias de escala, a curva de custo m\u00e9dio de longo prazo \u00e9 horizontal.<\/p>\n<p>20. (CESPE\/Unb \u2013 Analista de Controle Externo \u2013 TCE\/AC \u2013 2008) &#8211; Em presen\u00e7a de rendimentos crescentes de escala, o custo unit\u00e1rio n\u00e3o se altera com o n\u00edvel de produ\u00e7\u00e3o.<\/p>\n<p>21. (CESPE\/Unb \u2013 Analista do MPU \u2013 2010) &#8211; A curva de custo m\u00e9dio de longo prazo com economias e deseconomias de escala corresponde \u00e0 soma dos pontos de m\u00ednimo das curvas de custo m\u00e9dio de curto prazo.<\/p>\n<p>22. (CESPE\/Unb \u2013 Auditor \u2013 TCU \u2013 2011) &#8211; Se o custo de produ\u00e7\u00e3o de dois produtos por uma \u00fanica\u00a0empresa \u00e9 menor que o custo de produ\u00e7\u00e3o desses mesmos dois\u00a0produtos por empresas distintas, o processo produtivo\u00a0apresenta economias de escala.<\/p>\n<p>23. (CESPE\/Unb \u2013 Economista \u2013 Minist\u00e9rio da Sa\u00fade \u2013 2009) &#8211; H\u00e1 economia de escopo quando o custo de produ\u00e7\u00e3o de dois bens de uma empresa \u00e9 menor do que os custos de produ\u00e7\u00e3o conjuntos de duas empresas diferentes, cada uma produzindo um \u00fanico produto.<\/p>\n<p>24. (CESPE\/Unb &#8211;\u00a0 Banco da Amaz\u00f4nica \u2013 2010) &#8211; Empresas monopolistas e empresas em mercados de concorr\u00eancia perfeita maximizar\u00e3o seus lucros quando suas receitas marginais e seus custos marginais se igualarem.<\/p>\n<p>25. (CESPE\/Unb \u2013 Analista do MPU \u2013 2010) \u2013 A regra de que o lucro \u00e9 maximizado quando a receita marginal \u00e9 igual ao custo marginal \u00e9 v\u00e1lida para todas as empresas, sejam competitivas ou n\u00e3o.<\/p>\n<p>26. (CESPE\/Unb &#8211; Ci\u00eancias Econ\u00f4micas \u2013 UEPA \u2013 2008) &#8211; A regra segundo a qual as empresas maximizam seus lucros quando a receita marginal iguala-se ao custo marginal aplicase unicamente \u00e0s empresas que atuam em mercados competitivos.<\/p>\n<p>27. (CESPE\/Unb &#8211; Analista Administrativo \u2013 ANAC \u2013 2012) &#8211; Em competi\u00e7\u00e3o perfeita, a quantidade e o pre\u00e7o de equil\u00edbrio s\u00e3o estabelecidos quando se iguala a receita marginal ao custo marginal de produ\u00e7\u00e3o de determinado bem.<\/p>\n<p>28. (CESPE\/Unb \u2013 Analista do MPU \u2013 2010) &#8211; Em uma empresa competitiva, quando todos os custos fixos s\u00e3o irrevers\u00edveis, a curva de oferta no curto prazo corresponde \u00e0 curva de custo marginal acima da curva de custo total m\u00e9dio.<\/p>\n<p>29. (CESPE\/Unb \u2013 Analista do MPU \u2013 2010) &#8211; A curva da demanda de uma empresa competitiva \u00e9 ao mesmo tempo sua curva de receita marginal e do custo marginal.<\/p>\n<p>30. (CESPE\/Unb \u2013 Banco da Amaz\u00f4nia \u2013 2010) \u2013 Uma condi\u00e7\u00e3o para o encerramento de uma empresa \u00e9 os custos marginais excederem os pre\u00e7os cobrados pela empresa.<\/p>\n<p>31. (CESPE\/Unb \u2013 Analista \u2013 STM \u2013 2011) &#8211; Se o pre\u00e7o de um produto de determinada empresa encontrar-se acima do ponto m\u00ednimo da curva de custo vari\u00e1vel m\u00e9dio e os pre\u00e7os dos insumos sejam dados, a curva de oferta de curto prazo dessa empresa coincidir\u00e1 com a curva de custo marginal.<\/p>\n<p>32. (CESPE\/Unb \u2013 Auditor \u2013 Economia \u2013 TCE\/RO \u2013 2013) &#8211; Uma empresa em um mercado competitivo com lucro econ\u00f4mico zero em longo prazo est\u00e1 obtendo um retorno normal sob o investimento feito; ou seja, ela deve permanecer no neg\u00f3cio.<\/p>\n<p>33. (CESPE\/Unb &#8211; Auditor de Controle Externo \u2013 TCDF \u2013 2012) &#8211; No equil\u00edbrio de longo prazo e em mercado competitivo, todas as empresas auferem lucro econ\u00f4mico positivo.<\/p>\n<p>34. (CESPE\/Unb &#8211; Economista \u2013 DFTRANS \u2013 2008) &#8211; Em um mercado concorrente perfeito, os empres\u00e1rios t\u00eam lucro zero no curto prazo e, portanto, est\u00e3o sempre insatisfeitos, o que for\u00e7a o governo a subsidiar esses empres\u00e1rios.<\/p>\n<p>35. (CESPE\/Unb &#8211; Ci\u00eancias Econ\u00f4micas \u2013 UEPA \u2013 2008) &#8211; Para as empresas que atuam em ambientes competitivos, no equil\u00edbrio de curto prazo, a competi\u00e7\u00e3o entre firmas obriga-as a fixar o pre\u00e7o ao n\u00edvel do custo m\u00e9dio, anulando, assim, os lucros econ\u00f4micos dessas empresas.<\/p>\n<p>36. (CESPE\/Unb \u2013 Analista Administrativo e Financeiro \u2013 SEGER\/ES \u2013 2007) &#8211; A presen\u00e7a de economias crescentes de escala em determinada ind\u00fastria indica a exist\u00eancia de fortes press\u00f5es\u00a0 competitivas nesse mercado, excluindo, pois, a sua monopoliza\u00e7\u00e3o.<\/p>\n<p>37. (CESPE\/Unb \u2013 Analista Jud. Economista \u2013 TJ\/SE \u2013 2014) Os gastos com propaganda de firmas estabelecidas em determinado mercado podem representar barreiras a entrada de novos competidores, na medida em que esse investimento imp\u00f5e custo irrecuper\u00e1vel para a atua\u00e7\u00e3o das empresas entrantes.<\/p>\n<p>38. (CESPE\/Unb \u2013 Auditor \u2013 Economia \u2013 TCE\/RO \u2013 2013) &#8211; Uma forma correta de regula\u00e7\u00e3o de pre\u00e7os de monop\u00f3lios naturais \u00e9 estabelecer seus pre\u00e7os nos n\u00edveis dos custos marginais.<\/p>\n<p>39. (CESPE\/Unb \u2013 Analista de Controle Externo \u2013 TCE\/AC &#8211; 2009) &#8211; A imposi\u00e7\u00e3o da regra competitiva de forma\u00e7\u00e3o de pre\u00e7os nos monop\u00f3lios naturais como os que prevalecem no setor de utilidades p\u00fablicas, al\u00e9m de melhorar o bem-estar dos consumidores, garante tamb\u00e9m lucros puros para as empresas que operam nesses mercados.<\/p>\n<p>40. (CESPE\/Unb &#8211; T\u00e9cnico Cient\u00edfico \u2013 Economia &#8211; BASA \u2013 2012) &#8211; A permiss\u00e3o para que vendedores monopolistas pratiquem discrimina\u00e7\u00e3o de pre\u00e7os resulta em maior inefici\u00eancia nesses mercados.<\/p>\n<p>41. (CESPE\/Unb \u2013 Economista \u2013 Minist\u00e9rio das Comunica\u00e7\u00f5es \u2013 2013) &#8211; Uma situa\u00e7\u00e3o em que o monopolista discrimina perfeitamente o pre\u00e7o \u00e9 eficiente no sentido de Pareto.<\/p>\n<p>42. (CESPE\/Unb \u2013 Analista Jud. Economista \u2013 TJ\/SE \u2013 2014) Uma firma que concede descontos para seus clientes em fun\u00e7\u00e3o do volume de bens por eles adquiridos realiza uma discrimina\u00e7\u00e3o de pre\u00e7os de terceiro grau.<\/p>\n<p>A respeito do Conselho Administrativo de Defesa Econ\u00f4mica (CADE) que tem a fun\u00e7\u00e3o de zelar pela livre concorr\u00eancia no mercado, julgue os itens a seguir.<\/p>\n<p>43. (CESPE\/Unb \u2013 Economista \u2013 Minist\u00e9rio da Justi\u00e7a \u2013 2013) &#8211; Caso houvesse um monopolista que conseguisse praticar discrimina\u00e7\u00e3o de pre\u00e7os, ele venderia diferentes quantidades de seu produto por diferentes pre\u00e7os.<\/p>\n<p>44. (CESPE\/Unb &#8211; Pesquisador do INPI \u2013 Assuntos Econ\u00f4micos \u2013 2013) &#8211; A discrimina\u00e7\u00e3o de pre\u00e7o de primeiro grau consiste em fixar diferentes pre\u00e7os para diferentes grupos de consumidores.<\/p>\n<p>45. (CESPE\/Unb &#8211; Analista Administrativo \u2013 ANAC \u2013 2012) &#8211;\u00a0A discrimina\u00e7\u00e3o de pre\u00e7os corresponde \u00e0 venda de diferentes quantidades do produto por pre\u00e7os diferentes, ocorrendo discrimina\u00e7\u00e3o de pre\u00e7os de primeiro grau quando o monopolista cobra pre\u00e7os diferentes dos consumidores de acordo com a quantidade de produto comprada.<\/p>\n<p>46. (CESPE\/Unb &#8211; Analista Administrativo \u2013 ANAC \u2013 2012) &#8211; O fato de o monopolista definir o pre\u00e7o de seu produto diferenciando-o para cada grupo de consumidores em mercados diferenciados, de acordo com a elasticidade-pre\u00e7o de cada um, configura a denominada discrimina\u00e7\u00e3o de pre\u00e7os de segundo grau.<\/p>\n<p>47. (CESPE\/Unb &#8211; Especialista em Regula\u00e7\u00e3o \u2013 Economia \u2013 ANTT \u2013 2013) &#8211; As formas de mercado dependem de tr\u00eas caracter\u00edsticas principais: quantidade de empresas, tipo do produto e exist\u00eancia de barreiras \u00e0 entrada. O monop\u00f3lio \u00e9 uma estrutura que ocorre quando n\u00e3o existem substitutos pr\u00f3ximos e uma \u00fanica empresa atua no mercado.<\/p>\n<p>48. (CESPE\/Unb &#8211; Auditor de Controle Externo \u2013 TCDF \u2013 2012) &#8211; Se a curva de demanda da empresa for el\u00e1stica, o mark up ser\u00e1 pequeno, e essa empresa ter\u00e1 pouco poder de monop\u00f3lio.<\/p>\n<p>49. (CESPE\/Unb &#8211; Economista \u2013 TJ\/AL \u2013 2012) &#8211; O poder de monop\u00f3lio de uma empresa \u00e9 diretamente proporcional \u00e0 elasticidade-pre\u00e7o da demanda.<\/p>\n<p>50. (CESPE\/Unb \u2013 Analista do MPU \u2013 2010) &#8211; Caso a elasticidade da demanda seja grande, \u00e9 correto afirmar que o poder de monop\u00f3lio da empresa ser\u00e1 pequeno.<\/p>\n<p>51. (CESPE\/Unb &#8211; Especialista em Regula\u00e7\u00e3o de Avia\u00e7\u00e3o Civil \u2013 ANAC \u2013 2012) &#8211; Como a demanda do monopolista \u00e9 a pr\u00f3pria demanda de mercado, o monopolista pode atuar conjuntamente sobre o pre\u00e7o e sobre a quantidade.<\/p>\n<p>52. (CESPE\/Unb &#8211; Banco da Amaz\u00f4nia \u2013 2010) &#8211;\u00a0 Empresas monopolistas e empresas em mercados de concorr\u00eancia perfeita maximizar\u00e3o seus lucros quando suas receitas marginais e seus custos marginais se igualarem.<\/p>\n<p>53. (CESPE\/Unb &#8211; Analista de Controle Externo &#8211; TCE\/AC \u2013 2009) &#8211; Como as empresas monopolistas fixam seus pre\u00e7os acima dos custos marginais, o n\u00edvel de produ\u00e7\u00e3o que maximiza os lucros situa-se na parte inel\u00e1stica da curva de demanda com a qual essas firmas se confrontam.<\/p>\n<p>54. (CESPE\/Unb &#8211; Analista Administrativo \u2013 ANAC \u2013 2012) &#8211; A curva de oferta do monopolista \u00e9 formada a partir de sua capacidade de influenciar o pre\u00e7o de mercado do bem.<\/p>\n<p>55. (CESPE\/Unb \u2013 Economista \u2013 Minist\u00e9rio das Comunica\u00e7\u00f5es \u2013 2013) &#8211; A longo prazo, a concorr\u00eancia monopol\u00edstica opera com excesso de capacidade.<\/p>\n<p>56. (CESPE\/Unb \u2013 Economista \u2013 Minist\u00e9rio das Comunica\u00e7\u00f5es \u2013 2013) &#8211; Na concorr\u00eancia monopol\u00edstica, as empresas maximizam o lucro igualando o pre\u00e7o ao custo marginal.<\/p>\n<p>57. (CESPE\/Unb \u2013 Economista \u2013 DPU \u2013 2010) &#8211; Empresas em mercados de concorr\u00eancia monopol\u00edstica tendem a ter lucros elevados no longo prazo devido \u00e0 caracter\u00edstica de livre entrada e, consequentemente, concorr\u00eancia de novas empresas.<\/p>\n<p>58. (CESPE\/Unb \u2013 Economista \u2013 DPU \u2013 2010) &#8211; Mercado em concorr\u00eancia monopol\u00edstica \u00e9 caracterizado pela livre entrada de empresas produzindo bens homog\u00eaneos.<\/p>\n<p>59. (CESPE\/Unb \u2013 Economista \u2013 Ipojuca \u2013 2009) &#8211; A estrutura de mercado caracterizada por oferecer produtos homog\u00eaneos, transpar\u00eancia de mercado e livre mobilidade \u00e9 denominada concorr\u00eancia monopolista.<\/p>\n<p>60. (CESPE\/Unb \u2013 Banco da Amaz\u00f4nica \u2013 2006) &#8211; Em mercados com concorr\u00eancia monopol\u00edstica, h\u00e1 heterogeneidade entre as caracter\u00edsticas f\u00edsicas dos bens.<\/p>\n<p>61. (CESPE\/Unb \u2013 Economista \u2013 Minist\u00e9rio da Justi\u00e7a \u2013 2013) &#8211; O conluio ou cartel \u00e9 um acordo entre empresas para estabelecer pre\u00e7os e quantidades que maximizem a soma de seus lucros.<\/p>\n<p>Suponha que no mercado de produ\u00e7\u00e3o de alum\u00ednio h\u00e1 dezenas de empresas, sendo que a maior delas produz uma fra\u00e7\u00e3o m\u00ednima do que seria a oferta total. Desta maneira os produtores seriam tomadores de pre\u00e7o. Considerando essas informa\u00e7\u00f5es e a possibilidade de substitui\u00e7\u00e3o de alum\u00ednio por cobre e vice-versa, para o uso industrial, julgue os itens subsecutivos.<\/p>\n<p>62. (CESPE\/Unb &#8211; Analista em Geoci\u00eancias \u2013 \u00c1rea Economia &#8211; CPRM \u2013 2013) &#8211; A estrutura de mercado \u00e9 de oligop\u00f3lio.<\/p>\n<p>63. (CESPE\/Unb \u2013 Economista \u2013 DPU \u2013 2010) &#8211; A pr\u00e1tica de discrimina\u00e7\u00e3o de pre\u00e7os em mercados imperfeitos normalmente leva a perdas sociais.<\/p>\n<p>64. (CESPE\/Unb \u2013 Banco da Amaz\u00f4nica \u2013 2006) &#8211; Em mercados oligopolistas, os produtos t\u00eam alta elasticidade-pre\u00e7o cruzada.<\/p>\n<p>65. (CESPE\/Unb \u2013 Economista \u2013 DPU \u2013 2010) &#8211; E pr\u00e1ticas de cart\u00e9is tendem a ser est\u00e1veis, pois os lucros sempre caem quando empresas individuais tendem a se comportar unilateralmente.<\/p>\n<p>Abs,<\/p>\n<\/div>\n<div>Heber Carvalho<\/div>\n","protected":false},"excerpt":{"rendered":"<p>Ol\u00e1 caros(as) amigos(as), &nbsp; UPDATE: a aula foi transferida para as 16:00hs. O aeroporto de Bras\u00edlia estava fechado hoje de manh\u00e3 (e eu estou indo de S\u00e3o Paulo para Bras\u00edlia ministrar a aula nos est\u00fadios do Estrat\u00e9gia) e isso ocasionou atrasos e cancelamentos em v\u00e1rios voos. Meu voo de 06:50 teve que voltar para S\u00e3o [&hellip;]<\/p>\n","protected":false},"author":13,"featured_media":0,"comment_status":"open","ping_status":"open","sticky":false,"template":"","format":"standard","meta":{"post_tipo":"article","footnotes":""},"categories":[1,1988],"tags":[504,500],"tax_estado":[],"class_list":["post-19873","post","type-post","status-publish","format-standard","hentry","category-cursos-e-concursos","category-policia","tag-economia","tag-policia-federal"],"acf":[],"yoast_head":"<!-- This site is optimized with the Yoast SEO Premium plugin v27.2 (Yoast SEO v27.2) - https:\/\/yoast.com\/product\/yoast-seo-premium-wordpress\/ -->\n<title>Aul\u00e3o de Economia ao vivo de Reta Final para a Pol\u00edcia Federal - Nesta quarta-feira, \u00e0s 16:00hs<\/title>\n<meta name=\"robots\" content=\"index, follow, max-snippet:-1, max-image-preview:large, max-video-preview:-1\" \/>\n<link rel=\"canonical\" href=\"https:\/\/www.estrategiaconcursos.com.br\/blog\/aulao-de-economia-ao-vivo-de-reta-final-para-policia-federal-nesta-quarta-feira-1500hs\/\" \/>\n<meta property=\"og:locale\" content=\"pt_BR\" \/>\n<meta property=\"og:type\" content=\"article\" \/>\n<meta property=\"og:title\" content=\"Aul\u00e3o de Economia ao vivo de Reta Final para a Pol\u00edcia Federal - Nesta quarta-feira, \u00e0s 16:00hs\" \/>\n<meta property=\"og:description\" content=\"Ol\u00e1 caros(as) amigos(as), &nbsp; UPDATE: a aula foi transferida para as 16:00hs. O aeroporto de Bras\u00edlia estava fechado hoje de manh\u00e3 (e eu estou indo de S\u00e3o Paulo para Bras\u00edlia ministrar a aula nos est\u00fadios do Estrat\u00e9gia) e isso ocasionou atrasos e cancelamentos em v\u00e1rios voos. Meu voo de 06:50 teve que voltar para S\u00e3o [&hellip;]\" \/>\n<meta property=\"og:url\" content=\"https:\/\/www.estrategiaconcursos.com.br\/blog\/aulao-de-economia-ao-vivo-de-reta-final-para-policia-federal-nesta-quarta-feira-1500hs\/\" \/>\n<meta property=\"og:site_name\" content=\"Estrat\u00e9gia Concursos\" \/>\n<meta property=\"article:author\" content=\"https:\/\/www.facebook.com\/heber.economia\" \/>\n<meta property=\"article:published_time\" content=\"2014-12-17T07:46:13+00:00\" \/>\n<meta property=\"article:modified_time\" content=\"2016-07-22T21:14:15+00:00\" \/>\n<meta name=\"author\" content=\"Heber Carvalho\" \/>\n<meta name=\"twitter:card\" content=\"summary_large_image\" \/>\n<meta name=\"twitter:creator\" content=\"@https:\/\/twitter.com\/EstratConcursos\" \/>\n<meta name=\"twitter:site\" content=\"@EstratConcursos\" \/>\n<meta name=\"twitter:label1\" content=\"Escrito por\" \/>\n\t<meta name=\"twitter:data1\" content=\"Heber Carvalho\" \/>\n\t<meta name=\"twitter:label2\" content=\"Est. tempo de leitura\" \/>\n\t<meta name=\"twitter:data2\" content=\"14 minutos\" \/>\n<script type=\"application\/ld+json\" class=\"yoast-schema-graph\">{\"@context\":\"https:\/\/schema.org\",\"@graph\":[{\"@type\":\"NewsArticle\",\"@id\":\"https:\/\/www.estrategiaconcursos.com.br\/blog\/aulao-de-economia-ao-vivo-de-reta-final-para-policia-federal-nesta-quarta-feira-1500hs\/#article\",\"isPartOf\":{\"@id\":\"https:\/\/www.estrategiaconcursos.com.br\/blog\/aulao-de-economia-ao-vivo-de-reta-final-para-policia-federal-nesta-quarta-feira-1500hs\/\"},\"author\":{\"name\":\"Heber Carvalho\",\"@id\":\"https:\/\/www.estrategiaconcursos.com.br\/blog\/#\/schema\/person\/555176e5fb81029706226eaf88b58f77\"},\"headline\":\"Aul\u00e3o de Economia ao vivo de Reta Final para a Pol\u00edcia Federal &#8211; Nesta quarta-feira, \u00e0s 16:00hs\",\"datePublished\":\"2014-12-17T07:46:13+00:00\",\"dateModified\":\"2016-07-22T21:14:15+00:00\",\"mainEntityOfPage\":{\"@id\":\"https:\/\/www.estrategiaconcursos.com.br\/blog\/aulao-de-economia-ao-vivo-de-reta-final-para-policia-federal-nesta-quarta-feira-1500hs\/\"},\"wordCount\":2858,\"commentCount\":0,\"publisher\":{\"@id\":\"https:\/\/www.estrategiaconcursos.com.br\/blog\/#organization\"},\"keywords\":[\"Economia\",\"Policia Federal\"],\"articleSection\":[\"Concursos P\u00fablicos\",\"Policial (Agente, Escriv\u00e3o e Investigador)\"],\"inLanguage\":\"pt-BR\",\"potentialAction\":[{\"@type\":\"CommentAction\",\"name\":\"Comment\",\"target\":[\"https:\/\/www.estrategiaconcursos.com.br\/blog\/aulao-de-economia-ao-vivo-de-reta-final-para-policia-federal-nesta-quarta-feira-1500hs\/#respond\"]}],\"copyrightYear\":\"2014\",\"copyrightHolder\":{\"@id\":\"https:\/\/www.estrategiaconcursos.com.br\/blog\/#organization\"}},{\"@type\":\"WebPage\",\"@id\":\"https:\/\/www.estrategiaconcursos.com.br\/blog\/aulao-de-economia-ao-vivo-de-reta-final-para-policia-federal-nesta-quarta-feira-1500hs\/\",\"url\":\"https:\/\/www.estrategiaconcursos.com.br\/blog\/aulao-de-economia-ao-vivo-de-reta-final-para-policia-federal-nesta-quarta-feira-1500hs\/\",\"name\":\"Aul\u00e3o de Economia ao vivo de Reta Final para a Pol\u00edcia Federal - Nesta quarta-feira, \u00e0s 16:00hs\",\"isPartOf\":{\"@id\":\"https:\/\/www.estrategiaconcursos.com.br\/blog\/#website\"},\"datePublished\":\"2014-12-17T07:46:13+00:00\",\"dateModified\":\"2016-07-22T21:14:15+00:00\",\"breadcrumb\":{\"@id\":\"https:\/\/www.estrategiaconcursos.com.br\/blog\/aulao-de-economia-ao-vivo-de-reta-final-para-policia-federal-nesta-quarta-feira-1500hs\/#breadcrumb\"},\"inLanguage\":\"pt-BR\",\"potentialAction\":[{\"@type\":\"ReadAction\",\"target\":[\"https:\/\/www.estrategiaconcursos.com.br\/blog\/aulao-de-economia-ao-vivo-de-reta-final-para-policia-federal-nesta-quarta-feira-1500hs\/\"]}]},{\"@type\":\"BreadcrumbList\",\"@id\":\"https:\/\/www.estrategiaconcursos.com.br\/blog\/aulao-de-economia-ao-vivo-de-reta-final-para-policia-federal-nesta-quarta-feira-1500hs\/#breadcrumb\",\"itemListElement\":[{\"@type\":\"ListItem\",\"position\":1,\"name\":\"In\u00edcio\",\"item\":\"https:\/\/www.estrategiaconcursos.com.br\/blog\/\"},{\"@type\":\"ListItem\",\"position\":2,\"name\":\"Aul\u00e3o de Economia ao vivo de Reta Final para a Pol\u00edcia Federal &#8211; Nesta quarta-feira, \u00e0s 16:00hs\"}]},{\"@type\":\"WebSite\",\"@id\":\"https:\/\/www.estrategiaconcursos.com.br\/blog\/#website\",\"url\":\"https:\/\/www.estrategiaconcursos.com.br\/blog\/\",\"name\":\"Estrat\u00e9gia Concursos\",\"description\":\"O blog da Estrat\u00e9gia Concursos traz not\u00edcias sobre concursos e artigos de professores oferecendo cursos para concursos (pdf + videaulas) no site.\",\"publisher\":{\"@id\":\"https:\/\/www.estrategiaconcursos.com.br\/blog\/#organization\"},\"potentialAction\":[{\"@type\":\"SearchAction\",\"target\":{\"@type\":\"EntryPoint\",\"urlTemplate\":\"https:\/\/www.estrategiaconcursos.com.br\/blog\/?s={search_term_string}\"},\"query-input\":{\"@type\":\"PropertyValueSpecification\",\"valueRequired\":true,\"valueName\":\"search_term_string\"}}],\"inLanguage\":\"pt-BR\"},{\"@type\":\"Organization\",\"@id\":\"https:\/\/www.estrategiaconcursos.com.br\/blog\/#organization\",\"name\":\"Estrat\u00e9gia Concursos\",\"url\":\"https:\/\/www.estrategiaconcursos.com.br\/blog\/\",\"logo\":{\"@type\":\"ImageObject\",\"inLanguage\":\"pt-BR\",\"@id\":\"https:\/\/www.estrategiaconcursos.com.br\/blog\/#\/schema\/logo\/image\/\",\"url\":\"https:\/\/dhg1h5j42swfq.cloudfront.net\/2025\/06\/03203428\/logo_concursos-1.jpg\",\"contentUrl\":\"https:\/\/dhg1h5j42swfq.cloudfront.net\/2025\/06\/03203428\/logo_concursos-1.jpg\",\"width\":230,\"height\":60,\"caption\":\"Estrat\u00e9gia Concursos\"},\"image\":{\"@id\":\"https:\/\/www.estrategiaconcursos.com.br\/blog\/#\/schema\/logo\/image\/\"},\"sameAs\":[\"https:\/\/x.com\/EstratConcursos\"]},{\"@type\":\"Person\",\"@id\":\"https:\/\/www.estrategiaconcursos.com.br\/blog\/#\/schema\/person\/555176e5fb81029706226eaf88b58f77\",\"name\":\"Heber Carvalho\",\"image\":{\"@type\":\"ImageObject\",\"inLanguage\":\"pt-BR\",\"@id\":\"https:\/\/secure.gravatar.com\/avatar\/7fb00f951b5b5ef6352d915a4dd32e75828f1e329e22967291a52e461270e40a?s=96&d=mm&r=g\",\"url\":\"https:\/\/secure.gravatar.com\/avatar\/7fb00f951b5b5ef6352d915a4dd32e75828f1e329e22967291a52e461270e40a?s=96&d=mm&r=g\",\"contentUrl\":\"https:\/\/secure.gravatar.com\/avatar\/7fb00f951b5b5ef6352d915a4dd32e75828f1e329e22967291a52e461270e40a?s=96&d=mm&r=g\",\"caption\":\"Heber Carvalho\"},\"sameAs\":[\"https:\/\/www.facebook.com\/heber.economia\",\"https:\/\/x.com\/https:\/\/twitter.com\/EstratConcursos\"],\"url\":\"https:\/\/www.estrategiaconcursos.com.br\/blog\/author\/hebercarvalhoestrategiaconcursos-com-br\/\"}]}<\/script>\n<!-- \/ Yoast SEO Premium plugin. -->","yoast_head_json":{"title":"Aul\u00e3o de Economia ao vivo de Reta Final para a Pol\u00edcia Federal - Nesta quarta-feira, \u00e0s 16:00hs","robots":{"index":"index","follow":"follow","max-snippet":"max-snippet:-1","max-image-preview":"max-image-preview:large","max-video-preview":"max-video-preview:-1"},"canonical":"https:\/\/www.estrategiaconcursos.com.br\/blog\/aulao-de-economia-ao-vivo-de-reta-final-para-policia-federal-nesta-quarta-feira-1500hs\/","og_locale":"pt_BR","og_type":"article","og_title":"Aul\u00e3o de Economia ao vivo de Reta Final para a Pol\u00edcia Federal - Nesta quarta-feira, \u00e0s 16:00hs","og_description":"Ol\u00e1 caros(as) amigos(as), &nbsp; UPDATE: a aula foi transferida para as 16:00hs. O aeroporto de Bras\u00edlia estava fechado hoje de manh\u00e3 (e eu estou indo de S\u00e3o Paulo para Bras\u00edlia ministrar a aula nos est\u00fadios do Estrat\u00e9gia) e isso ocasionou atrasos e cancelamentos em v\u00e1rios voos. Meu voo de 06:50 teve que voltar para S\u00e3o [&hellip;]","og_url":"https:\/\/www.estrategiaconcursos.com.br\/blog\/aulao-de-economia-ao-vivo-de-reta-final-para-policia-federal-nesta-quarta-feira-1500hs\/","og_site_name":"Estrat\u00e9gia Concursos","article_author":"https:\/\/www.facebook.com\/heber.economia","article_published_time":"2014-12-17T07:46:13+00:00","article_modified_time":"2016-07-22T21:14:15+00:00","author":"Heber Carvalho","twitter_card":"summary_large_image","twitter_creator":"@https:\/\/twitter.com\/EstratConcursos","twitter_site":"@EstratConcursos","twitter_misc":{"Escrito por":"Heber Carvalho","Est. tempo de leitura":"14 minutos"},"schema":{"@context":"https:\/\/schema.org","@graph":[{"@type":"NewsArticle","@id":"https:\/\/www.estrategiaconcursos.com.br\/blog\/aulao-de-economia-ao-vivo-de-reta-final-para-policia-federal-nesta-quarta-feira-1500hs\/#article","isPartOf":{"@id":"https:\/\/www.estrategiaconcursos.com.br\/blog\/aulao-de-economia-ao-vivo-de-reta-final-para-policia-federal-nesta-quarta-feira-1500hs\/"},"author":{"name":"Heber Carvalho","@id":"https:\/\/www.estrategiaconcursos.com.br\/blog\/#\/schema\/person\/555176e5fb81029706226eaf88b58f77"},"headline":"Aul\u00e3o de Economia ao vivo de Reta Final para a Pol\u00edcia Federal &#8211; Nesta quarta-feira, \u00e0s 16:00hs","datePublished":"2014-12-17T07:46:13+00:00","dateModified":"2016-07-22T21:14:15+00:00","mainEntityOfPage":{"@id":"https:\/\/www.estrategiaconcursos.com.br\/blog\/aulao-de-economia-ao-vivo-de-reta-final-para-policia-federal-nesta-quarta-feira-1500hs\/"},"wordCount":2858,"commentCount":0,"publisher":{"@id":"https:\/\/www.estrategiaconcursos.com.br\/blog\/#organization"},"keywords":["Economia","Policia Federal"],"articleSection":["Concursos P\u00fablicos","Policial (Agente, Escriv\u00e3o e Investigador)"],"inLanguage":"pt-BR","potentialAction":[{"@type":"CommentAction","name":"Comment","target":["https:\/\/www.estrategiaconcursos.com.br\/blog\/aulao-de-economia-ao-vivo-de-reta-final-para-policia-federal-nesta-quarta-feira-1500hs\/#respond"]}],"copyrightYear":"2014","copyrightHolder":{"@id":"https:\/\/www.estrategiaconcursos.com.br\/blog\/#organization"}},{"@type":"WebPage","@id":"https:\/\/www.estrategiaconcursos.com.br\/blog\/aulao-de-economia-ao-vivo-de-reta-final-para-policia-federal-nesta-quarta-feira-1500hs\/","url":"https:\/\/www.estrategiaconcursos.com.br\/blog\/aulao-de-economia-ao-vivo-de-reta-final-para-policia-federal-nesta-quarta-feira-1500hs\/","name":"Aul\u00e3o de Economia ao vivo de Reta Final para a Pol\u00edcia Federal - Nesta quarta-feira, \u00e0s 16:00hs","isPartOf":{"@id":"https:\/\/www.estrategiaconcursos.com.br\/blog\/#website"},"datePublished":"2014-12-17T07:46:13+00:00","dateModified":"2016-07-22T21:14:15+00:00","breadcrumb":{"@id":"https:\/\/www.estrategiaconcursos.com.br\/blog\/aulao-de-economia-ao-vivo-de-reta-final-para-policia-federal-nesta-quarta-feira-1500hs\/#breadcrumb"},"inLanguage":"pt-BR","potentialAction":[{"@type":"ReadAction","target":["https:\/\/www.estrategiaconcursos.com.br\/blog\/aulao-de-economia-ao-vivo-de-reta-final-para-policia-federal-nesta-quarta-feira-1500hs\/"]}]},{"@type":"BreadcrumbList","@id":"https:\/\/www.estrategiaconcursos.com.br\/blog\/aulao-de-economia-ao-vivo-de-reta-final-para-policia-federal-nesta-quarta-feira-1500hs\/#breadcrumb","itemListElement":[{"@type":"ListItem","position":1,"name":"In\u00edcio","item":"https:\/\/www.estrategiaconcursos.com.br\/blog\/"},{"@type":"ListItem","position":2,"name":"Aul\u00e3o de Economia ao vivo de Reta Final para a Pol\u00edcia Federal &#8211; Nesta quarta-feira, \u00e0s 16:00hs"}]},{"@type":"WebSite","@id":"https:\/\/www.estrategiaconcursos.com.br\/blog\/#website","url":"https:\/\/www.estrategiaconcursos.com.br\/blog\/","name":"Estrat\u00e9gia Concursos","description":"O blog da Estrat\u00e9gia Concursos traz not\u00edcias sobre concursos e artigos de professores oferecendo cursos para concursos (pdf + videaulas) no site.","publisher":{"@id":"https:\/\/www.estrategiaconcursos.com.br\/blog\/#organization"},"potentialAction":[{"@type":"SearchAction","target":{"@type":"EntryPoint","urlTemplate":"https:\/\/www.estrategiaconcursos.com.br\/blog\/?s={search_term_string}"},"query-input":{"@type":"PropertyValueSpecification","valueRequired":true,"valueName":"search_term_string"}}],"inLanguage":"pt-BR"},{"@type":"Organization","@id":"https:\/\/www.estrategiaconcursos.com.br\/blog\/#organization","name":"Estrat\u00e9gia Concursos","url":"https:\/\/www.estrategiaconcursos.com.br\/blog\/","logo":{"@type":"ImageObject","inLanguage":"pt-BR","@id":"https:\/\/www.estrategiaconcursos.com.br\/blog\/#\/schema\/logo\/image\/","url":"https:\/\/dhg1h5j42swfq.cloudfront.net\/2025\/06\/03203428\/logo_concursos-1.jpg","contentUrl":"https:\/\/dhg1h5j42swfq.cloudfront.net\/2025\/06\/03203428\/logo_concursos-1.jpg","width":230,"height":60,"caption":"Estrat\u00e9gia Concursos"},"image":{"@id":"https:\/\/www.estrategiaconcursos.com.br\/blog\/#\/schema\/logo\/image\/"},"sameAs":["https:\/\/x.com\/EstratConcursos"]},{"@type":"Person","@id":"https:\/\/www.estrategiaconcursos.com.br\/blog\/#\/schema\/person\/555176e5fb81029706226eaf88b58f77","name":"Heber Carvalho","image":{"@type":"ImageObject","inLanguage":"pt-BR","@id":"https:\/\/secure.gravatar.com\/avatar\/7fb00f951b5b5ef6352d915a4dd32e75828f1e329e22967291a52e461270e40a?s=96&d=mm&r=g","url":"https:\/\/secure.gravatar.com\/avatar\/7fb00f951b5b5ef6352d915a4dd32e75828f1e329e22967291a52e461270e40a?s=96&d=mm&r=g","contentUrl":"https:\/\/secure.gravatar.com\/avatar\/7fb00f951b5b5ef6352d915a4dd32e75828f1e329e22967291a52e461270e40a?s=96&d=mm&r=g","caption":"Heber Carvalho"},"sameAs":["https:\/\/www.facebook.com\/heber.economia","https:\/\/x.com\/https:\/\/twitter.com\/EstratConcursos"],"url":"https:\/\/www.estrategiaconcursos.com.br\/blog\/author\/hebercarvalhoestrategiaconcursos-com-br\/"}]}},"_links":{"self":[{"href":"https:\/\/www.estrategiaconcursos.com.br\/blog\/wp-json\/wp\/v2\/posts\/19873","targetHints":{"allow":["GET"]}}],"collection":[{"href":"https:\/\/www.estrategiaconcursos.com.br\/blog\/wp-json\/wp\/v2\/posts"}],"about":[{"href":"https:\/\/www.estrategiaconcursos.com.br\/blog\/wp-json\/wp\/v2\/types\/post"}],"author":[{"embeddable":true,"href":"https:\/\/www.estrategiaconcursos.com.br\/blog\/wp-json\/wp\/v2\/users\/13"}],"replies":[{"embeddable":true,"href":"https:\/\/www.estrategiaconcursos.com.br\/blog\/wp-json\/wp\/v2\/comments?post=19873"}],"version-history":[{"count":10,"href":"https:\/\/www.estrategiaconcursos.com.br\/blog\/wp-json\/wp\/v2\/posts\/19873\/revisions"}],"predecessor-version":[{"id":19964,"href":"https:\/\/www.estrategiaconcursos.com.br\/blog\/wp-json\/wp\/v2\/posts\/19873\/revisions\/19964"}],"wp:attachment":[{"href":"https:\/\/www.estrategiaconcursos.com.br\/blog\/wp-json\/wp\/v2\/media?parent=19873"}],"wp:term":[{"taxonomy":"category","embeddable":true,"href":"https:\/\/www.estrategiaconcursos.com.br\/blog\/wp-json\/wp\/v2\/categories?post=19873"},{"taxonomy":"post_tag","embeddable":true,"href":"https:\/\/www.estrategiaconcursos.com.br\/blog\/wp-json\/wp\/v2\/tags?post=19873"},{"taxonomy":"tax_estado","embeddable":true,"href":"https:\/\/www.estrategiaconcursos.com.br\/blog\/wp-json\/wp\/v2\/tax_estado?post=19873"}],"curies":[{"name":"wp","href":"https:\/\/api.w.org\/{rel}","templated":true}]}}