{"id":19856,"date":"2014-12-16T16:41:57","date_gmt":"2014-12-16T19:41:57","guid":{"rendered":"https:\/\/www.estrategiaconcursos.com.br\/blog\/?post_type=noticia&#038;p=19856"},"modified":"2021-05-22T11:51:53","modified_gmt":"2021-05-22T14:51:53","slug":"divulgados-as-provas-e-os-gabaritos-preliminares-do-concurso-do-ministerio-da-saudeinca","status":"publish","type":"post","link":"https:\/\/www.estrategiaconcursos.com.br\/blog\/divulgados-as-provas-e-os-gabaritos-preliminares-do-concurso-do-ministerio-da-saudeinca\/","title":{"rendered":"Divulgados as provas e os gabaritos preliminares do concurso do Minist\u00e9rio da Sa\u00fade\/INCA"},"content":{"rendered":"<p style=\"text-align: justify;\"><span style=\"color: #000000;\">Foram divulgados nesta ter\u00e7a-feira, 16, as provas e os gabaritos preliminares do concurso do Minist\u00e9rio da Sa\u00fade\/INCA. Os recursos poder\u00e3o ser interpostos nesta quarta-feira,17, e quinta-feira, 18, pelo site da <span style=\"color: #0000ff;\"><a style=\"color: #0000ff;\" href=\"http:\/\/ww5.funcab.org\/inicial.asp?id=272\">FUNCAB<\/a><\/span>.<\/span><\/p>\n<p style=\"text-align: justify;\"><span style=\"color: #000000;\">Confira os gabaritos em:<\/span><\/p>\n<p style=\"text-align: justify;\"><span style=\"color: #0000ff;\"><a style=\"color: #0000ff;\" href=\"http:\/\/ww5.funcab.org\/cargo_gabarito.asp?id=272&amp;titulo=GABARITO%20DA%20PROVA%20OBJETIVA\">http:\/\/ww5.funcab.org\/cargo_gabarito.asp?id=272&amp;titulo=GABARITO%20DA%20PROVA%20OBJETIVA<\/a>&#8211;<\/span><\/p>\n<p style=\"text-align: justify;\"><span style=\"color: #000000;\">Provas em:<\/span><\/p>\n<p style=\"text-align: justify;\"><span style=\"color: #0000ff;\"><a style=\"color: #0000ff;\" href=\"http:\/\/ww5.funcab.org\/inicial.asp?id=272\">http:\/\/ww5.funcab.org\/inicial.asp?id=272<\/a><\/span><\/p>\n<p style=\"text-align: justify;\"><span style=\"color: #000000;\"><strong>Concurso do Minist\u00e9rio da Sa\u00fade\/INCA<\/strong><\/span><\/p>\n<p style=\"text-align: justify;\"><span style=\"font-family: Arial; color: #000000; font-size: small;\">ara lota\u00e7\u00e3o no Minist\u00e9rio da Sa\u00fade em Bras\u00edlia-DF s\u00e3o 185 vagas para Tecnologistas de n\u00edvel superior, sendo 80 para a Secretaria de Aten\u00e7\u00e3o \u00e0 Sa\u00fade (SAS), 64 para a Secretaria de Ci\u00eancia, Tecnologia e Insumos Estrat\u00e9gicos (SCTIE) e 41 para a Secretaria de Vigil\u00e2ncia em Sa\u00fade (SVS). J\u00e1 no INCA-RJ s\u00e3o 25 vagas para Pesquisador, 276 para Tecnologista e 76 para Analista em Ci\u00eancia e Tecnologia, de n\u00edvel superior; e 32 vagas para Assistente em Ci\u00eancia e Tecnologia e 174 para T\u00e9cnico de n\u00edvel m\u00e9dio.<\/span><\/p>\n<p style=\"text-align: justify;\"><span style=\"font-family: Arial; color: #000000; font-size: small;\">As vagas est\u00e3o distribu\u00eddas entre \u00e1reas de atua\u00e7\u00e3o de Epidemiologia, Vigil\u00e2ncia em Sa\u00fade, Anatomia, Medicina, Fisioterapia, An\u00e1lise Cl\u00ednica, Hemoterapia, Informa\u00e7\u00e3o em Sa\u00fade, Controle de Qualidade, Enfermagem, Farm\u00e1cia, Pr\u00f3tese Dent\u00e1ria, Radiologia, Radioterapia, Tecnologia da Informa\u00e7\u00e3o, Administra\u00e7\u00e3o P\u00fablica, Engenharia, Administra\u00e7\u00e3o Hospitalar, Jornalismo, Publicidade e Propaganda, Rela\u00e7\u00f5es P\u00fablicas, Biologia, Pol\u00edtica Nacional de Controle do Tabaco, Nutri\u00e7\u00e3o, Programas de Sa\u00fade, Psicologia, Servi\u00e7o Social, F\u00edsica, Terapia Ocupacional, dentre outras. As remunera\u00e7\u00f5es variam entre&nbsp;R$3.239 e R$14.128,75, conforme a fun\u00e7\u00e3o pretendida e a qualifica\u00e7\u00e3o do candidato.<\/span><\/p>\n<p style=\"text-align: justify;\"><span style=\"color: #000000;\">O prazo de validade do Concurso do Minist\u00e9rio da Sa\u00fade\/INCA&nbsp;ser\u00e1 de 2 anos, podendo ser prorrogado uma \u00fanica vez pelo mesmo per\u00edodo, a crit\u00e9rio da administra\u00e7\u00e3o do Minist\u00e9rio da Sa\u00fade.<\/span><\/p>\n<p style=\"text-align: justify;\"><span style=\"color: #000000;\"><strong>Os professores do Estrat\u00e9gia Concursos comentar\u00e3o, em seus artigos, sobre possibilidades de recurso. Acompanhe em:<\/strong><\/span><\/p>\n<p style=\"text-align: justify;\"><span style=\"color: #0000ff;\"><a style=\"color: #0000ff;\" href=\"http:\/\/www.estrategiaconcursos.com.br\/blog\/\">http:\/\/www.estrategiaconcursos.com.br\/blog\/<\/a><\/span><\/p>\n<p style=\"text-align: justify;\"><span style=\"font-family: Arial; color: #000000; font-size: small;\">Assessoria de Comunica\u00e7\u00e3o<\/span><\/p>\n<p style=\"text-align: justify;\"><span style=\"font-family: Arial; color: #000000; font-size: small;\">comunicacao@estrategiaconcursos.com.br<\/span><\/p>\n","protected":false},"excerpt":{"rendered":"<p>Foram divulgados nesta ter\u00e7a-feira, 16, as provas e os gabaritos preliminares do concurso do Minist\u00e9rio da Sa\u00fade\/INCA. Os recursos poder\u00e3o ser interpostos nesta quarta-feira,17, e quinta-feira, 18, pelo site da FUNCAB. Confira os gabaritos em: http:\/\/ww5.funcab.org\/cargo_gabarito.asp?id=272&amp;titulo=GABARITO%20DA%20PROVA%20OBJETIVA&#8211; Provas em: http:\/\/ww5.funcab.org\/inicial.asp?id=272 Concurso do Minist\u00e9rio da Sa\u00fade\/INCA ara lota\u00e7\u00e3o no Minist\u00e9rio da Sa\u00fade em Bras\u00edlia-DF s\u00e3o 185 vagas [&hellip;]<\/p>\n","protected":false},"author":1,"featured_media":0,"comment_status":"closed","ping_status":"closed","sticky":false,"template":"","format":"standard","meta":{"post_tipo":"news","footnotes":""},"categories":[1981],"tags":[515],"tax_estado":[219963],"class_list":["post-19856","post","type-post","status-publish","format-standard","hentry","category-saude","tag-inca","tax_estado-concursos-federais"],"acf":[],"yoast_head":"<!-- This site is optimized with the Yoast SEO Premium plugin v27.2 (Yoast SEO v27.2) - https:\/\/yoast.com\/product\/yoast-seo-premium-wordpress\/ -->\n<title>Divulgados as provas e os gabaritos preliminares do concurso do Minist\u00e9rio da Sa\u00fade\/INCA<\/title>\n<meta name=\"description\" content=\"Foram divulgados nesta ter\u00e7a-feira, 16, as provas e os gabaritos preliminares do concurso do Minist\u00e9rio da Sa\u00fade\/INCA. Confira!\" \/>\n<meta name=\"robots\" content=\"index, follow, max-snippet:-1, max-image-preview:large, max-video-preview:-1\" \/>\n<link rel=\"canonical\" href=\"https:\/\/www.estrategiaconcursos.com.br\/blog\/divulgados-as-provas-e-os-gabaritos-preliminares-do-concurso-do-ministerio-da-saudeinca\/\" \/>\n<meta property=\"og:locale\" content=\"pt_BR\" \/>\n<meta property=\"og:type\" content=\"article\" \/>\n<meta property=\"og:title\" content=\"Divulgados as provas e os gabaritos preliminares do concurso do Minist\u00e9rio da Sa\u00fade\/INCA\" \/>\n<meta property=\"og:description\" content=\"Foram divulgados nesta ter\u00e7a-feira, 16, as provas e os gabaritos preliminares do concurso do Minist\u00e9rio da Sa\u00fade\/INCA. Confira!\" \/>\n<meta property=\"og:url\" content=\"https:\/\/www.estrategiaconcursos.com.br\/blog\/divulgados-as-provas-e-os-gabaritos-preliminares-do-concurso-do-ministerio-da-saudeinca\/\" \/>\n<meta property=\"og:site_name\" content=\"Estrat\u00e9gia Concursos\" \/>\n<meta property=\"article:author\" content=\"https:\/\/www.facebook.com\/EstrategiaConcursos\" \/>\n<meta property=\"article:published_time\" content=\"2014-12-16T19:41:57+00:00\" \/>\n<meta property=\"article:modified_time\" content=\"2021-05-22T14:51:53+00:00\" \/>\n<meta name=\"author\" content=\"Coordena\u00e7\u00e3o\" \/>\n<meta name=\"twitter:card\" content=\"summary_large_image\" \/>\n<meta name=\"twitter:creator\" content=\"@EstratConcursos\" \/>\n<meta name=\"twitter:site\" content=\"@EstratConcursos\" \/>\n<meta name=\"twitter:label1\" content=\"Escrito por\" \/>\n\t<meta name=\"twitter:data1\" content=\"Coordena\u00e7\u00e3o\" \/>\n\t<meta name=\"twitter:label2\" content=\"Est. tempo de leitura\" \/>\n\t<meta name=\"twitter:data2\" content=\"2 minutos\" \/>\n<script type=\"application\/ld+json\" class=\"yoast-schema-graph\">{\"@context\":\"https:\/\/schema.org\",\"@graph\":[{\"@type\":\"NewsArticle\",\"@id\":\"https:\/\/www.estrategiaconcursos.com.br\/blog\/divulgados-as-provas-e-os-gabaritos-preliminares-do-concurso-do-ministerio-da-saudeinca\/#article\",\"isPartOf\":{\"@id\":\"https:\/\/www.estrategiaconcursos.com.br\/blog\/divulgados-as-provas-e-os-gabaritos-preliminares-do-concurso-do-ministerio-da-saudeinca\/\"},\"author\":{\"name\":\"Coordena\u00e7\u00e3o\",\"@id\":\"https:\/\/www.estrategiaconcursos.com.br\/blog\/#\/schema\/person\/b4a388c97673c5f483d72185668afa1f\"},\"headline\":\"Divulgados as provas e os gabaritos preliminares do concurso do Minist\u00e9rio da Sa\u00fade\/INCA\",\"datePublished\":\"2014-12-16T19:41:57+00:00\",\"dateModified\":\"2021-05-22T14:51:53+00:00\",\"mainEntityOfPage\":{\"@id\":\"https:\/\/www.estrategiaconcursos.com.br\/blog\/divulgados-as-provas-e-os-gabaritos-preliminares-do-concurso-do-ministerio-da-saudeinca\/\"},\"wordCount\":356,\"publisher\":{\"@id\":\"https:\/\/www.estrategiaconcursos.com.br\/blog\/#organization\"},\"keywords\":[\"Inca\"],\"articleSection\":[\"Sa\u00fade\"],\"inLanguage\":\"pt-BR\",\"copyrightYear\":\"2014\",\"copyrightHolder\":{\"@id\":\"https:\/\/www.estrategiaconcursos.com.br\/blog\/#organization\"}},{\"@type\":\"WebPage\",\"@id\":\"https:\/\/www.estrategiaconcursos.com.br\/blog\/divulgados-as-provas-e-os-gabaritos-preliminares-do-concurso-do-ministerio-da-saudeinca\/\",\"url\":\"https:\/\/www.estrategiaconcursos.com.br\/blog\/divulgados-as-provas-e-os-gabaritos-preliminares-do-concurso-do-ministerio-da-saudeinca\/\",\"name\":\"Divulgados as provas e os gabaritos preliminares do concurso do Minist\u00e9rio da Sa\u00fade\/INCA\",\"isPartOf\":{\"@id\":\"https:\/\/www.estrategiaconcursos.com.br\/blog\/#website\"},\"datePublished\":\"2014-12-16T19:41:57+00:00\",\"dateModified\":\"2021-05-22T14:51:53+00:00\",\"description\":\"Foram divulgados nesta ter\u00e7a-feira, 16, as provas e os gabaritos preliminares do concurso do Minist\u00e9rio da Sa\u00fade\/INCA. Confira!\",\"breadcrumb\":{\"@id\":\"https:\/\/www.estrategiaconcursos.com.br\/blog\/divulgados-as-provas-e-os-gabaritos-preliminares-do-concurso-do-ministerio-da-saudeinca\/#breadcrumb\"},\"inLanguage\":\"pt-BR\",\"potentialAction\":[{\"@type\":\"ReadAction\",\"target\":[\"https:\/\/www.estrategiaconcursos.com.br\/blog\/divulgados-as-provas-e-os-gabaritos-preliminares-do-concurso-do-ministerio-da-saudeinca\/\"]}]},{\"@type\":\"BreadcrumbList\",\"@id\":\"https:\/\/www.estrategiaconcursos.com.br\/blog\/divulgados-as-provas-e-os-gabaritos-preliminares-do-concurso-do-ministerio-da-saudeinca\/#breadcrumb\",\"itemListElement\":[{\"@type\":\"ListItem\",\"position\":1,\"name\":\"In\u00edcio\",\"item\":\"https:\/\/www.estrategiaconcursos.com.br\/blog\/\"},{\"@type\":\"ListItem\",\"position\":2,\"name\":\"Divulgados as provas e os gabaritos preliminares do concurso do Minist\u00e9rio da Sa\u00fade\/INCA\"}]},{\"@type\":\"WebSite\",\"@id\":\"https:\/\/www.estrategiaconcursos.com.br\/blog\/#website\",\"url\":\"https:\/\/www.estrategiaconcursos.com.br\/blog\/\",\"name\":\"Estrat\u00e9gia Concursos\",\"description\":\"O blog da Estrat\u00e9gia Concursos traz not\u00edcias sobre concursos e artigos de professores oferecendo cursos para concursos (pdf + videaulas) no site.\",\"publisher\":{\"@id\":\"https:\/\/www.estrategiaconcursos.com.br\/blog\/#organization\"},\"potentialAction\":[{\"@type\":\"SearchAction\",\"target\":{\"@type\":\"EntryPoint\",\"urlTemplate\":\"https:\/\/www.estrategiaconcursos.com.br\/blog\/?s={search_term_string}\"},\"query-input\":{\"@type\":\"PropertyValueSpecification\",\"valueRequired\":true,\"valueName\":\"search_term_string\"}}],\"inLanguage\":\"pt-BR\"},{\"@type\":\"Organization\",\"@id\":\"https:\/\/www.estrategiaconcursos.com.br\/blog\/#organization\",\"name\":\"Estrat\u00e9gia Concursos\",\"url\":\"https:\/\/www.estrategiaconcursos.com.br\/blog\/\",\"logo\":{\"@type\":\"ImageObject\",\"inLanguage\":\"pt-BR\",\"@id\":\"https:\/\/www.estrategiaconcursos.com.br\/blog\/#\/schema\/logo\/image\/\",\"url\":\"https:\/\/dhg1h5j42swfq.cloudfront.net\/2025\/06\/03203428\/logo_concursos-1.jpg\",\"contentUrl\":\"https:\/\/dhg1h5j42swfq.cloudfront.net\/2025\/06\/03203428\/logo_concursos-1.jpg\",\"width\":230,\"height\":60,\"caption\":\"Estrat\u00e9gia Concursos\"},\"image\":{\"@id\":\"https:\/\/www.estrategiaconcursos.com.br\/blog\/#\/schema\/logo\/image\/\"},\"sameAs\":[\"https:\/\/x.com\/EstratConcursos\"]},{\"@type\":\"Person\",\"@id\":\"https:\/\/www.estrategiaconcursos.com.br\/blog\/#\/schema\/person\/b4a388c97673c5f483d72185668afa1f\",\"name\":\"Coordena\u00e7\u00e3o\",\"image\":{\"@type\":\"ImageObject\",\"inLanguage\":\"pt-BR\",\"@id\":\"https:\/\/secure.gravatar.com\/avatar\/b720319e4c9a967eb58678d110f4fe35452fc5d5f97b202bac7b8acceb18c6ad?s=96&d=mm&r=g\",\"url\":\"https:\/\/secure.gravatar.com\/avatar\/b720319e4c9a967eb58678d110f4fe35452fc5d5f97b202bac7b8acceb18c6ad?s=96&d=mm&r=g\",\"contentUrl\":\"https:\/\/secure.gravatar.com\/avatar\/b720319e4c9a967eb58678d110f4fe35452fc5d5f97b202bac7b8acceb18c6ad?s=96&d=mm&r=g\",\"caption\":\"Coordena\u00e7\u00e3o\"},\"sameAs\":[\"https:\/\/www.facebook.com\/EstrategiaConcursos\",\"https:\/\/x.com\/EstratConcursos\"],\"url\":\"https:\/\/www.estrategiaconcursos.com.br\/blog\/author\/estrategia2013\/\"}]}<\/script>\n<!-- \/ Yoast SEO Premium plugin. -->","yoast_head_json":{"title":"Divulgados as provas e os gabaritos preliminares do concurso do Minist\u00e9rio da Sa\u00fade\/INCA","description":"Foram divulgados nesta ter\u00e7a-feira, 16, as provas e os gabaritos preliminares do concurso do Minist\u00e9rio da Sa\u00fade\/INCA. Confira!","robots":{"index":"index","follow":"follow","max-snippet":"max-snippet:-1","max-image-preview":"max-image-preview:large","max-video-preview":"max-video-preview:-1"},"canonical":"https:\/\/www.estrategiaconcursos.com.br\/blog\/divulgados-as-provas-e-os-gabaritos-preliminares-do-concurso-do-ministerio-da-saudeinca\/","og_locale":"pt_BR","og_type":"article","og_title":"Divulgados as provas e os gabaritos preliminares do concurso do Minist\u00e9rio da Sa\u00fade\/INCA","og_description":"Foram divulgados nesta ter\u00e7a-feira, 16, as provas e os gabaritos preliminares do concurso do Minist\u00e9rio da Sa\u00fade\/INCA. Confira!","og_url":"https:\/\/www.estrategiaconcursos.com.br\/blog\/divulgados-as-provas-e-os-gabaritos-preliminares-do-concurso-do-ministerio-da-saudeinca\/","og_site_name":"Estrat\u00e9gia Concursos","article_author":"https:\/\/www.facebook.com\/EstrategiaConcursos","article_published_time":"2014-12-16T19:41:57+00:00","article_modified_time":"2021-05-22T14:51:53+00:00","author":"Coordena\u00e7\u00e3o","twitter_card":"summary_large_image","twitter_creator":"@EstratConcursos","twitter_site":"@EstratConcursos","twitter_misc":{"Escrito por":"Coordena\u00e7\u00e3o","Est. tempo de leitura":"2 minutos"},"schema":{"@context":"https:\/\/schema.org","@graph":[{"@type":"NewsArticle","@id":"https:\/\/www.estrategiaconcursos.com.br\/blog\/divulgados-as-provas-e-os-gabaritos-preliminares-do-concurso-do-ministerio-da-saudeinca\/#article","isPartOf":{"@id":"https:\/\/www.estrategiaconcursos.com.br\/blog\/divulgados-as-provas-e-os-gabaritos-preliminares-do-concurso-do-ministerio-da-saudeinca\/"},"author":{"name":"Coordena\u00e7\u00e3o","@id":"https:\/\/www.estrategiaconcursos.com.br\/blog\/#\/schema\/person\/b4a388c97673c5f483d72185668afa1f"},"headline":"Divulgados as provas e os gabaritos preliminares do concurso do Minist\u00e9rio da Sa\u00fade\/INCA","datePublished":"2014-12-16T19:41:57+00:00","dateModified":"2021-05-22T14:51:53+00:00","mainEntityOfPage":{"@id":"https:\/\/www.estrategiaconcursos.com.br\/blog\/divulgados-as-provas-e-os-gabaritos-preliminares-do-concurso-do-ministerio-da-saudeinca\/"},"wordCount":356,"publisher":{"@id":"https:\/\/www.estrategiaconcursos.com.br\/blog\/#organization"},"keywords":["Inca"],"articleSection":["Sa\u00fade"],"inLanguage":"pt-BR","copyrightYear":"2014","copyrightHolder":{"@id":"https:\/\/www.estrategiaconcursos.com.br\/blog\/#organization"}},{"@type":"WebPage","@id":"https:\/\/www.estrategiaconcursos.com.br\/blog\/divulgados-as-provas-e-os-gabaritos-preliminares-do-concurso-do-ministerio-da-saudeinca\/","url":"https:\/\/www.estrategiaconcursos.com.br\/blog\/divulgados-as-provas-e-os-gabaritos-preliminares-do-concurso-do-ministerio-da-saudeinca\/","name":"Divulgados as provas e os gabaritos preliminares do concurso do Minist\u00e9rio da Sa\u00fade\/INCA","isPartOf":{"@id":"https:\/\/www.estrategiaconcursos.com.br\/blog\/#website"},"datePublished":"2014-12-16T19:41:57+00:00","dateModified":"2021-05-22T14:51:53+00:00","description":"Foram divulgados nesta ter\u00e7a-feira, 16, as provas e os gabaritos preliminares do concurso do Minist\u00e9rio da Sa\u00fade\/INCA. Confira!","breadcrumb":{"@id":"https:\/\/www.estrategiaconcursos.com.br\/blog\/divulgados-as-provas-e-os-gabaritos-preliminares-do-concurso-do-ministerio-da-saudeinca\/#breadcrumb"},"inLanguage":"pt-BR","potentialAction":[{"@type":"ReadAction","target":["https:\/\/www.estrategiaconcursos.com.br\/blog\/divulgados-as-provas-e-os-gabaritos-preliminares-do-concurso-do-ministerio-da-saudeinca\/"]}]},{"@type":"BreadcrumbList","@id":"https:\/\/www.estrategiaconcursos.com.br\/blog\/divulgados-as-provas-e-os-gabaritos-preliminares-do-concurso-do-ministerio-da-saudeinca\/#breadcrumb","itemListElement":[{"@type":"ListItem","position":1,"name":"In\u00edcio","item":"https:\/\/www.estrategiaconcursos.com.br\/blog\/"},{"@type":"ListItem","position":2,"name":"Divulgados as provas e os gabaritos preliminares do concurso do Minist\u00e9rio da Sa\u00fade\/INCA"}]},{"@type":"WebSite","@id":"https:\/\/www.estrategiaconcursos.com.br\/blog\/#website","url":"https:\/\/www.estrategiaconcursos.com.br\/blog\/","name":"Estrat\u00e9gia Concursos","description":"O blog da Estrat\u00e9gia Concursos traz not\u00edcias sobre concursos e artigos de professores oferecendo cursos para concursos (pdf + videaulas) no site.","publisher":{"@id":"https:\/\/www.estrategiaconcursos.com.br\/blog\/#organization"},"potentialAction":[{"@type":"SearchAction","target":{"@type":"EntryPoint","urlTemplate":"https:\/\/www.estrategiaconcursos.com.br\/blog\/?s={search_term_string}"},"query-input":{"@type":"PropertyValueSpecification","valueRequired":true,"valueName":"search_term_string"}}],"inLanguage":"pt-BR"},{"@type":"Organization","@id":"https:\/\/www.estrategiaconcursos.com.br\/blog\/#organization","name":"Estrat\u00e9gia Concursos","url":"https:\/\/www.estrategiaconcursos.com.br\/blog\/","logo":{"@type":"ImageObject","inLanguage":"pt-BR","@id":"https:\/\/www.estrategiaconcursos.com.br\/blog\/#\/schema\/logo\/image\/","url":"https:\/\/dhg1h5j42swfq.cloudfront.net\/2025\/06\/03203428\/logo_concursos-1.jpg","contentUrl":"https:\/\/dhg1h5j42swfq.cloudfront.net\/2025\/06\/03203428\/logo_concursos-1.jpg","width":230,"height":60,"caption":"Estrat\u00e9gia Concursos"},"image":{"@id":"https:\/\/www.estrategiaconcursos.com.br\/blog\/#\/schema\/logo\/image\/"},"sameAs":["https:\/\/x.com\/EstratConcursos"]},{"@type":"Person","@id":"https:\/\/www.estrategiaconcursos.com.br\/blog\/#\/schema\/person\/b4a388c97673c5f483d72185668afa1f","name":"Coordena\u00e7\u00e3o","image":{"@type":"ImageObject","inLanguage":"pt-BR","@id":"https:\/\/secure.gravatar.com\/avatar\/b720319e4c9a967eb58678d110f4fe35452fc5d5f97b202bac7b8acceb18c6ad?s=96&d=mm&r=g","url":"https:\/\/secure.gravatar.com\/avatar\/b720319e4c9a967eb58678d110f4fe35452fc5d5f97b202bac7b8acceb18c6ad?s=96&d=mm&r=g","contentUrl":"https:\/\/secure.gravatar.com\/avatar\/b720319e4c9a967eb58678d110f4fe35452fc5d5f97b202bac7b8acceb18c6ad?s=96&d=mm&r=g","caption":"Coordena\u00e7\u00e3o"},"sameAs":["https:\/\/www.facebook.com\/EstrategiaConcursos","https:\/\/x.com\/EstratConcursos"],"url":"https:\/\/www.estrategiaconcursos.com.br\/blog\/author\/estrategia2013\/"}]}},"_links":{"self":[{"href":"https:\/\/www.estrategiaconcursos.com.br\/blog\/wp-json\/wp\/v2\/posts\/19856","targetHints":{"allow":["GET"]}}],"collection":[{"href":"https:\/\/www.estrategiaconcursos.com.br\/blog\/wp-json\/wp\/v2\/posts"}],"about":[{"href":"https:\/\/www.estrategiaconcursos.com.br\/blog\/wp-json\/wp\/v2\/types\/post"}],"author":[{"embeddable":true,"href":"https:\/\/www.estrategiaconcursos.com.br\/blog\/wp-json\/wp\/v2\/users\/1"}],"replies":[{"embeddable":true,"href":"https:\/\/www.estrategiaconcursos.com.br\/blog\/wp-json\/wp\/v2\/comments?post=19856"}],"version-history":[{"count":2,"href":"https:\/\/www.estrategiaconcursos.com.br\/blog\/wp-json\/wp\/v2\/posts\/19856\/revisions"}],"predecessor-version":[{"id":748107,"href":"https:\/\/www.estrategiaconcursos.com.br\/blog\/wp-json\/wp\/v2\/posts\/19856\/revisions\/748107"}],"wp:attachment":[{"href":"https:\/\/www.estrategiaconcursos.com.br\/blog\/wp-json\/wp\/v2\/media?parent=19856"}],"wp:term":[{"taxonomy":"category","embeddable":true,"href":"https:\/\/www.estrategiaconcursos.com.br\/blog\/wp-json\/wp\/v2\/categories?post=19856"},{"taxonomy":"post_tag","embeddable":true,"href":"https:\/\/www.estrategiaconcursos.com.br\/blog\/wp-json\/wp\/v2\/tags?post=19856"},{"taxonomy":"tax_estado","embeddable":true,"href":"https:\/\/www.estrategiaconcursos.com.br\/blog\/wp-json\/wp\/v2\/tax_estado?post=19856"}],"curies":[{"name":"wp","href":"https:\/\/api.w.org\/{rel}","templated":true}]}}