{"id":19729,"date":"2014-12-11T16:26:26","date_gmt":"2014-12-11T19:26:26","guid":{"rendered":"https:\/\/www.estrategiaconcursos.com.br\/blog\/?post_type=noticia&#038;p=19729"},"modified":"2016-03-12T14:44:28","modified_gmt":"2016-03-12T17:44:28","slug":"camara-dos-deputados-autorizado-concurso-para-2015-para-os-cargos-de-analista-e-tecnico","status":"publish","type":"post","link":"https:\/\/www.estrategiaconcursos.com.br\/blog\/camara-dos-deputados-autorizado-concurso-para-2015-para-os-cargos-de-analista-e-tecnico\/","title":{"rendered":"C\u00e2mara dos Deputados: confirmado concurso em 2015 para os cargos de analista e t\u00e9cnico"},"content":{"rendered":"<p style=\"text-align: justify;\"><span style=\"color: #000000;\"><a href=\"https:\/\/dhg1h5j42swfq.cloudfront.net\/2014\/12\/camara-dos-deputados.jpg\"><img loading=\"lazy\" decoding=\"async\" class=\"alignleft wp-image-19733 size-medium\" src=\"https:\/\/dhg1h5j42swfq.cloudfront.net\/2014\/12\/camara-dos-deputados-300x199.jpg\" alt=\"c\u00e2mara dos deputados\" width=\"300\" height=\"199\" srcset=\"https:\/\/dhg1h5j42swfq.cloudfront.net\/2014\/12\/camara-dos-deputados.jpg 300w, https:\/\/dhg1h5j42swfq.cloudfront.net\/2014\/12\/camara-dos-deputados.jpg 450w, https:\/\/dhg1h5j42swfq.cloudfront.net\/2014\/12\/camara-dos-deputados.jpg 700w\" sizes=\"auto, (max-width: 300px) 100vw, 300px\" \/><\/a>Foi autorizada pela Mesa Diretora da C\u00e2mara dos Deputados a realiza\u00e7\u00e3o de concurso p\u00fablico em 2015 para os cargos de t\u00e9cnico e analista legislativo. A expectativa \u00e9 que o edital seja publicado a partir de fevereiro.<\/span><\/p>\n<p style=\"text-align: justify;\"><span style=\"color: #000000;\">De acordo com\u00a0ato 149, realizado na \u00faltima ter\u00e7a-feira, 09, para analista legislativo haver\u00e1 vagas para t\u00e9cnicos em documenta\u00e7\u00e3o e informa\u00e7\u00e3o legislativa, t\u00e9cnico em material e patrim\u00f4nio, assistente social, e analista de inform\u00e1tica legislativa. Para este, a remunera\u00e7\u00e3o inicial \u00e9\u00a0de R$ 17.684,43.<\/span><\/p>\n<p style=\"text-align: justify;\"><span style=\"color: #000000;\">J\u00e1 para o cargo de t\u00e9cnico legislativo, com remunera\u00e7\u00e3o inicial de R$ 11.545,65, a \u00e1rea ser\u00e1 de assist\u00eancia administrativa.<\/span><\/p>\n<p style=\"text-align: justify;\"><span style=\"color: #000000;\">O \u00faltimo concurso da C\u00e2mara dos Deputados aconteceu em agosto deste ano e ofereceu\u00a053 vagas para o cargo de analista legislativo nas fun\u00e7\u00f5es de consultor de or\u00e7amento e fiscaliza\u00e7\u00e3o financeira, consultor legislativo, que exige n\u00edvel superior; e\u00a0 60 oportunidades\u00a0para t\u00e9cnico legislativo,\u00a0na fun\u00e7\u00e3o de agente de pol\u00edcia legislativa, que exige n\u00edvel m\u00e9dio. Os salarios\u00a0variavam de R$ 12.286,61 a R$ 25,125,39.<\/span><\/p>\n<p style=\"text-align: justify;\"><span style=\"color: #000000;\">Os mais de 51 mil inscritos foram avaliados por meio de provas objetiva e discursiva,\u00a0avalia\u00e7\u00e3o de t\u00edtulos (apenas para n\u00edvel superior) e prova de aptid\u00e3o f\u00edsica (somente para candidatos ao cargo de n\u00edvel m\u00e9dio<\/span>).<\/p>\n<p style=\"text-align: justify;\"><span style=\"color: #000000;\"><strong>O Estrat\u00e9gia Concursos j\u00e1 lan\u00e7ou cursos para o concurso da C\u00e2mara dos Deputados 2015. Confira em:<\/strong><\/span><\/p>\n<p style=\"text-align: justify;\"><span style=\"color: #000000;\">Analista:<\/span><\/p>\n<p><span style=\"color: #0000ff;\"><a style=\"color: #0000ff;\" href=\"https:\/\/www.estrategiaconcursos.com.br\/cursosPorConcurso\/camara-dos-deputados-exceto-tecnico-legislativo-57\/\">https:\/\/www.estrategiaconcursos.com.br\/cursosPorConcurso\/camara-dos-deputados-exceto-tecnico-legislativo-57\/<\/a><\/span><\/p>\n<p><span style=\"color: #000000;\">T\u00e9cnico:<\/span><\/p>\n<p><span style=\"color: #0000ff;\"><a style=\"color: #0000ff;\" href=\"https:\/\/www.estrategiaconcursos.com.br\/cursosPorConcurso\/camara-dos-deputados-tecnico-legislativo-322\/\">https:\/\/www.estrategiaconcursos.com.br\/cursosPorConcurso\/camara-dos-deputados-tecnico-legislativo-322\/<\/a><\/span><\/p>\n<p><span style=\"color: #000000;\">Assessoria de Comunica\u00e7\u00e3o<\/span><\/p>\n<p><span style=\"color: #000000;\">comunicacao@estrategiaconcursos.com.br<\/span><\/p>\n","protected":false},"excerpt":{"rendered":"<p>Foi autorizada pela Mesa Diretora da C\u00e2mara dos Deputados a realiza\u00e7\u00e3o de concurso p\u00fablico em 2015 para os cargos de t\u00e9cnico e analista legislativo. A expectativa \u00e9 que o edital seja publicado a partir de fevereiro. De acordo com\u00a0ato 149, realizado na \u00faltima ter\u00e7a-feira, 09, para analista legislativo haver\u00e1 vagas para t\u00e9cnicos em documenta\u00e7\u00e3o e [&hellip;]<\/p>\n","protected":false},"author":1,"featured_media":0,"comment_status":"closed","ping_status":"closed","sticky":false,"template":"","format":"standard","meta":{"post_tipo":"news","footnotes":""},"categories":[1],"tags":[519,1434],"tax_estado":[],"class_list":["post-19729","post","type-post","status-publish","format-standard","hentry","category-cursos-e-concursos","tag-camara-dos-deputados","tag-concurso-camara"],"acf":[],"yoast_head":"<!-- This site is optimized with the Yoast SEO Premium plugin v27.2 (Yoast SEO v27.2) - https:\/\/yoast.com\/product\/yoast-seo-premium-wordpress\/ -->\n<title>C\u00e2mara dos Deputados: confirmado concurso em 2015 para os cargos de analista e t\u00e9cnico<\/title>\n<meta name=\"description\" content=\"Confirmado concurso da C\u00e2mara dos Deputados em 2015 para os cargos de analista e t\u00e9cnico. Saiba mais!\" \/>\n<meta name=\"robots\" content=\"index, follow, max-snippet:-1, max-image-preview:large, max-video-preview:-1\" \/>\n<link rel=\"canonical\" href=\"https:\/\/www.estrategiaconcursos.com.br\/blog\/camara-dos-deputados-autorizado-concurso-para-2015-para-os-cargos-de-analista-e-tecnico\/\" \/>\n<meta property=\"og:locale\" content=\"pt_BR\" \/>\n<meta property=\"og:type\" content=\"article\" \/>\n<meta property=\"og:title\" content=\"C\u00e2mara dos Deputados: confirmado concurso em 2015 para os cargos de analista e t\u00e9cnico\" \/>\n<meta property=\"og:description\" content=\"Confirmado concurso da C\u00e2mara dos Deputados em 2015 para os cargos de analista e t\u00e9cnico. Saiba mais!\" \/>\n<meta property=\"og:url\" content=\"https:\/\/www.estrategiaconcursos.com.br\/blog\/camara-dos-deputados-autorizado-concurso-para-2015-para-os-cargos-de-analista-e-tecnico\/\" \/>\n<meta property=\"og:site_name\" content=\"Estrat\u00e9gia Concursos\" \/>\n<meta property=\"article:author\" content=\"https:\/\/www.facebook.com\/EstrategiaConcursos\" \/>\n<meta property=\"article:published_time\" content=\"2014-12-11T19:26:26+00:00\" \/>\n<meta property=\"article:modified_time\" content=\"2016-03-12T17:44:28+00:00\" \/>\n<meta property=\"og:image\" content=\"https:\/\/dhg1h5j42swfq.cloudfront.net\/2014\/12\/camara-dos-deputados-300x199.jpg\" \/>\n<meta name=\"author\" content=\"Coordena\u00e7\u00e3o\" \/>\n<meta name=\"twitter:card\" content=\"summary_large_image\" \/>\n<meta name=\"twitter:creator\" content=\"@EstratConcursos\" \/>\n<meta name=\"twitter:site\" content=\"@EstratConcursos\" \/>\n<meta name=\"twitter:label1\" content=\"Escrito por\" \/>\n\t<meta name=\"twitter:data1\" content=\"Coordena\u00e7\u00e3o\" \/>\n\t<meta name=\"twitter:label2\" content=\"Est. tempo de leitura\" \/>\n\t<meta name=\"twitter:data2\" content=\"1 minuto\" \/>\n<script type=\"application\/ld+json\" class=\"yoast-schema-graph\">{\"@context\":\"https:\/\/schema.org\",\"@graph\":[{\"@type\":\"NewsArticle\",\"@id\":\"https:\/\/www.estrategiaconcursos.com.br\/blog\/camara-dos-deputados-autorizado-concurso-para-2015-para-os-cargos-de-analista-e-tecnico\/#article\",\"isPartOf\":{\"@id\":\"https:\/\/www.estrategiaconcursos.com.br\/blog\/camara-dos-deputados-autorizado-concurso-para-2015-para-os-cargos-de-analista-e-tecnico\/\"},\"author\":{\"name\":\"Coordena\u00e7\u00e3o\",\"@id\":\"https:\/\/www.estrategiaconcursos.com.br\/blog\/#\/schema\/person\/b4a388c97673c5f483d72185668afa1f\"},\"headline\":\"C\u00e2mara dos Deputados: confirmado concurso em 2015 para os cargos de analista e t\u00e9cnico\",\"datePublished\":\"2014-12-11T19:26:26+00:00\",\"dateModified\":\"2016-03-12T17:44:28+00:00\",\"mainEntityOfPage\":{\"@id\":\"https:\/\/www.estrategiaconcursos.com.br\/blog\/camara-dos-deputados-autorizado-concurso-para-2015-para-os-cargos-de-analista-e-tecnico\/\"},\"wordCount\":274,\"publisher\":{\"@id\":\"https:\/\/www.estrategiaconcursos.com.br\/blog\/#organization\"},\"image\":{\"@id\":\"https:\/\/www.estrategiaconcursos.com.br\/blog\/camara-dos-deputados-autorizado-concurso-para-2015-para-os-cargos-de-analista-e-tecnico\/#primaryimage\"},\"thumbnailUrl\":\"https:\/\/dhg1h5j42swfq.cloudfront.net\/2014\/12\/camara-dos-deputados-300x199.jpg\",\"keywords\":[\"C\u00e2mara dos Deputados\",\"concurso c\u00e2mara\"],\"articleSection\":[\"Concursos P\u00fablicos\"],\"inLanguage\":\"pt-BR\",\"copyrightYear\":\"2014\",\"copyrightHolder\":{\"@id\":\"https:\/\/www.estrategiaconcursos.com.br\/blog\/#organization\"}},{\"@type\":\"WebPage\",\"@id\":\"https:\/\/www.estrategiaconcursos.com.br\/blog\/camara-dos-deputados-autorizado-concurso-para-2015-para-os-cargos-de-analista-e-tecnico\/\",\"url\":\"https:\/\/www.estrategiaconcursos.com.br\/blog\/camara-dos-deputados-autorizado-concurso-para-2015-para-os-cargos-de-analista-e-tecnico\/\",\"name\":\"C\u00e2mara dos Deputados: confirmado concurso em 2015 para os cargos de analista e t\u00e9cnico\",\"isPartOf\":{\"@id\":\"https:\/\/www.estrategiaconcursos.com.br\/blog\/#website\"},\"primaryImageOfPage\":{\"@id\":\"https:\/\/www.estrategiaconcursos.com.br\/blog\/camara-dos-deputados-autorizado-concurso-para-2015-para-os-cargos-de-analista-e-tecnico\/#primaryimage\"},\"image\":{\"@id\":\"https:\/\/www.estrategiaconcursos.com.br\/blog\/camara-dos-deputados-autorizado-concurso-para-2015-para-os-cargos-de-analista-e-tecnico\/#primaryimage\"},\"thumbnailUrl\":\"https:\/\/dhg1h5j42swfq.cloudfront.net\/2014\/12\/camara-dos-deputados-300x199.jpg\",\"datePublished\":\"2014-12-11T19:26:26+00:00\",\"dateModified\":\"2016-03-12T17:44:28+00:00\",\"description\":\"Confirmado concurso da C\u00e2mara dos Deputados em 2015 para os cargos de analista e t\u00e9cnico. Saiba mais!\",\"breadcrumb\":{\"@id\":\"https:\/\/www.estrategiaconcursos.com.br\/blog\/camara-dos-deputados-autorizado-concurso-para-2015-para-os-cargos-de-analista-e-tecnico\/#breadcrumb\"},\"inLanguage\":\"pt-BR\",\"potentialAction\":[{\"@type\":\"ReadAction\",\"target\":[\"https:\/\/www.estrategiaconcursos.com.br\/blog\/camara-dos-deputados-autorizado-concurso-para-2015-para-os-cargos-de-analista-e-tecnico\/\"]}]},{\"@type\":\"ImageObject\",\"inLanguage\":\"pt-BR\",\"@id\":\"https:\/\/www.estrategiaconcursos.com.br\/blog\/camara-dos-deputados-autorizado-concurso-para-2015-para-os-cargos-de-analista-e-tecnico\/#primaryimage\",\"url\":\"https:\/\/dhg1h5j42swfq.cloudfront.net\/2014\/12\/camara-dos-deputados-300x199.jpg\",\"contentUrl\":\"https:\/\/dhg1h5j42swfq.cloudfront.net\/2014\/12\/camara-dos-deputados-300x199.jpg\"},{\"@type\":\"BreadcrumbList\",\"@id\":\"https:\/\/www.estrategiaconcursos.com.br\/blog\/camara-dos-deputados-autorizado-concurso-para-2015-para-os-cargos-de-analista-e-tecnico\/#breadcrumb\",\"itemListElement\":[{\"@type\":\"ListItem\",\"position\":1,\"name\":\"In\u00edcio\",\"item\":\"https:\/\/www.estrategiaconcursos.com.br\/blog\/\"},{\"@type\":\"ListItem\",\"position\":2,\"name\":\"C\u00e2mara dos Deputados: confirmado concurso em 2015 para os cargos de analista e t\u00e9cnico\"}]},{\"@type\":\"WebSite\",\"@id\":\"https:\/\/www.estrategiaconcursos.com.br\/blog\/#website\",\"url\":\"https:\/\/www.estrategiaconcursos.com.br\/blog\/\",\"name\":\"Estrat\u00e9gia Concursos\",\"description\":\"O blog da Estrat\u00e9gia Concursos traz not\u00edcias sobre concursos e artigos de professores oferecendo cursos para concursos (pdf + videaulas) no site.\",\"publisher\":{\"@id\":\"https:\/\/www.estrategiaconcursos.com.br\/blog\/#organization\"},\"potentialAction\":[{\"@type\":\"SearchAction\",\"target\":{\"@type\":\"EntryPoint\",\"urlTemplate\":\"https:\/\/www.estrategiaconcursos.com.br\/blog\/?s={search_term_string}\"},\"query-input\":{\"@type\":\"PropertyValueSpecification\",\"valueRequired\":true,\"valueName\":\"search_term_string\"}}],\"inLanguage\":\"pt-BR\"},{\"@type\":\"Organization\",\"@id\":\"https:\/\/www.estrategiaconcursos.com.br\/blog\/#organization\",\"name\":\"Estrat\u00e9gia Concursos\",\"url\":\"https:\/\/www.estrategiaconcursos.com.br\/blog\/\",\"logo\":{\"@type\":\"ImageObject\",\"inLanguage\":\"pt-BR\",\"@id\":\"https:\/\/www.estrategiaconcursos.com.br\/blog\/#\/schema\/logo\/image\/\",\"url\":\"https:\/\/dhg1h5j42swfq.cloudfront.net\/2025\/06\/03203428\/logo_concursos-1.jpg\",\"contentUrl\":\"https:\/\/dhg1h5j42swfq.cloudfront.net\/2025\/06\/03203428\/logo_concursos-1.jpg\",\"width\":230,\"height\":60,\"caption\":\"Estrat\u00e9gia Concursos\"},\"image\":{\"@id\":\"https:\/\/www.estrategiaconcursos.com.br\/blog\/#\/schema\/logo\/image\/\"},\"sameAs\":[\"https:\/\/x.com\/EstratConcursos\"]},{\"@type\":\"Person\",\"@id\":\"https:\/\/www.estrategiaconcursos.com.br\/blog\/#\/schema\/person\/b4a388c97673c5f483d72185668afa1f\",\"name\":\"Coordena\u00e7\u00e3o\",\"image\":{\"@type\":\"ImageObject\",\"inLanguage\":\"pt-BR\",\"@id\":\"https:\/\/secure.gravatar.com\/avatar\/b720319e4c9a967eb58678d110f4fe35452fc5d5f97b202bac7b8acceb18c6ad?s=96&d=mm&r=g\",\"url\":\"https:\/\/secure.gravatar.com\/avatar\/b720319e4c9a967eb58678d110f4fe35452fc5d5f97b202bac7b8acceb18c6ad?s=96&d=mm&r=g\",\"contentUrl\":\"https:\/\/secure.gravatar.com\/avatar\/b720319e4c9a967eb58678d110f4fe35452fc5d5f97b202bac7b8acceb18c6ad?s=96&d=mm&r=g\",\"caption\":\"Coordena\u00e7\u00e3o\"},\"sameAs\":[\"https:\/\/www.facebook.com\/EstrategiaConcursos\",\"https:\/\/x.com\/EstratConcursos\"],\"url\":\"https:\/\/www.estrategiaconcursos.com.br\/blog\/author\/estrategia2013\/\"}]}<\/script>\n<!-- \/ Yoast SEO Premium plugin. -->","yoast_head_json":{"title":"C\u00e2mara dos Deputados: confirmado concurso em 2015 para os cargos de analista e t\u00e9cnico","description":"Confirmado concurso da C\u00e2mara dos Deputados em 2015 para os cargos de analista e t\u00e9cnico. Saiba mais!","robots":{"index":"index","follow":"follow","max-snippet":"max-snippet:-1","max-image-preview":"max-image-preview:large","max-video-preview":"max-video-preview:-1"},"canonical":"https:\/\/www.estrategiaconcursos.com.br\/blog\/camara-dos-deputados-autorizado-concurso-para-2015-para-os-cargos-de-analista-e-tecnico\/","og_locale":"pt_BR","og_type":"article","og_title":"C\u00e2mara dos Deputados: confirmado concurso em 2015 para os cargos de analista e t\u00e9cnico","og_description":"Confirmado concurso da C\u00e2mara dos Deputados em 2015 para os cargos de analista e t\u00e9cnico. Saiba mais!","og_url":"https:\/\/www.estrategiaconcursos.com.br\/blog\/camara-dos-deputados-autorizado-concurso-para-2015-para-os-cargos-de-analista-e-tecnico\/","og_site_name":"Estrat\u00e9gia Concursos","article_author":"https:\/\/www.facebook.com\/EstrategiaConcursos","article_published_time":"2014-12-11T19:26:26+00:00","article_modified_time":"2016-03-12T17:44:28+00:00","og_image":[{"url":"https:\/\/dhg1h5j42swfq.cloudfront.net\/2014\/12\/camara-dos-deputados-300x199.jpg","type":"","width":"","height":""}],"author":"Coordena\u00e7\u00e3o","twitter_card":"summary_large_image","twitter_creator":"@EstratConcursos","twitter_site":"@EstratConcursos","twitter_misc":{"Escrito por":"Coordena\u00e7\u00e3o","Est. tempo de leitura":"1 minuto"},"schema":{"@context":"https:\/\/schema.org","@graph":[{"@type":"NewsArticle","@id":"https:\/\/www.estrategiaconcursos.com.br\/blog\/camara-dos-deputados-autorizado-concurso-para-2015-para-os-cargos-de-analista-e-tecnico\/#article","isPartOf":{"@id":"https:\/\/www.estrategiaconcursos.com.br\/blog\/camara-dos-deputados-autorizado-concurso-para-2015-para-os-cargos-de-analista-e-tecnico\/"},"author":{"name":"Coordena\u00e7\u00e3o","@id":"https:\/\/www.estrategiaconcursos.com.br\/blog\/#\/schema\/person\/b4a388c97673c5f483d72185668afa1f"},"headline":"C\u00e2mara dos Deputados: confirmado concurso em 2015 para os cargos de analista e t\u00e9cnico","datePublished":"2014-12-11T19:26:26+00:00","dateModified":"2016-03-12T17:44:28+00:00","mainEntityOfPage":{"@id":"https:\/\/www.estrategiaconcursos.com.br\/blog\/camara-dos-deputados-autorizado-concurso-para-2015-para-os-cargos-de-analista-e-tecnico\/"},"wordCount":274,"publisher":{"@id":"https:\/\/www.estrategiaconcursos.com.br\/blog\/#organization"},"image":{"@id":"https:\/\/www.estrategiaconcursos.com.br\/blog\/camara-dos-deputados-autorizado-concurso-para-2015-para-os-cargos-de-analista-e-tecnico\/#primaryimage"},"thumbnailUrl":"https:\/\/dhg1h5j42swfq.cloudfront.net\/2014\/12\/camara-dos-deputados-300x199.jpg","keywords":["C\u00e2mara dos Deputados","concurso c\u00e2mara"],"articleSection":["Concursos P\u00fablicos"],"inLanguage":"pt-BR","copyrightYear":"2014","copyrightHolder":{"@id":"https:\/\/www.estrategiaconcursos.com.br\/blog\/#organization"}},{"@type":"WebPage","@id":"https:\/\/www.estrategiaconcursos.com.br\/blog\/camara-dos-deputados-autorizado-concurso-para-2015-para-os-cargos-de-analista-e-tecnico\/","url":"https:\/\/www.estrategiaconcursos.com.br\/blog\/camara-dos-deputados-autorizado-concurso-para-2015-para-os-cargos-de-analista-e-tecnico\/","name":"C\u00e2mara dos Deputados: confirmado concurso em 2015 para os cargos de analista e t\u00e9cnico","isPartOf":{"@id":"https:\/\/www.estrategiaconcursos.com.br\/blog\/#website"},"primaryImageOfPage":{"@id":"https:\/\/www.estrategiaconcursos.com.br\/blog\/camara-dos-deputados-autorizado-concurso-para-2015-para-os-cargos-de-analista-e-tecnico\/#primaryimage"},"image":{"@id":"https:\/\/www.estrategiaconcursos.com.br\/blog\/camara-dos-deputados-autorizado-concurso-para-2015-para-os-cargos-de-analista-e-tecnico\/#primaryimage"},"thumbnailUrl":"https:\/\/dhg1h5j42swfq.cloudfront.net\/2014\/12\/camara-dos-deputados-300x199.jpg","datePublished":"2014-12-11T19:26:26+00:00","dateModified":"2016-03-12T17:44:28+00:00","description":"Confirmado concurso da C\u00e2mara dos Deputados em 2015 para os cargos de analista e t\u00e9cnico. Saiba mais!","breadcrumb":{"@id":"https:\/\/www.estrategiaconcursos.com.br\/blog\/camara-dos-deputados-autorizado-concurso-para-2015-para-os-cargos-de-analista-e-tecnico\/#breadcrumb"},"inLanguage":"pt-BR","potentialAction":[{"@type":"ReadAction","target":["https:\/\/www.estrategiaconcursos.com.br\/blog\/camara-dos-deputados-autorizado-concurso-para-2015-para-os-cargos-de-analista-e-tecnico\/"]}]},{"@type":"ImageObject","inLanguage":"pt-BR","@id":"https:\/\/www.estrategiaconcursos.com.br\/blog\/camara-dos-deputados-autorizado-concurso-para-2015-para-os-cargos-de-analista-e-tecnico\/#primaryimage","url":"https:\/\/dhg1h5j42swfq.cloudfront.net\/2014\/12\/camara-dos-deputados-300x199.jpg","contentUrl":"https:\/\/dhg1h5j42swfq.cloudfront.net\/2014\/12\/camara-dos-deputados-300x199.jpg"},{"@type":"BreadcrumbList","@id":"https:\/\/www.estrategiaconcursos.com.br\/blog\/camara-dos-deputados-autorizado-concurso-para-2015-para-os-cargos-de-analista-e-tecnico\/#breadcrumb","itemListElement":[{"@type":"ListItem","position":1,"name":"In\u00edcio","item":"https:\/\/www.estrategiaconcursos.com.br\/blog\/"},{"@type":"ListItem","position":2,"name":"C\u00e2mara dos Deputados: confirmado concurso em 2015 para os cargos de analista e t\u00e9cnico"}]},{"@type":"WebSite","@id":"https:\/\/www.estrategiaconcursos.com.br\/blog\/#website","url":"https:\/\/www.estrategiaconcursos.com.br\/blog\/","name":"Estrat\u00e9gia Concursos","description":"O blog da Estrat\u00e9gia Concursos traz not\u00edcias sobre concursos e artigos de professores oferecendo cursos para concursos (pdf + videaulas) no site.","publisher":{"@id":"https:\/\/www.estrategiaconcursos.com.br\/blog\/#organization"},"potentialAction":[{"@type":"SearchAction","target":{"@type":"EntryPoint","urlTemplate":"https:\/\/www.estrategiaconcursos.com.br\/blog\/?s={search_term_string}"},"query-input":{"@type":"PropertyValueSpecification","valueRequired":true,"valueName":"search_term_string"}}],"inLanguage":"pt-BR"},{"@type":"Organization","@id":"https:\/\/www.estrategiaconcursos.com.br\/blog\/#organization","name":"Estrat\u00e9gia Concursos","url":"https:\/\/www.estrategiaconcursos.com.br\/blog\/","logo":{"@type":"ImageObject","inLanguage":"pt-BR","@id":"https:\/\/www.estrategiaconcursos.com.br\/blog\/#\/schema\/logo\/image\/","url":"https:\/\/dhg1h5j42swfq.cloudfront.net\/2025\/06\/03203428\/logo_concursos-1.jpg","contentUrl":"https:\/\/dhg1h5j42swfq.cloudfront.net\/2025\/06\/03203428\/logo_concursos-1.jpg","width":230,"height":60,"caption":"Estrat\u00e9gia Concursos"},"image":{"@id":"https:\/\/www.estrategiaconcursos.com.br\/blog\/#\/schema\/logo\/image\/"},"sameAs":["https:\/\/x.com\/EstratConcursos"]},{"@type":"Person","@id":"https:\/\/www.estrategiaconcursos.com.br\/blog\/#\/schema\/person\/b4a388c97673c5f483d72185668afa1f","name":"Coordena\u00e7\u00e3o","image":{"@type":"ImageObject","inLanguage":"pt-BR","@id":"https:\/\/secure.gravatar.com\/avatar\/b720319e4c9a967eb58678d110f4fe35452fc5d5f97b202bac7b8acceb18c6ad?s=96&d=mm&r=g","url":"https:\/\/secure.gravatar.com\/avatar\/b720319e4c9a967eb58678d110f4fe35452fc5d5f97b202bac7b8acceb18c6ad?s=96&d=mm&r=g","contentUrl":"https:\/\/secure.gravatar.com\/avatar\/b720319e4c9a967eb58678d110f4fe35452fc5d5f97b202bac7b8acceb18c6ad?s=96&d=mm&r=g","caption":"Coordena\u00e7\u00e3o"},"sameAs":["https:\/\/www.facebook.com\/EstrategiaConcursos","https:\/\/x.com\/EstratConcursos"],"url":"https:\/\/www.estrategiaconcursos.com.br\/blog\/author\/estrategia2013\/"}]}},"_links":{"self":[{"href":"https:\/\/www.estrategiaconcursos.com.br\/blog\/wp-json\/wp\/v2\/posts\/19729","targetHints":{"allow":["GET"]}}],"collection":[{"href":"https:\/\/www.estrategiaconcursos.com.br\/blog\/wp-json\/wp\/v2\/posts"}],"about":[{"href":"https:\/\/www.estrategiaconcursos.com.br\/blog\/wp-json\/wp\/v2\/types\/post"}],"author":[{"embeddable":true,"href":"https:\/\/www.estrategiaconcursos.com.br\/blog\/wp-json\/wp\/v2\/users\/1"}],"replies":[{"embeddable":true,"href":"https:\/\/www.estrategiaconcursos.com.br\/blog\/wp-json\/wp\/v2\/comments?post=19729"}],"version-history":[{"count":1,"href":"https:\/\/www.estrategiaconcursos.com.br\/blog\/wp-json\/wp\/v2\/posts\/19729\/revisions"}],"predecessor-version":[{"id":20451,"href":"https:\/\/www.estrategiaconcursos.com.br\/blog\/wp-json\/wp\/v2\/posts\/19729\/revisions\/20451"}],"wp:attachment":[{"href":"https:\/\/www.estrategiaconcursos.com.br\/blog\/wp-json\/wp\/v2\/media?parent=19729"}],"wp:term":[{"taxonomy":"category","embeddable":true,"href":"https:\/\/www.estrategiaconcursos.com.br\/blog\/wp-json\/wp\/v2\/categories?post=19729"},{"taxonomy":"post_tag","embeddable":true,"href":"https:\/\/www.estrategiaconcursos.com.br\/blog\/wp-json\/wp\/v2\/tags?post=19729"},{"taxonomy":"tax_estado","embeddable":true,"href":"https:\/\/www.estrategiaconcursos.com.br\/blog\/wp-json\/wp\/v2\/tax_estado?post=19729"}],"curies":[{"name":"wp","href":"https:\/\/api.w.org\/{rel}","templated":true}]}}