{"id":19620,"date":"2014-12-05T19:05:44","date_gmt":"2014-12-05T22:05:44","guid":{"rendered":"https:\/\/www.estrategiaconcursos.com.br\/blog\/?post_type=noticia&#038;p=19620"},"modified":"2015-01-12T14:41:58","modified_gmt":"2015-01-12T17:41:58","slug":"1o-exame-de-suficiencia-de-2015-edital-ja-publicado","status":"publish","type":"post","link":"https:\/\/www.estrategiaconcursos.com.br\/blog\/1o-exame-de-suficiencia-de-2015-edital-ja-publicado\/","title":{"rendered":"1\u00ba EXAME DE SUFICI\u00caNCIA DE 2015 &#8211; Edital j\u00e1 publicado!"},"content":{"rendered":"<p style=\"text-align: justify;\"><a href=\"https:\/\/dhg1h5j42swfq.cloudfront.net\/2014\/11\/conselho-federal-de-contabilidade.jpg\"><img loading=\"lazy\" decoding=\"async\" class=\"alignleft wp-image-19163 size-medium\" src=\"https:\/\/dhg1h5j42swfq.cloudfront.net\/2014\/11\/conselho-federal-de-contabilidade-277x300.jpg\" alt=\"1\u00ba EXAME DE SUFICI\u00caNCIA DE 2015\" width=\"277\" height=\"300\" srcset=\"https:\/\/dhg1h5j42swfq.cloudfront.net\/2014\/11\/conselho-federal-de-contabilidade.jpg 277w, https:\/\/dhg1h5j42swfq.cloudfront.net\/2014\/11\/conselho-federal-de-contabilidade.jpg 120w, https:\/\/dhg1h5j42swfq.cloudfront.net\/2014\/11\/conselho-federal-de-contabilidade.jpg 415w\" sizes=\"auto, (max-width: 277px) 100vw, 277px\" \/><\/a><span style=\"color: #000000;\">Foi publicado no Di\u00e1rio Oficial da Uni\u00e3o, o edital do 1\u00ba\u00a0Exame de Sufici\u00eancia de 2015,\u00a0 destinada \u00e0 comprova\u00e7\u00e3o dos conhecimentos de alunos concluintes dos cursos T\u00e9cnico em Contabilidade e do curso superior em Ci\u00eancias Cont\u00e1beis. As inscri\u00e7\u00f5es poder\u00e3o ser realizadas entre os dias 15 de Dezembro de 2014 e\u00a015 de janeiro de 2015 pelo site\u00a0da FBC (<span style=\"color: #0000ff;\"><a style=\"color: #0000ff;\" href=\"www.fbc.org.br\">www.fbc.org.br<\/a><\/span>) ou no\u00a0site do CFC (<span style=\"color: #0000ff;\"><a style=\"color: #0000ff;\" href=\"www.cfc.org.br\">www.cfc.org.br<\/a><\/span>).\u00a0A taxa de inscri\u00e7\u00e3o ser\u00e1 de R$100,00<\/span><\/p>\n<p style=\"text-align: justify;\"><span style=\"color: #000000;\">As provas ser\u00e3o aplicadas no dia 22 de mar\u00e7o, das 9h30 \u00e0s 13h30 \u2013 hor\u00e1rio de Bras\u00edlia. Os locais de realiza\u00e7\u00e3o das provas ser\u00e3o divulgados aos candidatos, a partir do dia 10 de mar\u00e7o, via sistema de acompanhamento de inscri\u00e7\u00e3o.<\/span><\/p>\n<p style=\"text-align: justify;\"><span style=\"color: #000000;\"><strong>O Exame de Sufici\u00eancia<\/strong><\/span><\/p>\n<p style=\"text-align: justify;\"><span style=\"color: #000000;\">O Exame de Sufici\u00eancia \u00e9 uma prova obrigat\u00f3ria institu\u00edda pela Lei 12.249\/2010 e pela Resolu\u00e7\u00e3o CFC 1.373\/2011 destinada \u00e0 comprova\u00e7\u00e3o dos conhecimentos de alunos concluintes dos cursos T\u00e9cnico em Contabilidade e do curso superior em Ci\u00eancias Cont\u00e1beis.<\/span><\/p>\n<p style=\"text-align: justify;\"><span style=\"color: #000000;\">A aprova\u00e7\u00e3o no Exame \u00e9 um dos requisitos para a obten\u00e7\u00e3o ou restabelecimento de registro profissional em Conselho Regional de Contabilidade.<\/span><\/p>\n<p style=\"text-align: justify;\"><span style=\"color: #000000;\">O exame foi criado em 2000 e derrubado em 2004 (dez edi\u00e7\u00f5es) por uma liminar que questionava o fato de a prova n\u00e3o ser uma lei federal e sim uma resolu\u00e7\u00e3o do CFC.<\/span><\/p>\n<p style=\"text-align: justify;\"><span style=\"color: #000000;\">Em 2010, a lei federal 12.249 instituiu a aprova\u00e7\u00e3o no exame como condi\u00e7\u00e3o para obter o registro no conselho de classe. Desde ent\u00e3o, o exame vem acontecendo duas vezes por ano e \u00e9 composto por quest\u00f5es abrangendo as disciplinas: Contabilidade Geral, Contabilidade de Custos, No\u00e7\u00f5es de Direito, Matem\u00e1tica Financeira, Legisla\u00e7\u00e3o e \u00c9tica Profissional, Princ\u00edpios de Contabilidade e Normas Brasileiras de Contabilidade e L\u00edngua Portuguesa.<\/span><\/p>\n<p style=\"text-align: justify;\"><span style=\"color: #000000;\"><strong>O Estrat\u00e9gia Concursos j\u00e1 preparou cursos avulsos e o pacote completo para o 1\u00ba\u00a0Exame de Sufici\u00eancia de 2015. Confira em:<\/strong><\/span><\/p>\n<p style=\"text-align: justify;\"><span style=\"color: #0000ff;\"><a style=\"color: #0000ff;\" href=\"https:\/\/www.estrategiaconcursos.com.br\/cursosPorConcurso\/exame-de-suficiencia-do-cfc-2015-316\/\">https:\/\/www.estrategiaconcursos.com.br\/cursosPorConcurso\/exame-de-suficiencia-do-cfc-2015-316\/<\/a><\/span><\/p>\n<p style=\"text-align: justify;\"><span style=\"color: #000000;\">Assessoria de Comunica\u00e7\u00e3o<\/span><\/p>\n<p style=\"text-align: justify;\"><span style=\"color: #000000;\">comunicacao@estrategiaconcursos.com.br<\/span><\/p>\n","protected":false},"excerpt":{"rendered":"<p>Foi publicado no Di\u00e1rio Oficial da Uni\u00e3o, o edital do 1\u00ba\u00a0Exame de Sufici\u00eancia de 2015,\u00a0 destinada \u00e0 comprova\u00e7\u00e3o dos conhecimentos de alunos concluintes dos cursos T\u00e9cnico em Contabilidade e do curso superior em Ci\u00eancias Cont\u00e1beis. As inscri\u00e7\u00f5es poder\u00e3o ser realizadas entre os dias 15 de Dezembro de 2014 e\u00a015 de janeiro de 2015 pelo site\u00a0da [&hellip;]<\/p>\n","protected":false},"author":1,"featured_media":0,"comment_status":"closed","ping_status":"closed","sticky":false,"template":"","format":"standard","meta":{"post_tipo":"news","footnotes":""},"categories":[1],"tags":[523],"tax_estado":[],"class_list":["post-19620","post","type-post","status-publish","format-standard","hentry","category-cursos-e-concursos","tag-exame-de-suficiencia-cfc"],"acf":[],"yoast_head":"<!-- This site is optimized with the Yoast SEO Premium plugin v27.2 (Yoast SEO v27.2) - https:\/\/yoast.com\/product\/yoast-seo-premium-wordpress\/ -->\n<title>1\u00ba EXAME DE SUFICI\u00caNCIA DE 2015 - Edital j\u00e1 publicado!<\/title>\n<meta name=\"description\" content=\"Foi publicado no Di\u00e1rio Oficial da Uni\u00e3o, o edital do 1\u00ba Exame de Sufici\u00eancia de 2015. Saiba mais!\" \/>\n<meta name=\"robots\" content=\"index, follow, max-snippet:-1, max-image-preview:large, max-video-preview:-1\" \/>\n<link rel=\"canonical\" href=\"https:\/\/www.estrategiaconcursos.com.br\/blog\/1o-exame-de-suficiencia-de-2015-edital-ja-publicado\/\" \/>\n<meta property=\"og:locale\" content=\"pt_BR\" \/>\n<meta property=\"og:type\" content=\"article\" \/>\n<meta property=\"og:title\" content=\"1\u00ba EXAME DE SUFICI\u00caNCIA DE 2015 - Edital j\u00e1 publicado!\" \/>\n<meta property=\"og:description\" content=\"Foi publicado no Di\u00e1rio Oficial da Uni\u00e3o, o edital do 1\u00ba Exame de Sufici\u00eancia de 2015. Saiba mais!\" \/>\n<meta property=\"og:url\" content=\"https:\/\/www.estrategiaconcursos.com.br\/blog\/1o-exame-de-suficiencia-de-2015-edital-ja-publicado\/\" \/>\n<meta property=\"og:site_name\" content=\"Estrat\u00e9gia Concursos\" \/>\n<meta property=\"article:author\" content=\"https:\/\/www.facebook.com\/EstrategiaConcursos\" \/>\n<meta property=\"article:published_time\" content=\"2014-12-05T22:05:44+00:00\" \/>\n<meta property=\"article:modified_time\" content=\"2015-01-12T17:41:58+00:00\" \/>\n<meta property=\"og:image\" content=\"https:\/\/dhg1h5j42swfq.cloudfront.net\/2014\/11\/conselho-federal-de-contabilidade-277x300.jpg\" \/>\n<meta name=\"author\" content=\"Coordena\u00e7\u00e3o\" \/>\n<meta name=\"twitter:card\" content=\"summary_large_image\" \/>\n<meta name=\"twitter:creator\" content=\"@EstratConcursos\" \/>\n<meta name=\"twitter:site\" content=\"@EstratConcursos\" \/>\n<meta name=\"twitter:label1\" content=\"Escrito por\" \/>\n\t<meta name=\"twitter:data1\" content=\"Coordena\u00e7\u00e3o\" \/>\n\t<meta name=\"twitter:label2\" content=\"Est. tempo de leitura\" \/>\n\t<meta name=\"twitter:data2\" content=\"2 minutos\" \/>\n<script type=\"application\/ld+json\" class=\"yoast-schema-graph\">{\"@context\":\"https:\/\/schema.org\",\"@graph\":[{\"@type\":\"NewsArticle\",\"@id\":\"https:\/\/www.estrategiaconcursos.com.br\/blog\/1o-exame-de-suficiencia-de-2015-edital-ja-publicado\/#article\",\"isPartOf\":{\"@id\":\"https:\/\/www.estrategiaconcursos.com.br\/blog\/1o-exame-de-suficiencia-de-2015-edital-ja-publicado\/\"},\"author\":{\"name\":\"Coordena\u00e7\u00e3o\",\"@id\":\"https:\/\/www.estrategiaconcursos.com.br\/blog\/#\/schema\/person\/b4a388c97673c5f483d72185668afa1f\"},\"headline\":\"1\u00ba EXAME DE SUFICI\u00caNCIA DE 2015 &#8211; Edital j\u00e1 publicado!\",\"datePublished\":\"2014-12-05T22:05:44+00:00\",\"dateModified\":\"2015-01-12T17:41:58+00:00\",\"mainEntityOfPage\":{\"@id\":\"https:\/\/www.estrategiaconcursos.com.br\/blog\/1o-exame-de-suficiencia-de-2015-edital-ja-publicado\/\"},\"wordCount\":345,\"publisher\":{\"@id\":\"https:\/\/www.estrategiaconcursos.com.br\/blog\/#organization\"},\"image\":{\"@id\":\"https:\/\/www.estrategiaconcursos.com.br\/blog\/1o-exame-de-suficiencia-de-2015-edital-ja-publicado\/#primaryimage\"},\"thumbnailUrl\":\"https:\/\/dhg1h5j42swfq.cloudfront.net\/2014\/11\/conselho-federal-de-contabilidade-277x300.jpg\",\"keywords\":[\"Exame de Sufici\u00eancia CFC\"],\"articleSection\":[\"Concursos P\u00fablicos\"],\"inLanguage\":\"pt-BR\",\"copyrightYear\":\"2014\",\"copyrightHolder\":{\"@id\":\"https:\/\/www.estrategiaconcursos.com.br\/blog\/#organization\"}},{\"@type\":\"WebPage\",\"@id\":\"https:\/\/www.estrategiaconcursos.com.br\/blog\/1o-exame-de-suficiencia-de-2015-edital-ja-publicado\/\",\"url\":\"https:\/\/www.estrategiaconcursos.com.br\/blog\/1o-exame-de-suficiencia-de-2015-edital-ja-publicado\/\",\"name\":\"1\u00ba EXAME DE SUFICI\u00caNCIA DE 2015 - Edital j\u00e1 publicado!\",\"isPartOf\":{\"@id\":\"https:\/\/www.estrategiaconcursos.com.br\/blog\/#website\"},\"primaryImageOfPage\":{\"@id\":\"https:\/\/www.estrategiaconcursos.com.br\/blog\/1o-exame-de-suficiencia-de-2015-edital-ja-publicado\/#primaryimage\"},\"image\":{\"@id\":\"https:\/\/www.estrategiaconcursos.com.br\/blog\/1o-exame-de-suficiencia-de-2015-edital-ja-publicado\/#primaryimage\"},\"thumbnailUrl\":\"https:\/\/dhg1h5j42swfq.cloudfront.net\/2014\/11\/conselho-federal-de-contabilidade-277x300.jpg\",\"datePublished\":\"2014-12-05T22:05:44+00:00\",\"dateModified\":\"2015-01-12T17:41:58+00:00\",\"description\":\"Foi publicado no Di\u00e1rio Oficial da Uni\u00e3o, o edital do 1\u00ba Exame de Sufici\u00eancia de 2015. Saiba mais!\",\"breadcrumb\":{\"@id\":\"https:\/\/www.estrategiaconcursos.com.br\/blog\/1o-exame-de-suficiencia-de-2015-edital-ja-publicado\/#breadcrumb\"},\"inLanguage\":\"pt-BR\",\"potentialAction\":[{\"@type\":\"ReadAction\",\"target\":[\"https:\/\/www.estrategiaconcursos.com.br\/blog\/1o-exame-de-suficiencia-de-2015-edital-ja-publicado\/\"]}]},{\"@type\":\"ImageObject\",\"inLanguage\":\"pt-BR\",\"@id\":\"https:\/\/www.estrategiaconcursos.com.br\/blog\/1o-exame-de-suficiencia-de-2015-edital-ja-publicado\/#primaryimage\",\"url\":\"https:\/\/dhg1h5j42swfq.cloudfront.net\/2014\/11\/conselho-federal-de-contabilidade-277x300.jpg\",\"contentUrl\":\"https:\/\/dhg1h5j42swfq.cloudfront.net\/2014\/11\/conselho-federal-de-contabilidade-277x300.jpg\"},{\"@type\":\"BreadcrumbList\",\"@id\":\"https:\/\/www.estrategiaconcursos.com.br\/blog\/1o-exame-de-suficiencia-de-2015-edital-ja-publicado\/#breadcrumb\",\"itemListElement\":[{\"@type\":\"ListItem\",\"position\":1,\"name\":\"In\u00edcio\",\"item\":\"https:\/\/www.estrategiaconcursos.com.br\/blog\/\"},{\"@type\":\"ListItem\",\"position\":2,\"name\":\"1\u00ba EXAME DE SUFICI\u00caNCIA DE 2015 &#8211; Edital j\u00e1 publicado!\"}]},{\"@type\":\"WebSite\",\"@id\":\"https:\/\/www.estrategiaconcursos.com.br\/blog\/#website\",\"url\":\"https:\/\/www.estrategiaconcursos.com.br\/blog\/\",\"name\":\"Estrat\u00e9gia Concursos\",\"description\":\"O blog da Estrat\u00e9gia Concursos traz not\u00edcias sobre concursos e artigos de professores oferecendo cursos para concursos (pdf + videaulas) no site.\",\"publisher\":{\"@id\":\"https:\/\/www.estrategiaconcursos.com.br\/blog\/#organization\"},\"potentialAction\":[{\"@type\":\"SearchAction\",\"target\":{\"@type\":\"EntryPoint\",\"urlTemplate\":\"https:\/\/www.estrategiaconcursos.com.br\/blog\/?s={search_term_string}\"},\"query-input\":{\"@type\":\"PropertyValueSpecification\",\"valueRequired\":true,\"valueName\":\"search_term_string\"}}],\"inLanguage\":\"pt-BR\"},{\"@type\":\"Organization\",\"@id\":\"https:\/\/www.estrategiaconcursos.com.br\/blog\/#organization\",\"name\":\"Estrat\u00e9gia Concursos\",\"url\":\"https:\/\/www.estrategiaconcursos.com.br\/blog\/\",\"logo\":{\"@type\":\"ImageObject\",\"inLanguage\":\"pt-BR\",\"@id\":\"https:\/\/www.estrategiaconcursos.com.br\/blog\/#\/schema\/logo\/image\/\",\"url\":\"https:\/\/dhg1h5j42swfq.cloudfront.net\/2025\/06\/03203428\/logo_concursos-1.jpg\",\"contentUrl\":\"https:\/\/dhg1h5j42swfq.cloudfront.net\/2025\/06\/03203428\/logo_concursos-1.jpg\",\"width\":230,\"height\":60,\"caption\":\"Estrat\u00e9gia Concursos\"},\"image\":{\"@id\":\"https:\/\/www.estrategiaconcursos.com.br\/blog\/#\/schema\/logo\/image\/\"},\"sameAs\":[\"https:\/\/x.com\/EstratConcursos\"]},{\"@type\":\"Person\",\"@id\":\"https:\/\/www.estrategiaconcursos.com.br\/blog\/#\/schema\/person\/b4a388c97673c5f483d72185668afa1f\",\"name\":\"Coordena\u00e7\u00e3o\",\"image\":{\"@type\":\"ImageObject\",\"inLanguage\":\"pt-BR\",\"@id\":\"https:\/\/secure.gravatar.com\/avatar\/b720319e4c9a967eb58678d110f4fe35452fc5d5f97b202bac7b8acceb18c6ad?s=96&d=mm&r=g\",\"url\":\"https:\/\/secure.gravatar.com\/avatar\/b720319e4c9a967eb58678d110f4fe35452fc5d5f97b202bac7b8acceb18c6ad?s=96&d=mm&r=g\",\"contentUrl\":\"https:\/\/secure.gravatar.com\/avatar\/b720319e4c9a967eb58678d110f4fe35452fc5d5f97b202bac7b8acceb18c6ad?s=96&d=mm&r=g\",\"caption\":\"Coordena\u00e7\u00e3o\"},\"sameAs\":[\"https:\/\/www.facebook.com\/EstrategiaConcursos\",\"https:\/\/x.com\/EstratConcursos\"],\"url\":\"https:\/\/www.estrategiaconcursos.com.br\/blog\/author\/estrategia2013\/\"}]}<\/script>\n<!-- \/ Yoast SEO Premium plugin. -->","yoast_head_json":{"title":"1\u00ba EXAME DE SUFICI\u00caNCIA DE 2015 - Edital j\u00e1 publicado!","description":"Foi publicado no Di\u00e1rio Oficial da Uni\u00e3o, o edital do 1\u00ba Exame de Sufici\u00eancia de 2015. Saiba mais!","robots":{"index":"index","follow":"follow","max-snippet":"max-snippet:-1","max-image-preview":"max-image-preview:large","max-video-preview":"max-video-preview:-1"},"canonical":"https:\/\/www.estrategiaconcursos.com.br\/blog\/1o-exame-de-suficiencia-de-2015-edital-ja-publicado\/","og_locale":"pt_BR","og_type":"article","og_title":"1\u00ba EXAME DE SUFICI\u00caNCIA DE 2015 - Edital j\u00e1 publicado!","og_description":"Foi publicado no Di\u00e1rio Oficial da Uni\u00e3o, o edital do 1\u00ba Exame de Sufici\u00eancia de 2015. Saiba mais!","og_url":"https:\/\/www.estrategiaconcursos.com.br\/blog\/1o-exame-de-suficiencia-de-2015-edital-ja-publicado\/","og_site_name":"Estrat\u00e9gia Concursos","article_author":"https:\/\/www.facebook.com\/EstrategiaConcursos","article_published_time":"2014-12-05T22:05:44+00:00","article_modified_time":"2015-01-12T17:41:58+00:00","og_image":[{"url":"https:\/\/dhg1h5j42swfq.cloudfront.net\/2014\/11\/conselho-federal-de-contabilidade-277x300.jpg","type":"","width":"","height":""}],"author":"Coordena\u00e7\u00e3o","twitter_card":"summary_large_image","twitter_creator":"@EstratConcursos","twitter_site":"@EstratConcursos","twitter_misc":{"Escrito por":"Coordena\u00e7\u00e3o","Est. tempo de leitura":"2 minutos"},"schema":{"@context":"https:\/\/schema.org","@graph":[{"@type":"NewsArticle","@id":"https:\/\/www.estrategiaconcursos.com.br\/blog\/1o-exame-de-suficiencia-de-2015-edital-ja-publicado\/#article","isPartOf":{"@id":"https:\/\/www.estrategiaconcursos.com.br\/blog\/1o-exame-de-suficiencia-de-2015-edital-ja-publicado\/"},"author":{"name":"Coordena\u00e7\u00e3o","@id":"https:\/\/www.estrategiaconcursos.com.br\/blog\/#\/schema\/person\/b4a388c97673c5f483d72185668afa1f"},"headline":"1\u00ba EXAME DE SUFICI\u00caNCIA DE 2015 &#8211; Edital j\u00e1 publicado!","datePublished":"2014-12-05T22:05:44+00:00","dateModified":"2015-01-12T17:41:58+00:00","mainEntityOfPage":{"@id":"https:\/\/www.estrategiaconcursos.com.br\/blog\/1o-exame-de-suficiencia-de-2015-edital-ja-publicado\/"},"wordCount":345,"publisher":{"@id":"https:\/\/www.estrategiaconcursos.com.br\/blog\/#organization"},"image":{"@id":"https:\/\/www.estrategiaconcursos.com.br\/blog\/1o-exame-de-suficiencia-de-2015-edital-ja-publicado\/#primaryimage"},"thumbnailUrl":"https:\/\/dhg1h5j42swfq.cloudfront.net\/2014\/11\/conselho-federal-de-contabilidade-277x300.jpg","keywords":["Exame de Sufici\u00eancia CFC"],"articleSection":["Concursos P\u00fablicos"],"inLanguage":"pt-BR","copyrightYear":"2014","copyrightHolder":{"@id":"https:\/\/www.estrategiaconcursos.com.br\/blog\/#organization"}},{"@type":"WebPage","@id":"https:\/\/www.estrategiaconcursos.com.br\/blog\/1o-exame-de-suficiencia-de-2015-edital-ja-publicado\/","url":"https:\/\/www.estrategiaconcursos.com.br\/blog\/1o-exame-de-suficiencia-de-2015-edital-ja-publicado\/","name":"1\u00ba EXAME DE SUFICI\u00caNCIA DE 2015 - Edital j\u00e1 publicado!","isPartOf":{"@id":"https:\/\/www.estrategiaconcursos.com.br\/blog\/#website"},"primaryImageOfPage":{"@id":"https:\/\/www.estrategiaconcursos.com.br\/blog\/1o-exame-de-suficiencia-de-2015-edital-ja-publicado\/#primaryimage"},"image":{"@id":"https:\/\/www.estrategiaconcursos.com.br\/blog\/1o-exame-de-suficiencia-de-2015-edital-ja-publicado\/#primaryimage"},"thumbnailUrl":"https:\/\/dhg1h5j42swfq.cloudfront.net\/2014\/11\/conselho-federal-de-contabilidade-277x300.jpg","datePublished":"2014-12-05T22:05:44+00:00","dateModified":"2015-01-12T17:41:58+00:00","description":"Foi publicado no Di\u00e1rio Oficial da Uni\u00e3o, o edital do 1\u00ba Exame de Sufici\u00eancia de 2015. Saiba mais!","breadcrumb":{"@id":"https:\/\/www.estrategiaconcursos.com.br\/blog\/1o-exame-de-suficiencia-de-2015-edital-ja-publicado\/#breadcrumb"},"inLanguage":"pt-BR","potentialAction":[{"@type":"ReadAction","target":["https:\/\/www.estrategiaconcursos.com.br\/blog\/1o-exame-de-suficiencia-de-2015-edital-ja-publicado\/"]}]},{"@type":"ImageObject","inLanguage":"pt-BR","@id":"https:\/\/www.estrategiaconcursos.com.br\/blog\/1o-exame-de-suficiencia-de-2015-edital-ja-publicado\/#primaryimage","url":"https:\/\/dhg1h5j42swfq.cloudfront.net\/2014\/11\/conselho-federal-de-contabilidade-277x300.jpg","contentUrl":"https:\/\/dhg1h5j42swfq.cloudfront.net\/2014\/11\/conselho-federal-de-contabilidade-277x300.jpg"},{"@type":"BreadcrumbList","@id":"https:\/\/www.estrategiaconcursos.com.br\/blog\/1o-exame-de-suficiencia-de-2015-edital-ja-publicado\/#breadcrumb","itemListElement":[{"@type":"ListItem","position":1,"name":"In\u00edcio","item":"https:\/\/www.estrategiaconcursos.com.br\/blog\/"},{"@type":"ListItem","position":2,"name":"1\u00ba EXAME DE SUFICI\u00caNCIA DE 2015 &#8211; Edital j\u00e1 publicado!"}]},{"@type":"WebSite","@id":"https:\/\/www.estrategiaconcursos.com.br\/blog\/#website","url":"https:\/\/www.estrategiaconcursos.com.br\/blog\/","name":"Estrat\u00e9gia Concursos","description":"O blog da Estrat\u00e9gia Concursos traz not\u00edcias sobre concursos e artigos de professores oferecendo cursos para concursos (pdf + videaulas) no site.","publisher":{"@id":"https:\/\/www.estrategiaconcursos.com.br\/blog\/#organization"},"potentialAction":[{"@type":"SearchAction","target":{"@type":"EntryPoint","urlTemplate":"https:\/\/www.estrategiaconcursos.com.br\/blog\/?s={search_term_string}"},"query-input":{"@type":"PropertyValueSpecification","valueRequired":true,"valueName":"search_term_string"}}],"inLanguage":"pt-BR"},{"@type":"Organization","@id":"https:\/\/www.estrategiaconcursos.com.br\/blog\/#organization","name":"Estrat\u00e9gia Concursos","url":"https:\/\/www.estrategiaconcursos.com.br\/blog\/","logo":{"@type":"ImageObject","inLanguage":"pt-BR","@id":"https:\/\/www.estrategiaconcursos.com.br\/blog\/#\/schema\/logo\/image\/","url":"https:\/\/dhg1h5j42swfq.cloudfront.net\/2025\/06\/03203428\/logo_concursos-1.jpg","contentUrl":"https:\/\/dhg1h5j42swfq.cloudfront.net\/2025\/06\/03203428\/logo_concursos-1.jpg","width":230,"height":60,"caption":"Estrat\u00e9gia Concursos"},"image":{"@id":"https:\/\/www.estrategiaconcursos.com.br\/blog\/#\/schema\/logo\/image\/"},"sameAs":["https:\/\/x.com\/EstratConcursos"]},{"@type":"Person","@id":"https:\/\/www.estrategiaconcursos.com.br\/blog\/#\/schema\/person\/b4a388c97673c5f483d72185668afa1f","name":"Coordena\u00e7\u00e3o","image":{"@type":"ImageObject","inLanguage":"pt-BR","@id":"https:\/\/secure.gravatar.com\/avatar\/b720319e4c9a967eb58678d110f4fe35452fc5d5f97b202bac7b8acceb18c6ad?s=96&d=mm&r=g","url":"https:\/\/secure.gravatar.com\/avatar\/b720319e4c9a967eb58678d110f4fe35452fc5d5f97b202bac7b8acceb18c6ad?s=96&d=mm&r=g","contentUrl":"https:\/\/secure.gravatar.com\/avatar\/b720319e4c9a967eb58678d110f4fe35452fc5d5f97b202bac7b8acceb18c6ad?s=96&d=mm&r=g","caption":"Coordena\u00e7\u00e3o"},"sameAs":["https:\/\/www.facebook.com\/EstrategiaConcursos","https:\/\/x.com\/EstratConcursos"],"url":"https:\/\/www.estrategiaconcursos.com.br\/blog\/author\/estrategia2013\/"}]}},"_links":{"self":[{"href":"https:\/\/www.estrategiaconcursos.com.br\/blog\/wp-json\/wp\/v2\/posts\/19620","targetHints":{"allow":["GET"]}}],"collection":[{"href":"https:\/\/www.estrategiaconcursos.com.br\/blog\/wp-json\/wp\/v2\/posts"}],"about":[{"href":"https:\/\/www.estrategiaconcursos.com.br\/blog\/wp-json\/wp\/v2\/types\/post"}],"author":[{"embeddable":true,"href":"https:\/\/www.estrategiaconcursos.com.br\/blog\/wp-json\/wp\/v2\/users\/1"}],"replies":[{"embeddable":true,"href":"https:\/\/www.estrategiaconcursos.com.br\/blog\/wp-json\/wp\/v2\/comments?post=19620"}],"version-history":[{"count":1,"href":"https:\/\/www.estrategiaconcursos.com.br\/blog\/wp-json\/wp\/v2\/posts\/19620\/revisions"}],"predecessor-version":[{"id":20460,"href":"https:\/\/www.estrategiaconcursos.com.br\/blog\/wp-json\/wp\/v2\/posts\/19620\/revisions\/20460"}],"wp:attachment":[{"href":"https:\/\/www.estrategiaconcursos.com.br\/blog\/wp-json\/wp\/v2\/media?parent=19620"}],"wp:term":[{"taxonomy":"category","embeddable":true,"href":"https:\/\/www.estrategiaconcursos.com.br\/blog\/wp-json\/wp\/v2\/categories?post=19620"},{"taxonomy":"post_tag","embeddable":true,"href":"https:\/\/www.estrategiaconcursos.com.br\/blog\/wp-json\/wp\/v2\/tags?post=19620"},{"taxonomy":"tax_estado","embeddable":true,"href":"https:\/\/www.estrategiaconcursos.com.br\/blog\/wp-json\/wp\/v2\/tax_estado?post=19620"}],"curies":[{"name":"wp","href":"https:\/\/api.w.org\/{rel}","templated":true}]}}