{"id":19547,"date":"2014-12-02T11:56:11","date_gmt":"2014-12-02T14:56:11","guid":{"rendered":"https:\/\/www.estrategiaconcursos.com.br\/blog\/?p=19547"},"modified":"2015-01-05T13:47:04","modified_gmt":"2015-01-05T16:47:04","slug":"curso-de-discursivas-para-o-tremg","status":"publish","type":"post","link":"https:\/\/www.estrategiaconcursos.com.br\/blog\/curso-de-discursivas-para-o-tremg\/","title":{"rendered":"Curso de Discursivas para o TRE\/MG"},"content":{"rendered":"<p>Estamos aqui hoje para apresentar o nosso <a href=\"https:\/\/www.estrategiaconcursos.com.br\/curso\/discursivas-p-tre-mg-com-correcao-de-3-redacoes-por-aluno-5700\/\"><strong>Curso Discursivas de Direito Eleitoral para o TRE-MG<\/strong><\/a>, para o cargo de <strong>T\u00e9cnico Judici\u00e1rio \u2013 \u00c1rea Administrativa<\/strong>, com foco na banca <strong>CONSUPLAN<\/strong>. Trata-se de um curso totalmente focado no edital n\u00ba 01\/2014, divulgado em 18.11.2014 do DOU e voltado para <strong>as quest\u00f5es discursivas da prova<\/strong>.<\/p>\n<p>Segundo o edital a prova discursiva abranger\u00e1 <strong><em>2 quest\u00f5es<\/em><\/strong>. Cada uma delas ser\u00e1 de <strong><em>10 a 15 linhas<\/em><\/strong> cada uma delas valendo <strong><em>5,00 pontos<\/em><\/strong>, num total de 10,00 pontos.<\/p>\n<p>Os assuntos que poder\u00e3o ser objeto de cobran\u00e7a versar\u00e3o sobre <strong><em>Direito Eleitoral<\/em><\/strong>, <strong><em>Direito Constitucional<\/em><\/strong> ou <strong><em>Direito Administrativo<\/em><\/strong>.<\/p>\n<p>Com esta prova a banca pretende avaliar:<\/p>\n<p>A) O conte\u00fado e conhecimento do tema;<\/p>\n<p>B) A capacidade de express\u00e3o na modalidade escrita;<\/p>\n<p>C) Uso das normas do registro formal culto da L\u00edngua Portuguesa.<\/p>\n<p>O nosso curso, embora seja voltado para a disciplina de Direito Eleitoral, abranger\u00e1 tamb\u00e9m assuntos de Direito Constitucional, notadamente aqueles relacionados com ramo eleitoral, tais como Direitos de Nacionalidade, Direitos Pol\u00edticos e Partidos Pol\u00edticos.<\/p>\n<p>\u00c9 importante, desde logo, deixar claro que nosso curso <strong><em>n\u00e3o se destina ao estudo te\u00f3rico<\/em><\/strong> das disciplinas, mas ao desenvolvimento e aprimoramento da reda\u00e7\u00e3o de discursivas, bem como, o trato de assuntos centrais da mat\u00e9ria, que poder\u00e3o ser objeto de prova. Deste modo, vamos tratar sim de alguns pontos espec\u00edficos de Direito Eleitoral, voltado para a reda\u00e7\u00e3o de quest\u00f5es.<\/p>\n<p>Em raz\u00e3o disso, nosso curso iniciar\u00e1 somente em meados de dezembro, justamente para que voc\u00eas j\u00e1 tenham estudado, ao menos, os t\u00f3picos iniciais de Direito Eleitoral.<\/p>\n<p><strong>LEMBRO A TODOS QUE O CURSO SER\u00c1 LIMITADO A 30 VAGAS. \u00c9 IMPORTANTE SE AGILIZAR, CASO HAJA INTERESSE.<\/strong><\/p>\n<p>Ao longo do curso faremos a corre\u00e7\u00e3o individual e pessoal de 3 reda\u00e7\u00f5es, oportunidade em que traremos uma sugest\u00e3o de corre\u00e7\u00e3o conforme crit\u00e9rios definidos no edital.<\/p>\n<p>O edital do nosso concurso \u00e9 claro quanto aos crit\u00e9rios de corre\u00e7\u00e3o. S\u00e3o dois os aspectos mencionados pela banca:<\/p>\n<p>(i) <strong>Aspectos macroestruturais<\/strong>.<\/p>\n<p>Se o aluno observar todos os crit\u00e9rios macroestruturais previstos no edital acima de forma adequada somar\u00e1 5,00 pontos, o m\u00e1ximo previsto por quest\u00e3o. Superados os aspectos macroestruturais, ser\u00e3o avaliados aspectos microestruturais.<\/p>\n<p>(ii) <strong>Aspectos microestruturais<\/strong>. O edital elenca uma s\u00e9rie de erros denominados de \u201cmicroestruturais\u201d. Cada vez que voc\u00eas incorrer em uma das hip\u00f3teses elencadas, haver\u00e1 a subtra\u00e7\u00e3o de 0,50 ponto.<\/p>\n<p>Por exemplo, se voc\u00ea obtiver 4,00 nos aspectos macroestruturais e incorrer em duas das situa\u00e7\u00f5es previstas quanto aos aspectos microestruturais ter\u00e1 descontado 1,00 ponto (2 x 0,50). Logo a sua nota final ser\u00e1 3,00 (4,00 \u2013 1,00).<\/p>\n<p>Deste modo, nosso curso adotar\u00e1 a premissa prevista em edital. As aulas ser\u00e3o estruturadas do seguinte modo: aspectos de conte\u00fado e aspectos de linguagem.<\/p>\n<p>Em rela\u00e7\u00e3o aos <strong>ASPECTOS DE CONTE\u00daDO<\/strong>, al\u00e9m das propostas traremos, algumas orienta\u00e7\u00f5es em rela\u00e7\u00e3o aos assuntos importantes do conte\u00fado da mat\u00e9ria e que podem ser alvo de quest\u00f5es no dia da prova.<\/p>\n<p>Evidentemente que a pretens\u00e3o deste curso n\u00e3o \u00e9 o preparo te\u00f3rico, muito menos fornecer substrato para as quest\u00f5es objetivas. Vamos prepar\u00e1-los para, com o substrato te\u00f3rico que voc\u00eas agregaram durantes seus estudos, responder com tranquilidade as quest\u00f5es discursivas.<\/p>\n<p>De todo modo, trataremos de assuntos centrais da mat\u00e9ria, abordaremos os principais assuntos de conhecimentos espec\u00edficos, especialmente de Direito Eleitoral, que servir\u00e3o de substrato para a resolu\u00e7\u00e3o das quest\u00f5es discursivas.<\/p>\n<p>Quanto aos <strong>ASPECTOS DE LINGUAGEM<\/strong> vamos tecer algumas orienta\u00e7\u00f5es de estrutura e de escrita, com o objetivo de facilitar o estudo de voc\u00eas.<\/p>\n<p>As propostas ser\u00e3o apresentadas nas seguintes datas:<\/p>\n<p style=\"text-align: center;\"><strong>M\u00f3dulo I \u2013 15.12.2014<\/strong><\/p>\n<p style=\"text-align: center;\"><strong>M\u00f3dulo II \u2013 05.01.2015<\/strong><\/p>\n<p style=\"text-align: center;\"><strong>M\u00f3dulo III \u2013 19.01.2015.<\/strong><\/p>\n<p>Em cada m\u00f3dulo voc\u00eas receberam 4 propostas de quest\u00f5es discursivas. Nos tr\u00eas dias seguintes receberemos as quest\u00f5es para corre\u00e7\u00e3o, que ser\u00e3o pessoalmente corrigidas (seja na parte do conte\u00fado te\u00f3rico, seja na parte relativa \u00e0 linguagem). Ap\u00f3s a corre\u00e7\u00e3o, aplicaremos os crit\u00e9rios de pontua\u00e7\u00e3o e lan\u00e7aremos uma sugest\u00e3o de nota.<\/p>\n<p>Al\u00e9m disso, traremos pontualmente orienta\u00e7\u00f5es pessoais quanto \u00e0 escrita e quanto ao conte\u00fado, quando necess\u00e1rio.<\/p>\n<p>Voc\u00eas encaminhar\u00e3o as respostas pelo sistema do site, devendo encaminh\u00e1-las exclusivamente no formato Microsoft Word (.<em>doc<\/em> e .<em>docx<\/em>), sob pena de n\u00e3o ter corrigida a reda\u00e7\u00e3o.<\/p>\n<p>No dia seguinte ao t\u00e9rmino do prazo para envio da disserta\u00e7\u00f5es publicaremos a aula propriamente, que observar\u00e1 as datas a seguir:<\/p>\n<p style=\"text-align: center;\"><strong>Aula 01 \u2013 19.12.2014<\/strong><\/p>\n<p style=\"text-align: center;\"><strong>Aula 02 \u2013 09.01.2015<\/strong><\/p>\n<p style=\"text-align: center;\"><strong>Aula 03 \u2013 23.01.2015.<\/strong><\/p>\n<p>Essas aulas consistir\u00e3o na an\u00e1lise de conte\u00fado das propostas apresentadas. Al\u00e9m de trazermos substrato te\u00f3rico para a resolu\u00e7\u00e3o das quest\u00f5es, n\u00f3s disponibilizaremos uma sugest\u00e3o de resposta para cada uma das quatro propostas apresentadas anteriormente.<\/p>\n<p>Al\u00e9m disso, haver\u00e1, ainda, sugest\u00f5es e orienta\u00e7\u00f5es de escrita e de estrutura\u00e7\u00e3o das quest\u00f5es discursivas.<\/p>\n<p>Reitero novamente: por quest\u00f5es de organiza\u00e7\u00e3o e devido ao atendimento pessoalizado que esse tipo de Curso exige nossas <strong>VAGAS S\u00c3O LIMITADAS A 30 ALUNOS<\/strong>. Portanto, se houver interesse inscreva-se no curso.<\/p>\n<p>Caso se interesse veja nossa aula demonstrativa no link abaixo:<\/p>\n<p><strong><a href=\"https:\/\/www.estrategiaconcursos.com.br\/curso\/discursivas-p-tre-mg-com-correcao-de-3-redacoes-por-aluno-5700\/\">https:\/\/www.estrategiaconcursos.com.br\/curso\/discursivas-p-tre-mg-com-correcao-de-3-redacoes-por-aluno-5700\/<\/a><\/strong><\/p>\n<p>Um forte abra\u00e7o e bons estudos a todos!<\/p>\n<p>Ricardo Torques<\/p>\n<p><a href=\"mailto:ricardotorques@estrategiaconcursos.com.br\">ricardotorques@estrategiaconcursos.com.br<\/a><\/p>\n<p><a href=\"https:\/\/www.facebook.com\/ricardo.s.torques\">https:\/\/www.facebook.com\/ricardo.s.torques<\/a><\/p>\n","protected":false},"excerpt":{"rendered":"<p>Estamos aqui hoje para apresentar o nosso Curso Discursivas de Direito Eleitoral para o TRE-MG, para o cargo de T\u00e9cnico Judici\u00e1rio \u2013 \u00c1rea Administrativa, com foco na banca CONSUPLAN. Trata-se de um curso totalmente focado no edital n\u00ba 01\/2014, divulgado em 18.11.2014 do DOU e voltado para as quest\u00f5es discursivas da prova. Segundo o edital [&hellip;]<\/p>\n","protected":false},"author":180,"featured_media":0,"comment_status":"open","ping_status":"open","sticky":false,"template":"","format":"standard","meta":{"post_tipo":"article","footnotes":""},"categories":[1],"tags":[27,529],"tax_estado":[],"class_list":["post-19547","post","type-post","status-publish","format-standard","hentry","category-cursos-e-concursos","tag-discursivas","tag-tre-mg"],"acf":[],"yoast_head":"<!-- This site is optimized with the Yoast SEO Premium plugin v27.2 (Yoast SEO v27.2) - https:\/\/yoast.com\/product\/yoast-seo-premium-wordpress\/ -->\n<title>Curso de Discursivas para o TRE\/MG<\/title>\n<meta name=\"description\" content=\"Curso Discursivas de Direito Eleitoral para o TRE-MG, para o cargo de T\u00e9cnico Judici\u00e1rio \u2013 \u00c1rea Administrativa, com foco na banca CONSUPLAN.\" \/>\n<meta name=\"robots\" content=\"index, follow, max-snippet:-1, max-image-preview:large, max-video-preview:-1\" \/>\n<link rel=\"canonical\" href=\"https:\/\/www.estrategiaconcursos.com.br\/blog\/curso-de-discursivas-para-o-tremg\/\" \/>\n<meta property=\"og:locale\" content=\"pt_BR\" \/>\n<meta property=\"og:type\" content=\"article\" \/>\n<meta property=\"og:title\" content=\"Curso de Discursivas para o TRE\/MG\" \/>\n<meta property=\"og:description\" content=\"Curso Discursivas de Direito Eleitoral para o TRE-MG, para o cargo de T\u00e9cnico Judici\u00e1rio \u2013 \u00c1rea Administrativa, com foco na banca CONSUPLAN.\" \/>\n<meta property=\"og:url\" content=\"https:\/\/www.estrategiaconcursos.com.br\/blog\/curso-de-discursivas-para-o-tremg\/\" \/>\n<meta property=\"og:site_name\" content=\"Estrat\u00e9gia Concursos\" \/>\n<meta property=\"article:author\" content=\"https:\/\/www.facebook.com\/ricardo.s.torques\" \/>\n<meta property=\"article:published_time\" content=\"2014-12-02T14:56:11+00:00\" \/>\n<meta property=\"article:modified_time\" content=\"2015-01-05T16:47:04+00:00\" \/>\n<meta name=\"author\" content=\"Ricardo Torques\" \/>\n<meta name=\"twitter:card\" content=\"summary_large_image\" \/>\n<meta name=\"twitter:creator\" content=\"@EstratConcursos\" \/>\n<meta name=\"twitter:site\" content=\"@EstratConcursos\" \/>\n<meta name=\"twitter:label1\" content=\"Escrito por\" \/>\n\t<meta name=\"twitter:data1\" content=\"Ricardo Torques\" \/>\n\t<meta name=\"twitter:label2\" content=\"Est. tempo de leitura\" \/>\n\t<meta name=\"twitter:data2\" content=\"4 minutos\" \/>\n<script type=\"application\/ld+json\" class=\"yoast-schema-graph\">{\"@context\":\"https:\/\/schema.org\",\"@graph\":[{\"@type\":\"NewsArticle\",\"@id\":\"https:\/\/www.estrategiaconcursos.com.br\/blog\/curso-de-discursivas-para-o-tremg\/#article\",\"isPartOf\":{\"@id\":\"https:\/\/www.estrategiaconcursos.com.br\/blog\/curso-de-discursivas-para-o-tremg\/\"},\"author\":{\"name\":\"Ricardo Torques\",\"@id\":\"https:\/\/www.estrategiaconcursos.com.br\/blog\/#\/schema\/person\/aa39cf5ddb518e5bdce27c35788405e2\"},\"headline\":\"Curso de Discursivas para o TRE\/MG\",\"datePublished\":\"2014-12-02T14:56:11+00:00\",\"dateModified\":\"2015-01-05T16:47:04+00:00\",\"mainEntityOfPage\":{\"@id\":\"https:\/\/www.estrategiaconcursos.com.br\/blog\/curso-de-discursivas-para-o-tremg\/\"},\"wordCount\":899,\"commentCount\":0,\"publisher\":{\"@id\":\"https:\/\/www.estrategiaconcursos.com.br\/blog\/#organization\"},\"keywords\":[\"discursivas\",\"TRE-MG\"],\"articleSection\":[\"Concursos P\u00fablicos\"],\"inLanguage\":\"pt-BR\",\"potentialAction\":[{\"@type\":\"CommentAction\",\"name\":\"Comment\",\"target\":[\"https:\/\/www.estrategiaconcursos.com.br\/blog\/curso-de-discursivas-para-o-tremg\/#respond\"]}],\"copyrightYear\":\"2014\",\"copyrightHolder\":{\"@id\":\"https:\/\/www.estrategiaconcursos.com.br\/blog\/#organization\"}},{\"@type\":\"WebPage\",\"@id\":\"https:\/\/www.estrategiaconcursos.com.br\/blog\/curso-de-discursivas-para-o-tremg\/\",\"url\":\"https:\/\/www.estrategiaconcursos.com.br\/blog\/curso-de-discursivas-para-o-tremg\/\",\"name\":\"Curso de Discursivas para o TRE\/MG\",\"isPartOf\":{\"@id\":\"https:\/\/www.estrategiaconcursos.com.br\/blog\/#website\"},\"datePublished\":\"2014-12-02T14:56:11+00:00\",\"dateModified\":\"2015-01-05T16:47:04+00:00\",\"description\":\"Curso Discursivas de Direito Eleitoral para o TRE-MG, para o cargo de T\u00e9cnico Judici\u00e1rio \u2013 \u00c1rea Administrativa, com foco na banca CONSUPLAN.\",\"breadcrumb\":{\"@id\":\"https:\/\/www.estrategiaconcursos.com.br\/blog\/curso-de-discursivas-para-o-tremg\/#breadcrumb\"},\"inLanguage\":\"pt-BR\",\"potentialAction\":[{\"@type\":\"ReadAction\",\"target\":[\"https:\/\/www.estrategiaconcursos.com.br\/blog\/curso-de-discursivas-para-o-tremg\/\"]}]},{\"@type\":\"BreadcrumbList\",\"@id\":\"https:\/\/www.estrategiaconcursos.com.br\/blog\/curso-de-discursivas-para-o-tremg\/#breadcrumb\",\"itemListElement\":[{\"@type\":\"ListItem\",\"position\":1,\"name\":\"In\u00edcio\",\"item\":\"https:\/\/www.estrategiaconcursos.com.br\/blog\/\"},{\"@type\":\"ListItem\",\"position\":2,\"name\":\"Curso de Discursivas para o TRE\/MG\"}]},{\"@type\":\"WebSite\",\"@id\":\"https:\/\/www.estrategiaconcursos.com.br\/blog\/#website\",\"url\":\"https:\/\/www.estrategiaconcursos.com.br\/blog\/\",\"name\":\"Estrat\u00e9gia Concursos\",\"description\":\"O blog da Estrat\u00e9gia Concursos traz not\u00edcias sobre concursos e artigos de professores oferecendo cursos para concursos (pdf + videaulas) no site.\",\"publisher\":{\"@id\":\"https:\/\/www.estrategiaconcursos.com.br\/blog\/#organization\"},\"potentialAction\":[{\"@type\":\"SearchAction\",\"target\":{\"@type\":\"EntryPoint\",\"urlTemplate\":\"https:\/\/www.estrategiaconcursos.com.br\/blog\/?s={search_term_string}\"},\"query-input\":{\"@type\":\"PropertyValueSpecification\",\"valueRequired\":true,\"valueName\":\"search_term_string\"}}],\"inLanguage\":\"pt-BR\"},{\"@type\":\"Organization\",\"@id\":\"https:\/\/www.estrategiaconcursos.com.br\/blog\/#organization\",\"name\":\"Estrat\u00e9gia Concursos\",\"url\":\"https:\/\/www.estrategiaconcursos.com.br\/blog\/\",\"logo\":{\"@type\":\"ImageObject\",\"inLanguage\":\"pt-BR\",\"@id\":\"https:\/\/www.estrategiaconcursos.com.br\/blog\/#\/schema\/logo\/image\/\",\"url\":\"https:\/\/dhg1h5j42swfq.cloudfront.net\/2025\/06\/03203428\/logo_concursos-1.jpg\",\"contentUrl\":\"https:\/\/dhg1h5j42swfq.cloudfront.net\/2025\/06\/03203428\/logo_concursos-1.jpg\",\"width\":230,\"height\":60,\"caption\":\"Estrat\u00e9gia Concursos\"},\"image\":{\"@id\":\"https:\/\/www.estrategiaconcursos.com.br\/blog\/#\/schema\/logo\/image\/\"},\"sameAs\":[\"https:\/\/x.com\/EstratConcursos\"]},{\"@type\":\"Person\",\"@id\":\"https:\/\/www.estrategiaconcursos.com.br\/blog\/#\/schema\/person\/aa39cf5ddb518e5bdce27c35788405e2\",\"name\":\"Ricardo Torques\",\"image\":{\"@type\":\"ImageObject\",\"inLanguage\":\"pt-BR\",\"@id\":\"https:\/\/secure.gravatar.com\/avatar\/ce9ac6c3cff25fe86d15ed568ebc64d1724baf5c0693133bcb1f6073f712f92a?s=96&d=mm&r=g\",\"url\":\"https:\/\/secure.gravatar.com\/avatar\/ce9ac6c3cff25fe86d15ed568ebc64d1724baf5c0693133bcb1f6073f712f92a?s=96&d=mm&r=g\",\"contentUrl\":\"https:\/\/secure.gravatar.com\/avatar\/ce9ac6c3cff25fe86d15ed568ebc64d1724baf5c0693133bcb1f6073f712f92a?s=96&d=mm&r=g\",\"caption\":\"Ricardo Torques\"},\"sameAs\":[\"https:\/\/www.facebook.com\/ricardo.s.torques\"],\"url\":\"https:\/\/www.estrategiaconcursos.com.br\/blog\/author\/ricardotorquesestrategiaconcursos-com-br\/\"}]}<\/script>\n<!-- \/ Yoast SEO Premium plugin. -->","yoast_head_json":{"title":"Curso de Discursivas para o TRE\/MG","description":"Curso Discursivas de Direito Eleitoral para o TRE-MG, para o cargo de T\u00e9cnico Judici\u00e1rio \u2013 \u00c1rea Administrativa, com foco na banca CONSUPLAN.","robots":{"index":"index","follow":"follow","max-snippet":"max-snippet:-1","max-image-preview":"max-image-preview:large","max-video-preview":"max-video-preview:-1"},"canonical":"https:\/\/www.estrategiaconcursos.com.br\/blog\/curso-de-discursivas-para-o-tremg\/","og_locale":"pt_BR","og_type":"article","og_title":"Curso de Discursivas para o TRE\/MG","og_description":"Curso Discursivas de Direito Eleitoral para o TRE-MG, para o cargo de T\u00e9cnico Judici\u00e1rio \u2013 \u00c1rea Administrativa, com foco na banca CONSUPLAN.","og_url":"https:\/\/www.estrategiaconcursos.com.br\/blog\/curso-de-discursivas-para-o-tremg\/","og_site_name":"Estrat\u00e9gia Concursos","article_author":"https:\/\/www.facebook.com\/ricardo.s.torques","article_published_time":"2014-12-02T14:56:11+00:00","article_modified_time":"2015-01-05T16:47:04+00:00","author":"Ricardo Torques","twitter_card":"summary_large_image","twitter_creator":"@EstratConcursos","twitter_site":"@EstratConcursos","twitter_misc":{"Escrito por":"Ricardo Torques","Est. tempo de leitura":"4 minutos"},"schema":{"@context":"https:\/\/schema.org","@graph":[{"@type":"NewsArticle","@id":"https:\/\/www.estrategiaconcursos.com.br\/blog\/curso-de-discursivas-para-o-tremg\/#article","isPartOf":{"@id":"https:\/\/www.estrategiaconcursos.com.br\/blog\/curso-de-discursivas-para-o-tremg\/"},"author":{"name":"Ricardo Torques","@id":"https:\/\/www.estrategiaconcursos.com.br\/blog\/#\/schema\/person\/aa39cf5ddb518e5bdce27c35788405e2"},"headline":"Curso de Discursivas para o TRE\/MG","datePublished":"2014-12-02T14:56:11+00:00","dateModified":"2015-01-05T16:47:04+00:00","mainEntityOfPage":{"@id":"https:\/\/www.estrategiaconcursos.com.br\/blog\/curso-de-discursivas-para-o-tremg\/"},"wordCount":899,"commentCount":0,"publisher":{"@id":"https:\/\/www.estrategiaconcursos.com.br\/blog\/#organization"},"keywords":["discursivas","TRE-MG"],"articleSection":["Concursos P\u00fablicos"],"inLanguage":"pt-BR","potentialAction":[{"@type":"CommentAction","name":"Comment","target":["https:\/\/www.estrategiaconcursos.com.br\/blog\/curso-de-discursivas-para-o-tremg\/#respond"]}],"copyrightYear":"2014","copyrightHolder":{"@id":"https:\/\/www.estrategiaconcursos.com.br\/blog\/#organization"}},{"@type":"WebPage","@id":"https:\/\/www.estrategiaconcursos.com.br\/blog\/curso-de-discursivas-para-o-tremg\/","url":"https:\/\/www.estrategiaconcursos.com.br\/blog\/curso-de-discursivas-para-o-tremg\/","name":"Curso de Discursivas para o TRE\/MG","isPartOf":{"@id":"https:\/\/www.estrategiaconcursos.com.br\/blog\/#website"},"datePublished":"2014-12-02T14:56:11+00:00","dateModified":"2015-01-05T16:47:04+00:00","description":"Curso Discursivas de Direito Eleitoral para o TRE-MG, para o cargo de T\u00e9cnico Judici\u00e1rio \u2013 \u00c1rea Administrativa, com foco na banca CONSUPLAN.","breadcrumb":{"@id":"https:\/\/www.estrategiaconcursos.com.br\/blog\/curso-de-discursivas-para-o-tremg\/#breadcrumb"},"inLanguage":"pt-BR","potentialAction":[{"@type":"ReadAction","target":["https:\/\/www.estrategiaconcursos.com.br\/blog\/curso-de-discursivas-para-o-tremg\/"]}]},{"@type":"BreadcrumbList","@id":"https:\/\/www.estrategiaconcursos.com.br\/blog\/curso-de-discursivas-para-o-tremg\/#breadcrumb","itemListElement":[{"@type":"ListItem","position":1,"name":"In\u00edcio","item":"https:\/\/www.estrategiaconcursos.com.br\/blog\/"},{"@type":"ListItem","position":2,"name":"Curso de Discursivas para o TRE\/MG"}]},{"@type":"WebSite","@id":"https:\/\/www.estrategiaconcursos.com.br\/blog\/#website","url":"https:\/\/www.estrategiaconcursos.com.br\/blog\/","name":"Estrat\u00e9gia Concursos","description":"O blog da Estrat\u00e9gia Concursos traz not\u00edcias sobre concursos e artigos de professores oferecendo cursos para concursos (pdf + videaulas) no site.","publisher":{"@id":"https:\/\/www.estrategiaconcursos.com.br\/blog\/#organization"},"potentialAction":[{"@type":"SearchAction","target":{"@type":"EntryPoint","urlTemplate":"https:\/\/www.estrategiaconcursos.com.br\/blog\/?s={search_term_string}"},"query-input":{"@type":"PropertyValueSpecification","valueRequired":true,"valueName":"search_term_string"}}],"inLanguage":"pt-BR"},{"@type":"Organization","@id":"https:\/\/www.estrategiaconcursos.com.br\/blog\/#organization","name":"Estrat\u00e9gia Concursos","url":"https:\/\/www.estrategiaconcursos.com.br\/blog\/","logo":{"@type":"ImageObject","inLanguage":"pt-BR","@id":"https:\/\/www.estrategiaconcursos.com.br\/blog\/#\/schema\/logo\/image\/","url":"https:\/\/dhg1h5j42swfq.cloudfront.net\/2025\/06\/03203428\/logo_concursos-1.jpg","contentUrl":"https:\/\/dhg1h5j42swfq.cloudfront.net\/2025\/06\/03203428\/logo_concursos-1.jpg","width":230,"height":60,"caption":"Estrat\u00e9gia Concursos"},"image":{"@id":"https:\/\/www.estrategiaconcursos.com.br\/blog\/#\/schema\/logo\/image\/"},"sameAs":["https:\/\/x.com\/EstratConcursos"]},{"@type":"Person","@id":"https:\/\/www.estrategiaconcursos.com.br\/blog\/#\/schema\/person\/aa39cf5ddb518e5bdce27c35788405e2","name":"Ricardo Torques","image":{"@type":"ImageObject","inLanguage":"pt-BR","@id":"https:\/\/secure.gravatar.com\/avatar\/ce9ac6c3cff25fe86d15ed568ebc64d1724baf5c0693133bcb1f6073f712f92a?s=96&d=mm&r=g","url":"https:\/\/secure.gravatar.com\/avatar\/ce9ac6c3cff25fe86d15ed568ebc64d1724baf5c0693133bcb1f6073f712f92a?s=96&d=mm&r=g","contentUrl":"https:\/\/secure.gravatar.com\/avatar\/ce9ac6c3cff25fe86d15ed568ebc64d1724baf5c0693133bcb1f6073f712f92a?s=96&d=mm&r=g","caption":"Ricardo Torques"},"sameAs":["https:\/\/www.facebook.com\/ricardo.s.torques"],"url":"https:\/\/www.estrategiaconcursos.com.br\/blog\/author\/ricardotorquesestrategiaconcursos-com-br\/"}]}},"_links":{"self":[{"href":"https:\/\/www.estrategiaconcursos.com.br\/blog\/wp-json\/wp\/v2\/posts\/19547","targetHints":{"allow":["GET"]}}],"collection":[{"href":"https:\/\/www.estrategiaconcursos.com.br\/blog\/wp-json\/wp\/v2\/posts"}],"about":[{"href":"https:\/\/www.estrategiaconcursos.com.br\/blog\/wp-json\/wp\/v2\/types\/post"}],"author":[{"embeddable":true,"href":"https:\/\/www.estrategiaconcursos.com.br\/blog\/wp-json\/wp\/v2\/users\/180"}],"replies":[{"embeddable":true,"href":"https:\/\/www.estrategiaconcursos.com.br\/blog\/wp-json\/wp\/v2\/comments?post=19547"}],"version-history":[{"count":4,"href":"https:\/\/www.estrategiaconcursos.com.br\/blog\/wp-json\/wp\/v2\/posts\/19547\/revisions"}],"predecessor-version":[{"id":19589,"href":"https:\/\/www.estrategiaconcursos.com.br\/blog\/wp-json\/wp\/v2\/posts\/19547\/revisions\/19589"}],"wp:attachment":[{"href":"https:\/\/www.estrategiaconcursos.com.br\/blog\/wp-json\/wp\/v2\/media?parent=19547"}],"wp:term":[{"taxonomy":"category","embeddable":true,"href":"https:\/\/www.estrategiaconcursos.com.br\/blog\/wp-json\/wp\/v2\/categories?post=19547"},{"taxonomy":"post_tag","embeddable":true,"href":"https:\/\/www.estrategiaconcursos.com.br\/blog\/wp-json\/wp\/v2\/tags?post=19547"},{"taxonomy":"tax_estado","embeddable":true,"href":"https:\/\/www.estrategiaconcursos.com.br\/blog\/wp-json\/wp\/v2\/tax_estado?post=19547"}],"curies":[{"name":"wp","href":"https:\/\/api.w.org\/{rel}","templated":true}]}}