{"id":19458,"date":"2014-11-25T17:03:00","date_gmt":"2014-11-25T20:03:00","guid":{"rendered":"https:\/\/www.estrategiaconcursos.com.br\/blog\/?p=19458"},"modified":"2015-01-05T13:51:15","modified_gmt":"2015-01-05T16:51:15","slug":"prova-comentada-de-processo-civil-tecnico-tjrj-parte-ii","status":"publish","type":"post","link":"https:\/\/www.estrategiaconcursos.com.br\/blog\/prova-comentada-de-processo-civil-tecnico-tjrj-parte-ii\/","title":{"rendered":"Prova comentada de Processo Civil \u2013 T\u00e9cnico do TJRJ \u2013 Parte II"},"content":{"rendered":"<p>Ol\u00e1 leitores do Estrat\u00e9gia,<\/p>\n<p>esta \u00e9 a parte II dos coment\u00e1rios \u00e0 prova de Direito Processual Civil &#8211; t\u00e9cnico de atua\u00e7\u00e3o judici\u00e1ria. Nela, comentaremos as quest\u00f5es 59 a 65.<\/p>\n<p>N\u00e3o encontramos raz\u00f5es para recursos.<\/p>\n<p>Bons estudos!<\/p>\n<p>&nbsp;<\/p>\n<p><strong>59. A cita\u00e7\u00e3o pode ser feita pelo correio, no seguinte caso:<\/strong><br \/>\n<strong> (A) processos de execu\u00e7\u00e3o;<\/strong><br \/>\n<strong> (B) quando for r\u00e9 pessoa jur\u00eddica de direito p\u00fablico;<\/strong><br \/>\n<strong> (C) quando for r\u00e9 pessoa incapaz;<\/strong><br \/>\n<strong> (D) a\u00e7\u00f5es de estado;<\/strong><br \/>\n<strong> (E) a\u00e7\u00f5es que visem \u00e0 rescis\u00e3o de contrato.<\/strong><br \/>\nNesta quest\u00e3o o examinador cobrou o conhecimento relativo \u00e0s exce\u00e7\u00f5es do artigo 222 do CPC, a saber:<br \/>\n\u201c<em>Art. 222. A cita\u00e7\u00e3o ser\u00e1 feita pelo correio, para qualquer comarca do Pa\u00eds, exceto:<\/em><br \/>\n<em> a) nas a\u00e7\u00f5es de estado;<\/em><br \/>\n<em> b) quando for r\u00e9 pessoa incapaz;<\/em><br \/>\n<em> c) quando for r\u00e9 pessoa de direito p\u00fablico;<\/em><br \/>\n<em> d) nos processos de execu\u00e7\u00e3o;<\/em><br \/>\n<em> e) quando o r\u00e9u residir em local n\u00e3o atendido pela entrega domiciliar de correspond\u00eancia;<\/em><br \/>\n<em> f) quando o autor a requerer de outra forma.<\/em>\u201d<br \/>\n<strong>Gabarito: E<\/strong><\/p>\n<p><strong>60. Senten\u00e7a que reconhece a paternidade atribu\u00edda ao r\u00e9u e lhe imp\u00f5e o dever de prestar alimentos ao autor \u00e9:<\/strong><br \/>\n<strong> (A) constitutiva em rela\u00e7\u00e3o ao primeiro pedido e condenat\u00f3ria quanto ao segundo;<\/strong><br \/>\n<strong> (B) meramente declarat\u00f3ria em rela\u00e7\u00e3o a ambos os pedidos;<\/strong><br \/>\n<strong> (C) meramente declarat\u00f3ria em rela\u00e7\u00e3o ao primeiro pedido e condenat\u00f3ria quanto ao segundo;<\/strong><br \/>\n<strong> (D) constitutiva em rela\u00e7\u00e3o a ambos os pedidos;<\/strong><br \/>\n<strong> (E) meramente declarat\u00f3ria em rela\u00e7\u00e3o ao primeiro pedido e constitutiva quanto ao segundo.<\/strong><br \/>\nA letra \u201cc\u201d \u00e9 a resposta adequada \u00e0 quest\u00e3o. A senten\u00e7a ser\u00e1 meramente declarat\u00f3ria ao reconhecer a paternidade atribu\u00edda ao r\u00e9u, e ser\u00e1 condenat\u00f3ria ao impor o dever de prestar alimentos. \u00c9 senten\u00e7a de natureza mista: declarat\u00f3ria e condenat\u00f3ria.<br \/>\nA senten\u00e7a declarat\u00f3ria visa a declarar a exist\u00eancia ou n\u00e3o de uma rela\u00e7\u00e3o jur\u00eddica de direito material. Para que haja uma senten\u00e7a meramente declarat\u00f3ria \u00e9 necess\u00e1ria uma crise de incerteza objetiva e real, que caso n\u00e3o seja solucionada acarretar\u00e1 danos ao autor.<br \/>\nA senten\u00e7a condenat\u00f3ria \u00e9 a \u00fanica que poder\u00e1 atribuir \u00e0 parte vencedora o poder de promover execu\u00e7\u00e3o contra o sucumbente. Portanto, se a parte se tornar inadimplente de presta\u00e7\u00e3o imposta por senten\u00e7a condenat\u00f3ria, poder\u00e1 ser realizada execu\u00e7\u00e3o for\u00e7ada.<br \/>\n<strong>Gabarito: C<\/strong><\/p>\n<p><strong>61. Pretens\u00e3o de reconhecimento de paternidade atribu\u00edda ao r\u00e9u e de que se lhe imponha o dever de prestar alimentos \u00e9 uma hip\u00f3tese de cumula\u00e7\u00e3o:<\/strong><br \/>\n<strong> (A) alternativa de pedidos;<\/strong><br \/>\n<strong> (B) eventual de pedidos;<\/strong><br \/>\n<strong> (C) simples de pedidos;<\/strong><br \/>\n<strong> (D) sucessiva de pedidos;<\/strong><br \/>\n<strong> (E) ulterior de pedidos.<\/strong><br \/>\nExemplo cl\u00e1ssico de cumula\u00e7\u00e3o sucessiva de pedidos.<br \/>\nNa cumula\u00e7\u00e3o sucessiva de pedidos, h\u00e1 entre eles uma rela\u00e7\u00e3o de prejudicabilidade, de maneira que para acolher o pedido posterior (alimentos), o anterior (paternidade) deve ser acolhido.<br \/>\n<strong>Gabarito: D<\/strong><\/p>\n<p><strong>62. Determinado processo ficou paralisado por mais de trinta dias, em raz\u00e3o da in\u00e9rcia da parte autora, que n\u00e3o promoveu os atos e dilig\u00eancias que lhe competiam. Nesse contexto, deve o juiz:<\/strong><br \/>\n<strong> (A) julgar de imediato o m\u00e9rito da causa, rejeitando o pedido do autor;<\/strong><br \/>\n<strong> (B) decretar a suspens\u00e3o do feito, no aguardo da iniciativa do autor no sentido de requerer o que entender pertinente;<\/strong><br \/>\n<strong> (C) proferir de imediato senten\u00e7a terminativa;<\/strong><br \/>\n<strong> (D) determinar a intima\u00e7\u00e3o pessoal do autor para suprir a falta em quarenta e oito horas e, persistindo a sua postura inerte, proferir senten\u00e7a terminativa;<\/strong><br \/>\n<strong> (E) determinar o prosseguimento do feito, interditando futuras manifesta\u00e7\u00f5es do autor.<\/strong><br \/>\nResposta no artigo 267 do CPC:<br \/>\n\u201c<em>Art. 267. Extingue-se o processo, sem resolu\u00e7\u00e3o de m\u00e9rito: [&#8230;]<\/em><br \/>\n<em> III &#8211; quando, por n\u00e3o promover os atos e dilig\u00eancias que lhe competir, o autor abandonar a causa por mais de 30 (trinta) dias; [&#8230;]<\/em><br \/>\n<em> \u00a7 1\u00ba O juiz ordenar\u00e1, nos casos dos ns. II e Ill, o arquivamento dos autos, declarando a extin\u00e7\u00e3o do processo, se a parte, intimada pessoalmente, n\u00e3o suprir a falta em 48 (quarenta e oito) horas.<\/em>\u201d<br \/>\n<strong>Gabarito: D<\/strong><\/p>\n<p><strong>63. N\u00c3O se refere a um requisito da peti\u00e7\u00e3o inicial:<\/strong><br \/>\n<strong> (A) o \u00f3rg\u00e3o judicial ao qual \u00e9 dirigida;<\/strong><br \/>\n<strong> (B) o dispositivo legal aplic\u00e1vel ao caso;<\/strong><br \/>\n<strong> (C) o pedido, com as suas especifica\u00e7\u00f5es;<\/strong><br \/>\n<strong> (D) o valor da causa;<\/strong><br \/>\n<strong> (E) o endere\u00e7o em que o advogado dever\u00e1 receber intima\u00e7\u00e3o.<\/strong><br \/>\nAl\u00e9m dos requisitos da peti\u00e7\u00e3o inicial previstos nos artigos 282 e 283 do CPC (expostos abaixo), h\u00e1 que se observar a previs\u00e3o do artigo 39, a saber:<br \/>\n\u201c<em>Art. 39. Compete ao advogado, ou \u00e0 parte quando postular em causa pr\u00f3pria:<\/em><br \/>\n<em> I &#8211; declarar, na peti\u00e7\u00e3o inicial ou na contesta\u00e7\u00e3o, o endere\u00e7o em que receber\u00e1 intima\u00e7\u00e3o;<\/em><br \/>\n<em> II &#8211; comunicar ao escriv\u00e3o do processo qualquer mudan\u00e7a de endere\u00e7o.<\/em><br \/>\n<em> Par\u00e1grafo \u00fanico. Se o advogado n\u00e3o cumprir o disposto no n\u00ba I deste artigo, o juiz, antes de determinar a cita\u00e7\u00e3o do r\u00e9u, mandar\u00e1 que se supra a omiss\u00e3o no prazo de 48 (quarenta e oito) horas, sob pena de indeferimento da peti\u00e7\u00e3o; se infringir o previsto no n\u00ba II, reputar-se-\u00e3o v\u00e1lidas as intima\u00e7\u00f5es enviadas, em carta registrada, para o endere\u00e7o constante dos autos.<\/em>\u201d<br \/>\nRequisitos dos artigos 282 e 283:<br \/>\n\u201c<em>Art. 282. A peti\u00e7\u00e3o inicial indicar\u00e1:<\/em><br \/>\n<em> I &#8211; o juiz ou tribunal, a que \u00e9 dirigida;<\/em><br \/>\n<em> II &#8211; os nomes, prenomes, estado civil, profiss\u00e3o, domic\u00edlio e resid\u00eancia do autor e do r\u00e9u;<\/em><br \/>\n<em> III &#8211; o fato e os fundamentos jur\u00eddicos do pedido;<\/em><br \/>\n<em> IV &#8211; o pedido, com as suas especifica\u00e7\u00f5es;<\/em><br \/>\n<em> V &#8211; o valor da causa;<\/em><br \/>\n<em> VI &#8211; as provas com que o autor pretende demonstrar a verdade dos fatos alegados;<\/em><br \/>\n<em> VII &#8211; o requerimento para a cita\u00e7\u00e3o do r\u00e9u.<\/em><br \/>\n<em> Art. 283. A peti\u00e7\u00e3o inicial ser\u00e1 instru\u00edda com os documentos indispens\u00e1veis \u00e0 propositura da a\u00e7\u00e3o.<\/em>\u201d<br \/>\nDe todas as op\u00e7\u00f5es a serem marcadas na quest\u00e3o, a \u00fanica para a qual n\u00e3o h\u00e1 expressa exig\u00eancia em lei \u00e1 a da letra B. N\u00e3o se deve confundir o fundamento jur\u00eddico do pedido (inciso III, art. 282) com \u201cdispositivo legal aplic\u00e1vel ao caso\u201d, at\u00e9 porque h\u00e1 situa\u00e7\u00f5es em que o pedido se fundar\u00e1 em tese jur\u00eddica desprovida de expressa previs\u00e3o legal, e o juiz n\u00e3o poder\u00e1 se furtar de decidir sobre a quest\u00e3o alegando lacuna da lei.<br \/>\n<strong>Gabarito: B<\/strong><\/p>\n<p><strong>64. Caio prop\u00f4s a\u00e7\u00e3o de indeniza\u00e7\u00e3o em face do Estado do Rio de Janeiro, pleiteando a condena\u00e7\u00e3o deste a lhe pagar verba reparat\u00f3ria de danos morais no valor de duzentos mil reais. Acolhido integralmente o pleito autoral, foi o ente pol\u00edtico intimado da senten\u00e7a no dia 15 de setembro de 2014, vindo a interpor recurso de apela\u00e7\u00e3o no dia 10 de outubro, sem recolher quaisquer valores a t\u00edtulo de preparo. Relativamente ao apelo manejado, \u00e9 correto afirmar que:<\/strong><br \/>\n<strong> (A) deve receber ju\u00edzo negativo de admissibilidade, em raz\u00e3o de sua intempestividade e da aus\u00eancia de preparo;<\/strong><br \/>\n<strong> (B) deve receber ju\u00edzo positivo de admissibilidade, j\u00e1 que cumpridos os respectivos requisitos;<\/strong><br \/>\n<strong> (C) deve receber ju\u00edzo negativo de admissibilidade, em raz\u00e3o da aus\u00eancia de interesse recursal, considerando que incide na esp\u00e9cie o duplo grau de jurisdi\u00e7\u00e3o obrigat\u00f3rio;<\/strong><br \/>\n<strong> (D) deve receber ju\u00edzo negativo de admissibilidade, apenas em raz\u00e3o de sua intempestividade;<\/strong><br \/>\n<strong> (E) deve receber ju\u00edzo positivo de admissibilidade, j\u00e1 que a Fazenda P\u00fablica \u00e9 isenta de preparo e n\u00e3o est\u00e1 sujeita a prazos recursais.<\/strong><br \/>\nVamos analisar os pontos levantados na quest\u00e3o:<br \/>\nO recurso \u00e9 tempestivo, porque o prazo comum para interpor apela\u00e7\u00e3o \u00e9 de 15 dias, mas o Estado do Rio de Janeiro (fazenda p\u00fablica) goza do prazo em dobro (30 dias) para recorrer (art. 188, CPC).<br \/>\nOs estados da federa\u00e7\u00e3o est\u00e3o dispensados de preparo: &#8220;<em>Art. 511. No ato de interposi\u00e7\u00e3o do recurso, o recorrente comprovar\u00e1, quando exigido pela legisla\u00e7\u00e3o pertinente, o respectivo preparo, inclusive porte de remessa e de retorno, sob pena de deser\u00e7\u00e3o. [&#8230;] \u00a7 1\u00ba S\u00e3o dispensados de preparo os recursos interpostos pelo Minist\u00e9rio P\u00fablico, pela Uni\u00e3o, pelos Estados e Munic\u00edpios e respectivas autarquias, e pelos que gozam de isen\u00e7\u00e3o legal.&#8221;<\/em><br \/>\nPor fim, o reexame obrigat\u00f3rio (duplo grau de jurisdi\u00e7\u00e3o obrigat\u00f3rio) incide no caso e, portanto, h\u00e1 interesse recursal do Estado do Rio de Janeiro.<br \/>\n\u201c<em>Art. 475. Est\u00e1 sujeita ao duplo grau de jurisdi\u00e7\u00e3o, n\u00e3o produzindo efeito sen\u00e3o depois de confirmada pelo tribunal, a senten\u00e7a:<\/em><br \/>\n<em> I &#8211; proferida contra a Uni\u00e3o, o Estado, o Distrito Federal, o Munic\u00edpio, e as respectivas autarquias e funda\u00e7\u00f5es de direito p\u00fablico;<\/em><br \/>\n<em> [&#8230;]<\/em><br \/>\n<em> \u00a7 2\u00ba N\u00e3o se aplica o disposto neste artigo sempre que a condena\u00e7\u00e3o, ou o direito controvertido, for de valor certo n\u00e3o excedente a 60 (sessenta) sal\u00e1rios m\u00ednimos, bem como no caso de proced\u00eancia dos embargos do devedor na execu\u00e7\u00e3o de d\u00edvida ativa do mesmo valor.<\/em><br \/>\n<em> \u00a7 3\u00ba Tamb\u00e9m n\u00e3o se aplica o disposto neste artigo quando a senten\u00e7a estiver fundada em jurisprud\u00eancia do plen\u00e1rio do Supremo Tribunal Federal ou em s\u00famula deste Tribunal ou do tribunal superior competente.<\/em>\u201d<br \/>\n<strong>Gabarito: B<\/strong><\/p>\n<p><strong>65. Jos\u00e9 prop\u00f4s a\u00e7\u00e3o de cobran\u00e7a em face de Maria, pleiteando a condena\u00e7\u00e3o desta a lhe pagar a quantia de dez mil reais. Concluindo que os fatos constitutivos do direito de cr\u00e9dito restaram comprovados, o juiz julgou procedente o pedido, condenando a r\u00e9, por\u00e9m, a pagar ao autor a quantia de vinte mil reais. Nesse cen\u00e1rio, pode-se concluir que houve um julgamento:<\/strong><br \/>\n<strong> (A) citra petita, sendo a senten\u00e7a pass\u00edvel de anula\u00e7\u00e3o;<\/strong><br \/>\n<strong> (B) extra petita, sendo a senten\u00e7a pass\u00edvel de anula\u00e7\u00e3o;<\/strong><br \/>\n<strong> (C) extra petita, sendo a senten\u00e7a pass\u00edvel de reforma;<\/strong><br \/>\n<strong> (D) ultra petita, sendo a senten\u00e7a pass\u00edvel de anula\u00e7\u00e3o;<\/strong><br \/>\n<strong> (E) ultra petita, sendo pass\u00edvel de anula\u00e7\u00e3o apenas a parte da senten\u00e7a correspondente ao excesso, o qual dever\u00e1 ser podado.<\/strong><br \/>\n\u201c<em>Art. 460. \u00c9 defeso ao juiz proferir senten\u00e7a, a favor do autor, de natureza diversa da pedida, bem como condenar o r\u00e9u em quantidade superior ou em objeto diverso do que lhe foi demandado.<\/em>\u201d<br \/>\nAssim, o juiz n\u00e3o pode fundamentar-se em causa de pedir diferente da narrada pelo autor. A senten\u00e7a ser\u00e1:<br \/>\n&#8211; Extra petita: se for concedida tutela jurisdicional diversa da que o autor pleiteou.<br \/>\n&#8211; Citra petita (infra petita): se a tutela jurisdicional concedida fica aqu\u00e9m da pretendida.<br \/>\n&#8211; Ultra petita: se o juiz concede al\u00e9m do que foi requerido. N\u00e3o h\u00e1 nulidade da decis\u00e3o, caber\u00e1 ao tribunal retirar o excesso, com a redu\u00e7\u00e3o da condena\u00e7\u00e3o. Este \u00e9 o caso da quest\u00e3o.<br \/>\n<strong>Gabarito: E<\/strong><\/p>\n","protected":false},"excerpt":{"rendered":"<p>Ol\u00e1 leitores do Estrat\u00e9gia, esta \u00e9 a parte II dos coment\u00e1rios \u00e0 prova de Direito Processual Civil &#8211; t\u00e9cnico de atua\u00e7\u00e3o judici\u00e1ria. Nela, comentaremos as quest\u00f5es 59 a 65. N\u00e3o encontramos raz\u00f5es para recursos. Bons estudos! &nbsp; 59. A cita\u00e7\u00e3o pode ser feita pelo correio, no seguinte caso: (A) processos de execu\u00e7\u00e3o; (B) quando for [&hellip;]<\/p>\n","protected":false},"author":32,"featured_media":0,"comment_status":"open","ping_status":"open","sticky":false,"template":"","format":"standard","meta":{"post_tipo":"article","footnotes":""},"categories":[],"tags":[514],"tax_estado":[],"class_list":["post-19458","post","type-post","status-publish","format-standard","hentry","tag-tj-rj"],"acf":[],"yoast_head":"<!-- This site is optimized with the Yoast SEO Premium plugin v27.2 (Yoast SEO v27.2) - https:\/\/yoast.com\/product\/yoast-seo-premium-wordpress\/ -->\n<title>Prova comentada de Processo Civil \u2013 T\u00e9cnico do TJRJ \u2013 Parte II<\/title>\n<meta name=\"robots\" content=\"index, follow, max-snippet:-1, max-image-preview:large, max-video-preview:-1\" \/>\n<link rel=\"canonical\" href=\"https:\/\/www.estrategiaconcursos.com.br\/blog\/prova-comentada-de-processo-civil-tecnico-tjrj-parte-ii\/\" \/>\n<meta property=\"og:locale\" content=\"pt_BR\" \/>\n<meta property=\"og:type\" content=\"article\" \/>\n<meta property=\"og:title\" content=\"Prova comentada de Processo Civil \u2013 T\u00e9cnico do TJRJ \u2013 Parte II\" \/>\n<meta property=\"og:description\" content=\"Ol\u00e1 leitores do Estrat\u00e9gia, esta \u00e9 a parte II dos coment\u00e1rios \u00e0 prova de Direito Processual Civil &#8211; t\u00e9cnico de atua\u00e7\u00e3o judici\u00e1ria. Nela, comentaremos as quest\u00f5es 59 a 65. N\u00e3o encontramos raz\u00f5es para recursos. Bons estudos! &nbsp; 59. A cita\u00e7\u00e3o pode ser feita pelo correio, no seguinte caso: (A) processos de execu\u00e7\u00e3o; (B) quando for [&hellip;]\" \/>\n<meta property=\"og:url\" content=\"https:\/\/www.estrategiaconcursos.com.br\/blog\/prova-comentada-de-processo-civil-tecnico-tjrj-parte-ii\/\" \/>\n<meta property=\"og:site_name\" content=\"Estrat\u00e9gia Concursos\" \/>\n<meta property=\"article:author\" content=\"facebook.com\/professorgabrielborges\" \/>\n<meta property=\"article:published_time\" content=\"2014-11-25T20:03:00+00:00\" \/>\n<meta property=\"article:modified_time\" content=\"2015-01-05T16:51:15+00:00\" \/>\n<meta name=\"author\" content=\"Gabriel Borges\" \/>\n<meta name=\"twitter:card\" content=\"summary_large_image\" \/>\n<meta name=\"twitter:creator\" content=\"@EstratConcursos\" \/>\n<meta name=\"twitter:site\" content=\"@EstratConcursos\" \/>\n<meta name=\"twitter:label1\" content=\"Escrito por\" \/>\n\t<meta name=\"twitter:data1\" content=\"Gabriel Borges\" \/>\n\t<meta name=\"twitter:label2\" content=\"Est. tempo de leitura\" \/>\n\t<meta name=\"twitter:data2\" content=\"9 minutos\" \/>\n<script type=\"application\/ld+json\" class=\"yoast-schema-graph\">{\"@context\":\"https:\/\/schema.org\",\"@graph\":[{\"@type\":\"NewsArticle\",\"@id\":\"https:\/\/www.estrategiaconcursos.com.br\/blog\/prova-comentada-de-processo-civil-tecnico-tjrj-parte-ii\/#article\",\"isPartOf\":{\"@id\":\"https:\/\/www.estrategiaconcursos.com.br\/blog\/prova-comentada-de-processo-civil-tecnico-tjrj-parte-ii\/\"},\"author\":{\"name\":\"Gabriel Borges\",\"@id\":\"https:\/\/www.estrategiaconcursos.com.br\/blog\/#\/schema\/person\/9e5c3c1435570e992b72a04cf1b37243\"},\"headline\":\"Prova comentada de Processo Civil \u2013 T\u00e9cnico do TJRJ \u2013 Parte II\",\"datePublished\":\"2014-11-25T20:03:00+00:00\",\"dateModified\":\"2015-01-05T16:51:15+00:00\",\"mainEntityOfPage\":{\"@id\":\"https:\/\/www.estrategiaconcursos.com.br\/blog\/prova-comentada-de-processo-civil-tecnico-tjrj-parte-ii\/\"},\"wordCount\":1822,\"commentCount\":0,\"publisher\":{\"@id\":\"https:\/\/www.estrategiaconcursos.com.br\/blog\/#organization\"},\"keywords\":[\"TJ-RJ\"],\"inLanguage\":\"pt-BR\",\"potentialAction\":[{\"@type\":\"CommentAction\",\"name\":\"Comment\",\"target\":[\"https:\/\/www.estrategiaconcursos.com.br\/blog\/prova-comentada-de-processo-civil-tecnico-tjrj-parte-ii\/#respond\"]}],\"copyrightYear\":\"2014\",\"copyrightHolder\":{\"@id\":\"https:\/\/www.estrategiaconcursos.com.br\/blog\/#organization\"}},{\"@type\":\"WebPage\",\"@id\":\"https:\/\/www.estrategiaconcursos.com.br\/blog\/prova-comentada-de-processo-civil-tecnico-tjrj-parte-ii\/\",\"url\":\"https:\/\/www.estrategiaconcursos.com.br\/blog\/prova-comentada-de-processo-civil-tecnico-tjrj-parte-ii\/\",\"name\":\"Prova comentada de Processo Civil \u2013 T\u00e9cnico do TJRJ \u2013 Parte II\",\"isPartOf\":{\"@id\":\"https:\/\/www.estrategiaconcursos.com.br\/blog\/#website\"},\"datePublished\":\"2014-11-25T20:03:00+00:00\",\"dateModified\":\"2015-01-05T16:51:15+00:00\",\"breadcrumb\":{\"@id\":\"https:\/\/www.estrategiaconcursos.com.br\/blog\/prova-comentada-de-processo-civil-tecnico-tjrj-parte-ii\/#breadcrumb\"},\"inLanguage\":\"pt-BR\",\"potentialAction\":[{\"@type\":\"ReadAction\",\"target\":[\"https:\/\/www.estrategiaconcursos.com.br\/blog\/prova-comentada-de-processo-civil-tecnico-tjrj-parte-ii\/\"]}]},{\"@type\":\"BreadcrumbList\",\"@id\":\"https:\/\/www.estrategiaconcursos.com.br\/blog\/prova-comentada-de-processo-civil-tecnico-tjrj-parte-ii\/#breadcrumb\",\"itemListElement\":[{\"@type\":\"ListItem\",\"position\":1,\"name\":\"In\u00edcio\",\"item\":\"https:\/\/www.estrategiaconcursos.com.br\/blog\/\"},{\"@type\":\"ListItem\",\"position\":2,\"name\":\"Prova comentada de Processo Civil \u2013 T\u00e9cnico do TJRJ \u2013 Parte II\"}]},{\"@type\":\"WebSite\",\"@id\":\"https:\/\/www.estrategiaconcursos.com.br\/blog\/#website\",\"url\":\"https:\/\/www.estrategiaconcursos.com.br\/blog\/\",\"name\":\"Estrat\u00e9gia Concursos\",\"description\":\"O blog da Estrat\u00e9gia Concursos traz not\u00edcias sobre concursos e artigos de professores oferecendo cursos para concursos (pdf + videaulas) no site.\",\"publisher\":{\"@id\":\"https:\/\/www.estrategiaconcursos.com.br\/blog\/#organization\"},\"potentialAction\":[{\"@type\":\"SearchAction\",\"target\":{\"@type\":\"EntryPoint\",\"urlTemplate\":\"https:\/\/www.estrategiaconcursos.com.br\/blog\/?s={search_term_string}\"},\"query-input\":{\"@type\":\"PropertyValueSpecification\",\"valueRequired\":true,\"valueName\":\"search_term_string\"}}],\"inLanguage\":\"pt-BR\"},{\"@type\":\"Organization\",\"@id\":\"https:\/\/www.estrategiaconcursos.com.br\/blog\/#organization\",\"name\":\"Estrat\u00e9gia Concursos\",\"url\":\"https:\/\/www.estrategiaconcursos.com.br\/blog\/\",\"logo\":{\"@type\":\"ImageObject\",\"inLanguage\":\"pt-BR\",\"@id\":\"https:\/\/www.estrategiaconcursos.com.br\/blog\/#\/schema\/logo\/image\/\",\"url\":\"https:\/\/dhg1h5j42swfq.cloudfront.net\/2025\/06\/03203428\/logo_concursos-1.jpg\",\"contentUrl\":\"https:\/\/dhg1h5j42swfq.cloudfront.net\/2025\/06\/03203428\/logo_concursos-1.jpg\",\"width\":230,\"height\":60,\"caption\":\"Estrat\u00e9gia Concursos\"},\"image\":{\"@id\":\"https:\/\/www.estrategiaconcursos.com.br\/blog\/#\/schema\/logo\/image\/\"},\"sameAs\":[\"https:\/\/x.com\/EstratConcursos\"]},{\"@type\":\"Person\",\"@id\":\"https:\/\/www.estrategiaconcursos.com.br\/blog\/#\/schema\/person\/9e5c3c1435570e992b72a04cf1b37243\",\"name\":\"Gabriel Borges\",\"image\":{\"@type\":\"ImageObject\",\"inLanguage\":\"pt-BR\",\"@id\":\"https:\/\/secure.gravatar.com\/avatar\/be2799aa77611ff8261d7ed48aabeba33838bc6bc219cd46d9fa887b983110ea?s=96&d=mm&r=g\",\"url\":\"https:\/\/secure.gravatar.com\/avatar\/be2799aa77611ff8261d7ed48aabeba33838bc6bc219cd46d9fa887b983110ea?s=96&d=mm&r=g\",\"contentUrl\":\"https:\/\/secure.gravatar.com\/avatar\/be2799aa77611ff8261d7ed48aabeba33838bc6bc219cd46d9fa887b983110ea?s=96&d=mm&r=g\",\"caption\":\"Gabriel Borges\"},\"sameAs\":[\"facebook.com\/professorgabrielborges\"],\"url\":\"https:\/\/www.estrategiaconcursos.com.br\/blog\/author\/gabrielborgesestrategiaconcursos-com-br\/\"}]}<\/script>\n<!-- \/ Yoast SEO Premium plugin. -->","yoast_head_json":{"title":"Prova comentada de Processo Civil \u2013 T\u00e9cnico do TJRJ \u2013 Parte II","robots":{"index":"index","follow":"follow","max-snippet":"max-snippet:-1","max-image-preview":"max-image-preview:large","max-video-preview":"max-video-preview:-1"},"canonical":"https:\/\/www.estrategiaconcursos.com.br\/blog\/prova-comentada-de-processo-civil-tecnico-tjrj-parte-ii\/","og_locale":"pt_BR","og_type":"article","og_title":"Prova comentada de Processo Civil \u2013 T\u00e9cnico do TJRJ \u2013 Parte II","og_description":"Ol\u00e1 leitores do Estrat\u00e9gia, esta \u00e9 a parte II dos coment\u00e1rios \u00e0 prova de Direito Processual Civil &#8211; t\u00e9cnico de atua\u00e7\u00e3o judici\u00e1ria. Nela, comentaremos as quest\u00f5es 59 a 65. N\u00e3o encontramos raz\u00f5es para recursos. Bons estudos! &nbsp; 59. A cita\u00e7\u00e3o pode ser feita pelo correio, no seguinte caso: (A) processos de execu\u00e7\u00e3o; (B) quando for [&hellip;]","og_url":"https:\/\/www.estrategiaconcursos.com.br\/blog\/prova-comentada-de-processo-civil-tecnico-tjrj-parte-ii\/","og_site_name":"Estrat\u00e9gia Concursos","article_author":"facebook.com\/professorgabrielborges","article_published_time":"2014-11-25T20:03:00+00:00","article_modified_time":"2015-01-05T16:51:15+00:00","author":"Gabriel Borges","twitter_card":"summary_large_image","twitter_creator":"@EstratConcursos","twitter_site":"@EstratConcursos","twitter_misc":{"Escrito por":"Gabriel Borges","Est. tempo de leitura":"9 minutos"},"schema":{"@context":"https:\/\/schema.org","@graph":[{"@type":"NewsArticle","@id":"https:\/\/www.estrategiaconcursos.com.br\/blog\/prova-comentada-de-processo-civil-tecnico-tjrj-parte-ii\/#article","isPartOf":{"@id":"https:\/\/www.estrategiaconcursos.com.br\/blog\/prova-comentada-de-processo-civil-tecnico-tjrj-parte-ii\/"},"author":{"name":"Gabriel Borges","@id":"https:\/\/www.estrategiaconcursos.com.br\/blog\/#\/schema\/person\/9e5c3c1435570e992b72a04cf1b37243"},"headline":"Prova comentada de Processo Civil \u2013 T\u00e9cnico do TJRJ \u2013 Parte II","datePublished":"2014-11-25T20:03:00+00:00","dateModified":"2015-01-05T16:51:15+00:00","mainEntityOfPage":{"@id":"https:\/\/www.estrategiaconcursos.com.br\/blog\/prova-comentada-de-processo-civil-tecnico-tjrj-parte-ii\/"},"wordCount":1822,"commentCount":0,"publisher":{"@id":"https:\/\/www.estrategiaconcursos.com.br\/blog\/#organization"},"keywords":["TJ-RJ"],"inLanguage":"pt-BR","potentialAction":[{"@type":"CommentAction","name":"Comment","target":["https:\/\/www.estrategiaconcursos.com.br\/blog\/prova-comentada-de-processo-civil-tecnico-tjrj-parte-ii\/#respond"]}],"copyrightYear":"2014","copyrightHolder":{"@id":"https:\/\/www.estrategiaconcursos.com.br\/blog\/#organization"}},{"@type":"WebPage","@id":"https:\/\/www.estrategiaconcursos.com.br\/blog\/prova-comentada-de-processo-civil-tecnico-tjrj-parte-ii\/","url":"https:\/\/www.estrategiaconcursos.com.br\/blog\/prova-comentada-de-processo-civil-tecnico-tjrj-parte-ii\/","name":"Prova comentada de Processo Civil \u2013 T\u00e9cnico do TJRJ \u2013 Parte II","isPartOf":{"@id":"https:\/\/www.estrategiaconcursos.com.br\/blog\/#website"},"datePublished":"2014-11-25T20:03:00+00:00","dateModified":"2015-01-05T16:51:15+00:00","breadcrumb":{"@id":"https:\/\/www.estrategiaconcursos.com.br\/blog\/prova-comentada-de-processo-civil-tecnico-tjrj-parte-ii\/#breadcrumb"},"inLanguage":"pt-BR","potentialAction":[{"@type":"ReadAction","target":["https:\/\/www.estrategiaconcursos.com.br\/blog\/prova-comentada-de-processo-civil-tecnico-tjrj-parte-ii\/"]}]},{"@type":"BreadcrumbList","@id":"https:\/\/www.estrategiaconcursos.com.br\/blog\/prova-comentada-de-processo-civil-tecnico-tjrj-parte-ii\/#breadcrumb","itemListElement":[{"@type":"ListItem","position":1,"name":"In\u00edcio","item":"https:\/\/www.estrategiaconcursos.com.br\/blog\/"},{"@type":"ListItem","position":2,"name":"Prova comentada de Processo Civil \u2013 T\u00e9cnico do TJRJ \u2013 Parte II"}]},{"@type":"WebSite","@id":"https:\/\/www.estrategiaconcursos.com.br\/blog\/#website","url":"https:\/\/www.estrategiaconcursos.com.br\/blog\/","name":"Estrat\u00e9gia Concursos","description":"O blog da Estrat\u00e9gia Concursos traz not\u00edcias sobre concursos e artigos de professores oferecendo cursos para concursos (pdf + videaulas) no site.","publisher":{"@id":"https:\/\/www.estrategiaconcursos.com.br\/blog\/#organization"},"potentialAction":[{"@type":"SearchAction","target":{"@type":"EntryPoint","urlTemplate":"https:\/\/www.estrategiaconcursos.com.br\/blog\/?s={search_term_string}"},"query-input":{"@type":"PropertyValueSpecification","valueRequired":true,"valueName":"search_term_string"}}],"inLanguage":"pt-BR"},{"@type":"Organization","@id":"https:\/\/www.estrategiaconcursos.com.br\/blog\/#organization","name":"Estrat\u00e9gia Concursos","url":"https:\/\/www.estrategiaconcursos.com.br\/blog\/","logo":{"@type":"ImageObject","inLanguage":"pt-BR","@id":"https:\/\/www.estrategiaconcursos.com.br\/blog\/#\/schema\/logo\/image\/","url":"https:\/\/dhg1h5j42swfq.cloudfront.net\/2025\/06\/03203428\/logo_concursos-1.jpg","contentUrl":"https:\/\/dhg1h5j42swfq.cloudfront.net\/2025\/06\/03203428\/logo_concursos-1.jpg","width":230,"height":60,"caption":"Estrat\u00e9gia Concursos"},"image":{"@id":"https:\/\/www.estrategiaconcursos.com.br\/blog\/#\/schema\/logo\/image\/"},"sameAs":["https:\/\/x.com\/EstratConcursos"]},{"@type":"Person","@id":"https:\/\/www.estrategiaconcursos.com.br\/blog\/#\/schema\/person\/9e5c3c1435570e992b72a04cf1b37243","name":"Gabriel Borges","image":{"@type":"ImageObject","inLanguage":"pt-BR","@id":"https:\/\/secure.gravatar.com\/avatar\/be2799aa77611ff8261d7ed48aabeba33838bc6bc219cd46d9fa887b983110ea?s=96&d=mm&r=g","url":"https:\/\/secure.gravatar.com\/avatar\/be2799aa77611ff8261d7ed48aabeba33838bc6bc219cd46d9fa887b983110ea?s=96&d=mm&r=g","contentUrl":"https:\/\/secure.gravatar.com\/avatar\/be2799aa77611ff8261d7ed48aabeba33838bc6bc219cd46d9fa887b983110ea?s=96&d=mm&r=g","caption":"Gabriel Borges"},"sameAs":["facebook.com\/professorgabrielborges"],"url":"https:\/\/www.estrategiaconcursos.com.br\/blog\/author\/gabrielborgesestrategiaconcursos-com-br\/"}]}},"_links":{"self":[{"href":"https:\/\/www.estrategiaconcursos.com.br\/blog\/wp-json\/wp\/v2\/posts\/19458","targetHints":{"allow":["GET"]}}],"collection":[{"href":"https:\/\/www.estrategiaconcursos.com.br\/blog\/wp-json\/wp\/v2\/posts"}],"about":[{"href":"https:\/\/www.estrategiaconcursos.com.br\/blog\/wp-json\/wp\/v2\/types\/post"}],"author":[{"embeddable":true,"href":"https:\/\/www.estrategiaconcursos.com.br\/blog\/wp-json\/wp\/v2\/users\/32"}],"replies":[{"embeddable":true,"href":"https:\/\/www.estrategiaconcursos.com.br\/blog\/wp-json\/wp\/v2\/comments?post=19458"}],"version-history":[{"count":2,"href":"https:\/\/www.estrategiaconcursos.com.br\/blog\/wp-json\/wp\/v2\/posts\/19458\/revisions"}],"predecessor-version":[{"id":19466,"href":"https:\/\/www.estrategiaconcursos.com.br\/blog\/wp-json\/wp\/v2\/posts\/19458\/revisions\/19466"}],"wp:attachment":[{"href":"https:\/\/www.estrategiaconcursos.com.br\/blog\/wp-json\/wp\/v2\/media?parent=19458"}],"wp:term":[{"taxonomy":"category","embeddable":true,"href":"https:\/\/www.estrategiaconcursos.com.br\/blog\/wp-json\/wp\/v2\/categories?post=19458"},{"taxonomy":"post_tag","embeddable":true,"href":"https:\/\/www.estrategiaconcursos.com.br\/blog\/wp-json\/wp\/v2\/tags?post=19458"},{"taxonomy":"tax_estado","embeddable":true,"href":"https:\/\/www.estrategiaconcursos.com.br\/blog\/wp-json\/wp\/v2\/tax_estado?post=19458"}],"curies":[{"name":"wp","href":"https:\/\/api.w.org\/{rel}","templated":true}]}}