{"id":19454,"date":"2014-11-25T08:13:43","date_gmt":"2014-11-25T11:13:43","guid":{"rendered":"https:\/\/www.estrategiaconcursos.com.br\/blog\/?post_type=noticia&#038;p=19454"},"modified":"2016-06-08T11:34:26","modified_gmt":"2016-06-08T14:34:26","slug":"concurso-aft-ministerio-planejamento-confirma-concurso-para-2015","status":"publish","type":"post","link":"https:\/\/www.estrategiaconcursos.com.br\/blog\/concurso-aft-ministerio-planejamento-confirma-concurso-para-2015\/","title":{"rendered":"Concurso AFT &#8211; Minist\u00e9rio do Planejamento confirma concurso para 2015"},"content":{"rendered":"<div style=\"text-align: justify;\"><span style=\"color: #000000;\"><a href=\"https:\/\/dhg1h5j42swfq.cloudfront.net\/2014\/06\/concurso-mte.jpg\"><img loading=\"lazy\" decoding=\"async\" class=\"alignleft wp-image-16380 size-full\" src=\"https:\/\/dhg1h5j42swfq.cloudfront.net\/2014\/06\/concurso-mte.jpg\" alt=\"concurso AFT\" width=\"259\" height=\"194\" \/><\/a>O Minist\u00e9rio do Trabalho e Emprego (MTE) ir\u00e1 realizar <a href=\"https:\/\/www.estrategiaconcursos.com.br\/cursosPorConcurso\/aft-auditor-fiscal-do-trabalho-11\/\">concurso para 847 vagas de auditor-fiscal do trabalho &#8211; AFT<\/a> (de n\u00edvel superior, com remunera\u00e7\u00e3o inicial de R$15.338,44), com preenchimento escalonado nos pr\u00f3ximos tr\u00eas anos. A informa\u00e7\u00e3o consta em nota t\u00e9cnica do Minist\u00e9rio do Planejamento apresentada pelo coordenador-geral de Recursos Humanos do MTE, Luiz Eduardo Lemos da Concei\u00e7\u00e3o, em reuni\u00e3o este m\u00eas com o Sindicato Nacional dos Auditores Fiscais do Trabalho (Sinait), segundo divulgou o pr\u00f3prio sindicato.<\/span><\/div>\n<div>.<\/div>\n<div><\/div>\n<div style=\"text-align: justify;\"><span style=\"color: #000000;\">Por meio de sua Assessoria de Imprensa, o Planejamento informou que &#8220;documentos de natureza t\u00e9cnica n\u00e3o t\u00eam car\u00e1ter deliberativo&#8221; e refor\u00e7ou que a decis\u00e3o sobre o quantitativo de vagas para concursos no ano que vem depende da aprova\u00e7\u00e3o do Projeto de Lei Or\u00e7ament\u00e1ria (Ploa) para 2015, que ainda ser\u00e1 votado no Congresso Nacional. O conte\u00fado da nota, no entanto, vai ao encontro do que foi afirmado na \u00faltima semana pelo ministro do Trabalho e Emprego, Manoel Dias. &#8220;Foi autorizado agora a realiza\u00e7\u00e3o de concurso para 840 ou 850 auditores-fiscais. O concurso ser\u00e1 no decorrer do primeiro semestre de 2015&#8221;, disse ele. Apesar da decla\u00e7\u00e3o do ministro, a permiss\u00e3o precisa ser oficializada por meio de portaria a ser publicada no Di\u00e1rio Oficial da Uni\u00e3o (DOU)<\/span>.<span style=\"color: #000000;\">Segundo o Sinait, o MTE ainda n\u00e3o tem informa\u00e7\u00f5es de como ser\u00e1 feito o concurso AFT na forma como foi anunciado, com o preenchimento das vagas em 2015, 2016 e 2017. O pedido encaminhado em maio deste ano ao Planejamento foi de 800 vagas e segundo o ministro Manoel Dias, a inten\u00e7\u00e3o seria de realizar a sele\u00e7\u00e3o j\u00e1 no in\u00edcio do ano que vem.<\/span><\/div>\n<div style=\"text-align: justify;\"><span style=\"color: #000000;\">O concurso AFT\u00a0\u00e9 aberto \u00e0queles que possuem o ensino superior completo em qualquer \u00e1rea. A remunera\u00e7\u00e3o inicial informada j\u00e1 inclui o aux\u00edlio-alimenta\u00e7\u00e3o, de R$373, e passar\u00e1 para R$16.116,64 a partir de janeiro. As contrata\u00e7\u00f5es s\u00e3o pelo regime estatut\u00e1rio, que prev\u00ea estabilidade.<\/span><\/div>\n<div>.<br \/>\n<span style=\"color: #000000;\"><strong>Demanda<\/strong><\/span><\/div>\n<div>.<\/div>\n<div style=\"text-align: justify;\"><span style=\"color: #000000;\">H\u00e1 urg\u00eancia na realiza\u00e7\u00e3o do concurso AFT\u00a0tendo em vista a elevada car\u00eancia de servidores na carreira. Segundo o Sinait e a Organiza\u00e7\u00e3o Internacional do Trabalho (OIT), o d\u00e9ficit \u00e9 de mais de 5 mil auditores. O ministro Manoel Dias admitiu uma necessidade de aproximadamente mil a 1.200 servidores. O minist\u00e9rio realizou concurso para a carreira pela \u00faltima vez no ano passado. A sele\u00e7\u00e3o foi para 100 vagas e atraiu 48 mil candidatos (480,35 por vaga), que tiveram que passar por duas provas objetivas (220 quest\u00f5es) e discursivas (seis quest\u00f5es dissertativas,\u00a0 uma reda\u00e7\u00e3o e elabora\u00e7\u00e3o de parecer t\u00e9cnico), al\u00e9m de sindic\u00e2ncia da vida pregressa. O organizador foi o Cespe\/UnB. As quest\u00f5es das provas versaram sobre L\u00edngua Portuguesa, Racioc\u00ednio L\u00f3gico, Direitos Humanos, Administra\u00e7\u00e3o Geral e P\u00fablica, No\u00e7\u00f5es de Inform\u00e1tica, Direito Constitucional, Direito Administrativo, Auditoria, Economia do Trabalho, Direito do Trabalho, Seguridade Social, Legisla\u00e7\u00e3o Previdenci\u00e1ria, Seguran\u00e7a e Sa\u00fade no Trabalho, Legisla\u00e7\u00e3o do Trabalho e Contabilidade Geral.<\/span><\/div>\n<div style=\"text-align: justify;\">.<br \/>\n<strong><span style=\"color: #000000;\">Analista<\/span><\/strong><\/div>\n<div style=\"text-align: justify;\">.<\/div>\n<div style=\"text-align: justify;\"><span style=\"color: #000000;\">O MTE tamb\u00e9m aguarda autoriza\u00e7\u00e3o de concurso para at\u00e9 100 vagas de analista de pol\u00edticas sociais (n\u00edvel superior e iniciais de R$5.717,88, chegando a R$6.330,28 a partir do pr\u00f3ximo ano, de acordo com a Coordenadoria de Recursos Humanos do \u00f3rg\u00e3o). No \u00faltimo concurso para o cargo, em 2012, foi exigida forma\u00e7\u00e3o superior em qualquer \u00e1rea.<\/span><\/div>\n<div style=\"text-align: justify;\">.<\/div>\n<div style=\"text-align: justify;\"><span style=\"color: #000000;\">FONTE: Folha Dirigida<\/span><\/div>\n<div style=\"text-align: justify;\">.<\/div>\n<div style=\"text-align: justify;\"><strong><span style=\"color: #000000;\">O Estrat\u00e9gia Concursos j\u00e1 lan\u00e7ou cursos (pr\u00e9-edital) do concurso AFT. Comece a estudar agora e saia na frente. Confira nosso material em:<\/span><\/strong><\/div>\n<div style=\"text-align: justify;\">.<\/div>\n<div style=\"text-align: justify;\"><span style=\"color: #0000ff;\"><a style=\"color: #0000ff;\" href=\"https:\/\/www.estrategiaconcursos.com.br\/cursosPorConcurso\/aft-auditor-fiscal-do-trabalho-11\/\">https:\/\/www.estrategiaconcursos.com.br\/cursosPorConcurso\/aft-auditor-fiscal-do-trabalho-11\/<\/a><\/span><\/div>\n<div style=\"text-align: justify;\">.<\/div>\n<div style=\"text-align: justify;\"><span style=\"color: #000000;\">Assessoria de Comunica\u00e7\u00e3o<\/span><\/div>\n<div style=\"text-align: justify;\">.<\/div>\n<div style=\"text-align: justify;\"><span style=\"color: #000000;\">comunicacao@estrategiaconcursos.com.br<\/span><\/div>\n","protected":false},"excerpt":{"rendered":"<p>O Minist\u00e9rio do Trabalho e Emprego (MTE) ir\u00e1 realizar concurso para 847 vagas de auditor-fiscal do trabalho &#8211; AFT (de n\u00edvel superior, com remunera\u00e7\u00e3o inicial de R$15.338,44), com preenchimento escalonado nos pr\u00f3ximos tr\u00eas anos. A informa\u00e7\u00e3o consta em nota t\u00e9cnica do Minist\u00e9rio do Planejamento apresentada pelo coordenador-geral de Recursos Humanos do MTE, Luiz Eduardo Lemos [&hellip;]<\/p>\n","protected":false},"author":1,"featured_media":0,"comment_status":"closed","ping_status":"closed","sticky":false,"template":"","format":"standard","meta":{"post_tipo":"news","footnotes":""},"categories":[1],"tags":[542],"tax_estado":[],"class_list":["post-19454","post","type-post","status-publish","format-standard","hentry","category-cursos-e-concursos","tag-aft"],"acf":[],"yoast_head":"<!-- This site is optimized with the Yoast SEO Premium plugin v27.2 (Yoast SEO v27.2) - https:\/\/yoast.com\/product\/yoast-seo-premium-wordpress\/ -->\n<title>Concurso AFT - Minist\u00e9rio do Planejamento confirma concurso para 2015<\/title>\n<meta name=\"description\" content=\"O MTE ir\u00e1 realizar o concurso AFT para preenchimento de 847 vagas (de n\u00edvel superior, com remunera\u00e7\u00e3o inicial de R$15.338,44). Saiba mais!\" \/>\n<meta name=\"robots\" content=\"index, follow, max-snippet:-1, max-image-preview:large, max-video-preview:-1\" \/>\n<link rel=\"canonical\" href=\"https:\/\/www.estrategiaconcursos.com.br\/blog\/concurso-aft-ministerio-planejamento-confirma-concurso-para-2015\/\" \/>\n<meta property=\"og:locale\" content=\"pt_BR\" \/>\n<meta property=\"og:type\" content=\"article\" \/>\n<meta property=\"og:title\" content=\"Concurso AFT - Minist\u00e9rio do Planejamento confirma concurso para 2015\" \/>\n<meta property=\"og:description\" content=\"O MTE ir\u00e1 realizar o concurso AFT para preenchimento de 847 vagas (de n\u00edvel superior, com remunera\u00e7\u00e3o inicial de R$15.338,44). Saiba mais!\" \/>\n<meta property=\"og:url\" content=\"https:\/\/www.estrategiaconcursos.com.br\/blog\/concurso-aft-ministerio-planejamento-confirma-concurso-para-2015\/\" \/>\n<meta property=\"og:site_name\" content=\"Estrat\u00e9gia Concursos\" \/>\n<meta property=\"article:author\" content=\"https:\/\/www.facebook.com\/EstrategiaConcursos\" \/>\n<meta property=\"article:published_time\" content=\"2014-11-25T11:13:43+00:00\" \/>\n<meta property=\"article:modified_time\" content=\"2016-06-08T14:34:26+00:00\" \/>\n<meta property=\"og:image\" content=\"https:\/\/dhg1h5j42swfq.cloudfront.net\/2014\/06\/concurso-mte.jpg\" \/>\n<meta name=\"author\" content=\"Coordena\u00e7\u00e3o\" \/>\n<meta name=\"twitter:card\" content=\"summary_large_image\" \/>\n<meta name=\"twitter:creator\" content=\"@EstratConcursos\" \/>\n<meta name=\"twitter:site\" content=\"@EstratConcursos\" \/>\n<meta name=\"twitter:label1\" content=\"Escrito por\" \/>\n\t<meta name=\"twitter:data1\" content=\"Coordena\u00e7\u00e3o\" \/>\n\t<meta name=\"twitter:label2\" content=\"Est. tempo de leitura\" \/>\n\t<meta name=\"twitter:data2\" content=\"3 minutos\" \/>\n<script type=\"application\/ld+json\" class=\"yoast-schema-graph\">{\"@context\":\"https:\/\/schema.org\",\"@graph\":[{\"@type\":\"NewsArticle\",\"@id\":\"https:\/\/www.estrategiaconcursos.com.br\/blog\/concurso-aft-ministerio-planejamento-confirma-concurso-para-2015\/#article\",\"isPartOf\":{\"@id\":\"https:\/\/www.estrategiaconcursos.com.br\/blog\/concurso-aft-ministerio-planejamento-confirma-concurso-para-2015\/\"},\"author\":{\"name\":\"Coordena\u00e7\u00e3o\",\"@id\":\"https:\/\/www.estrategiaconcursos.com.br\/blog\/#\/schema\/person\/b4a388c97673c5f483d72185668afa1f\"},\"headline\":\"Concurso AFT &#8211; Minist\u00e9rio do Planejamento confirma concurso para 2015\",\"datePublished\":\"2014-11-25T11:13:43+00:00\",\"dateModified\":\"2016-06-08T14:34:26+00:00\",\"mainEntityOfPage\":{\"@id\":\"https:\/\/www.estrategiaconcursos.com.br\/blog\/concurso-aft-ministerio-planejamento-confirma-concurso-para-2015\/\"},\"wordCount\":624,\"publisher\":{\"@id\":\"https:\/\/www.estrategiaconcursos.com.br\/blog\/#organization\"},\"image\":{\"@id\":\"https:\/\/www.estrategiaconcursos.com.br\/blog\/concurso-aft-ministerio-planejamento-confirma-concurso-para-2015\/#primaryimage\"},\"thumbnailUrl\":\"https:\/\/dhg1h5j42swfq.cloudfront.net\/2014\/06\/concurso-mte.jpg\",\"keywords\":[\"AFT\"],\"articleSection\":[\"Concursos P\u00fablicos\"],\"inLanguage\":\"pt-BR\",\"copyrightYear\":\"2014\",\"copyrightHolder\":{\"@id\":\"https:\/\/www.estrategiaconcursos.com.br\/blog\/#organization\"}},{\"@type\":\"WebPage\",\"@id\":\"https:\/\/www.estrategiaconcursos.com.br\/blog\/concurso-aft-ministerio-planejamento-confirma-concurso-para-2015\/\",\"url\":\"https:\/\/www.estrategiaconcursos.com.br\/blog\/concurso-aft-ministerio-planejamento-confirma-concurso-para-2015\/\",\"name\":\"Concurso AFT - Minist\u00e9rio do Planejamento confirma concurso para 2015\",\"isPartOf\":{\"@id\":\"https:\/\/www.estrategiaconcursos.com.br\/blog\/#website\"},\"primaryImageOfPage\":{\"@id\":\"https:\/\/www.estrategiaconcursos.com.br\/blog\/concurso-aft-ministerio-planejamento-confirma-concurso-para-2015\/#primaryimage\"},\"image\":{\"@id\":\"https:\/\/www.estrategiaconcursos.com.br\/blog\/concurso-aft-ministerio-planejamento-confirma-concurso-para-2015\/#primaryimage\"},\"thumbnailUrl\":\"https:\/\/dhg1h5j42swfq.cloudfront.net\/2014\/06\/concurso-mte.jpg\",\"datePublished\":\"2014-11-25T11:13:43+00:00\",\"dateModified\":\"2016-06-08T14:34:26+00:00\",\"description\":\"O MTE ir\u00e1 realizar o concurso AFT para preenchimento de 847 vagas (de n\u00edvel superior, com remunera\u00e7\u00e3o inicial de R$15.338,44). Saiba mais!\",\"breadcrumb\":{\"@id\":\"https:\/\/www.estrategiaconcursos.com.br\/blog\/concurso-aft-ministerio-planejamento-confirma-concurso-para-2015\/#breadcrumb\"},\"inLanguage\":\"pt-BR\",\"potentialAction\":[{\"@type\":\"ReadAction\",\"target\":[\"https:\/\/www.estrategiaconcursos.com.br\/blog\/concurso-aft-ministerio-planejamento-confirma-concurso-para-2015\/\"]}]},{\"@type\":\"ImageObject\",\"inLanguage\":\"pt-BR\",\"@id\":\"https:\/\/www.estrategiaconcursos.com.br\/blog\/concurso-aft-ministerio-planejamento-confirma-concurso-para-2015\/#primaryimage\",\"url\":\"https:\/\/dhg1h5j42swfq.cloudfront.net\/2014\/06\/concurso-mte.jpg\",\"contentUrl\":\"https:\/\/dhg1h5j42swfq.cloudfront.net\/2014\/06\/concurso-mte.jpg\"},{\"@type\":\"BreadcrumbList\",\"@id\":\"https:\/\/www.estrategiaconcursos.com.br\/blog\/concurso-aft-ministerio-planejamento-confirma-concurso-para-2015\/#breadcrumb\",\"itemListElement\":[{\"@type\":\"ListItem\",\"position\":1,\"name\":\"In\u00edcio\",\"item\":\"https:\/\/www.estrategiaconcursos.com.br\/blog\/\"},{\"@type\":\"ListItem\",\"position\":2,\"name\":\"Concurso AFT &#8211; Minist\u00e9rio do Planejamento confirma concurso para 2015\"}]},{\"@type\":\"WebSite\",\"@id\":\"https:\/\/www.estrategiaconcursos.com.br\/blog\/#website\",\"url\":\"https:\/\/www.estrategiaconcursos.com.br\/blog\/\",\"name\":\"Estrat\u00e9gia Concursos\",\"description\":\"O blog da Estrat\u00e9gia Concursos traz not\u00edcias sobre concursos e artigos de professores oferecendo cursos para concursos (pdf + videaulas) no site.\",\"publisher\":{\"@id\":\"https:\/\/www.estrategiaconcursos.com.br\/blog\/#organization\"},\"potentialAction\":[{\"@type\":\"SearchAction\",\"target\":{\"@type\":\"EntryPoint\",\"urlTemplate\":\"https:\/\/www.estrategiaconcursos.com.br\/blog\/?s={search_term_string}\"},\"query-input\":{\"@type\":\"PropertyValueSpecification\",\"valueRequired\":true,\"valueName\":\"search_term_string\"}}],\"inLanguage\":\"pt-BR\"},{\"@type\":\"Organization\",\"@id\":\"https:\/\/www.estrategiaconcursos.com.br\/blog\/#organization\",\"name\":\"Estrat\u00e9gia Concursos\",\"url\":\"https:\/\/www.estrategiaconcursos.com.br\/blog\/\",\"logo\":{\"@type\":\"ImageObject\",\"inLanguage\":\"pt-BR\",\"@id\":\"https:\/\/www.estrategiaconcursos.com.br\/blog\/#\/schema\/logo\/image\/\",\"url\":\"https:\/\/dhg1h5j42swfq.cloudfront.net\/2025\/06\/03203428\/logo_concursos-1.jpg\",\"contentUrl\":\"https:\/\/dhg1h5j42swfq.cloudfront.net\/2025\/06\/03203428\/logo_concursos-1.jpg\",\"width\":230,\"height\":60,\"caption\":\"Estrat\u00e9gia Concursos\"},\"image\":{\"@id\":\"https:\/\/www.estrategiaconcursos.com.br\/blog\/#\/schema\/logo\/image\/\"},\"sameAs\":[\"https:\/\/x.com\/EstratConcursos\"]},{\"@type\":\"Person\",\"@id\":\"https:\/\/www.estrategiaconcursos.com.br\/blog\/#\/schema\/person\/b4a388c97673c5f483d72185668afa1f\",\"name\":\"Coordena\u00e7\u00e3o\",\"image\":{\"@type\":\"ImageObject\",\"inLanguage\":\"pt-BR\",\"@id\":\"https:\/\/secure.gravatar.com\/avatar\/b720319e4c9a967eb58678d110f4fe35452fc5d5f97b202bac7b8acceb18c6ad?s=96&d=mm&r=g\",\"url\":\"https:\/\/secure.gravatar.com\/avatar\/b720319e4c9a967eb58678d110f4fe35452fc5d5f97b202bac7b8acceb18c6ad?s=96&d=mm&r=g\",\"contentUrl\":\"https:\/\/secure.gravatar.com\/avatar\/b720319e4c9a967eb58678d110f4fe35452fc5d5f97b202bac7b8acceb18c6ad?s=96&d=mm&r=g\",\"caption\":\"Coordena\u00e7\u00e3o\"},\"sameAs\":[\"https:\/\/www.facebook.com\/EstrategiaConcursos\",\"https:\/\/x.com\/EstratConcursos\"],\"url\":\"https:\/\/www.estrategiaconcursos.com.br\/blog\/author\/estrategia2013\/\"}]}<\/script>\n<!-- \/ Yoast SEO Premium plugin. -->","yoast_head_json":{"title":"Concurso AFT - Minist\u00e9rio do Planejamento confirma concurso para 2015","description":"O MTE ir\u00e1 realizar o concurso AFT para preenchimento de 847 vagas (de n\u00edvel superior, com remunera\u00e7\u00e3o inicial de R$15.338,44). Saiba mais!","robots":{"index":"index","follow":"follow","max-snippet":"max-snippet:-1","max-image-preview":"max-image-preview:large","max-video-preview":"max-video-preview:-1"},"canonical":"https:\/\/www.estrategiaconcursos.com.br\/blog\/concurso-aft-ministerio-planejamento-confirma-concurso-para-2015\/","og_locale":"pt_BR","og_type":"article","og_title":"Concurso AFT - Minist\u00e9rio do Planejamento confirma concurso para 2015","og_description":"O MTE ir\u00e1 realizar o concurso AFT para preenchimento de 847 vagas (de n\u00edvel superior, com remunera\u00e7\u00e3o inicial de R$15.338,44). Saiba mais!","og_url":"https:\/\/www.estrategiaconcursos.com.br\/blog\/concurso-aft-ministerio-planejamento-confirma-concurso-para-2015\/","og_site_name":"Estrat\u00e9gia Concursos","article_author":"https:\/\/www.facebook.com\/EstrategiaConcursos","article_published_time":"2014-11-25T11:13:43+00:00","article_modified_time":"2016-06-08T14:34:26+00:00","og_image":[{"url":"https:\/\/dhg1h5j42swfq.cloudfront.net\/2014\/06\/concurso-mte.jpg","type":"","width":"","height":""}],"author":"Coordena\u00e7\u00e3o","twitter_card":"summary_large_image","twitter_creator":"@EstratConcursos","twitter_site":"@EstratConcursos","twitter_misc":{"Escrito por":"Coordena\u00e7\u00e3o","Est. tempo de leitura":"3 minutos"},"schema":{"@context":"https:\/\/schema.org","@graph":[{"@type":"NewsArticle","@id":"https:\/\/www.estrategiaconcursos.com.br\/blog\/concurso-aft-ministerio-planejamento-confirma-concurso-para-2015\/#article","isPartOf":{"@id":"https:\/\/www.estrategiaconcursos.com.br\/blog\/concurso-aft-ministerio-planejamento-confirma-concurso-para-2015\/"},"author":{"name":"Coordena\u00e7\u00e3o","@id":"https:\/\/www.estrategiaconcursos.com.br\/blog\/#\/schema\/person\/b4a388c97673c5f483d72185668afa1f"},"headline":"Concurso AFT &#8211; Minist\u00e9rio do Planejamento confirma concurso para 2015","datePublished":"2014-11-25T11:13:43+00:00","dateModified":"2016-06-08T14:34:26+00:00","mainEntityOfPage":{"@id":"https:\/\/www.estrategiaconcursos.com.br\/blog\/concurso-aft-ministerio-planejamento-confirma-concurso-para-2015\/"},"wordCount":624,"publisher":{"@id":"https:\/\/www.estrategiaconcursos.com.br\/blog\/#organization"},"image":{"@id":"https:\/\/www.estrategiaconcursos.com.br\/blog\/concurso-aft-ministerio-planejamento-confirma-concurso-para-2015\/#primaryimage"},"thumbnailUrl":"https:\/\/dhg1h5j42swfq.cloudfront.net\/2014\/06\/concurso-mte.jpg","keywords":["AFT"],"articleSection":["Concursos P\u00fablicos"],"inLanguage":"pt-BR","copyrightYear":"2014","copyrightHolder":{"@id":"https:\/\/www.estrategiaconcursos.com.br\/blog\/#organization"}},{"@type":"WebPage","@id":"https:\/\/www.estrategiaconcursos.com.br\/blog\/concurso-aft-ministerio-planejamento-confirma-concurso-para-2015\/","url":"https:\/\/www.estrategiaconcursos.com.br\/blog\/concurso-aft-ministerio-planejamento-confirma-concurso-para-2015\/","name":"Concurso AFT - Minist\u00e9rio do Planejamento confirma concurso para 2015","isPartOf":{"@id":"https:\/\/www.estrategiaconcursos.com.br\/blog\/#website"},"primaryImageOfPage":{"@id":"https:\/\/www.estrategiaconcursos.com.br\/blog\/concurso-aft-ministerio-planejamento-confirma-concurso-para-2015\/#primaryimage"},"image":{"@id":"https:\/\/www.estrategiaconcursos.com.br\/blog\/concurso-aft-ministerio-planejamento-confirma-concurso-para-2015\/#primaryimage"},"thumbnailUrl":"https:\/\/dhg1h5j42swfq.cloudfront.net\/2014\/06\/concurso-mte.jpg","datePublished":"2014-11-25T11:13:43+00:00","dateModified":"2016-06-08T14:34:26+00:00","description":"O MTE ir\u00e1 realizar o concurso AFT para preenchimento de 847 vagas (de n\u00edvel superior, com remunera\u00e7\u00e3o inicial de R$15.338,44). Saiba mais!","breadcrumb":{"@id":"https:\/\/www.estrategiaconcursos.com.br\/blog\/concurso-aft-ministerio-planejamento-confirma-concurso-para-2015\/#breadcrumb"},"inLanguage":"pt-BR","potentialAction":[{"@type":"ReadAction","target":["https:\/\/www.estrategiaconcursos.com.br\/blog\/concurso-aft-ministerio-planejamento-confirma-concurso-para-2015\/"]}]},{"@type":"ImageObject","inLanguage":"pt-BR","@id":"https:\/\/www.estrategiaconcursos.com.br\/blog\/concurso-aft-ministerio-planejamento-confirma-concurso-para-2015\/#primaryimage","url":"https:\/\/dhg1h5j42swfq.cloudfront.net\/2014\/06\/concurso-mte.jpg","contentUrl":"https:\/\/dhg1h5j42swfq.cloudfront.net\/2014\/06\/concurso-mte.jpg"},{"@type":"BreadcrumbList","@id":"https:\/\/www.estrategiaconcursos.com.br\/blog\/concurso-aft-ministerio-planejamento-confirma-concurso-para-2015\/#breadcrumb","itemListElement":[{"@type":"ListItem","position":1,"name":"In\u00edcio","item":"https:\/\/www.estrategiaconcursos.com.br\/blog\/"},{"@type":"ListItem","position":2,"name":"Concurso AFT &#8211; Minist\u00e9rio do Planejamento confirma concurso para 2015"}]},{"@type":"WebSite","@id":"https:\/\/www.estrategiaconcursos.com.br\/blog\/#website","url":"https:\/\/www.estrategiaconcursos.com.br\/blog\/","name":"Estrat\u00e9gia Concursos","description":"O blog da Estrat\u00e9gia Concursos traz not\u00edcias sobre concursos e artigos de professores oferecendo cursos para concursos (pdf + videaulas) no site.","publisher":{"@id":"https:\/\/www.estrategiaconcursos.com.br\/blog\/#organization"},"potentialAction":[{"@type":"SearchAction","target":{"@type":"EntryPoint","urlTemplate":"https:\/\/www.estrategiaconcursos.com.br\/blog\/?s={search_term_string}"},"query-input":{"@type":"PropertyValueSpecification","valueRequired":true,"valueName":"search_term_string"}}],"inLanguage":"pt-BR"},{"@type":"Organization","@id":"https:\/\/www.estrategiaconcursos.com.br\/blog\/#organization","name":"Estrat\u00e9gia Concursos","url":"https:\/\/www.estrategiaconcursos.com.br\/blog\/","logo":{"@type":"ImageObject","inLanguage":"pt-BR","@id":"https:\/\/www.estrategiaconcursos.com.br\/blog\/#\/schema\/logo\/image\/","url":"https:\/\/dhg1h5j42swfq.cloudfront.net\/2025\/06\/03203428\/logo_concursos-1.jpg","contentUrl":"https:\/\/dhg1h5j42swfq.cloudfront.net\/2025\/06\/03203428\/logo_concursos-1.jpg","width":230,"height":60,"caption":"Estrat\u00e9gia Concursos"},"image":{"@id":"https:\/\/www.estrategiaconcursos.com.br\/blog\/#\/schema\/logo\/image\/"},"sameAs":["https:\/\/x.com\/EstratConcursos"]},{"@type":"Person","@id":"https:\/\/www.estrategiaconcursos.com.br\/blog\/#\/schema\/person\/b4a388c97673c5f483d72185668afa1f","name":"Coordena\u00e7\u00e3o","image":{"@type":"ImageObject","inLanguage":"pt-BR","@id":"https:\/\/secure.gravatar.com\/avatar\/b720319e4c9a967eb58678d110f4fe35452fc5d5f97b202bac7b8acceb18c6ad?s=96&d=mm&r=g","url":"https:\/\/secure.gravatar.com\/avatar\/b720319e4c9a967eb58678d110f4fe35452fc5d5f97b202bac7b8acceb18c6ad?s=96&d=mm&r=g","contentUrl":"https:\/\/secure.gravatar.com\/avatar\/b720319e4c9a967eb58678d110f4fe35452fc5d5f97b202bac7b8acceb18c6ad?s=96&d=mm&r=g","caption":"Coordena\u00e7\u00e3o"},"sameAs":["https:\/\/www.facebook.com\/EstrategiaConcursos","https:\/\/x.com\/EstratConcursos"],"url":"https:\/\/www.estrategiaconcursos.com.br\/blog\/author\/estrategia2013\/"}]}},"_links":{"self":[{"href":"https:\/\/www.estrategiaconcursos.com.br\/blog\/wp-json\/wp\/v2\/posts\/19454","targetHints":{"allow":["GET"]}}],"collection":[{"href":"https:\/\/www.estrategiaconcursos.com.br\/blog\/wp-json\/wp\/v2\/posts"}],"about":[{"href":"https:\/\/www.estrategiaconcursos.com.br\/blog\/wp-json\/wp\/v2\/types\/post"}],"author":[{"embeddable":true,"href":"https:\/\/www.estrategiaconcursos.com.br\/blog\/wp-json\/wp\/v2\/users\/1"}],"replies":[{"embeddable":true,"href":"https:\/\/www.estrategiaconcursos.com.br\/blog\/wp-json\/wp\/v2\/comments?post=19454"}],"version-history":[{"count":1,"href":"https:\/\/www.estrategiaconcursos.com.br\/blog\/wp-json\/wp\/v2\/posts\/19454\/revisions"}],"predecessor-version":[{"id":20473,"href":"https:\/\/www.estrategiaconcursos.com.br\/blog\/wp-json\/wp\/v2\/posts\/19454\/revisions\/20473"}],"wp:attachment":[{"href":"https:\/\/www.estrategiaconcursos.com.br\/blog\/wp-json\/wp\/v2\/media?parent=19454"}],"wp:term":[{"taxonomy":"category","embeddable":true,"href":"https:\/\/www.estrategiaconcursos.com.br\/blog\/wp-json\/wp\/v2\/categories?post=19454"},{"taxonomy":"post_tag","embeddable":true,"href":"https:\/\/www.estrategiaconcursos.com.br\/blog\/wp-json\/wp\/v2\/tags?post=19454"},{"taxonomy":"tax_estado","embeddable":true,"href":"https:\/\/www.estrategiaconcursos.com.br\/blog\/wp-json\/wp\/v2\/tax_estado?post=19454"}],"curies":[{"name":"wp","href":"https:\/\/api.w.org\/{rel}","templated":true}]}}