{"id":19422,"date":"2014-11-22T21:58:28","date_gmt":"2014-11-23T00:58:28","guid":{"rendered":"https:\/\/www.estrategiaconcursos.com.br\/blog\/?post_type=noticia&#038;p=19422"},"modified":"2016-05-20T15:40:36","modified_gmt":"2016-05-20T18:40:36","slug":"cespeunb-comunica-retomada-concurso-da-policia-federal","status":"publish","type":"post","link":"https:\/\/www.estrategiaconcursos.com.br\/blog\/cespeunb-comunica-retomada-concurso-da-policia-federal\/","title":{"rendered":"Concurso da Pol\u00edcia Federal &#8211; Cespe\/UnB comunica a retomada"},"content":{"rendered":"<p style=\"text-align: justify;\"><span style=\"color: #000000;\"><a href=\"https:\/\/dhg1h5j42swfq.cloudfront.net\/2014\/06\/concurso-publico-policia-federal-2014.jpg\"><img loading=\"lazy\" decoding=\"async\" class=\"alignleft wp-image-16171 size-medium\" src=\"https:\/\/dhg1h5j42swfq.cloudfront.net\/2014\/06\/concurso-publico-policia-federal-2014-300x236.jpg\" alt=\"concurso da policia federal\" width=\"300\" height=\"236\" srcset=\"https:\/\/dhg1h5j42swfq.cloudfront.net\/2014\/06\/concurso-publico-policia-federal-2014.jpg 300w, https:\/\/dhg1h5j42swfq.cloudfront.net\/2014\/06\/concurso-publico-policia-federal-2014.jpg 350w\" sizes=\"auto, (max-width: 300px) 100vw, 300px\" \/><\/a>O <a href=\"http:\/\/www.cespe.unb.br\/concursos\/DPF_14_AGENTE\/\">Cespe\/UnB<\/a> comunicou na sexta-feira, dia 21, a retomada do <a href=\"https:\/\/www.estrategiaconcursos.com.br\/cursosPorConcurso\/policia-federal-agente-141\/\">concurso da Pol\u00edcia Federal (PF)<\/a> para 600 vagas de agente. A liminar da Justi\u00e7a que suspendeu a sele\u00e7\u00e3o para a adequa\u00e7\u00e3o dos testes f\u00edsicos e do curso de forma\u00e7\u00e3o \u00e0s necessidades dos candidatos com defici\u00eancia foi <a href=\"http:\/\/www.estrategiaconcursos.com.br\/blog\/noticia\/concurso-da-policia-federal-agu-derruba-liminar-que-suspendeu-concurso-para-600-vagas-de-agente-da-policia-federal\/\">derrubada pela Advocacia Geral da Uni\u00e3o (AGU)<\/a> no \u00faltimo dia 19. Apesar da sele\u00e7\u00e3o ter ficado paralisada por quase um m\u00eas, a previs\u00e3o de aplica\u00e7\u00e3o das provas objetivas e discursivas foi mantida para 21 de dezembro.<\/span><\/p>\n<p style=\"text-align: justify;\"><span style=\"color: #000000;\">Junto ao comunicado, foram divulgadas as rela\u00e7\u00f5es provis\u00f3rias dos candidatos que concorrer\u00e3o \u00e0s 30 vagas reservadas a deficientes e dos que tiveram os pedidos de atendimento especial e de isen\u00e7\u00e3o de taxa atendidos. Aqueles que tiveram o pedido negado poder\u00e3o recorrer das 9h deste s\u00e1bado, dia 22, \u00e0s 18h do domingo, 23, no site do organizador. A lista final dos beneficiados est\u00e1 prevista para o pr\u00f3ximo dia 27 e aqueles que n\u00e3o conseguirem a isen\u00e7\u00e3o ter\u00e3o que efetuar o pagamento da taxa (boleto no site do concurso) at\u00e9 o dia seguinte, 28, para garantir a participa\u00e7\u00e3o.<\/span><\/p>\n<p style=\"text-align: justify;\"><span style=\"color: #000000;\">O Cespe\/UnB ainda n\u00e3o confirmou se o prazo ser\u00e1 v\u00e1lido tamb\u00e9m para os que preencheram o requerimento de inscri\u00e7\u00e3o, mas ainda n\u00e3o pagaram a taxa por conta da suspens\u00e3o do concurso. Novas informa\u00e7\u00f5es, por\u00e9m, devem ser divulgadas nos pr\u00f3ximos dias.<\/span><\/p>\n<p style=\"text-align: justify;\"><span style=\"color: #000000;\">Al\u00e9m das provas escritas (em todas as capitais), dos testes f\u00edsicos e do curso de forma\u00e7\u00e3o (em Bras\u00edlia), a sele\u00e7\u00e3o para agente (n\u00edvel superior; R$7.887,33) prev\u00ea avalia\u00e7\u00f5es m\u00e9dica e psicol\u00f3gica e investiga\u00e7\u00e3o social. O concurso conta tamb\u00e9m com 120 vagas reservadas a negros e \u00e9 para lota\u00e7\u00e3o preferencialmente nos estados do Acre, Amap\u00e1, Amazonas, Mato Grosso, Mato Grosso do Sul, Par\u00e1, Rond\u00f4nia, Roraima e em unidades de fronteira.<\/span><\/p>\n<p style=\"text-align: justify;\"><span style=\"color: #000000;\">Fonte: Folha Dirigida<\/span><\/p>\n<p style=\"text-align: justify;\"><span style=\"color: #000000;\">Confira os comunicados do concurso da Pol\u00edcia Federal clicando em:<\/span><\/p>\n<p style=\"text-align: justify;\"><span style=\"color: #0000ff;\"><a style=\"color: #0000ff;\" href=\"http:\/\/www.cespe.unb.br\/concursos\/DPF_14_AGENTE\/\">http:\/\/www.cespe.unb.br\/concursos\/DPF_14_AGENTE\/<\/a><\/span><\/p>\n<p style=\"text-align: justify;\"><strong><span style=\"color: #000000;\">O Estrat\u00e9gia Concursos j\u00e1 lan\u00e7ou cursos para este concurso. Veja em:<\/span><\/strong><\/p>\n<p style=\"text-align: justify;\"><span style=\"color: #0000ff;\"><a style=\"color: #0000ff;\" href=\"https:\/\/www.estrategiaconcursos.com.br\/cursosPorConcurso\/policia-federal-agente-141\/\">https:\/\/www.estrategiaconcursos.com.br\/cursosPorConcurso\/policia-federal-agente-141\/<\/a><\/span><\/p>\n<p style=\"text-align: justify;\"><span style=\"color: #000000;\">Assessoria de Comunica\u00e7\u00e3o<\/span><\/p>\n<p style=\"text-align: justify;\">comunicacao@estrategiaconcursos.com.br<\/p>\n","protected":false},"excerpt":{"rendered":"<p>O Cespe\/UnB comunicou na sexta-feira, dia 21, a retomada do concurso da Pol\u00edcia Federal (PF) para 600 vagas de agente. A liminar da Justi\u00e7a que suspendeu a sele\u00e7\u00e3o para a adequa\u00e7\u00e3o dos testes f\u00edsicos e do curso de forma\u00e7\u00e3o \u00e0s necessidades dos candidatos com defici\u00eancia foi derrubada pela Advocacia Geral da Uni\u00e3o (AGU) no \u00faltimo [&hellip;]<\/p>\n","protected":false},"author":1,"featured_media":0,"comment_status":"closed","ping_status":"closed","sticky":false,"template":"","format":"standard","meta":{"post_tipo":"news","footnotes":""},"categories":[1,1988],"tags":[26,500],"tax_estado":[],"class_list":["post-19422","post","type-post","status-publish","format-standard","hentry","category-cursos-e-concursos","category-policia","tag-cespe","tag-policia-federal"],"acf":[],"yoast_head":"<!-- This site is optimized with the Yoast SEO Premium plugin v27.2 (Yoast SEO v27.2) - https:\/\/yoast.com\/product\/yoast-seo-premium-wordpress\/ -->\n<title>Concurso da Pol\u00edcia Federal - Cespe\/UnB comunica a retomada<\/title>\n<meta name=\"description\" content=\"O Cespe\/UnB comunicou na sexta-feira, dia 21, a retomada do concurso da Pol\u00edcia Federal (PF) para 600 vagas de agente. Saiba mais!\" \/>\n<meta name=\"robots\" content=\"index, follow, max-snippet:-1, max-image-preview:large, max-video-preview:-1\" \/>\n<link rel=\"canonical\" href=\"https:\/\/www.estrategiaconcursos.com.br\/blog\/cespeunb-comunica-retomada-concurso-da-policia-federal\/\" \/>\n<meta property=\"og:locale\" content=\"pt_BR\" \/>\n<meta property=\"og:type\" content=\"article\" \/>\n<meta property=\"og:title\" content=\"Concurso da Pol\u00edcia Federal - Cespe\/UnB comunica a retomada\" \/>\n<meta property=\"og:description\" content=\"O Cespe\/UnB comunicou na sexta-feira, dia 21, a retomada do concurso da Pol\u00edcia Federal (PF) para 600 vagas de agente. Saiba mais!\" \/>\n<meta property=\"og:url\" content=\"https:\/\/www.estrategiaconcursos.com.br\/blog\/cespeunb-comunica-retomada-concurso-da-policia-federal\/\" \/>\n<meta property=\"og:site_name\" content=\"Estrat\u00e9gia Concursos\" \/>\n<meta property=\"article:author\" content=\"https:\/\/www.facebook.com\/EstrategiaConcursos\" \/>\n<meta property=\"article:published_time\" content=\"2014-11-23T00:58:28+00:00\" \/>\n<meta property=\"article:modified_time\" content=\"2016-05-20T18:40:36+00:00\" \/>\n<meta property=\"og:image\" content=\"https:\/\/dhg1h5j42swfq.cloudfront.net\/2014\/06\/concurso-publico-policia-federal-2014-300x236.jpg\" \/>\n<meta name=\"author\" content=\"Coordena\u00e7\u00e3o\" \/>\n<meta name=\"twitter:card\" content=\"summary_large_image\" \/>\n<meta name=\"twitter:creator\" content=\"@EstratConcursos\" \/>\n<meta name=\"twitter:site\" content=\"@EstratConcursos\" \/>\n<meta name=\"twitter:label1\" content=\"Escrito por\" \/>\n\t<meta name=\"twitter:data1\" content=\"Coordena\u00e7\u00e3o\" \/>\n\t<meta name=\"twitter:label2\" content=\"Est. tempo de leitura\" \/>\n\t<meta name=\"twitter:data2\" content=\"2 minutos\" \/>\n<script type=\"application\/ld+json\" class=\"yoast-schema-graph\">{\"@context\":\"https:\/\/schema.org\",\"@graph\":[{\"@type\":\"NewsArticle\",\"@id\":\"https:\/\/www.estrategiaconcursos.com.br\/blog\/cespeunb-comunica-retomada-concurso-da-policia-federal\/#article\",\"isPartOf\":{\"@id\":\"https:\/\/www.estrategiaconcursos.com.br\/blog\/cespeunb-comunica-retomada-concurso-da-policia-federal\/\"},\"author\":{\"name\":\"Coordena\u00e7\u00e3o\",\"@id\":\"https:\/\/www.estrategiaconcursos.com.br\/blog\/#\/schema\/person\/b4a388c97673c5f483d72185668afa1f\"},\"headline\":\"Concurso da Pol\u00edcia Federal &#8211; Cespe\/UnB comunica a retomada\",\"datePublished\":\"2014-11-23T00:58:28+00:00\",\"dateModified\":\"2016-05-20T18:40:36+00:00\",\"mainEntityOfPage\":{\"@id\":\"https:\/\/www.estrategiaconcursos.com.br\/blog\/cespeunb-comunica-retomada-concurso-da-policia-federal\/\"},\"wordCount\":383,\"publisher\":{\"@id\":\"https:\/\/www.estrategiaconcursos.com.br\/blog\/#organization\"},\"image\":{\"@id\":\"https:\/\/www.estrategiaconcursos.com.br\/blog\/cespeunb-comunica-retomada-concurso-da-policia-federal\/#primaryimage\"},\"thumbnailUrl\":\"https:\/\/dhg1h5j42swfq.cloudfront.net\/2014\/06\/concurso-publico-policia-federal-2014-300x236.jpg\",\"keywords\":[\"CESPE\",\"Policia Federal\"],\"articleSection\":[\"Concursos P\u00fablicos\",\"Policial (Agente, Escriv\u00e3o e Investigador)\"],\"inLanguage\":\"pt-BR\",\"copyrightYear\":\"2014\",\"copyrightHolder\":{\"@id\":\"https:\/\/www.estrategiaconcursos.com.br\/blog\/#organization\"}},{\"@type\":\"WebPage\",\"@id\":\"https:\/\/www.estrategiaconcursos.com.br\/blog\/cespeunb-comunica-retomada-concurso-da-policia-federal\/\",\"url\":\"https:\/\/www.estrategiaconcursos.com.br\/blog\/cespeunb-comunica-retomada-concurso-da-policia-federal\/\",\"name\":\"Concurso da Pol\u00edcia Federal - Cespe\/UnB comunica a retomada\",\"isPartOf\":{\"@id\":\"https:\/\/www.estrategiaconcursos.com.br\/blog\/#website\"},\"primaryImageOfPage\":{\"@id\":\"https:\/\/www.estrategiaconcursos.com.br\/blog\/cespeunb-comunica-retomada-concurso-da-policia-federal\/#primaryimage\"},\"image\":{\"@id\":\"https:\/\/www.estrategiaconcursos.com.br\/blog\/cespeunb-comunica-retomada-concurso-da-policia-federal\/#primaryimage\"},\"thumbnailUrl\":\"https:\/\/dhg1h5j42swfq.cloudfront.net\/2014\/06\/concurso-publico-policia-federal-2014-300x236.jpg\",\"datePublished\":\"2014-11-23T00:58:28+00:00\",\"dateModified\":\"2016-05-20T18:40:36+00:00\",\"description\":\"O Cespe\/UnB comunicou na sexta-feira, dia 21, a retomada do concurso da Pol\u00edcia Federal (PF) para 600 vagas de agente. Saiba mais!\",\"breadcrumb\":{\"@id\":\"https:\/\/www.estrategiaconcursos.com.br\/blog\/cespeunb-comunica-retomada-concurso-da-policia-federal\/#breadcrumb\"},\"inLanguage\":\"pt-BR\",\"potentialAction\":[{\"@type\":\"ReadAction\",\"target\":[\"https:\/\/www.estrategiaconcursos.com.br\/blog\/cespeunb-comunica-retomada-concurso-da-policia-federal\/\"]}]},{\"@type\":\"ImageObject\",\"inLanguage\":\"pt-BR\",\"@id\":\"https:\/\/www.estrategiaconcursos.com.br\/blog\/cespeunb-comunica-retomada-concurso-da-policia-federal\/#primaryimage\",\"url\":\"https:\/\/dhg1h5j42swfq.cloudfront.net\/2014\/06\/concurso-publico-policia-federal-2014-300x236.jpg\",\"contentUrl\":\"https:\/\/dhg1h5j42swfq.cloudfront.net\/2014\/06\/concurso-publico-policia-federal-2014-300x236.jpg\"},{\"@type\":\"BreadcrumbList\",\"@id\":\"https:\/\/www.estrategiaconcursos.com.br\/blog\/cespeunb-comunica-retomada-concurso-da-policia-federal\/#breadcrumb\",\"itemListElement\":[{\"@type\":\"ListItem\",\"position\":1,\"name\":\"In\u00edcio\",\"item\":\"https:\/\/www.estrategiaconcursos.com.br\/blog\/\"},{\"@type\":\"ListItem\",\"position\":2,\"name\":\"Concurso da Pol\u00edcia Federal &#8211; Cespe\/UnB comunica a retomada\"}]},{\"@type\":\"WebSite\",\"@id\":\"https:\/\/www.estrategiaconcursos.com.br\/blog\/#website\",\"url\":\"https:\/\/www.estrategiaconcursos.com.br\/blog\/\",\"name\":\"Estrat\u00e9gia Concursos\",\"description\":\"O blog da Estrat\u00e9gia Concursos traz not\u00edcias sobre concursos e artigos de professores oferecendo cursos para concursos (pdf + videaulas) no site.\",\"publisher\":{\"@id\":\"https:\/\/www.estrategiaconcursos.com.br\/blog\/#organization\"},\"potentialAction\":[{\"@type\":\"SearchAction\",\"target\":{\"@type\":\"EntryPoint\",\"urlTemplate\":\"https:\/\/www.estrategiaconcursos.com.br\/blog\/?s={search_term_string}\"},\"query-input\":{\"@type\":\"PropertyValueSpecification\",\"valueRequired\":true,\"valueName\":\"search_term_string\"}}],\"inLanguage\":\"pt-BR\"},{\"@type\":\"Organization\",\"@id\":\"https:\/\/www.estrategiaconcursos.com.br\/blog\/#organization\",\"name\":\"Estrat\u00e9gia Concursos\",\"url\":\"https:\/\/www.estrategiaconcursos.com.br\/blog\/\",\"logo\":{\"@type\":\"ImageObject\",\"inLanguage\":\"pt-BR\",\"@id\":\"https:\/\/www.estrategiaconcursos.com.br\/blog\/#\/schema\/logo\/image\/\",\"url\":\"https:\/\/dhg1h5j42swfq.cloudfront.net\/2025\/06\/03203428\/logo_concursos-1.jpg\",\"contentUrl\":\"https:\/\/dhg1h5j42swfq.cloudfront.net\/2025\/06\/03203428\/logo_concursos-1.jpg\",\"width\":230,\"height\":60,\"caption\":\"Estrat\u00e9gia Concursos\"},\"image\":{\"@id\":\"https:\/\/www.estrategiaconcursos.com.br\/blog\/#\/schema\/logo\/image\/\"},\"sameAs\":[\"https:\/\/x.com\/EstratConcursos\"]},{\"@type\":\"Person\",\"@id\":\"https:\/\/www.estrategiaconcursos.com.br\/blog\/#\/schema\/person\/b4a388c97673c5f483d72185668afa1f\",\"name\":\"Coordena\u00e7\u00e3o\",\"image\":{\"@type\":\"ImageObject\",\"inLanguage\":\"pt-BR\",\"@id\":\"https:\/\/secure.gravatar.com\/avatar\/b720319e4c9a967eb58678d110f4fe35452fc5d5f97b202bac7b8acceb18c6ad?s=96&d=mm&r=g\",\"url\":\"https:\/\/secure.gravatar.com\/avatar\/b720319e4c9a967eb58678d110f4fe35452fc5d5f97b202bac7b8acceb18c6ad?s=96&d=mm&r=g\",\"contentUrl\":\"https:\/\/secure.gravatar.com\/avatar\/b720319e4c9a967eb58678d110f4fe35452fc5d5f97b202bac7b8acceb18c6ad?s=96&d=mm&r=g\",\"caption\":\"Coordena\u00e7\u00e3o\"},\"sameAs\":[\"https:\/\/www.facebook.com\/EstrategiaConcursos\",\"https:\/\/x.com\/EstratConcursos\"],\"url\":\"https:\/\/www.estrategiaconcursos.com.br\/blog\/author\/estrategia2013\/\"}]}<\/script>\n<!-- \/ Yoast SEO Premium plugin. -->","yoast_head_json":{"title":"Concurso da Pol\u00edcia Federal - Cespe\/UnB comunica a retomada","description":"O Cespe\/UnB comunicou na sexta-feira, dia 21, a retomada do concurso da Pol\u00edcia Federal (PF) para 600 vagas de agente. Saiba mais!","robots":{"index":"index","follow":"follow","max-snippet":"max-snippet:-1","max-image-preview":"max-image-preview:large","max-video-preview":"max-video-preview:-1"},"canonical":"https:\/\/www.estrategiaconcursos.com.br\/blog\/cespeunb-comunica-retomada-concurso-da-policia-federal\/","og_locale":"pt_BR","og_type":"article","og_title":"Concurso da Pol\u00edcia Federal - Cespe\/UnB comunica a retomada","og_description":"O Cespe\/UnB comunicou na sexta-feira, dia 21, a retomada do concurso da Pol\u00edcia Federal (PF) para 600 vagas de agente. Saiba mais!","og_url":"https:\/\/www.estrategiaconcursos.com.br\/blog\/cespeunb-comunica-retomada-concurso-da-policia-federal\/","og_site_name":"Estrat\u00e9gia Concursos","article_author":"https:\/\/www.facebook.com\/EstrategiaConcursos","article_published_time":"2014-11-23T00:58:28+00:00","article_modified_time":"2016-05-20T18:40:36+00:00","og_image":[{"url":"https:\/\/dhg1h5j42swfq.cloudfront.net\/2014\/06\/concurso-publico-policia-federal-2014-300x236.jpg","type":"","width":"","height":""}],"author":"Coordena\u00e7\u00e3o","twitter_card":"summary_large_image","twitter_creator":"@EstratConcursos","twitter_site":"@EstratConcursos","twitter_misc":{"Escrito por":"Coordena\u00e7\u00e3o","Est. tempo de leitura":"2 minutos"},"schema":{"@context":"https:\/\/schema.org","@graph":[{"@type":"NewsArticle","@id":"https:\/\/www.estrategiaconcursos.com.br\/blog\/cespeunb-comunica-retomada-concurso-da-policia-federal\/#article","isPartOf":{"@id":"https:\/\/www.estrategiaconcursos.com.br\/blog\/cespeunb-comunica-retomada-concurso-da-policia-federal\/"},"author":{"name":"Coordena\u00e7\u00e3o","@id":"https:\/\/www.estrategiaconcursos.com.br\/blog\/#\/schema\/person\/b4a388c97673c5f483d72185668afa1f"},"headline":"Concurso da Pol\u00edcia Federal &#8211; Cespe\/UnB comunica a retomada","datePublished":"2014-11-23T00:58:28+00:00","dateModified":"2016-05-20T18:40:36+00:00","mainEntityOfPage":{"@id":"https:\/\/www.estrategiaconcursos.com.br\/blog\/cespeunb-comunica-retomada-concurso-da-policia-federal\/"},"wordCount":383,"publisher":{"@id":"https:\/\/www.estrategiaconcursos.com.br\/blog\/#organization"},"image":{"@id":"https:\/\/www.estrategiaconcursos.com.br\/blog\/cespeunb-comunica-retomada-concurso-da-policia-federal\/#primaryimage"},"thumbnailUrl":"https:\/\/dhg1h5j42swfq.cloudfront.net\/2014\/06\/concurso-publico-policia-federal-2014-300x236.jpg","keywords":["CESPE","Policia Federal"],"articleSection":["Concursos P\u00fablicos","Policial (Agente, Escriv\u00e3o e Investigador)"],"inLanguage":"pt-BR","copyrightYear":"2014","copyrightHolder":{"@id":"https:\/\/www.estrategiaconcursos.com.br\/blog\/#organization"}},{"@type":"WebPage","@id":"https:\/\/www.estrategiaconcursos.com.br\/blog\/cespeunb-comunica-retomada-concurso-da-policia-federal\/","url":"https:\/\/www.estrategiaconcursos.com.br\/blog\/cespeunb-comunica-retomada-concurso-da-policia-federal\/","name":"Concurso da Pol\u00edcia Federal - Cespe\/UnB comunica a retomada","isPartOf":{"@id":"https:\/\/www.estrategiaconcursos.com.br\/blog\/#website"},"primaryImageOfPage":{"@id":"https:\/\/www.estrategiaconcursos.com.br\/blog\/cespeunb-comunica-retomada-concurso-da-policia-federal\/#primaryimage"},"image":{"@id":"https:\/\/www.estrategiaconcursos.com.br\/blog\/cespeunb-comunica-retomada-concurso-da-policia-federal\/#primaryimage"},"thumbnailUrl":"https:\/\/dhg1h5j42swfq.cloudfront.net\/2014\/06\/concurso-publico-policia-federal-2014-300x236.jpg","datePublished":"2014-11-23T00:58:28+00:00","dateModified":"2016-05-20T18:40:36+00:00","description":"O Cespe\/UnB comunicou na sexta-feira, dia 21, a retomada do concurso da Pol\u00edcia Federal (PF) para 600 vagas de agente. Saiba mais!","breadcrumb":{"@id":"https:\/\/www.estrategiaconcursos.com.br\/blog\/cespeunb-comunica-retomada-concurso-da-policia-federal\/#breadcrumb"},"inLanguage":"pt-BR","potentialAction":[{"@type":"ReadAction","target":["https:\/\/www.estrategiaconcursos.com.br\/blog\/cespeunb-comunica-retomada-concurso-da-policia-federal\/"]}]},{"@type":"ImageObject","inLanguage":"pt-BR","@id":"https:\/\/www.estrategiaconcursos.com.br\/blog\/cespeunb-comunica-retomada-concurso-da-policia-federal\/#primaryimage","url":"https:\/\/dhg1h5j42swfq.cloudfront.net\/2014\/06\/concurso-publico-policia-federal-2014-300x236.jpg","contentUrl":"https:\/\/dhg1h5j42swfq.cloudfront.net\/2014\/06\/concurso-publico-policia-federal-2014-300x236.jpg"},{"@type":"BreadcrumbList","@id":"https:\/\/www.estrategiaconcursos.com.br\/blog\/cespeunb-comunica-retomada-concurso-da-policia-federal\/#breadcrumb","itemListElement":[{"@type":"ListItem","position":1,"name":"In\u00edcio","item":"https:\/\/www.estrategiaconcursos.com.br\/blog\/"},{"@type":"ListItem","position":2,"name":"Concurso da Pol\u00edcia Federal &#8211; Cespe\/UnB comunica a retomada"}]},{"@type":"WebSite","@id":"https:\/\/www.estrategiaconcursos.com.br\/blog\/#website","url":"https:\/\/www.estrategiaconcursos.com.br\/blog\/","name":"Estrat\u00e9gia Concursos","description":"O blog da Estrat\u00e9gia Concursos traz not\u00edcias sobre concursos e artigos de professores oferecendo cursos para concursos (pdf + videaulas) no site.","publisher":{"@id":"https:\/\/www.estrategiaconcursos.com.br\/blog\/#organization"},"potentialAction":[{"@type":"SearchAction","target":{"@type":"EntryPoint","urlTemplate":"https:\/\/www.estrategiaconcursos.com.br\/blog\/?s={search_term_string}"},"query-input":{"@type":"PropertyValueSpecification","valueRequired":true,"valueName":"search_term_string"}}],"inLanguage":"pt-BR"},{"@type":"Organization","@id":"https:\/\/www.estrategiaconcursos.com.br\/blog\/#organization","name":"Estrat\u00e9gia Concursos","url":"https:\/\/www.estrategiaconcursos.com.br\/blog\/","logo":{"@type":"ImageObject","inLanguage":"pt-BR","@id":"https:\/\/www.estrategiaconcursos.com.br\/blog\/#\/schema\/logo\/image\/","url":"https:\/\/dhg1h5j42swfq.cloudfront.net\/2025\/06\/03203428\/logo_concursos-1.jpg","contentUrl":"https:\/\/dhg1h5j42swfq.cloudfront.net\/2025\/06\/03203428\/logo_concursos-1.jpg","width":230,"height":60,"caption":"Estrat\u00e9gia Concursos"},"image":{"@id":"https:\/\/www.estrategiaconcursos.com.br\/blog\/#\/schema\/logo\/image\/"},"sameAs":["https:\/\/x.com\/EstratConcursos"]},{"@type":"Person","@id":"https:\/\/www.estrategiaconcursos.com.br\/blog\/#\/schema\/person\/b4a388c97673c5f483d72185668afa1f","name":"Coordena\u00e7\u00e3o","image":{"@type":"ImageObject","inLanguage":"pt-BR","@id":"https:\/\/secure.gravatar.com\/avatar\/b720319e4c9a967eb58678d110f4fe35452fc5d5f97b202bac7b8acceb18c6ad?s=96&d=mm&r=g","url":"https:\/\/secure.gravatar.com\/avatar\/b720319e4c9a967eb58678d110f4fe35452fc5d5f97b202bac7b8acceb18c6ad?s=96&d=mm&r=g","contentUrl":"https:\/\/secure.gravatar.com\/avatar\/b720319e4c9a967eb58678d110f4fe35452fc5d5f97b202bac7b8acceb18c6ad?s=96&d=mm&r=g","caption":"Coordena\u00e7\u00e3o"},"sameAs":["https:\/\/www.facebook.com\/EstrategiaConcursos","https:\/\/x.com\/EstratConcursos"],"url":"https:\/\/www.estrategiaconcursos.com.br\/blog\/author\/estrategia2013\/"}]}},"_links":{"self":[{"href":"https:\/\/www.estrategiaconcursos.com.br\/blog\/wp-json\/wp\/v2\/posts\/19422","targetHints":{"allow":["GET"]}}],"collection":[{"href":"https:\/\/www.estrategiaconcursos.com.br\/blog\/wp-json\/wp\/v2\/posts"}],"about":[{"href":"https:\/\/www.estrategiaconcursos.com.br\/blog\/wp-json\/wp\/v2\/types\/post"}],"author":[{"embeddable":true,"href":"https:\/\/www.estrategiaconcursos.com.br\/blog\/wp-json\/wp\/v2\/users\/1"}],"replies":[{"embeddable":true,"href":"https:\/\/www.estrategiaconcursos.com.br\/blog\/wp-json\/wp\/v2\/comments?post=19422"}],"version-history":[{"count":1,"href":"https:\/\/www.estrategiaconcursos.com.br\/blog\/wp-json\/wp\/v2\/posts\/19422\/revisions"}],"predecessor-version":[{"id":20480,"href":"https:\/\/www.estrategiaconcursos.com.br\/blog\/wp-json\/wp\/v2\/posts\/19422\/revisions\/20480"}],"wp:attachment":[{"href":"https:\/\/www.estrategiaconcursos.com.br\/blog\/wp-json\/wp\/v2\/media?parent=19422"}],"wp:term":[{"taxonomy":"category","embeddable":true,"href":"https:\/\/www.estrategiaconcursos.com.br\/blog\/wp-json\/wp\/v2\/categories?post=19422"},{"taxonomy":"post_tag","embeddable":true,"href":"https:\/\/www.estrategiaconcursos.com.br\/blog\/wp-json\/wp\/v2\/tags?post=19422"},{"taxonomy":"tax_estado","embeddable":true,"href":"https:\/\/www.estrategiaconcursos.com.br\/blog\/wp-json\/wp\/v2\/tax_estado?post=19422"}],"curies":[{"name":"wp","href":"https:\/\/api.w.org\/{rel}","templated":true}]}}