{"id":19376,"date":"2014-11-20T08:22:08","date_gmt":"2014-11-20T11:22:08","guid":{"rendered":"https:\/\/www.estrategiaconcursos.com.br\/blog\/?post_type=noticia&#038;p=19376"},"modified":"2016-05-20T15:40:52","modified_gmt":"2016-05-20T18:40:52","slug":"concurso-da-policia-federal-agu-derruba-liminar-que-suspendeu-concurso-para-600-vagas-de-agente-da-policia-federal","status":"publish","type":"post","link":"https:\/\/www.estrategiaconcursos.com.br\/blog\/concurso-da-policia-federal-agu-derruba-liminar-que-suspendeu-concurso-para-600-vagas-de-agente-da-policia-federal\/","title":{"rendered":"Concurso da Pol\u00edcia Federal: AGU derruba liminar que suspendeu concurso para 600 vagas de agente da Pol\u00edcia Federal"},"content":{"rendered":"<blockquote>\n<p style=\"text-align: justify;\"><span style=\"color: #000000;\"><a href=\"https:\/\/dhg1h5j42swfq.cloudfront.net\/2014\/04\/logo-agu.jpg\"><img loading=\"lazy\" decoding=\"async\" class=\"alignleft wp-image-15106 size-thumbnail\" src=\"https:\/\/dhg1h5j42swfq.cloudfront.net\/2014\/04\/logo-agu-150x150.jpg\" alt=\"Concurso da pol\u00edcia federal\" width=\"150\" height=\"150\" \/><\/a>A Advocacia-Geral da Uni\u00e3o (AGU) derrubou, no Tribunal Regional Federal da 1\u00aa Regi\u00e3o (TRF1), liminar que suspendeu o<span style=\"color: #0000ff;\"> <a style=\"color: #0000ff;\" href=\"https:\/\/www.estrategiaconcursos.com.br\/cursosPorConcurso\/policia-federal-agente-141\/\">concurso p\u00fablico para preenchimento de 600 vagas de agente da Pol\u00edcia Federal<\/a><\/span>. Com a decis\u00e3o, o certame retoma o andamento normal.<\/span><\/p>\n<p style=\"text-align: justify;\"><span style=\"color: #000000;\">A decis\u00e3o da 1\u00aa Vara Federal de Uberl\u00e2ndia\/MG havia acolhido a\u00e7\u00e3o proposta pelo Minist\u00e9rio P\u00fablico Federal para adaptar o exame de aptid\u00e3o f\u00edsica e o curso de forma\u00e7\u00e3o previstos \u00e0s necessidades dos candidatos que concorrem \u00e0s vagas reservadas aos deficientes, al\u00e9m de apontar como seriam as avalia\u00e7\u00f5es nas fases de per\u00edcia e exame m\u00e9dico. A suspens\u00e3o valeria at\u00e9 o cumprimento das medidas.<\/span><\/p>\n<p style=\"text-align: justify;\"><span style=\"color: #000000;\">A Procuradoria-Seccional da Uni\u00e3o (PSU) em Uberl\u00e2ndia pediu, ent\u00e3o, que a decis\u00e3o fosse reformada, mas a liminar foi mantida sob o fundamento de que as regras do edital afrontam a Constitui\u00e7\u00e3o Federal, pois estabelecem, de forma &#8220;abstrata&#8221;, que determinados tipos de defici\u00eancia impedem o exerc\u00edcio das fun\u00e7\u00f5es do cargo.<\/span><\/p>\n<p style=\"text-align: justify;\"><span style=\"color: #000000;\">Em atua\u00e7\u00e3o conjunta, a PSU\/Uberl\u00e2ndia e a Procuradoria-Regional da Uni\u00e3o da 1\u00aa Regi\u00e3o (PRU1) recorreram ao TRF1, destacando que a suspens\u00e3o do concurso pelos raz\u00f5es alegadas contrariava julgamento do Supremo Tribunal Federal (STF) no Recurso Extraordin\u00e1rio (RE) 676.335\/MG e afrontava o princ\u00edpio da isonomia. <\/span><\/p>\n<p style=\"text-align: justify;\"><span style=\"color: #000000;\">De acordo com a AGU, a decis\u00e3o transitada em julgado da Corte Suprema estabeleceu que os candidatos portadores de necessidades especiais, inscritos nos concursos da Pol\u00edcia Federal, deveriam realizar o certame em igualdade de condi\u00e7\u00f5es com os demais candidatos. Acrescentou que a concess\u00e3o da liminar contrastava com entendimento do STF, pois limitava as atribui\u00e7\u00f5es da banca examinadora, ao pretender que o candidato com defici\u00eancia n\u00e3o fosse eliminado na per\u00edcia, mas apenas no est\u00e1gio probat\u00f3rio.<\/span><\/p>\n<p style=\"text-align: justify;\"><span style=\"color: #000000;\">As procuradorias tamb\u00e9m destacaram que o edital assegurava o acesso da pessoa com defici\u00eancia ao concurso, por\u00e9m n\u00e3o poderia haver preju\u00edzo \u00e0 Administra\u00e7\u00e3o P\u00fablica quanto ao desempenho do cargo, conforme determinou a Ministra C\u00e1rmen L\u00facia no voto proferido no RE 676.335\/MG. Sustentaram, ainda, que a adapta\u00e7\u00e3o do exame de aptid\u00e3o f\u00edsica e do curso de forma\u00e7\u00e3o profissional a candidatos com defici\u00eancia seria invi\u00e1vel, tanto acad\u00eamica como tecnicamente. Diante disso, os advogados da Uni\u00e3o requereram a cassa\u00e7\u00e3o da liminar.<\/span><\/p>\n<p style=\"text-align: justify;\"><span style=\"color: #000000;\">Os argumentos da AGU foram acolhidos pelo relator do recurso na 5\u00aa Turma do TRF1, que deferiu o pedido para suspender os efeitos da decis\u00e3o at\u00e9 o pronunciamento definitivo do colegiado. O magistrado destacou que &#8220;a previs\u00e3o edital\u00edcia de inaptid\u00e3o decorrente de determinadas condi\u00e7\u00f5es f\u00edsicas foi estabelecida para todos os candidatos participantes do certame, independentemente da sua condi\u00e7\u00e3o de ser ou n\u00e3o portador de necessidades especiais, a descaracterizar o tratamento supostamente diferenciado, alegado pelo Minist\u00e9rio P\u00fablico Federal, na hip\u00f3tese dos autos&#8221;.<\/span><\/p>\n<\/blockquote>\n<p style=\"text-align: justify;\"><span style=\"color: #000000;\"><strong>Cronograma inicial do concurso da Pol\u00edcia Federal<\/strong><\/span><\/p>\n<p style=\"text-align: justify;\"><span style=\"color: #000000;\"><a href=\"https:\/\/dhg1h5j42swfq.cloudfront.net\/2014\/08\/concurso-policia-federal.jpg\"><img loading=\"lazy\" decoding=\"async\" class=\"alignleft wp-image-17126 size-thumbnail\" src=\"https:\/\/dhg1h5j42swfq.cloudfront.net\/2014\/08\/concurso-policia-federal-150x150.jpg\" alt=\"concurso da policia federal\" width=\"150\" height=\"150\" \/><\/a>A princ\u00edpio, as provas objetivas e discursivas do concurso da Pol\u00edcia Federal\u00a0estavam previstas para 21 de dezembro deste ano, enquanto que as avalia\u00e7\u00f5es f\u00edsica (testes de barra fixa, de impuls\u00e3o horizontal, de corrida de 12 minutos e de nata\u00e7\u00e3o), m\u00e9dica e psicol\u00f3gica seriam realizadas de fevereiro a abril do ano que vem. J\u00e1 o curso de forma\u00e7\u00e3o estava programado para o per\u00edodo de 3 de agosto a 18 de dezembro de 2015. Com exce\u00e7\u00e3o do curso de forma\u00e7\u00e3o, realizado em Bras\u00edlia, todas as etapas ser\u00e3o feitas em todas as capitais.<\/span><\/p>\n<p style=\"text-align: justify;\"><span style=\"color: #000000;\">O cargo de agente da PF \u00e9 aberto a quem possui o ensino superior completo em qualquer \u00e1rea e carteira de habilita\u00e7\u00e3o, na categoria B ou superior. A remunera\u00e7\u00e3o inicial \u00e9 de R$7.887,33, incluindo o aux\u00edlio-alimenta\u00e7\u00e3o, de R$373, valor que passar\u00e1 a R$9.074,59 a partir de janeiro do ano que vem. Al\u00e9m da cota para deficientes, a sele\u00e7\u00e3o possui 120 vagas reservadas a negros, conforme prev\u00ea a legisla\u00e7\u00e3o. A oportunidade \u00e9 para lota\u00e7\u00e3o, preferencialmente, nos estados do Acre, Amap\u00e1, Amazonas, Mato Grosso, Mato Grosso do Sul, Par\u00e1, Rond\u00f4nia e Roraima e em unidades de fronteira, com contrata\u00e7\u00e3o pelo regime estatut\u00e1rio, que prev\u00ea estabilidade. A validade da sele\u00e7\u00e3o ser\u00e1 de um m\u00eas, podendo dobrar.<\/span><\/p>\n<p style=\"text-align: justify;\"><span style=\"color: #000000;\">O Cespe\/UnB, organizador do concurso, dever\u00e1 divulgar novas informa\u00e7\u00f5es sobre a sele\u00e7\u00e3o no pr\u00f3ximo dia 28.<\/span><\/p>\n<p style=\"text-align: justify;\"><span style=\"color: #000000;\">Com informa\u00e7\u00f5es da\u00a0Advocacia-Geral da Uni\u00e3o<\/span><\/p>\n<p style=\"text-align: justify;\"><span style=\"color: #000000;\">Assessoria de Comunica\u00e7\u00e3o<\/span><\/p>\n<p style=\"text-align: justify;\"><span style=\"color: #000000;\">comunicacao@estrategiaconcursos.com.br<\/span><\/p>\n","protected":false},"excerpt":{"rendered":"<p>A Advocacia-Geral da Uni\u00e3o (AGU) derrubou, no Tribunal Regional Federal da 1\u00aa Regi\u00e3o (TRF1), liminar que suspendeu o concurso p\u00fablico para preenchimento de 600 vagas de agente da Pol\u00edcia Federal. Com a decis\u00e3o, o certame retoma o andamento normal. A decis\u00e3o da 1\u00aa Vara Federal de Uberl\u00e2ndia\/MG havia acolhido a\u00e7\u00e3o proposta pelo Minist\u00e9rio P\u00fablico Federal [&hellip;]<\/p>\n","protected":false},"author":1,"featured_media":0,"comment_status":"closed","ping_status":"closed","sticky":false,"template":"","format":"standard","meta":{"post_tipo":"news","footnotes":""},"categories":[1,1988],"tags":[500],"tax_estado":[],"class_list":["post-19376","post","type-post","status-publish","format-standard","hentry","category-cursos-e-concursos","category-policia","tag-policia-federal"],"acf":[],"yoast_head":"<!-- This site is optimized with the Yoast SEO Premium plugin v27.2 (Yoast SEO v27.2) - https:\/\/yoast.com\/product\/yoast-seo-premium-wordpress\/ -->\n<title>Concurso da Pol\u00edcia Federal: AGU derruba liminar que suspendeu concurso para 600 vagas de agente da Pol\u00edcia Federal<\/title>\n<meta name=\"description\" content=\"A Advocacia-Geral da Uni\u00e3o (AGU) derrubou, no Tribunal Regional Federal da 1\u00aa Regi\u00e3o (TRF1), liminar que suspendeu o concurso da Pol\u00edcia Federal. Saiba mais\" \/>\n<meta name=\"robots\" content=\"index, follow, max-snippet:-1, max-image-preview:large, max-video-preview:-1\" \/>\n<link rel=\"canonical\" href=\"https:\/\/www.estrategiaconcursos.com.br\/blog\/concurso-da-policia-federal-agu-derruba-liminar-que-suspendeu-concurso-para-600-vagas-de-agente-da-policia-federal\/\" \/>\n<meta property=\"og:locale\" content=\"pt_BR\" \/>\n<meta property=\"og:type\" content=\"article\" \/>\n<meta property=\"og:title\" content=\"Concurso da Pol\u00edcia Federal: AGU derruba liminar que suspendeu concurso para 600 vagas de agente da Pol\u00edcia Federal\" \/>\n<meta property=\"og:description\" content=\"A Advocacia-Geral da Uni\u00e3o (AGU) derrubou, no Tribunal Regional Federal da 1\u00aa Regi\u00e3o (TRF1), liminar que suspendeu o concurso da Pol\u00edcia Federal. Saiba mais\" \/>\n<meta property=\"og:url\" content=\"https:\/\/www.estrategiaconcursos.com.br\/blog\/concurso-da-policia-federal-agu-derruba-liminar-que-suspendeu-concurso-para-600-vagas-de-agente-da-policia-federal\/\" \/>\n<meta property=\"og:site_name\" content=\"Estrat\u00e9gia Concursos\" \/>\n<meta property=\"article:author\" content=\"https:\/\/www.facebook.com\/EstrategiaConcursos\" \/>\n<meta property=\"article:published_time\" content=\"2014-11-20T11:22:08+00:00\" \/>\n<meta property=\"article:modified_time\" content=\"2016-05-20T18:40:52+00:00\" \/>\n<meta property=\"og:image\" content=\"https:\/\/dhg1h5j42swfq.cloudfront.net\/2014\/04\/logo-agu-150x150.jpg\" \/>\n<meta name=\"author\" content=\"Coordena\u00e7\u00e3o\" \/>\n<meta name=\"twitter:card\" content=\"summary_large_image\" \/>\n<meta name=\"twitter:creator\" content=\"@EstratConcursos\" \/>\n<meta name=\"twitter:site\" content=\"@EstratConcursos\" \/>\n<meta name=\"twitter:label1\" content=\"Escrito por\" \/>\n\t<meta name=\"twitter:data1\" content=\"Coordena\u00e7\u00e3o\" \/>\n\t<meta name=\"twitter:label2\" content=\"Est. tempo de leitura\" \/>\n\t<meta name=\"twitter:data2\" content=\"4 minutos\" \/>\n<script type=\"application\/ld+json\" class=\"yoast-schema-graph\">{\"@context\":\"https:\/\/schema.org\",\"@graph\":[{\"@type\":\"NewsArticle\",\"@id\":\"https:\/\/www.estrategiaconcursos.com.br\/blog\/concurso-da-policia-federal-agu-derruba-liminar-que-suspendeu-concurso-para-600-vagas-de-agente-da-policia-federal\/#article\",\"isPartOf\":{\"@id\":\"https:\/\/www.estrategiaconcursos.com.br\/blog\/concurso-da-policia-federal-agu-derruba-liminar-que-suspendeu-concurso-para-600-vagas-de-agente-da-policia-federal\/\"},\"author\":{\"name\":\"Coordena\u00e7\u00e3o\",\"@id\":\"https:\/\/www.estrategiaconcursos.com.br\/blog\/#\/schema\/person\/b4a388c97673c5f483d72185668afa1f\"},\"headline\":\"Concurso da Pol\u00edcia Federal: AGU derruba liminar que suspendeu concurso para 600 vagas de agente da Pol\u00edcia Federal\",\"datePublished\":\"2014-11-20T11:22:08+00:00\",\"dateModified\":\"2016-05-20T18:40:52+00:00\",\"mainEntityOfPage\":{\"@id\":\"https:\/\/www.estrategiaconcursos.com.br\/blog\/concurso-da-policia-federal-agu-derruba-liminar-que-suspendeu-concurso-para-600-vagas-de-agente-da-policia-federal\/\"},\"wordCount\":780,\"publisher\":{\"@id\":\"https:\/\/www.estrategiaconcursos.com.br\/blog\/#organization\"},\"image\":{\"@id\":\"https:\/\/www.estrategiaconcursos.com.br\/blog\/concurso-da-policia-federal-agu-derruba-liminar-que-suspendeu-concurso-para-600-vagas-de-agente-da-policia-federal\/#primaryimage\"},\"thumbnailUrl\":\"https:\/\/dhg1h5j42swfq.cloudfront.net\/2014\/04\/logo-agu-150x150.jpg\",\"keywords\":[\"Policia Federal\"],\"articleSection\":[\"Concursos P\u00fablicos\",\"Policial (Agente, Escriv\u00e3o e Investigador)\"],\"inLanguage\":\"pt-BR\",\"copyrightYear\":\"2014\",\"copyrightHolder\":{\"@id\":\"https:\/\/www.estrategiaconcursos.com.br\/blog\/#organization\"}},{\"@type\":\"WebPage\",\"@id\":\"https:\/\/www.estrategiaconcursos.com.br\/blog\/concurso-da-policia-federal-agu-derruba-liminar-que-suspendeu-concurso-para-600-vagas-de-agente-da-policia-federal\/\",\"url\":\"https:\/\/www.estrategiaconcursos.com.br\/blog\/concurso-da-policia-federal-agu-derruba-liminar-que-suspendeu-concurso-para-600-vagas-de-agente-da-policia-federal\/\",\"name\":\"Concurso da Pol\u00edcia Federal: AGU derruba liminar que suspendeu concurso para 600 vagas de agente da Pol\u00edcia Federal\",\"isPartOf\":{\"@id\":\"https:\/\/www.estrategiaconcursos.com.br\/blog\/#website\"},\"primaryImageOfPage\":{\"@id\":\"https:\/\/www.estrategiaconcursos.com.br\/blog\/concurso-da-policia-federal-agu-derruba-liminar-que-suspendeu-concurso-para-600-vagas-de-agente-da-policia-federal\/#primaryimage\"},\"image\":{\"@id\":\"https:\/\/www.estrategiaconcursos.com.br\/blog\/concurso-da-policia-federal-agu-derruba-liminar-que-suspendeu-concurso-para-600-vagas-de-agente-da-policia-federal\/#primaryimage\"},\"thumbnailUrl\":\"https:\/\/dhg1h5j42swfq.cloudfront.net\/2014\/04\/logo-agu-150x150.jpg\",\"datePublished\":\"2014-11-20T11:22:08+00:00\",\"dateModified\":\"2016-05-20T18:40:52+00:00\",\"description\":\"A Advocacia-Geral da Uni\u00e3o (AGU) derrubou, no Tribunal Regional Federal da 1\u00aa Regi\u00e3o (TRF1), liminar que suspendeu o concurso da Pol\u00edcia Federal. Saiba mais\",\"breadcrumb\":{\"@id\":\"https:\/\/www.estrategiaconcursos.com.br\/blog\/concurso-da-policia-federal-agu-derruba-liminar-que-suspendeu-concurso-para-600-vagas-de-agente-da-policia-federal\/#breadcrumb\"},\"inLanguage\":\"pt-BR\",\"potentialAction\":[{\"@type\":\"ReadAction\",\"target\":[\"https:\/\/www.estrategiaconcursos.com.br\/blog\/concurso-da-policia-federal-agu-derruba-liminar-que-suspendeu-concurso-para-600-vagas-de-agente-da-policia-federal\/\"]}]},{\"@type\":\"ImageObject\",\"inLanguage\":\"pt-BR\",\"@id\":\"https:\/\/www.estrategiaconcursos.com.br\/blog\/concurso-da-policia-federal-agu-derruba-liminar-que-suspendeu-concurso-para-600-vagas-de-agente-da-policia-federal\/#primaryimage\",\"url\":\"https:\/\/dhg1h5j42swfq.cloudfront.net\/2014\/04\/logo-agu-150x150.jpg\",\"contentUrl\":\"https:\/\/dhg1h5j42swfq.cloudfront.net\/2014\/04\/logo-agu-150x150.jpg\"},{\"@type\":\"BreadcrumbList\",\"@id\":\"https:\/\/www.estrategiaconcursos.com.br\/blog\/concurso-da-policia-federal-agu-derruba-liminar-que-suspendeu-concurso-para-600-vagas-de-agente-da-policia-federal\/#breadcrumb\",\"itemListElement\":[{\"@type\":\"ListItem\",\"position\":1,\"name\":\"In\u00edcio\",\"item\":\"https:\/\/www.estrategiaconcursos.com.br\/blog\/\"},{\"@type\":\"ListItem\",\"position\":2,\"name\":\"Concurso da Pol\u00edcia Federal: AGU derruba liminar que suspendeu concurso para 600 vagas de agente da Pol\u00edcia Federal\"}]},{\"@type\":\"WebSite\",\"@id\":\"https:\/\/www.estrategiaconcursos.com.br\/blog\/#website\",\"url\":\"https:\/\/www.estrategiaconcursos.com.br\/blog\/\",\"name\":\"Estrat\u00e9gia Concursos\",\"description\":\"O blog da Estrat\u00e9gia Concursos traz not\u00edcias sobre concursos e artigos de professores oferecendo cursos para concursos (pdf + videaulas) no site.\",\"publisher\":{\"@id\":\"https:\/\/www.estrategiaconcursos.com.br\/blog\/#organization\"},\"potentialAction\":[{\"@type\":\"SearchAction\",\"target\":{\"@type\":\"EntryPoint\",\"urlTemplate\":\"https:\/\/www.estrategiaconcursos.com.br\/blog\/?s={search_term_string}\"},\"query-input\":{\"@type\":\"PropertyValueSpecification\",\"valueRequired\":true,\"valueName\":\"search_term_string\"}}],\"inLanguage\":\"pt-BR\"},{\"@type\":\"Organization\",\"@id\":\"https:\/\/www.estrategiaconcursos.com.br\/blog\/#organization\",\"name\":\"Estrat\u00e9gia Concursos\",\"url\":\"https:\/\/www.estrategiaconcursos.com.br\/blog\/\",\"logo\":{\"@type\":\"ImageObject\",\"inLanguage\":\"pt-BR\",\"@id\":\"https:\/\/www.estrategiaconcursos.com.br\/blog\/#\/schema\/logo\/image\/\",\"url\":\"https:\/\/dhg1h5j42swfq.cloudfront.net\/2025\/06\/03203428\/logo_concursos-1.jpg\",\"contentUrl\":\"https:\/\/dhg1h5j42swfq.cloudfront.net\/2025\/06\/03203428\/logo_concursos-1.jpg\",\"width\":230,\"height\":60,\"caption\":\"Estrat\u00e9gia Concursos\"},\"image\":{\"@id\":\"https:\/\/www.estrategiaconcursos.com.br\/blog\/#\/schema\/logo\/image\/\"},\"sameAs\":[\"https:\/\/x.com\/EstratConcursos\"]},{\"@type\":\"Person\",\"@id\":\"https:\/\/www.estrategiaconcursos.com.br\/blog\/#\/schema\/person\/b4a388c97673c5f483d72185668afa1f\",\"name\":\"Coordena\u00e7\u00e3o\",\"image\":{\"@type\":\"ImageObject\",\"inLanguage\":\"pt-BR\",\"@id\":\"https:\/\/secure.gravatar.com\/avatar\/b720319e4c9a967eb58678d110f4fe35452fc5d5f97b202bac7b8acceb18c6ad?s=96&d=mm&r=g\",\"url\":\"https:\/\/secure.gravatar.com\/avatar\/b720319e4c9a967eb58678d110f4fe35452fc5d5f97b202bac7b8acceb18c6ad?s=96&d=mm&r=g\",\"contentUrl\":\"https:\/\/secure.gravatar.com\/avatar\/b720319e4c9a967eb58678d110f4fe35452fc5d5f97b202bac7b8acceb18c6ad?s=96&d=mm&r=g\",\"caption\":\"Coordena\u00e7\u00e3o\"},\"sameAs\":[\"https:\/\/www.facebook.com\/EstrategiaConcursos\",\"https:\/\/x.com\/EstratConcursos\"],\"url\":\"https:\/\/www.estrategiaconcursos.com.br\/blog\/author\/estrategia2013\/\"}]}<\/script>\n<!-- \/ Yoast SEO Premium plugin. -->","yoast_head_json":{"title":"Concurso da Pol\u00edcia Federal: AGU derruba liminar que suspendeu concurso para 600 vagas de agente da Pol\u00edcia Federal","description":"A Advocacia-Geral da Uni\u00e3o (AGU) derrubou, no Tribunal Regional Federal da 1\u00aa Regi\u00e3o (TRF1), liminar que suspendeu o concurso da Pol\u00edcia Federal. Saiba mais","robots":{"index":"index","follow":"follow","max-snippet":"max-snippet:-1","max-image-preview":"max-image-preview:large","max-video-preview":"max-video-preview:-1"},"canonical":"https:\/\/www.estrategiaconcursos.com.br\/blog\/concurso-da-policia-federal-agu-derruba-liminar-que-suspendeu-concurso-para-600-vagas-de-agente-da-policia-federal\/","og_locale":"pt_BR","og_type":"article","og_title":"Concurso da Pol\u00edcia Federal: AGU derruba liminar que suspendeu concurso para 600 vagas de agente da Pol\u00edcia Federal","og_description":"A Advocacia-Geral da Uni\u00e3o (AGU) derrubou, no Tribunal Regional Federal da 1\u00aa Regi\u00e3o (TRF1), liminar que suspendeu o concurso da Pol\u00edcia Federal. Saiba mais","og_url":"https:\/\/www.estrategiaconcursos.com.br\/blog\/concurso-da-policia-federal-agu-derruba-liminar-que-suspendeu-concurso-para-600-vagas-de-agente-da-policia-federal\/","og_site_name":"Estrat\u00e9gia Concursos","article_author":"https:\/\/www.facebook.com\/EstrategiaConcursos","article_published_time":"2014-11-20T11:22:08+00:00","article_modified_time":"2016-05-20T18:40:52+00:00","og_image":[{"url":"https:\/\/dhg1h5j42swfq.cloudfront.net\/2014\/04\/logo-agu-150x150.jpg","type":"","width":"","height":""}],"author":"Coordena\u00e7\u00e3o","twitter_card":"summary_large_image","twitter_creator":"@EstratConcursos","twitter_site":"@EstratConcursos","twitter_misc":{"Escrito por":"Coordena\u00e7\u00e3o","Est. tempo de leitura":"4 minutos"},"schema":{"@context":"https:\/\/schema.org","@graph":[{"@type":"NewsArticle","@id":"https:\/\/www.estrategiaconcursos.com.br\/blog\/concurso-da-policia-federal-agu-derruba-liminar-que-suspendeu-concurso-para-600-vagas-de-agente-da-policia-federal\/#article","isPartOf":{"@id":"https:\/\/www.estrategiaconcursos.com.br\/blog\/concurso-da-policia-federal-agu-derruba-liminar-que-suspendeu-concurso-para-600-vagas-de-agente-da-policia-federal\/"},"author":{"name":"Coordena\u00e7\u00e3o","@id":"https:\/\/www.estrategiaconcursos.com.br\/blog\/#\/schema\/person\/b4a388c97673c5f483d72185668afa1f"},"headline":"Concurso da Pol\u00edcia Federal: AGU derruba liminar que suspendeu concurso para 600 vagas de agente da Pol\u00edcia Federal","datePublished":"2014-11-20T11:22:08+00:00","dateModified":"2016-05-20T18:40:52+00:00","mainEntityOfPage":{"@id":"https:\/\/www.estrategiaconcursos.com.br\/blog\/concurso-da-policia-federal-agu-derruba-liminar-que-suspendeu-concurso-para-600-vagas-de-agente-da-policia-federal\/"},"wordCount":780,"publisher":{"@id":"https:\/\/www.estrategiaconcursos.com.br\/blog\/#organization"},"image":{"@id":"https:\/\/www.estrategiaconcursos.com.br\/blog\/concurso-da-policia-federal-agu-derruba-liminar-que-suspendeu-concurso-para-600-vagas-de-agente-da-policia-federal\/#primaryimage"},"thumbnailUrl":"https:\/\/dhg1h5j42swfq.cloudfront.net\/2014\/04\/logo-agu-150x150.jpg","keywords":["Policia Federal"],"articleSection":["Concursos P\u00fablicos","Policial (Agente, Escriv\u00e3o e Investigador)"],"inLanguage":"pt-BR","copyrightYear":"2014","copyrightHolder":{"@id":"https:\/\/www.estrategiaconcursos.com.br\/blog\/#organization"}},{"@type":"WebPage","@id":"https:\/\/www.estrategiaconcursos.com.br\/blog\/concurso-da-policia-federal-agu-derruba-liminar-que-suspendeu-concurso-para-600-vagas-de-agente-da-policia-federal\/","url":"https:\/\/www.estrategiaconcursos.com.br\/blog\/concurso-da-policia-federal-agu-derruba-liminar-que-suspendeu-concurso-para-600-vagas-de-agente-da-policia-federal\/","name":"Concurso da Pol\u00edcia Federal: AGU derruba liminar que suspendeu concurso para 600 vagas de agente da Pol\u00edcia Federal","isPartOf":{"@id":"https:\/\/www.estrategiaconcursos.com.br\/blog\/#website"},"primaryImageOfPage":{"@id":"https:\/\/www.estrategiaconcursos.com.br\/blog\/concurso-da-policia-federal-agu-derruba-liminar-que-suspendeu-concurso-para-600-vagas-de-agente-da-policia-federal\/#primaryimage"},"image":{"@id":"https:\/\/www.estrategiaconcursos.com.br\/blog\/concurso-da-policia-federal-agu-derruba-liminar-que-suspendeu-concurso-para-600-vagas-de-agente-da-policia-federal\/#primaryimage"},"thumbnailUrl":"https:\/\/dhg1h5j42swfq.cloudfront.net\/2014\/04\/logo-agu-150x150.jpg","datePublished":"2014-11-20T11:22:08+00:00","dateModified":"2016-05-20T18:40:52+00:00","description":"A Advocacia-Geral da Uni\u00e3o (AGU) derrubou, no Tribunal Regional Federal da 1\u00aa Regi\u00e3o (TRF1), liminar que suspendeu o concurso da Pol\u00edcia Federal. Saiba mais","breadcrumb":{"@id":"https:\/\/www.estrategiaconcursos.com.br\/blog\/concurso-da-policia-federal-agu-derruba-liminar-que-suspendeu-concurso-para-600-vagas-de-agente-da-policia-federal\/#breadcrumb"},"inLanguage":"pt-BR","potentialAction":[{"@type":"ReadAction","target":["https:\/\/www.estrategiaconcursos.com.br\/blog\/concurso-da-policia-federal-agu-derruba-liminar-que-suspendeu-concurso-para-600-vagas-de-agente-da-policia-federal\/"]}]},{"@type":"ImageObject","inLanguage":"pt-BR","@id":"https:\/\/www.estrategiaconcursos.com.br\/blog\/concurso-da-policia-federal-agu-derruba-liminar-que-suspendeu-concurso-para-600-vagas-de-agente-da-policia-federal\/#primaryimage","url":"https:\/\/dhg1h5j42swfq.cloudfront.net\/2014\/04\/logo-agu-150x150.jpg","contentUrl":"https:\/\/dhg1h5j42swfq.cloudfront.net\/2014\/04\/logo-agu-150x150.jpg"},{"@type":"BreadcrumbList","@id":"https:\/\/www.estrategiaconcursos.com.br\/blog\/concurso-da-policia-federal-agu-derruba-liminar-que-suspendeu-concurso-para-600-vagas-de-agente-da-policia-federal\/#breadcrumb","itemListElement":[{"@type":"ListItem","position":1,"name":"In\u00edcio","item":"https:\/\/www.estrategiaconcursos.com.br\/blog\/"},{"@type":"ListItem","position":2,"name":"Concurso da Pol\u00edcia Federal: AGU derruba liminar que suspendeu concurso para 600 vagas de agente da Pol\u00edcia Federal"}]},{"@type":"WebSite","@id":"https:\/\/www.estrategiaconcursos.com.br\/blog\/#website","url":"https:\/\/www.estrategiaconcursos.com.br\/blog\/","name":"Estrat\u00e9gia Concursos","description":"O blog da Estrat\u00e9gia Concursos traz not\u00edcias sobre concursos e artigos de professores oferecendo cursos para concursos (pdf + videaulas) no site.","publisher":{"@id":"https:\/\/www.estrategiaconcursos.com.br\/blog\/#organization"},"potentialAction":[{"@type":"SearchAction","target":{"@type":"EntryPoint","urlTemplate":"https:\/\/www.estrategiaconcursos.com.br\/blog\/?s={search_term_string}"},"query-input":{"@type":"PropertyValueSpecification","valueRequired":true,"valueName":"search_term_string"}}],"inLanguage":"pt-BR"},{"@type":"Organization","@id":"https:\/\/www.estrategiaconcursos.com.br\/blog\/#organization","name":"Estrat\u00e9gia Concursos","url":"https:\/\/www.estrategiaconcursos.com.br\/blog\/","logo":{"@type":"ImageObject","inLanguage":"pt-BR","@id":"https:\/\/www.estrategiaconcursos.com.br\/blog\/#\/schema\/logo\/image\/","url":"https:\/\/dhg1h5j42swfq.cloudfront.net\/2025\/06\/03203428\/logo_concursos-1.jpg","contentUrl":"https:\/\/dhg1h5j42swfq.cloudfront.net\/2025\/06\/03203428\/logo_concursos-1.jpg","width":230,"height":60,"caption":"Estrat\u00e9gia Concursos"},"image":{"@id":"https:\/\/www.estrategiaconcursos.com.br\/blog\/#\/schema\/logo\/image\/"},"sameAs":["https:\/\/x.com\/EstratConcursos"]},{"@type":"Person","@id":"https:\/\/www.estrategiaconcursos.com.br\/blog\/#\/schema\/person\/b4a388c97673c5f483d72185668afa1f","name":"Coordena\u00e7\u00e3o","image":{"@type":"ImageObject","inLanguage":"pt-BR","@id":"https:\/\/secure.gravatar.com\/avatar\/b720319e4c9a967eb58678d110f4fe35452fc5d5f97b202bac7b8acceb18c6ad?s=96&d=mm&r=g","url":"https:\/\/secure.gravatar.com\/avatar\/b720319e4c9a967eb58678d110f4fe35452fc5d5f97b202bac7b8acceb18c6ad?s=96&d=mm&r=g","contentUrl":"https:\/\/secure.gravatar.com\/avatar\/b720319e4c9a967eb58678d110f4fe35452fc5d5f97b202bac7b8acceb18c6ad?s=96&d=mm&r=g","caption":"Coordena\u00e7\u00e3o"},"sameAs":["https:\/\/www.facebook.com\/EstrategiaConcursos","https:\/\/x.com\/EstratConcursos"],"url":"https:\/\/www.estrategiaconcursos.com.br\/blog\/author\/estrategia2013\/"}]}},"_links":{"self":[{"href":"https:\/\/www.estrategiaconcursos.com.br\/blog\/wp-json\/wp\/v2\/posts\/19376","targetHints":{"allow":["GET"]}}],"collection":[{"href":"https:\/\/www.estrategiaconcursos.com.br\/blog\/wp-json\/wp\/v2\/posts"}],"about":[{"href":"https:\/\/www.estrategiaconcursos.com.br\/blog\/wp-json\/wp\/v2\/types\/post"}],"author":[{"embeddable":true,"href":"https:\/\/www.estrategiaconcursos.com.br\/blog\/wp-json\/wp\/v2\/users\/1"}],"replies":[{"embeddable":true,"href":"https:\/\/www.estrategiaconcursos.com.br\/blog\/wp-json\/wp\/v2\/comments?post=19376"}],"version-history":[{"count":1,"href":"https:\/\/www.estrategiaconcursos.com.br\/blog\/wp-json\/wp\/v2\/posts\/19376\/revisions"}],"predecessor-version":[{"id":20488,"href":"https:\/\/www.estrategiaconcursos.com.br\/blog\/wp-json\/wp\/v2\/posts\/19376\/revisions\/20488"}],"wp:attachment":[{"href":"https:\/\/www.estrategiaconcursos.com.br\/blog\/wp-json\/wp\/v2\/media?parent=19376"}],"wp:term":[{"taxonomy":"category","embeddable":true,"href":"https:\/\/www.estrategiaconcursos.com.br\/blog\/wp-json\/wp\/v2\/categories?post=19376"},{"taxonomy":"post_tag","embeddable":true,"href":"https:\/\/www.estrategiaconcursos.com.br\/blog\/wp-json\/wp\/v2\/tags?post=19376"},{"taxonomy":"tax_estado","embeddable":true,"href":"https:\/\/www.estrategiaconcursos.com.br\/blog\/wp-json\/wp\/v2\/tax_estado?post=19376"}],"curies":[{"name":"wp","href":"https:\/\/api.w.org\/{rel}","templated":true}]}}