{"id":19204,"date":"2014-11-07T07:00:09","date_gmt":"2014-11-07T10:00:09","guid":{"rendered":"https:\/\/www.estrategiaconcursos.com.br\/blog\/?post_type=noticia&#038;p=19204"},"modified":"2015-01-12T14:51:00","modified_gmt":"2015-01-12T17:51:00","slug":"concurso-da-policia-civil-do-ceara-inscricoes-terminam-na-tarde-desta-sexta-feira","status":"publish","type":"post","link":"https:\/\/www.estrategiaconcursos.com.br\/blog\/concurso-da-policia-civil-do-ceara-inscricoes-terminam-na-tarde-desta-sexta-feira\/","title":{"rendered":"Concurso da Pol\u00edcia Civil do Cear\u00e1 &#8211; Inscri\u00e7\u00f5es terminam na tarde desta sexta-feira"},"content":{"rendered":"<p style=\"text-align: justify;\"><span style=\"color: #000000;\"><a href=\"https:\/\/dhg1h5j42swfq.cloudfront.net\/2014\/09\/concurso-da-Pol\u00edcia-Civil-do-Cear\u00e1.jpg\"><img loading=\"lazy\" decoding=\"async\" class=\"alignleft wp-image-18310 size-medium\" src=\"https:\/\/dhg1h5j42swfq.cloudfront.net\/2014\/09\/concurso-da-Pol\u00edcia-Civil-do-Cear\u00e1-300x300.jpg\" alt=\"concurso da  Pol\u00edcia Civil do Cear\u00e1\" width=\"300\" height=\"300\" \/><\/a>Termina \u00a0na tarde desta sexta-feira, 07, o per\u00edodo de inscri\u00e7\u00f5es do concurso da Pol\u00edcia Civil do Cear\u00e1,\u00a0com\u00a0763 vagas divididas nos cargos de Delegado, Inspetor e Escriv\u00e3o de Pol\u00edcia Civil de 1\u00aa Classe. As inscri\u00e7\u00f5es poder\u00e3o ser realizadas at\u00e9 \u00e0s 16h pelo site da <span style=\"color: #0000ff;\"><a style=\"color: #0000ff;\" href=\"http:\/\/www.vunesp.com.br\/PCCE1401\/\">VUNESP<\/a><\/span>. As taxas s\u00e3o de\u00a0R$ 150,00 (Delegado), R$ 85,00 (Inspetor e Escriv\u00e3o).<\/span><\/p>\n<p style=\"text-align: justify;\"><span style=\"color: #000000;\">Ao todo s\u00e3o ofertadas 168 vagas para o cargo de delegado, 336 para escriv\u00e3o e 259 para inspetor. Para portadores de defici\u00eancia f\u00edsica, ser\u00e3o nove vagas para delegado, 17 para escriv\u00e3o e 13 para inspetor.\u00a0Os sal\u00e1rios variam de R$ 2.946,19 (para escriv\u00e3es e inspetores) a R$ 14.592,39 (delegados), para uma jornada de trabalho \u00e9 de 40 horas semanais.<\/span><\/p>\n<p style=\"text-align: justify;\"><span style=\"color: #000000;\">A sele\u00e7\u00e3o do concurso da Pol\u00edcia Civil do Cear\u00e1\u00a0ser\u00e1 aplicada em duas fases: prova objetiva e curso de forma\u00e7\u00e3o e treinamento profissional (mais teste f\u00edsico). A\u00a0realiza\u00e7\u00e3o da prova objetiva est\u00e1 prevista para o dia 18 de janeiro de 2015, podendo ser alterada ou confirmada posteriormente. Todas as etapas do concurso ser\u00e3o realizadas em Fortaleza.<\/span><\/p>\n<p style=\"text-align: justify;\"><span style=\"color: #000000;\">O prazo de validade dos editais ser\u00e1 de 1 ano, podendo ser prorrogado, por uma \u00fanica vez, por igual per\u00edodo.<\/span><\/p>\n<p style=\"text-align: justify;\"><span style=\"color: #000000;\">E preciso ficar atento, pois o edital do concurso da Pol\u00edcia Civil do Cear\u00e1\u00a0passou por retifica\u00e7\u00f5es, entre elas a que deixa de exigir bacharelado para concorrer aos cargos de inspetor e escriv\u00e3o. Agora\u00a0os cargos passam a exigir Curso de Gradua\u00e7\u00e3o, comprovada por meio de Diploma devidamente reconhecido pelo Minist\u00e9rio da Educa\u00e7\u00e3o. Confira todas as mudan\u00e7as clicando <span style=\"color: #0000ff;\"><a style=\"color: #0000ff;\" href=\"https:\/\/dhg1h5j42swfq.cloudfront.net\/2014\/10\/AQUI.pdf\">AQUI<\/a><\/span>.<\/span><\/p>\n<p style=\"text-align: justify;\"><span style=\"color: #000000;\">&gt;Confira o edital clicando <span style=\"color: #0000ff;\"><a style=\"color: #0000ff;\" href=\"https:\/\/dhg1h5j42swfq.cloudfront.net\/2014\/09\/PCCE1401_306_019683.pdf\">AQUI<\/a><\/span>\u00a0(A partir da p\u00e1gina 88)<\/span><\/p>\n<p style=\"text-align: justify;\"><span style=\"color: #000000;\"><strong>O Estrat\u00e9gia Concursos j\u00e1 lan\u00e7ou cursos para este concurso. Confira em:<\/strong><\/span><\/p>\n<div style=\"text-align: justify;\"><span style=\"color: #0000ff;\">Escriv\u00e3o:\u00a0<a id=\"yui_3_16_0_1_1411410428255_168620\" style=\"color: #0000ff;\" href=\"https:\/\/www.estrategiaconcursos.com.br\/cursosPorConcurso\/policia-civil-ceara-escrivao-320\/\" target=\"_blank\" rel=\"nofollow\">https:\/\/www.estrategiaconcursos.com.br\/cursosPorConcurso\/policia-civil-ceara-escrivao-320\/<\/a>\u00a0<\/span><\/div>\n<div style=\"text-align: justify;\"><span style=\"color: #0000ff;\">.<\/span><\/div>\n<div style=\"text-align: justify;\"><span style=\"color: #0000ff;\">Inspetor:\u00a0<a id=\"yui_3_16_0_1_1411410428255_168627\" style=\"color: #0000ff;\" href=\"https:\/\/www.estrategiaconcursos.com.br\/cursosPorConcurso\/policia-civil-ceara-inspetor-319\/\" target=\"_blank\" rel=\"nofollow\">https:\/\/www.estrategiaconcursos.com.br\/cursosPorConcurso\/policia-civil-ceara-inspetor-319\/<\/a>\u00a0<\/span><\/div>\n<div id=\"yui_3_16_0_1_1411410428255_168630\" style=\"text-align: justify;\"><span style=\"color: #0000ff;\">.<\/span><\/div>\n<div id=\"yui_3_16_0_1_1411410428255_168632\" style=\"text-align: justify;\"><span style=\"color: #0000ff;\">Delegado:\u00a0<a style=\"color: #0000ff;\" href=\"https:\/\/www.estrategiaconcursos.com.br\/cursosPorConcurso\/policia-civil-ceara-delegado-318\/\" target=\"_blank\" rel=\"nofollow\">https:\/\/www.estrategiaconcursos.com.br\/cursosPorConcurso\/policia-civil-ceara-delegado-318\/<\/a>\u00a0<\/span><\/div>\n<div style=\"text-align: justify;\"><span style=\"color: #000000;\">.<\/span><\/div>\n<div style=\"text-align: justify;\"><span style=\"color: #000000;\">Assessoria de Comunica\u00e7\u00e3o<\/span><\/div>\n<div style=\"text-align: justify;\"><span style=\"color: #000000;\">.<\/span><\/div>\n<div style=\"text-align: justify;\"><span style=\"color: #000000;\">comunicacao@estrategiaconcursos.com.br<\/span><\/div>\n","protected":false},"excerpt":{"rendered":"<p>Termina \u00a0na tarde desta sexta-feira, 07, o per\u00edodo de inscri\u00e7\u00f5es do concurso da Pol\u00edcia Civil do Cear\u00e1,\u00a0com\u00a0763 vagas divididas nos cargos de Delegado, Inspetor e Escriv\u00e3o de Pol\u00edcia Civil de 1\u00aa Classe. As inscri\u00e7\u00f5es poder\u00e3o ser realizadas at\u00e9 \u00e0s 16h pelo site da VUNESP. As taxas s\u00e3o de\u00a0R$ 150,00 (Delegado), R$ 85,00 (Inspetor e Escriv\u00e3o). [&hellip;]<\/p>\n","protected":false},"author":1,"featured_media":0,"comment_status":"closed","ping_status":"closed","sticky":false,"template":"","format":"standard","meta":{"post_tipo":"news","footnotes":""},"categories":[1],"tags":[561],"tax_estado":[],"class_list":["post-19204","post","type-post","status-publish","format-standard","hentry","category-cursos-e-concursos","tag-pc-ce"],"acf":[],"yoast_head":"<!-- This site is optimized with the Yoast SEO Premium plugin v27.2 (Yoast SEO v27.2) - https:\/\/yoast.com\/product\/yoast-seo-premium-wordpress\/ -->\n<title>Concurso da Pol\u00edcia Civil do Cear\u00e1 - Inscri\u00e7\u00f5es terminam na tarde desta sexta-feira<\/title>\n<meta name=\"description\" content=\"Termina nesta sexta-feira, 07, o per\u00edodo de inscri\u00e7\u00f5es do concurso da Pol\u00edcia Civil do Cear\u00e1. Saiba mais.\" \/>\n<meta name=\"robots\" content=\"index, follow, max-snippet:-1, max-image-preview:large, max-video-preview:-1\" \/>\n<link rel=\"canonical\" href=\"https:\/\/www.estrategiaconcursos.com.br\/blog\/concurso-da-policia-civil-do-ceara-inscricoes-terminam-na-tarde-desta-sexta-feira\/\" \/>\n<meta property=\"og:locale\" content=\"pt_BR\" \/>\n<meta property=\"og:type\" content=\"article\" \/>\n<meta property=\"og:title\" content=\"Concurso da Pol\u00edcia Civil do Cear\u00e1 - Inscri\u00e7\u00f5es terminam na tarde desta sexta-feira\" \/>\n<meta property=\"og:description\" content=\"Termina nesta sexta-feira, 07, o per\u00edodo de inscri\u00e7\u00f5es do concurso da Pol\u00edcia Civil do Cear\u00e1. Saiba mais.\" \/>\n<meta property=\"og:url\" content=\"https:\/\/www.estrategiaconcursos.com.br\/blog\/concurso-da-policia-civil-do-ceara-inscricoes-terminam-na-tarde-desta-sexta-feira\/\" \/>\n<meta property=\"og:site_name\" content=\"Estrat\u00e9gia Concursos\" \/>\n<meta property=\"article:author\" content=\"https:\/\/www.facebook.com\/EstrategiaConcursos\" \/>\n<meta property=\"article:published_time\" content=\"2014-11-07T10:00:09+00:00\" \/>\n<meta property=\"article:modified_time\" content=\"2015-01-12T17:51:00+00:00\" \/>\n<meta name=\"author\" content=\"Coordena\u00e7\u00e3o\" \/>\n<meta name=\"twitter:card\" content=\"summary_large_image\" \/>\n<meta name=\"twitter:creator\" content=\"@EstratConcursos\" \/>\n<meta name=\"twitter:site\" content=\"@EstratConcursos\" \/>\n<meta name=\"twitter:label1\" content=\"Escrito por\" \/>\n\t<meta name=\"twitter:data1\" content=\"Coordena\u00e7\u00e3o\" \/>\n\t<meta name=\"twitter:label2\" content=\"Est. tempo de leitura\" \/>\n\t<meta name=\"twitter:data2\" content=\"2 minutos\" \/>\n<script type=\"application\/ld+json\" class=\"yoast-schema-graph\">{\"@context\":\"https:\/\/schema.org\",\"@graph\":[{\"@type\":\"NewsArticle\",\"@id\":\"https:\/\/www.estrategiaconcursos.com.br\/blog\/concurso-da-policia-civil-do-ceara-inscricoes-terminam-na-tarde-desta-sexta-feira\/#article\",\"isPartOf\":{\"@id\":\"https:\/\/www.estrategiaconcursos.com.br\/blog\/concurso-da-policia-civil-do-ceara-inscricoes-terminam-na-tarde-desta-sexta-feira\/\"},\"author\":{\"name\":\"Coordena\u00e7\u00e3o\",\"@id\":\"https:\/\/www.estrategiaconcursos.com.br\/blog\/#\/schema\/person\/b4a388c97673c5f483d72185668afa1f\"},\"headline\":\"Concurso da Pol\u00edcia Civil do Cear\u00e1 &#8211; Inscri\u00e7\u00f5es terminam na tarde desta sexta-feira\",\"datePublished\":\"2014-11-07T10:00:09+00:00\",\"dateModified\":\"2015-01-12T17:51:00+00:00\",\"mainEntityOfPage\":{\"@id\":\"https:\/\/www.estrategiaconcursos.com.br\/blog\/concurso-da-policia-civil-do-ceara-inscricoes-terminam-na-tarde-desta-sexta-feira\/\"},\"wordCount\":338,\"publisher\":{\"@id\":\"https:\/\/www.estrategiaconcursos.com.br\/blog\/#organization\"},\"keywords\":[\"PC-CE\"],\"articleSection\":[\"Concursos P\u00fablicos\"],\"inLanguage\":\"pt-BR\",\"copyrightYear\":\"2014\",\"copyrightHolder\":{\"@id\":\"https:\/\/www.estrategiaconcursos.com.br\/blog\/#organization\"}},{\"@type\":\"WebPage\",\"@id\":\"https:\/\/www.estrategiaconcursos.com.br\/blog\/concurso-da-policia-civil-do-ceara-inscricoes-terminam-na-tarde-desta-sexta-feira\/\",\"url\":\"https:\/\/www.estrategiaconcursos.com.br\/blog\/concurso-da-policia-civil-do-ceara-inscricoes-terminam-na-tarde-desta-sexta-feira\/\",\"name\":\"Concurso da Pol\u00edcia Civil do Cear\u00e1 - Inscri\u00e7\u00f5es terminam na tarde desta sexta-feira\",\"isPartOf\":{\"@id\":\"https:\/\/www.estrategiaconcursos.com.br\/blog\/#website\"},\"datePublished\":\"2014-11-07T10:00:09+00:00\",\"dateModified\":\"2015-01-12T17:51:00+00:00\",\"description\":\"Termina nesta sexta-feira, 07, o per\u00edodo de inscri\u00e7\u00f5es do concurso da Pol\u00edcia Civil do Cear\u00e1. Saiba mais.\",\"breadcrumb\":{\"@id\":\"https:\/\/www.estrategiaconcursos.com.br\/blog\/concurso-da-policia-civil-do-ceara-inscricoes-terminam-na-tarde-desta-sexta-feira\/#breadcrumb\"},\"inLanguage\":\"pt-BR\",\"potentialAction\":[{\"@type\":\"ReadAction\",\"target\":[\"https:\/\/www.estrategiaconcursos.com.br\/blog\/concurso-da-policia-civil-do-ceara-inscricoes-terminam-na-tarde-desta-sexta-feira\/\"]}]},{\"@type\":\"BreadcrumbList\",\"@id\":\"https:\/\/www.estrategiaconcursos.com.br\/blog\/concurso-da-policia-civil-do-ceara-inscricoes-terminam-na-tarde-desta-sexta-feira\/#breadcrumb\",\"itemListElement\":[{\"@type\":\"ListItem\",\"position\":1,\"name\":\"In\u00edcio\",\"item\":\"https:\/\/www.estrategiaconcursos.com.br\/blog\/\"},{\"@type\":\"ListItem\",\"position\":2,\"name\":\"Concurso da Pol\u00edcia Civil do Cear\u00e1 &#8211; Inscri\u00e7\u00f5es terminam na tarde desta sexta-feira\"}]},{\"@type\":\"WebSite\",\"@id\":\"https:\/\/www.estrategiaconcursos.com.br\/blog\/#website\",\"url\":\"https:\/\/www.estrategiaconcursos.com.br\/blog\/\",\"name\":\"Estrat\u00e9gia Concursos\",\"description\":\"O blog da Estrat\u00e9gia Concursos traz not\u00edcias sobre concursos e artigos de professores oferecendo cursos para concursos (pdf + videaulas) no site.\",\"publisher\":{\"@id\":\"https:\/\/www.estrategiaconcursos.com.br\/blog\/#organization\"},\"potentialAction\":[{\"@type\":\"SearchAction\",\"target\":{\"@type\":\"EntryPoint\",\"urlTemplate\":\"https:\/\/www.estrategiaconcursos.com.br\/blog\/?s={search_term_string}\"},\"query-input\":{\"@type\":\"PropertyValueSpecification\",\"valueRequired\":true,\"valueName\":\"search_term_string\"}}],\"inLanguage\":\"pt-BR\"},{\"@type\":\"Organization\",\"@id\":\"https:\/\/www.estrategiaconcursos.com.br\/blog\/#organization\",\"name\":\"Estrat\u00e9gia Concursos\",\"url\":\"https:\/\/www.estrategiaconcursos.com.br\/blog\/\",\"logo\":{\"@type\":\"ImageObject\",\"inLanguage\":\"pt-BR\",\"@id\":\"https:\/\/www.estrategiaconcursos.com.br\/blog\/#\/schema\/logo\/image\/\",\"url\":\"https:\/\/dhg1h5j42swfq.cloudfront.net\/2025\/06\/03203428\/logo_concursos-1.jpg\",\"contentUrl\":\"https:\/\/dhg1h5j42swfq.cloudfront.net\/2025\/06\/03203428\/logo_concursos-1.jpg\",\"width\":230,\"height\":60,\"caption\":\"Estrat\u00e9gia Concursos\"},\"image\":{\"@id\":\"https:\/\/www.estrategiaconcursos.com.br\/blog\/#\/schema\/logo\/image\/\"},\"sameAs\":[\"https:\/\/x.com\/EstratConcursos\"]},{\"@type\":\"Person\",\"@id\":\"https:\/\/www.estrategiaconcursos.com.br\/blog\/#\/schema\/person\/b4a388c97673c5f483d72185668afa1f\",\"name\":\"Coordena\u00e7\u00e3o\",\"image\":{\"@type\":\"ImageObject\",\"inLanguage\":\"pt-BR\",\"@id\":\"https:\/\/secure.gravatar.com\/avatar\/b720319e4c9a967eb58678d110f4fe35452fc5d5f97b202bac7b8acceb18c6ad?s=96&d=mm&r=g\",\"url\":\"https:\/\/secure.gravatar.com\/avatar\/b720319e4c9a967eb58678d110f4fe35452fc5d5f97b202bac7b8acceb18c6ad?s=96&d=mm&r=g\",\"contentUrl\":\"https:\/\/secure.gravatar.com\/avatar\/b720319e4c9a967eb58678d110f4fe35452fc5d5f97b202bac7b8acceb18c6ad?s=96&d=mm&r=g\",\"caption\":\"Coordena\u00e7\u00e3o\"},\"sameAs\":[\"https:\/\/www.facebook.com\/EstrategiaConcursos\",\"https:\/\/x.com\/EstratConcursos\"],\"url\":\"https:\/\/www.estrategiaconcursos.com.br\/blog\/author\/estrategia2013\/\"}]}<\/script>\n<!-- \/ Yoast SEO Premium plugin. -->","yoast_head_json":{"title":"Concurso da Pol\u00edcia Civil do Cear\u00e1 - Inscri\u00e7\u00f5es terminam na tarde desta sexta-feira","description":"Termina nesta sexta-feira, 07, o per\u00edodo de inscri\u00e7\u00f5es do concurso da Pol\u00edcia Civil do Cear\u00e1. Saiba mais.","robots":{"index":"index","follow":"follow","max-snippet":"max-snippet:-1","max-image-preview":"max-image-preview:large","max-video-preview":"max-video-preview:-1"},"canonical":"https:\/\/www.estrategiaconcursos.com.br\/blog\/concurso-da-policia-civil-do-ceara-inscricoes-terminam-na-tarde-desta-sexta-feira\/","og_locale":"pt_BR","og_type":"article","og_title":"Concurso da Pol\u00edcia Civil do Cear\u00e1 - Inscri\u00e7\u00f5es terminam na tarde desta sexta-feira","og_description":"Termina nesta sexta-feira, 07, o per\u00edodo de inscri\u00e7\u00f5es do concurso da Pol\u00edcia Civil do Cear\u00e1. Saiba mais.","og_url":"https:\/\/www.estrategiaconcursos.com.br\/blog\/concurso-da-policia-civil-do-ceara-inscricoes-terminam-na-tarde-desta-sexta-feira\/","og_site_name":"Estrat\u00e9gia Concursos","article_author":"https:\/\/www.facebook.com\/EstrategiaConcursos","article_published_time":"2014-11-07T10:00:09+00:00","article_modified_time":"2015-01-12T17:51:00+00:00","author":"Coordena\u00e7\u00e3o","twitter_card":"summary_large_image","twitter_creator":"@EstratConcursos","twitter_site":"@EstratConcursos","twitter_misc":{"Escrito por":"Coordena\u00e7\u00e3o","Est. tempo de leitura":"2 minutos"},"schema":{"@context":"https:\/\/schema.org","@graph":[{"@type":"NewsArticle","@id":"https:\/\/www.estrategiaconcursos.com.br\/blog\/concurso-da-policia-civil-do-ceara-inscricoes-terminam-na-tarde-desta-sexta-feira\/#article","isPartOf":{"@id":"https:\/\/www.estrategiaconcursos.com.br\/blog\/concurso-da-policia-civil-do-ceara-inscricoes-terminam-na-tarde-desta-sexta-feira\/"},"author":{"name":"Coordena\u00e7\u00e3o","@id":"https:\/\/www.estrategiaconcursos.com.br\/blog\/#\/schema\/person\/b4a388c97673c5f483d72185668afa1f"},"headline":"Concurso da Pol\u00edcia Civil do Cear\u00e1 &#8211; Inscri\u00e7\u00f5es terminam na tarde desta sexta-feira","datePublished":"2014-11-07T10:00:09+00:00","dateModified":"2015-01-12T17:51:00+00:00","mainEntityOfPage":{"@id":"https:\/\/www.estrategiaconcursos.com.br\/blog\/concurso-da-policia-civil-do-ceara-inscricoes-terminam-na-tarde-desta-sexta-feira\/"},"wordCount":338,"publisher":{"@id":"https:\/\/www.estrategiaconcursos.com.br\/blog\/#organization"},"keywords":["PC-CE"],"articleSection":["Concursos P\u00fablicos"],"inLanguage":"pt-BR","copyrightYear":"2014","copyrightHolder":{"@id":"https:\/\/www.estrategiaconcursos.com.br\/blog\/#organization"}},{"@type":"WebPage","@id":"https:\/\/www.estrategiaconcursos.com.br\/blog\/concurso-da-policia-civil-do-ceara-inscricoes-terminam-na-tarde-desta-sexta-feira\/","url":"https:\/\/www.estrategiaconcursos.com.br\/blog\/concurso-da-policia-civil-do-ceara-inscricoes-terminam-na-tarde-desta-sexta-feira\/","name":"Concurso da Pol\u00edcia Civil do Cear\u00e1 - Inscri\u00e7\u00f5es terminam na tarde desta sexta-feira","isPartOf":{"@id":"https:\/\/www.estrategiaconcursos.com.br\/blog\/#website"},"datePublished":"2014-11-07T10:00:09+00:00","dateModified":"2015-01-12T17:51:00+00:00","description":"Termina nesta sexta-feira, 07, o per\u00edodo de inscri\u00e7\u00f5es do concurso da Pol\u00edcia Civil do Cear\u00e1. Saiba mais.","breadcrumb":{"@id":"https:\/\/www.estrategiaconcursos.com.br\/blog\/concurso-da-policia-civil-do-ceara-inscricoes-terminam-na-tarde-desta-sexta-feira\/#breadcrumb"},"inLanguage":"pt-BR","potentialAction":[{"@type":"ReadAction","target":["https:\/\/www.estrategiaconcursos.com.br\/blog\/concurso-da-policia-civil-do-ceara-inscricoes-terminam-na-tarde-desta-sexta-feira\/"]}]},{"@type":"BreadcrumbList","@id":"https:\/\/www.estrategiaconcursos.com.br\/blog\/concurso-da-policia-civil-do-ceara-inscricoes-terminam-na-tarde-desta-sexta-feira\/#breadcrumb","itemListElement":[{"@type":"ListItem","position":1,"name":"In\u00edcio","item":"https:\/\/www.estrategiaconcursos.com.br\/blog\/"},{"@type":"ListItem","position":2,"name":"Concurso da Pol\u00edcia Civil do Cear\u00e1 &#8211; Inscri\u00e7\u00f5es terminam na tarde desta sexta-feira"}]},{"@type":"WebSite","@id":"https:\/\/www.estrategiaconcursos.com.br\/blog\/#website","url":"https:\/\/www.estrategiaconcursos.com.br\/blog\/","name":"Estrat\u00e9gia Concursos","description":"O blog da Estrat\u00e9gia Concursos traz not\u00edcias sobre concursos e artigos de professores oferecendo cursos para concursos (pdf + videaulas) no site.","publisher":{"@id":"https:\/\/www.estrategiaconcursos.com.br\/blog\/#organization"},"potentialAction":[{"@type":"SearchAction","target":{"@type":"EntryPoint","urlTemplate":"https:\/\/www.estrategiaconcursos.com.br\/blog\/?s={search_term_string}"},"query-input":{"@type":"PropertyValueSpecification","valueRequired":true,"valueName":"search_term_string"}}],"inLanguage":"pt-BR"},{"@type":"Organization","@id":"https:\/\/www.estrategiaconcursos.com.br\/blog\/#organization","name":"Estrat\u00e9gia Concursos","url":"https:\/\/www.estrategiaconcursos.com.br\/blog\/","logo":{"@type":"ImageObject","inLanguage":"pt-BR","@id":"https:\/\/www.estrategiaconcursos.com.br\/blog\/#\/schema\/logo\/image\/","url":"https:\/\/dhg1h5j42swfq.cloudfront.net\/2025\/06\/03203428\/logo_concursos-1.jpg","contentUrl":"https:\/\/dhg1h5j42swfq.cloudfront.net\/2025\/06\/03203428\/logo_concursos-1.jpg","width":230,"height":60,"caption":"Estrat\u00e9gia Concursos"},"image":{"@id":"https:\/\/www.estrategiaconcursos.com.br\/blog\/#\/schema\/logo\/image\/"},"sameAs":["https:\/\/x.com\/EstratConcursos"]},{"@type":"Person","@id":"https:\/\/www.estrategiaconcursos.com.br\/blog\/#\/schema\/person\/b4a388c97673c5f483d72185668afa1f","name":"Coordena\u00e7\u00e3o","image":{"@type":"ImageObject","inLanguage":"pt-BR","@id":"https:\/\/secure.gravatar.com\/avatar\/b720319e4c9a967eb58678d110f4fe35452fc5d5f97b202bac7b8acceb18c6ad?s=96&d=mm&r=g","url":"https:\/\/secure.gravatar.com\/avatar\/b720319e4c9a967eb58678d110f4fe35452fc5d5f97b202bac7b8acceb18c6ad?s=96&d=mm&r=g","contentUrl":"https:\/\/secure.gravatar.com\/avatar\/b720319e4c9a967eb58678d110f4fe35452fc5d5f97b202bac7b8acceb18c6ad?s=96&d=mm&r=g","caption":"Coordena\u00e7\u00e3o"},"sameAs":["https:\/\/www.facebook.com\/EstrategiaConcursos","https:\/\/x.com\/EstratConcursos"],"url":"https:\/\/www.estrategiaconcursos.com.br\/blog\/author\/estrategia2013\/"}]}},"_links":{"self":[{"href":"https:\/\/www.estrategiaconcursos.com.br\/blog\/wp-json\/wp\/v2\/posts\/19204","targetHints":{"allow":["GET"]}}],"collection":[{"href":"https:\/\/www.estrategiaconcursos.com.br\/blog\/wp-json\/wp\/v2\/posts"}],"about":[{"href":"https:\/\/www.estrategiaconcursos.com.br\/blog\/wp-json\/wp\/v2\/types\/post"}],"author":[{"embeddable":true,"href":"https:\/\/www.estrategiaconcursos.com.br\/blog\/wp-json\/wp\/v2\/users\/1"}],"replies":[{"embeddable":true,"href":"https:\/\/www.estrategiaconcursos.com.br\/blog\/wp-json\/wp\/v2\/comments?post=19204"}],"version-history":[{"count":1,"href":"https:\/\/www.estrategiaconcursos.com.br\/blog\/wp-json\/wp\/v2\/posts\/19204\/revisions"}],"predecessor-version":[{"id":20498,"href":"https:\/\/www.estrategiaconcursos.com.br\/blog\/wp-json\/wp\/v2\/posts\/19204\/revisions\/20498"}],"wp:attachment":[{"href":"https:\/\/www.estrategiaconcursos.com.br\/blog\/wp-json\/wp\/v2\/media?parent=19204"}],"wp:term":[{"taxonomy":"category","embeddable":true,"href":"https:\/\/www.estrategiaconcursos.com.br\/blog\/wp-json\/wp\/v2\/categories?post=19204"},{"taxonomy":"post_tag","embeddable":true,"href":"https:\/\/www.estrategiaconcursos.com.br\/blog\/wp-json\/wp\/v2\/tags?post=19204"},{"taxonomy":"tax_estado","embeddable":true,"href":"https:\/\/www.estrategiaconcursos.com.br\/blog\/wp-json\/wp\/v2\/tax_estado?post=19204"}],"curies":[{"name":"wp","href":"https:\/\/api.w.org\/{rel}","templated":true}]}}