{"id":19143,"date":"2014-11-03T08:15:14","date_gmt":"2014-11-03T11:15:14","guid":{"rendered":"https:\/\/www.estrategiaconcursos.com.br\/blog\/?post_type=noticia&#038;p=19143"},"modified":"2015-01-12T14:51:51","modified_gmt":"2015-01-12T17:51:51","slug":"concurso-do-tribunal-de-justica-do-rio-de-janeiro-analista-judiciario-prazo-para-inscricoes-termina-nesta-segunda-feira","status":"publish","type":"post","link":"https:\/\/www.estrategiaconcursos.com.br\/blog\/concurso-do-tribunal-de-justica-do-rio-de-janeiro-analista-judiciario-prazo-para-inscricoes-termina-nesta-segunda-feira\/","title":{"rendered":"Concurso do Tribunal de Justi\u00e7a do Rio de Janeiro &#8211; Analista Judici\u00e1rio: prazo para inscri\u00e7\u00f5es termina nesta segunda-feira"},"content":{"rendered":"<p style=\"text-align: justify;\"><span style=\"color: #000000;\"><a href=\"https:\/\/dhg1h5j42swfq.cloudfront.net\/2014\/10\/tjj.png\"><img loading=\"lazy\" decoding=\"async\" class=\"alignleft wp-image-18717 size-medium\" src=\"https:\/\/dhg1h5j42swfq.cloudfront.net\/2014\/10\/tjj-300x246.png\" alt=\"Concurso do Tribunal de Justi\u00e7a do Rio de Janeiro\" width=\"300\" height=\"246\" srcset=\"https:\/\/dhg1h5j42swfq.cloudfront.net\/2014\/10\/tjj.png 300w, https:\/\/dhg1h5j42swfq.cloudfront.net\/2014\/10\/tjj.png 365w, https:\/\/dhg1h5j42swfq.cloudfront.net\/2014\/10\/tjj.png 744w\" sizes=\"auto, (max-width: 300px) 100vw, 300px\" \/><\/a>Termina\u00a0nesta segunda-feira, 03, o per\u00edodo de inscri\u00e7\u00f5es do concurso do Tribunal de Justi\u00e7a do Rio de Janeiro. Os interessados devem acessar at\u00e9 \u00e0s 23h59\u00a0o\u00a0site\u00a0<span style=\"color: #0000ff;\"><a style=\"color: #0000ff;\" href=\"http:\/\/fgvprojetos.fgv.br\/concursos\/tjrj\/analista\">FGV<\/a><\/span>. A taxa \u00e9 de R$68.<\/span><\/p>\n<p style=\"text-align: justify;\"><span style=\"color: #000000;\">O concurso do Tribunal de Justi\u00e7a do Rio de Janeiro\u00a0prev\u00ea o preenchimento de 118 vagas de\u00a0n\u00edvel superior no cargo de Analista, divididas\u00a0entre as especialidades de Execu\u00e7\u00e3o de Mandados (34), Comiss\u00e3o de Justi\u00e7a, da Inf\u00e2ncia, da Juventude e do Idoso (23), Psicologia (15) e Assist\u00eancia Social (46). O sal\u00e1rio inicial \u00e9 de R$ 5.794,26, mais gratifica\u00e7\u00e3o de locomo\u00e7\u00e3o (R$ 1.738,27 para \u00e1rea de execu\u00e7\u00e3o de mandados), aux\u00edlio refei\u00e7\u00e3o e\/ou aux\u00edlio alimenta\u00e7\u00e3o, assist\u00eancia m\u00e9dica e aux\u00edlio creche.<\/span><\/p>\n<p style=\"text-align: justify;\"><span style=\"color: #000000;\">O concurso ser\u00e1 realizado\u00a0por meio de prova escrita objetiva com 70 quest\u00f5es sobre v\u00e1rias \u00e1reas de conhecimento, e prova discursiva com 2 quest\u00f5es.\u00a0As avalia\u00e7\u00f5es ocorrer\u00e3o na data prov\u00e1vel de 14 de dezembro, nas cidades de Rio de Janeiro, Niter\u00f3i, Cabo Frio,\u00a0Petr\u00f3polis, Duque de Caxias, Volta Redonda, Vassouras, Itagua\u00ed,\u00a0Campos dos Goytacazes, Nova Friburgo e Itaperuna.\u00a0<\/span><\/p>\n<p style=\"text-align: justify;\"><span style=\"color: #000000;\">Os aprovados e empossados ser\u00e3o lotados nas 11 unidades administrativas do \u00f3rg\u00e3o, sob Regime Jur\u00eddico dos Servidores do Estado do Rio de Janeiro.<\/span><\/p>\n<p style=\"text-align: justify;\"><span style=\"color: #000000;\">O prazo de validade do concurso do Tribunal de Justi\u00e7a do Rio de Janeiro\u00a0ser\u00e1 de um ano a partir da divulga\u00e7\u00e3o do resultado final, podendo ser prorrogado pelo mesmo per\u00edodo, a crit\u00e9rio da administra\u00e7\u00e3o do TJRJ.<\/span><\/p>\n<p style=\"text-align: justify;\"><span style=\"color: #000000;\">&gt;Confira os em editais clicando em:<\/span><\/p>\n<p style=\"text-align: justify;\"><span style=\"color: #0000ff;\"><a style=\"color: #0000ff;\" href=\"https:\/\/dhg1h5j42swfq.cloudfront.net\/2014\/10\/EXECU%C3%87%C3%83O-DE-MANDADOS.pdf\">ANALISTA JUDICI\u00c1RIO \u2013 ESPECIALIDADE EXECU\u00c7\u00c3O DE MANDADOS<\/a><\/span><\/p>\n<p style=\"text-align: justify;\"><span style=\"color: #0000ff;\"><a style=\"color: #0000ff;\" href=\"https:\/\/dhg1h5j42swfq.cloudfront.net\/2014\/10\/ESPECIALIDADE-COMISS%C3%81RIO.pdf\">ANALISTA JUDICI\u00c1RIO \u2013 ESPECIALIDADE COMISS\u00c1RIO DE JUSTI\u00c7A, DA INF\u00c2NCIA, DA JUVENTUDE E DO IDOSO<\/a><\/span><\/p>\n<p style=\"text-align: justify;\"><span style=\"color: #0000ff;\"><a style=\"color: #0000ff;\" href=\"https:\/\/dhg1h5j42swfq.cloudfront.net\/2014\/10\/PSIC%C3%93LOGO.pdf\">ANALISTA JUDICI\u00c1RIO \u2013 ESPECIALIDADE PSIC\u00d3LOGO<\/a><\/span><\/p>\n<p style=\"text-align: justify;\"><span style=\"color: #0000ff;\"><a style=\"color: #0000ff;\" href=\"https:\/\/dhg1h5j42swfq.cloudfront.net\/2014\/10\/ASSISTENTE-SOCIAL.pdf\">ANALISTA JUDICI\u00c1RIO \u2013 ESPECIALIDADE ASSISTENTE SOCIAL<\/a><\/span><\/p>\n<p style=\"text-align: justify;\"><span style=\"color: #000000;\"><strong>O Estrat\u00e9gia Concursos j\u00e1 lan\u00e7ou pacotes completos e\u00a0cursos para este concurso. Confira em:<\/strong><\/span><\/p>\n<p style=\"text-align: justify;\"><span style=\"color: #0000ff;\"><a style=\"color: #0000ff;\" href=\"https:\/\/www.estrategiaconcursos.com.br\/cursosPorConcurso\/tj-rj-analista-execucao-de-mandados-326\/\">https:\/\/www.estrategiaconcursos.com.br\/cursosPorConcurso\/tj-rj-analista-execucao-de-mandados-326\/<\/a><\/span><\/p>\n<p style=\"text-align: justify;\"><span style=\"color: #0000ff;\"><a style=\"color: #0000ff;\" href=\"https:\/\/www.estrategiaconcursos.com.br\/cursosPorConcurso\/tj-rj-analista-comissario-de-justica-327\/\">https:\/\/www.estrategiaconcursos.com.br\/cursosPorConcurso\/tj-rj-analista-comissario-de-justica-327\/<\/a><\/span><\/p>\n<p style=\"text-align: justify;\"><span style=\"color: #0000ff;\"><a style=\"color: #0000ff;\" href=\"https:\/\/www.estrategiaconcursos.com.br\/cursosPorConcurso\/tj-rj-analista-psicologo-329\/\">https:\/\/www.estrategiaconcursos.com.br\/cursosPorConcurso\/tj-rj-analista-psicologo-329\/<\/a><\/span><\/p>\n<p style=\"text-align: justify;\"><span style=\"color: #0000ff;\"><a style=\"color: #0000ff;\" href=\"https:\/\/www.estrategiaconcursos.com.br\/cursosPorConcurso\/tj-rj-analista-assistente-social-328\/\">https:\/\/www.estrategiaconcursos.com.br\/cursosPorConcurso\/tj-rj-analista-assistente-social-328\/<\/a><\/span><\/p>\n<p style=\"text-align: justify;\"><span style=\"color: #000000;\">Assessoria de Comunica\u00e7\u00e3o<\/span><\/p>\n<p style=\"text-align: justify;\"><span style=\"color: #000000;\">comunicacao@estrategiaconcursos.com.br<\/span><\/p>\n","protected":false},"excerpt":{"rendered":"<p>Termina\u00a0nesta segunda-feira, 03, o per\u00edodo de inscri\u00e7\u00f5es do concurso do Tribunal de Justi\u00e7a do Rio de Janeiro. Os interessados devem acessar at\u00e9 \u00e0s 23h59\u00a0o\u00a0site\u00a0FGV. A taxa \u00e9 de R$68. O concurso do Tribunal de Justi\u00e7a do Rio de Janeiro\u00a0prev\u00ea o preenchimento de 118 vagas de\u00a0n\u00edvel superior no cargo de Analista, divididas\u00a0entre as especialidades de Execu\u00e7\u00e3o [&hellip;]<\/p>\n","protected":false},"author":1,"featured_media":0,"comment_status":"closed","ping_status":"closed","sticky":false,"template":"","format":"standard","meta":{"post_tipo":"news","footnotes":""},"categories":[1],"tags":[514],"tax_estado":[],"class_list":["post-19143","post","type-post","status-publish","format-standard","hentry","category-cursos-e-concursos","tag-tj-rj"],"acf":[],"yoast_head":"<!-- This site is optimized with the Yoast SEO Premium plugin v27.2 (Yoast SEO v27.2) - https:\/\/yoast.com\/product\/yoast-seo-premium-wordpress\/ -->\n<title>Concurso do Tribunal de Justi\u00e7a do Rio de Janeiro - Fim das inscri\u00e7\u00f5es<\/title>\n<meta name=\"description\" content=\"Termina nesta segunda-feira, 03, o per\u00edodo de inscri\u00e7\u00f5es do concurso do Tribunal de Justi\u00e7a do Rio de Janeiro. Saiba mais.\" \/>\n<meta name=\"robots\" content=\"index, follow, max-snippet:-1, max-image-preview:large, max-video-preview:-1\" \/>\n<link rel=\"canonical\" href=\"https:\/\/www.estrategiaconcursos.com.br\/blog\/concurso-do-tribunal-de-justica-do-rio-de-janeiro-analista-judiciario-prazo-para-inscricoes-termina-nesta-segunda-feira\/\" \/>\n<meta property=\"og:locale\" content=\"pt_BR\" \/>\n<meta property=\"og:type\" content=\"article\" \/>\n<meta property=\"og:title\" content=\"Concurso do Tribunal de Justi\u00e7a do Rio de Janeiro - Analista Judici\u00e1rio: prazo para inscri\u00e7\u00f5es termina nesta segunda-feira\" \/>\n<meta property=\"og:description\" content=\"Termina nesta segunda-feira, 03, o per\u00edodo de inscri\u00e7\u00f5es do concurso do Tribunal de Justi\u00e7a do Rio de Janeiro. Saiba mais.\" \/>\n<meta property=\"og:url\" content=\"https:\/\/www.estrategiaconcursos.com.br\/blog\/concurso-do-tribunal-de-justica-do-rio-de-janeiro-analista-judiciario-prazo-para-inscricoes-termina-nesta-segunda-feira\/\" \/>\n<meta property=\"og:site_name\" content=\"Estrat\u00e9gia Concursos\" \/>\n<meta property=\"article:author\" content=\"https:\/\/www.facebook.com\/EstrategiaConcursos\" \/>\n<meta property=\"article:published_time\" content=\"2014-11-03T11:15:14+00:00\" \/>\n<meta property=\"article:modified_time\" content=\"2015-01-12T17:51:51+00:00\" \/>\n<meta property=\"og:image\" content=\"https:\/\/dhg1h5j42swfq.cloudfront.net\/2014\/10\/tjj-300x246.png\" \/>\n<meta name=\"author\" content=\"Coordena\u00e7\u00e3o\" \/>\n<meta name=\"twitter:card\" content=\"summary_large_image\" \/>\n<meta name=\"twitter:creator\" content=\"@EstratConcursos\" \/>\n<meta name=\"twitter:site\" content=\"@EstratConcursos\" \/>\n<meta name=\"twitter:label1\" content=\"Escrito por\" \/>\n\t<meta name=\"twitter:data1\" content=\"Coordena\u00e7\u00e3o\" \/>\n\t<meta name=\"twitter:label2\" content=\"Est. tempo de leitura\" \/>\n\t<meta name=\"twitter:data2\" content=\"2 minutos\" \/>\n<script type=\"application\/ld+json\" class=\"yoast-schema-graph\">{\"@context\":\"https:\/\/schema.org\",\"@graph\":[{\"@type\":\"NewsArticle\",\"@id\":\"https:\/\/www.estrategiaconcursos.com.br\/blog\/concurso-do-tribunal-de-justica-do-rio-de-janeiro-analista-judiciario-prazo-para-inscricoes-termina-nesta-segunda-feira\/#article\",\"isPartOf\":{\"@id\":\"https:\/\/www.estrategiaconcursos.com.br\/blog\/concurso-do-tribunal-de-justica-do-rio-de-janeiro-analista-judiciario-prazo-para-inscricoes-termina-nesta-segunda-feira\/\"},\"author\":{\"name\":\"Coordena\u00e7\u00e3o\",\"@id\":\"https:\/\/www.estrategiaconcursos.com.br\/blog\/#\/schema\/person\/b4a388c97673c5f483d72185668afa1f\"},\"headline\":\"Concurso do Tribunal de Justi\u00e7a do Rio de Janeiro &#8211; Analista Judici\u00e1rio: prazo para inscri\u00e7\u00f5es termina nesta segunda-feira\",\"datePublished\":\"2014-11-03T11:15:14+00:00\",\"dateModified\":\"2015-01-12T17:51:51+00:00\",\"mainEntityOfPage\":{\"@id\":\"https:\/\/www.estrategiaconcursos.com.br\/blog\/concurso-do-tribunal-de-justica-do-rio-de-janeiro-analista-judiciario-prazo-para-inscricoes-termina-nesta-segunda-feira\/\"},\"wordCount\":370,\"publisher\":{\"@id\":\"https:\/\/www.estrategiaconcursos.com.br\/blog\/#organization\"},\"image\":{\"@id\":\"https:\/\/www.estrategiaconcursos.com.br\/blog\/concurso-do-tribunal-de-justica-do-rio-de-janeiro-analista-judiciario-prazo-para-inscricoes-termina-nesta-segunda-feira\/#primaryimage\"},\"thumbnailUrl\":\"https:\/\/dhg1h5j42swfq.cloudfront.net\/2014\/10\/tjj-300x246.png\",\"keywords\":[\"TJ-RJ\"],\"articleSection\":[\"Concursos P\u00fablicos\"],\"inLanguage\":\"pt-BR\",\"copyrightYear\":\"2014\",\"copyrightHolder\":{\"@id\":\"https:\/\/www.estrategiaconcursos.com.br\/blog\/#organization\"}},{\"@type\":\"WebPage\",\"@id\":\"https:\/\/www.estrategiaconcursos.com.br\/blog\/concurso-do-tribunal-de-justica-do-rio-de-janeiro-analista-judiciario-prazo-para-inscricoes-termina-nesta-segunda-feira\/\",\"url\":\"https:\/\/www.estrategiaconcursos.com.br\/blog\/concurso-do-tribunal-de-justica-do-rio-de-janeiro-analista-judiciario-prazo-para-inscricoes-termina-nesta-segunda-feira\/\",\"name\":\"Concurso do Tribunal de Justi\u00e7a do Rio de Janeiro - Fim das inscri\u00e7\u00f5es\",\"isPartOf\":{\"@id\":\"https:\/\/www.estrategiaconcursos.com.br\/blog\/#website\"},\"primaryImageOfPage\":{\"@id\":\"https:\/\/www.estrategiaconcursos.com.br\/blog\/concurso-do-tribunal-de-justica-do-rio-de-janeiro-analista-judiciario-prazo-para-inscricoes-termina-nesta-segunda-feira\/#primaryimage\"},\"image\":{\"@id\":\"https:\/\/www.estrategiaconcursos.com.br\/blog\/concurso-do-tribunal-de-justica-do-rio-de-janeiro-analista-judiciario-prazo-para-inscricoes-termina-nesta-segunda-feira\/#primaryimage\"},\"thumbnailUrl\":\"https:\/\/dhg1h5j42swfq.cloudfront.net\/2014\/10\/tjj-300x246.png\",\"datePublished\":\"2014-11-03T11:15:14+00:00\",\"dateModified\":\"2015-01-12T17:51:51+00:00\",\"description\":\"Termina nesta segunda-feira, 03, o per\u00edodo de inscri\u00e7\u00f5es do concurso do Tribunal de Justi\u00e7a do Rio de Janeiro. Saiba mais.\",\"breadcrumb\":{\"@id\":\"https:\/\/www.estrategiaconcursos.com.br\/blog\/concurso-do-tribunal-de-justica-do-rio-de-janeiro-analista-judiciario-prazo-para-inscricoes-termina-nesta-segunda-feira\/#breadcrumb\"},\"inLanguage\":\"pt-BR\",\"potentialAction\":[{\"@type\":\"ReadAction\",\"target\":[\"https:\/\/www.estrategiaconcursos.com.br\/blog\/concurso-do-tribunal-de-justica-do-rio-de-janeiro-analista-judiciario-prazo-para-inscricoes-termina-nesta-segunda-feira\/\"]}]},{\"@type\":\"ImageObject\",\"inLanguage\":\"pt-BR\",\"@id\":\"https:\/\/www.estrategiaconcursos.com.br\/blog\/concurso-do-tribunal-de-justica-do-rio-de-janeiro-analista-judiciario-prazo-para-inscricoes-termina-nesta-segunda-feira\/#primaryimage\",\"url\":\"https:\/\/dhg1h5j42swfq.cloudfront.net\/2014\/10\/tjj-300x246.png\",\"contentUrl\":\"https:\/\/dhg1h5j42swfq.cloudfront.net\/2014\/10\/tjj-300x246.png\"},{\"@type\":\"BreadcrumbList\",\"@id\":\"https:\/\/www.estrategiaconcursos.com.br\/blog\/concurso-do-tribunal-de-justica-do-rio-de-janeiro-analista-judiciario-prazo-para-inscricoes-termina-nesta-segunda-feira\/#breadcrumb\",\"itemListElement\":[{\"@type\":\"ListItem\",\"position\":1,\"name\":\"In\u00edcio\",\"item\":\"https:\/\/www.estrategiaconcursos.com.br\/blog\/\"},{\"@type\":\"ListItem\",\"position\":2,\"name\":\"Concurso do Tribunal de Justi\u00e7a do Rio de Janeiro &#8211; Analista Judici\u00e1rio: prazo para inscri\u00e7\u00f5es termina nesta segunda-feira\"}]},{\"@type\":\"WebSite\",\"@id\":\"https:\/\/www.estrategiaconcursos.com.br\/blog\/#website\",\"url\":\"https:\/\/www.estrategiaconcursos.com.br\/blog\/\",\"name\":\"Estrat\u00e9gia Concursos\",\"description\":\"O blog da Estrat\u00e9gia Concursos traz not\u00edcias sobre concursos e artigos de professores oferecendo cursos para concursos (pdf + videaulas) no site.\",\"publisher\":{\"@id\":\"https:\/\/www.estrategiaconcursos.com.br\/blog\/#organization\"},\"potentialAction\":[{\"@type\":\"SearchAction\",\"target\":{\"@type\":\"EntryPoint\",\"urlTemplate\":\"https:\/\/www.estrategiaconcursos.com.br\/blog\/?s={search_term_string}\"},\"query-input\":{\"@type\":\"PropertyValueSpecification\",\"valueRequired\":true,\"valueName\":\"search_term_string\"}}],\"inLanguage\":\"pt-BR\"},{\"@type\":\"Organization\",\"@id\":\"https:\/\/www.estrategiaconcursos.com.br\/blog\/#organization\",\"name\":\"Estrat\u00e9gia Concursos\",\"url\":\"https:\/\/www.estrategiaconcursos.com.br\/blog\/\",\"logo\":{\"@type\":\"ImageObject\",\"inLanguage\":\"pt-BR\",\"@id\":\"https:\/\/www.estrategiaconcursos.com.br\/blog\/#\/schema\/logo\/image\/\",\"url\":\"https:\/\/dhg1h5j42swfq.cloudfront.net\/2025\/06\/03203428\/logo_concursos-1.jpg\",\"contentUrl\":\"https:\/\/dhg1h5j42swfq.cloudfront.net\/2025\/06\/03203428\/logo_concursos-1.jpg\",\"width\":230,\"height\":60,\"caption\":\"Estrat\u00e9gia Concursos\"},\"image\":{\"@id\":\"https:\/\/www.estrategiaconcursos.com.br\/blog\/#\/schema\/logo\/image\/\"},\"sameAs\":[\"https:\/\/x.com\/EstratConcursos\"]},{\"@type\":\"Person\",\"@id\":\"https:\/\/www.estrategiaconcursos.com.br\/blog\/#\/schema\/person\/b4a388c97673c5f483d72185668afa1f\",\"name\":\"Coordena\u00e7\u00e3o\",\"image\":{\"@type\":\"ImageObject\",\"inLanguage\":\"pt-BR\",\"@id\":\"https:\/\/secure.gravatar.com\/avatar\/b720319e4c9a967eb58678d110f4fe35452fc5d5f97b202bac7b8acceb18c6ad?s=96&d=mm&r=g\",\"url\":\"https:\/\/secure.gravatar.com\/avatar\/b720319e4c9a967eb58678d110f4fe35452fc5d5f97b202bac7b8acceb18c6ad?s=96&d=mm&r=g\",\"contentUrl\":\"https:\/\/secure.gravatar.com\/avatar\/b720319e4c9a967eb58678d110f4fe35452fc5d5f97b202bac7b8acceb18c6ad?s=96&d=mm&r=g\",\"caption\":\"Coordena\u00e7\u00e3o\"},\"sameAs\":[\"https:\/\/www.facebook.com\/EstrategiaConcursos\",\"https:\/\/x.com\/EstratConcursos\"],\"url\":\"https:\/\/www.estrategiaconcursos.com.br\/blog\/author\/estrategia2013\/\"}]}<\/script>\n<!-- \/ Yoast SEO Premium plugin. -->","yoast_head_json":{"title":"Concurso do Tribunal de Justi\u00e7a do Rio de Janeiro - Fim das inscri\u00e7\u00f5es","description":"Termina nesta segunda-feira, 03, o per\u00edodo de inscri\u00e7\u00f5es do concurso do Tribunal de Justi\u00e7a do Rio de Janeiro. Saiba mais.","robots":{"index":"index","follow":"follow","max-snippet":"max-snippet:-1","max-image-preview":"max-image-preview:large","max-video-preview":"max-video-preview:-1"},"canonical":"https:\/\/www.estrategiaconcursos.com.br\/blog\/concurso-do-tribunal-de-justica-do-rio-de-janeiro-analista-judiciario-prazo-para-inscricoes-termina-nesta-segunda-feira\/","og_locale":"pt_BR","og_type":"article","og_title":"Concurso do Tribunal de Justi\u00e7a do Rio de Janeiro - Analista Judici\u00e1rio: prazo para inscri\u00e7\u00f5es termina nesta segunda-feira","og_description":"Termina nesta segunda-feira, 03, o per\u00edodo de inscri\u00e7\u00f5es do concurso do Tribunal de Justi\u00e7a do Rio de Janeiro. Saiba mais.","og_url":"https:\/\/www.estrategiaconcursos.com.br\/blog\/concurso-do-tribunal-de-justica-do-rio-de-janeiro-analista-judiciario-prazo-para-inscricoes-termina-nesta-segunda-feira\/","og_site_name":"Estrat\u00e9gia Concursos","article_author":"https:\/\/www.facebook.com\/EstrategiaConcursos","article_published_time":"2014-11-03T11:15:14+00:00","article_modified_time":"2015-01-12T17:51:51+00:00","og_image":[{"url":"https:\/\/dhg1h5j42swfq.cloudfront.net\/2014\/10\/tjj-300x246.png","type":"","width":"","height":""}],"author":"Coordena\u00e7\u00e3o","twitter_card":"summary_large_image","twitter_creator":"@EstratConcursos","twitter_site":"@EstratConcursos","twitter_misc":{"Escrito por":"Coordena\u00e7\u00e3o","Est. tempo de leitura":"2 minutos"},"schema":{"@context":"https:\/\/schema.org","@graph":[{"@type":"NewsArticle","@id":"https:\/\/www.estrategiaconcursos.com.br\/blog\/concurso-do-tribunal-de-justica-do-rio-de-janeiro-analista-judiciario-prazo-para-inscricoes-termina-nesta-segunda-feira\/#article","isPartOf":{"@id":"https:\/\/www.estrategiaconcursos.com.br\/blog\/concurso-do-tribunal-de-justica-do-rio-de-janeiro-analista-judiciario-prazo-para-inscricoes-termina-nesta-segunda-feira\/"},"author":{"name":"Coordena\u00e7\u00e3o","@id":"https:\/\/www.estrategiaconcursos.com.br\/blog\/#\/schema\/person\/b4a388c97673c5f483d72185668afa1f"},"headline":"Concurso do Tribunal de Justi\u00e7a do Rio de Janeiro &#8211; Analista Judici\u00e1rio: prazo para inscri\u00e7\u00f5es termina nesta segunda-feira","datePublished":"2014-11-03T11:15:14+00:00","dateModified":"2015-01-12T17:51:51+00:00","mainEntityOfPage":{"@id":"https:\/\/www.estrategiaconcursos.com.br\/blog\/concurso-do-tribunal-de-justica-do-rio-de-janeiro-analista-judiciario-prazo-para-inscricoes-termina-nesta-segunda-feira\/"},"wordCount":370,"publisher":{"@id":"https:\/\/www.estrategiaconcursos.com.br\/blog\/#organization"},"image":{"@id":"https:\/\/www.estrategiaconcursos.com.br\/blog\/concurso-do-tribunal-de-justica-do-rio-de-janeiro-analista-judiciario-prazo-para-inscricoes-termina-nesta-segunda-feira\/#primaryimage"},"thumbnailUrl":"https:\/\/dhg1h5j42swfq.cloudfront.net\/2014\/10\/tjj-300x246.png","keywords":["TJ-RJ"],"articleSection":["Concursos P\u00fablicos"],"inLanguage":"pt-BR","copyrightYear":"2014","copyrightHolder":{"@id":"https:\/\/www.estrategiaconcursos.com.br\/blog\/#organization"}},{"@type":"WebPage","@id":"https:\/\/www.estrategiaconcursos.com.br\/blog\/concurso-do-tribunal-de-justica-do-rio-de-janeiro-analista-judiciario-prazo-para-inscricoes-termina-nesta-segunda-feira\/","url":"https:\/\/www.estrategiaconcursos.com.br\/blog\/concurso-do-tribunal-de-justica-do-rio-de-janeiro-analista-judiciario-prazo-para-inscricoes-termina-nesta-segunda-feira\/","name":"Concurso do Tribunal de Justi\u00e7a do Rio de Janeiro - Fim das inscri\u00e7\u00f5es","isPartOf":{"@id":"https:\/\/www.estrategiaconcursos.com.br\/blog\/#website"},"primaryImageOfPage":{"@id":"https:\/\/www.estrategiaconcursos.com.br\/blog\/concurso-do-tribunal-de-justica-do-rio-de-janeiro-analista-judiciario-prazo-para-inscricoes-termina-nesta-segunda-feira\/#primaryimage"},"image":{"@id":"https:\/\/www.estrategiaconcursos.com.br\/blog\/concurso-do-tribunal-de-justica-do-rio-de-janeiro-analista-judiciario-prazo-para-inscricoes-termina-nesta-segunda-feira\/#primaryimage"},"thumbnailUrl":"https:\/\/dhg1h5j42swfq.cloudfront.net\/2014\/10\/tjj-300x246.png","datePublished":"2014-11-03T11:15:14+00:00","dateModified":"2015-01-12T17:51:51+00:00","description":"Termina nesta segunda-feira, 03, o per\u00edodo de inscri\u00e7\u00f5es do concurso do Tribunal de Justi\u00e7a do Rio de Janeiro. Saiba mais.","breadcrumb":{"@id":"https:\/\/www.estrategiaconcursos.com.br\/blog\/concurso-do-tribunal-de-justica-do-rio-de-janeiro-analista-judiciario-prazo-para-inscricoes-termina-nesta-segunda-feira\/#breadcrumb"},"inLanguage":"pt-BR","potentialAction":[{"@type":"ReadAction","target":["https:\/\/www.estrategiaconcursos.com.br\/blog\/concurso-do-tribunal-de-justica-do-rio-de-janeiro-analista-judiciario-prazo-para-inscricoes-termina-nesta-segunda-feira\/"]}]},{"@type":"ImageObject","inLanguage":"pt-BR","@id":"https:\/\/www.estrategiaconcursos.com.br\/blog\/concurso-do-tribunal-de-justica-do-rio-de-janeiro-analista-judiciario-prazo-para-inscricoes-termina-nesta-segunda-feira\/#primaryimage","url":"https:\/\/dhg1h5j42swfq.cloudfront.net\/2014\/10\/tjj-300x246.png","contentUrl":"https:\/\/dhg1h5j42swfq.cloudfront.net\/2014\/10\/tjj-300x246.png"},{"@type":"BreadcrumbList","@id":"https:\/\/www.estrategiaconcursos.com.br\/blog\/concurso-do-tribunal-de-justica-do-rio-de-janeiro-analista-judiciario-prazo-para-inscricoes-termina-nesta-segunda-feira\/#breadcrumb","itemListElement":[{"@type":"ListItem","position":1,"name":"In\u00edcio","item":"https:\/\/www.estrategiaconcursos.com.br\/blog\/"},{"@type":"ListItem","position":2,"name":"Concurso do Tribunal de Justi\u00e7a do Rio de Janeiro &#8211; Analista Judici\u00e1rio: prazo para inscri\u00e7\u00f5es termina nesta segunda-feira"}]},{"@type":"WebSite","@id":"https:\/\/www.estrategiaconcursos.com.br\/blog\/#website","url":"https:\/\/www.estrategiaconcursos.com.br\/blog\/","name":"Estrat\u00e9gia Concursos","description":"O blog da Estrat\u00e9gia Concursos traz not\u00edcias sobre concursos e artigos de professores oferecendo cursos para concursos (pdf + videaulas) no site.","publisher":{"@id":"https:\/\/www.estrategiaconcursos.com.br\/blog\/#organization"},"potentialAction":[{"@type":"SearchAction","target":{"@type":"EntryPoint","urlTemplate":"https:\/\/www.estrategiaconcursos.com.br\/blog\/?s={search_term_string}"},"query-input":{"@type":"PropertyValueSpecification","valueRequired":true,"valueName":"search_term_string"}}],"inLanguage":"pt-BR"},{"@type":"Organization","@id":"https:\/\/www.estrategiaconcursos.com.br\/blog\/#organization","name":"Estrat\u00e9gia Concursos","url":"https:\/\/www.estrategiaconcursos.com.br\/blog\/","logo":{"@type":"ImageObject","inLanguage":"pt-BR","@id":"https:\/\/www.estrategiaconcursos.com.br\/blog\/#\/schema\/logo\/image\/","url":"https:\/\/dhg1h5j42swfq.cloudfront.net\/2025\/06\/03203428\/logo_concursos-1.jpg","contentUrl":"https:\/\/dhg1h5j42swfq.cloudfront.net\/2025\/06\/03203428\/logo_concursos-1.jpg","width":230,"height":60,"caption":"Estrat\u00e9gia Concursos"},"image":{"@id":"https:\/\/www.estrategiaconcursos.com.br\/blog\/#\/schema\/logo\/image\/"},"sameAs":["https:\/\/x.com\/EstratConcursos"]},{"@type":"Person","@id":"https:\/\/www.estrategiaconcursos.com.br\/blog\/#\/schema\/person\/b4a388c97673c5f483d72185668afa1f","name":"Coordena\u00e7\u00e3o","image":{"@type":"ImageObject","inLanguage":"pt-BR","@id":"https:\/\/secure.gravatar.com\/avatar\/b720319e4c9a967eb58678d110f4fe35452fc5d5f97b202bac7b8acceb18c6ad?s=96&d=mm&r=g","url":"https:\/\/secure.gravatar.com\/avatar\/b720319e4c9a967eb58678d110f4fe35452fc5d5f97b202bac7b8acceb18c6ad?s=96&d=mm&r=g","contentUrl":"https:\/\/secure.gravatar.com\/avatar\/b720319e4c9a967eb58678d110f4fe35452fc5d5f97b202bac7b8acceb18c6ad?s=96&d=mm&r=g","caption":"Coordena\u00e7\u00e3o"},"sameAs":["https:\/\/www.facebook.com\/EstrategiaConcursos","https:\/\/x.com\/EstratConcursos"],"url":"https:\/\/www.estrategiaconcursos.com.br\/blog\/author\/estrategia2013\/"}]}},"_links":{"self":[{"href":"https:\/\/www.estrategiaconcursos.com.br\/blog\/wp-json\/wp\/v2\/posts\/19143","targetHints":{"allow":["GET"]}}],"collection":[{"href":"https:\/\/www.estrategiaconcursos.com.br\/blog\/wp-json\/wp\/v2\/posts"}],"about":[{"href":"https:\/\/www.estrategiaconcursos.com.br\/blog\/wp-json\/wp\/v2\/types\/post"}],"author":[{"embeddable":true,"href":"https:\/\/www.estrategiaconcursos.com.br\/blog\/wp-json\/wp\/v2\/users\/1"}],"replies":[{"embeddable":true,"href":"https:\/\/www.estrategiaconcursos.com.br\/blog\/wp-json\/wp\/v2\/comments?post=19143"}],"version-history":[{"count":1,"href":"https:\/\/www.estrategiaconcursos.com.br\/blog\/wp-json\/wp\/v2\/posts\/19143\/revisions"}],"predecessor-version":[{"id":20502,"href":"https:\/\/www.estrategiaconcursos.com.br\/blog\/wp-json\/wp\/v2\/posts\/19143\/revisions\/20502"}],"wp:attachment":[{"href":"https:\/\/www.estrategiaconcursos.com.br\/blog\/wp-json\/wp\/v2\/media?parent=19143"}],"wp:term":[{"taxonomy":"category","embeddable":true,"href":"https:\/\/www.estrategiaconcursos.com.br\/blog\/wp-json\/wp\/v2\/categories?post=19143"},{"taxonomy":"post_tag","embeddable":true,"href":"https:\/\/www.estrategiaconcursos.com.br\/blog\/wp-json\/wp\/v2\/tags?post=19143"},{"taxonomy":"tax_estado","embeddable":true,"href":"https:\/\/www.estrategiaconcursos.com.br\/blog\/wp-json\/wp\/v2\/tax_estado?post=19143"}],"curies":[{"name":"wp","href":"https:\/\/api.w.org\/{rel}","templated":true}]}}