{"id":19140,"date":"2014-11-02T19:50:12","date_gmt":"2014-11-02T22:50:12","guid":{"rendered":"https:\/\/www.estrategiaconcursos.com.br\/blog\/?post_type=noticia&#038;p=19140"},"modified":"2015-01-12T14:52:11","modified_gmt":"2015-01-12T17:52:11","slug":"prorrogado-o-prazo-de-inscricoes-do-concurso-do-inpi","status":"publish","type":"post","link":"https:\/\/www.estrategiaconcursos.com.br\/blog\/prorrogado-o-prazo-de-inscricoes-do-concurso-do-inpi\/","title":{"rendered":"Prorrogado o prazo de inscri\u00e7\u00f5es do concurso do INPI"},"content":{"rendered":"<p style=\"text-align: justify;\"><a href=\"https:\/\/dhg1h5j42swfq.cloudfront.net\/2014\/09\/concurso-do-inpi.png\"><img loading=\"lazy\" decoding=\"async\" class=\"alignleft wp-image-18353 size-medium\" src=\"https:\/\/dhg1h5j42swfq.cloudfront.net\/2014\/09\/concurso-do-inpi-300x89.png\" alt=\"concurso do inpi\" width=\"300\" height=\"89\" srcset=\"https:\/\/dhg1h5j42swfq.cloudfront.net\/2014\/09\/concurso-do-inpi.png 300w, https:\/\/dhg1h5j42swfq.cloudfront.net\/2014\/09\/concurso-do-inpi.png 1024w, https:\/\/dhg1h5j42swfq.cloudfront.net\/2014\/09\/concurso-do-inpi.png 500w, https:\/\/dhg1h5j42swfq.cloudfront.net\/2014\/09\/concurso-do-inpi.png 1200w\" sizes=\"auto, (max-width: 300px) 100vw, 300px\" \/><\/a><span style=\"color: #000000;\">O prazo de inscri\u00e7\u00e3o do\u00a0<span style=\"color: #808080;\"><a style=\"color: #808080;\" href=\"https:\/\/www.estrategiaconcursos.com.br\/cursosPorConcurso\/inpi-117\/\">concurso do Instituto Nacional da Propriedade Industrial (Inpi)<\/a><\/span>, que se encerraria na noite deste domingo, 02, foi estendido at\u00e9\u00a0\u00e0s\u00a0\u00a023 horas e 59 minutos do dia <strong>12 de novembro de 2014<\/strong> (hor\u00e1rio oficial de Bras\u00edlia\/DF). As inscri\u00e7\u00f5es poder\u00e3o ser realizadas\u00a0pelo site do\u00a0<span style=\"color: #0000ff;\"><a style=\"color: #0000ff;\" href=\"http:\/\/www.cespe.unb.br\/concursos\/INPI_14\/\">Centro de Sele\u00e7\u00e3o e Promo\u00e7\u00e3o de Eventos da Universidade de Bras\u00edlia(Cespe\/UnB)<\/a><\/span>.\u00a0A taxa \u00e9 de R$ 90 para o cargo de tecnologista e R$ 100 para pesquisador.<\/span><\/p>\n<p style=\"text-align: justify;\"><span style=\"color: #000000;\">Tamb\u00e9m foram alteradas as datas do\u00a0pagamento da taxa de inscri\u00e7\u00e3o (at\u00e9 o dia 25 de novembro de 2014), da entrega da documenta\u00e7\u00e3o dos candidatos com defici\u00eancia (at\u00e9 o dia\u00a013 de novembro de 2014), do solicita\u00e7\u00e3o de atendimento especial (at\u00e9 o dia\u00a013 de novembro de 2014), da divulga\u00e7\u00e3o da rela\u00e7\u00e3o provis\u00f3ria dos candidatos que tiveram o seu pedido de isen\u00e7\u00e3o deferido (17 de novembro de 2014) e do per\u00edodo para contestar o indeferimento (das 9 horas do dia 18 de <\/span><span style=\"color: #000000;\">novembro de 2014 \u00e0s 18 horas do dia 19 de novembro de 2014).<\/span><\/p>\n<p style=\"text-align: justify;\"><span style=\"color: #000000;\">Veja o edital com as altera\u00e7\u00f5es clicando em:<\/span><\/p>\n<p style=\"text-align: justify;\"><span style=\"color: #0000ff;\"><a style=\"color: #0000ff;\" href=\"https:\/\/dhg1h5j42swfq.cloudfront.net\/2014\/11\/ED_4_2014_INPI_14_PRORROGA_INSCRICAO.pdf\">ED_4_2014_INPI_14_PRORROGA_INSCRICAO<\/a><\/span><\/p>\n<address>\n<p style=\"text-align: justify;\"><strong><span style=\"color: #000000;\">Concurso do INPI<\/span><\/strong><\/p>\n<p style=\"text-align: justify;\"><span style=\"color: #000000;\">O concurso do INPI prev\u00ea o preenchimento de 140 vagas em cargos de n\u00edvel superior. Para o cargo de pesquisador em propriedade industrial, as vagas s\u00e3o para as \u00e1reas de processamento de mat\u00e9rias pl\u00e1sticas; processamento de subst\u00e2ncias em estado pl\u00e1stico em geral; compostos macromoleculares org\u00e2nicos; processos qu\u00edmicos industriais; farmacot\u00e9cnico; farmacologia; s\u00edntese org\u00e2nica; alimentos; biologia molecular de plantas; produtos naturais; cosm\u00e9ticos; qu\u00edmica; bioqu\u00edmica; microbiologia; enzimologia; bioinform\u00e1tica; petroqu\u00edmica e processos qu\u00edmicos; ind\u00fastrias de petr\u00f3leo; g\u00e1s e coque; cat\u00e1lise e equipamentos para a ind\u00fastria qu\u00edmica; minera\u00e7\u00e3o e perfura\u00e7\u00e3o do solo; edifica\u00e7\u00e3o; processamento de sinais; eletr\u00f4nica digital; eletr\u00f4nica anal\u00f3gica; engenharia biom\u00e9dica; transporte; investiga\u00e7\u00e3o ou an\u00e1lise de materiais; geof\u00edsica e ac\u00fastica; medi\u00e7\u00e3o de grandezas f\u00edsicas; testes de equil\u00edbrio est\u00e1tico e din\u00e2mico; \u00f3tica; civil; mec\u00e2nica; eletricidade; embalagem e agricultura; entre outras \u00e1reas.<\/span><\/p>\n<p style=\"text-align: justify;\"><span style=\"color: #000000;\">J\u00e1 o cargo de tecnologista em propriedade industrial, as \u00e1reas s\u00e3o de desenho industrial, programa de computador e topografia de circuitos.\u00a0<\/span><\/p>\n<p style=\"text-align: justify;\"><span style=\"color: #000000;\">Os vencimentos b\u00e1sicos variam de R$ 4.270,34 a R$ 4.812, mas a remunera\u00e7\u00e3o total pode chegar a R$ 7.421,60, para quem possui o t\u00edtulo de doutorado.<\/span><\/p>\n<p style=\"text-align: justify;\"><span style=\"color: #000000;\">As provas objetivas e a prova discursiva ser\u00e3o aplicadas na data prov\u00e1vel de 7 de dezembro, no per\u00edodo da manh\u00e3. Ainda haver\u00e1 avalia\u00e7\u00e3o de t\u00edtulos. Todas as fases do concurso e a per\u00edcia m\u00e9dica dos candidatos que se declararem com defici\u00eancia ser\u00e3o realizadas na cidade de Rio de Janeiro.<\/span><\/p>\n<p style=\"text-align: justify;\"><span style=\"color: #000000;\">O concurso do INPI ter\u00e1 validade de 1 ano e poder\u00e1 ser prorrogado, uma vez, por igual per\u00edodo.<\/span><\/p>\n<p style=\"text-align: justify;\"><span style=\"color: #000000;\">&gt;Confira o edital clicando <span style=\"color: #0000ff;\"><a style=\"color: #0000ff;\" href=\"https:\/\/dhg1h5j42swfq.cloudfront.net\/2014\/09\/ED_1_2014_INPI_14_ABERTURA.pdf\">AQUI<\/a><\/span>.<\/span><\/p>\n<p style=\"text-align: justify;\"><span style=\"color: #000000;\"><strong>O Estrat\u00e9gia Concursos j\u00e1 lan\u00e7ou pacotes completos e cursos avulsos para o\u00a0concurso do INPI. Confira em:<\/strong><\/span><\/p>\n<p style=\"text-align: justify;\"><span style=\"color: #0000ff;\"><a style=\"color: #0000ff;\" href=\"https:\/\/www.estrategiaconcursos.com.br\/cursosPorConcurso\/inpi-117\/\">https:\/\/www.estrategiaconcursos.com.br\/cursosPorConcurso\/inpi-117\/<\/a><\/span><\/p>\n<p style=\"text-align: justify;\"><span style=\"color: #000000;\">Assessoria de Comunica\u00e7\u00e3o<\/span><\/p>\n<p style=\"text-align: justify;\"><span style=\"color: #000000;\">comunicacao@estrategiaconcursos.com.br<\/span><\/p>\n<\/address>\n<address>\u00a0<\/address>\n<address>\u00a0<\/address>\n","protected":false},"excerpt":{"rendered":"<p>O prazo de inscri\u00e7\u00e3o do\u00a0concurso do Instituto Nacional da Propriedade Industrial (Inpi), que se encerraria na noite deste domingo, 02, foi estendido at\u00e9\u00a0\u00e0s\u00a0\u00a023 horas e 59 minutos do dia 12 de novembro de 2014 (hor\u00e1rio oficial de Bras\u00edlia\/DF). As inscri\u00e7\u00f5es poder\u00e3o ser realizadas\u00a0pelo site do\u00a0Centro de Sele\u00e7\u00e3o e Promo\u00e7\u00e3o de Eventos da Universidade de Bras\u00edlia(Cespe\/UnB).\u00a0A [&hellip;]<\/p>\n","protected":false},"author":1,"featured_media":0,"comment_status":"closed","ping_status":"closed","sticky":false,"template":"","format":"standard","meta":{"post_tipo":"news","footnotes":""},"categories":[1],"tags":[486],"tax_estado":[],"class_list":["post-19140","post","type-post","status-publish","format-standard","hentry","category-cursos-e-concursos","tag-inpi"],"acf":[],"yoast_head":"<!-- This site is optimized with the Yoast SEO Premium plugin v27.2 (Yoast SEO v27.2) - https:\/\/yoast.com\/product\/yoast-seo-premium-wordpress\/ -->\n<title>Prorrogado o prazo de inscri\u00e7\u00f5es do concurso do INPI<\/title>\n<meta name=\"description\" content=\"O prazo de inscri\u00e7\u00e3o do concurso do INPI, que se encerraria na noite deste domingo, 03, foi estendido at\u00e9 \u00e0s 23 horas e 59 minutos do dia 12 de novembro.\" \/>\n<meta name=\"robots\" content=\"index, follow, max-snippet:-1, max-image-preview:large, max-video-preview:-1\" \/>\n<link rel=\"canonical\" href=\"https:\/\/www.estrategiaconcursos.com.br\/blog\/prorrogado-o-prazo-de-inscricoes-do-concurso-do-inpi\/\" \/>\n<meta property=\"og:locale\" content=\"pt_BR\" \/>\n<meta property=\"og:type\" content=\"article\" \/>\n<meta property=\"og:title\" content=\"Prorrogado o prazo de inscri\u00e7\u00f5es do concurso do INPI\" \/>\n<meta property=\"og:description\" content=\"O prazo de inscri\u00e7\u00e3o do concurso do INPI, que se encerraria na noite deste domingo, 03, foi estendido at\u00e9 \u00e0s 23 horas e 59 minutos do dia 12 de novembro.\" \/>\n<meta property=\"og:url\" content=\"https:\/\/www.estrategiaconcursos.com.br\/blog\/prorrogado-o-prazo-de-inscricoes-do-concurso-do-inpi\/\" \/>\n<meta property=\"og:site_name\" content=\"Estrat\u00e9gia Concursos\" \/>\n<meta property=\"article:author\" content=\"https:\/\/www.facebook.com\/EstrategiaConcursos\" \/>\n<meta property=\"article:published_time\" content=\"2014-11-02T22:50:12+00:00\" \/>\n<meta property=\"article:modified_time\" content=\"2015-01-12T17:52:11+00:00\" \/>\n<meta property=\"og:image\" content=\"https:\/\/dhg1h5j42swfq.cloudfront.net\/2014\/09\/concurso-do-inpi-300x89.png\" \/>\n<meta name=\"author\" content=\"Coordena\u00e7\u00e3o\" \/>\n<meta name=\"twitter:card\" content=\"summary_large_image\" \/>\n<meta name=\"twitter:creator\" content=\"@EstratConcursos\" \/>\n<meta name=\"twitter:site\" content=\"@EstratConcursos\" \/>\n<meta name=\"twitter:label1\" content=\"Escrito por\" \/>\n\t<meta name=\"twitter:data1\" content=\"Coordena\u00e7\u00e3o\" \/>\n\t<meta name=\"twitter:label2\" content=\"Est. tempo de leitura\" \/>\n\t<meta name=\"twitter:data2\" content=\"3 minutos\" \/>\n<script type=\"application\/ld+json\" class=\"yoast-schema-graph\">{\"@context\":\"https:\/\/schema.org\",\"@graph\":[{\"@type\":\"NewsArticle\",\"@id\":\"https:\/\/www.estrategiaconcursos.com.br\/blog\/prorrogado-o-prazo-de-inscricoes-do-concurso-do-inpi\/#article\",\"isPartOf\":{\"@id\":\"https:\/\/www.estrategiaconcursos.com.br\/blog\/prorrogado-o-prazo-de-inscricoes-do-concurso-do-inpi\/\"},\"author\":{\"name\":\"Coordena\u00e7\u00e3o\",\"@id\":\"https:\/\/www.estrategiaconcursos.com.br\/blog\/#\/schema\/person\/b4a388c97673c5f483d72185668afa1f\"},\"headline\":\"Prorrogado o prazo de inscri\u00e7\u00f5es do concurso do INPI\",\"datePublished\":\"2014-11-02T22:50:12+00:00\",\"dateModified\":\"2015-01-12T17:52:11+00:00\",\"mainEntityOfPage\":{\"@id\":\"https:\/\/www.estrategiaconcursos.com.br\/blog\/prorrogado-o-prazo-de-inscricoes-do-concurso-do-inpi\/\"},\"wordCount\":524,\"publisher\":{\"@id\":\"https:\/\/www.estrategiaconcursos.com.br\/blog\/#organization\"},\"image\":{\"@id\":\"https:\/\/www.estrategiaconcursos.com.br\/blog\/prorrogado-o-prazo-de-inscricoes-do-concurso-do-inpi\/#primaryimage\"},\"thumbnailUrl\":\"https:\/\/dhg1h5j42swfq.cloudfront.net\/2014\/09\/concurso-do-inpi-300x89.png\",\"keywords\":[\"Inpi\"],\"articleSection\":[\"Concursos P\u00fablicos\"],\"inLanguage\":\"pt-BR\",\"copyrightYear\":\"2014\",\"copyrightHolder\":{\"@id\":\"https:\/\/www.estrategiaconcursos.com.br\/blog\/#organization\"}},{\"@type\":\"WebPage\",\"@id\":\"https:\/\/www.estrategiaconcursos.com.br\/blog\/prorrogado-o-prazo-de-inscricoes-do-concurso-do-inpi\/\",\"url\":\"https:\/\/www.estrategiaconcursos.com.br\/blog\/prorrogado-o-prazo-de-inscricoes-do-concurso-do-inpi\/\",\"name\":\"Prorrogado o prazo de inscri\u00e7\u00f5es do concurso do INPI\",\"isPartOf\":{\"@id\":\"https:\/\/www.estrategiaconcursos.com.br\/blog\/#website\"},\"primaryImageOfPage\":{\"@id\":\"https:\/\/www.estrategiaconcursos.com.br\/blog\/prorrogado-o-prazo-de-inscricoes-do-concurso-do-inpi\/#primaryimage\"},\"image\":{\"@id\":\"https:\/\/www.estrategiaconcursos.com.br\/blog\/prorrogado-o-prazo-de-inscricoes-do-concurso-do-inpi\/#primaryimage\"},\"thumbnailUrl\":\"https:\/\/dhg1h5j42swfq.cloudfront.net\/2014\/09\/concurso-do-inpi-300x89.png\",\"datePublished\":\"2014-11-02T22:50:12+00:00\",\"dateModified\":\"2015-01-12T17:52:11+00:00\",\"description\":\"O prazo de inscri\u00e7\u00e3o do concurso do INPI, que se encerraria na noite deste domingo, 03, foi estendido at\u00e9 \u00e0s 23 horas e 59 minutos do dia 12 de novembro.\",\"breadcrumb\":{\"@id\":\"https:\/\/www.estrategiaconcursos.com.br\/blog\/prorrogado-o-prazo-de-inscricoes-do-concurso-do-inpi\/#breadcrumb\"},\"inLanguage\":\"pt-BR\",\"potentialAction\":[{\"@type\":\"ReadAction\",\"target\":[\"https:\/\/www.estrategiaconcursos.com.br\/blog\/prorrogado-o-prazo-de-inscricoes-do-concurso-do-inpi\/\"]}]},{\"@type\":\"ImageObject\",\"inLanguage\":\"pt-BR\",\"@id\":\"https:\/\/www.estrategiaconcursos.com.br\/blog\/prorrogado-o-prazo-de-inscricoes-do-concurso-do-inpi\/#primaryimage\",\"url\":\"https:\/\/dhg1h5j42swfq.cloudfront.net\/2014\/09\/concurso-do-inpi-300x89.png\",\"contentUrl\":\"https:\/\/dhg1h5j42swfq.cloudfront.net\/2014\/09\/concurso-do-inpi-300x89.png\"},{\"@type\":\"BreadcrumbList\",\"@id\":\"https:\/\/www.estrategiaconcursos.com.br\/blog\/prorrogado-o-prazo-de-inscricoes-do-concurso-do-inpi\/#breadcrumb\",\"itemListElement\":[{\"@type\":\"ListItem\",\"position\":1,\"name\":\"In\u00edcio\",\"item\":\"https:\/\/www.estrategiaconcursos.com.br\/blog\/\"},{\"@type\":\"ListItem\",\"position\":2,\"name\":\"Prorrogado o prazo de inscri\u00e7\u00f5es do concurso do INPI\"}]},{\"@type\":\"WebSite\",\"@id\":\"https:\/\/www.estrategiaconcursos.com.br\/blog\/#website\",\"url\":\"https:\/\/www.estrategiaconcursos.com.br\/blog\/\",\"name\":\"Estrat\u00e9gia Concursos\",\"description\":\"O blog da Estrat\u00e9gia Concursos traz not\u00edcias sobre concursos e artigos de professores oferecendo cursos para concursos (pdf + videaulas) no site.\",\"publisher\":{\"@id\":\"https:\/\/www.estrategiaconcursos.com.br\/blog\/#organization\"},\"potentialAction\":[{\"@type\":\"SearchAction\",\"target\":{\"@type\":\"EntryPoint\",\"urlTemplate\":\"https:\/\/www.estrategiaconcursos.com.br\/blog\/?s={search_term_string}\"},\"query-input\":{\"@type\":\"PropertyValueSpecification\",\"valueRequired\":true,\"valueName\":\"search_term_string\"}}],\"inLanguage\":\"pt-BR\"},{\"@type\":\"Organization\",\"@id\":\"https:\/\/www.estrategiaconcursos.com.br\/blog\/#organization\",\"name\":\"Estrat\u00e9gia Concursos\",\"url\":\"https:\/\/www.estrategiaconcursos.com.br\/blog\/\",\"logo\":{\"@type\":\"ImageObject\",\"inLanguage\":\"pt-BR\",\"@id\":\"https:\/\/www.estrategiaconcursos.com.br\/blog\/#\/schema\/logo\/image\/\",\"url\":\"https:\/\/dhg1h5j42swfq.cloudfront.net\/2025\/06\/03203428\/logo_concursos-1.jpg\",\"contentUrl\":\"https:\/\/dhg1h5j42swfq.cloudfront.net\/2025\/06\/03203428\/logo_concursos-1.jpg\",\"width\":230,\"height\":60,\"caption\":\"Estrat\u00e9gia Concursos\"},\"image\":{\"@id\":\"https:\/\/www.estrategiaconcursos.com.br\/blog\/#\/schema\/logo\/image\/\"},\"sameAs\":[\"https:\/\/x.com\/EstratConcursos\"]},{\"@type\":\"Person\",\"@id\":\"https:\/\/www.estrategiaconcursos.com.br\/blog\/#\/schema\/person\/b4a388c97673c5f483d72185668afa1f\",\"name\":\"Coordena\u00e7\u00e3o\",\"image\":{\"@type\":\"ImageObject\",\"inLanguage\":\"pt-BR\",\"@id\":\"https:\/\/secure.gravatar.com\/avatar\/b720319e4c9a967eb58678d110f4fe35452fc5d5f97b202bac7b8acceb18c6ad?s=96&d=mm&r=g\",\"url\":\"https:\/\/secure.gravatar.com\/avatar\/b720319e4c9a967eb58678d110f4fe35452fc5d5f97b202bac7b8acceb18c6ad?s=96&d=mm&r=g\",\"contentUrl\":\"https:\/\/secure.gravatar.com\/avatar\/b720319e4c9a967eb58678d110f4fe35452fc5d5f97b202bac7b8acceb18c6ad?s=96&d=mm&r=g\",\"caption\":\"Coordena\u00e7\u00e3o\"},\"sameAs\":[\"https:\/\/www.facebook.com\/EstrategiaConcursos\",\"https:\/\/x.com\/EstratConcursos\"],\"url\":\"https:\/\/www.estrategiaconcursos.com.br\/blog\/author\/estrategia2013\/\"}]}<\/script>\n<!-- \/ Yoast SEO Premium plugin. -->","yoast_head_json":{"title":"Prorrogado o prazo de inscri\u00e7\u00f5es do concurso do INPI","description":"O prazo de inscri\u00e7\u00e3o do concurso do INPI, que se encerraria na noite deste domingo, 03, foi estendido at\u00e9 \u00e0s 23 horas e 59 minutos do dia 12 de novembro.","robots":{"index":"index","follow":"follow","max-snippet":"max-snippet:-1","max-image-preview":"max-image-preview:large","max-video-preview":"max-video-preview:-1"},"canonical":"https:\/\/www.estrategiaconcursos.com.br\/blog\/prorrogado-o-prazo-de-inscricoes-do-concurso-do-inpi\/","og_locale":"pt_BR","og_type":"article","og_title":"Prorrogado o prazo de inscri\u00e7\u00f5es do concurso do INPI","og_description":"O prazo de inscri\u00e7\u00e3o do concurso do INPI, que se encerraria na noite deste domingo, 03, foi estendido at\u00e9 \u00e0s 23 horas e 59 minutos do dia 12 de novembro.","og_url":"https:\/\/www.estrategiaconcursos.com.br\/blog\/prorrogado-o-prazo-de-inscricoes-do-concurso-do-inpi\/","og_site_name":"Estrat\u00e9gia Concursos","article_author":"https:\/\/www.facebook.com\/EstrategiaConcursos","article_published_time":"2014-11-02T22:50:12+00:00","article_modified_time":"2015-01-12T17:52:11+00:00","og_image":[{"url":"https:\/\/dhg1h5j42swfq.cloudfront.net\/2014\/09\/concurso-do-inpi-300x89.png","type":"","width":"","height":""}],"author":"Coordena\u00e7\u00e3o","twitter_card":"summary_large_image","twitter_creator":"@EstratConcursos","twitter_site":"@EstratConcursos","twitter_misc":{"Escrito por":"Coordena\u00e7\u00e3o","Est. tempo de leitura":"3 minutos"},"schema":{"@context":"https:\/\/schema.org","@graph":[{"@type":"NewsArticle","@id":"https:\/\/www.estrategiaconcursos.com.br\/blog\/prorrogado-o-prazo-de-inscricoes-do-concurso-do-inpi\/#article","isPartOf":{"@id":"https:\/\/www.estrategiaconcursos.com.br\/blog\/prorrogado-o-prazo-de-inscricoes-do-concurso-do-inpi\/"},"author":{"name":"Coordena\u00e7\u00e3o","@id":"https:\/\/www.estrategiaconcursos.com.br\/blog\/#\/schema\/person\/b4a388c97673c5f483d72185668afa1f"},"headline":"Prorrogado o prazo de inscri\u00e7\u00f5es do concurso do INPI","datePublished":"2014-11-02T22:50:12+00:00","dateModified":"2015-01-12T17:52:11+00:00","mainEntityOfPage":{"@id":"https:\/\/www.estrategiaconcursos.com.br\/blog\/prorrogado-o-prazo-de-inscricoes-do-concurso-do-inpi\/"},"wordCount":524,"publisher":{"@id":"https:\/\/www.estrategiaconcursos.com.br\/blog\/#organization"},"image":{"@id":"https:\/\/www.estrategiaconcursos.com.br\/blog\/prorrogado-o-prazo-de-inscricoes-do-concurso-do-inpi\/#primaryimage"},"thumbnailUrl":"https:\/\/dhg1h5j42swfq.cloudfront.net\/2014\/09\/concurso-do-inpi-300x89.png","keywords":["Inpi"],"articleSection":["Concursos P\u00fablicos"],"inLanguage":"pt-BR","copyrightYear":"2014","copyrightHolder":{"@id":"https:\/\/www.estrategiaconcursos.com.br\/blog\/#organization"}},{"@type":"WebPage","@id":"https:\/\/www.estrategiaconcursos.com.br\/blog\/prorrogado-o-prazo-de-inscricoes-do-concurso-do-inpi\/","url":"https:\/\/www.estrategiaconcursos.com.br\/blog\/prorrogado-o-prazo-de-inscricoes-do-concurso-do-inpi\/","name":"Prorrogado o prazo de inscri\u00e7\u00f5es do concurso do INPI","isPartOf":{"@id":"https:\/\/www.estrategiaconcursos.com.br\/blog\/#website"},"primaryImageOfPage":{"@id":"https:\/\/www.estrategiaconcursos.com.br\/blog\/prorrogado-o-prazo-de-inscricoes-do-concurso-do-inpi\/#primaryimage"},"image":{"@id":"https:\/\/www.estrategiaconcursos.com.br\/blog\/prorrogado-o-prazo-de-inscricoes-do-concurso-do-inpi\/#primaryimage"},"thumbnailUrl":"https:\/\/dhg1h5j42swfq.cloudfront.net\/2014\/09\/concurso-do-inpi-300x89.png","datePublished":"2014-11-02T22:50:12+00:00","dateModified":"2015-01-12T17:52:11+00:00","description":"O prazo de inscri\u00e7\u00e3o do concurso do INPI, que se encerraria na noite deste domingo, 03, foi estendido at\u00e9 \u00e0s 23 horas e 59 minutos do dia 12 de novembro.","breadcrumb":{"@id":"https:\/\/www.estrategiaconcursos.com.br\/blog\/prorrogado-o-prazo-de-inscricoes-do-concurso-do-inpi\/#breadcrumb"},"inLanguage":"pt-BR","potentialAction":[{"@type":"ReadAction","target":["https:\/\/www.estrategiaconcursos.com.br\/blog\/prorrogado-o-prazo-de-inscricoes-do-concurso-do-inpi\/"]}]},{"@type":"ImageObject","inLanguage":"pt-BR","@id":"https:\/\/www.estrategiaconcursos.com.br\/blog\/prorrogado-o-prazo-de-inscricoes-do-concurso-do-inpi\/#primaryimage","url":"https:\/\/dhg1h5j42swfq.cloudfront.net\/2014\/09\/concurso-do-inpi-300x89.png","contentUrl":"https:\/\/dhg1h5j42swfq.cloudfront.net\/2014\/09\/concurso-do-inpi-300x89.png"},{"@type":"BreadcrumbList","@id":"https:\/\/www.estrategiaconcursos.com.br\/blog\/prorrogado-o-prazo-de-inscricoes-do-concurso-do-inpi\/#breadcrumb","itemListElement":[{"@type":"ListItem","position":1,"name":"In\u00edcio","item":"https:\/\/www.estrategiaconcursos.com.br\/blog\/"},{"@type":"ListItem","position":2,"name":"Prorrogado o prazo de inscri\u00e7\u00f5es do concurso do INPI"}]},{"@type":"WebSite","@id":"https:\/\/www.estrategiaconcursos.com.br\/blog\/#website","url":"https:\/\/www.estrategiaconcursos.com.br\/blog\/","name":"Estrat\u00e9gia Concursos","description":"O blog da Estrat\u00e9gia Concursos traz not\u00edcias sobre concursos e artigos de professores oferecendo cursos para concursos (pdf + videaulas) no site.","publisher":{"@id":"https:\/\/www.estrategiaconcursos.com.br\/blog\/#organization"},"potentialAction":[{"@type":"SearchAction","target":{"@type":"EntryPoint","urlTemplate":"https:\/\/www.estrategiaconcursos.com.br\/blog\/?s={search_term_string}"},"query-input":{"@type":"PropertyValueSpecification","valueRequired":true,"valueName":"search_term_string"}}],"inLanguage":"pt-BR"},{"@type":"Organization","@id":"https:\/\/www.estrategiaconcursos.com.br\/blog\/#organization","name":"Estrat\u00e9gia Concursos","url":"https:\/\/www.estrategiaconcursos.com.br\/blog\/","logo":{"@type":"ImageObject","inLanguage":"pt-BR","@id":"https:\/\/www.estrategiaconcursos.com.br\/blog\/#\/schema\/logo\/image\/","url":"https:\/\/dhg1h5j42swfq.cloudfront.net\/2025\/06\/03203428\/logo_concursos-1.jpg","contentUrl":"https:\/\/dhg1h5j42swfq.cloudfront.net\/2025\/06\/03203428\/logo_concursos-1.jpg","width":230,"height":60,"caption":"Estrat\u00e9gia Concursos"},"image":{"@id":"https:\/\/www.estrategiaconcursos.com.br\/blog\/#\/schema\/logo\/image\/"},"sameAs":["https:\/\/x.com\/EstratConcursos"]},{"@type":"Person","@id":"https:\/\/www.estrategiaconcursos.com.br\/blog\/#\/schema\/person\/b4a388c97673c5f483d72185668afa1f","name":"Coordena\u00e7\u00e3o","image":{"@type":"ImageObject","inLanguage":"pt-BR","@id":"https:\/\/secure.gravatar.com\/avatar\/b720319e4c9a967eb58678d110f4fe35452fc5d5f97b202bac7b8acceb18c6ad?s=96&d=mm&r=g","url":"https:\/\/secure.gravatar.com\/avatar\/b720319e4c9a967eb58678d110f4fe35452fc5d5f97b202bac7b8acceb18c6ad?s=96&d=mm&r=g","contentUrl":"https:\/\/secure.gravatar.com\/avatar\/b720319e4c9a967eb58678d110f4fe35452fc5d5f97b202bac7b8acceb18c6ad?s=96&d=mm&r=g","caption":"Coordena\u00e7\u00e3o"},"sameAs":["https:\/\/www.facebook.com\/EstrategiaConcursos","https:\/\/x.com\/EstratConcursos"],"url":"https:\/\/www.estrategiaconcursos.com.br\/blog\/author\/estrategia2013\/"}]}},"_links":{"self":[{"href":"https:\/\/www.estrategiaconcursos.com.br\/blog\/wp-json\/wp\/v2\/posts\/19140","targetHints":{"allow":["GET"]}}],"collection":[{"href":"https:\/\/www.estrategiaconcursos.com.br\/blog\/wp-json\/wp\/v2\/posts"}],"about":[{"href":"https:\/\/www.estrategiaconcursos.com.br\/blog\/wp-json\/wp\/v2\/types\/post"}],"author":[{"embeddable":true,"href":"https:\/\/www.estrategiaconcursos.com.br\/blog\/wp-json\/wp\/v2\/users\/1"}],"replies":[{"embeddable":true,"href":"https:\/\/www.estrategiaconcursos.com.br\/blog\/wp-json\/wp\/v2\/comments?post=19140"}],"version-history":[{"count":1,"href":"https:\/\/www.estrategiaconcursos.com.br\/blog\/wp-json\/wp\/v2\/posts\/19140\/revisions"}],"predecessor-version":[{"id":20504,"href":"https:\/\/www.estrategiaconcursos.com.br\/blog\/wp-json\/wp\/v2\/posts\/19140\/revisions\/20504"}],"wp:attachment":[{"href":"https:\/\/www.estrategiaconcursos.com.br\/blog\/wp-json\/wp\/v2\/media?parent=19140"}],"wp:term":[{"taxonomy":"category","embeddable":true,"href":"https:\/\/www.estrategiaconcursos.com.br\/blog\/wp-json\/wp\/v2\/categories?post=19140"},{"taxonomy":"post_tag","embeddable":true,"href":"https:\/\/www.estrategiaconcursos.com.br\/blog\/wp-json\/wp\/v2\/tags?post=19140"},{"taxonomy":"tax_estado","embeddable":true,"href":"https:\/\/www.estrategiaconcursos.com.br\/blog\/wp-json\/wp\/v2\/tax_estado?post=19140"}],"curies":[{"name":"wp","href":"https:\/\/api.w.org\/{rel}","templated":true}]}}