{"id":19098,"date":"2014-10-30T13:59:48","date_gmt":"2014-10-30T16:59:48","guid":{"rendered":"https:\/\/www.estrategiaconcursos.com.br\/blog\/?post_type=noticia&#038;p=19098"},"modified":"2016-05-20T15:41:08","modified_gmt":"2016-05-20T18:41:08","slug":"concurso-da-policia-federal-candidatos-aguardam-orientacao-dos-organizadores","status":"publish","type":"post","link":"https:\/\/www.estrategiaconcursos.com.br\/blog\/concurso-da-policia-federal-candidatos-aguardam-orientacao-dos-organizadores\/","title":{"rendered":"Concurso da Pol\u00edcia Federal: candidatos aguardam orienta\u00e7\u00e3o dos organizadores"},"content":{"rendered":"<blockquote>\n<div style=\"text-align: justify;\"><span style=\"color: #000000;\"><a href=\"https:\/\/dhg1h5j42swfq.cloudfront.net\/2014\/10\/pf.jpg\"><img loading=\"lazy\" decoding=\"async\" class=\"alignleft wp-image-19077 size-medium\" src=\"https:\/\/dhg1h5j42swfq.cloudfront.net\/2014\/10\/pf-300x300.jpg\" alt=\"concurso da pol\u00edcia federal\" width=\"300\" height=\"300\" srcset=\"https:\/\/dhg1h5j42swfq.cloudfront.net\/2014\/10\/pf.jpg 300w, https:\/\/dhg1h5j42swfq.cloudfront.net\/2014\/10\/pf.jpg 150w, https:\/\/dhg1h5j42swfq.cloudfront.net\/2014\/10\/pf.jpg 1024w\" sizes=\"auto, (max-width: 300px) 100vw, 300px\" \/><\/a>Aqueles que se inscreveram no concurso da Pol\u00edcia Federal (PF) para 600 vagas de agente (n\u00edvel superior) continuam \u00e0 espera de orienta\u00e7\u00f5es por parte dos organizadores com rela\u00e7\u00e3o \u00e0 sequ\u00eancia da sele\u00e7\u00e3o. O concurso foi suspenso por determina\u00e7\u00e3o da Justi\u00e7a para adequa\u00e7\u00e3o das etapas \u00e0 participa\u00e7\u00e3o de candidatos com defici\u00eancia.<\/span><br \/>\n<span style=\"color: #000000;\">\u00a0<span style=\"color: #999999;\">.<\/span><\/span><\/div>\n<div style=\"text-align: justify;\"><span style=\"color: #000000;\">Na \u00faltima segunda-feira, dia 27, \u00a0a PF foi questionada sobre as instru\u00e7\u00f5es \u00e0queles que se inscreveram na sele\u00e7\u00e3o, mas ainda\u00a0n\u00e3o houve qualquer indica\u00e7\u00e3o. H\u00e1 uma preocupa\u00e7\u00e3o, principalmente com rela\u00e7\u00e3o aos que preencheram o requerimento de inscri\u00e7\u00e3o, mas ainda n\u00e3o efetuaram o pagamento da taxa, o que poderia ser feito at\u00e9 o dia 7 do pr\u00f3ximo m\u00eas. O valor a ser pago \u00e9 de R$150.<\/span><br \/>\n<span style=\"color: #000000;\">\u00a0.<\/span><\/div>\n<div style=\"text-align: justify;\"><span style=\"color: #000000;\">Na quarta, 29, o Cespe\/UnB negou que esteja orientando candidatos a n\u00e3o realizarem o pagamento, sob a alega\u00e7\u00e3o de que ap\u00f3s a retomada do concurso seria aberto novo prazo. Segundo o organizador, os candidatos devem aguardar por novas informa\u00e7\u00f5es, que ser\u00e3o concedidas por meio da p\u00e1gina do concurso na internet.<\/span><br \/>\n<span style=\"color: #000000;\">\u00a0.<\/span><\/div>\n<div style=\"text-align: justify;\"><span style=\"color: #000000;\">Atendendo a pedido do Minist\u00e9rio P\u00fablico Federal (MPF), o juiz federal substituto da 1\u00aa Vara Federal de Uberl\u00e2ndia (MG), Bruno Vasconcelos, determinou a paralisa\u00e7\u00e3o do concurso at\u00e9 o cumprimento das seguintes medidas: adapta\u00e7\u00e3o do exame de aptid\u00e3o f\u00edsica e do curso de forma\u00e7\u00e3o profissional \u00e0s necessidades do candidato com defici\u00eancia; a avalia\u00e7\u00e3o da compatibilidade das defici\u00eancias do candidato com as atribui\u00e7\u00f5es do cargo ao longo do est\u00e1gio probat\u00f3rio, e n\u00e3o durante a per\u00edcia m\u00e9dica do concurso; e que as condi\u00e7\u00f5es cl\u00ednicas, sinais ou sintomas considerados causa de incapacidade e inaptid\u00e3o para exerc\u00edcio da fun\u00e7\u00e3o n\u00e3o sejam determinantes para exclus\u00e3o imediata do candidato com defici\u00eancia, devendo a incompatibilidade ser verificada durante o est\u00e1gio probat\u00f3rio.<\/span><br \/>\n<span style=\"color: #000000;\">\u00a0.<\/span><\/div>\n<div style=\"text-align: justify;\"><span style=\"color: #000000;\">O MPF sustenta que, apesar de reservar vagas para pessoas com defici\u00eancia, conforme determinou no ano passado o Supremo Tribunal Federal (STF), o edital divulgado pela PF \u201cna pr\u00e1tica, frustra a concretiza\u00e7\u00e3o desse direito, uma vez que est\u00e1 explicito nas disposi\u00e7\u00f5es que n\u00e3o haver\u00e1 adapta\u00e7\u00e3o do exame de aptid\u00e3o f\u00edsica, do exame m\u00e9dico, da avalia\u00e7\u00e3o psicol\u00f3gica ou do Curso de Forma\u00e7\u00e3o Profissional \u00e0s condi\u00e7\u00f5es do candidato, com defici\u00eancia f\u00edsica ou n\u00e3o\u201d.<\/span><br \/>\n<span style=\"color: #000000;\">\u00a0.<\/span><\/div>\n<div style=\"text-align: justify;\"><span style=\"color: #000000;\">Al\u00e9m dessas etapas, a sele\u00e7\u00e3o \u00e9 composta por provas objetivas e discursivas, inicialmente previstas para 21 de dezembro, e ainda investiga\u00e7\u00e3o social. O exame f\u00edsico compreender\u00e1 os testes de barra fixa, de impuls\u00e3o horizontal, de corrida de 12 minutos e de nata\u00e7\u00e3o. As avalia\u00e7\u00f5es ser\u00e3o aplicadas em todas as capitais, com exce\u00e7\u00e3o do curso de forma\u00e7\u00e3o, que \u00e9 realizado em Bras\u00edlia.<\/span><br \/>\n<span style=\"color: #000000;\">\u00a0.<\/span><\/div>\n<div style=\"text-align: justify;\"><span style=\"color: #000000;\">O cargo de agente \u00e9 destinado a quem possui o ensino superior em qualquer \u00e1rea e carteira de habilita\u00e7\u00e3o, na categoria B ou superior. Al\u00e9m da reserva de vagas para deficientes (30, ao todo), a sele\u00e7\u00e3o tamb\u00e9m conta com 120 vagas destinadas a negros, conforme determina a legisla\u00e7\u00e3o.<\/span><br \/>\n<span style=\"color: #000000;\">\u00a0.<\/span><\/div>\n<div style=\"text-align: justify;\"><span style=\"color: #000000;\"><strong>Reajuste <\/strong>\u2013 O Senado Federal aprovou, na \u00faltima segunda-feira, 27, o reajuste para os cargos de agente, escriv\u00e3o e papiloscopista da PF. A partir de janeiro do ano que vem, a remunera\u00e7\u00e3o inicial para esses cargos ser\u00e1 de R$9.074,59, incluindo o aux\u00edlio-alimenta\u00e7\u00e3o, de R$373. Atualmente, o valor \u00e9 de R$7.887,33.<\/span><br \/>\n<span style=\"color: #000000;\">\u00a0.<\/span><\/div>\n<div style=\"text-align: justify;\"><span style=\"color: #000000;\">O reajuste foi acertado com o governo federal e estava previsto na Medida Provis\u00f3ria 650, que trata da reestrutura\u00e7\u00e3o da carreira de policial federal e foi aprovada no Plen\u00e1rio do Senado, sendo convertida na Lei 13.034. O aumento concedido foi de 15,8%, o mesmo dado a diversas outras categorias do Executivo federal.\u00a0<\/span><\/div>\n<\/blockquote>\n<div style=\"text-align: justify;\">.<\/div>\n<div style=\"text-align: justify;\"><span style=\"color: #000000;\">Fonte: Folha Dirigida<\/span><\/div>\n<div style=\"text-align: justify;\">.<\/div>\n<div style=\"text-align: justify;\"><span style=\"color: #000000;\">Assessoria de Comunica\u00e7\u00e3o<\/span><\/div>\n<div style=\"text-align: justify;\">.<\/div>\n<div style=\"text-align: justify;\"><span style=\"color: #000000;\">comunicacao@estrategiaconcursos.com.br<\/span><\/div>\n","protected":false},"excerpt":{"rendered":"<p>Aqueles que se inscreveram no concurso da Pol\u00edcia Federal (PF) para 600 vagas de agente (n\u00edvel superior) continuam \u00e0 espera de orienta\u00e7\u00f5es por parte dos organizadores com rela\u00e7\u00e3o \u00e0 sequ\u00eancia da sele\u00e7\u00e3o. O concurso foi suspenso por determina\u00e7\u00e3o da Justi\u00e7a para adequa\u00e7\u00e3o das etapas \u00e0 participa\u00e7\u00e3o de candidatos com defici\u00eancia. \u00a0. Na \u00faltima segunda-feira, dia [&hellip;]<\/p>\n","protected":false},"author":1,"featured_media":0,"comment_status":"closed","ping_status":"closed","sticky":false,"template":"","format":"standard","meta":{"post_tipo":"news","footnotes":""},"categories":[1,1988],"tags":[500],"tax_estado":[],"class_list":["post-19098","post","type-post","status-publish","format-standard","hentry","category-cursos-e-concursos","category-policia","tag-policia-federal"],"acf":[],"yoast_head":"<!-- This site is optimized with the Yoast SEO Premium plugin v27.2 (Yoast SEO v27.2) - https:\/\/yoast.com\/product\/yoast-seo-premium-wordpress\/ -->\n<title>Concurso da Pol\u00edcia Federal: candidatos aguardam orienta\u00e7\u00e3o dos organizadores<\/title>\n<meta name=\"description\" content=\"Aqueles que se inscreveram no concurso da Pol\u00edcia Federal continuam \u00e0 espera de orienta\u00e7\u00f5es dos organizadores com rela\u00e7\u00e3o \u00e0 sequ\u00eancia da sele\u00e7\u00e3o. Saiba mais\" \/>\n<meta name=\"robots\" content=\"index, follow, max-snippet:-1, max-image-preview:large, max-video-preview:-1\" \/>\n<link rel=\"canonical\" href=\"https:\/\/www.estrategiaconcursos.com.br\/blog\/concurso-da-policia-federal-candidatos-aguardam-orientacao-dos-organizadores\/\" \/>\n<meta property=\"og:locale\" content=\"pt_BR\" \/>\n<meta property=\"og:type\" content=\"article\" \/>\n<meta property=\"og:title\" content=\"Concurso da Pol\u00edcia Federal: candidatos aguardam orienta\u00e7\u00e3o dos organizadores\" \/>\n<meta property=\"og:description\" content=\"Aqueles que se inscreveram no concurso da Pol\u00edcia Federal continuam \u00e0 espera de orienta\u00e7\u00f5es dos organizadores com rela\u00e7\u00e3o \u00e0 sequ\u00eancia da sele\u00e7\u00e3o. Saiba mais\" \/>\n<meta property=\"og:url\" content=\"https:\/\/www.estrategiaconcursos.com.br\/blog\/concurso-da-policia-federal-candidatos-aguardam-orientacao-dos-organizadores\/\" \/>\n<meta property=\"og:site_name\" content=\"Estrat\u00e9gia Concursos\" \/>\n<meta property=\"article:author\" content=\"https:\/\/www.facebook.com\/EstrategiaConcursos\" \/>\n<meta property=\"article:published_time\" content=\"2014-10-30T16:59:48+00:00\" \/>\n<meta property=\"article:modified_time\" content=\"2016-05-20T18:41:08+00:00\" \/>\n<meta property=\"og:image\" content=\"https:\/\/dhg1h5j42swfq.cloudfront.net\/2014\/10\/pf-300x300.jpg\" \/>\n<meta name=\"author\" content=\"Coordena\u00e7\u00e3o\" \/>\n<meta name=\"twitter:card\" content=\"summary_large_image\" \/>\n<meta name=\"twitter:creator\" content=\"@EstratConcursos\" \/>\n<meta name=\"twitter:site\" content=\"@EstratConcursos\" \/>\n<meta name=\"twitter:label1\" content=\"Escrito por\" \/>\n\t<meta name=\"twitter:data1\" content=\"Coordena\u00e7\u00e3o\" \/>\n\t<meta name=\"twitter:label2\" content=\"Est. tempo de leitura\" \/>\n\t<meta name=\"twitter:data2\" content=\"3 minutos\" \/>\n<script type=\"application\/ld+json\" class=\"yoast-schema-graph\">{\"@context\":\"https:\/\/schema.org\",\"@graph\":[{\"@type\":\"NewsArticle\",\"@id\":\"https:\/\/www.estrategiaconcursos.com.br\/blog\/concurso-da-policia-federal-candidatos-aguardam-orientacao-dos-organizadores\/#article\",\"isPartOf\":{\"@id\":\"https:\/\/www.estrategiaconcursos.com.br\/blog\/concurso-da-policia-federal-candidatos-aguardam-orientacao-dos-organizadores\/\"},\"author\":{\"name\":\"Coordena\u00e7\u00e3o\",\"@id\":\"https:\/\/www.estrategiaconcursos.com.br\/blog\/#\/schema\/person\/b4a388c97673c5f483d72185668afa1f\"},\"headline\":\"Concurso da Pol\u00edcia Federal: candidatos aguardam orienta\u00e7\u00e3o dos organizadores\",\"datePublished\":\"2014-10-30T16:59:48+00:00\",\"dateModified\":\"2016-05-20T18:41:08+00:00\",\"mainEntityOfPage\":{\"@id\":\"https:\/\/www.estrategiaconcursos.com.br\/blog\/concurso-da-policia-federal-candidatos-aguardam-orientacao-dos-organizadores\/\"},\"wordCount\":654,\"publisher\":{\"@id\":\"https:\/\/www.estrategiaconcursos.com.br\/blog\/#organization\"},\"image\":{\"@id\":\"https:\/\/www.estrategiaconcursos.com.br\/blog\/concurso-da-policia-federal-candidatos-aguardam-orientacao-dos-organizadores\/#primaryimage\"},\"thumbnailUrl\":\"https:\/\/dhg1h5j42swfq.cloudfront.net\/2014\/10\/pf-300x300.jpg\",\"keywords\":[\"Policia Federal\"],\"articleSection\":[\"Concursos P\u00fablicos\",\"Policial (Agente, Escriv\u00e3o e Investigador)\"],\"inLanguage\":\"pt-BR\",\"copyrightYear\":\"2014\",\"copyrightHolder\":{\"@id\":\"https:\/\/www.estrategiaconcursos.com.br\/blog\/#organization\"}},{\"@type\":\"WebPage\",\"@id\":\"https:\/\/www.estrategiaconcursos.com.br\/blog\/concurso-da-policia-federal-candidatos-aguardam-orientacao-dos-organizadores\/\",\"url\":\"https:\/\/www.estrategiaconcursos.com.br\/blog\/concurso-da-policia-federal-candidatos-aguardam-orientacao-dos-organizadores\/\",\"name\":\"Concurso da Pol\u00edcia Federal: candidatos aguardam orienta\u00e7\u00e3o dos organizadores\",\"isPartOf\":{\"@id\":\"https:\/\/www.estrategiaconcursos.com.br\/blog\/#website\"},\"primaryImageOfPage\":{\"@id\":\"https:\/\/www.estrategiaconcursos.com.br\/blog\/concurso-da-policia-federal-candidatos-aguardam-orientacao-dos-organizadores\/#primaryimage\"},\"image\":{\"@id\":\"https:\/\/www.estrategiaconcursos.com.br\/blog\/concurso-da-policia-federal-candidatos-aguardam-orientacao-dos-organizadores\/#primaryimage\"},\"thumbnailUrl\":\"https:\/\/dhg1h5j42swfq.cloudfront.net\/2014\/10\/pf-300x300.jpg\",\"datePublished\":\"2014-10-30T16:59:48+00:00\",\"dateModified\":\"2016-05-20T18:41:08+00:00\",\"description\":\"Aqueles que se inscreveram no concurso da Pol\u00edcia Federal continuam \u00e0 espera de orienta\u00e7\u00f5es dos organizadores com rela\u00e7\u00e3o \u00e0 sequ\u00eancia da sele\u00e7\u00e3o. Saiba mais\",\"breadcrumb\":{\"@id\":\"https:\/\/www.estrategiaconcursos.com.br\/blog\/concurso-da-policia-federal-candidatos-aguardam-orientacao-dos-organizadores\/#breadcrumb\"},\"inLanguage\":\"pt-BR\",\"potentialAction\":[{\"@type\":\"ReadAction\",\"target\":[\"https:\/\/www.estrategiaconcursos.com.br\/blog\/concurso-da-policia-federal-candidatos-aguardam-orientacao-dos-organizadores\/\"]}]},{\"@type\":\"ImageObject\",\"inLanguage\":\"pt-BR\",\"@id\":\"https:\/\/www.estrategiaconcursos.com.br\/blog\/concurso-da-policia-federal-candidatos-aguardam-orientacao-dos-organizadores\/#primaryimage\",\"url\":\"https:\/\/dhg1h5j42swfq.cloudfront.net\/2014\/10\/pf-300x300.jpg\",\"contentUrl\":\"https:\/\/dhg1h5j42swfq.cloudfront.net\/2014\/10\/pf-300x300.jpg\"},{\"@type\":\"BreadcrumbList\",\"@id\":\"https:\/\/www.estrategiaconcursos.com.br\/blog\/concurso-da-policia-federal-candidatos-aguardam-orientacao-dos-organizadores\/#breadcrumb\",\"itemListElement\":[{\"@type\":\"ListItem\",\"position\":1,\"name\":\"In\u00edcio\",\"item\":\"https:\/\/www.estrategiaconcursos.com.br\/blog\/\"},{\"@type\":\"ListItem\",\"position\":2,\"name\":\"Concurso da Pol\u00edcia Federal: candidatos aguardam orienta\u00e7\u00e3o dos organizadores\"}]},{\"@type\":\"WebSite\",\"@id\":\"https:\/\/www.estrategiaconcursos.com.br\/blog\/#website\",\"url\":\"https:\/\/www.estrategiaconcursos.com.br\/blog\/\",\"name\":\"Estrat\u00e9gia Concursos\",\"description\":\"O blog da Estrat\u00e9gia Concursos traz not\u00edcias sobre concursos e artigos de professores oferecendo cursos para concursos (pdf + videaulas) no site.\",\"publisher\":{\"@id\":\"https:\/\/www.estrategiaconcursos.com.br\/blog\/#organization\"},\"potentialAction\":[{\"@type\":\"SearchAction\",\"target\":{\"@type\":\"EntryPoint\",\"urlTemplate\":\"https:\/\/www.estrategiaconcursos.com.br\/blog\/?s={search_term_string}\"},\"query-input\":{\"@type\":\"PropertyValueSpecification\",\"valueRequired\":true,\"valueName\":\"search_term_string\"}}],\"inLanguage\":\"pt-BR\"},{\"@type\":\"Organization\",\"@id\":\"https:\/\/www.estrategiaconcursos.com.br\/blog\/#organization\",\"name\":\"Estrat\u00e9gia Concursos\",\"url\":\"https:\/\/www.estrategiaconcursos.com.br\/blog\/\",\"logo\":{\"@type\":\"ImageObject\",\"inLanguage\":\"pt-BR\",\"@id\":\"https:\/\/www.estrategiaconcursos.com.br\/blog\/#\/schema\/logo\/image\/\",\"url\":\"https:\/\/dhg1h5j42swfq.cloudfront.net\/2025\/06\/03203428\/logo_concursos-1.jpg\",\"contentUrl\":\"https:\/\/dhg1h5j42swfq.cloudfront.net\/2025\/06\/03203428\/logo_concursos-1.jpg\",\"width\":230,\"height\":60,\"caption\":\"Estrat\u00e9gia Concursos\"},\"image\":{\"@id\":\"https:\/\/www.estrategiaconcursos.com.br\/blog\/#\/schema\/logo\/image\/\"},\"sameAs\":[\"https:\/\/x.com\/EstratConcursos\"]},{\"@type\":\"Person\",\"@id\":\"https:\/\/www.estrategiaconcursos.com.br\/blog\/#\/schema\/person\/b4a388c97673c5f483d72185668afa1f\",\"name\":\"Coordena\u00e7\u00e3o\",\"image\":{\"@type\":\"ImageObject\",\"inLanguage\":\"pt-BR\",\"@id\":\"https:\/\/secure.gravatar.com\/avatar\/b720319e4c9a967eb58678d110f4fe35452fc5d5f97b202bac7b8acceb18c6ad?s=96&d=mm&r=g\",\"url\":\"https:\/\/secure.gravatar.com\/avatar\/b720319e4c9a967eb58678d110f4fe35452fc5d5f97b202bac7b8acceb18c6ad?s=96&d=mm&r=g\",\"contentUrl\":\"https:\/\/secure.gravatar.com\/avatar\/b720319e4c9a967eb58678d110f4fe35452fc5d5f97b202bac7b8acceb18c6ad?s=96&d=mm&r=g\",\"caption\":\"Coordena\u00e7\u00e3o\"},\"sameAs\":[\"https:\/\/www.facebook.com\/EstrategiaConcursos\",\"https:\/\/x.com\/EstratConcursos\"],\"url\":\"https:\/\/www.estrategiaconcursos.com.br\/blog\/author\/estrategia2013\/\"}]}<\/script>\n<!-- \/ Yoast SEO Premium plugin. -->","yoast_head_json":{"title":"Concurso da Pol\u00edcia Federal: candidatos aguardam orienta\u00e7\u00e3o dos organizadores","description":"Aqueles que se inscreveram no concurso da Pol\u00edcia Federal continuam \u00e0 espera de orienta\u00e7\u00f5es dos organizadores com rela\u00e7\u00e3o \u00e0 sequ\u00eancia da sele\u00e7\u00e3o. Saiba mais","robots":{"index":"index","follow":"follow","max-snippet":"max-snippet:-1","max-image-preview":"max-image-preview:large","max-video-preview":"max-video-preview:-1"},"canonical":"https:\/\/www.estrategiaconcursos.com.br\/blog\/concurso-da-policia-federal-candidatos-aguardam-orientacao-dos-organizadores\/","og_locale":"pt_BR","og_type":"article","og_title":"Concurso da Pol\u00edcia Federal: candidatos aguardam orienta\u00e7\u00e3o dos organizadores","og_description":"Aqueles que se inscreveram no concurso da Pol\u00edcia Federal continuam \u00e0 espera de orienta\u00e7\u00f5es dos organizadores com rela\u00e7\u00e3o \u00e0 sequ\u00eancia da sele\u00e7\u00e3o. Saiba mais","og_url":"https:\/\/www.estrategiaconcursos.com.br\/blog\/concurso-da-policia-federal-candidatos-aguardam-orientacao-dos-organizadores\/","og_site_name":"Estrat\u00e9gia Concursos","article_author":"https:\/\/www.facebook.com\/EstrategiaConcursos","article_published_time":"2014-10-30T16:59:48+00:00","article_modified_time":"2016-05-20T18:41:08+00:00","og_image":[{"url":"https:\/\/dhg1h5j42swfq.cloudfront.net\/2014\/10\/pf-300x300.jpg","type":"","width":"","height":""}],"author":"Coordena\u00e7\u00e3o","twitter_card":"summary_large_image","twitter_creator":"@EstratConcursos","twitter_site":"@EstratConcursos","twitter_misc":{"Escrito por":"Coordena\u00e7\u00e3o","Est. tempo de leitura":"3 minutos"},"schema":{"@context":"https:\/\/schema.org","@graph":[{"@type":"NewsArticle","@id":"https:\/\/www.estrategiaconcursos.com.br\/blog\/concurso-da-policia-federal-candidatos-aguardam-orientacao-dos-organizadores\/#article","isPartOf":{"@id":"https:\/\/www.estrategiaconcursos.com.br\/blog\/concurso-da-policia-federal-candidatos-aguardam-orientacao-dos-organizadores\/"},"author":{"name":"Coordena\u00e7\u00e3o","@id":"https:\/\/www.estrategiaconcursos.com.br\/blog\/#\/schema\/person\/b4a388c97673c5f483d72185668afa1f"},"headline":"Concurso da Pol\u00edcia Federal: candidatos aguardam orienta\u00e7\u00e3o dos organizadores","datePublished":"2014-10-30T16:59:48+00:00","dateModified":"2016-05-20T18:41:08+00:00","mainEntityOfPage":{"@id":"https:\/\/www.estrategiaconcursos.com.br\/blog\/concurso-da-policia-federal-candidatos-aguardam-orientacao-dos-organizadores\/"},"wordCount":654,"publisher":{"@id":"https:\/\/www.estrategiaconcursos.com.br\/blog\/#organization"},"image":{"@id":"https:\/\/www.estrategiaconcursos.com.br\/blog\/concurso-da-policia-federal-candidatos-aguardam-orientacao-dos-organizadores\/#primaryimage"},"thumbnailUrl":"https:\/\/dhg1h5j42swfq.cloudfront.net\/2014\/10\/pf-300x300.jpg","keywords":["Policia Federal"],"articleSection":["Concursos P\u00fablicos","Policial (Agente, Escriv\u00e3o e Investigador)"],"inLanguage":"pt-BR","copyrightYear":"2014","copyrightHolder":{"@id":"https:\/\/www.estrategiaconcursos.com.br\/blog\/#organization"}},{"@type":"WebPage","@id":"https:\/\/www.estrategiaconcursos.com.br\/blog\/concurso-da-policia-federal-candidatos-aguardam-orientacao-dos-organizadores\/","url":"https:\/\/www.estrategiaconcursos.com.br\/blog\/concurso-da-policia-federal-candidatos-aguardam-orientacao-dos-organizadores\/","name":"Concurso da Pol\u00edcia Federal: candidatos aguardam orienta\u00e7\u00e3o dos organizadores","isPartOf":{"@id":"https:\/\/www.estrategiaconcursos.com.br\/blog\/#website"},"primaryImageOfPage":{"@id":"https:\/\/www.estrategiaconcursos.com.br\/blog\/concurso-da-policia-federal-candidatos-aguardam-orientacao-dos-organizadores\/#primaryimage"},"image":{"@id":"https:\/\/www.estrategiaconcursos.com.br\/blog\/concurso-da-policia-federal-candidatos-aguardam-orientacao-dos-organizadores\/#primaryimage"},"thumbnailUrl":"https:\/\/dhg1h5j42swfq.cloudfront.net\/2014\/10\/pf-300x300.jpg","datePublished":"2014-10-30T16:59:48+00:00","dateModified":"2016-05-20T18:41:08+00:00","description":"Aqueles que se inscreveram no concurso da Pol\u00edcia Federal continuam \u00e0 espera de orienta\u00e7\u00f5es dos organizadores com rela\u00e7\u00e3o \u00e0 sequ\u00eancia da sele\u00e7\u00e3o. Saiba mais","breadcrumb":{"@id":"https:\/\/www.estrategiaconcursos.com.br\/blog\/concurso-da-policia-federal-candidatos-aguardam-orientacao-dos-organizadores\/#breadcrumb"},"inLanguage":"pt-BR","potentialAction":[{"@type":"ReadAction","target":["https:\/\/www.estrategiaconcursos.com.br\/blog\/concurso-da-policia-federal-candidatos-aguardam-orientacao-dos-organizadores\/"]}]},{"@type":"ImageObject","inLanguage":"pt-BR","@id":"https:\/\/www.estrategiaconcursos.com.br\/blog\/concurso-da-policia-federal-candidatos-aguardam-orientacao-dos-organizadores\/#primaryimage","url":"https:\/\/dhg1h5j42swfq.cloudfront.net\/2014\/10\/pf-300x300.jpg","contentUrl":"https:\/\/dhg1h5j42swfq.cloudfront.net\/2014\/10\/pf-300x300.jpg"},{"@type":"BreadcrumbList","@id":"https:\/\/www.estrategiaconcursos.com.br\/blog\/concurso-da-policia-federal-candidatos-aguardam-orientacao-dos-organizadores\/#breadcrumb","itemListElement":[{"@type":"ListItem","position":1,"name":"In\u00edcio","item":"https:\/\/www.estrategiaconcursos.com.br\/blog\/"},{"@type":"ListItem","position":2,"name":"Concurso da Pol\u00edcia Federal: candidatos aguardam orienta\u00e7\u00e3o dos organizadores"}]},{"@type":"WebSite","@id":"https:\/\/www.estrategiaconcursos.com.br\/blog\/#website","url":"https:\/\/www.estrategiaconcursos.com.br\/blog\/","name":"Estrat\u00e9gia Concursos","description":"O blog da Estrat\u00e9gia Concursos traz not\u00edcias sobre concursos e artigos de professores oferecendo cursos para concursos (pdf + videaulas) no site.","publisher":{"@id":"https:\/\/www.estrategiaconcursos.com.br\/blog\/#organization"},"potentialAction":[{"@type":"SearchAction","target":{"@type":"EntryPoint","urlTemplate":"https:\/\/www.estrategiaconcursos.com.br\/blog\/?s={search_term_string}"},"query-input":{"@type":"PropertyValueSpecification","valueRequired":true,"valueName":"search_term_string"}}],"inLanguage":"pt-BR"},{"@type":"Organization","@id":"https:\/\/www.estrategiaconcursos.com.br\/blog\/#organization","name":"Estrat\u00e9gia Concursos","url":"https:\/\/www.estrategiaconcursos.com.br\/blog\/","logo":{"@type":"ImageObject","inLanguage":"pt-BR","@id":"https:\/\/www.estrategiaconcursos.com.br\/blog\/#\/schema\/logo\/image\/","url":"https:\/\/dhg1h5j42swfq.cloudfront.net\/2025\/06\/03203428\/logo_concursos-1.jpg","contentUrl":"https:\/\/dhg1h5j42swfq.cloudfront.net\/2025\/06\/03203428\/logo_concursos-1.jpg","width":230,"height":60,"caption":"Estrat\u00e9gia Concursos"},"image":{"@id":"https:\/\/www.estrategiaconcursos.com.br\/blog\/#\/schema\/logo\/image\/"},"sameAs":["https:\/\/x.com\/EstratConcursos"]},{"@type":"Person","@id":"https:\/\/www.estrategiaconcursos.com.br\/blog\/#\/schema\/person\/b4a388c97673c5f483d72185668afa1f","name":"Coordena\u00e7\u00e3o","image":{"@type":"ImageObject","inLanguage":"pt-BR","@id":"https:\/\/secure.gravatar.com\/avatar\/b720319e4c9a967eb58678d110f4fe35452fc5d5f97b202bac7b8acceb18c6ad?s=96&d=mm&r=g","url":"https:\/\/secure.gravatar.com\/avatar\/b720319e4c9a967eb58678d110f4fe35452fc5d5f97b202bac7b8acceb18c6ad?s=96&d=mm&r=g","contentUrl":"https:\/\/secure.gravatar.com\/avatar\/b720319e4c9a967eb58678d110f4fe35452fc5d5f97b202bac7b8acceb18c6ad?s=96&d=mm&r=g","caption":"Coordena\u00e7\u00e3o"},"sameAs":["https:\/\/www.facebook.com\/EstrategiaConcursos","https:\/\/x.com\/EstratConcursos"],"url":"https:\/\/www.estrategiaconcursos.com.br\/blog\/author\/estrategia2013\/"}]}},"_links":{"self":[{"href":"https:\/\/www.estrategiaconcursos.com.br\/blog\/wp-json\/wp\/v2\/posts\/19098","targetHints":{"allow":["GET"]}}],"collection":[{"href":"https:\/\/www.estrategiaconcursos.com.br\/blog\/wp-json\/wp\/v2\/posts"}],"about":[{"href":"https:\/\/www.estrategiaconcursos.com.br\/blog\/wp-json\/wp\/v2\/types\/post"}],"author":[{"embeddable":true,"href":"https:\/\/www.estrategiaconcursos.com.br\/blog\/wp-json\/wp\/v2\/users\/1"}],"replies":[{"embeddable":true,"href":"https:\/\/www.estrategiaconcursos.com.br\/blog\/wp-json\/wp\/v2\/comments?post=19098"}],"version-history":[{"count":1,"href":"https:\/\/www.estrategiaconcursos.com.br\/blog\/wp-json\/wp\/v2\/posts\/19098\/revisions"}],"predecessor-version":[{"id":20505,"href":"https:\/\/www.estrategiaconcursos.com.br\/blog\/wp-json\/wp\/v2\/posts\/19098\/revisions\/20505"}],"wp:attachment":[{"href":"https:\/\/www.estrategiaconcursos.com.br\/blog\/wp-json\/wp\/v2\/media?parent=19098"}],"wp:term":[{"taxonomy":"category","embeddable":true,"href":"https:\/\/www.estrategiaconcursos.com.br\/blog\/wp-json\/wp\/v2\/categories?post=19098"},{"taxonomy":"post_tag","embeddable":true,"href":"https:\/\/www.estrategiaconcursos.com.br\/blog\/wp-json\/wp\/v2\/tags?post=19098"},{"taxonomy":"tax_estado","embeddable":true,"href":"https:\/\/www.estrategiaconcursos.com.br\/blog\/wp-json\/wp\/v2\/tax_estado?post=19098"}],"curies":[{"name":"wp","href":"https:\/\/api.w.org\/{rel}","templated":true}]}}