{"id":19095,"date":"2014-10-29T19:59:10","date_gmt":"2014-10-29T22:59:10","guid":{"rendered":"https:\/\/www.estrategiaconcursos.com.br\/blog\/?p=19095"},"modified":"2015-01-05T14:04:42","modified_gmt":"2015-01-05T17:04:42","slug":"recomposicao-dos-quadros-de-auditor-fiscal-trabalho-nos-proximos-3-anos","status":"publish","type":"post","link":"https:\/\/www.estrategiaconcursos.com.br\/blog\/recomposicao-dos-quadros-de-auditor-fiscal-trabalho-nos-proximos-3-anos\/","title":{"rendered":"Recomposi\u00e7\u00e3o dos Quadros de Auditor-Fiscal do Trabalho nos pr\u00f3ximos 3 anos"},"content":{"rendered":"<p>Pessoal, segue not\u00edcia recentemente disponibilizada pelo SINAT. Ela \u00e9 excelente para aqueles que est\u00e3o se preparando para este concurso ou est\u00e3o pensando em estudar para a carreira!<\/p>\n<p>&#8212;<\/p>\n<p><strong>Planejamento diz que vai recompor quadro da Auditoria-Fiscal nos pr\u00f3ximos tr\u00eas anos<\/strong><\/p>\n<p>O Minist\u00e9rio do Planejamento, Or\u00e7amento e Gest\u00e3o \u2013 MP emitiu, no dia 6 de outubro, a Nota Informativa n\u00ba 142,\u00a0 em resposta \u00e0 Notifica\u00e7\u00e3o Recomendat\u00f3ria\u00a0 da Procuradoria Regional do Trabalho de Itabuna (BA), que em julho passado sugeriu ao MP a abertura de concurso p\u00fablico para provimento dos mais de 800 cargos vagos de Auditor-Fiscal do Trabalho (documento de refer\u00eancia n\u00ba 003000.003339\/2014-60). A manifesta\u00e7\u00e3o do Planejamento responde tamb\u00e9m a A\u00e7\u00e3o Civil P\u00fablica impetrada pelo Minist\u00e9rio P\u00fablico da 20\u00aa Regi\u00e3o, em Sergipe, que faz pedido semelhante.<\/p>\n<p>Na Nota Informativa, o MP afirma que \u201cA fim de compatibilizar o atendimento da demanda \u00e0s disponibilidades or\u00e7ament\u00e1rias da Uni\u00e3o e \u00e0 capacidade de absor\u00e7\u00e3o dessa for\u00e7a de trabalho, optou o Poder Executivo Federal por escalonar o provimento das 847 vagas existentes nos pr\u00f3ximos 3 anos\u201d. Entre os argumentos para justificar essa decis\u00e3o, o MP cita a indisponibilidade or\u00e7ament\u00e1ria da Uni\u00e3o para absorver novos servidores e a incapacidade do pr\u00f3prio MTE para receber mais de 800 novos Auditores-Fiscais do Trabalho de uma s\u00f3 vez, o que implicaria em grandes esfor\u00e7os de estrutura\u00e7\u00e3o e treinamento.<\/p>\n<p>O documento do Planejamento tamb\u00e9m foi encaminhado ao MTE, para que a Pasta tome as provid\u00eancias que entender necess\u00e1rias. Na avalia\u00e7\u00e3o do Sinait, o Minist\u00e9rio do Planejamento deu uma resposta p\u00edfia ao MPT e continua sem resolver um problema urgente da Auditoria-Fiscal do Trabalho, que \u00e9 recompor seus quadros a fim de assegurar a sa\u00fade e seguran\u00e7a dos trabalhadores brasileiros.<\/p>\n<p>Fonte: <a href=\"https:\/\/www.sinait.org.br\/?r=site\/noticiaView&amp;id=10084\">https:\/\/www.sinait.org.br\/?r=site\/noticiaView&amp;id=10084<\/a>, acesso em 29.10.2014.<\/p>\n<p>&#8212;<\/p>\n<p>Quem quiser acessar o teor da Nota Informativa n\u00ba 142, acesse pelo link abaixo:<\/p>\n<p><strong><a href=\"http:\/\/goo.gl\/RC4dxd\">http:\/\/goo.gl\/RC4dxd<\/a><\/strong><\/p>\n<p>Nossos cursos para este concurso est\u00e3o dispon\u00edveis no link abaixo<\/p>\n<p><strong>https:\/\/www.estrategiaconcursos.com.br\/cursosPorConcurso\/aft-auditor-fiscal-do-trabalho-11\/<\/strong><\/p>\n<p>Se houver alguma d\u00favida ou esclarecimento, por favor, entre em contato:<\/p>\n<p><strong><a href=\"mailto:ricardotorques@estrategiaconcursos.com.br\">ricardotorques@estrategiaconcursos.com.br<\/a><\/strong><\/p>\n<p><strong><a href=\"https:\/\/www.facebook.com\/ricardo.s.torques\">https:\/\/www.facebook.com\/ricardo.s.torques<\/a><\/strong><\/p>\n<p>Um forte abra\u00e7o e bons estudos a todos!<\/p>\n<p>Professor Ricardo Torques<\/p>\n","protected":false},"excerpt":{"rendered":"<p>Pessoal, segue not\u00edcia recentemente disponibilizada pelo SINAT. Ela \u00e9 excelente para aqueles que est\u00e3o se preparando para este concurso ou est\u00e3o pensando em estudar para a carreira! &#8212; Planejamento diz que vai recompor quadro da Auditoria-Fiscal nos pr\u00f3ximos tr\u00eas anos O Minist\u00e9rio do Planejamento, Or\u00e7amento e Gest\u00e3o \u2013 MP emitiu, no dia 6 de outubro, [&hellip;]<\/p>\n","protected":false},"author":180,"featured_media":0,"comment_status":"open","ping_status":"open","sticky":false,"template":"","format":"standard","meta":{"post_tipo":"article","footnotes":""},"categories":[1],"tags":[542],"tax_estado":[],"class_list":["post-19095","post","type-post","status-publish","format-standard","hentry","category-cursos-e-concursos","tag-aft"],"acf":[],"yoast_head":"<!-- This site is optimized with the Yoast SEO Premium plugin v27.2 (Yoast SEO v27.2) - https:\/\/yoast.com\/product\/yoast-seo-premium-wordpress\/ -->\n<title>Recomposi\u00e7\u00e3o dos Quadros de Auditor-Fiscal do Trabalho nos pr\u00f3ximos 3 anos<\/title>\n<meta name=\"robots\" content=\"index, follow, max-snippet:-1, max-image-preview:large, max-video-preview:-1\" \/>\n<link rel=\"canonical\" href=\"https:\/\/www.estrategiaconcursos.com.br\/blog\/recomposicao-dos-quadros-de-auditor-fiscal-trabalho-nos-proximos-3-anos\/\" \/>\n<meta property=\"og:locale\" content=\"pt_BR\" \/>\n<meta property=\"og:type\" content=\"article\" \/>\n<meta property=\"og:title\" content=\"Recomposi\u00e7\u00e3o dos Quadros de Auditor-Fiscal do Trabalho nos pr\u00f3ximos 3 anos\" \/>\n<meta property=\"og:description\" content=\"Pessoal, segue not\u00edcia recentemente disponibilizada pelo SINAT. Ela \u00e9 excelente para aqueles que est\u00e3o se preparando para este concurso ou est\u00e3o pensando em estudar para a carreira! &#8212; Planejamento diz que vai recompor quadro da Auditoria-Fiscal nos pr\u00f3ximos tr\u00eas anos O Minist\u00e9rio do Planejamento, Or\u00e7amento e Gest\u00e3o \u2013 MP emitiu, no dia 6 de outubro, [&hellip;]\" \/>\n<meta property=\"og:url\" content=\"https:\/\/www.estrategiaconcursos.com.br\/blog\/recomposicao-dos-quadros-de-auditor-fiscal-trabalho-nos-proximos-3-anos\/\" \/>\n<meta property=\"og:site_name\" content=\"Estrat\u00e9gia Concursos\" \/>\n<meta property=\"article:author\" content=\"https:\/\/www.facebook.com\/ricardo.s.torques\" \/>\n<meta property=\"article:published_time\" content=\"2014-10-29T22:59:10+00:00\" \/>\n<meta property=\"article:modified_time\" content=\"2015-01-05T17:04:42+00:00\" \/>\n<meta name=\"author\" content=\"Ricardo Torques\" \/>\n<meta name=\"twitter:card\" content=\"summary_large_image\" \/>\n<meta name=\"twitter:creator\" content=\"@EstratConcursos\" \/>\n<meta name=\"twitter:site\" content=\"@EstratConcursos\" \/>\n<meta name=\"twitter:label1\" content=\"Escrito por\" \/>\n\t<meta name=\"twitter:data1\" content=\"Ricardo Torques\" \/>\n\t<meta name=\"twitter:label2\" content=\"Est. tempo de leitura\" \/>\n\t<meta name=\"twitter:data2\" content=\"2 minutos\" \/>\n<script type=\"application\/ld+json\" class=\"yoast-schema-graph\">{\"@context\":\"https:\/\/schema.org\",\"@graph\":[{\"@type\":\"NewsArticle\",\"@id\":\"https:\/\/www.estrategiaconcursos.com.br\/blog\/recomposicao-dos-quadros-de-auditor-fiscal-trabalho-nos-proximos-3-anos\/#article\",\"isPartOf\":{\"@id\":\"https:\/\/www.estrategiaconcursos.com.br\/blog\/recomposicao-dos-quadros-de-auditor-fiscal-trabalho-nos-proximos-3-anos\/\"},\"author\":{\"name\":\"Ricardo Torques\",\"@id\":\"https:\/\/www.estrategiaconcursos.com.br\/blog\/#\/schema\/person\/aa39cf5ddb518e5bdce27c35788405e2\"},\"headline\":\"Recomposi\u00e7\u00e3o dos Quadros de Auditor-Fiscal do Trabalho nos pr\u00f3ximos 3 anos\",\"datePublished\":\"2014-10-29T22:59:10+00:00\",\"dateModified\":\"2015-01-05T17:04:42+00:00\",\"mainEntityOfPage\":{\"@id\":\"https:\/\/www.estrategiaconcursos.com.br\/blog\/recomposicao-dos-quadros-de-auditor-fiscal-trabalho-nos-proximos-3-anos\/\"},\"wordCount\":405,\"commentCount\":0,\"publisher\":{\"@id\":\"https:\/\/www.estrategiaconcursos.com.br\/blog\/#organization\"},\"keywords\":[\"AFT\"],\"articleSection\":[\"Concursos P\u00fablicos\"],\"inLanguage\":\"pt-BR\",\"potentialAction\":[{\"@type\":\"CommentAction\",\"name\":\"Comment\",\"target\":[\"https:\/\/www.estrategiaconcursos.com.br\/blog\/recomposicao-dos-quadros-de-auditor-fiscal-trabalho-nos-proximos-3-anos\/#respond\"]}],\"copyrightYear\":\"2014\",\"copyrightHolder\":{\"@id\":\"https:\/\/www.estrategiaconcursos.com.br\/blog\/#organization\"}},{\"@type\":\"WebPage\",\"@id\":\"https:\/\/www.estrategiaconcursos.com.br\/blog\/recomposicao-dos-quadros-de-auditor-fiscal-trabalho-nos-proximos-3-anos\/\",\"url\":\"https:\/\/www.estrategiaconcursos.com.br\/blog\/recomposicao-dos-quadros-de-auditor-fiscal-trabalho-nos-proximos-3-anos\/\",\"name\":\"Recomposi\u00e7\u00e3o dos Quadros de Auditor-Fiscal do Trabalho nos pr\u00f3ximos 3 anos\",\"isPartOf\":{\"@id\":\"https:\/\/www.estrategiaconcursos.com.br\/blog\/#website\"},\"datePublished\":\"2014-10-29T22:59:10+00:00\",\"dateModified\":\"2015-01-05T17:04:42+00:00\",\"breadcrumb\":{\"@id\":\"https:\/\/www.estrategiaconcursos.com.br\/blog\/recomposicao-dos-quadros-de-auditor-fiscal-trabalho-nos-proximos-3-anos\/#breadcrumb\"},\"inLanguage\":\"pt-BR\",\"potentialAction\":[{\"@type\":\"ReadAction\",\"target\":[\"https:\/\/www.estrategiaconcursos.com.br\/blog\/recomposicao-dos-quadros-de-auditor-fiscal-trabalho-nos-proximos-3-anos\/\"]}]},{\"@type\":\"BreadcrumbList\",\"@id\":\"https:\/\/www.estrategiaconcursos.com.br\/blog\/recomposicao-dos-quadros-de-auditor-fiscal-trabalho-nos-proximos-3-anos\/#breadcrumb\",\"itemListElement\":[{\"@type\":\"ListItem\",\"position\":1,\"name\":\"In\u00edcio\",\"item\":\"https:\/\/www.estrategiaconcursos.com.br\/blog\/\"},{\"@type\":\"ListItem\",\"position\":2,\"name\":\"Recomposi\u00e7\u00e3o dos Quadros de Auditor-Fiscal do Trabalho nos pr\u00f3ximos 3 anos\"}]},{\"@type\":\"WebSite\",\"@id\":\"https:\/\/www.estrategiaconcursos.com.br\/blog\/#website\",\"url\":\"https:\/\/www.estrategiaconcursos.com.br\/blog\/\",\"name\":\"Estrat\u00e9gia Concursos\",\"description\":\"O blog da Estrat\u00e9gia Concursos traz not\u00edcias sobre concursos e artigos de professores oferecendo cursos para concursos (pdf + videaulas) no site.\",\"publisher\":{\"@id\":\"https:\/\/www.estrategiaconcursos.com.br\/blog\/#organization\"},\"potentialAction\":[{\"@type\":\"SearchAction\",\"target\":{\"@type\":\"EntryPoint\",\"urlTemplate\":\"https:\/\/www.estrategiaconcursos.com.br\/blog\/?s={search_term_string}\"},\"query-input\":{\"@type\":\"PropertyValueSpecification\",\"valueRequired\":true,\"valueName\":\"search_term_string\"}}],\"inLanguage\":\"pt-BR\"},{\"@type\":\"Organization\",\"@id\":\"https:\/\/www.estrategiaconcursos.com.br\/blog\/#organization\",\"name\":\"Estrat\u00e9gia Concursos\",\"url\":\"https:\/\/www.estrategiaconcursos.com.br\/blog\/\",\"logo\":{\"@type\":\"ImageObject\",\"inLanguage\":\"pt-BR\",\"@id\":\"https:\/\/www.estrategiaconcursos.com.br\/blog\/#\/schema\/logo\/image\/\",\"url\":\"https:\/\/dhg1h5j42swfq.cloudfront.net\/2025\/06\/03203428\/logo_concursos-1.jpg\",\"contentUrl\":\"https:\/\/dhg1h5j42swfq.cloudfront.net\/2025\/06\/03203428\/logo_concursos-1.jpg\",\"width\":230,\"height\":60,\"caption\":\"Estrat\u00e9gia Concursos\"},\"image\":{\"@id\":\"https:\/\/www.estrategiaconcursos.com.br\/blog\/#\/schema\/logo\/image\/\"},\"sameAs\":[\"https:\/\/x.com\/EstratConcursos\"]},{\"@type\":\"Person\",\"@id\":\"https:\/\/www.estrategiaconcursos.com.br\/blog\/#\/schema\/person\/aa39cf5ddb518e5bdce27c35788405e2\",\"name\":\"Ricardo Torques\",\"image\":{\"@type\":\"ImageObject\",\"inLanguage\":\"pt-BR\",\"@id\":\"https:\/\/secure.gravatar.com\/avatar\/ce9ac6c3cff25fe86d15ed568ebc64d1724baf5c0693133bcb1f6073f712f92a?s=96&d=mm&r=g\",\"url\":\"https:\/\/secure.gravatar.com\/avatar\/ce9ac6c3cff25fe86d15ed568ebc64d1724baf5c0693133bcb1f6073f712f92a?s=96&d=mm&r=g\",\"contentUrl\":\"https:\/\/secure.gravatar.com\/avatar\/ce9ac6c3cff25fe86d15ed568ebc64d1724baf5c0693133bcb1f6073f712f92a?s=96&d=mm&r=g\",\"caption\":\"Ricardo Torques\"},\"sameAs\":[\"https:\/\/www.facebook.com\/ricardo.s.torques\"],\"url\":\"https:\/\/www.estrategiaconcursos.com.br\/blog\/author\/ricardotorquesestrategiaconcursos-com-br\/\"}]}<\/script>\n<!-- \/ Yoast SEO Premium plugin. -->","yoast_head_json":{"title":"Recomposi\u00e7\u00e3o dos Quadros de Auditor-Fiscal do Trabalho nos pr\u00f3ximos 3 anos","robots":{"index":"index","follow":"follow","max-snippet":"max-snippet:-1","max-image-preview":"max-image-preview:large","max-video-preview":"max-video-preview:-1"},"canonical":"https:\/\/www.estrategiaconcursos.com.br\/blog\/recomposicao-dos-quadros-de-auditor-fiscal-trabalho-nos-proximos-3-anos\/","og_locale":"pt_BR","og_type":"article","og_title":"Recomposi\u00e7\u00e3o dos Quadros de Auditor-Fiscal do Trabalho nos pr\u00f3ximos 3 anos","og_description":"Pessoal, segue not\u00edcia recentemente disponibilizada pelo SINAT. Ela \u00e9 excelente para aqueles que est\u00e3o se preparando para este concurso ou est\u00e3o pensando em estudar para a carreira! &#8212; Planejamento diz que vai recompor quadro da Auditoria-Fiscal nos pr\u00f3ximos tr\u00eas anos O Minist\u00e9rio do Planejamento, Or\u00e7amento e Gest\u00e3o \u2013 MP emitiu, no dia 6 de outubro, [&hellip;]","og_url":"https:\/\/www.estrategiaconcursos.com.br\/blog\/recomposicao-dos-quadros-de-auditor-fiscal-trabalho-nos-proximos-3-anos\/","og_site_name":"Estrat\u00e9gia Concursos","article_author":"https:\/\/www.facebook.com\/ricardo.s.torques","article_published_time":"2014-10-29T22:59:10+00:00","article_modified_time":"2015-01-05T17:04:42+00:00","author":"Ricardo Torques","twitter_card":"summary_large_image","twitter_creator":"@EstratConcursos","twitter_site":"@EstratConcursos","twitter_misc":{"Escrito por":"Ricardo Torques","Est. tempo de leitura":"2 minutos"},"schema":{"@context":"https:\/\/schema.org","@graph":[{"@type":"NewsArticle","@id":"https:\/\/www.estrategiaconcursos.com.br\/blog\/recomposicao-dos-quadros-de-auditor-fiscal-trabalho-nos-proximos-3-anos\/#article","isPartOf":{"@id":"https:\/\/www.estrategiaconcursos.com.br\/blog\/recomposicao-dos-quadros-de-auditor-fiscal-trabalho-nos-proximos-3-anos\/"},"author":{"name":"Ricardo Torques","@id":"https:\/\/www.estrategiaconcursos.com.br\/blog\/#\/schema\/person\/aa39cf5ddb518e5bdce27c35788405e2"},"headline":"Recomposi\u00e7\u00e3o dos Quadros de Auditor-Fiscal do Trabalho nos pr\u00f3ximos 3 anos","datePublished":"2014-10-29T22:59:10+00:00","dateModified":"2015-01-05T17:04:42+00:00","mainEntityOfPage":{"@id":"https:\/\/www.estrategiaconcursos.com.br\/blog\/recomposicao-dos-quadros-de-auditor-fiscal-trabalho-nos-proximos-3-anos\/"},"wordCount":405,"commentCount":0,"publisher":{"@id":"https:\/\/www.estrategiaconcursos.com.br\/blog\/#organization"},"keywords":["AFT"],"articleSection":["Concursos P\u00fablicos"],"inLanguage":"pt-BR","potentialAction":[{"@type":"CommentAction","name":"Comment","target":["https:\/\/www.estrategiaconcursos.com.br\/blog\/recomposicao-dos-quadros-de-auditor-fiscal-trabalho-nos-proximos-3-anos\/#respond"]}],"copyrightYear":"2014","copyrightHolder":{"@id":"https:\/\/www.estrategiaconcursos.com.br\/blog\/#organization"}},{"@type":"WebPage","@id":"https:\/\/www.estrategiaconcursos.com.br\/blog\/recomposicao-dos-quadros-de-auditor-fiscal-trabalho-nos-proximos-3-anos\/","url":"https:\/\/www.estrategiaconcursos.com.br\/blog\/recomposicao-dos-quadros-de-auditor-fiscal-trabalho-nos-proximos-3-anos\/","name":"Recomposi\u00e7\u00e3o dos Quadros de Auditor-Fiscal do Trabalho nos pr\u00f3ximos 3 anos","isPartOf":{"@id":"https:\/\/www.estrategiaconcursos.com.br\/blog\/#website"},"datePublished":"2014-10-29T22:59:10+00:00","dateModified":"2015-01-05T17:04:42+00:00","breadcrumb":{"@id":"https:\/\/www.estrategiaconcursos.com.br\/blog\/recomposicao-dos-quadros-de-auditor-fiscal-trabalho-nos-proximos-3-anos\/#breadcrumb"},"inLanguage":"pt-BR","potentialAction":[{"@type":"ReadAction","target":["https:\/\/www.estrategiaconcursos.com.br\/blog\/recomposicao-dos-quadros-de-auditor-fiscal-trabalho-nos-proximos-3-anos\/"]}]},{"@type":"BreadcrumbList","@id":"https:\/\/www.estrategiaconcursos.com.br\/blog\/recomposicao-dos-quadros-de-auditor-fiscal-trabalho-nos-proximos-3-anos\/#breadcrumb","itemListElement":[{"@type":"ListItem","position":1,"name":"In\u00edcio","item":"https:\/\/www.estrategiaconcursos.com.br\/blog\/"},{"@type":"ListItem","position":2,"name":"Recomposi\u00e7\u00e3o dos Quadros de Auditor-Fiscal do Trabalho nos pr\u00f3ximos 3 anos"}]},{"@type":"WebSite","@id":"https:\/\/www.estrategiaconcursos.com.br\/blog\/#website","url":"https:\/\/www.estrategiaconcursos.com.br\/blog\/","name":"Estrat\u00e9gia Concursos","description":"O blog da Estrat\u00e9gia Concursos traz not\u00edcias sobre concursos e artigos de professores oferecendo cursos para concursos (pdf + videaulas) no site.","publisher":{"@id":"https:\/\/www.estrategiaconcursos.com.br\/blog\/#organization"},"potentialAction":[{"@type":"SearchAction","target":{"@type":"EntryPoint","urlTemplate":"https:\/\/www.estrategiaconcursos.com.br\/blog\/?s={search_term_string}"},"query-input":{"@type":"PropertyValueSpecification","valueRequired":true,"valueName":"search_term_string"}}],"inLanguage":"pt-BR"},{"@type":"Organization","@id":"https:\/\/www.estrategiaconcursos.com.br\/blog\/#organization","name":"Estrat\u00e9gia Concursos","url":"https:\/\/www.estrategiaconcursos.com.br\/blog\/","logo":{"@type":"ImageObject","inLanguage":"pt-BR","@id":"https:\/\/www.estrategiaconcursos.com.br\/blog\/#\/schema\/logo\/image\/","url":"https:\/\/dhg1h5j42swfq.cloudfront.net\/2025\/06\/03203428\/logo_concursos-1.jpg","contentUrl":"https:\/\/dhg1h5j42swfq.cloudfront.net\/2025\/06\/03203428\/logo_concursos-1.jpg","width":230,"height":60,"caption":"Estrat\u00e9gia Concursos"},"image":{"@id":"https:\/\/www.estrategiaconcursos.com.br\/blog\/#\/schema\/logo\/image\/"},"sameAs":["https:\/\/x.com\/EstratConcursos"]},{"@type":"Person","@id":"https:\/\/www.estrategiaconcursos.com.br\/blog\/#\/schema\/person\/aa39cf5ddb518e5bdce27c35788405e2","name":"Ricardo Torques","image":{"@type":"ImageObject","inLanguage":"pt-BR","@id":"https:\/\/secure.gravatar.com\/avatar\/ce9ac6c3cff25fe86d15ed568ebc64d1724baf5c0693133bcb1f6073f712f92a?s=96&d=mm&r=g","url":"https:\/\/secure.gravatar.com\/avatar\/ce9ac6c3cff25fe86d15ed568ebc64d1724baf5c0693133bcb1f6073f712f92a?s=96&d=mm&r=g","contentUrl":"https:\/\/secure.gravatar.com\/avatar\/ce9ac6c3cff25fe86d15ed568ebc64d1724baf5c0693133bcb1f6073f712f92a?s=96&d=mm&r=g","caption":"Ricardo Torques"},"sameAs":["https:\/\/www.facebook.com\/ricardo.s.torques"],"url":"https:\/\/www.estrategiaconcursos.com.br\/blog\/author\/ricardotorquesestrategiaconcursos-com-br\/"}]}},"_links":{"self":[{"href":"https:\/\/www.estrategiaconcursos.com.br\/blog\/wp-json\/wp\/v2\/posts\/19095","targetHints":{"allow":["GET"]}}],"collection":[{"href":"https:\/\/www.estrategiaconcursos.com.br\/blog\/wp-json\/wp\/v2\/posts"}],"about":[{"href":"https:\/\/www.estrategiaconcursos.com.br\/blog\/wp-json\/wp\/v2\/types\/post"}],"author":[{"embeddable":true,"href":"https:\/\/www.estrategiaconcursos.com.br\/blog\/wp-json\/wp\/v2\/users\/180"}],"replies":[{"embeddable":true,"href":"https:\/\/www.estrategiaconcursos.com.br\/blog\/wp-json\/wp\/v2\/comments?post=19095"}],"version-history":[{"count":2,"href":"https:\/\/www.estrategiaconcursos.com.br\/blog\/wp-json\/wp\/v2\/posts\/19095\/revisions"}],"predecessor-version":[{"id":19097,"href":"https:\/\/www.estrategiaconcursos.com.br\/blog\/wp-json\/wp\/v2\/posts\/19095\/revisions\/19097"}],"wp:attachment":[{"href":"https:\/\/www.estrategiaconcursos.com.br\/blog\/wp-json\/wp\/v2\/media?parent=19095"}],"wp:term":[{"taxonomy":"category","embeddable":true,"href":"https:\/\/www.estrategiaconcursos.com.br\/blog\/wp-json\/wp\/v2\/categories?post=19095"},{"taxonomy":"post_tag","embeddable":true,"href":"https:\/\/www.estrategiaconcursos.com.br\/blog\/wp-json\/wp\/v2\/tags?post=19095"},{"taxonomy":"tax_estado","embeddable":true,"href":"https:\/\/www.estrategiaconcursos.com.br\/blog\/wp-json\/wp\/v2\/tax_estado?post=19095"}],"curies":[{"name":"wp","href":"https:\/\/api.w.org\/{rel}","templated":true}]}}