{"id":19075,"date":"2014-10-28T13:03:12","date_gmt":"2014-10-28T16:03:12","guid":{"rendered":"https:\/\/www.estrategiaconcursos.com.br\/blog\/?post_type=noticia&#038;p=19075"},"modified":"2016-03-10T11:35:46","modified_gmt":"2016-03-10T14:35:46","slug":"justica-suspende-concurso-da-policia-federal-decisao-pede-adaptacao-de-exame-e-curso-de-formacao-para-deficientes","status":"publish","type":"post","link":"https:\/\/www.estrategiaconcursos.com.br\/blog\/justica-suspende-concurso-da-policia-federal-decisao-pede-adaptacao-de-exame-e-curso-de-formacao-para-deficientes\/","title":{"rendered":"Justi\u00e7a suspende concurso da Pol\u00edcia Federal. Decis\u00e3o pede adapta\u00e7\u00e3o de exame e curso de forma\u00e7\u00e3o para deficientes"},"content":{"rendered":"<blockquote>\n<p style=\"text-align: justify;\"><span style=\"color: #000000;\"><a href=\"https:\/\/dhg1h5j42swfq.cloudfront.net\/2014\/10\/pf.jpg\"><img loading=\"lazy\" decoding=\"async\" class=\"alignleft wp-image-19077 size-medium\" src=\"https:\/\/dhg1h5j42swfq.cloudfront.net\/2014\/10\/pf-300x300.jpg\" alt=\"concurso da Pol\u00edcia Federal\" width=\"300\" height=\"300\" srcset=\"https:\/\/dhg1h5j42swfq.cloudfront.net\/2014\/10\/pf.jpg 300w, https:\/\/dhg1h5j42swfq.cloudfront.net\/2014\/10\/pf.jpg 150w, https:\/\/dhg1h5j42swfq.cloudfront.net\/2014\/10\/pf.jpg 1024w\" sizes=\"auto, (max-width: 300px) 100vw, 300px\" \/><\/a>O concurso da Pol\u00edcia Federal para 600 vagas de agente foi suspenso. O comunicado est\u00e1 dispon\u00edvel no site do\u00a0Cespe\/UnB, organizadora da sele\u00e7\u00e3o.<\/span><\/p>\n<p style=\"text-align: justify;\"><span style=\"color: #000000;\">De acordo com o comunicado, o concurso foi suspenso em cumprimento \u00e0 decis\u00e3o proferida nos autos da A\u00e7\u00e3o Civil P\u00fablica n.\u00ba 2002.38.03.000070-8\/1\u00aa Vara Federal da Subse\u00e7\u00e3o Judici\u00e1ria de Uberl\u00e2ndia (MG). A decis\u00e3o determina que a Pol\u00edcia Federal deve adaptar o exame de aptid\u00e3o f\u00edsica e do curso de forma\u00e7\u00e3o profissional \u00e0s necessidades do candidato com defici\u00eancia; avaliar, no curso do est\u00e1gio probat\u00f3rio, da compatibilidade das defici\u00eancias apresentadas pelo candidato com as atribui\u00e7\u00f5es do cargo; e que as condi\u00e7\u00f5es cl\u00ednicas, sinais ou sintomas previstos como causa de incapacidade e inaptid\u00e3o para exerc\u00edcio da fun\u00e7\u00e3o, n\u00e3o sejam determinantes para exclus\u00e3o imediata do candidato com defici\u00eancia, devendo a incompatibilidade ser aferida durante o est\u00e1gio probat\u00f3rio.<\/span><\/p>\n<p style=\"text-align: justify;\"><span style=\"color: #000000;\">A decis\u00e3o atendeu pedido do Minist\u00e9rio P\u00fablico Federal (MPF), que informou que o edital reserva as vagas para as pessoas com defici\u00eancia, mas que &#8220;na pr\u00e1tica, frustra a concretiza\u00e7\u00e3o desse direito, uma vez que est\u00e1 explicito nas disposi\u00e7\u00f5es que n\u00e3o haver\u00e1 adapta\u00e7\u00e3o do exame de aptid\u00e3o f\u00edsica, do exame m\u00e9dico, da avalia\u00e7\u00e3o psicol\u00f3gica ou do Curso de Forma\u00e7\u00e3o Profissional \u00e0s condi\u00e7\u00f5es do candidato, com defici\u00eancia f\u00edsica ou n\u00e3o&#8221;.<\/span><\/p>\n<p style=\"text-align: justify;\"><span style=\"color: #000000;\">O Cespe\/UnB n\u00e3o informou quando o concurso deve ser retomado. &#8220;Novas informa\u00e7\u00f5es referentes ao concurso ser\u00e3o divulgadas no endere\u00e7o eletr\u00f4nico <span style=\"color: #0000ff;\"><a style=\"color: #0000ff;\" href=\"http:\/\/www.cespe.unb.br\/concursos\/dpf_14_agente\">http:\/\/www.cespe.unb.br\/concursos\/dpf_14_agente<\/a><\/span> em data oportuna&#8221;.<\/span><\/p>\n<p style=\"text-align: justify;\"><span style=\"color: #000000;\"><strong>Concurso<\/strong><\/span><br \/>\n<span style=\"color: #000000;\">O concurso ofereceu 600 vagas de agente de Pol\u00edcia Federal. O sal\u00e1rio \u00e9 de R$ 7.514,33. As inscri\u00e7\u00f5es foram encerradas no \u00faltimo domingo (26). Do total das oportunidades, 30 s\u00e3o reservadas para pessoas com defici\u00eancia e 120 para negros.<\/span><\/p>\n<p style=\"text-align: justify;\"><span style=\"color: #000000;\">As atribui\u00e7\u00f5es do cargo s\u00e3o: : executar investiga\u00e7\u00f5es e opera\u00e7\u00f5es policiais na preven\u00e7\u00e3o e na repress\u00e3o a il\u00edcitos penais, dirigir ve\u00edculos policiais, cumprir medidas de seguran\u00e7a org\u00e2nica, desempenhar outras atividades de natureza policial e administrativa, bem como executar outras tarefas que lhe forem atribu\u00eddas.<\/span><\/p>\n<p style=\"text-align: justify;\"><span style=\"color: #000000;\">Ser\u00e3o disponibilizadas vagas, preferencialmente, nos estados do Acre, Amap\u00e1, Amazonas, Mato Grosso, Mato Grosso do Sul, Par\u00e1, Rond\u00f4nia e Roraima e em unidades de fronteira. A jornada de trabalho ser\u00e1 de 40 horas semanais.<\/span><\/p>\n<p style=\"text-align: justify;\"><span style=\"color: #000000;\">Os candidatos devem ter diploma, devidamente registrado, de conclus\u00e3o de curso superior em n\u00edvel de gradua\u00e7\u00e3o, fornecido por institui\u00e7\u00e3o de ensino superior reconhecida pelo Minist\u00e9rio da Educa\u00e7\u00e3o. Tamb\u00e9m \u00e9 necess\u00e1rio ter carteira de habilita\u00e7\u00e3o, no m\u00ednimo, na categoria B.<\/span><\/p>\n<p style=\"text-align: justify;\"><span style=\"color: #000000;\">A primeira etapa do concurso da Pol\u00edcia Federal compreende em prova objetiva, prova discursiva, exame de aptid\u00e3o f\u00edsica, exame m\u00e9dia e avalia\u00e7\u00e3o psicol\u00f3gica. J\u00e1 a segunda etapa ser\u00e1 o curso de forma\u00e7\u00e3o profissional.<\/span><\/p>\n<p style=\"text-align: justify;\"><span style=\"color: #000000;\">As provas objetivas e discursivas estav\u00e3o previstas para o dia 21 de dezembro em todas as capitais e no Distrito Federal.<\/span><\/p>\n<p style=\"text-align: justify;\"><span style=\"color: #000000;\">O concurso ter\u00e1 validade de 30 dias, prorrog\u00e1veis uma \u00fanica vez por igual per\u00edodo, contados a partir da data de publica\u00e7\u00e3o da portaria de homologa\u00e7\u00e3o do resultado final do curso de forma\u00e7\u00e3o profissional.<\/span><\/p>\n<\/blockquote>\n<p style=\"text-align: justify;\"><span style=\"color: #000000;\">Fonte: Portal G1<\/span><\/p>\n<p style=\"text-align: justify;\"><span style=\"color: #000000;\">Assessoria de Comunica\u00e7\u00e3o<\/span><\/p>\n<p style=\"text-align: justify;\"><span style=\"color: #000000;\">comunicacao@estrategiaconcursos.com.br<\/span><\/p>\n","protected":false},"excerpt":{"rendered":"<p>O concurso da Pol\u00edcia Federal para 600 vagas de agente foi suspenso. O comunicado est\u00e1 dispon\u00edvel no site do\u00a0Cespe\/UnB, organizadora da sele\u00e7\u00e3o. De acordo com o comunicado, o concurso foi suspenso em cumprimento \u00e0 decis\u00e3o proferida nos autos da A\u00e7\u00e3o Civil P\u00fablica n.\u00ba 2002.38.03.000070-8\/1\u00aa Vara Federal da Subse\u00e7\u00e3o Judici\u00e1ria de Uberl\u00e2ndia (MG). A decis\u00e3o determina [&hellip;]<\/p>\n","protected":false},"author":1,"featured_media":0,"comment_status":"closed","ping_status":"closed","sticky":false,"template":"","format":"standard","meta":{"post_tipo":"news","footnotes":""},"categories":[1988],"tags":[],"tax_estado":[],"class_list":["post-19075","post","type-post","status-publish","format-standard","hentry","category-policia"],"acf":[],"yoast_head":"<!-- This site is optimized with the Yoast SEO Premium plugin v27.2 (Yoast SEO v27.2) - https:\/\/yoast.com\/product\/yoast-seo-premium-wordpress\/ -->\n<title>Justi\u00e7a suspende concurso da Pol\u00edcia Federal<\/title>\n<meta name=\"description\" content=\"O concurso da Pol\u00edcia Federal para 600 vagas de agente foi suspenso. O comunicado est\u00e1 dispon\u00edvel no site do Cespe\/UnB, organizadora da sele\u00e7\u00e3o. Saiba mais\" \/>\n<meta name=\"robots\" content=\"index, follow, max-snippet:-1, max-image-preview:large, max-video-preview:-1\" \/>\n<link rel=\"canonical\" href=\"https:\/\/www.estrategiaconcursos.com.br\/blog\/justica-suspende-concurso-da-policia-federal-decisao-pede-adaptacao-de-exame-e-curso-de-formacao-para-deficientes\/\" \/>\n<meta property=\"og:locale\" content=\"pt_BR\" \/>\n<meta property=\"og:type\" content=\"article\" \/>\n<meta property=\"og:title\" content=\"Justi\u00e7a suspende concurso da Pol\u00edcia Federal. Decis\u00e3o pede adapta\u00e7\u00e3o de exame e curso de forma\u00e7\u00e3o para deficientes\" \/>\n<meta property=\"og:description\" content=\"O concurso da Pol\u00edcia Federal para 600 vagas de agente foi suspenso. O comunicado est\u00e1 dispon\u00edvel no site do Cespe\/UnB, organizadora da sele\u00e7\u00e3o. Saiba mais\" \/>\n<meta property=\"og:url\" content=\"https:\/\/www.estrategiaconcursos.com.br\/blog\/justica-suspende-concurso-da-policia-federal-decisao-pede-adaptacao-de-exame-e-curso-de-formacao-para-deficientes\/\" \/>\n<meta property=\"og:site_name\" content=\"Estrat\u00e9gia Concursos\" \/>\n<meta property=\"article:author\" content=\"https:\/\/www.facebook.com\/EstrategiaConcursos\" \/>\n<meta property=\"article:published_time\" content=\"2014-10-28T16:03:12+00:00\" \/>\n<meta property=\"article:modified_time\" content=\"2016-03-10T14:35:46+00:00\" \/>\n<meta property=\"og:image\" content=\"https:\/\/dhg1h5j42swfq.cloudfront.net\/2014\/10\/pf-300x300.jpg\" \/>\n<meta name=\"author\" content=\"Coordena\u00e7\u00e3o\" \/>\n<meta name=\"twitter:card\" content=\"summary_large_image\" \/>\n<meta name=\"twitter:creator\" content=\"@EstratConcursos\" \/>\n<meta name=\"twitter:site\" content=\"@EstratConcursos\" \/>\n<meta name=\"twitter:label1\" content=\"Escrito por\" \/>\n\t<meta name=\"twitter:data1\" content=\"Coordena\u00e7\u00e3o\" \/>\n\t<meta name=\"twitter:label2\" content=\"Est. tempo de leitura\" \/>\n\t<meta name=\"twitter:data2\" content=\"3 minutos\" \/>\n<script type=\"application\/ld+json\" class=\"yoast-schema-graph\">{\"@context\":\"https:\/\/schema.org\",\"@graph\":[{\"@type\":\"NewsArticle\",\"@id\":\"https:\/\/www.estrategiaconcursos.com.br\/blog\/justica-suspende-concurso-da-policia-federal-decisao-pede-adaptacao-de-exame-e-curso-de-formacao-para-deficientes\/#article\",\"isPartOf\":{\"@id\":\"https:\/\/www.estrategiaconcursos.com.br\/blog\/justica-suspende-concurso-da-policia-federal-decisao-pede-adaptacao-de-exame-e-curso-de-formacao-para-deficientes\/\"},\"author\":{\"name\":\"Coordena\u00e7\u00e3o\",\"@id\":\"https:\/\/www.estrategiaconcursos.com.br\/blog\/#\/schema\/person\/b4a388c97673c5f483d72185668afa1f\"},\"headline\":\"Justi\u00e7a suspende concurso da Pol\u00edcia Federal. Decis\u00e3o pede adapta\u00e7\u00e3o de exame e curso de forma\u00e7\u00e3o para deficientes\",\"datePublished\":\"2014-10-28T16:03:12+00:00\",\"dateModified\":\"2016-03-10T14:35:46+00:00\",\"mainEntityOfPage\":{\"@id\":\"https:\/\/www.estrategiaconcursos.com.br\/blog\/justica-suspende-concurso-da-policia-federal-decisao-pede-adaptacao-de-exame-e-curso-de-formacao-para-deficientes\/\"},\"wordCount\":594,\"publisher\":{\"@id\":\"https:\/\/www.estrategiaconcursos.com.br\/blog\/#organization\"},\"image\":{\"@id\":\"https:\/\/www.estrategiaconcursos.com.br\/blog\/justica-suspende-concurso-da-policia-federal-decisao-pede-adaptacao-de-exame-e-curso-de-formacao-para-deficientes\/#primaryimage\"},\"thumbnailUrl\":\"https:\/\/dhg1h5j42swfq.cloudfront.net\/2014\/10\/pf-300x300.jpg\",\"articleSection\":[\"Policial (Agente, Escriv\u00e3o e Investigador)\"],\"inLanguage\":\"pt-BR\",\"copyrightYear\":\"2014\",\"copyrightHolder\":{\"@id\":\"https:\/\/www.estrategiaconcursos.com.br\/blog\/#organization\"}},{\"@type\":\"WebPage\",\"@id\":\"https:\/\/www.estrategiaconcursos.com.br\/blog\/justica-suspende-concurso-da-policia-federal-decisao-pede-adaptacao-de-exame-e-curso-de-formacao-para-deficientes\/\",\"url\":\"https:\/\/www.estrategiaconcursos.com.br\/blog\/justica-suspende-concurso-da-policia-federal-decisao-pede-adaptacao-de-exame-e-curso-de-formacao-para-deficientes\/\",\"name\":\"Justi\u00e7a suspende concurso da Pol\u00edcia Federal\",\"isPartOf\":{\"@id\":\"https:\/\/www.estrategiaconcursos.com.br\/blog\/#website\"},\"primaryImageOfPage\":{\"@id\":\"https:\/\/www.estrategiaconcursos.com.br\/blog\/justica-suspende-concurso-da-policia-federal-decisao-pede-adaptacao-de-exame-e-curso-de-formacao-para-deficientes\/#primaryimage\"},\"image\":{\"@id\":\"https:\/\/www.estrategiaconcursos.com.br\/blog\/justica-suspende-concurso-da-policia-federal-decisao-pede-adaptacao-de-exame-e-curso-de-formacao-para-deficientes\/#primaryimage\"},\"thumbnailUrl\":\"https:\/\/dhg1h5j42swfq.cloudfront.net\/2014\/10\/pf-300x300.jpg\",\"datePublished\":\"2014-10-28T16:03:12+00:00\",\"dateModified\":\"2016-03-10T14:35:46+00:00\",\"description\":\"O concurso da Pol\u00edcia Federal para 600 vagas de agente foi suspenso. O comunicado est\u00e1 dispon\u00edvel no site do Cespe\/UnB, organizadora da sele\u00e7\u00e3o. Saiba mais\",\"breadcrumb\":{\"@id\":\"https:\/\/www.estrategiaconcursos.com.br\/blog\/justica-suspende-concurso-da-policia-federal-decisao-pede-adaptacao-de-exame-e-curso-de-formacao-para-deficientes\/#breadcrumb\"},\"inLanguage\":\"pt-BR\",\"potentialAction\":[{\"@type\":\"ReadAction\",\"target\":[\"https:\/\/www.estrategiaconcursos.com.br\/blog\/justica-suspende-concurso-da-policia-federal-decisao-pede-adaptacao-de-exame-e-curso-de-formacao-para-deficientes\/\"]}]},{\"@type\":\"ImageObject\",\"inLanguage\":\"pt-BR\",\"@id\":\"https:\/\/www.estrategiaconcursos.com.br\/blog\/justica-suspende-concurso-da-policia-federal-decisao-pede-adaptacao-de-exame-e-curso-de-formacao-para-deficientes\/#primaryimage\",\"url\":\"https:\/\/dhg1h5j42swfq.cloudfront.net\/2014\/10\/pf-300x300.jpg\",\"contentUrl\":\"https:\/\/dhg1h5j42swfq.cloudfront.net\/2014\/10\/pf-300x300.jpg\"},{\"@type\":\"BreadcrumbList\",\"@id\":\"https:\/\/www.estrategiaconcursos.com.br\/blog\/justica-suspende-concurso-da-policia-federal-decisao-pede-adaptacao-de-exame-e-curso-de-formacao-para-deficientes\/#breadcrumb\",\"itemListElement\":[{\"@type\":\"ListItem\",\"position\":1,\"name\":\"In\u00edcio\",\"item\":\"https:\/\/www.estrategiaconcursos.com.br\/blog\/\"},{\"@type\":\"ListItem\",\"position\":2,\"name\":\"Justi\u00e7a suspende concurso da Pol\u00edcia Federal. Decis\u00e3o pede adapta\u00e7\u00e3o de exame e curso de forma\u00e7\u00e3o para deficientes\"}]},{\"@type\":\"WebSite\",\"@id\":\"https:\/\/www.estrategiaconcursos.com.br\/blog\/#website\",\"url\":\"https:\/\/www.estrategiaconcursos.com.br\/blog\/\",\"name\":\"Estrat\u00e9gia Concursos\",\"description\":\"O blog da Estrat\u00e9gia Concursos traz not\u00edcias sobre concursos e artigos de professores oferecendo cursos para concursos (pdf + videaulas) no site.\",\"publisher\":{\"@id\":\"https:\/\/www.estrategiaconcursos.com.br\/blog\/#organization\"},\"potentialAction\":[{\"@type\":\"SearchAction\",\"target\":{\"@type\":\"EntryPoint\",\"urlTemplate\":\"https:\/\/www.estrategiaconcursos.com.br\/blog\/?s={search_term_string}\"},\"query-input\":{\"@type\":\"PropertyValueSpecification\",\"valueRequired\":true,\"valueName\":\"search_term_string\"}}],\"inLanguage\":\"pt-BR\"},{\"@type\":\"Organization\",\"@id\":\"https:\/\/www.estrategiaconcursos.com.br\/blog\/#organization\",\"name\":\"Estrat\u00e9gia Concursos\",\"url\":\"https:\/\/www.estrategiaconcursos.com.br\/blog\/\",\"logo\":{\"@type\":\"ImageObject\",\"inLanguage\":\"pt-BR\",\"@id\":\"https:\/\/www.estrategiaconcursos.com.br\/blog\/#\/schema\/logo\/image\/\",\"url\":\"https:\/\/dhg1h5j42swfq.cloudfront.net\/2025\/06\/03203428\/logo_concursos-1.jpg\",\"contentUrl\":\"https:\/\/dhg1h5j42swfq.cloudfront.net\/2025\/06\/03203428\/logo_concursos-1.jpg\",\"width\":230,\"height\":60,\"caption\":\"Estrat\u00e9gia Concursos\"},\"image\":{\"@id\":\"https:\/\/www.estrategiaconcursos.com.br\/blog\/#\/schema\/logo\/image\/\"},\"sameAs\":[\"https:\/\/x.com\/EstratConcursos\"]},{\"@type\":\"Person\",\"@id\":\"https:\/\/www.estrategiaconcursos.com.br\/blog\/#\/schema\/person\/b4a388c97673c5f483d72185668afa1f\",\"name\":\"Coordena\u00e7\u00e3o\",\"image\":{\"@type\":\"ImageObject\",\"inLanguage\":\"pt-BR\",\"@id\":\"https:\/\/secure.gravatar.com\/avatar\/b720319e4c9a967eb58678d110f4fe35452fc5d5f97b202bac7b8acceb18c6ad?s=96&d=mm&r=g\",\"url\":\"https:\/\/secure.gravatar.com\/avatar\/b720319e4c9a967eb58678d110f4fe35452fc5d5f97b202bac7b8acceb18c6ad?s=96&d=mm&r=g\",\"contentUrl\":\"https:\/\/secure.gravatar.com\/avatar\/b720319e4c9a967eb58678d110f4fe35452fc5d5f97b202bac7b8acceb18c6ad?s=96&d=mm&r=g\",\"caption\":\"Coordena\u00e7\u00e3o\"},\"sameAs\":[\"https:\/\/www.facebook.com\/EstrategiaConcursos\",\"https:\/\/x.com\/EstratConcursos\"],\"url\":\"https:\/\/www.estrategiaconcursos.com.br\/blog\/author\/estrategia2013\/\"}]}<\/script>\n<!-- \/ Yoast SEO Premium plugin. -->","yoast_head_json":{"title":"Justi\u00e7a suspende concurso da Pol\u00edcia Federal","description":"O concurso da Pol\u00edcia Federal para 600 vagas de agente foi suspenso. O comunicado est\u00e1 dispon\u00edvel no site do Cespe\/UnB, organizadora da sele\u00e7\u00e3o. Saiba mais","robots":{"index":"index","follow":"follow","max-snippet":"max-snippet:-1","max-image-preview":"max-image-preview:large","max-video-preview":"max-video-preview:-1"},"canonical":"https:\/\/www.estrategiaconcursos.com.br\/blog\/justica-suspende-concurso-da-policia-federal-decisao-pede-adaptacao-de-exame-e-curso-de-formacao-para-deficientes\/","og_locale":"pt_BR","og_type":"article","og_title":"Justi\u00e7a suspende concurso da Pol\u00edcia Federal. Decis\u00e3o pede adapta\u00e7\u00e3o de exame e curso de forma\u00e7\u00e3o para deficientes","og_description":"O concurso da Pol\u00edcia Federal para 600 vagas de agente foi suspenso. O comunicado est\u00e1 dispon\u00edvel no site do Cespe\/UnB, organizadora da sele\u00e7\u00e3o. Saiba mais","og_url":"https:\/\/www.estrategiaconcursos.com.br\/blog\/justica-suspende-concurso-da-policia-federal-decisao-pede-adaptacao-de-exame-e-curso-de-formacao-para-deficientes\/","og_site_name":"Estrat\u00e9gia Concursos","article_author":"https:\/\/www.facebook.com\/EstrategiaConcursos","article_published_time":"2014-10-28T16:03:12+00:00","article_modified_time":"2016-03-10T14:35:46+00:00","og_image":[{"url":"https:\/\/dhg1h5j42swfq.cloudfront.net\/2014\/10\/pf-300x300.jpg","type":"","width":"","height":""}],"author":"Coordena\u00e7\u00e3o","twitter_card":"summary_large_image","twitter_creator":"@EstratConcursos","twitter_site":"@EstratConcursos","twitter_misc":{"Escrito por":"Coordena\u00e7\u00e3o","Est. tempo de leitura":"3 minutos"},"schema":{"@context":"https:\/\/schema.org","@graph":[{"@type":"NewsArticle","@id":"https:\/\/www.estrategiaconcursos.com.br\/blog\/justica-suspende-concurso-da-policia-federal-decisao-pede-adaptacao-de-exame-e-curso-de-formacao-para-deficientes\/#article","isPartOf":{"@id":"https:\/\/www.estrategiaconcursos.com.br\/blog\/justica-suspende-concurso-da-policia-federal-decisao-pede-adaptacao-de-exame-e-curso-de-formacao-para-deficientes\/"},"author":{"name":"Coordena\u00e7\u00e3o","@id":"https:\/\/www.estrategiaconcursos.com.br\/blog\/#\/schema\/person\/b4a388c97673c5f483d72185668afa1f"},"headline":"Justi\u00e7a suspende concurso da Pol\u00edcia Federal. Decis\u00e3o pede adapta\u00e7\u00e3o de exame e curso de forma\u00e7\u00e3o para deficientes","datePublished":"2014-10-28T16:03:12+00:00","dateModified":"2016-03-10T14:35:46+00:00","mainEntityOfPage":{"@id":"https:\/\/www.estrategiaconcursos.com.br\/blog\/justica-suspende-concurso-da-policia-federal-decisao-pede-adaptacao-de-exame-e-curso-de-formacao-para-deficientes\/"},"wordCount":594,"publisher":{"@id":"https:\/\/www.estrategiaconcursos.com.br\/blog\/#organization"},"image":{"@id":"https:\/\/www.estrategiaconcursos.com.br\/blog\/justica-suspende-concurso-da-policia-federal-decisao-pede-adaptacao-de-exame-e-curso-de-formacao-para-deficientes\/#primaryimage"},"thumbnailUrl":"https:\/\/dhg1h5j42swfq.cloudfront.net\/2014\/10\/pf-300x300.jpg","articleSection":["Policial (Agente, Escriv\u00e3o e Investigador)"],"inLanguage":"pt-BR","copyrightYear":"2014","copyrightHolder":{"@id":"https:\/\/www.estrategiaconcursos.com.br\/blog\/#organization"}},{"@type":"WebPage","@id":"https:\/\/www.estrategiaconcursos.com.br\/blog\/justica-suspende-concurso-da-policia-federal-decisao-pede-adaptacao-de-exame-e-curso-de-formacao-para-deficientes\/","url":"https:\/\/www.estrategiaconcursos.com.br\/blog\/justica-suspende-concurso-da-policia-federal-decisao-pede-adaptacao-de-exame-e-curso-de-formacao-para-deficientes\/","name":"Justi\u00e7a suspende concurso da Pol\u00edcia Federal","isPartOf":{"@id":"https:\/\/www.estrategiaconcursos.com.br\/blog\/#website"},"primaryImageOfPage":{"@id":"https:\/\/www.estrategiaconcursos.com.br\/blog\/justica-suspende-concurso-da-policia-federal-decisao-pede-adaptacao-de-exame-e-curso-de-formacao-para-deficientes\/#primaryimage"},"image":{"@id":"https:\/\/www.estrategiaconcursos.com.br\/blog\/justica-suspende-concurso-da-policia-federal-decisao-pede-adaptacao-de-exame-e-curso-de-formacao-para-deficientes\/#primaryimage"},"thumbnailUrl":"https:\/\/dhg1h5j42swfq.cloudfront.net\/2014\/10\/pf-300x300.jpg","datePublished":"2014-10-28T16:03:12+00:00","dateModified":"2016-03-10T14:35:46+00:00","description":"O concurso da Pol\u00edcia Federal para 600 vagas de agente foi suspenso. O comunicado est\u00e1 dispon\u00edvel no site do Cespe\/UnB, organizadora da sele\u00e7\u00e3o. Saiba mais","breadcrumb":{"@id":"https:\/\/www.estrategiaconcursos.com.br\/blog\/justica-suspende-concurso-da-policia-federal-decisao-pede-adaptacao-de-exame-e-curso-de-formacao-para-deficientes\/#breadcrumb"},"inLanguage":"pt-BR","potentialAction":[{"@type":"ReadAction","target":["https:\/\/www.estrategiaconcursos.com.br\/blog\/justica-suspende-concurso-da-policia-federal-decisao-pede-adaptacao-de-exame-e-curso-de-formacao-para-deficientes\/"]}]},{"@type":"ImageObject","inLanguage":"pt-BR","@id":"https:\/\/www.estrategiaconcursos.com.br\/blog\/justica-suspende-concurso-da-policia-federal-decisao-pede-adaptacao-de-exame-e-curso-de-formacao-para-deficientes\/#primaryimage","url":"https:\/\/dhg1h5j42swfq.cloudfront.net\/2014\/10\/pf-300x300.jpg","contentUrl":"https:\/\/dhg1h5j42swfq.cloudfront.net\/2014\/10\/pf-300x300.jpg"},{"@type":"BreadcrumbList","@id":"https:\/\/www.estrategiaconcursos.com.br\/blog\/justica-suspende-concurso-da-policia-federal-decisao-pede-adaptacao-de-exame-e-curso-de-formacao-para-deficientes\/#breadcrumb","itemListElement":[{"@type":"ListItem","position":1,"name":"In\u00edcio","item":"https:\/\/www.estrategiaconcursos.com.br\/blog\/"},{"@type":"ListItem","position":2,"name":"Justi\u00e7a suspende concurso da Pol\u00edcia Federal. Decis\u00e3o pede adapta\u00e7\u00e3o de exame e curso de forma\u00e7\u00e3o para deficientes"}]},{"@type":"WebSite","@id":"https:\/\/www.estrategiaconcursos.com.br\/blog\/#website","url":"https:\/\/www.estrategiaconcursos.com.br\/blog\/","name":"Estrat\u00e9gia Concursos","description":"O blog da Estrat\u00e9gia Concursos traz not\u00edcias sobre concursos e artigos de professores oferecendo cursos para concursos (pdf + videaulas) no site.","publisher":{"@id":"https:\/\/www.estrategiaconcursos.com.br\/blog\/#organization"},"potentialAction":[{"@type":"SearchAction","target":{"@type":"EntryPoint","urlTemplate":"https:\/\/www.estrategiaconcursos.com.br\/blog\/?s={search_term_string}"},"query-input":{"@type":"PropertyValueSpecification","valueRequired":true,"valueName":"search_term_string"}}],"inLanguage":"pt-BR"},{"@type":"Organization","@id":"https:\/\/www.estrategiaconcursos.com.br\/blog\/#organization","name":"Estrat\u00e9gia Concursos","url":"https:\/\/www.estrategiaconcursos.com.br\/blog\/","logo":{"@type":"ImageObject","inLanguage":"pt-BR","@id":"https:\/\/www.estrategiaconcursos.com.br\/blog\/#\/schema\/logo\/image\/","url":"https:\/\/dhg1h5j42swfq.cloudfront.net\/2025\/06\/03203428\/logo_concursos-1.jpg","contentUrl":"https:\/\/dhg1h5j42swfq.cloudfront.net\/2025\/06\/03203428\/logo_concursos-1.jpg","width":230,"height":60,"caption":"Estrat\u00e9gia Concursos"},"image":{"@id":"https:\/\/www.estrategiaconcursos.com.br\/blog\/#\/schema\/logo\/image\/"},"sameAs":["https:\/\/x.com\/EstratConcursos"]},{"@type":"Person","@id":"https:\/\/www.estrategiaconcursos.com.br\/blog\/#\/schema\/person\/b4a388c97673c5f483d72185668afa1f","name":"Coordena\u00e7\u00e3o","image":{"@type":"ImageObject","inLanguage":"pt-BR","@id":"https:\/\/secure.gravatar.com\/avatar\/b720319e4c9a967eb58678d110f4fe35452fc5d5f97b202bac7b8acceb18c6ad?s=96&d=mm&r=g","url":"https:\/\/secure.gravatar.com\/avatar\/b720319e4c9a967eb58678d110f4fe35452fc5d5f97b202bac7b8acceb18c6ad?s=96&d=mm&r=g","contentUrl":"https:\/\/secure.gravatar.com\/avatar\/b720319e4c9a967eb58678d110f4fe35452fc5d5f97b202bac7b8acceb18c6ad?s=96&d=mm&r=g","caption":"Coordena\u00e7\u00e3o"},"sameAs":["https:\/\/www.facebook.com\/EstrategiaConcursos","https:\/\/x.com\/EstratConcursos"],"url":"https:\/\/www.estrategiaconcursos.com.br\/blog\/author\/estrategia2013\/"}]}},"_links":{"self":[{"href":"https:\/\/www.estrategiaconcursos.com.br\/blog\/wp-json\/wp\/v2\/posts\/19075","targetHints":{"allow":["GET"]}}],"collection":[{"href":"https:\/\/www.estrategiaconcursos.com.br\/blog\/wp-json\/wp\/v2\/posts"}],"about":[{"href":"https:\/\/www.estrategiaconcursos.com.br\/blog\/wp-json\/wp\/v2\/types\/post"}],"author":[{"embeddable":true,"href":"https:\/\/www.estrategiaconcursos.com.br\/blog\/wp-json\/wp\/v2\/users\/1"}],"replies":[{"embeddable":true,"href":"https:\/\/www.estrategiaconcursos.com.br\/blog\/wp-json\/wp\/v2\/comments?post=19075"}],"version-history":[{"count":1,"href":"https:\/\/www.estrategiaconcursos.com.br\/blog\/wp-json\/wp\/v2\/posts\/19075\/revisions"}],"predecessor-version":[{"id":34939,"href":"https:\/\/www.estrategiaconcursos.com.br\/blog\/wp-json\/wp\/v2\/posts\/19075\/revisions\/34939"}],"wp:attachment":[{"href":"https:\/\/www.estrategiaconcursos.com.br\/blog\/wp-json\/wp\/v2\/media?parent=19075"}],"wp:term":[{"taxonomy":"category","embeddable":true,"href":"https:\/\/www.estrategiaconcursos.com.br\/blog\/wp-json\/wp\/v2\/categories?post=19075"},{"taxonomy":"post_tag","embeddable":true,"href":"https:\/\/www.estrategiaconcursos.com.br\/blog\/wp-json\/wp\/v2\/tags?post=19075"},{"taxonomy":"tax_estado","embeddable":true,"href":"https:\/\/www.estrategiaconcursos.com.br\/blog\/wp-json\/wp\/v2\/tax_estado?post=19075"}],"curies":[{"name":"wp","href":"https:\/\/api.w.org\/{rel}","templated":true}]}}