{"id":19027,"date":"2014-10-24T09:47:40","date_gmt":"2014-10-24T12:47:40","guid":{"rendered":"https:\/\/www.estrategiaconcursos.com.br\/blog\/?post_type=noticia&#038;p=19027"},"modified":"2016-03-10T11:35:46","modified_gmt":"2016-03-10T14:35:46","slug":"concurso-da-policia-federal-inscricoes-ate-domingo","status":"publish","type":"post","link":"https:\/\/www.estrategiaconcursos.com.br\/blog\/concurso-da-policia-federal-inscricoes-ate-domingo\/","title":{"rendered":"Concurso da Pol\u00edcia Federal: inscri\u00e7\u00f5es at\u00e9 domingo"},"content":{"rendered":"<p style=\"text-align: justify;\"><span style=\"color: #000000;\">Termina<img loading=\"lazy\" decoding=\"async\" class=\"alignleft wp-image-18395 size-thumbnail\" src=\"https:\/\/dhg1h5j42swfq.cloudfront.net\/2014\/09\/edital-policia-federal-150x150.jpg\" alt=\"concurso da Pol\u00edcia Federal\" width=\"150\" height=\"150\" srcset=\"https:\/\/dhg1h5j42swfq.cloudfront.net\/2014\/09\/edital-policia-federal.jpg 150w, https:\/\/dhg1h5j42swfq.cloudfront.net\/2014\/09\/edital-policia-federal.jpg 300w, https:\/\/dhg1h5j42swfq.cloudfront.net\/2014\/09\/edital-policia-federal.jpg 600w\" sizes=\"auto, (max-width: 150px) 100vw, 150px\" \/> no pr\u00f3ximo domingo, 26, o prazo para as inscri\u00e7\u00f5es no concurso da Pol\u00edcia Federal. Os interessados devem acessar o\u00a0site do\u00a0<strong><span style=\"color: #0000ff;\"><a style=\"color: #0000ff;\" href=\"http:\/\/www.cespe.unb.br\/concursos\/dpf_14_agente\" target=\"_blank\" rel=\"nofollow\">Cespe\/UnB<\/a><\/span>\u00a0<\/strong>at\u00e9 as 23h59. A taxa \u00e9 de\u00a0\u00a0R$ 150,00 e no ato da inscri\u00e7\u00e3o o candidato dever\u00e1 optar pelo estado\/localidade onde realizar\u00e1 a prova.<\/span><\/p>\n<p style=\"text-align: justify;\"><span style=\"color: #000000;\">O t\u00e3o esperado\u00a0<strong>edital do concurso da Pol\u00edcia Federal 2014, para o cargo de Agente,\u00a0<\/strong>saiu no \u00faltimo dia 26.<\/span><\/p>\n<p style=\"text-align: justify;\"><span style=\"color: #000000;\">Esse \u00e9 um dos concursos mais aguardados de 2014! S\u00e3o <strong>600 vagas para o cargo de Agente de Pol\u00edcia Federal, <\/strong>com remunera\u00e7\u00e3o inicial de R$ 7.514,00. Dessas 600 vagas, 120 s\u00e3o reservadas para candidatos negros e 30 para candidatos com defici\u00eancia f\u00edsica.<\/span><\/p>\n<p style=\"text-align: justify;\"><span style=\"color: #000000;\">A primeira etapa do concurso \u00e9 composta pelas seguintes provas: i) Prova Objetiva; ii) Prova Discursiva; iii) Exame de Aptid\u00e3o F\u00edsica; iv) Exame M\u00e9dico e Avalia\u00e7\u00e3o Psicol\u00f3gica. A segunda etapa ser\u00e1 o Curso de Forma\u00e7\u00e3o Profissional<\/span><\/p>\n<p style=\"text-align: justify;\"><span style=\"color: #000000;\">A <strong>prova objetiva e a prova discursiva<\/strong> ter\u00e3o a <strong>dura\u00e7\u00e3o de 5 horas<\/strong> e ser\u00e3o aplicadas na <strong>data prov\u00e1vel de 21 de dezembro de 2014<\/strong>, no turno da tarde. A prova objetiva, de car\u00e1ter eliminat\u00f3rio e classificat\u00f3rio, valer\u00e1 120,00 pontos e abranger\u00e1 os objetos de avalia\u00e7\u00e3o constantes do Anexo I do edital. \u00a0A <strong>prova discursiva<\/strong>, de car\u00e1ter eliminat\u00f3rio e classificat\u00f3rio, valer\u00e1 13,00 pontos e consistir\u00e1 na <strong>elabora\u00e7\u00e3o de texto dissertativo com no m\u00e1ximo 30 linhas<\/strong>, com base em tema formulado pela Banca Examinadora.<\/span><\/p>\n<div class=\"page\" style=\"text-align: justify;\" title=\"Page 1\">\n<div class=\"layoutArea\">\n<div class=\"column\">\n<p><span style=\"color: #000000;\">Por sua vez, o <strong>exame de aptid\u00e3o f\u00edsica<\/strong> ser\u00e1 realizado conforme o Anexo II do\u00a0edital, no per\u00edodo prov\u00e1vel de 20 a 24 de fevereiro de 2015. No exame de aptid\u00e3o f\u00edsica, o candidato dever\u00e1 realizar os seguintes testes: i) teste em barra f\u00edsica; ii) teste de impuls\u00e3o horizontal; iii) teste de nata\u00e7\u00e3o (50 metros) e; iv) teste de corrida de 12 minutos.<\/span><\/p>\n<p><span style=\"color: #000000;\">As <strong>mat\u00e9rias cobradas na prova objetiva<\/strong> s\u00e3o as seguintes:<\/span><\/p>\n<p><span style=\"color: #000000;\">&#8211; Portugu\u00eas<\/span><\/p>\n<p><span style=\"color: #000000;\">&#8211; No\u00e7\u00f5es de Inform\u00e1tica<\/span><\/p>\n<\/div>\n<\/div>\n<\/div>\n<p style=\"text-align: justify;\"><span style=\"color: #000000;\">&#8211; Atualidades<\/span><\/p>\n<p style=\"text-align: justify;\"><span style=\"color: #000000;\">&#8211; Racioc\u00ednio L\u00f3gico<\/span><\/p>\n<p style=\"text-align: justify;\"><span style=\"color: #000000;\">&#8211; No\u00e7\u00f5es de Administra\u00e7\u00e3o<\/span><\/p>\n<p style=\"text-align: justify;\"><span style=\"color: #000000;\">&#8211; No\u00e7\u00f5es de Contabilidade<\/span><\/p>\n<p style=\"text-align: justify;\"><span style=\"color: #000000;\">&#8211; No\u00e7\u00f5es de Economia<\/span><\/p>\n<p style=\"text-align: justify;\"><span style=\"color: #000000;\">&#8211; Direito Penal<\/span><\/p>\n<p style=\"text-align: justify;\"><span style=\"color: #000000;\">&#8211; Direito Processual Penal<\/span><\/p>\n<p style=\"text-align: justify;\"><span style=\"color: #000000;\">&#8211; Direito Administrativo<\/span><\/p>\n<p style=\"text-align: justify;\"><span style=\"color: #000000;\">&#8211; Direito Constitucional<\/span><\/p>\n<p style=\"text-align: justify;\"><span style=\"color: #000000;\">&#8211; Legisla\u00e7\u00e3o Especial<\/span><\/p>\n<p style=\"text-align: justify;\"><span style=\"color: #000000;\">O <strong>Estrat\u00e9gia Concursos j\u00e1 lan\u00e7ou todos os cursos <\/strong>(pdf + videoaulas complementares)<strong> para o concurso da Pol\u00edcia Federal 2014<\/strong>, inclusive um Pacote Completo que possui <strong>20% de desconto<\/strong> em rela\u00e7\u00e3o aos cursos isolados.<\/span><\/p>\n<p style=\"text-align: justify;\"><span style=\"color: #0000ff;\"><a style=\"color: #0000ff;\" href=\"https:\/\/www.estrategiaconcursos.com.br\/cursosPorConcurso\/policia-federal-agente-141\/\">https:\/\/www.estrategiaconcursos.com.br\/cursosPorConcurso\/policia-federal-agente-141\/<\/a><\/span><\/p>\n<p style=\"text-align: justify;\"><span style=\"color: #000000;\">No \u00faltimo concurso da Pol\u00edcia Federal, para o cargo de Agente (2012), <strong>98 aprovados foram alunos do Estrat\u00e9gia Concursos<\/strong>.<\/span><\/p>\n<p style=\"text-align: justify;\"><span style=\"color: #000000;\">Vejam o edital clicando em:<\/span><\/p>\n<p style=\"text-align: justify;\"><span style=\"color: #0000ff;\"><a style=\"color: #0000ff;\" href=\"https:\/\/dhg1h5j42swfq.cloudfront.net\/2014\/09\/edital-concurso-da-pol%C3%ADcia-federal.pdf\">Edital concurso da pol\u00edcia federal<\/a><\/span><\/p>\n<p style=\"text-align: justify;\"><span style=\"color: #000000;\">Assessoria de Comunica\u00e7\u00e3o<\/span><\/p>\n<p style=\"text-align: justify;\"><span style=\"color: #000000;\">comunicacao@estrategiaconcursos.com.br<\/span><\/p>\n","protected":false},"excerpt":{"rendered":"<p>Termina no pr\u00f3ximo domingo, 26, o prazo para as inscri\u00e7\u00f5es no concurso da Pol\u00edcia Federal. Os interessados devem acessar o\u00a0site do\u00a0Cespe\/UnB\u00a0at\u00e9 as 23h59. A taxa \u00e9 de\u00a0\u00a0R$ 150,00 e no ato da inscri\u00e7\u00e3o o candidato dever\u00e1 optar pelo estado\/localidade onde realizar\u00e1 a prova. O t\u00e3o esperado\u00a0edital do concurso da Pol\u00edcia Federal 2014, para o cargo [&hellip;]<\/p>\n","protected":false},"author":1,"featured_media":0,"comment_status":"closed","ping_status":"closed","sticky":false,"template":"","format":"standard","meta":{"post_tipo":"news","footnotes":""},"categories":[1988],"tags":[],"tax_estado":[],"class_list":["post-19027","post","type-post","status-publish","format-standard","hentry","category-policia"],"acf":[],"yoast_head":"<!-- This site is optimized with the Yoast SEO Premium plugin v27.2 (Yoast SEO v27.2) - https:\/\/yoast.com\/product\/yoast-seo-premium-wordpress\/ -->\n<title>Concurso da Pol\u00edcia Federal: inscri\u00e7\u00f5es at\u00e9 domingo<\/title>\n<meta name=\"description\" content=\"Termina no pr\u00f3ximo domingo, 26, o prazo para as inscri\u00e7\u00f5es no concurso da Pol\u00edcia Federal. Os interessados devem acessar o site do Cespe\/UnB at\u00e9 as 23h59.\" \/>\n<meta name=\"robots\" content=\"index, follow, max-snippet:-1, max-image-preview:large, max-video-preview:-1\" \/>\n<link rel=\"canonical\" href=\"https:\/\/www.estrategiaconcursos.com.br\/blog\/concurso-da-policia-federal-inscricoes-ate-domingo\/\" \/>\n<meta property=\"og:locale\" content=\"pt_BR\" \/>\n<meta property=\"og:type\" content=\"article\" \/>\n<meta property=\"og:title\" content=\"Concurso da Pol\u00edcia Federal: inscri\u00e7\u00f5es at\u00e9 domingo\" \/>\n<meta property=\"og:description\" content=\"Termina no pr\u00f3ximo domingo, 26, o prazo para as inscri\u00e7\u00f5es no concurso da Pol\u00edcia Federal. Os interessados devem acessar o site do Cespe\/UnB at\u00e9 as 23h59.\" \/>\n<meta property=\"og:url\" content=\"https:\/\/www.estrategiaconcursos.com.br\/blog\/concurso-da-policia-federal-inscricoes-ate-domingo\/\" \/>\n<meta property=\"og:site_name\" content=\"Estrat\u00e9gia Concursos\" \/>\n<meta property=\"article:author\" content=\"https:\/\/www.facebook.com\/EstrategiaConcursos\" \/>\n<meta property=\"article:published_time\" content=\"2014-10-24T12:47:40+00:00\" \/>\n<meta property=\"article:modified_time\" content=\"2016-03-10T14:35:46+00:00\" \/>\n<meta property=\"og:image\" content=\"https:\/\/dhg1h5j42swfq.cloudfront.net\/2014\/09\/edital-policia-federal-150x150.jpg\" \/>\n<meta name=\"author\" content=\"Coordena\u00e7\u00e3o\" \/>\n<meta name=\"twitter:card\" content=\"summary_large_image\" \/>\n<meta name=\"twitter:creator\" content=\"@EstratConcursos\" \/>\n<meta name=\"twitter:site\" content=\"@EstratConcursos\" \/>\n<meta name=\"twitter:label1\" content=\"Escrito por\" \/>\n\t<meta name=\"twitter:data1\" content=\"Coordena\u00e7\u00e3o\" \/>\n\t<meta name=\"twitter:label2\" content=\"Est. tempo de leitura\" \/>\n\t<meta name=\"twitter:data2\" content=\"2 minutos\" \/>\n<script type=\"application\/ld+json\" class=\"yoast-schema-graph\">{\"@context\":\"https:\/\/schema.org\",\"@graph\":[{\"@type\":\"NewsArticle\",\"@id\":\"https:\/\/www.estrategiaconcursos.com.br\/blog\/concurso-da-policia-federal-inscricoes-ate-domingo\/#article\",\"isPartOf\":{\"@id\":\"https:\/\/www.estrategiaconcursos.com.br\/blog\/concurso-da-policia-federal-inscricoes-ate-domingo\/\"},\"author\":{\"name\":\"Coordena\u00e7\u00e3o\",\"@id\":\"https:\/\/www.estrategiaconcursos.com.br\/blog\/#\/schema\/person\/b4a388c97673c5f483d72185668afa1f\"},\"headline\":\"Concurso da Pol\u00edcia Federal: inscri\u00e7\u00f5es at\u00e9 domingo\",\"datePublished\":\"2014-10-24T12:47:40+00:00\",\"dateModified\":\"2016-03-10T14:35:46+00:00\",\"mainEntityOfPage\":{\"@id\":\"https:\/\/www.estrategiaconcursos.com.br\/blog\/concurso-da-policia-federal-inscricoes-ate-domingo\/\"},\"wordCount\":457,\"publisher\":{\"@id\":\"https:\/\/www.estrategiaconcursos.com.br\/blog\/#organization\"},\"image\":{\"@id\":\"https:\/\/www.estrategiaconcursos.com.br\/blog\/concurso-da-policia-federal-inscricoes-ate-domingo\/#primaryimage\"},\"thumbnailUrl\":\"https:\/\/dhg1h5j42swfq.cloudfront.net\/2014\/09\/edital-policia-federal-150x150.jpg\",\"articleSection\":[\"Policial (Agente, Escriv\u00e3o e Investigador)\"],\"inLanguage\":\"pt-BR\",\"copyrightYear\":\"2014\",\"copyrightHolder\":{\"@id\":\"https:\/\/www.estrategiaconcursos.com.br\/blog\/#organization\"}},{\"@type\":\"WebPage\",\"@id\":\"https:\/\/www.estrategiaconcursos.com.br\/blog\/concurso-da-policia-federal-inscricoes-ate-domingo\/\",\"url\":\"https:\/\/www.estrategiaconcursos.com.br\/blog\/concurso-da-policia-federal-inscricoes-ate-domingo\/\",\"name\":\"Concurso da Pol\u00edcia Federal: inscri\u00e7\u00f5es at\u00e9 domingo\",\"isPartOf\":{\"@id\":\"https:\/\/www.estrategiaconcursos.com.br\/blog\/#website\"},\"primaryImageOfPage\":{\"@id\":\"https:\/\/www.estrategiaconcursos.com.br\/blog\/concurso-da-policia-federal-inscricoes-ate-domingo\/#primaryimage\"},\"image\":{\"@id\":\"https:\/\/www.estrategiaconcursos.com.br\/blog\/concurso-da-policia-federal-inscricoes-ate-domingo\/#primaryimage\"},\"thumbnailUrl\":\"https:\/\/dhg1h5j42swfq.cloudfront.net\/2014\/09\/edital-policia-federal-150x150.jpg\",\"datePublished\":\"2014-10-24T12:47:40+00:00\",\"dateModified\":\"2016-03-10T14:35:46+00:00\",\"description\":\"Termina no pr\u00f3ximo domingo, 26, o prazo para as inscri\u00e7\u00f5es no concurso da Pol\u00edcia Federal. Os interessados devem acessar o site do Cespe\/UnB at\u00e9 as 23h59.\",\"breadcrumb\":{\"@id\":\"https:\/\/www.estrategiaconcursos.com.br\/blog\/concurso-da-policia-federal-inscricoes-ate-domingo\/#breadcrumb\"},\"inLanguage\":\"pt-BR\",\"potentialAction\":[{\"@type\":\"ReadAction\",\"target\":[\"https:\/\/www.estrategiaconcursos.com.br\/blog\/concurso-da-policia-federal-inscricoes-ate-domingo\/\"]}]},{\"@type\":\"ImageObject\",\"inLanguage\":\"pt-BR\",\"@id\":\"https:\/\/www.estrategiaconcursos.com.br\/blog\/concurso-da-policia-federal-inscricoes-ate-domingo\/#primaryimage\",\"url\":\"https:\/\/dhg1h5j42swfq.cloudfront.net\/2014\/09\/edital-policia-federal-150x150.jpg\",\"contentUrl\":\"https:\/\/dhg1h5j42swfq.cloudfront.net\/2014\/09\/edital-policia-federal-150x150.jpg\"},{\"@type\":\"BreadcrumbList\",\"@id\":\"https:\/\/www.estrategiaconcursos.com.br\/blog\/concurso-da-policia-federal-inscricoes-ate-domingo\/#breadcrumb\",\"itemListElement\":[{\"@type\":\"ListItem\",\"position\":1,\"name\":\"In\u00edcio\",\"item\":\"https:\/\/www.estrategiaconcursos.com.br\/blog\/\"},{\"@type\":\"ListItem\",\"position\":2,\"name\":\"Concurso da Pol\u00edcia Federal: inscri\u00e7\u00f5es at\u00e9 domingo\"}]},{\"@type\":\"WebSite\",\"@id\":\"https:\/\/www.estrategiaconcursos.com.br\/blog\/#website\",\"url\":\"https:\/\/www.estrategiaconcursos.com.br\/blog\/\",\"name\":\"Estrat\u00e9gia Concursos\",\"description\":\"O blog da Estrat\u00e9gia Concursos traz not\u00edcias sobre concursos e artigos de professores oferecendo cursos para concursos (pdf + videaulas) no site.\",\"publisher\":{\"@id\":\"https:\/\/www.estrategiaconcursos.com.br\/blog\/#organization\"},\"potentialAction\":[{\"@type\":\"SearchAction\",\"target\":{\"@type\":\"EntryPoint\",\"urlTemplate\":\"https:\/\/www.estrategiaconcursos.com.br\/blog\/?s={search_term_string}\"},\"query-input\":{\"@type\":\"PropertyValueSpecification\",\"valueRequired\":true,\"valueName\":\"search_term_string\"}}],\"inLanguage\":\"pt-BR\"},{\"@type\":\"Organization\",\"@id\":\"https:\/\/www.estrategiaconcursos.com.br\/blog\/#organization\",\"name\":\"Estrat\u00e9gia Concursos\",\"url\":\"https:\/\/www.estrategiaconcursos.com.br\/blog\/\",\"logo\":{\"@type\":\"ImageObject\",\"inLanguage\":\"pt-BR\",\"@id\":\"https:\/\/www.estrategiaconcursos.com.br\/blog\/#\/schema\/logo\/image\/\",\"url\":\"https:\/\/dhg1h5j42swfq.cloudfront.net\/2025\/06\/03203428\/logo_concursos-1.jpg\",\"contentUrl\":\"https:\/\/dhg1h5j42swfq.cloudfront.net\/2025\/06\/03203428\/logo_concursos-1.jpg\",\"width\":230,\"height\":60,\"caption\":\"Estrat\u00e9gia Concursos\"},\"image\":{\"@id\":\"https:\/\/www.estrategiaconcursos.com.br\/blog\/#\/schema\/logo\/image\/\"},\"sameAs\":[\"https:\/\/x.com\/EstratConcursos\"]},{\"@type\":\"Person\",\"@id\":\"https:\/\/www.estrategiaconcursos.com.br\/blog\/#\/schema\/person\/b4a388c97673c5f483d72185668afa1f\",\"name\":\"Coordena\u00e7\u00e3o\",\"image\":{\"@type\":\"ImageObject\",\"inLanguage\":\"pt-BR\",\"@id\":\"https:\/\/secure.gravatar.com\/avatar\/b720319e4c9a967eb58678d110f4fe35452fc5d5f97b202bac7b8acceb18c6ad?s=96&d=mm&r=g\",\"url\":\"https:\/\/secure.gravatar.com\/avatar\/b720319e4c9a967eb58678d110f4fe35452fc5d5f97b202bac7b8acceb18c6ad?s=96&d=mm&r=g\",\"contentUrl\":\"https:\/\/secure.gravatar.com\/avatar\/b720319e4c9a967eb58678d110f4fe35452fc5d5f97b202bac7b8acceb18c6ad?s=96&d=mm&r=g\",\"caption\":\"Coordena\u00e7\u00e3o\"},\"sameAs\":[\"https:\/\/www.facebook.com\/EstrategiaConcursos\",\"https:\/\/x.com\/EstratConcursos\"],\"url\":\"https:\/\/www.estrategiaconcursos.com.br\/blog\/author\/estrategia2013\/\"}]}<\/script>\n<!-- \/ Yoast SEO Premium plugin. -->","yoast_head_json":{"title":"Concurso da Pol\u00edcia Federal: inscri\u00e7\u00f5es at\u00e9 domingo","description":"Termina no pr\u00f3ximo domingo, 26, o prazo para as inscri\u00e7\u00f5es no concurso da Pol\u00edcia Federal. Os interessados devem acessar o site do Cespe\/UnB at\u00e9 as 23h59.","robots":{"index":"index","follow":"follow","max-snippet":"max-snippet:-1","max-image-preview":"max-image-preview:large","max-video-preview":"max-video-preview:-1"},"canonical":"https:\/\/www.estrategiaconcursos.com.br\/blog\/concurso-da-policia-federal-inscricoes-ate-domingo\/","og_locale":"pt_BR","og_type":"article","og_title":"Concurso da Pol\u00edcia Federal: inscri\u00e7\u00f5es at\u00e9 domingo","og_description":"Termina no pr\u00f3ximo domingo, 26, o prazo para as inscri\u00e7\u00f5es no concurso da Pol\u00edcia Federal. Os interessados devem acessar o site do Cespe\/UnB at\u00e9 as 23h59.","og_url":"https:\/\/www.estrategiaconcursos.com.br\/blog\/concurso-da-policia-federal-inscricoes-ate-domingo\/","og_site_name":"Estrat\u00e9gia Concursos","article_author":"https:\/\/www.facebook.com\/EstrategiaConcursos","article_published_time":"2014-10-24T12:47:40+00:00","article_modified_time":"2016-03-10T14:35:46+00:00","og_image":[{"url":"https:\/\/dhg1h5j42swfq.cloudfront.net\/2014\/09\/edital-policia-federal-150x150.jpg","type":"","width":"","height":""}],"author":"Coordena\u00e7\u00e3o","twitter_card":"summary_large_image","twitter_creator":"@EstratConcursos","twitter_site":"@EstratConcursos","twitter_misc":{"Escrito por":"Coordena\u00e7\u00e3o","Est. tempo de leitura":"2 minutos"},"schema":{"@context":"https:\/\/schema.org","@graph":[{"@type":"NewsArticle","@id":"https:\/\/www.estrategiaconcursos.com.br\/blog\/concurso-da-policia-federal-inscricoes-ate-domingo\/#article","isPartOf":{"@id":"https:\/\/www.estrategiaconcursos.com.br\/blog\/concurso-da-policia-federal-inscricoes-ate-domingo\/"},"author":{"name":"Coordena\u00e7\u00e3o","@id":"https:\/\/www.estrategiaconcursos.com.br\/blog\/#\/schema\/person\/b4a388c97673c5f483d72185668afa1f"},"headline":"Concurso da Pol\u00edcia Federal: inscri\u00e7\u00f5es at\u00e9 domingo","datePublished":"2014-10-24T12:47:40+00:00","dateModified":"2016-03-10T14:35:46+00:00","mainEntityOfPage":{"@id":"https:\/\/www.estrategiaconcursos.com.br\/blog\/concurso-da-policia-federal-inscricoes-ate-domingo\/"},"wordCount":457,"publisher":{"@id":"https:\/\/www.estrategiaconcursos.com.br\/blog\/#organization"},"image":{"@id":"https:\/\/www.estrategiaconcursos.com.br\/blog\/concurso-da-policia-federal-inscricoes-ate-domingo\/#primaryimage"},"thumbnailUrl":"https:\/\/dhg1h5j42swfq.cloudfront.net\/2014\/09\/edital-policia-federal-150x150.jpg","articleSection":["Policial (Agente, Escriv\u00e3o e Investigador)"],"inLanguage":"pt-BR","copyrightYear":"2014","copyrightHolder":{"@id":"https:\/\/www.estrategiaconcursos.com.br\/blog\/#organization"}},{"@type":"WebPage","@id":"https:\/\/www.estrategiaconcursos.com.br\/blog\/concurso-da-policia-federal-inscricoes-ate-domingo\/","url":"https:\/\/www.estrategiaconcursos.com.br\/blog\/concurso-da-policia-federal-inscricoes-ate-domingo\/","name":"Concurso da Pol\u00edcia Federal: inscri\u00e7\u00f5es at\u00e9 domingo","isPartOf":{"@id":"https:\/\/www.estrategiaconcursos.com.br\/blog\/#website"},"primaryImageOfPage":{"@id":"https:\/\/www.estrategiaconcursos.com.br\/blog\/concurso-da-policia-federal-inscricoes-ate-domingo\/#primaryimage"},"image":{"@id":"https:\/\/www.estrategiaconcursos.com.br\/blog\/concurso-da-policia-federal-inscricoes-ate-domingo\/#primaryimage"},"thumbnailUrl":"https:\/\/dhg1h5j42swfq.cloudfront.net\/2014\/09\/edital-policia-federal-150x150.jpg","datePublished":"2014-10-24T12:47:40+00:00","dateModified":"2016-03-10T14:35:46+00:00","description":"Termina no pr\u00f3ximo domingo, 26, o prazo para as inscri\u00e7\u00f5es no concurso da Pol\u00edcia Federal. Os interessados devem acessar o site do Cespe\/UnB at\u00e9 as 23h59.","breadcrumb":{"@id":"https:\/\/www.estrategiaconcursos.com.br\/blog\/concurso-da-policia-federal-inscricoes-ate-domingo\/#breadcrumb"},"inLanguage":"pt-BR","potentialAction":[{"@type":"ReadAction","target":["https:\/\/www.estrategiaconcursos.com.br\/blog\/concurso-da-policia-federal-inscricoes-ate-domingo\/"]}]},{"@type":"ImageObject","inLanguage":"pt-BR","@id":"https:\/\/www.estrategiaconcursos.com.br\/blog\/concurso-da-policia-federal-inscricoes-ate-domingo\/#primaryimage","url":"https:\/\/dhg1h5j42swfq.cloudfront.net\/2014\/09\/edital-policia-federal-150x150.jpg","contentUrl":"https:\/\/dhg1h5j42swfq.cloudfront.net\/2014\/09\/edital-policia-federal-150x150.jpg"},{"@type":"BreadcrumbList","@id":"https:\/\/www.estrategiaconcursos.com.br\/blog\/concurso-da-policia-federal-inscricoes-ate-domingo\/#breadcrumb","itemListElement":[{"@type":"ListItem","position":1,"name":"In\u00edcio","item":"https:\/\/www.estrategiaconcursos.com.br\/blog\/"},{"@type":"ListItem","position":2,"name":"Concurso da Pol\u00edcia Federal: inscri\u00e7\u00f5es at\u00e9 domingo"}]},{"@type":"WebSite","@id":"https:\/\/www.estrategiaconcursos.com.br\/blog\/#website","url":"https:\/\/www.estrategiaconcursos.com.br\/blog\/","name":"Estrat\u00e9gia Concursos","description":"O blog da Estrat\u00e9gia Concursos traz not\u00edcias sobre concursos e artigos de professores oferecendo cursos para concursos (pdf + videaulas) no site.","publisher":{"@id":"https:\/\/www.estrategiaconcursos.com.br\/blog\/#organization"},"potentialAction":[{"@type":"SearchAction","target":{"@type":"EntryPoint","urlTemplate":"https:\/\/www.estrategiaconcursos.com.br\/blog\/?s={search_term_string}"},"query-input":{"@type":"PropertyValueSpecification","valueRequired":true,"valueName":"search_term_string"}}],"inLanguage":"pt-BR"},{"@type":"Organization","@id":"https:\/\/www.estrategiaconcursos.com.br\/blog\/#organization","name":"Estrat\u00e9gia Concursos","url":"https:\/\/www.estrategiaconcursos.com.br\/blog\/","logo":{"@type":"ImageObject","inLanguage":"pt-BR","@id":"https:\/\/www.estrategiaconcursos.com.br\/blog\/#\/schema\/logo\/image\/","url":"https:\/\/dhg1h5j42swfq.cloudfront.net\/2025\/06\/03203428\/logo_concursos-1.jpg","contentUrl":"https:\/\/dhg1h5j42swfq.cloudfront.net\/2025\/06\/03203428\/logo_concursos-1.jpg","width":230,"height":60,"caption":"Estrat\u00e9gia Concursos"},"image":{"@id":"https:\/\/www.estrategiaconcursos.com.br\/blog\/#\/schema\/logo\/image\/"},"sameAs":["https:\/\/x.com\/EstratConcursos"]},{"@type":"Person","@id":"https:\/\/www.estrategiaconcursos.com.br\/blog\/#\/schema\/person\/b4a388c97673c5f483d72185668afa1f","name":"Coordena\u00e7\u00e3o","image":{"@type":"ImageObject","inLanguage":"pt-BR","@id":"https:\/\/secure.gravatar.com\/avatar\/b720319e4c9a967eb58678d110f4fe35452fc5d5f97b202bac7b8acceb18c6ad?s=96&d=mm&r=g","url":"https:\/\/secure.gravatar.com\/avatar\/b720319e4c9a967eb58678d110f4fe35452fc5d5f97b202bac7b8acceb18c6ad?s=96&d=mm&r=g","contentUrl":"https:\/\/secure.gravatar.com\/avatar\/b720319e4c9a967eb58678d110f4fe35452fc5d5f97b202bac7b8acceb18c6ad?s=96&d=mm&r=g","caption":"Coordena\u00e7\u00e3o"},"sameAs":["https:\/\/www.facebook.com\/EstrategiaConcursos","https:\/\/x.com\/EstratConcursos"],"url":"https:\/\/www.estrategiaconcursos.com.br\/blog\/author\/estrategia2013\/"}]}},"_links":{"self":[{"href":"https:\/\/www.estrategiaconcursos.com.br\/blog\/wp-json\/wp\/v2\/posts\/19027","targetHints":{"allow":["GET"]}}],"collection":[{"href":"https:\/\/www.estrategiaconcursos.com.br\/blog\/wp-json\/wp\/v2\/posts"}],"about":[{"href":"https:\/\/www.estrategiaconcursos.com.br\/blog\/wp-json\/wp\/v2\/types\/post"}],"author":[{"embeddable":true,"href":"https:\/\/www.estrategiaconcursos.com.br\/blog\/wp-json\/wp\/v2\/users\/1"}],"replies":[{"embeddable":true,"href":"https:\/\/www.estrategiaconcursos.com.br\/blog\/wp-json\/wp\/v2\/comments?post=19027"}],"version-history":[{"count":1,"href":"https:\/\/www.estrategiaconcursos.com.br\/blog\/wp-json\/wp\/v2\/posts\/19027\/revisions"}],"predecessor-version":[{"id":34940,"href":"https:\/\/www.estrategiaconcursos.com.br\/blog\/wp-json\/wp\/v2\/posts\/19027\/revisions\/34940"}],"wp:attachment":[{"href":"https:\/\/www.estrategiaconcursos.com.br\/blog\/wp-json\/wp\/v2\/media?parent=19027"}],"wp:term":[{"taxonomy":"category","embeddable":true,"href":"https:\/\/www.estrategiaconcursos.com.br\/blog\/wp-json\/wp\/v2\/categories?post=19027"},{"taxonomy":"post_tag","embeddable":true,"href":"https:\/\/www.estrategiaconcursos.com.br\/blog\/wp-json\/wp\/v2\/tags?post=19027"},{"taxonomy":"tax_estado","embeddable":true,"href":"https:\/\/www.estrategiaconcursos.com.br\/blog\/wp-json\/wp\/v2\/tax_estado?post=19027"}],"curies":[{"name":"wp","href":"https:\/\/api.w.org\/{rel}","templated":true}]}}