{"id":18995,"date":"2014-10-22T09:10:05","date_gmt":"2014-10-22T12:10:05","guid":{"rendered":"https:\/\/www.estrategiaconcursos.com.br\/blog\/?post_type=noticia&#038;p=18995"},"modified":"2016-07-12T09:03:09","modified_gmt":"2016-07-12T12:03:09","slug":"edital-concurso-dataprev-passa-por-retificacoes-e-altera-numero-de-vagas-inscricoes-seguem-abertas-ate-o-dia-17-de-novembro","status":"publish","type":"post","link":"https:\/\/www.estrategiaconcursos.com.br\/blog\/edital-concurso-dataprev-passa-por-retificacoes-e-altera-numero-de-vagas-inscricoes-seguem-abertas-ate-o-dia-17-de-novembro\/","title":{"rendered":"Edital do concurso Dataprev passa por retifica\u00e7\u00f5es e altera n\u00famero de vagas. Inscri\u00e7\u00f5es seguem abertas at\u00e9 o dia 17 de novembro"},"content":{"rendered":"<blockquote>\n<p style=\"text-align: justify;\"><span style=\"color: #000000;\"><a href=\"https:\/\/dhg1h5j42swfq.cloudfront.net\/2014\/10\/concurso-dataprev-4.jpg\"><img loading=\"lazy\" decoding=\"async\" class=\"alignleft wp-image-18957 size-medium\" src=\"https:\/\/dhg1h5j42swfq.cloudfront.net\/2014\/10\/concurso-dataprev-4-300x225.jpg\" alt=\"concurso dataprev\" width=\"300\" height=\"225\" srcset=\"https:\/\/dhg1h5j42swfq.cloudfront.net\/2014\/10\/concurso-dataprev-4.jpg 300w, https:\/\/dhg1h5j42swfq.cloudfront.net\/2014\/10\/concurso-dataprev-4.jpg 320w\" sizes=\"auto, (max-width: 300px) 100vw, 300px\" \/><\/a>A Empresa de Tecnologia e Informa\u00e7\u00f5es da Previd\u00eancia Social (<a title=\"Concurso Dataprev\" href=\"https:\/\/www.estrategiaconcursos.com.br\/cursosPorConcurso\/dataprev-97\/\">Dataprev<\/a>) divulgou no Di\u00e1rio Oficial da Uni\u00e3o, uma retifica\u00e7\u00e3o do edital do concurso para cargos de n\u00edveis m\u00e9dio\/t\u00e9cnico e superior, publicado na \u00faltima segunda, 20. Foi alterada a tabela de vagas, com a inclus\u00e3o de tr\u00eas oportunidades no cargo de analista de tecnologia da informa\u00e7\u00e3o para pessoas com defici\u00eancia, sendo uma para Florian\u00f3polis, uma para Jo\u00e3o Pessoa e uma para o Rio de Janeiro. Agora, o total \u00e9 de 4.019 vagas em cadastro de reserva (com 10% da oferta para deficientes), que poder\u00e1 ser utilizado durante a validade do concurso, de dois anos, podendo dobrar. As vagas est\u00e3o distribu\u00eddas por todo o pa\u00eds.<\/span><br \/>\n<span style=\"color: #000000;\">.<\/span><br \/>\n<span style=\"color: #000000;\">Tamb\u00e9m foi alterada a reda\u00e7\u00e3o de alguns t\u00f3picos do edital que se referem aos portadores de defici\u00eancia, assim como o anexo do laudo m\u00e9dico &#8211; as retifica\u00e7\u00f5es podem ser conferidas no anexo ao final dessa mat\u00e9ria. No n\u00edvel m\u00e9dio\/t\u00e9cnico, h\u00e1 vagas para os cargos de auxiliar de enfermagem do trabalho e t\u00e9cnico de seguran\u00e7a do trabalho. A remunera\u00e7\u00e3o \u00e9 de R$3.129,73, incluindo o sal\u00e1rio base de R$2.123,40, o adicional de atividade de R$285,13 e o aux\u00edlio-alimenta\u00e7\u00e3o de R$721,20. J\u00e1 para os graduados, haver\u00e1 vagas para as fun\u00e7\u00f5es de analista de processamento, engenheiro de seguran\u00e7a do trabalho, m\u00e9dico do trabalho e analista de tecnologia da informa\u00e7\u00e3o. Os ganhos, para o primeiro cargo, s\u00e3o de R$5.837,38, sendo R$4.445,95 de vencimento-b\u00e1sico, R$ 670,23 de adicional de qualidade e R$ 721,20 de aux\u00edlio-alimenta\u00e7\u00e3o. J\u00e1 para as demais fun\u00e7\u00f5es, a remunera\u00e7\u00e3o \u00e9 de R$6.395,39 (R$5.003,96 de sal\u00e1rio base, R$670,23 de adicional de atividade e R$721,20 de aux\u00edlio-alimenta\u00e7\u00e3o). <\/span><br \/>\n.<br \/>\n<span style=\"color: #000000;\">A Dataprev tamb\u00e9m oferece benef\u00edcios como reembolso pr\u00e9-escola (para filhos matriculados em creche, maternal e educa\u00e7\u00e3o infantil), reembolso escolar (para os dependentes dos empregados matriculados no ensino fundamental e m\u00e9dio), apoio financeiro a tratamento especializado, aux\u00edlio-alimenta\u00e7\u00e3o\/refei\u00e7\u00e3o, plano de previd\u00eancia complementar (opcional) e plano de sa\u00fade e odontol\u00f3gico (opcional). As cargas de trabalho ser\u00e3o de 20h para os m\u00e9dicos, 30h para os analistas de processamento e auxiliares ou 40h para os analistas de tecnologia da informa\u00e7\u00e3o e t\u00e9cnicos.<\/span><br \/>\n.<br \/>\n<span style=\"color: #000000;\">As inscri\u00e7\u00f5es para o concurso Dataprev est\u00e3o abertas e v\u00e3o at\u00e9 as 23h59 de 17 de novembro, exclusivamente pela internet, no site do<a style=\"color: #000000;\" href=\"http:\/\/www.quadrix.org.br\/concursodataprev2014.aspx\" target=\"_blank\">Instituto Quadrix<\/a>, organizador. As taxas de inscri\u00e7\u00e3o s\u00e3o de R$50 (m\u00e9dio\/t\u00e9cnico) e de R$80 (superior), e o prazo para isen\u00e7\u00e3o das tarifas \u00e9 at\u00e9 o dia 10 do pr\u00f3ximo m\u00eas, tamb\u00e9m apenas na p\u00e1gina eletr\u00f4nica da banca. A sele\u00e7\u00e3o inclui provas objetivas e discursivas (reda\u00e7\u00e3o), para todos, e de t\u00edtulos apenas para n\u00edvel superior. As avalia\u00e7\u00f5es objetiva e discursiva ser\u00e3o realizadas nas 26 capitais estaduais e no Distrito Federal, com dura\u00e7\u00e3o de quatro horas, no dia 14 de dezembro \u00e0 tarde.<\/span><\/p>\n<\/blockquote>\n<p style=\"text-align: justify;\">.<\/p>\n<p style=\"text-align: justify;\"><span style=\"color: #000000;\">Fonte: Com informa\u00e7\u00f5es da Folha Dirigida<\/span><\/p>\n<p><strong><span style=\"color: #000000;\">O Estrat\u00e9gia Concursos j\u00e1 lan\u00e7ou\u00a0cursos para este concurso. Veja em:<\/span><\/strong><\/p>\n<p><span style=\"color: #0000ff;\"><a style=\"color: #0000ff;\" href=\"https:\/\/www.estrategiaconcursos.com.br\/cursosPorConcurso\/dataprev-97\/\">https:\/\/www.estrategiaconcursos.com.br\/cursosPorConcurso\/dataprev-97\/<\/a><\/span><\/p>\n<p><span style=\"color: #000000;\">Assessoria de Comunica\u00e7\u00e3o<\/span><\/p>\n<p><span style=\"color: #000000;\">comunicacao@estrategiaconcursos.com.br<\/span><\/p>\n","protected":false},"excerpt":{"rendered":"<p>A Empresa de Tecnologia e Informa\u00e7\u00f5es da Previd\u00eancia Social (Dataprev) divulgou no Di\u00e1rio Oficial da Uni\u00e3o, uma retifica\u00e7\u00e3o do edital do concurso para cargos de n\u00edveis m\u00e9dio\/t\u00e9cnico e superior, publicado na \u00faltima segunda, 20. Foi alterada a tabela de vagas, com a inclus\u00e3o de tr\u00eas oportunidades no cargo de analista de tecnologia da informa\u00e7\u00e3o para [&hellip;]<\/p>\n","protected":false},"author":1,"featured_media":0,"comment_status":"closed","ping_status":"closed","sticky":false,"template":"","format":"standard","meta":{"post_tipo":"news","footnotes":""},"categories":[1],"tags":[],"tax_estado":[],"class_list":["post-18995","post","type-post","status-publish","format-standard","hentry","category-cursos-e-concursos"],"acf":[],"yoast_head":"<!-- This site is optimized with the Yoast SEO Premium plugin v27.2 (Yoast SEO v27.2) - https:\/\/yoast.com\/product\/yoast-seo-premium-wordpress\/ -->\n<title>Edital do concurso Dataprev passa por retifica\u00e7\u00f5es e altera n\u00famero de vagas. Inscri\u00e7\u00f5es seguem abertas at\u00e9 o dia 17 de novembro<\/title>\n<meta name=\"description\" content=\"Foram divulgador, no Di\u00e1rio Oficial da Uni\u00e3o, retifica\u00e7\u00f5es do edital do concurso Dataprev. Confira!\" \/>\n<meta name=\"robots\" content=\"index, follow, max-snippet:-1, max-image-preview:large, max-video-preview:-1\" \/>\n<link rel=\"canonical\" href=\"https:\/\/www.estrategiaconcursos.com.br\/blog\/edital-concurso-dataprev-passa-por-retificacoes-e-altera-numero-de-vagas-inscricoes-seguem-abertas-ate-o-dia-17-de-novembro\/\" \/>\n<meta property=\"og:locale\" content=\"pt_BR\" \/>\n<meta property=\"og:type\" content=\"article\" \/>\n<meta property=\"og:title\" content=\"Edital do concurso Dataprev passa por retifica\u00e7\u00f5es e altera n\u00famero de vagas. Inscri\u00e7\u00f5es seguem abertas at\u00e9 o dia 17 de novembro\" \/>\n<meta property=\"og:description\" content=\"Foram divulgador, no Di\u00e1rio Oficial da Uni\u00e3o, retifica\u00e7\u00f5es do edital do concurso Dataprev. Confira!\" \/>\n<meta property=\"og:url\" content=\"https:\/\/www.estrategiaconcursos.com.br\/blog\/edital-concurso-dataprev-passa-por-retificacoes-e-altera-numero-de-vagas-inscricoes-seguem-abertas-ate-o-dia-17-de-novembro\/\" \/>\n<meta property=\"og:site_name\" content=\"Estrat\u00e9gia Concursos\" \/>\n<meta property=\"article:author\" content=\"https:\/\/www.facebook.com\/EstrategiaConcursos\" \/>\n<meta property=\"article:published_time\" content=\"2014-10-22T12:10:05+00:00\" \/>\n<meta property=\"article:modified_time\" content=\"2016-07-12T12:03:09+00:00\" \/>\n<meta property=\"og:image\" content=\"https:\/\/dhg1h5j42swfq.cloudfront.net\/2014\/10\/concurso-dataprev-4-300x225.jpg\" \/>\n<meta name=\"author\" content=\"Coordena\u00e7\u00e3o\" \/>\n<meta name=\"twitter:card\" content=\"summary_large_image\" \/>\n<meta name=\"twitter:creator\" content=\"@EstratConcursos\" \/>\n<meta name=\"twitter:site\" content=\"@EstratConcursos\" \/>\n<meta name=\"twitter:label1\" content=\"Escrito por\" \/>\n\t<meta name=\"twitter:data1\" content=\"Coordena\u00e7\u00e3o\" \/>\n\t<meta name=\"twitter:label2\" content=\"Est. tempo de leitura\" \/>\n\t<meta name=\"twitter:data2\" content=\"3 minutos\" \/>\n<script type=\"application\/ld+json\" class=\"yoast-schema-graph\">{\"@context\":\"https:\/\/schema.org\",\"@graph\":[{\"@type\":\"NewsArticle\",\"@id\":\"https:\/\/www.estrategiaconcursos.com.br\/blog\/edital-concurso-dataprev-passa-por-retificacoes-e-altera-numero-de-vagas-inscricoes-seguem-abertas-ate-o-dia-17-de-novembro\/#article\",\"isPartOf\":{\"@id\":\"https:\/\/www.estrategiaconcursos.com.br\/blog\/edital-concurso-dataprev-passa-por-retificacoes-e-altera-numero-de-vagas-inscricoes-seguem-abertas-ate-o-dia-17-de-novembro\/\"},\"author\":{\"name\":\"Coordena\u00e7\u00e3o\",\"@id\":\"https:\/\/www.estrategiaconcursos.com.br\/blog\/#\/schema\/person\/b4a388c97673c5f483d72185668afa1f\"},\"headline\":\"Edital do concurso Dataprev passa por retifica\u00e7\u00f5es e altera n\u00famero de vagas. Inscri\u00e7\u00f5es seguem abertas at\u00e9 o dia 17 de novembro\",\"datePublished\":\"2014-10-22T12:10:05+00:00\",\"dateModified\":\"2016-07-12T12:03:09+00:00\",\"mainEntityOfPage\":{\"@id\":\"https:\/\/www.estrategiaconcursos.com.br\/blog\/edital-concurso-dataprev-passa-por-retificacoes-e-altera-numero-de-vagas-inscricoes-seguem-abertas-ate-o-dia-17-de-novembro\/\"},\"wordCount\":573,\"publisher\":{\"@id\":\"https:\/\/www.estrategiaconcursos.com.br\/blog\/#organization\"},\"image\":{\"@id\":\"https:\/\/www.estrategiaconcursos.com.br\/blog\/edital-concurso-dataprev-passa-por-retificacoes-e-altera-numero-de-vagas-inscricoes-seguem-abertas-ate-o-dia-17-de-novembro\/#primaryimage\"},\"thumbnailUrl\":\"https:\/\/dhg1h5j42swfq.cloudfront.net\/2014\/10\/concurso-dataprev-4-300x225.jpg\",\"articleSection\":[\"Concursos P\u00fablicos\"],\"inLanguage\":\"pt-BR\",\"copyrightYear\":\"2014\",\"copyrightHolder\":{\"@id\":\"https:\/\/www.estrategiaconcursos.com.br\/blog\/#organization\"}},{\"@type\":\"WebPage\",\"@id\":\"https:\/\/www.estrategiaconcursos.com.br\/blog\/edital-concurso-dataprev-passa-por-retificacoes-e-altera-numero-de-vagas-inscricoes-seguem-abertas-ate-o-dia-17-de-novembro\/\",\"url\":\"https:\/\/www.estrategiaconcursos.com.br\/blog\/edital-concurso-dataprev-passa-por-retificacoes-e-altera-numero-de-vagas-inscricoes-seguem-abertas-ate-o-dia-17-de-novembro\/\",\"name\":\"Edital do concurso Dataprev passa por retifica\u00e7\u00f5es e altera n\u00famero de vagas. Inscri\u00e7\u00f5es seguem abertas at\u00e9 o dia 17 de novembro\",\"isPartOf\":{\"@id\":\"https:\/\/www.estrategiaconcursos.com.br\/blog\/#website\"},\"primaryImageOfPage\":{\"@id\":\"https:\/\/www.estrategiaconcursos.com.br\/blog\/edital-concurso-dataprev-passa-por-retificacoes-e-altera-numero-de-vagas-inscricoes-seguem-abertas-ate-o-dia-17-de-novembro\/#primaryimage\"},\"image\":{\"@id\":\"https:\/\/www.estrategiaconcursos.com.br\/blog\/edital-concurso-dataprev-passa-por-retificacoes-e-altera-numero-de-vagas-inscricoes-seguem-abertas-ate-o-dia-17-de-novembro\/#primaryimage\"},\"thumbnailUrl\":\"https:\/\/dhg1h5j42swfq.cloudfront.net\/2014\/10\/concurso-dataprev-4-300x225.jpg\",\"datePublished\":\"2014-10-22T12:10:05+00:00\",\"dateModified\":\"2016-07-12T12:03:09+00:00\",\"description\":\"Foram divulgador, no Di\u00e1rio Oficial da Uni\u00e3o, retifica\u00e7\u00f5es do edital do concurso Dataprev. Confira!\",\"breadcrumb\":{\"@id\":\"https:\/\/www.estrategiaconcursos.com.br\/blog\/edital-concurso-dataprev-passa-por-retificacoes-e-altera-numero-de-vagas-inscricoes-seguem-abertas-ate-o-dia-17-de-novembro\/#breadcrumb\"},\"inLanguage\":\"pt-BR\",\"potentialAction\":[{\"@type\":\"ReadAction\",\"target\":[\"https:\/\/www.estrategiaconcursos.com.br\/blog\/edital-concurso-dataprev-passa-por-retificacoes-e-altera-numero-de-vagas-inscricoes-seguem-abertas-ate-o-dia-17-de-novembro\/\"]}]},{\"@type\":\"ImageObject\",\"inLanguage\":\"pt-BR\",\"@id\":\"https:\/\/www.estrategiaconcursos.com.br\/blog\/edital-concurso-dataprev-passa-por-retificacoes-e-altera-numero-de-vagas-inscricoes-seguem-abertas-ate-o-dia-17-de-novembro\/#primaryimage\",\"url\":\"https:\/\/dhg1h5j42swfq.cloudfront.net\/2014\/10\/concurso-dataprev-4-300x225.jpg\",\"contentUrl\":\"https:\/\/dhg1h5j42swfq.cloudfront.net\/2014\/10\/concurso-dataprev-4-300x225.jpg\"},{\"@type\":\"BreadcrumbList\",\"@id\":\"https:\/\/www.estrategiaconcursos.com.br\/blog\/edital-concurso-dataprev-passa-por-retificacoes-e-altera-numero-de-vagas-inscricoes-seguem-abertas-ate-o-dia-17-de-novembro\/#breadcrumb\",\"itemListElement\":[{\"@type\":\"ListItem\",\"position\":1,\"name\":\"In\u00edcio\",\"item\":\"https:\/\/www.estrategiaconcursos.com.br\/blog\/\"},{\"@type\":\"ListItem\",\"position\":2,\"name\":\"Edital do concurso Dataprev passa por retifica\u00e7\u00f5es e altera n\u00famero de vagas. Inscri\u00e7\u00f5es seguem abertas at\u00e9 o dia 17 de novembro\"}]},{\"@type\":\"WebSite\",\"@id\":\"https:\/\/www.estrategiaconcursos.com.br\/blog\/#website\",\"url\":\"https:\/\/www.estrategiaconcursos.com.br\/blog\/\",\"name\":\"Estrat\u00e9gia Concursos\",\"description\":\"O blog da Estrat\u00e9gia Concursos traz not\u00edcias sobre concursos e artigos de professores oferecendo cursos para concursos (pdf + videaulas) no site.\",\"publisher\":{\"@id\":\"https:\/\/www.estrategiaconcursos.com.br\/blog\/#organization\"},\"potentialAction\":[{\"@type\":\"SearchAction\",\"target\":{\"@type\":\"EntryPoint\",\"urlTemplate\":\"https:\/\/www.estrategiaconcursos.com.br\/blog\/?s={search_term_string}\"},\"query-input\":{\"@type\":\"PropertyValueSpecification\",\"valueRequired\":true,\"valueName\":\"search_term_string\"}}],\"inLanguage\":\"pt-BR\"},{\"@type\":\"Organization\",\"@id\":\"https:\/\/www.estrategiaconcursos.com.br\/blog\/#organization\",\"name\":\"Estrat\u00e9gia Concursos\",\"url\":\"https:\/\/www.estrategiaconcursos.com.br\/blog\/\",\"logo\":{\"@type\":\"ImageObject\",\"inLanguage\":\"pt-BR\",\"@id\":\"https:\/\/www.estrategiaconcursos.com.br\/blog\/#\/schema\/logo\/image\/\",\"url\":\"https:\/\/dhg1h5j42swfq.cloudfront.net\/2025\/06\/03203428\/logo_concursos-1.jpg\",\"contentUrl\":\"https:\/\/dhg1h5j42swfq.cloudfront.net\/2025\/06\/03203428\/logo_concursos-1.jpg\",\"width\":230,\"height\":60,\"caption\":\"Estrat\u00e9gia Concursos\"},\"image\":{\"@id\":\"https:\/\/www.estrategiaconcursos.com.br\/blog\/#\/schema\/logo\/image\/\"},\"sameAs\":[\"https:\/\/x.com\/EstratConcursos\"]},{\"@type\":\"Person\",\"@id\":\"https:\/\/www.estrategiaconcursos.com.br\/blog\/#\/schema\/person\/b4a388c97673c5f483d72185668afa1f\",\"name\":\"Coordena\u00e7\u00e3o\",\"image\":{\"@type\":\"ImageObject\",\"inLanguage\":\"pt-BR\",\"@id\":\"https:\/\/secure.gravatar.com\/avatar\/b720319e4c9a967eb58678d110f4fe35452fc5d5f97b202bac7b8acceb18c6ad?s=96&d=mm&r=g\",\"url\":\"https:\/\/secure.gravatar.com\/avatar\/b720319e4c9a967eb58678d110f4fe35452fc5d5f97b202bac7b8acceb18c6ad?s=96&d=mm&r=g\",\"contentUrl\":\"https:\/\/secure.gravatar.com\/avatar\/b720319e4c9a967eb58678d110f4fe35452fc5d5f97b202bac7b8acceb18c6ad?s=96&d=mm&r=g\",\"caption\":\"Coordena\u00e7\u00e3o\"},\"sameAs\":[\"https:\/\/www.facebook.com\/EstrategiaConcursos\",\"https:\/\/x.com\/EstratConcursos\"],\"url\":\"https:\/\/www.estrategiaconcursos.com.br\/blog\/author\/estrategia2013\/\"}]}<\/script>\n<!-- \/ Yoast SEO Premium plugin. -->","yoast_head_json":{"title":"Edital do concurso Dataprev passa por retifica\u00e7\u00f5es e altera n\u00famero de vagas. Inscri\u00e7\u00f5es seguem abertas at\u00e9 o dia 17 de novembro","description":"Foram divulgador, no Di\u00e1rio Oficial da Uni\u00e3o, retifica\u00e7\u00f5es do edital do concurso Dataprev. Confira!","robots":{"index":"index","follow":"follow","max-snippet":"max-snippet:-1","max-image-preview":"max-image-preview:large","max-video-preview":"max-video-preview:-1"},"canonical":"https:\/\/www.estrategiaconcursos.com.br\/blog\/edital-concurso-dataprev-passa-por-retificacoes-e-altera-numero-de-vagas-inscricoes-seguem-abertas-ate-o-dia-17-de-novembro\/","og_locale":"pt_BR","og_type":"article","og_title":"Edital do concurso Dataprev passa por retifica\u00e7\u00f5es e altera n\u00famero de vagas. Inscri\u00e7\u00f5es seguem abertas at\u00e9 o dia 17 de novembro","og_description":"Foram divulgador, no Di\u00e1rio Oficial da Uni\u00e3o, retifica\u00e7\u00f5es do edital do concurso Dataprev. Confira!","og_url":"https:\/\/www.estrategiaconcursos.com.br\/blog\/edital-concurso-dataprev-passa-por-retificacoes-e-altera-numero-de-vagas-inscricoes-seguem-abertas-ate-o-dia-17-de-novembro\/","og_site_name":"Estrat\u00e9gia Concursos","article_author":"https:\/\/www.facebook.com\/EstrategiaConcursos","article_published_time":"2014-10-22T12:10:05+00:00","article_modified_time":"2016-07-12T12:03:09+00:00","og_image":[{"url":"https:\/\/dhg1h5j42swfq.cloudfront.net\/2014\/10\/concurso-dataprev-4-300x225.jpg","type":"","width":"","height":""}],"author":"Coordena\u00e7\u00e3o","twitter_card":"summary_large_image","twitter_creator":"@EstratConcursos","twitter_site":"@EstratConcursos","twitter_misc":{"Escrito por":"Coordena\u00e7\u00e3o","Est. tempo de leitura":"3 minutos"},"schema":{"@context":"https:\/\/schema.org","@graph":[{"@type":"NewsArticle","@id":"https:\/\/www.estrategiaconcursos.com.br\/blog\/edital-concurso-dataprev-passa-por-retificacoes-e-altera-numero-de-vagas-inscricoes-seguem-abertas-ate-o-dia-17-de-novembro\/#article","isPartOf":{"@id":"https:\/\/www.estrategiaconcursos.com.br\/blog\/edital-concurso-dataprev-passa-por-retificacoes-e-altera-numero-de-vagas-inscricoes-seguem-abertas-ate-o-dia-17-de-novembro\/"},"author":{"name":"Coordena\u00e7\u00e3o","@id":"https:\/\/www.estrategiaconcursos.com.br\/blog\/#\/schema\/person\/b4a388c97673c5f483d72185668afa1f"},"headline":"Edital do concurso Dataprev passa por retifica\u00e7\u00f5es e altera n\u00famero de vagas. Inscri\u00e7\u00f5es seguem abertas at\u00e9 o dia 17 de novembro","datePublished":"2014-10-22T12:10:05+00:00","dateModified":"2016-07-12T12:03:09+00:00","mainEntityOfPage":{"@id":"https:\/\/www.estrategiaconcursos.com.br\/blog\/edital-concurso-dataprev-passa-por-retificacoes-e-altera-numero-de-vagas-inscricoes-seguem-abertas-ate-o-dia-17-de-novembro\/"},"wordCount":573,"publisher":{"@id":"https:\/\/www.estrategiaconcursos.com.br\/blog\/#organization"},"image":{"@id":"https:\/\/www.estrategiaconcursos.com.br\/blog\/edital-concurso-dataprev-passa-por-retificacoes-e-altera-numero-de-vagas-inscricoes-seguem-abertas-ate-o-dia-17-de-novembro\/#primaryimage"},"thumbnailUrl":"https:\/\/dhg1h5j42swfq.cloudfront.net\/2014\/10\/concurso-dataprev-4-300x225.jpg","articleSection":["Concursos P\u00fablicos"],"inLanguage":"pt-BR","copyrightYear":"2014","copyrightHolder":{"@id":"https:\/\/www.estrategiaconcursos.com.br\/blog\/#organization"}},{"@type":"WebPage","@id":"https:\/\/www.estrategiaconcursos.com.br\/blog\/edital-concurso-dataprev-passa-por-retificacoes-e-altera-numero-de-vagas-inscricoes-seguem-abertas-ate-o-dia-17-de-novembro\/","url":"https:\/\/www.estrategiaconcursos.com.br\/blog\/edital-concurso-dataprev-passa-por-retificacoes-e-altera-numero-de-vagas-inscricoes-seguem-abertas-ate-o-dia-17-de-novembro\/","name":"Edital do concurso Dataprev passa por retifica\u00e7\u00f5es e altera n\u00famero de vagas. Inscri\u00e7\u00f5es seguem abertas at\u00e9 o dia 17 de novembro","isPartOf":{"@id":"https:\/\/www.estrategiaconcursos.com.br\/blog\/#website"},"primaryImageOfPage":{"@id":"https:\/\/www.estrategiaconcursos.com.br\/blog\/edital-concurso-dataprev-passa-por-retificacoes-e-altera-numero-de-vagas-inscricoes-seguem-abertas-ate-o-dia-17-de-novembro\/#primaryimage"},"image":{"@id":"https:\/\/www.estrategiaconcursos.com.br\/blog\/edital-concurso-dataprev-passa-por-retificacoes-e-altera-numero-de-vagas-inscricoes-seguem-abertas-ate-o-dia-17-de-novembro\/#primaryimage"},"thumbnailUrl":"https:\/\/dhg1h5j42swfq.cloudfront.net\/2014\/10\/concurso-dataprev-4-300x225.jpg","datePublished":"2014-10-22T12:10:05+00:00","dateModified":"2016-07-12T12:03:09+00:00","description":"Foram divulgador, no Di\u00e1rio Oficial da Uni\u00e3o, retifica\u00e7\u00f5es do edital do concurso Dataprev. Confira!","breadcrumb":{"@id":"https:\/\/www.estrategiaconcursos.com.br\/blog\/edital-concurso-dataprev-passa-por-retificacoes-e-altera-numero-de-vagas-inscricoes-seguem-abertas-ate-o-dia-17-de-novembro\/#breadcrumb"},"inLanguage":"pt-BR","potentialAction":[{"@type":"ReadAction","target":["https:\/\/www.estrategiaconcursos.com.br\/blog\/edital-concurso-dataprev-passa-por-retificacoes-e-altera-numero-de-vagas-inscricoes-seguem-abertas-ate-o-dia-17-de-novembro\/"]}]},{"@type":"ImageObject","inLanguage":"pt-BR","@id":"https:\/\/www.estrategiaconcursos.com.br\/blog\/edital-concurso-dataprev-passa-por-retificacoes-e-altera-numero-de-vagas-inscricoes-seguem-abertas-ate-o-dia-17-de-novembro\/#primaryimage","url":"https:\/\/dhg1h5j42swfq.cloudfront.net\/2014\/10\/concurso-dataprev-4-300x225.jpg","contentUrl":"https:\/\/dhg1h5j42swfq.cloudfront.net\/2014\/10\/concurso-dataprev-4-300x225.jpg"},{"@type":"BreadcrumbList","@id":"https:\/\/www.estrategiaconcursos.com.br\/blog\/edital-concurso-dataprev-passa-por-retificacoes-e-altera-numero-de-vagas-inscricoes-seguem-abertas-ate-o-dia-17-de-novembro\/#breadcrumb","itemListElement":[{"@type":"ListItem","position":1,"name":"In\u00edcio","item":"https:\/\/www.estrategiaconcursos.com.br\/blog\/"},{"@type":"ListItem","position":2,"name":"Edital do concurso Dataprev passa por retifica\u00e7\u00f5es e altera n\u00famero de vagas. Inscri\u00e7\u00f5es seguem abertas at\u00e9 o dia 17 de novembro"}]},{"@type":"WebSite","@id":"https:\/\/www.estrategiaconcursos.com.br\/blog\/#website","url":"https:\/\/www.estrategiaconcursos.com.br\/blog\/","name":"Estrat\u00e9gia Concursos","description":"O blog da Estrat\u00e9gia Concursos traz not\u00edcias sobre concursos e artigos de professores oferecendo cursos para concursos (pdf + videaulas) no site.","publisher":{"@id":"https:\/\/www.estrategiaconcursos.com.br\/blog\/#organization"},"potentialAction":[{"@type":"SearchAction","target":{"@type":"EntryPoint","urlTemplate":"https:\/\/www.estrategiaconcursos.com.br\/blog\/?s={search_term_string}"},"query-input":{"@type":"PropertyValueSpecification","valueRequired":true,"valueName":"search_term_string"}}],"inLanguage":"pt-BR"},{"@type":"Organization","@id":"https:\/\/www.estrategiaconcursos.com.br\/blog\/#organization","name":"Estrat\u00e9gia Concursos","url":"https:\/\/www.estrategiaconcursos.com.br\/blog\/","logo":{"@type":"ImageObject","inLanguage":"pt-BR","@id":"https:\/\/www.estrategiaconcursos.com.br\/blog\/#\/schema\/logo\/image\/","url":"https:\/\/dhg1h5j42swfq.cloudfront.net\/2025\/06\/03203428\/logo_concursos-1.jpg","contentUrl":"https:\/\/dhg1h5j42swfq.cloudfront.net\/2025\/06\/03203428\/logo_concursos-1.jpg","width":230,"height":60,"caption":"Estrat\u00e9gia Concursos"},"image":{"@id":"https:\/\/www.estrategiaconcursos.com.br\/blog\/#\/schema\/logo\/image\/"},"sameAs":["https:\/\/x.com\/EstratConcursos"]},{"@type":"Person","@id":"https:\/\/www.estrategiaconcursos.com.br\/blog\/#\/schema\/person\/b4a388c97673c5f483d72185668afa1f","name":"Coordena\u00e7\u00e3o","image":{"@type":"ImageObject","inLanguage":"pt-BR","@id":"https:\/\/secure.gravatar.com\/avatar\/b720319e4c9a967eb58678d110f4fe35452fc5d5f97b202bac7b8acceb18c6ad?s=96&d=mm&r=g","url":"https:\/\/secure.gravatar.com\/avatar\/b720319e4c9a967eb58678d110f4fe35452fc5d5f97b202bac7b8acceb18c6ad?s=96&d=mm&r=g","contentUrl":"https:\/\/secure.gravatar.com\/avatar\/b720319e4c9a967eb58678d110f4fe35452fc5d5f97b202bac7b8acceb18c6ad?s=96&d=mm&r=g","caption":"Coordena\u00e7\u00e3o"},"sameAs":["https:\/\/www.facebook.com\/EstrategiaConcursos","https:\/\/x.com\/EstratConcursos"],"url":"https:\/\/www.estrategiaconcursos.com.br\/blog\/author\/estrategia2013\/"}]}},"_links":{"self":[{"href":"https:\/\/www.estrategiaconcursos.com.br\/blog\/wp-json\/wp\/v2\/posts\/18995","targetHints":{"allow":["GET"]}}],"collection":[{"href":"https:\/\/www.estrategiaconcursos.com.br\/blog\/wp-json\/wp\/v2\/posts"}],"about":[{"href":"https:\/\/www.estrategiaconcursos.com.br\/blog\/wp-json\/wp\/v2\/types\/post"}],"author":[{"embeddable":true,"href":"https:\/\/www.estrategiaconcursos.com.br\/blog\/wp-json\/wp\/v2\/users\/1"}],"replies":[{"embeddable":true,"href":"https:\/\/www.estrategiaconcursos.com.br\/blog\/wp-json\/wp\/v2\/comments?post=18995"}],"version-history":[{"count":1,"href":"https:\/\/www.estrategiaconcursos.com.br\/blog\/wp-json\/wp\/v2\/posts\/18995\/revisions"}],"predecessor-version":[{"id":43370,"href":"https:\/\/www.estrategiaconcursos.com.br\/blog\/wp-json\/wp\/v2\/posts\/18995\/revisions\/43370"}],"wp:attachment":[{"href":"https:\/\/www.estrategiaconcursos.com.br\/blog\/wp-json\/wp\/v2\/media?parent=18995"}],"wp:term":[{"taxonomy":"category","embeddable":true,"href":"https:\/\/www.estrategiaconcursos.com.br\/blog\/wp-json\/wp\/v2\/categories?post=18995"},{"taxonomy":"post_tag","embeddable":true,"href":"https:\/\/www.estrategiaconcursos.com.br\/blog\/wp-json\/wp\/v2\/tags?post=18995"},{"taxonomy":"tax_estado","embeddable":true,"href":"https:\/\/www.estrategiaconcursos.com.br\/blog\/wp-json\/wp\/v2\/tax_estado?post=18995"}],"curies":[{"name":"wp","href":"https:\/\/api.w.org\/{rel}","templated":true}]}}