{"id":18823,"date":"2014-10-17T10:00:18","date_gmt":"2014-10-17T13:00:18","guid":{"rendered":"https:\/\/www.estrategiaconcursos.com.br\/blog\/?post_type=noticia&#038;p=18823"},"modified":"2020-06-23T14:53:06","modified_gmt":"2020-06-23T17:53:06","slug":"termina-neste-domingo-o-prazo-para-inscricoes-concurso-iss-salvador-sao-90-vagas-para-os-cargos-de-analista-fazendario-auditor-interno-e-auditor-fiscal-remuneracao-de-ate-r16-mil","status":"publish","type":"post","link":"https:\/\/www.estrategiaconcursos.com.br\/blog\/termina-neste-domingo-o-prazo-para-inscricoes-concurso-iss-salvador-sao-90-vagas-para-os-cargos-de-analista-fazendario-auditor-interno-e-auditor-fiscal-remuneracao-de-ate-r16-mil\/","title":{"rendered":"Termina neste domingo o prazo para inscri\u00e7\u00f5es no concurso ISS Salvador. S\u00e3o 90 vagas e remunera\u00e7\u00e3o de at\u00e9 R$16 mil"},"content":{"rendered":"<p style=\"text-align: justify;\"><span style=\"color: #000000;\">Termina no pr\u00f3ximo domingo, 19, o prazo para inscri\u00e7\u00f5es no concurso para Auditor Fiscal, Auditor Interno e Analista Fazend\u00e1rio de Salvador <span style=\"color: #333333;\">(<a style=\"color: #333333;\" title=\"Concurso ISS Salvador\" href=\"https:\/\/www.estrategiaconcursos.com.br\/cursosPorConcurso\/iss-salvador-288\/\">concurso ISS Salvador<\/a><\/span>). As inscri\u00e7\u00f5es poder\u00e3o ser realizadas at\u00e9 as 23h59 pelo site da <span style=\"color: #0000ff;\"><a style=\"color: #0000ff;\" href=\"http:\/\/ww3.funcab.org\/\">FUNCAB<\/a><\/span>.&nbsp;O valor da inscri\u00e7\u00e3o ser\u00e1 de R$ 48,00 para todos os cargos.<\/span><\/p>\n<p style=\"text-align: justify;\"><span style=\"color: #000000;\">O concurso prev\u00ea o preenchimento de 46 vagas para o cargos de Analista Fazend\u00e1rio, dividas nas \u00e1reas de Administra\u00e7\u00e3o Tribut\u00e1ria (44) e Imobili\u00e1ria (2); 37 para o cargo de Auditor Fiscal, divididas nas \u00e1reas de Administra\u00e7\u00e3o Tribut\u00e1ria (25) e Tecnologia da Informa\u00e7\u00e3o (12); e 07 vagas para o cargo de Auditor Interno. A remunera\u00e7\u00e3o pode chegar a R$16 mil. Confira nos quadros abaixo:<\/span><\/p>\n<p style=\"text-align: justify;\"><span style=\"color: #000000;\"><a style=\"color: #000000;\" href=\"https:\/\/dhg1h5j42swfq.cloudfront.net\/2014\/09\/Auditor-Fiscal.jpg\"><img loading=\"lazy\" decoding=\"async\" class=\"alignnone wp-image-18044 size-large\" src=\"https:\/\/dhg1h5j42swfq.cloudfront.net\/2014\/09\/Auditor-Fiscal.jpg\" alt=\"concurso ISS Salvador - Auditor Fiscal\" width=\"584\" height=\"913\" srcset=\"https:\/\/dhg1h5j42swfq.cloudfront.net\/2014\/09\/Auditor-Fiscal.jpg 1453w, https:\/\/dhg1h5j42swfq.cloudfront.net\/2014\/09\/Auditor-Fiscal.jpg 192w, https:\/\/dhg1h5j42swfq.cloudfront.net\/2014\/09\/Auditor-Fiscal.jpg 655w\" sizes=\"auto, (max-width: 584px) 100vw, 584px\" \/><\/a><\/span><\/p>\n<p style=\"text-align: justify;\"><span style=\"color: #000000;\"><a style=\"color: #000000;\" href=\"https:\/\/dhg1h5j42swfq.cloudfront.net\/2014\/09\/Analista-Fazend%C3%A1rio.jpg\"><img loading=\"lazy\" decoding=\"async\" class=\"alignnone wp-image-18042 size-large\" src=\"https:\/\/dhg1h5j42swfq.cloudfront.net\/2014\/09\/Analista-Fazend%C3%A1rio.jpg\" alt=\"concurso ISS Salvador - Analista Fazend\u00e1rio\" width=\"584\" height=\"701\" srcset=\"https:\/\/dhg1h5j42swfq.cloudfront.net\/2014\/09\/Analista-Fazend%C3%A1rio.jpg 1462w, https:\/\/dhg1h5j42swfq.cloudfront.net\/2014\/09\/Analista-Fazend%C3%A1rio.jpg 249w, https:\/\/dhg1h5j42swfq.cloudfront.net\/2014\/09\/Analista-Fazend%C3%A1rio.jpg 853w\" sizes=\"auto, (max-width: 584px) 100vw, 584px\" \/><\/a><\/span><\/p>\n<p style=\"text-align: justify;\"><span style=\"color: #000000;\"><a style=\"color: #000000;\" href=\"https:\/\/dhg1h5j42swfq.cloudfront.net\/2014\/09\/Auditor-Interno.jpg\"><img loading=\"lazy\" decoding=\"async\" class=\"alignnone wp-image-18045 size-large\" src=\"https:\/\/dhg1h5j42swfq.cloudfront.net\/2014\/09\/Auditor-Interno.jpg\" alt=\"concurso ISS Salvador - Auditor Interno\" width=\"584\" height=\"581\" srcset=\"https:\/\/dhg1h5j42swfq.cloudfront.net\/2014\/09\/Auditor-Interno.jpg 1453w, https:\/\/dhg1h5j42swfq.cloudfront.net\/2014\/09\/Auditor-Interno.jpg 150w, https:\/\/dhg1h5j42swfq.cloudfront.net\/2014\/09\/Auditor-Interno.jpg 300w, https:\/\/dhg1h5j42swfq.cloudfront.net\/2014\/09\/Auditor-Interno.jpg 1024w, https:\/\/dhg1h5j42swfq.cloudfront.net\/2014\/09\/Auditor-Interno.jpg 301w\" sizes=\"auto, (max-width: 584px) 100vw, 584px\" \/><\/a><\/span><\/p>\n<p style=\"text-align: justify;\"><span style=\"color: #000000;\">O concurso ISS Salvador ser\u00e1 composto por duas etapas: Prova objetiva, a ser realizada nos dias 16 e 23 de novembro e Prova discursiva, a ser realizada no dia 23 de novembro.&nbsp; As Provas Objetivas e a Prova Discursiva ser\u00e3o aplicadas na cidade do Salvador\/BA. A crit\u00e9rio da FUNCAB e da Prefeitura Municipal do Salvador\/BA, havendo necessidade, candidatos poder\u00e3o ser alocados para outras localidades adjacentes ao Munic\u00edpio.<\/span><\/p>\n<p style=\"text-align: justify;\"><span style=\"color: #000000;\"><a style=\"color: #000000;\" href=\"https:\/\/dhg1h5j42swfq.cloudfront.net\/2014\/09\/cronograma1.jpg\"><img loading=\"lazy\" decoding=\"async\" class=\"alignnone wp-image-18047 size-large\" src=\"https:\/\/dhg1h5j42swfq.cloudfront.net\/2014\/09\/cronograma1.jpg\" alt=\"concurso ISS Salvador - cronograma\" width=\"502\" height=\"1024\" srcset=\"https:\/\/dhg1h5j42swfq.cloudfront.net\/2014\/09\/cronograma1.jpg 1457w, https:\/\/dhg1h5j42swfq.cloudfront.net\/2014\/09\/cronograma1.jpg 147w, https:\/\/dhg1h5j42swfq.cloudfront.net\/2014\/09\/cronograma1.jpg 502w\" sizes=\"auto, (max-width: 502px) 100vw, 502px\" \/><\/a><\/span><\/p>\n<p style=\"text-align: justify;\"><span style=\"color: #000000;\">O prazo de validade do concurso \u00e9 de dois anos, a contar da data da publica\u00e7\u00e3o da homologa\u00e7\u00e3o de seu resultado final, podendo ser prorrogado, uma vez, por igual per\u00edodo.<\/span><\/p>\n<p style=\"text-align: justify;\"><span style=\"color: #000000;\">&gt;Confira o edital clicando&nbsp;<span style=\"color: #0000ff;\"><a style=\"color: #0000ff;\" href=\"https:\/\/dhg1h5j42swfq.cloudfront.net\/2014\/09\/edital.pdf\">AQUI<\/a><\/span>.<\/span><\/p>\n<p style=\"text-align: justify;\"><span style=\"color: #000000;\"><strong>O Estrat\u00e9gia Concursos lan\u00e7ar\u00e1, em breve, cursos para este concurso. Acompanhe em:<\/strong><\/span><\/p>\n<p style=\"text-align: justify;\"><span style=\"color: #0000ff;\"><a style=\"color: #0000ff;\" title=\"Cursos para Concurso ISS Salvador\" href=\"https:\/\/www.estrategiaconcursos.com.br\/cursosPorConcurso\/iss-salvador-288\/\">https:\/\/www.estrategiaconcursos.com.br\/cursosPorConcurso\/iss-salvador-288\/<\/a><\/span><\/p>\n<p style=\"text-align: justify;\"><span style=\"color: #000000;\">Assessoria de Comunica\u00e7\u00e3o<\/span><\/p>\n<p style=\"text-align: justify;\"><span style=\"color: #000000;\">comunicacao@estrategiaconcursos.com.br<\/span><\/p>\n","protected":false},"excerpt":{"rendered":"<p>Termina no pr\u00f3ximo domingo, 19, o prazo para inscri\u00e7\u00f5es no concurso para Auditor Fiscal, Auditor Interno e Analista Fazend\u00e1rio de Salvador (concurso ISS Salvador). As inscri\u00e7\u00f5es poder\u00e3o ser realizadas at\u00e9 as 23h59 pelo site da FUNCAB.&nbsp;O valor da inscri\u00e7\u00e3o ser\u00e1 de R$ 48,00 para todos os cargos. O concurso prev\u00ea o preenchimento de 46 vagas [&hellip;]<\/p>\n","protected":false},"author":1,"featured_media":0,"comment_status":"closed","ping_status":"closed","sticky":false,"template":"","format":"standard","meta":{"post_tipo":"news","footnotes":""},"categories":[1],"tags":[],"tax_estado":[],"class_list":["post-18823","post","type-post","status-publish","format-standard","hentry","category-cursos-e-concursos"],"acf":[],"yoast_head":"<!-- This site is optimized with the Yoast SEO Premium plugin v27.2 (Yoast SEO v27.2) - https:\/\/yoast.com\/product\/yoast-seo-premium-wordpress\/ -->\n<title>Concurso ISS Salvador - Fim das inscri\u00e7\u00f5es<\/title>\n<meta name=\"description\" content=\"Termina no pr\u00f3ximo domingo, 19, o prazo para inscri\u00e7\u00f5es no concurso ISS Salvador. Leia mais.\" \/>\n<meta name=\"robots\" content=\"index, follow, max-snippet:-1, max-image-preview:large, max-video-preview:-1\" \/>\n<link rel=\"canonical\" href=\"https:\/\/www.estrategiaconcursos.com.br\/blog\/termina-neste-domingo-o-prazo-para-inscricoes-concurso-iss-salvador-sao-90-vagas-para-os-cargos-de-analista-fazendario-auditor-interno-e-auditor-fiscal-remuneracao-de-ate-r16-mil\/\" \/>\n<meta property=\"og:locale\" content=\"pt_BR\" \/>\n<meta property=\"og:type\" content=\"article\" \/>\n<meta property=\"og:title\" content=\"Termina neste domingo o prazo para inscri\u00e7\u00f5es no concurso ISS Salvador. S\u00e3o 90 vagas e remunera\u00e7\u00e3o de at\u00e9 R$16 mil\" \/>\n<meta property=\"og:description\" content=\"Termina no pr\u00f3ximo domingo, 19, o prazo para inscri\u00e7\u00f5es no concurso ISS Salvador. Leia mais.\" \/>\n<meta property=\"og:url\" content=\"https:\/\/www.estrategiaconcursos.com.br\/blog\/termina-neste-domingo-o-prazo-para-inscricoes-concurso-iss-salvador-sao-90-vagas-para-os-cargos-de-analista-fazendario-auditor-interno-e-auditor-fiscal-remuneracao-de-ate-r16-mil\/\" \/>\n<meta property=\"og:site_name\" content=\"Estrat\u00e9gia Concursos\" \/>\n<meta property=\"article:author\" content=\"https:\/\/www.facebook.com\/EstrategiaConcursos\" \/>\n<meta property=\"article:published_time\" content=\"2014-10-17T13:00:18+00:00\" \/>\n<meta property=\"article:modified_time\" content=\"2020-06-23T17:53:06+00:00\" \/>\n<meta property=\"og:image\" content=\"https:\/\/www.estrategiaconcursos.com.br\/blog\/wp-content\/uploads\/2014\/09\/Auditor-Fiscal-655x1024.jpg\" \/>\n<meta name=\"author\" content=\"Coordena\u00e7\u00e3o\" \/>\n<meta name=\"twitter:card\" content=\"summary_large_image\" \/>\n<meta name=\"twitter:creator\" content=\"@EstratConcursos\" \/>\n<meta name=\"twitter:site\" content=\"@EstratConcursos\" \/>\n<meta name=\"twitter:label1\" content=\"Escrito por\" \/>\n\t<meta name=\"twitter:data1\" content=\"Coordena\u00e7\u00e3o\" \/>\n\t<meta name=\"twitter:label2\" content=\"Est. tempo de leitura\" \/>\n\t<meta name=\"twitter:data2\" content=\"1 minuto\" \/>\n<script type=\"application\/ld+json\" class=\"yoast-schema-graph\">{\"@context\":\"https:\/\/schema.org\",\"@graph\":[{\"@type\":\"NewsArticle\",\"@id\":\"https:\/\/www.estrategiaconcursos.com.br\/blog\/termina-neste-domingo-o-prazo-para-inscricoes-concurso-iss-salvador-sao-90-vagas-para-os-cargos-de-analista-fazendario-auditor-interno-e-auditor-fiscal-remuneracao-de-ate-r16-mil\/#article\",\"isPartOf\":{\"@id\":\"https:\/\/www.estrategiaconcursos.com.br\/blog\/termina-neste-domingo-o-prazo-para-inscricoes-concurso-iss-salvador-sao-90-vagas-para-os-cargos-de-analista-fazendario-auditor-interno-e-auditor-fiscal-remuneracao-de-ate-r16-mil\/\"},\"author\":{\"name\":\"Coordena\u00e7\u00e3o\",\"@id\":\"https:\/\/www.estrategiaconcursos.com.br\/blog\/#\/schema\/person\/b4a388c97673c5f483d72185668afa1f\"},\"headline\":\"Termina neste domingo o prazo para inscri\u00e7\u00f5es no concurso ISS Salvador. S\u00e3o 90 vagas e remunera\u00e7\u00e3o de at\u00e9 R$16 mil\",\"datePublished\":\"2014-10-17T13:00:18+00:00\",\"dateModified\":\"2020-06-23T17:53:06+00:00\",\"mainEntityOfPage\":{\"@id\":\"https:\/\/www.estrategiaconcursos.com.br\/blog\/termina-neste-domingo-o-prazo-para-inscricoes-concurso-iss-salvador-sao-90-vagas-para-os-cargos-de-analista-fazendario-auditor-interno-e-auditor-fiscal-remuneracao-de-ate-r16-mil\/\"},\"wordCount\":278,\"publisher\":{\"@id\":\"https:\/\/www.estrategiaconcursos.com.br\/blog\/#organization\"},\"image\":{\"@id\":\"https:\/\/www.estrategiaconcursos.com.br\/blog\/termina-neste-domingo-o-prazo-para-inscricoes-concurso-iss-salvador-sao-90-vagas-para-os-cargos-de-analista-fazendario-auditor-interno-e-auditor-fiscal-remuneracao-de-ate-r16-mil\/#primaryimage\"},\"thumbnailUrl\":\"https:\/\/www.estrategiaconcursos.com.br\/blog\/wp-content\/uploads\/2014\/09\/Auditor-Fiscal-655x1024.jpg\",\"articleSection\":[\"Concursos P\u00fablicos\"],\"inLanguage\":\"pt-BR\",\"copyrightYear\":\"2014\",\"copyrightHolder\":{\"@id\":\"https:\/\/www.estrategiaconcursos.com.br\/blog\/#organization\"}},{\"@type\":\"WebPage\",\"@id\":\"https:\/\/www.estrategiaconcursos.com.br\/blog\/termina-neste-domingo-o-prazo-para-inscricoes-concurso-iss-salvador-sao-90-vagas-para-os-cargos-de-analista-fazendario-auditor-interno-e-auditor-fiscal-remuneracao-de-ate-r16-mil\/\",\"url\":\"https:\/\/www.estrategiaconcursos.com.br\/blog\/termina-neste-domingo-o-prazo-para-inscricoes-concurso-iss-salvador-sao-90-vagas-para-os-cargos-de-analista-fazendario-auditor-interno-e-auditor-fiscal-remuneracao-de-ate-r16-mil\/\",\"name\":\"Concurso ISS Salvador - Fim das inscri\u00e7\u00f5es\",\"isPartOf\":{\"@id\":\"https:\/\/www.estrategiaconcursos.com.br\/blog\/#website\"},\"primaryImageOfPage\":{\"@id\":\"https:\/\/www.estrategiaconcursos.com.br\/blog\/termina-neste-domingo-o-prazo-para-inscricoes-concurso-iss-salvador-sao-90-vagas-para-os-cargos-de-analista-fazendario-auditor-interno-e-auditor-fiscal-remuneracao-de-ate-r16-mil\/#primaryimage\"},\"image\":{\"@id\":\"https:\/\/www.estrategiaconcursos.com.br\/blog\/termina-neste-domingo-o-prazo-para-inscricoes-concurso-iss-salvador-sao-90-vagas-para-os-cargos-de-analista-fazendario-auditor-interno-e-auditor-fiscal-remuneracao-de-ate-r16-mil\/#primaryimage\"},\"thumbnailUrl\":\"https:\/\/www.estrategiaconcursos.com.br\/blog\/wp-content\/uploads\/2014\/09\/Auditor-Fiscal-655x1024.jpg\",\"datePublished\":\"2014-10-17T13:00:18+00:00\",\"dateModified\":\"2020-06-23T17:53:06+00:00\",\"description\":\"Termina no pr\u00f3ximo domingo, 19, o prazo para inscri\u00e7\u00f5es no concurso ISS Salvador. Leia mais.\",\"breadcrumb\":{\"@id\":\"https:\/\/www.estrategiaconcursos.com.br\/blog\/termina-neste-domingo-o-prazo-para-inscricoes-concurso-iss-salvador-sao-90-vagas-para-os-cargos-de-analista-fazendario-auditor-interno-e-auditor-fiscal-remuneracao-de-ate-r16-mil\/#breadcrumb\"},\"inLanguage\":\"pt-BR\",\"potentialAction\":[{\"@type\":\"ReadAction\",\"target\":[\"https:\/\/www.estrategiaconcursos.com.br\/blog\/termina-neste-domingo-o-prazo-para-inscricoes-concurso-iss-salvador-sao-90-vagas-para-os-cargos-de-analista-fazendario-auditor-interno-e-auditor-fiscal-remuneracao-de-ate-r16-mil\/\"]}]},{\"@type\":\"ImageObject\",\"inLanguage\":\"pt-BR\",\"@id\":\"https:\/\/www.estrategiaconcursos.com.br\/blog\/termina-neste-domingo-o-prazo-para-inscricoes-concurso-iss-salvador-sao-90-vagas-para-os-cargos-de-analista-fazendario-auditor-interno-e-auditor-fiscal-remuneracao-de-ate-r16-mil\/#primaryimage\",\"url\":\"https:\/\/dhg1h5j42swfq.cloudfront.net\/2014\/09\/Auditor-Fiscal.jpg\",\"contentUrl\":\"https:\/\/dhg1h5j42swfq.cloudfront.net\/2014\/09\/Auditor-Fiscal.jpg\",\"width\":1453,\"height\":2270},{\"@type\":\"BreadcrumbList\",\"@id\":\"https:\/\/www.estrategiaconcursos.com.br\/blog\/termina-neste-domingo-o-prazo-para-inscricoes-concurso-iss-salvador-sao-90-vagas-para-os-cargos-de-analista-fazendario-auditor-interno-e-auditor-fiscal-remuneracao-de-ate-r16-mil\/#breadcrumb\",\"itemListElement\":[{\"@type\":\"ListItem\",\"position\":1,\"name\":\"In\u00edcio\",\"item\":\"https:\/\/www.estrategiaconcursos.com.br\/blog\/\"},{\"@type\":\"ListItem\",\"position\":2,\"name\":\"Termina neste domingo o prazo para inscri\u00e7\u00f5es no concurso ISS Salvador. S\u00e3o 90 vagas e remunera\u00e7\u00e3o de at\u00e9 R$16 mil\"}]},{\"@type\":\"WebSite\",\"@id\":\"https:\/\/www.estrategiaconcursos.com.br\/blog\/#website\",\"url\":\"https:\/\/www.estrategiaconcursos.com.br\/blog\/\",\"name\":\"Estrat\u00e9gia Concursos\",\"description\":\"O blog da Estrat\u00e9gia Concursos traz not\u00edcias sobre concursos e artigos de professores oferecendo cursos para concursos (pdf + videaulas) no site.\",\"publisher\":{\"@id\":\"https:\/\/www.estrategiaconcursos.com.br\/blog\/#organization\"},\"potentialAction\":[{\"@type\":\"SearchAction\",\"target\":{\"@type\":\"EntryPoint\",\"urlTemplate\":\"https:\/\/www.estrategiaconcursos.com.br\/blog\/?s={search_term_string}\"},\"query-input\":{\"@type\":\"PropertyValueSpecification\",\"valueRequired\":true,\"valueName\":\"search_term_string\"}}],\"inLanguage\":\"pt-BR\"},{\"@type\":\"Organization\",\"@id\":\"https:\/\/www.estrategiaconcursos.com.br\/blog\/#organization\",\"name\":\"Estrat\u00e9gia Concursos\",\"url\":\"https:\/\/www.estrategiaconcursos.com.br\/blog\/\",\"logo\":{\"@type\":\"ImageObject\",\"inLanguage\":\"pt-BR\",\"@id\":\"https:\/\/www.estrategiaconcursos.com.br\/blog\/#\/schema\/logo\/image\/\",\"url\":\"https:\/\/dhg1h5j42swfq.cloudfront.net\/2025\/06\/03203428\/logo_concursos-1.jpg\",\"contentUrl\":\"https:\/\/dhg1h5j42swfq.cloudfront.net\/2025\/06\/03203428\/logo_concursos-1.jpg\",\"width\":230,\"height\":60,\"caption\":\"Estrat\u00e9gia Concursos\"},\"image\":{\"@id\":\"https:\/\/www.estrategiaconcursos.com.br\/blog\/#\/schema\/logo\/image\/\"},\"sameAs\":[\"https:\/\/x.com\/EstratConcursos\"]},{\"@type\":\"Person\",\"@id\":\"https:\/\/www.estrategiaconcursos.com.br\/blog\/#\/schema\/person\/b4a388c97673c5f483d72185668afa1f\",\"name\":\"Coordena\u00e7\u00e3o\",\"image\":{\"@type\":\"ImageObject\",\"inLanguage\":\"pt-BR\",\"@id\":\"https:\/\/secure.gravatar.com\/avatar\/b720319e4c9a967eb58678d110f4fe35452fc5d5f97b202bac7b8acceb18c6ad?s=96&d=mm&r=g\",\"url\":\"https:\/\/secure.gravatar.com\/avatar\/b720319e4c9a967eb58678d110f4fe35452fc5d5f97b202bac7b8acceb18c6ad?s=96&d=mm&r=g\",\"contentUrl\":\"https:\/\/secure.gravatar.com\/avatar\/b720319e4c9a967eb58678d110f4fe35452fc5d5f97b202bac7b8acceb18c6ad?s=96&d=mm&r=g\",\"caption\":\"Coordena\u00e7\u00e3o\"},\"sameAs\":[\"https:\/\/www.facebook.com\/EstrategiaConcursos\",\"https:\/\/x.com\/EstratConcursos\"],\"url\":\"https:\/\/www.estrategiaconcursos.com.br\/blog\/author\/estrategia2013\/\"}]}<\/script>\n<!-- \/ Yoast SEO Premium plugin. -->","yoast_head_json":{"title":"Concurso ISS Salvador - Fim das inscri\u00e7\u00f5es","description":"Termina no pr\u00f3ximo domingo, 19, o prazo para inscri\u00e7\u00f5es no concurso ISS Salvador. Leia mais.","robots":{"index":"index","follow":"follow","max-snippet":"max-snippet:-1","max-image-preview":"max-image-preview:large","max-video-preview":"max-video-preview:-1"},"canonical":"https:\/\/www.estrategiaconcursos.com.br\/blog\/termina-neste-domingo-o-prazo-para-inscricoes-concurso-iss-salvador-sao-90-vagas-para-os-cargos-de-analista-fazendario-auditor-interno-e-auditor-fiscal-remuneracao-de-ate-r16-mil\/","og_locale":"pt_BR","og_type":"article","og_title":"Termina neste domingo o prazo para inscri\u00e7\u00f5es no concurso ISS Salvador. S\u00e3o 90 vagas e remunera\u00e7\u00e3o de at\u00e9 R$16 mil","og_description":"Termina no pr\u00f3ximo domingo, 19, o prazo para inscri\u00e7\u00f5es no concurso ISS Salvador. Leia mais.","og_url":"https:\/\/www.estrategiaconcursos.com.br\/blog\/termina-neste-domingo-o-prazo-para-inscricoes-concurso-iss-salvador-sao-90-vagas-para-os-cargos-de-analista-fazendario-auditor-interno-e-auditor-fiscal-remuneracao-de-ate-r16-mil\/","og_site_name":"Estrat\u00e9gia Concursos","article_author":"https:\/\/www.facebook.com\/EstrategiaConcursos","article_published_time":"2014-10-17T13:00:18+00:00","article_modified_time":"2020-06-23T17:53:06+00:00","og_image":[{"url":"https:\/\/www.estrategiaconcursos.com.br\/blog\/wp-content\/uploads\/2014\/09\/Auditor-Fiscal-655x1024.jpg","type":"","width":"","height":""}],"author":"Coordena\u00e7\u00e3o","twitter_card":"summary_large_image","twitter_creator":"@EstratConcursos","twitter_site":"@EstratConcursos","twitter_misc":{"Escrito por":"Coordena\u00e7\u00e3o","Est. tempo de leitura":"1 minuto"},"schema":{"@context":"https:\/\/schema.org","@graph":[{"@type":"NewsArticle","@id":"https:\/\/www.estrategiaconcursos.com.br\/blog\/termina-neste-domingo-o-prazo-para-inscricoes-concurso-iss-salvador-sao-90-vagas-para-os-cargos-de-analista-fazendario-auditor-interno-e-auditor-fiscal-remuneracao-de-ate-r16-mil\/#article","isPartOf":{"@id":"https:\/\/www.estrategiaconcursos.com.br\/blog\/termina-neste-domingo-o-prazo-para-inscricoes-concurso-iss-salvador-sao-90-vagas-para-os-cargos-de-analista-fazendario-auditor-interno-e-auditor-fiscal-remuneracao-de-ate-r16-mil\/"},"author":{"name":"Coordena\u00e7\u00e3o","@id":"https:\/\/www.estrategiaconcursos.com.br\/blog\/#\/schema\/person\/b4a388c97673c5f483d72185668afa1f"},"headline":"Termina neste domingo o prazo para inscri\u00e7\u00f5es no concurso ISS Salvador. S\u00e3o 90 vagas e remunera\u00e7\u00e3o de at\u00e9 R$16 mil","datePublished":"2014-10-17T13:00:18+00:00","dateModified":"2020-06-23T17:53:06+00:00","mainEntityOfPage":{"@id":"https:\/\/www.estrategiaconcursos.com.br\/blog\/termina-neste-domingo-o-prazo-para-inscricoes-concurso-iss-salvador-sao-90-vagas-para-os-cargos-de-analista-fazendario-auditor-interno-e-auditor-fiscal-remuneracao-de-ate-r16-mil\/"},"wordCount":278,"publisher":{"@id":"https:\/\/www.estrategiaconcursos.com.br\/blog\/#organization"},"image":{"@id":"https:\/\/www.estrategiaconcursos.com.br\/blog\/termina-neste-domingo-o-prazo-para-inscricoes-concurso-iss-salvador-sao-90-vagas-para-os-cargos-de-analista-fazendario-auditor-interno-e-auditor-fiscal-remuneracao-de-ate-r16-mil\/#primaryimage"},"thumbnailUrl":"https:\/\/www.estrategiaconcursos.com.br\/blog\/wp-content\/uploads\/2014\/09\/Auditor-Fiscal-655x1024.jpg","articleSection":["Concursos P\u00fablicos"],"inLanguage":"pt-BR","copyrightYear":"2014","copyrightHolder":{"@id":"https:\/\/www.estrategiaconcursos.com.br\/blog\/#organization"}},{"@type":"WebPage","@id":"https:\/\/www.estrategiaconcursos.com.br\/blog\/termina-neste-domingo-o-prazo-para-inscricoes-concurso-iss-salvador-sao-90-vagas-para-os-cargos-de-analista-fazendario-auditor-interno-e-auditor-fiscal-remuneracao-de-ate-r16-mil\/","url":"https:\/\/www.estrategiaconcursos.com.br\/blog\/termina-neste-domingo-o-prazo-para-inscricoes-concurso-iss-salvador-sao-90-vagas-para-os-cargos-de-analista-fazendario-auditor-interno-e-auditor-fiscal-remuneracao-de-ate-r16-mil\/","name":"Concurso ISS Salvador - Fim das inscri\u00e7\u00f5es","isPartOf":{"@id":"https:\/\/www.estrategiaconcursos.com.br\/blog\/#website"},"primaryImageOfPage":{"@id":"https:\/\/www.estrategiaconcursos.com.br\/blog\/termina-neste-domingo-o-prazo-para-inscricoes-concurso-iss-salvador-sao-90-vagas-para-os-cargos-de-analista-fazendario-auditor-interno-e-auditor-fiscal-remuneracao-de-ate-r16-mil\/#primaryimage"},"image":{"@id":"https:\/\/www.estrategiaconcursos.com.br\/blog\/termina-neste-domingo-o-prazo-para-inscricoes-concurso-iss-salvador-sao-90-vagas-para-os-cargos-de-analista-fazendario-auditor-interno-e-auditor-fiscal-remuneracao-de-ate-r16-mil\/#primaryimage"},"thumbnailUrl":"https:\/\/www.estrategiaconcursos.com.br\/blog\/wp-content\/uploads\/2014\/09\/Auditor-Fiscal-655x1024.jpg","datePublished":"2014-10-17T13:00:18+00:00","dateModified":"2020-06-23T17:53:06+00:00","description":"Termina no pr\u00f3ximo domingo, 19, o prazo para inscri\u00e7\u00f5es no concurso ISS Salvador. Leia mais.","breadcrumb":{"@id":"https:\/\/www.estrategiaconcursos.com.br\/blog\/termina-neste-domingo-o-prazo-para-inscricoes-concurso-iss-salvador-sao-90-vagas-para-os-cargos-de-analista-fazendario-auditor-interno-e-auditor-fiscal-remuneracao-de-ate-r16-mil\/#breadcrumb"},"inLanguage":"pt-BR","potentialAction":[{"@type":"ReadAction","target":["https:\/\/www.estrategiaconcursos.com.br\/blog\/termina-neste-domingo-o-prazo-para-inscricoes-concurso-iss-salvador-sao-90-vagas-para-os-cargos-de-analista-fazendario-auditor-interno-e-auditor-fiscal-remuneracao-de-ate-r16-mil\/"]}]},{"@type":"ImageObject","inLanguage":"pt-BR","@id":"https:\/\/www.estrategiaconcursos.com.br\/blog\/termina-neste-domingo-o-prazo-para-inscricoes-concurso-iss-salvador-sao-90-vagas-para-os-cargos-de-analista-fazendario-auditor-interno-e-auditor-fiscal-remuneracao-de-ate-r16-mil\/#primaryimage","url":"https:\/\/dhg1h5j42swfq.cloudfront.net\/2014\/09\/Auditor-Fiscal.jpg","contentUrl":"https:\/\/dhg1h5j42swfq.cloudfront.net\/2014\/09\/Auditor-Fiscal.jpg","width":1453,"height":2270},{"@type":"BreadcrumbList","@id":"https:\/\/www.estrategiaconcursos.com.br\/blog\/termina-neste-domingo-o-prazo-para-inscricoes-concurso-iss-salvador-sao-90-vagas-para-os-cargos-de-analista-fazendario-auditor-interno-e-auditor-fiscal-remuneracao-de-ate-r16-mil\/#breadcrumb","itemListElement":[{"@type":"ListItem","position":1,"name":"In\u00edcio","item":"https:\/\/www.estrategiaconcursos.com.br\/blog\/"},{"@type":"ListItem","position":2,"name":"Termina neste domingo o prazo para inscri\u00e7\u00f5es no concurso ISS Salvador. S\u00e3o 90 vagas e remunera\u00e7\u00e3o de at\u00e9 R$16 mil"}]},{"@type":"WebSite","@id":"https:\/\/www.estrategiaconcursos.com.br\/blog\/#website","url":"https:\/\/www.estrategiaconcursos.com.br\/blog\/","name":"Estrat\u00e9gia Concursos","description":"O blog da Estrat\u00e9gia Concursos traz not\u00edcias sobre concursos e artigos de professores oferecendo cursos para concursos (pdf + videaulas) no site.","publisher":{"@id":"https:\/\/www.estrategiaconcursos.com.br\/blog\/#organization"},"potentialAction":[{"@type":"SearchAction","target":{"@type":"EntryPoint","urlTemplate":"https:\/\/www.estrategiaconcursos.com.br\/blog\/?s={search_term_string}"},"query-input":{"@type":"PropertyValueSpecification","valueRequired":true,"valueName":"search_term_string"}}],"inLanguage":"pt-BR"},{"@type":"Organization","@id":"https:\/\/www.estrategiaconcursos.com.br\/blog\/#organization","name":"Estrat\u00e9gia Concursos","url":"https:\/\/www.estrategiaconcursos.com.br\/blog\/","logo":{"@type":"ImageObject","inLanguage":"pt-BR","@id":"https:\/\/www.estrategiaconcursos.com.br\/blog\/#\/schema\/logo\/image\/","url":"https:\/\/dhg1h5j42swfq.cloudfront.net\/2025\/06\/03203428\/logo_concursos-1.jpg","contentUrl":"https:\/\/dhg1h5j42swfq.cloudfront.net\/2025\/06\/03203428\/logo_concursos-1.jpg","width":230,"height":60,"caption":"Estrat\u00e9gia Concursos"},"image":{"@id":"https:\/\/www.estrategiaconcursos.com.br\/blog\/#\/schema\/logo\/image\/"},"sameAs":["https:\/\/x.com\/EstratConcursos"]},{"@type":"Person","@id":"https:\/\/www.estrategiaconcursos.com.br\/blog\/#\/schema\/person\/b4a388c97673c5f483d72185668afa1f","name":"Coordena\u00e7\u00e3o","image":{"@type":"ImageObject","inLanguage":"pt-BR","@id":"https:\/\/secure.gravatar.com\/avatar\/b720319e4c9a967eb58678d110f4fe35452fc5d5f97b202bac7b8acceb18c6ad?s=96&d=mm&r=g","url":"https:\/\/secure.gravatar.com\/avatar\/b720319e4c9a967eb58678d110f4fe35452fc5d5f97b202bac7b8acceb18c6ad?s=96&d=mm&r=g","contentUrl":"https:\/\/secure.gravatar.com\/avatar\/b720319e4c9a967eb58678d110f4fe35452fc5d5f97b202bac7b8acceb18c6ad?s=96&d=mm&r=g","caption":"Coordena\u00e7\u00e3o"},"sameAs":["https:\/\/www.facebook.com\/EstrategiaConcursos","https:\/\/x.com\/EstratConcursos"],"url":"https:\/\/www.estrategiaconcursos.com.br\/blog\/author\/estrategia2013\/"}]}},"_links":{"self":[{"href":"https:\/\/www.estrategiaconcursos.com.br\/blog\/wp-json\/wp\/v2\/posts\/18823","targetHints":{"allow":["GET"]}}],"collection":[{"href":"https:\/\/www.estrategiaconcursos.com.br\/blog\/wp-json\/wp\/v2\/posts"}],"about":[{"href":"https:\/\/www.estrategiaconcursos.com.br\/blog\/wp-json\/wp\/v2\/types\/post"}],"author":[{"embeddable":true,"href":"https:\/\/www.estrategiaconcursos.com.br\/blog\/wp-json\/wp\/v2\/users\/1"}],"replies":[{"embeddable":true,"href":"https:\/\/www.estrategiaconcursos.com.br\/blog\/wp-json\/wp\/v2\/comments?post=18823"}],"version-history":[{"count":1,"href":"https:\/\/www.estrategiaconcursos.com.br\/blog\/wp-json\/wp\/v2\/posts\/18823\/revisions"}],"predecessor-version":[{"id":530860,"href":"https:\/\/www.estrategiaconcursos.com.br\/blog\/wp-json\/wp\/v2\/posts\/18823\/revisions\/530860"}],"wp:attachment":[{"href":"https:\/\/www.estrategiaconcursos.com.br\/blog\/wp-json\/wp\/v2\/media?parent=18823"}],"wp:term":[{"taxonomy":"category","embeddable":true,"href":"https:\/\/www.estrategiaconcursos.com.br\/blog\/wp-json\/wp\/v2\/categories?post=18823"},{"taxonomy":"post_tag","embeddable":true,"href":"https:\/\/www.estrategiaconcursos.com.br\/blog\/wp-json\/wp\/v2\/tags?post=18823"},{"taxonomy":"tax_estado","embeddable":true,"href":"https:\/\/www.estrategiaconcursos.com.br\/blog\/wp-json\/wp\/v2\/tax_estado?post=18823"}],"curies":[{"name":"wp","href":"https:\/\/api.w.org\/{rel}","templated":true}]}}