{"id":18633,"date":"2014-10-02T18:00:55","date_gmt":"2014-10-02T21:00:55","guid":{"rendered":"https:\/\/www.estrategiaconcursos.com.br\/blog\/?p=18633"},"modified":"2015-01-05T14:18:13","modified_gmt":"2015-01-05T17:18:13","slug":"criacao-de-cargos-trtmg","status":"publish","type":"post","link":"https:\/\/www.estrategiaconcursos.com.br\/blog\/criacao-de-cargos-trtmg\/","title":{"rendered":"Cria\u00e7\u00e3o de cargos no TRT\/MG ???"},"content":{"rendered":"<p><a href=\"https:\/\/dhg1h5j42swfq.cloudfront.net\/2014\/10\/trt3.jpg\"><img loading=\"lazy\" decoding=\"async\" class=\"size-medium wp-image-18634 aligncenter\" src=\"https:\/\/dhg1h5j42swfq.cloudfront.net\/2014\/10\/trt3-300x220.jpg\" alt=\"trt3\" width=\"300\" height=\"220\" srcset=\"https:\/\/dhg1h5j42swfq.cloudfront.net\/2014\/10\/trt3.jpg 300w, https:\/\/dhg1h5j42swfq.cloudfront.net\/2014\/10\/trt3.jpg 407w, https:\/\/dhg1h5j42swfq.cloudfront.net\/2014\/10\/trt3.jpg 474w\" sizes=\"auto, (max-width: 300px) 100vw, 300px\" \/><\/a><\/p>\n<p>&nbsp;<\/p>\n<p>A Presidente do Tribunal Regional do Trabalho de Minas Gerais, Desembargadora Maria Laura Franco Lima de Faria, o Desembargador Luiz Ronan Neves Koury, Vice-Corregedor, e o Diretor-Geral do TRT, Ricardo Oliveira Marques, reuniram-se, na segunda-feira (29\/9), com a Conselheira do Conselho Nacional de Justi\u00e7a, Gisela Gondim Ramos, relatora do PAM. n\u00b0 0006794-13.2013.2.00.0000, que trata da cria\u00e7\u00e3o de 496 cargos de analista e t\u00e9cnico judici\u00e1rio, al\u00e9m de 120 cargos de oficial de justi\u00e7a.<\/p>\n<p>A reuni\u00e3o teve por objetivo sensibilizar a Conselheira da necessidade da aprova\u00e7\u00e3o do anteprojeto de lei, que destina os cargos prioritariamente aos quadros da 1\u00aa Inst\u00e2ncia. \u00c9 necess\u00e1rio ressaltar que o anteprojeto de lei, apresentado ao CSJT em 2012, estava sobrestado no Conselho Nacional de Justi\u00e7a, aguardando a readequa\u00e7\u00e3o aos par\u00e2metros definidos pela Resolu\u00e7\u00e3o n\u00b0 184\/2013.<\/p>\n<p>Na mesma data, a Assessora de Reestrutura\u00e7\u00e3o Administrativa, Maria L\u00facia Cabral Moreira, reuniu-se com o Diretor Executivo do Departamento de Pesquisas Judici\u00e1rias do Conselho Nacional de Justi\u00e7a, Fabyano Prestes, para explicita\u00e7\u00e3o dos crit\u00e9rios adotados no anteprojeto em quest\u00e3o, bem como obten\u00e7\u00e3o de esclarecimento, com vistas \u00e0 elabora\u00e7\u00e3o de anteprojetos para cria\u00e7\u00e3o de cargos da \u00e1rea administrativa.<\/p>\n<p>Fonte: TRT da 3\u00aa Regi\u00e3o \/ Ligados no TRT<\/p>\n","protected":false},"excerpt":{"rendered":"<p>&nbsp; A Presidente do Tribunal Regional do Trabalho de Minas Gerais, Desembargadora Maria Laura Franco Lima de Faria, o Desembargador Luiz Ronan Neves Koury, Vice-Corregedor, e o Diretor-Geral do TRT, Ricardo Oliveira Marques, reuniram-se, na segunda-feira (29\/9), com a Conselheira do Conselho Nacional de Justi\u00e7a, Gisela Gondim Ramos, relatora do PAM. n\u00b0 0006794-13.2013.2.00.0000, que trata [&hellip;]<\/p>\n","protected":false},"author":123,"featured_media":0,"comment_status":"open","ping_status":"open","sticky":false,"template":"","format":"standard","meta":{"post_tipo":"article","footnotes":""},"categories":[1],"tags":[541],"tax_estado":[],"class_list":["post-18633","post","type-post","status-publish","format-standard","hentry","category-cursos-e-concursos","tag-trt-mg"],"acf":[],"yoast_head":"<!-- This site is optimized with the Yoast SEO Premium plugin v27.2 (Yoast SEO v27.2) - https:\/\/yoast.com\/product\/yoast-seo-premium-wordpress\/ -->\n<title>Cria\u00e7\u00e3o de cargos no TRT\/MG ???<\/title>\n<meta name=\"robots\" content=\"index, follow, max-snippet:-1, max-image-preview:large, max-video-preview:-1\" \/>\n<link rel=\"canonical\" href=\"https:\/\/www.estrategiaconcursos.com.br\/blog\/criacao-de-cargos-trtmg\/\" \/>\n<meta property=\"og:locale\" content=\"pt_BR\" \/>\n<meta property=\"og:type\" content=\"article\" \/>\n<meta property=\"og:title\" content=\"Cria\u00e7\u00e3o de cargos no TRT\/MG ???\" \/>\n<meta property=\"og:description\" content=\"&nbsp; A Presidente do Tribunal Regional do Trabalho de Minas Gerais, Desembargadora Maria Laura Franco Lima de Faria, o Desembargador Luiz Ronan Neves Koury, Vice-Corregedor, e o Diretor-Geral do TRT, Ricardo Oliveira Marques, reuniram-se, na segunda-feira (29\/9), com a Conselheira do Conselho Nacional de Justi\u00e7a, Gisela Gondim Ramos, relatora do PAM. n\u00b0 0006794-13.2013.2.00.0000, que trata [&hellip;]\" \/>\n<meta property=\"og:url\" content=\"https:\/\/www.estrategiaconcursos.com.br\/blog\/criacao-de-cargos-trtmg\/\" \/>\n<meta property=\"og:site_name\" content=\"Estrat\u00e9gia Concursos\" \/>\n<meta property=\"article:author\" content=\"https:\/\/www.facebook.com\/bruno.klippel\" \/>\n<meta property=\"article:published_time\" content=\"2014-10-02T21:00:55+00:00\" \/>\n<meta property=\"article:modified_time\" content=\"2015-01-05T17:18:13+00:00\" \/>\n<meta property=\"og:image\" content=\"https:\/\/dhg1h5j42swfq.cloudfront.net\/2014\/10\/trt3-300x220.jpg\" \/>\n<meta name=\"author\" content=\"Bruno Klippel\" \/>\n<meta name=\"twitter:card\" content=\"summary_large_image\" \/>\n<meta name=\"twitter:creator\" content=\"@https:\/\/twitter.com\/brunoklippel\" \/>\n<meta name=\"twitter:site\" content=\"@EstratConcursos\" \/>\n<meta name=\"twitter:label1\" content=\"Escrito por\" \/>\n\t<meta name=\"twitter:data1\" content=\"Bruno Klippel\" \/>\n\t<meta name=\"twitter:label2\" content=\"Est. tempo de leitura\" \/>\n\t<meta name=\"twitter:data2\" content=\"1 minuto\" \/>\n<script type=\"application\/ld+json\" class=\"yoast-schema-graph\">{\"@context\":\"https:\/\/schema.org\",\"@graph\":[{\"@type\":\"NewsArticle\",\"@id\":\"https:\/\/www.estrategiaconcursos.com.br\/blog\/criacao-de-cargos-trtmg\/#article\",\"isPartOf\":{\"@id\":\"https:\/\/www.estrategiaconcursos.com.br\/blog\/criacao-de-cargos-trtmg\/\"},\"author\":{\"name\":\"Bruno Klippel\",\"@id\":\"https:\/\/www.estrategiaconcursos.com.br\/blog\/#\/schema\/person\/e45245f931dbe7daa788a36aeae3db76\"},\"headline\":\"Cria\u00e7\u00e3o de cargos no TRT\/MG ???\",\"datePublished\":\"2014-10-02T21:00:55+00:00\",\"dateModified\":\"2015-01-05T17:18:13+00:00\",\"mainEntityOfPage\":{\"@id\":\"https:\/\/www.estrategiaconcursos.com.br\/blog\/criacao-de-cargos-trtmg\/\"},\"wordCount\":216,\"commentCount\":0,\"publisher\":{\"@id\":\"https:\/\/www.estrategiaconcursos.com.br\/blog\/#organization\"},\"image\":{\"@id\":\"https:\/\/www.estrategiaconcursos.com.br\/blog\/criacao-de-cargos-trtmg\/#primaryimage\"},\"thumbnailUrl\":\"https:\/\/dhg1h5j42swfq.cloudfront.net\/2014\/10\/trt3-300x220.jpg\",\"keywords\":[\"TRT-MG\"],\"articleSection\":[\"Concursos P\u00fablicos\"],\"inLanguage\":\"pt-BR\",\"potentialAction\":[{\"@type\":\"CommentAction\",\"name\":\"Comment\",\"target\":[\"https:\/\/www.estrategiaconcursos.com.br\/blog\/criacao-de-cargos-trtmg\/#respond\"]}],\"copyrightYear\":\"2014\",\"copyrightHolder\":{\"@id\":\"https:\/\/www.estrategiaconcursos.com.br\/blog\/#organization\"}},{\"@type\":\"WebPage\",\"@id\":\"https:\/\/www.estrategiaconcursos.com.br\/blog\/criacao-de-cargos-trtmg\/\",\"url\":\"https:\/\/www.estrategiaconcursos.com.br\/blog\/criacao-de-cargos-trtmg\/\",\"name\":\"Cria\u00e7\u00e3o de cargos no TRT\/MG ???\",\"isPartOf\":{\"@id\":\"https:\/\/www.estrategiaconcursos.com.br\/blog\/#website\"},\"primaryImageOfPage\":{\"@id\":\"https:\/\/www.estrategiaconcursos.com.br\/blog\/criacao-de-cargos-trtmg\/#primaryimage\"},\"image\":{\"@id\":\"https:\/\/www.estrategiaconcursos.com.br\/blog\/criacao-de-cargos-trtmg\/#primaryimage\"},\"thumbnailUrl\":\"https:\/\/dhg1h5j42swfq.cloudfront.net\/2014\/10\/trt3-300x220.jpg\",\"datePublished\":\"2014-10-02T21:00:55+00:00\",\"dateModified\":\"2015-01-05T17:18:13+00:00\",\"breadcrumb\":{\"@id\":\"https:\/\/www.estrategiaconcursos.com.br\/blog\/criacao-de-cargos-trtmg\/#breadcrumb\"},\"inLanguage\":\"pt-BR\",\"potentialAction\":[{\"@type\":\"ReadAction\",\"target\":[\"https:\/\/www.estrategiaconcursos.com.br\/blog\/criacao-de-cargos-trtmg\/\"]}]},{\"@type\":\"ImageObject\",\"inLanguage\":\"pt-BR\",\"@id\":\"https:\/\/www.estrategiaconcursos.com.br\/blog\/criacao-de-cargos-trtmg\/#primaryimage\",\"url\":\"https:\/\/dhg1h5j42swfq.cloudfront.net\/2014\/10\/trt3-300x220.jpg\",\"contentUrl\":\"https:\/\/dhg1h5j42swfq.cloudfront.net\/2014\/10\/trt3-300x220.jpg\"},{\"@type\":\"BreadcrumbList\",\"@id\":\"https:\/\/www.estrategiaconcursos.com.br\/blog\/criacao-de-cargos-trtmg\/#breadcrumb\",\"itemListElement\":[{\"@type\":\"ListItem\",\"position\":1,\"name\":\"In\u00edcio\",\"item\":\"https:\/\/www.estrategiaconcursos.com.br\/blog\/\"},{\"@type\":\"ListItem\",\"position\":2,\"name\":\"Cria\u00e7\u00e3o de cargos no TRT\/MG ???\"}]},{\"@type\":\"WebSite\",\"@id\":\"https:\/\/www.estrategiaconcursos.com.br\/blog\/#website\",\"url\":\"https:\/\/www.estrategiaconcursos.com.br\/blog\/\",\"name\":\"Estrat\u00e9gia Concursos\",\"description\":\"O blog da Estrat\u00e9gia Concursos traz not\u00edcias sobre concursos e artigos de professores oferecendo cursos para concursos (pdf + videaulas) no site.\",\"publisher\":{\"@id\":\"https:\/\/www.estrategiaconcursos.com.br\/blog\/#organization\"},\"potentialAction\":[{\"@type\":\"SearchAction\",\"target\":{\"@type\":\"EntryPoint\",\"urlTemplate\":\"https:\/\/www.estrategiaconcursos.com.br\/blog\/?s={search_term_string}\"},\"query-input\":{\"@type\":\"PropertyValueSpecification\",\"valueRequired\":true,\"valueName\":\"search_term_string\"}}],\"inLanguage\":\"pt-BR\"},{\"@type\":\"Organization\",\"@id\":\"https:\/\/www.estrategiaconcursos.com.br\/blog\/#organization\",\"name\":\"Estrat\u00e9gia Concursos\",\"url\":\"https:\/\/www.estrategiaconcursos.com.br\/blog\/\",\"logo\":{\"@type\":\"ImageObject\",\"inLanguage\":\"pt-BR\",\"@id\":\"https:\/\/www.estrategiaconcursos.com.br\/blog\/#\/schema\/logo\/image\/\",\"url\":\"https:\/\/dhg1h5j42swfq.cloudfront.net\/2025\/06\/03203428\/logo_concursos-1.jpg\",\"contentUrl\":\"https:\/\/dhg1h5j42swfq.cloudfront.net\/2025\/06\/03203428\/logo_concursos-1.jpg\",\"width\":230,\"height\":60,\"caption\":\"Estrat\u00e9gia Concursos\"},\"image\":{\"@id\":\"https:\/\/www.estrategiaconcursos.com.br\/blog\/#\/schema\/logo\/image\/\"},\"sameAs\":[\"https:\/\/x.com\/EstratConcursos\"]},{\"@type\":\"Person\",\"@id\":\"https:\/\/www.estrategiaconcursos.com.br\/blog\/#\/schema\/person\/e45245f931dbe7daa788a36aeae3db76\",\"name\":\"Bruno Klippel\",\"image\":{\"@type\":\"ImageObject\",\"inLanguage\":\"pt-BR\",\"@id\":\"https:\/\/secure.gravatar.com\/avatar\/555136b5a9f57831d9839d55086ed04254bbba23fd861d79951efc1f321b41cf?s=96&d=mm&r=g\",\"url\":\"https:\/\/secure.gravatar.com\/avatar\/555136b5a9f57831d9839d55086ed04254bbba23fd861d79951efc1f321b41cf?s=96&d=mm&r=g\",\"contentUrl\":\"https:\/\/secure.gravatar.com\/avatar\/555136b5a9f57831d9839d55086ed04254bbba23fd861d79951efc1f321b41cf?s=96&d=mm&r=g\",\"caption\":\"Bruno Klippel\"},\"sameAs\":[\"https:\/\/www.facebook.com\/bruno.klippel\",\"https:\/\/x.com\/https:\/\/twitter.com\/brunoklippel\"],\"url\":\"https:\/\/www.estrategiaconcursos.com.br\/blog\/author\/brunoklippelestrategiaconcursos-com-br\/\"}]}<\/script>\n<!-- \/ Yoast SEO Premium plugin. -->","yoast_head_json":{"title":"Cria\u00e7\u00e3o de cargos no TRT\/MG ???","robots":{"index":"index","follow":"follow","max-snippet":"max-snippet:-1","max-image-preview":"max-image-preview:large","max-video-preview":"max-video-preview:-1"},"canonical":"https:\/\/www.estrategiaconcursos.com.br\/blog\/criacao-de-cargos-trtmg\/","og_locale":"pt_BR","og_type":"article","og_title":"Cria\u00e7\u00e3o de cargos no TRT\/MG ???","og_description":"&nbsp; A Presidente do Tribunal Regional do Trabalho de Minas Gerais, Desembargadora Maria Laura Franco Lima de Faria, o Desembargador Luiz Ronan Neves Koury, Vice-Corregedor, e o Diretor-Geral do TRT, Ricardo Oliveira Marques, reuniram-se, na segunda-feira (29\/9), com a Conselheira do Conselho Nacional de Justi\u00e7a, Gisela Gondim Ramos, relatora do PAM. n\u00b0 0006794-13.2013.2.00.0000, que trata [&hellip;]","og_url":"https:\/\/www.estrategiaconcursos.com.br\/blog\/criacao-de-cargos-trtmg\/","og_site_name":"Estrat\u00e9gia Concursos","article_author":"https:\/\/www.facebook.com\/bruno.klippel","article_published_time":"2014-10-02T21:00:55+00:00","article_modified_time":"2015-01-05T17:18:13+00:00","og_image":[{"url":"https:\/\/dhg1h5j42swfq.cloudfront.net\/2014\/10\/trt3-300x220.jpg","type":"","width":"","height":""}],"author":"Bruno Klippel","twitter_card":"summary_large_image","twitter_creator":"@https:\/\/twitter.com\/brunoklippel","twitter_site":"@EstratConcursos","twitter_misc":{"Escrito por":"Bruno Klippel","Est. tempo de leitura":"1 minuto"},"schema":{"@context":"https:\/\/schema.org","@graph":[{"@type":"NewsArticle","@id":"https:\/\/www.estrategiaconcursos.com.br\/blog\/criacao-de-cargos-trtmg\/#article","isPartOf":{"@id":"https:\/\/www.estrategiaconcursos.com.br\/blog\/criacao-de-cargos-trtmg\/"},"author":{"name":"Bruno Klippel","@id":"https:\/\/www.estrategiaconcursos.com.br\/blog\/#\/schema\/person\/e45245f931dbe7daa788a36aeae3db76"},"headline":"Cria\u00e7\u00e3o de cargos no TRT\/MG ???","datePublished":"2014-10-02T21:00:55+00:00","dateModified":"2015-01-05T17:18:13+00:00","mainEntityOfPage":{"@id":"https:\/\/www.estrategiaconcursos.com.br\/blog\/criacao-de-cargos-trtmg\/"},"wordCount":216,"commentCount":0,"publisher":{"@id":"https:\/\/www.estrategiaconcursos.com.br\/blog\/#organization"},"image":{"@id":"https:\/\/www.estrategiaconcursos.com.br\/blog\/criacao-de-cargos-trtmg\/#primaryimage"},"thumbnailUrl":"https:\/\/dhg1h5j42swfq.cloudfront.net\/2014\/10\/trt3-300x220.jpg","keywords":["TRT-MG"],"articleSection":["Concursos P\u00fablicos"],"inLanguage":"pt-BR","potentialAction":[{"@type":"CommentAction","name":"Comment","target":["https:\/\/www.estrategiaconcursos.com.br\/blog\/criacao-de-cargos-trtmg\/#respond"]}],"copyrightYear":"2014","copyrightHolder":{"@id":"https:\/\/www.estrategiaconcursos.com.br\/blog\/#organization"}},{"@type":"WebPage","@id":"https:\/\/www.estrategiaconcursos.com.br\/blog\/criacao-de-cargos-trtmg\/","url":"https:\/\/www.estrategiaconcursos.com.br\/blog\/criacao-de-cargos-trtmg\/","name":"Cria\u00e7\u00e3o de cargos no TRT\/MG ???","isPartOf":{"@id":"https:\/\/www.estrategiaconcursos.com.br\/blog\/#website"},"primaryImageOfPage":{"@id":"https:\/\/www.estrategiaconcursos.com.br\/blog\/criacao-de-cargos-trtmg\/#primaryimage"},"image":{"@id":"https:\/\/www.estrategiaconcursos.com.br\/blog\/criacao-de-cargos-trtmg\/#primaryimage"},"thumbnailUrl":"https:\/\/dhg1h5j42swfq.cloudfront.net\/2014\/10\/trt3-300x220.jpg","datePublished":"2014-10-02T21:00:55+00:00","dateModified":"2015-01-05T17:18:13+00:00","breadcrumb":{"@id":"https:\/\/www.estrategiaconcursos.com.br\/blog\/criacao-de-cargos-trtmg\/#breadcrumb"},"inLanguage":"pt-BR","potentialAction":[{"@type":"ReadAction","target":["https:\/\/www.estrategiaconcursos.com.br\/blog\/criacao-de-cargos-trtmg\/"]}]},{"@type":"ImageObject","inLanguage":"pt-BR","@id":"https:\/\/www.estrategiaconcursos.com.br\/blog\/criacao-de-cargos-trtmg\/#primaryimage","url":"https:\/\/dhg1h5j42swfq.cloudfront.net\/2014\/10\/trt3-300x220.jpg","contentUrl":"https:\/\/dhg1h5j42swfq.cloudfront.net\/2014\/10\/trt3-300x220.jpg"},{"@type":"BreadcrumbList","@id":"https:\/\/www.estrategiaconcursos.com.br\/blog\/criacao-de-cargos-trtmg\/#breadcrumb","itemListElement":[{"@type":"ListItem","position":1,"name":"In\u00edcio","item":"https:\/\/www.estrategiaconcursos.com.br\/blog\/"},{"@type":"ListItem","position":2,"name":"Cria\u00e7\u00e3o de cargos no TRT\/MG ???"}]},{"@type":"WebSite","@id":"https:\/\/www.estrategiaconcursos.com.br\/blog\/#website","url":"https:\/\/www.estrategiaconcursos.com.br\/blog\/","name":"Estrat\u00e9gia Concursos","description":"O blog da Estrat\u00e9gia Concursos traz not\u00edcias sobre concursos e artigos de professores oferecendo cursos para concursos (pdf + videaulas) no site.","publisher":{"@id":"https:\/\/www.estrategiaconcursos.com.br\/blog\/#organization"},"potentialAction":[{"@type":"SearchAction","target":{"@type":"EntryPoint","urlTemplate":"https:\/\/www.estrategiaconcursos.com.br\/blog\/?s={search_term_string}"},"query-input":{"@type":"PropertyValueSpecification","valueRequired":true,"valueName":"search_term_string"}}],"inLanguage":"pt-BR"},{"@type":"Organization","@id":"https:\/\/www.estrategiaconcursos.com.br\/blog\/#organization","name":"Estrat\u00e9gia Concursos","url":"https:\/\/www.estrategiaconcursos.com.br\/blog\/","logo":{"@type":"ImageObject","inLanguage":"pt-BR","@id":"https:\/\/www.estrategiaconcursos.com.br\/blog\/#\/schema\/logo\/image\/","url":"https:\/\/dhg1h5j42swfq.cloudfront.net\/2025\/06\/03203428\/logo_concursos-1.jpg","contentUrl":"https:\/\/dhg1h5j42swfq.cloudfront.net\/2025\/06\/03203428\/logo_concursos-1.jpg","width":230,"height":60,"caption":"Estrat\u00e9gia Concursos"},"image":{"@id":"https:\/\/www.estrategiaconcursos.com.br\/blog\/#\/schema\/logo\/image\/"},"sameAs":["https:\/\/x.com\/EstratConcursos"]},{"@type":"Person","@id":"https:\/\/www.estrategiaconcursos.com.br\/blog\/#\/schema\/person\/e45245f931dbe7daa788a36aeae3db76","name":"Bruno Klippel","image":{"@type":"ImageObject","inLanguage":"pt-BR","@id":"https:\/\/secure.gravatar.com\/avatar\/555136b5a9f57831d9839d55086ed04254bbba23fd861d79951efc1f321b41cf?s=96&d=mm&r=g","url":"https:\/\/secure.gravatar.com\/avatar\/555136b5a9f57831d9839d55086ed04254bbba23fd861d79951efc1f321b41cf?s=96&d=mm&r=g","contentUrl":"https:\/\/secure.gravatar.com\/avatar\/555136b5a9f57831d9839d55086ed04254bbba23fd861d79951efc1f321b41cf?s=96&d=mm&r=g","caption":"Bruno Klippel"},"sameAs":["https:\/\/www.facebook.com\/bruno.klippel","https:\/\/x.com\/https:\/\/twitter.com\/brunoklippel"],"url":"https:\/\/www.estrategiaconcursos.com.br\/blog\/author\/brunoklippelestrategiaconcursos-com-br\/"}]}},"_links":{"self":[{"href":"https:\/\/www.estrategiaconcursos.com.br\/blog\/wp-json\/wp\/v2\/posts\/18633","targetHints":{"allow":["GET"]}}],"collection":[{"href":"https:\/\/www.estrategiaconcursos.com.br\/blog\/wp-json\/wp\/v2\/posts"}],"about":[{"href":"https:\/\/www.estrategiaconcursos.com.br\/blog\/wp-json\/wp\/v2\/types\/post"}],"author":[{"embeddable":true,"href":"https:\/\/www.estrategiaconcursos.com.br\/blog\/wp-json\/wp\/v2\/users\/123"}],"replies":[{"embeddable":true,"href":"https:\/\/www.estrategiaconcursos.com.br\/blog\/wp-json\/wp\/v2\/comments?post=18633"}],"version-history":[{"count":3,"href":"https:\/\/www.estrategiaconcursos.com.br\/blog\/wp-json\/wp\/v2\/posts\/18633\/revisions"}],"predecessor-version":[{"id":18637,"href":"https:\/\/www.estrategiaconcursos.com.br\/blog\/wp-json\/wp\/v2\/posts\/18633\/revisions\/18637"}],"wp:attachment":[{"href":"https:\/\/www.estrategiaconcursos.com.br\/blog\/wp-json\/wp\/v2\/media?parent=18633"}],"wp:term":[{"taxonomy":"category","embeddable":true,"href":"https:\/\/www.estrategiaconcursos.com.br\/blog\/wp-json\/wp\/v2\/categories?post=18633"},{"taxonomy":"post_tag","embeddable":true,"href":"https:\/\/www.estrategiaconcursos.com.br\/blog\/wp-json\/wp\/v2\/tags?post=18633"},{"taxonomy":"tax_estado","embeddable":true,"href":"https:\/\/www.estrategiaconcursos.com.br\/blog\/wp-json\/wp\/v2\/tax_estado?post=18633"}],"curies":[{"name":"wp","href":"https:\/\/api.w.org\/{rel}","templated":true}]}}