{"id":18619,"date":"2014-10-02T12:00:15","date_gmt":"2014-10-02T15:00:15","guid":{"rendered":"https:\/\/www.estrategiaconcursos.com.br\/blog\/?post_type=noticia&#038;p=18619"},"modified":"2015-01-12T15:15:22","modified_gmt":"2015-01-12T18:15:22","slug":"entrevista-em-video-aurelio-secundo-aprovado-concurso-instituto-federal-piaui-para-pedagogo","status":"publish","type":"post","link":"https:\/\/www.estrategiaconcursos.com.br\/blog\/entrevista-em-video-aurelio-secundo-aprovado-concurso-instituto-federal-piaui-para-pedagogo\/","title":{"rendered":"ENTREVISTA EM V\u00cdDEO: Aur\u00e9lio Secundo &#8211; Aprovado no concurso do Instituto Federal do Piau\u00ed para Pedagogo"},"content":{"rendered":"<p style=\"text-align: justify;\"><span style=\"color: #000000;\">Dedica\u00e7\u00e3o, foco, for\u00e7a de vontade&#8230; Esses s\u00e3o alguns ingredientes que, juntos, podem levar um concurseiro a t\u00e3o sonhada aprova\u00e7\u00e3o em um concurso p\u00fablico. Mas para Aur\u00e9lio Secundo, de 39 anos, n\u00e3o bastou somente esses elementos. Para conseguir sua aprova\u00e7\u00e3o no concurso\u00a0do Instituto Federal do Piau\u00ed para Pedagogo, o Picoense usou tamb\u00e9m estrat\u00e9gia.<\/span><\/p>\n<p style=\"text-align: justify;\"><span style=\"color: #000000;\">Essa estrat\u00e9gia consistiu em ir para a prova conhecendo &#8220;o inimigo&#8221;. Quando digo &#8220;inimigo&#8221;, n\u00e3o me refiro aos demais concorrentes &#8211; porque em um concurso seu maior advers\u00e1rio \u00e9 voc\u00ea mesmo &#8211; mas sim a banca organizadora, pois \u00e9 ela que ser\u00e1 respons\u00e1vel pelas quest\u00f5es da sua prova.<\/span><\/p>\n<p style=\"text-align: justify;\"><span style=\"color: #000000;\">N\u00e3o h\u00e1 segredo nem mist\u00e9rio para se conhecer uma banca. Para tanto, segundo Aur\u00e9lio, basta resolver muitos exerc\u00edcios elaborados pela mesma.<\/span><\/p>\n<p style=\"text-align: justify;\"><span style=\"color: #000000;\">Confira a entrevista em v\u00eddeo com Aur\u00e9lio Secundo, mais uma\u00a0da s\u00e9rie \u00a0em comemora\u00e7\u00e3o ao anivers\u00e1rio de 3 anos do Estrat\u00e9gia Concursos que, devido a significativa aceita\u00e7\u00e3o dos aprovados, continua at\u00e9 a pr\u00f3xima semana.<\/span><\/p>\n<div class=\"lyte-wrapper\" style=\"width:853px;max-width:100%;margin:5px;\"><div class=\"lyMe\" id=\"WYL_r4gF1OuAm5Y\"><div id=\"lyte_r4gF1OuAm5Y\" data-src=\"\/\/i.ytimg.com\/vi\/r4gF1OuAm5Y\/hqdefault.jpg\" class=\"pL\"><div class=\"tC\"><div class=\"tT\"><\/div><\/div><div class=\"play\"><\/div><div class=\"ctrl\"><div class=\"Lctrl\"><\/div><div class=\"Rctrl\"><\/div><\/div><\/div><noscript><a href=\"https:\/\/youtu.be\/r4gF1OuAm5Y\" rel=\"nofollow\"><img loading=\"lazy\" decoding=\"async\" src=\"https:\/\/i.ytimg.com\/vi\/r4gF1OuAm5Y\/0.jpg\" alt=\"YouTube video thumbnail\" width=\"853\" height=\"460\" \/><br \/>Assista a este v\u00eddeo no YouTube<\/a><\/noscript><\/div><\/div><div class=\"lL\" style=\"max-width:100%;width:853px;margin:5px;\"><\/div><\/p>\n<p style=\"text-align: justify;\"><span style=\"color: #000000;\">Outras entrevistas em:<\/span><\/p>\n<p><span style=\"color: #0000ff;\"><a style=\"color: #0000ff;\" href=\"https:\/\/www.estrategiaconcursos.com.br\/depoimentos\/\">https:\/\/www.estrategiaconcursos.com.br\/depoimentos\/<\/a><\/span><\/p>\n<p><span style=\"color: #000000;\">Assessoria de Comunica\u00e7\u00e3o<\/span><\/p>\n<p><span style=\"color: #000000;\">comunicacao@estrategiaconcursos.com.br<\/span><\/p>\n","protected":false},"excerpt":{"rendered":"<p>Dedica\u00e7\u00e3o, foco, for\u00e7a de vontade&#8230; Esses s\u00e3o alguns ingredientes que, juntos, podem levar um concurseiro a t\u00e3o sonhada aprova\u00e7\u00e3o em um concurso p\u00fablico. Mas para Aur\u00e9lio Secundo, de 39 anos, n\u00e3o bastou somente esses elementos. Para conseguir sua aprova\u00e7\u00e3o no concurso\u00a0do Instituto Federal do Piau\u00ed para Pedagogo, o Picoense usou tamb\u00e9m estrat\u00e9gia. Essa estrat\u00e9gia consistiu [&hellip;]<\/p>\n","protected":false},"author":1,"featured_media":0,"comment_status":"closed","ping_status":"closed","sticky":false,"template":"","format":"standard","meta":{"post_tipo":"news","footnotes":""},"categories":[1],"tags":[568],"tax_estado":[],"class_list":["post-18619","post","type-post","status-publish","format-standard","hentry","category-cursos-e-concursos","tag-aprovados"],"acf":[],"yoast_head":"<!-- This site is optimized with the Yoast SEO Premium plugin v27.2 (Yoast SEO v27.2) - https:\/\/yoast.com\/product\/yoast-seo-premium-wordpress\/ -->\n<title>ENTREVISTA EM V\u00cdDEO: Aur\u00e9lio Secundo - Aprovado no concurso do Instituto Federal do Piau\u00ed para Pedagogo<\/title>\n<meta name=\"description\" content=\"Confira a entrevista em v\u00eddeo com Aur\u00e9lio Secundo, aprovado no concurso do Instituto Federal do Piau\u00ed para Pedagogo\" \/>\n<meta name=\"robots\" content=\"index, follow, max-snippet:-1, max-image-preview:large, max-video-preview:-1\" \/>\n<link rel=\"canonical\" href=\"https:\/\/www.estrategiaconcursos.com.br\/blog\/entrevista-em-video-aurelio-secundo-aprovado-concurso-instituto-federal-piaui-para-pedagogo\/\" \/>\n<meta property=\"og:locale\" content=\"pt_BR\" \/>\n<meta property=\"og:type\" content=\"article\" \/>\n<meta property=\"og:title\" content=\"ENTREVISTA EM V\u00cdDEO: Aur\u00e9lio Secundo - Aprovado no concurso do Instituto Federal do Piau\u00ed para Pedagogo\" \/>\n<meta property=\"og:description\" content=\"Confira a entrevista em v\u00eddeo com Aur\u00e9lio Secundo, aprovado no concurso do Instituto Federal do Piau\u00ed para Pedagogo\" \/>\n<meta property=\"og:url\" content=\"https:\/\/www.estrategiaconcursos.com.br\/blog\/entrevista-em-video-aurelio-secundo-aprovado-concurso-instituto-federal-piaui-para-pedagogo\/\" \/>\n<meta property=\"og:site_name\" content=\"Estrat\u00e9gia Concursos\" \/>\n<meta property=\"article:author\" content=\"https:\/\/www.facebook.com\/EstrategiaConcursos\" \/>\n<meta property=\"article:published_time\" content=\"2014-10-02T15:00:15+00:00\" \/>\n<meta property=\"article:modified_time\" content=\"2015-01-12T18:15:22+00:00\" \/>\n<meta name=\"author\" content=\"Coordena\u00e7\u00e3o\" \/>\n<meta name=\"twitter:card\" content=\"summary_large_image\" \/>\n<meta name=\"twitter:creator\" content=\"@EstratConcursos\" \/>\n<meta name=\"twitter:site\" content=\"@EstratConcursos\" \/>\n<meta name=\"twitter:label1\" content=\"Escrito por\" \/>\n\t<meta name=\"twitter:data1\" content=\"Coordena\u00e7\u00e3o\" \/>\n\t<meta name=\"twitter:label2\" content=\"Est. tempo de leitura\" \/>\n\t<meta name=\"twitter:data2\" content=\"1 minuto\" \/>\n<script type=\"application\/ld+json\" class=\"yoast-schema-graph\">{\"@context\":\"https:\/\/schema.org\",\"@graph\":[{\"@type\":\"NewsArticle\",\"@id\":\"https:\/\/www.estrategiaconcursos.com.br\/blog\/entrevista-em-video-aurelio-secundo-aprovado-concurso-instituto-federal-piaui-para-pedagogo\/#article\",\"isPartOf\":{\"@id\":\"https:\/\/www.estrategiaconcursos.com.br\/blog\/entrevista-em-video-aurelio-secundo-aprovado-concurso-instituto-federal-piaui-para-pedagogo\/\"},\"author\":{\"name\":\"Coordena\u00e7\u00e3o\",\"@id\":\"https:\/\/www.estrategiaconcursos.com.br\/blog\/#\/schema\/person\/b4a388c97673c5f483d72185668afa1f\"},\"headline\":\"ENTREVISTA EM V\u00cdDEO: Aur\u00e9lio Secundo &#8211; Aprovado no concurso do Instituto Federal do Piau\u00ed para Pedagogo\",\"datePublished\":\"2014-10-02T15:00:15+00:00\",\"dateModified\":\"2015-01-12T18:15:22+00:00\",\"mainEntityOfPage\":{\"@id\":\"https:\/\/www.estrategiaconcursos.com.br\/blog\/entrevista-em-video-aurelio-secundo-aprovado-concurso-instituto-federal-piaui-para-pedagogo\/\"},\"wordCount\":215,\"publisher\":{\"@id\":\"https:\/\/www.estrategiaconcursos.com.br\/blog\/#organization\"},\"keywords\":[\"Aprovados\"],\"articleSection\":[\"Concursos P\u00fablicos\"],\"inLanguage\":\"pt-BR\",\"copyrightYear\":\"2014\",\"copyrightHolder\":{\"@id\":\"https:\/\/www.estrategiaconcursos.com.br\/blog\/#organization\"}},{\"@type\":\"WebPage\",\"@id\":\"https:\/\/www.estrategiaconcursos.com.br\/blog\/entrevista-em-video-aurelio-secundo-aprovado-concurso-instituto-federal-piaui-para-pedagogo\/\",\"url\":\"https:\/\/www.estrategiaconcursos.com.br\/blog\/entrevista-em-video-aurelio-secundo-aprovado-concurso-instituto-federal-piaui-para-pedagogo\/\",\"name\":\"ENTREVISTA EM V\u00cdDEO: Aur\u00e9lio Secundo - Aprovado no concurso do Instituto Federal do Piau\u00ed para Pedagogo\",\"isPartOf\":{\"@id\":\"https:\/\/www.estrategiaconcursos.com.br\/blog\/#website\"},\"datePublished\":\"2014-10-02T15:00:15+00:00\",\"dateModified\":\"2015-01-12T18:15:22+00:00\",\"description\":\"Confira a entrevista em v\u00eddeo com Aur\u00e9lio Secundo, aprovado no concurso do Instituto Federal do Piau\u00ed para Pedagogo\",\"breadcrumb\":{\"@id\":\"https:\/\/www.estrategiaconcursos.com.br\/blog\/entrevista-em-video-aurelio-secundo-aprovado-concurso-instituto-federal-piaui-para-pedagogo\/#breadcrumb\"},\"inLanguage\":\"pt-BR\",\"potentialAction\":[{\"@type\":\"ReadAction\",\"target\":[\"https:\/\/www.estrategiaconcursos.com.br\/blog\/entrevista-em-video-aurelio-secundo-aprovado-concurso-instituto-federal-piaui-para-pedagogo\/\"]}]},{\"@type\":\"BreadcrumbList\",\"@id\":\"https:\/\/www.estrategiaconcursos.com.br\/blog\/entrevista-em-video-aurelio-secundo-aprovado-concurso-instituto-federal-piaui-para-pedagogo\/#breadcrumb\",\"itemListElement\":[{\"@type\":\"ListItem\",\"position\":1,\"name\":\"In\u00edcio\",\"item\":\"https:\/\/www.estrategiaconcursos.com.br\/blog\/\"},{\"@type\":\"ListItem\",\"position\":2,\"name\":\"ENTREVISTA EM V\u00cdDEO: Aur\u00e9lio Secundo &#8211; Aprovado no concurso do Instituto Federal do Piau\u00ed para Pedagogo\"}]},{\"@type\":\"WebSite\",\"@id\":\"https:\/\/www.estrategiaconcursos.com.br\/blog\/#website\",\"url\":\"https:\/\/www.estrategiaconcursos.com.br\/blog\/\",\"name\":\"Estrat\u00e9gia Concursos\",\"description\":\"O blog da Estrat\u00e9gia Concursos traz not\u00edcias sobre concursos e artigos de professores oferecendo cursos para concursos (pdf + videaulas) no site.\",\"publisher\":{\"@id\":\"https:\/\/www.estrategiaconcursos.com.br\/blog\/#organization\"},\"potentialAction\":[{\"@type\":\"SearchAction\",\"target\":{\"@type\":\"EntryPoint\",\"urlTemplate\":\"https:\/\/www.estrategiaconcursos.com.br\/blog\/?s={search_term_string}\"},\"query-input\":{\"@type\":\"PropertyValueSpecification\",\"valueRequired\":true,\"valueName\":\"search_term_string\"}}],\"inLanguage\":\"pt-BR\"},{\"@type\":\"Organization\",\"@id\":\"https:\/\/www.estrategiaconcursos.com.br\/blog\/#organization\",\"name\":\"Estrat\u00e9gia Concursos\",\"url\":\"https:\/\/www.estrategiaconcursos.com.br\/blog\/\",\"logo\":{\"@type\":\"ImageObject\",\"inLanguage\":\"pt-BR\",\"@id\":\"https:\/\/www.estrategiaconcursos.com.br\/blog\/#\/schema\/logo\/image\/\",\"url\":\"https:\/\/dhg1h5j42swfq.cloudfront.net\/2025\/06\/03203428\/logo_concursos-1.jpg\",\"contentUrl\":\"https:\/\/dhg1h5j42swfq.cloudfront.net\/2025\/06\/03203428\/logo_concursos-1.jpg\",\"width\":230,\"height\":60,\"caption\":\"Estrat\u00e9gia Concursos\"},\"image\":{\"@id\":\"https:\/\/www.estrategiaconcursos.com.br\/blog\/#\/schema\/logo\/image\/\"},\"sameAs\":[\"https:\/\/x.com\/EstratConcursos\"]},{\"@type\":\"Person\",\"@id\":\"https:\/\/www.estrategiaconcursos.com.br\/blog\/#\/schema\/person\/b4a388c97673c5f483d72185668afa1f\",\"name\":\"Coordena\u00e7\u00e3o\",\"image\":{\"@type\":\"ImageObject\",\"inLanguage\":\"pt-BR\",\"@id\":\"https:\/\/secure.gravatar.com\/avatar\/b720319e4c9a967eb58678d110f4fe35452fc5d5f97b202bac7b8acceb18c6ad?s=96&d=mm&r=g\",\"url\":\"https:\/\/secure.gravatar.com\/avatar\/b720319e4c9a967eb58678d110f4fe35452fc5d5f97b202bac7b8acceb18c6ad?s=96&d=mm&r=g\",\"contentUrl\":\"https:\/\/secure.gravatar.com\/avatar\/b720319e4c9a967eb58678d110f4fe35452fc5d5f97b202bac7b8acceb18c6ad?s=96&d=mm&r=g\",\"caption\":\"Coordena\u00e7\u00e3o\"},\"sameAs\":[\"https:\/\/www.facebook.com\/EstrategiaConcursos\",\"https:\/\/x.com\/EstratConcursos\"],\"url\":\"https:\/\/www.estrategiaconcursos.com.br\/blog\/author\/estrategia2013\/\"}]}<\/script>\n<!-- \/ Yoast SEO Premium plugin. -->","yoast_head_json":{"title":"ENTREVISTA EM V\u00cdDEO: Aur\u00e9lio Secundo - Aprovado no concurso do Instituto Federal do Piau\u00ed para Pedagogo","description":"Confira a entrevista em v\u00eddeo com Aur\u00e9lio Secundo, aprovado no concurso do Instituto Federal do Piau\u00ed para Pedagogo","robots":{"index":"index","follow":"follow","max-snippet":"max-snippet:-1","max-image-preview":"max-image-preview:large","max-video-preview":"max-video-preview:-1"},"canonical":"https:\/\/www.estrategiaconcursos.com.br\/blog\/entrevista-em-video-aurelio-secundo-aprovado-concurso-instituto-federal-piaui-para-pedagogo\/","og_locale":"pt_BR","og_type":"article","og_title":"ENTREVISTA EM V\u00cdDEO: Aur\u00e9lio Secundo - Aprovado no concurso do Instituto Federal do Piau\u00ed para Pedagogo","og_description":"Confira a entrevista em v\u00eddeo com Aur\u00e9lio Secundo, aprovado no concurso do Instituto Federal do Piau\u00ed para Pedagogo","og_url":"https:\/\/www.estrategiaconcursos.com.br\/blog\/entrevista-em-video-aurelio-secundo-aprovado-concurso-instituto-federal-piaui-para-pedagogo\/","og_site_name":"Estrat\u00e9gia Concursos","article_author":"https:\/\/www.facebook.com\/EstrategiaConcursos","article_published_time":"2014-10-02T15:00:15+00:00","article_modified_time":"2015-01-12T18:15:22+00:00","author":"Coordena\u00e7\u00e3o","twitter_card":"summary_large_image","twitter_creator":"@EstratConcursos","twitter_site":"@EstratConcursos","twitter_misc":{"Escrito por":"Coordena\u00e7\u00e3o","Est. tempo de leitura":"1 minuto"},"schema":{"@context":"https:\/\/schema.org","@graph":[{"@type":"NewsArticle","@id":"https:\/\/www.estrategiaconcursos.com.br\/blog\/entrevista-em-video-aurelio-secundo-aprovado-concurso-instituto-federal-piaui-para-pedagogo\/#article","isPartOf":{"@id":"https:\/\/www.estrategiaconcursos.com.br\/blog\/entrevista-em-video-aurelio-secundo-aprovado-concurso-instituto-federal-piaui-para-pedagogo\/"},"author":{"name":"Coordena\u00e7\u00e3o","@id":"https:\/\/www.estrategiaconcursos.com.br\/blog\/#\/schema\/person\/b4a388c97673c5f483d72185668afa1f"},"headline":"ENTREVISTA EM V\u00cdDEO: Aur\u00e9lio Secundo &#8211; Aprovado no concurso do Instituto Federal do Piau\u00ed para Pedagogo","datePublished":"2014-10-02T15:00:15+00:00","dateModified":"2015-01-12T18:15:22+00:00","mainEntityOfPage":{"@id":"https:\/\/www.estrategiaconcursos.com.br\/blog\/entrevista-em-video-aurelio-secundo-aprovado-concurso-instituto-federal-piaui-para-pedagogo\/"},"wordCount":215,"publisher":{"@id":"https:\/\/www.estrategiaconcursos.com.br\/blog\/#organization"},"keywords":["Aprovados"],"articleSection":["Concursos P\u00fablicos"],"inLanguage":"pt-BR","copyrightYear":"2014","copyrightHolder":{"@id":"https:\/\/www.estrategiaconcursos.com.br\/blog\/#organization"}},{"@type":"WebPage","@id":"https:\/\/www.estrategiaconcursos.com.br\/blog\/entrevista-em-video-aurelio-secundo-aprovado-concurso-instituto-federal-piaui-para-pedagogo\/","url":"https:\/\/www.estrategiaconcursos.com.br\/blog\/entrevista-em-video-aurelio-secundo-aprovado-concurso-instituto-federal-piaui-para-pedagogo\/","name":"ENTREVISTA EM V\u00cdDEO: Aur\u00e9lio Secundo - Aprovado no concurso do Instituto Federal do Piau\u00ed para Pedagogo","isPartOf":{"@id":"https:\/\/www.estrategiaconcursos.com.br\/blog\/#website"},"datePublished":"2014-10-02T15:00:15+00:00","dateModified":"2015-01-12T18:15:22+00:00","description":"Confira a entrevista em v\u00eddeo com Aur\u00e9lio Secundo, aprovado no concurso do Instituto Federal do Piau\u00ed para Pedagogo","breadcrumb":{"@id":"https:\/\/www.estrategiaconcursos.com.br\/blog\/entrevista-em-video-aurelio-secundo-aprovado-concurso-instituto-federal-piaui-para-pedagogo\/#breadcrumb"},"inLanguage":"pt-BR","potentialAction":[{"@type":"ReadAction","target":["https:\/\/www.estrategiaconcursos.com.br\/blog\/entrevista-em-video-aurelio-secundo-aprovado-concurso-instituto-federal-piaui-para-pedagogo\/"]}]},{"@type":"BreadcrumbList","@id":"https:\/\/www.estrategiaconcursos.com.br\/blog\/entrevista-em-video-aurelio-secundo-aprovado-concurso-instituto-federal-piaui-para-pedagogo\/#breadcrumb","itemListElement":[{"@type":"ListItem","position":1,"name":"In\u00edcio","item":"https:\/\/www.estrategiaconcursos.com.br\/blog\/"},{"@type":"ListItem","position":2,"name":"ENTREVISTA EM V\u00cdDEO: Aur\u00e9lio Secundo &#8211; Aprovado no concurso do Instituto Federal do Piau\u00ed para Pedagogo"}]},{"@type":"WebSite","@id":"https:\/\/www.estrategiaconcursos.com.br\/blog\/#website","url":"https:\/\/www.estrategiaconcursos.com.br\/blog\/","name":"Estrat\u00e9gia Concursos","description":"O blog da Estrat\u00e9gia Concursos traz not\u00edcias sobre concursos e artigos de professores oferecendo cursos para concursos (pdf + videaulas) no site.","publisher":{"@id":"https:\/\/www.estrategiaconcursos.com.br\/blog\/#organization"},"potentialAction":[{"@type":"SearchAction","target":{"@type":"EntryPoint","urlTemplate":"https:\/\/www.estrategiaconcursos.com.br\/blog\/?s={search_term_string}"},"query-input":{"@type":"PropertyValueSpecification","valueRequired":true,"valueName":"search_term_string"}}],"inLanguage":"pt-BR"},{"@type":"Organization","@id":"https:\/\/www.estrategiaconcursos.com.br\/blog\/#organization","name":"Estrat\u00e9gia Concursos","url":"https:\/\/www.estrategiaconcursos.com.br\/blog\/","logo":{"@type":"ImageObject","inLanguage":"pt-BR","@id":"https:\/\/www.estrategiaconcursos.com.br\/blog\/#\/schema\/logo\/image\/","url":"https:\/\/dhg1h5j42swfq.cloudfront.net\/2025\/06\/03203428\/logo_concursos-1.jpg","contentUrl":"https:\/\/dhg1h5j42swfq.cloudfront.net\/2025\/06\/03203428\/logo_concursos-1.jpg","width":230,"height":60,"caption":"Estrat\u00e9gia Concursos"},"image":{"@id":"https:\/\/www.estrategiaconcursos.com.br\/blog\/#\/schema\/logo\/image\/"},"sameAs":["https:\/\/x.com\/EstratConcursos"]},{"@type":"Person","@id":"https:\/\/www.estrategiaconcursos.com.br\/blog\/#\/schema\/person\/b4a388c97673c5f483d72185668afa1f","name":"Coordena\u00e7\u00e3o","image":{"@type":"ImageObject","inLanguage":"pt-BR","@id":"https:\/\/secure.gravatar.com\/avatar\/b720319e4c9a967eb58678d110f4fe35452fc5d5f97b202bac7b8acceb18c6ad?s=96&d=mm&r=g","url":"https:\/\/secure.gravatar.com\/avatar\/b720319e4c9a967eb58678d110f4fe35452fc5d5f97b202bac7b8acceb18c6ad?s=96&d=mm&r=g","contentUrl":"https:\/\/secure.gravatar.com\/avatar\/b720319e4c9a967eb58678d110f4fe35452fc5d5f97b202bac7b8acceb18c6ad?s=96&d=mm&r=g","caption":"Coordena\u00e7\u00e3o"},"sameAs":["https:\/\/www.facebook.com\/EstrategiaConcursos","https:\/\/x.com\/EstratConcursos"],"url":"https:\/\/www.estrategiaconcursos.com.br\/blog\/author\/estrategia2013\/"}]}},"_links":{"self":[{"href":"https:\/\/www.estrategiaconcursos.com.br\/blog\/wp-json\/wp\/v2\/posts\/18619","targetHints":{"allow":["GET"]}}],"collection":[{"href":"https:\/\/www.estrategiaconcursos.com.br\/blog\/wp-json\/wp\/v2\/posts"}],"about":[{"href":"https:\/\/www.estrategiaconcursos.com.br\/blog\/wp-json\/wp\/v2\/types\/post"}],"author":[{"embeddable":true,"href":"https:\/\/www.estrategiaconcursos.com.br\/blog\/wp-json\/wp\/v2\/users\/1"}],"replies":[{"embeddable":true,"href":"https:\/\/www.estrategiaconcursos.com.br\/blog\/wp-json\/wp\/v2\/comments?post=18619"}],"version-history":[{"count":1,"href":"https:\/\/www.estrategiaconcursos.com.br\/blog\/wp-json\/wp\/v2\/posts\/18619\/revisions"}],"predecessor-version":[{"id":20533,"href":"https:\/\/www.estrategiaconcursos.com.br\/blog\/wp-json\/wp\/v2\/posts\/18619\/revisions\/20533"}],"wp:attachment":[{"href":"https:\/\/www.estrategiaconcursos.com.br\/blog\/wp-json\/wp\/v2\/media?parent=18619"}],"wp:term":[{"taxonomy":"category","embeddable":true,"href":"https:\/\/www.estrategiaconcursos.com.br\/blog\/wp-json\/wp\/v2\/categories?post=18619"},{"taxonomy":"post_tag","embeddable":true,"href":"https:\/\/www.estrategiaconcursos.com.br\/blog\/wp-json\/wp\/v2\/tags?post=18619"},{"taxonomy":"tax_estado","embeddable":true,"href":"https:\/\/www.estrategiaconcursos.com.br\/blog\/wp-json\/wp\/v2\/tax_estado?post=18619"}],"curies":[{"name":"wp","href":"https:\/\/api.w.org\/{rel}","templated":true}]}}