{"id":18569,"date":"2014-10-01T14:53:38","date_gmt":"2014-10-01T17:53:38","guid":{"rendered":"https:\/\/www.estrategiaconcursos.com.br\/blog\/?p=18569"},"modified":"2015-01-05T14:21:29","modified_gmt":"2015-01-05T17:21:29","slug":"comentarios-questoes-de-direito-tributario-camara-recife-assessor-juridico","status":"publish","type":"post","link":"https:\/\/www.estrategiaconcursos.com.br\/blog\/comentarios-questoes-de-direito-tributario-camara-recife-assessor-juridico\/","title":{"rendered":"Coment\u00e1rios \u00e0s quest\u00f5es de Direito Tribut\u00e1rio &#8211; C\u00e2mara do Recife (Assessor Jur\u00eddico)"},"content":{"rendered":"<p>Ol\u00e1, amigas e amigos concurseiros!<\/p>\n<p>Nesse post irei tecer coment\u00e1rios sobre as quest\u00f5es de direito tribut\u00e1rio cobradas no concurso para o cargo de Assessor Jur\u00eddico, aplicadas pela FGV no \u00faltimo fim de semana.<\/p>\n<p>As quest\u00f5es relativas ao direito tribut\u00e1rio foram cobradas nas quest\u00f5es 56 a 62 da prova, levando em considera\u00e7\u00e3o a prova branca do tipo 01. N\u00e3o vislumbrei recurso em nenhuma delas, estando todas conforme prev\u00ea a legisla\u00e7\u00e3o e a melhor doutrina\/jurisprud\u00eancia.<\/p>\n<p>Em geral, a prova estava dentro do esperado para o cargo. As quest\u00f5es pairaram sobre uma dificuldade de f\u00e1cil a mediana, sem maiores problemas para os candidatos razoavelmente preparados, ou que j\u00e1 vem com uma boa bagagem de estudo quanto \u00e0 mat\u00e9ria (para esses, a prova estava fil\u00e9!). Vamos aos coment\u00e1rios.<\/p>\n<p><strong>56.<\/strong> Tributo n\u00e3o vinculado \u00e9 aquele que tem por fato gerador uma situa\u00e7\u00e3o que independe de qualquer atividade estatal espec\u00edfica relativa ao contribuinte, diz-se um &#8220;tributo n\u00e3o vinculado&#8221;. Nesse sentido, \u00e9 &#8220;tributo n\u00e3o vinculado&#8221;:<\/p>\n<p>(A) o IPTU;<\/p>\n<p>(B) a taxa de fiscaliza\u00e7\u00e3o;<\/p>\n<p>(C) a contribui\u00e7\u00e3o de melhoria;<\/p>\n<p>(D) a taxa de melhoramento dos aeroportos;<\/p>\n<p>(E) a taxa de limpeza p\u00fablica.<\/p>\n<p>De acordo com o artigo 14 do CTN, imposto \u00e9 o tributo cuja obriga\u00e7\u00e3o tem por fato gerador uma situa\u00e7\u00e3o independente de qualquer atividade estatal espec\u00edfica, relativa ao contribuinte. Logo, o imposto, g\u00eanero no qual se inclui o ITPU, \u00e9 um tributo n\u00e3o vinculado por natureza.<\/p>\n<p>Gabarito: A.<\/p>\n<p><strong>57.<\/strong> Para aprovar um tratado, conven\u00e7\u00e3o ou ato internacional destinado a evitar a dupla tributa\u00e7\u00e3o em mat\u00e9ria de imposto sobre rendimentos, o instrumento necess\u00e1rio, segundo decorre dos termos da Constitui\u00e7\u00e3o da Rep\u00fablica, da praxe e das normas de direito interno, \u00e9:<\/p>\n<p>(A) a lei ordin\u00e1ria;<\/p>\n<p>(B) a assinatura da minuta pelos representantes plenipotenci\u00e1rios;<\/p>\n<p>(C) a emenda constitucional;<\/p>\n<p>(D) o decreto legislativo;<\/p>\n<p>(E) a lei delegada.<\/p>\n<p>Do direito constitucional, temos que cabe privativamente ao Presidente da Rep\u00fablica celebrar tratados internacionais, estando sujeitos a posterior referendo do Congresso Nacional, conforme preceituam os artigos 49, I, e 84, VIII, da CF\/88, uma vez que \u00e9 compet\u00eancia exclusiva do Congresso Nacional resolver definitivamente sobre tratados, acordos ou atos internacionais que acarretem encargos ou compromissos gravosos ao patrim\u00f4nio nacional. Para tanto, \u00e9 necess\u00e1ria a expedi\u00e7\u00e3o de Decreto Legislativo pelo Congresso Nacional para que o tratado, posteriormente, venha a adquirir <em>status<\/em> de lei em nosso ordenamento jur\u00eddico.<\/p>\n<p><em>\u201cArt. 49. \u00c9 da compet\u00eancia exclusiva do Congresso Nacional:<\/em><\/p>\n<p><em>I &#8211; resolver definitivamente sobre tratados, acordos ou atos internacionais que acarretem encargos ou compromissos gravosos ao patrim\u00f4nio nacional; (&#8230;)\u201d<\/em><\/p>\n<p><em>\u201cArt. 84. Compete privativamente ao Presidente da Rep\u00fablica: (&#8230;)<\/em><\/p>\n<p><em>VIII &#8211; celebrar tratados, conven\u00e7\u00f5es e atos internacionais, sujeitos a referendo do Congresso Nacional; (&#8230;)\u201d<\/em><\/p>\n<p>Ap\u00f3s o referendo do Congresso Nacional, o Presidente da Rep\u00fablica ratifica o tratado anteriormente firmado com o Estado ou organiza\u00e7\u00e3o estrangeira, dessa vez valendo-se do aval concedido pelo Poder Legislativo. A aprova\u00e7\u00e3o, contudo, \u00e9 ato privativo do Congresso Nacional, por meio de Decreto legislativo. Gabarito: D.<\/p>\n<p><strong>58.<\/strong> Na transmiss\u00e3o inter vivos, por ato oneroso, de direitos reais, juridicamente identificados como penhor, anticrese e enfiteuse, com rela\u00e7\u00e3o ao imposto de transmiss\u00e3o inter vivos de bens im\u00f3veis, h\u00e1 respectivamente:<\/p>\n<p>(A) incid\u00eancia, incid\u00eancia e incid\u00eancia;<\/p>\n<p>(B) n\u00e3o-incid\u00eancia, incid\u00eancia e n\u00e3o-incid\u00eancia;<\/p>\n<p>(C) incid\u00eancia, n\u00e3o-incid\u00eancia e incid\u00eancia;<\/p>\n<p>(D) incid\u00eancia, incid\u00eancia e n\u00e3o-incid\u00eancia;<\/p>\n<p>(E) n\u00e3o-incid\u00eancia, n\u00e3o-incid\u00eancia e incid\u00eancia.<\/p>\n<p>De acordo com o artigo 156, II, da CF\/88, compete aos munic\u00edpios, entre outros, a institui\u00e7\u00e3o de imposto sobre transmiss\u00e3o &#8220;inter vivos&#8221;, a qualquer t\u00edtulo, por ato oneroso, de bens im\u00f3veis, por natureza ou acess\u00e3o f\u00edsica, e de direitos reais sobre im\u00f3veis, exceto os de garantia, bem como cess\u00e3o de direitos a sua aquisi\u00e7\u00e3o.<\/p>\n<p>Por sua vez, incluem-se na hip\u00f3tese de incid\u00eancia do imposto quaisquer atos onerosos translativos ou constitutivos de direitos reais sobre im\u00f3veis, como definidos na lei civil, dentre os quais:<\/p>\n<p>1. a compra e venda e suas cess\u00f5es;<\/p>\n<p>2. a da\u00e7\u00e3o em pagamento;<\/p>\n<p>3. a permuta;<\/p>\n<p>4. o compromisso de venda e compra e suas cess\u00f5es;<\/p>\n<p>5. as tornas ou reposi\u00e7\u00f5es relativas a valores imobili\u00e1rios que ocorram na partilha de bens, havida na separa\u00e7\u00e3o, div\u00f3rcio, sucess\u00e3o ou, em virtude da extin\u00e7\u00e3o de condom\u00ednio, na divis\u00e3o do patrim\u00f4nio comum, no que exceder a respectiva mea\u00e7\u00e3o ou quinh\u00e3o;<\/p>\n<p>6. a arremata\u00e7\u00e3o, a adjudica\u00e7\u00e3o e a remi\u00e7\u00e3o;<\/p>\n<p>7. a concess\u00e3o de direito real de uso;<\/p>\n<p>8. a institui\u00e7\u00e3o de usufruto e enfiteuse;<\/p>\n<p>9. a servid\u00e3o;<\/p>\n<p>10. o mandato em causa pr\u00f3pria ou com poderes equivalentes para transmiss\u00e3o de bem im\u00f3vel e seu respectivo substabelecimento, quando outorgado para outra finalidade que n\u00e3o a do mandat\u00e1rio receber escritura definitiva do im\u00f3vel;<\/p>\n<p>11. a cess\u00e3o de direitos \u00e0 sucess\u00e3o;<\/p>\n<p>12. a cess\u00e3o de direitos possess\u00f3rios;<\/p>\n<p>13. a cess\u00e3o de direitos possess\u00f3rios do arrematante ou do adjudicat\u00e1rio, ap\u00f3s assinado o auto de arremata\u00e7\u00e3o ou de adjudica\u00e7\u00e3o;<\/p>\n<p>14. a cess\u00e3o de direito real de uso, usufruto e usucapi\u00e3o;<\/p>\n<p>15. a cess\u00e3o de benfeitorias e constru\u00e7\u00f5es em terreno compromissado \u00e0 venda ou alheio.<\/p>\n<p>&nbsp;<\/p>\n<p>De outro modo, s\u00e3o direitos reais de garantia, os seguintes:<\/p>\n<p>&nbsp;<\/p>\n<p>1. Hipoteca &#8211; garantia que recai sobre o im\u00f3vel. Quem contrai um financiamento para aquisi\u00e7\u00e3o de im\u00f3vel pode oferecer como garantia o pr\u00f3prio im\u00f3vel, por exemplo, para garantir a<\/p>\n<p>2. Anticrese &#8211; direito real sobre im\u00f3vel alheio, mediante entrega do bem, para que como forma de pagamento da d\u00edvida, o credor receba seus frutos e rendimentos.<\/p>\n<p>3. Penhor &#8211; garantia que recai sobre coisa m\u00f3vel.<\/p>\n<p>4. Direito real de aquisi\u00e7\u00e3o &#8211; o compromisso irretrat\u00e1vel de compra, quando devidamente averbado (art. 1417 do C. Civil)<\/p>\n<p>5. Da\u00e7\u00e3o em pagamento &#8211; consiste no acordo pelo qual o credor aceita em receber coisa que n\u00e3o seja dinheiro, em substitui\u00e7\u00e3o da presta\u00e7\u00e3o em moeda que lhe era devida<\/p>\n<p>6. Permuta &#8211; tem o mesmo significado de troca. Se A e B realizem a permuta de im\u00f3veis, ocorrer\u00e1 duas transfer\u00eancias sujeitas ao<\/p>\n<p>7. Torna &#8211; \u00e9 a reposi\u00e7\u00e3o em dinheiro do excesso de valor do bem ou direito<\/p>\n<p>8. Arremata\u00e7\u00e3o &#8211; \u00e8 a venda, em leil\u00e3o ou hasta p\u00fablica, a quem oferecer o maior lance, pode ser judicial ou extrajudicial.<\/p>\n<p>9. Adjudica\u00e7\u00e3o &#8211; \u00e9 o ato judicial pelo qual a propriedade do bem que deveria ser levado a leil\u00e3o ou hasta p\u00fablica \u00e9 transferida para outra pessoa de acordo com o crit\u00e9rio legal previsto para cada caso.<\/p>\n<p>10. Remi\u00e7\u00e3o &#8211; \u00e9 o direito concedido ao executado judicialmente de resgatar os bens penhorados.<\/p>\n<p>11. Usufruto &#8211; \u00e9 o direito real que permite que algu\u00e9m, por certo prazo, possa extrair frutos e utilidades (uso e gozo) de coisa alheia.<\/p>\n<p>12. Servid\u00e3o predial &#8211; se imp\u00f5e em um pr\u00e9dio em favor de outro, pelo qual o propriet\u00e1rio do pr\u00e9dio serviente perde o exerc\u00edcio de alguns de seus direitos, ou se obriga a tolerar que dele se utilize para determinado fim.<\/p>\n<p>13. Mandato em causa pr\u00f3pria &#8211; em car\u00e1ter irrevog\u00e1vel, pelo qual o mandante autoriza o mandat\u00e1rio a agir me seu pr\u00f3prio interesse, como se fosse o dono da coisa ou principal interessado.<\/p>\n<p>Assim, incide o ITBI sobre a enfiteuse e n\u00e3o incide o ITBI sobre o penhor e a anticrese. Gabarito: E.<\/p>\n<p><strong>59.<\/strong> Segundo a Constitui\u00e7\u00e3o Federal, compete aos Munic\u00edpios a institui\u00e7\u00e3o de:<\/p>\n<p>(A) imposto sobre a propriedade territorial rural;<\/p>\n<p>(B) imposto sobre a transmiss\u00e3o inter vivos, a qualquer t\u00edtulo, por ato oneroso, de bens im\u00f3veis;<\/p>\n<p>(C) empr\u00e9stimo compuls\u00f3rio para atender as despesas extraordin\u00e1rias decorrentes de calamidade p\u00fablica;<\/p>\n<p>(D) taxa em raz\u00e3o do servi\u00e7o p\u00fablico de g\u00e1s canalizado por eles prestado diretamente;<\/p>\n<p>(E) imposto sobre a transmiss\u00e3o causa mortis e doa\u00e7\u00e3o, de quaisquer bens ou direitos.<\/p>\n<p>A quest\u00e3o mais f\u00e1cil da prova. Al\u00e9m das taxas, das contribui\u00e7\u00f5es de melhoria, da COSIP e das contribui\u00e7\u00f5es previdenci\u00e1rias dos seus servidores, compete ainda aos munic\u00edpios a institui\u00e7\u00e3o de impostos sobre:<\/p>\n<p>a) propriedade predial e territorial urbana;<\/p>\n<p>b) transmiss\u00e3o &#8220;inter vivos&#8221;, a qualquer t\u00edtulo, por ato oneroso, de bens im\u00f3veis, por natureza ou acess\u00e3o f\u00edsica, e de direitos reais sobre im\u00f3veis, exceto os de garantia, bem como cess\u00e3o de direitos a sua aquisi\u00e7\u00e3o;<\/p>\n<p>c) servi\u00e7os de qualquer natureza, n\u00e3o compreendidos no art. 155, II, definidos em lei complementar.<\/p>\n<p>Gabarito: B.<\/p>\n<p><em>\u201cProfessor, a alternativa B n\u00e3o corresponde exatamente ao que disp\u00f5e o inciso II do artigo 156 da CF\/88! N\u00e3o seria caso de anula\u00e7\u00e3o?\u201d.<\/em> Concordo que n\u00e3o est\u00e1 mesmo, mas, dentre todas, \u00e9 a mais correta. N\u00e3o acredito que a banca venha a acatar um poss\u00edvel recurso.<\/p>\n<p><strong>60.<\/strong> As receitas provenientes do uso de bens do Estado, de impostos e de taxas s\u00e3o consideradas, respectivamente, receitas:<\/p>\n<p>(A) origin\u00e1ria, derivada e derivada;<\/p>\n<p>(B) derivada, derivada e derivada;<\/p>\n<p>(C) derivada, derivada e origin\u00e1ria;<\/p>\n<p>(D) origin\u00e1ria, derivada e origin\u00e1ria;<\/p>\n<p>(E) origin\u00e1ria, origin\u00e1ria e derivada.<\/p>\n<p>Esse tema pertence ao direito financeiro, e n\u00e3o ao direito tribut\u00e1rio. S\u00e3o receitas origin\u00e1rias os rendimentos que os governos auferem, utilizando os seus pr\u00f3prios recursos patrimoniais industriais e outros, n\u00e3o entendidos como tributos. As receitas origin\u00e1rias correspondem \u00e0s rendas, como os foros, laud\u00eamios, alugu\u00e9is, dividendos, participa\u00e7\u00f5es (se patrimoniais) e em tarifas (quando se tratar de rendas industriais).<\/p>\n<p>Por sua vez, s\u00e3o receitas derivadas as oriundas do setor privado da economia, isto \u00e9, de fam\u00edlias, empresas e do resto do mundo; s\u00e3o devidas por pessoas f\u00edsicas ou jur\u00eddicas de direito privado, que desenvolvam atividades econ\u00f4micas, exceto as que desfrutem de imunidade ou isen\u00e7\u00e3o, e correspondem aos tributos. De um lado, como sujeito ativo da rela\u00e7\u00e3o jur\u00eddica estar\u00e1 o fisco; de outro, como sujeito passivo, o contribuinte (pessoa f\u00edsica ou jur\u00eddica, pertencente ao setor privado).<\/p>\n<p>Gabarito: A.<\/p>\n<p><strong>61.<\/strong> O adquirente de um estabelecimento comercial decide continuar a mesma atividade exercida antes da aquisi\u00e7\u00e3o e o vendedor do estabelecimento se aposenta, cessando sua atividade empresarial. Com respeito aos tributos devidos at\u00e9 o momento da aquisi\u00e7\u00e3o do estabelecimento, o novo adquirente responde:<\/p>\n<p>(A) solidariamente, com o antigo propriet\u00e1rio, por todos os tributos;<\/p>\n<p>(B) subsidiariamente pela integralidade dos tributos;<\/p>\n<p>(C) integralmente por todos os tributos;<\/p>\n<p>(D) subsidiariamente pela metade dos tributos;<\/p>\n<p>(E) solidariamente, por cinquenta por cento dos tributos devidos.<\/p>\n<p>De acordo com o artigo 133 do CTN, a pessoa natural ou jur\u00eddica de direito privado que adquirir de outra, por qualquer t\u00edtulo, fundo de com\u00e9rcio ou estabelecimento comercial, industrial ou profissional, e continuar a respectiva explora\u00e7\u00e3o, sob a mesma ou outra raz\u00e3o social ou sob firma ou nome individual, responde pelos tributos, relativos ao fundo ou estabelecimento adquirido, devidos at\u00e9 \u00e0 data do ato:<\/p>\n<ul>\n<li>integralmente, se o alienante cessar a explora\u00e7\u00e3o do com\u00e9rcio, ind\u00fastria ou atividade;<\/li>\n<li>subsidiariamente com o alienante, se este prosseguir na explora\u00e7\u00e3o ou iniciar dentro de seis meses a contar da data da aliena\u00e7\u00e3o, nova atividade no mesmo ou em outro ramo de com\u00e9rcio, ind\u00fastria ou profiss\u00e3o.<\/li>\n<\/ul>\n<p>Gabarito: C.<\/p>\n<p><strong>62.<\/strong> No Direito tribut\u00e1rio brasileiro, o cr\u00e9dito tribut\u00e1rio representa o direito de cr\u00e9dito da Fazenda P\u00fablica, j\u00e1 devidamente apurado por procedimento administrativo denominado lan\u00e7amento. Sobre o tema, assinale a op\u00e7\u00e3o correta:<\/p>\n<p>(A) o direito de a Fazenda P\u00fablica ajuizar a a\u00e7\u00e3o de execu\u00e7\u00e3o fiscal prescreve em cinco anos, contados da data da inscri\u00e7\u00e3o do cr\u00e9dito em d\u00edvida ativa, nos termos do art. 174 do C\u00f3digo Tribut\u00e1rio Nacional;<\/p>\n<p>(B) o ajuizamento da a\u00e7\u00e3o de consigna\u00e7\u00e3o em pagamento extingue o cr\u00e9dito tribut\u00e1rio, conforme determina o C\u00f3digo Tribut\u00e1rio Nacional;<\/p>\n<p>(C) prescreve em dois anos a a\u00e7\u00e3o promovida pelo sujeito passivo visando anular decis\u00e3o do Conselho de Contribuintes que tenha negado a restitui\u00e7\u00e3o de tributo pago indevidamente;<\/p>\n<p>(D) a da\u00e7\u00e3o em pagamento, modalidade nova de extin\u00e7\u00e3o do cr\u00e9dito tribut\u00e1rio prevista no CTN, abrange bens m\u00f3veis e im\u00f3veis;<\/p>\n<p>(E) a expira\u00e7\u00e3o do prazo legal para lan\u00e7amento de um tributo, sem que a autoridade administrativa fiscal competente o tenha constitu\u00eddo, caracteriza hip\u00f3tese de remiss\u00e3o.<\/p>\n<p><strong>Alternativa a) Incorreta. <\/strong>O artigo 174 do CTN disp\u00f5e sobre a prescri\u00e7\u00e3o tribut\u00e1ria, contada a partir da constitui\u00e7\u00e3o definitiva do cr\u00e9dito tribut\u00e1rio, e n\u00e3o da data da inscri\u00e7\u00e3o desse em d\u00edvida ativa.<\/p>\n<p><strong>Alternativa b) Incorreta. <\/strong>O que extingue o cr\u00e9dito tribut\u00e1rio \u00e9 o julgamento procedente da consigna\u00e7\u00e3o em pagamento, conforme disp\u00f5e o artigo 156, VIII, c\/c artigo 164, \u00a72\u00ba, ambos do CTN. O simples ajuizamento da a\u00e7\u00e3o de consigna\u00e7\u00e3o n\u00e3o \u00e9 suficiente para a extin\u00e7\u00e3o imediata do cr\u00e9dito tribut\u00e1rio, dependendo de posterior homologa\u00e7\u00e3o dos valores.<\/p>\n<p><strong>Alternativa c) Correta. <\/strong>De acordo com o artigo 169 do CTN, prescreve em dois anos a a\u00e7\u00e3o anulat\u00f3ria da decis\u00e3o administrativa que denegar a restitui\u00e7\u00e3o.<\/p>\n<p><strong>Alternativa d) Incorreta. <\/strong>A da\u00e7\u00e3o em pagamento, modalidade de extin\u00e7\u00e3o do cr\u00e9dito tribut\u00e1rio, conforme o artigo 156, XI, do CTN, refere-se apenas aos im\u00f3veis, n\u00e3o abrangendo os m\u00f3veis.<\/p>\n<p><strong>Alternativa e) Incorreta. <\/strong>Essa situa\u00e7\u00e3o diz respeito \u00e0 decad\u00eancia, e n\u00e3o \u00e0 remiss\u00e3o, conforme disp\u00f5e o artigo 156, V, do CTN, c\/c artigo 173 do CTN.<\/p>\n<p>\u00c9 isso, pessoal! Caso tenham notado algo que passou desapercebido na corre\u00e7\u00e3o acima, podem me enviar um e-mail. Terei o maior prazer em ajud\u00e1-lo, ok? Bem como qualquer erro ou equ\u00edvoco que eu tenha cometido.<\/p>\n<p>At\u00e9 a pr\u00f3xima e boa sorte com os eventuais recursos!<\/p>\n<p>Tudo de bom! Abra\u00e7o!<\/p>\n<p style=\"text-align: center\"><a href=\"mailto:aluisioneto@estrategiaconcursos.com.br\">aluisioneto@estrategiaconcursos.com.br<\/a><\/p>\n<p style=\"text-align: center\"><a href=\"mailto:aluisioalneto@gmail.com\">aluisioalneto@gmail.com<\/a><\/p>\n<p style=\"text-align: center\"><a href=\"http:\/\/www.facebook.com\/aluisioalneto\">http:\/\/www.facebook.com\/aluisioalneto<\/a><\/p>\n","protected":false},"excerpt":{"rendered":"<p>Ol\u00e1, amigas e amigos concurseiros! Nesse post irei tecer coment\u00e1rios sobre as quest\u00f5es de direito tribut\u00e1rio cobradas no concurso para o cargo de Assessor Jur\u00eddico, aplicadas pela FGV no \u00faltimo fim de semana. As quest\u00f5es relativas ao direito tribut\u00e1rio foram cobradas nas quest\u00f5es 56 a 62 da prova, levando em considera\u00e7\u00e3o a prova branca do [&hellip;]<\/p>\n","protected":false},"author":3,"featured_media":0,"comment_status":"open","ping_status":"open","sticky":false,"template":"","format":"standard","meta":{"post_tipo":"article","footnotes":""},"categories":[1],"tags":[535,558],"tax_estado":[],"class_list":["post-18569","post","type-post","status-publish","format-standard","hentry","category-cursos-e-concursos","tag-direito-tributario","tag-iss-recife"],"acf":[],"yoast_head":"<!-- This site is optimized with the Yoast SEO Premium plugin v27.2 (Yoast SEO v27.2) - https:\/\/yoast.com\/product\/yoast-seo-premium-wordpress\/ -->\n<title>Coment\u00e1rios \u00e0s quest\u00f5es de Direito Tribut\u00e1rio - C\u00e2mara do Recife (Assessor Jur\u00eddico)<\/title>\n<meta name=\"robots\" content=\"index, follow, max-snippet:-1, max-image-preview:large, max-video-preview:-1\" \/>\n<link rel=\"canonical\" href=\"https:\/\/www.estrategiaconcursos.com.br\/blog\/comentarios-questoes-de-direito-tributario-camara-recife-assessor-juridico\/\" \/>\n<meta property=\"og:locale\" content=\"pt_BR\" \/>\n<meta property=\"og:type\" content=\"article\" \/>\n<meta property=\"og:title\" content=\"Coment\u00e1rios \u00e0s quest\u00f5es de Direito Tribut\u00e1rio - C\u00e2mara do Recife (Assessor Jur\u00eddico)\" \/>\n<meta property=\"og:description\" content=\"Ol\u00e1, amigas e amigos concurseiros! Nesse post irei tecer coment\u00e1rios sobre as quest\u00f5es de direito tribut\u00e1rio cobradas no concurso para o cargo de Assessor Jur\u00eddico, aplicadas pela FGV no \u00faltimo fim de semana. As quest\u00f5es relativas ao direito tribut\u00e1rio foram cobradas nas quest\u00f5es 56 a 62 da prova, levando em considera\u00e7\u00e3o a prova branca do [&hellip;]\" \/>\n<meta property=\"og:url\" content=\"https:\/\/www.estrategiaconcursos.com.br\/blog\/comentarios-questoes-de-direito-tributario-camara-recife-assessor-juridico\/\" \/>\n<meta property=\"og:site_name\" content=\"Estrat\u00e9gia Concursos\" \/>\n<meta property=\"article:author\" content=\"http:\/\/www.facebook.com\/aluisioalneto\" \/>\n<meta property=\"article:published_time\" content=\"2014-10-01T17:53:38+00:00\" \/>\n<meta property=\"article:modified_time\" content=\"2015-01-05T17:21:29+00:00\" \/>\n<meta name=\"author\" content=\"Aluisio Neto\" \/>\n<meta name=\"twitter:card\" content=\"summary_large_image\" \/>\n<meta name=\"twitter:creator\" content=\"@EstratConcursos\" \/>\n<meta name=\"twitter:site\" content=\"@EstratConcursos\" \/>\n<meta name=\"twitter:label1\" content=\"Escrito por\" \/>\n\t<meta name=\"twitter:data1\" content=\"Aluisio Neto\" \/>\n\t<meta name=\"twitter:label2\" content=\"Est. tempo de leitura\" \/>\n\t<meta name=\"twitter:data2\" content=\"12 minutos\" \/>\n<script type=\"application\/ld+json\" class=\"yoast-schema-graph\">{\"@context\":\"https:\/\/schema.org\",\"@graph\":[{\"@type\":\"NewsArticle\",\"@id\":\"https:\/\/www.estrategiaconcursos.com.br\/blog\/comentarios-questoes-de-direito-tributario-camara-recife-assessor-juridico\/#article\",\"isPartOf\":{\"@id\":\"https:\/\/www.estrategiaconcursos.com.br\/blog\/comentarios-questoes-de-direito-tributario-camara-recife-assessor-juridico\/\"},\"author\":{\"name\":\"Aluisio Neto\",\"@id\":\"https:\/\/www.estrategiaconcursos.com.br\/blog\/#\/schema\/person\/ffa88acf2785fd114e519e068a27ca9e\"},\"headline\":\"Coment\u00e1rios \u00e0s quest\u00f5es de Direito Tribut\u00e1rio &#8211; C\u00e2mara do Recife (Assessor Jur\u00eddico)\",\"datePublished\":\"2014-10-01T17:53:38+00:00\",\"dateModified\":\"2015-01-05T17:21:29+00:00\",\"mainEntityOfPage\":{\"@id\":\"https:\/\/www.estrategiaconcursos.com.br\/blog\/comentarios-questoes-de-direito-tributario-camara-recife-assessor-juridico\/\"},\"wordCount\":2388,\"commentCount\":0,\"publisher\":{\"@id\":\"https:\/\/www.estrategiaconcursos.com.br\/blog\/#organization\"},\"keywords\":[\"Direito Tribut\u00e1rio\",\"ISS Recife\"],\"articleSection\":[\"Concursos P\u00fablicos\"],\"inLanguage\":\"pt-BR\",\"potentialAction\":[{\"@type\":\"CommentAction\",\"name\":\"Comment\",\"target\":[\"https:\/\/www.estrategiaconcursos.com.br\/blog\/comentarios-questoes-de-direito-tributario-camara-recife-assessor-juridico\/#respond\"]}],\"copyrightYear\":\"2014\",\"copyrightHolder\":{\"@id\":\"https:\/\/www.estrategiaconcursos.com.br\/blog\/#organization\"}},{\"@type\":\"WebPage\",\"@id\":\"https:\/\/www.estrategiaconcursos.com.br\/blog\/comentarios-questoes-de-direito-tributario-camara-recife-assessor-juridico\/\",\"url\":\"https:\/\/www.estrategiaconcursos.com.br\/blog\/comentarios-questoes-de-direito-tributario-camara-recife-assessor-juridico\/\",\"name\":\"Coment\u00e1rios \u00e0s quest\u00f5es de Direito Tribut\u00e1rio - C\u00e2mara do Recife (Assessor Jur\u00eddico)\",\"isPartOf\":{\"@id\":\"https:\/\/www.estrategiaconcursos.com.br\/blog\/#website\"},\"datePublished\":\"2014-10-01T17:53:38+00:00\",\"dateModified\":\"2015-01-05T17:21:29+00:00\",\"breadcrumb\":{\"@id\":\"https:\/\/www.estrategiaconcursos.com.br\/blog\/comentarios-questoes-de-direito-tributario-camara-recife-assessor-juridico\/#breadcrumb\"},\"inLanguage\":\"pt-BR\",\"potentialAction\":[{\"@type\":\"ReadAction\",\"target\":[\"https:\/\/www.estrategiaconcursos.com.br\/blog\/comentarios-questoes-de-direito-tributario-camara-recife-assessor-juridico\/\"]}]},{\"@type\":\"BreadcrumbList\",\"@id\":\"https:\/\/www.estrategiaconcursos.com.br\/blog\/comentarios-questoes-de-direito-tributario-camara-recife-assessor-juridico\/#breadcrumb\",\"itemListElement\":[{\"@type\":\"ListItem\",\"position\":1,\"name\":\"In\u00edcio\",\"item\":\"https:\/\/www.estrategiaconcursos.com.br\/blog\/\"},{\"@type\":\"ListItem\",\"position\":2,\"name\":\"Coment\u00e1rios \u00e0s quest\u00f5es de Direito Tribut\u00e1rio &#8211; C\u00e2mara do Recife (Assessor Jur\u00eddico)\"}]},{\"@type\":\"WebSite\",\"@id\":\"https:\/\/www.estrategiaconcursos.com.br\/blog\/#website\",\"url\":\"https:\/\/www.estrategiaconcursos.com.br\/blog\/\",\"name\":\"Estrat\u00e9gia Concursos\",\"description\":\"O blog da Estrat\u00e9gia Concursos traz not\u00edcias sobre concursos e artigos de professores oferecendo cursos para concursos (pdf + videaulas) no site.\",\"publisher\":{\"@id\":\"https:\/\/www.estrategiaconcursos.com.br\/blog\/#organization\"},\"potentialAction\":[{\"@type\":\"SearchAction\",\"target\":{\"@type\":\"EntryPoint\",\"urlTemplate\":\"https:\/\/www.estrategiaconcursos.com.br\/blog\/?s={search_term_string}\"},\"query-input\":{\"@type\":\"PropertyValueSpecification\",\"valueRequired\":true,\"valueName\":\"search_term_string\"}}],\"inLanguage\":\"pt-BR\"},{\"@type\":\"Organization\",\"@id\":\"https:\/\/www.estrategiaconcursos.com.br\/blog\/#organization\",\"name\":\"Estrat\u00e9gia Concursos\",\"url\":\"https:\/\/www.estrategiaconcursos.com.br\/blog\/\",\"logo\":{\"@type\":\"ImageObject\",\"inLanguage\":\"pt-BR\",\"@id\":\"https:\/\/www.estrategiaconcursos.com.br\/blog\/#\/schema\/logo\/image\/\",\"url\":\"https:\/\/dhg1h5j42swfq.cloudfront.net\/2025\/06\/03203428\/logo_concursos-1.jpg\",\"contentUrl\":\"https:\/\/dhg1h5j42swfq.cloudfront.net\/2025\/06\/03203428\/logo_concursos-1.jpg\",\"width\":230,\"height\":60,\"caption\":\"Estrat\u00e9gia Concursos\"},\"image\":{\"@id\":\"https:\/\/www.estrategiaconcursos.com.br\/blog\/#\/schema\/logo\/image\/\"},\"sameAs\":[\"https:\/\/x.com\/EstratConcursos\"]},{\"@type\":\"Person\",\"@id\":\"https:\/\/www.estrategiaconcursos.com.br\/blog\/#\/schema\/person\/ffa88acf2785fd114e519e068a27ca9e\",\"name\":\"Aluisio Neto\",\"image\":{\"@type\":\"ImageObject\",\"inLanguage\":\"pt-BR\",\"@id\":\"https:\/\/secure.gravatar.com\/avatar\/5e333cb4a6d2e4dee8f33229d897634efd36084098a6da40059f6aa20b1c6dc2?s=96&d=mm&r=g\",\"url\":\"https:\/\/secure.gravatar.com\/avatar\/5e333cb4a6d2e4dee8f33229d897634efd36084098a6da40059f6aa20b1c6dc2?s=96&d=mm&r=g\",\"contentUrl\":\"https:\/\/secure.gravatar.com\/avatar\/5e333cb4a6d2e4dee8f33229d897634efd36084098a6da40059f6aa20b1c6dc2?s=96&d=mm&r=g\",\"caption\":\"Aluisio Neto\"},\"sameAs\":[\"http:\/\/www.facebook.com\/aluisioalneto\"],\"url\":\"https:\/\/www.estrategiaconcursos.com.br\/blog\/author\/aluisionetoestrategiaconcursos-com-br\/\"}]}<\/script>\n<!-- \/ Yoast SEO Premium plugin. -->","yoast_head_json":{"title":"Coment\u00e1rios \u00e0s quest\u00f5es de Direito Tribut\u00e1rio - C\u00e2mara do Recife (Assessor Jur\u00eddico)","robots":{"index":"index","follow":"follow","max-snippet":"max-snippet:-1","max-image-preview":"max-image-preview:large","max-video-preview":"max-video-preview:-1"},"canonical":"https:\/\/www.estrategiaconcursos.com.br\/blog\/comentarios-questoes-de-direito-tributario-camara-recife-assessor-juridico\/","og_locale":"pt_BR","og_type":"article","og_title":"Coment\u00e1rios \u00e0s quest\u00f5es de Direito Tribut\u00e1rio - C\u00e2mara do Recife (Assessor Jur\u00eddico)","og_description":"Ol\u00e1, amigas e amigos concurseiros! Nesse post irei tecer coment\u00e1rios sobre as quest\u00f5es de direito tribut\u00e1rio cobradas no concurso para o cargo de Assessor Jur\u00eddico, aplicadas pela FGV no \u00faltimo fim de semana. As quest\u00f5es relativas ao direito tribut\u00e1rio foram cobradas nas quest\u00f5es 56 a 62 da prova, levando em considera\u00e7\u00e3o a prova branca do [&hellip;]","og_url":"https:\/\/www.estrategiaconcursos.com.br\/blog\/comentarios-questoes-de-direito-tributario-camara-recife-assessor-juridico\/","og_site_name":"Estrat\u00e9gia Concursos","article_author":"http:\/\/www.facebook.com\/aluisioalneto","article_published_time":"2014-10-01T17:53:38+00:00","article_modified_time":"2015-01-05T17:21:29+00:00","author":"Aluisio Neto","twitter_card":"summary_large_image","twitter_creator":"@EstratConcursos","twitter_site":"@EstratConcursos","twitter_misc":{"Escrito por":"Aluisio Neto","Est. tempo de leitura":"12 minutos"},"schema":{"@context":"https:\/\/schema.org","@graph":[{"@type":"NewsArticle","@id":"https:\/\/www.estrategiaconcursos.com.br\/blog\/comentarios-questoes-de-direito-tributario-camara-recife-assessor-juridico\/#article","isPartOf":{"@id":"https:\/\/www.estrategiaconcursos.com.br\/blog\/comentarios-questoes-de-direito-tributario-camara-recife-assessor-juridico\/"},"author":{"name":"Aluisio Neto","@id":"https:\/\/www.estrategiaconcursos.com.br\/blog\/#\/schema\/person\/ffa88acf2785fd114e519e068a27ca9e"},"headline":"Coment\u00e1rios \u00e0s quest\u00f5es de Direito Tribut\u00e1rio &#8211; C\u00e2mara do Recife (Assessor Jur\u00eddico)","datePublished":"2014-10-01T17:53:38+00:00","dateModified":"2015-01-05T17:21:29+00:00","mainEntityOfPage":{"@id":"https:\/\/www.estrategiaconcursos.com.br\/blog\/comentarios-questoes-de-direito-tributario-camara-recife-assessor-juridico\/"},"wordCount":2388,"commentCount":0,"publisher":{"@id":"https:\/\/www.estrategiaconcursos.com.br\/blog\/#organization"},"keywords":["Direito Tribut\u00e1rio","ISS Recife"],"articleSection":["Concursos P\u00fablicos"],"inLanguage":"pt-BR","potentialAction":[{"@type":"CommentAction","name":"Comment","target":["https:\/\/www.estrategiaconcursos.com.br\/blog\/comentarios-questoes-de-direito-tributario-camara-recife-assessor-juridico\/#respond"]}],"copyrightYear":"2014","copyrightHolder":{"@id":"https:\/\/www.estrategiaconcursos.com.br\/blog\/#organization"}},{"@type":"WebPage","@id":"https:\/\/www.estrategiaconcursos.com.br\/blog\/comentarios-questoes-de-direito-tributario-camara-recife-assessor-juridico\/","url":"https:\/\/www.estrategiaconcursos.com.br\/blog\/comentarios-questoes-de-direito-tributario-camara-recife-assessor-juridico\/","name":"Coment\u00e1rios \u00e0s quest\u00f5es de Direito Tribut\u00e1rio - C\u00e2mara do Recife (Assessor Jur\u00eddico)","isPartOf":{"@id":"https:\/\/www.estrategiaconcursos.com.br\/blog\/#website"},"datePublished":"2014-10-01T17:53:38+00:00","dateModified":"2015-01-05T17:21:29+00:00","breadcrumb":{"@id":"https:\/\/www.estrategiaconcursos.com.br\/blog\/comentarios-questoes-de-direito-tributario-camara-recife-assessor-juridico\/#breadcrumb"},"inLanguage":"pt-BR","potentialAction":[{"@type":"ReadAction","target":["https:\/\/www.estrategiaconcursos.com.br\/blog\/comentarios-questoes-de-direito-tributario-camara-recife-assessor-juridico\/"]}]},{"@type":"BreadcrumbList","@id":"https:\/\/www.estrategiaconcursos.com.br\/blog\/comentarios-questoes-de-direito-tributario-camara-recife-assessor-juridico\/#breadcrumb","itemListElement":[{"@type":"ListItem","position":1,"name":"In\u00edcio","item":"https:\/\/www.estrategiaconcursos.com.br\/blog\/"},{"@type":"ListItem","position":2,"name":"Coment\u00e1rios \u00e0s quest\u00f5es de Direito Tribut\u00e1rio &#8211; C\u00e2mara do Recife (Assessor Jur\u00eddico)"}]},{"@type":"WebSite","@id":"https:\/\/www.estrategiaconcursos.com.br\/blog\/#website","url":"https:\/\/www.estrategiaconcursos.com.br\/blog\/","name":"Estrat\u00e9gia Concursos","description":"O blog da Estrat\u00e9gia Concursos traz not\u00edcias sobre concursos e artigos de professores oferecendo cursos para concursos (pdf + videaulas) no site.","publisher":{"@id":"https:\/\/www.estrategiaconcursos.com.br\/blog\/#organization"},"potentialAction":[{"@type":"SearchAction","target":{"@type":"EntryPoint","urlTemplate":"https:\/\/www.estrategiaconcursos.com.br\/blog\/?s={search_term_string}"},"query-input":{"@type":"PropertyValueSpecification","valueRequired":true,"valueName":"search_term_string"}}],"inLanguage":"pt-BR"},{"@type":"Organization","@id":"https:\/\/www.estrategiaconcursos.com.br\/blog\/#organization","name":"Estrat\u00e9gia Concursos","url":"https:\/\/www.estrategiaconcursos.com.br\/blog\/","logo":{"@type":"ImageObject","inLanguage":"pt-BR","@id":"https:\/\/www.estrategiaconcursos.com.br\/blog\/#\/schema\/logo\/image\/","url":"https:\/\/dhg1h5j42swfq.cloudfront.net\/2025\/06\/03203428\/logo_concursos-1.jpg","contentUrl":"https:\/\/dhg1h5j42swfq.cloudfront.net\/2025\/06\/03203428\/logo_concursos-1.jpg","width":230,"height":60,"caption":"Estrat\u00e9gia Concursos"},"image":{"@id":"https:\/\/www.estrategiaconcursos.com.br\/blog\/#\/schema\/logo\/image\/"},"sameAs":["https:\/\/x.com\/EstratConcursos"]},{"@type":"Person","@id":"https:\/\/www.estrategiaconcursos.com.br\/blog\/#\/schema\/person\/ffa88acf2785fd114e519e068a27ca9e","name":"Aluisio Neto","image":{"@type":"ImageObject","inLanguage":"pt-BR","@id":"https:\/\/secure.gravatar.com\/avatar\/5e333cb4a6d2e4dee8f33229d897634efd36084098a6da40059f6aa20b1c6dc2?s=96&d=mm&r=g","url":"https:\/\/secure.gravatar.com\/avatar\/5e333cb4a6d2e4dee8f33229d897634efd36084098a6da40059f6aa20b1c6dc2?s=96&d=mm&r=g","contentUrl":"https:\/\/secure.gravatar.com\/avatar\/5e333cb4a6d2e4dee8f33229d897634efd36084098a6da40059f6aa20b1c6dc2?s=96&d=mm&r=g","caption":"Aluisio Neto"},"sameAs":["http:\/\/www.facebook.com\/aluisioalneto"],"url":"https:\/\/www.estrategiaconcursos.com.br\/blog\/author\/aluisionetoestrategiaconcursos-com-br\/"}]}},"_links":{"self":[{"href":"https:\/\/www.estrategiaconcursos.com.br\/blog\/wp-json\/wp\/v2\/posts\/18569","targetHints":{"allow":["GET"]}}],"collection":[{"href":"https:\/\/www.estrategiaconcursos.com.br\/blog\/wp-json\/wp\/v2\/posts"}],"about":[{"href":"https:\/\/www.estrategiaconcursos.com.br\/blog\/wp-json\/wp\/v2\/types\/post"}],"author":[{"embeddable":true,"href":"https:\/\/www.estrategiaconcursos.com.br\/blog\/wp-json\/wp\/v2\/users\/3"}],"replies":[{"embeddable":true,"href":"https:\/\/www.estrategiaconcursos.com.br\/blog\/wp-json\/wp\/v2\/comments?post=18569"}],"version-history":[{"count":3,"href":"https:\/\/www.estrategiaconcursos.com.br\/blog\/wp-json\/wp\/v2\/posts\/18569\/revisions"}],"predecessor-version":[{"id":18574,"href":"https:\/\/www.estrategiaconcursos.com.br\/blog\/wp-json\/wp\/v2\/posts\/18569\/revisions\/18574"}],"wp:attachment":[{"href":"https:\/\/www.estrategiaconcursos.com.br\/blog\/wp-json\/wp\/v2\/media?parent=18569"}],"wp:term":[{"taxonomy":"category","embeddable":true,"href":"https:\/\/www.estrategiaconcursos.com.br\/blog\/wp-json\/wp\/v2\/categories?post=18569"},{"taxonomy":"post_tag","embeddable":true,"href":"https:\/\/www.estrategiaconcursos.com.br\/blog\/wp-json\/wp\/v2\/tags?post=18569"},{"taxonomy":"tax_estado","embeddable":true,"href":"https:\/\/www.estrategiaconcursos.com.br\/blog\/wp-json\/wp\/v2\/tax_estado?post=18569"}],"curies":[{"name":"wp","href":"https:\/\/api.w.org\/{rel}","templated":true}]}}