{"id":18360,"date":"2014-09-25T12:14:22","date_gmt":"2014-09-25T15:14:22","guid":{"rendered":"https:\/\/www.estrategiaconcursos.com.br\/blog\/?post_type=noticia&#038;p=18360"},"modified":"2023-02-13T11:18:53","modified_gmt":"2023-02-13T14:18:53","slug":"entrevista-em-video-fernando-medeiros-aprovado-no-concurso-sefazrs-para-o-cargo-de-tecnico-tributario","status":"publish","type":"post","link":"https:\/\/www.estrategiaconcursos.com.br\/blog\/entrevista-em-video-fernando-medeiros-aprovado-no-concurso-sefazrs-para-o-cargo-de-tecnico-tributario\/","title":{"rendered":"ENTREVISTA EM V\u00cdDEO: Fernando Medeiros &#8211; Aprovado no concurso SEFAZ\/RS para o cargo de T\u00e9cnico Tribut\u00e1rio"},"content":{"rendered":"<p style=\"text-align: justify;\"><span style=\"color: #000000;\">Estudar para concursos e trabalhar. Essa \u00e9 a realidade de muitos concurseiros que n\u00e3o podem ou de alguma forma n\u00e3o t\u00eam a oportunidade de se dedicar t\u00e3o somente aos estudos. No caso do pernambucano Fernando Medeiros, de 26 anos, para conseguir sua aprova\u00e7\u00e3o no concurso da Secretaria de Fazenda do Estado do Rio Grande do Sul, sua maior dificuldade foi exatamente essa: ele trabalhava oito horas por dia e ainda precisa se organizar para conseguir estudar.<\/span><\/p>\n<p style=\"text-align: justify;\"><span style=\"color: #000000;\">Se isso foi imposs\u00edvel? Nada \u00e9 imposs\u00edvel para quem realmente deseja e corre atr\u00e1s de seus sonhos.\u00a0Se foi f\u00e1cil? De forma alguma. Fernando chegou a ser motivo de preocupa\u00e7\u00e3o entre seus amigos, pois se dedicava tanto aos estudos que sua certeza de que iria passar era t\u00e3o grande quanto o seu empenho. Seus amigos tinham medo de que ele n\u00e3o fosse aprovado e que tudo acabasse com uma grande decep\u00e7\u00e3o.<\/span><\/p>\n<p style=\"text-align: justify;\"><span style=\"color: #000000;\">Mas felizmente ele passou e sua vida \u00e9 s\u00f3 alegria. Na verdade, quase tudo \u00e9 alegria, pois outro sentimento que j\u00e1 faz parte da vida de Fernando \u00e9 a saudade, pois sabe que em breve deixar\u00e1 sua fam\u00edlia no nordeste do Brasil para uma nova vida no sul do pa\u00eds.<\/span><\/p>\n<p style=\"text-align: justify;\"><span style=\"color: #000000;\">Confira a entrevista em v\u00eddeo com Fernando Medeiros, mais uma\u00a0da s\u00e9rie que iremos postar diariamente at\u00e9 o final deste m\u00eas, em comemora\u00e7\u00e3o ao anivers\u00e1rio de 3 anos do Estrat\u00e9gia Concursos.<\/span><\/p>\n<p style=\"text-align: justify;\"><span style=\"color: #000000;\"><strong>RETIFICA\u00c7\u00c3O: Fernando foi aprovado no concurso da SEFAZ do Rio Grande do Sul e n\u00e3o de Pernambuco, como est\u00e1 no cr\u00e9dito do v\u00eddeo.<\/strong><\/span><\/p>\n<p style=\"text-align: center;\"><a href=\"https:\/\/www.youtube.com\/watch?v=s_k7XaNZWSs\">Assista AQUI!<\/a><\/p>\n<p><span style=\"color: #000000;\">Outras entrevistas em:<\/span><\/p>\n<p><span style=\"color: #0000ff;\"><a style=\"color: #0000ff;\" href=\"https:\/\/www.estrategiaconcursos.com.br\/depoimentos\/\">https:\/\/www.estrategiaconcursos.com.br\/depoimentos\/<\/a><\/span><\/p>\n<p><span style=\"color: #000000;\">Assessoria de Comunica\u00e7\u00e3o<\/span><\/p>\n<p><span style=\"color: #000000;\">comunicacao@estrategiaconcursos.com.br<\/span><\/p>\n","protected":false},"excerpt":{"rendered":"<p>Estudar para concursos e trabalhar. Essa \u00e9 a realidade de muitos concurseiros que n\u00e3o podem ou de alguma forma n\u00e3o t\u00eam a oportunidade de se dedicar t\u00e3o somente aos estudos. No caso do pernambucano Fernando Medeiros, de 26 anos, para conseguir sua aprova\u00e7\u00e3o no concurso da Secretaria de Fazenda do Estado do Rio Grande do [&hellip;]<\/p>\n","protected":false},"author":1,"featured_media":0,"comment_status":"closed","ping_status":"closed","sticky":false,"template":"","format":"standard","meta":{"post_tipo":"news","footnotes":""},"categories":[1,1983],"tags":[568],"tax_estado":[],"class_list":["post-18360","post","type-post","status-publish","format-standard","hentry","category-cursos-e-concursos","category-fiscal-estadual","tag-aprovados"],"acf":[],"yoast_head":"<!-- This site is optimized with the Yoast SEO Premium plugin v27.2 (Yoast SEO v27.2) - https:\/\/yoast.com\/product\/yoast-seo-premium-wordpress\/ -->\n<title>ENTREVISTA EM V\u00cdDEO: Fernando Medeiros - Aprovado no concurso SEFAZ\/RS para o cargo de T\u00e9cnico Tribut\u00e1rio<\/title>\n<meta name=\"description\" content=\"Confira a entrevista em v\u00eddeo com Fernando Medeiros, aprovado no concurso SEFAZ\/RS para o cargo de T\u00e9cnico Tribut\u00e1rio\" \/>\n<meta name=\"robots\" content=\"index, follow, max-snippet:-1, max-image-preview:large, max-video-preview:-1\" \/>\n<link rel=\"canonical\" href=\"https:\/\/www.estrategiaconcursos.com.br\/blog\/entrevista-em-video-fernando-medeiros-aprovado-no-concurso-sefazrs-para-o-cargo-de-tecnico-tributario\/\" \/>\n<meta property=\"og:locale\" content=\"pt_BR\" \/>\n<meta property=\"og:type\" content=\"article\" \/>\n<meta property=\"og:title\" content=\"ENTREVISTA EM V\u00cdDEO: Fernando Medeiros - Aprovado no concurso SEFAZ\/RS para o cargo de T\u00e9cnico Tribut\u00e1rio\" \/>\n<meta property=\"og:description\" content=\"Confira a entrevista em v\u00eddeo com Fernando Medeiros, aprovado no concurso SEFAZ\/RS para o cargo de T\u00e9cnico Tribut\u00e1rio\" \/>\n<meta property=\"og:url\" content=\"https:\/\/www.estrategiaconcursos.com.br\/blog\/entrevista-em-video-fernando-medeiros-aprovado-no-concurso-sefazrs-para-o-cargo-de-tecnico-tributario\/\" \/>\n<meta property=\"og:site_name\" content=\"Estrat\u00e9gia Concursos\" \/>\n<meta property=\"article:author\" content=\"https:\/\/www.facebook.com\/EstrategiaConcursos\" \/>\n<meta property=\"article:published_time\" content=\"2014-09-25T15:14:22+00:00\" \/>\n<meta property=\"article:modified_time\" content=\"2023-02-13T14:18:53+00:00\" \/>\n<meta name=\"author\" content=\"Coordena\u00e7\u00e3o\" \/>\n<meta name=\"twitter:card\" content=\"summary_large_image\" \/>\n<meta name=\"twitter:creator\" content=\"@EstratConcursos\" \/>\n<meta name=\"twitter:site\" content=\"@EstratConcursos\" \/>\n<meta name=\"twitter:label1\" content=\"Escrito por\" \/>\n\t<meta name=\"twitter:data1\" content=\"Coordena\u00e7\u00e3o\" \/>\n\t<meta name=\"twitter:label2\" content=\"Est. tempo de leitura\" \/>\n\t<meta name=\"twitter:data2\" content=\"1 minuto\" \/>\n<script type=\"application\/ld+json\" class=\"yoast-schema-graph\">{\"@context\":\"https:\/\/schema.org\",\"@graph\":[{\"@type\":\"NewsArticle\",\"@id\":\"https:\/\/www.estrategiaconcursos.com.br\/blog\/entrevista-em-video-fernando-medeiros-aprovado-no-concurso-sefazrs-para-o-cargo-de-tecnico-tributario\/#article\",\"isPartOf\":{\"@id\":\"https:\/\/www.estrategiaconcursos.com.br\/blog\/entrevista-em-video-fernando-medeiros-aprovado-no-concurso-sefazrs-para-o-cargo-de-tecnico-tributario\/\"},\"author\":{\"name\":\"Coordena\u00e7\u00e3o\",\"@id\":\"https:\/\/www.estrategiaconcursos.com.br\/blog\/#\/schema\/person\/b4a388c97673c5f483d72185668afa1f\"},\"headline\":\"ENTREVISTA EM V\u00cdDEO: Fernando Medeiros &#8211; Aprovado no concurso SEFAZ\/RS para o cargo de T\u00e9cnico Tribut\u00e1rio\",\"datePublished\":\"2014-09-25T15:14:22+00:00\",\"dateModified\":\"2023-02-13T14:18:53+00:00\",\"mainEntityOfPage\":{\"@id\":\"https:\/\/www.estrategiaconcursos.com.br\/blog\/entrevista-em-video-fernando-medeiros-aprovado-no-concurso-sefazrs-para-o-cargo-de-tecnico-tributario\/\"},\"wordCount\":308,\"publisher\":{\"@id\":\"https:\/\/www.estrategiaconcursos.com.br\/blog\/#organization\"},\"keywords\":[\"Aprovados\"],\"articleSection\":[\"Concursos P\u00fablicos\",\"Fiscal - Estadual (ICMS)\"],\"inLanguage\":\"pt-BR\",\"copyrightYear\":\"2014\",\"copyrightHolder\":{\"@id\":\"https:\/\/www.estrategiaconcursos.com.br\/blog\/#organization\"}},{\"@type\":\"WebPage\",\"@id\":\"https:\/\/www.estrategiaconcursos.com.br\/blog\/entrevista-em-video-fernando-medeiros-aprovado-no-concurso-sefazrs-para-o-cargo-de-tecnico-tributario\/\",\"url\":\"https:\/\/www.estrategiaconcursos.com.br\/blog\/entrevista-em-video-fernando-medeiros-aprovado-no-concurso-sefazrs-para-o-cargo-de-tecnico-tributario\/\",\"name\":\"ENTREVISTA EM V\u00cdDEO: Fernando Medeiros - Aprovado no concurso SEFAZ\/RS para o cargo de T\u00e9cnico Tribut\u00e1rio\",\"isPartOf\":{\"@id\":\"https:\/\/www.estrategiaconcursos.com.br\/blog\/#website\"},\"datePublished\":\"2014-09-25T15:14:22+00:00\",\"dateModified\":\"2023-02-13T14:18:53+00:00\",\"description\":\"Confira a entrevista em v\u00eddeo com Fernando Medeiros, aprovado no concurso SEFAZ\/RS para o cargo de T\u00e9cnico Tribut\u00e1rio\",\"breadcrumb\":{\"@id\":\"https:\/\/www.estrategiaconcursos.com.br\/blog\/entrevista-em-video-fernando-medeiros-aprovado-no-concurso-sefazrs-para-o-cargo-de-tecnico-tributario\/#breadcrumb\"},\"inLanguage\":\"pt-BR\",\"potentialAction\":[{\"@type\":\"ReadAction\",\"target\":[\"https:\/\/www.estrategiaconcursos.com.br\/blog\/entrevista-em-video-fernando-medeiros-aprovado-no-concurso-sefazrs-para-o-cargo-de-tecnico-tributario\/\"]}]},{\"@type\":\"BreadcrumbList\",\"@id\":\"https:\/\/www.estrategiaconcursos.com.br\/blog\/entrevista-em-video-fernando-medeiros-aprovado-no-concurso-sefazrs-para-o-cargo-de-tecnico-tributario\/#breadcrumb\",\"itemListElement\":[{\"@type\":\"ListItem\",\"position\":1,\"name\":\"In\u00edcio\",\"item\":\"https:\/\/www.estrategiaconcursos.com.br\/blog\/\"},{\"@type\":\"ListItem\",\"position\":2,\"name\":\"ENTREVISTA EM V\u00cdDEO: Fernando Medeiros &#8211; Aprovado no concurso SEFAZ\/RS para o cargo de T\u00e9cnico Tribut\u00e1rio\"}]},{\"@type\":\"WebSite\",\"@id\":\"https:\/\/www.estrategiaconcursos.com.br\/blog\/#website\",\"url\":\"https:\/\/www.estrategiaconcursos.com.br\/blog\/\",\"name\":\"Estrat\u00e9gia Concursos\",\"description\":\"O blog da Estrat\u00e9gia Concursos traz not\u00edcias sobre concursos e artigos de professores oferecendo cursos para concursos (pdf + videaulas) no site.\",\"publisher\":{\"@id\":\"https:\/\/www.estrategiaconcursos.com.br\/blog\/#organization\"},\"potentialAction\":[{\"@type\":\"SearchAction\",\"target\":{\"@type\":\"EntryPoint\",\"urlTemplate\":\"https:\/\/www.estrategiaconcursos.com.br\/blog\/?s={search_term_string}\"},\"query-input\":{\"@type\":\"PropertyValueSpecification\",\"valueRequired\":true,\"valueName\":\"search_term_string\"}}],\"inLanguage\":\"pt-BR\"},{\"@type\":\"Organization\",\"@id\":\"https:\/\/www.estrategiaconcursos.com.br\/blog\/#organization\",\"name\":\"Estrat\u00e9gia Concursos\",\"url\":\"https:\/\/www.estrategiaconcursos.com.br\/blog\/\",\"logo\":{\"@type\":\"ImageObject\",\"inLanguage\":\"pt-BR\",\"@id\":\"https:\/\/www.estrategiaconcursos.com.br\/blog\/#\/schema\/logo\/image\/\",\"url\":\"https:\/\/dhg1h5j42swfq.cloudfront.net\/2025\/06\/03203428\/logo_concursos-1.jpg\",\"contentUrl\":\"https:\/\/dhg1h5j42swfq.cloudfront.net\/2025\/06\/03203428\/logo_concursos-1.jpg\",\"width\":230,\"height\":60,\"caption\":\"Estrat\u00e9gia Concursos\"},\"image\":{\"@id\":\"https:\/\/www.estrategiaconcursos.com.br\/blog\/#\/schema\/logo\/image\/\"},\"sameAs\":[\"https:\/\/x.com\/EstratConcursos\"]},{\"@type\":\"Person\",\"@id\":\"https:\/\/www.estrategiaconcursos.com.br\/blog\/#\/schema\/person\/b4a388c97673c5f483d72185668afa1f\",\"name\":\"Coordena\u00e7\u00e3o\",\"image\":{\"@type\":\"ImageObject\",\"inLanguage\":\"pt-BR\",\"@id\":\"https:\/\/secure.gravatar.com\/avatar\/b720319e4c9a967eb58678d110f4fe35452fc5d5f97b202bac7b8acceb18c6ad?s=96&d=mm&r=g\",\"url\":\"https:\/\/secure.gravatar.com\/avatar\/b720319e4c9a967eb58678d110f4fe35452fc5d5f97b202bac7b8acceb18c6ad?s=96&d=mm&r=g\",\"contentUrl\":\"https:\/\/secure.gravatar.com\/avatar\/b720319e4c9a967eb58678d110f4fe35452fc5d5f97b202bac7b8acceb18c6ad?s=96&d=mm&r=g\",\"caption\":\"Coordena\u00e7\u00e3o\"},\"sameAs\":[\"https:\/\/www.facebook.com\/EstrategiaConcursos\",\"https:\/\/x.com\/EstratConcursos\"],\"url\":\"https:\/\/www.estrategiaconcursos.com.br\/blog\/author\/estrategia2013\/\"}]}<\/script>\n<!-- \/ Yoast SEO Premium plugin. -->","yoast_head_json":{"title":"ENTREVISTA EM V\u00cdDEO: Fernando Medeiros - Aprovado no concurso SEFAZ\/RS para o cargo de T\u00e9cnico Tribut\u00e1rio","description":"Confira a entrevista em v\u00eddeo com Fernando Medeiros, aprovado no concurso SEFAZ\/RS para o cargo de T\u00e9cnico Tribut\u00e1rio","robots":{"index":"index","follow":"follow","max-snippet":"max-snippet:-1","max-image-preview":"max-image-preview:large","max-video-preview":"max-video-preview:-1"},"canonical":"https:\/\/www.estrategiaconcursos.com.br\/blog\/entrevista-em-video-fernando-medeiros-aprovado-no-concurso-sefazrs-para-o-cargo-de-tecnico-tributario\/","og_locale":"pt_BR","og_type":"article","og_title":"ENTREVISTA EM V\u00cdDEO: Fernando Medeiros - Aprovado no concurso SEFAZ\/RS para o cargo de T\u00e9cnico Tribut\u00e1rio","og_description":"Confira a entrevista em v\u00eddeo com Fernando Medeiros, aprovado no concurso SEFAZ\/RS para o cargo de T\u00e9cnico Tribut\u00e1rio","og_url":"https:\/\/www.estrategiaconcursos.com.br\/blog\/entrevista-em-video-fernando-medeiros-aprovado-no-concurso-sefazrs-para-o-cargo-de-tecnico-tributario\/","og_site_name":"Estrat\u00e9gia Concursos","article_author":"https:\/\/www.facebook.com\/EstrategiaConcursos","article_published_time":"2014-09-25T15:14:22+00:00","article_modified_time":"2023-02-13T14:18:53+00:00","author":"Coordena\u00e7\u00e3o","twitter_card":"summary_large_image","twitter_creator":"@EstratConcursos","twitter_site":"@EstratConcursos","twitter_misc":{"Escrito por":"Coordena\u00e7\u00e3o","Est. tempo de leitura":"1 minuto"},"schema":{"@context":"https:\/\/schema.org","@graph":[{"@type":"NewsArticle","@id":"https:\/\/www.estrategiaconcursos.com.br\/blog\/entrevista-em-video-fernando-medeiros-aprovado-no-concurso-sefazrs-para-o-cargo-de-tecnico-tributario\/#article","isPartOf":{"@id":"https:\/\/www.estrategiaconcursos.com.br\/blog\/entrevista-em-video-fernando-medeiros-aprovado-no-concurso-sefazrs-para-o-cargo-de-tecnico-tributario\/"},"author":{"name":"Coordena\u00e7\u00e3o","@id":"https:\/\/www.estrategiaconcursos.com.br\/blog\/#\/schema\/person\/b4a388c97673c5f483d72185668afa1f"},"headline":"ENTREVISTA EM V\u00cdDEO: Fernando Medeiros &#8211; Aprovado no concurso SEFAZ\/RS para o cargo de T\u00e9cnico Tribut\u00e1rio","datePublished":"2014-09-25T15:14:22+00:00","dateModified":"2023-02-13T14:18:53+00:00","mainEntityOfPage":{"@id":"https:\/\/www.estrategiaconcursos.com.br\/blog\/entrevista-em-video-fernando-medeiros-aprovado-no-concurso-sefazrs-para-o-cargo-de-tecnico-tributario\/"},"wordCount":308,"publisher":{"@id":"https:\/\/www.estrategiaconcursos.com.br\/blog\/#organization"},"keywords":["Aprovados"],"articleSection":["Concursos P\u00fablicos","Fiscal - Estadual (ICMS)"],"inLanguage":"pt-BR","copyrightYear":"2014","copyrightHolder":{"@id":"https:\/\/www.estrategiaconcursos.com.br\/blog\/#organization"}},{"@type":"WebPage","@id":"https:\/\/www.estrategiaconcursos.com.br\/blog\/entrevista-em-video-fernando-medeiros-aprovado-no-concurso-sefazrs-para-o-cargo-de-tecnico-tributario\/","url":"https:\/\/www.estrategiaconcursos.com.br\/blog\/entrevista-em-video-fernando-medeiros-aprovado-no-concurso-sefazrs-para-o-cargo-de-tecnico-tributario\/","name":"ENTREVISTA EM V\u00cdDEO: Fernando Medeiros - Aprovado no concurso SEFAZ\/RS para o cargo de T\u00e9cnico Tribut\u00e1rio","isPartOf":{"@id":"https:\/\/www.estrategiaconcursos.com.br\/blog\/#website"},"datePublished":"2014-09-25T15:14:22+00:00","dateModified":"2023-02-13T14:18:53+00:00","description":"Confira a entrevista em v\u00eddeo com Fernando Medeiros, aprovado no concurso SEFAZ\/RS para o cargo de T\u00e9cnico Tribut\u00e1rio","breadcrumb":{"@id":"https:\/\/www.estrategiaconcursos.com.br\/blog\/entrevista-em-video-fernando-medeiros-aprovado-no-concurso-sefazrs-para-o-cargo-de-tecnico-tributario\/#breadcrumb"},"inLanguage":"pt-BR","potentialAction":[{"@type":"ReadAction","target":["https:\/\/www.estrategiaconcursos.com.br\/blog\/entrevista-em-video-fernando-medeiros-aprovado-no-concurso-sefazrs-para-o-cargo-de-tecnico-tributario\/"]}]},{"@type":"BreadcrumbList","@id":"https:\/\/www.estrategiaconcursos.com.br\/blog\/entrevista-em-video-fernando-medeiros-aprovado-no-concurso-sefazrs-para-o-cargo-de-tecnico-tributario\/#breadcrumb","itemListElement":[{"@type":"ListItem","position":1,"name":"In\u00edcio","item":"https:\/\/www.estrategiaconcursos.com.br\/blog\/"},{"@type":"ListItem","position":2,"name":"ENTREVISTA EM V\u00cdDEO: Fernando Medeiros &#8211; Aprovado no concurso SEFAZ\/RS para o cargo de T\u00e9cnico Tribut\u00e1rio"}]},{"@type":"WebSite","@id":"https:\/\/www.estrategiaconcursos.com.br\/blog\/#website","url":"https:\/\/www.estrategiaconcursos.com.br\/blog\/","name":"Estrat\u00e9gia Concursos","description":"O blog da Estrat\u00e9gia Concursos traz not\u00edcias sobre concursos e artigos de professores oferecendo cursos para concursos (pdf + videaulas) no site.","publisher":{"@id":"https:\/\/www.estrategiaconcursos.com.br\/blog\/#organization"},"potentialAction":[{"@type":"SearchAction","target":{"@type":"EntryPoint","urlTemplate":"https:\/\/www.estrategiaconcursos.com.br\/blog\/?s={search_term_string}"},"query-input":{"@type":"PropertyValueSpecification","valueRequired":true,"valueName":"search_term_string"}}],"inLanguage":"pt-BR"},{"@type":"Organization","@id":"https:\/\/www.estrategiaconcursos.com.br\/blog\/#organization","name":"Estrat\u00e9gia Concursos","url":"https:\/\/www.estrategiaconcursos.com.br\/blog\/","logo":{"@type":"ImageObject","inLanguage":"pt-BR","@id":"https:\/\/www.estrategiaconcursos.com.br\/blog\/#\/schema\/logo\/image\/","url":"https:\/\/dhg1h5j42swfq.cloudfront.net\/2025\/06\/03203428\/logo_concursos-1.jpg","contentUrl":"https:\/\/dhg1h5j42swfq.cloudfront.net\/2025\/06\/03203428\/logo_concursos-1.jpg","width":230,"height":60,"caption":"Estrat\u00e9gia Concursos"},"image":{"@id":"https:\/\/www.estrategiaconcursos.com.br\/blog\/#\/schema\/logo\/image\/"},"sameAs":["https:\/\/x.com\/EstratConcursos"]},{"@type":"Person","@id":"https:\/\/www.estrategiaconcursos.com.br\/blog\/#\/schema\/person\/b4a388c97673c5f483d72185668afa1f","name":"Coordena\u00e7\u00e3o","image":{"@type":"ImageObject","inLanguage":"pt-BR","@id":"https:\/\/secure.gravatar.com\/avatar\/b720319e4c9a967eb58678d110f4fe35452fc5d5f97b202bac7b8acceb18c6ad?s=96&d=mm&r=g","url":"https:\/\/secure.gravatar.com\/avatar\/b720319e4c9a967eb58678d110f4fe35452fc5d5f97b202bac7b8acceb18c6ad?s=96&d=mm&r=g","contentUrl":"https:\/\/secure.gravatar.com\/avatar\/b720319e4c9a967eb58678d110f4fe35452fc5d5f97b202bac7b8acceb18c6ad?s=96&d=mm&r=g","caption":"Coordena\u00e7\u00e3o"},"sameAs":["https:\/\/www.facebook.com\/EstrategiaConcursos","https:\/\/x.com\/EstratConcursos"],"url":"https:\/\/www.estrategiaconcursos.com.br\/blog\/author\/estrategia2013\/"}]}},"_links":{"self":[{"href":"https:\/\/www.estrategiaconcursos.com.br\/blog\/wp-json\/wp\/v2\/posts\/18360","targetHints":{"allow":["GET"]}}],"collection":[{"href":"https:\/\/www.estrategiaconcursos.com.br\/blog\/wp-json\/wp\/v2\/posts"}],"about":[{"href":"https:\/\/www.estrategiaconcursos.com.br\/blog\/wp-json\/wp\/v2\/types\/post"}],"author":[{"embeddable":true,"href":"https:\/\/www.estrategiaconcursos.com.br\/blog\/wp-json\/wp\/v2\/users\/1"}],"replies":[{"embeddable":true,"href":"https:\/\/www.estrategiaconcursos.com.br\/blog\/wp-json\/wp\/v2\/comments?post=18360"}],"version-history":[{"count":2,"href":"https:\/\/www.estrategiaconcursos.com.br\/blog\/wp-json\/wp\/v2\/posts\/18360\/revisions"}],"predecessor-version":[{"id":1170172,"href":"https:\/\/www.estrategiaconcursos.com.br\/blog\/wp-json\/wp\/v2\/posts\/18360\/revisions\/1170172"}],"wp:attachment":[{"href":"https:\/\/www.estrategiaconcursos.com.br\/blog\/wp-json\/wp\/v2\/media?parent=18360"}],"wp:term":[{"taxonomy":"category","embeddable":true,"href":"https:\/\/www.estrategiaconcursos.com.br\/blog\/wp-json\/wp\/v2\/categories?post=18360"},{"taxonomy":"post_tag","embeddable":true,"href":"https:\/\/www.estrategiaconcursos.com.br\/blog\/wp-json\/wp\/v2\/tags?post=18360"},{"taxonomy":"tax_estado","embeddable":true,"href":"https:\/\/www.estrategiaconcursos.com.br\/blog\/wp-json\/wp\/v2\/tax_estado?post=18360"}],"curies":[{"name":"wp","href":"https:\/\/api.w.org\/{rel}","templated":true}]}}