{"id":183074,"date":"2019-04-13T07:29:57","date_gmt":"2019-04-13T10:29:57","guid":{"rendered":"https:\/\/www.estrategiaconcursos.com.br\/blog\/?p=183074"},"modified":"2019-04-15T20:57:42","modified_gmt":"2019-04-15T23:57:42","slug":"concurso-inss-justica-federal-determina-contratacao-de-medicos-e-peritos","status":"publish","type":"post","link":"https:\/\/www.estrategiaconcursos.com.br\/blog\/concurso-inss-justica-federal-determina-contratacao-de-medicos-e-peritos\/","title":{"rendered":"Concurso INSS: Justi\u00e7a  Federal determina contrata\u00e7\u00e3o de peritos m\u00e9dicos"},"content":{"rendered":"\n<p style=\"font-size:25px\">Justi\u00e7a Federal do Tocantins deu prazo de 6 meses para concurso p\u00fablico<\/p>\n\n\n\n<p>A hist\u00f3rica falta de pessoal no Instituto Nacional do Seguro Social acaba de ser judicializada: o Minist\u00e9rio P\u00fablico Federal do Tocantins obteve uma liminar determinando a contrata\u00e7\u00e3o,  por tempo determinado, de peritos m\u00e9dicos para as ag\u00eancias de Arraias e Divin\u00f3polis, no interior do estado. Tamb\u00e9m foi estipulado prazo para realiza\u00e7\u00e3o de concurso p\u00fablico definitivo.<\/p>\n\n\n<figure class=\"wp-block-embed-youtube wp-block-embed is-type-video is-provider-youtube wp-embed-aspect-16-9 wp-has-aspect-ratio\"><div class=\"lyte-wrapper\" style=\"width:853px;max-width:100%;margin:5px;\"><div class=\"lyMe\" id=\"WYL_-8B1UyQa3qQ\"><div id=\"lyte_-8B1UyQa3qQ\" data-src=\"\/\/i.ytimg.com\/vi\/-8B1UyQa3qQ\/hqdefault.jpg\" class=\"pL\"><div class=\"tC\"><div class=\"tT\"><\/div><\/div><div class=\"play\"><\/div><div class=\"ctrl\"><div class=\"Lctrl\"><\/div><div class=\"Rctrl\"><\/div><\/div><\/div><noscript><a href=\"https:\/\/youtu.be\/-8B1UyQa3qQ\" rel=\"nofollow\"><img loading=\"lazy\" decoding=\"async\" src=\"https:\/\/i.ytimg.com\/vi\/-8B1UyQa3qQ\/0.jpg\" alt=\"YouTube video thumbnail\" width=\"853\" height=\"460\" \/><br \/>Assista a este v\u00eddeo no YouTube<\/a><\/noscript><\/div><\/div><div class=\"lL\" style=\"max-width:100%;width:853px;margin:5px;\"><\/div><figcaption><\/figcaption><\/figure>\n\n\n<p>A decis\u00e3o foi proferida nos autos de uma A\u00e7\u00e3o Civil P\u00fablica, ajuizada pelo MPF em virtude da impossibilidade de realiza\u00e7\u00e3o de per\u00edcias nas duas unidades, decorrentes da falta de profissionais. De acordo com o Minist\u00e9rio P\u00fablico &#8220;<em>Os documentos que instruem a inicial, demonstram que n\u00e3o h\u00e1 possibilidade de agendamento de per\u00edcia nas ag\u00eancias de Arraias e Dian\u00f3polis, <strong>obrigando os segurados a se deslocarem a outros unidades de atendimento<\/strong>. Ressalto, que muitos segurados n\u00e3o possuem condi\u00e7\u00f5es financeiras ou de sa\u00fade para o referido deslocamento<\/em> &#8220;.<\/p>\n\n\n\n<p>O juiz federal da Vara \u00danica da Se\u00e7\u00e3o Judici\u00e1ria de Gurupi (TO), Eduardo Ribeiro, acatou o pedido liminar formulado pelo MPF e determinou a contrata\u00e7\u00e3o por prazo determinado de peritos m\u00e9dicos, como tamb\u00e9m o prazo de <strong>seis meses<\/strong> para realiza\u00e7\u00e3o de concurso p\u00fablico para contrata\u00e7\u00e3o dos profissionais em car\u00e1ter definitivo.<\/p>\n\n\n\n<p>Segundo o Magistrado, &#8220;<em>\u00c9 inaceit\u00e1vel que o segurado seja penalizado pelo mau funcionamento do servi\u00e7o p\u00fablico, sabendo-se que a concess\u00e3o e o pagamento de benef\u00edcio previdenci\u00e1rio envolve a pr\u00f3pria sobreviv\u00eancia das pessoas que dele necessitam<\/em> &#8220;.<\/p>\n\n\n\n<h2 class=\"wp-block-heading\">D\u00e9ficit no INSS pode aumentar<\/h2>\n\n\n\n<p> Segundo dados fornecidos com exclusividade ao Estrat\u00e9gia Concursos, 34% da m\u00e3o de obra ativa do INSS j\u00e1 se encontra em condi\u00e7\u00f5es de solicitar aposentadoria.<\/p>\n\n\n\n<p>De acordo com o Instituto,  h\u00e1 atualmente 32.108 mil servidores na ativa, dos quais cerca de 10,9 mil aguardam apenas a incorpora\u00e7\u00e3o da gratifica\u00e7\u00e3o de desempenho para solicitar aposentadoria. Somente em janeiro de 2019, 269 servidores j\u00e1 solicitaram aposentadoria.<\/p>\n\n\n\n<p>Segundo o Painel Estat\u00edstico de Pessoal do Governo Federal, o INSS teve, entre janeiro e fevereiro deste ano, 1.933 aposentadorias homologadas no \u00f3rg\u00e3o.  De acordo com o \u00faltimo levantamento divulgado pela autarquia, cerca de 19,2 mil cargos encontram-se vagos nas carreiras de T\u00e9cnico, Analista e Perito. <\/p>\n\n\n\n<h2 class=\"wp-block-heading\">INSS tem mais de 19 mil cargos vagos<\/h2>\n\n\n\n<p class=\"has-medium-font-size\"><strong>T\u00c9CNICO DO SEGURO SOCIAL<\/strong><\/p>\n\n\n\n<table class=\"wp-block-table is-style-stripes\"><tbody><tr><td><em>Vagos<\/em><\/td><td><\/td><td><em>Ocupados<\/em><\/td><td><\/td><td>Vagos<\/td><td>Aposentadorias<\/td><\/tr><tr><td> 14.850 <\/td><td><\/td><td> 19.380 <\/td><td><\/td><td> 34.230 <\/td><td>701<\/td><\/tr><\/tbody><\/table>\n\n\n\n<p class=\"has-medium-font-size\"><strong>ANALISTA DO SEGURO SOCIAL<\/strong><\/p>\n\n\n\n<table class=\"wp-block-table is-style-stripes\"><tbody><tr><td><em>Vagos<\/em><\/td><td><\/td><td><em>Ocupados<\/em><\/td><td><\/td><td><em>Vagos<\/em><\/td><td>Aposentadorias<\/td><\/tr><tr><td> 2.247 <\/td><td><\/td><td>4.327 <\/td><td><\/td><td> 6.574 <\/td><td>3<\/td><\/tr><\/tbody><\/table>\n\n\n\n<p class=\"has-medium-font-size\"><strong>PERITO M\u00c9DICO PREVIDENCI\u00c1RIO<\/strong><\/p>\n\n\n\n<table class=\"wp-block-table is-style-stripes\"><tbody><tr><td><em>Vagos<\/em><\/td><td><\/td><td><em>Ocupados<\/em><\/td><td><\/td><td><em>Vagos<\/em><\/td><td>Aposentadorias<\/td><\/tr><tr><td>2.113 <\/td><td><\/td><td>3.682 <\/td><td><\/td><td>5.795 <\/td><td>9<\/td><\/tr><\/tbody><\/table>\n\n\n\n<p style=\"font-size:25px;text-align:center\" class=\"has-background has-very-light-gray-background-color\"><strong><em><a rel=\"noreferrer noopener\" aria-label=\"Confirma a mat\u00e9ria completa sobre o concurso INSS (opens in a new tab)\" href=\"https:\/\/www.estrategiaconcursos.com.br\/blog\/concurso-inss-2\/\" target=\"_blank\">Concurso INSS<\/a><\/em><\/strong><\/p>\n\n\n\n<p><em>Ascom&nbsp;Estrat\u00e9gia<\/em><br \/>ascomestrategia@gmail.com<\/p>\n\n\n\n<p style=\"font-size:25px;text-align:center\"><strong><a href=\"https:\/\/www.estrategiaconcursos.com.br\/cursosPorConcurso\/inss-tecnico-do-seguro-social-101\/\">Cursos para concurso INSS<\/a><\/strong><\/p>\n\n\n\n<p style=\"text-align:center\"><strong><em>Gostou dessa oportunidade? Deseja se preparar para o concurso INSS?&nbsp;<\/em><\/strong><strong><em>O Estrat\u00e9gia Concurso j\u00e1 possui cursos relacionados ao certame. Confira:<\/em><\/strong><\/p>\n\n\n\n<p style=\"text-align:center\"><strong><a href=\"https:\/\/www.estrategiaconcursos.com.br\/curso\/pacote-de-materias-basicas-p-inss-analista-do-seguro-social-com-videoaulas-2019\/\" target=\"_blank\" rel=\"noreferrer noopener\">Analista \u2013 INSS<\/a><\/strong><\/p>\n\n\n\n<p style=\"text-align:center\"><strong><a href=\"https:\/\/www.estrategiaconcursos.com.br\/curso\/pacote-completo-p-inss-tecnico-do-seguro-social-com-videoaulas-2019\/\">T\u00e9cnico \u2013 INSS<\/a><\/strong><\/p>\n\n\n\n<p style=\"font-size:25px;text-align:center\"><strong><em>Assinatura Ilimitada*<\/em><\/strong><\/p>\n\n\n\n<p style=\"text-align:center\"><em>Prepare-se com o melhor material e com quem mais aprova em&nbsp;<a rel=\"noreferrer noopener\" href=\"https:\/\/www.estrategiaconcursos.com.br\/\" target=\"_blank\">Concursos P\u00fablicos<\/a>&nbsp;de todo o pa\u00eds. Assine agora a nossa Assinatura Anual e tenha acesso ilimitado* a todos os nossos cursos.<\/em><\/p>\n\n\n\n<div class=\"wp-block-image\"><figure class=\"aligncenter\"><a href=\"https:\/\/www.estrategiaconcursos.com.br\/assinaturas\" target=\"_blank\" rel=\"noreferrer noopener\"><img decoding=\"async\" src=\"https:\/\/www.estrategiaconcursos.com.br\/assets\/img\/banner-assinaturas.jpg\" alt=\"Assinatura Ilimitada Concursos abertos 11-03\" class=\"wp-image-157836\"\/><\/a><\/figure><\/div>\n","protected":false},"excerpt":{"rendered":"<p>Justi\u00e7a Federal do Tocantins deu prazo de 6 meses para concurso p\u00fablico A hist\u00f3rica falta de pessoal no Instituto Nacional do Seguro Social acaba de ser judicializada: o Minist\u00e9rio P\u00fablico Federal do Tocantins obteve uma liminar determinando a contrata\u00e7\u00e3o, por tempo determinado, de peritos m\u00e9dicos para as ag\u00eancias de Arraias e Divin\u00f3polis, no interior do [&hellip;]<\/p>\n","protected":false},"author":1,"featured_media":166149,"comment_status":"open","ping_status":"closed","sticky":false,"template":"","format":"standard","meta":{"post_tipo":"news","footnotes":""},"categories":[1],"tags":[],"tax_estado":[],"class_list":["post-183074","post","type-post","status-publish","format-standard","has-post-thumbnail","hentry","category-cursos-e-concursos"],"acf":[],"yoast_head":"<!-- This site is optimized with the Yoast SEO Premium plugin v27.2 (Yoast SEO v27.2) - https:\/\/yoast.com\/product\/yoast-seo-premium-wordpress\/ -->\n<title>Concurso INSS: Justi\u00e7a Federal determina contrata\u00e7\u00e3o de peritos m\u00e9dicos<\/title>\n<meta name=\"description\" content=\"Concurso INSS: Justi\u00e7a Federal do Tocantins concede liminar determinando a contrata\u00e7\u00e3o de peritos m\u00e9dicos e realiza\u00e7\u00e3o de concurso em 6 meses.\" \/>\n<meta name=\"robots\" content=\"index, follow, max-snippet:-1, max-image-preview:large, max-video-preview:-1\" \/>\n<link rel=\"canonical\" href=\"https:\/\/www.estrategiaconcursos.com.br\/blog\/concurso-inss-justica-federal-determina-contratacao-de-medicos-e-peritos\/\" \/>\n<meta property=\"og:locale\" content=\"pt_BR\" \/>\n<meta property=\"og:type\" content=\"article\" \/>\n<meta property=\"og:title\" content=\"Concurso INSS: Justi\u00e7a Federal determina contrata\u00e7\u00e3o de peritos m\u00e9dicos\" \/>\n<meta property=\"og:description\" content=\"Concurso INSS: Justi\u00e7a Federal do Tocantins concede liminar determinando a contrata\u00e7\u00e3o de peritos m\u00e9dicos e realiza\u00e7\u00e3o de concurso em 6 meses.\" \/>\n<meta property=\"og:url\" content=\"https:\/\/www.estrategiaconcursos.com.br\/blog\/concurso-inss-justica-federal-determina-contratacao-de-medicos-e-peritos\/\" \/>\n<meta property=\"og:site_name\" content=\"Estrat\u00e9gia Concursos\" \/>\n<meta property=\"article:author\" content=\"https:\/\/www.facebook.com\/EstrategiaConcursos\" \/>\n<meta property=\"article:published_time\" content=\"2019-04-13T10:29:57+00:00\" \/>\n<meta property=\"article:modified_time\" content=\"2019-04-15T23:57:42+00:00\" \/>\n<meta property=\"og:image\" content=\"https:\/\/dhg1h5j42swfq.cloudfront.net\/2019\/02\/14151433\/Captuinssrar-min.jpg\" \/>\n\t<meta property=\"og:image:width\" content=\"1200\" \/>\n\t<meta property=\"og:image:height\" content=\"627\" \/>\n\t<meta property=\"og:image:type\" content=\"image\/jpeg\" \/>\n<meta name=\"author\" content=\"Coordena\u00e7\u00e3o\" \/>\n<meta name=\"twitter:card\" content=\"summary_large_image\" \/>\n<meta name=\"twitter:creator\" content=\"@EstratConcursos\" \/>\n<meta name=\"twitter:site\" content=\"@EstratConcursos\" \/>\n<meta name=\"twitter:label1\" content=\"Escrito por\" \/>\n\t<meta name=\"twitter:data1\" content=\"Coordena\u00e7\u00e3o\" \/>\n\t<meta name=\"twitter:label2\" content=\"Est. tempo de leitura\" \/>\n\t<meta name=\"twitter:data2\" content=\"3 minutos\" \/>\n<script type=\"application\/ld+json\" class=\"yoast-schema-graph\">{\"@context\":\"https:\/\/schema.org\",\"@graph\":[{\"@type\":\"NewsArticle\",\"@id\":\"https:\/\/www.estrategiaconcursos.com.br\/blog\/concurso-inss-justica-federal-determina-contratacao-de-medicos-e-peritos\/#article\",\"isPartOf\":{\"@id\":\"https:\/\/www.estrategiaconcursos.com.br\/blog\/concurso-inss-justica-federal-determina-contratacao-de-medicos-e-peritos\/\"},\"author\":{\"name\":\"Coordena\u00e7\u00e3o\",\"@id\":\"https:\/\/www.estrategiaconcursos.com.br\/blog\/#\/schema\/person\/b4a388c97673c5f483d72185668afa1f\"},\"headline\":\"Concurso INSS: Justi\u00e7a Federal determina contrata\u00e7\u00e3o de peritos m\u00e9dicos\",\"datePublished\":\"2019-04-13T10:29:57+00:00\",\"dateModified\":\"2019-04-15T23:57:42+00:00\",\"mainEntityOfPage\":{\"@id\":\"https:\/\/www.estrategiaconcursos.com.br\/blog\/concurso-inss-justica-federal-determina-contratacao-de-medicos-e-peritos\/\"},\"wordCount\":527,\"commentCount\":0,\"publisher\":{\"@id\":\"https:\/\/www.estrategiaconcursos.com.br\/blog\/#organization\"},\"image\":{\"@id\":\"https:\/\/www.estrategiaconcursos.com.br\/blog\/concurso-inss-justica-federal-determina-contratacao-de-medicos-e-peritos\/#primaryimage\"},\"thumbnailUrl\":\"https:\/\/dhg1h5j42swfq.cloudfront.net\/2019\/02\/14151433\/Captuinssrar-min.jpg\",\"articleSection\":[\"Concursos P\u00fablicos\"],\"inLanguage\":\"pt-BR\",\"potentialAction\":[{\"@type\":\"CommentAction\",\"name\":\"Comment\",\"target\":[\"https:\/\/www.estrategiaconcursos.com.br\/blog\/concurso-inss-justica-federal-determina-contratacao-de-medicos-e-peritos\/#respond\"]}],\"copyrightYear\":\"2019\",\"copyrightHolder\":{\"@id\":\"https:\/\/www.estrategiaconcursos.com.br\/blog\/#organization\"}},{\"@type\":\"WebPage\",\"@id\":\"https:\/\/www.estrategiaconcursos.com.br\/blog\/concurso-inss-justica-federal-determina-contratacao-de-medicos-e-peritos\/\",\"url\":\"https:\/\/www.estrategiaconcursos.com.br\/blog\/concurso-inss-justica-federal-determina-contratacao-de-medicos-e-peritos\/\",\"name\":\"Concurso INSS: Justi\u00e7a Federal determina contrata\u00e7\u00e3o de peritos m\u00e9dicos\",\"isPartOf\":{\"@id\":\"https:\/\/www.estrategiaconcursos.com.br\/blog\/#website\"},\"primaryImageOfPage\":{\"@id\":\"https:\/\/www.estrategiaconcursos.com.br\/blog\/concurso-inss-justica-federal-determina-contratacao-de-medicos-e-peritos\/#primaryimage\"},\"image\":{\"@id\":\"https:\/\/www.estrategiaconcursos.com.br\/blog\/concurso-inss-justica-federal-determina-contratacao-de-medicos-e-peritos\/#primaryimage\"},\"thumbnailUrl\":\"https:\/\/dhg1h5j42swfq.cloudfront.net\/2019\/02\/14151433\/Captuinssrar-min.jpg\",\"datePublished\":\"2019-04-13T10:29:57+00:00\",\"dateModified\":\"2019-04-15T23:57:42+00:00\",\"description\":\"Concurso INSS: Justi\u00e7a Federal do Tocantins concede liminar determinando a contrata\u00e7\u00e3o de peritos m\u00e9dicos e realiza\u00e7\u00e3o de concurso em 6 meses.\",\"breadcrumb\":{\"@id\":\"https:\/\/www.estrategiaconcursos.com.br\/blog\/concurso-inss-justica-federal-determina-contratacao-de-medicos-e-peritos\/#breadcrumb\"},\"inLanguage\":\"pt-BR\",\"potentialAction\":[{\"@type\":\"ReadAction\",\"target\":[\"https:\/\/www.estrategiaconcursos.com.br\/blog\/concurso-inss-justica-federal-determina-contratacao-de-medicos-e-peritos\/\"]}]},{\"@type\":\"ImageObject\",\"inLanguage\":\"pt-BR\",\"@id\":\"https:\/\/www.estrategiaconcursos.com.br\/blog\/concurso-inss-justica-federal-determina-contratacao-de-medicos-e-peritos\/#primaryimage\",\"url\":\"https:\/\/dhg1h5j42swfq.cloudfront.net\/2019\/02\/14151433\/Captuinssrar-min.jpg\",\"contentUrl\":\"https:\/\/dhg1h5j42swfq.cloudfront.net\/2019\/02\/14151433\/Captuinssrar-min.jpg\",\"width\":1200,\"height\":627,\"caption\":\"Instituto Nacional do Seguro Social\"},{\"@type\":\"BreadcrumbList\",\"@id\":\"https:\/\/www.estrategiaconcursos.com.br\/blog\/concurso-inss-justica-federal-determina-contratacao-de-medicos-e-peritos\/#breadcrumb\",\"itemListElement\":[{\"@type\":\"ListItem\",\"position\":1,\"name\":\"In\u00edcio\",\"item\":\"https:\/\/www.estrategiaconcursos.com.br\/blog\/\"},{\"@type\":\"ListItem\",\"position\":2,\"name\":\"Concurso INSS: Justi\u00e7a Federal determina contrata\u00e7\u00e3o de peritos m\u00e9dicos\"}]},{\"@type\":\"WebSite\",\"@id\":\"https:\/\/www.estrategiaconcursos.com.br\/blog\/#website\",\"url\":\"https:\/\/www.estrategiaconcursos.com.br\/blog\/\",\"name\":\"Estrat\u00e9gia Concursos\",\"description\":\"O blog da Estrat\u00e9gia Concursos traz not\u00edcias sobre concursos e artigos de professores oferecendo cursos para concursos (pdf + videaulas) no site.\",\"publisher\":{\"@id\":\"https:\/\/www.estrategiaconcursos.com.br\/blog\/#organization\"},\"potentialAction\":[{\"@type\":\"SearchAction\",\"target\":{\"@type\":\"EntryPoint\",\"urlTemplate\":\"https:\/\/www.estrategiaconcursos.com.br\/blog\/?s={search_term_string}\"},\"query-input\":{\"@type\":\"PropertyValueSpecification\",\"valueRequired\":true,\"valueName\":\"search_term_string\"}}],\"inLanguage\":\"pt-BR\"},{\"@type\":\"Organization\",\"@id\":\"https:\/\/www.estrategiaconcursos.com.br\/blog\/#organization\",\"name\":\"Estrat\u00e9gia Concursos\",\"url\":\"https:\/\/www.estrategiaconcursos.com.br\/blog\/\",\"logo\":{\"@type\":\"ImageObject\",\"inLanguage\":\"pt-BR\",\"@id\":\"https:\/\/www.estrategiaconcursos.com.br\/blog\/#\/schema\/logo\/image\/\",\"url\":\"https:\/\/dhg1h5j42swfq.cloudfront.net\/2025\/06\/03203428\/logo_concursos-1.jpg\",\"contentUrl\":\"https:\/\/dhg1h5j42swfq.cloudfront.net\/2025\/06\/03203428\/logo_concursos-1.jpg\",\"width\":230,\"height\":60,\"caption\":\"Estrat\u00e9gia Concursos\"},\"image\":{\"@id\":\"https:\/\/www.estrategiaconcursos.com.br\/blog\/#\/schema\/logo\/image\/\"},\"sameAs\":[\"https:\/\/x.com\/EstratConcursos\"]},{\"@type\":\"Person\",\"@id\":\"https:\/\/www.estrategiaconcursos.com.br\/blog\/#\/schema\/person\/b4a388c97673c5f483d72185668afa1f\",\"name\":\"Coordena\u00e7\u00e3o\",\"image\":{\"@type\":\"ImageObject\",\"inLanguage\":\"pt-BR\",\"@id\":\"https:\/\/secure.gravatar.com\/avatar\/b720319e4c9a967eb58678d110f4fe35452fc5d5f97b202bac7b8acceb18c6ad?s=96&d=mm&r=g\",\"url\":\"https:\/\/secure.gravatar.com\/avatar\/b720319e4c9a967eb58678d110f4fe35452fc5d5f97b202bac7b8acceb18c6ad?s=96&d=mm&r=g\",\"contentUrl\":\"https:\/\/secure.gravatar.com\/avatar\/b720319e4c9a967eb58678d110f4fe35452fc5d5f97b202bac7b8acceb18c6ad?s=96&d=mm&r=g\",\"caption\":\"Coordena\u00e7\u00e3o\"},\"sameAs\":[\"https:\/\/www.facebook.com\/EstrategiaConcursos\",\"https:\/\/x.com\/EstratConcursos\"],\"url\":\"https:\/\/www.estrategiaconcursos.com.br\/blog\/author\/estrategia2013\/\"}]}<\/script>\n<!-- \/ Yoast SEO Premium plugin. -->","yoast_head_json":{"title":"Concurso INSS: Justi\u00e7a Federal determina contrata\u00e7\u00e3o de peritos m\u00e9dicos","description":"Concurso INSS: Justi\u00e7a Federal do Tocantins concede liminar determinando a contrata\u00e7\u00e3o de peritos m\u00e9dicos e realiza\u00e7\u00e3o de concurso em 6 meses.","robots":{"index":"index","follow":"follow","max-snippet":"max-snippet:-1","max-image-preview":"max-image-preview:large","max-video-preview":"max-video-preview:-1"},"canonical":"https:\/\/www.estrategiaconcursos.com.br\/blog\/concurso-inss-justica-federal-determina-contratacao-de-medicos-e-peritos\/","og_locale":"pt_BR","og_type":"article","og_title":"Concurso INSS: Justi\u00e7a Federal determina contrata\u00e7\u00e3o de peritos m\u00e9dicos","og_description":"Concurso INSS: Justi\u00e7a Federal do Tocantins concede liminar determinando a contrata\u00e7\u00e3o de peritos m\u00e9dicos e realiza\u00e7\u00e3o de concurso em 6 meses.","og_url":"https:\/\/www.estrategiaconcursos.com.br\/blog\/concurso-inss-justica-federal-determina-contratacao-de-medicos-e-peritos\/","og_site_name":"Estrat\u00e9gia Concursos","article_author":"https:\/\/www.facebook.com\/EstrategiaConcursos","article_published_time":"2019-04-13T10:29:57+00:00","article_modified_time":"2019-04-15T23:57:42+00:00","og_image":[{"width":1200,"height":627,"url":"https:\/\/dhg1h5j42swfq.cloudfront.net\/2019\/02\/14151433\/Captuinssrar-min.jpg","type":"image\/jpeg"}],"author":"Coordena\u00e7\u00e3o","twitter_card":"summary_large_image","twitter_creator":"@EstratConcursos","twitter_site":"@EstratConcursos","twitter_misc":{"Escrito por":"Coordena\u00e7\u00e3o","Est. tempo de leitura":"3 minutos"},"schema":{"@context":"https:\/\/schema.org","@graph":[{"@type":"NewsArticle","@id":"https:\/\/www.estrategiaconcursos.com.br\/blog\/concurso-inss-justica-federal-determina-contratacao-de-medicos-e-peritos\/#article","isPartOf":{"@id":"https:\/\/www.estrategiaconcursos.com.br\/blog\/concurso-inss-justica-federal-determina-contratacao-de-medicos-e-peritos\/"},"author":{"name":"Coordena\u00e7\u00e3o","@id":"https:\/\/www.estrategiaconcursos.com.br\/blog\/#\/schema\/person\/b4a388c97673c5f483d72185668afa1f"},"headline":"Concurso INSS: Justi\u00e7a Federal determina contrata\u00e7\u00e3o de peritos m\u00e9dicos","datePublished":"2019-04-13T10:29:57+00:00","dateModified":"2019-04-15T23:57:42+00:00","mainEntityOfPage":{"@id":"https:\/\/www.estrategiaconcursos.com.br\/blog\/concurso-inss-justica-federal-determina-contratacao-de-medicos-e-peritos\/"},"wordCount":527,"commentCount":0,"publisher":{"@id":"https:\/\/www.estrategiaconcursos.com.br\/blog\/#organization"},"image":{"@id":"https:\/\/www.estrategiaconcursos.com.br\/blog\/concurso-inss-justica-federal-determina-contratacao-de-medicos-e-peritos\/#primaryimage"},"thumbnailUrl":"https:\/\/dhg1h5j42swfq.cloudfront.net\/2019\/02\/14151433\/Captuinssrar-min.jpg","articleSection":["Concursos P\u00fablicos"],"inLanguage":"pt-BR","potentialAction":[{"@type":"CommentAction","name":"Comment","target":["https:\/\/www.estrategiaconcursos.com.br\/blog\/concurso-inss-justica-federal-determina-contratacao-de-medicos-e-peritos\/#respond"]}],"copyrightYear":"2019","copyrightHolder":{"@id":"https:\/\/www.estrategiaconcursos.com.br\/blog\/#organization"}},{"@type":"WebPage","@id":"https:\/\/www.estrategiaconcursos.com.br\/blog\/concurso-inss-justica-federal-determina-contratacao-de-medicos-e-peritos\/","url":"https:\/\/www.estrategiaconcursos.com.br\/blog\/concurso-inss-justica-federal-determina-contratacao-de-medicos-e-peritos\/","name":"Concurso INSS: Justi\u00e7a Federal determina contrata\u00e7\u00e3o de peritos m\u00e9dicos","isPartOf":{"@id":"https:\/\/www.estrategiaconcursos.com.br\/blog\/#website"},"primaryImageOfPage":{"@id":"https:\/\/www.estrategiaconcursos.com.br\/blog\/concurso-inss-justica-federal-determina-contratacao-de-medicos-e-peritos\/#primaryimage"},"image":{"@id":"https:\/\/www.estrategiaconcursos.com.br\/blog\/concurso-inss-justica-federal-determina-contratacao-de-medicos-e-peritos\/#primaryimage"},"thumbnailUrl":"https:\/\/dhg1h5j42swfq.cloudfront.net\/2019\/02\/14151433\/Captuinssrar-min.jpg","datePublished":"2019-04-13T10:29:57+00:00","dateModified":"2019-04-15T23:57:42+00:00","description":"Concurso INSS: Justi\u00e7a Federal do Tocantins concede liminar determinando a contrata\u00e7\u00e3o de peritos m\u00e9dicos e realiza\u00e7\u00e3o de concurso em 6 meses.","breadcrumb":{"@id":"https:\/\/www.estrategiaconcursos.com.br\/blog\/concurso-inss-justica-federal-determina-contratacao-de-medicos-e-peritos\/#breadcrumb"},"inLanguage":"pt-BR","potentialAction":[{"@type":"ReadAction","target":["https:\/\/www.estrategiaconcursos.com.br\/blog\/concurso-inss-justica-federal-determina-contratacao-de-medicos-e-peritos\/"]}]},{"@type":"ImageObject","inLanguage":"pt-BR","@id":"https:\/\/www.estrategiaconcursos.com.br\/blog\/concurso-inss-justica-federal-determina-contratacao-de-medicos-e-peritos\/#primaryimage","url":"https:\/\/dhg1h5j42swfq.cloudfront.net\/2019\/02\/14151433\/Captuinssrar-min.jpg","contentUrl":"https:\/\/dhg1h5j42swfq.cloudfront.net\/2019\/02\/14151433\/Captuinssrar-min.jpg","width":1200,"height":627,"caption":"Instituto Nacional do Seguro Social"},{"@type":"BreadcrumbList","@id":"https:\/\/www.estrategiaconcursos.com.br\/blog\/concurso-inss-justica-federal-determina-contratacao-de-medicos-e-peritos\/#breadcrumb","itemListElement":[{"@type":"ListItem","position":1,"name":"In\u00edcio","item":"https:\/\/www.estrategiaconcursos.com.br\/blog\/"},{"@type":"ListItem","position":2,"name":"Concurso INSS: Justi\u00e7a Federal determina contrata\u00e7\u00e3o de peritos m\u00e9dicos"}]},{"@type":"WebSite","@id":"https:\/\/www.estrategiaconcursos.com.br\/blog\/#website","url":"https:\/\/www.estrategiaconcursos.com.br\/blog\/","name":"Estrat\u00e9gia Concursos","description":"O blog da Estrat\u00e9gia Concursos traz not\u00edcias sobre concursos e artigos de professores oferecendo cursos para concursos (pdf + videaulas) no site.","publisher":{"@id":"https:\/\/www.estrategiaconcursos.com.br\/blog\/#organization"},"potentialAction":[{"@type":"SearchAction","target":{"@type":"EntryPoint","urlTemplate":"https:\/\/www.estrategiaconcursos.com.br\/blog\/?s={search_term_string}"},"query-input":{"@type":"PropertyValueSpecification","valueRequired":true,"valueName":"search_term_string"}}],"inLanguage":"pt-BR"},{"@type":"Organization","@id":"https:\/\/www.estrategiaconcursos.com.br\/blog\/#organization","name":"Estrat\u00e9gia Concursos","url":"https:\/\/www.estrategiaconcursos.com.br\/blog\/","logo":{"@type":"ImageObject","inLanguage":"pt-BR","@id":"https:\/\/www.estrategiaconcursos.com.br\/blog\/#\/schema\/logo\/image\/","url":"https:\/\/dhg1h5j42swfq.cloudfront.net\/2025\/06\/03203428\/logo_concursos-1.jpg","contentUrl":"https:\/\/dhg1h5j42swfq.cloudfront.net\/2025\/06\/03203428\/logo_concursos-1.jpg","width":230,"height":60,"caption":"Estrat\u00e9gia Concursos"},"image":{"@id":"https:\/\/www.estrategiaconcursos.com.br\/blog\/#\/schema\/logo\/image\/"},"sameAs":["https:\/\/x.com\/EstratConcursos"]},{"@type":"Person","@id":"https:\/\/www.estrategiaconcursos.com.br\/blog\/#\/schema\/person\/b4a388c97673c5f483d72185668afa1f","name":"Coordena\u00e7\u00e3o","image":{"@type":"ImageObject","inLanguage":"pt-BR","@id":"https:\/\/secure.gravatar.com\/avatar\/b720319e4c9a967eb58678d110f4fe35452fc5d5f97b202bac7b8acceb18c6ad?s=96&d=mm&r=g","url":"https:\/\/secure.gravatar.com\/avatar\/b720319e4c9a967eb58678d110f4fe35452fc5d5f97b202bac7b8acceb18c6ad?s=96&d=mm&r=g","contentUrl":"https:\/\/secure.gravatar.com\/avatar\/b720319e4c9a967eb58678d110f4fe35452fc5d5f97b202bac7b8acceb18c6ad?s=96&d=mm&r=g","caption":"Coordena\u00e7\u00e3o"},"sameAs":["https:\/\/www.facebook.com\/EstrategiaConcursos","https:\/\/x.com\/EstratConcursos"],"url":"https:\/\/www.estrategiaconcursos.com.br\/blog\/author\/estrategia2013\/"}]}},"_links":{"self":[{"href":"https:\/\/www.estrategiaconcursos.com.br\/blog\/wp-json\/wp\/v2\/posts\/183074","targetHints":{"allow":["GET"]}}],"collection":[{"href":"https:\/\/www.estrategiaconcursos.com.br\/blog\/wp-json\/wp\/v2\/posts"}],"about":[{"href":"https:\/\/www.estrategiaconcursos.com.br\/blog\/wp-json\/wp\/v2\/types\/post"}],"author":[{"embeddable":true,"href":"https:\/\/www.estrategiaconcursos.com.br\/blog\/wp-json\/wp\/v2\/users\/1"}],"replies":[{"embeddable":true,"href":"https:\/\/www.estrategiaconcursos.com.br\/blog\/wp-json\/wp\/v2\/comments?post=183074"}],"version-history":[{"count":7,"href":"https:\/\/www.estrategiaconcursos.com.br\/blog\/wp-json\/wp\/v2\/posts\/183074\/revisions"}],"predecessor-version":[{"id":219336,"href":"https:\/\/www.estrategiaconcursos.com.br\/blog\/wp-json\/wp\/v2\/posts\/183074\/revisions\/219336"}],"wp:featuredmedia":[{"embeddable":true,"href":"https:\/\/www.estrategiaconcursos.com.br\/blog\/wp-json\/wp\/v2\/media\/166149"}],"wp:attachment":[{"href":"https:\/\/www.estrategiaconcursos.com.br\/blog\/wp-json\/wp\/v2\/media?parent=183074"}],"wp:term":[{"taxonomy":"category","embeddable":true,"href":"https:\/\/www.estrategiaconcursos.com.br\/blog\/wp-json\/wp\/v2\/categories?post=183074"},{"taxonomy":"post_tag","embeddable":true,"href":"https:\/\/www.estrategiaconcursos.com.br\/blog\/wp-json\/wp\/v2\/tags?post=183074"},{"taxonomy":"tax_estado","embeddable":true,"href":"https:\/\/www.estrategiaconcursos.com.br\/blog\/wp-json\/wp\/v2\/tax_estado?post=183074"}],"curies":[{"name":"wp","href":"https:\/\/api.w.org\/{rel}","templated":true}]}}