{"id":183049,"date":"2019-04-15T06:15:48","date_gmt":"2019-04-15T09:15:48","guid":{"rendered":"https:\/\/www.estrategiaconcursos.com.br\/blog\/?p=183049"},"modified":"2023-05-24T17:27:05","modified_gmt":"2023-05-24T20:27:05","slug":"gabarito-dpe-rj","status":"publish","type":"post","link":"https:\/\/www.estrategiaconcursos.com.br\/blog\/gabarito-dpe-rj\/","title":{"rendered":"Gabarito DPE RJ &#8211; T\u00e9cnico M\u00e9dio e Superior: gabarito e corre\u00e7\u00e3o da prova"},"content":{"rendered":"\n<p style=\"font-size:clamp(16.293px, 1.018rem + ((1vw - 3.2px) * 0.854), 25px);px\"><em>Gabarito DPE RJ: Corre\u00e7\u00e3o de <\/em><strong><em>T\u00e9cnico M\u00e9dio<\/em><\/strong><em> e <\/em><strong><em>T\u00e9cnico Superior (Administra\u00e7\u00e3o)<\/em><\/strong><\/p>\n\n\n\n<p>Boa tarde concurseiro, aconteceram neste domingo as provas do concurso da Defensoria P\u00fablica do Rio de Janeiro. S\u00e3o ofertadas no total, 27 vagas para  cargos de n\u00edvel m\u00e9dio e superior. Foram registrados no total, 54.874 candidatos inscritos para todas as especialidades\/escolaridades.<\/p>\n\n\n\n<p>E como de costume, o Estrat\u00e9gia Concursos preparou uma programa\u00e7\u00e3o p\u00f3s-prova para os candidatos! Se voc\u00ea quer conferir como foi seu desempenho antes mesmo da Funda\u00e7\u00e3o Get\u00falio Vagas divulgar o resultado, n\u00e3o deixe de participar do Ranking Estrat\u00e9gico. Com ele voc\u00ea consegue aferir seu desempenho frente aos concorrentes e ter uma no\u00e7\u00e3o da nota de corte.<\/p>\n\n\n\n<p>Para participar, basta preencher as respostas do seu gabarito no link abaixo. O resultado n\u00e3o \u00e9 enviado por e-mail, portanto, fique atento que em breve vamos divulgar o ranking nesta mesma p\u00e1gina.<\/p>\n\n\n\n<p class=\"has-text-align-center has-very-light-gray-background-color has-background\" style=\"font-size:clamp(14.642px, 0.915rem + ((1vw - 3.2px) * 0.721), 22px);px\"><strong><em><span style=\"text-decoration: underline\" class=\"underline\"><a rel=\"noreferrer noopener\" aria-label=\"Formul\u00e1rio para gabarito (opens in a new tab)\" href=\"https:\/\/docs.google.com\/forms\/d\/e\/1FAIpQLSexRs4ezvsr5FzI8IbGoj89fS0xF9MEKexGihhMjeE4jevjzw\/viewform\" target=\"_blank\">Formul\u00e1rio para gabarito<\/a><\/span><\/em><\/strong><\/p>\n\n\n\n<p class=\"has-text-align-center has-very-light-gray-background-color has-background has-medium-font-size\"><span style=\"text-decoration: underline\" class=\"underline\"><a rel=\"noreferrer noopener\" aria-label=\"Ranking T\u00e9cnico M\u00e9dio (opens in a new tab)\" href=\"https:\/\/docs.google.com\/spreadsheets\/d\/1FERgxJzzNA06p0RFa4WwTWoTw3y98Om7qbpjAav0M9s\/edit#gid=1944221617\" target=\"_blank\"><strong><em>Ranking T\u00e9cnico M\u00e9dio<\/em><\/strong><\/a><\/span><\/p>\n\n\n\n<p class=\"has-text-align-center has-very-light-gray-background-color has-background has-medium-font-size\"><strong><em>Ranking T\u00e9cnico Superior &#8211; ADM (Em breve&#8230;)<\/em><\/strong><\/p>\n\n\n\n<h2 class=\"wp-block-heading\" id=\"h-correcao-da-prova\">Corre\u00e7\u00e3o da prova<\/h2>\n\n\n\n<h2 class=\"wp-block-heading\" id=\"h-gabarito-dpe-rj\">Gabarito DPE RJ:<\/h2>\n\n\n\n<h3 class=\"wp-block-heading\" id=\"h-tecnico-medio\"><strong><em>T\u00e9cnico M\u00e9dio:<\/em><\/strong><\/h3>\n\n\n\n<p class=\"has-medium-font-size\"><em><span style=\"text-decoration: underline\" class=\"underline\">L\u00edngua Portuguesa:<\/span> <\/em><br \/><strong>1:<\/strong> (Numa parede de uma f\u00e1brica)<br \/><strong>Gabarito: C<\/strong> (a ora\u00e7\u00e3o f\u00f4nica)<br \/><br \/><strong>2: <\/strong>(Muitas frases publicit\u00e1rias ou po\u00e9ticas)<br \/><strong>Gabarito: B<\/strong> (Pr\u00edncipe veste hoje)<br \/><br \/><strong>3:<\/strong> (Os erros de reg\u00eancia \u2013 m\u00e1)<br \/><strong>Gabarito: E<\/strong> (o acusado respondeu)<br \/><br \/><strong>4:<\/strong> (Em caso de morte no acidente)<br \/><strong>Gabarito: A<\/strong> (na incoer\u00eancia l\u00f3gica)<br \/><br \/><strong>5:<\/strong> (A frase em que est\u00e1 correto)<br \/><strong>Gabarito: C<\/strong> (n\u00e3o tinha mandato)<br \/><br \/><strong>6: <\/strong>(A respeito de algumas trag\u00e9dias que)<br \/><strong>Gabarito: E<\/strong> (responder \u00e0 pergunta)<br \/><br \/><strong>7:<\/strong> (Uma reportagem de um jornal)<br \/><strong>Gabarito: E<\/strong> (o segmento &#8221; o primeiro)<br \/><br \/><strong>8:<\/strong> (O segmento do texto 1 que justifica)<br \/><strong>Gabarito: E<\/strong> (s\u00f3 um especialista pode)<br \/><br \/><strong>9:<\/strong> (No texto 1, o <span style=\"text-decoration: underline\" class=\"underline\">problema<\/span>) <br \/><strong>Gabarito: C<\/strong> (na forma verbal &#8216;tem&#8221; do segundo)<br \/><br \/><strong>10:<\/strong> (A frase abaixo e que a grafia)<br \/><strong>Gabarito: A<\/strong> (O atleta genioso deve)<br \/><br \/><strong>11:<\/strong> (H\u00e1 uma s\u00e9rie de palavras em l\u00edngua)<br \/><strong>Gabarito: B<\/strong> (infarte\/infarto)<br \/><br \/><strong>12:<\/strong> (Uma reportagem que abordava)<br \/><strong>Gabarito: E<\/strong> (motivo\/motivos)<br \/><br \/><strong>13:<\/strong> (Na tentativa de dar concis\u00e3o, muitos)<br \/><strong>Gabarito: E<\/strong> (muitas moedas <span style=\"text-decoration: underline\" class=\"underline\">que s\u00e3o guardadas<\/span>)<br \/><br \/><strong>14:<\/strong> (Um livro de um autor espanhol)<br \/><strong>Gabarito: A<\/strong> (o amplo uso de palavras)<br \/><br \/><strong>15:<\/strong> (O jornal O Globo, de 15\/02\/2019,)<br \/><strong>Gabarito: D<\/strong> (anexa uma frase)<br \/><br \/><strong>16:<\/strong> (Pela estrutura geral no texto 2, ele)<br \/><strong>Gabarito: D<\/strong> (dissertativo-argumentativos)<br \/><br \/><strong>17:<\/strong> (No texto 2 h\u00e1 uma s\u00e9rie de)<br \/><strong>Gabarito: E<\/strong> (barroco\/caracter\u00edstica)<br \/><br \/><strong>18:<\/strong> (As reposi\u00e7\u00f5es, em l\u00edngua portuguesa)<br \/><strong>Gabarito: D<\/strong> (transplanta\u00e7\u00e3o integral <span style=\"text-decoration: underline\" class=\"underline\">de<\/span> gosto)<br \/><br \/><strong>19:<\/strong> (As festas c\u00edclicas dos negros)<br \/><strong>Gabarito: C<\/strong> (provinham dos terreiros)<br \/><br \/><strong>20:<\/strong> (Os termos sublinhados no texto 3 s\u00e3o)<br \/><strong>Gabarito: C<\/strong> (com\/companhia)<br \/><br \/><strong>21: <\/strong>(O emprego do tempo verbal (texto 4) \u201cabalaria\u201d)<br \/><strong>Gabarito: A<\/strong> (denota\u00e7\u00e3o de uma a\u00e7\u00e3o)<br \/><br \/><strong>22:<\/strong> (No texto 4, h\u00e1 uma s\u00e9rie de fragmentos)<br \/><strong>Gabarito: C<\/strong> (que abalaria as ra\u00edzes)<br \/><br \/><strong>23:<\/strong> (\u201cEm todas essas profecias havia)<br \/><strong>Gabarito: A<\/strong> (a liberdade n\u00e3o mais)<br \/><br \/><strong>24:<\/strong> (Uma frase publicit\u00e1ria dizia:)<br \/><strong>Gabarito: B<\/strong> (tenta\u00e7\u00e3o)<br \/><br \/><strong>25: <\/strong>(Inadimpl\u00eancia reduzida. Alguns dos)<br \/><strong>Gabarito: E<\/strong> (atualidade dos dados)<br \/><br \/><strong>26:<\/strong> (\u201cAt\u00e9 mesmo de um corp\u00fasculo)<br \/><strong>Gabarito: C<\/strong> (os alunos verificam na)<br \/><br \/><strong>27:<\/strong> (Sob a ponte a escurid\u00e3o era)<br \/><strong>Gabarito: E<\/strong> (no olfato\/na audi\u00e7\u00e3o\/na vis\u00e3o)<br \/><br \/><strong>28:<\/strong> (No laborat\u00f3rio tudo parecia confuso)<br \/><strong>Gabarito: D<\/strong> (inexperiente sobre o que \u00e9)<br \/><br \/><strong>29:<\/strong> (\u201cTodas as formas est\u00e3o dilu\u00eddas)<br \/><strong>Gabarito: E<\/strong> (temporais)<br \/><br \/><strong>30:<\/strong> (O texto dissertativo abaixo que se)<br \/><strong>Gabarito: B<\/strong> (deitado, ele beliscou dois)<br \/><br \/><strong>Coment\u00e1rios:<\/strong> <span style=\"text-decoration: underline\" class=\"underline\"><a rel=\"noreferrer noopener\" aria-label=\"Gabarito L\u00edngua Portuguesa (opens in a new tab)\" href=\"https:\/\/www.estrategiaconcursos.com.br\/blog\/gabarito-extraoficial-portugues-dpe-rj-tecnico\/\" target=\"_blank\">Gabarito L\u00edngua Portuguesa<\/a><\/span><\/p>\n\n\n\n<p class=\"has-medium-font-size\"><em><span style=\"text-decoration: underline\" class=\"underline\">Legisla\u00e7\u00e3o Institucional:<\/span> <\/em><br \/><strong>31:<\/strong> (Jo\u00e3o e Jos\u00e9 s\u00e3o r\u00e9us em a\u00e7\u00e3o penal)<br \/><strong>Gabarito: D<\/strong> (atua\u00e7\u00e3o de Defensores &#8230; pois verificada)<br \/><br \/><strong>32:<\/strong> (O adolescente M\u00e1rio cumpre medida)<br \/><strong>Gabarito: B<\/strong> (franquear acesso)<br \/><br \/><strong>33: <\/strong>(O IBGE divulgou pesquisa indicando que 15,2)<br \/><strong>Gabarito: A<\/strong> (representar aos sistemas)<br \/><br \/><strong>34:<\/strong> (Jo\u00e3o, que est\u00e1 desempregado,)<br \/><strong>Gabarito: A<\/strong> (deixar de patrocinar &#8230; Defensor P\u00fablico-Geral)<br \/><br \/><strong>35: <\/strong>(\u00c0s v\u00e9speras da \u00faltima elei\u00e7\u00e3o, Jo\u00e3o,)<br \/><strong>Gabarito: poss\u00edvel anula\u00e7\u00e3o<\/strong><br \/><br \/><strong>36:<\/strong> (Observe os atos administrativos a seguir)<br \/><strong>Gabarito: A<\/strong> (Defensor P\u00fablico-Geral &#8230; Conselho Superior &#8230; e ao Defensor)<br \/><br \/><strong>37: <\/strong>(Em rela\u00e7\u00e3o aos direitos e vantagens)<br \/><strong>Gabarito: C<\/strong> (gozar f\u00e9rias individuais)<br \/><br \/><strong>38:<\/strong> (O Novo C\u00f3digo de Processo Civil) <br \/><strong>Gabarito: A <\/strong>(simples e de imp\u00e9rio)<br \/><br \/><strong>39:<\/strong> (Jo\u00e3o foi assistido pela Defensoria) <br \/><strong>Gabarito: C <\/strong>(deve elaborar)<strong><br \/><\/strong><br \/><strong>40:<\/strong> (Para viabilizar o exerc\u00edcio de suas)<br \/><strong>Gabarito: B<\/strong> (receber, inclusive quando)<\/p>\n\n\n\n<p class=\"has-medium-font-size\"><em><span style=\"text-decoration: underline\" class=\"underline\">No\u00e7\u00f5es de Direito Constitucional:<\/span> <\/em><br \/><strong>41:<\/strong> (Ant\u00f4nio, pessoa hipossuficiente no plano)<br \/><strong>Gabarito: A<\/strong> (um direito social)<br \/><br \/><strong>42:<\/strong> (Jo\u00e3o requereu a matr\u00edcula do filho)<br \/><strong>Gabarito: D<\/strong> (o mandado de seguran\u00e7a)<br \/><br \/><strong>43:<\/strong> (Clara, pessoa economicamente hipossuficiente)<br \/><strong>Gabarito: D<\/strong> (atenderia Clara, pois a atua\u00e7\u00e3o)<br \/><br \/><strong>44:<\/strong> (Joana, Prefeita Municipal, praticou)<br \/><strong>Gabarito: B<\/strong> (a a\u00e7\u00e3o popular)<br \/><br \/><strong>45:<\/strong> (Na sistem\u00e1tica constitucional)<br \/><strong>Gabarito: A<\/strong> (concorrente)<br \/><br \/><strong>46:<\/strong> (Ad\u00e9lia praticou uma infra\u00e7\u00e3o)<br \/><strong>Gabarito: A<\/strong> (o Minist\u00e9rio P\u00fablico)<br \/><br \/><strong>47:<\/strong> (Determinado vereador almejava)<br \/><strong>Gabarito: D<\/strong> (os limites existentes est\u00e3o relacionados)<br \/><br \/><strong>48:<\/strong> (Determinado Prefeito Municipal, insatisfeito)<br \/><strong>Gabarito: B<\/strong> (vitaliciedade)<br \/><br \/><strong>49:<\/strong> (A C\u00e2mara dos Vereadores do Munic\u00edpio)<br \/><strong>Gabarito: B<\/strong> (a Lei Org\u00e2nica Municipal)<br \/><br \/><strong>50:<\/strong> (O Tribunal de Justi\u00e7a do Estado)<br \/><strong>Gabarito: A<\/strong> (alternadamente com a sistem\u00e1tica constitucional)<\/p>\n\n\n\n<p class=\"has-medium-font-size\"><em><span style=\"text-decoration: underline\" class=\"underline\">No\u00e7\u00f5es de Direito Administrativo:<\/span> <\/em><br \/><strong>51:<\/strong> (O Defensor P\u00fablico, Dr Jo\u00e3o, estava)<br \/><strong>Gabarito: B<\/strong> (autotutela, que permite)<br \/><br \/><strong>52: <\/strong>(Jo\u00e3o, T\u00e9cnico M\u00e9dio da Defensoria)<br \/><strong>Gabarito: C<\/strong> (do estado do Rio de &#8230; responsabilidade civil objetiva)<br \/><br \/><strong>53:<\/strong> (Com o objetivo de retalia\u00e7\u00e3o pol\u00edtica, o)<br \/><strong>Gabarito: D<\/strong> (vi\u00e1vel o ajuizamento de a\u00e7\u00e3o civil visando \u00e0 nulidade &#8230; na modalidade desvio de poder)<br \/><br \/><strong>54:<\/strong> (Por meio de inqu\u00e9rito civil p\u00fablico, o)<br \/><strong>Gabarito: D<\/strong> (cometeu ato de improbidade administrativa que importou)<br \/><br \/><strong>55:<\/strong> (A Defensoria P\u00fablica do Estado do Rio)<br \/><strong>Gabarito: A<\/strong> (pode contratar diretamente &#8230; mediante dispensa)<br \/><br \/><strong>56:<\/strong> (Professores municipais ocupantes de)<br \/><strong>Gabarito: B<\/strong> (aceitaram o acordo de compensa\u00e7\u00e3o, pois a administra\u00e7\u00e3o)<br \/><br \/><strong>57: <\/strong>(Policiais militares, em opera\u00e7\u00e3o de combate)<br \/><strong>Gabarito: D<\/strong> (ajuizou a\u00e7\u00e3o indenizat\u00f3ria em face do Estado &#8230; civil objetiva)<br \/><br \/><strong>58: <\/strong>(Em mat\u00e9ria de controle da Administra\u00e7\u00e3o)<br \/><strong>Gabarito: B<\/strong> (Legislativo, com aux\u00edlio)<br \/><br \/><strong>59:<\/strong> (O Minist\u00e9rio P\u00fablico ajuizou)<br \/><strong>Gabarito: E<\/strong> (invi\u00e1vel a propositura)<br \/><br \/><strong>60:<\/strong> (Jo\u00e3o, ocupante do cargo efetivo)<br \/><strong>Gabarito: A<\/strong> (requer a revis\u00e3o do PAD)<br \/><br \/><strong>Coment\u00e1rios:<\/strong> <span style=\"text-decoration: underline\" class=\"underline\"><a rel=\"noreferrer noopener\" aria-label=\"Gabarito No\u00e7\u00f5es de Direito Administrativo (opens in a new tab)\" href=\"https:\/\/www.estrategiaconcursos.com.br\/blog\/gabarito-dpe-rj-direito-administrativo\/\" target=\"_blank\">Gabarito No\u00e7\u00f5es de Direito Administrativo<\/a><\/span><\/p>\n\n\n\n<p class=\"has-medium-font-size\"><em><span style=\"text-decoration: underline\" class=\"underline\">No\u00e7\u00f5es de Teoria Geral do Processo<\/span>: <\/em><br \/><strong>61:<\/strong> (Quanto ao benef\u00edcio da gratuidade de)<br \/><strong>Gabarito: E<\/strong> (pode consistir na redu\u00e7\u00e3o)<br \/><br \/><strong>62:<\/strong> (S\u00e3o condi\u00e7\u00f5es gen\u00e9ricas para o)<br \/><strong>Gabarito: C <\/strong>(legitimidade <em>ad causam<\/em> e)<br \/><br \/><strong>63:<\/strong> (Uma vez em julgado, d\u00e1 azo)<br \/><strong>Gabarito: B<\/strong> (acolher a argui\u00e7\u00e3o)<br \/><br \/><strong>64:<\/strong> (No que concerne aos pronunciamentos)<br \/><strong>Gabarito: D<\/strong> (atos meramente ordinat\u00f3rios)<br \/><br \/><strong>65:<\/strong> (Nos tocantes aos recursos, \u00e9)<br \/><strong>Gabarito: A<\/strong> (visam \u00e0 invalida\u00e7\u00e3o)<br \/><br \/><strong>66:<\/strong> (No \u00e2mbito do processo civil, a)<br \/><strong>Gabarito: B<\/strong> (tem a prerrogativa da intima\u00e7\u00e3o)<br \/><br \/><strong>67:<\/strong> (Tendo percebido que um dos)<br \/><strong>Gabarito: B<\/strong> (decis\u00e3o interlocut\u00f3ria)<br \/><br \/><strong>68:<\/strong> (Pedro prop\u00f4s demanda em face)<br \/><strong>Gabarito: D<\/strong> (simples)<br \/><br \/><strong>69:<\/strong> (Ana, pessoa civilmente capaz,)<br \/><strong>Gabarito: A<\/strong> (nomear curador especial &#8230; \u00e0 Defensoria)<br \/><br \/><strong>70:<\/strong> (Segundo o vigente C\u00f3digo de Processo)<br \/><strong>Gabarito: E<\/strong> (dura\u00e7\u00e3o razo\u00e1vel)<br \/><br \/><strong>Coment\u00e1rios:<\/strong> <span style=\"text-decoration: underline\" class=\"underline\"><a rel=\"noreferrer noopener\" aria-label=\"Gabarito Teoria Geral do Processo (opens in a new tab)\" href=\"https:\/\/www.estrategiaconcursos.com.br\/blog\/comentarios-as-questoes-de-teoria-geral-do-processo-da-dpe-rj\/\" target=\"_blank\">Gabarito Teoria Geral do Processo<\/a><\/span><br \/><br \/><\/p>\n\n\n\n<h3 class=\"wp-block-heading\" id=\"h-tecnico-superior-administracao\"><strong><em>T\u00e9cnico Superior &#8211; Administra\u00e7\u00e3o:<\/em><\/strong><\/h3>\n\n\n\n<p class=\"has-medium-font-size\"><strong>1:<\/strong> (Entre as ideias defendidas)<br \/><strong>Gabarito: E<\/strong> (alguns t\u00f3picos tradicionais do)<\/p>\n\n\n\n<p class=\"has-medium-font-size\"><strong>2:<\/strong> (&#8220;Os modelos pedag\u00f3gicos de nossas &#8230; pela seguinte forma desenvolvida)<br \/><strong>Gabarito: A<\/strong> (e obrigam)<\/p>\n\n\n\n<p class=\"has-medium-font-size\"><strong>3: <\/strong>(&#8220;Os modelos pedag\u00f3gicos de nossas &#8230; doa gente dessa a\u00e7\u00e3o)<br \/><strong>Gabarito: C <\/strong>(&#8220;O mundo ser\u00e1 julgado)<\/p>\n\n\n\n<p class=\"has-medium-font-size\"><strong>4:<\/strong> (&#8220;\u00c9 uma avalia\u00e7\u00e3o cruel, que)<br \/><strong>Gabarito: D<\/strong> (os livros did\u00e1ticos utilizam)<\/p>\n\n\n\n<p class=\"has-medium-font-size\"><strong>5: <\/strong>(A finalidade principal de texto 2)<br \/><strong>Gabarito: D<\/strong> (produzir proximidade social)<\/p>\n\n\n\n<p class=\"has-medium-font-size\"><strong>6:<\/strong> (Sobre a estrutura\u00e7\u00e3o geral do texto 2)<br \/><strong>Gabarito: B<\/strong> (na linha 2, o pronome &#8220;isso&#8221;)<\/p>\n\n\n\n<p class=\"has-medium-font-size\"><strong>7:<\/strong> (Uma editora paulista mostra o seguinte)<br \/><strong>Gabarito: A<\/strong> (o &#8220;caminho&#8221; presente no t\u00edtulo \u00e9)<\/p>\n\n\n\n<p class=\"has-medium-font-size\"><strong>8:<\/strong> (Na orelha do livro &#8220;A B\u00edblia: uma biografia&#8221;)<br \/><strong>Gabarito: C<\/strong> (o termo &#8220;antes&#8221; indica que)<\/p>\n\n\n\n<p class=\"has-medium-font-size\"><strong>9:<\/strong> (Argumentativamente, o texto 3:)<br \/><strong>Gabarito: C<\/strong> (mostra que algumas cr\u00edticas)<\/p>\n\n\n\n<p class=\"has-medium-font-size\"><strong>10:<\/strong> (O texto 3 traz uma s\u00e9rie de voc\u00e1bulos e)<br \/><strong>Gabarito: B<\/strong> (&#8220;apocal\u00edpticos de plant\u00e3o&#8221;)<\/p>\n\n\n\n<p class=\"has-medium-font-size\"><strong>11: <\/strong>(Uma outra forma, mais conveniente)<br \/><strong>Gabarito: D<\/strong> (Ser\u00e1 eliminado sumariamente do)<\/p>\n\n\n\n<p class=\"has-medium-font-size\"><strong>12:<\/strong> (No texto 4, entre as situa\u00e7\u00f5es)<br \/><strong>Gabarito: E<\/strong> (a op\u00e7\u00e3o (u))<\/p>\n\n\n\n<p class=\"has-medium-font-size\"><strong>13:<\/strong> (A estrutura\u00e7\u00e3o do texto 5 s\u00f3 N\u00c3O)<br \/><strong>Gabarito: E<\/strong> (atribui\u00e7\u00e3o de voz \u00e0 popula\u00e7\u00e3o)<\/p>\n\n\n\n<p class=\"has-medium-font-size\"><strong>14:<\/strong> (Os benef\u00edcios citados no texto)<br \/><strong>Gabarito: A <\/strong>(econ\u00f4mico e social)<\/p>\n\n\n\n<p class=\"has-medium-font-size\"><strong>15:<\/strong> (A revista <em>\u00c9poca <\/em>de 14\/01\/2019)<br \/><strong>Gabarito: C<\/strong> (em &#8220;a constru\u00e7\u00e3o do muro&#8221; e)<\/p>\n\n\n\n<p class=\"has-medium-font-size\"><strong>16:<\/strong> (Uma editora acaba de lan\u00e7ar o livro)<br \/><strong>Gabarito: B<\/strong> (a poss\u00edvel ambiguidade do termo)<\/p>\n\n\n\n<p class=\"has-medium-font-size\"><strong>17: <\/strong>(Na divulga\u00e7\u00e3o do livro &#8220;Os meninos da)<br \/><strong>Gabarito: D <\/strong>(aus\u00eancia de interven\u00e7\u00e3o do)<\/p>\n\n\n\n<p class=\"has-medium-font-size\"><strong>18:<\/strong> (No in\u00edcio de um coment\u00e1rio na revista)<br \/><strong>Gabarito: A<\/strong> (cita inicialmente caracter\u00edsticas)<\/p>\n\n\n\n<p class=\"has-medium-font-size\"><strong>19:<\/strong> (Muitos segmentos do texto 6 podem ser)<br \/><strong>Gabarito: E<\/strong> (&#8220;Seria dado como desaparecido, se houvesse)<\/p>\n\n\n\n<p class=\"has-medium-font-size\"><strong>20:<\/strong> (&#8220;Um homem acorda gravemente ferido no)<br \/><strong>Gabarito: B<\/strong> (papel\/papel\u00e3o)<\/p>\n\n\n\n<p class=\"has-medium-font-size\"><strong>21:<\/strong> (O segmento do texto 6 em que a)<br \/><strong>Gabarito: A<\/strong> (&#8220;Um homem acorda gravemente ferido&#8221;)<\/p>\n\n\n\n<p class=\"has-medium-font-size\"><strong>22:<\/strong> A op\u00e7\u00e3o abaixo que mostra uma<br \/><strong>Gabarito: B <\/strong>(&#8220;aus\u00eancia impercept\u00edvel&#8221;\/aus\u00eancia)<\/p>\n\n\n\n<p class=\"has-medium-font-size\"><strong>23:<\/strong> (Numa entrevista com a pesquisadora Moira)<br \/><strong>Gabarito: B <\/strong>(&#8220;o politicamente correto pretende)<\/p>\n\n\n\n<p class=\"has-medium-font-size\"><strong>24:<\/strong> (Sobre uma nova esp\u00e9cie de drogas)<br \/><strong>Gabarito: D<\/strong> (&#8220;apesar de pesquisas desmentirem&#8221;\/)<\/p>\n\n\n\n<p class=\"has-medium-font-size\"><strong>25:<\/strong> (&#8220;pensamos com o idioma; se \u00e9 mal)<br \/><strong>Gabarito: B<\/strong> (produzir conhecimentos)<\/p>\n\n\n\n<p class=\"has-medium-font-size\"><strong>26:<\/strong> (O texto 7 \u00e9 um trecho de)<br \/><strong>Gabarito: C <\/strong>(v\u00f4o\/r\u00eade\/micro-computadores)<\/p>\n\n\n\n<p class=\"has-medium-font-size\"><strong>27:<\/strong> (No texto 7, o segmento &#8220;ideia revolucion\u00e1ria&#8221;)<br \/><strong>Gabarito: A<\/strong> (nova escultura)<\/p>\n\n\n\n<p class=\"has-medium-font-size\"><strong>28:<\/strong> (A manchete principal do <em>Jornal do Brasil<\/em>)<br \/><strong>Gabarito: C<\/strong> (INSS aliviar\u00e1 contas s\u00f3 se incluir)<\/p>\n\n\n\n<p class=\"has-medium-font-size\"><strong>29:<\/strong> (Observe o corpo do texto de um aviso oficial:)<br \/><strong>Gabarito: C <\/strong>(a corre\u00e7\u00e3o gramatical)<\/p>\n\n\n\n<p class=\"has-medium-font-size\"><strong>30:<\/strong> (Aviso n\u00ba 45\/SCT-PR)<br \/><strong>Gabarito: D<\/strong> (PR identifica o estado do)<\/p>\n\n\n\n<p class=\"has-medium-font-size\"><strong>31:<\/strong> (A Defensoria P\u00fablica \u00e9 institui\u00e7\u00e3o)<br \/><strong>Gabarito: D <\/strong>(prestar atendimento interdisciplinas)<\/p>\n\n\n\n<p class=\"has-medium-font-size\"><strong>32:<\/strong> (Com o escopo de garantir \u00e0s)<br \/><strong>Gabarito: B<\/strong> (podem realizar despesas que extrapolem)<\/p>\n\n\n\n<p class=\"has-medium-font-size\"><strong>33:<\/strong> (A Ouvidoria-Geral \u00e9 \u00f3rg\u00e3o)<br \/><strong>Gabarito: C <\/strong>(\u00e9 escolhido pelo Conselho Superior)<\/p>\n\n\n\n<p class=\"has-medium-font-size\"><strong>34: <\/strong>(O IBGE divulgou a s\u00edntese de)<br \/><strong>Gabarito: E<\/strong> (poder\u00e1 atuar por interm\u00e9dio)<\/p>\n\n\n\n<p class=\"has-medium-font-size\"><strong>35:<\/strong> (Todo in\u00edcio do m\u00eas, ap\u00f3s receber)<br \/><strong>Gabarito: E <\/strong>(est\u00e1 sujeita \u00e0 pena disciplinar)<\/p>\n\n\n\n<p class=\"has-medium-font-size\"><strong>36:<\/strong> (A Constitui\u00e7\u00e3o da Rep\u00fablica de 1988)<br \/><strong>Gabarito: C <\/strong>(unidade, indivisibilidade e independ\u00eancia)<\/p>\n\n\n\n<p class=\"has-medium-font-size\"><strong>37: <\/strong>(Com objetivo de investir na forma\u00e7\u00e3o)<br \/><strong>Gabarito: E <\/strong>(pode contratar diretamente a)<\/p>\n\n\n\n<p class=\"has-medium-font-size\"><strong>38:<\/strong> (Em mat\u00e9ria de classifica\u00e7\u00e3o dos atos)<br \/><strong>Gabarito: B<\/strong> (discricion\u00e1rio e vinculado)<\/p>\n\n\n\n<p class=\"has-medium-font-size\"><strong>39:<\/strong> <strong>2<\/strong>(Maria procurou atendimento no \u00f3rg\u00e3o)<br \/><strong>Gabarito: E<\/strong> (n\u00e3o deve requerer a juntada)<\/p>\n\n\n\n<p class=\"has-medium-font-size\"><strong>40:<\/strong> (Maria, ocupante do cargo efetivo)<br \/><strong>Gabarito: C<\/strong> (pode acumular seu cargo atual)<\/p>\n\n\n\n<p class=\"has-medium-font-size\"><strong>70: <\/strong>(Conforme previsto na Constitui\u00e7\u00e3o da Rep\u00fablica)<br \/><strong>Gabarito: B<\/strong> (entra em vigor no segundo ano)<\/p>\n\n\n\n<p class=\"has-medium-font-size\"><strong>71: <\/strong>(A Lei de Diretrizes Or\u00e7ament\u00e1rias (LDO) \u00e9)<br \/><strong>Gabarito: E<\/strong> (estabelecer pol\u00edticas de aplica\u00e7\u00e3o)<\/p>\n\n\n\n<p class=\"has-medium-font-size\"><strong>72:<\/strong> (A situa\u00e7\u00e3o deficit\u00e1ria das contas p\u00fablicas)<br \/><strong>Gabarito: C<\/strong> (base-zero)<\/p>\n\n\n\n<p class=\"has-medium-font-size\"><strong>73:<\/strong> (&#8220;Levantamento da Confedera\u00e7\u00e3o Nacional)<br \/><strong>Gabarito: D<\/strong> (poder\u00e1 ser constitu\u00eddo tanto)<\/p>\n\n\n\n<p class=\"has-medium-font-size\"><strong>Coment\u00e1rios:<\/strong><br \/><a rel=\"noreferrer noopener\" href=\"https:\/\/www.estrategiaconcursos.com.br\/blog\/gabarito-extraoficial-portugues-dpe-rj-tecnico-superior-especializado\/\" target=\"_blank\">L\u00edngua Portuguesa<\/a><br \/><a rel=\"noreferrer noopener\" href=\"https:\/\/www.estrategiaconcursos.com.br\/blog\/gabarito-dpe-rj-legislacao-institucional-tecnico-medio\/\" target=\"_blank\">Legisla\u00e7\u00e3o Institucional<\/a><\/p>\n\n\n\n<p class=\"has-text-align-center\"><br \/><em><strong>Assinatura Anual Ilimitada*<\/strong><\/em><\/p>\n\n\n\n<p class=\"has-text-align-center\"><em>Prepare-se com o melhor material e com quem mais aprova em&nbsp;Concursos P\u00fablicos de todo o pa\u00eds. Assine agora a nossa Assinatura Anual e tenha acesso ilimitado* a todos os nossos cursos.<\/em><\/p>\n\n\n\n<p><em>Ascom Estrat\u00e9gia<br \/><\/em>ascomestrategia@gmail.com<\/p>\n","protected":false},"excerpt":{"rendered":"<p>Gabarito DPE RJ: Corre\u00e7\u00e3o de T\u00e9cnico M\u00e9dio e T\u00e9cnico Superior (Administra\u00e7\u00e3o) Boa tarde concurseiro, aconteceram neste domingo as provas do concurso da Defensoria P\u00fablica do Rio de Janeiro. S\u00e3o ofertadas no total, 27 vagas para cargos de n\u00edvel m\u00e9dio e superior. Foram registrados no total, 54.874 candidatos inscritos para todas as especialidades\/escolaridades. E como de [&hellip;]<\/p>\n","protected":false},"author":1,"featured_media":183050,"comment_status":"open","ping_status":"closed","sticky":false,"template":"","format":"standard","meta":{"post_tipo":"news","footnotes":""},"categories":[1],"tags":[],"tax_estado":[],"class_list":["post-183049","post","type-post","status-publish","format-standard","has-post-thumbnail","hentry","category-cursos-e-concursos"],"acf":[],"yoast_head":"<!-- This site is optimized with the Yoast SEO Premium plugin v27.2 (Yoast SEO v27.2) - https:\/\/yoast.com\/product\/yoast-seo-premium-wordpress\/ -->\n<title>Gabarito DPE RJ - T\u00e9cnico M\u00e9dio e Superior: gabarito e corre\u00e7\u00e3o da prova<\/title>\n<meta name=\"description\" content=\"Gabarito DPE RJ: confira a corre\u00e7\u00e3o ao vivo da prova e o gabarito do concurso DPE RJ para T\u00e9cnico M\u00e9dio e T\u00e9cnico Superior (Administra\u00e7\u00e3o).\" \/>\n<meta name=\"robots\" content=\"index, follow, max-snippet:-1, max-image-preview:large, max-video-preview:-1\" \/>\n<link rel=\"canonical\" href=\"https:\/\/www.estrategiaconcursos.com.br\/blog\/gabarito-dpe-rj\/\" \/>\n<meta property=\"og:locale\" content=\"pt_BR\" \/>\n<meta property=\"og:type\" content=\"article\" \/>\n<meta property=\"og:title\" content=\"Gabarito DPE RJ - T\u00e9cnico M\u00e9dio e Superior: gabarito e corre\u00e7\u00e3o da prova\" \/>\n<meta property=\"og:description\" content=\"Gabarito DPE RJ: confira a corre\u00e7\u00e3o ao vivo da prova e o gabarito do concurso DPE RJ para T\u00e9cnico M\u00e9dio e T\u00e9cnico Superior (Administra\u00e7\u00e3o).\" \/>\n<meta property=\"og:url\" content=\"https:\/\/www.estrategiaconcursos.com.br\/blog\/gabarito-dpe-rj\/\" \/>\n<meta property=\"og:site_name\" content=\"Estrat\u00e9gia Concursos\" \/>\n<meta property=\"article:author\" content=\"https:\/\/www.facebook.com\/EstrategiaConcursos\" \/>\n<meta property=\"article:published_time\" content=\"2019-04-15T09:15:48+00:00\" \/>\n<meta property=\"article:modified_time\" content=\"2023-05-24T20:27:05+00:00\" \/>\n<meta property=\"og:image\" content=\"https:\/\/dhg1h5j42swfq.cloudfront.net\/2019\/04\/12135630\/YTB-G-DPE-RJ-e1555088199617.jpg\" \/>\n\t<meta property=\"og:image:width\" content=\"400\" \/>\n\t<meta property=\"og:image:height\" content=\"225\" \/>\n\t<meta property=\"og:image:type\" content=\"image\/jpeg\" \/>\n<meta name=\"author\" content=\"Coordena\u00e7\u00e3o\" \/>\n<meta name=\"twitter:card\" content=\"summary_large_image\" \/>\n<meta name=\"twitter:creator\" content=\"@EstratConcursos\" \/>\n<meta name=\"twitter:site\" content=\"@EstratConcursos\" \/>\n<meta name=\"twitter:label1\" content=\"Escrito por\" \/>\n\t<meta name=\"twitter:data1\" content=\"Coordena\u00e7\u00e3o\" \/>\n\t<meta name=\"twitter:label2\" content=\"Est. tempo de leitura\" \/>\n\t<meta name=\"twitter:data2\" content=\"9 minutos\" \/>\n<script type=\"application\/ld+json\" class=\"yoast-schema-graph\">{\"@context\":\"https:\/\/schema.org\",\"@graph\":[{\"@type\":\"NewsArticle\",\"@id\":\"https:\/\/www.estrategiaconcursos.com.br\/blog\/gabarito-dpe-rj\/#article\",\"isPartOf\":{\"@id\":\"https:\/\/www.estrategiaconcursos.com.br\/blog\/gabarito-dpe-rj\/\"},\"author\":{\"name\":\"Coordena\u00e7\u00e3o\",\"@id\":\"https:\/\/www.estrategiaconcursos.com.br\/blog\/#\/schema\/person\/b4a388c97673c5f483d72185668afa1f\"},\"headline\":\"Gabarito DPE RJ &#8211; T\u00e9cnico M\u00e9dio e Superior: gabarito e corre\u00e7\u00e3o da prova\",\"datePublished\":\"2019-04-15T09:15:48+00:00\",\"dateModified\":\"2023-05-24T20:27:05+00:00\",\"mainEntityOfPage\":{\"@id\":\"https:\/\/www.estrategiaconcursos.com.br\/blog\/gabarito-dpe-rj\/\"},\"wordCount\":1780,\"commentCount\":12,\"publisher\":{\"@id\":\"https:\/\/www.estrategiaconcursos.com.br\/blog\/#organization\"},\"image\":{\"@id\":\"https:\/\/www.estrategiaconcursos.com.br\/blog\/gabarito-dpe-rj\/#primaryimage\"},\"thumbnailUrl\":\"https:\/\/dhg1h5j42swfq.cloudfront.net\/2019\/04\/12135630\/YTB-G-DPE-RJ-e1555088199617.jpg\",\"articleSection\":[\"Concursos P\u00fablicos\"],\"inLanguage\":\"pt-BR\",\"potentialAction\":[{\"@type\":\"CommentAction\",\"name\":\"Comment\",\"target\":[\"https:\/\/www.estrategiaconcursos.com.br\/blog\/gabarito-dpe-rj\/#respond\"]}],\"copyrightYear\":\"2019\",\"copyrightHolder\":{\"@id\":\"https:\/\/www.estrategiaconcursos.com.br\/blog\/#organization\"}},{\"@type\":\"WebPage\",\"@id\":\"https:\/\/www.estrategiaconcursos.com.br\/blog\/gabarito-dpe-rj\/\",\"url\":\"https:\/\/www.estrategiaconcursos.com.br\/blog\/gabarito-dpe-rj\/\",\"name\":\"Gabarito DPE RJ - T\u00e9cnico M\u00e9dio e Superior: gabarito e corre\u00e7\u00e3o da prova\",\"isPartOf\":{\"@id\":\"https:\/\/www.estrategiaconcursos.com.br\/blog\/#website\"},\"primaryImageOfPage\":{\"@id\":\"https:\/\/www.estrategiaconcursos.com.br\/blog\/gabarito-dpe-rj\/#primaryimage\"},\"image\":{\"@id\":\"https:\/\/www.estrategiaconcursos.com.br\/blog\/gabarito-dpe-rj\/#primaryimage\"},\"thumbnailUrl\":\"https:\/\/dhg1h5j42swfq.cloudfront.net\/2019\/04\/12135630\/YTB-G-DPE-RJ-e1555088199617.jpg\",\"datePublished\":\"2019-04-15T09:15:48+00:00\",\"dateModified\":\"2023-05-24T20:27:05+00:00\",\"description\":\"Gabarito DPE RJ: confira a corre\u00e7\u00e3o ao vivo da prova e o gabarito do concurso DPE RJ para T\u00e9cnico M\u00e9dio e T\u00e9cnico Superior (Administra\u00e7\u00e3o).\",\"breadcrumb\":{\"@id\":\"https:\/\/www.estrategiaconcursos.com.br\/blog\/gabarito-dpe-rj\/#breadcrumb\"},\"inLanguage\":\"pt-BR\",\"potentialAction\":[{\"@type\":\"ReadAction\",\"target\":[\"https:\/\/www.estrategiaconcursos.com.br\/blog\/gabarito-dpe-rj\/\"]}]},{\"@type\":\"ImageObject\",\"inLanguage\":\"pt-BR\",\"@id\":\"https:\/\/www.estrategiaconcursos.com.br\/blog\/gabarito-dpe-rj\/#primaryimage\",\"url\":\"https:\/\/dhg1h5j42swfq.cloudfront.net\/2019\/04\/12135630\/YTB-G-DPE-RJ-e1555088199617.jpg\",\"contentUrl\":\"https:\/\/dhg1h5j42swfq.cloudfront.net\/2019\/04\/12135630\/YTB-G-DPE-RJ-e1555088199617.jpg\",\"width\":400,\"height\":225,\"caption\":\"Gabarito DPE RJ\"},{\"@type\":\"BreadcrumbList\",\"@id\":\"https:\/\/www.estrategiaconcursos.com.br\/blog\/gabarito-dpe-rj\/#breadcrumb\",\"itemListElement\":[{\"@type\":\"ListItem\",\"position\":1,\"name\":\"In\u00edcio\",\"item\":\"https:\/\/www.estrategiaconcursos.com.br\/blog\/\"},{\"@type\":\"ListItem\",\"position\":2,\"name\":\"Gabarito DPE RJ &#8211; T\u00e9cnico M\u00e9dio e Superior: gabarito e corre\u00e7\u00e3o da prova\"}]},{\"@type\":\"WebSite\",\"@id\":\"https:\/\/www.estrategiaconcursos.com.br\/blog\/#website\",\"url\":\"https:\/\/www.estrategiaconcursos.com.br\/blog\/\",\"name\":\"Estrat\u00e9gia Concursos\",\"description\":\"O blog da Estrat\u00e9gia Concursos traz not\u00edcias sobre concursos e artigos de professores oferecendo cursos para concursos (pdf + videaulas) no site.\",\"publisher\":{\"@id\":\"https:\/\/www.estrategiaconcursos.com.br\/blog\/#organization\"},\"potentialAction\":[{\"@type\":\"SearchAction\",\"target\":{\"@type\":\"EntryPoint\",\"urlTemplate\":\"https:\/\/www.estrategiaconcursos.com.br\/blog\/?s={search_term_string}\"},\"query-input\":{\"@type\":\"PropertyValueSpecification\",\"valueRequired\":true,\"valueName\":\"search_term_string\"}}],\"inLanguage\":\"pt-BR\"},{\"@type\":\"Organization\",\"@id\":\"https:\/\/www.estrategiaconcursos.com.br\/blog\/#organization\",\"name\":\"Estrat\u00e9gia Concursos\",\"url\":\"https:\/\/www.estrategiaconcursos.com.br\/blog\/\",\"logo\":{\"@type\":\"ImageObject\",\"inLanguage\":\"pt-BR\",\"@id\":\"https:\/\/www.estrategiaconcursos.com.br\/blog\/#\/schema\/logo\/image\/\",\"url\":\"https:\/\/dhg1h5j42swfq.cloudfront.net\/2025\/06\/03203428\/logo_concursos-1.jpg\",\"contentUrl\":\"https:\/\/dhg1h5j42swfq.cloudfront.net\/2025\/06\/03203428\/logo_concursos-1.jpg\",\"width\":230,\"height\":60,\"caption\":\"Estrat\u00e9gia Concursos\"},\"image\":{\"@id\":\"https:\/\/www.estrategiaconcursos.com.br\/blog\/#\/schema\/logo\/image\/\"},\"sameAs\":[\"https:\/\/x.com\/EstratConcursos\"]},{\"@type\":\"Person\",\"@id\":\"https:\/\/www.estrategiaconcursos.com.br\/blog\/#\/schema\/person\/b4a388c97673c5f483d72185668afa1f\",\"name\":\"Coordena\u00e7\u00e3o\",\"image\":{\"@type\":\"ImageObject\",\"inLanguage\":\"pt-BR\",\"@id\":\"https:\/\/secure.gravatar.com\/avatar\/b720319e4c9a967eb58678d110f4fe35452fc5d5f97b202bac7b8acceb18c6ad?s=96&d=mm&r=g\",\"url\":\"https:\/\/secure.gravatar.com\/avatar\/b720319e4c9a967eb58678d110f4fe35452fc5d5f97b202bac7b8acceb18c6ad?s=96&d=mm&r=g\",\"contentUrl\":\"https:\/\/secure.gravatar.com\/avatar\/b720319e4c9a967eb58678d110f4fe35452fc5d5f97b202bac7b8acceb18c6ad?s=96&d=mm&r=g\",\"caption\":\"Coordena\u00e7\u00e3o\"},\"sameAs\":[\"https:\/\/www.facebook.com\/EstrategiaConcursos\",\"https:\/\/x.com\/EstratConcursos\"],\"url\":\"https:\/\/www.estrategiaconcursos.com.br\/blog\/author\/estrategia2013\/\"}]}<\/script>\n<!-- \/ Yoast SEO Premium plugin. -->","yoast_head_json":{"title":"Gabarito DPE RJ - T\u00e9cnico M\u00e9dio e Superior: gabarito e corre\u00e7\u00e3o da prova","description":"Gabarito DPE RJ: confira a corre\u00e7\u00e3o ao vivo da prova e o gabarito do concurso DPE RJ para T\u00e9cnico M\u00e9dio e T\u00e9cnico Superior (Administra\u00e7\u00e3o).","robots":{"index":"index","follow":"follow","max-snippet":"max-snippet:-1","max-image-preview":"max-image-preview:large","max-video-preview":"max-video-preview:-1"},"canonical":"https:\/\/www.estrategiaconcursos.com.br\/blog\/gabarito-dpe-rj\/","og_locale":"pt_BR","og_type":"article","og_title":"Gabarito DPE RJ - T\u00e9cnico M\u00e9dio e Superior: gabarito e corre\u00e7\u00e3o da prova","og_description":"Gabarito DPE RJ: confira a corre\u00e7\u00e3o ao vivo da prova e o gabarito do concurso DPE RJ para T\u00e9cnico M\u00e9dio e T\u00e9cnico Superior (Administra\u00e7\u00e3o).","og_url":"https:\/\/www.estrategiaconcursos.com.br\/blog\/gabarito-dpe-rj\/","og_site_name":"Estrat\u00e9gia Concursos","article_author":"https:\/\/www.facebook.com\/EstrategiaConcursos","article_published_time":"2019-04-15T09:15:48+00:00","article_modified_time":"2023-05-24T20:27:05+00:00","og_image":[{"width":400,"height":225,"url":"https:\/\/dhg1h5j42swfq.cloudfront.net\/2019\/04\/12135630\/YTB-G-DPE-RJ-e1555088199617.jpg","type":"image\/jpeg"}],"author":"Coordena\u00e7\u00e3o","twitter_card":"summary_large_image","twitter_creator":"@EstratConcursos","twitter_site":"@EstratConcursos","twitter_misc":{"Escrito por":"Coordena\u00e7\u00e3o","Est. tempo de leitura":"9 minutos"},"schema":{"@context":"https:\/\/schema.org","@graph":[{"@type":"NewsArticle","@id":"https:\/\/www.estrategiaconcursos.com.br\/blog\/gabarito-dpe-rj\/#article","isPartOf":{"@id":"https:\/\/www.estrategiaconcursos.com.br\/blog\/gabarito-dpe-rj\/"},"author":{"name":"Coordena\u00e7\u00e3o","@id":"https:\/\/www.estrategiaconcursos.com.br\/blog\/#\/schema\/person\/b4a388c97673c5f483d72185668afa1f"},"headline":"Gabarito DPE RJ &#8211; T\u00e9cnico M\u00e9dio e Superior: gabarito e corre\u00e7\u00e3o da prova","datePublished":"2019-04-15T09:15:48+00:00","dateModified":"2023-05-24T20:27:05+00:00","mainEntityOfPage":{"@id":"https:\/\/www.estrategiaconcursos.com.br\/blog\/gabarito-dpe-rj\/"},"wordCount":1780,"commentCount":12,"publisher":{"@id":"https:\/\/www.estrategiaconcursos.com.br\/blog\/#organization"},"image":{"@id":"https:\/\/www.estrategiaconcursos.com.br\/blog\/gabarito-dpe-rj\/#primaryimage"},"thumbnailUrl":"https:\/\/dhg1h5j42swfq.cloudfront.net\/2019\/04\/12135630\/YTB-G-DPE-RJ-e1555088199617.jpg","articleSection":["Concursos P\u00fablicos"],"inLanguage":"pt-BR","potentialAction":[{"@type":"CommentAction","name":"Comment","target":["https:\/\/www.estrategiaconcursos.com.br\/blog\/gabarito-dpe-rj\/#respond"]}],"copyrightYear":"2019","copyrightHolder":{"@id":"https:\/\/www.estrategiaconcursos.com.br\/blog\/#organization"}},{"@type":"WebPage","@id":"https:\/\/www.estrategiaconcursos.com.br\/blog\/gabarito-dpe-rj\/","url":"https:\/\/www.estrategiaconcursos.com.br\/blog\/gabarito-dpe-rj\/","name":"Gabarito DPE RJ - T\u00e9cnico M\u00e9dio e Superior: gabarito e corre\u00e7\u00e3o da prova","isPartOf":{"@id":"https:\/\/www.estrategiaconcursos.com.br\/blog\/#website"},"primaryImageOfPage":{"@id":"https:\/\/www.estrategiaconcursos.com.br\/blog\/gabarito-dpe-rj\/#primaryimage"},"image":{"@id":"https:\/\/www.estrategiaconcursos.com.br\/blog\/gabarito-dpe-rj\/#primaryimage"},"thumbnailUrl":"https:\/\/dhg1h5j42swfq.cloudfront.net\/2019\/04\/12135630\/YTB-G-DPE-RJ-e1555088199617.jpg","datePublished":"2019-04-15T09:15:48+00:00","dateModified":"2023-05-24T20:27:05+00:00","description":"Gabarito DPE RJ: confira a corre\u00e7\u00e3o ao vivo da prova e o gabarito do concurso DPE RJ para T\u00e9cnico M\u00e9dio e T\u00e9cnico Superior (Administra\u00e7\u00e3o).","breadcrumb":{"@id":"https:\/\/www.estrategiaconcursos.com.br\/blog\/gabarito-dpe-rj\/#breadcrumb"},"inLanguage":"pt-BR","potentialAction":[{"@type":"ReadAction","target":["https:\/\/www.estrategiaconcursos.com.br\/blog\/gabarito-dpe-rj\/"]}]},{"@type":"ImageObject","inLanguage":"pt-BR","@id":"https:\/\/www.estrategiaconcursos.com.br\/blog\/gabarito-dpe-rj\/#primaryimage","url":"https:\/\/dhg1h5j42swfq.cloudfront.net\/2019\/04\/12135630\/YTB-G-DPE-RJ-e1555088199617.jpg","contentUrl":"https:\/\/dhg1h5j42swfq.cloudfront.net\/2019\/04\/12135630\/YTB-G-DPE-RJ-e1555088199617.jpg","width":400,"height":225,"caption":"Gabarito DPE RJ"},{"@type":"BreadcrumbList","@id":"https:\/\/www.estrategiaconcursos.com.br\/blog\/gabarito-dpe-rj\/#breadcrumb","itemListElement":[{"@type":"ListItem","position":1,"name":"In\u00edcio","item":"https:\/\/www.estrategiaconcursos.com.br\/blog\/"},{"@type":"ListItem","position":2,"name":"Gabarito DPE RJ &#8211; T\u00e9cnico M\u00e9dio e Superior: gabarito e corre\u00e7\u00e3o da prova"}]},{"@type":"WebSite","@id":"https:\/\/www.estrategiaconcursos.com.br\/blog\/#website","url":"https:\/\/www.estrategiaconcursos.com.br\/blog\/","name":"Estrat\u00e9gia Concursos","description":"O blog da Estrat\u00e9gia Concursos traz not\u00edcias sobre concursos e artigos de professores oferecendo cursos para concursos (pdf + videaulas) no site.","publisher":{"@id":"https:\/\/www.estrategiaconcursos.com.br\/blog\/#organization"},"potentialAction":[{"@type":"SearchAction","target":{"@type":"EntryPoint","urlTemplate":"https:\/\/www.estrategiaconcursos.com.br\/blog\/?s={search_term_string}"},"query-input":{"@type":"PropertyValueSpecification","valueRequired":true,"valueName":"search_term_string"}}],"inLanguage":"pt-BR"},{"@type":"Organization","@id":"https:\/\/www.estrategiaconcursos.com.br\/blog\/#organization","name":"Estrat\u00e9gia Concursos","url":"https:\/\/www.estrategiaconcursos.com.br\/blog\/","logo":{"@type":"ImageObject","inLanguage":"pt-BR","@id":"https:\/\/www.estrategiaconcursos.com.br\/blog\/#\/schema\/logo\/image\/","url":"https:\/\/dhg1h5j42swfq.cloudfront.net\/2025\/06\/03203428\/logo_concursos-1.jpg","contentUrl":"https:\/\/dhg1h5j42swfq.cloudfront.net\/2025\/06\/03203428\/logo_concursos-1.jpg","width":230,"height":60,"caption":"Estrat\u00e9gia Concursos"},"image":{"@id":"https:\/\/www.estrategiaconcursos.com.br\/blog\/#\/schema\/logo\/image\/"},"sameAs":["https:\/\/x.com\/EstratConcursos"]},{"@type":"Person","@id":"https:\/\/www.estrategiaconcursos.com.br\/blog\/#\/schema\/person\/b4a388c97673c5f483d72185668afa1f","name":"Coordena\u00e7\u00e3o","image":{"@type":"ImageObject","inLanguage":"pt-BR","@id":"https:\/\/secure.gravatar.com\/avatar\/b720319e4c9a967eb58678d110f4fe35452fc5d5f97b202bac7b8acceb18c6ad?s=96&d=mm&r=g","url":"https:\/\/secure.gravatar.com\/avatar\/b720319e4c9a967eb58678d110f4fe35452fc5d5f97b202bac7b8acceb18c6ad?s=96&d=mm&r=g","contentUrl":"https:\/\/secure.gravatar.com\/avatar\/b720319e4c9a967eb58678d110f4fe35452fc5d5f97b202bac7b8acceb18c6ad?s=96&d=mm&r=g","caption":"Coordena\u00e7\u00e3o"},"sameAs":["https:\/\/www.facebook.com\/EstrategiaConcursos","https:\/\/x.com\/EstratConcursos"],"url":"https:\/\/www.estrategiaconcursos.com.br\/blog\/author\/estrategia2013\/"}]}},"_links":{"self":[{"href":"https:\/\/www.estrategiaconcursos.com.br\/blog\/wp-json\/wp\/v2\/posts\/183049","targetHints":{"allow":["GET"]}}],"collection":[{"href":"https:\/\/www.estrategiaconcursos.com.br\/blog\/wp-json\/wp\/v2\/posts"}],"about":[{"href":"https:\/\/www.estrategiaconcursos.com.br\/blog\/wp-json\/wp\/v2\/types\/post"}],"author":[{"embeddable":true,"href":"https:\/\/www.estrategiaconcursos.com.br\/blog\/wp-json\/wp\/v2\/users\/1"}],"replies":[{"embeddable":true,"href":"https:\/\/www.estrategiaconcursos.com.br\/blog\/wp-json\/wp\/v2\/comments?post=183049"}],"version-history":[{"count":41,"href":"https:\/\/www.estrategiaconcursos.com.br\/blog\/wp-json\/wp\/v2\/posts\/183049\/revisions"}],"predecessor-version":[{"id":1221740,"href":"https:\/\/www.estrategiaconcursos.com.br\/blog\/wp-json\/wp\/v2\/posts\/183049\/revisions\/1221740"}],"wp:featuredmedia":[{"embeddable":true,"href":"https:\/\/www.estrategiaconcursos.com.br\/blog\/wp-json\/wp\/v2\/media\/183050"}],"wp:attachment":[{"href":"https:\/\/www.estrategiaconcursos.com.br\/blog\/wp-json\/wp\/v2\/media?parent=183049"}],"wp:term":[{"taxonomy":"category","embeddable":true,"href":"https:\/\/www.estrategiaconcursos.com.br\/blog\/wp-json\/wp\/v2\/categories?post=183049"},{"taxonomy":"post_tag","embeddable":true,"href":"https:\/\/www.estrategiaconcursos.com.br\/blog\/wp-json\/wp\/v2\/tags?post=183049"},{"taxonomy":"tax_estado","embeddable":true,"href":"https:\/\/www.estrategiaconcursos.com.br\/blog\/wp-json\/wp\/v2\/tax_estado?post=183049"}],"curies":[{"name":"wp","href":"https:\/\/api.w.org\/{rel}","templated":true}]}}