{"id":182999,"date":"2019-04-13T07:25:11","date_gmt":"2019-04-13T10:25:11","guid":{"rendered":"https:\/\/www.estrategiaconcursos.com.br\/blog\/?p=182999"},"modified":"2019-04-15T20:58:06","modified_gmt":"2019-04-15T23:58:06","slug":"eduardo-bolsonaro-defende-contratacao-de-agentes-administrativos-para-a-pf","status":"publish","type":"post","link":"https:\/\/www.estrategiaconcursos.com.br\/blog\/eduardo-bolsonaro-defende-contratacao-de-agentes-administrativos-para-a-pf\/","title":{"rendered":"Eduardo Bolsonaro defende contrata\u00e7\u00e3o de Agentes Administrativos para a PF"},"content":{"rendered":"\n<p>O deputado federal, Eduardo Bolsonaro publicou em seu Twitter, um pedido por mais contrata\u00e7\u00f5es de Agentes Administrativos para o quadro de servidores da Pol\u00edcia Federal.<\/p>\n\n\n\n<p>Segundo o deputado, que tamb\u00e9m \u00e9 policial federal, \u00e9 urgente a necessidade de amplia\u00e7\u00e3o no efetivo da PF, pois policiais acabam n\u00e3o exercendo seu trabalho para cobrir outras fun\u00e7\u00f5es.<\/p>\n\n\n\n<p>O concurso para o cargo de Agente Administrativo da Pol\u00edcia Federal \u00e9 um dos mais aguardados e de acordo com a Federa\u00e7\u00e3o Nacional dos Policiais Federais &#8211; Fenapef, existem <strong>5.300 cargos vagos<\/strong> para Agente Administrativo.<\/p>\n\n\n\n<p>Abaixo voc\u00ea confere a publica\u00e7\u00e3o do Twitter e do Jornal Valor Econ\u00f4mico:<\/p>\n\n\n\n<figure class=\"wp-block-image\"><img loading=\"lazy\" decoding=\"async\" width=\"962\" height=\"1200\" src=\"https:\/\/dhg1h5j42swfq.cloudfront.net\/2019\/04\/12075354\/twitter-bolsonaro.jpg\" alt=\"\" class=\"wp-image-183000\" srcset=\"https:\/\/dhg1h5j42swfq.cloudfront.net\/2019\/04\/12075354\/twitter-bolsonaro.jpg 962w, https:\/\/dhg1h5j42swfq.cloudfront.net\/2019\/04\/12075354\/twitter-bolsonaro.jpg 241w, https:\/\/dhg1h5j42swfq.cloudfront.net\/2019\/04\/12075354\/twitter-bolsonaro.jpg 768w, https:\/\/dhg1h5j42swfq.cloudfront.net\/2019\/04\/12075354\/twitter-bolsonaro.jpg 821w\" sizes=\"auto, (max-width: 962px) 100vw, 962px\" \/><\/figure>\n\n\n\n<h2 class=\"wp-block-heading\">FENAPEF ir\u00e1 solicitar realiza\u00e7\u00e3o de concurso<\/h2>\n\n\n\n<p>Em contato com a Federa\u00e7\u00e3o Nacional dos Policiais Federais, a FENAPEF, confirmou que ir\u00e1 solicitar a realiza\u00e7\u00e3o de concurso para contrata\u00e7\u00e3o de novos servidores para a \u00e1rea administrativa da Pol\u00edcia Federal. At\u00e9 o momento n\u00e3o se sabe a quantidade de vagas e data da realiza\u00e7\u00e3o do certame.<\/p>\n\n\n\n<h3 class=\"wp-block-heading\">O \u00faltimo Concurso PF &#8211; Agente Administrativo<\/h3>\n\n\n\n<p>Realizado em 2013 pelo Cespe,  ofertou 534 vagas distribu\u00eddas entre diversos estados do pa\u00eds.<\/p>\n\n\n\n<p>O cargo de Agente Administrativo exige n\u00edvel m\u00e9dio completo, com remunera\u00e7\u00e3o de <strong>R<\/strong><em><strong>$ 5.204,16<\/strong><\/em> (2017) e jornada de 40 horas semanais.<\/p>\n\n\n\n<p>Com validade inicial at\u00e9 2016, o certame foi prorrogado at\u00e9 junho de 2018 e convocou mais de 700 aprovados.<\/p>\n\n\n\n<p>As vagas foram distribu\u00eddas conforme o quadro abaixo:<\/p>\n\n\n\n<figure class=\"wp-block-image\"><img decoding=\"async\" src=\"https:\/\/dhg1h5j42swfq.cloudfront.net\/2016\/04\/13121743\/Cargos-adm.png\" alt=\"\"\/><\/figure>\n\n\n\n<p>As provas contaram com 120 quest\u00f5es, sendo 50 de conhecimentos b\u00e1sicos e 70 de conhecimentos espec\u00edficos. Importante dizer que os candidatos n\u00e3o passaram por prova discursiva ou teste de aptid\u00e3o f\u00edsica.<\/p>\n\n\n\n<p><em><strong>CONHECIMENTOS B\u00c1SICOS (50 Itens)<\/strong><\/em><\/p>\n\n\n\n<ul class=\"wp-block-list\"><li>Portugu\u00eas<\/li><li>No\u00e7\u00f5es de Inform\u00e1tica<\/li><li>Racioc\u00ednio L\u00f3gico<\/li><li>Atualidades<\/li><li>No\u00e7\u00f5es de Direito Administrativo<\/li><li>No\u00e7\u00f5es de Direito Constitucional<\/li><\/ul>\n\n\n\n<p><em><strong>CONHECIMENTOS ESPEC\u00cdFICOS (70 Itens)<\/strong><\/em><\/p>\n\n\n\n<ul class=\"wp-block-list\"><li>No\u00e7\u00f5es de Administra\u00e7\u00e3o P\u00fablica<\/li><li>No\u00e7\u00f5es de Administra\u00e7\u00e3o Financeira e Or\u00e7ament\u00e1ria<\/li><li>No\u00e7\u00f5es de Gest\u00e3o de Pessoas nas Organiza\u00e7\u00f5es<\/li><li>No\u00e7\u00f5es de Arquivologia<\/li><li>No\u00e7\u00f5es de Administra\u00e7\u00e3o de Recursos Materiais<\/li><li>Legisla\u00e7\u00e3o Aplicada \u00e1 Pol\u00edcia Federal<\/li><\/ul>\n\n\n\n<p class=\"has-medium-font-size\"><strong>Atribui\u00e7\u00f5es<\/strong><\/p>\n\n\n\n<p>Realiza\u00e7\u00e3o de atividades de n\u00edvel m\u00e9dio, de grande complexidade, envolvendo a apresenta\u00e7\u00e3o de solu\u00e7\u00e3o para situa\u00e7\u00f5es novas, a necessidade de constantes contatos com autoridades de m\u00e9dia hierarquia, com t\u00e9cnicos de n\u00edvel superior e\/ou contatos eventuais com autoridades de alta hierarquia e abrangendo planejamento em grau auxiliar e pesquisas preliminares realizadas sob supervis\u00e3o indireta, predominantemente t\u00e9cnica, visando \u00e0 implementa\u00e7\u00e3o das leis, regulamentos e normas referentes \u00e0 administra\u00e7\u00e3o geral e espec\u00edfica; <\/p>\n\n\n\n<p>Supervis\u00e3o dos trabalhos que envolvam a aplica\u00e7\u00e3o das t\u00e9cnicas de pessoal, or\u00e7amento, organiza\u00e7\u00e3o, m\u00e9todos e materiais executados por equipes auxiliares, chefia de secretarias de unidades da mais alta linha divisional da organiza\u00e7\u00e3o.  <\/p>\n\n\n\n<p>Quer saber sobre a carreira de Agente Administrativo? Acesse a mat\u00e9ria:<\/p>\n\n\n\n<p style=\"text-align:center\" class=\"has-medium-font-size\"><a href=\"https:\/\/www.estrategiaconcursos.com.br\/blog\/agente-administrativo-pf-2\/\"><strong>Agente Administrativo<\/strong><\/a><\/p>\n\n\n\n<p class=\"has-background has-very-light-gray-background-color\"><strong>E os demais certames, quer se informar? Confira as mat\u00e9rias completas com todos os concursos previstos, autorizados e em andamento de 2019:<\/strong><\/p>\n\n\n\n<figure class=\"wp-block-image\"><a href=\"https:\/\/www.estrategiaconcursos.com.br\/blog\/concursos-2019\/\" target=\"_blank\" rel=\"noreferrer noopener\"><img decoding=\"async\" src=\"https:\/\/dhg1h5j42swfq.cloudfront.net\/2019\/03\/27172756\/concursos-2019-e1556561639706.jpg\" alt=\"\"\/><\/a><\/figure>\n\n\n\n<figure class=\"wp-block-image\"><a href=\"https:\/\/www.estrategiaconcursos.com.br\/blog\/concursos-abertos\/\" target=\"_blank\" rel=\"noreferrer noopener\"><img decoding=\"async\" src=\"https:\/\/dhg1h5j42swfq.cloudfront.net\/2017\/05\/26153013\/concursos-abertos.jpg\" alt=\"Image result for concursos abertos\"\/><\/a><\/figure>\n\n\n\n<p>Ascom<br \/>ascomestrategia@gmail.com<\/p>\n","protected":false},"excerpt":{"rendered":"<p>O deputado federal, Eduardo Bolsonaro publicou em seu Twitter, um pedido por mais contrata\u00e7\u00f5es de Agentes Administrativos para o quadro de servidores da Pol\u00edcia Federal. Segundo o deputado, que tamb\u00e9m \u00e9 policial federal, \u00e9 urgente a necessidade de amplia\u00e7\u00e3o no efetivo da PF, pois policiais acabam n\u00e3o exercendo seu trabalho para cobrir outras fun\u00e7\u00f5es. O [&hellip;]<\/p>\n","protected":false},"author":1,"featured_media":146469,"comment_status":"open","ping_status":"closed","sticky":false,"template":"","format":"standard","meta":{"post_tipo":"news","footnotes":""},"categories":[1,1988],"tags":[],"tax_estado":[],"class_list":["post-182999","post","type-post","status-publish","format-standard","has-post-thumbnail","hentry","category-cursos-e-concursos","category-policia"],"acf":[],"yoast_head":"<!-- This site is optimized with the Yoast SEO Premium plugin v27.2 (Yoast SEO v27.2) - https:\/\/yoast.com\/product\/yoast-seo-premium-wordpress\/ -->\n<title>Eduardo Bolsonaro defende contrata\u00e7\u00e3o de Agentes Administrativos para a PF<\/title>\n<meta name=\"description\" content=\"Eduardo Bolsonaro defende contrata\u00e7\u00e3o de Agentes Administrativos para a PF. D\u00e9ficit j\u00e1 chega a mais de 5 mil servidores. Confira tudo sobre o certame!\" \/>\n<meta name=\"robots\" content=\"index, follow, max-snippet:-1, max-image-preview:large, max-video-preview:-1\" \/>\n<link rel=\"canonical\" href=\"https:\/\/www.estrategiaconcursos.com.br\/blog\/eduardo-bolsonaro-defende-contratacao-de-agentes-administrativos-para-a-pf\/\" \/>\n<meta property=\"og:locale\" content=\"pt_BR\" \/>\n<meta property=\"og:type\" content=\"article\" \/>\n<meta property=\"og:title\" content=\"Eduardo Bolsonaro defende contrata\u00e7\u00e3o de Agentes Administrativos para a PF\" \/>\n<meta property=\"og:description\" content=\"Eduardo Bolsonaro defende contrata\u00e7\u00e3o de Agentes Administrativos para a PF. D\u00e9ficit j\u00e1 chega a mais de 5 mil servidores. Confira tudo sobre o certame!\" \/>\n<meta property=\"og:url\" content=\"https:\/\/www.estrategiaconcursos.com.br\/blog\/eduardo-bolsonaro-defende-contratacao-de-agentes-administrativos-para-a-pf\/\" \/>\n<meta property=\"og:site_name\" content=\"Estrat\u00e9gia Concursos\" \/>\n<meta property=\"article:author\" content=\"https:\/\/www.facebook.com\/EstrategiaConcursos\" \/>\n<meta property=\"article:published_time\" content=\"2019-04-13T10:25:11+00:00\" \/>\n<meta property=\"article:modified_time\" content=\"2019-04-15T23:58:06+00:00\" \/>\n<meta property=\"og:image\" content=\"https:\/\/dhg1h5j42swfq.cloudfront.net\/2018\/10\/10181737\/pf-e1533591620679.jpg\" \/>\n\t<meta property=\"og:image:width\" content=\"400\" \/>\n\t<meta property=\"og:image:height\" content=\"210\" \/>\n\t<meta property=\"og:image:type\" content=\"image\/jpeg\" \/>\n<meta name=\"author\" content=\"Coordena\u00e7\u00e3o\" \/>\n<meta name=\"twitter:card\" content=\"summary_large_image\" \/>\n<meta name=\"twitter:creator\" content=\"@EstratConcursos\" \/>\n<meta name=\"twitter:site\" content=\"@EstratConcursos\" \/>\n<meta name=\"twitter:label1\" content=\"Escrito por\" \/>\n\t<meta name=\"twitter:data1\" content=\"Coordena\u00e7\u00e3o\" \/>\n\t<meta name=\"twitter:label2\" content=\"Est. tempo de leitura\" \/>\n\t<meta name=\"twitter:data2\" content=\"2 minutos\" \/>\n<script type=\"application\/ld+json\" class=\"yoast-schema-graph\">{\"@context\":\"https:\/\/schema.org\",\"@graph\":[{\"@type\":\"NewsArticle\",\"@id\":\"https:\/\/www.estrategiaconcursos.com.br\/blog\/eduardo-bolsonaro-defende-contratacao-de-agentes-administrativos-para-a-pf\/#article\",\"isPartOf\":{\"@id\":\"https:\/\/www.estrategiaconcursos.com.br\/blog\/eduardo-bolsonaro-defende-contratacao-de-agentes-administrativos-para-a-pf\/\"},\"author\":{\"name\":\"Coordena\u00e7\u00e3o\",\"@id\":\"https:\/\/www.estrategiaconcursos.com.br\/blog\/#\/schema\/person\/b4a388c97673c5f483d72185668afa1f\"},\"headline\":\"Eduardo Bolsonaro defende contrata\u00e7\u00e3o de Agentes Administrativos para a PF\",\"datePublished\":\"2019-04-13T10:25:11+00:00\",\"dateModified\":\"2019-04-15T23:58:06+00:00\",\"mainEntityOfPage\":{\"@id\":\"https:\/\/www.estrategiaconcursos.com.br\/blog\/eduardo-bolsonaro-defende-contratacao-de-agentes-administrativos-para-a-pf\/\"},\"wordCount\":516,\"commentCount\":5,\"publisher\":{\"@id\":\"https:\/\/www.estrategiaconcursos.com.br\/blog\/#organization\"},\"image\":{\"@id\":\"https:\/\/www.estrategiaconcursos.com.br\/blog\/eduardo-bolsonaro-defende-contratacao-de-agentes-administrativos-para-a-pf\/#primaryimage\"},\"thumbnailUrl\":\"https:\/\/dhg1h5j42swfq.cloudfront.net\/2018\/10\/10181737\/pf-e1533591620679.jpg\",\"articleSection\":[\"Concursos P\u00fablicos\",\"Policial (Agente, Escriv\u00e3o e Investigador)\"],\"inLanguage\":\"pt-BR\",\"potentialAction\":[{\"@type\":\"CommentAction\",\"name\":\"Comment\",\"target\":[\"https:\/\/www.estrategiaconcursos.com.br\/blog\/eduardo-bolsonaro-defende-contratacao-de-agentes-administrativos-para-a-pf\/#respond\"]}],\"copyrightYear\":\"2019\",\"copyrightHolder\":{\"@id\":\"https:\/\/www.estrategiaconcursos.com.br\/blog\/#organization\"}},{\"@type\":\"WebPage\",\"@id\":\"https:\/\/www.estrategiaconcursos.com.br\/blog\/eduardo-bolsonaro-defende-contratacao-de-agentes-administrativos-para-a-pf\/\",\"url\":\"https:\/\/www.estrategiaconcursos.com.br\/blog\/eduardo-bolsonaro-defende-contratacao-de-agentes-administrativos-para-a-pf\/\",\"name\":\"Eduardo Bolsonaro defende contrata\u00e7\u00e3o de Agentes Administrativos para a PF\",\"isPartOf\":{\"@id\":\"https:\/\/www.estrategiaconcursos.com.br\/blog\/#website\"},\"primaryImageOfPage\":{\"@id\":\"https:\/\/www.estrategiaconcursos.com.br\/blog\/eduardo-bolsonaro-defende-contratacao-de-agentes-administrativos-para-a-pf\/#primaryimage\"},\"image\":{\"@id\":\"https:\/\/www.estrategiaconcursos.com.br\/blog\/eduardo-bolsonaro-defende-contratacao-de-agentes-administrativos-para-a-pf\/#primaryimage\"},\"thumbnailUrl\":\"https:\/\/dhg1h5j42swfq.cloudfront.net\/2018\/10\/10181737\/pf-e1533591620679.jpg\",\"datePublished\":\"2019-04-13T10:25:11+00:00\",\"dateModified\":\"2019-04-15T23:58:06+00:00\",\"description\":\"Eduardo Bolsonaro defende contrata\u00e7\u00e3o de Agentes Administrativos para a PF. D\u00e9ficit j\u00e1 chega a mais de 5 mil servidores. Confira tudo sobre o certame!\",\"breadcrumb\":{\"@id\":\"https:\/\/www.estrategiaconcursos.com.br\/blog\/eduardo-bolsonaro-defende-contratacao-de-agentes-administrativos-para-a-pf\/#breadcrumb\"},\"inLanguage\":\"pt-BR\",\"potentialAction\":[{\"@type\":\"ReadAction\",\"target\":[\"https:\/\/www.estrategiaconcursos.com.br\/blog\/eduardo-bolsonaro-defende-contratacao-de-agentes-administrativos-para-a-pf\/\"]}]},{\"@type\":\"ImageObject\",\"inLanguage\":\"pt-BR\",\"@id\":\"https:\/\/www.estrategiaconcursos.com.br\/blog\/eduardo-bolsonaro-defende-contratacao-de-agentes-administrativos-para-a-pf\/#primaryimage\",\"url\":\"https:\/\/dhg1h5j42swfq.cloudfront.net\/2018\/10\/10181737\/pf-e1533591620679.jpg\",\"contentUrl\":\"https:\/\/dhg1h5j42swfq.cloudfront.net\/2018\/10\/10181737\/pf-e1533591620679.jpg\",\"width\":400,\"height\":210,\"caption\":\"Concurso Agente Administrativo PF\"},{\"@type\":\"BreadcrumbList\",\"@id\":\"https:\/\/www.estrategiaconcursos.com.br\/blog\/eduardo-bolsonaro-defende-contratacao-de-agentes-administrativos-para-a-pf\/#breadcrumb\",\"itemListElement\":[{\"@type\":\"ListItem\",\"position\":1,\"name\":\"In\u00edcio\",\"item\":\"https:\/\/www.estrategiaconcursos.com.br\/blog\/\"},{\"@type\":\"ListItem\",\"position\":2,\"name\":\"Eduardo Bolsonaro defende contrata\u00e7\u00e3o de Agentes Administrativos para a PF\"}]},{\"@type\":\"WebSite\",\"@id\":\"https:\/\/www.estrategiaconcursos.com.br\/blog\/#website\",\"url\":\"https:\/\/www.estrategiaconcursos.com.br\/blog\/\",\"name\":\"Estrat\u00e9gia Concursos\",\"description\":\"O blog da Estrat\u00e9gia Concursos traz not\u00edcias sobre concursos e artigos de professores oferecendo cursos para concursos (pdf + videaulas) no site.\",\"publisher\":{\"@id\":\"https:\/\/www.estrategiaconcursos.com.br\/blog\/#organization\"},\"potentialAction\":[{\"@type\":\"SearchAction\",\"target\":{\"@type\":\"EntryPoint\",\"urlTemplate\":\"https:\/\/www.estrategiaconcursos.com.br\/blog\/?s={search_term_string}\"},\"query-input\":{\"@type\":\"PropertyValueSpecification\",\"valueRequired\":true,\"valueName\":\"search_term_string\"}}],\"inLanguage\":\"pt-BR\"},{\"@type\":\"Organization\",\"@id\":\"https:\/\/www.estrategiaconcursos.com.br\/blog\/#organization\",\"name\":\"Estrat\u00e9gia Concursos\",\"url\":\"https:\/\/www.estrategiaconcursos.com.br\/blog\/\",\"logo\":{\"@type\":\"ImageObject\",\"inLanguage\":\"pt-BR\",\"@id\":\"https:\/\/www.estrategiaconcursos.com.br\/blog\/#\/schema\/logo\/image\/\",\"url\":\"https:\/\/dhg1h5j42swfq.cloudfront.net\/2025\/06\/03203428\/logo_concursos-1.jpg\",\"contentUrl\":\"https:\/\/dhg1h5j42swfq.cloudfront.net\/2025\/06\/03203428\/logo_concursos-1.jpg\",\"width\":230,\"height\":60,\"caption\":\"Estrat\u00e9gia Concursos\"},\"image\":{\"@id\":\"https:\/\/www.estrategiaconcursos.com.br\/blog\/#\/schema\/logo\/image\/\"},\"sameAs\":[\"https:\/\/x.com\/EstratConcursos\"]},{\"@type\":\"Person\",\"@id\":\"https:\/\/www.estrategiaconcursos.com.br\/blog\/#\/schema\/person\/b4a388c97673c5f483d72185668afa1f\",\"name\":\"Coordena\u00e7\u00e3o\",\"image\":{\"@type\":\"ImageObject\",\"inLanguage\":\"pt-BR\",\"@id\":\"https:\/\/secure.gravatar.com\/avatar\/b720319e4c9a967eb58678d110f4fe35452fc5d5f97b202bac7b8acceb18c6ad?s=96&d=mm&r=g\",\"url\":\"https:\/\/secure.gravatar.com\/avatar\/b720319e4c9a967eb58678d110f4fe35452fc5d5f97b202bac7b8acceb18c6ad?s=96&d=mm&r=g\",\"contentUrl\":\"https:\/\/secure.gravatar.com\/avatar\/b720319e4c9a967eb58678d110f4fe35452fc5d5f97b202bac7b8acceb18c6ad?s=96&d=mm&r=g\",\"caption\":\"Coordena\u00e7\u00e3o\"},\"sameAs\":[\"https:\/\/www.facebook.com\/EstrategiaConcursos\",\"https:\/\/x.com\/EstratConcursos\"],\"url\":\"https:\/\/www.estrategiaconcursos.com.br\/blog\/author\/estrategia2013\/\"}]}<\/script>\n<!-- \/ Yoast SEO Premium plugin. -->","yoast_head_json":{"title":"Eduardo Bolsonaro defende contrata\u00e7\u00e3o de Agentes Administrativos para a PF","description":"Eduardo Bolsonaro defende contrata\u00e7\u00e3o de Agentes Administrativos para a PF. D\u00e9ficit j\u00e1 chega a mais de 5 mil servidores. Confira tudo sobre o certame!","robots":{"index":"index","follow":"follow","max-snippet":"max-snippet:-1","max-image-preview":"max-image-preview:large","max-video-preview":"max-video-preview:-1"},"canonical":"https:\/\/www.estrategiaconcursos.com.br\/blog\/eduardo-bolsonaro-defende-contratacao-de-agentes-administrativos-para-a-pf\/","og_locale":"pt_BR","og_type":"article","og_title":"Eduardo Bolsonaro defende contrata\u00e7\u00e3o de Agentes Administrativos para a PF","og_description":"Eduardo Bolsonaro defende contrata\u00e7\u00e3o de Agentes Administrativos para a PF. D\u00e9ficit j\u00e1 chega a mais de 5 mil servidores. Confira tudo sobre o certame!","og_url":"https:\/\/www.estrategiaconcursos.com.br\/blog\/eduardo-bolsonaro-defende-contratacao-de-agentes-administrativos-para-a-pf\/","og_site_name":"Estrat\u00e9gia Concursos","article_author":"https:\/\/www.facebook.com\/EstrategiaConcursos","article_published_time":"2019-04-13T10:25:11+00:00","article_modified_time":"2019-04-15T23:58:06+00:00","og_image":[{"width":400,"height":210,"url":"https:\/\/dhg1h5j42swfq.cloudfront.net\/2018\/10\/10181737\/pf-e1533591620679.jpg","type":"image\/jpeg"}],"author":"Coordena\u00e7\u00e3o","twitter_card":"summary_large_image","twitter_creator":"@EstratConcursos","twitter_site":"@EstratConcursos","twitter_misc":{"Escrito por":"Coordena\u00e7\u00e3o","Est. tempo de leitura":"2 minutos"},"schema":{"@context":"https:\/\/schema.org","@graph":[{"@type":"NewsArticle","@id":"https:\/\/www.estrategiaconcursos.com.br\/blog\/eduardo-bolsonaro-defende-contratacao-de-agentes-administrativos-para-a-pf\/#article","isPartOf":{"@id":"https:\/\/www.estrategiaconcursos.com.br\/blog\/eduardo-bolsonaro-defende-contratacao-de-agentes-administrativos-para-a-pf\/"},"author":{"name":"Coordena\u00e7\u00e3o","@id":"https:\/\/www.estrategiaconcursos.com.br\/blog\/#\/schema\/person\/b4a388c97673c5f483d72185668afa1f"},"headline":"Eduardo Bolsonaro defende contrata\u00e7\u00e3o de Agentes Administrativos para a PF","datePublished":"2019-04-13T10:25:11+00:00","dateModified":"2019-04-15T23:58:06+00:00","mainEntityOfPage":{"@id":"https:\/\/www.estrategiaconcursos.com.br\/blog\/eduardo-bolsonaro-defende-contratacao-de-agentes-administrativos-para-a-pf\/"},"wordCount":516,"commentCount":5,"publisher":{"@id":"https:\/\/www.estrategiaconcursos.com.br\/blog\/#organization"},"image":{"@id":"https:\/\/www.estrategiaconcursos.com.br\/blog\/eduardo-bolsonaro-defende-contratacao-de-agentes-administrativos-para-a-pf\/#primaryimage"},"thumbnailUrl":"https:\/\/dhg1h5j42swfq.cloudfront.net\/2018\/10\/10181737\/pf-e1533591620679.jpg","articleSection":["Concursos P\u00fablicos","Policial (Agente, Escriv\u00e3o e Investigador)"],"inLanguage":"pt-BR","potentialAction":[{"@type":"CommentAction","name":"Comment","target":["https:\/\/www.estrategiaconcursos.com.br\/blog\/eduardo-bolsonaro-defende-contratacao-de-agentes-administrativos-para-a-pf\/#respond"]}],"copyrightYear":"2019","copyrightHolder":{"@id":"https:\/\/www.estrategiaconcursos.com.br\/blog\/#organization"}},{"@type":"WebPage","@id":"https:\/\/www.estrategiaconcursos.com.br\/blog\/eduardo-bolsonaro-defende-contratacao-de-agentes-administrativos-para-a-pf\/","url":"https:\/\/www.estrategiaconcursos.com.br\/blog\/eduardo-bolsonaro-defende-contratacao-de-agentes-administrativos-para-a-pf\/","name":"Eduardo Bolsonaro defende contrata\u00e7\u00e3o de Agentes Administrativos para a PF","isPartOf":{"@id":"https:\/\/www.estrategiaconcursos.com.br\/blog\/#website"},"primaryImageOfPage":{"@id":"https:\/\/www.estrategiaconcursos.com.br\/blog\/eduardo-bolsonaro-defende-contratacao-de-agentes-administrativos-para-a-pf\/#primaryimage"},"image":{"@id":"https:\/\/www.estrategiaconcursos.com.br\/blog\/eduardo-bolsonaro-defende-contratacao-de-agentes-administrativos-para-a-pf\/#primaryimage"},"thumbnailUrl":"https:\/\/dhg1h5j42swfq.cloudfront.net\/2018\/10\/10181737\/pf-e1533591620679.jpg","datePublished":"2019-04-13T10:25:11+00:00","dateModified":"2019-04-15T23:58:06+00:00","description":"Eduardo Bolsonaro defende contrata\u00e7\u00e3o de Agentes Administrativos para a PF. D\u00e9ficit j\u00e1 chega a mais de 5 mil servidores. Confira tudo sobre o certame!","breadcrumb":{"@id":"https:\/\/www.estrategiaconcursos.com.br\/blog\/eduardo-bolsonaro-defende-contratacao-de-agentes-administrativos-para-a-pf\/#breadcrumb"},"inLanguage":"pt-BR","potentialAction":[{"@type":"ReadAction","target":["https:\/\/www.estrategiaconcursos.com.br\/blog\/eduardo-bolsonaro-defende-contratacao-de-agentes-administrativos-para-a-pf\/"]}]},{"@type":"ImageObject","inLanguage":"pt-BR","@id":"https:\/\/www.estrategiaconcursos.com.br\/blog\/eduardo-bolsonaro-defende-contratacao-de-agentes-administrativos-para-a-pf\/#primaryimage","url":"https:\/\/dhg1h5j42swfq.cloudfront.net\/2018\/10\/10181737\/pf-e1533591620679.jpg","contentUrl":"https:\/\/dhg1h5j42swfq.cloudfront.net\/2018\/10\/10181737\/pf-e1533591620679.jpg","width":400,"height":210,"caption":"Concurso Agente Administrativo PF"},{"@type":"BreadcrumbList","@id":"https:\/\/www.estrategiaconcursos.com.br\/blog\/eduardo-bolsonaro-defende-contratacao-de-agentes-administrativos-para-a-pf\/#breadcrumb","itemListElement":[{"@type":"ListItem","position":1,"name":"In\u00edcio","item":"https:\/\/www.estrategiaconcursos.com.br\/blog\/"},{"@type":"ListItem","position":2,"name":"Eduardo Bolsonaro defende contrata\u00e7\u00e3o de Agentes Administrativos para a PF"}]},{"@type":"WebSite","@id":"https:\/\/www.estrategiaconcursos.com.br\/blog\/#website","url":"https:\/\/www.estrategiaconcursos.com.br\/blog\/","name":"Estrat\u00e9gia Concursos","description":"O blog da Estrat\u00e9gia Concursos traz not\u00edcias sobre concursos e artigos de professores oferecendo cursos para concursos (pdf + videaulas) no site.","publisher":{"@id":"https:\/\/www.estrategiaconcursos.com.br\/blog\/#organization"},"potentialAction":[{"@type":"SearchAction","target":{"@type":"EntryPoint","urlTemplate":"https:\/\/www.estrategiaconcursos.com.br\/blog\/?s={search_term_string}"},"query-input":{"@type":"PropertyValueSpecification","valueRequired":true,"valueName":"search_term_string"}}],"inLanguage":"pt-BR"},{"@type":"Organization","@id":"https:\/\/www.estrategiaconcursos.com.br\/blog\/#organization","name":"Estrat\u00e9gia Concursos","url":"https:\/\/www.estrategiaconcursos.com.br\/blog\/","logo":{"@type":"ImageObject","inLanguage":"pt-BR","@id":"https:\/\/www.estrategiaconcursos.com.br\/blog\/#\/schema\/logo\/image\/","url":"https:\/\/dhg1h5j42swfq.cloudfront.net\/2025\/06\/03203428\/logo_concursos-1.jpg","contentUrl":"https:\/\/dhg1h5j42swfq.cloudfront.net\/2025\/06\/03203428\/logo_concursos-1.jpg","width":230,"height":60,"caption":"Estrat\u00e9gia Concursos"},"image":{"@id":"https:\/\/www.estrategiaconcursos.com.br\/blog\/#\/schema\/logo\/image\/"},"sameAs":["https:\/\/x.com\/EstratConcursos"]},{"@type":"Person","@id":"https:\/\/www.estrategiaconcursos.com.br\/blog\/#\/schema\/person\/b4a388c97673c5f483d72185668afa1f","name":"Coordena\u00e7\u00e3o","image":{"@type":"ImageObject","inLanguage":"pt-BR","@id":"https:\/\/secure.gravatar.com\/avatar\/b720319e4c9a967eb58678d110f4fe35452fc5d5f97b202bac7b8acceb18c6ad?s=96&d=mm&r=g","url":"https:\/\/secure.gravatar.com\/avatar\/b720319e4c9a967eb58678d110f4fe35452fc5d5f97b202bac7b8acceb18c6ad?s=96&d=mm&r=g","contentUrl":"https:\/\/secure.gravatar.com\/avatar\/b720319e4c9a967eb58678d110f4fe35452fc5d5f97b202bac7b8acceb18c6ad?s=96&d=mm&r=g","caption":"Coordena\u00e7\u00e3o"},"sameAs":["https:\/\/www.facebook.com\/EstrategiaConcursos","https:\/\/x.com\/EstratConcursos"],"url":"https:\/\/www.estrategiaconcursos.com.br\/blog\/author\/estrategia2013\/"}]}},"_links":{"self":[{"href":"https:\/\/www.estrategiaconcursos.com.br\/blog\/wp-json\/wp\/v2\/posts\/182999","targetHints":{"allow":["GET"]}}],"collection":[{"href":"https:\/\/www.estrategiaconcursos.com.br\/blog\/wp-json\/wp\/v2\/posts"}],"about":[{"href":"https:\/\/www.estrategiaconcursos.com.br\/blog\/wp-json\/wp\/v2\/types\/post"}],"author":[{"embeddable":true,"href":"https:\/\/www.estrategiaconcursos.com.br\/blog\/wp-json\/wp\/v2\/users\/1"}],"replies":[{"embeddable":true,"href":"https:\/\/www.estrategiaconcursos.com.br\/blog\/wp-json\/wp\/v2\/comments?post=182999"}],"version-history":[{"count":5,"href":"https:\/\/www.estrategiaconcursos.com.br\/blog\/wp-json\/wp\/v2\/posts\/182999\/revisions"}],"predecessor-version":[{"id":219333,"href":"https:\/\/www.estrategiaconcursos.com.br\/blog\/wp-json\/wp\/v2\/posts\/182999\/revisions\/219333"}],"wp:featuredmedia":[{"embeddable":true,"href":"https:\/\/www.estrategiaconcursos.com.br\/blog\/wp-json\/wp\/v2\/media\/146469"}],"wp:attachment":[{"href":"https:\/\/www.estrategiaconcursos.com.br\/blog\/wp-json\/wp\/v2\/media?parent=182999"}],"wp:term":[{"taxonomy":"category","embeddable":true,"href":"https:\/\/www.estrategiaconcursos.com.br\/blog\/wp-json\/wp\/v2\/categories?post=182999"},{"taxonomy":"post_tag","embeddable":true,"href":"https:\/\/www.estrategiaconcursos.com.br\/blog\/wp-json\/wp\/v2\/tags?post=182999"},{"taxonomy":"tax_estado","embeddable":true,"href":"https:\/\/www.estrategiaconcursos.com.br\/blog\/wp-json\/wp\/v2\/tax_estado?post=182999"}],"curies":[{"name":"wp","href":"https:\/\/api.w.org\/{rel}","templated":true}]}}