{"id":1806228,"date":"2026-09-06T11:21:02","date_gmt":"2026-09-06T14:21:02","guid":{"rendered":"https:\/\/www.estrategiaconcursos.com.br\/blog\/?p=1806228"},"modified":"2026-09-06T16:01:57","modified_gmt":"2026-09-06T19:01:57","slug":"concurso-sedes-df-edas-educador-social-gabarito-extraoficial","status":"publish","type":"post","link":"https:\/\/www.estrategiaconcursos.com.br\/blog\/concurso-sedes-df-edas-educador-social-gabarito-extraoficial\/","title":{"rendered":"Concurso Sedes DF: EDAS Educador Social: gabarito extraoficial"},"content":{"rendered":"\n<p class=\"wp-block-paragraph\">Acontecem neste domingo (06) as provas do concurso da <strong><a href=\"https:\/\/www.estrategiaconcursos.com.br\/cursosPorConcurso\/sedes-df\" target=\"_blank\" rel=\"noopener\">Secretaria de Desenvolvimento Social do Distrito Federal<\/a>&nbsp;(Sedes DF) <\/strong>para<strong> Especialista em Desenvolvimento e Assist\u00eancia Social (EDAS)<\/strong> e&nbsp;T\u00e9cnico em Desenvolvimento e Assist\u00eancia Social (TDAS).<\/p>\n\n\n\n<p class=\"wp-block-paragraph\">Com organiza\u00e7\u00e3o da banca Quadrix, quase <strong>11,5 mil candidatos inscritos <\/strong>disputam 121 vagas + CR para a especialidade de<strong> Educador Social,<\/strong> que possui sal\u00e1rio inicial de R$ 6.071,09.<\/p>\n\n\n\n<p class=\"wp-block-paragraph\">Assim, o nosso time de professores estar\u00e1 ao seu lado durante essa etapa t\u00e3o importante, realizando a corre\u00e7\u00e3o da prova <strong>AO VIVO<\/strong>.<\/p>\n\n\n\n<p class=\"wp-block-paragraph\">A ideia \u00e9 que aqueles que participaram das provas possam conferir, de forma antecipada, seu desempenho por meio do nosso Gabarito Extraoficial. <a href=\"#ranking\">Participe tamb\u00e9m do Ranking Classificat\u00f3rio<\/a>.<\/p>\n\n\n<figure class=\"wp-block-embed-youtube wp-block-embed is-type-video is-provider-youtube wp-embed-aspect-16-9 wp-has-aspect-ratio\"><div class=\"lyte-wrapper\" style=\"width:853px;max-width:100%;margin:5px;\"><div class=\"lyMe\" id=\"WYL_h62W2JonoCg\"><div id=\"lyte_h62W2JonoCg\" data-src=\"\/\/i.ytimg.com\/vi\/h62W2JonoCg\/hqdefault.jpg\" class=\"pL\"><div class=\"tC\"><div class=\"tT\"><\/div><\/div><div class=\"play\"><\/div><div class=\"ctrl\"><div class=\"Lctrl\"><\/div><div class=\"Rctrl\"><\/div><\/div><\/div><noscript><a href=\"https:\/\/youtu.be\/h62W2JonoCg\" rel=\"nofollow\"><img loading=\"lazy\" decoding=\"async\" src=\"https:\/\/i.ytimg.com\/vi\/h62W2JonoCg\/0.jpg\" alt=\"YouTube video thumbnail\" width=\"853\" height=\"460\" \/><br \/>Assista a este v\u00eddeo no YouTube<\/a><\/noscript><\/div><\/div><div class=\"lL\" style=\"max-width:100%;width:853px;margin:5px;\"><\/div><figcaption><\/figcaption><\/figure>\n\n\n<p class=\"wp-block-paragraph\"><em>Concurso Sedes DF &#8211; EDAS Educador Social: gabarito extraoficial!<\/em><\/p>\n\n\n\n<p class=\"has-vivid-red-color has-text-color has-link-color wp-elements-1 wp-block-paragraph\">Aten\u00e7\u00e3o! Fique atento aos enunciados, pois a ordem das quest\u00f5es pode variar para cada vers\u00e3o de prova.<\/p>\n\n\n\n<p class=\"wp-block-paragraph\"><strong>Quest\u00e3o 41:<\/strong>&nbsp;A seguridade social brasileira combina&#8230;<br \/><strong>Resposta:<\/strong> B<\/p>\n\n\n\n<p class=\"wp-block-paragraph\"><strong>Quest\u00e3o 42:<\/strong>&nbsp;Uma mulher negra de 34 anos&#8230;<br \/><strong>Resposta:<\/strong> D<\/p>\n\n\n\n<p class=\"wp-block-paragraph\"><strong>Quest\u00e3o 43:<\/strong>&nbsp;O conceito de racismo ambiental designa&#8230;<br \/><strong>Resposta:<\/strong> A<\/p>\n\n\n\n<p class=\"wp-block-paragraph\"><strong>Quest\u00e3o 44:<\/strong>&nbsp;A avalia\u00e7\u00e3o \u00e9 a etapa do ciclo&#8230;<br \/><strong>Resposta:<\/strong> C<\/p>\n\n\n\n<p class=\"wp-block-paragraph\"><strong>Quest\u00e3o 45:<\/strong>&nbsp;Um casal de mulheres procurou o CRAS&#8230;<br \/><strong>Resposta:<\/strong> E<\/p>\n\n\n\n<p class=\"wp-block-paragraph\"><strong>Quest\u00e3o 46:<\/strong>&nbsp;Durante um grupo do PAIF&#8230;<br \/><strong>Resposta:<\/strong> B<\/p>\n\n\n\n<p class=\"wp-block-paragraph\"><strong>Quest\u00e3o 47:<\/strong>&nbsp;Um adolescente trans com 16 anos&#8230;<br \/><strong>Resposta:<\/strong> A<\/p>\n\n\n\n<p class=\"wp-block-paragraph\"><strong>Quest\u00e3o 48:<\/strong>&nbsp;A popula\u00e7\u00e3o em situa\u00e7\u00e3o de rua no Brasil&#8230;<br \/><strong>Resposta:<\/strong> D<\/p>\n\n\n\n<p class=\"wp-block-paragraph\"><strong>Quest\u00e3o 49:<\/strong>&nbsp;Em uma ronda de abordagem social&#8230;<br \/>&nbsp;<strong>Resposta:<\/strong> C<\/p>\n\n\n\n<p class=\"wp-block-paragraph\"><strong>Quest\u00e3o 50:<\/strong>&nbsp;A prote\u00e7\u00e3o integral de mulheres em situa\u00e7\u00e3o de viol\u00eancia&#8230;<br \/>&nbsp;<strong>Resposta:<\/strong> E<\/p>\n\n\n\n<p class=\"wp-block-paragraph\"><strong>Quest\u00e3o 51:<\/strong>&nbsp;Em uma unidade de acolhimento para adolescentes&#8230;<br \/>&nbsp;<strong>Resposta:<\/strong> A<\/p>\n\n\n\n<p class=\"wp-block-paragraph\"><strong>Quest\u00e3o 52:<\/strong>&nbsp;A escuta qualificada \u00e9 um instrumento&#8230;<br \/>&nbsp;<strong>Resposta:<\/strong> B<\/p>\n\n\n\n<p class=\"wp-block-paragraph\"><strong>Quest\u00e3o 53:<\/strong>&nbsp;Uma travesti de 28 anos de idade&#8230;<br \/>&nbsp;<strong>Resposta:<\/strong> D<\/p>\n\n\n\n<p class=\"wp-block-paragraph\"><strong>Quest\u00e3o 54:<\/strong>&nbsp;O trabalho em equipe&#8230;<br \/>&nbsp;<strong>Resposta:<\/strong> E<\/p>\n\n\n\n<p class=\"wp-block-paragraph\"><strong>Quest\u00e3o 55:<\/strong>&nbsp;O planejamento e o monitoramento&#8230;<br \/>&nbsp;<strong>Resposta:<\/strong> C<\/p>\n\n\n\n<p class=\"wp-block-paragraph\"><strong>Quest\u00e3o 56:<\/strong>&nbsp;O CRAS de um territ\u00f3rio com alta concentra\u00e7\u00e3o&#8230;<br \/>&nbsp;<strong>Resposta:<\/strong> A<\/p>\n\n\n\n<p class=\"wp-block-paragraph\"><strong>Quest\u00e3o 57:<\/strong>\u00a0Uma equipe intersetorial&#8230;<br \/>\u00a0<strong>Resposta:<\/strong> D<\/p>\n\n\n\n<p class=\"wp-block-paragraph\"><strong>Quest\u00e3o 58:<\/strong>&nbsp;Uma menina negra de 9 anos de idade&#8230;<br \/>&nbsp;<strong>Resposta:<\/strong> B<\/p>\n\n\n\n<p class=\"wp-block-paragraph\"><strong>Quest\u00e3o 59:<\/strong>&nbsp;A Declara\u00e7\u00e3o Universal dos Direitos Humanos e a Conven\u00e7\u00e3o&#8230;<br \/>&nbsp;<strong>Resposta:<\/strong> E<\/p>\n\n\n\n<p class=\"wp-block-paragraph\"><strong>Quest\u00e3o 60:<\/strong> Levantamentos nacionais indicam que&#8230;<br \/>&nbsp;<strong>Resposta:<\/strong> C<\/p>\n\n\n\n<h2 id=\"ranking\" class=\"wp-block-heading\">Ranking classificat\u00f3rio<\/h2>\n\n\n\n<p class=\"wp-block-paragraph\">O&nbsp;<strong>ranking classificat\u00f3rio&nbsp;<\/strong>\u00e9 uma classifica\u00e7\u00e3o din\u00e2mica que permite aos&nbsp;<strong>candidatos visualizarem suas posi\u00e7\u00f5es<\/strong>&nbsp;comparativas em rela\u00e7\u00e3o a outros concorrentes.<\/p>\n\n\n\n<p class=\"wp-block-paragraph\">Utilizando os dados enviados, o&nbsp;<strong>ranking \u00e9 continuamente atualizado<\/strong>&nbsp;para refletir o desempenho dos inscritos em diferentes cargos.<\/p>\n\n\n\n<figure class=\"wp-block-image aligncenter\"><a href=\"https:\/\/mkt.estrategia.com\/concursos\/ranking-da-coruja\/\" target=\"_blank\" rel=\"noreferrer noopener\"><img loading=\"lazy\" decoding=\"async\" width=\"1024\" height=\"348\" src=\"https:\/\/dhg1h5j42swfq.cloudfront.net\/2026\/02\/06181229\/image-42-1024x348.png\" alt=\"Participe do ranking classificat\u00f3rio \u2013 SEDES DF\" class=\"wp-image-1712068\" srcset=\"https:\/\/dhg1h5j42swfq.cloudfront.net\/2026\/02\/06181229\/image-42-1024x348.png 1024w, https:\/\/dhg1h5j42swfq.cloudfront.net\/2026\/02\/06181229\/image-42-300x102.png 300w, https:\/\/dhg1h5j42swfq.cloudfront.net\/2026\/02\/06181229\/image-42-768x261.png 768w, https:\/\/dhg1h5j42swfq.cloudfront.net\/2026\/02\/06181229\/image-42-1536x521.png 1536w, https:\/\/dhg1h5j42swfq.cloudfront.net\/2026\/02\/06181229\/image-42-150x51.png 150w, https:\/\/dhg1h5j42swfq.cloudfront.net\/2026\/02\/06181229\/image-42.png 1788w\" sizes=\"auto, (max-width: 1024px) 100vw, 1024px\" \/><\/a><figcaption class=\"wp-element-caption\">Participe do ranking classificat\u00f3rio \u2013 SEDES DF<\/figcaption><\/figure>\n\n\n\n<h3 id=\"h-como-funciona-o-ranking-classificatorio-para-o-concurso-policia-penal-rs\" class=\"wp-block-heading\">Como funciona o ranking classificat\u00f3rio para o Concurso Pol\u00edcia Penal RS?<\/h3>\n\n\n\n<p class=\"wp-block-paragraph\"><strong>Passo 1:<\/strong>&nbsp;Basta clicar no bot\u00e3o para fazer seu login na plataforma do Estrat\u00e9gia Concursos (ou cadastro, caso nunca tenha usado a \u00e1rea do aluno do EC).<\/p>\n\n\n\n<p class=\"wp-block-paragraph\"><strong>Passo 2:<\/strong>&nbsp;Voc\u00ea ser\u00e1 direcionado para a p\u00e1gina com todos os Rankings.<\/p>\n\n\n\n<p class=\"wp-block-paragraph\"><strong>Passo 3:<\/strong>&nbsp;Clique no bot\u00e3o participar, preencha as suas respostas e depois salve para ver sua classifica\u00e7\u00e3o em rela\u00e7\u00e3o aos outros candidatos.<\/p>\n\n\n\n<p class=\"has-text-align-center has-very-light-gray-to-cyan-bluish-gray-gradient-background has-background wp-block-paragraph\"><strong><a href=\"https:\/\/mkt.estrategia.com\/concursos\/ranking-da-coruja\/\" target=\"_blank\" rel=\"noreferrer noopener\">QUERO VER MEU RESULTADO DO CONCURSO SEDES DF<\/a><\/strong><\/p>\n\n\n\n<p class=\"wp-block-paragraph\">Essa ferramenta n\u00e3o s\u00f3 facilita a visualiza\u00e7\u00e3o do desempenho atual, mas tamb\u00e9m promove uma prepara\u00e7\u00e3o mais focada e eficiente.<\/p>\n\n\n\n<p class=\"wp-block-paragraph\">Com essa inova\u00e7\u00e3o, os candidatos t\u00eam \u00e0 disposi\u00e7\u00e3o, a partir de agora, um recurso poderoso para atingirem seus objetivos e se destacarem nas sele\u00e7\u00f5es.<\/p>\n\n\n\n<hr class=\"wp-block-separator has-alpha-channel-opacity is-style-dots\"\/>\n\n\n\n<p class=\"has-text-align-center wp-block-paragraph\"><em>Para ficar por dentro de todas as informa\u00e7\u00f5es sobre o Concurso Sedes DF, al\u00e9m do gabarito extraoficial da prova para Pedagogia, n\u00e3o deixe de conferir nosso artigo completo sobre a sele\u00e7\u00e3o:<\/em><\/p>\n\n\n\n<p class=\"has-text-align-center has-very-light-gray-to-cyan-bluish-gray-gradient-background has-background has-medium-font-size wp-block-paragraph\"><strong><a href=\"https:\/\/www.estrategiaconcursos.com.br\/blog\/concurso-sedes-df\/\" target=\"_blank\" rel=\"noreferrer noopener\">Concurso Sedes DF<\/a><\/strong><\/p>\n\n\n\n<hr class=\"wp-block-separator has-alpha-channel-opacity\"\/>\n\n\n\n<h2 class=\"wp-block-heading has-text-align-center\" id=\"cursos-e-assinaturas\">Quer estudar para concursos?<\/h2>\n\n\n\n<div class=\"container\" id=\"boxes\">\n  <div class=\"row\">\n\n    <div class=\"col-sm\">\n      <div class=\"estrategia\" id=\"box-assinatura\">\n        <h3 class=\"titulo-assinatura\">Assinatura de Concursos<\/h3>\n        <p class=\"subtitulo-assinatura\">Assinatura de 1 ano ou 2 anos<\/p>\n        <div class=\"box-botao\">\n          <a class=\"btn-assinatura\" target=\"_blank\" href=\"https:\/\/www.estrategiaconcursos.com.br\/blog\/assinaturas\/\" role=\"button\" rel=\"noopener noreferrer\">ASSINE AGORA<\/a>\n        <\/div>\n      <\/div><\/div><\/div><\/div>\n\n\n\n<h2 class=\"wp-block-heading has-text-align-center\" id=\"cursos\">Quer saber tudo sobre concursos previstos?  Confira nossos artigos!<\/h2>\n\n\n\n<ul class=\"wp-block-list\">\n<li><a href=\"https:\/\/www.estrategiaconcursos.com.br\/blog\/concursos-abertos\/\">Concursos Abertos<\/a><\/li>\n\n\n\n<li><a href=\"https:\/\/www.estrategiaconcursos.com.br\/blog\/concursos-educacao\/\" target=\"_blank\" rel=\"noreferrer noopener\">Concursos Educa\u00e7\u00e3o<\/a><\/li>\n\n\n\n<li><a href=\"https:\/\/www.estrategiaconcursos.com.br\/blog\/concursos-2026\/\" target=\"_blank\" rel=\"noreferrer noopener\">Concursos 2026<\/a><\/li>\n\n\n\n<li><a href=\"https:\/\/www.estrategiaconcursos.com.br\/blog\/concursos-2027\/\" target=\"_blank\" rel=\"noreferrer noopener\">Concursos 2027<\/a><\/li>\n<\/ul>\n","protected":false},"excerpt":{"rendered":"<p>Acontecem neste domingo (06) as provas do concurso da Secretaria de Desenvolvimento Social do Distrito Federal&nbsp;(Sedes DF) para Especialista em Desenvolvimento e Assist\u00eancia Social (EDAS) e&nbsp;T\u00e9cnico em Desenvolvimento e Assist\u00eancia Social (TDAS). Com organiza\u00e7\u00e3o da banca Quadrix, quase 11,5 mil candidatos inscritos disputam 121 vagas + CR para a especialidade de Educador Social, que possui [&hellip;]<\/p>\n","protected":false},"author":2018,"featured_media":1805381,"comment_status":"open","ping_status":"closed","sticky":false,"template":"","format":"standard","meta":{"_acf_changed":false,"post_tipo":"news","footnotes":""},"categories":[1],"tags":[],"tax_estado":[],"class_list":["post-1806228","post","type-post","status-publish","format-standard","has-post-thumbnail","hentry","category-cursos-e-concursos"],"acf":[],"yoast_head":"<!-- This site is optimized with the Yoast SEO Premium plugin v28.1 (Yoast SEO v28.1) - https:\/\/yoast.com\/product\/yoast-seo-premium-wordpress\/ -->\n<title>Concurso Sedes DF: EDAS Educador Social: gabarito extraoficial<\/title>\n<meta name=\"description\" content=\"Confira o gabarito extraoficial para educador social ap\u00f3s as provas do concurso Sedes DF e veja seu desempenho imediatamente.\" \/>\n<meta name=\"robots\" content=\"index, follow, max-snippet:-1, max-image-preview:large, max-video-preview:-1\" \/>\n<link rel=\"canonical\" href=\"https:\/\/www.estrategiaconcursos.com.br\/blog\/concurso-sedes-df-edas-educador-social-gabarito-extraoficial\/\" \/>\n<meta property=\"og:locale\" content=\"pt_BR\" \/>\n<meta property=\"og:type\" content=\"article\" \/>\n<meta property=\"og:title\" content=\"Concurso Sedes DF: EDAS Educador Social: gabarito extraoficial\" \/>\n<meta property=\"og:description\" content=\"Confira o gabarito extraoficial para educador social ap\u00f3s as provas do concurso Sedes DF e veja seu desempenho imediatamente.\" \/>\n<meta property=\"og:url\" content=\"https:\/\/www.estrategiaconcursos.com.br\/blog\/concurso-sedes-df-edas-educador-social-gabarito-extraoficial\/\" \/>\n<meta property=\"og:site_name\" content=\"Estrat\u00e9gia Concursos\" \/>\n<meta property=\"article:published_time\" content=\"2026-09-06T14:21:02+00:00\" \/>\n<meta property=\"article:modified_time\" content=\"2026-09-06T19:01:57+00:00\" \/>\n<meta property=\"og:image\" content=\"https:\/\/dhg1h5j42swfq.cloudfront.net\/2026\/09\/02143621\/sedes-df.jpeg\" \/>\n\t<meta property=\"og:image:width\" content=\"768\" \/>\n\t<meta property=\"og:image:height\" content=\"432\" \/>\n\t<meta property=\"og:image:type\" content=\"image\/jpeg\" \/>\n<meta name=\"author\" content=\"B\u00e1rbara Carvalho Santos\" \/>\n<meta name=\"twitter:card\" content=\"summary_large_image\" \/>\n<meta name=\"twitter:creator\" content=\"@EstratConcursos\" \/>\n<meta name=\"twitter:site\" content=\"@EstratConcursos\" \/>\n<meta name=\"twitter:label1\" content=\"Escrito por\" \/>\n\t<meta name=\"twitter:data1\" content=\"B\u00e1rbara Carvalho Santos\" \/>\n\t<meta name=\"twitter:label2\" content=\"Est. tempo de leitura\" \/>\n\t<meta name=\"twitter:data2\" content=\"3 minutos\" \/>\n<script type=\"application\/ld+json\" class=\"yoast-schema-graph\">{\"@context\":\"https:\\\/\\\/schema.org\",\"@graph\":[{\"@type\":\"NewsArticle\",\"@id\":\"https:\\\/\\\/www.estrategiaconcursos.com.br\\\/blog\\\/concurso-sedes-df-edas-educador-social-gabarito-extraoficial\\\/#article\",\"isPartOf\":{\"@id\":\"https:\\\/\\\/www.estrategiaconcursos.com.br\\\/blog\\\/concurso-sedes-df-edas-educador-social-gabarito-extraoficial\\\/\"},\"author\":{\"name\":\"B\u00e1rbara Carvalho Santos\",\"@id\":\"https:\\\/\\\/blog-estrategia.mystagingwebsite.com\\\/#\\\/schema\\\/person\\\/e3882259fa157d54c44c21f4ee4e0e60\"},\"headline\":\"Concurso Sedes DF: EDAS Educador Social: gabarito extraoficial\",\"datePublished\":\"2026-09-06T14:21:02+00:00\",\"dateModified\":\"2026-09-06T19:01:57+00:00\",\"mainEntityOfPage\":{\"@id\":\"https:\\\/\\\/www.estrategiaconcursos.com.br\\\/blog\\\/concurso-sedes-df-edas-educador-social-gabarito-extraoficial\\\/\"},\"wordCount\":664,\"commentCount\":0,\"publisher\":{\"@id\":\"https:\\\/\\\/blog-estrategia.mystagingwebsite.com\\\/#organization\"},\"image\":{\"@id\":\"https:\\\/\\\/www.estrategiaconcursos.com.br\\\/blog\\\/concurso-sedes-df-edas-educador-social-gabarito-extraoficial\\\/#primaryimage\"},\"thumbnailUrl\":\"https:\\\/\\\/dhg1h5j42swfq.cloudfront.net\\\/2026\\\/09\\\/02143621\\\/sedes-df.jpeg\",\"articleSection\":[\"Concursos P\u00fablicos\"],\"inLanguage\":\"pt-BR\",\"potentialAction\":[{\"@type\":\"CommentAction\",\"name\":\"Comment\",\"target\":[\"https:\\\/\\\/www.estrategiaconcursos.com.br\\\/blog\\\/concurso-sedes-df-edas-educador-social-gabarito-extraoficial\\\/#respond\"]}],\"copyrightYear\":\"2026\",\"copyrightHolder\":{\"@id\":\"https:\\\/\\\/www.estrategiaconcursos.com.br\\\/blog\\\/#organization\"}},{\"@type\":\"WebPage\",\"@id\":\"https:\\\/\\\/www.estrategiaconcursos.com.br\\\/blog\\\/concurso-sedes-df-edas-educador-social-gabarito-extraoficial\\\/\",\"url\":\"https:\\\/\\\/www.estrategiaconcursos.com.br\\\/blog\\\/concurso-sedes-df-edas-educador-social-gabarito-extraoficial\\\/\",\"name\":\"Concurso Sedes DF: EDAS Educador Social: gabarito extraoficial\",\"isPartOf\":{\"@id\":\"https:\\\/\\\/blog-estrategia.mystagingwebsite.com\\\/#website\"},\"primaryImageOfPage\":{\"@id\":\"https:\\\/\\\/www.estrategiaconcursos.com.br\\\/blog\\\/concurso-sedes-df-edas-educador-social-gabarito-extraoficial\\\/#primaryimage\"},\"image\":{\"@id\":\"https:\\\/\\\/www.estrategiaconcursos.com.br\\\/blog\\\/concurso-sedes-df-edas-educador-social-gabarito-extraoficial\\\/#primaryimage\"},\"thumbnailUrl\":\"https:\\\/\\\/dhg1h5j42swfq.cloudfront.net\\\/2026\\\/09\\\/02143621\\\/sedes-df.jpeg\",\"datePublished\":\"2026-09-06T14:21:02+00:00\",\"dateModified\":\"2026-09-06T19:01:57+00:00\",\"description\":\"Confira o gabarito extraoficial para educador social ap\u00f3s as provas do concurso Sedes DF e veja seu desempenho imediatamente.\",\"breadcrumb\":{\"@id\":\"https:\\\/\\\/www.estrategiaconcursos.com.br\\\/blog\\\/concurso-sedes-df-edas-educador-social-gabarito-extraoficial\\\/#breadcrumb\"},\"inLanguage\":\"pt-BR\",\"potentialAction\":[{\"@type\":\"ReadAction\",\"target\":[\"https:\\\/\\\/www.estrategiaconcursos.com.br\\\/blog\\\/concurso-sedes-df-edas-educador-social-gabarito-extraoficial\\\/\"]}]},{\"@type\":\"ImageObject\",\"inLanguage\":\"pt-BR\",\"@id\":\"https:\\\/\\\/www.estrategiaconcursos.com.br\\\/blog\\\/concurso-sedes-df-edas-educador-social-gabarito-extraoficial\\\/#primaryimage\",\"url\":\"https:\\\/\\\/dhg1h5j42swfq.cloudfront.net\\\/2026\\\/09\\\/02143621\\\/sedes-df.jpeg\",\"contentUrl\":\"https:\\\/\\\/dhg1h5j42swfq.cloudfront.net\\\/2026\\\/09\\\/02143621\\\/sedes-df.jpeg\",\"width\":768,\"height\":432,\"caption\":\"Concurso SEDES DF inscritos\"},{\"@type\":\"BreadcrumbList\",\"@id\":\"https:\\\/\\\/www.estrategiaconcursos.com.br\\\/blog\\\/concurso-sedes-df-edas-educador-social-gabarito-extraoficial\\\/#breadcrumb\",\"itemListElement\":[{\"@type\":\"ListItem\",\"position\":1,\"name\":\"In\u00edcio\",\"item\":\"https:\\\/\\\/blog-estrategia.mystagingwebsite.com\\\/\"},{\"@type\":\"ListItem\",\"position\":2,\"name\":\"Concurso Sedes DF: EDAS Educador Social: gabarito extraoficial\"}]},{\"@type\":\"WebSite\",\"@id\":\"https:\\\/\\\/blog-estrategia.mystagingwebsite.com\\\/#website\",\"url\":\"https:\\\/\\\/blog-estrategia.mystagingwebsite.com\\\/\",\"name\":\"Estrat\u00e9gia Concursos\",\"description\":\"O blog da Estrat\u00e9gia Concursos traz not\u00edcias sobre concursos e artigos de professores oferecendo cursos para concursos (pdf + videaulas) no site.\",\"publisher\":{\"@id\":\"https:\\\/\\\/blog-estrategia.mystagingwebsite.com\\\/#organization\"},\"potentialAction\":[{\"@type\":\"SearchAction\",\"target\":{\"@type\":\"EntryPoint\",\"urlTemplate\":\"https:\\\/\\\/blog-estrategia.mystagingwebsite.com\\\/?s={search_term_string}\"},\"query-input\":{\"@type\":\"PropertyValueSpecification\",\"valueRequired\":true,\"valueName\":\"search_term_string\"}}],\"inLanguage\":\"pt-BR\"},{\"@type\":\"Organization\",\"@id\":\"https:\\\/\\\/blog-estrategia.mystagingwebsite.com\\\/#organization\",\"name\":\"Estrat\u00e9gia Concursos\",\"url\":\"https:\\\/\\\/blog-estrategia.mystagingwebsite.com\\\/\",\"logo\":{\"@type\":\"ImageObject\",\"inLanguage\":\"pt-BR\",\"@id\":\"https:\\\/\\\/blog-estrategia.mystagingwebsite.com\\\/#\\\/schema\\\/logo\\\/image\\\/\",\"url\":\"https:\\\/\\\/dhg1h5j42swfq.cloudfront.net\\\/2025\\\/06\\\/03203428\\\/logo_concursos-1.jpg\",\"contentUrl\":\"https:\\\/\\\/dhg1h5j42swfq.cloudfront.net\\\/2025\\\/06\\\/03203428\\\/logo_concursos-1.jpg\",\"width\":230,\"height\":60,\"caption\":\"Estrat\u00e9gia Concursos\"},\"image\":{\"@id\":\"https:\\\/\\\/blog-estrategia.mystagingwebsite.com\\\/#\\\/schema\\\/logo\\\/image\\\/\"},\"sameAs\":[\"https:\\\/\\\/x.com\\\/EstratConcursos\"]},{\"@type\":\"Person\",\"@id\":\"https:\\\/\\\/blog-estrategia.mystagingwebsite.com\\\/#\\\/schema\\\/person\\\/e3882259fa157d54c44c21f4ee4e0e60\",\"name\":\"B\u00e1rbara Carvalho Santos\",\"image\":{\"@type\":\"ImageObject\",\"inLanguage\":\"pt-BR\",\"@id\":\"https:\\\/\\\/secure.gravatar.com\\\/avatar\\\/353300f73140f779692b9be2b39f434d1341e4e34c7f55bd5a990fe29ef352eb?s=96&d=mm&r=g\",\"url\":\"https:\\\/\\\/secure.gravatar.com\\\/avatar\\\/353300f73140f779692b9be2b39f434d1341e4e34c7f55bd5a990fe29ef352eb?s=96&d=mm&r=g\",\"contentUrl\":\"https:\\\/\\\/secure.gravatar.com\\\/avatar\\\/353300f73140f779692b9be2b39f434d1341e4e34c7f55bd5a990fe29ef352eb?s=96&d=mm&r=g\",\"caption\":\"B\u00e1rbara Carvalho Santos\"},\"description\":\"M\u00e3e e jornalista formada pela UNIP, possui ampla experi\u00eancia na cobertura de entretenimento em grandes ve\u00edculos, como o site da CNN, RedeTV! e Estrat\u00e9gia Educacional. Atuou tamb\u00e9m em ag\u00eancias de marketing, produtoras musicais e assessorias de imprensa, com foco especial no trabalho com personalidades p\u00fablicas. Atualmente, integra a equipe do Estrat\u00e9gia Concursos, onde \u00e9 respons\u00e1vel pela produ\u00e7\u00e3o de conte\u00fados estrat\u00e9gicos voltados para o setor de concursos p\u00fablicos, com destaque para a \u00e1rea fiscal, gest\u00e3o, controle, concursos administrativos e Minist\u00e9rios participantes do CNU, al\u00e9m de diversos \u00f3rg\u00e3os federais. Tem como miss\u00e3o transformar informa\u00e7\u00f5es complexas em conte\u00fados acess\u00edveis, relevantes e de alto valor para quem sonha com uma carreira no servi\u00e7o p\u00fablico.\",\"url\":\"https:\\\/\\\/www.estrategiaconcursos.com.br\\\/blog\\\/author\\\/barbara-santos\\\/\"}]}<\/script>\n<!-- \/ Yoast SEO Premium plugin. -->","yoast_head_json":{"title":"Concurso Sedes DF: EDAS Educador Social: gabarito extraoficial","description":"Confira o gabarito extraoficial para educador social ap\u00f3s as provas do concurso Sedes DF e veja seu desempenho imediatamente.","robots":{"index":"index","follow":"follow","max-snippet":"max-snippet:-1","max-image-preview":"max-image-preview:large","max-video-preview":"max-video-preview:-1"},"canonical":"https:\/\/www.estrategiaconcursos.com.br\/blog\/concurso-sedes-df-edas-educador-social-gabarito-extraoficial\/","og_locale":"pt_BR","og_type":"article","og_title":"Concurso Sedes DF: EDAS Educador Social: gabarito extraoficial","og_description":"Confira o gabarito extraoficial para educador social ap\u00f3s as provas do concurso Sedes DF e veja seu desempenho imediatamente.","og_url":"https:\/\/www.estrategiaconcursos.com.br\/blog\/concurso-sedes-df-edas-educador-social-gabarito-extraoficial\/","og_site_name":"Estrat\u00e9gia Concursos","article_published_time":"2026-09-06T14:21:02+00:00","article_modified_time":"2026-09-06T19:01:57+00:00","og_image":[{"width":768,"height":432,"url":"https:\/\/dhg1h5j42swfq.cloudfront.net\/2026\/09\/02143621\/sedes-df.jpeg","type":"image\/jpeg"}],"author":"B\u00e1rbara Carvalho Santos","twitter_card":"summary_large_image","twitter_creator":"@EstratConcursos","twitter_site":"@EstratConcursos","twitter_misc":{"Escrito por":"B\u00e1rbara Carvalho Santos","Est. tempo de leitura":"3 minutos"},"schema":{"@context":"https:\/\/schema.org","@graph":[{"@type":"NewsArticle","@id":"https:\/\/www.estrategiaconcursos.com.br\/blog\/concurso-sedes-df-edas-educador-social-gabarito-extraoficial\/#article","isPartOf":{"@id":"https:\/\/www.estrategiaconcursos.com.br\/blog\/concurso-sedes-df-edas-educador-social-gabarito-extraoficial\/"},"author":{"name":"B\u00e1rbara Carvalho Santos","@id":"https:\/\/blog-estrategia.mystagingwebsite.com\/#\/schema\/person\/e3882259fa157d54c44c21f4ee4e0e60"},"headline":"Concurso Sedes DF: EDAS Educador Social: gabarito extraoficial","datePublished":"2026-09-06T14:21:02+00:00","dateModified":"2026-09-06T19:01:57+00:00","mainEntityOfPage":{"@id":"https:\/\/www.estrategiaconcursos.com.br\/blog\/concurso-sedes-df-edas-educador-social-gabarito-extraoficial\/"},"wordCount":664,"commentCount":0,"publisher":{"@id":"https:\/\/blog-estrategia.mystagingwebsite.com\/#organization"},"image":{"@id":"https:\/\/www.estrategiaconcursos.com.br\/blog\/concurso-sedes-df-edas-educador-social-gabarito-extraoficial\/#primaryimage"},"thumbnailUrl":"https:\/\/dhg1h5j42swfq.cloudfront.net\/2026\/09\/02143621\/sedes-df.jpeg","articleSection":["Concursos P\u00fablicos"],"inLanguage":"pt-BR","potentialAction":[{"@type":"CommentAction","name":"Comment","target":["https:\/\/www.estrategiaconcursos.com.br\/blog\/concurso-sedes-df-edas-educador-social-gabarito-extraoficial\/#respond"]}],"copyrightYear":"2026","copyrightHolder":{"@id":"https:\/\/www.estrategiaconcursos.com.br\/blog\/#organization"}},{"@type":"WebPage","@id":"https:\/\/www.estrategiaconcursos.com.br\/blog\/concurso-sedes-df-edas-educador-social-gabarito-extraoficial\/","url":"https:\/\/www.estrategiaconcursos.com.br\/blog\/concurso-sedes-df-edas-educador-social-gabarito-extraoficial\/","name":"Concurso Sedes DF: EDAS Educador Social: gabarito extraoficial","isPartOf":{"@id":"https:\/\/blog-estrategia.mystagingwebsite.com\/#website"},"primaryImageOfPage":{"@id":"https:\/\/www.estrategiaconcursos.com.br\/blog\/concurso-sedes-df-edas-educador-social-gabarito-extraoficial\/#primaryimage"},"image":{"@id":"https:\/\/www.estrategiaconcursos.com.br\/blog\/concurso-sedes-df-edas-educador-social-gabarito-extraoficial\/#primaryimage"},"thumbnailUrl":"https:\/\/dhg1h5j42swfq.cloudfront.net\/2026\/09\/02143621\/sedes-df.jpeg","datePublished":"2026-09-06T14:21:02+00:00","dateModified":"2026-09-06T19:01:57+00:00","description":"Confira o gabarito extraoficial para educador social ap\u00f3s as provas do concurso Sedes DF e veja seu desempenho imediatamente.","breadcrumb":{"@id":"https:\/\/www.estrategiaconcursos.com.br\/blog\/concurso-sedes-df-edas-educador-social-gabarito-extraoficial\/#breadcrumb"},"inLanguage":"pt-BR","potentialAction":[{"@type":"ReadAction","target":["https:\/\/www.estrategiaconcursos.com.br\/blog\/concurso-sedes-df-edas-educador-social-gabarito-extraoficial\/"]}]},{"@type":"ImageObject","inLanguage":"pt-BR","@id":"https:\/\/www.estrategiaconcursos.com.br\/blog\/concurso-sedes-df-edas-educador-social-gabarito-extraoficial\/#primaryimage","url":"https:\/\/dhg1h5j42swfq.cloudfront.net\/2026\/09\/02143621\/sedes-df.jpeg","contentUrl":"https:\/\/dhg1h5j42swfq.cloudfront.net\/2026\/09\/02143621\/sedes-df.jpeg","width":768,"height":432,"caption":"Concurso SEDES DF inscritos"},{"@type":"BreadcrumbList","@id":"https:\/\/www.estrategiaconcursos.com.br\/blog\/concurso-sedes-df-edas-educador-social-gabarito-extraoficial\/#breadcrumb","itemListElement":[{"@type":"ListItem","position":1,"name":"In\u00edcio","item":"https:\/\/blog-estrategia.mystagingwebsite.com\/"},{"@type":"ListItem","position":2,"name":"Concurso Sedes DF: EDAS Educador Social: gabarito extraoficial"}]},{"@type":"WebSite","@id":"https:\/\/blog-estrategia.mystagingwebsite.com\/#website","url":"https:\/\/blog-estrategia.mystagingwebsite.com\/","name":"Estrat\u00e9gia Concursos","description":"O blog da Estrat\u00e9gia Concursos traz not\u00edcias sobre concursos e artigos de professores oferecendo cursos para concursos (pdf + videaulas) no site.","publisher":{"@id":"https:\/\/blog-estrategia.mystagingwebsite.com\/#organization"},"potentialAction":[{"@type":"SearchAction","target":{"@type":"EntryPoint","urlTemplate":"https:\/\/blog-estrategia.mystagingwebsite.com\/?s={search_term_string}"},"query-input":{"@type":"PropertyValueSpecification","valueRequired":true,"valueName":"search_term_string"}}],"inLanguage":"pt-BR"},{"@type":"Organization","@id":"https:\/\/blog-estrategia.mystagingwebsite.com\/#organization","name":"Estrat\u00e9gia Concursos","url":"https:\/\/blog-estrategia.mystagingwebsite.com\/","logo":{"@type":"ImageObject","inLanguage":"pt-BR","@id":"https:\/\/blog-estrategia.mystagingwebsite.com\/#\/schema\/logo\/image\/","url":"https:\/\/dhg1h5j42swfq.cloudfront.net\/2025\/06\/03203428\/logo_concursos-1.jpg","contentUrl":"https:\/\/dhg1h5j42swfq.cloudfront.net\/2025\/06\/03203428\/logo_concursos-1.jpg","width":230,"height":60,"caption":"Estrat\u00e9gia Concursos"},"image":{"@id":"https:\/\/blog-estrategia.mystagingwebsite.com\/#\/schema\/logo\/image\/"},"sameAs":["https:\/\/x.com\/EstratConcursos"]},{"@type":"Person","@id":"https:\/\/blog-estrategia.mystagingwebsite.com\/#\/schema\/person\/e3882259fa157d54c44c21f4ee4e0e60","name":"B\u00e1rbara Carvalho Santos","image":{"@type":"ImageObject","inLanguage":"pt-BR","@id":"https:\/\/secure.gravatar.com\/avatar\/353300f73140f779692b9be2b39f434d1341e4e34c7f55bd5a990fe29ef352eb?s=96&d=mm&r=g","url":"https:\/\/secure.gravatar.com\/avatar\/353300f73140f779692b9be2b39f434d1341e4e34c7f55bd5a990fe29ef352eb?s=96&d=mm&r=g","contentUrl":"https:\/\/secure.gravatar.com\/avatar\/353300f73140f779692b9be2b39f434d1341e4e34c7f55bd5a990fe29ef352eb?s=96&d=mm&r=g","caption":"B\u00e1rbara Carvalho Santos"},"description":"M\u00e3e e jornalista formada pela UNIP, possui ampla experi\u00eancia na cobertura de entretenimento em grandes ve\u00edculos, como o site da CNN, RedeTV! e Estrat\u00e9gia Educacional. Atuou tamb\u00e9m em ag\u00eancias de marketing, produtoras musicais e assessorias de imprensa, com foco especial no trabalho com personalidades p\u00fablicas. Atualmente, integra a equipe do Estrat\u00e9gia Concursos, onde \u00e9 respons\u00e1vel pela produ\u00e7\u00e3o de conte\u00fados estrat\u00e9gicos voltados para o setor de concursos p\u00fablicos, com destaque para a \u00e1rea fiscal, gest\u00e3o, controle, concursos administrativos e Minist\u00e9rios participantes do CNU, al\u00e9m de diversos \u00f3rg\u00e3os federais. Tem como miss\u00e3o transformar informa\u00e7\u00f5es complexas em conte\u00fados acess\u00edveis, relevantes e de alto valor para quem sonha com uma carreira no servi\u00e7o p\u00fablico.","url":"https:\/\/www.estrategiaconcursos.com.br\/blog\/author\/barbara-santos\/"}]}},"_links":{"self":[{"href":"https:\/\/www.estrategiaconcursos.com.br\/blog\/wp-json\/wp\/v2\/posts\/1806228","targetHints":{"allow":["GET"]}}],"collection":[{"href":"https:\/\/www.estrategiaconcursos.com.br\/blog\/wp-json\/wp\/v2\/posts"}],"about":[{"href":"https:\/\/www.estrategiaconcursos.com.br\/blog\/wp-json\/wp\/v2\/types\/post"}],"author":[{"embeddable":true,"href":"https:\/\/www.estrategiaconcursos.com.br\/blog\/wp-json\/wp\/v2\/users\/2018"}],"replies":[{"embeddable":true,"href":"https:\/\/www.estrategiaconcursos.com.br\/blog\/wp-json\/wp\/v2\/comments?post=1806228"}],"version-history":[{"count":15,"href":"https:\/\/www.estrategiaconcursos.com.br\/blog\/wp-json\/wp\/v2\/posts\/1806228\/revisions"}],"predecessor-version":[{"id":1806407,"href":"https:\/\/www.estrategiaconcursos.com.br\/blog\/wp-json\/wp\/v2\/posts\/1806228\/revisions\/1806407"}],"wp:featuredmedia":[{"embeddable":true,"href":"https:\/\/www.estrategiaconcursos.com.br\/blog\/wp-json\/wp\/v2\/media\/1805381"}],"wp:attachment":[{"href":"https:\/\/www.estrategiaconcursos.com.br\/blog\/wp-json\/wp\/v2\/media?parent=1806228"}],"wp:term":[{"taxonomy":"category","embeddable":true,"href":"https:\/\/www.estrategiaconcursos.com.br\/blog\/wp-json\/wp\/v2\/categories?post=1806228"},{"taxonomy":"post_tag","embeddable":true,"href":"https:\/\/www.estrategiaconcursos.com.br\/blog\/wp-json\/wp\/v2\/tags?post=1806228"},{"taxonomy":"tax_estado","embeddable":true,"href":"https:\/\/www.estrategiaconcursos.com.br\/blog\/wp-json\/wp\/v2\/tax_estado?post=1806228"}],"curies":[{"name":"wp","href":"https:\/\/api.w.org\/{rel}","templated":true}]}}