{"id":1806144,"date":"2026-09-04T18:12:32","date_gmt":"2026-09-04T21:12:32","guid":{"rendered":"https:\/\/www.estrategiaconcursos.com.br\/blog\/?p=1806144"},"modified":"2026-09-04T18:12:35","modified_gmt":"2026-09-04T21:12:35","slug":"concurso-sedes-df-inscritos-cargos","status":"publish","type":"post","link":"https:\/\/www.estrategiaconcursos.com.br\/blog\/concurso-sedes-df-inscritos-cargos\/","title":{"rendered":"Concurso Sedes DF: confira os cargos com mais inscritos!"},"content":{"rendered":"\n<p class=\"wp-block-paragraph\">O concurso da Secretaria de Estado de Desenvolvimento Social do Distrito Federal (Sedes\/DF) registrou <strong>210.013 inscri\u00e7\u00f5es homologadas<\/strong> para os cargos de Especialista em Desenvolvimento e Assist\u00eancia Social (EDAS) e T\u00e9cnico em Desenvolvimento e Assist\u00eancia Social (TDAS). <\/p>\n\n\n\n<p class=\"wp-block-paragraph\">Os dados foram divulgados pelo Instituto Quadrix, banca organizadora do certame, em documento atualizado em 5 de agosto de 2026.<\/p>\n\n\n\n<p class=\"wp-block-paragraph\">Entre as oportunidades oferecidas, o cargo que concentrou o maior n\u00famero de candidatos foi o de <strong>TDAS \u2013 T\u00e9cnico Administrativo<\/strong>, com <strong>98.394 inscri\u00e7\u00f5es homologadas<\/strong>. <\/p>\n\n\n\n<p class=\"wp-block-paragraph\">O n\u00famero representa quase metade de todas as inscri\u00e7\u00f5es registradas no concurso e coloca a especialidade como a mais concorrida do certame.<\/p>\n\n\n\n<p class=\"wp-block-paragraph\">Na sequ\u00eancia aparece TDAS \u2013 Agente Social, que recebeu 29.128 inscri\u00e7\u00f5es. O cargo de EDAS \u2013 Pedagogia tamb\u00e9m se destacou, com 21.015 candidatos, seguido por EDAS \u2013 Educador Social, com 14.165, e EDAS \u2013 Direito e Legisla\u00e7\u00e3o, que contabilizou 13.874 inscri\u00e7\u00f5es.<\/p>\n\n\n\n<p class=\"wp-block-paragraph\">Completando a lista das especialidades com maior procura, EDAS \u2013 Psicologia registrou 7.916 inscri\u00e7\u00f5es, enquanto EDAS \u2013 Administra\u00e7\u00e3o teve 6.200 candidatos. J\u00e1 TDAS \u2013 Cuidador Social contabilizou 4.976 inscri\u00e7\u00f5es, e EDAS \u2013 Servi\u00e7o Social, 4.472.<\/p>\n\n\n\n<p class=\"wp-block-paragraph\">Por outro lado, algumas especialidades apresentaram uma procura significativamente menor. \u00c9 o caso de EDAS \u2013 Economia, com 516 inscri\u00e7\u00f5es, EDAS \u2013 Sociologia, com 295, e EDAS \u2013 Estat\u00edstica, que teve apenas 197 candidatos.<\/p>\n\n\n\n<p class=\"wp-block-paragraph\">Considerando todas as especialidades, foram <strong>140.440 inscri\u00e7\u00f5es na ampla concorr\u00eancia (AC)<\/strong>, <strong>9.691 para pessoas com defici\u00eancia (PCD)<\/strong>, <strong>55.948 para candidatos que concorrem pelas vagas destinadas a pessoas negras e pardas (PNP)<\/strong> e <strong>3.932 na modalidade de hipossufici\u00eancia (HIPO)<\/strong>.<\/p>\n\n\n\n<ul class=\"wp-block-list\">\n<li><a href=\"https:\/\/dhg1h5j42swfq.cloudfront.net\/2026\/09\/04180712\/49fb4e92-f367-44a9-abc0-12e32eed31f8-cleaned.pdf\" target=\"_blank\" rel=\"noreferrer noopener nofollow\">Confira a informa\u00e7\u00e3o na \u00edntegra!<\/a><\/li>\n<\/ul>\n\n\n\n<h3 id=\"h-ranking-dos-cargos-com-mais-inscritos-no-concurso-sedes-df\" class=\"wp-block-heading\">Ranking dos cargos com mais inscritos no Concurso SEDES DF<\/h3>\n\n\n\n<p class=\"wp-block-paragraph\">Em n\u00fameros absolutos, os cargos com maior quantidade de inscri\u00e7\u00f5es homologadas foram no Concurso SEDES DF s\u00e3o: <\/p>\n\n\n\n<p class=\"wp-block-paragraph\"><strong>TDAS \u2013 T\u00e9cnico Administrativo:<\/strong> 98.394<br \/><strong>TDAS \u2013 Agente Social:<\/strong> 29.128<br \/><strong>EDAS \u2013 Pedagogia:<\/strong> 21.015<br \/><strong>EDAS \u2013 Educador Social:<\/strong> 14.165<br \/><strong>EDAS \u2013 Direito e Legisla\u00e7\u00e3o:<\/strong> 13.874<br \/><strong>EDAS \u2013 Psicologia:<\/strong> 7.916<br \/><strong>EDAS \u2013 Administra\u00e7\u00e3o:<\/strong> 6.200<br \/><strong>TDAS \u2013 Cuidador Social:<\/strong> 4.976<br \/><strong>EDAS \u2013 Servi\u00e7o Social:<\/strong> 4.472<br \/><strong>EDAS \u2013 Nutri\u00e7\u00e3o:<\/strong> 3.966.<\/p>\n\n\n\n<p class=\"wp-block-paragraph\">Lembrando que Os inscritos ser\u00e3o avaliados por meio de provas objetivas e discursiva, de car\u00e1ter classificat\u00f3rio e eliminat\u00f3rio. De acordo com o cronograma, os\u00a0exames devem ocorrer no dia 6 de setembro, em at\u00e9 dois turnos:<\/p>\n\n\n\n<ul class=\"wp-block-list\">\n<li><strong>Turno vespertino:<\/strong>\u00a0cargo T\u00e9cnico (TDAS).<\/li>\n\n\n\n<li><strong>Turno matutino:\u00a0<\/strong>cargo Especialista (EDAS); e<\/li>\n<\/ul>\n\n\n\n<p class=\"has-text-align-center wp-block-paragraph\"><em>Para ficar por dentro de todas as informa\u00e7\u00f5es sobre o Concurso Sedes DF, al\u00e9m do n\u00famero de inscritos por cargo<\/em>, <em>n\u00e3o deixe de conferir nosso artigo completo sobre a sele\u00e7\u00e3o:<\/em><\/p>\n\n\n\n<p class=\"has-text-align-center has-very-light-gray-to-cyan-bluish-gray-gradient-background has-background wp-block-paragraph\"><strong><a href=\"https:\/\/www.estrategiaconcursos.com.br\/blog\/concurso-sedes-df\/\">Concurso SEDES <\/a><a href=\"https:\/\/www.estrategiaconcursos.com.br\/blog\/concurso-sedes-df\/\" target=\"_blank\" rel=\"noreferrer noopener\">D<\/a><a href=\"https:\/\/www.estrategiaconcursos.com.br\/blog\/concurso-sedes-df\/\">F<\/a><\/strong><\/p>\n\n\n\n<hr class=\"wp-block-separator has-alpha-channel-opacity\"\/>\n\n\n\n<p class=\"has-text-align-center has-x-large-font-size wp-block-paragraph\" id=\"cursos-assinatura\"><strong>Quer estudar para o Concurso SEDES DF?<\/strong><\/p>\n\n\n\n<div class=\"container\" id=\"boxes\">\n  <div class=\"row\">\n\n    <div class=\"col-sm\">\n      <div class=\"estrategia\" id=\"box-assinatura\">\n        <h3 class=\"titulo-assinatura\">Assinatura Concursos<\/h3>\n        <p class=\"subtitulo-assinatura\">Assinatura de 1 ano ou 2 anos<\/p>\n        <div class=\"box-botao\">\n          <a class=\"btn-assinatura\" target=\"_blank\" href=\"https:\/\/www.estrategiaconcursos.com.br\/blog\/assinaturas\/\" role=\"button\" rel=\"noopener noreferrer\">ASSINE AGORA<\/a>\n        <\/div>\n      <\/div><\/div><\/div><\/div>\n\n\n\n<p class=\"has-text-align-center has-x-large-font-size wp-block-paragraph\" id=\"h-quer-saber-tudo-sobre-concursos-previstos-confira-nossos-artigos\"><strong>Quer saber tudo sobre concursos previstos? Confira nossos artigos!<\/strong><\/p>\n\n\n\n<ul class=\"wp-block-list\">\n<li><a href=\"https:\/\/www.estrategiaconcursos.com.br\/blog\/concursos-abertos\/\" target=\"_blank\" rel=\"noreferrer noopener\">Concursos Abertos<\/a><\/li>\n\n\n\n<li><a href=\"https:\/\/www.estrategiaconcursos.com.br\/blog\/concursos-2026\/\" target=\"_blank\" rel=\"noreferrer noopener\">Concursos 2026<\/a><\/li>\n\n\n\n<li><a href=\"https:\/\/www.estrategiaconcursos.com.br\/blog\/concursos-2027\/\" target=\"_blank\" rel=\"noreferrer noopener\">Concursos 2027<\/a><\/li>\n\n\n\n<li><a href=\"https:\/\/www.estrategiaconcursos.com.br\/blog\/concursos-df\/\" target=\"_blank\" rel=\"noreferrer noopener\">Concursos DF<\/a><\/li>\n<\/ul>\n","protected":false},"excerpt":{"rendered":"<p>O concurso da Secretaria de Estado de Desenvolvimento Social do Distrito Federal (Sedes\/DF) registrou 210.013 inscri\u00e7\u00f5es homologadas para os cargos de Especialista em Desenvolvimento e Assist\u00eancia Social (EDAS) e T\u00e9cnico em Desenvolvimento e Assist\u00eancia Social (TDAS). Os dados foram divulgados pelo Instituto Quadrix, banca organizadora do certame, em documento atualizado em 5 de agosto de [&hellip;]<\/p>\n","protected":false},"author":656,"featured_media":1805381,"comment_status":"open","ping_status":"closed","sticky":false,"template":"","format":"standard","meta":{"_acf_changed":false,"post_tipo":"news","footnotes":""},"categories":[214992,220219],"tags":[],"tax_estado":[219970],"class_list":["post-1806144","post","type-post","status-publish","format-standard","has-post-thumbnail","hentry","category-concursos-administrativos","category-noticias","tax_estado-df"],"acf":[],"yoast_head":"<!-- This site is optimized with the Yoast SEO Premium plugin v28.1 (Yoast SEO v28.1) - https:\/\/yoast.com\/product\/yoast-seo-premium-wordpress\/ -->\n<title>Concurso Sedes DF: confira os cargos com mais inscritos!<\/title>\n<meta name=\"description\" content=\"Concurso SEDES DF: confira os cargos com o maior de n\u00famero de inscritos, conforme divulgado pela banca. Veja os detalhes aqui!\" \/>\n<meta name=\"robots\" content=\"index, follow, max-snippet:-1, max-image-preview:large, max-video-preview:-1\" \/>\n<link rel=\"canonical\" href=\"https:\/\/www.estrategiaconcursos.com.br\/blog\/concurso-sedes-df-inscritos-cargos\/\" \/>\n<meta property=\"og:locale\" content=\"pt_BR\" \/>\n<meta property=\"og:type\" content=\"article\" \/>\n<meta property=\"og:title\" content=\"Concurso Sedes DF: confira os cargos com mais inscritos!\" \/>\n<meta property=\"og:description\" content=\"Concurso SEDES DF: confira os cargos com o maior de n\u00famero de inscritos, conforme divulgado pela banca. Veja os detalhes aqui!\" \/>\n<meta property=\"og:url\" content=\"https:\/\/www.estrategiaconcursos.com.br\/blog\/concurso-sedes-df-inscritos-cargos\/\" \/>\n<meta property=\"og:site_name\" content=\"Estrat\u00e9gia Concursos\" \/>\n<meta property=\"article:published_time\" content=\"2026-09-04T21:12:32+00:00\" \/>\n<meta property=\"article:modified_time\" content=\"2026-09-04T21:12:35+00:00\" \/>\n<meta property=\"og:image\" content=\"https:\/\/dhg1h5j42swfq.cloudfront.net\/2026\/09\/02143621\/sedes-df.jpeg\" \/>\n\t<meta property=\"og:image:width\" content=\"768\" \/>\n\t<meta property=\"og:image:height\" content=\"432\" \/>\n\t<meta property=\"og:image:type\" content=\"image\/jpeg\" \/>\n<meta name=\"author\" content=\"F\u00e1bio Scaldelai\" \/>\n<meta name=\"twitter:card\" content=\"summary_large_image\" \/>\n<meta name=\"twitter:creator\" content=\"@EstratConcursos\" \/>\n<meta name=\"twitter:site\" content=\"@EstratConcursos\" \/>\n<meta name=\"twitter:label1\" content=\"Escrito por\" \/>\n\t<meta name=\"twitter:data1\" content=\"F\u00e1bio Scaldelai\" \/>\n\t<meta name=\"twitter:label2\" content=\"Est. tempo de leitura\" \/>\n\t<meta name=\"twitter:data2\" content=\"2 minutos\" \/>\n<script type=\"application\/ld+json\" class=\"yoast-schema-graph\">{\"@context\":\"https:\\\/\\\/schema.org\",\"@graph\":[{\"@type\":\"NewsArticle\",\"@id\":\"https:\\\/\\\/www.estrategiaconcursos.com.br\\\/blog\\\/concurso-sedes-df-inscritos-cargos\\\/#article\",\"isPartOf\":{\"@id\":\"https:\\\/\\\/www.estrategiaconcursos.com.br\\\/blog\\\/concurso-sedes-df-inscritos-cargos\\\/\"},\"author\":{\"name\":\"F\u00e1bio Scaldelai\",\"@id\":\"https:\\\/\\\/blog-estrategia.mystagingwebsite.com\\\/#\\\/schema\\\/person\\\/e3b6b7ce0192dd4ad270655969d61750\"},\"headline\":\"Concurso Sedes DF: confira os cargos com mais inscritos!\",\"datePublished\":\"2026-09-04T21:12:32+00:00\",\"dateModified\":\"2026-09-04T21:12:35+00:00\",\"mainEntityOfPage\":{\"@id\":\"https:\\\/\\\/www.estrategiaconcursos.com.br\\\/blog\\\/concurso-sedes-df-inscritos-cargos\\\/\"},\"wordCount\":441,\"commentCount\":0,\"publisher\":{\"@id\":\"https:\\\/\\\/blog-estrategia.mystagingwebsite.com\\\/#organization\"},\"image\":{\"@id\":\"https:\\\/\\\/www.estrategiaconcursos.com.br\\\/blog\\\/concurso-sedes-df-inscritos-cargos\\\/#primaryimage\"},\"thumbnailUrl\":\"https:\\\/\\\/dhg1h5j42swfq.cloudfront.net\\\/2026\\\/09\\\/02143621\\\/sedes-df.jpeg\",\"articleSection\":[\"Executivo (Administrativa)\",\"\u00daltimas not\u00edcias\"],\"inLanguage\":\"pt-BR\",\"potentialAction\":[{\"@type\":\"CommentAction\",\"name\":\"Comment\",\"target\":[\"https:\\\/\\\/www.estrategiaconcursos.com.br\\\/blog\\\/concurso-sedes-df-inscritos-cargos\\\/#respond\"]}],\"copyrightYear\":\"2026\",\"copyrightHolder\":{\"@id\":\"https:\\\/\\\/www.estrategiaconcursos.com.br\\\/blog\\\/#organization\"}},{\"@type\":\"WebPage\",\"@id\":\"https:\\\/\\\/www.estrategiaconcursos.com.br\\\/blog\\\/concurso-sedes-df-inscritos-cargos\\\/\",\"url\":\"https:\\\/\\\/www.estrategiaconcursos.com.br\\\/blog\\\/concurso-sedes-df-inscritos-cargos\\\/\",\"name\":\"Concurso Sedes DF: confira os cargos com mais inscritos!\",\"isPartOf\":{\"@id\":\"https:\\\/\\\/blog-estrategia.mystagingwebsite.com\\\/#website\"},\"primaryImageOfPage\":{\"@id\":\"https:\\\/\\\/www.estrategiaconcursos.com.br\\\/blog\\\/concurso-sedes-df-inscritos-cargos\\\/#primaryimage\"},\"image\":{\"@id\":\"https:\\\/\\\/www.estrategiaconcursos.com.br\\\/blog\\\/concurso-sedes-df-inscritos-cargos\\\/#primaryimage\"},\"thumbnailUrl\":\"https:\\\/\\\/dhg1h5j42swfq.cloudfront.net\\\/2026\\\/09\\\/02143621\\\/sedes-df.jpeg\",\"datePublished\":\"2026-09-04T21:12:32+00:00\",\"dateModified\":\"2026-09-04T21:12:35+00:00\",\"description\":\"Concurso SEDES DF: confira os cargos com o maior de n\u00famero de inscritos, conforme divulgado pela banca. Veja os detalhes aqui!\",\"breadcrumb\":{\"@id\":\"https:\\\/\\\/www.estrategiaconcursos.com.br\\\/blog\\\/concurso-sedes-df-inscritos-cargos\\\/#breadcrumb\"},\"inLanguage\":\"pt-BR\",\"potentialAction\":[{\"@type\":\"ReadAction\",\"target\":[\"https:\\\/\\\/www.estrategiaconcursos.com.br\\\/blog\\\/concurso-sedes-df-inscritos-cargos\\\/\"]}]},{\"@type\":\"ImageObject\",\"inLanguage\":\"pt-BR\",\"@id\":\"https:\\\/\\\/www.estrategiaconcursos.com.br\\\/blog\\\/concurso-sedes-df-inscritos-cargos\\\/#primaryimage\",\"url\":\"https:\\\/\\\/dhg1h5j42swfq.cloudfront.net\\\/2026\\\/09\\\/02143621\\\/sedes-df.jpeg\",\"contentUrl\":\"https:\\\/\\\/dhg1h5j42swfq.cloudfront.net\\\/2026\\\/09\\\/02143621\\\/sedes-df.jpeg\",\"width\":768,\"height\":432,\"caption\":\"Concurso SEDES DF inscritos\"},{\"@type\":\"BreadcrumbList\",\"@id\":\"https:\\\/\\\/www.estrategiaconcursos.com.br\\\/blog\\\/concurso-sedes-df-inscritos-cargos\\\/#breadcrumb\",\"itemListElement\":[{\"@type\":\"ListItem\",\"position\":1,\"name\":\"In\u00edcio\",\"item\":\"https:\\\/\\\/blog-estrategia.mystagingwebsite.com\\\/\"},{\"@type\":\"ListItem\",\"position\":2,\"name\":\"Concurso Sedes DF: confira os cargos com mais inscritos!\"}]},{\"@type\":\"WebSite\",\"@id\":\"https:\\\/\\\/blog-estrategia.mystagingwebsite.com\\\/#website\",\"url\":\"https:\\\/\\\/blog-estrategia.mystagingwebsite.com\\\/\",\"name\":\"Estrat\u00e9gia Concursos\",\"description\":\"O blog da Estrat\u00e9gia Concursos traz not\u00edcias sobre concursos e artigos de professores oferecendo cursos para concursos (pdf + videaulas) no site.\",\"publisher\":{\"@id\":\"https:\\\/\\\/blog-estrategia.mystagingwebsite.com\\\/#organization\"},\"potentialAction\":[{\"@type\":\"SearchAction\",\"target\":{\"@type\":\"EntryPoint\",\"urlTemplate\":\"https:\\\/\\\/blog-estrategia.mystagingwebsite.com\\\/?s={search_term_string}\"},\"query-input\":{\"@type\":\"PropertyValueSpecification\",\"valueRequired\":true,\"valueName\":\"search_term_string\"}}],\"inLanguage\":\"pt-BR\"},{\"@type\":\"Organization\",\"@id\":\"https:\\\/\\\/blog-estrategia.mystagingwebsite.com\\\/#organization\",\"name\":\"Estrat\u00e9gia Concursos\",\"url\":\"https:\\\/\\\/blog-estrategia.mystagingwebsite.com\\\/\",\"logo\":{\"@type\":\"ImageObject\",\"inLanguage\":\"pt-BR\",\"@id\":\"https:\\\/\\\/blog-estrategia.mystagingwebsite.com\\\/#\\\/schema\\\/logo\\\/image\\\/\",\"url\":\"https:\\\/\\\/dhg1h5j42swfq.cloudfront.net\\\/2025\\\/06\\\/03203428\\\/logo_concursos-1.jpg\",\"contentUrl\":\"https:\\\/\\\/dhg1h5j42swfq.cloudfront.net\\\/2025\\\/06\\\/03203428\\\/logo_concursos-1.jpg\",\"width\":230,\"height\":60,\"caption\":\"Estrat\u00e9gia Concursos\"},\"image\":{\"@id\":\"https:\\\/\\\/blog-estrategia.mystagingwebsite.com\\\/#\\\/schema\\\/logo\\\/image\\\/\"},\"sameAs\":[\"https:\\\/\\\/x.com\\\/EstratConcursos\"]},{\"@type\":\"Person\",\"@id\":\"https:\\\/\\\/blog-estrategia.mystagingwebsite.com\\\/#\\\/schema\\\/person\\\/e3b6b7ce0192dd4ad270655969d61750\",\"name\":\"F\u00e1bio Scaldelai\",\"image\":{\"@type\":\"ImageObject\",\"inLanguage\":\"pt-BR\",\"@id\":\"https:\\\/\\\/secure.gravatar.com\\\/avatar\\\/8ed7492c4d88d8495bc0cb24cda6847b8ae23eec459a919e08e77d0ca0fd79ec?s=96&d=mm&r=g\",\"url\":\"https:\\\/\\\/secure.gravatar.com\\\/avatar\\\/8ed7492c4d88d8495bc0cb24cda6847b8ae23eec459a919e08e77d0ca0fd79ec?s=96&d=mm&r=g\",\"contentUrl\":\"https:\\\/\\\/secure.gravatar.com\\\/avatar\\\/8ed7492c4d88d8495bc0cb24cda6847b8ae23eec459a919e08e77d0ca0fd79ec?s=96&d=mm&r=g\",\"caption\":\"F\u00e1bio Scaldelai\"},\"description\":\"Jornalista no Estrat\u00e9gia Concursos e Produtor de Televis\u00e3o, formado em Jornalismo, R\u00e1dio e TV pela Faculdade Integrada Rio Branco, com especializa\u00e7\u00f5es em Gest\u00e3o Empresarial e Marketing pelo M\u00f3dulo. Atuou como produtor no SBT, TV Bandeirantes e R\u00e1dio Band FM, al\u00e9m de acumular tr\u00eas anos de experi\u00eancia no setor de concursos p\u00fablicos pela LFG (Luiz Fl\u00e1vio Gomes). No Estrat\u00e9gia Concursos, atua na apura\u00e7\u00e3o de not\u00edcias da \u00e1rea fiscal, al\u00e9m de coberturas sobre concursos das \u00e1reas de controle (TCU, TCE, etc), concurso AFT, \u00e1rea de gest\u00e3o e administrativa, bem como dos \u00f3rg\u00e3os participantes do CNU. Tamb\u00e9m possui experi\u00eancia em link building e an\u00e1lise de m\u00eddia, adquirida durante sua atua\u00e7\u00e3o na ag\u00eancia SEO Marketing.\",\"url\":\"https:\\\/\\\/www.estrategiaconcursos.com.br\\\/blog\\\/author\\\/fabio-scaldelaiestrategiaconcursos-com-br\\\/\"}]}<\/script>\n<!-- \/ Yoast SEO Premium plugin. -->","yoast_head_json":{"title":"Concurso Sedes DF: confira os cargos com mais inscritos!","description":"Concurso SEDES DF: confira os cargos com o maior de n\u00famero de inscritos, conforme divulgado pela banca. Veja os detalhes aqui!","robots":{"index":"index","follow":"follow","max-snippet":"max-snippet:-1","max-image-preview":"max-image-preview:large","max-video-preview":"max-video-preview:-1"},"canonical":"https:\/\/www.estrategiaconcursos.com.br\/blog\/concurso-sedes-df-inscritos-cargos\/","og_locale":"pt_BR","og_type":"article","og_title":"Concurso Sedes DF: confira os cargos com mais inscritos!","og_description":"Concurso SEDES DF: confira os cargos com o maior de n\u00famero de inscritos, conforme divulgado pela banca. Veja os detalhes aqui!","og_url":"https:\/\/www.estrategiaconcursos.com.br\/blog\/concurso-sedes-df-inscritos-cargos\/","og_site_name":"Estrat\u00e9gia Concursos","article_published_time":"2026-09-04T21:12:32+00:00","article_modified_time":"2026-09-04T21:12:35+00:00","og_image":[{"width":768,"height":432,"url":"https:\/\/dhg1h5j42swfq.cloudfront.net\/2026\/09\/02143621\/sedes-df.jpeg","type":"image\/jpeg"}],"author":"F\u00e1bio Scaldelai","twitter_card":"summary_large_image","twitter_creator":"@EstratConcursos","twitter_site":"@EstratConcursos","twitter_misc":{"Escrito por":"F\u00e1bio Scaldelai","Est. tempo de leitura":"2 minutos"},"schema":{"@context":"https:\/\/schema.org","@graph":[{"@type":"NewsArticle","@id":"https:\/\/www.estrategiaconcursos.com.br\/blog\/concurso-sedes-df-inscritos-cargos\/#article","isPartOf":{"@id":"https:\/\/www.estrategiaconcursos.com.br\/blog\/concurso-sedes-df-inscritos-cargos\/"},"author":{"name":"F\u00e1bio Scaldelai","@id":"https:\/\/blog-estrategia.mystagingwebsite.com\/#\/schema\/person\/e3b6b7ce0192dd4ad270655969d61750"},"headline":"Concurso Sedes DF: confira os cargos com mais inscritos!","datePublished":"2026-09-04T21:12:32+00:00","dateModified":"2026-09-04T21:12:35+00:00","mainEntityOfPage":{"@id":"https:\/\/www.estrategiaconcursos.com.br\/blog\/concurso-sedes-df-inscritos-cargos\/"},"wordCount":441,"commentCount":0,"publisher":{"@id":"https:\/\/blog-estrategia.mystagingwebsite.com\/#organization"},"image":{"@id":"https:\/\/www.estrategiaconcursos.com.br\/blog\/concurso-sedes-df-inscritos-cargos\/#primaryimage"},"thumbnailUrl":"https:\/\/dhg1h5j42swfq.cloudfront.net\/2026\/09\/02143621\/sedes-df.jpeg","articleSection":["Executivo (Administrativa)","\u00daltimas not\u00edcias"],"inLanguage":"pt-BR","potentialAction":[{"@type":"CommentAction","name":"Comment","target":["https:\/\/www.estrategiaconcursos.com.br\/blog\/concurso-sedes-df-inscritos-cargos\/#respond"]}],"copyrightYear":"2026","copyrightHolder":{"@id":"https:\/\/www.estrategiaconcursos.com.br\/blog\/#organization"}},{"@type":"WebPage","@id":"https:\/\/www.estrategiaconcursos.com.br\/blog\/concurso-sedes-df-inscritos-cargos\/","url":"https:\/\/www.estrategiaconcursos.com.br\/blog\/concurso-sedes-df-inscritos-cargos\/","name":"Concurso Sedes DF: confira os cargos com mais inscritos!","isPartOf":{"@id":"https:\/\/blog-estrategia.mystagingwebsite.com\/#website"},"primaryImageOfPage":{"@id":"https:\/\/www.estrategiaconcursos.com.br\/blog\/concurso-sedes-df-inscritos-cargos\/#primaryimage"},"image":{"@id":"https:\/\/www.estrategiaconcursos.com.br\/blog\/concurso-sedes-df-inscritos-cargos\/#primaryimage"},"thumbnailUrl":"https:\/\/dhg1h5j42swfq.cloudfront.net\/2026\/09\/02143621\/sedes-df.jpeg","datePublished":"2026-09-04T21:12:32+00:00","dateModified":"2026-09-04T21:12:35+00:00","description":"Concurso SEDES DF: confira os cargos com o maior de n\u00famero de inscritos, conforme divulgado pela banca. Veja os detalhes aqui!","breadcrumb":{"@id":"https:\/\/www.estrategiaconcursos.com.br\/blog\/concurso-sedes-df-inscritos-cargos\/#breadcrumb"},"inLanguage":"pt-BR","potentialAction":[{"@type":"ReadAction","target":["https:\/\/www.estrategiaconcursos.com.br\/blog\/concurso-sedes-df-inscritos-cargos\/"]}]},{"@type":"ImageObject","inLanguage":"pt-BR","@id":"https:\/\/www.estrategiaconcursos.com.br\/blog\/concurso-sedes-df-inscritos-cargos\/#primaryimage","url":"https:\/\/dhg1h5j42swfq.cloudfront.net\/2026\/09\/02143621\/sedes-df.jpeg","contentUrl":"https:\/\/dhg1h5j42swfq.cloudfront.net\/2026\/09\/02143621\/sedes-df.jpeg","width":768,"height":432,"caption":"Concurso SEDES DF inscritos"},{"@type":"BreadcrumbList","@id":"https:\/\/www.estrategiaconcursos.com.br\/blog\/concurso-sedes-df-inscritos-cargos\/#breadcrumb","itemListElement":[{"@type":"ListItem","position":1,"name":"In\u00edcio","item":"https:\/\/blog-estrategia.mystagingwebsite.com\/"},{"@type":"ListItem","position":2,"name":"Concurso Sedes DF: confira os cargos com mais inscritos!"}]},{"@type":"WebSite","@id":"https:\/\/blog-estrategia.mystagingwebsite.com\/#website","url":"https:\/\/blog-estrategia.mystagingwebsite.com\/","name":"Estrat\u00e9gia Concursos","description":"O blog da Estrat\u00e9gia Concursos traz not\u00edcias sobre concursos e artigos de professores oferecendo cursos para concursos (pdf + videaulas) no site.","publisher":{"@id":"https:\/\/blog-estrategia.mystagingwebsite.com\/#organization"},"potentialAction":[{"@type":"SearchAction","target":{"@type":"EntryPoint","urlTemplate":"https:\/\/blog-estrategia.mystagingwebsite.com\/?s={search_term_string}"},"query-input":{"@type":"PropertyValueSpecification","valueRequired":true,"valueName":"search_term_string"}}],"inLanguage":"pt-BR"},{"@type":"Organization","@id":"https:\/\/blog-estrategia.mystagingwebsite.com\/#organization","name":"Estrat\u00e9gia Concursos","url":"https:\/\/blog-estrategia.mystagingwebsite.com\/","logo":{"@type":"ImageObject","inLanguage":"pt-BR","@id":"https:\/\/blog-estrategia.mystagingwebsite.com\/#\/schema\/logo\/image\/","url":"https:\/\/dhg1h5j42swfq.cloudfront.net\/2025\/06\/03203428\/logo_concursos-1.jpg","contentUrl":"https:\/\/dhg1h5j42swfq.cloudfront.net\/2025\/06\/03203428\/logo_concursos-1.jpg","width":230,"height":60,"caption":"Estrat\u00e9gia Concursos"},"image":{"@id":"https:\/\/blog-estrategia.mystagingwebsite.com\/#\/schema\/logo\/image\/"},"sameAs":["https:\/\/x.com\/EstratConcursos"]},{"@type":"Person","@id":"https:\/\/blog-estrategia.mystagingwebsite.com\/#\/schema\/person\/e3b6b7ce0192dd4ad270655969d61750","name":"F\u00e1bio Scaldelai","image":{"@type":"ImageObject","inLanguage":"pt-BR","@id":"https:\/\/secure.gravatar.com\/avatar\/8ed7492c4d88d8495bc0cb24cda6847b8ae23eec459a919e08e77d0ca0fd79ec?s=96&d=mm&r=g","url":"https:\/\/secure.gravatar.com\/avatar\/8ed7492c4d88d8495bc0cb24cda6847b8ae23eec459a919e08e77d0ca0fd79ec?s=96&d=mm&r=g","contentUrl":"https:\/\/secure.gravatar.com\/avatar\/8ed7492c4d88d8495bc0cb24cda6847b8ae23eec459a919e08e77d0ca0fd79ec?s=96&d=mm&r=g","caption":"F\u00e1bio Scaldelai"},"description":"Jornalista no Estrat\u00e9gia Concursos e Produtor de Televis\u00e3o, formado em Jornalismo, R\u00e1dio e TV pela Faculdade Integrada Rio Branco, com especializa\u00e7\u00f5es em Gest\u00e3o Empresarial e Marketing pelo M\u00f3dulo. Atuou como produtor no SBT, TV Bandeirantes e R\u00e1dio Band FM, al\u00e9m de acumular tr\u00eas anos de experi\u00eancia no setor de concursos p\u00fablicos pela LFG (Luiz Fl\u00e1vio Gomes). No Estrat\u00e9gia Concursos, atua na apura\u00e7\u00e3o de not\u00edcias da \u00e1rea fiscal, al\u00e9m de coberturas sobre concursos das \u00e1reas de controle (TCU, TCE, etc), concurso AFT, \u00e1rea de gest\u00e3o e administrativa, bem como dos \u00f3rg\u00e3os participantes do CNU. Tamb\u00e9m possui experi\u00eancia em link building e an\u00e1lise de m\u00eddia, adquirida durante sua atua\u00e7\u00e3o na ag\u00eancia SEO Marketing.","url":"https:\/\/www.estrategiaconcursos.com.br\/blog\/author\/fabio-scaldelaiestrategiaconcursos-com-br\/"}]}},"_links":{"self":[{"href":"https:\/\/www.estrategiaconcursos.com.br\/blog\/wp-json\/wp\/v2\/posts\/1806144","targetHints":{"allow":["GET"]}}],"collection":[{"href":"https:\/\/www.estrategiaconcursos.com.br\/blog\/wp-json\/wp\/v2\/posts"}],"about":[{"href":"https:\/\/www.estrategiaconcursos.com.br\/blog\/wp-json\/wp\/v2\/types\/post"}],"author":[{"embeddable":true,"href":"https:\/\/www.estrategiaconcursos.com.br\/blog\/wp-json\/wp\/v2\/users\/656"}],"replies":[{"embeddable":true,"href":"https:\/\/www.estrategiaconcursos.com.br\/blog\/wp-json\/wp\/v2\/comments?post=1806144"}],"version-history":[{"count":3,"href":"https:\/\/www.estrategiaconcursos.com.br\/blog\/wp-json\/wp\/v2\/posts\/1806144\/revisions"}],"predecessor-version":[{"id":1806152,"href":"https:\/\/www.estrategiaconcursos.com.br\/blog\/wp-json\/wp\/v2\/posts\/1806144\/revisions\/1806152"}],"wp:featuredmedia":[{"embeddable":true,"href":"https:\/\/www.estrategiaconcursos.com.br\/blog\/wp-json\/wp\/v2\/media\/1805381"}],"wp:attachment":[{"href":"https:\/\/www.estrategiaconcursos.com.br\/blog\/wp-json\/wp\/v2\/media?parent=1806144"}],"wp:term":[{"taxonomy":"category","embeddable":true,"href":"https:\/\/www.estrategiaconcursos.com.br\/blog\/wp-json\/wp\/v2\/categories?post=1806144"},{"taxonomy":"post_tag","embeddable":true,"href":"https:\/\/www.estrategiaconcursos.com.br\/blog\/wp-json\/wp\/v2\/tags?post=1806144"},{"taxonomy":"tax_estado","embeddable":true,"href":"https:\/\/www.estrategiaconcursos.com.br\/blog\/wp-json\/wp\/v2\/tax_estado?post=1806144"}],"curies":[{"name":"wp","href":"https:\/\/api.w.org\/{rel}","templated":true}]}}