{"id":1806057,"date":"2026-09-05T13:10:00","date_gmt":"2026-09-05T16:10:00","guid":{"rendered":"https:\/\/www.estrategiaconcursos.com.br\/blog\/?p=1806057"},"modified":"2026-09-04T15:16:27","modified_gmt":"2026-09-04T18:16:27","slug":"gabarito-extraoficial-sedes-df-agente-social","status":"publish","type":"post","link":"https:\/\/www.estrategiaconcursos.com.br\/blog\/gabarito-extraoficial-sedes-df-agente-social\/","title":{"rendered":"Gabarito Extraoficial Sedes DF &#8211; Agente Social; confira!"},"content":{"rendered":"\n<p class=\"wp-block-paragraph\">Acontecem neste domingo (06) as provas do concurso da <strong><a href=\"https:\/\/www.estrategiaconcursos.com.br\/cursosPorConcurso\/sedes-df\" target=\"_blank\" rel=\"noopener\">Secretaria de Desenvolvimento Social do Distrito Federal<\/a>\u00a0(Sedes DF) <\/strong>para<strong> <\/strong>a especialidade de<strong> Agente Social<\/strong><\/p>\n\n\n\n<p class=\"wp-block-paragraph\">Assim, o nosso time de professores estar\u00e1 ao seu lado durante essa etapa t\u00e3o importante, realizando a corre\u00e7\u00e3o da prova <strong>AO VIVO<\/strong> a partir das 19h, em nosso canal do Youtube!<\/p>\n\n\n\n<p class=\"wp-block-paragraph\">A ideia \u00e9 que aqueles que participaram das provas possam conferir, de forma antecipada, seu desempenho por meio do nosso Gabarito Extraoficial. <a href=\"#ranking\">Participe tamb\u00e9m do Ranking Classificat\u00f3rio<\/a>.<\/p>\n\n\n\n<p class=\"wp-block-paragraph\">Lembrando que o edital oferece 133 oportunidades imediatas mais 399 vagas para cadastro de reserva na fun\u00e7\u00e3o de Agente Social. <\/p>\n\n\n\n<h2 id=\"h-gabarito-extraoficial-sedes-df-agente-social\" class=\"wp-block-heading\">Gabarito Extraoficial Sedes DF &#8211; Agente Social<\/h2>\n\n\n<figure class=\"wp-block-embed-youtube wp-block-embed is-type-video is-provider-youtube wp-embed-aspect-16-9 wp-has-aspect-ratio lyte-align aligncenter\"><div class=\"lyte-wrapper\" style=\"width:853px;max-width:100%;margin:5px;\"><div class=\"lyMe\" id=\"WYL_sORiSbSA73U\"><div id=\"lyte_sORiSbSA73U\" data-src=\"\/\/i.ytimg.com\/vi\/sORiSbSA73U\/hqdefault.jpg\" class=\"pL\"><div class=\"tC\"><div class=\"tT\"><\/div><\/div><div class=\"play\"><\/div><div class=\"ctrl\"><div class=\"Lctrl\"><\/div><div class=\"Rctrl\"><\/div><\/div><\/div><noscript><a href=\"https:\/\/youtu.be\/sORiSbSA73U\" rel=\"nofollow\"><img loading=\"lazy\" decoding=\"async\" src=\"https:\/\/i.ytimg.com\/vi\/sORiSbSA73U\/0.jpg\" alt=\"YouTube video thumbnail\" width=\"853\" height=\"460\" \/><br \/>Assista a este v\u00eddeo no YouTube<\/a><\/noscript><\/div><\/div><div class=\"lL\" style=\"max-width:100%;width:853px;margin:5px;\"><\/div><figcaption><\/figcaption><\/figure>\n\n\n<p class=\"has-vivid-red-color has-text-color has-link-color wp-elements-1 wp-block-paragraph\"><strong>Aten\u00e7\u00e3o! Fique atento aos enunciados, pois a ordem das quest\u00f5es pode variar para cada vers\u00e3o de prova.<\/strong><\/p>\n\n\n\n<h2 class=\"wp-block-heading has-text-align-center has-vivid-cyan-blue-color has-text-color has-link-color wp-elements-2\" id=\"h-conhecimentos-gerais\">Conhecimentos Gerais<\/h2>\n\n\n\n<p class=\"wp-block-paragraph\"><strong>Quest\u00e3o 1:&nbsp;<\/strong><br \/><strong>Resposta:<\/strong><\/p>\n\n\n\n<p class=\"wp-block-paragraph\"><strong>Quest\u00e3o 2:&nbsp;<\/strong><br \/><strong>Resposta:<\/strong><\/p>\n\n\n\n<p class=\"wp-block-paragraph\"><strong>Quest\u00e3o 3:&nbsp;<\/strong><br \/><strong>Resposta:<\/strong><\/p>\n\n\n\n<p class=\"wp-block-paragraph\"><strong>Quest\u00e3o 4:&nbsp;<\/strong><br \/><strong>Resposta:<\/strong><\/p>\n\n\n\n<p class=\"wp-block-paragraph\"><strong>Quest\u00e3o 5:&nbsp;<\/strong><br \/><strong>Resposta:<\/strong><\/p>\n\n\n\n<p class=\"wp-block-paragraph\"><strong>Quest\u00e3o 6:&nbsp;<\/strong><br \/><strong>Resposta:<\/strong><\/p>\n\n\n\n<p class=\"wp-block-paragraph\"><strong>Quest\u00e3o 7:&nbsp;<\/strong><br \/><strong>Resposta:<\/strong><\/p>\n\n\n\n<p class=\"wp-block-paragraph\"><strong>Quest\u00e3o 8:&nbsp;<\/strong><br \/><strong>Resposta:<\/strong><\/p>\n\n\n\n<p class=\"wp-block-paragraph\"><strong>Quest\u00e3o 9:<\/strong>&nbsp;<br \/><strong>Resposta:<\/strong><\/p>\n\n\n\n<p class=\"wp-block-paragraph\"><strong>Quest\u00e3o 10:<\/strong>&nbsp;<br \/><strong>Resposta:<\/strong><\/p>\n\n\n\n<p class=\"wp-block-paragraph\"><strong>Quest\u00e3o 11:<\/strong>&nbsp;<br \/><strong>Resposta:<\/strong><\/p>\n\n\n\n<p class=\"wp-block-paragraph\"><strong>Quest\u00e3o 12:<\/strong>&nbsp;<br \/><strong>Resposta:<\/strong><\/p>\n\n\n\n<p class=\"wp-block-paragraph\"><strong>Quest\u00e3o 13:<\/strong>&nbsp;<br \/><strong>Resposta:<\/strong><\/p>\n\n\n\n<p class=\"wp-block-paragraph\"><strong>Quest\u00e3o 14:<\/strong>&nbsp;<br \/><strong>Resposta:<\/strong><\/p>\n\n\n\n<p class=\"wp-block-paragraph\"><strong>Quest\u00e3o 15:<\/strong>&nbsp;<br \/><strong>Resposta:<\/strong><\/p>\n\n\n\n<p class=\"wp-block-paragraph\"><strong>Quest\u00e3o 16:<\/strong>&nbsp;<br \/><strong>Resposta:<\/strong><\/p>\n\n\n\n<p class=\"wp-block-paragraph\"><strong>Quest\u00e3o 17:<\/strong>&nbsp;<br \/><strong>Resposta:<\/strong><\/p>\n\n\n\n<p class=\"wp-block-paragraph\"><strong>Quest\u00e3o 18:<\/strong>&nbsp;<br \/><strong>Resposta:<\/strong><\/p>\n\n\n\n<p class=\"wp-block-paragraph\"><strong>Quest\u00e3o 19:<\/strong>&nbsp;<br \/><strong>Resposta:<\/strong><\/p>\n\n\n\n<p class=\"wp-block-paragraph\"><strong>Quest\u00e3o 20:<\/strong>&nbsp;<br \/><strong>Resposta:<\/strong><\/p>\n\n\n\n<h2 class=\"wp-block-heading has-text-align-center has-vivid-cyan-blue-color has-text-color has-link-color wp-elements-3\" id=\"h-conhecimentos-especificos\">Conhecimentos Espec\u00edficos<\/h2>\n\n\n\n<p class=\"wp-block-paragraph\"><strong>Quest\u00e3o 21:<\/strong>&nbsp;<br \/><strong>Resposta:<\/strong><\/p>\n\n\n\n<p class=\"wp-block-paragraph\"><strong>Quest\u00e3o 22:<\/strong>&nbsp;<br \/><strong>Resposta:<\/strong><\/p>\n\n\n\n<p class=\"wp-block-paragraph\"><strong>Quest\u00e3o 23:<\/strong>&nbsp;<br \/><strong>Resposta:<\/strong><\/p>\n\n\n\n<p class=\"wp-block-paragraph\"><strong>Quest\u00e3o 24:<\/strong>&nbsp;<br \/><strong>Resposta:<\/strong><\/p>\n\n\n\n<p class=\"wp-block-paragraph\"><strong>Quest\u00e3o 25:<\/strong>&nbsp;<br \/><strong>Resposta:<\/strong><\/p>\n\n\n\n<p class=\"wp-block-paragraph\"><strong>Quest\u00e3o 26:<\/strong>&nbsp;<br \/><strong>Resposta:<\/strong><\/p>\n\n\n\n<p class=\"wp-block-paragraph\"><strong>Quest\u00e3o 27:<\/strong>&nbsp;<br \/><strong>Resposta:<\/strong><\/p>\n\n\n\n<p class=\"wp-block-paragraph\"><strong>Quest\u00e3o 28:<\/strong>&nbsp;<br \/><strong>Resposta:<\/strong><\/p>\n\n\n\n<p class=\"wp-block-paragraph\"><strong>Quest\u00e3o 29:<\/strong>&nbsp;<br \/><strong>Resposta:<\/strong><\/p>\n\n\n\n<p class=\"wp-block-paragraph\"><strong>Quest\u00e3o 30:<\/strong>&nbsp;<br \/><strong>Resposta:<\/strong><\/p>\n\n\n\n<p class=\"wp-block-paragraph\"><strong>Quest\u00e3o 31:<\/strong>&nbsp;<br \/><strong>Resposta:<\/strong><\/p>\n\n\n\n<p class=\"wp-block-paragraph\"><strong>Quest\u00e3o 32:<\/strong>&nbsp;<br \/><strong>Resposta:<\/strong><\/p>\n\n\n\n<p class=\"wp-block-paragraph\"><strong>Quest\u00e3o 33:<\/strong>&nbsp;<br \/><strong>Resposta:<\/strong><\/p>\n\n\n\n<p class=\"wp-block-paragraph\"><strong>Quest\u00e3o 34:<\/strong>&nbsp;<br \/><strong>Resposta:<\/strong><\/p>\n\n\n\n<p class=\"wp-block-paragraph\"><strong>Quest\u00e3o 35:<\/strong>&nbsp;<br \/><strong>Resposta:<\/strong><\/p>\n\n\n\n<p class=\"wp-block-paragraph\"><strong>Quest\u00e3o 36:<\/strong>&nbsp;<br \/><strong>Resposta:<\/strong><\/p>\n\n\n\n<p class=\"wp-block-paragraph\"><strong>Quest\u00e3o 37:<\/strong>&nbsp;<br \/><strong>Resposta:<\/strong><\/p>\n\n\n\n<p class=\"wp-block-paragraph\"><strong>Quest\u00e3o 38:<\/strong>&nbsp;<br \/><strong>Resposta:<\/strong><\/p>\n\n\n\n<p class=\"wp-block-paragraph\"><strong>Quest\u00e3o 39:<\/strong>&nbsp;<br \/><strong>Resposta:<\/strong><\/p>\n\n\n\n<p class=\"wp-block-paragraph\"><strong>Quest\u00e3o 40:<\/strong>&nbsp;<br \/><strong>Resposta:<\/strong><\/p>\n\n\n\n<p class=\"wp-block-paragraph\"><strong>Quest\u00e3o 41:<\/strong>&nbsp;<br \/><strong>Resposta:<\/strong><\/p>\n\n\n\n<p class=\"wp-block-paragraph\"><strong>Quest\u00e3o 42:<\/strong>&nbsp;<br \/><strong>Resposta:<\/strong><\/p>\n\n\n\n<p class=\"wp-block-paragraph\"><strong>Quest\u00e3o 43:<\/strong>&nbsp;<br \/><strong>Resposta:<\/strong><\/p>\n\n\n\n<p class=\"wp-block-paragraph\"><strong>Quest\u00e3o 44:<\/strong>&nbsp;<br \/><strong>Resposta:<\/strong><\/p>\n\n\n\n<p class=\"wp-block-paragraph\"><strong>Quest\u00e3o 45:<\/strong>&nbsp;<br \/><strong>Resposta:<\/strong><\/p>\n\n\n\n<p class=\"wp-block-paragraph\"><strong>Quest\u00e3o 46:<\/strong>&nbsp;<br \/><strong>Resposta:<\/strong><\/p>\n\n\n\n<p class=\"wp-block-paragraph\"><strong>Quest\u00e3o 47:<\/strong>&nbsp;<br \/><strong>Resposta:<\/strong><\/p>\n\n\n\n<p class=\"wp-block-paragraph\"><strong>Quest\u00e3o 48:<\/strong>&nbsp;<br \/><strong>Resposta:<\/strong><\/p>\n\n\n\n<p class=\"wp-block-paragraph\"><strong>Quest\u00e3o 49:<\/strong>&nbsp;<br \/>&nbsp;<strong>Resposta:<\/strong><\/p>\n\n\n\n<p class=\"wp-block-paragraph\"><strong>Quest\u00e3o 50:<\/strong>&nbsp;<br \/>&nbsp;<strong>Resposta:<\/strong><\/p>\n\n\n\n<p class=\"wp-block-paragraph\"><strong>Quest\u00e3o 51:<\/strong>&nbsp;<br \/>&nbsp;<strong>Resposta:<\/strong><\/p>\n\n\n\n<p class=\"wp-block-paragraph\"><strong>Quest\u00e3o 52:<\/strong>&nbsp;<br \/>&nbsp;<strong>Resposta:<\/strong><\/p>\n\n\n\n<p class=\"wp-block-paragraph\"><strong>Quest\u00e3o 53:<\/strong>&nbsp;<br \/>&nbsp;<strong>Resposta:<\/strong><\/p>\n\n\n\n<p class=\"wp-block-paragraph\"><strong>Quest\u00e3o 54:<\/strong>&nbsp;<br \/>&nbsp;<strong>Resposta:<\/strong><\/p>\n\n\n\n<p class=\"wp-block-paragraph\"><strong>Quest\u00e3o 55:<\/strong>&nbsp;<br \/>&nbsp;<strong>Resposta:<\/strong><\/p>\n\n\n\n<p class=\"wp-block-paragraph\"><strong>Quest\u00e3o 56:<\/strong>&nbsp;<br \/>&nbsp;<strong>Resposta:<\/strong><\/p>\n\n\n\n<p class=\"wp-block-paragraph\"><strong>Quest\u00e3o 57:<\/strong>&nbsp;<br \/>&nbsp;<strong>Resposta:<\/strong><\/p>\n\n\n\n<p class=\"wp-block-paragraph\"><strong>Quest\u00e3o 58:<\/strong>&nbsp;<br \/>&nbsp;<strong>Resposta:<\/strong><\/p>\n\n\n\n<p class=\"wp-block-paragraph\"><strong>Quest\u00e3o 59:<\/strong>&nbsp;.<br \/>&nbsp;<strong>Resposta:<\/strong><\/p>\n\n\n\n<p class=\"wp-block-paragraph\"><strong>Quest\u00e3o 60:<\/strong> <br \/>&nbsp;<strong>Resposta:<\/strong><\/p>\n\n\n\n<h2 id=\"ranking\" class=\"wp-block-heading\">Ranking classificat\u00f3rio<\/h2>\n\n\n\n<p class=\"wp-block-paragraph\">O&nbsp;<strong>ranking classificat\u00f3rio&nbsp;<\/strong>\u00e9 uma classifica\u00e7\u00e3o din\u00e2mica que permite aos&nbsp;<strong>candidatos visualizarem suas posi\u00e7\u00f5es<\/strong>&nbsp;comparativas em rela\u00e7\u00e3o a outros concorrentes.<\/p>\n\n\n\n<p class=\"wp-block-paragraph\">Utilizando os dados enviados, o&nbsp;<strong>ranking \u00e9 continuamente atualizado<\/strong>&nbsp;para refletir o desempenho dos inscritos em diferentes cargos.<\/p>\n\n\n\n<figure class=\"wp-block-image aligncenter\"><a href=\"https:\/\/mkt.estrategia.com\/concursos\/ranking-da-coruja\/\" target=\"_blank\" rel=\"noreferrer noopener\"><img loading=\"lazy\" decoding=\"async\" width=\"1024\" height=\"348\" src=\"https:\/\/dhg1h5j42swfq.cloudfront.net\/2026\/02\/06181229\/image-42-1024x348.png\" alt=\"Participe do ranking classificat\u00f3rio \u2013 SEDES DF\" class=\"wp-image-1712068\" srcset=\"https:\/\/dhg1h5j42swfq.cloudfront.net\/2026\/02\/06181229\/image-42-1024x348.png 1024w, https:\/\/dhg1h5j42swfq.cloudfront.net\/2026\/02\/06181229\/image-42-300x102.png 300w, https:\/\/dhg1h5j42swfq.cloudfront.net\/2026\/02\/06181229\/image-42-768x261.png 768w, https:\/\/dhg1h5j42swfq.cloudfront.net\/2026\/02\/06181229\/image-42-1536x521.png 1536w, https:\/\/dhg1h5j42swfq.cloudfront.net\/2026\/02\/06181229\/image-42-150x51.png 150w, https:\/\/dhg1h5j42swfq.cloudfront.net\/2026\/02\/06181229\/image-42.png 1788w\" sizes=\"auto, (max-width: 1024px) 100vw, 1024px\" \/><\/a><figcaption class=\"wp-element-caption\">Participe do ranking classificat\u00f3rio \u2013 SEDES DF<\/figcaption><\/figure>\n\n\n\n<h3 id=\"h-como-funciona-o-ranking-classificatorio-para-o-concurso-policia-penal-rs\" class=\"wp-block-heading\">Como funciona o ranking classificat\u00f3rio para o Concurso Pol\u00edcia Penal RS?<\/h3>\n\n\n\n<p class=\"wp-block-paragraph\"><strong>Passo 1:<\/strong>&nbsp;Basta clicar no bot\u00e3o para fazer seu login na plataforma do Estrat\u00e9gia Concursos (ou cadastro, caso nunca tenha usado a \u00e1rea do aluno do EC).<\/p>\n\n\n\n<p class=\"wp-block-paragraph\"><strong>Passo 2:<\/strong>&nbsp;Voc\u00ea ser\u00e1 direcionado para a p\u00e1gina com todos os Rankings.<\/p>\n\n\n\n<p class=\"wp-block-paragraph\"><strong>Passo 3:<\/strong>&nbsp;Clique no bot\u00e3o participar, preencha as suas respostas e depois salve para ver sua classifica\u00e7\u00e3o em rela\u00e7\u00e3o aos outros candidatos.<\/p>\n\n\n\n<p class=\"has-text-align-center has-very-light-gray-to-cyan-bluish-gray-gradient-background has-background wp-block-paragraph\"><strong><a href=\"https:\/\/mkt.estrategia.com\/concursos\/ranking-da-coruja\/\" target=\"_blank\" rel=\"noreferrer noopener\">QUERO VER MEU RESULTADO DO CONCURSO SEDES DF<\/a><\/strong><\/p>\n\n\n\n<p class=\"wp-block-paragraph\">Essa ferramenta n\u00e3o s\u00f3 facilita a visualiza\u00e7\u00e3o do desempenho atual, mas tamb\u00e9m promove uma prepara\u00e7\u00e3o mais focada e eficiente.<\/p>\n\n\n\n<p class=\"wp-block-paragraph\">Com essa inova\u00e7\u00e3o, os candidatos t\u00eam \u00e0 disposi\u00e7\u00e3o, a partir de agora, um recurso poderoso para atingirem seus objetivos e se destacarem nas sele\u00e7\u00f5es.<\/p>\n\n\n\n<hr class=\"wp-block-separator has-alpha-channel-opacity is-style-dots\"\/>\n\n\n\n<p class=\"has-text-align-center wp-block-paragraph\"><em>Para ficar por dentro de todas as informa\u00e7\u00f5es sobre o Concurso Sedes DF, al\u00e9m do gabarito extraoficial da prova para Agente Social, n\u00e3o deixe de conferir nosso artigo completo sobre a sele\u00e7\u00e3o:<\/em><\/p>\n\n\n\n<p class=\"has-text-align-center has-very-light-gray-to-cyan-bluish-gray-gradient-background has-background has-medium-font-size wp-block-paragraph\"><strong>Saiba mais: <a href=\"https:\/\/www.estrategiaconcursos.com.br\/blog\/concurso-sedes-df\/\" target=\"_blank\" rel=\"noreferrer noopener\">Concurso Sedes DF<\/a><\/strong><\/p>\n\n\n\n<hr class=\"wp-block-separator has-alpha-channel-opacity\"\/>\n\n\n\n<h2 class=\"wp-block-heading has-text-align-center\" id=\"cursos-e-assinaturas\">Quer estudar para concursos?<\/h2>\n\n\n\n<div class=\"container\" id=\"boxes\">\n  <div class=\"row\">\n\n    <div class=\"col-sm\">\n      <div class=\"estrategia\" id=\"box-assinatura\">\n        <h3 class=\"titulo-assinatura\">Assinatura de Concursos<\/h3>\n        <p class=\"subtitulo-assinatura\">Assinatura de 1 ano ou 2 anos<\/p>\n        <div class=\"box-botao\">\n          <a class=\"btn-assinatura\" target=\"_blank\" href=\"https:\/\/www.estrategiaconcursos.com.br\/blog\/assinaturas\/\" role=\"button\" rel=\"noopener noreferrer\">ASSINE AGORA<\/a>\n        <\/div>\n      <\/div><\/div><\/div><\/div>\n\n\n\n<h2 class=\"wp-block-heading has-text-align-center\" id=\"cursos\">Quer saber tudo sobre concursos previstos?  Confira nossos artigos!<\/h2>\n\n\n\n<ul class=\"wp-block-list\">\n<li><a href=\"https:\/\/www.estrategiaconcursos.com.br\/blog\/concursos-abertos\/\">Concursos Abertos<\/a><\/li>\n\n\n\n<li><a href=\"https:\/\/www.estrategiaconcursos.com.br\/blog\/concursos-2026\/\" target=\"_blank\" rel=\"noreferrer noopener\">Concursos 2026<\/a><\/li>\n\n\n\n<li><a href=\"https:\/\/www.estrategiaconcursos.com.br\/blog\/concursos-2027\/\" target=\"_blank\" rel=\"noreferrer noopener\">Concursos 2027<\/a><\/li>\n<\/ul>\n","protected":false},"excerpt":{"rendered":"<p>Acontecem neste domingo (06) as provas do concurso da Secretaria de Desenvolvimento Social do Distrito Federal\u00a0(Sedes DF) para a especialidade de Agente Social Assim, o nosso time de professores estar\u00e1 ao seu lado durante essa etapa t\u00e3o importante, realizando a corre\u00e7\u00e3o da prova AO VIVO a partir das 19h, em nosso canal do Youtube! A [&hellip;]<\/p>\n","protected":false},"author":656,"featured_media":1805381,"comment_status":"open","ping_status":"closed","sticky":false,"template":"","format":"standard","meta":{"_acf_changed":false,"post_tipo":"news","footnotes":""},"categories":[214992,1981,220219],"tags":[],"tax_estado":[219970],"class_list":["post-1806057","post","type-post","status-publish","format-standard","has-post-thumbnail","hentry","category-concursos-administrativos","category-saude","category-noticias","tax_estado-df"],"acf":[],"yoast_head":"<!-- This site is optimized with the Yoast SEO Premium plugin v28.1 (Yoast SEO v28.1) - https:\/\/yoast.com\/product\/yoast-seo-premium-wordpress\/ -->\n<title>Gabarito Extraoficial Sedes DF - Agente Social; confira!<\/title>\n<meta name=\"description\" content=\"Gabarito Extraoficial Sedes DF - Agente Social: confira a corre\u00e7\u00e3o AO VIVO das provas. A transmiss\u00e3o ser\u00e1 a partir das 19h.\" \/>\n<meta name=\"robots\" content=\"index, follow, max-snippet:-1, max-image-preview:large, max-video-preview:-1\" \/>\n<link rel=\"canonical\" href=\"https:\/\/www.estrategiaconcursos.com.br\/blog\/gabarito-extraoficial-sedes-df-agente-social\/\" \/>\n<meta property=\"og:locale\" content=\"pt_BR\" \/>\n<meta property=\"og:type\" content=\"article\" \/>\n<meta property=\"og:title\" content=\"Gabarito Extraoficial Sedes DF - Agente Social; confira!\" \/>\n<meta property=\"og:description\" content=\"Gabarito Extraoficial Sedes DF - Agente Social: confira a corre\u00e7\u00e3o AO VIVO das provas. A transmiss\u00e3o ser\u00e1 a partir das 19h.\" \/>\n<meta property=\"og:url\" content=\"https:\/\/www.estrategiaconcursos.com.br\/blog\/gabarito-extraoficial-sedes-df-agente-social\/\" \/>\n<meta property=\"og:site_name\" content=\"Estrat\u00e9gia Concursos\" \/>\n<meta property=\"article:published_time\" content=\"2026-09-05T16:10:00+00:00\" \/>\n<meta property=\"og:image\" content=\"https:\/\/dhg1h5j42swfq.cloudfront.net\/2026\/09\/02143621\/sedes-df.jpeg\" \/>\n\t<meta property=\"og:image:width\" content=\"768\" \/>\n\t<meta property=\"og:image:height\" content=\"432\" \/>\n\t<meta property=\"og:image:type\" content=\"image\/jpeg\" \/>\n<meta name=\"author\" content=\"F\u00e1bio Scaldelai\" \/>\n<meta name=\"twitter:card\" content=\"summary_large_image\" \/>\n<meta name=\"twitter:creator\" content=\"@EstratConcursos\" \/>\n<meta name=\"twitter:site\" content=\"@EstratConcursos\" \/>\n<meta name=\"twitter:label1\" content=\"Escrito por\" \/>\n\t<meta name=\"twitter:data1\" content=\"F\u00e1bio Scaldelai\" \/>\n\t<meta name=\"twitter:label2\" content=\"Est. tempo de leitura\" \/>\n\t<meta name=\"twitter:data2\" content=\"3 minutos\" \/>\n<script type=\"application\/ld+json\" class=\"yoast-schema-graph\">{\"@context\":\"https:\\\/\\\/schema.org\",\"@graph\":[{\"@type\":\"NewsArticle\",\"@id\":\"https:\\\/\\\/www.estrategiaconcursos.com.br\\\/blog\\\/gabarito-extraoficial-sedes-df-agente-social\\\/#article\",\"isPartOf\":{\"@id\":\"https:\\\/\\\/www.estrategiaconcursos.com.br\\\/blog\\\/gabarito-extraoficial-sedes-df-agente-social\\\/\"},\"author\":{\"name\":\"F\u00e1bio Scaldelai\",\"@id\":\"https:\\\/\\\/blog-estrategia.mystagingwebsite.com\\\/#\\\/schema\\\/person\\\/e3b6b7ce0192dd4ad270655969d61750\"},\"headline\":\"Gabarito Extraoficial Sedes DF &#8211; Agente Social; confira!\",\"datePublished\":\"2026-09-05T16:10:00+00:00\",\"mainEntityOfPage\":{\"@id\":\"https:\\\/\\\/www.estrategiaconcursos.com.br\\\/blog\\\/gabarito-extraoficial-sedes-df-agente-social\\\/\"},\"wordCount\":665,\"commentCount\":0,\"publisher\":{\"@id\":\"https:\\\/\\\/blog-estrategia.mystagingwebsite.com\\\/#organization\"},\"image\":{\"@id\":\"https:\\\/\\\/www.estrategiaconcursos.com.br\\\/blog\\\/gabarito-extraoficial-sedes-df-agente-social\\\/#primaryimage\"},\"thumbnailUrl\":\"https:\\\/\\\/dhg1h5j42swfq.cloudfront.net\\\/2026\\\/09\\\/02143621\\\/sedes-df.jpeg\",\"articleSection\":[\"Executivo (Administrativa)\",\"Sa\u00fade\",\"\u00daltimas not\u00edcias\"],\"inLanguage\":\"pt-BR\",\"potentialAction\":[{\"@type\":\"CommentAction\",\"name\":\"Comment\",\"target\":[\"https:\\\/\\\/www.estrategiaconcursos.com.br\\\/blog\\\/gabarito-extraoficial-sedes-df-agente-social\\\/#respond\"]}],\"copyrightYear\":\"2026\",\"copyrightHolder\":{\"@id\":\"https:\\\/\\\/www.estrategiaconcursos.com.br\\\/blog\\\/#organization\"}},{\"@type\":\"WebPage\",\"@id\":\"https:\\\/\\\/www.estrategiaconcursos.com.br\\\/blog\\\/gabarito-extraoficial-sedes-df-agente-social\\\/\",\"url\":\"https:\\\/\\\/www.estrategiaconcursos.com.br\\\/blog\\\/gabarito-extraoficial-sedes-df-agente-social\\\/\",\"name\":\"Gabarito Extraoficial Sedes DF - Agente Social; confira!\",\"isPartOf\":{\"@id\":\"https:\\\/\\\/blog-estrategia.mystagingwebsite.com\\\/#website\"},\"primaryImageOfPage\":{\"@id\":\"https:\\\/\\\/www.estrategiaconcursos.com.br\\\/blog\\\/gabarito-extraoficial-sedes-df-agente-social\\\/#primaryimage\"},\"image\":{\"@id\":\"https:\\\/\\\/www.estrategiaconcursos.com.br\\\/blog\\\/gabarito-extraoficial-sedes-df-agente-social\\\/#primaryimage\"},\"thumbnailUrl\":\"https:\\\/\\\/dhg1h5j42swfq.cloudfront.net\\\/2026\\\/09\\\/02143621\\\/sedes-df.jpeg\",\"datePublished\":\"2026-09-05T16:10:00+00:00\",\"description\":\"Gabarito Extraoficial Sedes DF - Agente Social: confira a corre\u00e7\u00e3o AO VIVO das provas. A transmiss\u00e3o ser\u00e1 a partir das 19h.\",\"breadcrumb\":{\"@id\":\"https:\\\/\\\/www.estrategiaconcursos.com.br\\\/blog\\\/gabarito-extraoficial-sedes-df-agente-social\\\/#breadcrumb\"},\"inLanguage\":\"pt-BR\",\"potentialAction\":[{\"@type\":\"ReadAction\",\"target\":[\"https:\\\/\\\/www.estrategiaconcursos.com.br\\\/blog\\\/gabarito-extraoficial-sedes-df-agente-social\\\/\"]}]},{\"@type\":\"ImageObject\",\"inLanguage\":\"pt-BR\",\"@id\":\"https:\\\/\\\/www.estrategiaconcursos.com.br\\\/blog\\\/gabarito-extraoficial-sedes-df-agente-social\\\/#primaryimage\",\"url\":\"https:\\\/\\\/dhg1h5j42swfq.cloudfront.net\\\/2026\\\/09\\\/02143621\\\/sedes-df.jpeg\",\"contentUrl\":\"https:\\\/\\\/dhg1h5j42swfq.cloudfront.net\\\/2026\\\/09\\\/02143621\\\/sedes-df.jpeg\",\"width\":768,\"height\":432,\"caption\":\"Concurso SEDES DF inscritos\"},{\"@type\":\"BreadcrumbList\",\"@id\":\"https:\\\/\\\/www.estrategiaconcursos.com.br\\\/blog\\\/gabarito-extraoficial-sedes-df-agente-social\\\/#breadcrumb\",\"itemListElement\":[{\"@type\":\"ListItem\",\"position\":1,\"name\":\"In\u00edcio\",\"item\":\"https:\\\/\\\/blog-estrategia.mystagingwebsite.com\\\/\"},{\"@type\":\"ListItem\",\"position\":2,\"name\":\"Gabarito Extraoficial Sedes DF &#8211; Agente Social; confira!\"}]},{\"@type\":\"WebSite\",\"@id\":\"https:\\\/\\\/blog-estrategia.mystagingwebsite.com\\\/#website\",\"url\":\"https:\\\/\\\/blog-estrategia.mystagingwebsite.com\\\/\",\"name\":\"Estrat\u00e9gia Concursos\",\"description\":\"O blog da Estrat\u00e9gia Concursos traz not\u00edcias sobre concursos e artigos de professores oferecendo cursos para concursos (pdf + videaulas) no site.\",\"publisher\":{\"@id\":\"https:\\\/\\\/blog-estrategia.mystagingwebsite.com\\\/#organization\"},\"potentialAction\":[{\"@type\":\"SearchAction\",\"target\":{\"@type\":\"EntryPoint\",\"urlTemplate\":\"https:\\\/\\\/blog-estrategia.mystagingwebsite.com\\\/?s={search_term_string}\"},\"query-input\":{\"@type\":\"PropertyValueSpecification\",\"valueRequired\":true,\"valueName\":\"search_term_string\"}}],\"inLanguage\":\"pt-BR\"},{\"@type\":\"Organization\",\"@id\":\"https:\\\/\\\/blog-estrategia.mystagingwebsite.com\\\/#organization\",\"name\":\"Estrat\u00e9gia Concursos\",\"url\":\"https:\\\/\\\/blog-estrategia.mystagingwebsite.com\\\/\",\"logo\":{\"@type\":\"ImageObject\",\"inLanguage\":\"pt-BR\",\"@id\":\"https:\\\/\\\/blog-estrategia.mystagingwebsite.com\\\/#\\\/schema\\\/logo\\\/image\\\/\",\"url\":\"https:\\\/\\\/dhg1h5j42swfq.cloudfront.net\\\/2025\\\/06\\\/03203428\\\/logo_concursos-1.jpg\",\"contentUrl\":\"https:\\\/\\\/dhg1h5j42swfq.cloudfront.net\\\/2025\\\/06\\\/03203428\\\/logo_concursos-1.jpg\",\"width\":230,\"height\":60,\"caption\":\"Estrat\u00e9gia Concursos\"},\"image\":{\"@id\":\"https:\\\/\\\/blog-estrategia.mystagingwebsite.com\\\/#\\\/schema\\\/logo\\\/image\\\/\"},\"sameAs\":[\"https:\\\/\\\/x.com\\\/EstratConcursos\"]},{\"@type\":\"Person\",\"@id\":\"https:\\\/\\\/blog-estrategia.mystagingwebsite.com\\\/#\\\/schema\\\/person\\\/e3b6b7ce0192dd4ad270655969d61750\",\"name\":\"F\u00e1bio Scaldelai\",\"image\":{\"@type\":\"ImageObject\",\"inLanguage\":\"pt-BR\",\"@id\":\"https:\\\/\\\/secure.gravatar.com\\\/avatar\\\/8ed7492c4d88d8495bc0cb24cda6847b8ae23eec459a919e08e77d0ca0fd79ec?s=96&d=mm&r=g\",\"url\":\"https:\\\/\\\/secure.gravatar.com\\\/avatar\\\/8ed7492c4d88d8495bc0cb24cda6847b8ae23eec459a919e08e77d0ca0fd79ec?s=96&d=mm&r=g\",\"contentUrl\":\"https:\\\/\\\/secure.gravatar.com\\\/avatar\\\/8ed7492c4d88d8495bc0cb24cda6847b8ae23eec459a919e08e77d0ca0fd79ec?s=96&d=mm&r=g\",\"caption\":\"F\u00e1bio Scaldelai\"},\"description\":\"Jornalista no Estrat\u00e9gia Concursos e Produtor de Televis\u00e3o, formado em Jornalismo, R\u00e1dio e TV pela Faculdade Integrada Rio Branco, com especializa\u00e7\u00f5es em Gest\u00e3o Empresarial e Marketing pelo M\u00f3dulo. Atuou como produtor no SBT, TV Bandeirantes e R\u00e1dio Band FM, al\u00e9m de acumular tr\u00eas anos de experi\u00eancia no setor de concursos p\u00fablicos pela LFG (Luiz Fl\u00e1vio Gomes). No Estrat\u00e9gia Concursos, atua na apura\u00e7\u00e3o de not\u00edcias da \u00e1rea fiscal, al\u00e9m de coberturas sobre concursos das \u00e1reas de controle (TCU, TCE, etc), concurso AFT, \u00e1rea de gest\u00e3o e administrativa, bem como dos \u00f3rg\u00e3os participantes do CNU. Tamb\u00e9m possui experi\u00eancia em link building e an\u00e1lise de m\u00eddia, adquirida durante sua atua\u00e7\u00e3o na ag\u00eancia SEO Marketing.\",\"url\":\"https:\\\/\\\/www.estrategiaconcursos.com.br\\\/blog\\\/author\\\/fabio-scaldelaiestrategiaconcursos-com-br\\\/\"}]}<\/script>\n<!-- \/ Yoast SEO Premium plugin. -->","yoast_head_json":{"title":"Gabarito Extraoficial Sedes DF - Agente Social; confira!","description":"Gabarito Extraoficial Sedes DF - Agente Social: confira a corre\u00e7\u00e3o AO VIVO das provas. A transmiss\u00e3o ser\u00e1 a partir das 19h.","robots":{"index":"index","follow":"follow","max-snippet":"max-snippet:-1","max-image-preview":"max-image-preview:large","max-video-preview":"max-video-preview:-1"},"canonical":"https:\/\/www.estrategiaconcursos.com.br\/blog\/gabarito-extraoficial-sedes-df-agente-social\/","og_locale":"pt_BR","og_type":"article","og_title":"Gabarito Extraoficial Sedes DF - Agente Social; confira!","og_description":"Gabarito Extraoficial Sedes DF - Agente Social: confira a corre\u00e7\u00e3o AO VIVO das provas. A transmiss\u00e3o ser\u00e1 a partir das 19h.","og_url":"https:\/\/www.estrategiaconcursos.com.br\/blog\/gabarito-extraoficial-sedes-df-agente-social\/","og_site_name":"Estrat\u00e9gia Concursos","article_published_time":"2026-09-05T16:10:00+00:00","og_image":[{"width":768,"height":432,"url":"https:\/\/dhg1h5j42swfq.cloudfront.net\/2026\/09\/02143621\/sedes-df.jpeg","type":"image\/jpeg"}],"author":"F\u00e1bio Scaldelai","twitter_card":"summary_large_image","twitter_creator":"@EstratConcursos","twitter_site":"@EstratConcursos","twitter_misc":{"Escrito por":"F\u00e1bio Scaldelai","Est. tempo de leitura":"3 minutos"},"schema":{"@context":"https:\/\/schema.org","@graph":[{"@type":"NewsArticle","@id":"https:\/\/www.estrategiaconcursos.com.br\/blog\/gabarito-extraoficial-sedes-df-agente-social\/#article","isPartOf":{"@id":"https:\/\/www.estrategiaconcursos.com.br\/blog\/gabarito-extraoficial-sedes-df-agente-social\/"},"author":{"name":"F\u00e1bio Scaldelai","@id":"https:\/\/blog-estrategia.mystagingwebsite.com\/#\/schema\/person\/e3b6b7ce0192dd4ad270655969d61750"},"headline":"Gabarito Extraoficial Sedes DF &#8211; Agente Social; confira!","datePublished":"2026-09-05T16:10:00+00:00","mainEntityOfPage":{"@id":"https:\/\/www.estrategiaconcursos.com.br\/blog\/gabarito-extraoficial-sedes-df-agente-social\/"},"wordCount":665,"commentCount":0,"publisher":{"@id":"https:\/\/blog-estrategia.mystagingwebsite.com\/#organization"},"image":{"@id":"https:\/\/www.estrategiaconcursos.com.br\/blog\/gabarito-extraoficial-sedes-df-agente-social\/#primaryimage"},"thumbnailUrl":"https:\/\/dhg1h5j42swfq.cloudfront.net\/2026\/09\/02143621\/sedes-df.jpeg","articleSection":["Executivo (Administrativa)","Sa\u00fade","\u00daltimas not\u00edcias"],"inLanguage":"pt-BR","potentialAction":[{"@type":"CommentAction","name":"Comment","target":["https:\/\/www.estrategiaconcursos.com.br\/blog\/gabarito-extraoficial-sedes-df-agente-social\/#respond"]}],"copyrightYear":"2026","copyrightHolder":{"@id":"https:\/\/www.estrategiaconcursos.com.br\/blog\/#organization"}},{"@type":"WebPage","@id":"https:\/\/www.estrategiaconcursos.com.br\/blog\/gabarito-extraoficial-sedes-df-agente-social\/","url":"https:\/\/www.estrategiaconcursos.com.br\/blog\/gabarito-extraoficial-sedes-df-agente-social\/","name":"Gabarito Extraoficial Sedes DF - Agente Social; confira!","isPartOf":{"@id":"https:\/\/blog-estrategia.mystagingwebsite.com\/#website"},"primaryImageOfPage":{"@id":"https:\/\/www.estrategiaconcursos.com.br\/blog\/gabarito-extraoficial-sedes-df-agente-social\/#primaryimage"},"image":{"@id":"https:\/\/www.estrategiaconcursos.com.br\/blog\/gabarito-extraoficial-sedes-df-agente-social\/#primaryimage"},"thumbnailUrl":"https:\/\/dhg1h5j42swfq.cloudfront.net\/2026\/09\/02143621\/sedes-df.jpeg","datePublished":"2026-09-05T16:10:00+00:00","description":"Gabarito Extraoficial Sedes DF - Agente Social: confira a corre\u00e7\u00e3o AO VIVO das provas. A transmiss\u00e3o ser\u00e1 a partir das 19h.","breadcrumb":{"@id":"https:\/\/www.estrategiaconcursos.com.br\/blog\/gabarito-extraoficial-sedes-df-agente-social\/#breadcrumb"},"inLanguage":"pt-BR","potentialAction":[{"@type":"ReadAction","target":["https:\/\/www.estrategiaconcursos.com.br\/blog\/gabarito-extraoficial-sedes-df-agente-social\/"]}]},{"@type":"ImageObject","inLanguage":"pt-BR","@id":"https:\/\/www.estrategiaconcursos.com.br\/blog\/gabarito-extraoficial-sedes-df-agente-social\/#primaryimage","url":"https:\/\/dhg1h5j42swfq.cloudfront.net\/2026\/09\/02143621\/sedes-df.jpeg","contentUrl":"https:\/\/dhg1h5j42swfq.cloudfront.net\/2026\/09\/02143621\/sedes-df.jpeg","width":768,"height":432,"caption":"Concurso SEDES DF inscritos"},{"@type":"BreadcrumbList","@id":"https:\/\/www.estrategiaconcursos.com.br\/blog\/gabarito-extraoficial-sedes-df-agente-social\/#breadcrumb","itemListElement":[{"@type":"ListItem","position":1,"name":"In\u00edcio","item":"https:\/\/blog-estrategia.mystagingwebsite.com\/"},{"@type":"ListItem","position":2,"name":"Gabarito Extraoficial Sedes DF &#8211; Agente Social; confira!"}]},{"@type":"WebSite","@id":"https:\/\/blog-estrategia.mystagingwebsite.com\/#website","url":"https:\/\/blog-estrategia.mystagingwebsite.com\/","name":"Estrat\u00e9gia Concursos","description":"O blog da Estrat\u00e9gia Concursos traz not\u00edcias sobre concursos e artigos de professores oferecendo cursos para concursos (pdf + videaulas) no site.","publisher":{"@id":"https:\/\/blog-estrategia.mystagingwebsite.com\/#organization"},"potentialAction":[{"@type":"SearchAction","target":{"@type":"EntryPoint","urlTemplate":"https:\/\/blog-estrategia.mystagingwebsite.com\/?s={search_term_string}"},"query-input":{"@type":"PropertyValueSpecification","valueRequired":true,"valueName":"search_term_string"}}],"inLanguage":"pt-BR"},{"@type":"Organization","@id":"https:\/\/blog-estrategia.mystagingwebsite.com\/#organization","name":"Estrat\u00e9gia Concursos","url":"https:\/\/blog-estrategia.mystagingwebsite.com\/","logo":{"@type":"ImageObject","inLanguage":"pt-BR","@id":"https:\/\/blog-estrategia.mystagingwebsite.com\/#\/schema\/logo\/image\/","url":"https:\/\/dhg1h5j42swfq.cloudfront.net\/2025\/06\/03203428\/logo_concursos-1.jpg","contentUrl":"https:\/\/dhg1h5j42swfq.cloudfront.net\/2025\/06\/03203428\/logo_concursos-1.jpg","width":230,"height":60,"caption":"Estrat\u00e9gia Concursos"},"image":{"@id":"https:\/\/blog-estrategia.mystagingwebsite.com\/#\/schema\/logo\/image\/"},"sameAs":["https:\/\/x.com\/EstratConcursos"]},{"@type":"Person","@id":"https:\/\/blog-estrategia.mystagingwebsite.com\/#\/schema\/person\/e3b6b7ce0192dd4ad270655969d61750","name":"F\u00e1bio Scaldelai","image":{"@type":"ImageObject","inLanguage":"pt-BR","@id":"https:\/\/secure.gravatar.com\/avatar\/8ed7492c4d88d8495bc0cb24cda6847b8ae23eec459a919e08e77d0ca0fd79ec?s=96&d=mm&r=g","url":"https:\/\/secure.gravatar.com\/avatar\/8ed7492c4d88d8495bc0cb24cda6847b8ae23eec459a919e08e77d0ca0fd79ec?s=96&d=mm&r=g","contentUrl":"https:\/\/secure.gravatar.com\/avatar\/8ed7492c4d88d8495bc0cb24cda6847b8ae23eec459a919e08e77d0ca0fd79ec?s=96&d=mm&r=g","caption":"F\u00e1bio Scaldelai"},"description":"Jornalista no Estrat\u00e9gia Concursos e Produtor de Televis\u00e3o, formado em Jornalismo, R\u00e1dio e TV pela Faculdade Integrada Rio Branco, com especializa\u00e7\u00f5es em Gest\u00e3o Empresarial e Marketing pelo M\u00f3dulo. Atuou como produtor no SBT, TV Bandeirantes e R\u00e1dio Band FM, al\u00e9m de acumular tr\u00eas anos de experi\u00eancia no setor de concursos p\u00fablicos pela LFG (Luiz Fl\u00e1vio Gomes). No Estrat\u00e9gia Concursos, atua na apura\u00e7\u00e3o de not\u00edcias da \u00e1rea fiscal, al\u00e9m de coberturas sobre concursos das \u00e1reas de controle (TCU, TCE, etc), concurso AFT, \u00e1rea de gest\u00e3o e administrativa, bem como dos \u00f3rg\u00e3os participantes do CNU. Tamb\u00e9m possui experi\u00eancia em link building e an\u00e1lise de m\u00eddia, adquirida durante sua atua\u00e7\u00e3o na ag\u00eancia SEO Marketing.","url":"https:\/\/www.estrategiaconcursos.com.br\/blog\/author\/fabio-scaldelaiestrategiaconcursos-com-br\/"}]}},"_links":{"self":[{"href":"https:\/\/www.estrategiaconcursos.com.br\/blog\/wp-json\/wp\/v2\/posts\/1806057","targetHints":{"allow":["GET"]}}],"collection":[{"href":"https:\/\/www.estrategiaconcursos.com.br\/blog\/wp-json\/wp\/v2\/posts"}],"about":[{"href":"https:\/\/www.estrategiaconcursos.com.br\/blog\/wp-json\/wp\/v2\/types\/post"}],"author":[{"embeddable":true,"href":"https:\/\/www.estrategiaconcursos.com.br\/blog\/wp-json\/wp\/v2\/users\/656"}],"replies":[{"embeddable":true,"href":"https:\/\/www.estrategiaconcursos.com.br\/blog\/wp-json\/wp\/v2\/comments?post=1806057"}],"version-history":[{"count":1,"href":"https:\/\/www.estrategiaconcursos.com.br\/blog\/wp-json\/wp\/v2\/posts\/1806057\/revisions"}],"predecessor-version":[{"id":1806060,"href":"https:\/\/www.estrategiaconcursos.com.br\/blog\/wp-json\/wp\/v2\/posts\/1806057\/revisions\/1806060"}],"wp:featuredmedia":[{"embeddable":true,"href":"https:\/\/www.estrategiaconcursos.com.br\/blog\/wp-json\/wp\/v2\/media\/1805381"}],"wp:attachment":[{"href":"https:\/\/www.estrategiaconcursos.com.br\/blog\/wp-json\/wp\/v2\/media?parent=1806057"}],"wp:term":[{"taxonomy":"category","embeddable":true,"href":"https:\/\/www.estrategiaconcursos.com.br\/blog\/wp-json\/wp\/v2\/categories?post=1806057"},{"taxonomy":"post_tag","embeddable":true,"href":"https:\/\/www.estrategiaconcursos.com.br\/blog\/wp-json\/wp\/v2\/tags?post=1806057"},{"taxonomy":"tax_estado","embeddable":true,"href":"https:\/\/www.estrategiaconcursos.com.br\/blog\/wp-json\/wp\/v2\/tax_estado?post=1806057"}],"curies":[{"name":"wp","href":"https:\/\/api.w.org\/{rel}","templated":true}]}}