{"id":1805844,"date":"2026-09-04T07:21:08","date_gmt":"2026-09-04T10:21:08","guid":{"rendered":"https:\/\/www.estrategiaconcursos.com.br\/blog\/?p=1805844"},"modified":"2026-09-04T07:21:10","modified_gmt":"2026-09-04T10:21:10","slug":"concursos-pm-e-cbm-pe-saiu-o-termo-de-referencia","status":"publish","type":"post","link":"https:\/\/www.estrategiaconcursos.com.br\/blog\/concursos-pm-e-cbm-pe-saiu-o-termo-de-referencia\/","title":{"rendered":"Concursos PM e CBM PE: saiu o termo de refer\u00eancia"},"content":{"rendered":"\n<p class=\"wp-block-paragraph\"><strong><em>Concurso PM PE e Bombeiros PE TR prev\u00ea 1.890 vagas e sal\u00e1rios de at\u00e9 R$ 12,9 mil <\/em><\/strong><\/p>\n\n\n\n<p class=\"wp-block-paragraph\">O Governo de Pernambuco avan\u00e7ou nos preparativos para os novos concursos da <strong>Pol\u00edcia Militar de Pernambuco (PM PE) e do Corpo de Bombeiros Militar de Pernambuco (CBMPE)<\/strong>. <\/p>\n\n\n\n<p class=\"wp-block-paragraph\">O <a href=\"https:\/\/dhg1h5j42swfq.cloudfront.net\/2026\/09\/04071818\/tr_concurso_pm.pdf\" target=\"_blank\" rel=\"noreferrer noopener\">Termo de Refer\u00eancia<\/a> prev\u00ea a oferta de<strong> 1.890 vagas <\/strong>para ingresso nas duas corpora\u00e7\u00f5es, distribu\u00eddas entre cargos de pra\u00e7as e oficiais.<\/p>\n\n\n\n<p class=\"wp-block-paragraph\">Do total, <strong>1.320 oportunidades s\u00e3o destinadas \u00e0 Pol\u00edcia Militar<\/strong>, enquanto<strong> 570 vagas ser\u00e3o para o Corpo de Bombeiros<\/strong>. A sele\u00e7\u00e3o contempla cargos de diferentes forma\u00e7\u00f5es e n\u00edveis de escolaridade, com remunera\u00e7\u00f5es que chegam a<strong> R$ 12.937,33 para os cargos de oficiais.<\/strong><\/p>\n\n\n\n<div class=\"container\" id=\"boxes\">\r\n  <div class=\"row\">\r\n\r\n    <div class=\"col-sm\">\r\n      <div class=\"banner-policia-militar\" id=\"box-assinatura\">\r\n        <h3 class=\"titulo-assinatura\">Carreiras Policiais<\/h3>\r\n        <p class=\"subtitulo-assinatura\">Prepara\u00e7\u00e3o garantida para o seu sucesso! \u2b50<\/p>\r\n        <div class=\"box-botao\">\r\n          <a class=\"btn-assinatura\" target=\"_blank\" href=\"https:\/\/www.estrategiaconcursos.com.br\/cursosPorConcurso\/cursos-para-concursos-policiais\/\" role=\"button\" rel=\"noopener noreferrer\">INICIAR JORNADA<\/a>\r\n        <\/div>\r\n      <\/div>\r\n     \r\n\r\n  <\/div>\r\n<\/div><\/div>\n\n\n\n<h3 id=\"h-concurso-pm-pe-1-320-vagas\" class=\"wp-block-heading\">Concurso PM PE: 1.320 vagas<\/h3>\n\n\n\n<p class=\"wp-block-paragraph\">Para a Pol\u00edcia Militar de Pernambuco, est\u00e3o previstas<strong> 1.320 vagas. O maior n\u00famero \u00e9 para o cargo de Soldado, com 1.250 oportunidades.<\/strong><\/p>\n\n\n\n<p class=\"wp-block-paragraph\">Tamb\u00e9m est\u00e3o previstas 70 vagas para oficiais, distribu\u00eddas entre diferentes quadros:<\/p>\n\n\n\n<ul class=\"wp-block-list\">\n<li>Soldado QPMG: 1.250 vagas;<\/li>\n\n\n\n<li>Segundo Tenente QOPM: 40 vagas;<\/li>\n\n\n\n<li>Segundo Tenente QOM: 20 vagas;<\/li>\n\n\n\n<li>Segundo Tenente QOD: 10 vagas.<\/li>\n<\/ul>\n\n\n\n<p class=\"wp-block-paragraph\">O soldo previsto para <strong>Soldado <\/strong>\u00e9 de <strong>R$ 5.617,92<\/strong>. J\u00e1 os cargos de <strong>Segundo Tenente contam com soldo de R$ 12.937,33.<\/strong><\/p>\n\n\n\n<p class=\"wp-block-paragraph\">Para o cargo de Soldado, o Termo de Refer\u00eancia estabelece como requisitos ensino m\u00e9dio completo, idade m\u00ednima de 18 anos e m\u00e1xima de 30 anos na data da inscri\u00e7\u00e3o, CNH a partir da categoria B e altura m\u00ednima de 1,65 m para homens e 1,60 m para mulheres.<\/p>\n\n\n\n<p class=\"wp-block-paragraph\">No caso do oficial do QOPM, \u00e9 exigido curso superior em Direito, al\u00e9m dos demais requisitos previstos na legisla\u00e7\u00e3o.<\/p>\n\n\n\n<h2 id=\"h-concurso-bombeiros-pe-570-vagas\" class=\"wp-block-heading\">Concurso Bombeiros PE: 570 vagas<\/h2>\n\n\n\n<p class=\"wp-block-paragraph\">Para o Corpo de Bombeiros Militar de Pernambuco, o Termo de Refer\u00eancia prev\u00ea<strong> 570 vagas.<\/strong><\/p>\n\n\n\n<p class=\"wp-block-paragraph\">S\u00e3o<strong> 510 oportunidades para Soldado<\/strong>, no cargo de Pra\u00e7a do CBMPE, e <strong>60 vagas para Segundo Tenente do Quadro de Oficiais Combatentes (QOC\/BM).<\/strong><\/p>\n\n\n\n<p class=\"wp-block-paragraph\">O soldo previsto para <strong>Soldado \u00e9 de R$ 5.617,92<\/strong>, enquanto o cargo de <strong>Segundo Tenente ter\u00e1 soldo de R$ 12.937,33.<\/strong><\/p>\n\n\n\n<p class=\"wp-block-paragraph\">Para <strong>Soldado<\/strong>, \u00e9 exigido ensino m\u00e9dio completo, idade entre 18 e 30 anos, CNH categoria B e altura m\u00ednima de 1,65 m para homens e 1,60 m para mulheres. Para Oficial Combatente, \u00e9 exigido curso superior em Direito.<\/p>\n\n\n\n<h3 id=\"h-instituto-aocp-sera-responsavel-pela-organizacao\" class=\"wp-block-heading\">Instituto AOCP ser\u00e1 respons\u00e1vel pela organiza\u00e7\u00e3o<\/h3>\n\n\n\n<p class=\"wp-block-paragraph\">O Termo de Refer\u00eancia prev\u00ea a contrata\u00e7\u00e3o do<strong> Instituto AOCP<\/strong> para o planejamento, organiza\u00e7\u00e3o e execu\u00e7\u00e3o dos concursos da PM PE e do CBMPE.<\/p>\n\n\n\n<p class=\"wp-block-paragraph\">A contrata\u00e7\u00e3o foi estruturada por meio de dispensa de licita\u00e7\u00e3o, com fundamento no artigo 75, inciso XV, da Lei Federal n\u00ba 14.133\/2021.<\/p>\n\n\n\n<p class=\"wp-block-paragraph\">O documento estima <strong>69.600 inscri\u00e7\u00f5es para o conjunto dos concursos<\/strong>. Desse total, s\u00e3o esperadas 50 mil inscri\u00e7\u00f5es para Soldado da PM PE, 1 mil para Oficial QOPM, 600 para Oficial QOM, 2 mil para Oficial QOD, 12 mil para Soldado do CBMPE e 4 mil para Oficial do CBMPE.<\/p>\n\n\n\n<h3 id=\"h-etapas-e-provas\" class=\"wp-block-heading\">Etapas e provas<\/h3>\n\n\n\n<p class=\"wp-block-paragraph\">De acordo com o Termo de Refer\u00eancia, a primeira etapa dos concursos ser\u00e1 composta por:<\/p>\n\n\n\n<ul class=\"wp-block-list\">\n<li>provas objetivas e discursivas;<\/li>\n\n\n\n<li>exames m\u00e9dicos;<\/li>\n\n\n\n<li>exame de aptid\u00e3o f\u00edsica;<\/li>\n\n\n\n<li>avalia\u00e7\u00e3o psicol\u00f3gica; e<\/li>\n\n\n\n<li>investiga\u00e7\u00e3o social.<\/li>\n<\/ul>\n\n\n\n<p class=\"wp-block-paragraph\">A prova objetiva ter\u00e1 70 quest\u00f5es de m\u00faltipla escolha, com cinco alternativas cada. O conte\u00fado program\u00e1tico ser\u00e1 definido nos respectivos editais.<\/p>\n\n\n\n<p class=\"wp-block-paragraph\">As provas objetiva e discursiva dever\u00e3o ser realizadas em dois domingos distintos, sendo um destinado \u00e0 PM PE e outro ao CBMPE.<\/p>\n\n\n\n<p class=\"wp-block-paragraph\">Para os exames m\u00e9dicos, ser\u00e3o convocados candidatos em quantidade correspondente a quatro vezes o n\u00famero de vagas, conforme os crit\u00e9rios estabelecidos no documento.<\/p>\n\n\n\n<p class=\"wp-block-paragraph\">O teste de aptid\u00e3o f\u00edsica ter\u00e1 car\u00e1ter eliminat\u00f3rio e ser\u00e1 composto por exerc\u00edcios definidos no edital. A execu\u00e7\u00e3o dos exerc\u00edcios dever\u00e1 ser filmada para registro e comprova\u00e7\u00e3o da realiza\u00e7\u00e3o dos testes.<\/p>\n\n\n\n<p class=\"has-text-align-left wp-block-paragraph\">J\u00e1 a avalia\u00e7\u00e3o psicol\u00f3gica tamb\u00e9m ter\u00e1 car\u00e1ter eliminat\u00f3rio. O Termo de Refer\u00eancia prev\u00ea a utiliza\u00e7\u00e3o de instrumentos espec\u00edficos para verificar os requisitos psicol\u00f3gicos necess\u00e1rios ao desempenho das atribui\u00e7\u00f5es dos cargos.<\/p>\n\n\n\n<p class=\"has-text-align-center wp-block-paragraph\"><em>Para mais informa\u00e7\u00f5es sobre os Concursos PM e CMB PE, al\u00e9m de outros da Seguran\u00e7a PE, acesse os links abaixo:<\/em><\/p>\n\n\n\n<p class=\"has-text-align-center has-cyan-bluish-gray-background-color has-background has-medium-font-size wp-block-paragraph\"><strong>Saiba mais: <a href=\"https:\/\/www.estrategiaconcursos.com.br\/blog\/concurso-pc-pe\/\" target=\"_blank\" rel=\"noreferrer noopener\">PC PE<\/a> | <a href=\"https:\/\/www.estrategiaconcursos.com.br\/blog\/concurso-policia-penal-pe\/\" target=\"_blank\" rel=\"noreferrer noopener\">Pol\u00edcia Penal PE<\/a> | <a href=\"https:\/\/www.estrategiaconcursos.com.br\/blog\/concurso-pm-pe\/\" target=\"_blank\" rel=\"noreferrer noopener\">PM PE<\/a> | <a href=\"https:\/\/www.estrategiaconcursos.com.br\/blog\/concurso-bombeiro-pe\/\" target=\"_blank\" rel=\"noreferrer noopener\">CBM PE<\/a><\/strong><\/p>\n\n\n\n<h2 class=\"wp-block-heading has-text-align-center\" id=\"h-quer-saber-tudo-sobre-concursos-previstos-confira-nossos-artigos\">Quer saber tudo sobre concursos previstos?<br \/>Confira nossos artigos!<\/h2>\n\n\n\n<ul class=\"wp-block-list\">\n<li><a href=\"https:\/\/www.estrategiaconcursos.com.br\/blog\/concursos-abertos\/\" target=\"_blank\" rel=\"noreferrer noopener\">Concursos abertos<\/a><\/li>\n\n\n\n<li><a href=\"https:\/\/www.estrategiaconcursos.com.br\/blog\/concursos-de-policia\/\" target=\"_blank\" rel=\"noreferrer noopener\">Concursos de pol\u00edcia<\/a><\/li>\n\n\n\n<li><a href=\"https:\/\/www.estrategiaconcursos.com.br\/blog\/concursos-2026\/\" target=\"_blank\" rel=\"noreferrer noopener\">Concursos 2026<\/a><\/li>\n\n\n\n<li><a href=\"https:\/\/www.estrategiaconcursos.com.br\/blog\/concursos-2027\/\" target=\"_blank\" rel=\"noreferrer noopener\">Concursos 2027<\/a><\/li>\n<\/ul>\n\n\n\n<div class=\"container\" id=\"boxes\">\n  <div class=\"row\">\n\n    <div class=\"col-sm\">\n      <div class=\"estrategia\" id=\"box-assinatura\">\n        <h3 class=\"titulo-assinatura\">Assinatura Concursos<\/h3>\n        <p class=\"subtitulo-assinatura\">Assinatura de 1 ano ou 2 anos<\/p>\n        <div class=\"box-botao\">\n          <a class=\"btn-assinatura\" target=\"_blank\" href=\"https:\/\/www.estrategiaconcursos.com.br\/blog\/assinaturas\/\" role=\"button\" rel=\"noopener noreferrer\">ASSINE AGORA<\/a>\n        <\/div>\n      <\/div>\n     \n    <\/div><\/div><\/div>\n","protected":false},"excerpt":{"rendered":"<p>Concurso PM PE e Bombeiros PE TR prev\u00ea 1.890 vagas e sal\u00e1rios de at\u00e9 R$ 12,9 mil O Governo de Pernambuco avan\u00e7ou nos preparativos para os novos concursos da Pol\u00edcia Militar de Pernambuco (PM PE) e do Corpo de Bombeiros Militar de Pernambuco (CBMPE). O Termo de Refer\u00eancia prev\u00ea a oferta de 1.890 vagas para [&hellip;]<\/p>\n","protected":false},"author":2018,"featured_media":1805765,"comment_status":"open","ping_status":"closed","sticky":false,"template":"","format":"standard","meta":{"_acf_changed":false,"post_tipo":"news","footnotes":""},"categories":[220186,220187,220219],"tags":[],"tax_estado":[219979],"class_list":["post-1805844","post","type-post","status-publish","format-standard","has-post-thumbnail","hentry","category-policial-oficial","category-policial-pracas","category-noticias","tax_estado-pe"],"acf":[],"yoast_head":"<!-- This site is optimized with the Yoast SEO Premium plugin v28.1 (Yoast SEO v28.1) - https:\/\/yoast.com\/product\/yoast-seo-premium-wordpress\/ -->\n<title>Concursos PM e CBM PE: saiu o termo de refer\u00eancia<\/title>\n<meta name=\"description\" content=\"Saiba tudo sobre os Concursos PM e CBM PE: vagas, sal\u00e1rios e prepara\u00e7\u00e3o para garantir seu sucesso nas sele\u00e7\u00f5es.\" \/>\n<meta name=\"robots\" content=\"index, follow, max-snippet:-1, max-image-preview:large, max-video-preview:-1\" \/>\n<link rel=\"canonical\" href=\"https:\/\/www.estrategiaconcursos.com.br\/blog\/concursos-pm-e-cbm-pe-saiu-o-termo-de-referencia\/\" \/>\n<meta property=\"og:locale\" content=\"pt_BR\" \/>\n<meta property=\"og:type\" content=\"article\" \/>\n<meta property=\"og:title\" content=\"Concursos PM e CBM PE: saiu o termo de refer\u00eancia\" \/>\n<meta property=\"og:description\" content=\"Saiba tudo sobre os Concursos PM e CBM PE: vagas, sal\u00e1rios e prepara\u00e7\u00e3o para garantir seu sucesso nas sele\u00e7\u00f5es.\" \/>\n<meta property=\"og:url\" content=\"https:\/\/www.estrategiaconcursos.com.br\/blog\/concursos-pm-e-cbm-pe-saiu-o-termo-de-referencia\/\" \/>\n<meta property=\"og:site_name\" content=\"Estrat\u00e9gia Concursos\" \/>\n<meta property=\"article:published_time\" content=\"2026-09-04T10:21:08+00:00\" \/>\n<meta property=\"article:modified_time\" content=\"2026-09-04T10:21:10+00:00\" \/>\n<meta property=\"og:image\" content=\"https:\/\/dhg1h5j42swfq.cloudfront.net\/2026\/09\/03190218\/concursos-policiais.jpg\" \/>\n\t<meta property=\"og:image:width\" content=\"768\" \/>\n\t<meta property=\"og:image:height\" content=\"432\" \/>\n\t<meta property=\"og:image:type\" content=\"image\/jpeg\" \/>\n<meta name=\"author\" content=\"B\u00e1rbara Carvalho Santos\" \/>\n<meta name=\"twitter:card\" content=\"summary_large_image\" \/>\n<meta name=\"twitter:creator\" content=\"@EstratConcursos\" \/>\n<meta name=\"twitter:site\" content=\"@EstratConcursos\" \/>\n<meta name=\"twitter:label1\" content=\"Escrito por\" \/>\n\t<meta name=\"twitter:data1\" content=\"B\u00e1rbara Carvalho Santos\" \/>\n\t<meta name=\"twitter:label2\" content=\"Est. tempo de leitura\" \/>\n\t<meta name=\"twitter:data2\" content=\"4 minutos\" \/>\n<script type=\"application\/ld+json\" class=\"yoast-schema-graph\">{\"@context\":\"https:\\\/\\\/schema.org\",\"@graph\":[{\"@type\":\"NewsArticle\",\"@id\":\"https:\\\/\\\/www.estrategiaconcursos.com.br\\\/blog\\\/concursos-pm-e-cbm-pe-saiu-o-termo-de-referencia\\\/#article\",\"isPartOf\":{\"@id\":\"https:\\\/\\\/www.estrategiaconcursos.com.br\\\/blog\\\/concursos-pm-e-cbm-pe-saiu-o-termo-de-referencia\\\/\"},\"author\":{\"name\":\"B\u00e1rbara Carvalho Santos\",\"@id\":\"https:\\\/\\\/blog-estrategia.mystagingwebsite.com\\\/#\\\/schema\\\/person\\\/e3882259fa157d54c44c21f4ee4e0e60\"},\"headline\":\"Concursos PM e CBM PE: saiu o termo de refer\u00eancia\",\"datePublished\":\"2026-09-04T10:21:08+00:00\",\"dateModified\":\"2026-09-04T10:21:10+00:00\",\"mainEntityOfPage\":{\"@id\":\"https:\\\/\\\/www.estrategiaconcursos.com.br\\\/blog\\\/concursos-pm-e-cbm-pe-saiu-o-termo-de-referencia\\\/\"},\"wordCount\":730,\"commentCount\":0,\"publisher\":{\"@id\":\"https:\\\/\\\/blog-estrategia.mystagingwebsite.com\\\/#organization\"},\"image\":{\"@id\":\"https:\\\/\\\/www.estrategiaconcursos.com.br\\\/blog\\\/concursos-pm-e-cbm-pe-saiu-o-termo-de-referencia\\\/#primaryimage\"},\"thumbnailUrl\":\"https:\\\/\\\/dhg1h5j42swfq.cloudfront.net\\\/2026\\\/09\\\/03190218\\\/concursos-policiais.jpg\",\"articleSection\":[\"Policial (PM\\\/BM - Oficial)\",\"Policial (PM\\\/BM - Pra\u00e7as)\",\"\u00daltimas not\u00edcias\"],\"inLanguage\":\"pt-BR\",\"potentialAction\":[{\"@type\":\"CommentAction\",\"name\":\"Comment\",\"target\":[\"https:\\\/\\\/www.estrategiaconcursos.com.br\\\/blog\\\/concursos-pm-e-cbm-pe-saiu-o-termo-de-referencia\\\/#respond\"]}],\"copyrightYear\":\"2026\",\"copyrightHolder\":{\"@id\":\"https:\\\/\\\/www.estrategiaconcursos.com.br\\\/blog\\\/#organization\"}},{\"@type\":\"WebPage\",\"@id\":\"https:\\\/\\\/www.estrategiaconcursos.com.br\\\/blog\\\/concursos-pm-e-cbm-pe-saiu-o-termo-de-referencia\\\/\",\"url\":\"https:\\\/\\\/www.estrategiaconcursos.com.br\\\/blog\\\/concursos-pm-e-cbm-pe-saiu-o-termo-de-referencia\\\/\",\"name\":\"Concursos PM e CBM PE: saiu o termo de refer\u00eancia\",\"isPartOf\":{\"@id\":\"https:\\\/\\\/blog-estrategia.mystagingwebsite.com\\\/#website\"},\"primaryImageOfPage\":{\"@id\":\"https:\\\/\\\/www.estrategiaconcursos.com.br\\\/blog\\\/concursos-pm-e-cbm-pe-saiu-o-termo-de-referencia\\\/#primaryimage\"},\"image\":{\"@id\":\"https:\\\/\\\/www.estrategiaconcursos.com.br\\\/blog\\\/concursos-pm-e-cbm-pe-saiu-o-termo-de-referencia\\\/#primaryimage\"},\"thumbnailUrl\":\"https:\\\/\\\/dhg1h5j42swfq.cloudfront.net\\\/2026\\\/09\\\/03190218\\\/concursos-policiais.jpg\",\"datePublished\":\"2026-09-04T10:21:08+00:00\",\"dateModified\":\"2026-09-04T10:21:10+00:00\",\"description\":\"Saiba tudo sobre os Concursos PM e CBM PE: vagas, sal\u00e1rios e prepara\u00e7\u00e3o para garantir seu sucesso nas sele\u00e7\u00f5es.\",\"breadcrumb\":{\"@id\":\"https:\\\/\\\/www.estrategiaconcursos.com.br\\\/blog\\\/concursos-pm-e-cbm-pe-saiu-o-termo-de-referencia\\\/#breadcrumb\"},\"inLanguage\":\"pt-BR\",\"potentialAction\":[{\"@type\":\"ReadAction\",\"target\":[\"https:\\\/\\\/www.estrategiaconcursos.com.br\\\/blog\\\/concursos-pm-e-cbm-pe-saiu-o-termo-de-referencia\\\/\"]}]},{\"@type\":\"ImageObject\",\"inLanguage\":\"pt-BR\",\"@id\":\"https:\\\/\\\/www.estrategiaconcursos.com.br\\\/blog\\\/concursos-pm-e-cbm-pe-saiu-o-termo-de-referencia\\\/#primaryimage\",\"url\":\"https:\\\/\\\/dhg1h5j42swfq.cloudfront.net\\\/2026\\\/09\\\/03190218\\\/concursos-policiais.jpg\",\"contentUrl\":\"https:\\\/\\\/dhg1h5j42swfq.cloudfront.net\\\/2026\\\/09\\\/03190218\\\/concursos-policiais.jpg\",\"width\":768,\"height\":432,\"caption\":\"concursos policiais\"},{\"@type\":\"BreadcrumbList\",\"@id\":\"https:\\\/\\\/www.estrategiaconcursos.com.br\\\/blog\\\/concursos-pm-e-cbm-pe-saiu-o-termo-de-referencia\\\/#breadcrumb\",\"itemListElement\":[{\"@type\":\"ListItem\",\"position\":1,\"name\":\"In\u00edcio\",\"item\":\"https:\\\/\\\/blog-estrategia.mystagingwebsite.com\\\/\"},{\"@type\":\"ListItem\",\"position\":2,\"name\":\"Concursos PM e CBM PE: saiu o termo de refer\u00eancia\"}]},{\"@type\":\"WebSite\",\"@id\":\"https:\\\/\\\/blog-estrategia.mystagingwebsite.com\\\/#website\",\"url\":\"https:\\\/\\\/blog-estrategia.mystagingwebsite.com\\\/\",\"name\":\"Estrat\u00e9gia Concursos\",\"description\":\"O blog da Estrat\u00e9gia Concursos traz not\u00edcias sobre concursos e artigos de professores oferecendo cursos para concursos (pdf + videaulas) no site.\",\"publisher\":{\"@id\":\"https:\\\/\\\/blog-estrategia.mystagingwebsite.com\\\/#organization\"},\"potentialAction\":[{\"@type\":\"SearchAction\",\"target\":{\"@type\":\"EntryPoint\",\"urlTemplate\":\"https:\\\/\\\/blog-estrategia.mystagingwebsite.com\\\/?s={search_term_string}\"},\"query-input\":{\"@type\":\"PropertyValueSpecification\",\"valueRequired\":true,\"valueName\":\"search_term_string\"}}],\"inLanguage\":\"pt-BR\"},{\"@type\":\"Organization\",\"@id\":\"https:\\\/\\\/blog-estrategia.mystagingwebsite.com\\\/#organization\",\"name\":\"Estrat\u00e9gia Concursos\",\"url\":\"https:\\\/\\\/blog-estrategia.mystagingwebsite.com\\\/\",\"logo\":{\"@type\":\"ImageObject\",\"inLanguage\":\"pt-BR\",\"@id\":\"https:\\\/\\\/blog-estrategia.mystagingwebsite.com\\\/#\\\/schema\\\/logo\\\/image\\\/\",\"url\":\"https:\\\/\\\/dhg1h5j42swfq.cloudfront.net\\\/2025\\\/06\\\/03203428\\\/logo_concursos-1.jpg\",\"contentUrl\":\"https:\\\/\\\/dhg1h5j42swfq.cloudfront.net\\\/2025\\\/06\\\/03203428\\\/logo_concursos-1.jpg\",\"width\":230,\"height\":60,\"caption\":\"Estrat\u00e9gia Concursos\"},\"image\":{\"@id\":\"https:\\\/\\\/blog-estrategia.mystagingwebsite.com\\\/#\\\/schema\\\/logo\\\/image\\\/\"},\"sameAs\":[\"https:\\\/\\\/x.com\\\/EstratConcursos\"]},{\"@type\":\"Person\",\"@id\":\"https:\\\/\\\/blog-estrategia.mystagingwebsite.com\\\/#\\\/schema\\\/person\\\/e3882259fa157d54c44c21f4ee4e0e60\",\"name\":\"B\u00e1rbara Carvalho Santos\",\"image\":{\"@type\":\"ImageObject\",\"inLanguage\":\"pt-BR\",\"@id\":\"https:\\\/\\\/secure.gravatar.com\\\/avatar\\\/353300f73140f779692b9be2b39f434d1341e4e34c7f55bd5a990fe29ef352eb?s=96&d=mm&r=g\",\"url\":\"https:\\\/\\\/secure.gravatar.com\\\/avatar\\\/353300f73140f779692b9be2b39f434d1341e4e34c7f55bd5a990fe29ef352eb?s=96&d=mm&r=g\",\"contentUrl\":\"https:\\\/\\\/secure.gravatar.com\\\/avatar\\\/353300f73140f779692b9be2b39f434d1341e4e34c7f55bd5a990fe29ef352eb?s=96&d=mm&r=g\",\"caption\":\"B\u00e1rbara Carvalho Santos\"},\"description\":\"M\u00e3e e jornalista formada pela UNIP, possui ampla experi\u00eancia na cobertura de entretenimento em grandes ve\u00edculos, como o site da CNN, RedeTV! e Estrat\u00e9gia Educacional. Atuou tamb\u00e9m em ag\u00eancias de marketing, produtoras musicais e assessorias de imprensa, com foco especial no trabalho com personalidades p\u00fablicas. Atualmente, integra a equipe do Estrat\u00e9gia Concursos, onde \u00e9 respons\u00e1vel pela produ\u00e7\u00e3o de conte\u00fados estrat\u00e9gicos voltados para o setor de concursos p\u00fablicos, com destaque para a \u00e1rea fiscal, gest\u00e3o, controle, concursos administrativos e Minist\u00e9rios participantes do CNU, al\u00e9m de diversos \u00f3rg\u00e3os federais. Tem como miss\u00e3o transformar informa\u00e7\u00f5es complexas em conte\u00fados acess\u00edveis, relevantes e de alto valor para quem sonha com uma carreira no servi\u00e7o p\u00fablico.\",\"url\":\"https:\\\/\\\/www.estrategiaconcursos.com.br\\\/blog\\\/author\\\/barbara-santos\\\/\"}]}<\/script>\n<!-- \/ Yoast SEO Premium plugin. -->","yoast_head_json":{"title":"Concursos PM e CBM PE: saiu o termo de refer\u00eancia","description":"Saiba tudo sobre os Concursos PM e CBM PE: vagas, sal\u00e1rios e prepara\u00e7\u00e3o para garantir seu sucesso nas sele\u00e7\u00f5es.","robots":{"index":"index","follow":"follow","max-snippet":"max-snippet:-1","max-image-preview":"max-image-preview:large","max-video-preview":"max-video-preview:-1"},"canonical":"https:\/\/www.estrategiaconcursos.com.br\/blog\/concursos-pm-e-cbm-pe-saiu-o-termo-de-referencia\/","og_locale":"pt_BR","og_type":"article","og_title":"Concursos PM e CBM PE: saiu o termo de refer\u00eancia","og_description":"Saiba tudo sobre os Concursos PM e CBM PE: vagas, sal\u00e1rios e prepara\u00e7\u00e3o para garantir seu sucesso nas sele\u00e7\u00f5es.","og_url":"https:\/\/www.estrategiaconcursos.com.br\/blog\/concursos-pm-e-cbm-pe-saiu-o-termo-de-referencia\/","og_site_name":"Estrat\u00e9gia Concursos","article_published_time":"2026-09-04T10:21:08+00:00","article_modified_time":"2026-09-04T10:21:10+00:00","og_image":[{"width":768,"height":432,"url":"https:\/\/dhg1h5j42swfq.cloudfront.net\/2026\/09\/03190218\/concursos-policiais.jpg","type":"image\/jpeg"}],"author":"B\u00e1rbara Carvalho Santos","twitter_card":"summary_large_image","twitter_creator":"@EstratConcursos","twitter_site":"@EstratConcursos","twitter_misc":{"Escrito por":"B\u00e1rbara Carvalho Santos","Est. tempo de leitura":"4 minutos"},"schema":{"@context":"https:\/\/schema.org","@graph":[{"@type":"NewsArticle","@id":"https:\/\/www.estrategiaconcursos.com.br\/blog\/concursos-pm-e-cbm-pe-saiu-o-termo-de-referencia\/#article","isPartOf":{"@id":"https:\/\/www.estrategiaconcursos.com.br\/blog\/concursos-pm-e-cbm-pe-saiu-o-termo-de-referencia\/"},"author":{"name":"B\u00e1rbara Carvalho Santos","@id":"https:\/\/blog-estrategia.mystagingwebsite.com\/#\/schema\/person\/e3882259fa157d54c44c21f4ee4e0e60"},"headline":"Concursos PM e CBM PE: saiu o termo de refer\u00eancia","datePublished":"2026-09-04T10:21:08+00:00","dateModified":"2026-09-04T10:21:10+00:00","mainEntityOfPage":{"@id":"https:\/\/www.estrategiaconcursos.com.br\/blog\/concursos-pm-e-cbm-pe-saiu-o-termo-de-referencia\/"},"wordCount":730,"commentCount":0,"publisher":{"@id":"https:\/\/blog-estrategia.mystagingwebsite.com\/#organization"},"image":{"@id":"https:\/\/www.estrategiaconcursos.com.br\/blog\/concursos-pm-e-cbm-pe-saiu-o-termo-de-referencia\/#primaryimage"},"thumbnailUrl":"https:\/\/dhg1h5j42swfq.cloudfront.net\/2026\/09\/03190218\/concursos-policiais.jpg","articleSection":["Policial (PM\/BM - Oficial)","Policial (PM\/BM - Pra\u00e7as)","\u00daltimas not\u00edcias"],"inLanguage":"pt-BR","potentialAction":[{"@type":"CommentAction","name":"Comment","target":["https:\/\/www.estrategiaconcursos.com.br\/blog\/concursos-pm-e-cbm-pe-saiu-o-termo-de-referencia\/#respond"]}],"copyrightYear":"2026","copyrightHolder":{"@id":"https:\/\/www.estrategiaconcursos.com.br\/blog\/#organization"}},{"@type":"WebPage","@id":"https:\/\/www.estrategiaconcursos.com.br\/blog\/concursos-pm-e-cbm-pe-saiu-o-termo-de-referencia\/","url":"https:\/\/www.estrategiaconcursos.com.br\/blog\/concursos-pm-e-cbm-pe-saiu-o-termo-de-referencia\/","name":"Concursos PM e CBM PE: saiu o termo de refer\u00eancia","isPartOf":{"@id":"https:\/\/blog-estrategia.mystagingwebsite.com\/#website"},"primaryImageOfPage":{"@id":"https:\/\/www.estrategiaconcursos.com.br\/blog\/concursos-pm-e-cbm-pe-saiu-o-termo-de-referencia\/#primaryimage"},"image":{"@id":"https:\/\/www.estrategiaconcursos.com.br\/blog\/concursos-pm-e-cbm-pe-saiu-o-termo-de-referencia\/#primaryimage"},"thumbnailUrl":"https:\/\/dhg1h5j42swfq.cloudfront.net\/2026\/09\/03190218\/concursos-policiais.jpg","datePublished":"2026-09-04T10:21:08+00:00","dateModified":"2026-09-04T10:21:10+00:00","description":"Saiba tudo sobre os Concursos PM e CBM PE: vagas, sal\u00e1rios e prepara\u00e7\u00e3o para garantir seu sucesso nas sele\u00e7\u00f5es.","breadcrumb":{"@id":"https:\/\/www.estrategiaconcursos.com.br\/blog\/concursos-pm-e-cbm-pe-saiu-o-termo-de-referencia\/#breadcrumb"},"inLanguage":"pt-BR","potentialAction":[{"@type":"ReadAction","target":["https:\/\/www.estrategiaconcursos.com.br\/blog\/concursos-pm-e-cbm-pe-saiu-o-termo-de-referencia\/"]}]},{"@type":"ImageObject","inLanguage":"pt-BR","@id":"https:\/\/www.estrategiaconcursos.com.br\/blog\/concursos-pm-e-cbm-pe-saiu-o-termo-de-referencia\/#primaryimage","url":"https:\/\/dhg1h5j42swfq.cloudfront.net\/2026\/09\/03190218\/concursos-policiais.jpg","contentUrl":"https:\/\/dhg1h5j42swfq.cloudfront.net\/2026\/09\/03190218\/concursos-policiais.jpg","width":768,"height":432,"caption":"concursos policiais"},{"@type":"BreadcrumbList","@id":"https:\/\/www.estrategiaconcursos.com.br\/blog\/concursos-pm-e-cbm-pe-saiu-o-termo-de-referencia\/#breadcrumb","itemListElement":[{"@type":"ListItem","position":1,"name":"In\u00edcio","item":"https:\/\/blog-estrategia.mystagingwebsite.com\/"},{"@type":"ListItem","position":2,"name":"Concursos PM e CBM PE: saiu o termo de refer\u00eancia"}]},{"@type":"WebSite","@id":"https:\/\/blog-estrategia.mystagingwebsite.com\/#website","url":"https:\/\/blog-estrategia.mystagingwebsite.com\/","name":"Estrat\u00e9gia Concursos","description":"O blog da Estrat\u00e9gia Concursos traz not\u00edcias sobre concursos e artigos de professores oferecendo cursos para concursos (pdf + videaulas) no site.","publisher":{"@id":"https:\/\/blog-estrategia.mystagingwebsite.com\/#organization"},"potentialAction":[{"@type":"SearchAction","target":{"@type":"EntryPoint","urlTemplate":"https:\/\/blog-estrategia.mystagingwebsite.com\/?s={search_term_string}"},"query-input":{"@type":"PropertyValueSpecification","valueRequired":true,"valueName":"search_term_string"}}],"inLanguage":"pt-BR"},{"@type":"Organization","@id":"https:\/\/blog-estrategia.mystagingwebsite.com\/#organization","name":"Estrat\u00e9gia Concursos","url":"https:\/\/blog-estrategia.mystagingwebsite.com\/","logo":{"@type":"ImageObject","inLanguage":"pt-BR","@id":"https:\/\/blog-estrategia.mystagingwebsite.com\/#\/schema\/logo\/image\/","url":"https:\/\/dhg1h5j42swfq.cloudfront.net\/2025\/06\/03203428\/logo_concursos-1.jpg","contentUrl":"https:\/\/dhg1h5j42swfq.cloudfront.net\/2025\/06\/03203428\/logo_concursos-1.jpg","width":230,"height":60,"caption":"Estrat\u00e9gia Concursos"},"image":{"@id":"https:\/\/blog-estrategia.mystagingwebsite.com\/#\/schema\/logo\/image\/"},"sameAs":["https:\/\/x.com\/EstratConcursos"]},{"@type":"Person","@id":"https:\/\/blog-estrategia.mystagingwebsite.com\/#\/schema\/person\/e3882259fa157d54c44c21f4ee4e0e60","name":"B\u00e1rbara Carvalho Santos","image":{"@type":"ImageObject","inLanguage":"pt-BR","@id":"https:\/\/secure.gravatar.com\/avatar\/353300f73140f779692b9be2b39f434d1341e4e34c7f55bd5a990fe29ef352eb?s=96&d=mm&r=g","url":"https:\/\/secure.gravatar.com\/avatar\/353300f73140f779692b9be2b39f434d1341e4e34c7f55bd5a990fe29ef352eb?s=96&d=mm&r=g","contentUrl":"https:\/\/secure.gravatar.com\/avatar\/353300f73140f779692b9be2b39f434d1341e4e34c7f55bd5a990fe29ef352eb?s=96&d=mm&r=g","caption":"B\u00e1rbara Carvalho Santos"},"description":"M\u00e3e e jornalista formada pela UNIP, possui ampla experi\u00eancia na cobertura de entretenimento em grandes ve\u00edculos, como o site da CNN, RedeTV! e Estrat\u00e9gia Educacional. Atuou tamb\u00e9m em ag\u00eancias de marketing, produtoras musicais e assessorias de imprensa, com foco especial no trabalho com personalidades p\u00fablicas. Atualmente, integra a equipe do Estrat\u00e9gia Concursos, onde \u00e9 respons\u00e1vel pela produ\u00e7\u00e3o de conte\u00fados estrat\u00e9gicos voltados para o setor de concursos p\u00fablicos, com destaque para a \u00e1rea fiscal, gest\u00e3o, controle, concursos administrativos e Minist\u00e9rios participantes do CNU, al\u00e9m de diversos \u00f3rg\u00e3os federais. Tem como miss\u00e3o transformar informa\u00e7\u00f5es complexas em conte\u00fados acess\u00edveis, relevantes e de alto valor para quem sonha com uma carreira no servi\u00e7o p\u00fablico.","url":"https:\/\/www.estrategiaconcursos.com.br\/blog\/author\/barbara-santos\/"}]}},"_links":{"self":[{"href":"https:\/\/www.estrategiaconcursos.com.br\/blog\/wp-json\/wp\/v2\/posts\/1805844","targetHints":{"allow":["GET"]}}],"collection":[{"href":"https:\/\/www.estrategiaconcursos.com.br\/blog\/wp-json\/wp\/v2\/posts"}],"about":[{"href":"https:\/\/www.estrategiaconcursos.com.br\/blog\/wp-json\/wp\/v2\/types\/post"}],"author":[{"embeddable":true,"href":"https:\/\/www.estrategiaconcursos.com.br\/blog\/wp-json\/wp\/v2\/users\/2018"}],"replies":[{"embeddable":true,"href":"https:\/\/www.estrategiaconcursos.com.br\/blog\/wp-json\/wp\/v2\/comments?post=1805844"}],"version-history":[{"count":6,"href":"https:\/\/www.estrategiaconcursos.com.br\/blog\/wp-json\/wp\/v2\/posts\/1805844\/revisions"}],"predecessor-version":[{"id":1805856,"href":"https:\/\/www.estrategiaconcursos.com.br\/blog\/wp-json\/wp\/v2\/posts\/1805844\/revisions\/1805856"}],"wp:featuredmedia":[{"embeddable":true,"href":"https:\/\/www.estrategiaconcursos.com.br\/blog\/wp-json\/wp\/v2\/media\/1805765"}],"wp:attachment":[{"href":"https:\/\/www.estrategiaconcursos.com.br\/blog\/wp-json\/wp\/v2\/media?parent=1805844"}],"wp:term":[{"taxonomy":"category","embeddable":true,"href":"https:\/\/www.estrategiaconcursos.com.br\/blog\/wp-json\/wp\/v2\/categories?post=1805844"},{"taxonomy":"post_tag","embeddable":true,"href":"https:\/\/www.estrategiaconcursos.com.br\/blog\/wp-json\/wp\/v2\/tags?post=1805844"},{"taxonomy":"tax_estado","embeddable":true,"href":"https:\/\/www.estrategiaconcursos.com.br\/blog\/wp-json\/wp\/v2\/tax_estado?post=1805844"}],"curies":[{"name":"wp","href":"https:\/\/api.w.org\/{rel}","templated":true}]}}