{"id":1805559,"date":"2026-09-03T10:20:40","date_gmt":"2026-09-03T13:20:40","guid":{"rendered":"https:\/\/www.estrategiaconcursos.com.br\/blog\/?p=1805559"},"modified":"2026-09-03T10:24:22","modified_gmt":"2026-09-03T13:24:22","slug":"concurso-pm-mg-cfo-2026-edital-publicado","status":"publish","type":"post","link":"https:\/\/www.estrategiaconcursos.com.br\/blog\/concurso-pm-mg-cfo-2026-edital-publicado\/","title":{"rendered":"Edital PM MG: publicado com 90 vagas para o CFO 2027"},"content":{"rendered":"\n<p class=\"wp-block-paragraph\" style=\"font-size:clamp(15.747px, 0.984rem + ((1vw - 3.2px) * 0.809), 24px);\"><strong><em>O novo edital do Concurso Pol\u00edcia Militar de Minas Gerais (PMMG) exige bacharelado em Direito e oferece sal\u00e1rio inicial de at\u00e9 R$ 12 mil<\/em><\/strong><\/p>\n\n\n\n<p class=\"wp-block-paragraph\">O edital do <strong>Concurso Pol\u00edcia Militar de Minas Gerais (PMMG)<\/strong> foi publicado com a oferta de <strong>90 vagas imediatas<\/strong> para o cargo de Oficial, que exige a gradua\u00e7\u00e3o de Ensino Superior em Direito. <\/p>\n\n\n\n<p class=\"wp-block-paragraph\">A sele\u00e7\u00e3o visa formar a nova turma de cadetes para o ano de 2027, refor\u00e7ando o efetivo estrat\u00e9gico da corpora\u00e7\u00e3o no estado. <\/p>\n\n\n\n<p class=\"wp-block-paragraph\">A organiza\u00e7\u00e3o institucional do concurso \u00e9 executada pelo pr\u00f3prio <strong>Centro de Recrutamento e Sele\u00e7\u00e3o (CRS)<\/strong> da corpora\u00e7\u00e3o. Os candidatos devem realizar o cadastro exclusivamente via internet, no per\u00edodo de <strong>10 de novembro<\/strong> a <strong>10 de dezembro<\/strong>. A taxa de participa\u00e7\u00e3o foi definida no valor de <strong>R$ 243<\/strong>.<\/p>\n\n\n\n<ul class=\"wp-block-list has-very-light-gray-to-cyan-bluish-gray-gradient-background has-background\">\n<li><strong>Edital:<\/strong>\u00a0<a href=\"https:\/\/dhg1h5j42swfq.cloudfront.net\/2026\/09\/03101009\/pm-mg-2027.pdf\" target=\"_blank\" rel=\"noreferrer noopener\">PMMG Oficial-2027<\/a><\/li>\n<\/ul>\n\n\n\n<div class=\"container\" id=\"boxes\">\n  <div class=\"row\">\n\n    <div class=\"col-sm\">\n      <div class=\"banner-policia-militar\" id=\"box-assinatura\">\n        <h3 class=\"titulo-assinatura\">Concurso PM MG<\/h3>\n        <p class=\"subtitulo-assinatura\">Conhe\u00e7a os cursos<\/p>\n        <div class=\"box-botao\">\n          <a class=\"btn-assinatura\" target=\"_blank\" href=\"https:\/\/www.estrategiaconcursos.com.br\/cursosPorConcurso\/policia-militar-de-minas-gerais-pm-mg\/\" role=\"button\" rel=\"noopener noreferrer\">Conhe\u00e7a mais<\/a>\n        <\/div>\n      <\/div>\n     \n    <\/div>\n\n  <\/div>\n<\/div>\n\n\n\n<h2 id=\"h-principais-datas-do-edital-pmmg\" class=\"wp-block-heading\">Principais datas do edital PMMG<\/h2>\n\n\n\n<ul class=\"wp-block-list\">\n<li><strong>Inscri\u00e7\u00f5es: <\/strong>10 de novembro a 10 de dezembro<\/li>\n\n\n\n<li><strong>Isen\u00e7\u00e3o da taxa:<\/strong> 10 a 11 de novembro <\/li>\n\n\n\n<li><strong>Pagamento da taxa: <\/strong>at\u00e9 11 de dezembro <\/li>\n\n\n\n<li><strong>Data da prova objetiva:<\/strong> 10 de janeiro de 2027<\/li>\n<\/ul>\n\n\n\n<h2 id=\"h-cargos-vagas-e-salarios-do-edital-pmmg\" class=\"wp-block-heading\">Cargos, vagas e sal\u00e1rios do edital PMMG<\/h2>\n\n\n\n<p class=\"wp-block-paragraph\">O sal\u00e1rio inicial para o Cadete no primeiro ano de curso \u00e9 de <strong>R$ 7.912,17<\/strong>. Na sequ\u00eancia, ap\u00f3s a formatura e promo\u00e7\u00e3o ao posto de 2\u00ba Tenente, a remunera\u00e7\u00e3o atinge o teto da carreira inicial, no valor de <strong>R$ 12.170,61<\/strong>.<\/p>\n\n\n\n<figure class=\"wp-block-table is-style-stripes\"><table class=\"has-fixed-layout\"><thead><tr><td class=\"has-text-align-center\" data-align=\"center\"><strong>Cargos<\/strong><\/td><td class=\"has-text-align-center\" data-align=\"center\"><strong>Total de vagas<\/strong><\/td><td class=\"has-text-align-center\" data-align=\"center\"><strong>Sal\u00e1rio<\/strong><\/td><\/tr><\/thead><tbody><tr><td class=\"has-text-align-center\" data-align=\"center\">Oficial (Cadete)<\/td><td class=\"has-text-align-center\" data-align=\"center\">90<\/td><td class=\"has-text-align-center\" data-align=\"center\">1\u00ba ano: R$ 7.912,17<br \/>Ap\u00f3s a formatura: R$ 12.170,61<\/td><\/tr><\/tbody><\/table><\/figure>\n\n\n\n<h2 id=\"h-etapas-de-prova-do-concurso\" class=\"wp-block-heading\">Etapas de prova do concurso<\/h2>\n\n\n\n<ul class=\"wp-block-list\">\n<li><strong>a) 1\u00aa FASE:<\/strong>\n<ul class=\"wp-block-list\">\n<li>I. Prova objetiva e prova dissertativa.<\/li>\n<\/ul>\n<\/li>\n\n\n\n<li><strong>b) 2\u00aa FASE:<\/strong>\n<ul class=\"wp-block-list\">\n<li>I. Avalia\u00e7\u00e3o F\u00edsica Militar (AFM).<\/li>\n<\/ul>\n<\/li>\n\n\n\n<li><strong>c) 3\u00aa FASE:<\/strong>\n<ul class=\"wp-block-list\">\n<li>I. Avalia\u00e7\u00f5es Psicol\u00f3gicas;<\/li>\n\n\n\n<li>II. Exames de Sa\u00fade.<\/li>\n<\/ul>\n<\/li>\n\n\n\n<li><strong>d) 4\u00aa FASE:<\/strong>\n<ul class=\"wp-block-list\">\n<li>I. Prova Oral e Prova de T\u00edtulos.<\/li>\n<\/ul>\n<\/li>\n\n\n\n<li><strong>e) 5\u00aa FASE:<\/strong>\n<ul class=\"wp-block-list\">\n<li>I. Procedimento de heteroidentifica\u00e7\u00e3o complementar \u00e0 autodeclara\u00e7\u00e3o dos candidatos negros.<\/li>\n<\/ul>\n<\/li>\n<\/ul>\n\n\n\n<h3 id=\"h-prova-objetiva-e-prova-dissertativa\" class=\"wp-block-heading\">Prova objetiva e prova dissertativa<\/h3>\n\n\n\n<p class=\"wp-block-paragraph\">Os inscritos enfrentar\u00e3o uma prova objetiva com 50 quest\u00f5es de m\u00faltipla escolha e uma prova dissertativa, que consiste na produ\u00e7\u00e3o de um texto argumentativo. As avalia\u00e7\u00f5es ocorrem de forma simult\u00e2nea.<\/p>\n\n\n\n<figure class=\"wp-block-table is-style-stripes\"><table><thead><tr><td class=\"has-text-align-center\" data-align=\"center\"><strong>DISCIPLINA<\/strong><\/td><td class=\"has-text-align-center\" data-align=\"center\"><strong>QUEST\u00d5ES<\/strong><\/td><\/tr><\/thead><tbody><tr><td class=\"has-text-align-center\" data-align=\"center\">L\u00edngua Portuguesa<\/td><td class=\"has-text-align-center\" data-align=\"center\">05<\/td><\/tr><tr><td class=\"has-text-align-center\" data-align=\"center\">No\u00e7\u00f5es de L\u00edngua Inglesa<\/td><td class=\"has-text-align-center\" data-align=\"center\">04<\/td><\/tr><tr><td class=\"has-text-align-center\" data-align=\"center\">Racioc\u00ednio L\u00f3gico-Matem\u00e1tico<\/td><td class=\"has-text-align-center\" data-align=\"center\">04<\/td><\/tr><tr><td class=\"has-text-align-center\" data-align=\"center\">Direito Constitucional<\/td><td class=\"has-text-align-center\" data-align=\"center\">07<\/td><\/tr><tr><td class=\"has-text-align-center\" data-align=\"center\">Direito Penal<\/td><td class=\"has-text-align-center\" data-align=\"center\">06<\/td><\/tr><tr><td class=\"has-text-align-center\" data-align=\"center\">Direito Processual Penal<\/td><td class=\"has-text-align-center\" data-align=\"center\">06<\/td><\/tr><tr><td class=\"has-text-align-center\" data-align=\"center\">Direito Administrativo<\/td><td class=\"has-text-align-center\" data-align=\"center\">07<\/td><\/tr><\/tbody><\/table><\/figure>\n\n\n\n<h3 class=\"wp-block-heading\">Avalia\u00e7\u00e3o F\u00edsica Militar (AFM)<\/h3>\n\n\n\n<p class=\"wp-block-paragraph\">O teste exige a apresenta\u00e7\u00e3o de exames m\u00e9dicos pr\u00e9vios e mede o condicionamento f\u00edsico por meio de exerc\u00edcios como abdominal tipo remador, flex\u00e3o na barra fixa, corrida de 2.400 metros e um circuito de aptid\u00e3o f\u00edsica policial militar.<\/p>\n\n\n\n<h3 class=\"wp-block-heading\">Avalia\u00e7\u00f5es psicol\u00f3gicas e exames de sa\u00fade<\/h3>\n\n\n\n<p class=\"wp-block-paragraph\">O candidato passa por testes de personalidade e intelig\u00eancia para garantir a compatibilidade com a fun\u00e7\u00e3o policial. Al\u00e9m disso, uma rigorosa junta m\u00e9dica avalia exames cl\u00ednicos, odontol\u00f3gicos, oftalmol\u00f3gicos e o exame toxicol\u00f3gico de larga janela de detec\u00e7\u00e3o.<\/p>\n\n\n\n<h3 class=\"wp-block-heading\">Prova oral e prova de t\u00edtulos<\/h3>\n\n\n\n<p class=\"wp-block-paragraph\">A prova oral testa o dom\u00ednio do candidato sobre temas de Direito, cobrando flu\u00eancia verbal e clareza. Em seguida, a prova de t\u00edtulos aplica pontos classificat\u00f3rios para acad\u00eamicos que possuam especializa\u00e7\u00e3o, mestrado ou doutorado.<\/p>\n\n\n\n<p class=\"has-text-align-center wp-block-paragraph\"><em>Para ficar por dentro de todas as informa\u00e7\u00f5es sobre o Concurso PM MG, que est\u00e1 com edital publicado para Oficial (CFO 2027), n\u00e3o deixe de conferir nosso artigo completo sobre a sele\u00e7\u00e3o:<\/em><\/p>\n\n\n\n<h2 class=\"wp-block-heading has-text-align-center has-cyan-bluish-gray-background-color has-background has-medium-font-size\" id=\"h-saiba-mais-concurso-pm-mg\">Saiba mais: <a href=\"https:\/\/www.estrategiaconcursos.com.br\/blog\/concurso-pm-mg\/\" target=\"_blank\" rel=\"noreferrer noopener\">Concurso PM MG<\/a><\/h2>\n\n\n\n<hr class=\"wp-block-separator has-alpha-channel-opacity\"\/>\n\n\n\n<h2 class=\"wp-block-heading has-text-align-center\" id=\"h-quer-saber-tudo-sobre-concursos-previstos-confira-nossos-artigos\">Quer saber tudo sobre concursos previstos? Confira nossos artigos!<\/h2>\n\n\n\n<ul class=\"wp-block-list\">\n<li><a href=\"https:\/\/www.estrategiaconcursos.com.br\/blog\/concursos-abertos\/\" target=\"_blank\" rel=\"noreferrer noopener\">Concursos Abertos<\/a><\/li>\n\n\n\n<li><a href=\"https:\/\/www.estrategiaconcursos.com.br\/blog\/concursos-2026\/\" target=\"_blank\" rel=\"noreferrer noopener\">Concursos 2026<\/a><\/li>\n\n\n\n<li><a href=\"https:\/\/www.estrategiaconcursos.com.br\/blog\/concursos-2027\/\" target=\"_blank\" rel=\"noreferrer noopener\">Concursos 2027<\/a><\/li>\n<\/ul>\n\n\n\n<div class=\"container\" id=\"boxes\">\n  <div class=\"row\">\n\n    <div class=\"col-sm\">\n      <div class=\"banner-policia-militar\" id=\"box-assinatura\">\n        <h3 class=\"titulo-assinatura\">Concurso PM MG<\/h3>\n        <p class=\"subtitulo-assinatura\">Conhe\u00e7a os cursos<\/p>\n        <div class=\"box-botao\">\n          <a class=\"btn-assinatura\" target=\"_blank\" href=\"https:\/\/www.estrategiaconcursos.com.br\/cursosPorConcurso\/policia-militar-de-minas-gerais-pm-mg\/\" role=\"button\" rel=\"noopener noreferrer\">Conhe\u00e7a mais<\/a>\n        <\/div>\n      <\/div>\n     \n    <\/div>\n\n  <\/div>\n<\/div>\n\n\n\n<div class=\"container\" id=\"boxes\">\n  <div class=\"row\">\n\n    <div class=\"col-sm\">\n      <div class=\"estrategia\" id=\"box-assinatura\">\n        <h3 class=\"titulo-assinatura\">Assinatura Concursos<\/h3>\n        <p class=\"subtitulo-assinatura\">Assinatura de 1 ano ou 2 anos<\/p>\n        <div class=\"box-botao\">\n          <a class=\"btn-assinatura\" target=\"_blank\" href=\"https:\/\/www.estrategiaconcursos.com.br\/blog\/assinaturas\/\" role=\"button\" rel=\"noopener noreferrer\">ASSINE AGORA<\/a>\n        <\/div>\n      <\/div><\/div><\/div><\/div>\n\n\n\n<figure class=\"wp-block-image is-resized\"><img loading=\"lazy\" decoding=\"async\" width=\"1024\" height=\"632\" src=\"https:\/\/dhg1h5j42swfq.cloudfront.net\/2021\/05\/07162953\/ficha-tecnica-19-1024x632.png\" alt=\"Informa\u00e7\u00f5es do EDITAL PMMG\u00a0Oficial 2026\/2027\" class=\"wp-image-734524\" style=\"width:289px;height:auto\" srcset=\"https:\/\/dhg1h5j42swfq.cloudfront.net\/2021\/05\/07162953\/ficha-tecnica-19-1024x632.png 1024w, https:\/\/dhg1h5j42swfq.cloudfront.net\/2021\/05\/07162953\/ficha-tecnica-19-300x185.png 300w, https:\/\/dhg1h5j42swfq.cloudfront.net\/2021\/05\/07162953\/ficha-tecnica-19-768x474.png 768w, https:\/\/dhg1h5j42swfq.cloudfront.net\/2021\/05\/07162953\/ficha-tecnica-19-1536x948.png 1536w, https:\/\/dhg1h5j42swfq.cloudfront.net\/2021\/05\/07162953\/ficha-tecnica-19-610x377.png 610w, https:\/\/dhg1h5j42swfq.cloudfront.net\/2021\/05\/07162953\/ficha-tecnica-19.png 1571w\" sizes=\"auto, (max-width: 1024px) 100vw, 1024px\" \/><\/figure>\n\n\n\n<h3 id=\"h-informacoes-do-edital-pm-mg-oficial-2026-2027\" class=\"wp-block-heading\">Informa\u00e7\u00f5es do EDITAL PM MG\u00a0Oficial 2026\/2027<\/h3>\n\n\n\n<ul class=\"wp-block-list\">\n<li><strong>Provas<\/strong>:&nbsp;<\/li>\n\n\n\n<li><strong>Vagas<\/strong>: <\/li>\n\n\n\n<li><strong>Cargos<\/strong>: Oficial<\/li>\n\n\n\n<li><strong>Banca<\/strong>: PMMG<\/li>\n\n\n\n<li><strong>Escolaridade<\/strong>: n\u00edvel superior (direito)<\/li>\n\n\n\n<li><strong>Edital:<\/strong>&nbsp;<a href=\"https:\/\/dhg1h5j42swfq.cloudfront.net\/2026\/09\/03101009\/pm-mg-2027.pdf\" target=\"_blank\" rel=\"noreferrer noopener\">PMMG Oficial-2027<\/a><\/li>\n<\/ul>\n","protected":false},"excerpt":{"rendered":"<p>O novo edital do Concurso Pol\u00edcia Militar de Minas Gerais (PMMG) exige bacharelado em Direito e oferece sal\u00e1rio inicial de at\u00e9 R$ 12 mil O edital do Concurso Pol\u00edcia Militar de Minas Gerais (PMMG) foi publicado com a oferta de 90 vagas imediatas para o cargo de Oficial, que exige a gradua\u00e7\u00e3o de Ensino Superior [&hellip;]<\/p>\n","protected":false},"author":659,"featured_media":1158338,"comment_status":"open","ping_status":"closed","sticky":false,"template":"","format":"standard","meta":{"_acf_changed":false,"post_tipo":"news","footnotes":""},"categories":[220186,220219],"tags":[],"tax_estado":[219974],"class_list":["post-1805559","post","type-post","status-publish","format-standard","has-post-thumbnail","hentry","category-policial-oficial","category-noticias","tax_estado-mg"],"acf":[],"yoast_head":"<!-- This site is optimized with the Yoast SEO Premium plugin v28.1 (Yoast SEO v28.1) - https:\/\/yoast.com\/product\/yoast-seo-premium-wordpress\/ -->\n<title>Edital PM MG: publicado com 90 vagas para o CFO 2027<\/title>\n<meta name=\"description\" content=\"Saiba tudo sobre o Edital PM MG Oficial e as 90 vagas dispon\u00edveis para o cargo de Oficial com sal\u00e1rio inicial de at\u00e9 R$ 12 mil.\" \/>\n<meta name=\"robots\" content=\"index, follow, max-snippet:-1, max-image-preview:large, max-video-preview:-1\" \/>\n<link rel=\"canonical\" href=\"https:\/\/www.estrategiaconcursos.com.br\/blog\/concurso-pm-mg-cfo-2026-edital-publicado\/\" \/>\n<meta property=\"og:locale\" content=\"pt_BR\" \/>\n<meta property=\"og:type\" content=\"article\" \/>\n<meta property=\"og:title\" content=\"Edital PM MG: publicado com 90 vagas para o CFO 2027\" \/>\n<meta property=\"og:description\" content=\"Saiba tudo sobre o Edital PM MG Oficial e as 90 vagas dispon\u00edveis para o cargo de Oficial com sal\u00e1rio inicial de at\u00e9 R$ 12 mil.\" \/>\n<meta property=\"og:url\" content=\"https:\/\/www.estrategiaconcursos.com.br\/blog\/concurso-pm-mg-cfo-2026-edital-publicado\/\" \/>\n<meta property=\"og:site_name\" content=\"Estrat\u00e9gia Concursos\" \/>\n<meta property=\"article:published_time\" content=\"2026-09-03T13:20:40+00:00\" \/>\n<meta property=\"article:modified_time\" content=\"2026-09-03T13:24:22+00:00\" \/>\n<meta property=\"og:image\" content=\"https:\/\/dhg1h5j42swfq.cloudfront.net\/2023\/01\/24145013\/pm-mg-1.jpg\" \/>\n\t<meta property=\"og:image:width\" content=\"768\" \/>\n\t<meta property=\"og:image:height\" content=\"432\" \/>\n\t<meta property=\"og:image:type\" content=\"image\/jpeg\" \/>\n<meta name=\"author\" content=\"Camila Leite\" \/>\n<meta name=\"twitter:card\" content=\"summary_large_image\" \/>\n<meta name=\"twitter:creator\" content=\"@EstratConcursos\" \/>\n<meta name=\"twitter:site\" content=\"@EstratConcursos\" \/>\n<meta name=\"twitter:label1\" content=\"Escrito por\" \/>\n\t<meta name=\"twitter:data1\" content=\"Camila Leite\" \/>\n\t<meta name=\"twitter:label2\" content=\"Est. tempo de leitura\" \/>\n\t<meta name=\"twitter:data2\" content=\"3 minutos\" \/>\n<script type=\"application\/ld+json\" class=\"yoast-schema-graph\">{\"@context\":\"https:\\\/\\\/schema.org\",\"@graph\":[{\"@type\":\"NewsArticle\",\"@id\":\"https:\\\/\\\/www.estrategiaconcursos.com.br\\\/blog\\\/concurso-pm-mg-cfo-2026-edital-publicado\\\/#article\",\"isPartOf\":{\"@id\":\"https:\\\/\\\/www.estrategiaconcursos.com.br\\\/blog\\\/concurso-pm-mg-cfo-2026-edital-publicado\\\/\"},\"author\":{\"name\":\"Camila Leite\",\"@id\":\"https:\\\/\\\/blog-estrategia.mystagingwebsite.com\\\/#\\\/schema\\\/person\\\/84ecdc6eb58d3cf1689bf76c5cd8fb38\"},\"headline\":\"Edital PM MG: publicado com 90 vagas para o CFO 2027\",\"datePublished\":\"2026-09-03T13:20:40+00:00\",\"dateModified\":\"2026-09-03T13:24:22+00:00\",\"mainEntityOfPage\":{\"@id\":\"https:\\\/\\\/www.estrategiaconcursos.com.br\\\/blog\\\/concurso-pm-mg-cfo-2026-edital-publicado\\\/\"},\"wordCount\":621,\"commentCount\":0,\"publisher\":{\"@id\":\"https:\\\/\\\/blog-estrategia.mystagingwebsite.com\\\/#organization\"},\"image\":{\"@id\":\"https:\\\/\\\/www.estrategiaconcursos.com.br\\\/blog\\\/concurso-pm-mg-cfo-2026-edital-publicado\\\/#primaryimage\"},\"thumbnailUrl\":\"https:\\\/\\\/dhg1h5j42swfq.cloudfront.net\\\/2023\\\/01\\\/24145013\\\/pm-mg-1.jpg\",\"articleSection\":[\"Policial (PM\\\/BM - Oficial)\",\"\u00daltimas not\u00edcias\"],\"inLanguage\":\"pt-BR\",\"potentialAction\":[{\"@type\":\"CommentAction\",\"name\":\"Comment\",\"target\":[\"https:\\\/\\\/www.estrategiaconcursos.com.br\\\/blog\\\/concurso-pm-mg-cfo-2026-edital-publicado\\\/#respond\"]}],\"copyrightYear\":\"2026\",\"copyrightHolder\":{\"@id\":\"https:\\\/\\\/www.estrategiaconcursos.com.br\\\/blog\\\/#organization\"}},{\"@type\":\"WebPage\",\"@id\":\"https:\\\/\\\/www.estrategiaconcursos.com.br\\\/blog\\\/concurso-pm-mg-cfo-2026-edital-publicado\\\/\",\"url\":\"https:\\\/\\\/www.estrategiaconcursos.com.br\\\/blog\\\/concurso-pm-mg-cfo-2026-edital-publicado\\\/\",\"name\":\"Edital PM MG: publicado com 90 vagas para o CFO 2027\",\"isPartOf\":{\"@id\":\"https:\\\/\\\/blog-estrategia.mystagingwebsite.com\\\/#website\"},\"primaryImageOfPage\":{\"@id\":\"https:\\\/\\\/www.estrategiaconcursos.com.br\\\/blog\\\/concurso-pm-mg-cfo-2026-edital-publicado\\\/#primaryimage\"},\"image\":{\"@id\":\"https:\\\/\\\/www.estrategiaconcursos.com.br\\\/blog\\\/concurso-pm-mg-cfo-2026-edital-publicado\\\/#primaryimage\"},\"thumbnailUrl\":\"https:\\\/\\\/dhg1h5j42swfq.cloudfront.net\\\/2023\\\/01\\\/24145013\\\/pm-mg-1.jpg\",\"datePublished\":\"2026-09-03T13:20:40+00:00\",\"dateModified\":\"2026-09-03T13:24:22+00:00\",\"description\":\"Saiba tudo sobre o Edital PM MG Oficial e as 90 vagas dispon\u00edveis para o cargo de Oficial com sal\u00e1rio inicial de at\u00e9 R$ 12 mil.\",\"breadcrumb\":{\"@id\":\"https:\\\/\\\/www.estrategiaconcursos.com.br\\\/blog\\\/concurso-pm-mg-cfo-2026-edital-publicado\\\/#breadcrumb\"},\"inLanguage\":\"pt-BR\",\"potentialAction\":[{\"@type\":\"ReadAction\",\"target\":[\"https:\\\/\\\/www.estrategiaconcursos.com.br\\\/blog\\\/concurso-pm-mg-cfo-2026-edital-publicado\\\/\"]}]},{\"@type\":\"ImageObject\",\"inLanguage\":\"pt-BR\",\"@id\":\"https:\\\/\\\/www.estrategiaconcursos.com.br\\\/blog\\\/concurso-pm-mg-cfo-2026-edital-publicado\\\/#primaryimage\",\"url\":\"https:\\\/\\\/dhg1h5j42swfq.cloudfront.net\\\/2023\\\/01\\\/24145013\\\/pm-mg-1.jpg\",\"contentUrl\":\"https:\\\/\\\/dhg1h5j42swfq.cloudfront.net\\\/2023\\\/01\\\/24145013\\\/pm-mg-1.jpg\",\"width\":768,\"height\":432,\"caption\":\"concurso pm mg\"},{\"@type\":\"BreadcrumbList\",\"@id\":\"https:\\\/\\\/www.estrategiaconcursos.com.br\\\/blog\\\/concurso-pm-mg-cfo-2026-edital-publicado\\\/#breadcrumb\",\"itemListElement\":[{\"@type\":\"ListItem\",\"position\":1,\"name\":\"In\u00edcio\",\"item\":\"https:\\\/\\\/blog-estrategia.mystagingwebsite.com\\\/\"},{\"@type\":\"ListItem\",\"position\":2,\"name\":\"Edital PM MG: publicado com 90 vagas para o CFO 2027\"}]},{\"@type\":\"WebSite\",\"@id\":\"https:\\\/\\\/blog-estrategia.mystagingwebsite.com\\\/#website\",\"url\":\"https:\\\/\\\/blog-estrategia.mystagingwebsite.com\\\/\",\"name\":\"Estrat\u00e9gia Concursos\",\"description\":\"O blog da Estrat\u00e9gia Concursos traz not\u00edcias sobre concursos e artigos de professores oferecendo cursos para concursos (pdf + videaulas) no site.\",\"publisher\":{\"@id\":\"https:\\\/\\\/blog-estrategia.mystagingwebsite.com\\\/#organization\"},\"potentialAction\":[{\"@type\":\"SearchAction\",\"target\":{\"@type\":\"EntryPoint\",\"urlTemplate\":\"https:\\\/\\\/blog-estrategia.mystagingwebsite.com\\\/?s={search_term_string}\"},\"query-input\":{\"@type\":\"PropertyValueSpecification\",\"valueRequired\":true,\"valueName\":\"search_term_string\"}}],\"inLanguage\":\"pt-BR\"},{\"@type\":\"Organization\",\"@id\":\"https:\\\/\\\/blog-estrategia.mystagingwebsite.com\\\/#organization\",\"name\":\"Estrat\u00e9gia Concursos\",\"url\":\"https:\\\/\\\/blog-estrategia.mystagingwebsite.com\\\/\",\"logo\":{\"@type\":\"ImageObject\",\"inLanguage\":\"pt-BR\",\"@id\":\"https:\\\/\\\/blog-estrategia.mystagingwebsite.com\\\/#\\\/schema\\\/logo\\\/image\\\/\",\"url\":\"https:\\\/\\\/dhg1h5j42swfq.cloudfront.net\\\/2025\\\/06\\\/03203428\\\/logo_concursos-1.jpg\",\"contentUrl\":\"https:\\\/\\\/dhg1h5j42swfq.cloudfront.net\\\/2025\\\/06\\\/03203428\\\/logo_concursos-1.jpg\",\"width\":230,\"height\":60,\"caption\":\"Estrat\u00e9gia Concursos\"},\"image\":{\"@id\":\"https:\\\/\\\/blog-estrategia.mystagingwebsite.com\\\/#\\\/schema\\\/logo\\\/image\\\/\"},\"sameAs\":[\"https:\\\/\\\/x.com\\\/EstratConcursos\"]},{\"@type\":\"Person\",\"@id\":\"https:\\\/\\\/blog-estrategia.mystagingwebsite.com\\\/#\\\/schema\\\/person\\\/84ecdc6eb58d3cf1689bf76c5cd8fb38\",\"name\":\"Camila Leite\",\"image\":{\"@type\":\"ImageObject\",\"inLanguage\":\"pt-BR\",\"@id\":\"https:\\\/\\\/secure.gravatar.com\\\/avatar\\\/f2f8faef639c8a2bfb7fb909912a56917f4c3a0aed064500168e2fb8ea55cf61?s=96&d=mm&r=g\",\"url\":\"https:\\\/\\\/secure.gravatar.com\\\/avatar\\\/f2f8faef639c8a2bfb7fb909912a56917f4c3a0aed064500168e2fb8ea55cf61?s=96&d=mm&r=g\",\"contentUrl\":\"https:\\\/\\\/secure.gravatar.com\\\/avatar\\\/f2f8faef639c8a2bfb7fb909912a56917f4c3a0aed064500168e2fb8ea55cf61?s=96&d=mm&r=g\",\"caption\":\"Camila Leite\"},\"description\":\"Formada em Design Gr\u00e1fico e em Propaganda e Marketing pela UNIP, integra a equipe de jornalismo do Estrat\u00e9gia Concursos desde 2018. Ao longo dos anos, construiu uma s\u00f3lida experi\u00eancia na produ\u00e7\u00e3o de conte\u00fado informativo e relevante para concurseiros. Desde 2020, atua na cobertura das \u00e1reas Fiscal \u2014 com \u00eanfase nas Secretarias de Fazenda (Sefaz) das regi\u00f5es Sul e Sudeste \u2014, al\u00e9m da cobertura de concursos federais, como CNU, Petrobras, CGU, Receita Federal, ag\u00eancias reguladoras (Anvisa, ANAC, entre outras) e INSS. Mant\u00e9m contato direto com os principais \u00f3rg\u00e3os p\u00fablicos, acompanhando editais, atualiza\u00e7\u00f5es e movimenta\u00e7\u00f5es importantes para os candidatos.\",\"sameAs\":[\"https:\\\/\\\/www.linkedin.com\\\/in\\\/camila-pinheiro-leite-9ba135b6\\\/\"],\"url\":\"https:\\\/\\\/www.estrategiaconcursos.com.br\\\/blog\\\/author\\\/camila-leiteestrategiaconcursos-com-br\\\/\"}]}<\/script>\n<!-- \/ Yoast SEO Premium plugin. -->","yoast_head_json":{"title":"Edital PM MG: publicado com 90 vagas para o CFO 2027","description":"Saiba tudo sobre o Edital PM MG Oficial e as 90 vagas dispon\u00edveis para o cargo de Oficial com sal\u00e1rio inicial de at\u00e9 R$ 12 mil.","robots":{"index":"index","follow":"follow","max-snippet":"max-snippet:-1","max-image-preview":"max-image-preview:large","max-video-preview":"max-video-preview:-1"},"canonical":"https:\/\/www.estrategiaconcursos.com.br\/blog\/concurso-pm-mg-cfo-2026-edital-publicado\/","og_locale":"pt_BR","og_type":"article","og_title":"Edital PM MG: publicado com 90 vagas para o CFO 2027","og_description":"Saiba tudo sobre o Edital PM MG Oficial e as 90 vagas dispon\u00edveis para o cargo de Oficial com sal\u00e1rio inicial de at\u00e9 R$ 12 mil.","og_url":"https:\/\/www.estrategiaconcursos.com.br\/blog\/concurso-pm-mg-cfo-2026-edital-publicado\/","og_site_name":"Estrat\u00e9gia Concursos","article_published_time":"2026-09-03T13:20:40+00:00","article_modified_time":"2026-09-03T13:24:22+00:00","og_image":[{"width":768,"height":432,"url":"https:\/\/dhg1h5j42swfq.cloudfront.net\/2023\/01\/24145013\/pm-mg-1.jpg","type":"image\/jpeg"}],"author":"Camila Leite","twitter_card":"summary_large_image","twitter_creator":"@EstratConcursos","twitter_site":"@EstratConcursos","twitter_misc":{"Escrito por":"Camila Leite","Est. tempo de leitura":"3 minutos"},"schema":{"@context":"https:\/\/schema.org","@graph":[{"@type":"NewsArticle","@id":"https:\/\/www.estrategiaconcursos.com.br\/blog\/concurso-pm-mg-cfo-2026-edital-publicado\/#article","isPartOf":{"@id":"https:\/\/www.estrategiaconcursos.com.br\/blog\/concurso-pm-mg-cfo-2026-edital-publicado\/"},"author":{"name":"Camila Leite","@id":"https:\/\/blog-estrategia.mystagingwebsite.com\/#\/schema\/person\/84ecdc6eb58d3cf1689bf76c5cd8fb38"},"headline":"Edital PM MG: publicado com 90 vagas para o CFO 2027","datePublished":"2026-09-03T13:20:40+00:00","dateModified":"2026-09-03T13:24:22+00:00","mainEntityOfPage":{"@id":"https:\/\/www.estrategiaconcursos.com.br\/blog\/concurso-pm-mg-cfo-2026-edital-publicado\/"},"wordCount":621,"commentCount":0,"publisher":{"@id":"https:\/\/blog-estrategia.mystagingwebsite.com\/#organization"},"image":{"@id":"https:\/\/www.estrategiaconcursos.com.br\/blog\/concurso-pm-mg-cfo-2026-edital-publicado\/#primaryimage"},"thumbnailUrl":"https:\/\/dhg1h5j42swfq.cloudfront.net\/2023\/01\/24145013\/pm-mg-1.jpg","articleSection":["Policial (PM\/BM - Oficial)","\u00daltimas not\u00edcias"],"inLanguage":"pt-BR","potentialAction":[{"@type":"CommentAction","name":"Comment","target":["https:\/\/www.estrategiaconcursos.com.br\/blog\/concurso-pm-mg-cfo-2026-edital-publicado\/#respond"]}],"copyrightYear":"2026","copyrightHolder":{"@id":"https:\/\/www.estrategiaconcursos.com.br\/blog\/#organization"}},{"@type":"WebPage","@id":"https:\/\/www.estrategiaconcursos.com.br\/blog\/concurso-pm-mg-cfo-2026-edital-publicado\/","url":"https:\/\/www.estrategiaconcursos.com.br\/blog\/concurso-pm-mg-cfo-2026-edital-publicado\/","name":"Edital PM MG: publicado com 90 vagas para o CFO 2027","isPartOf":{"@id":"https:\/\/blog-estrategia.mystagingwebsite.com\/#website"},"primaryImageOfPage":{"@id":"https:\/\/www.estrategiaconcursos.com.br\/blog\/concurso-pm-mg-cfo-2026-edital-publicado\/#primaryimage"},"image":{"@id":"https:\/\/www.estrategiaconcursos.com.br\/blog\/concurso-pm-mg-cfo-2026-edital-publicado\/#primaryimage"},"thumbnailUrl":"https:\/\/dhg1h5j42swfq.cloudfront.net\/2023\/01\/24145013\/pm-mg-1.jpg","datePublished":"2026-09-03T13:20:40+00:00","dateModified":"2026-09-03T13:24:22+00:00","description":"Saiba tudo sobre o Edital PM MG Oficial e as 90 vagas dispon\u00edveis para o cargo de Oficial com sal\u00e1rio inicial de at\u00e9 R$ 12 mil.","breadcrumb":{"@id":"https:\/\/www.estrategiaconcursos.com.br\/blog\/concurso-pm-mg-cfo-2026-edital-publicado\/#breadcrumb"},"inLanguage":"pt-BR","potentialAction":[{"@type":"ReadAction","target":["https:\/\/www.estrategiaconcursos.com.br\/blog\/concurso-pm-mg-cfo-2026-edital-publicado\/"]}]},{"@type":"ImageObject","inLanguage":"pt-BR","@id":"https:\/\/www.estrategiaconcursos.com.br\/blog\/concurso-pm-mg-cfo-2026-edital-publicado\/#primaryimage","url":"https:\/\/dhg1h5j42swfq.cloudfront.net\/2023\/01\/24145013\/pm-mg-1.jpg","contentUrl":"https:\/\/dhg1h5j42swfq.cloudfront.net\/2023\/01\/24145013\/pm-mg-1.jpg","width":768,"height":432,"caption":"concurso pm mg"},{"@type":"BreadcrumbList","@id":"https:\/\/www.estrategiaconcursos.com.br\/blog\/concurso-pm-mg-cfo-2026-edital-publicado\/#breadcrumb","itemListElement":[{"@type":"ListItem","position":1,"name":"In\u00edcio","item":"https:\/\/blog-estrategia.mystagingwebsite.com\/"},{"@type":"ListItem","position":2,"name":"Edital PM MG: publicado com 90 vagas para o CFO 2027"}]},{"@type":"WebSite","@id":"https:\/\/blog-estrategia.mystagingwebsite.com\/#website","url":"https:\/\/blog-estrategia.mystagingwebsite.com\/","name":"Estrat\u00e9gia Concursos","description":"O blog da Estrat\u00e9gia Concursos traz not\u00edcias sobre concursos e artigos de professores oferecendo cursos para concursos (pdf + videaulas) no site.","publisher":{"@id":"https:\/\/blog-estrategia.mystagingwebsite.com\/#organization"},"potentialAction":[{"@type":"SearchAction","target":{"@type":"EntryPoint","urlTemplate":"https:\/\/blog-estrategia.mystagingwebsite.com\/?s={search_term_string}"},"query-input":{"@type":"PropertyValueSpecification","valueRequired":true,"valueName":"search_term_string"}}],"inLanguage":"pt-BR"},{"@type":"Organization","@id":"https:\/\/blog-estrategia.mystagingwebsite.com\/#organization","name":"Estrat\u00e9gia Concursos","url":"https:\/\/blog-estrategia.mystagingwebsite.com\/","logo":{"@type":"ImageObject","inLanguage":"pt-BR","@id":"https:\/\/blog-estrategia.mystagingwebsite.com\/#\/schema\/logo\/image\/","url":"https:\/\/dhg1h5j42swfq.cloudfront.net\/2025\/06\/03203428\/logo_concursos-1.jpg","contentUrl":"https:\/\/dhg1h5j42swfq.cloudfront.net\/2025\/06\/03203428\/logo_concursos-1.jpg","width":230,"height":60,"caption":"Estrat\u00e9gia Concursos"},"image":{"@id":"https:\/\/blog-estrategia.mystagingwebsite.com\/#\/schema\/logo\/image\/"},"sameAs":["https:\/\/x.com\/EstratConcursos"]},{"@type":"Person","@id":"https:\/\/blog-estrategia.mystagingwebsite.com\/#\/schema\/person\/84ecdc6eb58d3cf1689bf76c5cd8fb38","name":"Camila Leite","image":{"@type":"ImageObject","inLanguage":"pt-BR","@id":"https:\/\/secure.gravatar.com\/avatar\/f2f8faef639c8a2bfb7fb909912a56917f4c3a0aed064500168e2fb8ea55cf61?s=96&d=mm&r=g","url":"https:\/\/secure.gravatar.com\/avatar\/f2f8faef639c8a2bfb7fb909912a56917f4c3a0aed064500168e2fb8ea55cf61?s=96&d=mm&r=g","contentUrl":"https:\/\/secure.gravatar.com\/avatar\/f2f8faef639c8a2bfb7fb909912a56917f4c3a0aed064500168e2fb8ea55cf61?s=96&d=mm&r=g","caption":"Camila Leite"},"description":"Formada em Design Gr\u00e1fico e em Propaganda e Marketing pela UNIP, integra a equipe de jornalismo do Estrat\u00e9gia Concursos desde 2018. Ao longo dos anos, construiu uma s\u00f3lida experi\u00eancia na produ\u00e7\u00e3o de conte\u00fado informativo e relevante para concurseiros. Desde 2020, atua na cobertura das \u00e1reas Fiscal \u2014 com \u00eanfase nas Secretarias de Fazenda (Sefaz) das regi\u00f5es Sul e Sudeste \u2014, al\u00e9m da cobertura de concursos federais, como CNU, Petrobras, CGU, Receita Federal, ag\u00eancias reguladoras (Anvisa, ANAC, entre outras) e INSS. Mant\u00e9m contato direto com os principais \u00f3rg\u00e3os p\u00fablicos, acompanhando editais, atualiza\u00e7\u00f5es e movimenta\u00e7\u00f5es importantes para os candidatos.","sameAs":["https:\/\/www.linkedin.com\/in\/camila-pinheiro-leite-9ba135b6\/"],"url":"https:\/\/www.estrategiaconcursos.com.br\/blog\/author\/camila-leiteestrategiaconcursos-com-br\/"}]}},"_links":{"self":[{"href":"https:\/\/www.estrategiaconcursos.com.br\/blog\/wp-json\/wp\/v2\/posts\/1805559","targetHints":{"allow":["GET"]}}],"collection":[{"href":"https:\/\/www.estrategiaconcursos.com.br\/blog\/wp-json\/wp\/v2\/posts"}],"about":[{"href":"https:\/\/www.estrategiaconcursos.com.br\/blog\/wp-json\/wp\/v2\/types\/post"}],"author":[{"embeddable":true,"href":"https:\/\/www.estrategiaconcursos.com.br\/blog\/wp-json\/wp\/v2\/users\/659"}],"replies":[{"embeddable":true,"href":"https:\/\/www.estrategiaconcursos.com.br\/blog\/wp-json\/wp\/v2\/comments?post=1805559"}],"version-history":[{"count":6,"href":"https:\/\/www.estrategiaconcursos.com.br\/blog\/wp-json\/wp\/v2\/posts\/1805559\/revisions"}],"predecessor-version":[{"id":1805575,"href":"https:\/\/www.estrategiaconcursos.com.br\/blog\/wp-json\/wp\/v2\/posts\/1805559\/revisions\/1805575"}],"wp:featuredmedia":[{"embeddable":true,"href":"https:\/\/www.estrategiaconcursos.com.br\/blog\/wp-json\/wp\/v2\/media\/1158338"}],"wp:attachment":[{"href":"https:\/\/www.estrategiaconcursos.com.br\/blog\/wp-json\/wp\/v2\/media?parent=1805559"}],"wp:term":[{"taxonomy":"category","embeddable":true,"href":"https:\/\/www.estrategiaconcursos.com.br\/blog\/wp-json\/wp\/v2\/categories?post=1805559"},{"taxonomy":"post_tag","embeddable":true,"href":"https:\/\/www.estrategiaconcursos.com.br\/blog\/wp-json\/wp\/v2\/tags?post=1805559"},{"taxonomy":"tax_estado","embeddable":true,"href":"https:\/\/www.estrategiaconcursos.com.br\/blog\/wp-json\/wp\/v2\/tax_estado?post=1805559"}],"curies":[{"name":"wp","href":"https:\/\/api.w.org\/{rel}","templated":true}]}}