{"id":1805370,"date":"2026-09-03T07:00:00","date_gmt":"2026-09-03T10:00:00","guid":{"rendered":"https:\/\/www.estrategiaconcursos.com.br\/blog\/?p=1805370"},"modified":"2026-09-02T14:41:28","modified_gmt":"2026-09-02T17:41:28","slug":"concurso-sedes-df-provas","status":"publish","type":"post","link":"https:\/\/www.estrategiaconcursos.com.br\/blog\/concurso-sedes-df-provas\/","title":{"rendered":"Concurso SEDES DF:\u00a0como ser\u00e3o as provas?"},"content":{"rendered":"\n<p class=\"wp-block-paragraph\"><em><strong>Os mais de 210 mil inscritos no certame realizar\u00e3o as provas objetiva, discursiva e de t\u00edtulos, a depender do cargo; entenda <\/strong><\/em><\/p>\n\n\n\n<p class=\"wp-block-paragraph\">As provas do concurso da <strong><a href=\"https:\/\/www.estrategiaconcursos.com.br\/cursosPorConcurso\/sedes-df\" target=\"_blank\" rel=\"noreferrer noopener\">Secretaria de Desenvolvimento Social do Distrito Federal<\/a><\/strong> (Sedes DF) ser\u00e3o aplicadas no dia 06 de setembro. Ao todo, o certame recebeu mais de\u00a0<strong>210 mil<\/strong> <strong>inscri\u00e7\u00f5es<\/strong>.<\/p>\n\n\n\n<p class=\"wp-block-paragraph\">\u00a0Os candidatos disputam\u00a0<strong>1.197 vagas<\/strong>\u00a0imediatas, al\u00e9m de\u00a0<strong>3.591 oportunidades<\/strong>\u00a0em cadastro de reserva. A <a href=\"https:\/\/www.estrategiaconcursos.com.br\/blog\/concurso-sedes-df-2026-convocacao-de-prova\/\">consulta individual dos locais de aplica\u00e7\u00e3o das provas<\/a> j\u00e1 est\u00e1 dispon\u00edvel na \u201c\u00e1rea do candidato\u201d, no site do <strong>Instituto Quadrix<\/strong>, que \u00e9 a banca respons\u00e1vel pelo concurso.<\/p>\n\n\n\n<p class=\"wp-block-paragraph\">Confira, a seguir, todos os detalhes sobre as provas objetiva, discursiva e de t\u00edtulos:<\/p>\n\n\n\n<div class=\"container\" id=\"boxes\">\n  <div class=\"row\">\n\n    <div class=\"col-sm\">\n      <div class=\"banner-estrat-corj\" id=\"box-assinatura\">\n        <h2 class=\"titulo-assinatura\" style=\"text-align: left;\">Cursos para Sedes DF<\/h2>\n        <p class=\"subtitulo-assinatura\" style=\"text-align: left;\">Conhe\u00e7a os cursos<\/p>\n        <div class=\"box-botao\" style=\"text-align: left;\">\n          <a class=\"btn-assinatura\" target=\"_blank\" href=\"https:\/\/www.estrategiaconcursos.com.br\/cursosPorConcurso\/sedes-df\/\" role=\"button\" rel=\"noopener noreferrer\">CLIQUE AQUI<\/a>\n        <\/div>\n      <\/div><\/div><\/div><\/div>\n\n\n\n<h2 id=\"h-provas-do-concurso-sedes-df\" class=\"wp-block-heading\">Provas do concurso Sedes DF<\/h2>\n\n\n\n<p class=\"wp-block-paragraph\">Veja os detalhes de cada uma das etapas de provas do certame:<\/p>\n\n\n\n<h3 id=\"h-prova-objetiva\" class=\"wp-block-heading\">Prova objetiva<\/h3>\n\n\n\n<p class=\"wp-block-paragraph\">A&nbsp;<strong>prova objetiva<\/strong>&nbsp;valer\u00e1&nbsp;<strong>100 pontos<\/strong>&nbsp;e ser\u00e1 composta por&nbsp;<strong>60 quest\u00f5es<\/strong>&nbsp;de m\u00faltipla escolha:<\/p>\n\n\n\n<ul class=\"wp-block-list\">\n<li><strong>20 quest\u00f5es<\/strong>&nbsp;de conhecimentos&nbsp;<strong>gerais&nbsp;<\/strong>(peso 1 cada = 20 pontos); e<\/li>\n\n\n\n<li><strong>40 quest\u00f5es<\/strong>&nbsp;de conhecimentos&nbsp;<strong>espec\u00edficos&nbsp;<\/strong>(peso 2 cada = 80 pontos).<\/li>\n<\/ul>\n\n\n\n<p class=\"wp-block-paragraph\">Ser\u00e1 eliminado o candidato que obtiver menos de&nbsp;<strong>10 pontos<\/strong>&nbsp;em conhecimentos gerais ou menos de&nbsp;<strong>40 pontos<\/strong>&nbsp;em conhecimentos espec\u00edficos.<\/p>\n\n\n\n<h3 id=\"h-prova-discursiva\" class=\"wp-block-heading\">Prova discursiva<\/h3>\n\n\n\n<p class=\"wp-block-paragraph\">A&nbsp;<strong>prova discursiva<\/strong>&nbsp;tamb\u00e9m valer\u00e1 100 pontos e consistir\u00e1 na elabora\u00e7\u00e3o de texto dissertativo com&nbsp;<strong>m\u00ednimo de 20 e m\u00e1ximo de 30 linhas<\/strong>.<\/p>\n\n\n\n<p class=\"wp-block-paragraph\">Para as vagas EDAS, o texto assume o formato de estudo de caso com m\u00faltiplos questionamentos. J\u00e1 para o TDAS, trata-se de reda\u00e7\u00e3o dissertativo-argumentativa. O candidato precisa atingir ao menos\u00a0<strong>50 pontos<\/strong>\u00a0para ser aprovado nessa etapa.<\/p>\n\n\n\n<h3 id=\"h-prova-de-titulos\" class=\"wp-block-heading\">Prova de t\u00edtulos<\/h3>\n\n\n\n<p class=\"wp-block-paragraph\">A avalia\u00e7\u00e3o de t\u00edtulos valer\u00e1 at\u00e9\u00a0<strong>10 pontos<\/strong> e ter\u00e1 car\u00e1ter classificat\u00f3rio, exclusivamente para os cargos de Especialista em Desenvolvimento e Assist\u00eancia Social (EDAS). Os crit\u00e9rios de pontua\u00e7\u00e3o ser\u00e3o:<\/p>\n\n\n\n<figure class=\"wp-block-image aligncenter size-full\"><img loading=\"lazy\" decoding=\"async\" width=\"926\" height=\"460\" src=\"https:\/\/dhg1h5j42swfq.cloudfront.net\/2026\/09\/02143011\/sedes-df.png\" alt=\"\" class=\"wp-image-1805377\" srcset=\"https:\/\/dhg1h5j42swfq.cloudfront.net\/2026\/09\/02143011\/sedes-df.png 926w, https:\/\/dhg1h5j42swfq.cloudfront.net\/2026\/09\/02143011\/sedes-df-300x149.png 300w, https:\/\/dhg1h5j42swfq.cloudfront.net\/2026\/09\/02143011\/sedes-df-767x381.png 767w, https:\/\/dhg1h5j42swfq.cloudfront.net\/2026\/09\/02143011\/sedes-df-150x75.png 150w\" sizes=\"auto, (max-width: 926px) 100vw, 926px\" \/><\/figure>\n\n\n\n<h2 id=\"h-horarios-das-provas-sedes-df\" class=\"wp-block-heading\">Hor\u00e1rios das provas Sedes DF<\/h2>\n\n\n\n<p class=\"wp-block-paragraph\">As provas ter\u00e3o dura\u00e7\u00e3o total de 4 horas. A divis\u00e3o de hor\u00e1rios foi estabelecida conforme o n\u00edvel de escolaridade do cargo:<\/p>\n\n\n\n<figure class=\"wp-block-table is-style-stripes\"><table><thead><tr><td class=\"has-text-align-center\" data-align=\"center\"><strong>Cargo<\/strong><\/td><td class=\"has-text-align-center\" data-align=\"center\"><strong>Turno<\/strong><\/td><td class=\"has-text-align-center\" data-align=\"center\"><strong>Abertura dos port\u00f5es<\/strong><\/td><td class=\"has-text-align-center\" data-align=\"center\"><strong>Fechamento dos port\u00f5es<\/strong><\/td><\/tr><\/thead><tbody><tr><td class=\"has-text-align-center\" data-align=\"center\">Especialista em Desenvolvimento e Assist\u00eancia Social (EDAS)<\/td><td class=\"has-text-align-center\" data-align=\"center\">Manh\u00e3<\/td><td class=\"has-text-align-center\" data-align=\"center\">6h45<\/td><td class=\"has-text-align-center\" data-align=\"center\">7h45<\/td><\/tr><tr><td class=\"has-text-align-center\" data-align=\"center\">T\u00e9cnico em Desenvolvimento e Assist\u00eancia Social (TDAS)<\/td><td class=\"has-text-align-center\" data-align=\"center\">Tarde<\/td><td class=\"has-text-align-center\" data-align=\"center\">13h45<\/td><td class=\"has-text-align-center\" data-align=\"center\">14h45<\/td><\/tr><\/tbody><\/table><\/figure>\n\n\n\n<p class=\"has-text-align-center wp-block-paragraph\"><em><strong>Para ficar por dentro de todas as informa\u00e7\u00f5es sobre o Concurso Sedes DF, confira nosso artigo completo sobre a sele\u00e7\u00e3o:<\/strong><\/em><\/p>\n\n\n\n<p class=\"has-text-align-center has-very-light-gray-to-cyan-bluish-gray-gradient-background has-background has-medium-font-size wp-block-paragraph\"><strong><a href=\"https:\/\/www.estrategiaconcursos.com.br\/blog\/concurso-sedes-df\/\" target=\"_blank\" rel=\"noreferrer noopener\">Concurso Sedes DF<\/a><\/strong><\/p>\n\n\n\n<hr class=\"wp-block-separator has-alpha-channel-opacity\"\/>\n\n\n\n<p class=\"has-text-align-center has-x-large-font-size wp-block-paragraph\" id=\"cursos-assinatura\"><strong>Quer estudar para o Concurso SEDES DF?<\/strong><\/p>\n\n\n\n<div class=\"container\" id=\"boxes\">\n  <div class=\"row\">\n\n    <div class=\"col-sm\">\n      <div class=\"estrategia\" id=\"box-assinatura\">\n        <h3 class=\"titulo-assinatura\">Assinatura Concursos<\/h3>\n        <p class=\"subtitulo-assinatura\">Assinatura de 1 ano ou 2 anos<\/p>\n        <div class=\"box-botao\">\n          <a class=\"btn-assinatura\" target=\"_blank\" href=\"https:\/\/www.estrategiaconcursos.com.br\/blog\/assinaturas\/\" role=\"button\" rel=\"noopener noreferrer\">ASSINE AGORA<\/a>\n        <\/div>\n      <\/div><\/div><\/div><\/div>\n\n\n\n<p class=\"has-text-align-center has-x-large-font-size wp-block-paragraph\" id=\"h-quer-saber-tudo-sobre-concursos-previstos-confira-nossos-artigos\"><strong>Quer saber tudo sobre concursos previstos? Confira nossos artigos!<\/strong><\/p>\n\n\n\n<ul class=\"wp-block-list\">\n<li><a href=\"https:\/\/www.estrategiaconcursos.com.br\/blog\/concursos-abertos\/\" target=\"_blank\" rel=\"noreferrer noopener\">Concursos Abertos<\/a><\/li>\n\n\n\n<li><a href=\"https:\/\/www.estrategiaconcursos.com.br\/blog\/concursos-2026\/\" target=\"_blank\" rel=\"noreferrer noopener\">Concursos 2026<\/a><\/li>\n\n\n\n<li><a href=\"https:\/\/www.estrategiaconcursos.com.br\/blog\/concursos-2027\/\" target=\"_blank\" rel=\"noreferrer noopener\">Concursos 2027<\/a><\/li>\n\n\n\n<li><a href=\"https:\/\/www.estrategiaconcursos.com.br\/blog\/concursos-df\/\" target=\"_blank\" rel=\"noreferrer noopener\">Concursos DF<\/a><\/li>\n<\/ul>\n","protected":false},"excerpt":{"rendered":"<p>Os mais de 210 mil inscritos no certame realizar\u00e3o as provas objetiva, discursiva e de t\u00edtulos, a depender do cargo; entenda As provas do concurso da Secretaria de Desenvolvimento Social do Distrito Federal (Sedes DF) ser\u00e3o aplicadas no dia 06 de setembro. Ao todo, o certame recebeu mais de\u00a0210 mil inscri\u00e7\u00f5es. \u00a0Os candidatos disputam\u00a01.197 vagas\u00a0imediatas, [&hellip;]<\/p>\n","protected":false},"author":3198,"featured_media":1805381,"comment_status":"open","ping_status":"closed","sticky":false,"template":"","format":"standard","meta":{"_acf_changed":false,"post_tipo":"news","footnotes":""},"categories":[214992,220219],"tags":[],"tax_estado":[219970],"class_list":["post-1805370","post","type-post","status-publish","format-standard","has-post-thumbnail","hentry","category-concursos-administrativos","category-noticias","tax_estado-df"],"acf":[],"yoast_head":"<!-- This site is optimized with the Yoast SEO Premium plugin v28.1 (Yoast SEO v28.1) - https:\/\/yoast.com\/product\/yoast-seo-premium-wordpress\/ -->\n<title>Concurso SEDES DF:\u00a0como ser\u00e3o as provas?<\/title>\n<meta name=\"description\" content=\"Os mais de 210 mil inscritos no certame realizar\u00e3o as provas objetiva, discursiva e de t\u00edtulos, a depender do cargo; entenda\" \/>\n<meta name=\"robots\" content=\"index, follow, max-snippet:-1, max-image-preview:large, max-video-preview:-1\" \/>\n<link rel=\"canonical\" href=\"https:\/\/www.estrategiaconcursos.com.br\/blog\/concurso-sedes-df-provas\/\" \/>\n<meta property=\"og:locale\" content=\"pt_BR\" \/>\n<meta property=\"og:type\" content=\"article\" \/>\n<meta property=\"og:title\" content=\"Concurso SEDES DF:\u00a0como ser\u00e3o as provas?\" \/>\n<meta property=\"og:description\" content=\"Os mais de 210 mil inscritos no certame realizar\u00e3o as provas objetiva, discursiva e de t\u00edtulos, a depender do cargo; entenda\" \/>\n<meta property=\"og:url\" content=\"https:\/\/www.estrategiaconcursos.com.br\/blog\/concurso-sedes-df-provas\/\" \/>\n<meta property=\"og:site_name\" content=\"Estrat\u00e9gia Concursos\" \/>\n<meta property=\"article:published_time\" content=\"2026-09-03T10:00:00+00:00\" \/>\n<meta property=\"og:image\" content=\"https:\/\/dhg1h5j42swfq.cloudfront.net\/2026\/09\/02143621\/sedes-df.jpeg\" \/>\n\t<meta property=\"og:image:width\" content=\"768\" \/>\n\t<meta property=\"og:image:height\" content=\"432\" \/>\n\t<meta property=\"og:image:type\" content=\"image\/jpeg\" \/>\n<meta name=\"author\" content=\"Beatriz Santana\" \/>\n<meta name=\"twitter:card\" content=\"summary_large_image\" \/>\n<meta name=\"twitter:creator\" content=\"@EstratConcursos\" \/>\n<meta name=\"twitter:site\" content=\"@EstratConcursos\" \/>\n<meta name=\"twitter:label1\" content=\"Escrito por\" \/>\n\t<meta name=\"twitter:data1\" content=\"Beatriz Santana\" \/>\n\t<meta name=\"twitter:label2\" content=\"Est. tempo de leitura\" \/>\n\t<meta name=\"twitter:data2\" content=\"2 minutos\" \/>\n<script type=\"application\/ld+json\" class=\"yoast-schema-graph\">{\"@context\":\"https:\\\/\\\/schema.org\",\"@graph\":[{\"@type\":\"NewsArticle\",\"@id\":\"https:\\\/\\\/www.estrategiaconcursos.com.br\\\/blog\\\/concurso-sedes-df-provas\\\/#article\",\"isPartOf\":{\"@id\":\"https:\\\/\\\/www.estrategiaconcursos.com.br\\\/blog\\\/concurso-sedes-df-provas\\\/\"},\"author\":{\"name\":\"Beatriz Santana\",\"@id\":\"https:\\\/\\\/blog-estrategia.mystagingwebsite.com\\\/#\\\/schema\\\/person\\\/a56155f43f08308d944a2f1b6283727d\"},\"headline\":\"Concurso SEDES DF:\u00a0como ser\u00e3o as provas?\",\"datePublished\":\"2026-09-03T10:00:00+00:00\",\"mainEntityOfPage\":{\"@id\":\"https:\\\/\\\/www.estrategiaconcursos.com.br\\\/blog\\\/concurso-sedes-df-provas\\\/\"},\"wordCount\":444,\"commentCount\":0,\"publisher\":{\"@id\":\"https:\\\/\\\/blog-estrategia.mystagingwebsite.com\\\/#organization\"},\"image\":{\"@id\":\"https:\\\/\\\/www.estrategiaconcursos.com.br\\\/blog\\\/concurso-sedes-df-provas\\\/#primaryimage\"},\"thumbnailUrl\":\"https:\\\/\\\/dhg1h5j42swfq.cloudfront.net\\\/2026\\\/09\\\/02143621\\\/sedes-df.jpeg\",\"articleSection\":[\"Executivo (Administrativa)\",\"\u00daltimas not\u00edcias\"],\"inLanguage\":\"pt-BR\",\"potentialAction\":[{\"@type\":\"CommentAction\",\"name\":\"Comment\",\"target\":[\"https:\\\/\\\/www.estrategiaconcursos.com.br\\\/blog\\\/concurso-sedes-df-provas\\\/#respond\"]}],\"copyrightYear\":\"2026\",\"copyrightHolder\":{\"@id\":\"https:\\\/\\\/www.estrategiaconcursos.com.br\\\/blog\\\/#organization\"}},{\"@type\":\"WebPage\",\"@id\":\"https:\\\/\\\/www.estrategiaconcursos.com.br\\\/blog\\\/concurso-sedes-df-provas\\\/\",\"url\":\"https:\\\/\\\/www.estrategiaconcursos.com.br\\\/blog\\\/concurso-sedes-df-provas\\\/\",\"name\":\"Concurso SEDES DF:\u00a0como ser\u00e3o as provas?\",\"isPartOf\":{\"@id\":\"https:\\\/\\\/blog-estrategia.mystagingwebsite.com\\\/#website\"},\"primaryImageOfPage\":{\"@id\":\"https:\\\/\\\/www.estrategiaconcursos.com.br\\\/blog\\\/concurso-sedes-df-provas\\\/#primaryimage\"},\"image\":{\"@id\":\"https:\\\/\\\/www.estrategiaconcursos.com.br\\\/blog\\\/concurso-sedes-df-provas\\\/#primaryimage\"},\"thumbnailUrl\":\"https:\\\/\\\/dhg1h5j42swfq.cloudfront.net\\\/2026\\\/09\\\/02143621\\\/sedes-df.jpeg\",\"datePublished\":\"2026-09-03T10:00:00+00:00\",\"description\":\"Os mais de 210 mil inscritos no certame realizar\u00e3o as provas objetiva, discursiva e de t\u00edtulos, a depender do cargo; entenda\",\"breadcrumb\":{\"@id\":\"https:\\\/\\\/www.estrategiaconcursos.com.br\\\/blog\\\/concurso-sedes-df-provas\\\/#breadcrumb\"},\"inLanguage\":\"pt-BR\",\"potentialAction\":[{\"@type\":\"ReadAction\",\"target\":[\"https:\\\/\\\/www.estrategiaconcursos.com.br\\\/blog\\\/concurso-sedes-df-provas\\\/\"]}]},{\"@type\":\"ImageObject\",\"inLanguage\":\"pt-BR\",\"@id\":\"https:\\\/\\\/www.estrategiaconcursos.com.br\\\/blog\\\/concurso-sedes-df-provas\\\/#primaryimage\",\"url\":\"https:\\\/\\\/dhg1h5j42swfq.cloudfront.net\\\/2026\\\/09\\\/02143621\\\/sedes-df.jpeg\",\"contentUrl\":\"https:\\\/\\\/dhg1h5j42swfq.cloudfront.net\\\/2026\\\/09\\\/02143621\\\/sedes-df.jpeg\",\"width\":768,\"height\":432,\"caption\":\"sedes df\"},{\"@type\":\"BreadcrumbList\",\"@id\":\"https:\\\/\\\/www.estrategiaconcursos.com.br\\\/blog\\\/concurso-sedes-df-provas\\\/#breadcrumb\",\"itemListElement\":[{\"@type\":\"ListItem\",\"position\":1,\"name\":\"In\u00edcio\",\"item\":\"https:\\\/\\\/blog-estrategia.mystagingwebsite.com\\\/\"},{\"@type\":\"ListItem\",\"position\":2,\"name\":\"Concurso SEDES DF:\u00a0como ser\u00e3o as provas?\"}]},{\"@type\":\"WebSite\",\"@id\":\"https:\\\/\\\/blog-estrategia.mystagingwebsite.com\\\/#website\",\"url\":\"https:\\\/\\\/blog-estrategia.mystagingwebsite.com\\\/\",\"name\":\"Estrat\u00e9gia Concursos\",\"description\":\"O blog da Estrat\u00e9gia Concursos traz not\u00edcias sobre concursos e artigos de professores oferecendo cursos para concursos (pdf + videaulas) no site.\",\"publisher\":{\"@id\":\"https:\\\/\\\/blog-estrategia.mystagingwebsite.com\\\/#organization\"},\"potentialAction\":[{\"@type\":\"SearchAction\",\"target\":{\"@type\":\"EntryPoint\",\"urlTemplate\":\"https:\\\/\\\/blog-estrategia.mystagingwebsite.com\\\/?s={search_term_string}\"},\"query-input\":{\"@type\":\"PropertyValueSpecification\",\"valueRequired\":true,\"valueName\":\"search_term_string\"}}],\"inLanguage\":\"pt-BR\"},{\"@type\":\"Organization\",\"@id\":\"https:\\\/\\\/blog-estrategia.mystagingwebsite.com\\\/#organization\",\"name\":\"Estrat\u00e9gia Concursos\",\"url\":\"https:\\\/\\\/blog-estrategia.mystagingwebsite.com\\\/\",\"logo\":{\"@type\":\"ImageObject\",\"inLanguage\":\"pt-BR\",\"@id\":\"https:\\\/\\\/blog-estrategia.mystagingwebsite.com\\\/#\\\/schema\\\/logo\\\/image\\\/\",\"url\":\"https:\\\/\\\/dhg1h5j42swfq.cloudfront.net\\\/2025\\\/06\\\/03203428\\\/logo_concursos-1.jpg\",\"contentUrl\":\"https:\\\/\\\/dhg1h5j42swfq.cloudfront.net\\\/2025\\\/06\\\/03203428\\\/logo_concursos-1.jpg\",\"width\":230,\"height\":60,\"caption\":\"Estrat\u00e9gia Concursos\"},\"image\":{\"@id\":\"https:\\\/\\\/blog-estrategia.mystagingwebsite.com\\\/#\\\/schema\\\/logo\\\/image\\\/\"},\"sameAs\":[\"https:\\\/\\\/x.com\\\/EstratConcursos\"]},{\"@type\":\"Person\",\"@id\":\"https:\\\/\\\/blog-estrategia.mystagingwebsite.com\\\/#\\\/schema\\\/person\\\/a56155f43f08308d944a2f1b6283727d\",\"name\":\"Beatriz Santana\",\"image\":{\"@type\":\"ImageObject\",\"inLanguage\":\"pt-BR\",\"@id\":\"https:\\\/\\\/secure.gravatar.com\\\/avatar\\\/7547daa5690cb7ee1592e1cb137350cfe51b8b309b136617f253fbddf7a0531c?s=96&d=mm&r=g\",\"url\":\"https:\\\/\\\/secure.gravatar.com\\\/avatar\\\/7547daa5690cb7ee1592e1cb137350cfe51b8b309b136617f253fbddf7a0531c?s=96&d=mm&r=g\",\"contentUrl\":\"https:\\\/\\\/secure.gravatar.com\\\/avatar\\\/7547daa5690cb7ee1592e1cb137350cfe51b8b309b136617f253fbddf7a0531c?s=96&d=mm&r=g\",\"caption\":\"Beatriz Santana\"},\"description\":\"Jornalista formada pela Unesp, com mais de 4 anos de experi\u00eancia na cobertura de educa\u00e7\u00e3o e de processos seletivos.\",\"url\":\"https:\\\/\\\/www.estrategiaconcursos.com.br\\\/blog\\\/author\\\/beatriz-santanaestrategia-com\\\/\"}]}<\/script>\n<!-- \/ Yoast SEO Premium plugin. -->","yoast_head_json":{"title":"Concurso SEDES DF:\u00a0como ser\u00e3o as provas?","description":"Os mais de 210 mil inscritos no certame realizar\u00e3o as provas objetiva, discursiva e de t\u00edtulos, a depender do cargo; entenda","robots":{"index":"index","follow":"follow","max-snippet":"max-snippet:-1","max-image-preview":"max-image-preview:large","max-video-preview":"max-video-preview:-1"},"canonical":"https:\/\/www.estrategiaconcursos.com.br\/blog\/concurso-sedes-df-provas\/","og_locale":"pt_BR","og_type":"article","og_title":"Concurso SEDES DF:\u00a0como ser\u00e3o as provas?","og_description":"Os mais de 210 mil inscritos no certame realizar\u00e3o as provas objetiva, discursiva e de t\u00edtulos, a depender do cargo; entenda","og_url":"https:\/\/www.estrategiaconcursos.com.br\/blog\/concurso-sedes-df-provas\/","og_site_name":"Estrat\u00e9gia Concursos","article_published_time":"2026-09-03T10:00:00+00:00","og_image":[{"width":768,"height":432,"url":"https:\/\/dhg1h5j42swfq.cloudfront.net\/2026\/09\/02143621\/sedes-df.jpeg","type":"image\/jpeg"}],"author":"Beatriz Santana","twitter_card":"summary_large_image","twitter_creator":"@EstratConcursos","twitter_site":"@EstratConcursos","twitter_misc":{"Escrito por":"Beatriz Santana","Est. tempo de leitura":"2 minutos"},"schema":{"@context":"https:\/\/schema.org","@graph":[{"@type":"NewsArticle","@id":"https:\/\/www.estrategiaconcursos.com.br\/blog\/concurso-sedes-df-provas\/#article","isPartOf":{"@id":"https:\/\/www.estrategiaconcursos.com.br\/blog\/concurso-sedes-df-provas\/"},"author":{"name":"Beatriz Santana","@id":"https:\/\/blog-estrategia.mystagingwebsite.com\/#\/schema\/person\/a56155f43f08308d944a2f1b6283727d"},"headline":"Concurso SEDES DF:\u00a0como ser\u00e3o as provas?","datePublished":"2026-09-03T10:00:00+00:00","mainEntityOfPage":{"@id":"https:\/\/www.estrategiaconcursos.com.br\/blog\/concurso-sedes-df-provas\/"},"wordCount":444,"commentCount":0,"publisher":{"@id":"https:\/\/blog-estrategia.mystagingwebsite.com\/#organization"},"image":{"@id":"https:\/\/www.estrategiaconcursos.com.br\/blog\/concurso-sedes-df-provas\/#primaryimage"},"thumbnailUrl":"https:\/\/dhg1h5j42swfq.cloudfront.net\/2026\/09\/02143621\/sedes-df.jpeg","articleSection":["Executivo (Administrativa)","\u00daltimas not\u00edcias"],"inLanguage":"pt-BR","potentialAction":[{"@type":"CommentAction","name":"Comment","target":["https:\/\/www.estrategiaconcursos.com.br\/blog\/concurso-sedes-df-provas\/#respond"]}],"copyrightYear":"2026","copyrightHolder":{"@id":"https:\/\/www.estrategiaconcursos.com.br\/blog\/#organization"}},{"@type":"WebPage","@id":"https:\/\/www.estrategiaconcursos.com.br\/blog\/concurso-sedes-df-provas\/","url":"https:\/\/www.estrategiaconcursos.com.br\/blog\/concurso-sedes-df-provas\/","name":"Concurso SEDES DF:\u00a0como ser\u00e3o as provas?","isPartOf":{"@id":"https:\/\/blog-estrategia.mystagingwebsite.com\/#website"},"primaryImageOfPage":{"@id":"https:\/\/www.estrategiaconcursos.com.br\/blog\/concurso-sedes-df-provas\/#primaryimage"},"image":{"@id":"https:\/\/www.estrategiaconcursos.com.br\/blog\/concurso-sedes-df-provas\/#primaryimage"},"thumbnailUrl":"https:\/\/dhg1h5j42swfq.cloudfront.net\/2026\/09\/02143621\/sedes-df.jpeg","datePublished":"2026-09-03T10:00:00+00:00","description":"Os mais de 210 mil inscritos no certame realizar\u00e3o as provas objetiva, discursiva e de t\u00edtulos, a depender do cargo; entenda","breadcrumb":{"@id":"https:\/\/www.estrategiaconcursos.com.br\/blog\/concurso-sedes-df-provas\/#breadcrumb"},"inLanguage":"pt-BR","potentialAction":[{"@type":"ReadAction","target":["https:\/\/www.estrategiaconcursos.com.br\/blog\/concurso-sedes-df-provas\/"]}]},{"@type":"ImageObject","inLanguage":"pt-BR","@id":"https:\/\/www.estrategiaconcursos.com.br\/blog\/concurso-sedes-df-provas\/#primaryimage","url":"https:\/\/dhg1h5j42swfq.cloudfront.net\/2026\/09\/02143621\/sedes-df.jpeg","contentUrl":"https:\/\/dhg1h5j42swfq.cloudfront.net\/2026\/09\/02143621\/sedes-df.jpeg","width":768,"height":432,"caption":"sedes df"},{"@type":"BreadcrumbList","@id":"https:\/\/www.estrategiaconcursos.com.br\/blog\/concurso-sedes-df-provas\/#breadcrumb","itemListElement":[{"@type":"ListItem","position":1,"name":"In\u00edcio","item":"https:\/\/blog-estrategia.mystagingwebsite.com\/"},{"@type":"ListItem","position":2,"name":"Concurso SEDES DF:\u00a0como ser\u00e3o as provas?"}]},{"@type":"WebSite","@id":"https:\/\/blog-estrategia.mystagingwebsite.com\/#website","url":"https:\/\/blog-estrategia.mystagingwebsite.com\/","name":"Estrat\u00e9gia Concursos","description":"O blog da Estrat\u00e9gia Concursos traz not\u00edcias sobre concursos e artigos de professores oferecendo cursos para concursos (pdf + videaulas) no site.","publisher":{"@id":"https:\/\/blog-estrategia.mystagingwebsite.com\/#organization"},"potentialAction":[{"@type":"SearchAction","target":{"@type":"EntryPoint","urlTemplate":"https:\/\/blog-estrategia.mystagingwebsite.com\/?s={search_term_string}"},"query-input":{"@type":"PropertyValueSpecification","valueRequired":true,"valueName":"search_term_string"}}],"inLanguage":"pt-BR"},{"@type":"Organization","@id":"https:\/\/blog-estrategia.mystagingwebsite.com\/#organization","name":"Estrat\u00e9gia Concursos","url":"https:\/\/blog-estrategia.mystagingwebsite.com\/","logo":{"@type":"ImageObject","inLanguage":"pt-BR","@id":"https:\/\/blog-estrategia.mystagingwebsite.com\/#\/schema\/logo\/image\/","url":"https:\/\/dhg1h5j42swfq.cloudfront.net\/2025\/06\/03203428\/logo_concursos-1.jpg","contentUrl":"https:\/\/dhg1h5j42swfq.cloudfront.net\/2025\/06\/03203428\/logo_concursos-1.jpg","width":230,"height":60,"caption":"Estrat\u00e9gia Concursos"},"image":{"@id":"https:\/\/blog-estrategia.mystagingwebsite.com\/#\/schema\/logo\/image\/"},"sameAs":["https:\/\/x.com\/EstratConcursos"]},{"@type":"Person","@id":"https:\/\/blog-estrategia.mystagingwebsite.com\/#\/schema\/person\/a56155f43f08308d944a2f1b6283727d","name":"Beatriz Santana","image":{"@type":"ImageObject","inLanguage":"pt-BR","@id":"https:\/\/secure.gravatar.com\/avatar\/7547daa5690cb7ee1592e1cb137350cfe51b8b309b136617f253fbddf7a0531c?s=96&d=mm&r=g","url":"https:\/\/secure.gravatar.com\/avatar\/7547daa5690cb7ee1592e1cb137350cfe51b8b309b136617f253fbddf7a0531c?s=96&d=mm&r=g","contentUrl":"https:\/\/secure.gravatar.com\/avatar\/7547daa5690cb7ee1592e1cb137350cfe51b8b309b136617f253fbddf7a0531c?s=96&d=mm&r=g","caption":"Beatriz Santana"},"description":"Jornalista formada pela Unesp, com mais de 4 anos de experi\u00eancia na cobertura de educa\u00e7\u00e3o e de processos seletivos.","url":"https:\/\/www.estrategiaconcursos.com.br\/blog\/author\/beatriz-santanaestrategia-com\/"}]}},"_links":{"self":[{"href":"https:\/\/www.estrategiaconcursos.com.br\/blog\/wp-json\/wp\/v2\/posts\/1805370","targetHints":{"allow":["GET"]}}],"collection":[{"href":"https:\/\/www.estrategiaconcursos.com.br\/blog\/wp-json\/wp\/v2\/posts"}],"about":[{"href":"https:\/\/www.estrategiaconcursos.com.br\/blog\/wp-json\/wp\/v2\/types\/post"}],"author":[{"embeddable":true,"href":"https:\/\/www.estrategiaconcursos.com.br\/blog\/wp-json\/wp\/v2\/users\/3198"}],"replies":[{"embeddable":true,"href":"https:\/\/www.estrategiaconcursos.com.br\/blog\/wp-json\/wp\/v2\/comments?post=1805370"}],"version-history":[{"count":1,"href":"https:\/\/www.estrategiaconcursos.com.br\/blog\/wp-json\/wp\/v2\/posts\/1805370\/revisions"}],"predecessor-version":[{"id":1805386,"href":"https:\/\/www.estrategiaconcursos.com.br\/blog\/wp-json\/wp\/v2\/posts\/1805370\/revisions\/1805386"}],"wp:featuredmedia":[{"embeddable":true,"href":"https:\/\/www.estrategiaconcursos.com.br\/blog\/wp-json\/wp\/v2\/media\/1805381"}],"wp:attachment":[{"href":"https:\/\/www.estrategiaconcursos.com.br\/blog\/wp-json\/wp\/v2\/media?parent=1805370"}],"wp:term":[{"taxonomy":"category","embeddable":true,"href":"https:\/\/www.estrategiaconcursos.com.br\/blog\/wp-json\/wp\/v2\/categories?post=1805370"},{"taxonomy":"post_tag","embeddable":true,"href":"https:\/\/www.estrategiaconcursos.com.br\/blog\/wp-json\/wp\/v2\/tags?post=1805370"},{"taxonomy":"tax_estado","embeddable":true,"href":"https:\/\/www.estrategiaconcursos.com.br\/blog\/wp-json\/wp\/v2\/tax_estado?post=1805370"}],"curies":[{"name":"wp","href":"https:\/\/api.w.org\/{rel}","templated":true}]}}