{"id":1805369,"date":"2026-09-02T14:37:40","date_gmt":"2026-09-02T17:37:40","guid":{"rendered":"https:\/\/www.estrategiaconcursos.com.br\/blog\/?p=1805369"},"modified":"2026-09-02T14:38:16","modified_gmt":"2026-09-02T17:38:16","slug":"concurso-porto-velho-semusa-semed-banca-contratada","status":"publish","type":"post","link":"https:\/\/www.estrategiaconcursos.com.br\/blog\/concurso-porto-velho-semusa-semed-banca-contratada\/","title":{"rendered":"Concurso Porto Velho: IBGP \u00e9 oficialmente contratado!"},"content":{"rendered":"\n<p class=\"wp-block-paragraph\" style=\"font-size:clamp(15.747px, 0.984rem + ((1vw - 3.2px) * 0.809), 24px);\"><em><strong>Concurso Porto Velho para a Sa\u00fade (Semusa) e Educa\u00e7\u00e3o (SEMED) \u00e9 iminente ap\u00f3s contrata\u00e7\u00e3o da banca<\/strong><\/em><\/p>\n\n\n\n<p class=\"wp-block-paragraph\">A <strong>Prefeitura de Porto Velho<\/strong> avan\u00e7ou na organiza\u00e7\u00e3o de seu novo concurso conjunto e acaba de <a href=\"https:\/\/dhg1h5j42swfq.cloudfront.net\/2026\/09\/02143315\/sei1483871contratopgm.pdf\" target=\"_blank\" rel=\"noreferrer noopener nofollow\">contratar oficialmente<\/a> o <strong>Instituto Brasileiro de Gest\u00e3o e Pesquisa (IBGP)<\/strong>. A empresa ficar\u00e1 respons\u00e1vel pelos certames da <strong>Secretaria Municipal de Educa\u00e7\u00e3o (SEMED) <\/strong>e da <strong>Secretaria Municipal de Sa\u00fade (SEMUSA)<\/strong>.<\/p>\n\n\n\n<p class=\"wp-block-paragraph\">A informa\u00e7\u00e3o foi confirmada nesta quarta-feira (2), em publica\u00e7\u00e3o no Portal Nacional de Contrata\u00e7\u00f5es P\u00fablicas (PNCP).<\/p>\n\n\n\n<figure class=\"wp-block-image aligncenter size-full\"><img loading=\"lazy\" decoding=\"async\" width=\"729\" height=\"594\" src=\"https:\/\/dhg1h5j42swfq.cloudfront.net\/2026\/09\/02143602\/contrato-ibgp.jpg\" alt=\"Concurso Porto Velho: IBGP \u00e9 oficialmente contratado!\" class=\"wp-image-1805380\" srcset=\"https:\/\/dhg1h5j42swfq.cloudfront.net\/2026\/09\/02143602\/contrato-ibgp.jpg 729w, https:\/\/dhg1h5j42swfq.cloudfront.net\/2026\/09\/02143602\/contrato-ibgp-300x244.jpg 300w, https:\/\/dhg1h5j42swfq.cloudfront.net\/2026\/09\/02143602\/contrato-ibgp-150x122.jpg 150w\" sizes=\"auto, (max-width: 729px) 100vw, 729px\" \/><figcaption class=\"wp-element-caption\">Concurso Porto Velho: IBGP \u00e9 oficialmente contratado!<\/figcaption><\/figure>\n\n\n\n<p class=\"wp-block-paragraph\">A sele\u00e7\u00e3o ofertar\u00e1 <strong>2.678 vagas<\/strong>, somando oportunidades para <strong>provimento imediato e forma\u00e7\u00e3o de cadastro de reserva em ambas as secretarias<\/strong>. <\/p>\n\n\n\n<ul class=\"wp-block-list\">\n<li><strong>SEMED:<\/strong> 165 vagas imediatas + 265 CR;<\/li>\n\n\n\n<li><strong>SEMUSA:<\/strong> 659 vagas imediatas + 1.589 CR.<\/li>\n<\/ul>\n\n\n\n<div class=\"container\" id=\"boxes\">\n  <div class=\"row\">\n\n    <div class=\"col-sm\">\n      <div class=\"banner-controle-ec\" id=\"box-assinatura\">\n        <h2 class=\"titulo-assinatura\" style=\"text-align: left;\">Concursos Porto Velho<\/h2>\n        <p class=\"subtitulo-assinatura\" style=\"text-align: left;\">Prepara\u00e7\u00e3o completa para os concursos<\/p>\n        <div class=\"box-botao\" style=\"text-align: left;\">\n          <a class=\"btn-assinatura\" target=\"_blank\" href=\"https:\/\/www.estrategiaconcursos.com.br\/cursosPorConcurso\/prefeitura-municipal-de-porto-velho-ro\/\" role=\"button\" rel=\"noopener noreferrer\">VER CURSOS<\/a>\n        <\/div>\n      <\/div><\/div><\/div><\/div>\n\n\n\n<h2 id=\"h-distribuicao-de-cargos-no-concurso-porto-velho\" class=\"wp-block-heading\">Distribui\u00e7\u00e3o de cargos no Concurso Porto Velho<\/h2>\n\n\n\n<p class=\"wp-block-paragraph\">O planejamento prev\u00ea oportunidades em diversos n\u00edveis de escolaridade para as duas secretarias municipais. Abaixo, confira a distribui\u00e7\u00e3o exata das vagas:<\/p>\n\n\n\n<h3 id=\"h-vagas-da-semed\" class=\"wp-block-heading\">Vagas da SEMED<\/h3>\n\n\n\n<figure class=\"wp-block-table is-style-stripes\"><table><thead><tr><td class=\"has-text-align-center\" data-align=\"center\"><strong>Cargos<\/strong><\/td><td class=\"has-text-align-center\" data-align=\"center\"><strong>Vagas imediatas <\/strong><\/td><td class=\"has-text-align-center\" data-align=\"center\"><strong>Vagas CR <\/strong><\/td><td class=\"has-text-align-center\" data-align=\"center\"><strong>Total de vagas <\/strong><\/td><\/tr><\/thead><tbody><tr><td class=\"has-text-align-center\" data-align=\"center\">Professor N\u00edvel II &#8211; S\u00e9ries Iniciais<sup><\/sup><\/td><td class=\"has-text-align-center\" data-align=\"center\">165<sup><\/sup><\/td><td class=\"has-text-align-center\" data-align=\"center\">165<sup><\/sup><\/td><td class=\"has-text-align-center\" data-align=\"center\">330<sup><\/sup><\/td><\/tr><tr><td class=\"has-text-align-center\" data-align=\"center\">Especialista em Educa\u00e7\u00e3o &#8211; Supervis\u00e3o Escolar<sup><\/sup><\/td><td class=\"has-text-align-center\" data-align=\"center\">0<sup><\/sup><\/td><td class=\"has-text-align-center\" data-align=\"center\">25<sup><\/sup><\/td><td class=\"has-text-align-center\" data-align=\"center\">25<sup><\/sup><\/td><\/tr><tr><td class=\"has-text-align-center\" data-align=\"center\">Especialista em Educa\u00e7\u00e3o &#8211; Orienta\u00e7\u00e3o Escolar<sup><\/sup><\/td><td class=\"has-text-align-center\" data-align=\"center\">0<sup><\/sup><\/td><td class=\"has-text-align-center\" data-align=\"center\">25<sup><\/sup><\/td><td class=\"has-text-align-center\" data-align=\"center\">25<sup><\/sup><\/td><\/tr><tr><td class=\"has-text-align-center\" data-align=\"center\">Agente de Secretaria Escolar<sup><\/sup><\/td><td class=\"has-text-align-center\" data-align=\"center\">0<sup><\/sup><\/td><td class=\"has-text-align-center\" data-align=\"center\">50<sup><\/sup><\/td><td class=\"has-text-align-center\" data-align=\"center\">50<sup><\/sup><\/td><\/tr><\/tbody><\/table><\/figure>\n\n\n\n<h3 id=\"h-vagas-da-semusa\" class=\"wp-block-heading\">Vagas da SEMUSA<\/h3>\n\n\n\n<figure class=\"wp-block-table is-style-stripes\"><table><thead><tr><td class=\"has-text-align-center\" data-align=\"center\"><strong>Cargos <\/strong><\/td><td class=\"has-text-align-center\" data-align=\"center\"><strong>Vagas imediatas <\/strong><\/td><td class=\"has-text-align-center\" data-align=\"center\"><strong>Vagas CR <\/strong><\/td><td class=\"has-text-align-center\" data-align=\"center\"><strong>Total de vagas <\/strong><\/td><\/tr><\/thead><tbody><tr><td class=\"has-text-align-center\" data-align=\"center\">M\u00e9dico (20h e 40h &#8211; diversas especialidades)<sup><\/sup><\/td><td class=\"has-text-align-center\" data-align=\"center\">59<sup><\/sup><\/td><td class=\"has-text-align-center\" data-align=\"center\">154<sup><\/sup><\/td><td class=\"has-text-align-center\" data-align=\"center\">213<sup><\/sup><\/td><\/tr><tr><td class=\"has-text-align-center\" data-align=\"center\">Assistente Social<sup><\/sup><\/td><td class=\"has-text-align-center\" data-align=\"center\">5<sup><\/sup><\/td><td class=\"has-text-align-center\" data-align=\"center\">21<sup><\/sup><\/td><td class=\"has-text-align-center\" data-align=\"center\">26<sup><\/sup><\/td><\/tr><tr><td class=\"has-text-align-center\" data-align=\"center\">Terapeuta Ocupacional<sup><\/sup><\/td><td class=\"has-text-align-center\" data-align=\"center\">5<sup><\/sup><\/td><td class=\"has-text-align-center\" data-align=\"center\">5<sup><\/sup><\/td><td class=\"has-text-align-center\" data-align=\"center\">10<sup><\/sup><\/td><\/tr><tr><td class=\"has-text-align-center\" data-align=\"center\">Farmac\u00eautico<sup><\/sup><\/td><td class=\"has-text-align-center\" data-align=\"center\">29<sup><\/sup><\/td><td class=\"has-text-align-center\" data-align=\"center\">74<sup><\/sup><\/td><td class=\"has-text-align-center\" data-align=\"center\">103<sup><\/sup><\/td><\/tr><tr><td class=\"has-text-align-center\" data-align=\"center\">Fonoaudi\u00f3logo<sup><\/sup><\/td><td class=\"has-text-align-center\" data-align=\"center\">5<sup><\/sup><\/td><td class=\"has-text-align-center\" data-align=\"center\">10<sup><\/sup><\/td><td class=\"has-text-align-center\" data-align=\"center\">15<sup><\/sup><\/td><\/tr><tr><td class=\"has-text-align-center\" data-align=\"center\">Fisioterapeuta<sup><\/sup><\/td><td class=\"has-text-align-center\" data-align=\"center\">5<sup><\/sup><\/td><td class=\"has-text-align-center\" data-align=\"center\">8<sup><\/sup><\/td><td class=\"has-text-align-center\" data-align=\"center\">13<sup><\/sup><\/td><\/tr><tr><td class=\"has-text-align-center\" data-align=\"center\">Biom\u00e9dico e Bioqu\u00edmico<sup><\/sup><\/td><td class=\"has-text-align-center\" data-align=\"center\">40<sup><\/sup><\/td><td class=\"has-text-align-center\" data-align=\"center\">43<sup><\/sup><\/td><td class=\"has-text-align-center\" data-align=\"center\">83<sup><\/sup><\/td><\/tr><tr><td class=\"has-text-align-center\" data-align=\"center\">Psic\u00f3logo<sup><\/sup><\/td><td class=\"has-text-align-center\" data-align=\"center\">5<sup><\/sup><\/td><td class=\"has-text-align-center\" data-align=\"center\">20<sup><\/sup><\/td><td class=\"has-text-align-center\" data-align=\"center\">25<sup><\/sup><\/td><\/tr><tr><td class=\"has-text-align-center\" data-align=\"center\">Nutricionista<sup><\/sup><\/td><td class=\"has-text-align-center\" data-align=\"center\">5<sup><\/sup><\/td><td class=\"has-text-align-center\" data-align=\"center\">11<sup><\/sup><\/td><td class=\"has-text-align-center\" data-align=\"center\">16<sup><\/sup><\/td><\/tr><tr><td class=\"has-text-align-center\" data-align=\"center\">Enfermeiro (diversas \u00e1reas)<sup><\/sup><\/td><td class=\"has-text-align-center\" data-align=\"center\">52<sup><\/sup><\/td><td class=\"has-text-align-center\" data-align=\"center\">129<sup><\/sup><\/td><td class=\"has-text-align-center\" data-align=\"center\">181<sup><\/sup><\/td><\/tr><tr><td class=\"has-text-align-center\" data-align=\"center\">Odont\u00f3logo<sup><\/sup><\/td><td class=\"has-text-align-center\" data-align=\"center\">23<sup><\/sup><\/td><td class=\"has-text-align-center\" data-align=\"center\">33<sup><\/sup><\/td><td class=\"has-text-align-center\" data-align=\"center\">56<sup><\/sup><\/td><\/tr><tr><td class=\"has-text-align-center\" data-align=\"center\">Bi\u00f3logo<sup><\/sup><\/td><td class=\"has-text-align-center\" data-align=\"center\">1<sup><\/sup><\/td><td class=\"has-text-align-center\" data-align=\"center\">2<sup><\/sup><\/td><td class=\"has-text-align-center\" data-align=\"center\">3<sup><\/sup><\/td><\/tr><tr><td class=\"has-text-align-center\" data-align=\"center\">T\u00e9cnico em Higiene Dental<sup><\/sup><\/td><td class=\"has-text-align-center\" data-align=\"center\">28<sup><\/sup><\/td><td class=\"has-text-align-center\" data-align=\"center\">58<sup><\/sup><\/td><td class=\"has-text-align-center\" data-align=\"center\">86<sup><\/sup><\/td><\/tr><tr><td class=\"has-text-align-center\" data-align=\"center\">Auxiliar de Odontologia<sup><\/sup><\/td><td class=\"has-text-align-center\" data-align=\"center\">28<sup><\/sup><\/td><td class=\"has-text-align-center\" data-align=\"center\">31<sup><\/sup><\/td><td class=\"has-text-align-center\" data-align=\"center\">59<sup><\/sup><\/td><\/tr><tr><td class=\"has-text-align-center\" data-align=\"center\">T\u00e9cnico em Enfermagem<sup><\/sup><\/td><td class=\"has-text-align-center\" data-align=\"center\">43<sup><\/sup><\/td><td class=\"has-text-align-center\" data-align=\"center\">166<sup><\/sup><\/td><td class=\"has-text-align-center\" data-align=\"center\">209<sup><\/sup><\/td><\/tr><tr><td class=\"has-text-align-center\" data-align=\"center\">T\u00e9cnico em Laborat\u00f3rio e Radiologia<sup><\/sup><\/td><td class=\"has-text-align-center\" data-align=\"center\">55<sup><\/sup><\/td><td class=\"has-text-align-center\" data-align=\"center\">125<sup><\/sup><\/td><td class=\"has-text-align-center\" data-align=\"center\">180<sup><\/sup><\/td><\/tr><tr><td class=\"has-text-align-center\" data-align=\"center\">Auxiliar de Farm\u00e1cia<sup><\/sup><\/td><td class=\"has-text-align-center\" data-align=\"center\">43<sup><\/sup><\/td><td class=\"has-text-align-center\" data-align=\"center\">113<sup><\/sup><\/td><td class=\"has-text-align-center\" data-align=\"center\">156<sup><\/sup><\/td><\/tr><tr><td class=\"has-text-align-center\" data-align=\"center\">Agente Comunit\u00e1rio de Sa\u00fade (ACS)<sup><\/sup><\/td><td class=\"has-text-align-center\" data-align=\"center\">43<sup><\/sup><\/td><td class=\"has-text-align-center\" data-align=\"center\">107<sup><\/sup><\/td><td class=\"has-text-align-center\" data-align=\"center\">150<sup><\/sup><\/td><\/tr><tr><td class=\"has-text-align-center\" data-align=\"center\">Assistente Administrativo<sup><\/sup><\/td><td class=\"has-text-align-center\" data-align=\"center\">38<sup><\/sup><\/td><td class=\"has-text-align-center\" data-align=\"center\">205<sup><\/sup><\/td><td class=\"has-text-align-center\" data-align=\"center\">243<sup><\/sup><\/td><\/tr><tr><td class=\"has-text-align-center\" data-align=\"center\">Agente de Combate \u00e0s Endemias (ACE)<sup><\/sup><\/td><td class=\"has-text-align-center\" data-align=\"center\">40<sup><\/sup><\/td><td class=\"has-text-align-center\" data-align=\"center\">100<sup><\/sup><\/td><td class=\"has-text-align-center\" data-align=\"center\">140<sup><\/sup><\/td><\/tr><tr><td class=\"has-text-align-center\" data-align=\"center\">Auxiliar de Servi\u00e7o Veterin\u00e1rio e Servi\u00e7os de Sa\u00fade<sup><\/sup><\/td><td class=\"has-text-align-center\" data-align=\"center\">2<sup><\/sup><\/td><td class=\"has-text-align-center\" data-align=\"center\">20<sup><\/sup><\/td><td class=\"has-text-align-center\" data-align=\"center\">22<sup><\/sup><\/td><\/tr><tr><td class=\"has-text-align-center\" data-align=\"center\">Auxiliar de Servi\u00e7os Gerais &#8211; \u00c1rea Rural<sup><\/sup><\/td><td class=\"has-text-align-center\" data-align=\"center\">18<sup><\/sup><\/td><td class=\"has-text-align-center\" data-align=\"center\">18<sup><\/sup><\/td><td class=\"has-text-align-center\" data-align=\"center\">36<sup><\/sup><\/td><\/tr><tr><td class=\"has-text-align-center\" data-align=\"center\">Cuidador Social<sup><\/sup><\/td><td class=\"has-text-align-center\" data-align=\"center\">4<sup><\/sup><\/td><td class=\"has-text-align-center\" data-align=\"center\">10<sup><\/sup><\/td><td class=\"has-text-align-center\" data-align=\"center\">14<sup><\/sup><\/td><\/tr><tr><td class=\"has-text-align-center\" data-align=\"center\">Motorista (cargas, passageiros, passeio e duas rodas)<sup><\/sup><\/td><td class=\"has-text-align-center\" data-align=\"center\">74<sup><\/sup><\/td><td class=\"has-text-align-center\" data-align=\"center\">117<sup><\/sup><\/td><td class=\"has-text-align-center\" data-align=\"center\">191<sup><\/sup><\/td><\/tr><tr><td class=\"has-text-align-center\" data-align=\"center\">Administrador Hospitalar<sup><\/sup><\/td><td class=\"has-text-align-center\" data-align=\"center\">1<sup><\/sup><\/td><td class=\"has-text-align-center\" data-align=\"center\">1<sup><\/sup><\/td><td class=\"has-text-align-center\" data-align=\"center\">2<sup><\/sup><\/td><\/tr><\/tbody><\/table><\/figure>\n\n\n\n<h2 id=\"h-etapas-de-prova\" class=\"wp-block-heading\">Etapas de prova<\/h2>\n\n\n\n<p class=\"wp-block-paragraph\">A sele\u00e7\u00e3o dos candidatos ser\u00e1 feita mediante fases eliminat\u00f3rias e classificat\u00f3rias<sup><\/sup>. As etapas previstas incluem:<\/p>\n\n\n\n<ul class=\"wp-block-list\">\n<li><strong>Provas objetivas<\/strong>: de m\u00faltipla escolha, cobrando conhecimentos gerais e espec\u00edficos para todos os inscritos;<\/li>\n\n\n\n<li><strong>Provas discursivas<\/strong>: exigidas para os cargos de n\u00edvel superior e especialistas da educa\u00e7\u00e3o e da sa\u00fade;<\/li>\n\n\n\n<li><strong>Provas de t\u00edtulos<\/strong>: de car\u00e1ter exclusivamente classificat\u00f3rio, voltadas aos candidatos de n\u00edvel superior;<\/li>\n\n\n\n<li><strong>Provas pr\u00e1ticas<\/strong>: avalia\u00e7\u00e3o de habilidade que poder\u00e1 ser aplicada aos cargos t\u00e9cnicos e operacionais;<\/li>\n\n\n\n<li><strong>Procedimentos de heteroidentifica\u00e7\u00e3o e avalia\u00e7\u00e3o biopsicossocial<\/strong>: para candidatos que concorrem \u00e0s vagas reservadas.<\/li>\n<\/ul>\n\n\n\n<p class=\"has-text-align-center wp-block-paragraph\"><em>Para ficar por dentro de todas as informa\u00e7\u00f5es sobre os novos concursos da Prefeitura de Porto Velho para a SEMED (educa\u00e7\u00e3o) e SEMUSA (sa\u00fade), com banca organizadora j\u00e1 contratada, acesse nossos artigos na \u00edntegra:<\/em><\/p>\n\n\n\n<p class=\"has-text-align-center has-very-light-gray-to-cyan-bluish-gray-gradient-background has-background wp-block-paragraph\" style=\"font-size:clamp(15.197px, 0.95rem + ((1vw - 3.2px) * 0.765), 23px);\"><strong>Saiba mais: <a href=\"https:\/\/www.estrategiaconcursos.com.br\/blog\/concurso-semed-porto-velho\/\" target=\"_blank\" rel=\"noreferrer noopener\">Concurso SEMED Porto Velho 2026<\/a><\/strong><\/p>\n\n\n\n<hr class=\"wp-block-separator has-alpha-channel-opacity\"\/>\n\n\n\n<div class=\"container\" id=\"boxes\">\n  <div class=\"row\">\n\n    <div class=\"col-sm\">\n      <div class=\"estrategia\" id=\"box-assinatura\">\n        <h3 class=\"titulo-assinatura\">Assinatura Concursos<\/h3>\n        <p class=\"subtitulo-assinatura\">Assinatura de 1 ano ou 2 anos<\/p>\n        <div class=\"box-botao\">\n          <a class=\"btn-assinatura\" target=\"_blank\" href=\"https:\/\/www.estrategiaconcursos.com.br\/blog\/assinaturas\/\" role=\"button\" rel=\"noopener noreferrer\">ASSINE AGORA<\/a>\n        <\/div>\n      <\/div>\n     \n    <\/div><\/div><\/div>\n\n\n\n<p class=\"has-text-align-center wp-block-paragraph\" id=\"h-quer-saber-tudo-sobre-concursos-previstos-confira-nossos-artigos\" style=\"font-size:clamp(16.834px, 1.052rem + ((1vw - 3.2px) * 0.899), 26px);\"><strong>Quer saber tudo sobre concursos previstos?<br \/>Confira nossos artigos!<\/strong><\/p>\n\n\n\n<ul class=\"wp-block-list\">\n<li><a href=\"https:\/\/www.estrategiaconcursos.com.br\/blog\/concursos-abertos\/\" target=\"_blank\" rel=\"noreferrer noopener\">Concursos Abertos<\/a><\/li>\n\n\n\n<li><a href=\"https:\/\/www.estrategiaconcursos.com.br\/blog\/concursos-educacao\/\" target=\"_blank\" rel=\"noreferrer noopener\">Concursos Educa\u00e7\u00e3o<\/a><\/li>\n\n\n\n<li><a href=\"https:\/\/www.estrategiaconcursos.com.br\/blog\/concursos-area-da-saude\/\" target=\"_blank\" rel=\"noreferrer noopener\">Concursos Sa\u00fade<\/a><\/li>\n\n\n\n<li><a href=\"https:\/\/www.estrategiaconcursos.com.br\/blog\/concursos-2026\/\" target=\"_blank\" rel=\"noreferrer noopener\">Concursos 2026<\/a><\/li>\n\n\n\n<li><a href=\"https:\/\/www.estrategiaconcursos.com.br\/blog\/concursos-2027\/\" target=\"_blank\" rel=\"noreferrer noopener\">Concursos 2027<\/a><\/li>\n<\/ul>\n","protected":false},"excerpt":{"rendered":"<p>Concurso Porto Velho para a Sa\u00fade (Semusa) e Educa\u00e7\u00e3o (SEMED) \u00e9 iminente ap\u00f3s contrata\u00e7\u00e3o da banca A Prefeitura de Porto Velho avan\u00e7ou na organiza\u00e7\u00e3o de seu novo concurso conjunto e acaba de contratar oficialmente o Instituto Brasileiro de Gest\u00e3o e Pesquisa (IBGP). A empresa ficar\u00e1 respons\u00e1vel pelos certames da Secretaria Municipal de Educa\u00e7\u00e3o (SEMED) e [&hellip;]<\/p>\n","protected":false},"author":659,"featured_media":1673233,"comment_status":"open","ping_status":"closed","sticky":false,"template":"","format":"standard","meta":{"_acf_changed":false,"post_tipo":"news","footnotes":""},"categories":[3766,222278,1981,220219],"tags":[],"tax_estado":[219984],"class_list":["post-1805369","post","type-post","status-publish","format-standard","has-post-thumbnail","hentry","category-educacional","category-prefeituras","category-saude","category-noticias","tax_estado-ro"],"acf":[],"yoast_head":"<!-- This site is optimized with the Yoast SEO Premium plugin v28.1 (Yoast SEO v28.1) - https:\/\/yoast.com\/product\/yoast-seo-premium-wordpress\/ -->\n<title>Concurso Porto Velho: IBGP \u00e9 oficialmente contratado!<\/title>\n<meta name=\"description\" content=\"Saiba tudo sobre o Concurso Porto Velho e as oportunidades na Sa\u00fade e Educa\u00e7\u00e3o com organiza\u00e7\u00e3o da banca IBGP.\" \/>\n<meta name=\"robots\" content=\"index, follow, max-snippet:-1, max-image-preview:large, max-video-preview:-1\" \/>\n<link rel=\"canonical\" href=\"https:\/\/www.estrategiaconcursos.com.br\/blog\/concurso-porto-velho-semusa-semed-banca-contratada\/\" \/>\n<meta property=\"og:locale\" content=\"pt_BR\" \/>\n<meta property=\"og:type\" content=\"article\" \/>\n<meta property=\"og:title\" content=\"Concurso Porto Velho: IBGP \u00e9 oficialmente contratado!\" \/>\n<meta property=\"og:description\" content=\"Saiba tudo sobre o Concurso Porto Velho e as oportunidades na Sa\u00fade e Educa\u00e7\u00e3o com organiza\u00e7\u00e3o da banca IBGP.\" \/>\n<meta property=\"og:url\" content=\"https:\/\/www.estrategiaconcursos.com.br\/blog\/concurso-porto-velho-semusa-semed-banca-contratada\/\" \/>\n<meta property=\"og:site_name\" content=\"Estrat\u00e9gia Concursos\" \/>\n<meta property=\"article:published_time\" content=\"2026-09-02T17:37:40+00:00\" \/>\n<meta property=\"article:modified_time\" content=\"2026-09-02T17:38:16+00:00\" \/>\n<meta property=\"og:image\" content=\"https:\/\/dhg1h5j42swfq.cloudfront.net\/2025\/11\/20085752\/prefeitura-de-porto-velho.jpg\" \/>\n\t<meta property=\"og:image:width\" content=\"768\" \/>\n\t<meta property=\"og:image:height\" content=\"432\" \/>\n\t<meta property=\"og:image:type\" content=\"image\/jpeg\" \/>\n<meta name=\"author\" content=\"Camila Leite\" \/>\n<meta name=\"twitter:card\" content=\"summary_large_image\" \/>\n<meta name=\"twitter:creator\" content=\"@EstratConcursos\" \/>\n<meta name=\"twitter:site\" content=\"@EstratConcursos\" \/>\n<meta name=\"twitter:label1\" content=\"Escrito por\" \/>\n\t<meta name=\"twitter:data1\" content=\"Camila Leite\" \/>\n\t<meta name=\"twitter:label2\" content=\"Est. tempo de leitura\" \/>\n\t<meta name=\"twitter:data2\" content=\"2 minutos\" \/>\n<script type=\"application\/ld+json\" class=\"yoast-schema-graph\">{\"@context\":\"https:\\\/\\\/schema.org\",\"@graph\":[{\"@type\":\"NewsArticle\",\"@id\":\"https:\\\/\\\/www.estrategiaconcursos.com.br\\\/blog\\\/concurso-porto-velho-semusa-semed-banca-contratada\\\/#article\",\"isPartOf\":{\"@id\":\"https:\\\/\\\/www.estrategiaconcursos.com.br\\\/blog\\\/concurso-porto-velho-semusa-semed-banca-contratada\\\/\"},\"author\":{\"name\":\"Camila Leite\",\"@id\":\"https:\\\/\\\/blog-estrategia.mystagingwebsite.com\\\/#\\\/schema\\\/person\\\/84ecdc6eb58d3cf1689bf76c5cd8fb38\"},\"headline\":\"Concurso Porto Velho: IBGP \u00e9 oficialmente contratado!\",\"datePublished\":\"2026-09-02T17:37:40+00:00\",\"dateModified\":\"2026-09-02T17:38:16+00:00\",\"mainEntityOfPage\":{\"@id\":\"https:\\\/\\\/www.estrategiaconcursos.com.br\\\/blog\\\/concurso-porto-velho-semusa-semed-banca-contratada\\\/\"},\"wordCount\":499,\"commentCount\":0,\"publisher\":{\"@id\":\"https:\\\/\\\/blog-estrategia.mystagingwebsite.com\\\/#organization\"},\"image\":{\"@id\":\"https:\\\/\\\/www.estrategiaconcursos.com.br\\\/blog\\\/concurso-porto-velho-semusa-semed-banca-contratada\\\/#primaryimage\"},\"thumbnailUrl\":\"https:\\\/\\\/dhg1h5j42swfq.cloudfront.net\\\/2025\\\/11\\\/20085752\\\/prefeitura-de-porto-velho.jpg\",\"articleSection\":[\"Educa\u00e7\u00e3o\",\"Prefeituras\",\"Sa\u00fade\",\"\u00daltimas not\u00edcias\"],\"inLanguage\":\"pt-BR\",\"potentialAction\":[{\"@type\":\"CommentAction\",\"name\":\"Comment\",\"target\":[\"https:\\\/\\\/www.estrategiaconcursos.com.br\\\/blog\\\/concurso-porto-velho-semusa-semed-banca-contratada\\\/#respond\"]}],\"copyrightYear\":\"2026\",\"copyrightHolder\":{\"@id\":\"https:\\\/\\\/www.estrategiaconcursos.com.br\\\/blog\\\/#organization\"}},{\"@type\":\"WebPage\",\"@id\":\"https:\\\/\\\/www.estrategiaconcursos.com.br\\\/blog\\\/concurso-porto-velho-semusa-semed-banca-contratada\\\/\",\"url\":\"https:\\\/\\\/www.estrategiaconcursos.com.br\\\/blog\\\/concurso-porto-velho-semusa-semed-banca-contratada\\\/\",\"name\":\"Concurso Porto Velho: IBGP \u00e9 oficialmente contratado!\",\"isPartOf\":{\"@id\":\"https:\\\/\\\/blog-estrategia.mystagingwebsite.com\\\/#website\"},\"primaryImageOfPage\":{\"@id\":\"https:\\\/\\\/www.estrategiaconcursos.com.br\\\/blog\\\/concurso-porto-velho-semusa-semed-banca-contratada\\\/#primaryimage\"},\"image\":{\"@id\":\"https:\\\/\\\/www.estrategiaconcursos.com.br\\\/blog\\\/concurso-porto-velho-semusa-semed-banca-contratada\\\/#primaryimage\"},\"thumbnailUrl\":\"https:\\\/\\\/dhg1h5j42swfq.cloudfront.net\\\/2025\\\/11\\\/20085752\\\/prefeitura-de-porto-velho.jpg\",\"datePublished\":\"2026-09-02T17:37:40+00:00\",\"dateModified\":\"2026-09-02T17:38:16+00:00\",\"description\":\"Saiba tudo sobre o Concurso Porto Velho e as oportunidades na Sa\u00fade e Educa\u00e7\u00e3o com organiza\u00e7\u00e3o da banca IBGP.\",\"breadcrumb\":{\"@id\":\"https:\\\/\\\/www.estrategiaconcursos.com.br\\\/blog\\\/concurso-porto-velho-semusa-semed-banca-contratada\\\/#breadcrumb\"},\"inLanguage\":\"pt-BR\",\"potentialAction\":[{\"@type\":\"ReadAction\",\"target\":[\"https:\\\/\\\/www.estrategiaconcursos.com.br\\\/blog\\\/concurso-porto-velho-semusa-semed-banca-contratada\\\/\"]}]},{\"@type\":\"ImageObject\",\"inLanguage\":\"pt-BR\",\"@id\":\"https:\\\/\\\/www.estrategiaconcursos.com.br\\\/blog\\\/concurso-porto-velho-semusa-semed-banca-contratada\\\/#primaryimage\",\"url\":\"https:\\\/\\\/dhg1h5j42swfq.cloudfront.net\\\/2025\\\/11\\\/20085752\\\/prefeitura-de-porto-velho.jpg\",\"contentUrl\":\"https:\\\/\\\/dhg1h5j42swfq.cloudfront.net\\\/2025\\\/11\\\/20085752\\\/prefeitura-de-porto-velho.jpg\",\"width\":768,\"height\":432},{\"@type\":\"BreadcrumbList\",\"@id\":\"https:\\\/\\\/www.estrategiaconcursos.com.br\\\/blog\\\/concurso-porto-velho-semusa-semed-banca-contratada\\\/#breadcrumb\",\"itemListElement\":[{\"@type\":\"ListItem\",\"position\":1,\"name\":\"In\u00edcio\",\"item\":\"https:\\\/\\\/blog-estrategia.mystagingwebsite.com\\\/\"},{\"@type\":\"ListItem\",\"position\":2,\"name\":\"Concurso Porto Velho: IBGP \u00e9 oficialmente contratado!\"}]},{\"@type\":\"WebSite\",\"@id\":\"https:\\\/\\\/blog-estrategia.mystagingwebsite.com\\\/#website\",\"url\":\"https:\\\/\\\/blog-estrategia.mystagingwebsite.com\\\/\",\"name\":\"Estrat\u00e9gia Concursos\",\"description\":\"O blog da Estrat\u00e9gia Concursos traz not\u00edcias sobre concursos e artigos de professores oferecendo cursos para concursos (pdf + videaulas) no site.\",\"publisher\":{\"@id\":\"https:\\\/\\\/blog-estrategia.mystagingwebsite.com\\\/#organization\"},\"potentialAction\":[{\"@type\":\"SearchAction\",\"target\":{\"@type\":\"EntryPoint\",\"urlTemplate\":\"https:\\\/\\\/blog-estrategia.mystagingwebsite.com\\\/?s={search_term_string}\"},\"query-input\":{\"@type\":\"PropertyValueSpecification\",\"valueRequired\":true,\"valueName\":\"search_term_string\"}}],\"inLanguage\":\"pt-BR\"},{\"@type\":\"Organization\",\"@id\":\"https:\\\/\\\/blog-estrategia.mystagingwebsite.com\\\/#organization\",\"name\":\"Estrat\u00e9gia Concursos\",\"url\":\"https:\\\/\\\/blog-estrategia.mystagingwebsite.com\\\/\",\"logo\":{\"@type\":\"ImageObject\",\"inLanguage\":\"pt-BR\",\"@id\":\"https:\\\/\\\/blog-estrategia.mystagingwebsite.com\\\/#\\\/schema\\\/logo\\\/image\\\/\",\"url\":\"https:\\\/\\\/dhg1h5j42swfq.cloudfront.net\\\/2025\\\/06\\\/03203428\\\/logo_concursos-1.jpg\",\"contentUrl\":\"https:\\\/\\\/dhg1h5j42swfq.cloudfront.net\\\/2025\\\/06\\\/03203428\\\/logo_concursos-1.jpg\",\"width\":230,\"height\":60,\"caption\":\"Estrat\u00e9gia Concursos\"},\"image\":{\"@id\":\"https:\\\/\\\/blog-estrategia.mystagingwebsite.com\\\/#\\\/schema\\\/logo\\\/image\\\/\"},\"sameAs\":[\"https:\\\/\\\/x.com\\\/EstratConcursos\"]},{\"@type\":\"Person\",\"@id\":\"https:\\\/\\\/blog-estrategia.mystagingwebsite.com\\\/#\\\/schema\\\/person\\\/84ecdc6eb58d3cf1689bf76c5cd8fb38\",\"name\":\"Camila Leite\",\"image\":{\"@type\":\"ImageObject\",\"inLanguage\":\"pt-BR\",\"@id\":\"https:\\\/\\\/secure.gravatar.com\\\/avatar\\\/f2f8faef639c8a2bfb7fb909912a56917f4c3a0aed064500168e2fb8ea55cf61?s=96&d=mm&r=g\",\"url\":\"https:\\\/\\\/secure.gravatar.com\\\/avatar\\\/f2f8faef639c8a2bfb7fb909912a56917f4c3a0aed064500168e2fb8ea55cf61?s=96&d=mm&r=g\",\"contentUrl\":\"https:\\\/\\\/secure.gravatar.com\\\/avatar\\\/f2f8faef639c8a2bfb7fb909912a56917f4c3a0aed064500168e2fb8ea55cf61?s=96&d=mm&r=g\",\"caption\":\"Camila Leite\"},\"description\":\"Formada em Design Gr\u00e1fico e em Propaganda e Marketing pela UNIP, integra a equipe de jornalismo do Estrat\u00e9gia Concursos desde 2018. Ao longo dos anos, construiu uma s\u00f3lida experi\u00eancia na produ\u00e7\u00e3o de conte\u00fado informativo e relevante para concurseiros. Desde 2020, atua na cobertura das \u00e1reas Fiscal \u2014 com \u00eanfase nas Secretarias de Fazenda (Sefaz) das regi\u00f5es Sul e Sudeste \u2014, al\u00e9m da cobertura de concursos federais, como CNU, Petrobras, CGU, Receita Federal, ag\u00eancias reguladoras (Anvisa, ANAC, entre outras) e INSS. Mant\u00e9m contato direto com os principais \u00f3rg\u00e3os p\u00fablicos, acompanhando editais, atualiza\u00e7\u00f5es e movimenta\u00e7\u00f5es importantes para os candidatos.\",\"sameAs\":[\"https:\\\/\\\/www.linkedin.com\\\/in\\\/camila-pinheiro-leite-9ba135b6\\\/\"],\"url\":\"https:\\\/\\\/www.estrategiaconcursos.com.br\\\/blog\\\/author\\\/camila-leiteestrategiaconcursos-com-br\\\/\"}]}<\/script>\n<!-- \/ Yoast SEO Premium plugin. -->","yoast_head_json":{"title":"Concurso Porto Velho: IBGP \u00e9 oficialmente contratado!","description":"Saiba tudo sobre o Concurso Porto Velho e as oportunidades na Sa\u00fade e Educa\u00e7\u00e3o com organiza\u00e7\u00e3o da banca IBGP.","robots":{"index":"index","follow":"follow","max-snippet":"max-snippet:-1","max-image-preview":"max-image-preview:large","max-video-preview":"max-video-preview:-1"},"canonical":"https:\/\/www.estrategiaconcursos.com.br\/blog\/concurso-porto-velho-semusa-semed-banca-contratada\/","og_locale":"pt_BR","og_type":"article","og_title":"Concurso Porto Velho: IBGP \u00e9 oficialmente contratado!","og_description":"Saiba tudo sobre o Concurso Porto Velho e as oportunidades na Sa\u00fade e Educa\u00e7\u00e3o com organiza\u00e7\u00e3o da banca IBGP.","og_url":"https:\/\/www.estrategiaconcursos.com.br\/blog\/concurso-porto-velho-semusa-semed-banca-contratada\/","og_site_name":"Estrat\u00e9gia Concursos","article_published_time":"2026-09-02T17:37:40+00:00","article_modified_time":"2026-09-02T17:38:16+00:00","og_image":[{"width":768,"height":432,"url":"https:\/\/dhg1h5j42swfq.cloudfront.net\/2025\/11\/20085752\/prefeitura-de-porto-velho.jpg","type":"image\/jpeg"}],"author":"Camila Leite","twitter_card":"summary_large_image","twitter_creator":"@EstratConcursos","twitter_site":"@EstratConcursos","twitter_misc":{"Escrito por":"Camila Leite","Est. tempo de leitura":"2 minutos"},"schema":{"@context":"https:\/\/schema.org","@graph":[{"@type":"NewsArticle","@id":"https:\/\/www.estrategiaconcursos.com.br\/blog\/concurso-porto-velho-semusa-semed-banca-contratada\/#article","isPartOf":{"@id":"https:\/\/www.estrategiaconcursos.com.br\/blog\/concurso-porto-velho-semusa-semed-banca-contratada\/"},"author":{"name":"Camila Leite","@id":"https:\/\/blog-estrategia.mystagingwebsite.com\/#\/schema\/person\/84ecdc6eb58d3cf1689bf76c5cd8fb38"},"headline":"Concurso Porto Velho: IBGP \u00e9 oficialmente contratado!","datePublished":"2026-09-02T17:37:40+00:00","dateModified":"2026-09-02T17:38:16+00:00","mainEntityOfPage":{"@id":"https:\/\/www.estrategiaconcursos.com.br\/blog\/concurso-porto-velho-semusa-semed-banca-contratada\/"},"wordCount":499,"commentCount":0,"publisher":{"@id":"https:\/\/blog-estrategia.mystagingwebsite.com\/#organization"},"image":{"@id":"https:\/\/www.estrategiaconcursos.com.br\/blog\/concurso-porto-velho-semusa-semed-banca-contratada\/#primaryimage"},"thumbnailUrl":"https:\/\/dhg1h5j42swfq.cloudfront.net\/2025\/11\/20085752\/prefeitura-de-porto-velho.jpg","articleSection":["Educa\u00e7\u00e3o","Prefeituras","Sa\u00fade","\u00daltimas not\u00edcias"],"inLanguage":"pt-BR","potentialAction":[{"@type":"CommentAction","name":"Comment","target":["https:\/\/www.estrategiaconcursos.com.br\/blog\/concurso-porto-velho-semusa-semed-banca-contratada\/#respond"]}],"copyrightYear":"2026","copyrightHolder":{"@id":"https:\/\/www.estrategiaconcursos.com.br\/blog\/#organization"}},{"@type":"WebPage","@id":"https:\/\/www.estrategiaconcursos.com.br\/blog\/concurso-porto-velho-semusa-semed-banca-contratada\/","url":"https:\/\/www.estrategiaconcursos.com.br\/blog\/concurso-porto-velho-semusa-semed-banca-contratada\/","name":"Concurso Porto Velho: IBGP \u00e9 oficialmente contratado!","isPartOf":{"@id":"https:\/\/blog-estrategia.mystagingwebsite.com\/#website"},"primaryImageOfPage":{"@id":"https:\/\/www.estrategiaconcursos.com.br\/blog\/concurso-porto-velho-semusa-semed-banca-contratada\/#primaryimage"},"image":{"@id":"https:\/\/www.estrategiaconcursos.com.br\/blog\/concurso-porto-velho-semusa-semed-banca-contratada\/#primaryimage"},"thumbnailUrl":"https:\/\/dhg1h5j42swfq.cloudfront.net\/2025\/11\/20085752\/prefeitura-de-porto-velho.jpg","datePublished":"2026-09-02T17:37:40+00:00","dateModified":"2026-09-02T17:38:16+00:00","description":"Saiba tudo sobre o Concurso Porto Velho e as oportunidades na Sa\u00fade e Educa\u00e7\u00e3o com organiza\u00e7\u00e3o da banca IBGP.","breadcrumb":{"@id":"https:\/\/www.estrategiaconcursos.com.br\/blog\/concurso-porto-velho-semusa-semed-banca-contratada\/#breadcrumb"},"inLanguage":"pt-BR","potentialAction":[{"@type":"ReadAction","target":["https:\/\/www.estrategiaconcursos.com.br\/blog\/concurso-porto-velho-semusa-semed-banca-contratada\/"]}]},{"@type":"ImageObject","inLanguage":"pt-BR","@id":"https:\/\/www.estrategiaconcursos.com.br\/blog\/concurso-porto-velho-semusa-semed-banca-contratada\/#primaryimage","url":"https:\/\/dhg1h5j42swfq.cloudfront.net\/2025\/11\/20085752\/prefeitura-de-porto-velho.jpg","contentUrl":"https:\/\/dhg1h5j42swfq.cloudfront.net\/2025\/11\/20085752\/prefeitura-de-porto-velho.jpg","width":768,"height":432},{"@type":"BreadcrumbList","@id":"https:\/\/www.estrategiaconcursos.com.br\/blog\/concurso-porto-velho-semusa-semed-banca-contratada\/#breadcrumb","itemListElement":[{"@type":"ListItem","position":1,"name":"In\u00edcio","item":"https:\/\/blog-estrategia.mystagingwebsite.com\/"},{"@type":"ListItem","position":2,"name":"Concurso Porto Velho: IBGP \u00e9 oficialmente contratado!"}]},{"@type":"WebSite","@id":"https:\/\/blog-estrategia.mystagingwebsite.com\/#website","url":"https:\/\/blog-estrategia.mystagingwebsite.com\/","name":"Estrat\u00e9gia Concursos","description":"O blog da Estrat\u00e9gia Concursos traz not\u00edcias sobre concursos e artigos de professores oferecendo cursos para concursos (pdf + videaulas) no site.","publisher":{"@id":"https:\/\/blog-estrategia.mystagingwebsite.com\/#organization"},"potentialAction":[{"@type":"SearchAction","target":{"@type":"EntryPoint","urlTemplate":"https:\/\/blog-estrategia.mystagingwebsite.com\/?s={search_term_string}"},"query-input":{"@type":"PropertyValueSpecification","valueRequired":true,"valueName":"search_term_string"}}],"inLanguage":"pt-BR"},{"@type":"Organization","@id":"https:\/\/blog-estrategia.mystagingwebsite.com\/#organization","name":"Estrat\u00e9gia Concursos","url":"https:\/\/blog-estrategia.mystagingwebsite.com\/","logo":{"@type":"ImageObject","inLanguage":"pt-BR","@id":"https:\/\/blog-estrategia.mystagingwebsite.com\/#\/schema\/logo\/image\/","url":"https:\/\/dhg1h5j42swfq.cloudfront.net\/2025\/06\/03203428\/logo_concursos-1.jpg","contentUrl":"https:\/\/dhg1h5j42swfq.cloudfront.net\/2025\/06\/03203428\/logo_concursos-1.jpg","width":230,"height":60,"caption":"Estrat\u00e9gia Concursos"},"image":{"@id":"https:\/\/blog-estrategia.mystagingwebsite.com\/#\/schema\/logo\/image\/"},"sameAs":["https:\/\/x.com\/EstratConcursos"]},{"@type":"Person","@id":"https:\/\/blog-estrategia.mystagingwebsite.com\/#\/schema\/person\/84ecdc6eb58d3cf1689bf76c5cd8fb38","name":"Camila Leite","image":{"@type":"ImageObject","inLanguage":"pt-BR","@id":"https:\/\/secure.gravatar.com\/avatar\/f2f8faef639c8a2bfb7fb909912a56917f4c3a0aed064500168e2fb8ea55cf61?s=96&d=mm&r=g","url":"https:\/\/secure.gravatar.com\/avatar\/f2f8faef639c8a2bfb7fb909912a56917f4c3a0aed064500168e2fb8ea55cf61?s=96&d=mm&r=g","contentUrl":"https:\/\/secure.gravatar.com\/avatar\/f2f8faef639c8a2bfb7fb909912a56917f4c3a0aed064500168e2fb8ea55cf61?s=96&d=mm&r=g","caption":"Camila Leite"},"description":"Formada em Design Gr\u00e1fico e em Propaganda e Marketing pela UNIP, integra a equipe de jornalismo do Estrat\u00e9gia Concursos desde 2018. Ao longo dos anos, construiu uma s\u00f3lida experi\u00eancia na produ\u00e7\u00e3o de conte\u00fado informativo e relevante para concurseiros. Desde 2020, atua na cobertura das \u00e1reas Fiscal \u2014 com \u00eanfase nas Secretarias de Fazenda (Sefaz) das regi\u00f5es Sul e Sudeste \u2014, al\u00e9m da cobertura de concursos federais, como CNU, Petrobras, CGU, Receita Federal, ag\u00eancias reguladoras (Anvisa, ANAC, entre outras) e INSS. Mant\u00e9m contato direto com os principais \u00f3rg\u00e3os p\u00fablicos, acompanhando editais, atualiza\u00e7\u00f5es e movimenta\u00e7\u00f5es importantes para os candidatos.","sameAs":["https:\/\/www.linkedin.com\/in\/camila-pinheiro-leite-9ba135b6\/"],"url":"https:\/\/www.estrategiaconcursos.com.br\/blog\/author\/camila-leiteestrategiaconcursos-com-br\/"}]}},"_links":{"self":[{"href":"https:\/\/www.estrategiaconcursos.com.br\/blog\/wp-json\/wp\/v2\/posts\/1805369","targetHints":{"allow":["GET"]}}],"collection":[{"href":"https:\/\/www.estrategiaconcursos.com.br\/blog\/wp-json\/wp\/v2\/posts"}],"about":[{"href":"https:\/\/www.estrategiaconcursos.com.br\/blog\/wp-json\/wp\/v2\/types\/post"}],"author":[{"embeddable":true,"href":"https:\/\/www.estrategiaconcursos.com.br\/blog\/wp-json\/wp\/v2\/users\/659"}],"replies":[{"embeddable":true,"href":"https:\/\/www.estrategiaconcursos.com.br\/blog\/wp-json\/wp\/v2\/comments?post=1805369"}],"version-history":[{"count":2,"href":"https:\/\/www.estrategiaconcursos.com.br\/blog\/wp-json\/wp\/v2\/posts\/1805369\/revisions"}],"predecessor-version":[{"id":1805383,"href":"https:\/\/www.estrategiaconcursos.com.br\/blog\/wp-json\/wp\/v2\/posts\/1805369\/revisions\/1805383"}],"wp:featuredmedia":[{"embeddable":true,"href":"https:\/\/www.estrategiaconcursos.com.br\/blog\/wp-json\/wp\/v2\/media\/1673233"}],"wp:attachment":[{"href":"https:\/\/www.estrategiaconcursos.com.br\/blog\/wp-json\/wp\/v2\/media?parent=1805369"}],"wp:term":[{"taxonomy":"category","embeddable":true,"href":"https:\/\/www.estrategiaconcursos.com.br\/blog\/wp-json\/wp\/v2\/categories?post=1805369"},{"taxonomy":"post_tag","embeddable":true,"href":"https:\/\/www.estrategiaconcursos.com.br\/blog\/wp-json\/wp\/v2\/tags?post=1805369"},{"taxonomy":"tax_estado","embeddable":true,"href":"https:\/\/www.estrategiaconcursos.com.br\/blog\/wp-json\/wp\/v2\/tax_estado?post=1805369"}],"curies":[{"name":"wp","href":"https:\/\/api.w.org\/{rel}","templated":true}]}}