{"id":1805296,"date":"2026-09-02T11:16:39","date_gmt":"2026-09-02T14:16:39","guid":{"rendered":"https:\/\/www.estrategiaconcursos.com.br\/blog\/?p=1805296"},"modified":"2026-09-02T11:16:42","modified_gmt":"2026-09-02T14:16:42","slug":"concurso-itanhaem-educacao","status":"publish","type":"post","link":"https:\/\/www.estrategiaconcursos.com.br\/blog\/concurso-itanhaem-educacao\/","title":{"rendered":"Concurso Itanha\u00e9m (SP) Educa\u00e7\u00e3o: inscri\u00e7\u00f5es abertas!"},"content":{"rendered":"\n<p class=\"wp-block-paragraph\"><strong><em>O edital  da prefeitura de Itanha\u00e9m exige, para os cargos de Professor de Creche, PEB I e PEB II, curso normal em n\u00edvel superior ou licenciatura plena em Pedagogia <\/em><\/strong><\/p>\n\n\n\n<p class=\"wp-block-paragraph\">A Prefeitura de Itanha\u00e9m, no litoral sul de S\u00e3o Paulo, publicou novo edital para a \u00e1rea da Educa\u00e7\u00e3o, com 106 vagas imediatas e forma\u00e7\u00e3o de cadastro de reserva em 21 cargos, do ensino fundamental ao superior. Os sal\u00e1rios v\u00e3o de R$ 1.770,00 a R$ 6.592,00.<\/p>\n\n\n\n<p class=\"wp-block-paragraph\">A execu\u00e7\u00e3o do certame est\u00e1 sob a responsabilidade do Instituto Nosso Rumo, que recebe inscri\u00e7\u00f5es de 4 de setembro a 1\u00ba de outubro pelo site da banca. O valor da taxa de inscri\u00e7\u00e3o pode variar conforme o cargo, sendo: R$ 62,07, R$ 76,80 e R$ 98,35.<\/p>\n\n\n\n<p class=\"wp-block-paragraph\">No dia 18 de outubro de 2026, um domingo, os candidatos inscritos far\u00e3o a prova objetiva, aplicada em dois per\u00edodos. Para os cargos de professor h\u00e1 ainda avalia\u00e7\u00e3o de t\u00edtulos, de car\u00e1ter classificat\u00f3rio, e o cargo de Motorista de Transporte Escolar passa por prova pr\u00e1tica eliminat\u00f3ria.<\/p>\n\n\n\n<p class=\"wp-block-paragraph\">Veja os detalhes ao longo do artigo!<\/p>\n\n\n\n<ul class=\"wp-block-list has-very-light-gray-to-cyan-bluish-gray-gradient-background has-background\">\n<li><strong>Status:<\/strong>\u00a0inscri\u00e7\u00f5es abertas<\/li>\n\n\n\n<li><strong>Banca:<\/strong>\u00a0Instituto Nosso Rumo<\/li>\n\n\n\n<li><strong>Vagas:<\/strong>\u00a0106 + CR<\/li>\n\n\n\n<li><strong>Sal\u00e1rio inicial:<\/strong>\u00a0R$ 1.770,00 a R$ 6.592,00<\/li>\n\n\n\n<li><a href=\"https:\/\/dhg1h5j42swfq.cloudfront.net\/2026\/09\/02105818\/edital-de-abertura-cleaned.pdf\" target=\"_blank\" rel=\"noreferrer noopener\">Edital do concurso Itanha\u00e9m &#8211; educa\u00e7\u00e3o<\/a><\/li>\n<\/ul>\n\n\n\n<p class=\"wp-block-paragraph\">Elaboramos este artigo com as principais informa\u00e7\u00f5es e novidades sobre o concurso para te manter 100% informado. Acompanhe os t\u00f3picos abaixo e n\u00e3o perca nenhum detalhe:<\/p>\n\n\n\n<ul class=\"wp-block-list\">\n<li><a href=\"#datas\">Principais datas<\/a><\/li>\n\n\n\n<li><a href=\"#cargos-vagas\">Cargos e vagas<\/a><\/li>\n\n\n\n<li><a href=\"#etapas\">Etapas e provas<\/a><\/li>\n\n\n\n<li><a href=\"#cursos-assinatura\">Cursos e assinaturas<\/a><\/li>\n\n\n\n<li><a href=\"#ficha\">Ficha t\u00e9cnica<\/a><\/li>\n<\/ul>\n\n\n\n<div class=\"container\" id=\"boxes\">\n  <div class=\"row\">\n\n    <div class=\"col-sm\">\n      <div class=\"banner-estrategia\" id=\"box-assinatura\">\n        <h3 class=\"titulo-assinatura\">Cursos para concursos<\/h3>\n        <p class=\"subtitulo-assinatura\">Conhe\u00e7a os cursos<\/p>\n        <div class=\"box-botao\">\n          <a class=\"btn-assinatura\" target=\"_blank\" href=\"https:\/\/www.estrategiaconcursos.com.br\/blog\/cursos\/\" role=\"button\" rel=\"noopener noreferrer\">Conhe\u00e7a mais<\/a>\n        <\/div>\n      <\/div>\n     \n    <\/div>\n\n  <\/div>\n<\/div>\n\n\n\n<h2 id=\"datas\" class=\"wp-block-heading\">Concurso Itanha\u00e9m Educa\u00e7\u00e3o: principais datas<\/h2>\n\n\n\n<ul class=\"wp-block-list has-very-light-gray-to-cyan-bluish-gray-gradient-background has-background\">\n<li><strong>Solicita\u00e7\u00e3o de isen\u00e7\u00e3o da taxa:<\/strong> 2 e 3 de setembro<\/li>\n\n\n\n<li><strong>Inscri\u00e7\u00f5es:<\/strong> 4 de setembro (17h) a 1\u00ba de outubro (23h59)<\/li>\n\n\n\n<li><strong>Pagamento da taxa:<\/strong> at\u00e9 2 de outubro<\/li>\n\n\n\n<li><strong>Prova objetiva<\/strong>: 18 de outubro<\/li>\n<\/ul>\n\n\n\n<p class=\"wp-block-paragraph\">O candidato pode fazer uma \u00fanica inscri\u00e7\u00e3o\u00a0<strong>por per\u00edodo de aplica\u00e7\u00e3o<\/strong>.  Como as provas ocorrem em dois turnos, identificados no edital como per\u00edodos X e Y, \u00e9 poss\u00edvel concorrer a dois cargos, desde que as provas n\u00e3o caiam no mesmo turno. A tabela do Cap\u00edtulo 6 indica o per\u00edodo de cada cargo.<\/p>\n\n\n\n<p class=\"wp-block-paragraph\">A isen\u00e7\u00e3o da taxa vale apenas para doadores de medula \u00f3ssea inscritos no REDOME e doadores regulares de sangue, com ao menos tr\u00eas doa\u00e7\u00f5es nos 12 meses anteriores \u00e0 publica\u00e7\u00e3o do edital.<\/p>\n\n\n\n<h2 id=\"cargos-vagas\" class=\"wp-block-heading\">Cargos e vagas do concurso Itanha\u00e9m Educa\u00e7\u00e3o<\/h2>\n\n\n\n<p class=\"wp-block-paragraph\">As taxas de inscri\u00e7\u00e3o variam conforme a escolaridade: R$ 62,07 (fundamental), R$ 76,80 (m\u00e9dio) e R$ 98,35 (superior). Os quantitativos abaixo incluem as vagas reservadas a pessoas com defici\u00eancia (PcD), e todos os cargos contam com cadastro de reserva.<\/p>\n\n\n\n<figure class=\"wp-block-table is-style-stripes\"><table class=\"has-fixed-layout\"><thead><tr><th>Cargo<\/th><th>Vagas imediatas<\/th><th>Sal\u00e1rio<\/th><th>Jornada<\/th><\/tr><\/thead><tbody><tr><td>Monitor de Transporte Escolar<\/td><td>2<\/td><td>R$ 1.770,00<\/td><td>40h<\/td><\/tr><tr><td>Motorista de Transporte Escolar<\/td><td>2<\/td><td>R$ 2.228,00<\/td><td>40h<\/td><\/tr><tr><td>Educador de Creche<\/td><td>10 (1 PcD)<\/td><td>R$ 1.821,00<\/td><td>35h<\/td><\/tr><tr><td>Inspetor de Alunos<\/td><td>10 (1 PcD)<\/td><td>R$ 1.821,00<\/td><td>40h<\/td><\/tr><tr><td>Oficial Escolar<\/td><td>4<\/td><td>R$ 1.815,00<\/td><td>40h<\/td><\/tr><tr><td>Secret\u00e1rio de Escola<\/td><td>4<\/td><td>R$ 2.662,00<\/td><td>40h<\/td><\/tr><tr><td>Professor de Creche<\/td><td>10 (1 PcD)<\/td><td>R$ 4.534,00<\/td><td>30h<\/td><\/tr><tr><td>Professor de Educa\u00e7\u00e3o B\u00e1sica I<\/td><td>10 (1 PcD)<\/td><td>R$ 4.994,00<\/td><td>30h<\/td><\/tr><tr><td>Professor de Educa\u00e7\u00e3o B\u00e1sica II<\/td><td>10 (1 PcD)<\/td><td>R$ 5.828,00<\/td><td>35h<\/td><\/tr><tr><td>PEB III \u2013 Artes<\/td><td>2<\/td><td>R$ 5.495,00<\/td><td>30h<\/td><\/tr><tr><td>PEB III \u2013 Ci\u00eancias<\/td><td>1<\/td><td>R$ 5.860,00<\/td><td>32h<\/td><\/tr><tr><td>PEB III \u2013 Educa\u00e7\u00e3o F\u00edsica<\/td><td>1<\/td><td>R$ 5.495,00<\/td><td>30h<\/td><\/tr><tr><td>PEB III \u2013 Geografia<\/td><td>2<\/td><td>R$ 5.495,00<\/td><td>30h<\/td><\/tr><tr><td>PEB III \u2013 Hist\u00f3ria<\/td><td>2<\/td><td>R$ 5.495,00<\/td><td>30h<\/td><\/tr><tr><td>PEB III \u2013 Ingl\u00eas<\/td><td>1<\/td><td>R$ 5.495,00<\/td><td>30h<\/td><\/tr><tr><td>PEB III \u2013 L\u00edngua Portuguesa<\/td><td>8 (1 PcD)<\/td><td>R$ 5.860,00<\/td><td>32h<\/td><\/tr><tr><td>PEB III \u2013 Matem\u00e1tica<\/td><td>7 (1 PcD)<\/td><td>R$ 6.592,00<\/td><td>36h<\/td><\/tr><tr><td>Professor de Educa\u00e7\u00e3o Especial<\/td><td>8 (1 PcD)<\/td><td>R$ 5.495,00<\/td><td>30h<\/td><\/tr><tr><td>Professor Substituto I<\/td><td>5 (1 PcD)<\/td><td>R$ 4.670,00<\/td><td>35h<\/td><\/tr><tr><td>Professor Substituto II \u2013 Ci\u00eancias Exatas<\/td><td>2<\/td><td>R$ 5.137,00<\/td><td>35h<\/td><\/tr><tr><td>Professor Substituto II \u2013 C\u00f3digos e Linguagens<\/td><td>5 (1 PcD)<\/td><td>R$ 5.137,00<\/td><td>35h<\/td><\/tr><\/tbody><\/table><\/figure>\n\n\n\n<p class=\"wp-block-paragraph\">O requisito para Professor de Creche, PEB I e PEB II \u00e9 curso normal em n\u00edvel superior ou licenciatura plena em Pedagogia, com habilita\u00e7\u00e3o espec\u00edfica para a etapa de atua\u00e7\u00e3o. Para os cargos de PEB III, exige-se licenciatura plena com habilita\u00e7\u00e3o na \u00e1rea \u2014 no caso de Educa\u00e7\u00e3o F\u00edsica, tamb\u00e9m o registro no CREF. Monitor e Motorista pedem ensino fundamental completo; o Motorista precisa ainda de CNH categoria D, idade acima de 21 anos, curso especializado do Contran e ficha limpa de infra\u00e7\u00f5es graves nos \u00faltimos 12 meses.<\/p>\n\n\n\n<p class=\"wp-block-paragraph\">A contrata\u00e7\u00e3o \u00e9 pelo regime estatut\u00e1rio, e o concurso vale por dois anos, prorrog\u00e1veis por mais dois.<\/p>\n\n\n\n<h2 class=\"wp-block-heading\">Etapas e provas do concurso Itanha\u00e9m Educa\u00e7\u00e3o<\/h2>\n\n\n\n<ul class=\"wp-block-list\">\n<li>Prova objetiva, de car\u00e1ter eliminat\u00f3rio e classificat\u00f3rio, para todos os cargos;<\/li>\n\n\n\n<li>Avalia\u00e7\u00e3o de t\u00edtulos, de car\u00e1ter classificat\u00f3rio, para os cargos de professor; e<\/li>\n\n\n\n<li>Prova pr\u00e1tica, de car\u00e1ter eliminat\u00f3rio, para Motorista de Transporte Escolar.<\/li>\n<\/ul>\n\n\n\n<h3 class=\"wp-block-heading\">Prova objetiva<\/h3>\n\n\n\n<p class=\"wp-block-paragraph\">A prova ter\u00e1 quest\u00f5es de m\u00faltipla escolha com cinco alternativas e dura\u00e7\u00e3o de 3 horas, valendo de 0 a 100 pontos. A quantidade de quest\u00f5es varia conforme a escolaridade:<\/p>\n\n\n\n<figure class=\"wp-block-table is-style-stripes\"><table class=\"has-fixed-layout\"><thead><tr><th>Escolaridade<\/th><th>Disciplinas<\/th><th>Quest\u00f5es<\/th><\/tr><\/thead><tbody><tr><td>Fundamental<\/td><td>L\u00edngua Portuguesa (8), Matem\u00e1tica (6), Conhecimentos Espec\u00edficos (10)<\/td><td>24<\/td><\/tr><tr><td>M\u00e9dio<\/td><td>L\u00edngua Portuguesa (8), Matem\u00e1tica (8), Conhecimentos Espec\u00edficos (14)<\/td><td>30<\/td><\/tr><tr><td>Superior<\/td><td>L\u00edngua Portuguesa (8), Matem\u00e1tica (8), Legisla\u00e7\u00e3o Educacional (10), Conhecimentos Espec\u00edficos (14)<\/td><td>40<\/td><\/tr><\/tbody><\/table><\/figure>\n\n\n\n<p class=\"wp-block-paragraph\">A nota m\u00ednima para aprova\u00e7\u00e3o \u00e9 de 50 pontos, e cada quest\u00e3o tem o mesmo peso \u2014 o total de 100 \u00e9 dividido pelo n\u00famero de quest\u00f5es da prova. Para os professores, repare que Legisla\u00e7\u00e3o Educacional e Conhecimentos Espec\u00edficos somam 24 das 40 quest\u00f5es, ou seja, 60% da nota. \u00c9 ali que o candidato ganha ou perde o concurso.<\/p>\n\n\n\n<p class=\"wp-block-paragraph\">O candidato deve chegar ao local com pelo menos 30 minutos de anteced\u00eancia, levando caneta preta ou azul de material transparente e documento de identifica\u00e7\u00e3o original com foto. O gabarito provis\u00f3rio sai j\u00e1 no dia seguinte, 19 de outubro.<\/p>\n\n\n\n<h3 class=\"wp-block-heading\">Avalia\u00e7\u00e3o de t\u00edtulos<\/h3>\n\n\n\n<p class=\"wp-block-paragraph\">Destinada aos aprovados na prova objetiva nos cargos de professor, esta fase vale at\u00e9 9,5 pontos, somados \u00e0 nota da objetiva:<\/p>\n\n\n\n<ul class=\"wp-block-list\">\n<li>Doutorado na \u00e1rea do cargo: 5,0 pontos;<\/li>\n\n\n\n<li>Mestrado na \u00e1rea do cargo: 3,0 pontos;<\/li>\n\n\n\n<li>Especializa\u00e7\u00e3o na \u00e1rea do cargo, com no m\u00ednimo 360 horas: 1,5 ponto.<\/li>\n<\/ul>\n\n\n\n<p class=\"wp-block-paragraph\">Lembre-se: o envio ocorre junto com a inscri\u00e7\u00e3o, entre 4 de setembro e 1\u00ba de outubro, pelo site do Nosso Rumo. T\u00edtulos de gradua\u00e7\u00e3o n\u00e3o pontuam, e declara\u00e7\u00f5es de conclus\u00e3o s\u00f3 contam se vierem acompanhadas do hist\u00f3rico escolar com a data da cola\u00e7\u00e3o de grau. Depois de gerar o protocolo de envio, n\u00e3o d\u00e1 para substituir os arquivos.<\/p>\n\n\n\n<h3 class=\"wp-block-heading\">Prova pr\u00e1tica<\/h3>\n\n\n\n<p class=\"wp-block-paragraph\">Exclusiva do cargo de Motorista de Transporte Escolar, com aplica\u00e7\u00e3o prevista para 12 e\/ou 13 de dezembro. Ser\u00e3o convocados os candidatos habilitados na objetiva at\u00e9 a 20\u00aa posi\u00e7\u00e3o da ampla concorr\u00eancia, mais empates, e todos os habilitados inscritos como PcD. O resultado \u00e9 apto ou inapto: a avalia\u00e7\u00e3o desconta pontos por faltas cometidas na condu\u00e7\u00e3o do ve\u00edculo, e o candidato precisa apresentar a CNH categoria D original e v\u00e1lida \u2014 protocolo n\u00e3o ser\u00e1 aceito.<\/p>\n\n\n\n<hr class=\"wp-block-separator has-css-opacity\"\/>\n\n\n\n<h2 class=\"wp-block-heading has-text-align-center\" id=\"h-quer-saber-tudo-sobre-concursos-previstos-confira-nossos-artigos\">Quer saber tudo sobre concursos previstos? Confira  nossos artigos!<\/h2>\n\n\n\n<ul class=\"wp-block-list\">\n<li><a href=\"https:\/\/www.estrategiaconcursos.com.br\/blog\/concursos-abertos\/\" target=\"_blank\" rel=\"noreferrer noopener\">Concursos abertos<\/a><\/li>\n\n\n\n<li><a href=\"https:\/\/www.estrategiaconcursos.com.br\/blog\/concursos-educacao\/\" target=\"_blank\" rel=\"noreferrer noopener\">Concursos educa\u00e7\u00e3o<\/a><\/li>\n\n\n\n<li><a href=\"https:\/\/www.estrategiaconcursos.com.br\/blog\/concursos-2026\/\" target=\"_blank\" rel=\"noreferrer noopener\">Concursos 2026<\/a><\/li>\n\n\n\n<li><a href=\"https:\/\/www.estrategiaconcursos.com.br\/blog\/concursos-2027\/\" target=\"_blank\" rel=\"noreferrer noopener\">Concursos 2027<\/a><\/li>\n<\/ul>\n\n\n\n<h2 class=\"wp-block-heading has-text-align-center\" id=\"cursos-assinatura\">Quer estudar para o concurso Santana de Parna\u00edba Educa\u00e7\u00e3o?<\/h2>\n\n\n\n<div class=\"container\" id=\"boxes\">\n  <div class=\"row\">\n\n    <div class=\"col-sm\">\n      <div class=\"banner-estrategia\" id=\"box-assinatura\">\n        <h3 class=\"titulo-assinatura\">Cursos para concursos<\/h3>\n        <p class=\"subtitulo-assinatura\">Conhe\u00e7a os cursos<\/p>\n        <div class=\"box-botao\">\n          <a class=\"btn-assinatura\" target=\"_blank\" href=\"https:\/\/www.estrategiaconcursos.com.br\/blog\/cursos\/\" role=\"button\" rel=\"noopener noreferrer\">Conhe\u00e7a mais<\/a>\n        <\/div>\n      <\/div>\n     \n    <\/div>\n\n  <\/div>\n<\/div>\n\n\n\n<div class=\"container\" id=\"boxes\">\n  <div class=\"row\">\n\n    <div class=\"col-sm\">\n      <div class=\"estrategia\" id=\"box-assinatura\">\n        <h3 class=\"titulo-assinatura\">Assinatura Concursos<\/h3>\n        <p class=\"subtitulo-assinatura\">Assinatura de 1 ano ou 2 anos<\/p>\n        <div class=\"box-botao\">\n          <a class=\"btn-assinatura\" target=\"_blank\" href=\"https:\/\/www.estrategiaconcursos.com.br\/blog\/assinaturas\/\" role=\"button\" rel=\"noopener noreferrer\">ASSINE AGORA<\/a>\n        <\/div>\n      <\/div><\/div><\/div><\/div>\n\n\n\n<figure class=\"wp-block-image size-large is-resized\"><img loading=\"lazy\" decoding=\"async\" width=\"1024\" height=\"632\" src=\"https:\/\/dhg1h5j42swfq.cloudfront.net\/2025\/06\/27101122\/ficha-tecnica-1-1024x632.png\" alt=\"\" class=\"wp-image-702728\" style=\"width:269px;height:166px\" srcset=\"https:\/\/dhg1h5j42swfq.cloudfront.net\/2025\/06\/27101122\/ficha-tecnica-1-1024x632.png 1024w, https:\/\/dhg1h5j42swfq.cloudfront.net\/2025\/06\/27101122\/ficha-tecnica-1-300x185.png 300w, https:\/\/dhg1h5j42swfq.cloudfront.net\/2025\/06\/27101122\/ficha-tecnica-1-768x474.png 768w, https:\/\/dhg1h5j42swfq.cloudfront.net\/2025\/06\/27101122\/ficha-tecnica-1-1536x948.png 1536w, https:\/\/dhg1h5j42swfq.cloudfront.net\/2025\/06\/27101122\/ficha-tecnica-1-610x377.png 610w, https:\/\/dhg1h5j42swfq.cloudfront.net\/2025\/06\/27101122\/ficha-tecnica-1.png 1571w\" sizes=\"auto, (max-width: 1024px) 100vw, 1024px\" \/><\/figure>\n\n\n\n<h3 id=\"ficha\" class=\"wp-block-heading\">Informa\u00e7\u00f5es do Concurso Itanha\u00e9m &#8211; Educa\u00e7\u00e3o<\/h3>\n\n\n\n<ul class=\"wp-block-list\">\n<li><strong>Provas:<\/strong>\u00a018\/10\/2026<\/li>\n\n\n\n<li><strong>Vagas:<\/strong>\u00a0106 + CR<\/li>\n\n\n\n<li><strong>Cargos:<\/strong>\u00a0Professor (Creche, PEB I, II e III, Educa\u00e7\u00e3o Especial e Substituto), Educador de Creche, Inspetor de Alunos, Oficial Escolar, Secret\u00e1rio de Escola, Monitor e Motorista de Transporte Escolar<\/li>\n\n\n\n<li><strong>Banca:<\/strong>\u00a0Instituto Nosso Rumo<\/li>\n\n\n\n<li><strong>Escolaridade:<\/strong>\u00a0fundamental, m\u00e9dio e superior<\/li>\n\n\n\n<li><a href=\"https:\/\/dhg1h5j42swfq.cloudfront.net\/2026\/09\/02105818\/edital-de-abertura-cleaned.pdf\" target=\"_blank\" rel=\"noreferrer noopener\">Edital do concurso Itanha\u00e9m &#8211; educa\u00e7\u00e3o<\/a><\/li>\n<\/ul>\n","protected":false},"excerpt":{"rendered":"<p>O edital da prefeitura de Itanha\u00e9m exige, para os cargos de Professor de Creche, PEB I e PEB II, curso normal em n\u00edvel superior ou licenciatura plena em Pedagogia A Prefeitura de Itanha\u00e9m, no litoral sul de S\u00e3o Paulo, publicou novo edital para a \u00e1rea da Educa\u00e7\u00e3o, com 106 vagas imediatas e forma\u00e7\u00e3o de cadastro [&hellip;]<\/p>\n","protected":false},"author":2319,"featured_media":1090639,"comment_status":"open","ping_status":"closed","sticky":false,"template":"","format":"standard","meta":{"_acf_changed":false,"post_tipo":"news_page","footnotes":""},"categories":[3766,220219],"tags":[],"tax_estado":[219989],"class_list":["post-1805296","post","type-post","status-publish","format-standard","has-post-thumbnail","hentry","category-educacional","category-noticias","tax_estado-sp"],"acf":[],"yoast_head":"<!-- This site is optimized with the Yoast SEO Premium plugin v28.1 (Yoast SEO v28.1) - https:\/\/yoast.com\/product\/yoast-seo-premium-wordpress\/ -->\n<title>Concurso Itanha\u00e9m (SP) Educa\u00e7\u00e3o: inscri\u00e7\u00f5es abertas!<\/title>\n<meta name=\"description\" content=\"O edital da prefeitura de Itanha\u00e9m exige, para os cargos de Professor de Creche, PEB I e PEB II, curso normal em n\u00edvel superior ou licenciatura plena em Pedagogia\" \/>\n<meta name=\"robots\" content=\"index, follow, max-snippet:-1, max-image-preview:large, max-video-preview:-1\" \/>\n<link rel=\"canonical\" href=\"https:\/\/www.estrategiaconcursos.com.br\/blog\/concurso-itanhaem-educacao\/\" \/>\n<meta property=\"og:locale\" content=\"pt_BR\" \/>\n<meta property=\"og:type\" content=\"article\" \/>\n<meta property=\"og:title\" content=\"Concurso Itanha\u00e9m (SP) Educa\u00e7\u00e3o: inscri\u00e7\u00f5es abertas!\" \/>\n<meta property=\"og:description\" content=\"O edital da prefeitura de Itanha\u00e9m exige, para os cargos de Professor de Creche, PEB I e PEB II, curso normal em n\u00edvel superior ou licenciatura plena em Pedagogia\" \/>\n<meta property=\"og:url\" content=\"https:\/\/www.estrategiaconcursos.com.br\/blog\/concurso-itanhaem-educacao\/\" \/>\n<meta property=\"og:site_name\" content=\"Estrat\u00e9gia Concursos\" \/>\n<meta property=\"article:published_time\" content=\"2026-09-02T14:16:39+00:00\" \/>\n<meta property=\"article:modified_time\" content=\"2026-09-02T14:16:42+00:00\" \/>\n<meta property=\"og:image\" content=\"https:\/\/dhg1h5j42swfq.cloudfront.net\/2022\/09\/06185737\/concursos_educacao.jpg\" \/>\n\t<meta property=\"og:image:width\" content=\"768\" \/>\n\t<meta property=\"og:image:height\" content=\"432\" \/>\n\t<meta property=\"og:image:type\" content=\"image\/jpeg\" \/>\n<meta name=\"author\" content=\"Let\u00edcia Teixeira\" \/>\n<meta name=\"twitter:card\" content=\"summary_large_image\" \/>\n<meta name=\"twitter:creator\" content=\"@EstratConcursos\" \/>\n<meta name=\"twitter:site\" content=\"@EstratConcursos\" \/>\n<meta name=\"twitter:label1\" content=\"Escrito por\" \/>\n\t<meta name=\"twitter:data1\" content=\"Let\u00edcia Teixeira\" \/>\n\t<meta name=\"twitter:label2\" content=\"Est. tempo de leitura\" \/>\n\t<meta name=\"twitter:data2\" content=\"6 minutos\" \/>\n<script type=\"application\/ld+json\" class=\"yoast-schema-graph\">{\"@context\":\"https:\\\/\\\/schema.org\",\"@graph\":[{\"@type\":\"NewsArticle\",\"@id\":\"https:\\\/\\\/www.estrategiaconcursos.com.br\\\/blog\\\/concurso-itanhaem-educacao\\\/#article\",\"isPartOf\":{\"@id\":\"https:\\\/\\\/www.estrategiaconcursos.com.br\\\/blog\\\/concurso-itanhaem-educacao\\\/\"},\"author\":{\"name\":\"Let\u00edcia Teixeira\",\"@id\":\"https:\\\/\\\/blog-estrategia.mystagingwebsite.com\\\/#\\\/schema\\\/person\\\/9b94727dcf4410f4a7931c83966c843b\"},\"headline\":\"Concurso Itanha\u00e9m (SP) Educa\u00e7\u00e3o: inscri\u00e7\u00f5es abertas!\",\"datePublished\":\"2026-09-02T14:16:39+00:00\",\"dateModified\":\"2026-09-02T14:16:42+00:00\",\"mainEntityOfPage\":{\"@id\":\"https:\\\/\\\/www.estrategiaconcursos.com.br\\\/blog\\\/concurso-itanhaem-educacao\\\/\"},\"wordCount\":1222,\"commentCount\":0,\"publisher\":{\"@id\":\"https:\\\/\\\/blog-estrategia.mystagingwebsite.com\\\/#organization\"},\"image\":{\"@id\":\"https:\\\/\\\/www.estrategiaconcursos.com.br\\\/blog\\\/concurso-itanhaem-educacao\\\/#primaryimage\"},\"thumbnailUrl\":\"https:\\\/\\\/dhg1h5j42swfq.cloudfront.net\\\/2022\\\/09\\\/06185737\\\/concursos_educacao.jpg\",\"articleSection\":[\"Educa\u00e7\u00e3o\",\"\u00daltimas not\u00edcias\"],\"inLanguage\":\"pt-BR\",\"potentialAction\":[{\"@type\":\"CommentAction\",\"name\":\"Comment\",\"target\":[\"https:\\\/\\\/www.estrategiaconcursos.com.br\\\/blog\\\/concurso-itanhaem-educacao\\\/#respond\"]}],\"copyrightYear\":\"2026\",\"copyrightHolder\":{\"@id\":\"https:\\\/\\\/www.estrategiaconcursos.com.br\\\/blog\\\/#organization\"}},{\"@type\":\"WebPage\",\"@id\":\"https:\\\/\\\/www.estrategiaconcursos.com.br\\\/blog\\\/concurso-itanhaem-educacao\\\/\",\"url\":\"https:\\\/\\\/www.estrategiaconcursos.com.br\\\/blog\\\/concurso-itanhaem-educacao\\\/\",\"name\":\"Concurso Itanha\u00e9m (SP) Educa\u00e7\u00e3o: inscri\u00e7\u00f5es abertas!\",\"isPartOf\":{\"@id\":\"https:\\\/\\\/blog-estrategia.mystagingwebsite.com\\\/#website\"},\"primaryImageOfPage\":{\"@id\":\"https:\\\/\\\/www.estrategiaconcursos.com.br\\\/blog\\\/concurso-itanhaem-educacao\\\/#primaryimage\"},\"image\":{\"@id\":\"https:\\\/\\\/www.estrategiaconcursos.com.br\\\/blog\\\/concurso-itanhaem-educacao\\\/#primaryimage\"},\"thumbnailUrl\":\"https:\\\/\\\/dhg1h5j42swfq.cloudfront.net\\\/2022\\\/09\\\/06185737\\\/concursos_educacao.jpg\",\"datePublished\":\"2026-09-02T14:16:39+00:00\",\"dateModified\":\"2026-09-02T14:16:42+00:00\",\"description\":\"O edital da prefeitura de Itanha\u00e9m exige, para os cargos de Professor de Creche, PEB I e PEB II, curso normal em n\u00edvel superior ou licenciatura plena em Pedagogia\",\"breadcrumb\":{\"@id\":\"https:\\\/\\\/www.estrategiaconcursos.com.br\\\/blog\\\/concurso-itanhaem-educacao\\\/#breadcrumb\"},\"inLanguage\":\"pt-BR\",\"potentialAction\":[{\"@type\":\"ReadAction\",\"target\":[\"https:\\\/\\\/www.estrategiaconcursos.com.br\\\/blog\\\/concurso-itanhaem-educacao\\\/\"]}]},{\"@type\":\"ImageObject\",\"inLanguage\":\"pt-BR\",\"@id\":\"https:\\\/\\\/www.estrategiaconcursos.com.br\\\/blog\\\/concurso-itanhaem-educacao\\\/#primaryimage\",\"url\":\"https:\\\/\\\/dhg1h5j42swfq.cloudfront.net\\\/2022\\\/09\\\/06185737\\\/concursos_educacao.jpg\",\"contentUrl\":\"https:\\\/\\\/dhg1h5j42swfq.cloudfront.net\\\/2022\\\/09\\\/06185737\\\/concursos_educacao.jpg\",\"width\":768,\"height\":432,\"caption\":\"Concurso Andradina Educa\u00e7\u00e3o\"},{\"@type\":\"BreadcrumbList\",\"@id\":\"https:\\\/\\\/www.estrategiaconcursos.com.br\\\/blog\\\/concurso-itanhaem-educacao\\\/#breadcrumb\",\"itemListElement\":[{\"@type\":\"ListItem\",\"position\":1,\"name\":\"In\u00edcio\",\"item\":\"https:\\\/\\\/blog-estrategia.mystagingwebsite.com\\\/\"},{\"@type\":\"ListItem\",\"position\":2,\"name\":\"Concurso Itanha\u00e9m (SP) Educa\u00e7\u00e3o: inscri\u00e7\u00f5es abertas!\"}]},{\"@type\":\"WebSite\",\"@id\":\"https:\\\/\\\/blog-estrategia.mystagingwebsite.com\\\/#website\",\"url\":\"https:\\\/\\\/blog-estrategia.mystagingwebsite.com\\\/\",\"name\":\"Estrat\u00e9gia Concursos\",\"description\":\"O blog da Estrat\u00e9gia Concursos traz not\u00edcias sobre concursos e artigos de professores oferecendo cursos para concursos (pdf + videaulas) no site.\",\"publisher\":{\"@id\":\"https:\\\/\\\/blog-estrategia.mystagingwebsite.com\\\/#organization\"},\"potentialAction\":[{\"@type\":\"SearchAction\",\"target\":{\"@type\":\"EntryPoint\",\"urlTemplate\":\"https:\\\/\\\/blog-estrategia.mystagingwebsite.com\\\/?s={search_term_string}\"},\"query-input\":{\"@type\":\"PropertyValueSpecification\",\"valueRequired\":true,\"valueName\":\"search_term_string\"}}],\"inLanguage\":\"pt-BR\"},{\"@type\":\"Organization\",\"@id\":\"https:\\\/\\\/blog-estrategia.mystagingwebsite.com\\\/#organization\",\"name\":\"Estrat\u00e9gia Concursos\",\"url\":\"https:\\\/\\\/blog-estrategia.mystagingwebsite.com\\\/\",\"logo\":{\"@type\":\"ImageObject\",\"inLanguage\":\"pt-BR\",\"@id\":\"https:\\\/\\\/blog-estrategia.mystagingwebsite.com\\\/#\\\/schema\\\/logo\\\/image\\\/\",\"url\":\"https:\\\/\\\/dhg1h5j42swfq.cloudfront.net\\\/2025\\\/06\\\/03203428\\\/logo_concursos-1.jpg\",\"contentUrl\":\"https:\\\/\\\/dhg1h5j42swfq.cloudfront.net\\\/2025\\\/06\\\/03203428\\\/logo_concursos-1.jpg\",\"width\":230,\"height\":60,\"caption\":\"Estrat\u00e9gia Concursos\"},\"image\":{\"@id\":\"https:\\\/\\\/blog-estrategia.mystagingwebsite.com\\\/#\\\/schema\\\/logo\\\/image\\\/\"},\"sameAs\":[\"https:\\\/\\\/x.com\\\/EstratConcursos\"]},{\"@type\":\"Person\",\"@id\":\"https:\\\/\\\/blog-estrategia.mystagingwebsite.com\\\/#\\\/schema\\\/person\\\/9b94727dcf4410f4a7931c83966c843b\",\"name\":\"Let\u00edcia Teixeira\",\"image\":{\"@type\":\"ImageObject\",\"inLanguage\":\"pt-BR\",\"@id\":\"https:\\\/\\\/secure.gravatar.com\\\/avatar\\\/fb589b06b881e20b676d08f9d03226d1e3291ba2f90e751ddc9ccb21abf0244d?s=96&d=mm&r=g\",\"url\":\"https:\\\/\\\/secure.gravatar.com\\\/avatar\\\/fb589b06b881e20b676d08f9d03226d1e3291ba2f90e751ddc9ccb21abf0244d?s=96&d=mm&r=g\",\"contentUrl\":\"https:\\\/\\\/secure.gravatar.com\\\/avatar\\\/fb589b06b881e20b676d08f9d03226d1e3291ba2f90e751ddc9ccb21abf0244d?s=96&d=mm&r=g\",\"caption\":\"Let\u00edcia Teixeira\"},\"description\":\"Jornalista com experi\u00eancia de mais de quatro anos no segmento de concursos p\u00fablicos. Especializada em Narrativa Transm\u00eddia e Storytelling pela Universidade Cat\u00f3lica de Bras\u00edlia, com atua\u00e7\u00e3o nas \u00e1reas de SEO, conte\u00fado, Webwriting e Copywriting.\",\"url\":\"https:\\\/\\\/www.estrategiaconcursos.com.br\\\/blog\\\/author\\\/leticia-teixeiraestrategia-com\\\/\"}]}<\/script>\n<!-- \/ Yoast SEO Premium plugin. -->","yoast_head_json":{"title":"Concurso Itanha\u00e9m (SP) Educa\u00e7\u00e3o: inscri\u00e7\u00f5es abertas!","description":"O edital da prefeitura de Itanha\u00e9m exige, para os cargos de Professor de Creche, PEB I e PEB II, curso normal em n\u00edvel superior ou licenciatura plena em Pedagogia","robots":{"index":"index","follow":"follow","max-snippet":"max-snippet:-1","max-image-preview":"max-image-preview:large","max-video-preview":"max-video-preview:-1"},"canonical":"https:\/\/www.estrategiaconcursos.com.br\/blog\/concurso-itanhaem-educacao\/","og_locale":"pt_BR","og_type":"article","og_title":"Concurso Itanha\u00e9m (SP) Educa\u00e7\u00e3o: inscri\u00e7\u00f5es abertas!","og_description":"O edital da prefeitura de Itanha\u00e9m exige, para os cargos de Professor de Creche, PEB I e PEB II, curso normal em n\u00edvel superior ou licenciatura plena em Pedagogia","og_url":"https:\/\/www.estrategiaconcursos.com.br\/blog\/concurso-itanhaem-educacao\/","og_site_name":"Estrat\u00e9gia Concursos","article_published_time":"2026-09-02T14:16:39+00:00","article_modified_time":"2026-09-02T14:16:42+00:00","og_image":[{"width":768,"height":432,"url":"https:\/\/dhg1h5j42swfq.cloudfront.net\/2022\/09\/06185737\/concursos_educacao.jpg","type":"image\/jpeg"}],"author":"Let\u00edcia Teixeira","twitter_card":"summary_large_image","twitter_creator":"@EstratConcursos","twitter_site":"@EstratConcursos","twitter_misc":{"Escrito por":"Let\u00edcia Teixeira","Est. tempo de leitura":"6 minutos"},"schema":{"@context":"https:\/\/schema.org","@graph":[{"@type":"NewsArticle","@id":"https:\/\/www.estrategiaconcursos.com.br\/blog\/concurso-itanhaem-educacao\/#article","isPartOf":{"@id":"https:\/\/www.estrategiaconcursos.com.br\/blog\/concurso-itanhaem-educacao\/"},"author":{"name":"Let\u00edcia Teixeira","@id":"https:\/\/blog-estrategia.mystagingwebsite.com\/#\/schema\/person\/9b94727dcf4410f4a7931c83966c843b"},"headline":"Concurso Itanha\u00e9m (SP) Educa\u00e7\u00e3o: inscri\u00e7\u00f5es abertas!","datePublished":"2026-09-02T14:16:39+00:00","dateModified":"2026-09-02T14:16:42+00:00","mainEntityOfPage":{"@id":"https:\/\/www.estrategiaconcursos.com.br\/blog\/concurso-itanhaem-educacao\/"},"wordCount":1222,"commentCount":0,"publisher":{"@id":"https:\/\/blog-estrategia.mystagingwebsite.com\/#organization"},"image":{"@id":"https:\/\/www.estrategiaconcursos.com.br\/blog\/concurso-itanhaem-educacao\/#primaryimage"},"thumbnailUrl":"https:\/\/dhg1h5j42swfq.cloudfront.net\/2022\/09\/06185737\/concursos_educacao.jpg","articleSection":["Educa\u00e7\u00e3o","\u00daltimas not\u00edcias"],"inLanguage":"pt-BR","potentialAction":[{"@type":"CommentAction","name":"Comment","target":["https:\/\/www.estrategiaconcursos.com.br\/blog\/concurso-itanhaem-educacao\/#respond"]}],"copyrightYear":"2026","copyrightHolder":{"@id":"https:\/\/www.estrategiaconcursos.com.br\/blog\/#organization"}},{"@type":"WebPage","@id":"https:\/\/www.estrategiaconcursos.com.br\/blog\/concurso-itanhaem-educacao\/","url":"https:\/\/www.estrategiaconcursos.com.br\/blog\/concurso-itanhaem-educacao\/","name":"Concurso Itanha\u00e9m (SP) Educa\u00e7\u00e3o: inscri\u00e7\u00f5es abertas!","isPartOf":{"@id":"https:\/\/blog-estrategia.mystagingwebsite.com\/#website"},"primaryImageOfPage":{"@id":"https:\/\/www.estrategiaconcursos.com.br\/blog\/concurso-itanhaem-educacao\/#primaryimage"},"image":{"@id":"https:\/\/www.estrategiaconcursos.com.br\/blog\/concurso-itanhaem-educacao\/#primaryimage"},"thumbnailUrl":"https:\/\/dhg1h5j42swfq.cloudfront.net\/2022\/09\/06185737\/concursos_educacao.jpg","datePublished":"2026-09-02T14:16:39+00:00","dateModified":"2026-09-02T14:16:42+00:00","description":"O edital da prefeitura de Itanha\u00e9m exige, para os cargos de Professor de Creche, PEB I e PEB II, curso normal em n\u00edvel superior ou licenciatura plena em Pedagogia","breadcrumb":{"@id":"https:\/\/www.estrategiaconcursos.com.br\/blog\/concurso-itanhaem-educacao\/#breadcrumb"},"inLanguage":"pt-BR","potentialAction":[{"@type":"ReadAction","target":["https:\/\/www.estrategiaconcursos.com.br\/blog\/concurso-itanhaem-educacao\/"]}]},{"@type":"ImageObject","inLanguage":"pt-BR","@id":"https:\/\/www.estrategiaconcursos.com.br\/blog\/concurso-itanhaem-educacao\/#primaryimage","url":"https:\/\/dhg1h5j42swfq.cloudfront.net\/2022\/09\/06185737\/concursos_educacao.jpg","contentUrl":"https:\/\/dhg1h5j42swfq.cloudfront.net\/2022\/09\/06185737\/concursos_educacao.jpg","width":768,"height":432,"caption":"Concurso Andradina Educa\u00e7\u00e3o"},{"@type":"BreadcrumbList","@id":"https:\/\/www.estrategiaconcursos.com.br\/blog\/concurso-itanhaem-educacao\/#breadcrumb","itemListElement":[{"@type":"ListItem","position":1,"name":"In\u00edcio","item":"https:\/\/blog-estrategia.mystagingwebsite.com\/"},{"@type":"ListItem","position":2,"name":"Concurso Itanha\u00e9m (SP) Educa\u00e7\u00e3o: inscri\u00e7\u00f5es abertas!"}]},{"@type":"WebSite","@id":"https:\/\/blog-estrategia.mystagingwebsite.com\/#website","url":"https:\/\/blog-estrategia.mystagingwebsite.com\/","name":"Estrat\u00e9gia Concursos","description":"O blog da Estrat\u00e9gia Concursos traz not\u00edcias sobre concursos e artigos de professores oferecendo cursos para concursos (pdf + videaulas) no site.","publisher":{"@id":"https:\/\/blog-estrategia.mystagingwebsite.com\/#organization"},"potentialAction":[{"@type":"SearchAction","target":{"@type":"EntryPoint","urlTemplate":"https:\/\/blog-estrategia.mystagingwebsite.com\/?s={search_term_string}"},"query-input":{"@type":"PropertyValueSpecification","valueRequired":true,"valueName":"search_term_string"}}],"inLanguage":"pt-BR"},{"@type":"Organization","@id":"https:\/\/blog-estrategia.mystagingwebsite.com\/#organization","name":"Estrat\u00e9gia Concursos","url":"https:\/\/blog-estrategia.mystagingwebsite.com\/","logo":{"@type":"ImageObject","inLanguage":"pt-BR","@id":"https:\/\/blog-estrategia.mystagingwebsite.com\/#\/schema\/logo\/image\/","url":"https:\/\/dhg1h5j42swfq.cloudfront.net\/2025\/06\/03203428\/logo_concursos-1.jpg","contentUrl":"https:\/\/dhg1h5j42swfq.cloudfront.net\/2025\/06\/03203428\/logo_concursos-1.jpg","width":230,"height":60,"caption":"Estrat\u00e9gia Concursos"},"image":{"@id":"https:\/\/blog-estrategia.mystagingwebsite.com\/#\/schema\/logo\/image\/"},"sameAs":["https:\/\/x.com\/EstratConcursos"]},{"@type":"Person","@id":"https:\/\/blog-estrategia.mystagingwebsite.com\/#\/schema\/person\/9b94727dcf4410f4a7931c83966c843b","name":"Let\u00edcia Teixeira","image":{"@type":"ImageObject","inLanguage":"pt-BR","@id":"https:\/\/secure.gravatar.com\/avatar\/fb589b06b881e20b676d08f9d03226d1e3291ba2f90e751ddc9ccb21abf0244d?s=96&d=mm&r=g","url":"https:\/\/secure.gravatar.com\/avatar\/fb589b06b881e20b676d08f9d03226d1e3291ba2f90e751ddc9ccb21abf0244d?s=96&d=mm&r=g","contentUrl":"https:\/\/secure.gravatar.com\/avatar\/fb589b06b881e20b676d08f9d03226d1e3291ba2f90e751ddc9ccb21abf0244d?s=96&d=mm&r=g","caption":"Let\u00edcia Teixeira"},"description":"Jornalista com experi\u00eancia de mais de quatro anos no segmento de concursos p\u00fablicos. Especializada em Narrativa Transm\u00eddia e Storytelling pela Universidade Cat\u00f3lica de Bras\u00edlia, com atua\u00e7\u00e3o nas \u00e1reas de SEO, conte\u00fado, Webwriting e Copywriting.","url":"https:\/\/www.estrategiaconcursos.com.br\/blog\/author\/leticia-teixeiraestrategia-com\/"}]}},"_links":{"self":[{"href":"https:\/\/www.estrategiaconcursos.com.br\/blog\/wp-json\/wp\/v2\/posts\/1805296","targetHints":{"allow":["GET"]}}],"collection":[{"href":"https:\/\/www.estrategiaconcursos.com.br\/blog\/wp-json\/wp\/v2\/posts"}],"about":[{"href":"https:\/\/www.estrategiaconcursos.com.br\/blog\/wp-json\/wp\/v2\/types\/post"}],"author":[{"embeddable":true,"href":"https:\/\/www.estrategiaconcursos.com.br\/blog\/wp-json\/wp\/v2\/users\/2319"}],"replies":[{"embeddable":true,"href":"https:\/\/www.estrategiaconcursos.com.br\/blog\/wp-json\/wp\/v2\/comments?post=1805296"}],"version-history":[{"count":2,"href":"https:\/\/www.estrategiaconcursos.com.br\/blog\/wp-json\/wp\/v2\/posts\/1805296\/revisions"}],"predecessor-version":[{"id":1805337,"href":"https:\/\/www.estrategiaconcursos.com.br\/blog\/wp-json\/wp\/v2\/posts\/1805296\/revisions\/1805337"}],"wp:featuredmedia":[{"embeddable":true,"href":"https:\/\/www.estrategiaconcursos.com.br\/blog\/wp-json\/wp\/v2\/media\/1090639"}],"wp:attachment":[{"href":"https:\/\/www.estrategiaconcursos.com.br\/blog\/wp-json\/wp\/v2\/media?parent=1805296"}],"wp:term":[{"taxonomy":"category","embeddable":true,"href":"https:\/\/www.estrategiaconcursos.com.br\/blog\/wp-json\/wp\/v2\/categories?post=1805296"},{"taxonomy":"post_tag","embeddable":true,"href":"https:\/\/www.estrategiaconcursos.com.br\/blog\/wp-json\/wp\/v2\/tags?post=1805296"},{"taxonomy":"tax_estado","embeddable":true,"href":"https:\/\/www.estrategiaconcursos.com.br\/blog\/wp-json\/wp\/v2\/tax_estado?post=1805296"}],"curies":[{"name":"wp","href":"https:\/\/api.w.org\/{rel}","templated":true}]}}