{"id":1805217,"date":"2026-09-02T09:13:29","date_gmt":"2026-09-02T12:13:29","guid":{"rendered":"https:\/\/www.estrategiaconcursos.com.br\/blog\/?p=1805217"},"modified":"2026-09-02T09:13:32","modified_gmt":"2026-09-02T12:13:32","slug":"concurso-sedf-nomeacoes-2026-efetivos","status":"publish","type":"post","link":"https:\/\/www.estrategiaconcursos.com.br\/blog\/concurso-sedf-nomeacoes-2026-efetivos\/","title":{"rendered":"Concurso SEDF: mais 2.681 nomea\u00e7\u00f5es publicadas!"},"content":{"rendered":"\n<p class=\"wp-block-paragraph\"><strong><em>Nomea\u00e7\u00f5es do concurso SEDF de 2022 foram publicadas no Di\u00e1rio Oficial do DF desta quarta (2)<\/em><\/strong><\/p>\n\n\n\n<p class=\"wp-block-paragraph\">As nomea\u00e7\u00f5es do concurso SEDF (Secretaria de Educa\u00e7\u00e3o do Distrito Federal) foram publicadas no Di\u00e1rio Oficial do DF desta quarta-feira (2). S\u00e3o 2.681 aprovados no certame do magist\u00e9rio de 2022, agora convocados para assumir os cargos.<\/p>\n\n\n\n<p class=\"wp-block-paragraph\">O concurso de 2022 teve a validade prorrogada at\u00e9 julho de 2027, o que mant\u00e9m aberta a possibilidade de novas convoca\u00e7\u00f5es at\u00e9 o esgotamento do cadastro.<\/p>\n\n\n\n<h3 class=\"wp-block-heading\">Nomea\u00e7\u00f5es por cargo<\/h3>\n\n\n\n<p class=\"wp-block-paragraph\">O componente Atividades, que atende aos anos iniciais do ensino fundamental, concentra 2.560 das nomea\u00e7\u00f5es, cerca de 95% do total. Veja a distribui\u00e7\u00e3o completa:<\/p>\n\n\n\n<ul class=\"wp-block-list\">\n<li>Atividades: 2.560<\/li>\n\n\n\n<li>Inform\u00e1tica: 24<\/li>\n\n\n\n<li>Radiologia: 13<\/li>\n\n\n\n<li>LEM\/Franc\u00eas: 11<\/li>\n\n\n\n<li>Letras Libras: 10<\/li>\n\n\n\n<li>Administra\u00e7\u00e3o: 10<\/li>\n\n\n\n<li>Nutri\u00e7\u00e3o: 8<\/li>\n\n\n\n<li>Biomedicina: 3<\/li>\n\n\n\n<li>Farm\u00e1cia: 3<\/li>\n\n\n\n<li>Gastronomia: 3<\/li>\n\n\n\n<li>Odontologia: 3<\/li>\n\n\n\n<li>Eletr\u00f4nica: 2<\/li>\n\n\n\n<li>Canto Popular: 1<\/li>\n\n\n\n<li>Contabilidade: 1<\/li>\n\n\n\n<li>Direito: 1<\/li>\n\n\n\n<li>Fisioterapia: 1<\/li>\n\n\n\n<li>Piano Popular: 1<\/li>\n\n\n\n<li>Psicologia: 1<\/li>\n<\/ul>\n\n\n\n<h3 class=\"wp-block-heading\">Candidatos de final de fila tamb\u00e9m foram chamados<\/h3>\n\n\n\n<p class=\"wp-block-paragraph\">A publica\u00e7\u00e3o inclui 25 nomea\u00e7\u00f5es de candidatos em final de fila, situa\u00e7\u00e3o dos aprovados que solicitaram reposicionamento para o fim da lista de classifica\u00e7\u00e3o:<\/p>\n\n\n\n<ul class=\"wp-block-list\">\n<li>L\u00edngua Portuguesa: 6<\/li>\n\n\n\n<li>Ci\u00eancias: 5<\/li>\n\n\n\n<li>Artes: 4<\/li>\n\n\n\n<li>Educa\u00e7\u00e3o F\u00edsica: 2<\/li>\n\n\n\n<li>Enfermagem: 2<\/li>\n\n\n\n<li>Qu\u00edmica: 2<\/li>\n\n\n\n<li>Biologia: 1<\/li>\n\n\n\n<li>Hist\u00f3ria: 1<\/li>\n\n\n\n<li>Matem\u00e1tica: 1<\/li>\n\n\n\n<li>M\u00fasica\/Clarineta: 1<\/li>\n<\/ul>\n\n\n\n<h3 class=\"wp-block-heading\">Pr\u00f3ximos passos dos nomeados<\/h3>\n\n\n\n<p class=\"wp-block-paragraph\">Os nomeados devem acompanhar o Di\u00e1rio Oficial do DF e os canais da SEDF para os prazos de posse e a entrega de documentos. O prazo padr\u00e3o de posse \u00e9 de 30 dias a contar da publica\u00e7\u00e3o da nomea\u00e7\u00e3o, e a perda do prazo torna o ato sem efeito.<\/p>\n\n\n\n<h2 id=\"h-novo-concurso-sedf-deve-ocorrer-em-breve\" class=\"wp-block-heading\">Novo concurso SEDF deve ocorrer em breve!<\/h2>\n\n\n\n<p class=\"wp-block-paragraph\">Lembrando que o \u00f3rg\u00e3o pretende realizar dois concursos p\u00fablicos em breve destinado a cargos efetivos.<\/p>\n\n\n\n<p class=\"wp-block-paragraph\">A previs\u00e3o \u00e9 de que mais de<strong> dez mil vagas sejam ofertadas <\/strong>para os profissionais da carreira da educa\u00e7\u00e3o.<\/p>\n\n\n\n<p class=\"wp-block-paragraph\">Quer saber todas as informa\u00e7\u00f5es e novidades sobre o <strong>concurso <a href=\"https:\/\/www.educacao.df.gov.br\/concursos-da-seedf\/\">SEDF<\/a><\/strong>, cujas novas nomea\u00e7\u00f5es foram divulgadas? Ent\u00e3o, acesse o link abaixo. N\u00f3s, do Estrat\u00e9gia Concursos, preparamos um artigo exclusivo para voc\u00eas:<\/p>\n\n\n\n<p class=\"has-text-align-center has-light-green-cyan-background-color has-background has-medium-font-size wp-block-paragraph\"><strong>Saiba mais: <a href=\"https:\/\/www.estrategiaconcursos.com.br\/blog\/concurso-sedf\/\" target=\"_blank\" rel=\"noreferrer noopener\">SEDF<\/a><\/strong><\/p>\n\n\n\n<h2 class=\"wp-block-heading has-text-align-center\" id=\"h-quer-saber-tudo-sobre-concursos-previstos-confira-nossos-artigos\">Quer saber tudo sobre concursos previstos?<br \/>Confira nossos artigos!<\/h2>\n\n\n\n<ul class=\"wp-block-list\">\n<li><a href=\"https:\/\/www.estrategiaconcursos.com.br\/blog\/concursos-abertos\/\" target=\"_blank\" rel=\"noreferrer noopener\">Concursos abertos<\/a><\/li>\n\n\n\n<li><a href=\"https:\/\/www.estrategiaconcursos.com.br\/blog\/concursos-2026\/\" target=\"_blank\" rel=\"noreferrer noopener\">Concursos 2026<\/a><\/li>\n\n\n\n<li><a href=\"https:\/\/www.estrategiaconcursos.com.br\/blog\/concursos-educacao-2022\/\" target=\"_blank\" rel=\"noreferrer noopener\">Concursos Educa\u00e7\u00e3o<\/a><\/li>\n<\/ul>\n\n\n\n<h2 class=\"wp-block-heading has-text-align-center\" id=\"cursos\">Quer estudar para o concurso SEDF?<\/h2>\n\n\n\n<div class=\"col-sm\">\n      <div class=\"banner-estrategia\" id=\"box-assinatura\">\n        <h3 class=\"titulo-assinatura\">Cursos para SEDF<\/h3>\n        <p class=\"subtitulo-assinatura\">Conhe\u00e7a os cursos<\/p>\n        <div class=\"box-botao\">\n          <a class=\"btn-assinatura\" target=\"_blank\" href=\"https:\/\/www.estrategiaconcursos.com.br\/cursosPorConcurso\/secretaria-da-educacao-df\/\" role=\"button\" rel=\"noopener noreferrer\">Conhe\u00e7a mais<\/a>\n        <\/div>\n      <\/div>\n      <p class=\"texto-auxiliar\"><\/p>\n    <\/div>\n\n\n\n<div class=\"container\" id=\"boxes\">\n  <div class=\"row\">\n\n    <div class=\"col-sm\">\n      <div class=\"estrategia\" id=\"box-assinatura\">\n        <h3 class=\"titulo-assinatura\">Assinatura Concursos<\/h3>\n        <p class=\"subtitulo-assinatura\">Assinatura de 1 ano ou 2 anos<\/p>\n        <div class=\"box-botao\">\n          <a class=\"btn-assinatura\" target=\"_blank\" href=\"https:\/\/www.estrategiaconcursos.com.br\/blog\/assinaturas\/\" role=\"button\" rel=\"noopener noreferrer\">ASSINE AGORA<\/a>\n        <\/div>\n      <\/div>\n     \n    <\/div><\/div><\/div>\n","protected":false},"excerpt":{"rendered":"<p>Nomea\u00e7\u00f5es do concurso SEDF de 2022 foram publicadas no Di\u00e1rio Oficial do DF desta quarta (2) As nomea\u00e7\u00f5es do concurso SEDF (Secretaria de Educa\u00e7\u00e3o do Distrito Federal) foram publicadas no Di\u00e1rio Oficial do DF desta quarta-feira (2). S\u00e3o 2.681 aprovados no certame do magist\u00e9rio de 2022, agora convocados para assumir os cargos. O concurso de [&hellip;]<\/p>\n","protected":false},"author":2319,"featured_media":930990,"comment_status":"open","ping_status":"closed","sticky":false,"template":"","format":"standard","meta":{"_acf_changed":false,"post_tipo":"news","footnotes":""},"categories":[3766,220219],"tags":[],"tax_estado":[219970],"class_list":["post-1805217","post","type-post","status-publish","format-standard","has-post-thumbnail","hentry","category-educacional","category-noticias","tax_estado-df"],"acf":[],"yoast_head":"<!-- This site is optimized with the Yoast SEO Premium plugin v28.1 (Yoast SEO v28.1) - https:\/\/yoast.com\/product\/yoast-seo-premium-wordpress\/ -->\n<title>Concurso SEDF: mais 2.681 nomea\u00e7\u00f5es publicadas!<\/title>\n<meta name=\"description\" content=\"Nomea\u00e7\u00f5es do concurso SEDF de 2022 foram publicadas no Di\u00e1rio Oficial do DF desta quarta (2). Veja todos os detalhes aqui!\" \/>\n<meta name=\"robots\" content=\"index, follow, max-snippet:-1, max-image-preview:large, max-video-preview:-1\" \/>\n<link rel=\"canonical\" href=\"https:\/\/www.estrategiaconcursos.com.br\/blog\/concurso-sedf-nomeacoes-2026-efetivos\/\" \/>\n<meta property=\"og:locale\" content=\"pt_BR\" \/>\n<meta property=\"og:type\" content=\"article\" \/>\n<meta property=\"og:title\" content=\"Concurso SEDF: mais 2.681 nomea\u00e7\u00f5es publicadas!\" \/>\n<meta property=\"og:description\" content=\"Nomea\u00e7\u00f5es do concurso SEDF de 2022 foram publicadas no Di\u00e1rio Oficial do DF desta quarta (2). Veja todos os detalhes aqui!\" \/>\n<meta property=\"og:url\" content=\"https:\/\/www.estrategiaconcursos.com.br\/blog\/concurso-sedf-nomeacoes-2026-efetivos\/\" \/>\n<meta property=\"og:site_name\" content=\"Estrat\u00e9gia Concursos\" \/>\n<meta property=\"article:published_time\" content=\"2026-09-02T12:13:29+00:00\" \/>\n<meta property=\"article:modified_time\" content=\"2026-09-02T12:13:32+00:00\" \/>\n<meta property=\"og:image\" content=\"https:\/\/dhg1h5j42swfq.cloudfront.net\/2021\/12\/16163441\/sedf.jpeg\" \/>\n\t<meta property=\"og:image:width\" content=\"768\" \/>\n\t<meta property=\"og:image:height\" content=\"432\" \/>\n\t<meta property=\"og:image:type\" content=\"image\/jpeg\" \/>\n<meta name=\"author\" content=\"Let\u00edcia Teixeira\" \/>\n<meta name=\"twitter:card\" content=\"summary_large_image\" \/>\n<meta name=\"twitter:creator\" content=\"@EstratConcursos\" \/>\n<meta name=\"twitter:site\" content=\"@EstratConcursos\" \/>\n<meta name=\"twitter:label1\" content=\"Escrito por\" \/>\n\t<meta name=\"twitter:data1\" content=\"Let\u00edcia Teixeira\" \/>\n\t<meta name=\"twitter:label2\" content=\"Est. tempo de leitura\" \/>\n\t<meta name=\"twitter:data2\" content=\"2 minutos\" \/>\n<script type=\"application\/ld+json\" class=\"yoast-schema-graph\">{\"@context\":\"https:\\\/\\\/schema.org\",\"@graph\":[{\"@type\":\"NewsArticle\",\"@id\":\"https:\\\/\\\/www.estrategiaconcursos.com.br\\\/blog\\\/concurso-sedf-nomeacoes-2026-efetivos\\\/#article\",\"isPartOf\":{\"@id\":\"https:\\\/\\\/www.estrategiaconcursos.com.br\\\/blog\\\/concurso-sedf-nomeacoes-2026-efetivos\\\/\"},\"author\":{\"name\":\"Let\u00edcia Teixeira\",\"@id\":\"https:\\\/\\\/blog-estrategia.mystagingwebsite.com\\\/#\\\/schema\\\/person\\\/9b94727dcf4410f4a7931c83966c843b\"},\"headline\":\"Concurso SEDF: mais 2.681 nomea\u00e7\u00f5es publicadas!\",\"datePublished\":\"2026-09-02T12:13:29+00:00\",\"dateModified\":\"2026-09-02T12:13:32+00:00\",\"mainEntityOfPage\":{\"@id\":\"https:\\\/\\\/www.estrategiaconcursos.com.br\\\/blog\\\/concurso-sedf-nomeacoes-2026-efetivos\\\/\"},\"wordCount\":379,\"commentCount\":0,\"publisher\":{\"@id\":\"https:\\\/\\\/blog-estrategia.mystagingwebsite.com\\\/#organization\"},\"image\":{\"@id\":\"https:\\\/\\\/www.estrategiaconcursos.com.br\\\/blog\\\/concurso-sedf-nomeacoes-2026-efetivos\\\/#primaryimage\"},\"thumbnailUrl\":\"https:\\\/\\\/dhg1h5j42swfq.cloudfront.net\\\/2021\\\/12\\\/16163441\\\/sedf.jpeg\",\"articleSection\":[\"Educa\u00e7\u00e3o\",\"\u00daltimas not\u00edcias\"],\"inLanguage\":\"pt-BR\",\"potentialAction\":[{\"@type\":\"CommentAction\",\"name\":\"Comment\",\"target\":[\"https:\\\/\\\/www.estrategiaconcursos.com.br\\\/blog\\\/concurso-sedf-nomeacoes-2026-efetivos\\\/#respond\"]}],\"copyrightYear\":\"2026\",\"copyrightHolder\":{\"@id\":\"https:\\\/\\\/www.estrategiaconcursos.com.br\\\/blog\\\/#organization\"}},{\"@type\":\"WebPage\",\"@id\":\"https:\\\/\\\/www.estrategiaconcursos.com.br\\\/blog\\\/concurso-sedf-nomeacoes-2026-efetivos\\\/\",\"url\":\"https:\\\/\\\/www.estrategiaconcursos.com.br\\\/blog\\\/concurso-sedf-nomeacoes-2026-efetivos\\\/\",\"name\":\"Concurso SEDF: mais 2.681 nomea\u00e7\u00f5es publicadas!\",\"isPartOf\":{\"@id\":\"https:\\\/\\\/blog-estrategia.mystagingwebsite.com\\\/#website\"},\"primaryImageOfPage\":{\"@id\":\"https:\\\/\\\/www.estrategiaconcursos.com.br\\\/blog\\\/concurso-sedf-nomeacoes-2026-efetivos\\\/#primaryimage\"},\"image\":{\"@id\":\"https:\\\/\\\/www.estrategiaconcursos.com.br\\\/blog\\\/concurso-sedf-nomeacoes-2026-efetivos\\\/#primaryimage\"},\"thumbnailUrl\":\"https:\\\/\\\/dhg1h5j42swfq.cloudfront.net\\\/2021\\\/12\\\/16163441\\\/sedf.jpeg\",\"datePublished\":\"2026-09-02T12:13:29+00:00\",\"dateModified\":\"2026-09-02T12:13:32+00:00\",\"description\":\"Nomea\u00e7\u00f5es do concurso SEDF de 2022 foram publicadas no Di\u00e1rio Oficial do DF desta quarta (2). Veja todos os detalhes aqui!\",\"breadcrumb\":{\"@id\":\"https:\\\/\\\/www.estrategiaconcursos.com.br\\\/blog\\\/concurso-sedf-nomeacoes-2026-efetivos\\\/#breadcrumb\"},\"inLanguage\":\"pt-BR\",\"potentialAction\":[{\"@type\":\"ReadAction\",\"target\":[\"https:\\\/\\\/www.estrategiaconcursos.com.br\\\/blog\\\/concurso-sedf-nomeacoes-2026-efetivos\\\/\"]}]},{\"@type\":\"ImageObject\",\"inLanguage\":\"pt-BR\",\"@id\":\"https:\\\/\\\/www.estrategiaconcursos.com.br\\\/blog\\\/concurso-sedf-nomeacoes-2026-efetivos\\\/#primaryimage\",\"url\":\"https:\\\/\\\/dhg1h5j42swfq.cloudfront.net\\\/2021\\\/12\\\/16163441\\\/sedf.jpeg\",\"contentUrl\":\"https:\\\/\\\/dhg1h5j42swfq.cloudfront.net\\\/2021\\\/12\\\/16163441\\\/sedf.jpeg\",\"width\":768,\"height\":432,\"caption\":\"SEDF\"},{\"@type\":\"BreadcrumbList\",\"@id\":\"https:\\\/\\\/www.estrategiaconcursos.com.br\\\/blog\\\/concurso-sedf-nomeacoes-2026-efetivos\\\/#breadcrumb\",\"itemListElement\":[{\"@type\":\"ListItem\",\"position\":1,\"name\":\"In\u00edcio\",\"item\":\"https:\\\/\\\/blog-estrategia.mystagingwebsite.com\\\/\"},{\"@type\":\"ListItem\",\"position\":2,\"name\":\"Concurso SEDF: mais 2.681 nomea\u00e7\u00f5es publicadas!\"}]},{\"@type\":\"WebSite\",\"@id\":\"https:\\\/\\\/blog-estrategia.mystagingwebsite.com\\\/#website\",\"url\":\"https:\\\/\\\/blog-estrategia.mystagingwebsite.com\\\/\",\"name\":\"Estrat\u00e9gia Concursos\",\"description\":\"O blog da Estrat\u00e9gia Concursos traz not\u00edcias sobre concursos e artigos de professores oferecendo cursos para concursos (pdf + videaulas) no site.\",\"publisher\":{\"@id\":\"https:\\\/\\\/blog-estrategia.mystagingwebsite.com\\\/#organization\"},\"potentialAction\":[{\"@type\":\"SearchAction\",\"target\":{\"@type\":\"EntryPoint\",\"urlTemplate\":\"https:\\\/\\\/blog-estrategia.mystagingwebsite.com\\\/?s={search_term_string}\"},\"query-input\":{\"@type\":\"PropertyValueSpecification\",\"valueRequired\":true,\"valueName\":\"search_term_string\"}}],\"inLanguage\":\"pt-BR\"},{\"@type\":\"Organization\",\"@id\":\"https:\\\/\\\/blog-estrategia.mystagingwebsite.com\\\/#organization\",\"name\":\"Estrat\u00e9gia Concursos\",\"url\":\"https:\\\/\\\/blog-estrategia.mystagingwebsite.com\\\/\",\"logo\":{\"@type\":\"ImageObject\",\"inLanguage\":\"pt-BR\",\"@id\":\"https:\\\/\\\/blog-estrategia.mystagingwebsite.com\\\/#\\\/schema\\\/logo\\\/image\\\/\",\"url\":\"https:\\\/\\\/dhg1h5j42swfq.cloudfront.net\\\/2025\\\/06\\\/03203428\\\/logo_concursos-1.jpg\",\"contentUrl\":\"https:\\\/\\\/dhg1h5j42swfq.cloudfront.net\\\/2025\\\/06\\\/03203428\\\/logo_concursos-1.jpg\",\"width\":230,\"height\":60,\"caption\":\"Estrat\u00e9gia Concursos\"},\"image\":{\"@id\":\"https:\\\/\\\/blog-estrategia.mystagingwebsite.com\\\/#\\\/schema\\\/logo\\\/image\\\/\"},\"sameAs\":[\"https:\\\/\\\/x.com\\\/EstratConcursos\"]},{\"@type\":\"Person\",\"@id\":\"https:\\\/\\\/blog-estrategia.mystagingwebsite.com\\\/#\\\/schema\\\/person\\\/9b94727dcf4410f4a7931c83966c843b\",\"name\":\"Let\u00edcia Teixeira\",\"image\":{\"@type\":\"ImageObject\",\"inLanguage\":\"pt-BR\",\"@id\":\"https:\\\/\\\/secure.gravatar.com\\\/avatar\\\/fb589b06b881e20b676d08f9d03226d1e3291ba2f90e751ddc9ccb21abf0244d?s=96&d=mm&r=g\",\"url\":\"https:\\\/\\\/secure.gravatar.com\\\/avatar\\\/fb589b06b881e20b676d08f9d03226d1e3291ba2f90e751ddc9ccb21abf0244d?s=96&d=mm&r=g\",\"contentUrl\":\"https:\\\/\\\/secure.gravatar.com\\\/avatar\\\/fb589b06b881e20b676d08f9d03226d1e3291ba2f90e751ddc9ccb21abf0244d?s=96&d=mm&r=g\",\"caption\":\"Let\u00edcia Teixeira\"},\"description\":\"Jornalista com experi\u00eancia de mais de quatro anos no segmento de concursos p\u00fablicos. Especializada em Narrativa Transm\u00eddia e Storytelling pela Universidade Cat\u00f3lica de Bras\u00edlia, com atua\u00e7\u00e3o nas \u00e1reas de SEO, conte\u00fado, Webwriting e Copywriting.\",\"url\":\"https:\\\/\\\/www.estrategiaconcursos.com.br\\\/blog\\\/author\\\/leticia-teixeiraestrategia-com\\\/\"}]}<\/script>\n<!-- \/ Yoast SEO Premium plugin. -->","yoast_head_json":{"title":"Concurso SEDF: mais 2.681 nomea\u00e7\u00f5es publicadas!","description":"Nomea\u00e7\u00f5es do concurso SEDF de 2022 foram publicadas no Di\u00e1rio Oficial do DF desta quarta (2). Veja todos os detalhes aqui!","robots":{"index":"index","follow":"follow","max-snippet":"max-snippet:-1","max-image-preview":"max-image-preview:large","max-video-preview":"max-video-preview:-1"},"canonical":"https:\/\/www.estrategiaconcursos.com.br\/blog\/concurso-sedf-nomeacoes-2026-efetivos\/","og_locale":"pt_BR","og_type":"article","og_title":"Concurso SEDF: mais 2.681 nomea\u00e7\u00f5es publicadas!","og_description":"Nomea\u00e7\u00f5es do concurso SEDF de 2022 foram publicadas no Di\u00e1rio Oficial do DF desta quarta (2). Veja todos os detalhes aqui!","og_url":"https:\/\/www.estrategiaconcursos.com.br\/blog\/concurso-sedf-nomeacoes-2026-efetivos\/","og_site_name":"Estrat\u00e9gia Concursos","article_published_time":"2026-09-02T12:13:29+00:00","article_modified_time":"2026-09-02T12:13:32+00:00","og_image":[{"width":768,"height":432,"url":"https:\/\/dhg1h5j42swfq.cloudfront.net\/2021\/12\/16163441\/sedf.jpeg","type":"image\/jpeg"}],"author":"Let\u00edcia Teixeira","twitter_card":"summary_large_image","twitter_creator":"@EstratConcursos","twitter_site":"@EstratConcursos","twitter_misc":{"Escrito por":"Let\u00edcia Teixeira","Est. tempo de leitura":"2 minutos"},"schema":{"@context":"https:\/\/schema.org","@graph":[{"@type":"NewsArticle","@id":"https:\/\/www.estrategiaconcursos.com.br\/blog\/concurso-sedf-nomeacoes-2026-efetivos\/#article","isPartOf":{"@id":"https:\/\/www.estrategiaconcursos.com.br\/blog\/concurso-sedf-nomeacoes-2026-efetivos\/"},"author":{"name":"Let\u00edcia Teixeira","@id":"https:\/\/blog-estrategia.mystagingwebsite.com\/#\/schema\/person\/9b94727dcf4410f4a7931c83966c843b"},"headline":"Concurso SEDF: mais 2.681 nomea\u00e7\u00f5es publicadas!","datePublished":"2026-09-02T12:13:29+00:00","dateModified":"2026-09-02T12:13:32+00:00","mainEntityOfPage":{"@id":"https:\/\/www.estrategiaconcursos.com.br\/blog\/concurso-sedf-nomeacoes-2026-efetivos\/"},"wordCount":379,"commentCount":0,"publisher":{"@id":"https:\/\/blog-estrategia.mystagingwebsite.com\/#organization"},"image":{"@id":"https:\/\/www.estrategiaconcursos.com.br\/blog\/concurso-sedf-nomeacoes-2026-efetivos\/#primaryimage"},"thumbnailUrl":"https:\/\/dhg1h5j42swfq.cloudfront.net\/2021\/12\/16163441\/sedf.jpeg","articleSection":["Educa\u00e7\u00e3o","\u00daltimas not\u00edcias"],"inLanguage":"pt-BR","potentialAction":[{"@type":"CommentAction","name":"Comment","target":["https:\/\/www.estrategiaconcursos.com.br\/blog\/concurso-sedf-nomeacoes-2026-efetivos\/#respond"]}],"copyrightYear":"2026","copyrightHolder":{"@id":"https:\/\/www.estrategiaconcursos.com.br\/blog\/#organization"}},{"@type":"WebPage","@id":"https:\/\/www.estrategiaconcursos.com.br\/blog\/concurso-sedf-nomeacoes-2026-efetivos\/","url":"https:\/\/www.estrategiaconcursos.com.br\/blog\/concurso-sedf-nomeacoes-2026-efetivos\/","name":"Concurso SEDF: mais 2.681 nomea\u00e7\u00f5es publicadas!","isPartOf":{"@id":"https:\/\/blog-estrategia.mystagingwebsite.com\/#website"},"primaryImageOfPage":{"@id":"https:\/\/www.estrategiaconcursos.com.br\/blog\/concurso-sedf-nomeacoes-2026-efetivos\/#primaryimage"},"image":{"@id":"https:\/\/www.estrategiaconcursos.com.br\/blog\/concurso-sedf-nomeacoes-2026-efetivos\/#primaryimage"},"thumbnailUrl":"https:\/\/dhg1h5j42swfq.cloudfront.net\/2021\/12\/16163441\/sedf.jpeg","datePublished":"2026-09-02T12:13:29+00:00","dateModified":"2026-09-02T12:13:32+00:00","description":"Nomea\u00e7\u00f5es do concurso SEDF de 2022 foram publicadas no Di\u00e1rio Oficial do DF desta quarta (2). Veja todos os detalhes aqui!","breadcrumb":{"@id":"https:\/\/www.estrategiaconcursos.com.br\/blog\/concurso-sedf-nomeacoes-2026-efetivos\/#breadcrumb"},"inLanguage":"pt-BR","potentialAction":[{"@type":"ReadAction","target":["https:\/\/www.estrategiaconcursos.com.br\/blog\/concurso-sedf-nomeacoes-2026-efetivos\/"]}]},{"@type":"ImageObject","inLanguage":"pt-BR","@id":"https:\/\/www.estrategiaconcursos.com.br\/blog\/concurso-sedf-nomeacoes-2026-efetivos\/#primaryimage","url":"https:\/\/dhg1h5j42swfq.cloudfront.net\/2021\/12\/16163441\/sedf.jpeg","contentUrl":"https:\/\/dhg1h5j42swfq.cloudfront.net\/2021\/12\/16163441\/sedf.jpeg","width":768,"height":432,"caption":"SEDF"},{"@type":"BreadcrumbList","@id":"https:\/\/www.estrategiaconcursos.com.br\/blog\/concurso-sedf-nomeacoes-2026-efetivos\/#breadcrumb","itemListElement":[{"@type":"ListItem","position":1,"name":"In\u00edcio","item":"https:\/\/blog-estrategia.mystagingwebsite.com\/"},{"@type":"ListItem","position":2,"name":"Concurso SEDF: mais 2.681 nomea\u00e7\u00f5es publicadas!"}]},{"@type":"WebSite","@id":"https:\/\/blog-estrategia.mystagingwebsite.com\/#website","url":"https:\/\/blog-estrategia.mystagingwebsite.com\/","name":"Estrat\u00e9gia Concursos","description":"O blog da Estrat\u00e9gia Concursos traz not\u00edcias sobre concursos e artigos de professores oferecendo cursos para concursos (pdf + videaulas) no site.","publisher":{"@id":"https:\/\/blog-estrategia.mystagingwebsite.com\/#organization"},"potentialAction":[{"@type":"SearchAction","target":{"@type":"EntryPoint","urlTemplate":"https:\/\/blog-estrategia.mystagingwebsite.com\/?s={search_term_string}"},"query-input":{"@type":"PropertyValueSpecification","valueRequired":true,"valueName":"search_term_string"}}],"inLanguage":"pt-BR"},{"@type":"Organization","@id":"https:\/\/blog-estrategia.mystagingwebsite.com\/#organization","name":"Estrat\u00e9gia Concursos","url":"https:\/\/blog-estrategia.mystagingwebsite.com\/","logo":{"@type":"ImageObject","inLanguage":"pt-BR","@id":"https:\/\/blog-estrategia.mystagingwebsite.com\/#\/schema\/logo\/image\/","url":"https:\/\/dhg1h5j42swfq.cloudfront.net\/2025\/06\/03203428\/logo_concursos-1.jpg","contentUrl":"https:\/\/dhg1h5j42swfq.cloudfront.net\/2025\/06\/03203428\/logo_concursos-1.jpg","width":230,"height":60,"caption":"Estrat\u00e9gia Concursos"},"image":{"@id":"https:\/\/blog-estrategia.mystagingwebsite.com\/#\/schema\/logo\/image\/"},"sameAs":["https:\/\/x.com\/EstratConcursos"]},{"@type":"Person","@id":"https:\/\/blog-estrategia.mystagingwebsite.com\/#\/schema\/person\/9b94727dcf4410f4a7931c83966c843b","name":"Let\u00edcia Teixeira","image":{"@type":"ImageObject","inLanguage":"pt-BR","@id":"https:\/\/secure.gravatar.com\/avatar\/fb589b06b881e20b676d08f9d03226d1e3291ba2f90e751ddc9ccb21abf0244d?s=96&d=mm&r=g","url":"https:\/\/secure.gravatar.com\/avatar\/fb589b06b881e20b676d08f9d03226d1e3291ba2f90e751ddc9ccb21abf0244d?s=96&d=mm&r=g","contentUrl":"https:\/\/secure.gravatar.com\/avatar\/fb589b06b881e20b676d08f9d03226d1e3291ba2f90e751ddc9ccb21abf0244d?s=96&d=mm&r=g","caption":"Let\u00edcia Teixeira"},"description":"Jornalista com experi\u00eancia de mais de quatro anos no segmento de concursos p\u00fablicos. Especializada em Narrativa Transm\u00eddia e Storytelling pela Universidade Cat\u00f3lica de Bras\u00edlia, com atua\u00e7\u00e3o nas \u00e1reas de SEO, conte\u00fado, Webwriting e Copywriting.","url":"https:\/\/www.estrategiaconcursos.com.br\/blog\/author\/leticia-teixeiraestrategia-com\/"}]}},"_links":{"self":[{"href":"https:\/\/www.estrategiaconcursos.com.br\/blog\/wp-json\/wp\/v2\/posts\/1805217","targetHints":{"allow":["GET"]}}],"collection":[{"href":"https:\/\/www.estrategiaconcursos.com.br\/blog\/wp-json\/wp\/v2\/posts"}],"about":[{"href":"https:\/\/www.estrategiaconcursos.com.br\/blog\/wp-json\/wp\/v2\/types\/post"}],"author":[{"embeddable":true,"href":"https:\/\/www.estrategiaconcursos.com.br\/blog\/wp-json\/wp\/v2\/users\/2319"}],"replies":[{"embeddable":true,"href":"https:\/\/www.estrategiaconcursos.com.br\/blog\/wp-json\/wp\/v2\/comments?post=1805217"}],"version-history":[{"count":1,"href":"https:\/\/www.estrategiaconcursos.com.br\/blog\/wp-json\/wp\/v2\/posts\/1805217\/revisions"}],"predecessor-version":[{"id":1805225,"href":"https:\/\/www.estrategiaconcursos.com.br\/blog\/wp-json\/wp\/v2\/posts\/1805217\/revisions\/1805225"}],"wp:featuredmedia":[{"embeddable":true,"href":"https:\/\/www.estrategiaconcursos.com.br\/blog\/wp-json\/wp\/v2\/media\/930990"}],"wp:attachment":[{"href":"https:\/\/www.estrategiaconcursos.com.br\/blog\/wp-json\/wp\/v2\/media?parent=1805217"}],"wp:term":[{"taxonomy":"category","embeddable":true,"href":"https:\/\/www.estrategiaconcursos.com.br\/blog\/wp-json\/wp\/v2\/categories?post=1805217"},{"taxonomy":"post_tag","embeddable":true,"href":"https:\/\/www.estrategiaconcursos.com.br\/blog\/wp-json\/wp\/v2\/tags?post=1805217"},{"taxonomy":"tax_estado","embeddable":true,"href":"https:\/\/www.estrategiaconcursos.com.br\/blog\/wp-json\/wp\/v2\/tax_estado?post=1805217"}],"curies":[{"name":"wp","href":"https:\/\/api.w.org\/{rel}","templated":true}]}}