{"id":1805198,"date":"2026-09-02T08:09:29","date_gmt":"2026-09-02T11:09:29","guid":{"rendered":"https:\/\/www.estrategiaconcursos.com.br\/blog\/?p=1805198"},"modified":"2026-09-02T08:09:32","modified_gmt":"2026-09-02T11:09:32","slug":"concurso-al-pb-edital-2026-provas-2027","status":"publish","type":"post","link":"https:\/\/www.estrategiaconcursos.com.br\/blog\/concurso-al-pb-edital-2026-provas-2027\/","title":{"rendered":"Concurso AL PB: edital deve sair em 2026; provas em 2027"},"content":{"rendered":"\n<p class=\"wp-block-paragraph\" style=\"font-size:clamp(16.293px, 1.018rem + ((1vw - 3.2px) * 0.854), 25px);\"><strong><em>Concurso AL PB segue em fase de planejamento; edital deve ser publicado ainda em 2026 e provas devem ficar para o 1\u00ba semestre de 2027<\/em><\/strong><\/p>\n\n\n\n<p class=\"wp-block-paragraph\">O <strong>Concurso AL PB<\/strong> (Assembleia Legislativa da Para\u00edba) deve ter edital publicado ainda em <strong>2026<\/strong>, enquanto as provas devem ficar para o <strong>primeiro semestre de 2027<\/strong>. A informa\u00e7\u00e3o foi divulgada na ter\u00e7a-feira (1\u00ba).<\/p>\n\n\n\n<p class=\"wp-block-paragraph\">A sele\u00e7\u00e3o est\u00e1 em fase preparat\u00f3ria e ser\u00e1 conduzida pela <strong>Comiss\u00e3o Especial de Planejamento e Execu\u00e7\u00e3o do Concurso<\/strong>, criada para dar andamento \u00e0s tratativas internas, incluindo levantamento de vagas e escolha da banca organizadora.<\/p>\n\n\n\n<div class=\"container\" id=\"boxes\">\n  <div class=\"row\">\n\n    <div class=\"col-sm\">\n      <div class=\"banner-ale\" id=\"box-assinatura\">\n        <h2 class=\"titulo-assinatura\">Concurso AL PB<\/h2>\n        <p class=\"subtitulo-assinatura\">Prepara\u00e7\u00e3o completa para a carreira na AL PB<\/p>\n        <div class=\"box-botao\">\n          <a class=\"btn-assinatura\" target=\"_blank\" href=\"https:\/\/www.estrategiaconcursos.com.br\/cursosPorConcurso\/cursos-para-area-legislativa\/\" role=\"button\" rel=\"noopener noreferrer\">EXPLORAR CURSOS<\/a>\n        <\/div>\n      <\/div>\n     \n\n  <\/div>\n<\/div><\/div>\n\n\n\n<h2 id=\"h-previsao-de-edital-do-concurso-al-pb-em-2026\" class=\"wp-block-heading\">Previs\u00e3o de edital do Concurso AL PB em 2026<\/h2>\n\n\n\n<p class=\"wp-block-paragraph\">A expectativa \u00e9 que o edital da Assembleia Legislativa da Para\u00edba seja <strong>publicado ainda em 2026<\/strong>, ap\u00f3s a conclus\u00e3o dos estudos t\u00e9cnicos e do planejamento interno da Assembleia.<\/p>\n\n\n\n<p class=\"wp-block-paragraph\">Segundo apura\u00e7\u00e3o, as provas devem ser aplicadas apenas no <strong>primeiro semestre de 2027<\/strong>. At\u00e9 o momento, a ALPB ainda n\u00e3o divulgou oficialmente o n\u00famero de vagas, os cargos contemplados ou a banca respons\u00e1vel pela sele\u00e7\u00e3o.<\/p>\n\n\n\n<h3 id=\"h-comissao-do-concurso-al-pb\" class=\"wp-block-heading\">Comiss\u00e3o do Concurso AL PB<\/h3>\n\n\n\n<p class=\"wp-block-paragraph\">A comiss\u00e3o especial foi criada pela Mesa Diretora da <strong>Assembleia Legislativa da Para\u00edba (ALPB)<\/strong> para organizar as etapas preparat\u00f3rias do certame.<\/p>\n\n\n\n<p class=\"wp-block-paragraph\">De acordo com o ato de cria\u00e7\u00e3o, o grupo \u00e9 respons\u00e1vel pelo planejamento e pela execu\u00e7\u00e3o do concurso para provimento de cargos efetivos do quadro permanente de pessoal da Casa.<\/p>\n\n\n\n<p class=\"wp-block-paragraph\">A comiss\u00e3o \u00e9 composta por <strong>7 membros titulares<\/strong> e <strong>2 suplentes<\/strong>. O ato tamb\u00e9m cita a necessidade de provimento de cargos efetivos e de observ\u00e2ncia aos princ\u00edpios da legalidade, impessoalidade, moralidade, publicidade e efici\u00eancia.<\/p>\n\n\n\n<h3 id=\"h-banca-ainda-sera-definida\" class=\"wp-block-heading\">Banca ainda ser\u00e1 definida<\/h3>\n\n\n\n<p class=\"wp-block-paragraph\">Uma das pr\u00f3ximas etapas do <strong>concurso AL PB<\/strong> ser\u00e1 a escolha da banca organizadora. A institui\u00e7\u00e3o contratada ficar\u00e1 respons\u00e1vel por procedimentos como aplica\u00e7\u00e3o das provas, organiza\u00e7\u00e3o das etapas e divulga\u00e7\u00e3o de resultados,<\/p>\n\n\n\n<p class=\"wp-block-paragraph\">Conforme informa\u00e7\u00f5es divulgadas pela pr\u00f3pria Assembleia em 2025, a comiss\u00e3o deve atuar desde o levantamento do n\u00famero de vagas at\u00e9 a escolha da banca respons\u00e1vel pela aplica\u00e7\u00e3o das provas.<\/p>\n\n\n\n<p class=\"wp-block-paragraph\">&#8220;<em>Nos pr\u00f3ximos dias estaremos nos reunindo para elaborar com calend\u00e1rio de atividades<\/em>&#8220;, afirmou \u00c1lvaro Dantas, secret\u00e1rio de Administra\u00e7\u00e3o e Recursos Humanos da ALPB.<\/p>\n\n\n\n<h2 id=\"h-como-foi-o-ultimo-concurso-al-pb\" class=\"wp-block-heading\">Como foi o \u00faltimo concurso AL PB?<\/h2>\n\n\n\n<p class=\"wp-block-paragraph\">Com edital publicado em 2012, o \u00faltimo concurso contou com 109 vagas para os cargos de Consultor Legislativo, Analista Legislativo, Assessor T\u00e9cnico e Assistente Legislativo. <\/p>\n\n\n\n<figure class=\"wp-block-table is-style-stripes\"><table class=\"has-very-light-gray-to-cyan-bluish-gray-gradient-background has-background has-fixed-layout\"><thead><tr><th class=\"has-text-align-center\" data-align=\"center\">Cargos<\/th><th class=\"has-text-align-center\" data-align=\"center\">Vagas<\/th><th class=\"has-text-align-center\" data-align=\"center\">N\u00edveis<\/th><th class=\"has-text-align-center\" data-align=\"center\">Sal\u00e1rios<\/th><\/tr><\/thead><tbody><tr><td class=\"has-text-align-center\" data-align=\"center\">Consultor Legislativo<\/td><td class=\"has-text-align-center\" data-align=\"center\">20 + CR<\/td><td class=\"has-text-align-center\" data-align=\"center\">Superior<\/td><td class=\"has-text-align-center\" data-align=\"center\">R$ 2.022,27<\/td><\/tr><tr><td class=\"has-text-align-center\" data-align=\"center\">Analista Legislativo<\/td><td class=\"has-text-align-center\" data-align=\"center\">2 + CR<\/td><td class=\"has-text-align-center\" data-align=\"center\">Superior<\/td><td class=\"has-text-align-center\" data-align=\"center\">R$ 2.022,27<\/td><\/tr><tr><td class=\"has-text-align-center\" data-align=\"center\">Assessor T\u00e9cnico Legislativo<\/td><td class=\"has-text-align-center\" data-align=\"center\">16 + CR<\/td><td class=\"has-text-align-center\" data-align=\"center\">M\u00e9dio<\/td><td class=\"has-text-align-center\" data-align=\"center\">R$ 1.449,30<\/td><\/tr><tr><td class=\"has-text-align-center\" data-align=\"center\">Assistente Legislativo<\/td><td class=\"has-text-align-center\" data-align=\"center\">71 + CR<\/td><td class=\"has-text-align-center\" data-align=\"center\">Fundamental<\/td><td class=\"has-text-align-center\" data-align=\"center\">R$ 1.213,38<\/td><\/tr><\/tbody><\/table><\/figure>\n\n\n\n<p class=\"wp-block-paragraph\">Sob organiza\u00e7\u00e3o da FCC, os candidatos foram avaliados por meio de tr\u00eas etapas, conforme o cargo pretendido:<\/p>\n\n\n\n<ul class=\"wp-block-list\">\n<li>Prova Objetiva \u2013 para todos os cargos, de car\u00e1ter eliminat\u00f3rio e classificat\u00f3rio;<\/li>\n\n\n\n<li>Prova de Reda\u00e7\u00e3o \u2013 para os cargos de Consultor Legislativo, Analista Legislativo e Assessor T\u00e9cnico Legislativo, de car\u00e1ter eliminat\u00f3rio; <\/li>\n\n\n\n<li>Prova Pr\u00e1tica de Digita\u00e7\u00e3o \u2013 apenas para o cargo de Assistente Legislativo, de car\u00e1ter eliminat\u00f3rio.<\/li>\n<\/ul>\n\n\n\n<p class=\"has-text-align-center wp-block-paragraph\"><em>Para saber mais informa\u00e7\u00f5es sobre o novo concurso AL PB 2026 e todos os detalhes do \u00faltimo edital, acesse nosso artigo na \u00edntegra:<\/em><\/p>\n\n\n\n<p class=\"has-text-align-center has-very-light-gray-to-cyan-bluish-gray-gradient-background has-background wp-block-paragraph\" id=\"cursos-assinatura\" style=\"font-size:clamp(15.197px, 0.95rem + ((1vw - 3.2px) * 0.765), 23px);\"><strong>Saiba mais: <a href=\"https:\/\/www.estrategiaconcursos.com.br\/blog\/concurso-al-pb\/\" target=\"_blank\" rel=\"noreferrer noopener\">Concurso Assembleia Legislativa PB<\/a><\/strong><\/p>\n\n\n\n<hr class=\"wp-block-separator has-alpha-channel-opacity\"\/>\n\n\n\n<p class=\"has-text-align-center has-x-large-font-size wp-block-paragraph\" id=\"h-quer-saber-tudo-sobre-concursos-previstos-confira-nossos-artigos\"><strong>Quer saber tudo sobre concursos previstos? Confira nossos artigos!<\/strong><\/p>\n\n\n\n<ul class=\"wp-block-list\">\n<li><a href=\"https:\/\/www.estrategiaconcursos.com.br\/blog\/concursos-area-legislativa\/\" target=\"_blank\" rel=\"noreferrer noopener\">Concursos legislativos<\/a><\/li>\n\n\n\n<li><a href=\"https:\/\/www.estrategiaconcursos.com.br\/blog\/concursos-abertos\/\" target=\"_blank\" rel=\"noreferrer noopener\">Concursos abertos<\/a><\/li>\n\n\n\n<li><a href=\"https:\/\/www.estrategiaconcursos.com.br\/blog\/concursos-2026\/\" target=\"_blank\" rel=\"noreferrer noopener\">Concursos 2026<\/a><\/li>\n\n\n\n<li><a href=\"https:\/\/www.estrategiaconcursos.com.br\/blog\/concursos-2027\/\" target=\"_blank\" rel=\"noreferrer noopener\">Concursos 2027<\/a><\/li>\n<\/ul>\n\n\n\n<div class=\"container\" id=\"boxes\">\n  <div class=\"row\">\n\n    <div class=\"col-sm\">\n      <div class=\"estrategia\" id=\"box-assinatura\">\n        <h3 class=\"titulo-assinatura\">Assinatura de Concursos<\/h3>\n        <p class=\"subtitulo-assinatura\">Assinatura de 1 ou 2 anos<\/p>\n        <div class=\"box-botao\">\n          <a class=\"btn-assinatura\" target=\"_blank\" href=\"https:\/\/www.estrategiaconcursos.com.br\/blog\/assinaturas\/\" role=\"button\" rel=\"noopener noreferrer\">ASSINE AGORA<\/a>\n        <\/div>\n      <\/div>\n      <p class=\"texto-auxiliar\"><\/p>\n    <\/div><\/div><\/div>\n","protected":false},"excerpt":{"rendered":"<p>Concurso AL PB segue em fase de planejamento; edital deve ser publicado ainda em 2026 e provas devem ficar para o 1\u00ba semestre de 2027 O Concurso AL PB (Assembleia Legislativa da Para\u00edba) deve ter edital publicado ainda em 2026, enquanto as provas devem ficar para o primeiro semestre de 2027. A informa\u00e7\u00e3o foi divulgada [&hellip;]<\/p>\n","protected":false},"author":1206,"featured_media":1136767,"comment_status":"open","ping_status":"closed","sticky":false,"template":"","format":"standard","meta":{"_acf_changed":false,"post_tipo":"news","footnotes":""},"categories":[2017,220219],"tags":[],"tax_estado":[219978],"class_list":["post-1805198","post","type-post","status-publish","format-standard","has-post-thumbnail","hentry","category-concursos-legislativos","category-noticias","tax_estado-pb"],"acf":[],"yoast_head":"<!-- This site is optimized with the Yoast SEO Premium plugin v28.1 (Yoast SEO v28.1) - https:\/\/yoast.com\/product\/yoast-seo-premium-wordpress\/ -->\n<title>Concurso AL PB: edital deve sair em 2026; provas em 2027<\/title>\n<meta name=\"description\" content=\"Concurso AL PB segue em fase de planejamento; edital deve ser publicado ainda em 2026 e provas devem ficar para o 1\u00ba semestre de 2027.\" \/>\n<meta name=\"robots\" content=\"index, follow, max-snippet:-1, max-image-preview:large, max-video-preview:-1\" \/>\n<link rel=\"canonical\" href=\"https:\/\/www.estrategiaconcursos.com.br\/blog\/concurso-al-pb-edital-2026-provas-2027\/\" \/>\n<meta property=\"og:locale\" content=\"pt_BR\" \/>\n<meta property=\"og:type\" content=\"article\" \/>\n<meta property=\"og:title\" content=\"Concurso AL PB: edital deve sair em 2026; provas em 2027\" \/>\n<meta property=\"og:description\" content=\"Concurso AL PB segue em fase de planejamento; edital deve ser publicado ainda em 2026 e provas devem ficar para o 1\u00ba semestre de 2027.\" \/>\n<meta property=\"og:url\" content=\"https:\/\/www.estrategiaconcursos.com.br\/blog\/concurso-al-pb-edital-2026-provas-2027\/\" \/>\n<meta property=\"og:site_name\" content=\"Estrat\u00e9gia Concursos\" \/>\n<meta property=\"article:published_time\" content=\"2026-09-02T11:09:29+00:00\" \/>\n<meta property=\"article:modified_time\" content=\"2026-09-02T11:09:32+00:00\" \/>\n<meta property=\"og:image\" content=\"https:\/\/dhg1h5j42swfq.cloudfront.net\/2022\/09\/09150644\/768-432-max.jpg\" \/>\n\t<meta property=\"og:image:width\" content=\"768\" \/>\n\t<meta property=\"og:image:height\" content=\"432\" \/>\n\t<meta property=\"og:image:type\" content=\"image\/jpeg\" \/>\n<meta name=\"author\" content=\"Bruna de Andrade Fran\u00e7a\" \/>\n<meta name=\"twitter:card\" content=\"summary_large_image\" \/>\n<meta name=\"twitter:creator\" content=\"@EstratConcursos\" \/>\n<meta name=\"twitter:site\" content=\"@EstratConcursos\" \/>\n<meta name=\"twitter:label1\" content=\"Escrito por\" \/>\n\t<meta name=\"twitter:data1\" content=\"Bruna de Andrade Fran\u00e7a\" \/>\n\t<meta name=\"twitter:label2\" content=\"Est. tempo de leitura\" \/>\n\t<meta name=\"twitter:data2\" content=\"3 minutos\" \/>\n<script type=\"application\/ld+json\" class=\"yoast-schema-graph\">{\"@context\":\"https:\\\/\\\/schema.org\",\"@graph\":[{\"@type\":\"NewsArticle\",\"@id\":\"https:\\\/\\\/www.estrategiaconcursos.com.br\\\/blog\\\/concurso-al-pb-edital-2026-provas-2027\\\/#article\",\"isPartOf\":{\"@id\":\"https:\\\/\\\/www.estrategiaconcursos.com.br\\\/blog\\\/concurso-al-pb-edital-2026-provas-2027\\\/\"},\"author\":{\"name\":\"Bruna de Andrade Fran\u00e7a\",\"@id\":\"https:\\\/\\\/blog-estrategia.mystagingwebsite.com\\\/#\\\/schema\\\/person\\\/6630f91134abc08115cca62ce6372855\"},\"headline\":\"Concurso AL PB: edital deve sair em 2026; provas em 2027\",\"datePublished\":\"2026-09-02T11:09:29+00:00\",\"dateModified\":\"2026-09-02T11:09:32+00:00\",\"mainEntityOfPage\":{\"@id\":\"https:\\\/\\\/www.estrategiaconcursos.com.br\\\/blog\\\/concurso-al-pb-edital-2026-provas-2027\\\/\"},\"wordCount\":581,\"commentCount\":0,\"publisher\":{\"@id\":\"https:\\\/\\\/blog-estrategia.mystagingwebsite.com\\\/#organization\"},\"image\":{\"@id\":\"https:\\\/\\\/www.estrategiaconcursos.com.br\\\/blog\\\/concurso-al-pb-edital-2026-provas-2027\\\/#primaryimage\"},\"thumbnailUrl\":\"https:\\\/\\\/dhg1h5j42swfq.cloudfront.net\\\/2022\\\/09\\\/09150644\\\/768-432-max.jpg\",\"articleSection\":[\"Legislativo\",\"\u00daltimas not\u00edcias\"],\"inLanguage\":\"pt-BR\",\"potentialAction\":[{\"@type\":\"CommentAction\",\"name\":\"Comment\",\"target\":[\"https:\\\/\\\/www.estrategiaconcursos.com.br\\\/blog\\\/concurso-al-pb-edital-2026-provas-2027\\\/#respond\"]}],\"copyrightYear\":\"2026\",\"copyrightHolder\":{\"@id\":\"https:\\\/\\\/www.estrategiaconcursos.com.br\\\/blog\\\/#organization\"}},{\"@type\":\"WebPage\",\"@id\":\"https:\\\/\\\/www.estrategiaconcursos.com.br\\\/blog\\\/concurso-al-pb-edital-2026-provas-2027\\\/\",\"url\":\"https:\\\/\\\/www.estrategiaconcursos.com.br\\\/blog\\\/concurso-al-pb-edital-2026-provas-2027\\\/\",\"name\":\"Concurso AL PB: edital deve sair em 2026; provas em 2027\",\"isPartOf\":{\"@id\":\"https:\\\/\\\/blog-estrategia.mystagingwebsite.com\\\/#website\"},\"primaryImageOfPage\":{\"@id\":\"https:\\\/\\\/www.estrategiaconcursos.com.br\\\/blog\\\/concurso-al-pb-edital-2026-provas-2027\\\/#primaryimage\"},\"image\":{\"@id\":\"https:\\\/\\\/www.estrategiaconcursos.com.br\\\/blog\\\/concurso-al-pb-edital-2026-provas-2027\\\/#primaryimage\"},\"thumbnailUrl\":\"https:\\\/\\\/dhg1h5j42swfq.cloudfront.net\\\/2022\\\/09\\\/09150644\\\/768-432-max.jpg\",\"datePublished\":\"2026-09-02T11:09:29+00:00\",\"dateModified\":\"2026-09-02T11:09:32+00:00\",\"description\":\"Concurso AL PB segue em fase de planejamento; edital deve ser publicado ainda em 2026 e provas devem ficar para o 1\u00ba semestre de 2027.\",\"breadcrumb\":{\"@id\":\"https:\\\/\\\/www.estrategiaconcursos.com.br\\\/blog\\\/concurso-al-pb-edital-2026-provas-2027\\\/#breadcrumb\"},\"inLanguage\":\"pt-BR\",\"potentialAction\":[{\"@type\":\"ReadAction\",\"target\":[\"https:\\\/\\\/www.estrategiaconcursos.com.br\\\/blog\\\/concurso-al-pb-edital-2026-provas-2027\\\/\"]}]},{\"@type\":\"ImageObject\",\"inLanguage\":\"pt-BR\",\"@id\":\"https:\\\/\\\/www.estrategiaconcursos.com.br\\\/blog\\\/concurso-al-pb-edital-2026-provas-2027\\\/#primaryimage\",\"url\":\"https:\\\/\\\/dhg1h5j42swfq.cloudfront.net\\\/2022\\\/09\\\/09150644\\\/768-432-max.jpg\",\"contentUrl\":\"https:\\\/\\\/dhg1h5j42swfq.cloudfront.net\\\/2022\\\/09\\\/09150644\\\/768-432-max.jpg\",\"width\":768,\"height\":432,\"caption\":\"concurso al pb\"},{\"@type\":\"BreadcrumbList\",\"@id\":\"https:\\\/\\\/www.estrategiaconcursos.com.br\\\/blog\\\/concurso-al-pb-edital-2026-provas-2027\\\/#breadcrumb\",\"itemListElement\":[{\"@type\":\"ListItem\",\"position\":1,\"name\":\"In\u00edcio\",\"item\":\"https:\\\/\\\/blog-estrategia.mystagingwebsite.com\\\/\"},{\"@type\":\"ListItem\",\"position\":2,\"name\":\"Concurso AL PB: edital deve sair em 2026; provas em 2027\"}]},{\"@type\":\"WebSite\",\"@id\":\"https:\\\/\\\/blog-estrategia.mystagingwebsite.com\\\/#website\",\"url\":\"https:\\\/\\\/blog-estrategia.mystagingwebsite.com\\\/\",\"name\":\"Estrat\u00e9gia Concursos\",\"description\":\"O blog da Estrat\u00e9gia Concursos traz not\u00edcias sobre concursos e artigos de professores oferecendo cursos para concursos (pdf + videaulas) no site.\",\"publisher\":{\"@id\":\"https:\\\/\\\/blog-estrategia.mystagingwebsite.com\\\/#organization\"},\"potentialAction\":[{\"@type\":\"SearchAction\",\"target\":{\"@type\":\"EntryPoint\",\"urlTemplate\":\"https:\\\/\\\/blog-estrategia.mystagingwebsite.com\\\/?s={search_term_string}\"},\"query-input\":{\"@type\":\"PropertyValueSpecification\",\"valueRequired\":true,\"valueName\":\"search_term_string\"}}],\"inLanguage\":\"pt-BR\"},{\"@type\":\"Organization\",\"@id\":\"https:\\\/\\\/blog-estrategia.mystagingwebsite.com\\\/#organization\",\"name\":\"Estrat\u00e9gia Concursos\",\"url\":\"https:\\\/\\\/blog-estrategia.mystagingwebsite.com\\\/\",\"logo\":{\"@type\":\"ImageObject\",\"inLanguage\":\"pt-BR\",\"@id\":\"https:\\\/\\\/blog-estrategia.mystagingwebsite.com\\\/#\\\/schema\\\/logo\\\/image\\\/\",\"url\":\"https:\\\/\\\/dhg1h5j42swfq.cloudfront.net\\\/2025\\\/06\\\/03203428\\\/logo_concursos-1.jpg\",\"contentUrl\":\"https:\\\/\\\/dhg1h5j42swfq.cloudfront.net\\\/2025\\\/06\\\/03203428\\\/logo_concursos-1.jpg\",\"width\":230,\"height\":60,\"caption\":\"Estrat\u00e9gia Concursos\"},\"image\":{\"@id\":\"https:\\\/\\\/blog-estrategia.mystagingwebsite.com\\\/#\\\/schema\\\/logo\\\/image\\\/\"},\"sameAs\":[\"https:\\\/\\\/x.com\\\/EstratConcursos\"]},{\"@type\":\"Person\",\"@id\":\"https:\\\/\\\/blog-estrategia.mystagingwebsite.com\\\/#\\\/schema\\\/person\\\/6630f91134abc08115cca62ce6372855\",\"name\":\"Bruna de Andrade Fran\u00e7a\",\"image\":{\"@type\":\"ImageObject\",\"inLanguage\":\"pt-BR\",\"@id\":\"https:\\\/\\\/secure.gravatar.com\\\/avatar\\\/d6316d36d50cea0fadae28ed3015b8870cc90a2d3d8a95c37b44006af36a00e3?s=96&d=mm&r=g\",\"url\":\"https:\\\/\\\/secure.gravatar.com\\\/avatar\\\/d6316d36d50cea0fadae28ed3015b8870cc90a2d3d8a95c37b44006af36a00e3?s=96&d=mm&r=g\",\"contentUrl\":\"https:\\\/\\\/secure.gravatar.com\\\/avatar\\\/d6316d36d50cea0fadae28ed3015b8870cc90a2d3d8a95c37b44006af36a00e3?s=96&d=mm&r=g\",\"caption\":\"Bruna de Andrade Fran\u00e7a\"},\"description\":\"Bruna de Andrade Fran\u00e7a \u00e9 publicit\u00e1ria, p\u00f3s-graduada em Marketing &amp; Growth, e atua h\u00e1 mais de sete anos no mercado de concursos p\u00fablicos. Atualmente, \u00e9 coordenadora do jornalismo de Carreira Jur\u00eddica e OAB no Estrat\u00e9gia Concursos, liderando a cobertura editorial das principais sele\u00e7\u00f5es do pa\u00eds. Especialista em reda\u00e7\u00e3o, SEO e Copywriting, acumula ampla experi\u00eancia na produ\u00e7\u00e3o e gest\u00e3o de conte\u00fado jornal\u00edstico. Ao longo de sua trajet\u00f3ria, tamb\u00e9m esteve \u00e0 frente da cobertura de concursos policiais, banc\u00e1rios, \u00e1rea legislativa e sa\u00fade.\",\"url\":\"https:\\\/\\\/www.estrategiaconcursos.com.br\\\/blog\\\/author\\\/bruna-andrade\\\/\"}]}<\/script>\n<!-- \/ Yoast SEO Premium plugin. -->","yoast_head_json":{"title":"Concurso AL PB: edital deve sair em 2026; provas em 2027","description":"Concurso AL PB segue em fase de planejamento; edital deve ser publicado ainda em 2026 e provas devem ficar para o 1\u00ba semestre de 2027.","robots":{"index":"index","follow":"follow","max-snippet":"max-snippet:-1","max-image-preview":"max-image-preview:large","max-video-preview":"max-video-preview:-1"},"canonical":"https:\/\/www.estrategiaconcursos.com.br\/blog\/concurso-al-pb-edital-2026-provas-2027\/","og_locale":"pt_BR","og_type":"article","og_title":"Concurso AL PB: edital deve sair em 2026; provas em 2027","og_description":"Concurso AL PB segue em fase de planejamento; edital deve ser publicado ainda em 2026 e provas devem ficar para o 1\u00ba semestre de 2027.","og_url":"https:\/\/www.estrategiaconcursos.com.br\/blog\/concurso-al-pb-edital-2026-provas-2027\/","og_site_name":"Estrat\u00e9gia Concursos","article_published_time":"2026-09-02T11:09:29+00:00","article_modified_time":"2026-09-02T11:09:32+00:00","og_image":[{"width":768,"height":432,"url":"https:\/\/dhg1h5j42swfq.cloudfront.net\/2022\/09\/09150644\/768-432-max.jpg","type":"image\/jpeg"}],"author":"Bruna de Andrade Fran\u00e7a","twitter_card":"summary_large_image","twitter_creator":"@EstratConcursos","twitter_site":"@EstratConcursos","twitter_misc":{"Escrito por":"Bruna de Andrade Fran\u00e7a","Est. tempo de leitura":"3 minutos"},"schema":{"@context":"https:\/\/schema.org","@graph":[{"@type":"NewsArticle","@id":"https:\/\/www.estrategiaconcursos.com.br\/blog\/concurso-al-pb-edital-2026-provas-2027\/#article","isPartOf":{"@id":"https:\/\/www.estrategiaconcursos.com.br\/blog\/concurso-al-pb-edital-2026-provas-2027\/"},"author":{"name":"Bruna de Andrade Fran\u00e7a","@id":"https:\/\/blog-estrategia.mystagingwebsite.com\/#\/schema\/person\/6630f91134abc08115cca62ce6372855"},"headline":"Concurso AL PB: edital deve sair em 2026; provas em 2027","datePublished":"2026-09-02T11:09:29+00:00","dateModified":"2026-09-02T11:09:32+00:00","mainEntityOfPage":{"@id":"https:\/\/www.estrategiaconcursos.com.br\/blog\/concurso-al-pb-edital-2026-provas-2027\/"},"wordCount":581,"commentCount":0,"publisher":{"@id":"https:\/\/blog-estrategia.mystagingwebsite.com\/#organization"},"image":{"@id":"https:\/\/www.estrategiaconcursos.com.br\/blog\/concurso-al-pb-edital-2026-provas-2027\/#primaryimage"},"thumbnailUrl":"https:\/\/dhg1h5j42swfq.cloudfront.net\/2022\/09\/09150644\/768-432-max.jpg","articleSection":["Legislativo","\u00daltimas not\u00edcias"],"inLanguage":"pt-BR","potentialAction":[{"@type":"CommentAction","name":"Comment","target":["https:\/\/www.estrategiaconcursos.com.br\/blog\/concurso-al-pb-edital-2026-provas-2027\/#respond"]}],"copyrightYear":"2026","copyrightHolder":{"@id":"https:\/\/www.estrategiaconcursos.com.br\/blog\/#organization"}},{"@type":"WebPage","@id":"https:\/\/www.estrategiaconcursos.com.br\/blog\/concurso-al-pb-edital-2026-provas-2027\/","url":"https:\/\/www.estrategiaconcursos.com.br\/blog\/concurso-al-pb-edital-2026-provas-2027\/","name":"Concurso AL PB: edital deve sair em 2026; provas em 2027","isPartOf":{"@id":"https:\/\/blog-estrategia.mystagingwebsite.com\/#website"},"primaryImageOfPage":{"@id":"https:\/\/www.estrategiaconcursos.com.br\/blog\/concurso-al-pb-edital-2026-provas-2027\/#primaryimage"},"image":{"@id":"https:\/\/www.estrategiaconcursos.com.br\/blog\/concurso-al-pb-edital-2026-provas-2027\/#primaryimage"},"thumbnailUrl":"https:\/\/dhg1h5j42swfq.cloudfront.net\/2022\/09\/09150644\/768-432-max.jpg","datePublished":"2026-09-02T11:09:29+00:00","dateModified":"2026-09-02T11:09:32+00:00","description":"Concurso AL PB segue em fase de planejamento; edital deve ser publicado ainda em 2026 e provas devem ficar para o 1\u00ba semestre de 2027.","breadcrumb":{"@id":"https:\/\/www.estrategiaconcursos.com.br\/blog\/concurso-al-pb-edital-2026-provas-2027\/#breadcrumb"},"inLanguage":"pt-BR","potentialAction":[{"@type":"ReadAction","target":["https:\/\/www.estrategiaconcursos.com.br\/blog\/concurso-al-pb-edital-2026-provas-2027\/"]}]},{"@type":"ImageObject","inLanguage":"pt-BR","@id":"https:\/\/www.estrategiaconcursos.com.br\/blog\/concurso-al-pb-edital-2026-provas-2027\/#primaryimage","url":"https:\/\/dhg1h5j42swfq.cloudfront.net\/2022\/09\/09150644\/768-432-max.jpg","contentUrl":"https:\/\/dhg1h5j42swfq.cloudfront.net\/2022\/09\/09150644\/768-432-max.jpg","width":768,"height":432,"caption":"concurso al pb"},{"@type":"BreadcrumbList","@id":"https:\/\/www.estrategiaconcursos.com.br\/blog\/concurso-al-pb-edital-2026-provas-2027\/#breadcrumb","itemListElement":[{"@type":"ListItem","position":1,"name":"In\u00edcio","item":"https:\/\/blog-estrategia.mystagingwebsite.com\/"},{"@type":"ListItem","position":2,"name":"Concurso AL PB: edital deve sair em 2026; provas em 2027"}]},{"@type":"WebSite","@id":"https:\/\/blog-estrategia.mystagingwebsite.com\/#website","url":"https:\/\/blog-estrategia.mystagingwebsite.com\/","name":"Estrat\u00e9gia Concursos","description":"O blog da Estrat\u00e9gia Concursos traz not\u00edcias sobre concursos e artigos de professores oferecendo cursos para concursos (pdf + videaulas) no site.","publisher":{"@id":"https:\/\/blog-estrategia.mystagingwebsite.com\/#organization"},"potentialAction":[{"@type":"SearchAction","target":{"@type":"EntryPoint","urlTemplate":"https:\/\/blog-estrategia.mystagingwebsite.com\/?s={search_term_string}"},"query-input":{"@type":"PropertyValueSpecification","valueRequired":true,"valueName":"search_term_string"}}],"inLanguage":"pt-BR"},{"@type":"Organization","@id":"https:\/\/blog-estrategia.mystagingwebsite.com\/#organization","name":"Estrat\u00e9gia Concursos","url":"https:\/\/blog-estrategia.mystagingwebsite.com\/","logo":{"@type":"ImageObject","inLanguage":"pt-BR","@id":"https:\/\/blog-estrategia.mystagingwebsite.com\/#\/schema\/logo\/image\/","url":"https:\/\/dhg1h5j42swfq.cloudfront.net\/2025\/06\/03203428\/logo_concursos-1.jpg","contentUrl":"https:\/\/dhg1h5j42swfq.cloudfront.net\/2025\/06\/03203428\/logo_concursos-1.jpg","width":230,"height":60,"caption":"Estrat\u00e9gia Concursos"},"image":{"@id":"https:\/\/blog-estrategia.mystagingwebsite.com\/#\/schema\/logo\/image\/"},"sameAs":["https:\/\/x.com\/EstratConcursos"]},{"@type":"Person","@id":"https:\/\/blog-estrategia.mystagingwebsite.com\/#\/schema\/person\/6630f91134abc08115cca62ce6372855","name":"Bruna de Andrade Fran\u00e7a","image":{"@type":"ImageObject","inLanguage":"pt-BR","@id":"https:\/\/secure.gravatar.com\/avatar\/d6316d36d50cea0fadae28ed3015b8870cc90a2d3d8a95c37b44006af36a00e3?s=96&d=mm&r=g","url":"https:\/\/secure.gravatar.com\/avatar\/d6316d36d50cea0fadae28ed3015b8870cc90a2d3d8a95c37b44006af36a00e3?s=96&d=mm&r=g","contentUrl":"https:\/\/secure.gravatar.com\/avatar\/d6316d36d50cea0fadae28ed3015b8870cc90a2d3d8a95c37b44006af36a00e3?s=96&d=mm&r=g","caption":"Bruna de Andrade Fran\u00e7a"},"description":"Bruna de Andrade Fran\u00e7a \u00e9 publicit\u00e1ria, p\u00f3s-graduada em Marketing &amp; Growth, e atua h\u00e1 mais de sete anos no mercado de concursos p\u00fablicos. Atualmente, \u00e9 coordenadora do jornalismo de Carreira Jur\u00eddica e OAB no Estrat\u00e9gia Concursos, liderando a cobertura editorial das principais sele\u00e7\u00f5es do pa\u00eds. Especialista em reda\u00e7\u00e3o, SEO e Copywriting, acumula ampla experi\u00eancia na produ\u00e7\u00e3o e gest\u00e3o de conte\u00fado jornal\u00edstico. Ao longo de sua trajet\u00f3ria, tamb\u00e9m esteve \u00e0 frente da cobertura de concursos policiais, banc\u00e1rios, \u00e1rea legislativa e sa\u00fade.","url":"https:\/\/www.estrategiaconcursos.com.br\/blog\/author\/bruna-andrade\/"}]}},"_links":{"self":[{"href":"https:\/\/www.estrategiaconcursos.com.br\/blog\/wp-json\/wp\/v2\/posts\/1805198","targetHints":{"allow":["GET"]}}],"collection":[{"href":"https:\/\/www.estrategiaconcursos.com.br\/blog\/wp-json\/wp\/v2\/posts"}],"about":[{"href":"https:\/\/www.estrategiaconcursos.com.br\/blog\/wp-json\/wp\/v2\/types\/post"}],"author":[{"embeddable":true,"href":"https:\/\/www.estrategiaconcursos.com.br\/blog\/wp-json\/wp\/v2\/users\/1206"}],"replies":[{"embeddable":true,"href":"https:\/\/www.estrategiaconcursos.com.br\/blog\/wp-json\/wp\/v2\/comments?post=1805198"}],"version-history":[{"count":1,"href":"https:\/\/www.estrategiaconcursos.com.br\/blog\/wp-json\/wp\/v2\/posts\/1805198\/revisions"}],"predecessor-version":[{"id":1805202,"href":"https:\/\/www.estrategiaconcursos.com.br\/blog\/wp-json\/wp\/v2\/posts\/1805198\/revisions\/1805202"}],"wp:featuredmedia":[{"embeddable":true,"href":"https:\/\/www.estrategiaconcursos.com.br\/blog\/wp-json\/wp\/v2\/media\/1136767"}],"wp:attachment":[{"href":"https:\/\/www.estrategiaconcursos.com.br\/blog\/wp-json\/wp\/v2\/media?parent=1805198"}],"wp:term":[{"taxonomy":"category","embeddable":true,"href":"https:\/\/www.estrategiaconcursos.com.br\/blog\/wp-json\/wp\/v2\/categories?post=1805198"},{"taxonomy":"post_tag","embeddable":true,"href":"https:\/\/www.estrategiaconcursos.com.br\/blog\/wp-json\/wp\/v2\/tags?post=1805198"},{"taxonomy":"tax_estado","embeddable":true,"href":"https:\/\/www.estrategiaconcursos.com.br\/blog\/wp-json\/wp\/v2\/tax_estado?post=1805198"}],"curies":[{"name":"wp","href":"https:\/\/api.w.org\/{rel}","templated":true}]}}