{"id":1805169,"date":"2026-09-02T07:03:07","date_gmt":"2026-09-02T10:03:07","guid":{"rendered":"https:\/\/www.estrategiaconcursos.com.br\/blog\/?p=1805169"},"modified":"2026-09-02T10:29:15","modified_gmt":"2026-09-02T13:29:15","slug":"concurso-ifmg-edital-publicado-professor","status":"publish","type":"post","link":"https:\/\/www.estrategiaconcursos.com.br\/blog\/concurso-ifmg-edital-publicado-professor\/","title":{"rendered":"Edital IFMG: vagas para Professor; at\u00e9 R$ 14,9 mil"},"content":{"rendered":"\n<p class=\"wp-block-paragraph\">O novo edital do <strong>Concurso IFMG<\/strong>, do <strong>Instituto Federal de Educa\u00e7\u00e3o, Ci\u00eancia e Tecnologia de Minas Gerais (IFMG)<\/strong>, foi divulgado. <\/p>\n\n\n\n<p class=\"wp-block-paragraph\">O certame oferta <strong>4 vagas imediatas para o cargo de Professor de Magist\u00e9rio do Ensino B\u00e1sico, T\u00e9cnico e Tecnol\u00f3gico (EBTT)<\/strong>. As oportunidades exigem n\u00edvel superior e ser\u00e3o distribu\u00eddas entre os campi de Congonhas, Ribeir\u00e3o das Neves e Arcos.<\/p>\n\n\n\n<p class=\"wp-block-paragraph\">A pr\u00f3pria institui\u00e7\u00e3o \u00e9 a respons\u00e1vel pela organiza\u00e7\u00e3o e execu\u00e7\u00e3o das fases do certame. Os interessados devem garantir a participa\u00e7\u00e3o exclusivamente pela internet, no portal oficial de concursos da entidade. O per\u00edodo de inscri\u00e7\u00f5es fica aberto de <strong>09<\/strong> <strong>a 29 de setembro<\/strong>, ao custo de:<strong> R$ 250,00<\/strong>.<\/p>\n\n\n\n<div class=\"col-sm\">\n      <div class=\"banner-estrategia\" id=\"box-assinatura\">\n        <h3 class=\"titulo-assinatura\">Cursos para IFMG<\/h3>\n        <p class=\"subtitulo-assinatura\">Conhe\u00e7a os cursos<\/p>\n        <div class=\"box-botao\">\n          <a class=\"btn-assinatura\" target=\"_blank\" href=\"https:\/\/www.estrategiaconcursos.com.br\/blog\/cursos\/concurso\/\" role=\"button\" rel=\"noopener noreferrer\">Conhe\u00e7a mais<\/a>\n        <\/div>\n      <\/div>\n      <p class=\"texto-auxiliar\">Prepare-se com o melhor material e com quem mais aprova em Concursos P\u00fablicos em todo o pa\u00eds.<\/p>\n    <\/div>\n\n\n\n<h2 id=\"atual\" class=\"wp-block-heading\">Edital IFMG: principais datas<\/h2>\n\n\n\n<ul class=\"wp-block-list\">\n<li><strong>Inscri\u00e7\u00f5es:<\/strong> 09 a 29\/09<\/li>\n\n\n\n<li><strong>Isen\u00e7\u00e3o da taxa:<\/strong> 09 e 10\/09<\/li>\n\n\n\n<li><strong>Pagamento da taxa:<\/strong> at\u00e9 30\/09<\/li>\n\n\n\n<li><strong>Data da prova objetiva:<\/strong> 25\/10<\/li>\n<\/ul>\n\n\n\n<h2 id=\"cargos-e-vagas\" class=\"wp-block-heading\">Edital IFMG: cargos e vagas<\/h2>\n\n\n\n<p class=\"wp-block-paragraph\">O certame foca em atrair profissionais com Ensino Superior completo para \u00e1reas espec\u00edficas de <strong>Letras e Direito.<\/strong> A remunera\u00e7\u00e3o \u00e9 um dos grandes atrativos, pois varia progressivamente de acordo com os t\u00edtulos de p\u00f3s-gradua\u00e7\u00e3o apresentados pelo candidato aprovado.<\/p>\n\n\n\n<p class=\"wp-block-paragraph\">Com isso, o vencimento inicial parte de<strong> R$ 7.589,19<\/strong> para professores apenas com gradua\u00e7\u00e3o. <\/p>\n\n\n\n<p class=\"wp-block-paragraph\">Para os candidatos que possuem t\u00edtulo de doutorado, o sal\u00e1rio alcan\u00e7a o teto de <strong>R$ 14.945,96. <\/strong>Ambos os valores j\u00e1 contemplam o aux\u00edlio-alimenta\u00e7\u00e3o de R$ 1.192,00, al\u00e9m do regime de dedica\u00e7\u00e3o exclusiva de 40 horas semanais.<\/p>\n\n\n\n<figure class=\"wp-block-table is-style-stripes\"><table class=\"has-fixed-layout\"><thead><tr><td class=\"has-text-align-center\" data-align=\"center\"><strong>Cargo<\/strong><\/td><td class=\"has-text-align-center\" data-align=\"center\"><strong>Total de Vagas<\/strong><\/td><td class=\"has-text-align-center\" data-align=\"center\"><strong>Sal\u00e1rio (R$)<\/strong><\/td><\/tr><\/thead><tbody><tr><td class=\"has-text-align-center\" data-align=\"center\">Professor EBTT &#8211; Letras\/Libras<\/td><td class=\"has-text-align-center\" data-align=\"center\">01<\/td><td class=\"has-text-align-center\" data-align=\"center\">7.589,19 a 14.945,96<\/td><\/tr><tr><td class=\"has-text-align-center\" data-align=\"center\">Professor EBTT &#8211; Direito (Geral e Empresarial)<\/td><td class=\"has-text-align-center\" data-align=\"center\">01<\/td><td class=\"has-text-align-center\" data-align=\"center\">7.589,19 a 14.945,96<\/td><\/tr><tr><td class=\"has-text-align-center\" data-align=\"center\">Professor EBTT &#8211; Direito (Geral e Filosofia)<\/td><td class=\"has-text-align-center\" data-align=\"center\">01<\/td><td class=\"has-text-align-center\" data-align=\"center\">7.589,19 a 14.945,96<\/td><\/tr><tr><td class=\"has-text-align-center\" data-align=\"center\">Professor EBTT &#8211; Direito (Civil e Processual Civil)<\/td><td class=\"has-text-align-center\" data-align=\"center\">01<\/td><td class=\"has-text-align-center\" data-align=\"center\">7.589,19 a 14.945,96<\/td><\/tr><\/tbody><\/table><\/figure>\n\n\n\n<figure class=\"wp-block-image aligncenter size-full\"><img loading=\"lazy\" decoding=\"async\" width=\"956\" height=\"89\" src=\"https:\/\/dhg1h5j42swfq.cloudfront.net\/2026\/09\/02102840\/image-5.png\" alt=\"Edital IFMG: cargos e vagas\" class=\"wp-image-1805277\" srcset=\"https:\/\/dhg1h5j42swfq.cloudfront.net\/2026\/09\/02102840\/image-5.png 956w, https:\/\/dhg1h5j42swfq.cloudfront.net\/2026\/09\/02102840\/image-5-300x28.png 300w, https:\/\/dhg1h5j42swfq.cloudfront.net\/2026\/09\/02102840\/image-5-763x71.png 763w, https:\/\/dhg1h5j42swfq.cloudfront.net\/2026\/09\/02102840\/image-5-150x14.png 150w\" sizes=\"auto, (max-width: 956px) 100vw, 956px\" \/><\/figure>\n\n\n\n<h2 id=\"h-edital-ifmg-etapas-e-provas\" class=\"wp-block-heading\">Edital IFMG: etapas e provas<\/h2>\n\n\n\n<p class=\"wp-block-paragraph\">O processo de sele\u00e7\u00e3o dos futuros professores ser\u00e1 minucioso e contar\u00e1 com quatro fases de avalia\u00e7\u00e3o. As duas primeiras etapas est\u00e3o previstas para acontecer no mesmo dia e hor\u00e1rio, exigindo preparo e gerenciamento de tempo dos candidatos.<\/p>\n\n\n\n<h3 id=\"h-prova-objetiva\" class=\"wp-block-heading\">Prova objetiva<\/h3>\n\n\n\n<p class=\"wp-block-paragraph\">Esta avalia\u00e7\u00e3o possui car\u00e1ter eliminat\u00f3rio e ser\u00e1 composta por 30 quest\u00f5es de m\u00faltipla escolha<sup><\/sup>. O conte\u00fado exigir\u00e1 dom\u00ednio aprofundado em conhecimentos espec\u00edficos pertinentes \u00e0 \u00e1rea de atua\u00e7\u00e3o escolhida pelo candidato<sup><\/sup>.<\/p>\n\n\n\n<h3 id=\"h-prova-dissertativa-argumentativa\" class=\"wp-block-heading\">Prova dissertativa-argumentativa<\/h3>\n\n\n\n<p class=\"wp-block-paragraph\">Tamb\u00e9m de car\u00e1ter eliminat\u00f3rio, esta fase consiste na elabora\u00e7\u00e3o de um texto dissertativo com base em um tema sorteado pouco antes do in\u00edcio da prova<sup><\/sup>. O candidato precisar\u00e1 redigir o texto contendo at\u00e9 90 linhas<sup><\/sup>.<\/p>\n\n\n\n<h3 id=\"h-prova-de-desempenho-didatico\" class=\"wp-block-heading\">Prova de desempenho did\u00e1tico<\/h3>\n\n\n\n<p class=\"wp-block-paragraph\">Nesta fase eliminat\u00f3ria, o profissional dever\u00e1 planejar e ministrar uma aula com dura\u00e7\u00e3o entre 40 e 50 minutos<sup><\/sup>. A banca avaliar\u00e1 o plano de aula, o desenvolvimento do tema sorteado, a conduta e a capacidade de comunica\u00e7\u00e3o<sup><\/sup>.<\/p>\n\n\n\n<h3 id=\"h-prova-de-titulos\" class=\"wp-block-heading\">Prova de t\u00edtulos<\/h3>\n\n\n\n<p class=\"wp-block-paragraph\">A \u00faltima etapa tem car\u00e1ter exclusivamente classificat\u00f3rio, n\u00e3o gerando risco de elimina\u00e7\u00e3o<sup><\/sup>. Ser\u00e3o atribu\u00eddos pontos valiosos para a titula\u00e7\u00e3o acad\u00eamica, produ\u00e7\u00e3o bibliogr\u00e1fica e experi\u00eancia profissional pr\u00e9via na \u00e1rea<sup><\/sup>.<\/p>\n\n\n\n<h2 class=\"wp-block-heading has-text-align-center\" id=\"h-quer-saber-tudo-sobre-concursos-previstos-confira-nossos-artigos\">Quer saber tudo sobre concursos previstos?<br \/>Confira nossos artigos!<\/h2>\n\n\n\n<ul class=\"wp-block-list\">\n<li><a href=\"https:\/\/www.estrategiaconcursos.com.br\/blog\/concursos-abertos\/\" target=\"_blank\" rel=\"noreferrer noopener\">Concursos abertos<\/a><\/li>\n\n\n\n<li><a href=\"https:\/\/www.estrategiaconcursos.com.br\/blog\/concursos-educacao\/\">Concursos educa\u00e7\u00e3o<\/a><\/li>\n\n\n\n<li><a href=\"https:\/\/www.estrategiaconcursos.com.br\/blog\/concursos-2026\/\" target=\"_blank\" rel=\"noreferrer noopener\">Concursos 2026<\/a><\/li>\n\n\n\n<li><a href=\"https:\/\/www.estrategiaconcursos.com.br\/blog\/concursos-2027\/\" target=\"_blank\" rel=\"noreferrer noopener\">Concursos 2027<\/a><\/li>\n<\/ul>\n\n\n\n<h2 class=\"wp-block-heading has-text-align-center\" id=\"curso\">Quer estudar para o concurso IFMG?<\/h2>\n\n\n\n<p class=\"has-text-align-center wp-block-paragraph\">Gostou desta oportunidade e deseja come\u00e7ar se preparar agora mesmo? Ent\u00e3o, confira os nossos cursos e comece a estudar para IFMG:<\/p>\n\n\n\n<div class=\"col-sm\">\n      <div class=\"banner-estrategia\" id=\"box-assinatura\">\n        <h3 class=\"titulo-assinatura\">Cursos para IFMG<\/h3>\n        <p class=\"subtitulo-assinatura\">Conhe\u00e7a os cursos<\/p>\n        <div class=\"box-botao\">\n          <a class=\"btn-assinatura\" target=\"_blank\" href=\"https:\/\/www.estrategiaconcursos.com.br\/blog\/cursos\/concurso\/\" role=\"button\" rel=\"noopener noreferrer\">Conhe\u00e7a mais<\/a>\n        <\/div>\n      <\/div>\n      <p class=\"texto-auxiliar\">Prepare-se com o melhor material e com quem mais aprova em Concursos P\u00fablicos em todo o pa\u00eds.<\/p>\n    <\/div>\n\n\n\n<div class=\"container\" id=\"boxes\">\n  <div class=\"row\">\n\n    <div class=\"col-sm\">\n      <div class=\"estrategia\" id=\"box-assinatura\">\n        <h3 class=\"titulo-assinatura\">Assinatura Concursos<\/h3>\n        <p class=\"subtitulo-assinatura\">Assinatura de 1 ano ou 2 anos<\/p>\n        <div class=\"box-botao\">\n          <a class=\"btn-assinatura\" target=\"_blank\" href=\"https:\/\/www.estrategiaconcursos.com.br\/blog\/assinaturas\/\" role=\"button\" rel=\"noopener noreferrer\">ASSINE AGORA<\/a>\n        <\/div>\n      <\/div>\n     \n    <\/div><\/div><\/div>\n\n\n\n<figure class=\"wp-block-image size-large is-resized\"><img loading=\"lazy\" decoding=\"async\" width=\"1024\" height=\"632\" src=\"https:\/\/dhg1h5j42swfq.cloudfront.net\/2021\/04\/05161438\/ficha-tecnica-17-1024x632.png\" alt=\"\" class=\"wp-image-707717\" style=\"width:175px;height:109px\" srcset=\"https:\/\/dhg1h5j42swfq.cloudfront.net\/2021\/04\/05161438\/ficha-tecnica-17-1024x632.png 1024w, https:\/\/dhg1h5j42swfq.cloudfront.net\/2021\/04\/05161438\/ficha-tecnica-17-300x185.png 300w, https:\/\/dhg1h5j42swfq.cloudfront.net\/2021\/04\/05161438\/ficha-tecnica-17-768x474.png 768w, https:\/\/dhg1h5j42swfq.cloudfront.net\/2021\/04\/05161438\/ficha-tecnica-17-1536x948.png 1536w, https:\/\/dhg1h5j42swfq.cloudfront.net\/2021\/04\/05161438\/ficha-tecnica-17-610x377.png 610w, https:\/\/dhg1h5j42swfq.cloudfront.net\/2021\/04\/05161438\/ficha-tecnica-17.png 1571w\" sizes=\"auto, (max-width: 1024px) 100vw, 1024px\" \/><\/figure>\n\n\n\n<h4 id=\"ficha\" class=\"wp-block-heading\">Informa\u00e7\u00f5es do concurso IFMG<\/h4>\n\n\n\n<ul id=\"block-46dd482c-33cf-409c-8762-75c111403f14\" class=\"wp-block-list\">\n<li><strong>Banca:<\/strong>&nbsp;comiss\u00e3o pr\u00f3pria<\/li>\n\n\n\n<li><strong>Vagas:<\/strong>&nbsp;4<\/li>\n\n\n\n<li><strong>Cargo<\/strong>: Professor<\/li>\n\n\n\n<li><strong>Sal\u00e1rio inicial:<\/strong>\u00a0R$ 7.589,19 a R$ 14.945,96<\/li>\n\n\n\n<li><strong>Edital<\/strong>:&nbsp;<a href=\"https:\/\/dhg1h5j42swfq.cloudfront.net\/2026\/09\/02070112\/diariooficial-5-36-53-1-1.pdf\" target=\"_blank\" rel=\"noreferrer noopener nofollow\">IFMG 2026 Professor<\/a><\/li>\n<\/ul>\n","protected":false},"excerpt":{"rendered":"<p>O novo edital do Concurso IFMG, do Instituto Federal de Educa\u00e7\u00e3o, Ci\u00eancia e Tecnologia de Minas Gerais (IFMG), foi divulgado. O certame oferta 4 vagas imediatas para o cargo de Professor de Magist\u00e9rio do Ensino B\u00e1sico, T\u00e9cnico e Tecnol\u00f3gico (EBTT). As oportunidades exigem n\u00edvel superior e ser\u00e3o distribu\u00eddas entre os campi de Congonhas, Ribeir\u00e3o das [&hellip;]<\/p>\n","protected":false},"author":2018,"featured_media":1090639,"comment_status":"open","ping_status":"closed","sticky":false,"template":"","format":"standard","meta":{"_acf_changed":false,"post_tipo":"news","footnotes":""},"categories":[3766,220219],"tags":[],"tax_estado":[219974],"class_list":["post-1805169","post","type-post","status-publish","format-standard","has-post-thumbnail","hentry","category-educacional","category-noticias","tax_estado-mg"],"acf":[],"yoast_head":"<!-- This site is optimized with the Yoast SEO Premium plugin v28.1 (Yoast SEO v28.1) - https:\/\/yoast.com\/product\/yoast-seo-premium-wordpress\/ -->\n<title>Edital IFMG: vagas para Professor; at\u00e9 R$ 14,9 mil<\/title>\n<meta name=\"description\" content=\"Saiba tudo sobre o edital IFMG e as oportunidades para o cargo de Professor de Magist\u00e9rio. Inscri\u00e7\u00f5es at\u00e9 29 de setembro.\" \/>\n<meta name=\"robots\" content=\"index, follow, max-snippet:-1, max-image-preview:large, max-video-preview:-1\" \/>\n<link rel=\"canonical\" href=\"https:\/\/www.estrategiaconcursos.com.br\/blog\/concurso-ifmg-edital-publicado-professor\/\" \/>\n<meta property=\"og:locale\" content=\"pt_BR\" \/>\n<meta property=\"og:type\" content=\"article\" \/>\n<meta property=\"og:title\" content=\"Edital IFMG: vagas para Professor; at\u00e9 R$ 14,9 mil\" \/>\n<meta property=\"og:description\" content=\"Saiba tudo sobre o edital IFMG e as oportunidades para o cargo de Professor de Magist\u00e9rio. Inscri\u00e7\u00f5es at\u00e9 29 de setembro.\" \/>\n<meta property=\"og:url\" content=\"https:\/\/www.estrategiaconcursos.com.br\/blog\/concurso-ifmg-edital-publicado-professor\/\" \/>\n<meta property=\"og:site_name\" content=\"Estrat\u00e9gia Concursos\" \/>\n<meta property=\"article:published_time\" content=\"2026-09-02T10:03:07+00:00\" \/>\n<meta property=\"article:modified_time\" content=\"2026-09-02T13:29:15+00:00\" \/>\n<meta property=\"og:image\" content=\"https:\/\/dhg1h5j42swfq.cloudfront.net\/2022\/09\/06185737\/concursos_educacao.jpg\" \/>\n\t<meta property=\"og:image:width\" content=\"768\" \/>\n\t<meta property=\"og:image:height\" content=\"432\" \/>\n\t<meta property=\"og:image:type\" content=\"image\/jpeg\" \/>\n<meta name=\"author\" content=\"B\u00e1rbara Carvalho Santos\" \/>\n<meta name=\"twitter:card\" content=\"summary_large_image\" \/>\n<meta name=\"twitter:creator\" content=\"@EstratConcursos\" \/>\n<meta name=\"twitter:site\" content=\"@EstratConcursos\" \/>\n<meta name=\"twitter:label1\" content=\"Escrito por\" \/>\n\t<meta name=\"twitter:data1\" content=\"B\u00e1rbara Carvalho Santos\" \/>\n\t<meta name=\"twitter:label2\" content=\"Est. tempo de leitura\" \/>\n\t<meta name=\"twitter:data2\" content=\"3 minutos\" \/>\n<script type=\"application\/ld+json\" class=\"yoast-schema-graph\">{\"@context\":\"https:\\\/\\\/schema.org\",\"@graph\":[{\"@type\":\"NewsArticle\",\"@id\":\"https:\\\/\\\/www.estrategiaconcursos.com.br\\\/blog\\\/concurso-ifmg-edital-publicado-professor\\\/#article\",\"isPartOf\":{\"@id\":\"https:\\\/\\\/www.estrategiaconcursos.com.br\\\/blog\\\/concurso-ifmg-edital-publicado-professor\\\/\"},\"author\":{\"name\":\"B\u00e1rbara Carvalho Santos\",\"@id\":\"https:\\\/\\\/blog-estrategia.mystagingwebsite.com\\\/#\\\/schema\\\/person\\\/e3882259fa157d54c44c21f4ee4e0e60\"},\"headline\":\"Edital IFMG: vagas para Professor; at\u00e9 R$ 14,9 mil\",\"datePublished\":\"2026-09-02T10:03:07+00:00\",\"dateModified\":\"2026-09-02T13:29:15+00:00\",\"mainEntityOfPage\":{\"@id\":\"https:\\\/\\\/www.estrategiaconcursos.com.br\\\/blog\\\/concurso-ifmg-edital-publicado-professor\\\/\"},\"wordCount\":635,\"commentCount\":0,\"publisher\":{\"@id\":\"https:\\\/\\\/blog-estrategia.mystagingwebsite.com\\\/#organization\"},\"image\":{\"@id\":\"https:\\\/\\\/www.estrategiaconcursos.com.br\\\/blog\\\/concurso-ifmg-edital-publicado-professor\\\/#primaryimage\"},\"thumbnailUrl\":\"https:\\\/\\\/dhg1h5j42swfq.cloudfront.net\\\/2022\\\/09\\\/06185737\\\/concursos_educacao.jpg\",\"articleSection\":[\"Educa\u00e7\u00e3o\",\"\u00daltimas not\u00edcias\"],\"inLanguage\":\"pt-BR\",\"potentialAction\":[{\"@type\":\"CommentAction\",\"name\":\"Comment\",\"target\":[\"https:\\\/\\\/www.estrategiaconcursos.com.br\\\/blog\\\/concurso-ifmg-edital-publicado-professor\\\/#respond\"]}],\"copyrightYear\":\"2026\",\"copyrightHolder\":{\"@id\":\"https:\\\/\\\/www.estrategiaconcursos.com.br\\\/blog\\\/#organization\"}},{\"@type\":\"WebPage\",\"@id\":\"https:\\\/\\\/www.estrategiaconcursos.com.br\\\/blog\\\/concurso-ifmg-edital-publicado-professor\\\/\",\"url\":\"https:\\\/\\\/www.estrategiaconcursos.com.br\\\/blog\\\/concurso-ifmg-edital-publicado-professor\\\/\",\"name\":\"Edital IFMG: vagas para Professor; at\u00e9 R$ 14,9 mil\",\"isPartOf\":{\"@id\":\"https:\\\/\\\/blog-estrategia.mystagingwebsite.com\\\/#website\"},\"primaryImageOfPage\":{\"@id\":\"https:\\\/\\\/www.estrategiaconcursos.com.br\\\/blog\\\/concurso-ifmg-edital-publicado-professor\\\/#primaryimage\"},\"image\":{\"@id\":\"https:\\\/\\\/www.estrategiaconcursos.com.br\\\/blog\\\/concurso-ifmg-edital-publicado-professor\\\/#primaryimage\"},\"thumbnailUrl\":\"https:\\\/\\\/dhg1h5j42swfq.cloudfront.net\\\/2022\\\/09\\\/06185737\\\/concursos_educacao.jpg\",\"datePublished\":\"2026-09-02T10:03:07+00:00\",\"dateModified\":\"2026-09-02T13:29:15+00:00\",\"description\":\"Saiba tudo sobre o edital IFMG e as oportunidades para o cargo de Professor de Magist\u00e9rio. Inscri\u00e7\u00f5es at\u00e9 29 de setembro.\",\"breadcrumb\":{\"@id\":\"https:\\\/\\\/www.estrategiaconcursos.com.br\\\/blog\\\/concurso-ifmg-edital-publicado-professor\\\/#breadcrumb\"},\"inLanguage\":\"pt-BR\",\"potentialAction\":[{\"@type\":\"ReadAction\",\"target\":[\"https:\\\/\\\/www.estrategiaconcursos.com.br\\\/blog\\\/concurso-ifmg-edital-publicado-professor\\\/\"]}]},{\"@type\":\"ImageObject\",\"inLanguage\":\"pt-BR\",\"@id\":\"https:\\\/\\\/www.estrategiaconcursos.com.br\\\/blog\\\/concurso-ifmg-edital-publicado-professor\\\/#primaryimage\",\"url\":\"https:\\\/\\\/dhg1h5j42swfq.cloudfront.net\\\/2022\\\/09\\\/06185737\\\/concursos_educacao.jpg\",\"contentUrl\":\"https:\\\/\\\/dhg1h5j42swfq.cloudfront.net\\\/2022\\\/09\\\/06185737\\\/concursos_educacao.jpg\",\"width\":768,\"height\":432,\"caption\":\"Concurso Andradina Educa\u00e7\u00e3o\"},{\"@type\":\"BreadcrumbList\",\"@id\":\"https:\\\/\\\/www.estrategiaconcursos.com.br\\\/blog\\\/concurso-ifmg-edital-publicado-professor\\\/#breadcrumb\",\"itemListElement\":[{\"@type\":\"ListItem\",\"position\":1,\"name\":\"In\u00edcio\",\"item\":\"https:\\\/\\\/blog-estrategia.mystagingwebsite.com\\\/\"},{\"@type\":\"ListItem\",\"position\":2,\"name\":\"Edital IFMG: vagas para Professor; at\u00e9 R$ 14,9 mil\"}]},{\"@type\":\"WebSite\",\"@id\":\"https:\\\/\\\/blog-estrategia.mystagingwebsite.com\\\/#website\",\"url\":\"https:\\\/\\\/blog-estrategia.mystagingwebsite.com\\\/\",\"name\":\"Estrat\u00e9gia Concursos\",\"description\":\"O blog da Estrat\u00e9gia Concursos traz not\u00edcias sobre concursos e artigos de professores oferecendo cursos para concursos (pdf + videaulas) no site.\",\"publisher\":{\"@id\":\"https:\\\/\\\/blog-estrategia.mystagingwebsite.com\\\/#organization\"},\"potentialAction\":[{\"@type\":\"SearchAction\",\"target\":{\"@type\":\"EntryPoint\",\"urlTemplate\":\"https:\\\/\\\/blog-estrategia.mystagingwebsite.com\\\/?s={search_term_string}\"},\"query-input\":{\"@type\":\"PropertyValueSpecification\",\"valueRequired\":true,\"valueName\":\"search_term_string\"}}],\"inLanguage\":\"pt-BR\"},{\"@type\":\"Organization\",\"@id\":\"https:\\\/\\\/blog-estrategia.mystagingwebsite.com\\\/#organization\",\"name\":\"Estrat\u00e9gia Concursos\",\"url\":\"https:\\\/\\\/blog-estrategia.mystagingwebsite.com\\\/\",\"logo\":{\"@type\":\"ImageObject\",\"inLanguage\":\"pt-BR\",\"@id\":\"https:\\\/\\\/blog-estrategia.mystagingwebsite.com\\\/#\\\/schema\\\/logo\\\/image\\\/\",\"url\":\"https:\\\/\\\/dhg1h5j42swfq.cloudfront.net\\\/2025\\\/06\\\/03203428\\\/logo_concursos-1.jpg\",\"contentUrl\":\"https:\\\/\\\/dhg1h5j42swfq.cloudfront.net\\\/2025\\\/06\\\/03203428\\\/logo_concursos-1.jpg\",\"width\":230,\"height\":60,\"caption\":\"Estrat\u00e9gia Concursos\"},\"image\":{\"@id\":\"https:\\\/\\\/blog-estrategia.mystagingwebsite.com\\\/#\\\/schema\\\/logo\\\/image\\\/\"},\"sameAs\":[\"https:\\\/\\\/x.com\\\/EstratConcursos\"]},{\"@type\":\"Person\",\"@id\":\"https:\\\/\\\/blog-estrategia.mystagingwebsite.com\\\/#\\\/schema\\\/person\\\/e3882259fa157d54c44c21f4ee4e0e60\",\"name\":\"B\u00e1rbara Carvalho Santos\",\"image\":{\"@type\":\"ImageObject\",\"inLanguage\":\"pt-BR\",\"@id\":\"https:\\\/\\\/secure.gravatar.com\\\/avatar\\\/353300f73140f779692b9be2b39f434d1341e4e34c7f55bd5a990fe29ef352eb?s=96&d=mm&r=g\",\"url\":\"https:\\\/\\\/secure.gravatar.com\\\/avatar\\\/353300f73140f779692b9be2b39f434d1341e4e34c7f55bd5a990fe29ef352eb?s=96&d=mm&r=g\",\"contentUrl\":\"https:\\\/\\\/secure.gravatar.com\\\/avatar\\\/353300f73140f779692b9be2b39f434d1341e4e34c7f55bd5a990fe29ef352eb?s=96&d=mm&r=g\",\"caption\":\"B\u00e1rbara Carvalho Santos\"},\"description\":\"M\u00e3e e jornalista formada pela UNIP, possui ampla experi\u00eancia na cobertura de entretenimento em grandes ve\u00edculos, como o site da CNN, RedeTV! e Estrat\u00e9gia Educacional. Atuou tamb\u00e9m em ag\u00eancias de marketing, produtoras musicais e assessorias de imprensa, com foco especial no trabalho com personalidades p\u00fablicas. Atualmente, integra a equipe do Estrat\u00e9gia Concursos, onde \u00e9 respons\u00e1vel pela produ\u00e7\u00e3o de conte\u00fados estrat\u00e9gicos voltados para o setor de concursos p\u00fablicos, com destaque para a \u00e1rea fiscal, gest\u00e3o, controle, concursos administrativos e Minist\u00e9rios participantes do CNU, al\u00e9m de diversos \u00f3rg\u00e3os federais. Tem como miss\u00e3o transformar informa\u00e7\u00f5es complexas em conte\u00fados acess\u00edveis, relevantes e de alto valor para quem sonha com uma carreira no servi\u00e7o p\u00fablico.\",\"url\":\"https:\\\/\\\/www.estrategiaconcursos.com.br\\\/blog\\\/author\\\/barbara-santos\\\/\"}]}<\/script>\n<!-- \/ Yoast SEO Premium plugin. -->","yoast_head_json":{"title":"Edital IFMG: vagas para Professor; at\u00e9 R$ 14,9 mil","description":"Saiba tudo sobre o edital IFMG e as oportunidades para o cargo de Professor de Magist\u00e9rio. Inscri\u00e7\u00f5es at\u00e9 29 de setembro.","robots":{"index":"index","follow":"follow","max-snippet":"max-snippet:-1","max-image-preview":"max-image-preview:large","max-video-preview":"max-video-preview:-1"},"canonical":"https:\/\/www.estrategiaconcursos.com.br\/blog\/concurso-ifmg-edital-publicado-professor\/","og_locale":"pt_BR","og_type":"article","og_title":"Edital IFMG: vagas para Professor; at\u00e9 R$ 14,9 mil","og_description":"Saiba tudo sobre o edital IFMG e as oportunidades para o cargo de Professor de Magist\u00e9rio. Inscri\u00e7\u00f5es at\u00e9 29 de setembro.","og_url":"https:\/\/www.estrategiaconcursos.com.br\/blog\/concurso-ifmg-edital-publicado-professor\/","og_site_name":"Estrat\u00e9gia Concursos","article_published_time":"2026-09-02T10:03:07+00:00","article_modified_time":"2026-09-02T13:29:15+00:00","og_image":[{"width":768,"height":432,"url":"https:\/\/dhg1h5j42swfq.cloudfront.net\/2022\/09\/06185737\/concursos_educacao.jpg","type":"image\/jpeg"}],"author":"B\u00e1rbara Carvalho Santos","twitter_card":"summary_large_image","twitter_creator":"@EstratConcursos","twitter_site":"@EstratConcursos","twitter_misc":{"Escrito por":"B\u00e1rbara Carvalho Santos","Est. tempo de leitura":"3 minutos"},"schema":{"@context":"https:\/\/schema.org","@graph":[{"@type":"NewsArticle","@id":"https:\/\/www.estrategiaconcursos.com.br\/blog\/concurso-ifmg-edital-publicado-professor\/#article","isPartOf":{"@id":"https:\/\/www.estrategiaconcursos.com.br\/blog\/concurso-ifmg-edital-publicado-professor\/"},"author":{"name":"B\u00e1rbara Carvalho Santos","@id":"https:\/\/blog-estrategia.mystagingwebsite.com\/#\/schema\/person\/e3882259fa157d54c44c21f4ee4e0e60"},"headline":"Edital IFMG: vagas para Professor; at\u00e9 R$ 14,9 mil","datePublished":"2026-09-02T10:03:07+00:00","dateModified":"2026-09-02T13:29:15+00:00","mainEntityOfPage":{"@id":"https:\/\/www.estrategiaconcursos.com.br\/blog\/concurso-ifmg-edital-publicado-professor\/"},"wordCount":635,"commentCount":0,"publisher":{"@id":"https:\/\/blog-estrategia.mystagingwebsite.com\/#organization"},"image":{"@id":"https:\/\/www.estrategiaconcursos.com.br\/blog\/concurso-ifmg-edital-publicado-professor\/#primaryimage"},"thumbnailUrl":"https:\/\/dhg1h5j42swfq.cloudfront.net\/2022\/09\/06185737\/concursos_educacao.jpg","articleSection":["Educa\u00e7\u00e3o","\u00daltimas not\u00edcias"],"inLanguage":"pt-BR","potentialAction":[{"@type":"CommentAction","name":"Comment","target":["https:\/\/www.estrategiaconcursos.com.br\/blog\/concurso-ifmg-edital-publicado-professor\/#respond"]}],"copyrightYear":"2026","copyrightHolder":{"@id":"https:\/\/www.estrategiaconcursos.com.br\/blog\/#organization"}},{"@type":"WebPage","@id":"https:\/\/www.estrategiaconcursos.com.br\/blog\/concurso-ifmg-edital-publicado-professor\/","url":"https:\/\/www.estrategiaconcursos.com.br\/blog\/concurso-ifmg-edital-publicado-professor\/","name":"Edital IFMG: vagas para Professor; at\u00e9 R$ 14,9 mil","isPartOf":{"@id":"https:\/\/blog-estrategia.mystagingwebsite.com\/#website"},"primaryImageOfPage":{"@id":"https:\/\/www.estrategiaconcursos.com.br\/blog\/concurso-ifmg-edital-publicado-professor\/#primaryimage"},"image":{"@id":"https:\/\/www.estrategiaconcursos.com.br\/blog\/concurso-ifmg-edital-publicado-professor\/#primaryimage"},"thumbnailUrl":"https:\/\/dhg1h5j42swfq.cloudfront.net\/2022\/09\/06185737\/concursos_educacao.jpg","datePublished":"2026-09-02T10:03:07+00:00","dateModified":"2026-09-02T13:29:15+00:00","description":"Saiba tudo sobre o edital IFMG e as oportunidades para o cargo de Professor de Magist\u00e9rio. Inscri\u00e7\u00f5es at\u00e9 29 de setembro.","breadcrumb":{"@id":"https:\/\/www.estrategiaconcursos.com.br\/blog\/concurso-ifmg-edital-publicado-professor\/#breadcrumb"},"inLanguage":"pt-BR","potentialAction":[{"@type":"ReadAction","target":["https:\/\/www.estrategiaconcursos.com.br\/blog\/concurso-ifmg-edital-publicado-professor\/"]}]},{"@type":"ImageObject","inLanguage":"pt-BR","@id":"https:\/\/www.estrategiaconcursos.com.br\/blog\/concurso-ifmg-edital-publicado-professor\/#primaryimage","url":"https:\/\/dhg1h5j42swfq.cloudfront.net\/2022\/09\/06185737\/concursos_educacao.jpg","contentUrl":"https:\/\/dhg1h5j42swfq.cloudfront.net\/2022\/09\/06185737\/concursos_educacao.jpg","width":768,"height":432,"caption":"Concurso Andradina Educa\u00e7\u00e3o"},{"@type":"BreadcrumbList","@id":"https:\/\/www.estrategiaconcursos.com.br\/blog\/concurso-ifmg-edital-publicado-professor\/#breadcrumb","itemListElement":[{"@type":"ListItem","position":1,"name":"In\u00edcio","item":"https:\/\/blog-estrategia.mystagingwebsite.com\/"},{"@type":"ListItem","position":2,"name":"Edital IFMG: vagas para Professor; at\u00e9 R$ 14,9 mil"}]},{"@type":"WebSite","@id":"https:\/\/blog-estrategia.mystagingwebsite.com\/#website","url":"https:\/\/blog-estrategia.mystagingwebsite.com\/","name":"Estrat\u00e9gia Concursos","description":"O blog da Estrat\u00e9gia Concursos traz not\u00edcias sobre concursos e artigos de professores oferecendo cursos para concursos (pdf + videaulas) no site.","publisher":{"@id":"https:\/\/blog-estrategia.mystagingwebsite.com\/#organization"},"potentialAction":[{"@type":"SearchAction","target":{"@type":"EntryPoint","urlTemplate":"https:\/\/blog-estrategia.mystagingwebsite.com\/?s={search_term_string}"},"query-input":{"@type":"PropertyValueSpecification","valueRequired":true,"valueName":"search_term_string"}}],"inLanguage":"pt-BR"},{"@type":"Organization","@id":"https:\/\/blog-estrategia.mystagingwebsite.com\/#organization","name":"Estrat\u00e9gia Concursos","url":"https:\/\/blog-estrategia.mystagingwebsite.com\/","logo":{"@type":"ImageObject","inLanguage":"pt-BR","@id":"https:\/\/blog-estrategia.mystagingwebsite.com\/#\/schema\/logo\/image\/","url":"https:\/\/dhg1h5j42swfq.cloudfront.net\/2025\/06\/03203428\/logo_concursos-1.jpg","contentUrl":"https:\/\/dhg1h5j42swfq.cloudfront.net\/2025\/06\/03203428\/logo_concursos-1.jpg","width":230,"height":60,"caption":"Estrat\u00e9gia Concursos"},"image":{"@id":"https:\/\/blog-estrategia.mystagingwebsite.com\/#\/schema\/logo\/image\/"},"sameAs":["https:\/\/x.com\/EstratConcursos"]},{"@type":"Person","@id":"https:\/\/blog-estrategia.mystagingwebsite.com\/#\/schema\/person\/e3882259fa157d54c44c21f4ee4e0e60","name":"B\u00e1rbara Carvalho Santos","image":{"@type":"ImageObject","inLanguage":"pt-BR","@id":"https:\/\/secure.gravatar.com\/avatar\/353300f73140f779692b9be2b39f434d1341e4e34c7f55bd5a990fe29ef352eb?s=96&d=mm&r=g","url":"https:\/\/secure.gravatar.com\/avatar\/353300f73140f779692b9be2b39f434d1341e4e34c7f55bd5a990fe29ef352eb?s=96&d=mm&r=g","contentUrl":"https:\/\/secure.gravatar.com\/avatar\/353300f73140f779692b9be2b39f434d1341e4e34c7f55bd5a990fe29ef352eb?s=96&d=mm&r=g","caption":"B\u00e1rbara Carvalho Santos"},"description":"M\u00e3e e jornalista formada pela UNIP, possui ampla experi\u00eancia na cobertura de entretenimento em grandes ve\u00edculos, como o site da CNN, RedeTV! e Estrat\u00e9gia Educacional. Atuou tamb\u00e9m em ag\u00eancias de marketing, produtoras musicais e assessorias de imprensa, com foco especial no trabalho com personalidades p\u00fablicas. Atualmente, integra a equipe do Estrat\u00e9gia Concursos, onde \u00e9 respons\u00e1vel pela produ\u00e7\u00e3o de conte\u00fados estrat\u00e9gicos voltados para o setor de concursos p\u00fablicos, com destaque para a \u00e1rea fiscal, gest\u00e3o, controle, concursos administrativos e Minist\u00e9rios participantes do CNU, al\u00e9m de diversos \u00f3rg\u00e3os federais. Tem como miss\u00e3o transformar informa\u00e7\u00f5es complexas em conte\u00fados acess\u00edveis, relevantes e de alto valor para quem sonha com uma carreira no servi\u00e7o p\u00fablico.","url":"https:\/\/www.estrategiaconcursos.com.br\/blog\/author\/barbara-santos\/"}]}},"_links":{"self":[{"href":"https:\/\/www.estrategiaconcursos.com.br\/blog\/wp-json\/wp\/v2\/posts\/1805169","targetHints":{"allow":["GET"]}}],"collection":[{"href":"https:\/\/www.estrategiaconcursos.com.br\/blog\/wp-json\/wp\/v2\/posts"}],"about":[{"href":"https:\/\/www.estrategiaconcursos.com.br\/blog\/wp-json\/wp\/v2\/types\/post"}],"author":[{"embeddable":true,"href":"https:\/\/www.estrategiaconcursos.com.br\/blog\/wp-json\/wp\/v2\/users\/2018"}],"replies":[{"embeddable":true,"href":"https:\/\/www.estrategiaconcursos.com.br\/blog\/wp-json\/wp\/v2\/comments?post=1805169"}],"version-history":[{"count":7,"href":"https:\/\/www.estrategiaconcursos.com.br\/blog\/wp-json\/wp\/v2\/posts\/1805169\/revisions"}],"predecessor-version":[{"id":1805278,"href":"https:\/\/www.estrategiaconcursos.com.br\/blog\/wp-json\/wp\/v2\/posts\/1805169\/revisions\/1805278"}],"wp:featuredmedia":[{"embeddable":true,"href":"https:\/\/www.estrategiaconcursos.com.br\/blog\/wp-json\/wp\/v2\/media\/1090639"}],"wp:attachment":[{"href":"https:\/\/www.estrategiaconcursos.com.br\/blog\/wp-json\/wp\/v2\/media?parent=1805169"}],"wp:term":[{"taxonomy":"category","embeddable":true,"href":"https:\/\/www.estrategiaconcursos.com.br\/blog\/wp-json\/wp\/v2\/categories?post=1805169"},{"taxonomy":"post_tag","embeddable":true,"href":"https:\/\/www.estrategiaconcursos.com.br\/blog\/wp-json\/wp\/v2\/tags?post=1805169"},{"taxonomy":"tax_estado","embeddable":true,"href":"https:\/\/www.estrategiaconcursos.com.br\/blog\/wp-json\/wp\/v2\/tax_estado?post=1805169"}],"curies":[{"name":"wp","href":"https:\/\/api.w.org\/{rel}","templated":true}]}}