{"id":1805018,"date":"2026-09-01T14:23:25","date_gmt":"2026-09-01T17:23:25","guid":{"rendered":"https:\/\/www.estrategiaconcursos.com.br\/blog\/?p=1805018"},"modified":"2026-09-01T14:24:45","modified_gmt":"2026-09-01T17:24:45","slug":"concurso-metro-df-greve-adiada","status":"publish","type":"post","link":"https:\/\/www.estrategiaconcursos.com.br\/blog\/concurso-metro-df-greve-adiada\/","title":{"rendered":"Concurso Metr\u00f4 DF: greve em prol de novo edital \u00e9 adiada!"},"content":{"rendered":"\n<p class=\"wp-block-paragraph\" style=\"font-size:clamp(15.747px, 0.984rem + ((1vw - 3.2px) * 0.809), 24px);\"><strong><em>Categoria suspende greve at\u00e9 16 de setembro e aguarda andamento burocr\u00e1tico para autoriza\u00e7\u00e3o do Concurso Metr\u00f4 DF<\/em><\/strong><\/p>\n\n\n\n<p class=\"wp-block-paragraph\">Os trabalhadores da <strong>Companhia do Metropolitano do Distrito Federal<\/strong> (Metr\u00f4 DF) decidiram, em assembleia realizada na noite da \u00faltima segunda-feira (31), adiar a paralisa\u00e7\u00e3o geral, inicialmente <a href=\"https:\/\/www.estrategiaconcursos.com.br\/blog\/concurso-metro-df-2026-greve-a-partir-de-setembro\/\" target=\"_blank\" rel=\"noreferrer noopener\">prevista para hoje (1\u00ba)<\/a>, para o dia <strong>16 de setembro<\/strong>. <\/p>\n\n\n\n<p class=\"wp-block-paragraph\">A pauta principal da categoria \u00e9 exigir a realiza\u00e7\u00e3o imediata do aguardado <strong>Concurso Metr\u00f4 DF<\/strong>. A suspens\u00e3o tempor\u00e1ria do movimento atende a uma media\u00e7\u00e3o do Tribunal Regional do Trabalho e busca manter a mesa de negocia\u00e7\u00e3o aberta com o governo.<\/p>\n\n\n\n<p class=\"wp-block-paragraph\"><em>&#8220;A categoria metrovi\u00e1ria decidiu adiar a greve at\u00e9 o dia 16, onde ter\u00e1 uma nova assembleia. Isso mesmo, a categoria decidiu que dia 15 vai ter uma nova assembleia e o in\u00edcio da grev<\/em>e<em>. Tempo suficiente para que o GDF e o metr\u00f4 possa se posicionar. A solu\u00e7\u00e3o desse conflito est\u00e1 na m\u00e3o do secret\u00e1rio de economia para que assine a portaria, para que o concurso seja feito e para que a gente possa prover essas vagas e levar um servi\u00e7o de qualidade para a popula\u00e7\u00e3o do Distrito Federal&#8221;<\/em>, afirmaram representantes do SindMetr\u00f4 DF nas <a href=\"https:\/\/www.instagram.com\/p\/DcudV-nOj0Z\/\" target=\"_blank\" rel=\"noreferrer noopener nofollow\">redes sociais<\/a> do Sindicato.<\/p>\n\n\n\n<h2 class=\"wp-block-heading\">Motivos da greve<\/h2>\n\n\n\n<p class=\"wp-block-paragraph\">A paralisa\u00e7\u00e3o reflete a sobrecarga do atual quadro de servidores da companhia. Os metrovi\u00e1rios reivindicam, de forma priorit\u00e1ria, a publica\u00e7\u00e3o do<strong> novo edital para suprir o crescente d\u00e9ficit de pessoal<\/strong>. As principais motiva\u00e7\u00f5es do movimento incluem:<\/p>\n\n\n\n<ul class=\"wp-block-list\">\n<li>A falta de novos profissionais para garantir a seguran\u00e7a da opera\u00e7\u00e3o di\u00e1ria;<\/li>\n\n\n\n<li>A necessidade urgente de reposi\u00e7\u00e3o de servidores na manuten\u00e7\u00e3o das esta\u00e7\u00f5es;<\/li>\n\n\n\n<li>O andamento das negocia\u00e7\u00f5es do Acordo Coletivo de Trabalho de 2026.<\/li>\n<\/ul>\n\n\n\n<h3 id=\"h-por-que-a-greve-em-prol-do-concurso-metro-df-foi-adiada\" class=\"wp-block-heading\">Por que a greve em prol do Concurso Metr\u00f4 DF foi adiada?<\/h3>\n\n\n\n<p class=\"wp-block-paragraph\">A transfer\u00eancia do in\u00edcio da greve para meados de setembro ocorreu n\u00e3o apenas pela interven\u00e7\u00e3o do Judici\u00e1rio, mas como um movimento estrat\u00e9gico da categoria.<\/p>\n\n\n\n<p class=\"wp-block-paragraph\">Os servidores decidiram aguardar a movimenta\u00e7\u00e3o oficial do Governo do Distrito Federal.<sup><\/sup> A expectativa \u00e9 que a Secretaria de Economia utilize esse prazo extra para destravar os tr\u00e2mites burocr\u00e1ticos necess\u00e1rios para a autoriza\u00e7\u00e3o do certame.<\/p>\n\n\n\n<div class=\"container\" id=\"boxes\">\n  <div class=\"row\">\n\n    <div class=\"col-sm\">\n      <div class=\"banner-estrat-corj\" id=\"box-assinatura\">\n        <h3 class=\"titulo-assinatura\" style=\"text-align: left;\">Cursos para Concursos<\/h3>\n        <p class=\"subtitulo-assinatura\" style=\"text-align: left;\">Conhe\u00e7a os cursos<\/p>\n        <div class=\"box-botao\" style=\"text-align: left;\">\n          <a class=\"btn-assinatura\" target=\"_blank\" href=\"https:\/\/www.estrategiaconcursos.com.br\/blog\/pesquisa\/?q=metro+df\" role=\"button\" rel=\"noopener noreferrer\">CLIQUE AQUI<\/a>\n        <\/div>\n      <\/div><\/div><\/div><\/div>\n\n\n\n<h2 id=\"ultimo-concurso\" class=\"wp-block-heading\">\u00daltimo concurso Metr\u00f4 DF&nbsp;<em>\u2013&nbsp;<\/em>2013<\/h2>\n\n\n\n<p class=\"wp-block-paragraph\">O \u00faltimo concurso Metr\u00f4 DF foi realizado em&nbsp;<strong>2013<\/strong>&nbsp;sob organiza\u00e7\u00e3o do Instituto Americano de Desenvolvimento, o IADES. Na ocasi\u00e3o, foram ofertadas<strong>&nbsp;232 vagas<\/strong>&nbsp;para cargos de n\u00edvel m\u00e9dio e superior.<\/p>\n\n\n\n<hr class=\"wp-block-separator has-alpha-channel-opacity is-style-dots\"\/>\n\n\n\n<p class=\"has-text-align-center wp-block-paragraph\"><em>Para ficar por dentro de todas as informa\u00e7\u00f5es sobre o Concurso Metr\u00f4 DF, que \u00e9 uma das reivindica\u00e7\u00f5es da greve adiada, n\u00e3o deixe de conferir nosso artigo completo sobre a sele\u00e7\u00e3o:<\/em><\/p>\n\n\n\n<p class=\"has-text-align-center has-background has-medium-font-size wp-block-paragraph\" style=\"background-color:#d1d9df\"><strong><a href=\"https:\/\/www.estrategiaconcursos.com.br\/blog\/concurso-metro-df\/\" target=\"_blank\" rel=\"noreferrer noopener\">Concurso Metr\u00f4 DF<\/a><\/strong><\/p>\n\n\n\n<hr class=\"wp-block-separator has-alpha-channel-opacity\"\/>\n\n\n\n<p class=\"has-text-align-center has-x-large-font-size wp-block-paragraph\" id=\"cursos\"><em><strong>Quer estudar para o concurso Metr\u00f4 DF? Confira as nossas assinaturas de 1 ou 2 anos<\/strong><\/em><\/p>\n\n\n\n<div class=\"container\" id=\"boxes\">\r\n  <div class=\"row\">\r\n\r\n    <div class=\"col-sm\">\r\n      <div class=\"estrategia\" id=\"box-assinatura\">\r\n        <h3 class=\"titulo-assinatura\">Assinatura Concursos<\/h3>\r\n        <p class=\"subtitulo-assinatura\">Assinatura de 1 ano ou 2 anos<\/p>\r\n        <div class=\"box-botao\">\r\n          <a class=\"btn-assinatura\" target=\"_blank\" href=\"https:\/\/www.estrategiaconcursos.com.br\/blog\/assinaturas\/\" role=\"button\" rel=\"noopener noreferrer\">ASSINE AGORA<\/a>\r\n        <\/div>\r\n      <\/div><\/div><\/div><\/div>\n\n\n\n<p class=\"has-text-align-center has-x-large-font-size wp-block-paragraph\" id=\"h-quer-saber-tudo-sobre-concursos-previstos-confira-os-nossos-artigos\"><strong><em>Quer saber tudo sobre concursos previstos? Confira os nossos artigos!<\/em><\/strong><\/p>\n\n\n\n<ul class=\"wp-block-list\">\n<li><a href=\"https:\/\/www.estrategiaconcursos.com.br\/blog\/concursos-abertos\/\" target=\"_blank\" rel=\"noreferrer noopener\">Concursos Abertos<\/a><\/li>\n\n\n\n<li><a href=\"https:\/\/www.estrategiaconcursos.com.br\/blog\/concurso-administrativos\/\" target=\"_blank\" rel=\"noreferrer noopener\">Concursos Administrativos<\/a><\/li>\n\n\n\n<li><a href=\"https:\/\/www.estrategiaconcursos.com.br\/blog\/concursos-df\/\" target=\"_blank\" rel=\"noreferrer noopener\">Concursos DF<\/a><\/li>\n\n\n\n<li><a href=\"https:\/\/www.estrategiaconcursos.com.br\/blog\/concursos-2026\/\" target=\"_blank\" rel=\"noreferrer noopener\">Concursos 2026<\/a><\/li>\n\n\n\n<li><a href=\"https:\/\/www.estrategiaconcursos.com.br\/blog\/concursos-2027\/\" target=\"_blank\" rel=\"noreferrer noopener\">Concursos 2027<\/a><\/li>\n<\/ul>\n","protected":false},"excerpt":{"rendered":"<p>Categoria suspende greve at\u00e9 16 de setembro e aguarda andamento burocr\u00e1tico para autoriza\u00e7\u00e3o do Concurso Metr\u00f4 DF Os trabalhadores da Companhia do Metropolitano do Distrito Federal (Metr\u00f4 DF) decidiram, em assembleia realizada na noite da \u00faltima segunda-feira (31), adiar a paralisa\u00e7\u00e3o geral, inicialmente prevista para hoje (1\u00ba), para o dia 16 de setembro. A pauta [&hellip;]<\/p>\n","protected":false},"author":659,"featured_media":1390603,"comment_status":"open","ping_status":"closed","sticky":false,"template":"","format":"standard","meta":{"_acf_changed":false,"post_tipo":"news","footnotes":""},"categories":[214992,220219],"tags":[],"tax_estado":[219970],"class_list":["post-1805018","post","type-post","status-publish","format-standard","has-post-thumbnail","hentry","category-concursos-administrativos","category-noticias","tax_estado-df"],"acf":[],"yoast_head":"<!-- This site is optimized with the Yoast SEO Premium plugin v28.1 (Yoast SEO v28.1) - https:\/\/yoast.com\/product\/yoast-seo-premium-wordpress\/ -->\n<title>Concurso Metr\u00f4 DF: greve em prol de novo edital \u00e9 adiada!<\/title>\n<meta name=\"description\" content=\"Greve em prol do Concurso Metr\u00f4 DF foi adiada at\u00e9 16 de setembro. Novas assembleias est\u00e3o programadas para discutir avan\u00e7os.\" \/>\n<meta name=\"robots\" content=\"index, follow, max-snippet:-1, max-image-preview:large, max-video-preview:-1\" \/>\n<link rel=\"canonical\" href=\"https:\/\/www.estrategiaconcursos.com.br\/blog\/concurso-metro-df-greve-adiada\/\" \/>\n<meta property=\"og:locale\" content=\"pt_BR\" \/>\n<meta property=\"og:type\" content=\"article\" \/>\n<meta property=\"og:title\" content=\"Concurso Metr\u00f4 DF: greve em prol de novo edital \u00e9 adiada!\" \/>\n<meta property=\"og:description\" content=\"Greve em prol do Concurso Metr\u00f4 DF foi adiada at\u00e9 16 de setembro. Novas assembleias est\u00e3o programadas para discutir avan\u00e7os.\" \/>\n<meta property=\"og:url\" content=\"https:\/\/www.estrategiaconcursos.com.br\/blog\/concurso-metro-df-greve-adiada\/\" \/>\n<meta property=\"og:site_name\" content=\"Estrat\u00e9gia Concursos\" \/>\n<meta property=\"article:published_time\" content=\"2026-09-01T17:23:25+00:00\" \/>\n<meta property=\"article:modified_time\" content=\"2026-09-01T17:24:45+00:00\" \/>\n<meta property=\"og:image\" content=\"https:\/\/dhg1h5j42swfq.cloudfront.net\/2024\/04\/26160406\/metro-df.jpg\" \/>\n\t<meta property=\"og:image:width\" content=\"768\" \/>\n\t<meta property=\"og:image:height\" content=\"432\" \/>\n\t<meta property=\"og:image:type\" content=\"image\/jpeg\" \/>\n<meta name=\"author\" content=\"Camila Leite\" \/>\n<meta name=\"twitter:card\" content=\"summary_large_image\" \/>\n<meta name=\"twitter:creator\" content=\"@EstratConcursos\" \/>\n<meta name=\"twitter:site\" content=\"@EstratConcursos\" \/>\n<meta name=\"twitter:label1\" content=\"Escrito por\" \/>\n\t<meta name=\"twitter:data1\" content=\"Camila Leite\" \/>\n\t<meta name=\"twitter:label2\" content=\"Est. tempo de leitura\" \/>\n\t<meta name=\"twitter:data2\" content=\"2 minutos\" \/>\n<script type=\"application\/ld+json\" class=\"yoast-schema-graph\">{\"@context\":\"https:\\\/\\\/schema.org\",\"@graph\":[{\"@type\":\"NewsArticle\",\"@id\":\"https:\\\/\\\/www.estrategiaconcursos.com.br\\\/blog\\\/concurso-metro-df-greve-adiada\\\/#article\",\"isPartOf\":{\"@id\":\"https:\\\/\\\/www.estrategiaconcursos.com.br\\\/blog\\\/concurso-metro-df-greve-adiada\\\/\"},\"author\":{\"name\":\"Camila Leite\",\"@id\":\"https:\\\/\\\/blog-estrategia.mystagingwebsite.com\\\/#\\\/schema\\\/person\\\/84ecdc6eb58d3cf1689bf76c5cd8fb38\"},\"headline\":\"Concurso Metr\u00f4 DF: greve em prol de novo edital \u00e9 adiada!\",\"datePublished\":\"2026-09-01T17:23:25+00:00\",\"dateModified\":\"2026-09-01T17:24:45+00:00\",\"mainEntityOfPage\":{\"@id\":\"https:\\\/\\\/www.estrategiaconcursos.com.br\\\/blog\\\/concurso-metro-df-greve-adiada\\\/\"},\"wordCount\":506,\"commentCount\":0,\"publisher\":{\"@id\":\"https:\\\/\\\/blog-estrategia.mystagingwebsite.com\\\/#organization\"},\"image\":{\"@id\":\"https:\\\/\\\/www.estrategiaconcursos.com.br\\\/blog\\\/concurso-metro-df-greve-adiada\\\/#primaryimage\"},\"thumbnailUrl\":\"https:\\\/\\\/dhg1h5j42swfq.cloudfront.net\\\/2024\\\/04\\\/26160406\\\/metro-df.jpg\",\"articleSection\":[\"Executivo (Administrativa)\",\"\u00daltimas not\u00edcias\"],\"inLanguage\":\"pt-BR\",\"potentialAction\":[{\"@type\":\"CommentAction\",\"name\":\"Comment\",\"target\":[\"https:\\\/\\\/www.estrategiaconcursos.com.br\\\/blog\\\/concurso-metro-df-greve-adiada\\\/#respond\"]}],\"copyrightYear\":\"2026\",\"copyrightHolder\":{\"@id\":\"https:\\\/\\\/www.estrategiaconcursos.com.br\\\/blog\\\/#organization\"}},{\"@type\":\"WebPage\",\"@id\":\"https:\\\/\\\/www.estrategiaconcursos.com.br\\\/blog\\\/concurso-metro-df-greve-adiada\\\/\",\"url\":\"https:\\\/\\\/www.estrategiaconcursos.com.br\\\/blog\\\/concurso-metro-df-greve-adiada\\\/\",\"name\":\"Concurso Metr\u00f4 DF: greve em prol de novo edital \u00e9 adiada!\",\"isPartOf\":{\"@id\":\"https:\\\/\\\/blog-estrategia.mystagingwebsite.com\\\/#website\"},\"primaryImageOfPage\":{\"@id\":\"https:\\\/\\\/www.estrategiaconcursos.com.br\\\/blog\\\/concurso-metro-df-greve-adiada\\\/#primaryimage\"},\"image\":{\"@id\":\"https:\\\/\\\/www.estrategiaconcursos.com.br\\\/blog\\\/concurso-metro-df-greve-adiada\\\/#primaryimage\"},\"thumbnailUrl\":\"https:\\\/\\\/dhg1h5j42swfq.cloudfront.net\\\/2024\\\/04\\\/26160406\\\/metro-df.jpg\",\"datePublished\":\"2026-09-01T17:23:25+00:00\",\"dateModified\":\"2026-09-01T17:24:45+00:00\",\"description\":\"Greve em prol do Concurso Metr\u00f4 DF foi adiada at\u00e9 16 de setembro. Novas assembleias est\u00e3o programadas para discutir avan\u00e7os.\",\"breadcrumb\":{\"@id\":\"https:\\\/\\\/www.estrategiaconcursos.com.br\\\/blog\\\/concurso-metro-df-greve-adiada\\\/#breadcrumb\"},\"inLanguage\":\"pt-BR\",\"potentialAction\":[{\"@type\":\"ReadAction\",\"target\":[\"https:\\\/\\\/www.estrategiaconcursos.com.br\\\/blog\\\/concurso-metro-df-greve-adiada\\\/\"]}]},{\"@type\":\"ImageObject\",\"inLanguage\":\"pt-BR\",\"@id\":\"https:\\\/\\\/www.estrategiaconcursos.com.br\\\/blog\\\/concurso-metro-df-greve-adiada\\\/#primaryimage\",\"url\":\"https:\\\/\\\/dhg1h5j42swfq.cloudfront.net\\\/2024\\\/04\\\/26160406\\\/metro-df.jpg\",\"contentUrl\":\"https:\\\/\\\/dhg1h5j42swfq.cloudfront.net\\\/2024\\\/04\\\/26160406\\\/metro-df.jpg\",\"width\":768,\"height\":432,\"caption\":\"Concurso Metr\u00f4 DF: greve em prol de novo edital \u00e9 adiada!\"},{\"@type\":\"BreadcrumbList\",\"@id\":\"https:\\\/\\\/www.estrategiaconcursos.com.br\\\/blog\\\/concurso-metro-df-greve-adiada\\\/#breadcrumb\",\"itemListElement\":[{\"@type\":\"ListItem\",\"position\":1,\"name\":\"In\u00edcio\",\"item\":\"https:\\\/\\\/blog-estrategia.mystagingwebsite.com\\\/\"},{\"@type\":\"ListItem\",\"position\":2,\"name\":\"Concurso Metr\u00f4 DF: greve em prol de novo edital \u00e9 adiada!\"}]},{\"@type\":\"WebSite\",\"@id\":\"https:\\\/\\\/blog-estrategia.mystagingwebsite.com\\\/#website\",\"url\":\"https:\\\/\\\/blog-estrategia.mystagingwebsite.com\\\/\",\"name\":\"Estrat\u00e9gia Concursos\",\"description\":\"O blog da Estrat\u00e9gia Concursos traz not\u00edcias sobre concursos e artigos de professores oferecendo cursos para concursos (pdf + videaulas) no site.\",\"publisher\":{\"@id\":\"https:\\\/\\\/blog-estrategia.mystagingwebsite.com\\\/#organization\"},\"potentialAction\":[{\"@type\":\"SearchAction\",\"target\":{\"@type\":\"EntryPoint\",\"urlTemplate\":\"https:\\\/\\\/blog-estrategia.mystagingwebsite.com\\\/?s={search_term_string}\"},\"query-input\":{\"@type\":\"PropertyValueSpecification\",\"valueRequired\":true,\"valueName\":\"search_term_string\"}}],\"inLanguage\":\"pt-BR\"},{\"@type\":\"Organization\",\"@id\":\"https:\\\/\\\/blog-estrategia.mystagingwebsite.com\\\/#organization\",\"name\":\"Estrat\u00e9gia Concursos\",\"url\":\"https:\\\/\\\/blog-estrategia.mystagingwebsite.com\\\/\",\"logo\":{\"@type\":\"ImageObject\",\"inLanguage\":\"pt-BR\",\"@id\":\"https:\\\/\\\/blog-estrategia.mystagingwebsite.com\\\/#\\\/schema\\\/logo\\\/image\\\/\",\"url\":\"https:\\\/\\\/dhg1h5j42swfq.cloudfront.net\\\/2025\\\/06\\\/03203428\\\/logo_concursos-1.jpg\",\"contentUrl\":\"https:\\\/\\\/dhg1h5j42swfq.cloudfront.net\\\/2025\\\/06\\\/03203428\\\/logo_concursos-1.jpg\",\"width\":230,\"height\":60,\"caption\":\"Estrat\u00e9gia Concursos\"},\"image\":{\"@id\":\"https:\\\/\\\/blog-estrategia.mystagingwebsite.com\\\/#\\\/schema\\\/logo\\\/image\\\/\"},\"sameAs\":[\"https:\\\/\\\/x.com\\\/EstratConcursos\"]},{\"@type\":\"Person\",\"@id\":\"https:\\\/\\\/blog-estrategia.mystagingwebsite.com\\\/#\\\/schema\\\/person\\\/84ecdc6eb58d3cf1689bf76c5cd8fb38\",\"name\":\"Camila Leite\",\"image\":{\"@type\":\"ImageObject\",\"inLanguage\":\"pt-BR\",\"@id\":\"https:\\\/\\\/secure.gravatar.com\\\/avatar\\\/f2f8faef639c8a2bfb7fb909912a56917f4c3a0aed064500168e2fb8ea55cf61?s=96&d=mm&r=g\",\"url\":\"https:\\\/\\\/secure.gravatar.com\\\/avatar\\\/f2f8faef639c8a2bfb7fb909912a56917f4c3a0aed064500168e2fb8ea55cf61?s=96&d=mm&r=g\",\"contentUrl\":\"https:\\\/\\\/secure.gravatar.com\\\/avatar\\\/f2f8faef639c8a2bfb7fb909912a56917f4c3a0aed064500168e2fb8ea55cf61?s=96&d=mm&r=g\",\"caption\":\"Camila Leite\"},\"description\":\"Formada em Design Gr\u00e1fico e em Propaganda e Marketing pela UNIP, integra a equipe de jornalismo do Estrat\u00e9gia Concursos desde 2018. Ao longo dos anos, construiu uma s\u00f3lida experi\u00eancia na produ\u00e7\u00e3o de conte\u00fado informativo e relevante para concurseiros. Desde 2020, atua na cobertura das \u00e1reas Fiscal \u2014 com \u00eanfase nas Secretarias de Fazenda (Sefaz) das regi\u00f5es Sul e Sudeste \u2014, al\u00e9m da cobertura de concursos federais, como CNU, Petrobras, CGU, Receita Federal, ag\u00eancias reguladoras (Anvisa, ANAC, entre outras) e INSS. Mant\u00e9m contato direto com os principais \u00f3rg\u00e3os p\u00fablicos, acompanhando editais, atualiza\u00e7\u00f5es e movimenta\u00e7\u00f5es importantes para os candidatos.\",\"sameAs\":[\"https:\\\/\\\/www.linkedin.com\\\/in\\\/camila-pinheiro-leite-9ba135b6\\\/\"],\"url\":\"https:\\\/\\\/www.estrategiaconcursos.com.br\\\/blog\\\/author\\\/camila-leiteestrategiaconcursos-com-br\\\/\"}]}<\/script>\n<!-- \/ Yoast SEO Premium plugin. -->","yoast_head_json":{"title":"Concurso Metr\u00f4 DF: greve em prol de novo edital \u00e9 adiada!","description":"Greve em prol do Concurso Metr\u00f4 DF foi adiada at\u00e9 16 de setembro. Novas assembleias est\u00e3o programadas para discutir avan\u00e7os.","robots":{"index":"index","follow":"follow","max-snippet":"max-snippet:-1","max-image-preview":"max-image-preview:large","max-video-preview":"max-video-preview:-1"},"canonical":"https:\/\/www.estrategiaconcursos.com.br\/blog\/concurso-metro-df-greve-adiada\/","og_locale":"pt_BR","og_type":"article","og_title":"Concurso Metr\u00f4 DF: greve em prol de novo edital \u00e9 adiada!","og_description":"Greve em prol do Concurso Metr\u00f4 DF foi adiada at\u00e9 16 de setembro. Novas assembleias est\u00e3o programadas para discutir avan\u00e7os.","og_url":"https:\/\/www.estrategiaconcursos.com.br\/blog\/concurso-metro-df-greve-adiada\/","og_site_name":"Estrat\u00e9gia Concursos","article_published_time":"2026-09-01T17:23:25+00:00","article_modified_time":"2026-09-01T17:24:45+00:00","og_image":[{"width":768,"height":432,"url":"https:\/\/dhg1h5j42swfq.cloudfront.net\/2024\/04\/26160406\/metro-df.jpg","type":"image\/jpeg"}],"author":"Camila Leite","twitter_card":"summary_large_image","twitter_creator":"@EstratConcursos","twitter_site":"@EstratConcursos","twitter_misc":{"Escrito por":"Camila Leite","Est. tempo de leitura":"2 minutos"},"schema":{"@context":"https:\/\/schema.org","@graph":[{"@type":"NewsArticle","@id":"https:\/\/www.estrategiaconcursos.com.br\/blog\/concurso-metro-df-greve-adiada\/#article","isPartOf":{"@id":"https:\/\/www.estrategiaconcursos.com.br\/blog\/concurso-metro-df-greve-adiada\/"},"author":{"name":"Camila Leite","@id":"https:\/\/blog-estrategia.mystagingwebsite.com\/#\/schema\/person\/84ecdc6eb58d3cf1689bf76c5cd8fb38"},"headline":"Concurso Metr\u00f4 DF: greve em prol de novo edital \u00e9 adiada!","datePublished":"2026-09-01T17:23:25+00:00","dateModified":"2026-09-01T17:24:45+00:00","mainEntityOfPage":{"@id":"https:\/\/www.estrategiaconcursos.com.br\/blog\/concurso-metro-df-greve-adiada\/"},"wordCount":506,"commentCount":0,"publisher":{"@id":"https:\/\/blog-estrategia.mystagingwebsite.com\/#organization"},"image":{"@id":"https:\/\/www.estrategiaconcursos.com.br\/blog\/concurso-metro-df-greve-adiada\/#primaryimage"},"thumbnailUrl":"https:\/\/dhg1h5j42swfq.cloudfront.net\/2024\/04\/26160406\/metro-df.jpg","articleSection":["Executivo (Administrativa)","\u00daltimas not\u00edcias"],"inLanguage":"pt-BR","potentialAction":[{"@type":"CommentAction","name":"Comment","target":["https:\/\/www.estrategiaconcursos.com.br\/blog\/concurso-metro-df-greve-adiada\/#respond"]}],"copyrightYear":"2026","copyrightHolder":{"@id":"https:\/\/www.estrategiaconcursos.com.br\/blog\/#organization"}},{"@type":"WebPage","@id":"https:\/\/www.estrategiaconcursos.com.br\/blog\/concurso-metro-df-greve-adiada\/","url":"https:\/\/www.estrategiaconcursos.com.br\/blog\/concurso-metro-df-greve-adiada\/","name":"Concurso Metr\u00f4 DF: greve em prol de novo edital \u00e9 adiada!","isPartOf":{"@id":"https:\/\/blog-estrategia.mystagingwebsite.com\/#website"},"primaryImageOfPage":{"@id":"https:\/\/www.estrategiaconcursos.com.br\/blog\/concurso-metro-df-greve-adiada\/#primaryimage"},"image":{"@id":"https:\/\/www.estrategiaconcursos.com.br\/blog\/concurso-metro-df-greve-adiada\/#primaryimage"},"thumbnailUrl":"https:\/\/dhg1h5j42swfq.cloudfront.net\/2024\/04\/26160406\/metro-df.jpg","datePublished":"2026-09-01T17:23:25+00:00","dateModified":"2026-09-01T17:24:45+00:00","description":"Greve em prol do Concurso Metr\u00f4 DF foi adiada at\u00e9 16 de setembro. Novas assembleias est\u00e3o programadas para discutir avan\u00e7os.","breadcrumb":{"@id":"https:\/\/www.estrategiaconcursos.com.br\/blog\/concurso-metro-df-greve-adiada\/#breadcrumb"},"inLanguage":"pt-BR","potentialAction":[{"@type":"ReadAction","target":["https:\/\/www.estrategiaconcursos.com.br\/blog\/concurso-metro-df-greve-adiada\/"]}]},{"@type":"ImageObject","inLanguage":"pt-BR","@id":"https:\/\/www.estrategiaconcursos.com.br\/blog\/concurso-metro-df-greve-adiada\/#primaryimage","url":"https:\/\/dhg1h5j42swfq.cloudfront.net\/2024\/04\/26160406\/metro-df.jpg","contentUrl":"https:\/\/dhg1h5j42swfq.cloudfront.net\/2024\/04\/26160406\/metro-df.jpg","width":768,"height":432,"caption":"Concurso Metr\u00f4 DF: greve em prol de novo edital \u00e9 adiada!"},{"@type":"BreadcrumbList","@id":"https:\/\/www.estrategiaconcursos.com.br\/blog\/concurso-metro-df-greve-adiada\/#breadcrumb","itemListElement":[{"@type":"ListItem","position":1,"name":"In\u00edcio","item":"https:\/\/blog-estrategia.mystagingwebsite.com\/"},{"@type":"ListItem","position":2,"name":"Concurso Metr\u00f4 DF: greve em prol de novo edital \u00e9 adiada!"}]},{"@type":"WebSite","@id":"https:\/\/blog-estrategia.mystagingwebsite.com\/#website","url":"https:\/\/blog-estrategia.mystagingwebsite.com\/","name":"Estrat\u00e9gia Concursos","description":"O blog da Estrat\u00e9gia Concursos traz not\u00edcias sobre concursos e artigos de professores oferecendo cursos para concursos (pdf + videaulas) no site.","publisher":{"@id":"https:\/\/blog-estrategia.mystagingwebsite.com\/#organization"},"potentialAction":[{"@type":"SearchAction","target":{"@type":"EntryPoint","urlTemplate":"https:\/\/blog-estrategia.mystagingwebsite.com\/?s={search_term_string}"},"query-input":{"@type":"PropertyValueSpecification","valueRequired":true,"valueName":"search_term_string"}}],"inLanguage":"pt-BR"},{"@type":"Organization","@id":"https:\/\/blog-estrategia.mystagingwebsite.com\/#organization","name":"Estrat\u00e9gia Concursos","url":"https:\/\/blog-estrategia.mystagingwebsite.com\/","logo":{"@type":"ImageObject","inLanguage":"pt-BR","@id":"https:\/\/blog-estrategia.mystagingwebsite.com\/#\/schema\/logo\/image\/","url":"https:\/\/dhg1h5j42swfq.cloudfront.net\/2025\/06\/03203428\/logo_concursos-1.jpg","contentUrl":"https:\/\/dhg1h5j42swfq.cloudfront.net\/2025\/06\/03203428\/logo_concursos-1.jpg","width":230,"height":60,"caption":"Estrat\u00e9gia Concursos"},"image":{"@id":"https:\/\/blog-estrategia.mystagingwebsite.com\/#\/schema\/logo\/image\/"},"sameAs":["https:\/\/x.com\/EstratConcursos"]},{"@type":"Person","@id":"https:\/\/blog-estrategia.mystagingwebsite.com\/#\/schema\/person\/84ecdc6eb58d3cf1689bf76c5cd8fb38","name":"Camila Leite","image":{"@type":"ImageObject","inLanguage":"pt-BR","@id":"https:\/\/secure.gravatar.com\/avatar\/f2f8faef639c8a2bfb7fb909912a56917f4c3a0aed064500168e2fb8ea55cf61?s=96&d=mm&r=g","url":"https:\/\/secure.gravatar.com\/avatar\/f2f8faef639c8a2bfb7fb909912a56917f4c3a0aed064500168e2fb8ea55cf61?s=96&d=mm&r=g","contentUrl":"https:\/\/secure.gravatar.com\/avatar\/f2f8faef639c8a2bfb7fb909912a56917f4c3a0aed064500168e2fb8ea55cf61?s=96&d=mm&r=g","caption":"Camila Leite"},"description":"Formada em Design Gr\u00e1fico e em Propaganda e Marketing pela UNIP, integra a equipe de jornalismo do Estrat\u00e9gia Concursos desde 2018. Ao longo dos anos, construiu uma s\u00f3lida experi\u00eancia na produ\u00e7\u00e3o de conte\u00fado informativo e relevante para concurseiros. Desde 2020, atua na cobertura das \u00e1reas Fiscal \u2014 com \u00eanfase nas Secretarias de Fazenda (Sefaz) das regi\u00f5es Sul e Sudeste \u2014, al\u00e9m da cobertura de concursos federais, como CNU, Petrobras, CGU, Receita Federal, ag\u00eancias reguladoras (Anvisa, ANAC, entre outras) e INSS. Mant\u00e9m contato direto com os principais \u00f3rg\u00e3os p\u00fablicos, acompanhando editais, atualiza\u00e7\u00f5es e movimenta\u00e7\u00f5es importantes para os candidatos.","sameAs":["https:\/\/www.linkedin.com\/in\/camila-pinheiro-leite-9ba135b6\/"],"url":"https:\/\/www.estrategiaconcursos.com.br\/blog\/author\/camila-leiteestrategiaconcursos-com-br\/"}]}},"_links":{"self":[{"href":"https:\/\/www.estrategiaconcursos.com.br\/blog\/wp-json\/wp\/v2\/posts\/1805018","targetHints":{"allow":["GET"]}}],"collection":[{"href":"https:\/\/www.estrategiaconcursos.com.br\/blog\/wp-json\/wp\/v2\/posts"}],"about":[{"href":"https:\/\/www.estrategiaconcursos.com.br\/blog\/wp-json\/wp\/v2\/types\/post"}],"author":[{"embeddable":true,"href":"https:\/\/www.estrategiaconcursos.com.br\/blog\/wp-json\/wp\/v2\/users\/659"}],"replies":[{"embeddable":true,"href":"https:\/\/www.estrategiaconcursos.com.br\/blog\/wp-json\/wp\/v2\/comments?post=1805018"}],"version-history":[{"count":4,"href":"https:\/\/www.estrategiaconcursos.com.br\/blog\/wp-json\/wp\/v2\/posts\/1805018\/revisions"}],"predecessor-version":[{"id":1805025,"href":"https:\/\/www.estrategiaconcursos.com.br\/blog\/wp-json\/wp\/v2\/posts\/1805018\/revisions\/1805025"}],"wp:featuredmedia":[{"embeddable":true,"href":"https:\/\/www.estrategiaconcursos.com.br\/blog\/wp-json\/wp\/v2\/media\/1390603"}],"wp:attachment":[{"href":"https:\/\/www.estrategiaconcursos.com.br\/blog\/wp-json\/wp\/v2\/media?parent=1805018"}],"wp:term":[{"taxonomy":"category","embeddable":true,"href":"https:\/\/www.estrategiaconcursos.com.br\/blog\/wp-json\/wp\/v2\/categories?post=1805018"},{"taxonomy":"post_tag","embeddable":true,"href":"https:\/\/www.estrategiaconcursos.com.br\/blog\/wp-json\/wp\/v2\/tags?post=1805018"},{"taxonomy":"tax_estado","embeddable":true,"href":"https:\/\/www.estrategiaconcursos.com.br\/blog\/wp-json\/wp\/v2\/tax_estado?post=1805018"}],"curies":[{"name":"wp","href":"https:\/\/api.w.org\/{rel}","templated":true}]}}