{"id":1804815,"date":"2026-08-31T17:38:51","date_gmt":"2026-08-31T20:38:51","guid":{"rendered":"https:\/\/www.estrategiaconcursos.com.br\/blog\/?p=1804815"},"modified":"2026-08-31T17:38:53","modified_gmt":"2026-08-31T20:38:53","slug":"principais-editais-concursos-agosto-2026","status":"publish","type":"post","link":"https:\/\/www.estrategiaconcursos.com.br\/blog\/principais-editais-concursos-agosto-2026\/","title":{"rendered":"Concursos abertos: os principais editais publicados em agosto"},"content":{"rendered":"\n<p class=\"wp-block-paragraph\" style=\"font-size:clamp(16.293px, 1.018rem + ((1vw - 3.2px) * 0.854), 25px);\"><strong><em>Confira todos os principais editais de concursos publicados em agosto de 2026!<\/em><\/strong><\/p>\n\n\n\n<p class=\"wp-block-paragraph\">O <strong>m\u00eas de agosto<\/strong> foi marcado por um expressivo volume de editais, abrindo <strong>excelentes oportunidades <\/strong>no servi\u00e7o p\u00fablico em v\u00e1rias regi\u00f5es do pa\u00eds. Essa enxurrada de certames contempla<strong> diferentes n\u00edveis de escolaridade e \u00e1reas de atua\u00e7\u00e3o<\/strong>, aquecendo a prepara\u00e7\u00e3o dos candidatos que aguardavam sele\u00e7\u00f5es de peso.<\/p>\n\n\n\n<p class=\"wp-block-paragraph\">Um grande destaque foi a <strong>\u00e1rea fiscal<\/strong>, para quem busca altos sal\u00e1rios e estabilidade. Dentre eles, o concurso da <strong>Sefaz AL<\/strong>, com remunera\u00e7\u00e3o inicial de <strong>R$ 25 mil<\/strong>, seguido de perto pelas sele\u00e7\u00f5es municipais do <strong>ISS Rio Verde<\/strong> (GO), <strong>ISS Caruaru<\/strong> (PE) e<strong> ISS Aracati <\/strong>(CE).<\/p>\n\n\n\n<p class=\"wp-block-paragraph\">Outro grande marco do m\u00eas foi o edital da <strong>Transpetro<\/strong>, uma chance imperd\u00edvel devido ao seu impressionante volume de vagas. O certame oferece 281 oportunidades imediatas e 3.890 em cadastro de reserva, com excelentes sal\u00e1rios que variam de <strong>R$ 5,4 mil a R$ 15 mil<\/strong>!<\/p>\n\n\n\n<p class=\"wp-block-paragraph\">Quer ficar informado sobre os principais editais de concursos publicados em agosto? <em><strong>Confira mais informa\u00e7\u00f5es ao longo deste artigo!<\/strong><\/em><\/p>\n\n\n\n<ul id=\"indice\" class=\"wp-block-list\">\n<li><a href=\"#Controle\">Controle<\/a><\/li>\n\n\n\n<li><a href=\"#edu\">Educa\u00e7\u00e3o<\/a><\/li>\n\n\n\n<li><a href=\"#saude\">Sa\u00fade<\/a><\/li>\n\n\n\n<li><a href=\"#fiscais\">Fiscais<\/a><\/li>\n\n\n\n<li><a href=\"#outras\">Oportunidades em outras \u00e1reas<\/a><\/li>\n<\/ul>\n\n\n\n<div class=\"container\" id=\"boxes\">\n  <div class=\"row\">\n\n    <div class=\"col-sm\">\n      <div class=\"banner-estrat-corj\" id=\"box-assinatura\">\n        <h3 class=\"titulo-assinatura\" style=\"text-align: left;\">Cursos para Concursos<\/h3>\n        <p class=\"subtitulo-assinatura\" style=\"text-align: left;\">Conhe\u00e7a os cursos<\/p>\n        <div class=\"box-botao\" style=\"text-align: left;\">\n          <a class=\"btn-assinatura\" target=\"_blank\" href=\"https:\/\/www.estrategiaconcursos.com.br\/blog\/cursos\/concurso\/\" role=\"button\" rel=\"noopener noreferrer\">CLIQUE AQUI<\/a>\n        <\/div>\n      <\/div><\/div><\/div><\/div>\n\n\n\n<h2 class=\"wp-block-heading has-text-align-center has-background\" id=\"Controle-\" style=\"background-color:#e1eaf2\">Controle e Gest\u00e3o<\/h2>\n\n\n\n<h3 id=\"h-concurso-tce-go\" class=\"wp-block-heading\"><a href=\"https:\/\/www.estrategiaconcursos.com.br\/blog\/concurso-tce-go\/\" target=\"_blank\" rel=\"noopener\">Concurso TCE GO<\/a><\/h3>\n\n\n\n<ul class=\"wp-block-list\">\n<li><strong>Banca:&nbsp;<\/strong>FCC<\/li>\n\n\n\n<li><strong>Per\u00edodo de inscri\u00e7\u00f5es:<\/strong>&nbsp;05\/10 a 06\/11<\/li>\n\n\n\n<li><strong>Data da prova:<\/strong>&nbsp;17\/01\/27<\/li>\n\n\n\n<li><strong>Vagas:<\/strong>&nbsp;16<\/li>\n\n\n\n<li><strong>Sal\u00e1rio:<\/strong>&nbsp;R$ 11.862,19<\/li>\n<\/ul>\n\n\n\n<h2 class=\"wp-block-heading has-text-align-center has-background\" id=\"edu\" style=\"background-color:#e1eaf2\">Educa\u00e7\u00e3o<\/h2>\n\n\n\n<h3 id=\"h-concurso-seduc-pa\" class=\"wp-block-heading\"><a href=\"https:\/\/www.estrategiaconcursos.com.br\/blog\/concurso-seduc-pa\/\" target=\"_blank\" rel=\"noopener\">Concurso SEDUC PA<\/a><\/h3>\n\n\n\n<ul class=\"wp-block-list\">\n<li><strong>Banca:&nbsp;<\/strong>FGV<\/li>\n\n\n\n<li><strong>Per\u00edodo de inscri\u00e7\u00f5es:<\/strong>&nbsp;at\u00e9 01\/10<\/li>\n\n\n\n<li><strong>Data da prova:<\/strong>&nbsp;29\/11<\/li>\n\n\n\n<li><strong>Vagas:<\/strong>&nbsp;2.000 + CR<\/li>\n\n\n\n<li><strong>Sal\u00e1rio:<\/strong>&nbsp;R$ 1.864,29 a R$ 6.590,47<\/li>\n<\/ul>\n\n\n\n<h3 id=\"h-concurso-seduc-ce\" class=\"wp-block-heading\"><a href=\"https:\/\/www.estrategiaconcursos.com.br\/blog\/concurso-seduc-ce\/\" target=\"_blank\" rel=\"noopener\">Concurso Seduc CE<\/a><\/h3>\n\n\n\n<ul class=\"wp-block-list\">\n<li><strong>Banca:&nbsp;<\/strong>Funece<\/li>\n\n\n\n<li><strong>Per\u00edodo de inscri\u00e7\u00f5es:<\/strong>&nbsp;16\/09 a 15\/10<\/li>\n\n\n\n<li><strong>Data da prova:<\/strong>&nbsp;22\/11<\/li>\n\n\n\n<li><strong>Vagas:<\/strong>&nbsp;2.000 + 1.000 CR<\/li>\n\n\n\n<li><strong>Sal\u00e1rio:<\/strong>&nbsp;R$ 7.181,41<\/li>\n<\/ul>\n\n\n\n<h3 id=\"h-edital-profmat-2027\" class=\"wp-block-heading\"><a href=\"https:\/\/www.estrategiaconcursos.com.br\/blog\/edital-profmat-2027\/\" target=\"_blank\" rel=\"noopener\">Edital PROFMAT 2027<\/a><\/h3>\n\n\n\n<ul class=\"wp-block-list\">\n<li><strong>Banca:&nbsp;<\/strong>SBM<\/li>\n\n\n\n<li><strong>Per\u00edodo de inscri\u00e7\u00f5es:<\/strong>&nbsp;at\u00e9 21\/9<\/li>\n\n\n\n<li><strong>Data da prova:<\/strong>&nbsp;10\/10<\/li>\n\n\n\n<li><strong>Vagas:<\/strong>&nbsp;1.848<\/li>\n\n\n\n<li><strong>Sal\u00e1rio:<\/strong>&nbsp;R$ 2.100,00<\/li>\n<\/ul>\n\n\n\n<h2 class=\"wp-block-heading has-text-align-center has-background\" id=\"fiscais\" style=\"background-color:#e1eaf2\">Fiscais<\/h2>\n\n\n\n<h3 id=\"h-concurso-sefaz-al\" class=\"wp-block-heading\"><a href=\"https:\/\/www.estrategiaconcursos.com.br\/blog\/concurso-sefaz-al\/\" target=\"_blank\" rel=\"noopener\">Concurso Sefaz AL<\/a><\/h3>\n\n\n\n<ul class=\"wp-block-list\">\n<li><strong>Banca:&nbsp;<\/strong>Cebraspe<\/li>\n\n\n\n<li><strong>Per\u00edodo de inscri\u00e7\u00f5es:<\/strong>&nbsp;17\/09 a 21\/10<\/li>\n\n\n\n<li><strong>Data da prova objetiva:<\/strong>&nbsp;20\/12<\/li>\n\n\n\n<li><strong>Data da prova discursiva:<\/strong>&nbsp;10\/01\/2027<\/li>\n\n\n\n<li><strong>Vagas:<\/strong>&nbsp;40 + 60 CR<\/li>\n\n\n\n<li><strong>Sal\u00e1rio:<\/strong>&nbsp;R$ 25.270,68<\/li>\n<\/ul>\n\n\n\n<h3 id=\"h-concurso-iss-aracati-nbsp-ce\" class=\"wp-block-heading\"><a href=\"https:\/\/www.estrategiaconcursos.com.br\/blog\/concurso-iss-aracati-ce\/\" target=\"_blank\" rel=\"noopener\">Concurso ISS Aracati<\/a>&nbsp;(CE)<\/h3>\n\n\n\n<ul class=\"wp-block-list\">\n<li><strong>Banca:&nbsp;<\/strong>FCPC<\/li>\n\n\n\n<li><strong>Per\u00edodo de inscri\u00e7\u00f5es:<\/strong>&nbsp;24\/09 a 06\/11<\/li>\n\n\n\n<li><strong>Data da prova:<\/strong>&nbsp;24\/01<\/li>\n\n\n\n<li><strong>Vagas:<\/strong>&nbsp;07<\/li>\n\n\n\n<li><strong>Sal\u00e1rio:<\/strong>&nbsp;R$ 3.347,94<\/li>\n<\/ul>\n\n\n\n<h3 id=\"h-concurso-iss-caruaru-nbsp-pe\" class=\"wp-block-heading\"><a href=\"https:\/\/www.estrategiaconcursos.com.br\/blog\/concurso-iss-caruaru\/\" target=\"_blank\" rel=\"noopener\">Concurso ISS Caruaru<\/a>&nbsp;(PE)<\/h3>\n\n\n\n<ul class=\"wp-block-list\">\n<li><strong>Banca:&nbsp;<\/strong>IBAM<\/li>\n\n\n\n<li><strong>Per\u00edodo de inscri\u00e7\u00f5es:<\/strong>&nbsp;at\u00e9 08\/10<\/li>\n\n\n\n<li><strong>Data da prova:<\/strong>&nbsp;29\/11<\/li>\n\n\n\n<li><strong>Vagas:<\/strong>&nbsp;20<\/li>\n\n\n\n<li><strong>Sal\u00e1rio:<\/strong>&nbsp;R$ 2.500,00 a R$ 6.000,00<\/li>\n<\/ul>\n\n\n\n<h3 id=\"h-concurso-iss-rio-verde-nbsp-go\" class=\"wp-block-heading\"><a href=\"https:\/\/www.estrategiaconcursos.com.br\/blog\/concurso-iss-rio-verde-go\/\" target=\"_blank\" rel=\"noopener\">Concurso ISS Rio Verde<\/a>&nbsp;(GO)<\/h3>\n\n\n\n<ul class=\"wp-block-list\">\n<li><strong>Banca:&nbsp;<\/strong>Unirv<\/li>\n\n\n\n<li><strong>Per\u00edodo de inscri\u00e7\u00f5es:<\/strong>&nbsp;25\/09 a 22\/10<\/li>\n\n\n\n<li><strong>Data da prova:<\/strong>&nbsp;17\/01\/27<\/li>\n\n\n\n<li><strong>Vagas:<\/strong>&nbsp;5 + 25 CR<\/li>\n\n\n\n<li><strong>Sal\u00e1rio:<\/strong>&nbsp;at\u00e9 R$ 16.831,5<\/li>\n<\/ul>\n\n\n\n<h2 class=\"wp-block-heading has-text-align-center has-background\" id=\"saude\" style=\"background-color:#e1eaf2\">Sa\u00fade<\/h2>\n\n\n\n<h3 id=\"h-concurso-ses-rj\" class=\"wp-block-heading\"><a href=\"https:\/\/www.estrategiaconcursos.com.br\/blog\/concurso-ses-rj\/\" target=\"_blank\" rel=\"noopener\">Concurso SES RJ<\/a><\/h3>\n\n\n\n<ul class=\"wp-block-list\">\n<li><strong>Banca:&nbsp;<\/strong>IBDO<\/li>\n\n\n\n<li><strong>Per\u00edodo de inscri\u00e7\u00f5es:<\/strong>&nbsp;at\u00e9 15\/09<\/li>\n\n\n\n<li><strong>Data da prova:<\/strong>&nbsp;01\/11<\/li>\n\n\n\n<li><strong>Vagas:<\/strong>&nbsp;287<\/li>\n\n\n\n<li><strong>Sal\u00e1rio:<\/strong>&nbsp;R$ 1.982,92 e R$ 7.169,61<\/li>\n<\/ul>\n\n\n\n<h2 class=\"wp-block-heading has-text-align-center has-background\" id=\"outras\" style=\"background-color:#e1eaf2\">Outras oportunidades<\/h2>\n\n\n\n<h3 id=\"h-concurso-seplag-rj\" class=\"wp-block-heading\"><a href=\"https:\/\/www.estrategiaconcursos.com.br\/blog\/concurso-seplag-rj\/\" target=\"_blank\" rel=\"noopener\">Concurso Seplag RJ<\/a><\/h3>\n\n\n\n<ul class=\"wp-block-list\">\n<li><strong>Banca:<\/strong>&nbsp;FGV<\/li>\n\n\n\n<li><strong>Per\u00edodo de inscri\u00e7\u00f5es:<\/strong>&nbsp;10\/09 a 08\/10<\/li>\n\n\n\n<li><strong>Data da prova:<\/strong>&nbsp;29\/11<\/li>\n\n\n\n<li><strong>Vagas:<\/strong>&nbsp;60<\/li>\n\n\n\n<li><strong>Sal\u00e1rio:<\/strong>&nbsp;at\u00e9 R$ 14.387,75<\/li>\n<\/ul>\n\n\n\n<h3 id=\"h-concurso-adeal\" class=\"wp-block-heading\"><a href=\"https:\/\/www.estrategiaconcursos.com.br\/blog\/concurso-adeal-al\/\" target=\"_blank\" rel=\"noopener\">Concurso ADEAL<\/a><\/h3>\n\n\n\n<ul class=\"wp-block-list\">\n<li><strong>Banca:<\/strong>&nbsp;Cebraspe<\/li>\n\n\n\n<li><strong>Per\u00edodo de inscri\u00e7\u00f5es:<\/strong>&nbsp;15\/09 a 20\/10<\/li>\n\n\n\n<li><strong>Data da prova:<\/strong>&nbsp;13\/12<\/li>\n\n\n\n<li><strong>Vagas:<\/strong>&nbsp;20 + 24 CR<\/li>\n\n\n\n<li><strong>Sal\u00e1rio:<\/strong>&nbsp;R$ 7.320,42<\/li>\n<\/ul>\n\n\n\n<h3 id=\"h-concurso-manausprev\" class=\"wp-block-heading\"><a href=\"https:\/\/www.estrategiaconcursos.com.br\/blog\/concurso-manausprev\/\" target=\"_blank\" rel=\"noopener\">Concurso Manausprev<\/a><\/h3>\n\n\n\n<ul class=\"wp-block-list\">\n<li><strong>Banca:<\/strong>&nbsp;FCC<\/li>\n\n\n\n<li><strong>Per\u00edodo de inscri\u00e7\u00f5es:<\/strong>&nbsp;at\u00e9 29\/09<\/li>\n\n\n\n<li><strong>Data da prova:<\/strong>&nbsp;06\/12<\/li>\n\n\n\n<li><strong>Vagas:<\/strong>&nbsp;17 + CR<\/li>\n\n\n\n<li><strong>Sal\u00e1rio:<\/strong>&nbsp;R$ 6.116,82 a R$ 9.175,25<\/li>\n<\/ul>\n\n\n\n<h3 id=\"h-concurso-tj-pr-contador\" class=\"wp-block-heading\"><strong><a href=\"https:\/\/www.estrategiaconcursos.com.br\/blog\/concurso-tj-pr\" target=\"_blank\" rel=\"noopener\">Concurso TJ PR \u2013 Contador<\/a><\/strong><\/h3>\n\n\n\n<ul class=\"wp-block-list\">\n<li><strong>Banca:<\/strong>&nbsp;Fundatec<\/li>\n\n\n\n<li><strong>Per\u00edodo de inscri\u00e7\u00f5es:<\/strong>&nbsp;at\u00e9 14\/09<\/li>\n\n\n\n<li><strong>Data da prova<\/strong>: 18\/10<\/li>\n\n\n\n<li><strong>Vagas:<\/strong>&nbsp;2 + CR<\/li>\n\n\n\n<li><strong>Sal\u00e1rio inicial:<\/strong>&nbsp;R$&nbsp;23.264,47<\/li>\n<\/ul>\n\n\n\n<h3 id=\"h-concurso-transpetro\" class=\"wp-block-heading\"><a href=\"https:\/\/www.estrategiaconcursos.com.br\/blog\/concurso-transpetro\/\" target=\"_blank\" rel=\"noopener\">Concurso Transpetro<\/a><\/h3>\n\n\n\n<ul class=\"wp-block-list\">\n<li><strong>Banca:<\/strong>&nbsp;Cesgranrio<\/li>\n\n\n\n<li><strong>Per\u00edodo de inscri\u00e7\u00f5es:<\/strong>&nbsp;at\u00e9 14\/09<\/li>\n\n\n\n<li><strong>Data da prova:<\/strong>&nbsp;29\/11<\/li>\n\n\n\n<li><strong>Vagas:<\/strong>&nbsp;281 + 3.890 CR<\/li>\n\n\n\n<li><strong>Sal\u00e1rio:<\/strong>&nbsp;R$ 5.464,00 a R$ 15.034,81<\/li>\n<\/ul>\n\n\n\n<hr class=\"wp-block-separator has-alpha-channel-opacity is-style-dots\"\/>\n\n\n\n<h3 class=\"wp-block-heading has-text-align-center\" id=\"h-quer-ficar-por-dentro-de-mais-informacoes-alem-dos-principais-editais-de-concursos-publicados-em-agosto-entao-confira-as-principais-noticias-do-dia\"><em>Quer ficar por dentro de mais informa\u00e7\u00f5es, al\u00e9m dos principais editais de concursos publicados em agosto? Ent\u00e3o confira as principais not\u00edcias do dia!<\/em><\/h3>\n\n\n\n<p class=\"has-text-align-center has-background wp-block-paragraph\" style=\"background-color:#ededed;font-size:clamp(14.642px, 0.915rem + ((1vw - 3.2px) * 0.721), 22px);px\"><strong><a href=\"https:\/\/www.estrategiaconcursos.com.br\/blog\/principais-noticias-do-dia\/\" target=\"_blank\" rel=\"noreferrer noopener\">Principais not\u00edcias do dia<\/a><\/strong><\/p>\n\n\n\n<div class=\"container\" id=\"boxes\">\r\n  <div class=\"row\">\r\n\r\n    <div class=\"col-sm\">\r\n      <div class=\"estrategia\" id=\"box-assinatura\">\r\n        <h3 class=\"titulo-assinatura\">Assinatura Concursos<\/h3>\r\n        <p class=\"subtitulo-assinatura\">Assinatura de 1 ano ou 2 anos<\/p>\r\n        <div class=\"box-botao\">\r\n          <a class=\"btn-assinatura\" target=\"_blank\" href=\"https:\/\/www.estrategiaconcursos.com.br\/blog\/assinaturas\/\" role=\"button\" rel=\"noopener noreferrer\">ASSINE AGORA<\/a>\r\n        <\/div>\r\n      <\/div><\/div><\/div><\/div>\n\n\n\n<p class=\"has-text-align-center has-x-large-font-size wp-block-paragraph\" id=\"h-quer-saber-tudo-sobre-concursos-previstos-e-editais-da-semana-confira-os-nossos-artigos\">Quer saber tudo sobre concursos previstos e editais da semana? Confira os nossos artigos!<\/p>\n\n\n\n<ul class=\"wp-block-list\">\n<li><a href=\"https:\/\/www.estrategiaconcursos.com.br\/blog\/concursos-abertos\/\" target=\"_blank\" rel=\"noreferrer noopener\">Concursos Abertos<\/a><\/li>\n\n\n\n<li><a href=\"https:\/\/www.estrategiaconcursos.com.br\/blog\/concursos-prefeitura\/\" target=\"_blank\" rel=\"noreferrer noopener\">Concursos Abertos Prefeitura<\/a><\/li>\n\n\n\n<li><a href=\"https:\/\/www.estrategiaconcursos.com.br\/blog\/concursos-2026\/\" target=\"_blank\" rel=\"noreferrer noopener\">Concursos 2026<\/a><\/li>\n\n\n\n<li><a href=\"https:\/\/www.estrategiaconcursos.com.br\/blog\/concursos-2027\/\" target=\"_blank\" rel=\"noreferrer noopener\">Concursos 2027<\/a><\/li>\n<\/ul>\n","protected":false},"excerpt":{"rendered":"<p>Confira todos os principais editais de concursos publicados em agosto de 2026! O m\u00eas de agosto foi marcado por um expressivo volume de editais, abrindo excelentes oportunidades no servi\u00e7o p\u00fablico em v\u00e1rias regi\u00f5es do pa\u00eds. Essa enxurrada de certames contempla diferentes n\u00edveis de escolaridade e \u00e1reas de atua\u00e7\u00e3o, aquecendo a prepara\u00e7\u00e3o dos candidatos que aguardavam [&hellip;]<\/p>\n","protected":false},"author":659,"featured_media":1571644,"comment_status":"open","ping_status":"closed","sticky":false,"template":"","format":"standard","meta":{"_acf_changed":false,"post_tipo":"news","footnotes":""},"categories":[1,220219],"tags":[],"tax_estado":[219963],"class_list":["post-1804815","post","type-post","status-publish","format-standard","has-post-thumbnail","hentry","category-cursos-e-concursos","category-noticias","tax_estado-concursos-federais"],"acf":[],"yoast_head":"<!-- This site is optimized with the Yoast SEO Premium plugin v28.1 (Yoast SEO v28.1) - https:\/\/yoast.com\/product\/yoast-seo-premium-wordpress\/ -->\n<title>Concursos abertos: os principais editais publicados em agosto<\/title>\n<meta name=\"description\" content=\"Confira aqui quais foram os principais editais de concurso p\u00fablico divulgados ao longo do m\u00eas de agosto de 2026!\" \/>\n<meta name=\"robots\" content=\"index, follow, max-snippet:-1, max-image-preview:large, max-video-preview:-1\" \/>\n<link rel=\"canonical\" href=\"https:\/\/www.estrategiaconcursos.com.br\/blog\/principais-editais-concursos-agosto-2026\/\" \/>\n<meta property=\"og:locale\" content=\"pt_BR\" \/>\n<meta property=\"og:type\" content=\"article\" \/>\n<meta property=\"og:title\" content=\"Concursos abertos: os principais editais publicados em agosto\" \/>\n<meta property=\"og:description\" content=\"Confira aqui quais foram os principais editais de concurso p\u00fablico divulgados ao longo do m\u00eas de agosto de 2026!\" \/>\n<meta property=\"og:url\" content=\"https:\/\/www.estrategiaconcursos.com.br\/blog\/principais-editais-concursos-agosto-2026\/\" \/>\n<meta property=\"og:site_name\" content=\"Estrat\u00e9gia Concursos\" \/>\n<meta property=\"article:published_time\" content=\"2026-08-31T20:38:51+00:00\" \/>\n<meta property=\"article:modified_time\" content=\"2026-08-31T20:38:53+00:00\" \/>\n<meta property=\"og:image\" content=\"https:\/\/dhg1h5j42swfq.cloudfront.net\/2025\/05\/05161312\/concursos-2026.jpg\" \/>\n\t<meta property=\"og:image:width\" content=\"768\" \/>\n\t<meta property=\"og:image:height\" content=\"432\" \/>\n\t<meta property=\"og:image:type\" content=\"image\/jpeg\" \/>\n<meta name=\"author\" content=\"Camila Leite\" \/>\n<meta name=\"twitter:card\" content=\"summary_large_image\" \/>\n<meta name=\"twitter:creator\" content=\"@EstratConcursos\" \/>\n<meta name=\"twitter:site\" content=\"@EstratConcursos\" \/>\n<meta name=\"twitter:label1\" content=\"Escrito por\" \/>\n\t<meta name=\"twitter:data1\" content=\"Camila Leite\" \/>\n\t<meta name=\"twitter:label2\" content=\"Est. tempo de leitura\" \/>\n\t<meta name=\"twitter:data2\" content=\"3 minutos\" \/>\n<script type=\"application\/ld+json\" class=\"yoast-schema-graph\">{\"@context\":\"https:\\\/\\\/schema.org\",\"@graph\":[{\"@type\":\"NewsArticle\",\"@id\":\"https:\\\/\\\/www.estrategiaconcursos.com.br\\\/blog\\\/principais-editais-concursos-agosto-2026\\\/#article\",\"isPartOf\":{\"@id\":\"https:\\\/\\\/www.estrategiaconcursos.com.br\\\/blog\\\/principais-editais-concursos-agosto-2026\\\/\"},\"author\":{\"name\":\"Camila Leite\",\"@id\":\"https:\\\/\\\/blog-estrategia.mystagingwebsite.com\\\/#\\\/schema\\\/person\\\/84ecdc6eb58d3cf1689bf76c5cd8fb38\"},\"headline\":\"Concursos abertos: os principais editais publicados em agosto\",\"datePublished\":\"2026-08-31T20:38:51+00:00\",\"dateModified\":\"2026-08-31T20:38:53+00:00\",\"mainEntityOfPage\":{\"@id\":\"https:\\\/\\\/www.estrategiaconcursos.com.br\\\/blog\\\/principais-editais-concursos-agosto-2026\\\/\"},\"wordCount\":632,\"commentCount\":0,\"publisher\":{\"@id\":\"https:\\\/\\\/blog-estrategia.mystagingwebsite.com\\\/#organization\"},\"image\":{\"@id\":\"https:\\\/\\\/www.estrategiaconcursos.com.br\\\/blog\\\/principais-editais-concursos-agosto-2026\\\/#primaryimage\"},\"thumbnailUrl\":\"https:\\\/\\\/dhg1h5j42swfq.cloudfront.net\\\/2025\\\/05\\\/05161312\\\/concursos-2026.jpg\",\"articleSection\":[\"Concursos P\u00fablicos\",\"\u00daltimas not\u00edcias\"],\"inLanguage\":\"pt-BR\",\"potentialAction\":[{\"@type\":\"CommentAction\",\"name\":\"Comment\",\"target\":[\"https:\\\/\\\/www.estrategiaconcursos.com.br\\\/blog\\\/principais-editais-concursos-agosto-2026\\\/#respond\"]}],\"copyrightYear\":\"2026\",\"copyrightHolder\":{\"@id\":\"https:\\\/\\\/www.estrategiaconcursos.com.br\\\/blog\\\/#organization\"}},{\"@type\":\"WebPage\",\"@id\":\"https:\\\/\\\/www.estrategiaconcursos.com.br\\\/blog\\\/principais-editais-concursos-agosto-2026\\\/\",\"url\":\"https:\\\/\\\/www.estrategiaconcursos.com.br\\\/blog\\\/principais-editais-concursos-agosto-2026\\\/\",\"name\":\"Concursos abertos: os principais editais publicados em agosto\",\"isPartOf\":{\"@id\":\"https:\\\/\\\/blog-estrategia.mystagingwebsite.com\\\/#website\"},\"primaryImageOfPage\":{\"@id\":\"https:\\\/\\\/www.estrategiaconcursos.com.br\\\/blog\\\/principais-editais-concursos-agosto-2026\\\/#primaryimage\"},\"image\":{\"@id\":\"https:\\\/\\\/www.estrategiaconcursos.com.br\\\/blog\\\/principais-editais-concursos-agosto-2026\\\/#primaryimage\"},\"thumbnailUrl\":\"https:\\\/\\\/dhg1h5j42swfq.cloudfront.net\\\/2025\\\/05\\\/05161312\\\/concursos-2026.jpg\",\"datePublished\":\"2026-08-31T20:38:51+00:00\",\"dateModified\":\"2026-08-31T20:38:53+00:00\",\"description\":\"Confira aqui quais foram os principais editais de concurso p\u00fablico divulgados ao longo do m\u00eas de agosto de 2026!\",\"breadcrumb\":{\"@id\":\"https:\\\/\\\/www.estrategiaconcursos.com.br\\\/blog\\\/principais-editais-concursos-agosto-2026\\\/#breadcrumb\"},\"inLanguage\":\"pt-BR\",\"potentialAction\":[{\"@type\":\"ReadAction\",\"target\":[\"https:\\\/\\\/www.estrategiaconcursos.com.br\\\/blog\\\/principais-editais-concursos-agosto-2026\\\/\"]}]},{\"@type\":\"ImageObject\",\"inLanguage\":\"pt-BR\",\"@id\":\"https:\\\/\\\/www.estrategiaconcursos.com.br\\\/blog\\\/principais-editais-concursos-agosto-2026\\\/#primaryimage\",\"url\":\"https:\\\/\\\/dhg1h5j42swfq.cloudfront.net\\\/2025\\\/05\\\/05161312\\\/concursos-2026.jpg\",\"contentUrl\":\"https:\\\/\\\/dhg1h5j42swfq.cloudfront.net\\\/2025\\\/05\\\/05161312\\\/concursos-2026.jpg\",\"width\":768,\"height\":432,\"caption\":\"Concursos P\u00fablicos\"},{\"@type\":\"BreadcrumbList\",\"@id\":\"https:\\\/\\\/www.estrategiaconcursos.com.br\\\/blog\\\/principais-editais-concursos-agosto-2026\\\/#breadcrumb\",\"itemListElement\":[{\"@type\":\"ListItem\",\"position\":1,\"name\":\"In\u00edcio\",\"item\":\"https:\\\/\\\/blog-estrategia.mystagingwebsite.com\\\/\"},{\"@type\":\"ListItem\",\"position\":2,\"name\":\"Concursos abertos: os principais editais publicados em agosto\"}]},{\"@type\":\"WebSite\",\"@id\":\"https:\\\/\\\/blog-estrategia.mystagingwebsite.com\\\/#website\",\"url\":\"https:\\\/\\\/blog-estrategia.mystagingwebsite.com\\\/\",\"name\":\"Estrat\u00e9gia Concursos\",\"description\":\"O blog da Estrat\u00e9gia Concursos traz not\u00edcias sobre concursos e artigos de professores oferecendo cursos para concursos (pdf + videaulas) no site.\",\"publisher\":{\"@id\":\"https:\\\/\\\/blog-estrategia.mystagingwebsite.com\\\/#organization\"},\"potentialAction\":[{\"@type\":\"SearchAction\",\"target\":{\"@type\":\"EntryPoint\",\"urlTemplate\":\"https:\\\/\\\/blog-estrategia.mystagingwebsite.com\\\/?s={search_term_string}\"},\"query-input\":{\"@type\":\"PropertyValueSpecification\",\"valueRequired\":true,\"valueName\":\"search_term_string\"}}],\"inLanguage\":\"pt-BR\"},{\"@type\":\"Organization\",\"@id\":\"https:\\\/\\\/blog-estrategia.mystagingwebsite.com\\\/#organization\",\"name\":\"Estrat\u00e9gia Concursos\",\"url\":\"https:\\\/\\\/blog-estrategia.mystagingwebsite.com\\\/\",\"logo\":{\"@type\":\"ImageObject\",\"inLanguage\":\"pt-BR\",\"@id\":\"https:\\\/\\\/blog-estrategia.mystagingwebsite.com\\\/#\\\/schema\\\/logo\\\/image\\\/\",\"url\":\"https:\\\/\\\/dhg1h5j42swfq.cloudfront.net\\\/2025\\\/06\\\/03203428\\\/logo_concursos-1.jpg\",\"contentUrl\":\"https:\\\/\\\/dhg1h5j42swfq.cloudfront.net\\\/2025\\\/06\\\/03203428\\\/logo_concursos-1.jpg\",\"width\":230,\"height\":60,\"caption\":\"Estrat\u00e9gia Concursos\"},\"image\":{\"@id\":\"https:\\\/\\\/blog-estrategia.mystagingwebsite.com\\\/#\\\/schema\\\/logo\\\/image\\\/\"},\"sameAs\":[\"https:\\\/\\\/x.com\\\/EstratConcursos\"]},{\"@type\":\"Person\",\"@id\":\"https:\\\/\\\/blog-estrategia.mystagingwebsite.com\\\/#\\\/schema\\\/person\\\/84ecdc6eb58d3cf1689bf76c5cd8fb38\",\"name\":\"Camila Leite\",\"image\":{\"@type\":\"ImageObject\",\"inLanguage\":\"pt-BR\",\"@id\":\"https:\\\/\\\/secure.gravatar.com\\\/avatar\\\/f2f8faef639c8a2bfb7fb909912a56917f4c3a0aed064500168e2fb8ea55cf61?s=96&d=mm&r=g\",\"url\":\"https:\\\/\\\/secure.gravatar.com\\\/avatar\\\/f2f8faef639c8a2bfb7fb909912a56917f4c3a0aed064500168e2fb8ea55cf61?s=96&d=mm&r=g\",\"contentUrl\":\"https:\\\/\\\/secure.gravatar.com\\\/avatar\\\/f2f8faef639c8a2bfb7fb909912a56917f4c3a0aed064500168e2fb8ea55cf61?s=96&d=mm&r=g\",\"caption\":\"Camila Leite\"},\"description\":\"Formada em Design Gr\u00e1fico e em Propaganda e Marketing pela UNIP, integra a equipe de jornalismo do Estrat\u00e9gia Concursos desde 2018. Ao longo dos anos, construiu uma s\u00f3lida experi\u00eancia na produ\u00e7\u00e3o de conte\u00fado informativo e relevante para concurseiros. Desde 2020, atua na cobertura das \u00e1reas Fiscal \u2014 com \u00eanfase nas Secretarias de Fazenda (Sefaz) das regi\u00f5es Sul e Sudeste \u2014, al\u00e9m da cobertura de concursos federais, como CNU, Petrobras, CGU, Receita Federal, ag\u00eancias reguladoras (Anvisa, ANAC, entre outras) e INSS. Mant\u00e9m contato direto com os principais \u00f3rg\u00e3os p\u00fablicos, acompanhando editais, atualiza\u00e7\u00f5es e movimenta\u00e7\u00f5es importantes para os candidatos.\",\"sameAs\":[\"https:\\\/\\\/www.linkedin.com\\\/in\\\/camila-pinheiro-leite-9ba135b6\\\/\"],\"url\":\"https:\\\/\\\/www.estrategiaconcursos.com.br\\\/blog\\\/author\\\/camila-leiteestrategiaconcursos-com-br\\\/\"}]}<\/script>\n<!-- \/ Yoast SEO Premium plugin. -->","yoast_head_json":{"title":"Concursos abertos: os principais editais publicados em agosto","description":"Confira aqui quais foram os principais editais de concurso p\u00fablico divulgados ao longo do m\u00eas de agosto de 2026!","robots":{"index":"index","follow":"follow","max-snippet":"max-snippet:-1","max-image-preview":"max-image-preview:large","max-video-preview":"max-video-preview:-1"},"canonical":"https:\/\/www.estrategiaconcursos.com.br\/blog\/principais-editais-concursos-agosto-2026\/","og_locale":"pt_BR","og_type":"article","og_title":"Concursos abertos: os principais editais publicados em agosto","og_description":"Confira aqui quais foram os principais editais de concurso p\u00fablico divulgados ao longo do m\u00eas de agosto de 2026!","og_url":"https:\/\/www.estrategiaconcursos.com.br\/blog\/principais-editais-concursos-agosto-2026\/","og_site_name":"Estrat\u00e9gia Concursos","article_published_time":"2026-08-31T20:38:51+00:00","article_modified_time":"2026-08-31T20:38:53+00:00","og_image":[{"width":768,"height":432,"url":"https:\/\/dhg1h5j42swfq.cloudfront.net\/2025\/05\/05161312\/concursos-2026.jpg","type":"image\/jpeg"}],"author":"Camila Leite","twitter_card":"summary_large_image","twitter_creator":"@EstratConcursos","twitter_site":"@EstratConcursos","twitter_misc":{"Escrito por":"Camila Leite","Est. tempo de leitura":"3 minutos"},"schema":{"@context":"https:\/\/schema.org","@graph":[{"@type":"NewsArticle","@id":"https:\/\/www.estrategiaconcursos.com.br\/blog\/principais-editais-concursos-agosto-2026\/#article","isPartOf":{"@id":"https:\/\/www.estrategiaconcursos.com.br\/blog\/principais-editais-concursos-agosto-2026\/"},"author":{"name":"Camila Leite","@id":"https:\/\/blog-estrategia.mystagingwebsite.com\/#\/schema\/person\/84ecdc6eb58d3cf1689bf76c5cd8fb38"},"headline":"Concursos abertos: os principais editais publicados em agosto","datePublished":"2026-08-31T20:38:51+00:00","dateModified":"2026-08-31T20:38:53+00:00","mainEntityOfPage":{"@id":"https:\/\/www.estrategiaconcursos.com.br\/blog\/principais-editais-concursos-agosto-2026\/"},"wordCount":632,"commentCount":0,"publisher":{"@id":"https:\/\/blog-estrategia.mystagingwebsite.com\/#organization"},"image":{"@id":"https:\/\/www.estrategiaconcursos.com.br\/blog\/principais-editais-concursos-agosto-2026\/#primaryimage"},"thumbnailUrl":"https:\/\/dhg1h5j42swfq.cloudfront.net\/2025\/05\/05161312\/concursos-2026.jpg","articleSection":["Concursos P\u00fablicos","\u00daltimas not\u00edcias"],"inLanguage":"pt-BR","potentialAction":[{"@type":"CommentAction","name":"Comment","target":["https:\/\/www.estrategiaconcursos.com.br\/blog\/principais-editais-concursos-agosto-2026\/#respond"]}],"copyrightYear":"2026","copyrightHolder":{"@id":"https:\/\/www.estrategiaconcursos.com.br\/blog\/#organization"}},{"@type":"WebPage","@id":"https:\/\/www.estrategiaconcursos.com.br\/blog\/principais-editais-concursos-agosto-2026\/","url":"https:\/\/www.estrategiaconcursos.com.br\/blog\/principais-editais-concursos-agosto-2026\/","name":"Concursos abertos: os principais editais publicados em agosto","isPartOf":{"@id":"https:\/\/blog-estrategia.mystagingwebsite.com\/#website"},"primaryImageOfPage":{"@id":"https:\/\/www.estrategiaconcursos.com.br\/blog\/principais-editais-concursos-agosto-2026\/#primaryimage"},"image":{"@id":"https:\/\/www.estrategiaconcursos.com.br\/blog\/principais-editais-concursos-agosto-2026\/#primaryimage"},"thumbnailUrl":"https:\/\/dhg1h5j42swfq.cloudfront.net\/2025\/05\/05161312\/concursos-2026.jpg","datePublished":"2026-08-31T20:38:51+00:00","dateModified":"2026-08-31T20:38:53+00:00","description":"Confira aqui quais foram os principais editais de concurso p\u00fablico divulgados ao longo do m\u00eas de agosto de 2026!","breadcrumb":{"@id":"https:\/\/www.estrategiaconcursos.com.br\/blog\/principais-editais-concursos-agosto-2026\/#breadcrumb"},"inLanguage":"pt-BR","potentialAction":[{"@type":"ReadAction","target":["https:\/\/www.estrategiaconcursos.com.br\/blog\/principais-editais-concursos-agosto-2026\/"]}]},{"@type":"ImageObject","inLanguage":"pt-BR","@id":"https:\/\/www.estrategiaconcursos.com.br\/blog\/principais-editais-concursos-agosto-2026\/#primaryimage","url":"https:\/\/dhg1h5j42swfq.cloudfront.net\/2025\/05\/05161312\/concursos-2026.jpg","contentUrl":"https:\/\/dhg1h5j42swfq.cloudfront.net\/2025\/05\/05161312\/concursos-2026.jpg","width":768,"height":432,"caption":"Concursos P\u00fablicos"},{"@type":"BreadcrumbList","@id":"https:\/\/www.estrategiaconcursos.com.br\/blog\/principais-editais-concursos-agosto-2026\/#breadcrumb","itemListElement":[{"@type":"ListItem","position":1,"name":"In\u00edcio","item":"https:\/\/blog-estrategia.mystagingwebsite.com\/"},{"@type":"ListItem","position":2,"name":"Concursos abertos: os principais editais publicados em agosto"}]},{"@type":"WebSite","@id":"https:\/\/blog-estrategia.mystagingwebsite.com\/#website","url":"https:\/\/blog-estrategia.mystagingwebsite.com\/","name":"Estrat\u00e9gia Concursos","description":"O blog da Estrat\u00e9gia Concursos traz not\u00edcias sobre concursos e artigos de professores oferecendo cursos para concursos (pdf + videaulas) no site.","publisher":{"@id":"https:\/\/blog-estrategia.mystagingwebsite.com\/#organization"},"potentialAction":[{"@type":"SearchAction","target":{"@type":"EntryPoint","urlTemplate":"https:\/\/blog-estrategia.mystagingwebsite.com\/?s={search_term_string}"},"query-input":{"@type":"PropertyValueSpecification","valueRequired":true,"valueName":"search_term_string"}}],"inLanguage":"pt-BR"},{"@type":"Organization","@id":"https:\/\/blog-estrategia.mystagingwebsite.com\/#organization","name":"Estrat\u00e9gia Concursos","url":"https:\/\/blog-estrategia.mystagingwebsite.com\/","logo":{"@type":"ImageObject","inLanguage":"pt-BR","@id":"https:\/\/blog-estrategia.mystagingwebsite.com\/#\/schema\/logo\/image\/","url":"https:\/\/dhg1h5j42swfq.cloudfront.net\/2025\/06\/03203428\/logo_concursos-1.jpg","contentUrl":"https:\/\/dhg1h5j42swfq.cloudfront.net\/2025\/06\/03203428\/logo_concursos-1.jpg","width":230,"height":60,"caption":"Estrat\u00e9gia Concursos"},"image":{"@id":"https:\/\/blog-estrategia.mystagingwebsite.com\/#\/schema\/logo\/image\/"},"sameAs":["https:\/\/x.com\/EstratConcursos"]},{"@type":"Person","@id":"https:\/\/blog-estrategia.mystagingwebsite.com\/#\/schema\/person\/84ecdc6eb58d3cf1689bf76c5cd8fb38","name":"Camila Leite","image":{"@type":"ImageObject","inLanguage":"pt-BR","@id":"https:\/\/secure.gravatar.com\/avatar\/f2f8faef639c8a2bfb7fb909912a56917f4c3a0aed064500168e2fb8ea55cf61?s=96&d=mm&r=g","url":"https:\/\/secure.gravatar.com\/avatar\/f2f8faef639c8a2bfb7fb909912a56917f4c3a0aed064500168e2fb8ea55cf61?s=96&d=mm&r=g","contentUrl":"https:\/\/secure.gravatar.com\/avatar\/f2f8faef639c8a2bfb7fb909912a56917f4c3a0aed064500168e2fb8ea55cf61?s=96&d=mm&r=g","caption":"Camila Leite"},"description":"Formada em Design Gr\u00e1fico e em Propaganda e Marketing pela UNIP, integra a equipe de jornalismo do Estrat\u00e9gia Concursos desde 2018. Ao longo dos anos, construiu uma s\u00f3lida experi\u00eancia na produ\u00e7\u00e3o de conte\u00fado informativo e relevante para concurseiros. Desde 2020, atua na cobertura das \u00e1reas Fiscal \u2014 com \u00eanfase nas Secretarias de Fazenda (Sefaz) das regi\u00f5es Sul e Sudeste \u2014, al\u00e9m da cobertura de concursos federais, como CNU, Petrobras, CGU, Receita Federal, ag\u00eancias reguladoras (Anvisa, ANAC, entre outras) e INSS. Mant\u00e9m contato direto com os principais \u00f3rg\u00e3os p\u00fablicos, acompanhando editais, atualiza\u00e7\u00f5es e movimenta\u00e7\u00f5es importantes para os candidatos.","sameAs":["https:\/\/www.linkedin.com\/in\/camila-pinheiro-leite-9ba135b6\/"],"url":"https:\/\/www.estrategiaconcursos.com.br\/blog\/author\/camila-leiteestrategiaconcursos-com-br\/"}]}},"_links":{"self":[{"href":"https:\/\/www.estrategiaconcursos.com.br\/blog\/wp-json\/wp\/v2\/posts\/1804815","targetHints":{"allow":["GET"]}}],"collection":[{"href":"https:\/\/www.estrategiaconcursos.com.br\/blog\/wp-json\/wp\/v2\/posts"}],"about":[{"href":"https:\/\/www.estrategiaconcursos.com.br\/blog\/wp-json\/wp\/v2\/types\/post"}],"author":[{"embeddable":true,"href":"https:\/\/www.estrategiaconcursos.com.br\/blog\/wp-json\/wp\/v2\/users\/659"}],"replies":[{"embeddable":true,"href":"https:\/\/www.estrategiaconcursos.com.br\/blog\/wp-json\/wp\/v2\/comments?post=1804815"}],"version-history":[{"count":3,"href":"https:\/\/www.estrategiaconcursos.com.br\/blog\/wp-json\/wp\/v2\/posts\/1804815\/revisions"}],"predecessor-version":[{"id":1804840,"href":"https:\/\/www.estrategiaconcursos.com.br\/blog\/wp-json\/wp\/v2\/posts\/1804815\/revisions\/1804840"}],"wp:featuredmedia":[{"embeddable":true,"href":"https:\/\/www.estrategiaconcursos.com.br\/blog\/wp-json\/wp\/v2\/media\/1571644"}],"wp:attachment":[{"href":"https:\/\/www.estrategiaconcursos.com.br\/blog\/wp-json\/wp\/v2\/media?parent=1804815"}],"wp:term":[{"taxonomy":"category","embeddable":true,"href":"https:\/\/www.estrategiaconcursos.com.br\/blog\/wp-json\/wp\/v2\/categories?post=1804815"},{"taxonomy":"post_tag","embeddable":true,"href":"https:\/\/www.estrategiaconcursos.com.br\/blog\/wp-json\/wp\/v2\/tags?post=1804815"},{"taxonomy":"tax_estado","embeddable":true,"href":"https:\/\/www.estrategiaconcursos.com.br\/blog\/wp-json\/wp\/v2\/tax_estado?post=1804815"}],"curies":[{"name":"wp","href":"https:\/\/api.w.org\/{rel}","templated":true}]}}